{"id":162171,"date":"2020-12-24T20:02:16","date_gmt":"2020-12-24T20:02:16","guid":{"rendered":"https:\/\/oceancamper.com\/paddleboarding-algarve\/"},"modified":"2026-09-01T16:50:15","modified_gmt":"2026-09-01T16:50:15","slug":"paddleboarding-algarve-de-basta-sup-platserna-grottor-sjoar","status":"publish","type":"post","link":"https:\/\/oceancamper.com\/sv\/paddleboarding-algarve-de-basta-sup-platserna-grottor-sjoar\/","title":{"rendered":"Paddleboarding i Algarve: De b\u00e4sta SUP-platserna"},"content":{"rendered":"\t\t<div data-elementor-type=\"wp-post\" data-elementor-id=\"162171\" class=\"elementor elementor-162171 elementor-382\" data-elementor-post-type=\"post\">\n\t\t\t\t\t\t<section class=\"elementor-section elementor-top-section elementor-element elementor-element-c63f89c elementor-section-height-min-height elementor-section-stretched elementor-section-content-middle elementor-section-boxed elementor-section-height-default elementor-section-items-middle\" data-id=\"c63f89c\" data-element_type=\"section\" data-e-type=\"section\" data-settings=\"{&quot;stretch_section&quot;:&quot;section-stretched&quot;,&quot;background_background&quot;:&quot;classic&quot;}\">\n\t\t\t\t\t\t\t<div class=\"elementor-background-overlay\"><\/div>\n\t\t\t\t\t\t\t<div class=\"elementor-container elementor-column-gap-default\">\n\t\t\t\t\t<div class=\"elementor-column elementor-col-100 elementor-top-column elementor-element elementor-element-63730d8\" data-id=\"63730d8\" data-element_type=\"column\" data-e-type=\"column\">\n\t\t\t<div class=\"elementor-widget-wrap elementor-element-populated\">\n\t\t\t\t\t\t<div class=\"elementor-element elementor-element-8828005 elementor-widget elementor-widget-theme-post-title elementor-page-title elementor-widget-heading\" data-id=\"8828005\" data-element_type=\"widget\" data-e-type=\"widget\" data-widget_type=\"theme-post-title.default\">\n\t\t\t\t<div class=\"elementor-widget-container\">\n\t\t\t\t\t<h1 class=\"elementor-heading-title elementor-size-default\">Paddleboarding i Algarve: De b\u00e4sta SUP-platserna<\/h1>\t\t\t\t<\/div>\n\t\t\t\t<\/div>\n\t\t\t\t<section class=\"elementor-section elementor-inner-section elementor-element elementor-element-4996ed4 elementor-section-boxed elementor-section-height-default elementor-section-height-default\" data-id=\"4996ed4\" data-element_type=\"section\" data-e-type=\"section\">\n\t\t\t\t\t\t<div class=\"elementor-container elementor-column-gap-default\">\n\t\t\t\t\t<div class=\"elementor-column elementor-col-33 elementor-inner-column elementor-element elementor-element-6a10a75\" data-id=\"6a10a75\" data-element_type=\"column\" data-e-type=\"column\">\n\t\t\t<div class=\"elementor-widget-wrap\">\n\t\t\t\t\t\t\t<\/div>\n\t\t<\/div>\n\t\t\t\t<div class=\"elementor-column elementor-col-33 elementor-inner-column elementor-element elementor-element-17d7426\" data-id=\"17d7426\" data-element_type=\"column\" data-e-type=\"column\">\n\t\t\t<div class=\"elementor-widget-wrap elementor-element-populated\">\n\t\t\t\t\t\t<div class=\"elementor-element elementor-element-180536c elementor-author-box--align-center elementor-author-box--layout-image-above elementor-widget elementor-widget-author-box\" data-id=\"180536c\" data-element_type=\"widget\" data-e-type=\"widget\" data-widget_type=\"author-box.default\">\n\t\t\t\t<div class=\"elementor-widget-container\">\n\t\t\t\t\t\t\t<div class=\"elementor-author-box\">\n\t\t\t\t\t\t\t<div  class=\"elementor-author-box__avatar\">\n\t\t\t\t\t<img decoding=\"async\" src=\"https:\/\/oceancamper.com\/wp-content\/uploads\/2022\/02\/Nina-min-1-300x300.jpg\" alt=\"Bild av Nina\" loading=\"lazy\">\n\t\t\t\t<\/div>\n\t\t\t\n\t\t\t<div class=\"elementor-author-box__text\">\n\t\t\t\t\t\t\t\t\t<div >\n\t\t\t\t\t\t<h4 class=\"elementor-author-box__name\">\n\t\t\t\t\t\t\tNina\t\t\t\t\t\t<\/h4>\n\t\t\t\t\t<\/div>\n\t\t\t\t\n\t\t\t\t\t\t\t\t\t<div class=\"elementor-author-box__bio\">\n\t\t\t\t\t\t<p>Ocean Camper VD<\/p>\n\t\t\t\t\t<\/div>\n\t\t\t\t\n\t\t\t\t\t\t\t<\/div>\n\t\t<\/div>\n\t\t\t\t\t\t<\/div>\n\t\t\t\t<\/div>\n\t\t\t\t\t<\/div>\n\t\t<\/div>\n\t\t\t\t<div class=\"elementor-column elementor-col-33 elementor-inner-column elementor-element elementor-element-1e52722\" data-id=\"1e52722\" data-element_type=\"column\" data-e-type=\"column\">\n\t\t\t<div class=\"elementor-widget-wrap\">\n\t\t\t\t\t\t\t<\/div>\n\t\t<\/div>\n\t\t\t\t\t<\/div>\n\t\t<\/section>\n\t\t\t\t\t<\/div>\n\t\t<\/div>\n\t\t\t\t\t<\/div>\n\t\t<\/section>\n\t\t\t\t<section class=\"elementor-section elementor-top-section elementor-element elementor-element-ae5977a elementor-section-stretched elementor-section-boxed elementor-section-height-default elementor-section-height-default\" data-id=\"ae5977a\" data-element_type=\"section\" data-e-type=\"section\" data-settings=\"{&quot;stretch_section&quot;:&quot;section-stretched&quot;,&quot;background_background&quot;:&quot;classic&quot;}\">\n\t\t\t\t\t\t<div class=\"elementor-container elementor-column-gap-default\">\n\t\t\t\t\t<div class=\"elementor-column elementor-col-100 elementor-top-column elementor-element elementor-element-1823f57 elementor-invisible\" data-id=\"1823f57\" data-element_type=\"column\" data-e-type=\"column\" data-settings=\"{&quot;background_background&quot;:&quot;classic&quot;,&quot;animation&quot;:&quot;fadeIn&quot;}\">\n\t\t\t<div class=\"elementor-widget-wrap elementor-element-populated\">\n\t\t\t\t\t<div class=\"elementor-background-overlay\"><\/div>\n\t\t\t\t\t\t<div class=\"elementor-element elementor-element-4a76b7f elementor-widget elementor-widget-heading\" data-id=\"4a76b7f\" data-element_type=\"widget\" data-e-type=\"widget\" data-widget_type=\"heading.default\">\n\t\t\t\t<div class=\"elementor-widget-container\">\n\t\t\t\t\t<h2 class=\"elementor-heading-title elementor-size-default\">Index<\/h2>\t\t\t\t<\/div>\n\t\t\t\t<\/div>\n\t\t\t\t<div class=\"elementor-element elementor-element-9e6ae19 elementor-widget elementor-widget-text-editor\" data-id=\"9e6ae19\" data-element_type=\"widget\" data-e-type=\"widget\" data-widget_type=\"text-editor.default\">\n\t\t\t\t<div class=\"elementor-widget-container\">\n\t\t\t\t\t\t\t\t\t<p> <\/p><ol><li><a href=\"#faro\"><span style=\"color: #696969;\">Praia de Faro<\/span><\/a><\/li><li><span style=\"color: #696969;\"><a style=\"color: #696969;\" href=\"#arrifes\">Praia dos Arrifes<\/a><\/span><\/li><li><span style=\"color: #696969;\"><a style=\"color: #696969;\" href=\"#Albandeira\">Praia da Albandeira<\/a><\/span><\/li><li><span style=\"color: #696969;\"><a style=\"color: #696969;\" href=\"#benagil\">Benagil-grottan<\/a><\/span><\/li><li><span style=\"color: #696969;\"><a style=\"color: #696969;\" href=\"#alvor\">Alvor<\/a><\/span><\/li><li><span style=\"color: #696969;\"><a style=\"color: #696969;\" href=\"#piedade\">Ponta da Piedade<\/a><\/span><\/li><li><span style=\"color: #696969;\"><a style=\"color: #696969;\" href=\"#milfontes\">Vila Nova de Milfontes<\/a><\/span><\/li><li><span style=\"color: #696969;\"><a style=\"color: #696969;\" href=\"#arade\">Sj\u00f6n Barragem do Arade<\/a><\/span><\/li><li><span style=\"color: #696969;\"><a style=\"color: #696969;\" href=\"#funcho\">Sj\u00f6n Barragem do Funcho<\/a><\/span><\/li><li><span style=\"color: #696969;\"><a style=\"color: #696969;\" href=\"#clara\">Sj\u00f6n Barragem de Santa Clara<\/a><\/span><\/li><li><span style=\"color: #696969;\"><a style=\"color: #696969;\" href=\"#tips\">Tips om s\u00e4kerhet<\/a><\/span><\/li><\/ol>\t\t\t\t\t\t\t\t<\/div>\n\t\t\t\t<\/div>\n\t\t\t\t\t<\/div>\n\t\t<\/div>\n\t\t\t\t\t<\/div>\n\t\t<\/section>\n\t\t\t\t<section class=\"elementor-section elementor-top-section elementor-element elementor-element-3fd613c0 elementor-section-stretched elementor-section-boxed elementor-section-height-default elementor-section-height-default\" data-id=\"3fd613c0\" data-element_type=\"section\" data-e-type=\"section\" data-settings=\"{&quot;stretch_section&quot;:&quot;section-stretched&quot;,&quot;background_background&quot;:&quot;classic&quot;}\">\n\t\t\t\t\t\t<div class=\"elementor-container elementor-column-gap-default\">\n\t\t\t\t\t<div class=\"elementor-column elementor-col-100 elementor-top-column elementor-element elementor-element-4b2a4caf\" data-id=\"4b2a4caf\" data-element_type=\"column\" data-e-type=\"column\">\n\t\t\t<div class=\"elementor-widget-wrap elementor-element-populated\">\n\t\t\t\t\t\t<div class=\"elementor-element elementor-element-0a4718c elementor-widget elementor-widget-menu-anchor\" data-id=\"0a4718c\" data-element_type=\"widget\" data-e-type=\"widget\" data-widget_type=\"menu-anchor.default\">\n\t\t\t\t<div class=\"elementor-widget-container\">\n\t\t\t\t\t\t\t<div class=\"elementor-menu-anchor\" id=\"Paddleboarding-Algarve\"><\/div>\n\t\t\t\t\t\t<\/div>\n\t\t\t\t<\/div>\n\t\t\t\t<div class=\"elementor-element elementor-element-18cec5b3 elementor-widget elementor-widget-heading\" data-id=\"18cec5b3\" data-element_type=\"widget\" data-e-type=\"widget\" data-widget_type=\"heading.default\">\n\t\t\t\t<div class=\"elementor-widget-container\">\n\t\t\t\t\t<h2 class=\"elementor-heading-title elementor-size-default\">Paddleboarding Algarve - B\u00e4sta SUP-platser, grottor och sj\u00f6ar<\/h2>\t\t\t\t<\/div>\n\t\t\t\t<\/div>\n\t\t\t\t<div class=\"elementor-element elementor-element-6e12e8f2 elementor-widget elementor-widget-text-editor\" data-id=\"6e12e8f2\" data-element_type=\"widget\" data-e-type=\"widget\" data-widget_type=\"text-editor.default\">\n\t\t\t\t<div class=\"elementor-widget-container\">\n\t\t\t\t\t\t\t\t\t<p data-start=\"1675\" data-end=\"1963\"><strong data-start=\"1675\" data-end=\"1701\">Paddleboarding Algarve<\/strong> betyder turkost vatten, havsgrottor, gyllene klippor och lugna soluppg\u00e5ngssessioner. Vi hyr ut <strong data-start=\"1785\" data-end=\"1810\">uppbl\u00e5sbara SUP-br\u00e4dor<\/strong> som enkelt ryms i din husbil eller bil &#8211; snabba att bl\u00e5sa upp, stabila och <strong data-start=\"1883\" data-end=\"1908\">OK f\u00f6r upp till 2 personer.<\/strong> Be oss om en offert och skr\u00e4ddarsydda rutter f\u00f6r dina datum.  <\/p><h3 data-start=\"1965\" data-end=\"1990\"> <\/h3>\t\t\t\t\t\t\t\t<\/div>\n\t\t\t\t<\/div>\n\t\t\t\t<div class=\"elementor-element elementor-element-873befd elementor-widget elementor-widget-heading\" data-id=\"873befd\" data-element_type=\"widget\" data-e-type=\"widget\" data-widget_type=\"heading.default\">\n\t\t\t\t<div class=\"elementor-widget-container\">\n\t\t\t\t\t<h2 class=\"elementor-heading-title elementor-size-default\">Snabbplanerare<\/h2>\t\t\t\t<\/div>\n\t\t\t\t<\/div>\n\t\t\t\t<div class=\"elementor-element elementor-element-b0f8369 elementor-widget elementor-widget-text-editor\" data-id=\"b0f8369\" data-element_type=\"widget\" data-e-type=\"widget\" data-widget_type=\"text-editor.default\">\n\t\t\t\t<div class=\"elementor-widget-container\">\n\t\t\t\t\t\t\t\t\t<ul><li data-start=\"2498\" data-end=\"2590\"><strong data-start=\"2498\" data-end=\"2514\">B\u00e4sta m\u00e5naderna:<\/strong> Apr-okt (morgnarna \u00e4r glasklara). Vintern har ocks\u00e5 fantastiska lugna dagar &#8211; se upp med vinden. <\/li><li data-start=\"2593\" data-end=\"2758\"><strong data-start=\"2593\" data-end=\"2607\">Vindregel:<\/strong> \u2264 12-14 kn f\u00f6r nyb\u00f6rjare; tidigt p\u00e5 morgonen \u00e4r det vanligtvis lugnare. Kontrollera <a class=\"decorated-link\" href=\"https:\/\/www.windy.com\/\" target=\"_new\" rel=\"noopener\" data-start=\"2673\" data-end=\"2704\">Windy<\/a> och <a class=\"decorated-link\" href=\"https:\/\/www.ipma.pt\/en\/maritima\/\" target=\"_new\" rel=\"noopener\" data-start=\"2709\" data-end=\"2755\">IPMA Tides<\/a>. <\/li><li data-start=\"2761\" data-end=\"2889\"><strong data-start=\"2761\" data-end=\"2771\">Tidvatten:<\/strong> Grottor\/valv (Benagil, Albandeira) \u00e4r s\u00e4krare vid <strong data-start=\"2817\" data-end=\"2840\">medelvatten och lugnt hav.<\/strong> <strong data-start=\"2842\" data-end=\"2857\">Ria Formosa<\/strong> fungerar b\u00e4st <strong data-start=\"2869\" data-end=\"2886\">vid mellan- och h\u00f6gvatten<\/strong>.<\/li><li data-start=\"2892\" data-end=\"2952\"><strong data-start=\"2892\" data-end=\"2907\">Vattentemperatur:<\/strong> ~16-20 \u00b0C v\u00e5r\/h\u00f6st; ~20-23 \u00b0C sommar.<\/li><li data-start=\"2955\" data-end=\"3024\"><strong data-start=\"2955\" data-end=\"2967\">V\u00e5tdr\u00e4kt:<\/strong> 3\/2 p\u00e5 v\u00e5ren\/h\u00f6sten; shorty eller baddr\u00e4kt p\u00e5 midsommar.<\/li><li data-start=\"3027\" data-end=\"3149\"><strong data-start=\"3027\" data-end=\"3038\">S\u00e4kerhet:<\/strong> Undvik flodmynningar vid ebb; g\u00e5 aldrig in i grottor med svallv\u00e5gor eller b\u00e5ttrafik; b\u00e4r koppel + flytv\u00e4st.<\/li><\/ul>\t\t\t\t\t\t\t\t<\/div>\n\t\t\t\t<\/div>\n\t\t\t\t\t<\/div>\n\t\t<\/div>\n\t\t\t\t\t<\/div>\n\t\t<\/section>\n\t\t\t\t<section class=\"elementor-section elementor-top-section elementor-element elementor-element-4ee0c0ba elementor-section-stretched elementor-section-boxed elementor-section-height-default elementor-section-height-default\" data-id=\"4ee0c0ba\" data-element_type=\"section\" data-e-type=\"section\" data-settings=\"{&quot;stretch_section&quot;:&quot;section-stretched&quot;,&quot;background_background&quot;:&quot;classic&quot;}\">\n\t\t\t\t\t\t<div class=\"elementor-container elementor-column-gap-default\">\n\t\t\t\t\t<div class=\"elementor-column elementor-col-100 elementor-top-column elementor-element elementor-element-6f8a7118\" data-id=\"6f8a7118\" data-element_type=\"column\" data-e-type=\"column\">\n\t\t\t<div class=\"elementor-widget-wrap elementor-element-populated\">\n\t\t\t\t\t\t<div class=\"elementor-element elementor-element-798fcd36 elementor-widget elementor-widget-image\" data-id=\"798fcd36\" data-element_type=\"widget\" data-e-type=\"widget\" data-widget_type=\"image.default\">\n\t\t\t\t<div class=\"elementor-widget-container\">\n\t\t\t\t\t\t\t\t\t\t\t\t\t\t\t<img fetchpriority=\"high\" decoding=\"async\" width=\"800\" height=\"534\" src=\"https:\/\/oceancamper.com\/wp-content\/uploads\/2025\/06\/AdobeStock_622037714-min-1024x683.jpeg\" class=\"attachment-large size-large wp-image-183398\" alt=\"M\u00e4nniskor p\u00e5 paddleboard i en havsgrotta i Portugal med turkost vatten och solljus som skiner genom grottans ing\u00e5ng.\" srcset=\"https:\/\/oceancamper.com\/wp-content\/uploads\/2025\/06\/AdobeStock_622037714-min-1024x683.jpeg 1024w, https:\/\/oceancamper.com\/wp-content\/uploads\/2025\/06\/AdobeStock_622037714-min-300x200.jpeg 300w, https:\/\/oceancamper.com\/wp-content\/uploads\/2025\/06\/AdobeStock_622037714-min-768x512.jpeg 768w, https:\/\/oceancamper.com\/wp-content\/uploads\/2025\/06\/AdobeStock_622037714-min-1536x1024.jpeg 1536w, https:\/\/oceancamper.com\/wp-content\/uploads\/2025\/06\/AdobeStock_622037714-min-2048x1365.jpeg 2048w, https:\/\/oceancamper.com\/wp-content\/uploads\/2025\/06\/AdobeStock_622037714-min-240x160.jpeg 240w\" sizes=\"(max-width: 800px) 100vw, 800px\" \/>\t\t\t\t\t\t\t\t\t\t\t\t\t\t\t<\/div>\n\t\t\t\t<\/div>\n\t\t\t\t<div class=\"elementor-element elementor-element-591e064 elementor-widget elementor-widget-text-editor\" data-id=\"591e064\" data-element_type=\"widget\" data-e-type=\"widget\" data-widget_type=\"text-editor.default\">\n\t\t\t\t<div class=\"elementor-widget-container\">\n\t\t\t\t\t\t\t\t\t<p data-start=\"1551\" data-end=\"1629\">Benagil Cave, juli 2012&#8243; av Beeston, licensierad under CC BY 3.0.<\/p>\t\t\t\t\t\t\t\t<\/div>\n\t\t\t\t<\/div>\n\t\t\t\t<div class=\"elementor-element elementor-element-2f3d103 elementor-widget elementor-widget-heading\" data-id=\"2f3d103\" data-element_type=\"widget\" data-e-type=\"widget\" data-widget_type=\"heading.default\">\n\t\t\t\t<div class=\"elementor-widget-container\">\n\t\t\t\t\t<h2 class=\"elementor-heading-title elementor-size-default\">Hyr en SUP med Ocean Camper<\/h2>\t\t\t\t<\/div>\n\t\t\t\t<\/div>\n\t\t\t\t<div class=\"elementor-element elementor-element-67583dd elementor-widget elementor-widget-text-editor\" data-id=\"67583dd\" data-element_type=\"widget\" data-e-type=\"widget\" data-widget_type=\"text-editor.default\">\n\t\t\t\t<div class=\"elementor-widget-container\">\n\t\t\t\t\t\t\t\t\t<ul><li data-start=\"3191\" data-end=\"3266\"><strong data-start=\"3191\" data-end=\"3212\">Uppbl\u00e5sbara br\u00e4dor<\/strong> (passar i alla bilar\/husvagnar), stabila f\u00f6r <strong data-start=\"3249\" data-end=\"3264\">1-2 personer<\/strong><\/li><li data-start=\"3269\" data-end=\"3334\">Inkluderar paddel, pump, koppel, PFD-alternativ, takremmar vid behov<\/li><li data-start=\"3337\" data-end=\"3400\">Upph\u00e4mtning i Faro; perfekt till\u00e4gg till din <strong data-start=\"3377\" data-end=\"3390\">husbilsresa<\/strong> <\/li><\/ul>\t\t\t\t\t\t\t\t<\/div>\n\t\t\t\t<\/div>\n\t\t\t\t\t<\/div>\n\t\t<\/div>\n\t\t\t\t\t<\/div>\n\t\t<\/section>\n\t\t\t\t<section class=\"elementor-section elementor-top-section elementor-element elementor-element-19bae0f4 elementor-section-stretched elementor-section-boxed elementor-section-height-default elementor-section-height-default\" data-id=\"19bae0f4\" data-element_type=\"section\" data-e-type=\"section\" id=\"faro\" data-settings=\"{&quot;stretch_section&quot;:&quot;section-stretched&quot;,&quot;background_background&quot;:&quot;classic&quot;}\">\n\t\t\t\t\t\t<div class=\"elementor-container elementor-column-gap-default\">\n\t\t\t\t\t<div class=\"elementor-column elementor-col-100 elementor-top-column elementor-element elementor-element-a353874\" data-id=\"a353874\" data-element_type=\"column\" data-e-type=\"column\">\n\t\t\t<div class=\"elementor-widget-wrap elementor-element-populated\">\n\t\t\t\t\t\t<div class=\"elementor-element elementor-element-d836726 elementor-widget elementor-widget-heading\" data-id=\"d836726\" data-element_type=\"widget\" data-e-type=\"widget\" data-widget_type=\"heading.default\">\n\t\t\t\t<div class=\"elementor-widget-container\">\n\t\t\t\t\t<h2 class=\"elementor-heading-title elementor-size-default\">S\u00e5 h\u00e4r anv\u00e4nder du den h\u00e4r guiden<\/h2>\t\t\t\t<\/div>\n\t\t\t\t<\/div>\n\t\t\t\t<div class=\"elementor-element elementor-element-a2da57a elementor-widget elementor-widget-text-editor\" data-id=\"a2da57a\" data-element_type=\"widget\" data-e-type=\"widget\" data-widget_type=\"text-editor.default\">\n\t\t\t\t<div class=\"elementor-widget-container\">\n\t\t\t\t\t\t\t\t\t<p data-start=\"1991\" data-end=\"2077\">Varje spot nedan inneh\u00e5ller: <strong data-start=\"2017\" data-end=\"2076\">Level &#8211; Highlights &#8211; Launch &#8211; Tide\/Wind &#8211; Parking\/Notes<\/strong>.<\/p>\t\t\t\t\t\t\t\t<\/div>\n\t\t\t\t<\/div>\n\t\t\t\t<div class=\"elementor-element elementor-element-1bb9209 elementor-widget elementor-widget-text-editor\" data-id=\"1bb9209\" data-element_type=\"widget\" data-e-type=\"widget\" data-widget_type=\"text-editor.default\">\n\t\t\t\t<div class=\"elementor-widget-container\">\n\t\t\t\t\t\t\t\t\t<table><thead><tr><th>S\u00e4song<\/th><th>Sj\u00f6tillst\u00e5nd &#038; folkmassor<\/th><th>B\u00e4sta tiden p\u00e5 dygnet<\/th><th>Anm\u00e4rkning om v\u00e5tdr\u00e4kt<\/th><\/tr><\/thead><tbody><tr><td>Apr-jun<\/td><td>Generellt lugna morgnar, m\u00e5ttliga folkm\u00e4ngder<\/td><td>Soluppg\u00e5ng &#8211; sen f\u00f6rmiddag<\/td><td>3\/2 eller shorty p\u00e5 varmare dagar<\/td><\/tr><tr><td>Jul-Sep<\/td><td>Lugnt tidigt, brisiga eftermiddagar (NW)<\/td><td>B\u00e4st vid<strong>soluppg\u00e5ng<\/strong> <\/td><td>Shorty eller rashguard<\/td><\/tr><tr><td>Oktober-november<\/td><td>F\u00e4rre m\u00e4nniskor, varierande vind<\/td><td>F\u00f6nster p\u00e5 morgonen<\/td><td>3\/2 full kostym<\/td><\/tr><tr><td>dec-mar<\/td><td>Svalare vatten, lugnt<\/td><td>Endast dagar med l\u00e4tt vind<\/td><td>4\/3 om du stannar l\u00e4nge<\/td><\/tr><\/tbody><\/table>\t\t\t\t\t\t\t\t<\/div>\n\t\t\t\t<\/div>\n\t\t\t\t<div class=\"elementor-element elementor-element-4403bae elementor-widget elementor-widget-text-editor\" data-id=\"4403bae\" data-element_type=\"widget\" data-e-type=\"widget\" data-widget_type=\"text-editor.default\">\n\t\t\t\t<div class=\"elementor-widget-container\">\n\t\t\t\t\t\t\t\t\t<p data-start=\"2570\" data-end=\"2703\"><strong data-start=\"2570\" data-end=\"2593\">Tumregel<\/strong> f\u00f6r tidvatten: de flesta laguner\/flodmynningar = <strong data-start=\"2619\" data-end=\"2639\">medel- till h\u00f6gvatten<\/strong>. Grottor\/klippor = <strong data-start=\"2656\" data-end=\"2682\">tidiga, glasklara morgnar<\/strong> med <strong data-start=\"2688\" data-end=\"2702\">svag vind<\/strong>. <\/p>\t\t\t\t\t\t\t\t<\/div>\n\t\t\t\t<\/div>\n\t\t\t\t<div class=\"elementor-element elementor-element-6bc5855 elementor-widget elementor-widget-menu-anchor\" data-id=\"6bc5855\" data-element_type=\"widget\" data-e-type=\"widget\" data-widget_type=\"menu-anchor.default\">\n\t\t\t\t<div class=\"elementor-widget-container\">\n\t\t\t\t\t\t\t<div class=\"elementor-menu-anchor\" id=\"Faro\"><\/div>\n\t\t\t\t\t\t<\/div>\n\t\t\t\t<\/div>\n\t\t\t\t<div class=\"elementor-element elementor-element-1081da3e elementor-widget elementor-widget-heading\" data-id=\"1081da3e\" data-element_type=\"widget\" data-e-type=\"widget\" data-widget_type=\"heading.default\">\n\t\t\t\t<div class=\"elementor-widget-container\">\n\t\t\t\t\t<h2 class=\"elementor-heading-title elementor-size-default\">\ud83c\udfd6\ufe0f 1. Praia de Faro - Ria Formosa flodmynning <\/h2>\t\t\t\t<\/div>\n\t\t\t\t<\/div>\n\t\t\t\t<div class=\"elementor-element elementor-element-42b738fb elementor-widget elementor-widget-text-editor\" data-id=\"42b738fb\" data-element_type=\"widget\" data-e-type=\"widget\" data-widget_type=\"text-editor.default\">\n\t\t\t\t<div class=\"elementor-widget-container\">\n\t\t\t\t\t\t\t\t\t<p><strong data-start=\"1888\" data-end=\"1898\">Niv\u00e5:<\/strong> Nyb\u00f6rjare+<br data-start=\"1908\" data-end=\"1911\"\/><strong data-start=\"1911\" data-end=\"1926\">H\u00f6jdpunkter:<\/strong> Lugn paddling i lagunen bland flamingor och sandbankar.<br data-start=\"1977\" data-end=\"1980\"\/><strong data-start=\"1980\" data-end=\"1991\">Startpunkt:<\/strong> Norra sidan av Faro-stranden, in i naturparken Ria Formosa.<br data-start=\"2047\" data-end=\"2050\"\/><strong data-start=\"2050\" data-end=\"2064\">Tidvatten\/vind:<\/strong> Medel\u2013h\u00f6gt tidvatten, svag vind.<br data-start=\"2091\" data-end=\"2094\"\/><strong data-start=\"2094\" data-end=\"2106\">Parkering:<\/strong> Strandparkering; se upp f\u00f6r b\u00e5tfarter.<br data-start=\"2139\" data-end=\"2142\"\/>\ud83d\udc49 <a class=\"decorated-link\" href=\"https:\/\/maps.app.goo.gl\/WrAcLaV5ePaYSnwu7\" target=\"_blank\" rel=\"noopener\" data-start=\"2145\" data-end=\"2188\">Plats p\u00e5 kartan<\/a><\/p>\t\t\t\t\t\t\t\t<\/div>\n\t\t\t\t<\/div>\n\t\t\t\t<div class=\"elementor-element elementor-element-684abef elementor-widget elementor-widget-image\" data-id=\"684abef\" data-element_type=\"widget\" data-e-type=\"widget\" data-widget_type=\"image.default\">\n\t\t\t\t<div class=\"elementor-widget-container\">\n\t\t\t\t\t\t\t\t\t\t\t\t\t\t\t<img decoding=\"async\" width=\"800\" height=\"600\" src=\"https:\/\/oceancamper.com\/wp-content\/uploads\/2020\/12\/Anchored_small_boats_Ria_Formosa_Faro_Portugal_julesvernex2-2.jpg\" class=\"attachment-large size-large wp-image-208093\" alt=\"F\u00f6rankrade sm\u00e5b\u00e5tar i Ria Formosa-lagunen, Faro, Algarve, Portugal, som speglar sig i lugnt turkost vatten under en klarbl\u00e5 himmel.\" srcset=\"https:\/\/oceancamper.com\/wp-content\/uploads\/2020\/12\/Anchored_small_boats_Ria_Formosa_Faro_Portugal_julesvernex2-2.jpg 960w, https:\/\/oceancamper.com\/wp-content\/uploads\/2020\/12\/Anchored_small_boats_Ria_Formosa_Faro_Portugal_julesvernex2-2-300x225.jpg 300w, https:\/\/oceancamper.com\/wp-content\/uploads\/2020\/12\/Anchored_small_boats_Ria_Formosa_Faro_Portugal_julesvernex2-2-768x576.jpg 768w, https:\/\/oceancamper.com\/wp-content\/uploads\/2020\/12\/Anchored_small_boats_Ria_Formosa_Faro_Portugal_julesvernex2-2-240x180.jpg 240w\" sizes=\"(max-width: 800px) 100vw, 800px\" \/>\t\t\t\t\t\t\t\t\t\t\t\t\t\t\t<\/div>\n\t\t\t\t<\/div>\n\t\t\t\t<div class=\"elementor-element elementor-element-e07c498 elementor-widget elementor-widget-text-editor\" data-id=\"e07c498\" data-element_type=\"widget\" data-e-type=\"widget\" data-widget_type=\"text-editor.default\">\n\t\t\t\t<div class=\"elementor-widget-container\">\n\t\t\t\t\t\t\t\t\t<p data-start=\"1551\" data-end=\"1629\"><b>Jules Verne Times Two \/ <a href=\"https:\/\/www.julesvernex2.com\" target=\"_blank\" rel=\"noopener\">julesvernex2.com<\/a> \/ CC-BY-SA-4.0<\/b><\/p>\t\t\t\t\t\t\t\t<\/div>\n\t\t\t\t<\/div>\n\t\t\t\t\t<\/div>\n\t\t<\/div>\n\t\t\t\t\t<\/div>\n\t\t<\/section>\n\t\t\t\t<section class=\"elementor-section elementor-top-section elementor-element elementor-element-2635f6d8 elementor-section-stretched elementor-section-boxed elementor-section-height-default elementor-section-height-default\" data-id=\"2635f6d8\" data-element_type=\"section\" data-e-type=\"section\" id=\"arrifes\" data-settings=\"{&quot;stretch_section&quot;:&quot;section-stretched&quot;,&quot;background_background&quot;:&quot;classic&quot;}\">\n\t\t\t\t\t\t<div class=\"elementor-container elementor-column-gap-default\">\n\t\t\t\t\t<div class=\"elementor-column elementor-col-100 elementor-top-column elementor-element elementor-element-61e1182a\" data-id=\"61e1182a\" data-element_type=\"column\" data-e-type=\"column\">\n\t\t\t<div class=\"elementor-widget-wrap elementor-element-populated\">\n\t\t\t\t\t\t<div class=\"elementor-element elementor-element-ae78a4d elementor-widget elementor-widget-menu-anchor\" data-id=\"ae78a4d\" data-element_type=\"widget\" data-e-type=\"widget\" data-widget_type=\"menu-anchor.default\">\n\t\t\t\t<div class=\"elementor-widget-container\">\n\t\t\t\t\t\t\t<div class=\"elementor-menu-anchor\" id=\"arrifes\"><\/div>\n\t\t\t\t\t\t<\/div>\n\t\t\t\t<\/div>\n\t\t\t\t<div class=\"elementor-element elementor-element-768b133a elementor-widget elementor-widget-heading\" data-id=\"768b133a\" data-element_type=\"widget\" data-e-type=\"widget\" data-widget_type=\"heading.default\">\n\t\t\t\t<div class=\"elementor-widget-container\">\n\t\t\t\t\t<h2 class=\"elementor-heading-title elementor-size-default\">\ud83c\udfd6\ufe0f 2. Praia dos Arrifes \u2192 Praia da Coelha <\/h2>\t\t\t\t<\/div>\n\t\t\t\t<\/div>\n\t\t\t\t<div class=\"elementor-element elementor-element-3cacee1d elementor-widget elementor-widget-text-editor\" data-id=\"3cacee1d\" data-element_type=\"widget\" data-e-type=\"widget\" data-widget_type=\"text-editor.default\">\n\t\t\t\t<div class=\"elementor-widget-container\">\n\t\t\t\t\t\t\t\t\t<p><strong data-start=\"2246\" data-end=\"2256\">Niv\u00e5:<\/strong> Nyb\u00f6rjare\u2013mellanniv\u00e5<br data-start=\"2278\" data-end=\"2281\"\/><strong data-start=\"2281\" data-end=\"2296\">H\u00f6jdpunkter:<\/strong> Klippb\u00e5gar och sm\u00e5 grottor l\u00e4ngs kusten n\u00e4ra Albufeira.<br data-start=\"2357\" data-end=\"2360\"\/><strong data-start=\"2360\" data-end=\"2371\">Startpunkt:<\/strong> B\u00f6rja vid Arrifes-stranden och paddla \u00e5t h\u00f6ger (v\u00e4sterut) mot Coelha.<br data-start=\"2434\" data-end=\"2437\"\/><strong data-start=\"2437\" data-end=\"2451\">B\u00e4sta tidpunkt:<\/strong> Soluppg\u00e5ng eller tidigt p\u00e5 morgonen, endast vid liten sj\u00f6.<br data-start=\"2495\" data-end=\"2498\"\/>\ud83d\udc49 <a class=\"decorated-link\" href=\"https:\/\/maps.app.goo.gl\/7Brwkhs5KBSqHF3N8\" target=\"_blank\" rel=\"noopener\" data-start=\"2501\" data-end=\"2544\">Plats p\u00e5 kartan<\/a><\/p>\t\t\t\t\t\t\t\t<\/div>\n\t\t\t\t<\/div>\n\t\t\t\t<div class=\"elementor-element elementor-element-854e40e elementor-widget elementor-widget-image\" data-id=\"854e40e\" data-element_type=\"widget\" data-e-type=\"widget\" data-widget_type=\"image.default\">\n\t\t\t\t<div class=\"elementor-widget-container\">\n\t\t\t\t\t\t\t\t\t\t\t\t\t\t\t<img decoding=\"async\" width=\"800\" height=\"600\" src=\"https:\/\/oceancamper.com\/wp-content\/uploads\/2020\/12\/Praia-dos-Arrifes-Albufeira-1024x768.jpg\" class=\"attachment-large size-large wp-image-207537\" alt=\"Praia dos Arrifes i Albufeira, Algarve, Portugal \u2013 en liten, avskild strand med gyllene klippor, klippb\u00e5gar och turkosbl\u00e5tt vatten i Atlanic.\" srcset=\"https:\/\/oceancamper.com\/wp-content\/uploads\/2020\/12\/Praia-dos-Arrifes-Albufeira-1024x768.jpg 1024w, https:\/\/oceancamper.com\/wp-content\/uploads\/2020\/12\/Praia-dos-Arrifes-Albufeira-300x225.jpg 300w, https:\/\/oceancamper.com\/wp-content\/uploads\/2020\/12\/Praia-dos-Arrifes-Albufeira-768x576.jpg 768w, https:\/\/oceancamper.com\/wp-content\/uploads\/2020\/12\/Praia-dos-Arrifes-Albufeira-1536x1152.jpg 1536w, https:\/\/oceancamper.com\/wp-content\/uploads\/2020\/12\/Praia-dos-Arrifes-Albufeira-2048x1536.jpg 2048w, https:\/\/oceancamper.com\/wp-content\/uploads\/2020\/12\/Praia-dos-Arrifes-Albufeira-240x180.jpg 240w\" sizes=\"(max-width: 800px) 100vw, 800px\" \/>\t\t\t\t\t\t\t\t\t\t\t\t\t\t\t<\/div>\n\t\t\t\t<\/div>\n\t\t\t\t<div class=\"elementor-element elementor-element-10a21266 elementor-widget elementor-widget-text-editor\" data-id=\"10a21266\" data-element_type=\"widget\" data-e-type=\"widget\" data-widget_type=\"text-editor.default\">\n\t\t\t\t<div class=\"elementor-widget-container\">\n\t\t\t\t\t\t\t\t\t<p data-start=\"1551\" data-end=\"1629\"><em data-start=\"1551\" data-end=\"1629\">Foto &#8221;Praia dos Arrifes, 13 Nov 2013&#8221; av Beeston, <a href=\"https:\/\/commons.wikimedia.org\/wiki\/File:137PT_13_November_2013_Praia_dos_Arrifes.JPG\" target=\"_blank\" rel=\"noopener\">licensierad under CC BY 3.0.<\/a><\/em><\/p>\t\t\t\t\t\t\t\t<\/div>\n\t\t\t\t<\/div>\n\t\t\t\t\t<\/div>\n\t\t<\/div>\n\t\t\t\t\t<\/div>\n\t\t<\/section>\n\t\t\t\t<section class=\"elementor-section elementor-top-section elementor-element elementor-element-769adaa7 elementor-section-stretched elementor-section-boxed elementor-section-height-default elementor-section-height-default\" data-id=\"769adaa7\" data-element_type=\"section\" data-e-type=\"section\" id=\"Albandeira\" data-settings=\"{&quot;stretch_section&quot;:&quot;section-stretched&quot;,&quot;background_background&quot;:&quot;classic&quot;}\">\n\t\t\t\t\t\t<div class=\"elementor-container elementor-column-gap-default\">\n\t\t\t\t\t<div class=\"elementor-column elementor-col-100 elementor-top-column elementor-element elementor-element-7ccb364b\" data-id=\"7ccb364b\" data-element_type=\"column\" data-e-type=\"column\">\n\t\t\t<div class=\"elementor-widget-wrap elementor-element-populated\">\n\t\t\t\t\t\t<div class=\"elementor-element elementor-element-ef274dc elementor-widget elementor-widget-menu-anchor\" data-id=\"ef274dc\" data-element_type=\"widget\" data-e-type=\"widget\" data-widget_type=\"menu-anchor.default\">\n\t\t\t\t<div class=\"elementor-widget-container\">\n\t\t\t\t\t\t\t<div class=\"elementor-menu-anchor\" id=\"Albandeira\"><\/div>\n\t\t\t\t\t\t<\/div>\n\t\t\t\t<\/div>\n\t\t\t\t<div class=\"elementor-element elementor-element-7b900c23 elementor-widget elementor-widget-heading\" data-id=\"7b900c23\" data-element_type=\"widget\" data-e-type=\"widget\" data-widget_type=\"heading.default\">\n\t\t\t\t<div class=\"elementor-widget-container\">\n\t\t\t\t\t<h2 class=\"elementor-heading-title elementor-size-default\">\ud83c\udfd6\ufe0f 3. Praia da Albandeira - b\u00e5gen och de g\u00f6mda vikarna <\/h2>\t\t\t\t<\/div>\n\t\t\t\t<\/div>\n\t\t\t\t<div class=\"elementor-element elementor-element-8bc4f75 elementor-widget elementor-widget-text-editor\" data-id=\"8bc4f75\" data-element_type=\"widget\" data-e-type=\"widget\" data-widget_type=\"text-editor.default\">\n\t\t\t\t<div class=\"elementor-widget-container\">\n\t\t\t\t\t\t\t\t\t<p data-start=\"2612\" data-end=\"2901\"><strong data-start=\"2612\" data-end=\"2622\">Niv\u00e5:<\/strong> Medel<br data-start=\"2635\" data-end=\"2638\"\/><strong data-start=\"2638\" data-end=\"2653\">H\u00f6jdpunkter:<\/strong> Den naturliga Albandeira-b\u00e5gen och sm\u00e5 havsgrottor.<br data-start=\"2702\" data-end=\"2705\"\/><strong data-start=\"2705\" data-end=\"2716\">Startplats:<\/strong> Albandeira-stranden.<br data-start=\"2734\" data-end=\"2737\"\/><strong data-start=\"2737\" data-end=\"2751\">Tidvatten\/vind:<\/strong> Medeltidvatten, l\u00e5g sj\u00f6g\u00e5ng, lugn vind.<br data-start=\"2783\" data-end=\"2786\"\/><strong data-start=\"2786\" data-end=\"2795\">Obs:<\/strong> Ta med en vattent\u00e4t kamera \u2013 perfekta reflektioner vid soluppg\u00e5ngen.<br data-start=\"2852\" data-end=\"2855\"\/>\ud83d\udc49 <a class=\"decorated-link\" href=\"https:\/\/maps.app.goo.gl\/o5pDzc79Ejtk3TwB7\" target=\"_blank\" rel=\"noopener\" data-start=\"2858\" data-end=\"2901\">Plats p\u00e5 kartan<\/a><\/p>\t\t\t\t\t\t\t\t<\/div>\n\t\t\t\t<\/div>\n\t\t\t\t<div class=\"elementor-element elementor-element-726a0656 elementor-widget elementor-widget-image\" data-id=\"726a0656\" data-element_type=\"widget\" data-e-type=\"widget\" data-widget_type=\"image.default\">\n\t\t\t\t<div class=\"elementor-widget-container\">\n\t\t\t\t\t\t\t\t\t\t\t\t\t\t\t<img loading=\"lazy\" decoding=\"async\" width=\"800\" height=\"533\" src=\"https:\/\/oceancamper.com\/wp-content\/uploads\/2020\/12\/Arco_da_Albandeira_Lagoa_Algarve.jpg\" class=\"attachment-large size-large wp-image-208094\" alt=\"Naturstensb\u00e5ge vid Albandeira Beach i Lagoa, Algarve, Portugal, med turkost vatten och gyllene klippor.\" srcset=\"https:\/\/oceancamper.com\/wp-content\/uploads\/2020\/12\/Arco_da_Albandeira_Lagoa_Algarve.jpg 960w, https:\/\/oceancamper.com\/wp-content\/uploads\/2020\/12\/Arco_da_Albandeira_Lagoa_Algarve-300x200.jpg 300w, https:\/\/oceancamper.com\/wp-content\/uploads\/2020\/12\/Arco_da_Albandeira_Lagoa_Algarve-768x512.jpg 768w, https:\/\/oceancamper.com\/wp-content\/uploads\/2020\/12\/Arco_da_Albandeira_Lagoa_Algarve-240x160.jpg 240w\" sizes=\"(max-width: 800px) 100vw, 800px\" \/>\t\t\t\t\t\t\t\t\t\t\t\t\t\t\t<\/div>\n\t\t\t\t<\/div>\n\t\t\t\t<div class=\"elementor-element elementor-element-56b3fbd elementor-widget elementor-widget-text-editor\" data-id=\"56b3fbd\" data-element_type=\"widget\" data-e-type=\"widget\" data-widget_type=\"text-editor.default\">\n\t\t\t\t<div class=\"elementor-widget-container\">\n\t\t\t\t\t\t\t\t\t<p data-start=\"1551\" data-end=\"1629\">Foto &#8221;Arco da Albandeira, Lagoa (Algarve)&#8221; av Alvesgaspar, licensierad under<a href=\"https:\/\/commons.wikimedia.org\/wiki\/File:Arco_da_Albandeira,_Lagoa_(Algarve).jpg\" target=\"_blank\" rel=\"noopener\"> CC BY-SA 4.0.<\/a><\/p>\t\t\t\t\t\t\t\t<\/div>\n\t\t\t\t<\/div>\n\t\t\t\t\t<\/div>\n\t\t<\/div>\n\t\t\t\t\t<\/div>\n\t\t<\/section>\n\t\t\t\t<section class=\"elementor-section elementor-top-section elementor-element elementor-element-6781a86c elementor-section-stretched elementor-section-boxed elementor-section-height-default elementor-section-height-default\" data-id=\"6781a86c\" data-element_type=\"section\" data-e-type=\"section\" id=\"benagil\" data-settings=\"{&quot;stretch_section&quot;:&quot;section-stretched&quot;,&quot;background_background&quot;:&quot;classic&quot;}\">\n\t\t\t\t\t\t<div class=\"elementor-container elementor-column-gap-default\">\n\t\t\t\t\t<div class=\"elementor-column elementor-col-100 elementor-top-column elementor-element elementor-element-33ffc835\" data-id=\"33ffc835\" data-element_type=\"column\" data-e-type=\"column\">\n\t\t\t<div class=\"elementor-widget-wrap elementor-element-populated\">\n\t\t\t\t\t\t<div class=\"elementor-element elementor-element-19ab0747 elementor-widget elementor-widget-heading\" data-id=\"19ab0747\" data-element_type=\"widget\" data-e-type=\"widget\" data-widget_type=\"heading.default\">\n\t\t\t\t<div class=\"elementor-widget-container\">\n\t\t\t\t\t<h2 class=\"elementor-heading-title elementor-size-default\">\ud83c\udfd6\ufe0f 4. Benagil Cave - endast guidade turer <\/h2>\t\t\t\t<\/div>\n\t\t\t\t<\/div>\n\t\t\t\t<div class=\"elementor-element elementor-element-2961a86 elementor-widget elementor-widget-text-editor\" data-id=\"2961a86\" data-element_type=\"widget\" data-e-type=\"widget\" data-widget_type=\"text-editor.default\">\n\t\t\t\t<div class=\"elementor-widget-container\">\n\t\t\t\t\t\t\t\t\t<p><strong data-start=\"2956\" data-end=\"2966\">Sv\u00e5righetsgrad:<\/strong> Medel<br data-start=\"2979\" data-end=\"2982\"\/><strong data-start=\"2982\" data-end=\"2997\">H\u00f6jdpunkter:<\/strong> Den ber\u00f6mda havsgrotta i Benagil med sin kupolformade \u00f6ppning mot himlen och turkosa vatten.<br data-start=\"3069\" data-end=\"3072\"\/><strong data-start=\"3072\" data-end=\"3083\">Start:<\/strong> Fr\u00e5n Benagil-stranden eller n\u00e4rliggande avg\u00e5ngsplatser l\u00e4ngs kusten.<br data-start=\"3138\" data-end=\"3141\"\/><strong data-start=\"3141\" data-end=\"3155\">Viktigt:<\/strong> \ud83d\uded1 <strong data-start=\"3159\" data-end=\"3228\">Det \u00e4r inte l\u00e4ngre till\u00e5tet att paddla p\u00e5 egen hand inne i Benagil-grottan.<\/strong><br data-start=\"3228\" data-end=\"3231\"\/>Tilltr\u00e4det \u00e4r nu <strong data-start=\"3245\" data-end=\"3280\">begr\u00e4nsat till endast guidade turer<\/strong>, av s\u00e4kerhets- och milj\u00f6sk\u00e4l.<br data-start=\"3322\" data-end=\"3325\"\/><strong data-start=\"3325\" data-end=\"3341\">Alternativ:<\/strong> Delta i en lokal guidad SUP- eller kajaktur \u2013 det \u00e4r s\u00e4krare och fortfarande magiskt!<br data-start=\"3411\" data-end=\"3414\"\/>\ud83d\udc49 <a class=\"decorated-link\" href=\"https:\/\/maps.app.goo.gl\/H2ahEQ96aaBMnsZ89\" target=\"_blank\" rel=\"noopener\" data-start=\"3417\" data-end=\"3460\">Plats p\u00e5 kartan<\/a><\/p>\t\t\t\t\t\t\t\t<\/div>\n\t\t\t\t<\/div>\n\t\t\t\t<div class=\"elementor-element elementor-element-38be785 elementor-widget elementor-widget-image\" data-id=\"38be785\" data-element_type=\"widget\" data-e-type=\"widget\" data-widget_type=\"image.default\">\n\t\t\t\t<div class=\"elementor-widget-container\">\n\t\t\t\t\t\t\t\t\t\t\t\t\t\t\t<img loading=\"lazy\" decoding=\"async\" width=\"800\" height=\"533\" src=\"https:\/\/oceancamper.com\/wp-content\/uploads\/2020\/12\/benagil-cave-algarve-portugal-sea-cave-SUP-1.jpg-1.jpg\" class=\"attachment-large size-large wp-image-208101\" alt=\"Paddleboarding n\u00e4ra Benagil Cave i Algarve, Portugal, med turkost vatten, solljus genom grottkupolen och en liten b\u00e5t inuti.\" srcset=\"https:\/\/oceancamper.com\/wp-content\/uploads\/2020\/12\/benagil-cave-algarve-portugal-sea-cave-SUP-1.jpg-1.jpg 960w, https:\/\/oceancamper.com\/wp-content\/uploads\/2020\/12\/benagil-cave-algarve-portugal-sea-cave-SUP-1.jpg-1-300x200.jpg 300w, https:\/\/oceancamper.com\/wp-content\/uploads\/2020\/12\/benagil-cave-algarve-portugal-sea-cave-SUP-1.jpg-1-768x512.jpg 768w, https:\/\/oceancamper.com\/wp-content\/uploads\/2020\/12\/benagil-cave-algarve-portugal-sea-cave-SUP-1.jpg-1-240x160.jpg 240w\" sizes=\"(max-width: 800px) 100vw, 800px\" \/>\t\t\t\t\t\t\t\t\t\t\t\t\t\t\t<\/div>\n\t\t\t\t<\/div>\n\t\t\t\t<div class=\"elementor-element elementor-element-ebf42be elementor-widget elementor-widget-text-editor\" data-id=\"ebf42be\" data-element_type=\"widget\" data-e-type=\"widget\" data-widget_type=\"text-editor.default\">\n\t\t\t\t<div class=\"elementor-widget-container\">\n\t\t\t\t\t\t\t\t\t<p data-start=\"1551\" data-end=\"1629\">Foto &#8221;Havsgrotta n\u00e4ra Carvoeiro (52859676063).jpg&#8221; av <a class=\"external text\" href=\"https:\/\/www.flickr.com\/people\/27637794@N05\" rel=\"nofollow\">Marty B<\/a>, licensierad under <a href=\"https:\/\/commons.wikimedia.org\/wiki\/File:Sea_cave_near_Carvoeiro_(52859676063).jpg\" target=\"_blank\" rel=\"noopener\">CC BY 3.0.<\/a><\/p>\t\t\t\t\t\t\t\t<\/div>\n\t\t\t\t<\/div>\n\t\t\t\t\t<\/div>\n\t\t<\/div>\n\t\t\t\t\t<\/div>\n\t\t<\/section>\n\t\t\t\t<section class=\"elementor-section elementor-top-section elementor-element elementor-element-348298d2 elementor-section-stretched elementor-section-boxed elementor-section-height-default elementor-section-height-default\" data-id=\"348298d2\" data-element_type=\"section\" data-e-type=\"section\" id=\"alvor\" data-settings=\"{&quot;stretch_section&quot;:&quot;section-stretched&quot;,&quot;background_background&quot;:&quot;classic&quot;}\">\n\t\t\t\t\t\t<div class=\"elementor-container elementor-column-gap-default\">\n\t\t\t\t\t<div class=\"elementor-column elementor-col-100 elementor-top-column elementor-element elementor-element-c16e1af\" data-id=\"c16e1af\" data-element_type=\"column\" data-e-type=\"column\">\n\t\t\t<div class=\"elementor-widget-wrap elementor-element-populated\">\n\t\t\t\t\t\t<div class=\"elementor-element elementor-element-3fc2fb47 elementor-widget elementor-widget-heading\" data-id=\"3fc2fb47\" data-element_type=\"widget\" data-e-type=\"widget\" data-widget_type=\"heading.default\">\n\t\t\t\t<div class=\"elementor-widget-container\">\n\t\t\t\t\t<h2 class=\"elementor-heading-title elementor-size-default\">\ud83c\udfd6\ufe0f 5. Alvor (Praia do Alem\u00e3o till Prainha) <\/h2>\t\t\t\t<\/div>\n\t\t\t\t<\/div>\n\t\t\t\t<div class=\"elementor-element elementor-element-2d7f8e20 elementor-widget elementor-widget-text-editor\" data-id=\"2d7f8e20\" data-element_type=\"widget\" data-e-type=\"widget\" data-widget_type=\"text-editor.default\">\n\t\t\t\t<div class=\"elementor-widget-container\">\n\t\t\t\t\t\t\t\t\t<p data-start=\"3517\" data-end=\"3755\"><strong data-start=\"3517\" data-end=\"3527\">Niv\u00e5:<\/strong> Nyb\u00f6rjare\u2013medel<br data-start=\"3549\" data-end=\"3552\"\/><strong data-start=\"3552\" data-end=\"3567\">H\u00f6jdpunkter:<\/strong> Sm\u00e5 vikar och lugna str\u00e4nder som endast kan n\u00e5s fr\u00e5n havet.<br data-start=\"3627\" data-end=\"3630\"\/><strong data-start=\"3630\" data-end=\"3641\">Startpunkt:<\/strong> Praia do Alem\u00e3o.<br data-start=\"3658\" data-end=\"3661\"\/><strong data-start=\"3661\" data-end=\"3675\">Tidvatten\/vind:<\/strong> L\u00e5g svallv\u00e5g, b\u00e4st tidigt p\u00e5 morgonen.<br data-start=\"3706\" data-end=\"3709\"\/>\ud83d\udc49 <a class=\"decorated-link\" href=\"https:\/\/maps.app.goo.gl\/2rUg6C2SdkLRR1Qz9\" target=\"_blank\" rel=\"noopener\" data-start=\"3712\" data-end=\"3755\">Plats p\u00e5 kartan<\/a><\/p>\t\t\t\t\t\t\t\t<\/div>\n\t\t\t\t<\/div>\n\t\t\t\t<div class=\"elementor-element elementor-element-7105e9a8 elementor-widget elementor-widget-image\" data-id=\"7105e9a8\" data-element_type=\"widget\" data-e-type=\"widget\" data-widget_type=\"image.default\">\n\t\t\t\t<div class=\"elementor-widget-container\">\n\t\t\t\t\t\t\t\t\t\t\t\t\t\t\t<img loading=\"lazy\" decoding=\"async\" width=\"800\" height=\"533\" src=\"https:\/\/oceancamper.com\/wp-content\/uploads\/2020\/12\/praia-do-alemao-sup-algarve.jpg\" class=\"attachment-large size-large wp-image-208096\" alt=\"Stranden Praia do Alem\u00e3o i Alvor, Algarve, Portugal, med gyllene klippor, turkosbl\u00e5tt vatten och klippformationer samt en segelb\u00e5t ute till havs.\" srcset=\"https:\/\/oceancamper.com\/wp-content\/uploads\/2020\/12\/praia-do-alemao-sup-algarve.jpg 960w, https:\/\/oceancamper.com\/wp-content\/uploads\/2020\/12\/praia-do-alemao-sup-algarve-300x200.jpg 300w, https:\/\/oceancamper.com\/wp-content\/uploads\/2020\/12\/praia-do-alemao-sup-algarve-768x512.jpg 768w, https:\/\/oceancamper.com\/wp-content\/uploads\/2020\/12\/praia-do-alemao-sup-algarve-240x160.jpg 240w\" sizes=\"(max-width: 800px) 100vw, 800px\" \/>\t\t\t\t\t\t\t\t\t\t\t\t\t\t\t<\/div>\n\t\t\t\t<\/div>\n\t\t\t\t<div class=\"elementor-element elementor-element-e5fdd20 elementor-widget elementor-widget-text-editor\" data-id=\"e5fdd20\" data-element_type=\"widget\" data-e-type=\"widget\" data-widget_type=\"text-editor.default\">\n\t\t\t\t<div class=\"elementor-widget-container\">\n\t\t\t\t\t\t\t\t\t<p data-start=\"1551\" data-end=\"1629\">Praia do Alem\u00e3o 2017 09.jpg&#8221; av Jos\u00e9olgon, licensierad under <a href=\"https:\/\/commons.wikimedia.org\/wiki\/File:Praia_do_Alem%C3%A3o_2017_09.jpg\" target=\"_blank\" rel=\"noopener\">CC BY-SA 4.0<\/a><\/p>\t\t\t\t\t\t\t\t<\/div>\n\t\t\t\t<\/div>\n\t\t\t\t\t<\/div>\n\t\t<\/div>\n\t\t\t\t\t<\/div>\n\t\t<\/section>\n\t\t\t\t<section class=\"elementor-section elementor-top-section elementor-element elementor-element-2a52a3f9 elementor-section-stretched elementor-section-boxed elementor-section-height-default elementor-section-height-default\" data-id=\"2a52a3f9\" data-element_type=\"section\" data-e-type=\"section\" id=\"piedade\" data-settings=\"{&quot;stretch_section&quot;:&quot;section-stretched&quot;,&quot;background_background&quot;:&quot;classic&quot;}\">\n\t\t\t\t\t\t<div class=\"elementor-container elementor-column-gap-default\">\n\t\t\t\t\t<div class=\"elementor-column elementor-col-100 elementor-top-column elementor-element elementor-element-2ee09fba\" data-id=\"2ee09fba\" data-element_type=\"column\" data-e-type=\"column\">\n\t\t\t<div class=\"elementor-widget-wrap elementor-element-populated\">\n\t\t\t\t\t\t<div class=\"elementor-element elementor-element-16f9f885 elementor-widget elementor-widget-heading\" data-id=\"16f9f885\" data-element_type=\"widget\" data-e-type=\"widget\" data-widget_type=\"heading.default\">\n\t\t\t\t<div class=\"elementor-widget-container\">\n\t\t\t\t\t<h2 class=\"elementor-heading-title elementor-size-default\">\ud83c\udfd6\ufe0f 6. Ponta da Piedade - Lagos klippor <\/h2>\t\t\t\t<\/div>\n\t\t\t\t<\/div>\n\t\t\t\t<div class=\"elementor-element elementor-element-559e961c elementor-widget elementor-widget-text-editor\" data-id=\"559e961c\" data-element_type=\"widget\" data-e-type=\"widget\" data-widget_type=\"text-editor.default\">\n\t\t\t\t<div class=\"elementor-widget-container\">\n\t\t\t\t\t\t\t\t\t<p><strong data-start=\"3809\" data-end=\"3819\">Sv\u00e5righetsgrad:<\/strong> Medel<br data-start=\"3832\" data-end=\"3835\"\/><strong data-start=\"3835\" data-end=\"3850\">H\u00f6jdpunkter:<\/strong> Guldgula klippor, klippb\u00e5gar och kristallklart vatten.<br data-start=\"3903\" data-end=\"3906\"\/><strong data-start=\"3906\" data-end=\"3917\">Startpunkt:<\/strong> Praia do Camilo eller Praia Dona Ana.<br data-start=\"3952\" data-end=\"3955\"\/><strong data-start=\"3955\" data-end=\"3969\">Tidvatten\/vind:<\/strong> \u00c5k vid gryningen f\u00f6r lugna f\u00f6rh\u00e5llanden och vackert ljus.<br data-start=\"4021\" data-end=\"4024\"\/>\ud83d\udc49 <a class=\"decorated-link\" href=\"https:\/\/maps.app.goo.gl\/ZbfPs1HAYNddooh26\" target=\"_blank\" rel=\"noopener\" data-start=\"4027\" data-end=\"4070\">Plats p\u00e5 kartan<\/a><\/p>\t\t\t\t\t\t\t\t<\/div>\n\t\t\t\t<\/div>\n\t\t\t\t<div class=\"elementor-element elementor-element-41ecdeff elementor-widget elementor-widget-image\" data-id=\"41ecdeff\" data-element_type=\"widget\" data-e-type=\"widget\" data-widget_type=\"image.default\">\n\t\t\t\t<div class=\"elementor-widget-container\">\n\t\t\t\t\t\t\t\t\t\t\t\t\t\t\t<img loading=\"lazy\" decoding=\"async\" width=\"800\" height=\"223\" src=\"https:\/\/oceancamper.com\/wp-content\/uploads\/2020\/12\/ponta-da-piedade-sup-algarve-1.jpg\" class=\"attachment-large size-large wp-image-208102\" alt=\"Paddleboarding och b\u00e5tturer vid Ponta da Piedade, Lagos, Algarve \u2013 gyllene klippor, b\u00e5gar och turkosbl\u00e5tt vatten.\" srcset=\"https:\/\/oceancamper.com\/wp-content\/uploads\/2020\/12\/ponta-da-piedade-sup-algarve-1.jpg 960w, https:\/\/oceancamper.com\/wp-content\/uploads\/2020\/12\/ponta-da-piedade-sup-algarve-1-300x83.jpg 300w, https:\/\/oceancamper.com\/wp-content\/uploads\/2020\/12\/ponta-da-piedade-sup-algarve-1-768x214.jpg 768w, https:\/\/oceancamper.com\/wp-content\/uploads\/2020\/12\/ponta-da-piedade-sup-algarve-1-240x67.jpg 240w\" sizes=\"(max-width: 800px) 100vw, 800px\" \/>\t\t\t\t\t\t\t\t\t\t\t\t\t\t\t<\/div>\n\t\t\t\t<\/div>\n\t\t\t\t<div class=\"elementor-element elementor-element-78d74af elementor-widget elementor-widget-text-editor\" data-id=\"78d74af\" data-element_type=\"widget\" data-e-type=\"widget\" data-widget_type=\"text-editor.default\">\n\t\t\t\t<div class=\"elementor-widget-container\">\n\t\t\t\t\t\t\t\t\t<p>Foto <em data-start=\"55\" data-end=\"104\">&#8221;Ponta da Piedade pano.jpg&#8221;<\/em> av <a class=\"mw-redirect\" title=\"Anv\u00e4ndare:Dicklyon\" href=\"https:\/\/commons.wikimedia.org\/wiki\/User:Dicklyon\">Dicklyon<\/a>, licensierad under <a class=\"decorated-link\" href=\"https:\/\/commons.wikimedia.org\/wiki\/File:Ponta_da_Piedade_pano.jpg\" target=\"_blank\" rel=\"noopener\" data-start=\"136\" data-end=\"193\">CC BY 2.0.<\/a><\/p>\t\t\t\t\t\t\t\t<\/div>\n\t\t\t\t<\/div>\n\t\t\t\t\t<\/div>\n\t\t<\/div>\n\t\t\t\t\t<\/div>\n\t\t<\/section>\n\t\t\t\t<section class=\"elementor-section elementor-top-section elementor-element elementor-element-7e4a9cbe elementor-section-stretched elementor-section-boxed elementor-section-height-default elementor-section-height-default\" data-id=\"7e4a9cbe\" data-element_type=\"section\" data-e-type=\"section\" id=\"milfontes\" data-settings=\"{&quot;stretch_section&quot;:&quot;section-stretched&quot;,&quot;background_background&quot;:&quot;classic&quot;}\">\n\t\t\t\t\t\t<div class=\"elementor-container elementor-column-gap-default\">\n\t\t\t\t\t<div class=\"elementor-column elementor-col-100 elementor-top-column elementor-element elementor-element-4427078b\" data-id=\"4427078b\" data-element_type=\"column\" data-e-type=\"column\">\n\t\t\t<div class=\"elementor-widget-wrap elementor-element-populated\">\n\t\t\t\t\t\t<div class=\"elementor-element elementor-element-48c9fd0e elementor-widget elementor-widget-heading\" data-id=\"48c9fd0e\" data-element_type=\"widget\" data-e-type=\"widget\" data-widget_type=\"heading.default\">\n\t\t\t\t<div class=\"elementor-widget-container\">\n\t\t\t\t\t<h2 class=\"elementor-heading-title elementor-size-default\">\ud83c\udfde\ufe0f 7. Vila Nova de Milfontes - Mira River (Alentejo) <\/h2>\t\t\t\t<\/div>\n\t\t\t\t<\/div>\n\t\t\t\t<div class=\"elementor-element elementor-element-7eb7ad3c elementor-widget elementor-widget-text-editor\" data-id=\"7eb7ad3c\" data-element_type=\"widget\" data-e-type=\"widget\" data-widget_type=\"text-editor.default\">\n\t\t\t\t<div class=\"elementor-widget-container\">\n\t\t\t\t\t\t\t\t\t<p><strong data-start=\"4139\" data-end=\"4149\">Sv\u00e5righetsgrad:<\/strong> Nyb\u00f6rjare+<br data-start=\"4159\" data-end=\"4162\"\/><strong data-start=\"4162\" data-end=\"4177\">H\u00f6jdpunkter:<\/strong> Lugnt paddlande p\u00e5 floden med utsikt \u00f6ver sanddyner och staden.<br data-start=\"4224\" data-end=\"4227\"\/><strong data-start=\"4227\" data-end=\"4238\">Startplats:<\/strong> Flodstranden n\u00e4ra byn.<br data-start=\"4268\" data-end=\"4271\"\/><strong data-start=\"4271\" data-end=\"4281\">Undvik:<\/strong> Flodmynningen \u2013 str\u00f6mmarna \u00e4r starka.<br data-start=\"4320\" data-end=\"4323\"\/>\ud83d\udc49 <a class=\"decorated-link\" href=\"https:\/\/maps.app.goo.gl\/fw6mrCUfYTXXV1aw8\" target=\"_blank\" rel=\"noopener\" data-start=\"4326\" data-end=\"4369\">Plats p\u00e5 kartan<\/a><\/p>\t\t\t\t\t\t\t\t<\/div>\n\t\t\t\t<\/div>\n\t\t\t\t<div class=\"elementor-element elementor-element-6c53d04c elementor-widget elementor-widget-image\" data-id=\"6c53d04c\" data-element_type=\"widget\" data-e-type=\"widget\" data-widget_type=\"image.default\">\n\t\t\t\t<div class=\"elementor-widget-container\">\n\t\t\t\t\t\t\t\t\t\t\t\t\t\t\t<img loading=\"lazy\" decoding=\"async\" width=\"800\" height=\"600\" src=\"https:\/\/oceancamper.com\/wp-content\/uploads\/2020\/12\/vila-nova-de-milfontes-sup-portugal.jpg\" class=\"attachment-large size-large wp-image-208098\" alt=\"Utsikt \u00f6ver Vila Nova de Milfontes i Alentejo, Portugal: en flodstrand med turkosbl\u00e5tt vatten, klippor och vita hus ovanf\u00f6r.\" srcset=\"https:\/\/oceancamper.com\/wp-content\/uploads\/2020\/12\/vila-nova-de-milfontes-sup-portugal.jpg 800w, https:\/\/oceancamper.com\/wp-content\/uploads\/2020\/12\/vila-nova-de-milfontes-sup-portugal-300x225.jpg 300w, https:\/\/oceancamper.com\/wp-content\/uploads\/2020\/12\/vila-nova-de-milfontes-sup-portugal-768x576.jpg 768w, https:\/\/oceancamper.com\/wp-content\/uploads\/2020\/12\/vila-nova-de-milfontes-sup-portugal-240x180.jpg 240w\" sizes=\"(max-width: 800px) 100vw, 800px\" \/>\t\t\t\t\t\t\t\t\t\t\t\t\t\t\t<\/div>\n\t\t\t\t<\/div>\n\t\t\t\t<div class=\"elementor-element elementor-element-1bb929c elementor-widget elementor-widget-text-editor\" data-id=\"1bb929c\" data-element_type=\"widget\" data-e-type=\"widget\" data-widget_type=\"text-editor.default\">\n\t\t\t\t<div class=\"elementor-widget-container\">\n\t\t\t\t\t\t\t\t\t<p>Foto &#8221;Vila Nova de Milfontes.jpg&#8221; av Francisco Santos (Xuaxo), licensierad under <a class=\"decorated-link cursor-pointer\" href=\"https:\/\/commons.wikimedia.org\/wiki\/File:Vila_Nova_de_Milfontes.jpg\" target=\"_blank\" rel=\"noopener\" data-start=\"81\" data-end=\"144\">CC BY-SA 3.0<\/a><\/p>\t\t\t\t\t\t\t\t<\/div>\n\t\t\t\t<\/div>\n\t\t\t\t\t<\/div>\n\t\t<\/div>\n\t\t\t\t\t<\/div>\n\t\t<\/section>\n\t\t\t\t<section class=\"elementor-section elementor-top-section elementor-element elementor-element-19ee9ca1 elementor-section-stretched elementor-section-boxed elementor-section-height-default elementor-section-height-default\" data-id=\"19ee9ca1\" data-element_type=\"section\" data-e-type=\"section\" id=\"arade\" data-settings=\"{&quot;stretch_section&quot;:&quot;section-stretched&quot;,&quot;background_background&quot;:&quot;classic&quot;}\">\n\t\t\t\t\t\t<div class=\"elementor-container elementor-column-gap-default\">\n\t\t\t\t\t<div class=\"elementor-column elementor-col-100 elementor-top-column elementor-element elementor-element-317e2be1\" data-id=\"317e2be1\" data-element_type=\"column\" data-e-type=\"column\">\n\t\t\t<div class=\"elementor-widget-wrap elementor-element-populated\">\n\t\t\t\t\t\t<div class=\"elementor-element elementor-element-705ec91b elementor-widget elementor-widget-heading\" data-id=\"705ec91b\" data-element_type=\"widget\" data-e-type=\"widget\" data-widget_type=\"heading.default\">\n\t\t\t\t<div class=\"elementor-widget-container\">\n\t\t\t\t\t<h2 class=\"elementor-heading-title elementor-size-default\">\ud83c\udf3f 8. Barragem do Arade - Skogssj\u00f6n <\/h2>\t\t\t\t<\/div>\n\t\t\t\t<\/div>\n\t\t\t\t<div class=\"elementor-element elementor-element-26902f37 elementor-widget elementor-widget-text-editor\" data-id=\"26902f37\" data-element_type=\"widget\" data-e-type=\"widget\" data-widget_type=\"text-editor.default\">\n\t\t\t\t<div class=\"elementor-widget-container\">\n\t\t\t\t\t\t\t\t\t<p><strong data-start=\"4422\" data-end=\"4432\">Niv\u00e5:<\/strong> Nyb\u00f6rjare<br data-start=\"4441\" data-end=\"4444\"\/><strong data-start=\"4444\" data-end=\"4459\">H\u00f6jdpunkter:<\/strong> Lugnt paddlande p\u00e5 stilla vatten omgivet av tallar.<br data-start=\"4514\" data-end=\"4517\"\/><strong data-start=\"4517\" data-end=\"4528\">Tilltr\u00e4de:<\/strong> Ilandstigning n\u00e4ra huvuddammens tilltr\u00e4de.<br data-start=\"4567\" data-end=\"4570\"\/><strong data-start=\"4570\" data-end=\"4580\">Anm\u00e4rkningar:<\/strong> Ta med vatten och snacks \u2013 inga serviceinr\u00e4ttningar i n\u00e4rheten.<br data-start=\"4625\" data-end=\"4628\"\/>\ud83d\udc49 <a class=\"decorated-link\" href=\"https:\/\/goo.gl\/maps\/W1rKMB2PJqvU1rJaA\" target=\"_blank\" rel=\"noopener\" data-start=\"4631\" data-end=\"4674\">Plats p\u00e5 kartan<\/a><\/p>\t\t\t\t\t\t\t\t<\/div>\n\t\t\t\t<\/div>\n\t\t\t\t<div class=\"elementor-element elementor-element-eac133b elementor-widget elementor-widget-image\" data-id=\"eac133b\" data-element_type=\"widget\" data-e-type=\"widget\" data-widget_type=\"image.default\">\n\t\t\t\t<div class=\"elementor-widget-container\">\n\t\t\t\t\t\t\t\t\t\t\t\t\t\t\t<img loading=\"lazy\" decoding=\"async\" width=\"800\" height=\"600\" src=\"https:\/\/oceancamper.com\/wp-content\/uploads\/2020\/12\/algarve-lakes-sup.jpg\" class=\"attachment-large size-large wp-image-206950\" alt=\"Paddleboarding Algarve sj\u00f6ar SUP Algarve Barragem do Arade\" srcset=\"https:\/\/oceancamper.com\/wp-content\/uploads\/2020\/12\/algarve-lakes-sup.jpg 1024w, https:\/\/oceancamper.com\/wp-content\/uploads\/2020\/12\/algarve-lakes-sup-300x225.jpg 300w, https:\/\/oceancamper.com\/wp-content\/uploads\/2020\/12\/algarve-lakes-sup-768x576.jpg 768w\" sizes=\"(max-width: 800px) 100vw, 800px\" \/>\t\t\t\t\t\t\t\t\t\t\t\t\t\t\t<\/div>\n\t\t\t\t<\/div>\n\t\t\t\t\t<\/div>\n\t\t<\/div>\n\t\t\t\t\t<\/div>\n\t\t<\/section>\n\t\t\t\t<section class=\"elementor-section elementor-top-section elementor-element elementor-element-4752571 elementor-section-stretched elementor-section-boxed elementor-section-height-default elementor-section-height-default\" data-id=\"4752571\" data-element_type=\"section\" data-e-type=\"section\" id=\"funcho\" data-settings=\"{&quot;stretch_section&quot;:&quot;section-stretched&quot;,&quot;background_background&quot;:&quot;classic&quot;}\">\n\t\t\t\t\t\t<div class=\"elementor-container elementor-column-gap-default\">\n\t\t\t\t\t<div class=\"elementor-column elementor-col-100 elementor-top-column elementor-element elementor-element-cfe1336\" data-id=\"cfe1336\" data-element_type=\"column\" data-e-type=\"column\">\n\t\t\t<div class=\"elementor-widget-wrap elementor-element-populated\">\n\t\t\t\t\t\t<div class=\"elementor-element elementor-element-47c36e0 elementor-widget elementor-widget-heading\" data-id=\"47c36e0\" data-element_type=\"widget\" data-e-type=\"widget\" data-widget_type=\"heading.default\">\n\t\t\t\t<div class=\"elementor-widget-container\">\n\t\t\t\t\t<h2 class=\"elementor-heading-title elementor-size-default\">\ud83c\udf3f 9. Barragem do Funcho - Tyst reservoar <\/h2>\t\t\t\t<\/div>\n\t\t\t\t<\/div>\n\t\t\t\t<div class=\"elementor-element elementor-element-9b9bbaa elementor-widget elementor-widget-text-editor\" data-id=\"9b9bbaa\" data-element_type=\"widget\" data-e-type=\"widget\" data-widget_type=\"text-editor.default\">\n\t\t\t\t<div class=\"elementor-widget-container\">\n\t\t\t\t\t\t\t\t\t<p><strong data-start=\"5218\" data-end=\"5228\">Niv\u00e5:<\/strong> Nyb\u00f6rjare<br data-start=\"5237\" data-end=\"5240\"\/><strong data-start=\"5240\" data-end=\"5255\">H\u00f6jdpunkter:<\/strong> L\u00e5nga, fridfulla paddelturer; f\u00e5gelliv.<br data-start=\"5289\" data-end=\"5292\"\/><strong data-start=\"5292\" data-end=\"5303\">Startplats:<\/strong> Allm\u00e4nna tilltr\u00e4despunkter vid stranden.<br data-start=\"5338\" data-end=\"5341\"\/><strong data-start=\"5341\" data-end=\"5355\">Tidvatten\/vind:<\/strong> Ej till\u00e4mpligt; undvik bl\u00e5siga eftermiddagar.<br data-start=\"5384\" data-end=\"5387\"\/><strong data-start=\"5387\" data-end=\"5405\">Parkering\/Anm\u00e4rkningar:<\/strong> Avl\u00e4gset l\u00e4ge; ta med vatten och mellanm\u00e5l.\ud83d\udc49 <a class=\"decorated-link\" href=\"https:\/\/goo.gl\/maps\/bu2wzmr4zLgRwMq96\" target=\"_blank\" rel=\"noopener\" data-start=\"4884\" data-end=\"4927\">Plats p\u00e5 kartan<\/a><\/p>\t\t\t\t\t\t\t\t<\/div>\n\t\t\t\t<\/div>\n\t\t\t\t<div class=\"elementor-element elementor-element-bfcc950 elementor-widget elementor-widget-image\" data-id=\"bfcc950\" data-element_type=\"widget\" data-e-type=\"widget\" data-widget_type=\"image.default\">\n\t\t\t\t<div class=\"elementor-widget-container\">\n\t\t\t\t\t\t\t\t\t\t\t\t\t\t\t<img loading=\"lazy\" decoding=\"async\" width=\"800\" height=\"528\" src=\"https:\/\/oceancamper.com\/wp-content\/uploads\/2020\/12\/barragem-do-funcho-sup-algarve.jpg\" class=\"attachment-large size-large wp-image-208099\" alt=\"Barragem do Funcho i Silves, Algarve, Portugal \u2013 en fridfull sj\u00f6 omgiven av kullar och bl\u00e5 himmel, perfekt f\u00f6r paddleboarding.\" srcset=\"https:\/\/oceancamper.com\/wp-content\/uploads\/2020\/12\/barragem-do-funcho-sup-algarve.jpg 960w, https:\/\/oceancamper.com\/wp-content\/uploads\/2020\/12\/barragem-do-funcho-sup-algarve-300x198.jpg 300w, https:\/\/oceancamper.com\/wp-content\/uploads\/2020\/12\/barragem-do-funcho-sup-algarve-768x507.jpg 768w, https:\/\/oceancamper.com\/wp-content\/uploads\/2020\/12\/barragem-do-funcho-sup-algarve-240x159.jpg 240w\" sizes=\"(max-width: 800px) 100vw, 800px\" \/>\t\t\t\t\t\t\t\t\t\t\t\t\t\t\t<\/div>\n\t\t\t\t<\/div>\n\t\t\t\t<div class=\"elementor-element elementor-element-a6c1378 elementor-widget elementor-widget-text-editor\" data-id=\"a6c1378\" data-element_type=\"widget\" data-e-type=\"widget\" data-widget_type=\"text-editor.default\">\n\t\t\t\t<div class=\"elementor-widget-container\">\n\t\t\t\t\t\t\t\t\t<p>Foto &#8221;Funcho-dammen p\u00e5 floden Arade, Silves, Portugal (PPL1-korrigerad) julesvernex2.jpg&#8221; av Jules Verne Times Two \/ <a href=\"https:\/\/www.julesvernex2.com\" target=\"_blank\" rel=\"noopener\">julesvernex2.com<\/a>, licensierad enligt <a class=\"decorated-link cursor-pointer\" href=\"https:\/\/commons.wikimedia.org\/wiki\/File%3AFuncho_dam_on_the_Arade_river%2C_Silves%2C_Portugal_%28PPL1-Corrected%29_julesvernex2.jpg?utm_source=chatgpt.com\" target=\"_blank\" rel=\"noopener\" data-start=\"152\" data-end=\"215\">CC BY-SA 4.0.<\/a><\/p>\t\t\t\t\t\t\t\t<\/div>\n\t\t\t\t<\/div>\n\t\t\t\t\t<\/div>\n\t\t<\/div>\n\t\t\t\t\t<\/div>\n\t\t<\/section>\n\t\t\t\t<section class=\"elementor-section elementor-top-section elementor-element elementor-element-c86ba99 elementor-section-stretched elementor-section-boxed elementor-section-height-default elementor-section-height-default\" data-id=\"c86ba99\" data-element_type=\"section\" data-e-type=\"section\" id=\"clara\" data-settings=\"{&quot;stretch_section&quot;:&quot;section-stretched&quot;,&quot;background_background&quot;:&quot;classic&quot;}\">\n\t\t\t\t\t\t<div class=\"elementor-container elementor-column-gap-default\">\n\t\t\t\t\t<div class=\"elementor-column elementor-col-100 elementor-top-column elementor-element elementor-element-331984c\" data-id=\"331984c\" data-element_type=\"column\" data-e-type=\"column\">\n\t\t\t<div class=\"elementor-widget-wrap elementor-element-populated\">\n\t\t\t\t\t\t<div class=\"elementor-element elementor-element-03b5675 elementor-widget elementor-widget-heading\" data-id=\"03b5675\" data-element_type=\"widget\" data-e-type=\"widget\" data-widget_type=\"heading.default\">\n\t\t\t\t<div class=\"elementor-widget-container\">\n\t\t\t\t\t<h2 class=\"elementor-heading-title elementor-size-default\">\ud83c\udf3f 10. Barragem de Santa Clara - Den dolda p\u00e4rlan <\/h2>\t\t\t\t<\/div>\n\t\t\t\t<\/div>\n\t\t\t\t<div class=\"elementor-element elementor-element-0f5cb52 elementor-widget elementor-widget-text-editor\" data-id=\"0f5cb52\" data-element_type=\"widget\" data-e-type=\"widget\" data-widget_type=\"text-editor.default\">\n\t\t\t\t<div class=\"elementor-widget-container\">\n\t\t\t\t\t\t\t\t\t<p><strong data-start=\"5478\" data-end=\"5488\">Niv\u00e5: Nyb\u00f6rjare<\/strong> Nyb\u00f6rjare<br data-start=\"5497\" data-end=\"5500\"><strong data-start=\"5500\" data-end=\"5515\">H\u00f6jdpunkter:<\/strong> En av de st\u00f6rsta sj\u00f6arna i regionen; stort, lugnt vatten.<br data-start=\"5573\" data-end=\"5576\"><strong data-start=\"5576\" data-end=\"5587\">Starta:<\/strong> Flera ramper\/sp\u00e5r.<br data-start=\"5609\" data-end=\"5612\"><strong data-start=\"5612\" data-end=\"5626\">Tidvatten\/vind:<\/strong> N\/A; b\u00e4st under lugna dagar.<br data-start=\"5650\" data-end=\"5653\"><strong data-start=\"5653\" data-end=\"5671\">Parkering\/Noteringar:<\/strong> Perfekt f\u00f6r en heldags picknickpaddling. \ud83d\udc49 <a class=\"decorated-link\" href=\"https:\/\/goo.gl\/maps\/SKPqn8U6nQXm7tX66\" target=\"_blank\" rel=\"noopener\" data-start=\"5155\" data-end=\"5198\">Karta plats<\/a> <\/p>\t\t\t\t\t\t\t\t<\/div>\n\t\t\t\t<\/div>\n\t\t\t\t<div class=\"elementor-element elementor-element-0d3a8a0 elementor-widget elementor-widget-image\" data-id=\"0d3a8a0\" data-element_type=\"widget\" data-e-type=\"widget\" data-widget_type=\"image.default\">\n\t\t\t\t<div class=\"elementor-widget-container\">\n\t\t\t\t\t\t\t\t\t\t\t\t\t\t\t<img loading=\"lazy\" decoding=\"async\" width=\"800\" height=\"353\" src=\"https:\/\/oceancamper.com\/wp-content\/uploads\/2020\/12\/barragem-de-santa-clara-sup-alentejo.jpg\" class=\"attachment-large size-large wp-image-208100\" alt=\"Santa Clara-dammen i Alentejo, Portugal \u2013 en stilla, bl\u00e5 sj\u00f6 omgiven av b\u00f6ljande gr\u00f6na kullar och landsbygd.\" srcset=\"https:\/\/oceancamper.com\/wp-content\/uploads\/2020\/12\/barragem-de-santa-clara-sup-alentejo.jpg 960w, https:\/\/oceancamper.com\/wp-content\/uploads\/2020\/12\/barragem-de-santa-clara-sup-alentejo-300x132.jpg 300w, https:\/\/oceancamper.com\/wp-content\/uploads\/2020\/12\/barragem-de-santa-clara-sup-alentejo-768x338.jpg 768w, https:\/\/oceancamper.com\/wp-content\/uploads\/2020\/12\/barragem-de-santa-clara-sup-alentejo-240x106.jpg 240w\" sizes=\"(max-width: 800px) 100vw, 800px\" \/>\t\t\t\t\t\t\t\t\t\t\t\t\t\t\t<\/div>\n\t\t\t\t<\/div>\n\t\t\t\t<div class=\"elementor-element elementor-element-ec8deaa elementor-widget elementor-widget-text-editor\" data-id=\"ec8deaa\" data-element_type=\"widget\" data-e-type=\"widget\" data-widget_type=\"text-editor.default\">\n\t\t\t\t<div class=\"elementor-widget-container\">\n\t\t\t\t\t\t\t\t\t<p>Foto &#8221;Barragem de Santa Clara Alentejo (2264826229).jpg&#8221; av Guy MOLL, licensierad enligt <a class=\"decorated-link\" href=\"https:\/\/commons.wikimedia.org\/wiki\/File:Barragem_de_Santa_Clara_Alentejo_(2264826229).jpg\" target=\"_blank\" rel=\"noopener\" data-start=\"88\" data-end=\"145\">CC BY 2.0<\/a><\/p>\t\t\t\t\t\t\t\t<\/div>\n\t\t\t\t<\/div>\n\t\t\t\t\t<\/div>\n\t\t<\/div>\n\t\t\t\t\t<\/div>\n\t\t<\/section>\n\t\t\t\t<section class=\"elementor-section elementor-top-section elementor-element elementor-element-ed51ce5 elementor-section-stretched elementor-section-boxed elementor-section-height-default elementor-section-height-default\" data-id=\"ed51ce5\" data-element_type=\"section\" data-e-type=\"section\" id=\"tips\" data-settings=\"{&quot;stretch_section&quot;:&quot;section-stretched&quot;,&quot;background_background&quot;:&quot;classic&quot;}\">\n\t\t\t\t\t\t<div class=\"elementor-container elementor-column-gap-default\">\n\t\t\t\t\t<div class=\"elementor-column elementor-col-100 elementor-top-column elementor-element elementor-element-c41125f\" data-id=\"c41125f\" data-element_type=\"column\" data-e-type=\"column\">\n\t\t\t<div class=\"elementor-widget-wrap elementor-element-populated\">\n\t\t\t\t\t\t<div class=\"elementor-element elementor-element-78e5e760 elementor-widget elementor-widget-heading\" data-id=\"78e5e760\" data-element_type=\"widget\" data-e-type=\"widget\" data-widget_type=\"heading.default\">\n\t\t\t\t<div class=\"elementor-widget-container\">\n\t\t\t\t\t<h2 class=\"elementor-heading-title elementor-size-default\">Vad du ska packa (snabb checklista)<\/h2>\t\t\t\t<\/div>\n\t\t\t\t<\/div>\n\t\t\t\t<div class=\"elementor-element elementor-element-ba2b1fa elementor-widget elementor-widget-text-editor\" data-id=\"ba2b1fa\" data-element_type=\"widget\" data-e-type=\"widget\" data-widget_type=\"text-editor.default\">\n\t\t\t\t<div class=\"elementor-widget-container\">\n\t\t\t\t\t\t\t\t\t<ul><li data-start=\"6106\" data-end=\"6146\">Uppbl\u00e5sbar SUP + koppel + paddel + pump<\/li><li data-start=\"6149\" data-end=\"6199\">PFD (flytv\u00e4st) rekommenderas, s\u00e4rskilt f\u00f6r barn<\/li><li data-start=\"6202\" data-end=\"6244\">Reef-s\u00e4ker solkr\u00e4m, hatt, vatten, torrp\u00e5se<\/li><li data-start=\"6247\" data-end=\"6295\">Telefon i vattent\u00e4t p\u00e5se; liten f\u00f6rsta hj\u00e4lpen-kit<\/li><li data-start=\"6298\" data-end=\"6338\">V\u00e5tdr\u00e4kt (beroende p\u00e5 s\u00e4song) \/ rashguard<\/li><li data-start=\"6341\" data-end=\"6373\">Pannlampa om du startar f\u00f6re soluppg\u00e5ngen<\/li><\/ul>\t\t\t\t\t\t\t\t<\/div>\n\t\t\t\t<\/div>\n\t\t\t\t<div class=\"elementor-element elementor-element-2aadde1 elementor-widget elementor-widget-heading\" data-id=\"2aadde1\" data-element_type=\"widget\" data-e-type=\"widget\" data-widget_type=\"heading.default\">\n\t\t\t\t<div class=\"elementor-widget-container\">\n\t\t\t\t\t<h2 class=\"elementor-heading-title elementor-size-default\">\u26a0\ufe0f S\u00e4kerhetstips f\u00f6r paddleboarding i Portugal<\/h2>\t\t\t\t<\/div>\n\t\t\t\t<\/div>\n\t\t\t\t<div class=\"elementor-element elementor-element-e651918 elementor-widget elementor-widget-text-editor\" data-id=\"e651918\" data-element_type=\"widget\" data-e-type=\"widget\" data-widget_type=\"text-editor.default\">\n\t\t\t\t<div class=\"elementor-widget-container\">\n\t\t\t\t\t\t\t\t\t<ul><li data-start=\"5261\" data-end=\"5325\"><strong data-start=\"5264\" data-end=\"5274\">\ud83c\udf0a Havet:<\/strong> Undvik paddling vid stark vind eller h\u00f6g svallv\u00e5g.<\/li><li data-start=\"5328\" data-end=\"5419\">\ud83c\udf2c\ufe0f <strong data-start=\"5332\" data-end=\"5343\">Floder<\/strong>: G\u00e5 aldrig in i omr\u00e5den d\u00e4r en flod m\u00f6ter havet &#8211; str\u00f6mmarna \u00e4r farliga.<\/li><li data-start=\"5422\" data-end=\"5490\">\ud83d\udca6 <strong data-start=\"5425\" data-end=\"5434\">Utrustning<\/strong>: B\u00e4r alltid ett koppel och helst en PFD (flytv\u00e4st).<\/li><li data-start=\"5493\" data-end=\"5558\">\ud83c\udf24\ufe0f <strong data-start=\"5497\" data-end=\"5508\">Tidpunkt<\/strong>: F\u00f6rmiddagarna \u00e4r lugnast; eftermiddagarna kan bli bl\u00e5siga.<\/li><li data-start=\"5561\" data-end=\"5641\">\ud83d\udd06 <strong data-start=\"5564\" data-end=\"5583\">Solskydd:<\/strong> Hatt, solskyddsmedel, solglas\u00f6gon med rem, mycket vatten.<\/li><\/ul>\t\t\t\t\t\t\t\t<\/div>\n\t\t\t\t<\/div>\n\t\t\t\t<div class=\"elementor-element elementor-element-b9c72b1 elementor-widget elementor-widget-heading\" data-id=\"b9c72b1\" data-element_type=\"widget\" data-e-type=\"widget\" data-widget_type=\"heading.default\">\n\t\t\t\t<div class=\"elementor-widget-container\">\n\t\t\t\t\t<h2 class=\"elementor-heading-title elementor-size-default\">\ud83c\udfc4\u200d\u2642\ufe0f FAQ - Paddleboarding i Algarve<\/h2>\t\t\t\t<\/div>\n\t\t\t\t<\/div>\n\t\t\t\t<div class=\"elementor-element elementor-element-6d8397b elementor-widget elementor-widget-text-editor\" data-id=\"6d8397b\" data-element_type=\"widget\" data-e-type=\"widget\" data-widget_type=\"text-editor.default\">\n\t\t\t\t<div class=\"elementor-widget-container\">\n\t\t\t\t\t\t\t\t\t<h4 data-start=\"331\" data-end=\"375\">\u2753 Kan jag paddleboard i Benagil Cave?<\/h4><p data-start=\"376\" data-end=\"604\">Nej. Av s\u00e4kerhets- och milj\u00f6sk\u00e4l \u00e4r det <strong data-start=\"421\" data-end=\"503\">inte l\u00e4ngre till\u00e5tet att paddla paddleboard eller kajak i Benagil Cave.<\/strong> Du kan fortfarande bes\u00f6ka den p\u00e5 <strong data-start=\"531\" data-end=\"560\">guidade SUP- eller kajakturer<\/strong>, som \u00e4r de enda lagliga och s\u00e4kra alternativen.  <\/p>\t\t\t\t\t\t\t\t<\/div>\n\t\t\t\t<\/div>\n\t\t\t\t<div class=\"elementor-element elementor-element-58dcab1 elementor-widget elementor-widget-text-editor\" data-id=\"58dcab1\" data-element_type=\"widget\" data-e-type=\"widget\" data-widget_type=\"text-editor.default\">\n\t\t\t\t<div class=\"elementor-widget-container\">\n\t\t\t\t\t\t\t\t\t<h4 data-start=\"611\" data-end=\"675\">\u2753 Vilken \u00e4r den b\u00e4sta tiden p\u00e5 dagen f\u00f6r att paddleboard i Algarve?<\/h4><p data-start=\"676\" data-end=\"882\"><strong data-start=\"676\" data-end=\"713\">Tidigt p\u00e5 morgonen (fr\u00e5n soluppg\u00e5ngen till kl. 10)<\/strong> \u00e4r det b\u00e4st \u2013 det \u00e4r vindstilla, vattnet \u00e4r spegelblankt och b\u00e5ttrafiken \u00e4r minimal.<br data-start=\"792\" data-end=\"795\"\/>P\u00e5 eftermiddagarna bl\u00e5ser det ofta en starkare nordv\u00e4stlig vind, s\u00e4rskilt fr\u00e5n <strong data-start=\"860\" data-end=\"881\">juni till september<\/strong>.<\/p>\t\t\t\t\t\t\t\t<\/div>\n\t\t\t\t<\/div>\n\t\t\t\t<div class=\"elementor-element elementor-element-5215423 elementor-widget elementor-widget-text-editor\" data-id=\"5215423\" data-element_type=\"widget\" data-e-type=\"widget\" data-widget_type=\"text-editor.default\">\n\t\t\t\t<div class=\"elementor-widget-container\">\n\t\t\t\t\t\t\t\t\t<h4 data-start=\"889\" data-end=\"946\">\u2753 Beh\u00f6ver jag en v\u00e5tdr\u00e4kt f\u00f6r paddleboarding i Portugal?<\/h4><p data-start=\"947\" data-end=\"974\">Det beror p\u00e5 s\u00e4song:<\/p><ul><li data-start=\"977\" data-end=\"1026\"><strong data-start=\"977\" data-end=\"997\">V\u00e5r \/ h\u00f6st:<\/strong> 3\/2 mm v\u00e5tdr\u00e4kt rekommenderas<\/li><li data-start=\"1029\" data-end=\"1061\"><strong data-start=\"1029\" data-end=\"1040\">Sommar:<\/strong> shorty eller baddr\u00e4kt<\/li><li data-start=\"1064\" data-end=\"1186\"><strong data-start=\"1064\" data-end=\"1075\">Vinter:<\/strong> 4\/3 mm om du stannar l\u00e4ngre i vattnet<br data-start=\"1114\" data-end=\"1117\"\/>Vattentemperaturen varierar mellan <strong data-start=\"1147\" data-end=\"1185\">16 \u00b0C p\u00e5 v\u00e5ren och 23 \u00b0C p\u00e5 sommaren<\/strong><\/li><\/ul>\t\t\t\t\t\t\t\t<\/div>\n\t\t\t\t<\/div>\n\t\t\t\t<div class=\"elementor-element elementor-element-b491614 elementor-widget elementor-widget-text-editor\" data-id=\"b491614\" data-element_type=\"widget\" data-e-type=\"widget\" data-widget_type=\"text-editor.default\">\n\t\t\t\t<div class=\"elementor-widget-container\">\n\t\t\t\t\t\t\t\t\t<h4 data-start=\"1193\" data-end=\"1246\">\u2753 Var \u00e4r de lugnaste SUP-platserna i Algarve?<\/h4><p data-start=\"1247\" data-end=\"1298\">F\u00f6r nyb\u00f6rjare finns lugna och skyddade vatten:<\/p><ul><li data-start=\"1301\" data-end=\"1345\"><strong data-start=\"1301\" data-end=\"1316\">Ria Formosa<\/strong> (Faro &#8211; \u00f6ar och laguner)<\/li><li data-start=\"1348\" data-end=\"1423\">Barragem <strong data-start=\"1348\" data-end=\"1370\">do Funcho<\/strong> och <strong data-start=\"1375\" data-end=\"1402\">Barragem de Santa Clara<\/strong> (s\u00f6tvattensj\u00f6ar)<\/li><li data-start=\"1426\" data-end=\"1483\"><strong data-start=\"1426\" data-end=\"1452\">Vila Nova de Milfontes<\/strong> (Miraflodens mynning, Alentejo)<\/li><\/ul>\t\t\t\t\t\t\t\t<\/div>\n\t\t\t\t<\/div>\n\t\t\t\t<div class=\"elementor-element elementor-element-5219366 elementor-widget elementor-widget-text-editor\" data-id=\"5219366\" data-element_type=\"widget\" data-e-type=\"widget\" data-widget_type=\"text-editor.default\">\n\t\t\t\t<div class=\"elementor-widget-container\">\n\t\t\t\t\t\t\t\t\t<h4 data-start=\"1490\" data-end=\"1550\">\u2753 Vilka s\u00e4kerhetstips ska jag f\u00f6lja n\u00e4r jag paddleboardar?<\/h4><ul><li data-start=\"1553\" data-end=\"1601\">B\u00e4r alltid <strong data-start=\"1567\" data-end=\"1599\">koppel och flytv\u00e4st (PFD)<\/strong><\/li><li data-start=\"1604\" data-end=\"1654\">Undvik grottor n\u00e4r det \u00e4r svallv\u00e5gor <strong data-start=\"1629\" data-end=\"1652\">eller b\u00e5tsvall<\/strong><\/li><li data-start=\"1657\" data-end=\"1703\">G\u00e5 inte in i <strong data-start=\"1669\" data-end=\"1685\">flodmynningar<\/strong> under ebbtidvatten<\/li><li data-start=\"1706\" data-end=\"1773\">Kontrollera <strong data-start=\"1712\" data-end=\"1744\">vind (&lt; 12 kn f\u00f6r nyb\u00f6rjare<\/strong> ) och <strong data-start=\"1749\" data-end=\"1758\">tidvatten<\/strong> innan du g\u00e5r<\/li><li data-start=\"1776\" data-end=\"1832\">Ta med <strong data-start=\"1782\" data-end=\"1832\">vatten, solskyddsmedel och telefon i vattent\u00e4tt fod<\/strong>ral<\/li><\/ul>\t\t\t\t\t\t\t\t<\/div>\n\t\t\t\t<\/div>\n\t\t\t\t<div class=\"elementor-element elementor-element-e2e76c0 elementor-widget elementor-widget-text-editor\" data-id=\"e2e76c0\" data-element_type=\"widget\" data-e-type=\"widget\" data-widget_type=\"text-editor.default\">\n\t\t\t\t<div class=\"elementor-widget-container\">\n\t\t\t\t\t\t\t\t\t<h4 data-start=\"1839\" data-end=\"1878\">\u2753 Kan jag hyra en paddleboard i Faro?<\/h4><p data-start=\"1879\" data-end=\"2096\">Ja! <strong data-start=\"1884\" data-end=\"1908\">Ocean Camper i Faro<\/strong> hyr ut <strong data-start=\"1915\" data-end=\"1934\">uppbl\u00e5sbara SUP-br\u00e4dor<\/strong> som f\u00e5r plats i vilken bil eller Campervan som helst.<br data-start=\"1968\" data-end=\"1971\"\/>Varje set inneh\u00e5ller en <strong data-start=\"1991\" data-end=\"2043\">pump, en paddel, en s\u00e4kerhetslina, flytv\u00e4st (tillval) och takremmar<\/strong> \u2013 perfekt f\u00f6r att utforska Algarves kust och sj\u00f6ar.<\/p>\t\t\t\t\t\t\t\t<\/div>\n\t\t\t\t<\/div>\n\t\t\t\t<div class=\"elementor-element elementor-element-f825eb5 elementor-widget elementor-widget-heading\" data-id=\"f825eb5\" data-element_type=\"widget\" data-e-type=\"widget\" data-widget_type=\"heading.default\">\n\t\t\t\t<div class=\"elementor-widget-container\">\n\t\t\t\t\t<h2 class=\"elementor-heading-title elementor-size-default\">G\u00f6r det till ett husbils\u00e4ventyr<\/h2>\t\t\t\t<\/div>\n\t\t\t\t<\/div>\n\t\t\t\t<div class=\"elementor-element elementor-element-e8a61ac elementor-widget elementor-widget-text-editor\" data-id=\"e8a61ac\" data-element_type=\"widget\" data-e-type=\"widget\" data-widget_type=\"text-editor.default\">\n\t\t\t\t<div class=\"elementor-widget-container\">\n\t\t\t\t\t\t\t\t\t<p>Uppt\u00e4ck omgivningarna p\u00e5 egen hand med en Campervan utrustad f\u00f6r vattensporter!<br data-start=\"5744\" data-end=\"5747\"\/>Alla v\u00e5ra Campervans, fr\u00e5n <a href=\"https:\/\/oceancamper.com\/sv\/husbilsuthyrning\/trustpilot-ocean-camper-toppbetyg\/\"><strong>Faro<\/strong><\/a> eller <a href=\"https:\/\/oceancamper.com\/sv\/husbilsuthyrning\/lissabon\/\"><strong>Lissabon<\/strong><\/a>, inkluderar:<\/p><ul><li data-start=\"5786\" data-end=\"5817\">Dusch och vattentank utomhus<\/li><li data-start=\"5820\" data-end=\"5854\">Takr\u00e4cke f\u00f6r surfbr\u00e4dor eller SUP:s<\/li><li data-start=\"5857\" data-end=\"5886\">Matlagningsutrustning och dubbels\u00e4ng<\/li><li data-start=\"5889\" data-end=\"5923\">Valfri hyra av SUP eller surfbr\u00e4da<\/li><li>Planera en slinga fr\u00e5n <strong data-start=\"5942\" data-end=\"5979\">Faro \u2192 Lagos \u2192 Aljezur \u2192 Alentejo<\/strong> och kombinera SUP och camping (se v\u00e5r guide <a class=\"decorated-link\" href=\"https:\/\/oceancamper.com\/sv\/vildcamping-portugal\/\" target=\"_new\" rel=\"noopener\" data-start=\"6028\" data-end=\"6107\">Campingregler i Portugal<\/a> ).<\/li><\/ul>\t\t\t\t\t\t\t\t<\/div>\n\t\t\t\t<\/div>\n\t\t\t\t\t<\/div>\n\t\t<\/div>\n\t\t\t\t\t<\/div>\n\t\t<\/section>\n\t\t\t\t<section class=\"elementor-section elementor-top-section elementor-element elementor-element-11a7b2db elementor-section-stretched elementor-section-boxed elementor-section-height-default elementor-section-height-default\" data-id=\"11a7b2db\" data-element_type=\"section\" data-e-type=\"section\" data-settings=\"{&quot;stretch_section&quot;:&quot;section-stretched&quot;,&quot;background_background&quot;:&quot;classic&quot;}\">\n\t\t\t\t\t\t<div class=\"elementor-container elementor-column-gap-default\">\n\t\t\t\t\t<div class=\"elementor-column elementor-col-100 elementor-top-column elementor-element elementor-element-218f0346\" data-id=\"218f0346\" data-element_type=\"column\" data-e-type=\"column\">\n\t\t\t<div class=\"elementor-widget-wrap elementor-element-populated\">\n\t\t\t\t\t\t<section class=\"elementor-section elementor-inner-section elementor-element elementor-element-4d9fb23a elementor-section-boxed elementor-section-height-default elementor-section-height-default\" data-id=\"4d9fb23a\" data-element_type=\"section\" data-e-type=\"section\">\n\t\t\t\t\t\t<div class=\"elementor-container elementor-column-gap-default\">\n\t\t\t\t\t<div class=\"elementor-column elementor-col-100 elementor-inner-column elementor-element elementor-element-5d848830\" data-id=\"5d848830\" data-element_type=\"column\" data-e-type=\"column\">\n\t\t\t<div class=\"elementor-widget-wrap elementor-element-populated\">\n\t\t\t\t\t\t<div class=\"elementor-element elementor-element-8d95261 elementor-widget elementor-widget-heading\" data-id=\"8d95261\" data-element_type=\"widget\" data-e-type=\"widget\" data-widget_type=\"heading.default\">\n\t\t\t\t<div class=\"elementor-widget-container\">\n\t\t\t\t\t<h3 class=\"elementor-heading-title elementor-size-default\">Kolla in v\u00e5ra andra inl\u00e4gg:<\/h3>\t\t\t\t<\/div>\n\t\t\t\t<\/div>\n\t\t\t\t<div class=\"elementor-element elementor-element-13ed2104 elementor-grid-tablet-3 elementor-grid-3 elementor-grid-mobile-1 elementor-posts--thumbnail-top elementor-posts__hover-gradient elementor-widget elementor-widget-posts\" data-id=\"13ed2104\" data-element_type=\"widget\" data-e-type=\"widget\" data-settings=\"{&quot;cards_row_gap&quot;:{&quot;unit&quot;:&quot;px&quot;,&quot;size&quot;:20,&quot;sizes&quot;:[]},&quot;cards_row_gap_mobile&quot;:{&quot;unit&quot;:&quot;px&quot;,&quot;size&quot;:10,&quot;sizes&quot;:[]},&quot;cards_columns_tablet&quot;:&quot;3&quot;,&quot;cards_row_gap_tablet&quot;:{&quot;unit&quot;:&quot;px&quot;,&quot;size&quot;:5,&quot;sizes&quot;:[]},&quot;cards_columns&quot;:&quot;3&quot;,&quot;cards_columns_mobile&quot;:&quot;1&quot;}\" data-widget_type=\"posts.cards\">\n\t\t\t\t<div class=\"elementor-widget-container\">\n\t\t\t\t\t\t\t<div class=\"elementor-posts-container elementor-posts elementor-posts--skin-cards elementor-grid\" role=\"list\">\n\t\t\t\t<article class=\"elementor-post elementor-grid-item post-162216 post type-post status-publish format-standard has-post-thumbnail hentry category-hojdpunkter\" role=\"listitem\">\n\t\t\t<div class=\"elementor-post__card\">\n\t\t\t\t<a class=\"elementor-post__thumbnail__link\" href=\"https:\/\/oceancamper.com\/sv\/surfing-i-portugal\/\" tabindex=\"-1\" ><div class=\"elementor-post__thumbnail\"><img loading=\"lazy\" decoding=\"async\" width=\"300\" height=\"200\" src=\"https:\/\/oceancamper.com\/wp-content\/uploads\/2020\/12\/surfing-in-portugal-ocean-camper-van-300x200.jpg\" class=\"attachment-medium size-medium wp-image-206785\" alt=\"Surfing i Portugal med Ocean Camper van parkerad vid stranden i solnedg\u00e5ngen\" srcset=\"https:\/\/oceancamper.com\/wp-content\/uploads\/2020\/12\/surfing-in-portugal-ocean-camper-van-300x200.jpg 300w, https:\/\/oceancamper.com\/wp-content\/uploads\/2020\/12\/surfing-in-portugal-ocean-camper-van-1024x683.jpg 1024w, https:\/\/oceancamper.com\/wp-content\/uploads\/2020\/12\/surfing-in-portugal-ocean-camper-van-768x512.jpg 768w, https:\/\/oceancamper.com\/wp-content\/uploads\/2020\/12\/surfing-in-portugal-ocean-camper-van-1536x1024.jpg 1536w, https:\/\/oceancamper.com\/wp-content\/uploads\/2020\/12\/surfing-in-portugal-ocean-camper-van-2048x1365.jpg 2048w, https:\/\/oceancamper.com\/wp-content\/uploads\/2020\/12\/surfing-in-portugal-ocean-camper-van-240x160.jpg 240w\" sizes=\"(max-width: 300px) 100vw, 300px\" \/><\/div><\/a>\n\t\t\t\t<div class=\"elementor-post__text\">\n\t\t\t\t<h2 class=\"elementor-post__title\">\n\t\t\t<a href=\"https:\/\/oceancamper.com\/sv\/surfing-i-portugal\/\" >\n\t\t\t\tSurfing i Portugal: B\u00e4sta str\u00e4nderna, surfplatserna och reseguide f\u00f6r husbilar\t\t\t<\/a>\n\t\t<\/h2>\n\t\t\t\t<div class=\"elementor-post__excerpt\">\n\t\t\t<p>B\u00e4sta str\u00e4nderna f\u00f6r surfing i Algarve och Costa Vicentina. Karta och information om vad du kan f\u00f6rv\u00e4nta dig p\u00e5 varje strand.   <\/p>\n\t\t<\/div>\n\t\t\n\t\t<a class=\"elementor-post__read-more\" href=\"https:\/\/oceancamper.com\/sv\/surfing-i-portugal\/\" aria-label=\"L\u00e4s mer om Surfing i Portugal: B\u00e4sta str\u00e4nderna, surfplatserna och reseguide f\u00f6r husbilar\" tabindex=\"-1\" >\n\t\t\tL\u00e4s mer \"\t\t<\/a>\n\n\t\t\t\t<\/div>\n\t\t\t\t\t<\/div>\n\t\t<\/article>\n\t\t\t\t<article class=\"elementor-post elementor-grid-item post-162135 post type-post status-publish format-standard has-post-thumbnail hentry category-okategoriserad\" role=\"listitem\">\n\t\t\t<div class=\"elementor-post__card\">\n\t\t\t\t<a class=\"elementor-post__thumbnail__link\" href=\"https:\/\/oceancamper.com\/sv\/fantastiska-strander\/\" tabindex=\"-1\" ><div class=\"elementor-post__thumbnail\"><img loading=\"lazy\" decoding=\"async\" width=\"300\" height=\"201\" src=\"https:\/\/oceancamper.com\/wp-content\/uploads\/2021\/10\/praia-da-amalia-zambujeira-do-mar-alentejo-ocean-camper-2025-300x201.jpg\" class=\"attachment-medium size-medium wp-image-208748\" alt=\"Praia da Am\u00e1lia-stranden omgiven av klippor n\u00e4ra Zambujeira do Mar, Alentejo-kusten, Portugal\" srcset=\"https:\/\/oceancamper.com\/wp-content\/uploads\/2021\/10\/praia-da-amalia-zambujeira-do-mar-alentejo-ocean-camper-2025-300x201.jpg 300w, https:\/\/oceancamper.com\/wp-content\/uploads\/2021\/10\/praia-da-amalia-zambujeira-do-mar-alentejo-ocean-camper-2025-768x515.jpg 768w, https:\/\/oceancamper.com\/wp-content\/uploads\/2021\/10\/praia-da-amalia-zambujeira-do-mar-alentejo-ocean-camper-2025-240x161.jpg 240w, https:\/\/oceancamper.com\/wp-content\/uploads\/2021\/10\/praia-da-amalia-zambujeira-do-mar-alentejo-ocean-camper-2025.jpg 960w\" sizes=\"(max-width: 300px) 100vw, 300px\" \/><\/div><\/a>\n\t\t\t\t<div class=\"elementor-post__text\">\n\t\t\t\t<h2 class=\"elementor-post__title\">\n\t\t\t<a href=\"https:\/\/oceancamper.com\/sv\/fantastiska-strander\/\" >\n\t\t\t\tFantastiska str\u00e4nder Algarve\t\t\t<\/a>\n\t\t<\/h2>\n\t\t\t\t<div class=\"elementor-post__excerpt\">\n\t\t\t<p>N\u00e4r du v\u00e4ljer en strand att h\u00e4nga p\u00e5, \u00f6verv\u00e4ga f\u00f6ljande aspekter: Tidvattnet i havet.<\/p>\n\t\t<\/div>\n\t\t\n\t\t<a class=\"elementor-post__read-more\" href=\"https:\/\/oceancamper.com\/sv\/fantastiska-strander\/\" aria-label=\"L\u00e4s mer om Fantastiska str\u00e4nder Algarve\" tabindex=\"-1\" >\n\t\t\tL\u00e4s mer \"\t\t<\/a>\n\n\t\t\t\t<\/div>\n\t\t\t\t\t<\/div>\n\t\t<\/article>\n\t\t\t\t<article class=\"elementor-post elementor-grid-item post-161964 post type-post status-publish format-standard has-post-thumbnail hentry category-okategoriserad tag-campingtips-sv tag-suptips-sv tag-surfingtips-sv\" role=\"listitem\">\n\t\t\t<div class=\"elementor-post__card\">\n\t\t\t\t<a class=\"elementor-post__thumbnail__link\" href=\"https:\/\/oceancamper.com\/sv\/portugal-basta-platser\/\" tabindex=\"-1\" ><div class=\"elementor-post__thumbnail\"><img loading=\"lazy\" decoding=\"async\" width=\"300\" height=\"200\" src=\"https:\/\/oceancamper.com\/wp-content\/uploads\/2023\/07\/arrifess-300x200.jpg\" class=\"attachment-medium size-medium wp-image-206911\" alt=\"\" srcset=\"https:\/\/oceancamper.com\/wp-content\/uploads\/2023\/07\/arrifess-300x200.jpg 300w, https:\/\/oceancamper.com\/wp-content\/uploads\/2023\/07\/arrifess-768x512.jpg 768w, https:\/\/oceancamper.com\/wp-content\/uploads\/2023\/07\/arrifess-240x160.jpg 240w, https:\/\/oceancamper.com\/wp-content\/uploads\/2023\/07\/arrifess.jpg 960w\" sizes=\"(max-width: 300px) 100vw, 300px\" \/><\/div><\/a>\n\t\t\t\t<div class=\"elementor-post__text\">\n\t\t\t\t<h2 class=\"elementor-post__title\">\n\t\t\t<a href=\"https:\/\/oceancamper.com\/sv\/portugal-basta-platser\/\" >\n\t\t\t\tKarta: De b\u00e4sta platserna i Portugal \u2013 din ultimata reseguide\t\t\t<\/a>\n\t\t<\/h2>\n\t\t\t\t<div class=\"elementor-post__excerpt\">\n\t\t\t<p>En karta med alla de b\u00e4sta platserna att bes\u00f6ka i Portugal: Surfstr\u00e4nder, SUP- och snorklingssporter och campingplatser.  <\/p>\n\t\t<\/div>\n\t\t\n\t\t<a class=\"elementor-post__read-more\" href=\"https:\/\/oceancamper.com\/sv\/portugal-basta-platser\/\" aria-label=\"L\u00e4s mer om Karta: De b\u00e4sta platserna i Portugal \u2013 din ultimata reseguide\" tabindex=\"-1\" >\n\t\t\tL\u00e4s mer \"\t\t<\/a>\n\n\t\t\t\t<\/div>\n\t\t\t\t\t<\/div>\n\t\t<\/article>\n\t\t\t\t<\/div>\n\t\t\n\t\t\t\t\t\t<\/div>\n\t\t\t\t<\/div>\n\t\t\t\t<div class=\"elementor-element elementor-element-18229b5 elementor-align-left elementor-tablet-align-left elementor-mobile-align-left elementor-widget elementor-widget-button\" data-id=\"18229b5\" data-element_type=\"widget\" data-e-type=\"widget\" data-widget_type=\"button.default\">\n\t\t\t\t<div class=\"elementor-widget-container\">\n\t\t\t\t\t\t\t\t\t<div class=\"elementor-button-wrapper\">\n\t\t\t\t\t<a class=\"elementor-button elementor-button-link elementor-size-sm elementor-animation-pop\" href=\"https:\/\/oceancamper.com\/sv\/blogg\/\">\n\t\t\t\t\t\t<span class=\"elementor-button-content-wrapper\">\n\t\t\t\t\t\t\t\t\t<span class=\"elementor-button-text\">Tillbaka till bloggen<\/span>\n\t\t\t\t\t<\/span>\n\t\t\t\t\t<\/a>\n\t\t\t\t<\/div>\n\t\t\t\t\t\t\t\t<\/div>\n\t\t\t\t<\/div>\n\t\t\t\t\t<\/div>\n\t\t<\/div>\n\t\t\t\t\t<\/div>\n\t\t<\/section>\n\t\t\t\t\t<\/div>\n\t\t<\/div>\n\t\t\t\t\t<\/div>\n\t\t<\/section>\n\t\t\t\t<\/div>\n\t\t","protected":false},"excerpt":{"rendered":"<p>B\u00e4sta platserna att g\u00f6ra SUP i Algarve! Grottor, floder och sj\u00f6ar. Hyr v\u00e5ra br\u00e4dor och paddla d\u00e4r andra turister inte kan g\u00e5.  <\/p>\n","protected":false},"author":1,"featured_media":208140,"comment_status":"closed","ping_status":"open","sticky":false,"template":"elementor_header_footer","format":"standard","meta":{"om_disable_all_campaigns":false,"footnotes":""},"categories":[287],"tags":[],"class_list":["post-162171","post","type-post","status-publish","format-standard","has-post-thumbnail","hentry","category-hojdpunkter"],"aioseo_notices":[],"aioseo_head":"\n\t\t<!-- All in One SEO 4.9.10 - aioseo.com -->\n\t<meta name=\"description\" content=\"En interaktiv karta \u00f6ver Portugal f\u00f6r Campervan-resen\u00e4rer: campingplatser, surfst\u00e4llen, str\u00e4nder och utsiktsplatser \u2013 allt samlat p\u00e5 ett st\u00e4lle s\u00e5 att du kan planera din resv\u00e4g.\" \/>\n\t<meta name=\"robots\" content=\"max-image-preview:large\" \/>\n\t<meta name=\"author\" content=\"nomadcanguru\"\/>\n\t<link rel=\"canonical\" href=\"https:\/\/oceancamper.com\/sv\/portugal-basta-platser\/\" \/>\n\t<meta name=\"generator\" content=\"All in One SEO (AIOSEO) 4.9.10\" \/>\n\t\t<meta property=\"og:locale\" content=\"sv_SE\" \/>\n\t\t<meta property=\"og:site_name\" content=\"Ocean Camper - Campervan Rental in Faro, Portugal\" \/>\n\t\t<meta property=\"og:type\" content=\"article\" \/>\n\t\t<meta property=\"og:title\" content=\"Karta \u00f6ver campingplatser i Portugal: Campingplatser, surfing och str\u00e4nder\" \/>\n\t\t<meta property=\"og:description\" content=\"En interaktiv karta \u00f6ver Portugal f\u00f6r Campervan-resen\u00e4rer: campingplatser, surfst\u00e4llen, str\u00e4nder och utsiktsplatser \u2013 allt samlat p\u00e5 ett st\u00e4lle s\u00e5 att du kan planera din resv\u00e4g.\" \/>\n\t\t<meta property=\"og:url\" content=\"https:\/\/oceancamper.com\/sv\/portugal-basta-platser\/\" \/>\n\t\t<meta property=\"og:image\" content=\"https:\/\/oceancamper.com\/wp-content\/uploads\/2022\/01\/Asset-5.png\" \/>\n\t\t<meta property=\"og:image:secure_url\" content=\"https:\/\/oceancamper.com\/wp-content\/uploads\/2022\/01\/Asset-5.png\" \/>\n\t\t<meta property=\"og:image:width\" content=\"662\" \/>\n\t\t<meta property=\"og:image:height\" content=\"291\" \/>\n\t\t<meta property=\"article:published_time\" content=\"2023-06-14T08:39:13+00:00\" \/>\n\t\t<meta property=\"article:modified_time\" content=\"2026-09-01T16:51:19+00:00\" \/>\n\t\t<meta property=\"article:publisher\" content=\"https:\/\/www.facebook.com\/oceancamper\/\" \/>\n\t\t<meta name=\"twitter:card\" content=\"summary\" \/>\n\t\t<meta name=\"twitter:site\" content=\"@Ocean_Camper\" \/>\n\t\t<meta name=\"twitter:title\" content=\"Karta \u00f6ver campingplatser i Portugal: Campingplatser, surfing och str\u00e4nder\" \/>\n\t\t<meta name=\"twitter:description\" content=\"En interaktiv karta \u00f6ver Portugal f\u00f6r Campervan-resen\u00e4rer: campingplatser, surfst\u00e4llen, str\u00e4nder och utsiktsplatser \u2013 allt samlat p\u00e5 ett st\u00e4lle s\u00e5 att du kan planera din resv\u00e4g.\" \/>\n\t\t<meta name=\"twitter:creator\" content=\"@Ocean_Camper\" \/>\n\t\t<meta name=\"twitter:image\" content=\"https:\/\/oceancamper.com\/wp-content\/uploads\/2022\/01\/Asset-5.png\" \/>\n\t\t<script type=\"application\/ld+json\" class=\"aioseo-schema\">\n\t\t\t{\"@context\":\"https:\\\/\\\/schema.org\",\"@graph\":[{\"@type\":\"BlogPosting\",\"@id\":\"https:\\\/\\\/oceancamper.com\\\/sv\\\/portugal-basta-platser\\\/#blogposting\",\"name\":\"Karta \\u00f6ver campingplatser i Portugal: Campingplatser, surfing och str\\u00e4nder\",\"headline\":\"Karta: De b\\u00e4sta platserna i Portugal \\u2013 din ultimata reseguide\",\"author\":{\"@id\":\"https:\\\/\\\/oceancamper.com\\\/sv\\\/author\\\/nomadcanguru\\\/#author\"},\"publisher\":{\"@id\":\"https:\\\/\\\/oceancamper.com\\\/sv\\\/#organization\"},\"image\":{\"@type\":\"ImageObject\",\"url\":\"https:\\\/\\\/oceancamper.com\\\/wp-content\\\/uploads\\\/2023\\\/07\\\/arrifess.jpg\",\"width\":960,\"height\":640},\"datePublished\":\"2023-06-14T08:39:13+00:00\",\"dateModified\":\"2026-09-01T16:51:19+00:00\",\"inLanguage\":\"sv-SE\",\"mainEntityOfPage\":{\"@id\":\"https:\\\/\\\/oceancamper.com\\\/sv\\\/portugal-basta-platser\\\/#webpage\"},\"isPartOf\":{\"@id\":\"https:\\\/\\\/oceancamper.com\\\/sv\\\/portugal-basta-platser\\\/#webpage\"},\"articleSection\":\"Okategoriserad, #campingtips, #suptips, #surfingtips, Valfritt\"},{\"@type\":\"BreadcrumbList\",\"@id\":\"https:\\\/\\\/oceancamper.com\\\/sv\\\/portugal-basta-platser\\\/#breadcrumblist\",\"itemListElement\":[{\"@type\":\"ListItem\",\"@id\":\"https:\\\/\\\/oceancamper.com\\\/sv\\\/#listItem\",\"position\":1,\"name\":\"Home\",\"item\":\"https:\\\/\\\/oceancamper.com\\\/sv\\\/\",\"nextItem\":{\"@type\":\"ListItem\",\"@id\":\"https:\\\/\\\/oceancamper.com\\\/sv\\\/category\\\/hojdpunkter\\\/#listItem\",\"name\":\"h\\u00f6jdpunkter\"}},{\"@type\":\"ListItem\",\"@id\":\"https:\\\/\\\/oceancamper.com\\\/sv\\\/category\\\/hojdpunkter\\\/#listItem\",\"position\":2,\"name\":\"h\\u00f6jdpunkter\",\"item\":\"https:\\\/\\\/oceancamper.com\\\/sv\\\/category\\\/hojdpunkter\\\/\",\"nextItem\":{\"@type\":\"ListItem\",\"@id\":\"https:\\\/\\\/oceancamper.com\\\/sv\\\/paddleboarding-algarve-de-basta-sup-platserna-grottor-sjoar\\\/#listItem\",\"name\":\"Paddleboarding i Algarve: De b\\u00e4sta SUP-platserna\"},\"previousItem\":{\"@type\":\"ListItem\",\"@id\":\"https:\\\/\\\/oceancamper.com\\\/sv\\\/#listItem\",\"name\":\"Home\"}},{\"@type\":\"ListItem\",\"@id\":\"https:\\\/\\\/oceancamper.com\\\/sv\\\/paddleboarding-algarve-de-basta-sup-platserna-grottor-sjoar\\\/#listItem\",\"position\":3,\"name\":\"Paddleboarding i Algarve: De b\\u00e4sta SUP-platserna\",\"previousItem\":{\"@type\":\"ListItem\",\"@id\":\"https:\\\/\\\/oceancamper.com\\\/sv\\\/category\\\/hojdpunkter\\\/#listItem\",\"name\":\"h\\u00f6jdpunkter\"}}]},{\"@type\":\"Organization\",\"@id\":\"https:\\\/\\\/oceancamper.com\\\/sv\\\/#organization\",\"name\":\"Ocean Camper\",\"description\":\"Ocean Camper provides affordable campervan rental in Portugal with fully equipped campervans for up to three people, available in Faro and Lisbon for flexible road trips.\",\"url\":\"https:\\\/\\\/oceancamper.com\\\/sv\\\/\",\"email\":\"info@oceancamper.com\",\"telephone\":\"+351920301044\",\"foundingDate\":\"2017-04-19\",\"numberOfEmployees\":{\"@type\":\"QuantitativeValue\",\"minValue\":0,\"maxValue\":10},\"logo\":{\"@type\":\"ImageObject\",\"url\":\"https:\\\/\\\/oceancamper.com\\\/wp-content\\\/uploads\\\/2022\\\/01\\\/Asset-5.png\",\"@id\":\"https:\\\/\\\/oceancamper.com\\\/sv\\\/portugal-basta-platser\\\/#organizationLogo\",\"width\":662,\"height\":291,\"caption\":\"Ocean Camper logo\"},\"image\":{\"@id\":\"https:\\\/\\\/oceancamper.com\\\/sv\\\/portugal-basta-platser\\\/#organizationLogo\"},\"sameAs\":[\"https:\\\/\\\/www.facebook.com\\\/oceancamper\\\/\",\"https:\\\/\\\/x.com\\\/Ocean_Camper\",\"https:\\\/\\\/www.instagram.com\\\/oceancamper.vans\\\/\",\"https:\\\/\\\/www.tiktok.com\\\/@oceancamper.vans\",\"https:\\\/\\\/www.youtube.com\\\/@oceancamper\",\"https:\\\/\\\/www.linkedin.com\\\/company\\\/oceancamper\\\/\",\"https:\\\/\\\/www.trustpilot.com\\\/review\\\/oceancamper.com\"]},{\"@type\":\"Person\",\"@id\":\"https:\\\/\\\/oceancamper.com\\\/sv\\\/author\\\/nomadcanguru\\\/#author\",\"url\":\"https:\\\/\\\/oceancamper.com\\\/sv\\\/author\\\/nomadcanguru\\\/\",\"name\":\"nomadcanguru\",\"image\":{\"@type\":\"ImageObject\",\"@id\":\"https:\\\/\\\/oceancamper.com\\\/sv\\\/portugal-basta-platser\\\/#authorImage\",\"url\":\"https:\\\/\\\/secure.gravatar.com\\\/avatar\\\/3a5092e8a35779f7501b5a8c315d77eae173c0705d8cfd512c06ce5460985e92?s=96&d=mm&r=g\",\"width\":96,\"height\":96,\"caption\":\"nomadcanguru\"}},{\"@type\":\"WebPage\",\"@id\":\"https:\\\/\\\/oceancamper.com\\\/sv\\\/portugal-basta-platser\\\/#webpage\",\"url\":\"https:\\\/\\\/oceancamper.com\\\/sv\\\/portugal-basta-platser\\\/\",\"name\":\"Karta \\u00f6ver campingplatser i Portugal: Campingplatser, surfing och str\\u00e4nder\",\"description\":\"En interaktiv karta \\u00f6ver Portugal f\\u00f6r Campervan-resen\\u00e4rer: campingplatser, surfst\\u00e4llen, str\\u00e4nder och utsiktsplatser \\u2013 allt samlat p\\u00e5 ett st\\u00e4lle s\\u00e5 att du kan planera din resv\\u00e4g.\",\"inLanguage\":\"sv-SE\",\"isPartOf\":{\"@id\":\"https:\\\/\\\/oceancamper.com\\\/sv\\\/#website\"},\"breadcrumb\":{\"@id\":\"https:\\\/\\\/oceancamper.com\\\/sv\\\/portugal-basta-platser\\\/#breadcrumblist\"},\"author\":{\"@id\":\"https:\\\/\\\/oceancamper.com\\\/sv\\\/author\\\/nomadcanguru\\\/#author\"},\"creator\":{\"@id\":\"https:\\\/\\\/oceancamper.com\\\/sv\\\/author\\\/nomadcanguru\\\/#author\"},\"image\":{\"@type\":\"ImageObject\",\"url\":\"https:\\\/\\\/oceancamper.com\\\/wp-content\\\/uploads\\\/2023\\\/07\\\/arrifess.jpg\",\"@id\":\"https:\\\/\\\/oceancamper.com\\\/sv\\\/portugal-basta-platser\\\/#mainImage\",\"width\":960,\"height\":640},\"primaryImageOfPage\":{\"@id\":\"https:\\\/\\\/oceancamper.com\\\/sv\\\/portugal-basta-platser\\\/#mainImage\"},\"datePublished\":\"2023-06-14T08:39:13+00:00\",\"dateModified\":\"2026-09-01T16:51:19+00:00\"},{\"@type\":\"WebSite\",\"@id\":\"https:\\\/\\\/oceancamper.com\\\/sv\\\/#website\",\"url\":\"https:\\\/\\\/oceancamper.com\\\/sv\\\/\",\"name\":\"Ocean Camper\",\"alternateName\":\"Ocean Camper Portugal\",\"description\":\"Campervan Rental in Faro, Portugal\",\"inLanguage\":\"sv-SE\",\"publisher\":{\"@id\":\"https:\\\/\\\/oceancamper.com\\\/sv\\\/#organization\"}}]}\n\t\t<\/script>\n\t\t<!-- All in One SEO -->\n\n","aioseo_head_json":{"title":"Karta \u00f6ver campingplatser i Portugal: Campingplatser, surfing och str\u00e4nder","description":"En interaktiv karta \u00f6ver Portugal f\u00f6r Campervan-resen\u00e4rer: campingplatser, surfst\u00e4llen, str\u00e4nder och utsiktsplatser \u2013 allt samlat p\u00e5 ett st\u00e4lle s\u00e5 att du kan planera din resv\u00e4g.","canonical_url":"https:\/\/oceancamper.com\/sv\/portugal-basta-platser\/","robots":"max-image-preview:large","keywords":"","webmasterTools":{"miscellaneous":""},"schema":{"@context":"https:\/\/schema.org","@graph":[{"@type":"BlogPosting","@id":"https:\/\/oceancamper.com\/sv\/portugal-basta-platser\/#blogposting","name":"Karta \u00f6ver campingplatser i Portugal: Campingplatser, surfing och str\u00e4nder","headline":"Karta: De b\u00e4sta platserna i Portugal \u2013 din ultimata reseguide","author":{"@id":"https:\/\/oceancamper.com\/sv\/author\/nomadcanguru\/#author"},"publisher":{"@id":"https:\/\/oceancamper.com\/sv\/#organization"},"image":{"@type":"ImageObject","url":"https:\/\/oceancamper.com\/wp-content\/uploads\/2023\/07\/arrifess.jpg","width":960,"height":640},"datePublished":"2023-06-14T08:39:13+00:00","dateModified":"2026-09-01T16:51:19+00:00","inLanguage":"sv-SE","mainEntityOfPage":{"@id":"https:\/\/oceancamper.com\/sv\/portugal-basta-platser\/#webpage"},"isPartOf":{"@id":"https:\/\/oceancamper.com\/sv\/portugal-basta-platser\/#webpage"},"articleSection":"Okategoriserad, #campingtips, #suptips, #surfingtips, Valfritt"},{"@type":"BreadcrumbList","@id":"https:\/\/oceancamper.com\/sv\/portugal-basta-platser\/#breadcrumblist","itemListElement":[{"@type":"ListItem","@id":"https:\/\/oceancamper.com\/sv\/#listItem","position":1,"name":"Home","item":"https:\/\/oceancamper.com\/sv\/","nextItem":{"@type":"ListItem","@id":"https:\/\/oceancamper.com\/sv\/category\/hojdpunkter\/#listItem","name":"h\u00f6jdpunkter"}},{"@type":"ListItem","@id":"https:\/\/oceancamper.com\/sv\/category\/hojdpunkter\/#listItem","position":2,"name":"h\u00f6jdpunkter","item":"https:\/\/oceancamper.com\/sv\/category\/hojdpunkter\/","nextItem":{"@type":"ListItem","@id":"https:\/\/oceancamper.com\/sv\/paddleboarding-algarve-de-basta-sup-platserna-grottor-sjoar\/#listItem","name":"Paddleboarding i Algarve: De b\u00e4sta SUP-platserna"},"previousItem":{"@type":"ListItem","@id":"https:\/\/oceancamper.com\/sv\/#listItem","name":"Home"}},{"@type":"ListItem","@id":"https:\/\/oceancamper.com\/sv\/paddleboarding-algarve-de-basta-sup-platserna-grottor-sjoar\/#listItem","position":3,"name":"Paddleboarding i Algarve: De b\u00e4sta SUP-platserna","previousItem":{"@type":"ListItem","@id":"https:\/\/oceancamper.com\/sv\/category\/hojdpunkter\/#listItem","name":"h\u00f6jdpunkter"}}]},{"@type":"Organization","@id":"https:\/\/oceancamper.com\/sv\/#organization","name":"Ocean Camper","description":"Ocean Camper provides affordable campervan rental in Portugal with fully equipped campervans for up to three people, available in Faro and Lisbon for flexible road trips.","url":"https:\/\/oceancamper.com\/sv\/","email":"info@oceancamper.com","telephone":"+351920301044","foundingDate":"2017-04-19","numberOfEmployees":{"@type":"QuantitativeValue","minValue":0,"maxValue":10},"logo":{"@type":"ImageObject","url":"https:\/\/oceancamper.com\/wp-content\/uploads\/2022\/01\/Asset-5.png","@id":"https:\/\/oceancamper.com\/sv\/portugal-basta-platser\/#organizationLogo","width":662,"height":291,"caption":"Ocean Camper logo"},"image":{"@id":"https:\/\/oceancamper.com\/sv\/portugal-basta-platser\/#organizationLogo"},"sameAs":["https:\/\/www.facebook.com\/oceancamper\/","https:\/\/x.com\/Ocean_Camper","https:\/\/www.instagram.com\/oceancamper.vans\/","https:\/\/www.tiktok.com\/@oceancamper.vans","https:\/\/www.youtube.com\/@oceancamper","https:\/\/www.linkedin.com\/company\/oceancamper\/","https:\/\/www.trustpilot.com\/review\/oceancamper.com"]},{"@type":"Person","@id":"https:\/\/oceancamper.com\/sv\/author\/nomadcanguru\/#author","url":"https:\/\/oceancamper.com\/sv\/author\/nomadcanguru\/","name":"nomadcanguru","image":{"@type":"ImageObject","@id":"https:\/\/oceancamper.com\/sv\/portugal-basta-platser\/#authorImage","url":"https:\/\/secure.gravatar.com\/avatar\/3a5092e8a35779f7501b5a8c315d77eae173c0705d8cfd512c06ce5460985e92?s=96&d=mm&r=g","width":96,"height":96,"caption":"nomadcanguru"}},{"@type":"WebPage","@id":"https:\/\/oceancamper.com\/sv\/portugal-basta-platser\/#webpage","url":"https:\/\/oceancamper.com\/sv\/portugal-basta-platser\/","name":"Karta \u00f6ver campingplatser i Portugal: Campingplatser, surfing och str\u00e4nder","description":"En interaktiv karta \u00f6ver Portugal f\u00f6r Campervan-resen\u00e4rer: campingplatser, surfst\u00e4llen, str\u00e4nder och utsiktsplatser \u2013 allt samlat p\u00e5 ett st\u00e4lle s\u00e5 att du kan planera din resv\u00e4g.","inLanguage":"sv-SE","isPartOf":{"@id":"https:\/\/oceancamper.com\/sv\/#website"},"breadcrumb":{"@id":"https:\/\/oceancamper.com\/sv\/portugal-basta-platser\/#breadcrumblist"},"author":{"@id":"https:\/\/oceancamper.com\/sv\/author\/nomadcanguru\/#author"},"creator":{"@id":"https:\/\/oceancamper.com\/sv\/author\/nomadcanguru\/#author"},"image":{"@type":"ImageObject","url":"https:\/\/oceancamper.com\/wp-content\/uploads\/2023\/07\/arrifess.jpg","@id":"https:\/\/oceancamper.com\/sv\/portugal-basta-platser\/#mainImage","width":960,"height":640},"primaryImageOfPage":{"@id":"https:\/\/oceancamper.com\/sv\/portugal-basta-platser\/#mainImage"},"datePublished":"2023-06-14T08:39:13+00:00","dateModified":"2026-09-01T16:51:19+00:00"},{"@type":"WebSite","@id":"https:\/\/oceancamper.com\/sv\/#website","url":"https:\/\/oceancamper.com\/sv\/","name":"Ocean Camper","alternateName":"Ocean Camper Portugal","description":"Campervan Rental in Faro, Portugal","inLanguage":"sv-SE","publisher":{"@id":"https:\/\/oceancamper.com\/sv\/#organization"}}]},"og:locale":"sv_SE","og:site_name":"Ocean Camper - Campervan Rental in Faro, Portugal","og:type":"article","og:title":"Karta \u00f6ver campingplatser i Portugal: Campingplatser, surfing och str\u00e4nder","og:description":"En interaktiv karta \u00f6ver Portugal f\u00f6r Campervan-resen\u00e4rer: campingplatser, surfst\u00e4llen, str\u00e4nder och utsiktsplatser \u2013 allt samlat p\u00e5 ett st\u00e4lle s\u00e5 att du kan planera din resv\u00e4g.","og:url":"https:\/\/oceancamper.com\/sv\/portugal-basta-platser\/","og:image":"https:\/\/oceancamper.com\/wp-content\/uploads\/2022\/01\/Asset-5.png","og:image:secure_url":"https:\/\/oceancamper.com\/wp-content\/uploads\/2022\/01\/Asset-5.png","og:image:width":662,"og:image:height":291,"article:published_time":"2023-06-14T08:39:13+00:00","article:modified_time":"2026-09-01T16:51:19+00:00","article:publisher":"https:\/\/www.facebook.com\/oceancamper\/","twitter:card":"summary","twitter:site":"@Ocean_Camper","twitter:title":"Karta \u00f6ver campingplatser i Portugal: Campingplatser, surfing och str\u00e4nder","twitter:description":"En interaktiv karta \u00f6ver Portugal f\u00f6r Campervan-resen\u00e4rer: campingplatser, surfst\u00e4llen, str\u00e4nder och utsiktsplatser \u2013 allt samlat p\u00e5 ett st\u00e4lle s\u00e5 att du kan planera din resv\u00e4g.","twitter:creator":"@Ocean_Camper","twitter:image":"https:\/\/oceancamper.com\/wp-content\/uploads\/2022\/01\/Asset-5.png"},"aioseo_meta_data":{"post_id":"162171","title":"Paddleboarding i Algarve: De b\u00e4sta SUP-platserna | Ocean Camper","description":"Paddleboarding i Algarve: utforska grottor, klippor och stilla sj\u00f6ar i Benagil, Lagos och Ria Formosa. Hyr din SUP hos Ocean Camper i Faro. ","keywords":null,"keyphrases":{"focus":{"keyphrase":"paddleboarding algarve","score":78,"analysis":{"keyphraseInTitle":{"score":9,"maxScore":9,"error":0},"keyphraseInDescription":{"score":9,"maxScore":9,"error":0},"keyphraseLength":{"score":9,"maxScore":9,"error":0,"length":2},"keyphraseInURL":{"score":5,"maxScore":5,"error":0},"keyphraseInIntroduction":{"score":9,"maxScore":9,"error":0},"keyphraseInSubHeadings":{"score":3,"maxScore":9,"error":1},"keyphraseInImageAlt":{"score":9,"maxScore":9,"error":0},"keywordDensity":{"score":0,"type":"low","maxScore":9,"error":1}}},"additional":[{"keyphrase":"sup algarve","score":53,"analysis":{"keyphraseInDescription":{"score":3,"maxScore":9,"error":1},"keyphraseLength":{"score":9,"maxScore":9,"error":0,"length":2},"keyphraseInIntroduction":{"score":3,"maxScore":9,"error":1},"keyphraseInImageAlt":{"score":9,"maxScore":9,"error":0},"keywordDensity":{"score":0,"type":"low","maxScore":9,"error":1}}},{"keyphrase":"paddleboarding portugal","score":53,"analysis":{"keyphraseInDescription":{"score":3,"maxScore":9,"error":1},"keyphraseLength":{"score":9,"maxScore":9,"error":0,"length":2},"keyphraseInIntroduction":{"score":3,"maxScore":9,"error":1},"keyphraseInImageAlt":{"score":9,"maxScore":9,"error":0},"keywordDensity":{"score":0,"type":"low","maxScore":9,"error":1}}},{"keyphrase":"benagil cave sup","score":53,"analysis":{"keyphraseInDescription":{"score":3,"maxScore":9,"error":1},"keyphraseLength":{"score":9,"maxScore":9,"error":0,"length":3},"keyphraseInIntroduction":{"score":3,"maxScore":9,"error":1},"keyphraseInImageAlt":{"score":9,"maxScore":9,"error":0},"keywordDensity":{"score":0,"type":"low","maxScore":9,"error":1}}},{"keyphrase":"algarve sup rental","score":53,"analysis":{"keyphraseInDescription":{"score":3,"maxScore":9,"error":1},"keyphraseLength":{"score":9,"maxScore":9,"error":0,"length":3},"keyphraseInIntroduction":{"score":3,"maxScore":9,"error":1},"keyphraseInImageAlt":{"score":9,"maxScore":9,"error":0},"keywordDensity":{"score":0,"type":"low","maxScore":9,"error":1}}},{"keyphrase":"faro paddleboard rental","score":53,"analysis":{"keyphraseInDescription":{"score":3,"maxScore":9,"error":1},"keyphraseLength":{"score":9,"maxScore":9,"error":0,"length":3},"keyphraseInIntroduction":{"score":3,"maxScore":9,"error":1},"keyphraseInImageAlt":{"score":9,"maxScore":9,"error":0},"keywordDensity":{"score":0,"type":"low","maxScore":9,"error":1}}},{"keyphrase":"algarve lakes paddleboarding","score":53,"analysis":{"keyphraseInDescription":{"score":3,"maxScore":9,"error":1},"keyphraseLength":{"score":9,"maxScore":9,"error":0,"length":3},"keyphraseInIntroduction":{"score":3,"maxScore":9,"error":1},"keyphraseInImageAlt":{"score":9,"maxScore":9,"error":0},"keywordDensity":{"score":0,"type":"low","maxScore":9,"error":1}}},{"keyphrase":"paddleboard tours algarve","score":53,"analysis":{"keyphraseInDescription":{"score":3,"maxScore":9,"error":1},"keyphraseLength":{"score":9,"maxScore":9,"error":0,"length":3},"keyphraseInIntroduction":{"score":3,"maxScore":9,"error":1},"keyphraseInImageAlt":{"score":9,"maxScore":9,"error":0},"keywordDensity":{"score":0,"type":"low","maxScore":9,"error":1}}}]},"primary_term":null,"canonical_url":null,"og_title":null,"og_description":null,"og_object_type":"default","og_image_type":"default","og_image_url":null,"og_image_width":null,"og_image_height":null,"og_image_custom_url":null,"og_image_custom_fields":null,"og_video":"","og_custom_url":null,"og_article_section":null,"og_article_tags":null,"twitter_use_og":false,"twitter_card":"default","twitter_image_type":"default","twitter_image_url":null,"twitter_image_custom_url":null,"twitter_image_custom_fields":null,"twitter_title":null,"twitter_description":null,"schema":{"blockGraphs":[],"customGraphs":[],"default":{"data":{"Article":{"id":"aioseo-article-6394f62b26064","slug":"article","graphName":"Article","label":"Article","properties":{"type":"BlogPosting","name":"#post_title","headline":"#post_title","description":"#post_excerpt","image":"","keywords":"","author":{"name":"#author_name","url":"#author_url"},"dates":{"include":true,"datePublished":"","dateModified":""}}},"Course":[],"Dataset":[],"FAQPage":[],"Movie":[],"Person":[],"Product":[],"ProductReview":[],"Car":[],"Recipe":[],"Service":[],"SoftwareApplication":[],"WebPage":[]},"graphName":"BlogPosting","isEnabled":true},"graphs":[]},"schema_type":"default","schema_type_options":"{\"article\":{\"articleType\":\"BlogPosting\"},\"course\":{\"name\":\"\",\"description\":\"\",\"provider\":\"\"},\"faq\":{\"pages\":[]},\"product\":{\"reviews\":[]},\"recipe\":{\"ingredients\":[],\"instructions\":[],\"keywords\":[]},\"software\":{\"reviews\":[],\"operatingSystems\":[]},\"webPage\":{\"webPageType\":\"WebPage\"}}","pillar_content":false,"robots_default":true,"robots_noindex":false,"robots_noarchive":false,"robots_nosnippet":false,"robots_nofollow":false,"robots_noimageindex":false,"robots_noodp":false,"robots_notranslate":false,"robots_max_snippet":"-1","robots_max_videopreview":"-1","robots_max_imagepreview":"large","priority":null,"frequency":"default","local_seo":null,"seo_analyzer_scan_date":"2025-12-13 10:44:28","breadcrumb_settings":null,"limit_modified_date":false,"open_ai":null,"ai":{"faqs":[],"keyPoints":[],"titles":[],"descriptions":[],"socialPosts":{"email":[],"linkedin":[],"twitter":[],"facebook":[],"instagram":[]}},"created":"2025-03-14 10:03:14","updated":"2026-09-01 22:33:24"},"aioseo_breadcrumb":"<div class=\"aioseo-breadcrumbs\"><span class=\"aioseo-breadcrumb\">\n\t\t\t<a href=\"https:\/\/oceancamper.com\/sv\/\" title=\"Home\">Home<\/a>\n\t\t<\/span><span class=\"aioseo-breadcrumb-separator\">\u00bb<\/span><span class=\"aioseo-breadcrumb\">\n\t\t\t<a href=\"https:\/\/oceancamper.com\/sv\/category\/hojdpunkter\/\" title=\"h\u00f6jdpunkter\">h\u00f6jdpunkter<\/a>\n\t\t<\/span><span class=\"aioseo-breadcrumb-separator\">\u00bb<\/span><span class=\"aioseo-breadcrumb\">\n\t\t\tPaddleboarding i Algarve: De b\u00e4sta SUP-platserna\n\t\t<\/span><\/div>","aioseo_breadcrumb_json":[{"label":"Home","link":"https:\/\/oceancamper.com\/sv\/"},{"label":"h\u00f6jdpunkter","link":"https:\/\/oceancamper.com\/sv\/category\/hojdpunkter\/"},{"label":"Paddleboarding i Algarve: De b\u00e4sta SUP-platserna","link":"https:\/\/oceancamper.com\/sv\/paddleboarding-algarve-de-basta-sup-platserna-grottor-sjoar\/"}],"_links":{"self":[{"href":"https:\/\/oceancamper.com\/sv\/wp-json\/wp\/v2\/posts\/162171","targetHints":{"allow":["GET"]}}],"collection":[{"href":"https:\/\/oceancamper.com\/sv\/wp-json\/wp\/v2\/posts"}],"about":[{"href":"https:\/\/oceancamper.com\/sv\/wp-json\/wp\/v2\/types\/post"}],"author":[{"embeddable":true,"href":"https:\/\/oceancamper.com\/sv\/wp-json\/wp\/v2\/users\/1"}],"replies":[{"embeddable":true,"href":"https:\/\/oceancamper.com\/sv\/wp-json\/wp\/v2\/comments?post=162171"}],"version-history":[{"count":14,"href":"https:\/\/oceancamper.com\/sv\/wp-json\/wp\/v2\/posts\/162171\/revisions"}],"predecessor-version":[{"id":275372,"href":"https:\/\/oceancamper.com\/sv\/wp-json\/wp\/v2\/posts\/162171\/revisions\/275372"}],"wp:featuredmedia":[{"embeddable":true,"href":"https:\/\/oceancamper.com\/sv\/wp-json\/wp\/v2\/media\/208140"}],"wp:attachment":[{"href":"https:\/\/oceancamper.com\/sv\/wp-json\/wp\/v2\/media?parent=162171"}],"wp:term":[{"taxonomy":"category","embeddable":true,"href":"https:\/\/oceancamper.com\/sv\/wp-json\/wp\/v2\/categories?post=162171"},{"taxonomy":"post_tag","embeddable":true,"href":"https:\/\/oceancamper.com\/sv\/wp-json\/wp\/v2\/tags?post=162171"}],"curies":[{"name":"wp","href":"https:\/\/api.w.org\/{rel}","templated":true}]}}