{"id":162097,"date":"2022-03-16T07:43:31","date_gmt":"2022-03-16T07:43:31","guid":{"rendered":"https:\/\/oceancamper.com\/roadtrip-med-elektrisk-husbil\/"},"modified":"2025-12-17T13:55:28","modified_gmt":"2025-12-17T13:55:28","slug":"roadtrip-med-elektrisk-husbil","status":"publish","type":"post","link":"https:\/\/oceancamper.com\/sv\/roadtrip-med-elektrisk-husbil\/","title":{"rendered":"Roadtrip med elektrisk husbil"},"content":{"rendered":"\t\t<div data-elementor-type=\"wp-post\" data-elementor-id=\"162097\" class=\"elementor elementor-162097 elementor-7074\" data-elementor-post-type=\"post\">\n\t\t\t\t\t\t<section class=\"elementor-section elementor-top-section elementor-element elementor-element-4c13a35d elementor-section-height-min-height elementor-section-stretched elementor-section-content-middle elementor-section-full_width elementor-section-height-default elementor-section-items-middle\" data-id=\"4c13a35d\" data-element_type=\"section\" data-e-type=\"section\" data-settings=\"{&quot;stretch_section&quot;:&quot;section-stretched&quot;,&quot;background_background&quot;:&quot;classic&quot;}\">\n\t\t\t\t\t\t\t<div class=\"elementor-background-overlay\"><\/div>\n\t\t\t\t\t\t\t<div class=\"elementor-container elementor-column-gap-default\">\n\t\t\t\t\t<div class=\"elementor-column elementor-col-100 elementor-top-column elementor-element elementor-element-4725703a\" data-id=\"4725703a\" data-element_type=\"column\" data-e-type=\"column\">\n\t\t\t<div class=\"elementor-widget-wrap elementor-element-populated\">\n\t\t\t\t\t\t<div class=\"elementor-element elementor-element-170ce620 elementor-widget elementor-widget-theme-post-title elementor-page-title elementor-widget-heading\" data-id=\"170ce620\" data-element_type=\"widget\" data-e-type=\"widget\" data-widget_type=\"theme-post-title.default\">\n\t\t\t\t<div class=\"elementor-widget-container\">\n\t\t\t\t\t<h1 class=\"elementor-heading-title elementor-size-default\">Roadtrip med elektrisk husbil<\/h1>\t\t\t\t<\/div>\n\t\t\t\t<\/div>\n\t\t\t\t<section class=\"elementor-section elementor-inner-section elementor-element elementor-element-2e54e1d9 elementor-section-boxed elementor-section-height-default elementor-section-height-default\" data-id=\"2e54e1d9\" data-element_type=\"section\" data-e-type=\"section\">\n\t\t\t\t\t\t<div class=\"elementor-container elementor-column-gap-default\">\n\t\t\t\t\t<div class=\"elementor-column elementor-col-33 elementor-inner-column elementor-element elementor-element-6a3f6ceb\" data-id=\"6a3f6ceb\" data-element_type=\"column\" data-e-type=\"column\">\n\t\t\t<div class=\"elementor-widget-wrap\">\n\t\t\t\t\t\t\t<\/div>\n\t\t<\/div>\n\t\t\t\t<div class=\"elementor-column elementor-col-33 elementor-inner-column elementor-element elementor-element-4c54e0ae\" data-id=\"4c54e0ae\" data-element_type=\"column\" data-e-type=\"column\">\n\t\t\t<div class=\"elementor-widget-wrap elementor-element-populated\">\n\t\t\t\t\t\t<div class=\"elementor-element elementor-element-3c09fc35 elementor-author-box--align-center elementor-author-box--layout-image-above elementor-widget elementor-widget-author-box\" data-id=\"3c09fc35\" data-element_type=\"widget\" data-e-type=\"widget\" data-widget_type=\"author-box.default\">\n\t\t\t\t<div class=\"elementor-widget-container\">\n\t\t\t\t\t\t\t<div class=\"elementor-author-box\">\n\t\t\t\t\t\t\t<div  class=\"elementor-author-box__avatar\">\n\t\t\t\t\t<img decoding=\"async\" src=\"https:\/\/oceancamper.com\/wp-content\/uploads\/2022\/02\/Nina-min-1-300x300.jpg\" alt=\"Bild av Nina\" loading=\"lazy\">\n\t\t\t\t<\/div>\n\t\t\t\n\t\t\t<div class=\"elementor-author-box__text\">\n\t\t\t\t\t\t\t\t\t<div >\n\t\t\t\t\t\t<h4 class=\"elementor-author-box__name\">\n\t\t\t\t\t\t\tNina\t\t\t\t\t\t<\/h4>\n\t\t\t\t\t<\/div>\n\t\t\t\t\n\t\t\t\t\t\t\t\t\t<div class=\"elementor-author-box__bio\">\n\t\t\t\t\t\t<p>Ocean Camper VD<\/p>\n\t\t\t\t\t<\/div>\n\t\t\t\t\n\t\t\t\t\t\t\t<\/div>\n\t\t<\/div>\n\t\t\t\t\t\t<\/div>\n\t\t\t\t<\/div>\n\t\t\t\t\t<\/div>\n\t\t<\/div>\n\t\t\t\t<div class=\"elementor-column elementor-col-33 elementor-inner-column elementor-element elementor-element-354b029f\" data-id=\"354b029f\" data-element_type=\"column\" data-e-type=\"column\">\n\t\t\t<div class=\"elementor-widget-wrap\">\n\t\t\t\t\t\t\t<\/div>\n\t\t<\/div>\n\t\t\t\t\t<\/div>\n\t\t<\/section>\n\t\t\t\t\t<\/div>\n\t\t<\/div>\n\t\t\t\t\t<\/div>\n\t\t<\/section>\n\t\t\t\t<section class=\"elementor-section elementor-top-section elementor-element elementor-element-f033286 elementor-section-stretched elementor-section-boxed elementor-section-height-default elementor-section-height-default\" data-id=\"f033286\" data-element_type=\"section\" data-e-type=\"section\" data-settings=\"{&quot;stretch_section&quot;:&quot;section-stretched&quot;,&quot;background_background&quot;:&quot;classic&quot;}\">\n\t\t\t\t\t\t<div class=\"elementor-container elementor-column-gap-default\">\n\t\t\t\t\t<div class=\"elementor-column elementor-col-100 elementor-top-column elementor-element elementor-element-29f89149 elementor-invisible\" data-id=\"29f89149\" data-element_type=\"column\" data-e-type=\"column\" data-settings=\"{&quot;background_background&quot;:&quot;classic&quot;,&quot;animation&quot;:&quot;fadeIn&quot;}\">\n\t\t\t<div class=\"elementor-widget-wrap elementor-element-populated\">\n\t\t\t\t\t<div class=\"elementor-background-overlay\"><\/div>\n\t\t\t\t\t\t<div class=\"elementor-element elementor-element-7c44e25b elementor-widget elementor-widget-heading\" data-id=\"7c44e25b\" data-element_type=\"widget\" data-e-type=\"widget\" data-widget_type=\"heading.default\">\n\t\t\t\t<div class=\"elementor-widget-container\">\n\t\t\t\t\t<h2 class=\"elementor-heading-title elementor-size-default\">Index<\/h2>\t\t\t\t<\/div>\n\t\t\t\t<\/div>\n\t\t\t\t<div class=\"elementor-element elementor-element-78d163c7 elementor-widget elementor-widget-text-editor\" data-id=\"78d163c7\" data-element_type=\"widget\" data-e-type=\"widget\" data-widget_type=\"text-editor.default\">\n\t\t\t\t<div class=\"elementor-widget-container\">\n\t\t\t\t\t\t\t\t\t<ol><li>Var ska du ladda din eldrivna husbil?<\/li><li>Tips f\u00f6r e-camping<\/li><li>Laddningsstationer med bekv\u00e4mt l\u00e4ge<\/li><li>Varf\u00f6r e-camper?<\/li><\/ol>\t\t\t\t\t\t\t\t<\/div>\n\t\t\t\t<\/div>\n\t\t\t\t\t<\/div>\n\t\t<\/div>\n\t\t\t\t\t<\/div>\n\t\t<\/section>\n\t\t\t\t<section class=\"elementor-section elementor-top-section elementor-element elementor-element-206c8068 elementor-section-stretched elementor-section-boxed elementor-section-height-default elementor-section-height-default\" data-id=\"206c8068\" data-element_type=\"section\" data-e-type=\"section\" data-settings=\"{&quot;stretch_section&quot;:&quot;section-stretched&quot;,&quot;background_background&quot;:&quot;classic&quot;}\">\n\t\t\t\t\t\t<div class=\"elementor-container elementor-column-gap-default\">\n\t\t\t\t\t<div class=\"elementor-column elementor-col-100 elementor-top-column elementor-element elementor-element-5ea78f2\" data-id=\"5ea78f2\" data-element_type=\"column\" data-e-type=\"column\">\n\t\t\t<div class=\"elementor-widget-wrap elementor-element-populated\">\n\t\t\t\t\t\t<div class=\"elementor-element elementor-element-43d75a51 elementor-widget elementor-widget-heading\" data-id=\"43d75a51\" data-element_type=\"widget\" data-e-type=\"widget\" data-widget_type=\"heading.default\">\n\t\t\t\t<div class=\"elementor-widget-container\">\n\t\t\t\t\t<h2 class=\"elementor-heading-title elementor-size-default\">eNomad: Den f\u00f6rsta 100% eldrivna husbilen f\u00f6r uthyrning i Portugal<\/h2>\t\t\t\t<\/div>\n\t\t\t\t<\/div>\n\t\t\t\t<div class=\"elementor-element elementor-element-1afd35d2 elementor-widget elementor-widget-text-editor\" data-id=\"1afd35d2\" data-element_type=\"widget\" data-e-type=\"widget\" data-widget_type=\"text-editor.default\">\n\t\t\t\t<div class=\"elementor-widget-container\">\n\t\t\t\t\t\t\t\t\t<p>I mars 2022 tog vi steget att bli det f\u00f6rsta husbilsuthyrningsf\u00f6retaget i Portugal som erbj\u00f6d en 100 % eldriven husbil. Det var ett stort n\u00f6je att \u00f6ppna ett nytt kapitel i campinghistorien med denna verkligt milj\u00f6v\u00e4nliga produkt. Sedan dess har vi f\u00e5tt v\u00e4rdefull erfarenhet av att erbjuda den eldrivna husbilen, och v\u00e5ra f\u00f6rsta g\u00e4ster har delat med sig av tips och f\u00f6rslag som hj\u00e4lper oss att g\u00f6ra upplevelsen \u00e4nnu b\u00e4ttre och enklare.  <\/p><p>eNomad-husbilen har en effektiv autonomi p\u00e5 250 km. Inredningen \u00e4r optimalt utformad med en k\u00f6ksl\u00e5da, ett stort 31 liters elektriskt kylsk\u00e5p, USB-laddare och dusch som \u00e4r ansluten till ett extra batteri. Dessutom har e-Nomad en vattenreservoar, campingbord, stolar och en s\u00e4ng som passar tv\u00e5 personer. Denna bil har m\u00e5nga extrafunktioner, s\u00e5som automatisk v\u00e4xell\u00e5da, parkeringshj\u00e4lp, USB, Bluetooth, extra batteri, farth\u00e5llare och mycket mer.   <\/p><p>L\u00e4s nedan f\u00f6r att f\u00e5 viktig information f\u00f6r en roadtrip med en eldriven husbil.<\/p>\t\t\t\t\t\t\t\t<\/div>\n\t\t\t\t<\/div>\n\t\t\t\t<div class=\"elementor-element elementor-element-b413282 elementor-widget elementor-widget-image\" data-id=\"b413282\" data-element_type=\"widget\" data-e-type=\"widget\" data-widget_type=\"image.default\">\n\t\t\t\t<div class=\"elementor-widget-container\">\n\t\t\t\t\t\t\t\t\t\t\t\t\t\t\t<img decoding=\"async\" src=\"https:\/\/oceancamper.com\/wp-content\/uploads\/elementor\/thumbs\/nc-vm-080422-web-23-2-q88m4sf3gy4t7lbgwg2xdo5242it1unpcw1ta02bn4.jpg\" title=\"nc-vm-080422-web-23\" alt=\"Elektrisk husbil Ocean husbil\" loading=\"lazy\" \/>\t\t\t\t\t\t\t\t\t\t\t\t\t\t\t<\/div>\n\t\t\t\t<\/div>\n\t\t\t\t\t<\/div>\n\t\t<\/div>\n\t\t\t\t\t<\/div>\n\t\t<\/section>\n\t\t\t\t<section class=\"elementor-section elementor-top-section elementor-element elementor-element-4c47ce2 elementor-section-stretched elementor-section-boxed elementor-section-height-default elementor-section-height-default\" data-id=\"4c47ce2\" data-element_type=\"section\" data-e-type=\"section\" data-settings=\"{&quot;stretch_section&quot;:&quot;section-stretched&quot;,&quot;background_background&quot;:&quot;classic&quot;}\">\n\t\t\t\t\t\t<div class=\"elementor-container elementor-column-gap-default\">\n\t\t\t\t\t<div class=\"elementor-column elementor-col-100 elementor-top-column elementor-element elementor-element-1c55f88\" data-id=\"1c55f88\" data-element_type=\"column\" data-e-type=\"column\">\n\t\t\t<div class=\"elementor-widget-wrap elementor-element-populated\">\n\t\t\t\t\t\t<div class=\"elementor-element elementor-element-a32f7c2 elementor-widget elementor-widget-heading\" data-id=\"a32f7c2\" data-element_type=\"widget\" data-e-type=\"widget\" data-widget_type=\"heading.default\">\n\t\t\t\t<div class=\"elementor-widget-container\">\n\t\t\t\t\t<h2 class=\"elementor-heading-title elementor-size-default\">1. Var ska du ladda din eldrivna husbil?<\/h2>\t\t\t\t<\/div>\n\t\t\t\t<\/div>\n\t\t\t\t<div class=\"elementor-element elementor-element-cc1fecf elementor-widget elementor-widget-text-editor\" data-id=\"cc1fecf\" data-element_type=\"widget\" data-e-type=\"widget\" data-widget_type=\"text-editor.default\">\n\t\t\t\t<div class=\"elementor-widget-container\">\n\t\t\t\t\t\t\t\t\t<ul><li><strong>Campingplatser<\/strong> &#8211; Ladda din husbil med en vanlig elkontakt medan du sover p\u00e5 campingplatsen. Vissa campingplatser erbjuder ocks\u00e5 snabbladdare p\u00e5 parkeringen eller n\u00e4ra receptionen (~2,5 \u20ac\/100 km) <\/li><li><strong>K\u00f6pcentrum<\/strong> &#8211; De flesta parkeringsplatser f\u00f6r k\u00f6pcentrum och stormarknader har laddningsstationer (Lidl, Pingo Doce) (~8\u20ac\/100km)<\/li><li><strong>Tankstopp<\/strong> &#8211; Snabbladdning p\u00e5 v\u00e4gen (~10\u20ac\/100km)<\/li><li><strong>Stadsk\u00e4rnan<\/strong> &#8211; Ladda n\u00e4r du uppt\u00e4cker en stad (~8\u20ac\/100km)<\/li><\/ul><p>Ladda ner Miio-appen f\u00f6r att se en karta \u00f6ver laddstationer i Portugal och planera din campingresa enklare.<\/p>\t\t\t\t\t\t\t\t<\/div>\n\t\t\t\t<\/div>\n\t\t\t\t<div class=\"elementor-element elementor-element-3caee64 elementor-widget elementor-widget-image\" data-id=\"3caee64\" data-element_type=\"widget\" data-e-type=\"widget\" data-widget_type=\"image.default\">\n\t\t\t\t<div class=\"elementor-widget-container\">\n\t\t\t\t\t\t\t\t\t\t\t\t\t\t\t<img decoding=\"async\" src=\"https:\/\/oceancamper.com\/wp-content\/uploads\/elementor\/thumbs\/nc-vm-080422-web-27-2-q88m4yzyssdtgv1wu0xbd4ha9rmdjqdtpsm7mxskfk.jpg\" title=\"nc-vm-080422-web-27\" alt=\"Elektrisk eNomad Ocean Camper\" loading=\"lazy\" \/>\t\t\t\t\t\t\t\t\t\t\t\t\t\t\t<\/div>\n\t\t\t\t<\/div>\n\t\t\t\t\t<\/div>\n\t\t<\/div>\n\t\t\t\t\t<\/div>\n\t\t<\/section>\n\t\t\t\t<section class=\"elementor-section elementor-top-section elementor-element elementor-element-f5c1ddf elementor-section-stretched elementor-section-boxed elementor-section-height-default elementor-section-height-default\" data-id=\"f5c1ddf\" data-element_type=\"section\" data-e-type=\"section\" data-settings=\"{&quot;stretch_section&quot;:&quot;section-stretched&quot;,&quot;background_background&quot;:&quot;classic&quot;}\">\n\t\t\t\t\t\t<div class=\"elementor-container elementor-column-gap-default\">\n\t\t\t\t\t<div class=\"elementor-column elementor-col-100 elementor-top-column elementor-element elementor-element-4c62370f\" data-id=\"4c62370f\" data-element_type=\"column\" data-e-type=\"column\">\n\t\t\t<div class=\"elementor-widget-wrap elementor-element-populated\">\n\t\t\t\t\t\t<div class=\"elementor-element elementor-element-7027197 elementor-widget elementor-widget-heading\" data-id=\"7027197\" data-element_type=\"widget\" data-e-type=\"widget\" data-widget_type=\"heading.default\">\n\t\t\t\t<div class=\"elementor-widget-container\">\n\t\t\t\t\t<h2 class=\"elementor-heading-title elementor-size-default\">2. Tips f\u00f6r e-camping<\/h2>\t\t\t\t<\/div>\n\t\t\t\t<\/div>\n\t\t\t\t<div class=\"elementor-element elementor-element-b988989 elementor-widget elementor-widget-text-editor\" data-id=\"b988989\" data-element_type=\"widget\" data-e-type=\"widget\" data-widget_type=\"text-editor.default\">\n\t\t\t\t<div class=\"elementor-widget-container\">\n\t\t\t\t\t\t\t\t\t<p><strong>Ha en karta \u00f6ver laddningsstationer:<\/strong> Ladda ner en app som kan visa dig laddningsstationer i Portugal. Vi anv\u00e4nder och rekommenderar <a href=\"https:\/\/play.google.com\/store\/apps\/details?id=com.muvext.miio&amp;pcampaignid=web_share\" target=\"_blank\" rel=\"noopener\">Miio-appen <\/a>f\u00f6r enkel \u00e5tkomst till n\u00e4rliggande laddplatser f\u00f6r elbilar. <\/p><p><strong>Avslappnad roadtrip:<\/strong> Denna husbil \u00e4r konstruerad f\u00f6r avkopplande resor med f\u00e5 kilometer p\u00e5 v\u00e4gen. Om din semester inneb\u00e4r snabba och l\u00e5nga k\u00f6rningar rekommenderar vi att du hyr en husbil med konventionell f\u00f6rbr\u00e4nning. Det \u00e4r inte m\u00f6jligt att k\u00f6ra nonstop fr\u00e5n Faro till Lissabon utan att ladda.  <\/p><p><strong>Laddning p\u00e5 campingplatsen:<\/strong> Vi rekommenderar att du laddar sk\u00e5pbilen p\u00e5 campingen under natten. N\u00e4r du anl\u00e4nder till campingen \u00e4r det f\u00f6rsta du ska g\u00f6ra efter att ha parkerat bilen att ansluta den till eln\u00e4tet f\u00f6r att maximera laddningstiden. Under 12 timmars laddningstid kommer du att kunna ladda ca &gt;50 % av batteriet. Detta r\u00e4cker vanligtvis f\u00f6r en dagsutflykt tills du \u00e5terv\u00e4nder till campingen p\u00e5 kv\u00e4llen.   <\/p><p>Alternativt kan du ladda p\u00e5 motorv\u00e4gar med snabbladdaren inom 30 minuter (vid 100 kW) eller 60 minuter (vid 50 kW). Andra laddare som ofta finns i offentliga utrymmen (t.ex. parkeringsplatser vid shopping- eller stadsk\u00e4rnor) l\u00e5ter dig oftast ladda bilen med 11 kW, vilket tar 5 timmar f\u00f6r en full laddning. Du kan hitta alla befintliga laddningsstationer i Portugal med hj\u00e4lp av <g id=\"gid_0\">Miio-appen<\/g>.  <\/p><p><strong>R\u00e4ckvidd:<\/strong> Husbilens totala r\u00e4ckvidd \u00e4r 270 km. Detta kan \u00f6ka om du k\u00f6r i nedf\u00f6rsbacke, eftersom fordonet laddas under k\u00f6rning. Det \u00e4r dock vanligare att r\u00e4ckvidden blir l\u00e4gre p\u00e5 grund av faktorer som att AC:n fungerar eller v\u00e4rms upp, motvind, h\u00f6ga hastigheter eller fordonets last.  <\/p>\t\t\t\t\t\t\t\t<\/div>\n\t\t\t\t<\/div>\n\t\t\t\t<div class=\"elementor-element elementor-element-5b27446 elementor-widget elementor-widget-heading\" data-id=\"5b27446\" data-element_type=\"widget\" data-e-type=\"widget\" data-widget_type=\"heading.default\">\n\t\t\t\t<div class=\"elementor-widget-container\">\n\t\t\t\t\t<h2 class=\"elementor-heading-title elementor-size-default\">3. Laddningsstationer med l\u00e4mplig placering<\/h2>\t\t\t\t<\/div>\n\t\t\t\t<\/div>\n\t\t\t\t<div class=\"elementor-element elementor-element-78ddd3a elementor-widget elementor-widget-text-editor\" data-id=\"78ddd3a\" data-element_type=\"widget\" data-e-type=\"widget\" data-widget_type=\"text-editor.default\">\n\t\t\t\t<div class=\"elementor-widget-container\">\n\t\t\t\t\t\t\t\t\t<ul>\n<li><a href=\"https:\/\/maps.app.goo.gl\/cdKwooib64uETfKA8\" target=\"_blank\" rel=\"noopener\">Zambujeira do mar<\/a>: n\u00e4ra stranden och en liten by med st\u00e4llen d\u00e4r man kan \u00e4ta eller dricka kaffe, samt en lokal <a href=\"https:\/\/maps.app.goo.gl\/5Qrj5AKpfgrhu1ki8\" target=\"_blank\" rel=\"noopener\">fisk- och fruktmarknad<\/a> (endast p\u00e5 morgonen).<\/li>\n<li><a href=\"https:\/\/maps.app.goo.gl\/yHjzKFNDbGKhVtvA7\" target=\"_blank\" rel=\"noopener\">Sagres centrum<\/a>: Marretas strand p\u00e5 2 min promenadavst\u00e5nd och byns centrum f\u00f6r en m\u00e5ltid eller kaffe.<\/li>\n<li><a href=\"https:\/\/maps.app.goo.gl\/JzoouYLbSJ2F1Pvz8\" target=\"_blank\" rel=\"noopener\">Lidl<\/a> stormarknad i Vila do Bispo n\u00e4r jag handlade.<\/li>\n<li><a href=\"https:\/\/maps.app.goo.gl\/WWJCfVaAwhC7yhdS6\">Intermarche<\/a> stormarknad i Sagres n\u00e4r du shoppar.<\/li>\n<li><a href=\"https:\/\/maps.app.goo.gl\/LniJmESLpD5nFg3J6\" target=\"_blank\" rel=\"noopener\">Lagos centrum<\/a>: byk\u00e4rna f\u00f6r en m\u00e5ltid och stranden 10 min promenadavst\u00e5nd.<\/li>\n<li><a href=\"https:\/\/maps.app.goo.gl\/bFeDKdTBNbQyQvGFA\" target=\"_blank\" rel=\"noopener\">Portim\u00e3o<\/a>: n\u00e4ra sm\u00e5b\u00e5tshamn och strand.<\/li>\n<li><a href=\"https:\/\/maps.app.goo.gl\/Th5rkrjK6V8AVta78\" target=\"_blank\" rel=\"noopener\">Olh\u00e3o centrum<\/a>: bes\u00f6k den lokala frukt- och fiskmarknaden, lunch eller frukost.<\/li>\n<li><a href=\"https:\/\/maps.app.goo.gl\/NZH2NWbuy4wVc7Ug7\" target=\"_blank\" rel=\"noopener\">Tavira centrum<\/a>: bes\u00f6k staden, f\u00f6r eller lunch eller frukost.<\/li>\n<\/ul>\t\t\t\t\t\t\t\t<\/div>\n\t\t\t\t<\/div>\n\t\t\t\t<div class=\"elementor-element elementor-element-1c4bfda1 elementor-widget elementor-widget-image\" data-id=\"1c4bfda1\" data-element_type=\"widget\" data-e-type=\"widget\" data-widget_type=\"image.default\">\n\t\t\t\t<div class=\"elementor-widget-container\">\n\t\t\t\t\t\t\t\t\t\t\t\t\t\t\t<img decoding=\"async\" src=\"https:\/\/oceancamper.com\/wp-content\/uploads\/elementor\/thumbs\/eNomad-map-min-qwr335vuwf30wsuy3y0qrwnpkjo9i7emr2igdkt3lc.png\" title=\"eNomad karta-min\" alt=\"Map of campervan rental pick-up locations in Faro and Lisbon, Portugal\" loading=\"lazy\" \/>\t\t\t\t\t\t\t\t\t\t\t\t\t\t\t<\/div>\n\t\t\t\t<\/div>\n\t\t\t\t<div class=\"elementor-element elementor-element-483817b8 elementor-widget elementor-widget-heading\" data-id=\"483817b8\" data-element_type=\"widget\" data-e-type=\"widget\" id=\"other\" data-widget_type=\"heading.default\">\n\t\t\t\t<div class=\"elementor-widget-container\">\n\t\t\t\t\t<h2 class=\"elementor-heading-title elementor-size-default\">4. Varf\u00f6r e-camper?<\/h2>\t\t\t\t<\/div>\n\t\t\t\t<\/div>\n\t\t\t\t<div class=\"elementor-element elementor-element-1b6ad594 elementor-widget elementor-widget-text-editor\" data-id=\"1b6ad594\" data-element_type=\"widget\" data-e-type=\"widget\" data-widget_type=\"text-editor.default\">\n\t\t\t\t<div class=\"elementor-widget-container\">\n\t\t\t\t\t\t\t\t\t<p>I tider av st\u00e4ndigt \u00f6kande koldioxidutsl\u00e4pp och det <a href=\"https:\/\/ec.europa.eu\/clima\/eu-action\/european-green-deal\/2030-climate-target-plan_en\" target=\"_blank\" rel=\"noopener\">europeiska m\u00e5let att minska utsl\u00e4ppen av v\u00e4xthusgaser med 55% till 2030<\/a> f\u00f6rs\u00f6ker vi g\u00f6ra v\u00e5r del genom att erbjuda en utsl\u00e4ppsfri elektrisk campingl\u00f6sning. Det som g\u00f6r v\u00e5r eNomad s\u00e5 speciell \u00e4r inte bara dess l\u00e5ga koldioxidavtryck, utan ocks\u00e5 den smidiga, tysta k\u00f6rupplevelsen och den automatiska v\u00e4xell\u00e5dan, s\u00e5 att du kan anl\u00e4nda elegant och avkopplande till din destination. Du kommer att bli f\u00f6rv\u00e5nad \u00f6ver de tekniska framsteg som ett elfordon erbjuder, och du kommer snabbt att inse att med en r\u00e4ckvidd p\u00e5 cirka 250 km \u00e4r det mer \u00e4n tillr\u00e4ckligt f\u00f6r att n\u00e5 din n\u00e4sta campingplats eller laddningsstation.<br><strong>En liten tanke:<\/strong> Portugal har en av de h\u00f6gsta andelarna f\u00f6rnybar energi, som bidrar med upp till 78,4% av alla energik\u00e4llor, och andelen \u00f6kar. E-mobilitet \u00e4r v\u00e4rt det eftersom kostnaderna f\u00f6r f\u00f6rbr\u00e4nningsbr\u00e4nslen stiger \u00e5r f\u00f6r \u00e5r, medan elektrisk energi \u00e4r en av de billigaste i Europa. I v\u00e5r Ocean Camper-butik laddar vi ocks\u00e5 v\u00e5ra elektriska husbilar med el fr\u00e5n 100% f\u00f6rnybar energi.  <\/p>\t\t\t\t\t\t\t\t<\/div>\n\t\t\t\t<\/div>\n\t\t\t\t<div class=\"elementor-element elementor-element-972afe5 elementor-widget elementor-widget-image\" data-id=\"972afe5\" data-element_type=\"widget\" data-e-type=\"widget\" data-widget_type=\"image.default\">\n\t\t\t\t<div class=\"elementor-widget-container\">\n\t\t\t\t\t\t\t\t\t\t\t\t\t\t\t<img decoding=\"async\" src=\"https:\/\/oceancamper.com\/wp-content\/uploads\/elementor\/thumbs\/nc-vm-080422-web-20-2-q88m4j0pklrxzhp4fc0noqig67t4wvmdzliyh8g9dc.jpg\" title=\"nc-vm-080422-web-20\" alt=\"elektrisk husbil laddning Ocean Camper\" loading=\"lazy\" \/>\t\t\t\t\t\t\t\t\t\t\t\t\t\t\t<\/div>\n\t\t\t\t<\/div>\n\t\t\t\t<div class=\"elementor-element elementor-element-ae5bfdf elementor-widget elementor-widget-text-editor\" data-id=\"ae5bfdf\" data-element_type=\"widget\" data-e-type=\"widget\" data-widget_type=\"text-editor.default\">\n\t\t\t\t<div class=\"elementor-widget-container\">\n\t\t\t\t\t\t\t\t\t<p>Om du har n\u00e5gra fr\u00e5gor om e-camping, tveka inte att <a title=\"Kontakta oss\" href=\"https:\/\/oceancamper.com\/sv\/kontakta-oss\/\" target=\"_blank\" rel=\"noopener\">kontakta oss<\/a>.<\/p><p><a title=\"Ocean Camper\" href=\"https:\/\/oceancamper.com\/sv\/\" target=\"_blank\" rel=\"noopener\">Ocean Camper<\/a> \u00f6nskar dig en s\u00e4ker och trevlig campingsemester i Portugal.<\/p>\t\t\t\t\t\t\t\t<\/div>\n\t\t\t\t<\/div>\n\t\t\t\t\t<\/div>\n\t\t<\/div>\n\t\t\t\t\t<\/div>\n\t\t<\/section>\n\t\t\t\t<section class=\"elementor-section elementor-top-section elementor-element elementor-element-5f0b3ede elementor-section-stretched elementor-section-boxed elementor-section-height-default elementor-section-height-default\" data-id=\"5f0b3ede\" data-element_type=\"section\" data-e-type=\"section\" data-settings=\"{&quot;stretch_section&quot;:&quot;section-stretched&quot;,&quot;background_background&quot;:&quot;classic&quot;}\">\n\t\t\t\t\t\t<div class=\"elementor-container elementor-column-gap-default\">\n\t\t\t\t\t<div class=\"elementor-column elementor-col-100 elementor-top-column elementor-element elementor-element-7a655601\" data-id=\"7a655601\" data-element_type=\"column\" data-e-type=\"column\">\n\t\t\t<div class=\"elementor-widget-wrap elementor-element-populated\">\n\t\t\t\t\t\t<section class=\"elementor-section elementor-inner-section elementor-element elementor-element-6c868447 elementor-section-boxed elementor-section-height-default elementor-section-height-default\" data-id=\"6c868447\" data-element_type=\"section\" data-e-type=\"section\">\n\t\t\t\t\t\t<div class=\"elementor-container elementor-column-gap-default\">\n\t\t\t\t\t<div class=\"elementor-column elementor-col-100 elementor-inner-column elementor-element elementor-element-16957dda\" data-id=\"16957dda\" data-element_type=\"column\" data-e-type=\"column\">\n\t\t\t<div class=\"elementor-widget-wrap elementor-element-populated\">\n\t\t\t\t\t\t<div class=\"elementor-element elementor-element-7b03c20a elementor-widget elementor-widget-heading\" data-id=\"7b03c20a\" data-element_type=\"widget\" data-e-type=\"widget\" data-widget_type=\"heading.default\">\n\t\t\t\t<div class=\"elementor-widget-container\">\n\t\t\t\t\t<h3 class=\"elementor-heading-title elementor-size-default\">Kolla in v\u00e5ra andra inl\u00e4gg:<\/h3>\t\t\t\t<\/div>\n\t\t\t\t<\/div>\n\t\t\t\t<div class=\"elementor-element elementor-element-549ea19c elementor-grid-tablet-3 elementor-grid-3 elementor-grid-mobile-1 elementor-posts--thumbnail-top elementor-posts__hover-gradient elementor-widget elementor-widget-posts\" data-id=\"549ea19c\" data-element_type=\"widget\" data-e-type=\"widget\" data-settings=\"{&quot;cards_row_gap&quot;:{&quot;unit&quot;:&quot;px&quot;,&quot;size&quot;:20,&quot;sizes&quot;:[]},&quot;cards_row_gap_mobile&quot;:{&quot;unit&quot;:&quot;px&quot;,&quot;size&quot;:10,&quot;sizes&quot;:[]},&quot;cards_columns_tablet&quot;:&quot;3&quot;,&quot;cards_row_gap_tablet&quot;:{&quot;unit&quot;:&quot;px&quot;,&quot;size&quot;:5,&quot;sizes&quot;:[]},&quot;cards_columns&quot;:&quot;3&quot;,&quot;cards_columns_mobile&quot;:&quot;1&quot;}\" data-widget_type=\"posts.cards\">\n\t\t\t\t<div class=\"elementor-widget-container\">\n\t\t\t\t\t\t\t<div class=\"elementor-posts-container elementor-posts elementor-posts--skin-cards elementor-grid\" role=\"list\">\n\t\t\t\t<article class=\"elementor-post elementor-grid-item post-161989 post type-post status-publish format-standard has-post-thumbnail hentry category-tips-for-camping tag-campingtips-campingapps-camping-sv\" role=\"listitem\">\n\t\t\t<div class=\"elementor-post__card\">\n\t\t\t\t<a class=\"elementor-post__thumbnail__link\" href=\"https:\/\/oceancamper.com\/sv\/topp-10-campingappar-och-webbplatser\/\" tabindex=\"-1\" ><div class=\"elementor-post__thumbnail\"><img fetchpriority=\"high\" decoding=\"async\" width=\"2560\" height=\"1707\" src=\"https:\/\/oceancamper.com\/wp-content\/uploads\/2023\/05\/campervan-view-portugal-nature-ocean-camper-scaled.jpg\" class=\"attachment-full size-full wp-image-210360\" alt=\"b\u00e4sta campingapparna Portugal. Kopplar av i en husbil med \u00f6ppna d\u00f6rrar och utsikt \u00f6ver kullar p\u00e5 landsbygden i Portugal under en campingresa.\" srcset=\"https:\/\/oceancamper.com\/wp-content\/uploads\/2023\/05\/campervan-view-portugal-nature-ocean-camper-scaled.jpg 2560w, https:\/\/oceancamper.com\/wp-content\/uploads\/2023\/05\/campervan-view-portugal-nature-ocean-camper-300x200.jpg 300w, https:\/\/oceancamper.com\/wp-content\/uploads\/2023\/05\/campervan-view-portugal-nature-ocean-camper-1024x683.jpg 1024w, https:\/\/oceancamper.com\/wp-content\/uploads\/2023\/05\/campervan-view-portugal-nature-ocean-camper-768x512.jpg 768w, https:\/\/oceancamper.com\/wp-content\/uploads\/2023\/05\/campervan-view-portugal-nature-ocean-camper-1536x1024.jpg 1536w, https:\/\/oceancamper.com\/wp-content\/uploads\/2023\/05\/campervan-view-portugal-nature-ocean-camper-2048x1365.jpg 2048w, https:\/\/oceancamper.com\/wp-content\/uploads\/2023\/05\/campervan-view-portugal-nature-ocean-camper-240x160.jpg 240w\" sizes=\"(max-width: 2560px) 100vw, 2560px\" \/><\/div><\/a>\n\t\t\t\t<div class=\"elementor-post__text\">\n\t\t\t\t<h2 class=\"elementor-post__title\">\n\t\t\t<a href=\"https:\/\/oceancamper.com\/sv\/topp-10-campingappar-och-webbplatser\/\" >\n\t\t\t\tB\u00e4sta campingapparna i Portugal och Europa (2026 Guide)\t\t\t<\/a>\n\t\t<\/h2>\n\t\t\t\t<div class=\"elementor-post__excerpt\">\n\t\t\t<p>B\u00e4sta mobila verktygen som du beh\u00f6ver f\u00f6r att campa i Portugal. Camping handlar om flexibilitet. Men var beredd p\u00e5 att vara flexibel.  <\/p>\n\t\t<\/div>\n\t\t\n\t\t<a class=\"elementor-post__read-more\" href=\"https:\/\/oceancamper.com\/sv\/topp-10-campingappar-och-webbplatser\/\" aria-label=\"L\u00e4s mer om B\u00e4sta campingapparna i Portugal och Europa (2026 Guide)\" tabindex=\"-1\" >\n\t\t\tL\u00e4s mer \"\t\t<\/a>\n\n\t\t\t\t<\/div>\n\t\t\t\t\t<\/div>\n\t\t<\/article>\n\t\t\t\t<article class=\"elementor-post elementor-grid-item post-162097 post type-post status-publish format-standard has-post-thumbnail hentry category-hojdpunkter category-okategoriserad\" role=\"listitem\">\n\t\t\t<div class=\"elementor-post__card\">\n\t\t\t\t<a class=\"elementor-post__thumbnail__link\" href=\"https:\/\/oceancamper.com\/sv\/roadtrip-med-elektrisk-husbil\/\" tabindex=\"-1\" ><div class=\"elementor-post__thumbnail\"><img decoding=\"async\" width=\"1200\" height=\"800\" src=\"https:\/\/oceancamper.com\/wp-content\/uploads\/2022\/03\/electric-mini-camper-Ocean-Camper.jpg\" class=\"attachment-full size-full wp-image-219479\" alt=\"Electric mini campervan by Ocean Camper parked by the beach in Portugal\" srcset=\"https:\/\/oceancamper.com\/wp-content\/uploads\/2022\/03\/electric-mini-camper-Ocean-Camper.jpg 1200w, https:\/\/oceancamper.com\/wp-content\/uploads\/2022\/03\/electric-mini-camper-Ocean-Camper-300x200.jpg 300w, https:\/\/oceancamper.com\/wp-content\/uploads\/2022\/03\/electric-mini-camper-Ocean-Camper-1024x683.jpg 1024w, https:\/\/oceancamper.com\/wp-content\/uploads\/2022\/03\/electric-mini-camper-Ocean-Camper-768x512.jpg 768w, https:\/\/oceancamper.com\/wp-content\/uploads\/2022\/03\/electric-mini-camper-Ocean-Camper-240x160.jpg 240w\" sizes=\"(max-width: 1200px) 100vw, 1200px\" \/><\/div><\/a>\n\t\t\t\t<div class=\"elementor-post__text\">\n\t\t\t\t<h2 class=\"elementor-post__title\">\n\t\t\t<a href=\"https:\/\/oceancamper.com\/sv\/roadtrip-med-elektrisk-husbil\/\" >\n\t\t\t\tRoadtrip med elektrisk husbil\t\t\t<\/a>\n\t\t<\/h2>\n\t\t\t\t<div class=\"elementor-post__excerpt\">\n\t\t\t<p>Tips f\u00f6r att resa med v\u00e5r 100 % eldrivna husbil e-Nomad: var du kan ladda den, karta \u00f6ver laddningsstationer och eCamperns historia.<\/p>\n\t\t<\/div>\n\t\t\n\t\t<a class=\"elementor-post__read-more\" href=\"https:\/\/oceancamper.com\/sv\/roadtrip-med-elektrisk-husbil\/\" aria-label=\"L\u00e4s mer om Roadtrip med elektrisk husbil\" tabindex=\"-1\" >\n\t\t\tL\u00e4s mer \"\t\t<\/a>\n\n\t\t\t\t<\/div>\n\t\t\t\t\t<\/div>\n\t\t<\/article>\n\t\t\t\t<article class=\"elementor-post elementor-grid-item post-162154 post type-post status-publish format-standard has-post-thumbnail hentry category-hojdpunkter\" role=\"listitem\">\n\t\t\t<div class=\"elementor-post__card\">\n\t\t\t\t<a class=\"elementor-post__thumbnail__link\" href=\"https:\/\/oceancamper.com\/sv\/campingplatser-algarve\/\" tabindex=\"-1\" ><div class=\"elementor-post__thumbnail\"><img decoding=\"async\" width=\"1200\" height=\"800\" src=\"https:\/\/oceancamper.com\/wp-content\/uploads\/2021\/05\/Girl-camping-at-the-Algarve-\u2013-Ocean-Camper-Portugal-2026.jpg\" class=\"attachment-full size-full wp-image-219492\" alt=\"Indigo mini camper \u2014 campervan rental Faro Portugal\" srcset=\"https:\/\/oceancamper.com\/wp-content\/uploads\/2021\/05\/Girl-camping-at-the-Algarve-\u2013-Ocean-Camper-Portugal-2026.jpg 1200w, https:\/\/oceancamper.com\/wp-content\/uploads\/2021\/05\/Girl-camping-at-the-Algarve-\u2013-Ocean-Camper-Portugal-2026-300x200.jpg 300w, https:\/\/oceancamper.com\/wp-content\/uploads\/2021\/05\/Girl-camping-at-the-Algarve-\u2013-Ocean-Camper-Portugal-2026-1024x683.jpg 1024w, https:\/\/oceancamper.com\/wp-content\/uploads\/2021\/05\/Girl-camping-at-the-Algarve-\u2013-Ocean-Camper-Portugal-2026-768x512.jpg 768w, https:\/\/oceancamper.com\/wp-content\/uploads\/2021\/05\/Girl-camping-at-the-Algarve-\u2013-Ocean-Camper-Portugal-2026-240x160.jpg 240w\" sizes=\"(max-width: 1200px) 100vw, 1200px\" \/><\/div><\/a>\n\t\t\t\t<div class=\"elementor-post__text\">\n\t\t\t\t<h2 class=\"elementor-post__title\">\n\t\t\t<a href=\"https:\/\/oceancamper.com\/sv\/campingplatser-algarve\/\" >\n\t\t\t\tB\u00e4sta campingplatserna Algarve Portugal (2026) &#8211; Guide f\u00f6r husbilar och t\u00e4ltcamping\t\t\t<\/a>\n\t\t<\/h2>\n\t\t\t\t<div class=\"elementor-post__excerpt\">\n\t\t\t<p>B\u00e4sta campingplatser i Algarve och Portugal: inlandet, n\u00e4ra havet, med utsikt \u00f6ver vattnet, billiga och dyra platser.<\/p>\n\t\t<\/div>\n\t\t\n\t\t<a class=\"elementor-post__read-more\" href=\"https:\/\/oceancamper.com\/sv\/campingplatser-algarve\/\" aria-label=\"L\u00e4s mer om B\u00e4sta campingplatserna Algarve Portugal (2026) &#8211; Guide f\u00f6r husbilar och t\u00e4ltcamping\" tabindex=\"-1\" >\n\t\t\tL\u00e4s mer \"\t\t<\/a>\n\n\t\t\t\t<\/div>\n\t\t\t\t\t<\/div>\n\t\t<\/article>\n\t\t\t\t<\/div>\n\t\t\n\t\t\t\t\t\t<\/div>\n\t\t\t\t<\/div>\n\t\t\t\t<div class=\"elementor-element elementor-element-28e75ee5 elementor-align-left elementor-tablet-align-left elementor-mobile-align-left elementor-widget elementor-widget-button\" data-id=\"28e75ee5\" data-element_type=\"widget\" data-e-type=\"widget\" data-widget_type=\"button.default\">\n\t\t\t\t<div class=\"elementor-widget-container\">\n\t\t\t\t\t\t\t\t\t<div class=\"elementor-button-wrapper\">\n\t\t\t\t\t<a class=\"elementor-button elementor-button-link elementor-size-sm elementor-animation-pop\" href=\"https:\/\/oceancamper.com\/sv\/blogg\/\">\n\t\t\t\t\t\t<span class=\"elementor-button-content-wrapper\">\n\t\t\t\t\t\t\t\t\t<span class=\"elementor-button-text\">Tillbaka till bloggen<\/span>\n\t\t\t\t\t<\/span>\n\t\t\t\t\t<\/a>\n\t\t\t\t<\/div>\n\t\t\t\t\t\t\t\t<\/div>\n\t\t\t\t<\/div>\n\t\t\t\t\t<\/div>\n\t\t<\/div>\n\t\t\t\t\t<\/div>\n\t\t<\/section>\n\t\t\t\t\t<\/div>\n\t\t<\/div>\n\t\t\t\t\t<\/div>\n\t\t<\/section>\n\t\t\t\t<section class=\"elementor-section elementor-top-section elementor-element elementor-element-0ff6780 elementor-section-boxed elementor-section-height-default elementor-section-height-default\" data-id=\"0ff6780\" data-element_type=\"section\" data-e-type=\"section\">\n\t\t\t\t\t\t<div class=\"elementor-container elementor-column-gap-default\">\n\t\t\t\t\t<div class=\"elementor-column elementor-col-100 elementor-top-column elementor-element elementor-element-0cbe344\" data-id=\"0cbe344\" data-element_type=\"column\" data-e-type=\"column\">\n\t\t\t<div class=\"elementor-widget-wrap elementor-element-populated\">\n\t\t\t\t\t\t<div class=\"elementor-element elementor-element-cdbbadd elementor-widget elementor-widget-image\" data-id=\"cdbbadd\" data-element_type=\"widget\" data-e-type=\"widget\" data-widget_type=\"image.default\">\n\t\t\t\t<div class=\"elementor-widget-container\">\n\t\t\t\t\t\t\t\t\t\t\t\t\t\t\t<img decoding=\"async\" src=\"https:\/\/oceancamper.com\/wp-content\/uploads\/elementor\/thumbs\/e-Nomad1-min-q88ld5xum8bg05g07i7n3n3dmeogu2zow5u3j90ui8.jpg\" title=\"e-Nomad1-min\" alt=\"e-nomad1 Bostadsbil\" loading=\"lazy\" \/>\t\t\t\t\t\t\t\t\t\t\t\t\t\t\t<\/div>\n\t\t\t\t<\/div>\n\t\t\t\t\t<\/div>\n\t\t<\/div>\n\t\t\t\t\t<\/div>\n\t\t<\/section>\n\t\t\t\t<\/div>\n\t\t","protected":false},"excerpt":{"rendered":"<p>Tips f\u00f6r att resa med v\u00e5r 100 % eldrivna husbil e-Nomad: var du kan ladda den, karta \u00f6ver laddningsstationer och eCamperns historia.<\/p>\n","protected":false},"author":1,"featured_media":219479,"comment_status":"closed","ping_status":"open","sticky":false,"template":"elementor_header_footer","format":"standard","meta":{"om_disable_all_campaigns":false,"footnotes":""},"categories":[287,162],"tags":[],"class_list":["post-162097","post","type-post","status-publish","format-standard","has-post-thumbnail","hentry","category-hojdpunkter","category-okategoriserad"],"aioseo_notices":[],"_links":{"self":[{"href":"https:\/\/oceancamper.com\/sv\/wp-json\/wp\/v2\/posts\/162097","targetHints":{"allow":["GET"]}}],"collection":[{"href":"https:\/\/oceancamper.com\/sv\/wp-json\/wp\/v2\/posts"}],"about":[{"href":"https:\/\/oceancamper.com\/sv\/wp-json\/wp\/v2\/types\/post"}],"author":[{"embeddable":true,"href":"https:\/\/oceancamper.com\/sv\/wp-json\/wp\/v2\/users\/1"}],"replies":[{"embeddable":true,"href":"https:\/\/oceancamper.com\/sv\/wp-json\/wp\/v2\/comments?post=162097"}],"version-history":[{"count":2,"href":"https:\/\/oceancamper.com\/sv\/wp-json\/wp\/v2\/posts\/162097\/revisions"}],"predecessor-version":[{"id":211628,"href":"https:\/\/oceancamper.com\/sv\/wp-json\/wp\/v2\/posts\/162097\/revisions\/211628"}],"wp:featuredmedia":[{"embeddable":true,"href":"https:\/\/oceancamper.com\/sv\/wp-json\/wp\/v2\/media\/219479"}],"wp:attachment":[{"href":"https:\/\/oceancamper.com\/sv\/wp-json\/wp\/v2\/media?parent=162097"}],"wp:term":[{"taxonomy":"category","embeddable":true,"href":"https:\/\/oceancamper.com\/sv\/wp-json\/wp\/v2\/categories?post=162097"},{"taxonomy":"post_tag","embeddable":true,"href":"https:\/\/oceancamper.com\/sv\/wp-json\/wp\/v2\/tags?post=162097"}],"curies":[{"name":"wp","href":"https:\/\/api.w.org\/{rel}","templated":true}]}}