{"id":79707,"date":"2020-12-22T19:22:49","date_gmt":"2020-12-22T19:22:49","guid":{"rendered":"https:\/\/oceancamper.com\/gastronomia-portuguesa\/"},"modified":"2026-08-14T16:42:25","modified_gmt":"2026-08-14T16:42:25","slug":"gastronomia-portuguesa","status":"publish","type":"post","link":"https:\/\/oceancamper.com\/pt-pt\/gastronomia-portuguesa\/","title":{"rendered":"Comida portuguesa &#8211; Peixe, marisco, carne e iguarias locais imperd\u00edveis"},"content":{"rendered":"\t\t<div data-elementor-type=\"wp-post\" data-elementor-id=\"79707\" class=\"elementor elementor-79707 elementor-3218\" data-elementor-post-type=\"post\">\n\t\t\t\t\t\t<section class=\"elementor-section elementor-top-section elementor-element elementor-element-8ef4f37 elementor-section-height-min-height elementor-section-stretched elementor-section-content-middle elementor-section-boxed elementor-section-height-default elementor-section-items-middle\" data-id=\"8ef4f37\" data-element_type=\"section\" data-e-type=\"section\" data-settings=\"{&quot;stretch_section&quot;:&quot;section-stretched&quot;,&quot;background_background&quot;:&quot;classic&quot;}\">\n\t\t\t\t\t\t\t<div class=\"elementor-background-overlay\"><\/div>\n\t\t\t\t\t\t\t<div class=\"elementor-container elementor-column-gap-default\">\n\t\t\t\t\t<div class=\"elementor-column elementor-col-100 elementor-top-column elementor-element elementor-element-76e9371\" data-id=\"76e9371\" data-element_type=\"column\" data-e-type=\"column\">\n\t\t\t<div class=\"elementor-widget-wrap elementor-element-populated\">\n\t\t\t\t\t\t<div class=\"elementor-element elementor-element-0225cbf elementor-widget elementor-widget-theme-post-title elementor-page-title elementor-widget-heading\" data-id=\"0225cbf\" data-element_type=\"widget\" data-e-type=\"widget\" data-widget_type=\"theme-post-title.default\">\n\t\t\t\t<div class=\"elementor-widget-container\">\n\t\t\t\t\t<h1 class=\"elementor-heading-title elementor-size-default\">Comida portuguesa &#8211; Peixe, marisco, carne e iguarias locais imperd\u00edveis<\/h1>\t\t\t\t<\/div>\n\t\t\t\t<\/div>\n\t\t\t\t<section class=\"elementor-section elementor-inner-section elementor-element elementor-element-1da4c4d elementor-section-boxed elementor-section-height-default elementor-section-height-default\" data-id=\"1da4c4d\" data-element_type=\"section\" data-e-type=\"section\">\n\t\t\t\t\t\t<div class=\"elementor-container elementor-column-gap-default\">\n\t\t\t\t\t<div class=\"elementor-column elementor-col-33 elementor-inner-column elementor-element elementor-element-e1a911f\" data-id=\"e1a911f\" data-element_type=\"column\" data-e-type=\"column\">\n\t\t\t<div class=\"elementor-widget-wrap\">\n\t\t\t\t\t\t\t<\/div>\n\t\t<\/div>\n\t\t\t\t<div class=\"elementor-column elementor-col-33 elementor-inner-column elementor-element elementor-element-cdc7de6\" data-id=\"cdc7de6\" data-element_type=\"column\" data-e-type=\"column\">\n\t\t\t<div class=\"elementor-widget-wrap elementor-element-populated\">\n\t\t\t\t\t\t<div class=\"elementor-element elementor-element-4bdc60c elementor-author-box--align-center elementor-author-box--layout-image-above elementor-widget elementor-widget-author-box\" data-id=\"4bdc60c\" data-element_type=\"widget\" data-e-type=\"widget\" data-widget_type=\"author-box.default\">\n\t\t\t\t<div class=\"elementor-widget-container\">\n\t\t\t\t\t\t\t<div class=\"elementor-author-box\">\n\t\t\t\t\t\t\t<div  class=\"elementor-author-box__avatar\">\n\t\t\t\t\t<img decoding=\"async\" src=\"https:\/\/oceancamper.com\/wp-content\/uploads\/2022\/02\/Nina-min-1-300x300.jpg\" alt=\"Picture of Nina\" loading=\"lazy\">\n\t\t\t\t<\/div>\n\t\t\t\n\t\t\t<div class=\"elementor-author-box__text\">\n\t\t\t\t\t\t\t\t\t<div >\n\t\t\t\t\t\t<h4 class=\"elementor-author-box__name\">\n\t\t\t\t\t\t\tNina\t\t\t\t\t\t<\/h4>\n\t\t\t\t\t<\/div>\n\t\t\t\t\n\t\t\t\t\t\t\t\t\t<div class=\"elementor-author-box__bio\">\n\t\t\t\t\t\t<p>CEO da Ocean Camper<\/p>\n\t\t\t\t\t<\/div>\n\t\t\t\t\n\t\t\t\t\t\t\t<\/div>\n\t\t<\/div>\n\t\t\t\t\t\t<\/div>\n\t\t\t\t<\/div>\n\t\t\t\t\t<\/div>\n\t\t<\/div>\n\t\t\t\t<div class=\"elementor-column elementor-col-33 elementor-inner-column elementor-element elementor-element-3f91517\" data-id=\"3f91517\" data-element_type=\"column\" data-e-type=\"column\">\n\t\t\t<div class=\"elementor-widget-wrap\">\n\t\t\t\t\t\t\t<\/div>\n\t\t<\/div>\n\t\t\t\t\t<\/div>\n\t\t<\/section>\n\t\t\t\t\t<\/div>\n\t\t<\/div>\n\t\t\t\t\t<\/div>\n\t\t<\/section>\n\t\t\t\t<section class=\"elementor-section elementor-top-section elementor-element elementor-element-974da50 elementor-section-stretched elementor-section-boxed elementor-section-height-default elementor-section-height-default\" data-id=\"974da50\" data-element_type=\"section\" data-e-type=\"section\" data-settings=\"{&quot;stretch_section&quot;:&quot;section-stretched&quot;,&quot;background_background&quot;:&quot;classic&quot;}\">\n\t\t\t\t\t\t<div class=\"elementor-container elementor-column-gap-default\">\n\t\t\t\t\t<div class=\"elementor-column elementor-col-100 elementor-top-column elementor-element elementor-element-42db94f elementor-invisible\" data-id=\"42db94f\" data-element_type=\"column\" data-e-type=\"column\" data-settings=\"{&quot;background_background&quot;:&quot;classic&quot;,&quot;animation&quot;:&quot;fadeIn&quot;}\">\n\t\t\t<div class=\"elementor-widget-wrap elementor-element-populated\">\n\t\t\t\t\t<div class=\"elementor-background-overlay\"><\/div>\n\t\t\t\t\t\t<div class=\"elementor-element elementor-element-32c521c elementor-widget elementor-widget-heading\" data-id=\"32c521c\" data-element_type=\"widget\" data-e-type=\"widget\" data-widget_type=\"heading.default\">\n\t\t\t\t<div class=\"elementor-widget-container\">\n\t\t\t\t\t<h2 class=\"elementor-heading-title elementor-size-default\">\u00cdndice<\/h2>\t\t\t\t<\/div>\n\t\t\t\t<\/div>\n\t\t\t\t<div class=\"elementor-element elementor-element-39cae09 elementor-widget elementor-widget-text-editor\" data-id=\"39cae09\" data-element_type=\"widget\" data-e-type=\"widget\" data-widget_type=\"text-editor.default\">\n\t\t\t\t<div class=\"elementor-widget-container\">\n\t\t\t\t\t\t\t\t\t<ol><li><h6><span style=\"color: #696969;\"><a style=\"color: #696969;\" href=\"#fish\">Peixe local &#8211; a ess\u00eancia da comida portuguesa.<\/a><\/span><\/h6><\/li><li><h6><span style=\"color: #696969;\"><a style=\"color: #696969;\" href=\"#shellfish\">Mariscos de Portugal.<\/a><\/span><\/h6><\/li><li><h6><span style=\"color: #696969;\"><a style=\"color: #696969;\" href=\"#meat\">Pratos de carne t\u00edpicos.<\/a><\/span><\/h6><\/li><li><h6><span style=\"color: #696969;\"><a style=\"color: #696969;\" href=\"#fruits\">Frutas e vegetais locais.<\/a><\/span><\/h6><\/li><li><h6><span style=\"color: #696969;\"><a style=\"color: #696969;\" href=\"#other\">Outras especialidades locais.<\/a><\/span><\/h6><\/li><\/ol>\t\t\t\t\t\t\t\t<\/div>\n\t\t\t\t<\/div>\n\t\t\t\t\t<\/div>\n\t\t<\/div>\n\t\t\t\t\t<\/div>\n\t\t<\/section>\n\t\t\t\t<section class=\"elementor-section elementor-top-section elementor-element elementor-element-3a9d1a5f elementor-section-stretched elementor-section-boxed elementor-section-height-default elementor-section-height-default\" data-id=\"3a9d1a5f\" data-element_type=\"section\" data-e-type=\"section\" id=\"fish\" data-settings=\"{&quot;stretch_section&quot;:&quot;section-stretched&quot;,&quot;background_background&quot;:&quot;classic&quot;}\">\n\t\t\t\t\t\t<div class=\"elementor-container elementor-column-gap-default\">\n\t\t\t\t\t<div class=\"elementor-column elementor-col-100 elementor-top-column elementor-element elementor-element-68f81ff1\" data-id=\"68f81ff1\" data-element_type=\"column\" data-e-type=\"column\">\n\t\t\t<div class=\"elementor-widget-wrap elementor-element-populated\">\n\t\t\t\t\t\t<div class=\"elementor-element elementor-element-0f52b3c elementor-widget elementor-widget-heading\" data-id=\"0f52b3c\" data-element_type=\"widget\" data-e-type=\"widget\" data-widget_type=\"heading.default\">\n\t\t\t\t<div class=\"elementor-widget-container\">\n\t\t\t\t\t<h2 class=\"elementor-heading-title elementor-size-default\">Comida portuguesa - Peixe, marisco, carne e iguarias locais imperd\u00edveis<\/h2>\t\t\t\t<\/div>\n\t\t\t\t<\/div>\n\t\t\t\t<div class=\"elementor-element elementor-element-1658783d elementor-widget elementor-widget-text-editor\" data-id=\"1658783d\" data-element_type=\"widget\" data-e-type=\"widget\" data-widget_type=\"text-editor.default\">\n\t\t\t\t<div class=\"elementor-widget-container\">\n\t\t\t\t\t\t\t\t\t<p>A comida portuguesa \u00e9 uma das melhores partes de uma viagem de carro por este belo pa\u00eds. Desde o marisco fresco do Atl\u00e2ntico at\u00e9 aos pratos de carne saud\u00e1veis, frutas da \u00e9poca e especialidades locais, os sabores de Portugal v\u00e3o fazer as tuas papilas gustativas dan\u00e7ar. Elabor\u00e1mos este guia para que possas descobrir o que comer em Portugal e onde encontr\u00e1-lo &#8211; quer estejas a cozinhar na tua campervan ou a jantar fora.  <\/p>\t\t\t\t\t\t\t\t<\/div>\n\t\t\t\t<\/div>\n\t\t\t\t<div class=\"elementor-element elementor-element-1b329d1 elementor-arrows-position-inside elementor-widget elementor-widget-image-carousel\" data-id=\"1b329d1\" data-element_type=\"widget\" data-e-type=\"widget\" data-settings=\"{&quot;slides_to_show&quot;:&quot;1&quot;,&quot;navigation&quot;:&quot;arrows&quot;,&quot;autoplay&quot;:&quot;yes&quot;,&quot;pause_on_hover&quot;:&quot;yes&quot;,&quot;pause_on_interaction&quot;:&quot;yes&quot;,&quot;autoplay_speed&quot;:5000,&quot;infinite&quot;:&quot;yes&quot;,&quot;effect&quot;:&quot;slide&quot;,&quot;speed&quot;:500}\" data-widget_type=\"image-carousel.default\">\n\t\t\t\t<div class=\"elementor-widget-container\">\n\t\t\t\t\t\t\t<div class=\"elementor-image-carousel-wrapper swiper\" role=\"region\" aria-roledescription=\"carousel\" aria-label=\"Image Carousel\" dir=\"ltr\">\n\t\t\t<div class=\"elementor-image-carousel swiper-wrapper\" aria-live=\"off\">\n\t\t\t\t\t\t\t\t<div class=\"swiper-slide\" role=\"group\" aria-roledescription=\"slide\" aria-label=\"1 of 7\"><figure class=\"swiper-slide-inner\"><img decoding=\"async\" class=\"swiper-slide-image\" src=\"https:\/\/oceancamper.com\/wp-content\/uploads\/elementor\/thumbs\/IMG-20250318-WA0016-r31uvcj8nosyx094t6rcn88d9qsdbkvye4j92y07e8.jpg\" alt=\"Comida portuguesa - camar\u00f5es grelhados numa grelha de churrasco, um prato de marisco imperd\u00edvel.\" \/><\/figure><\/div><div class=\"swiper-slide\" role=\"group\" aria-roledescription=\"slide\" aria-label=\"2 of 7\"><figure class=\"swiper-slide-inner\"><img decoding=\"async\" class=\"swiper-slide-image\" src=\"https:\/\/oceancamper.com\/wp-content\/uploads\/elementor\/thumbs\/IMG-20250318-WA0019-r31uvmvgqv74gpu44t88wnmfszdeo9103jplczkvhs.jpg\" alt=\"Comida portuguesa - peixe grelhado com pimentos assados e lim\u00e3o, um prato imperd\u00edvel.\" \/><\/figure><\/div><div class=\"swiper-slide\" role=\"group\" aria-roledescription=\"slide\" aria-label=\"3 of 7\"><figure class=\"swiper-slide-inner\"><img decoding=\"async\" class=\"swiper-slide-image\" src=\"https:\/\/oceancamper.com\/wp-content\/uploads\/elementor\/thumbs\/IMG-20250318-WA0022-r31uvw9un7jzotgglxaill91qu32t82bgu8g5r6xrk.jpg\" alt=\"Comida portuguesa - polvo com batatas, um prato tradicional de marisco.\" \/><\/figure><\/div><div class=\"swiper-slide\" role=\"group\" aria-roledescription=\"slide\" aria-label=\"4 of 7\"><figure class=\"swiper-slide-inner\"><img decoding=\"async\" class=\"swiper-slide-image\" src=\"https:\/\/oceancamper.com\/wp-content\/uploads\/elementor\/thumbs\/IMG-20250318-WA0021-r31vb57ligfg13b3kikn1qq8nuxfoglk8b80fcl0ts.jpg\" alt=\"Cataplana de marisco numa panela de cobre - comida portuguesa e prato tradicional do Algarve.\" \/><\/figure><\/div><div class=\"swiper-slide\" role=\"group\" aria-roledescription=\"slide\" aria-label=\"5 of 7\"><figure class=\"swiper-slide-inner\"><img decoding=\"async\" class=\"swiper-slide-image\" src=\"https:\/\/oceancamper.com\/wp-content\/uploads\/elementor\/thumbs\/IMG-20250318-WA0023-r31vbelzessb96xg1mmwqoculpn3tfmvllqv84733k.jpg\" alt=\"Lulas - Lulas portuguesas grelhadas com pimentos e lim\u00e3o, um prato imperd\u00edvel da gastronomia portuguesa.\" \/><\/figure><\/div><div class=\"swiper-slide\" role=\"group\" aria-roledescription=\"slide\" aria-label=\"6 of 7\"><figure class=\"swiper-slide-inner\"><img decoding=\"async\" class=\"swiper-slide-image\" src=\"https:\/\/oceancamper.com\/wp-content\/uploads\/elementor\/thumbs\/IMG-20250318-WA0024-r31vqw09zjzchyfsmtkob9p6v7brly3pe8lst78mls.jpg\" alt=\"Caldeirada de peixe - Caldeirada de peixe com batatas e pimentos, um prato tradicional portugu\u00eas.\" \/><\/figure><\/div><div class=\"swiper-slide\" role=\"group\" aria-roledescription=\"slide\" aria-label=\"7 of 7\"><figure class=\"swiper-slide-inner\"><img decoding=\"async\" class=\"swiper-slide-image\" src=\"https:\/\/oceancamper.com\/wp-content\/uploads\/elementor\/thumbs\/IMG-20250318-WA0020-r31vr6ci2qdi1o0ryg1kkp39efwsym8r3ns538tapc.jpg\" alt=\"Comida portuguesa - sardinhas grelhadas (sardinhas) servidas com lim\u00e3o e ervas arom\u00e1ticas.\" \/><\/figure><\/div>\t\t\t<\/div>\n\t\t\t\t\t\t\t\t\t\t\t\t<div class=\"elementor-swiper-button elementor-swiper-button-prev\" role=\"button\" tabindex=\"0\">\n\t\t\t\t\t\t<i aria-hidden=\"true\" class=\"eicon-chevron-left\"><\/i>\t\t\t\t\t<\/div>\n\t\t\t\t\t<div class=\"elementor-swiper-button elementor-swiper-button-next\" role=\"button\" tabindex=\"0\">\n\t\t\t\t\t\t<i aria-hidden=\"true\" class=\"eicon-chevron-right\"><\/i>\t\t\t\t\t<\/div>\n\t\t\t\t\n\t\t\t\t\t\t\t\t\t<\/div>\n\t\t\t\t\t\t<\/div>\n\t\t\t\t<\/div>\n\t\t\t\t<div class=\"elementor-element elementor-element-fc47e49 elementor-widget elementor-widget-heading\" data-id=\"fc47e49\" data-element_type=\"widget\" data-e-type=\"widget\" data-widget_type=\"heading.default\">\n\t\t\t\t<div class=\"elementor-widget-container\">\n\t\t\t\t\t<h2 class=\"elementor-heading-title elementor-size-default\">Peixe local - a ess\u00eancia da comida portuguesa<\/h2>\t\t\t\t<\/div>\n\t\t\t\t<\/div>\n\t\t\t\t<div class=\"elementor-element elementor-element-585784b elementor-widget elementor-widget-text-editor\" data-id=\"585784b\" data-element_type=\"widget\" data-e-type=\"widget\" data-widget_type=\"text-editor.default\">\n\t\t\t\t<div class=\"elementor-widget-container\">\n\t\t\t\t\t\t\t\t\t<p>A cozinha portuguesa \u00e9 indissoci\u00e1vel do mar. O peixe grelhado \u00e9 muitas vezes o ponto alto de qualquer refei\u00e7\u00e3o. Aqui tens alguns dos nossos favoritos:  <\/p><ul><li><strong>Sardinhas (Sardinhas):<\/strong> O prato de ver\u00e3o por excel\u00eancia em Portugal. S\u00e3o grelhadas inteiras e servidas com p\u00e3o ou batatas. <\/li><li><strong>Dourada e Robalo:<\/strong> Ambos s\u00e3o frequentemente cozinhados na grelha. A prepara\u00e7\u00e3o simples permite que o seu sabor delicado brilhe. <\/li><li><strong>Lulas (Lulas):<\/strong> Encontra-as grelhadas ou fritas.<\/li><li><strong>Camar\u00f5es (Camar\u00e3o):<\/strong> Tipicamente grelhados ou fritos.<\/li><li><strong>Polvo (Polvo):<\/strong> Um prato muito apreciado em Portugal. Experimenta o Polvo \u00e0 Lagareiro &#8211; polvo assado com azeite e alho. <\/li><li><strong>Cataplana e Caldeirada de Peixe:<\/strong> Pratos de marisco cozinhados lentamente e cheios de sabores ricos.<\/li><\/ul><p>O peixe fresco vem muitas vezes coberto com alho, coentros e azeite. Se n\u00e3o gostares de nenhum destes ingredientes, pede ao teu empregado que os deixe de fora ou que os sirva separadamente. <\/p>\t\t\t\t\t\t\t\t<\/div>\n\t\t\t\t<\/div>\n\t\t\t\t\t<\/div>\n\t\t<\/div>\n\t\t\t\t\t<\/div>\n\t\t<\/section>\n\t\t\t\t<section class=\"elementor-section elementor-top-section elementor-element elementor-element-5892d0d7 elementor-section-stretched elementor-section-boxed elementor-section-height-default elementor-section-height-default\" data-id=\"5892d0d7\" data-element_type=\"section\" data-e-type=\"section\" id=\"shellfish\" data-settings=\"{&quot;stretch_section&quot;:&quot;section-stretched&quot;,&quot;background_background&quot;:&quot;classic&quot;}\">\n\t\t\t\t\t\t<div class=\"elementor-container elementor-column-gap-default\">\n\t\t\t\t\t<div class=\"elementor-column elementor-col-100 elementor-top-column elementor-element elementor-element-60bb4669\" data-id=\"60bb4669\" data-element_type=\"column\" data-e-type=\"column\">\n\t\t\t<div class=\"elementor-widget-wrap elementor-element-populated\">\n\t\t\t\t\t\t<div class=\"elementor-element elementor-element-95aa85f elementor-arrows-position-inside elementor-widget elementor-widget-image-carousel\" data-id=\"95aa85f\" data-element_type=\"widget\" data-e-type=\"widget\" data-settings=\"{&quot;slides_to_show&quot;:&quot;1&quot;,&quot;navigation&quot;:&quot;arrows&quot;,&quot;autoplay&quot;:&quot;yes&quot;,&quot;pause_on_hover&quot;:&quot;yes&quot;,&quot;pause_on_interaction&quot;:&quot;yes&quot;,&quot;autoplay_speed&quot;:5000,&quot;infinite&quot;:&quot;yes&quot;,&quot;effect&quot;:&quot;slide&quot;,&quot;speed&quot;:500}\" data-widget_type=\"image-carousel.default\">\n\t\t\t\t<div class=\"elementor-widget-container\">\n\t\t\t\t\t\t\t<div class=\"elementor-image-carousel-wrapper swiper\" role=\"region\" aria-roledescription=\"carousel\" aria-label=\"Image Carousel\" dir=\"ltr\">\n\t\t\t<div class=\"elementor-image-carousel swiper-wrapper\" aria-live=\"off\">\n\t\t\t\t\t\t\t\t<div class=\"swiper-slide\" role=\"group\" aria-roledescription=\"slide\" aria-label=\"1 of 3\"><figure class=\"swiper-slide-inner\"><img decoding=\"async\" class=\"swiper-slide-image\" src=\"https:\/\/oceancamper.com\/wp-content\/uploads\/elementor\/thumbs\/conquilhas-rent-a-tent-q88kv0o0odh5v5sx65txgpy0rm4d8fy8qcfmzxxgmo.jpg\" alt=\"Conquilhas cozinhadas em molho de alho e vinho - iguaria da gastronomia portuguesa e do marisco.\" \/><\/figure><\/div><div class=\"swiper-slide\" role=\"group\" aria-roledescription=\"slide\" aria-label=\"2 of 3\"><figure class=\"swiper-slide-inner\"><img decoding=\"async\" class=\"swiper-slide-image\" src=\"https:\/\/oceancamper.com\/wp-content\/uploads\/elementor\/thumbs\/lingueirao-rent-a-tent-q88kv2jp21jqidq6v6n6lpgxydv3nu5pelqlyhuoa8.jpg\" alt=\"Lingueir\u00e3o cozinhado em alho e vinho - prato de marisco portugu\u00eas do Algarve.\" \/><\/figure><\/div><div class=\"swiper-slide\" role=\"group\" aria-roledescription=\"slide\" aria-label=\"3 of 3\"><figure class=\"swiper-slide-inner\"><img decoding=\"async\" class=\"swiper-slide-image\" src=\"https:\/\/oceancamper.com\/wp-content\/uploads\/elementor\/thumbs\/Ostra-rent-a-tent-in-portugal-low-cost-1024x576-1-q88kv3hj8vl0tzotpp1t678ejrqgvj9fqqe3frta40.jpg\" alt=\"Ostras na meia concha com lim\u00e3o - iguaria portuguesa de marisco.\" \/><\/figure><\/div>\t\t\t<\/div>\n\t\t\t\t\t\t\t\t\t\t\t\t<div class=\"elementor-swiper-button elementor-swiper-button-prev\" role=\"button\" tabindex=\"0\">\n\t\t\t\t\t\t<i aria-hidden=\"true\" class=\"eicon-chevron-left\"><\/i>\t\t\t\t\t<\/div>\n\t\t\t\t\t<div class=\"elementor-swiper-button elementor-swiper-button-next\" role=\"button\" tabindex=\"0\">\n\t\t\t\t\t\t<i aria-hidden=\"true\" class=\"eicon-chevron-right\"><\/i>\t\t\t\t\t<\/div>\n\t\t\t\t\n\t\t\t\t\t\t\t\t\t<\/div>\n\t\t\t\t\t\t<\/div>\n\t\t\t\t<\/div>\n\t\t\t\t<div class=\"elementor-element elementor-element-47c428 elementor-widget elementor-widget-heading\" data-id=\"47c428\" data-element_type=\"widget\" data-e-type=\"widget\" data-widget_type=\"heading.default\">\n\t\t\t\t<div class=\"elementor-widget-container\">\n\t\t\t\t\t<h2 class=\"elementor-heading-title elementor-size-default\">Mariscos de Portugal.<\/h2>\t\t\t\t<\/div>\n\t\t\t\t<\/div>\n\t\t\t\t<div class=\"elementor-element elementor-element-78ceb404 elementor-widget elementor-widget-text-editor\" data-id=\"78ceb404\" data-element_type=\"widget\" data-e-type=\"widget\" data-widget_type=\"text-editor.default\">\n\t\t\t\t<div class=\"elementor-widget-container\">\n\t\t\t\t\t\t\t\t\t<p>A costa portuguesa tamb\u00e9m \u00e9 rica em marisco. A maioria destes mariscos \u00e9 servida como entrada num molho saboroso feito de vinho branco, alho, azeite e coentros<br\/>&#8211; perfeito para acompanhar com p\u00e3o. Os mariscos s\u00e3o tamb\u00e9m utilizados em arrozes, cataplanas e guisados.  <\/p><ul><li><strong><a href=\"https:\/\/en.wikipedia.org\/wiki\/Clam\" target=\"_blank\" rel=\"noopener\">Am\u00eaijoa<\/a>&#8211;<\/strong> um cl\u00e1ssico dos cl\u00e1ssicos.<\/li><li><strong><a href=\"https:\/\/en.wikipedia.org\/wiki\/Razor_clam\" target=\"_blank\" rel=\"noopener\">Lingueir\u00e3o<\/a><\/strong> &#8211; delicioso e tenro.<\/li><li><strong><a href=\"https:\/\/en.wikipedia.org\/wiki\/Donax_trunculus\" target=\"_blank\" rel=\"noopener\">Conquilhas<\/a><\/strong> &#8211; pequenas mas saborosas.<\/li><li><strong>Berbig\u00e3o<\/strong> &#8211; normalmente as am\u00eaijoas mais acess\u00edveis.<\/li><li><strong><a href=\"https:\/\/en.wikipedia.org\/wiki\/Oyster\" target=\"_blank\" rel=\"noopener\">Ostras(Ostras<\/a>):<\/strong> Come-as cruas ou abertas no churrasco com um pouco de lim\u00e3o<\/li><\/ul>\t\t\t\t\t\t\t\t<\/div>\n\t\t\t\t<\/div>\n\t\t\t\t\t<\/div>\n\t\t<\/div>\n\t\t\t\t\t<\/div>\n\t\t<\/section>\n\t\t\t\t<section class=\"elementor-section elementor-top-section elementor-element elementor-element-6a3ceac3 elementor-section-stretched elementor-section-boxed elementor-section-height-default elementor-section-height-default\" data-id=\"6a3ceac3\" data-element_type=\"section\" data-e-type=\"section\" id=\"meat\" data-settings=\"{&quot;stretch_section&quot;:&quot;section-stretched&quot;,&quot;background_background&quot;:&quot;classic&quot;}\">\n\t\t\t\t\t\t<div class=\"elementor-container elementor-column-gap-default\">\n\t\t\t\t\t<div class=\"elementor-column elementor-col-100 elementor-top-column elementor-element elementor-element-1aafa65\" data-id=\"1aafa65\" data-element_type=\"column\" data-e-type=\"column\">\n\t\t\t<div class=\"elementor-widget-wrap elementor-element-populated\">\n\t\t\t\t\t\t<div class=\"elementor-element elementor-element-d7553ca elementor-arrows-position-inside elementor-widget elementor-widget-image-carousel\" data-id=\"d7553ca\" data-element_type=\"widget\" data-e-type=\"widget\" data-settings=\"{&quot;slides_to_show&quot;:&quot;1&quot;,&quot;navigation&quot;:&quot;arrows&quot;,&quot;autoplay&quot;:&quot;yes&quot;,&quot;pause_on_hover&quot;:&quot;yes&quot;,&quot;pause_on_interaction&quot;:&quot;yes&quot;,&quot;autoplay_speed&quot;:5000,&quot;infinite&quot;:&quot;yes&quot;,&quot;effect&quot;:&quot;slide&quot;,&quot;speed&quot;:500}\" data-widget_type=\"image-carousel.default\">\n\t\t\t\t<div class=\"elementor-widget-container\">\n\t\t\t\t\t\t\t<div class=\"elementor-image-carousel-wrapper swiper\" role=\"region\" aria-roledescription=\"carousel\" aria-label=\"Image Carousel\" dir=\"ltr\">\n\t\t\t<div class=\"elementor-image-carousel swiper-wrapper\" aria-live=\"off\">\n\t\t\t\t\t\t\t\t<div class=\"swiper-slide\" role=\"group\" aria-roledescription=\"slide\" aria-label=\"1 of 3\"><figure class=\"swiper-slide-inner\"><img decoding=\"async\" class=\"swiper-slide-image\" src=\"https:\/\/oceancamper.com\/wp-content\/uploads\/elementor\/thumbs\/chourico-assado-rent-a-campervan-in-portugal-q88kv5d7mjnlh7m3epv2b6rbqjh7axgwezp2ebqhrk.jpg\" alt=\"Chouri\u00e7o assado - chouri\u00e7o assado em chamas cozinhado no fogo, uma entrada cl\u00e1ssica da cozinha portuguesa.\" \/><\/figure><\/div><div class=\"swiper-slide\" role=\"group\" aria-roledescription=\"slide\" aria-label=\"2 of 3\"><figure class=\"swiper-slide-inner\"><img decoding=\"async\" class=\"swiper-slide-image\" src=\"https:\/\/oceancamper.com\/wp-content\/uploads\/elementor\/thumbs\/portuguesa-rent-a-CAMPERVAN-IN-FARO-q88kv5d7mjnlh7m3epv2b6rbqjh7axgwezp2ebqhrk.jpg\" alt=\"Carne \u00e0 Portuguesa - prato tradicional portugu\u00eas de carne de porco e batatas servido com pickles e azeitonas.\" \/><\/figure><\/div><div class=\"swiper-slide\" role=\"group\" aria-roledescription=\"slide\" aria-label=\"3 of 3\"><figure class=\"swiper-slide-inner\"><img decoding=\"async\" class=\"swiper-slide-image\" src=\"https:\/\/oceancamper.com\/wp-content\/uploads\/elementor\/thumbs\/rent-a-van-port-vine-q88kv6b1tdovstkq989ovoisbxckimkmr4cjvlp3lc.jpg\" alt=\"Comida portuguesa - carne tenra em molho de vinho do Porto servida com legumes.\" \/><\/figure><\/div>\t\t\t<\/div>\n\t\t\t\t\t\t\t\t\t\t\t\t<div class=\"elementor-swiper-button elementor-swiper-button-prev\" role=\"button\" tabindex=\"0\">\n\t\t\t\t\t\t<i aria-hidden=\"true\" class=\"eicon-chevron-left\"><\/i>\t\t\t\t\t<\/div>\n\t\t\t\t\t<div class=\"elementor-swiper-button elementor-swiper-button-next\" role=\"button\" tabindex=\"0\">\n\t\t\t\t\t\t<i aria-hidden=\"true\" class=\"eicon-chevron-right\"><\/i>\t\t\t\t\t<\/div>\n\t\t\t\t\n\t\t\t\t\t\t\t\t\t<\/div>\n\t\t\t\t\t\t<\/div>\n\t\t\t\t<\/div>\n\t\t\t\t<div class=\"elementor-element elementor-element-3a52406f elementor-widget elementor-widget-heading\" data-id=\"3a52406f\" data-element_type=\"widget\" data-e-type=\"widget\" data-widget_type=\"heading.default\">\n\t\t\t\t<div class=\"elementor-widget-container\">\n\t\t\t\t\t<h2 class=\"elementor-heading-title elementor-size-default\">Pratos de carne t\u00edpicos.<\/h2>\t\t\t\t<\/div>\n\t\t\t\t<\/div>\n\t\t\t\t<div class=\"elementor-element elementor-element-1bef99b2 elementor-widget elementor-widget-text-editor\" data-id=\"1bef99b2\" data-element_type=\"widget\" data-e-type=\"widget\" data-widget_type=\"text-editor.default\">\n\t\t\t\t<div class=\"elementor-widget-container\">\n\t\t\t\t\t\t\t\t\t<p data-start=\"2835\" data-end=\"3049\">Embora o marisco seja o protagonista, Portugal tamb\u00e9m oferece muito para os amantes de carne. As receitas tradicionais incluem frequentemente carne de porco, alho e vinho. Eis alguns pratos a que deves prestar aten\u00e7\u00e3o:  <\/p><ul><li data-start=\"3053\" data-end=\"3178\"><strong data-start=\"3053\" data-end=\"3073\">Chouri\u00e7o Assado:<\/strong> Chouri\u00e7o assado \u00e0 portuguesa servido como entrada com p\u00e3o estaladi\u00e7o.<\/li><li data-start=\"3181\" data-end=\"3332\"><strong data-start=\"3181\" data-end=\"3204\">Carne \u00e0 Alentejana:<\/strong> Cubos de carne de porco cozinhados em molho de vinho branco e alho, guarnecidos com pickles e am\u00eaijoas.<\/li><li data-start=\"3335\" data-end=\"3450\"><strong data-start=\"3335\" data-end=\"3358\">Carne \u00e0 Portuguesa:<\/strong> Semelhante \u00e0 vers\u00e3o alentejana, mas sem am\u00eaijoas.<\/li><li data-start=\"3453\" data-end=\"3586\"><strong data-start=\"3453\" data-end=\"3481\">Carne em molho de vinho do Porto:<\/strong> Uma prepara\u00e7\u00e3o tradicional em que a carne \u00e9 cozinhada lentamente em vinho do Porto.<\/li><li data-start=\"3589\" data-end=\"3755\"><strong data-start=\"3589\" data-end=\"3618\">Frango e carne grelhados:<\/strong> Encontrar\u00e1s muitos restaurantes que oferecem frango ou carne grelhados simples de qualidade excecional.<\/li><\/ul>\t\t\t\t\t\t\t\t<\/div>\n\t\t\t\t<\/div>\n\t\t\t\t\t<\/div>\n\t\t<\/div>\n\t\t\t\t\t<\/div>\n\t\t<\/section>\n\t\t\t\t<section class=\"elementor-section elementor-top-section elementor-element elementor-element-15e8caed elementor-section-stretched elementor-section-boxed elementor-section-height-default elementor-section-height-default\" data-id=\"15e8caed\" data-element_type=\"section\" data-e-type=\"section\" id=\"fruits\" data-settings=\"{&quot;stretch_section&quot;:&quot;section-stretched&quot;,&quot;background_background&quot;:&quot;classic&quot;}\">\n\t\t\t\t\t\t<div class=\"elementor-container elementor-column-gap-default\">\n\t\t\t\t\t<div class=\"elementor-column elementor-col-100 elementor-top-column elementor-element elementor-element-7f88a424\" data-id=\"7f88a424\" data-element_type=\"column\" data-e-type=\"column\">\n\t\t\t<div class=\"elementor-widget-wrap elementor-element-populated\">\n\t\t\t\t\t\t<div class=\"elementor-element elementor-element-32d6887 elementor-arrows-position-inside elementor-widget elementor-widget-image-carousel\" data-id=\"32d6887\" data-element_type=\"widget\" data-e-type=\"widget\" data-settings=\"{&quot;slides_to_show&quot;:&quot;1&quot;,&quot;navigation&quot;:&quot;arrows&quot;,&quot;autoplay&quot;:&quot;yes&quot;,&quot;pause_on_hover&quot;:&quot;yes&quot;,&quot;pause_on_interaction&quot;:&quot;yes&quot;,&quot;autoplay_speed&quot;:5000,&quot;infinite&quot;:&quot;yes&quot;,&quot;effect&quot;:&quot;slide&quot;,&quot;speed&quot;:500}\" data-widget_type=\"image-carousel.default\">\n\t\t\t\t<div class=\"elementor-widget-container\">\n\t\t\t\t\t\t\t<div class=\"elementor-image-carousel-wrapper swiper\" role=\"region\" aria-roledescription=\"carousel\" aria-label=\"Image Carousel\" dir=\"ltr\">\n\t\t\t<div class=\"elementor-image-carousel swiper-wrapper\" aria-live=\"off\">\n\t\t\t\t\t\t\t\t<div class=\"swiper-slide\" role=\"group\" aria-roledescription=\"slide\" aria-label=\"1 of 3\"><figure class=\"swiper-slide-inner\"><img decoding=\"async\" class=\"swiper-slide-image\" src=\"https:\/\/oceancamper.com\/wp-content\/uploads\/elementor\/thumbs\/mangas-rent-a-van-q88kv94kdvsqrngmsrhkl5t642yo5pvtrib0bfkx2o.png\" alt=\"Mangas frescas num mercado portugu\u00eas no Algarve, produtos locais coloridos.\" \/><\/figure><\/div><div class=\"swiper-slide\" role=\"group\" aria-roledescription=\"slide\" aria-label=\"2 of 3\"><figure class=\"swiper-slide-inner\"><img decoding=\"async\" class=\"swiper-slide-image\" src=\"https:\/\/oceancamper.com\/wp-content\/uploads\/elementor\/thumbs\/mercadinho-rent-a-campervan-in-Faro-q88kvby2ydwlqhcjcapgan3jw8krst70rw9gr9gqk0.jpg\" alt=\"Legumes frescos num mercado portugu\u00eas no Algarve - produtos locais coloridos.\" \/><\/figure><\/div><div class=\"swiper-slide\" role=\"group\" aria-roledescription=\"slide\" aria-label=\"3 of 3\"><figure class=\"swiper-slide-inner\"><img decoding=\"async\" class=\"swiper-slide-image\" src=\"https:\/\/oceancamper.com\/wp-content\/uploads\/elementor\/thumbs\/mercadinho-rent-a-tent-q88kvdtrc1z6dp9t1bipfmmh30bi87ehg5kfptdy7k.jpg\" alt=\"Legumes e frutas frescas num mercadinho portugu\u00eas no Algarve.\" \/><\/figure><\/div>\t\t\t<\/div>\n\t\t\t\t\t\t\t\t\t\t\t\t<div class=\"elementor-swiper-button elementor-swiper-button-prev\" role=\"button\" tabindex=\"0\">\n\t\t\t\t\t\t<i aria-hidden=\"true\" class=\"eicon-chevron-left\"><\/i>\t\t\t\t\t<\/div>\n\t\t\t\t\t<div class=\"elementor-swiper-button elementor-swiper-button-next\" role=\"button\" tabindex=\"0\">\n\t\t\t\t\t\t<i aria-hidden=\"true\" class=\"eicon-chevron-right\"><\/i>\t\t\t\t\t<\/div>\n\t\t\t\t\n\t\t\t\t\t\t\t\t\t<\/div>\n\t\t\t\t\t\t<\/div>\n\t\t\t\t<\/div>\n\t\t\t\t<div class=\"elementor-element elementor-element-5a4c81d7 elementor-widget elementor-widget-heading\" data-id=\"5a4c81d7\" data-element_type=\"widget\" data-e-type=\"widget\" data-widget_type=\"heading.default\">\n\t\t\t\t<div class=\"elementor-widget-container\">\n\t\t\t\t\t<h2 class=\"elementor-heading-title elementor-size-default\">Frutas e vegetais locais.<\/h2>\t\t\t\t<\/div>\n\t\t\t\t<\/div>\n\t\t\t\t<div class=\"elementor-element elementor-element-419898c elementor-widget elementor-widget-text-editor\" data-id=\"419898c\" data-element_type=\"widget\" data-e-type=\"widget\" data-widget_type=\"text-editor.default\">\n\t\t\t\t<div class=\"elementor-widget-container\">\n\t\t\t\t\t\t\t\t\t<p data-start=\"3789\" data-end=\"4033\">O clima ameno de Portugal significa que podes desfrutar de fruta e legumes frescos durante todo o ano. A maioria dos produtos locais \u00e9 sazonal e \u00e9 vendida madura nos mercados semanais ou no <strong data-start=\"3946\" data-end=\"3967\">Mercado Municipal<\/strong>. Eis o que deves procurar:  <\/p><ul><li data-start=\"4037\" data-end=\"4105\"><strong data-start=\"4037\" data-end=\"4049\">Abacate:<\/strong> outono e inverno.<\/li><li data-start=\"4108\" data-end=\"4191\"><strong data-start=\"4108\" data-end=\"4126\">Citrinos:<\/strong> Laranjas, lim\u00f5es e muito mais.<\/li><li data-start=\"4194\" data-end=\"4269\"><strong data-start=\"4194\" data-end=\"4213\">Manga e papaia:<\/strong> ver\u00e3o e outono.<\/li><li data-start=\"4272\" data-end=\"4340\"><strong data-start=\"4272\" data-end=\"4284\">P\u00eassegos:<\/strong> ver\u00e3o e outono.<\/li><li data-start=\"4343\" data-end=\"4407\"><strong data-start=\"4343\" data-end=\"4360\">Rom\u00e3s:<\/strong> outono.<\/li><li data-start=\"4410\" data-end=\"4511\"><strong data-start=\"4410\" data-end=\"4459\">Anona, Maracuj\u00e1, Figo:<\/strong> Final do ver\u00e3o.<\/li><li data-start=\"4514\" data-end=\"4659\"><strong data-start=\"4514\" data-end=\"4570\">Bananas da Madeira e ananases dos A\u00e7ores:<\/strong> Frutas tropicais doces cultivadas nas ilhas de Portugal.<\/li><li data-start=\"4662\" data-end=\"4757\"><strong data-start=\"4662\" data-end=\"4684\">Legumes comuns:<\/strong> Frescos, locais e cheios de sabor.<\/li><\/ul><p data-start=\"4759\" data-end=\"4860\">Quando visitares um mercado local, pergunta aos vendedores quais s\u00e3o os melhores produtos da \u00e9poca e experimenta algo novo.<\/p>\t\t\t\t\t\t\t\t<\/div>\n\t\t\t\t<\/div>\n\t\t\t\t\t<\/div>\n\t\t<\/div>\n\t\t\t\t\t<\/div>\n\t\t<\/section>\n\t\t\t\t<section class=\"elementor-section elementor-top-section elementor-element elementor-element-567d3fac elementor-section-stretched elementor-section-boxed elementor-section-height-default elementor-section-height-default\" data-id=\"567d3fac\" data-element_type=\"section\" data-e-type=\"section\" id=\"other\" data-settings=\"{&quot;stretch_section&quot;:&quot;section-stretched&quot;,&quot;background_background&quot;:&quot;classic&quot;}\">\n\t\t\t\t\t\t<div class=\"elementor-container elementor-column-gap-default\">\n\t\t\t\t\t<div class=\"elementor-column elementor-col-100 elementor-top-column elementor-element elementor-element-13d1d9a4\" data-id=\"13d1d9a4\" data-element_type=\"column\" data-e-type=\"column\">\n\t\t\t<div class=\"elementor-widget-wrap elementor-element-populated\">\n\t\t\t\t\t\t<div class=\"elementor-element elementor-element-80c07a1 elementor-widget elementor-widget-heading\" data-id=\"80c07a1\" data-element_type=\"widget\" data-e-type=\"widget\" data-widget_type=\"heading.default\">\n\t\t\t\t<div class=\"elementor-widget-container\">\n\t\t\t\t\t<h2 class=\"elementor-heading-title elementor-size-default\">Outras especialidades locais.<\/h2>\t\t\t\t<\/div>\n\t\t\t\t<\/div>\n\t\t\t\t<div class=\"elementor-element elementor-element-23ed233d elementor-widget elementor-widget-text-editor\" data-id=\"23ed233d\" data-element_type=\"widget\" data-e-type=\"widget\" data-widget_type=\"text-editor.default\">\n\t\t\t\t<div class=\"elementor-widget-container\">\n\t\t\t\t\t\t\t\t\t<p data-start=\"4891\" data-end=\"4989\">Por \u00faltimo, nenhum guia gastron\u00f3mico portugu\u00eas estaria completo sem mencionar <strong data-start=\"4962\" data-end=\"4970\">o vinho<\/strong> e <strong data-start=\"4975\" data-end=\"4988\">o azeite<\/strong>.<\/p><ul><li data-start=\"4993\" data-end=\"5286\"><strong data-start=\"4993\" data-end=\"5002\">Vinho:<\/strong> Raramente te enganas com o vinho portugu\u00eas. De facto, as garrafas baratas podem ser t\u00e3o boas como as mais caras. Em caso de d\u00favida, escolhe uma garrafa da regi\u00e3o do Alentejo &#8211; os vinhos mais jovens s\u00e3o muitas vezes os melhores.  <\/li><li data-start=\"5289\" data-end=\"5728\"><strong data-start=\"5289\" data-end=\"5303\">Azeite:<\/strong> Quando escolheres o azeite, procura o <strong data-start=\"5338\" data-end=\"5354\">extra-virgem<\/strong>, que \u00e9 feito a partir da primeira prensagem a frio das azeitonas. <strong data-start=\"5454\" data-end=\"5474\">O azeite virgem<\/strong> vem da segunda prensagem, enquanto <strong data-start=\"5558\" data-end=\"5571\">o azeite<\/strong> simples vem da terceira prensagem. Um bom \u00f3leo tem uma acidez de 0,80% ou menos.<\/li><\/ul>\t\t\t\t\t\t\t\t<\/div>\n\t\t\t\t<\/div>\n\t\t\t\t<div class=\"elementor-element elementor-element-c4bc376 elementor-widget elementor-widget-heading\" data-id=\"c4bc376\" data-element_type=\"widget\" data-e-type=\"widget\" data-widget_type=\"heading.default\">\n\t\t\t\t<div class=\"elementor-widget-container\">\n\t\t\t\t\t<h2 class=\"elementor-heading-title elementor-size-default\">Dicas finais e onde ir a seguir<\/h2>\t\t\t\t<\/div>\n\t\t\t\t<\/div>\n\t\t\t\t<div class=\"elementor-element elementor-element-77a92c1 elementor-widget elementor-widget-text-editor\" data-id=\"77a92c1\" data-element_type=\"widget\" data-e-type=\"widget\" data-widget_type=\"text-editor.default\">\n\t\t\t\t<div class=\"elementor-widget-container\">\n\t\t\t\t\t\t\t\t\t<p data-start=\"5764\" data-end=\"5983\">A comida portuguesa \u00e9 feita de ingredientes simples e de alta qualidade e de receitas consagradas pelo tempo. Quer estejas a grelhar sardinhas na praia ou a saborear o vinho alentejano num restaurante local, n\u00e3o tenhas pressa e aprecia cada dentada. <\/p><p data-start=\"5985\" data-end=\"6312\" data-is-last-node=\"\" data-is-only-node=\"\">Est\u00e1s \u00e0 procura de mais inspira\u00e7\u00e3o? V\u00ea os nossos guias para <a href=\"\/campervans\/\"><strong data-start=\"6040\" data-end=\"6078\">aluga uma campervan no Algarve<\/strong><\/a>, <a href=\"https:\/\/oceancamper.com\/pt-pt\/faro\/\"><strong data-start=\"6080\" data-end=\"6104\">coisas para fazer em Faro<\/strong><\/a>e <a href=\"https:\/\/oceancamper.com\/pt-pt\/blogue\/\">outras dicas para explorares Portugal<\/a>. Se tiveres d\u00favidas, envia-nos um e-mail para <strong data-start=\"6181\" data-end=\"6205\"><a class=\"decorated-link cursor-pointer\" rel=\"noopener\" data-start=\"6183\" data-end=\"6203\">info@oceancamper.com<\/a><\/strong> ou liga\/WhatsApp <strong data-start=\"6223\" data-end=\"6243\">+351 920 301 044<\/strong> &#8211; teremos todo o gosto em ajudar  <\/p>\t\t\t\t\t\t\t\t<\/div>\n\t\t\t\t<\/div>\n\t\t\t\t\t<\/div>\n\t\t<\/div>\n\t\t\t\t\t<\/div>\n\t\t<\/section>\n\t\t\t\t<section class=\"elementor-section elementor-top-section elementor-element elementor-element-3f85b71d elementor-section-stretched elementor-section-boxed elementor-section-height-default elementor-section-height-default\" data-id=\"3f85b71d\" data-element_type=\"section\" data-e-type=\"section\" data-settings=\"{&quot;stretch_section&quot;:&quot;section-stretched&quot;,&quot;background_background&quot;:&quot;classic&quot;}\">\n\t\t\t\t\t\t<div class=\"elementor-container elementor-column-gap-default\">\n\t\t\t\t\t<div class=\"elementor-column elementor-col-100 elementor-top-column elementor-element elementor-element-60b50a2f\" data-id=\"60b50a2f\" data-element_type=\"column\" data-e-type=\"column\">\n\t\t\t<div class=\"elementor-widget-wrap elementor-element-populated\">\n\t\t\t\t\t\t<section class=\"elementor-section elementor-inner-section elementor-element elementor-element-22005879 elementor-section-boxed elementor-section-height-default elementor-section-height-default\" data-id=\"22005879\" data-element_type=\"section\" data-e-type=\"section\">\n\t\t\t\t\t\t<div class=\"elementor-container elementor-column-gap-default\">\n\t\t\t\t\t<div class=\"elementor-column elementor-col-100 elementor-inner-column elementor-element elementor-element-3a0da7fc\" data-id=\"3a0da7fc\" data-element_type=\"column\" data-e-type=\"column\">\n\t\t\t<div class=\"elementor-widget-wrap elementor-element-populated\">\n\t\t\t\t\t\t<div class=\"elementor-element elementor-element-0c136db elementor-widget elementor-widget-heading\" data-id=\"0c136db\" data-element_type=\"widget\" data-e-type=\"widget\" data-widget_type=\"heading.default\">\n\t\t\t\t<div class=\"elementor-widget-container\">\n\t\t\t\t\t<h3 class=\"elementor-heading-title elementor-size-default\">Veja nossos outros posts:<\/h3>\t\t\t\t<\/div>\n\t\t\t\t<\/div>\n\t\t\t\t<div class=\"elementor-element elementor-element-77d91a59 elementor-grid-tablet-3 elementor-grid-3 elementor-grid-mobile-1 elementor-posts--thumbnail-top elementor-posts__hover-gradient elementor-widget elementor-widget-posts\" data-id=\"77d91a59\" data-element_type=\"widget\" data-e-type=\"widget\" data-settings=\"{&quot;cards_row_gap&quot;:{&quot;unit&quot;:&quot;px&quot;,&quot;size&quot;:20,&quot;sizes&quot;:[]},&quot;cards_row_gap_mobile&quot;:{&quot;unit&quot;:&quot;px&quot;,&quot;size&quot;:10,&quot;sizes&quot;:[]},&quot;cards_columns_tablet&quot;:&quot;3&quot;,&quot;cards_row_gap_tablet&quot;:{&quot;unit&quot;:&quot;px&quot;,&quot;size&quot;:5,&quot;sizes&quot;:[]},&quot;cards_columns&quot;:&quot;3&quot;,&quot;cards_columns_mobile&quot;:&quot;1&quot;}\" data-widget_type=\"posts.cards\">\n\t\t\t\t<div class=\"elementor-widget-container\">\n\t\t\t\t\t\t\t<div class=\"elementor-posts-container elementor-posts elementor-posts--skin-cards elementor-grid\" role=\"list\">\n\t\t\t\t<article class=\"elementor-post elementor-grid-item post-79694 post type-post status-publish format-standard has-post-thumbnail hentry category-destaques\" role=\"listitem\">\n\t\t\t<div class=\"elementor-post__card\">\n\t\t\t\t<a class=\"elementor-post__thumbnail__link\" href=\"https:\/\/oceancamper.com\/pt-pt\/pranchas-de-paddle-no-algarve\/\" tabindex=\"-1\" ><div class=\"elementor-post__thumbnail\"><img fetchpriority=\"high\" decoding=\"async\" width=\"2560\" height=\"1707\" src=\"https:\/\/oceancamper.com\/wp-content\/uploads\/2020\/12\/paddleboarding-algarve-sup-ocean-camper-scaled.jpg\" class=\"attachment-full size-full wp-image-208144\" alt=\"Uma prancha de paddle e uma autocaravana vermelha estacionada na costa algarvia - equipamento Ocean Camper para aventuras de paddleboarding em Portugal.\" srcset=\"https:\/\/oceancamper.com\/wp-content\/uploads\/2020\/12\/paddleboarding-algarve-sup-ocean-camper-scaled.jpg 2560w, https:\/\/oceancamper.com\/wp-content\/uploads\/2020\/12\/paddleboarding-algarve-sup-ocean-camper-300x200.jpg 300w, https:\/\/oceancamper.com\/wp-content\/uploads\/2020\/12\/paddleboarding-algarve-sup-ocean-camper-1024x683.jpg 1024w, https:\/\/oceancamper.com\/wp-content\/uploads\/2020\/12\/paddleboarding-algarve-sup-ocean-camper-768x512.jpg 768w, https:\/\/oceancamper.com\/wp-content\/uploads\/2020\/12\/paddleboarding-algarve-sup-ocean-camper-1536x1024.jpg 1536w, https:\/\/oceancamper.com\/wp-content\/uploads\/2020\/12\/paddleboarding-algarve-sup-ocean-camper-2048x1365.jpg 2048w, https:\/\/oceancamper.com\/wp-content\/uploads\/2020\/12\/paddleboarding-algarve-sup-ocean-camper-240x160.jpg 240w\" sizes=\"(max-width: 2560px) 100vw, 2560px\" \/><\/div><\/a>\n\t\t\t\t<div class=\"elementor-post__text\">\n\t\t\t\t<h2 class=\"elementor-post__title\">\n\t\t\t<a href=\"https:\/\/oceancamper.com\/pt-pt\/pranchas-de-paddle-no-algarve\/\" >\n\t\t\t\tPaddleboarding Algarve &#8211; Os melhores locais de SUP\t\t\t<\/a>\n\t\t<\/h2>\n\t\t\t\t<div class=\"elementor-post__excerpt\">\n\t\t\t<p>Melhores lugares para fazer SUP no Algarve! Grutas, rios e lagos. Aluga as nossas pranchas e rema onde os outros turistas n\u00e3o podem ir.  <\/p>\n\t\t<\/div>\n\t\t\n\t\t<a class=\"elementor-post__read-more\" href=\"https:\/\/oceancamper.com\/pt-pt\/pranchas-de-paddle-no-algarve\/\" aria-label=\"Read more about Paddleboarding Algarve &#8211; Os melhores locais de SUP\" tabindex=\"-1\" >\n\t\t\tLer Mais \u00bb\t\t<\/a>\n\n\t\t\t\t<\/div>\n\t\t\t\t\t<\/div>\n\t\t<\/article>\n\t\t\t\t<article class=\"elementor-post elementor-grid-item post-78845 post type-post status-publish format-standard has-post-thumbnail hentry category-dicas-de-campismo tag-acampar-numa-autocaravana-pequena tag-casa-de-banho tag-onde-fica-a-casa-de-banho tag-wc-pt-pt\" role=\"listitem\">\n\t\t\t<div class=\"elementor-post__card\">\n\t\t\t\t<a class=\"elementor-post__thumbnail__link\" href=\"https:\/\/oceancamper.com\/pt-pt\/encontrando-casas-de-banho-ao-acampar\/\" tabindex=\"-1\" ><div class=\"elementor-post__thumbnail\"><img decoding=\"async\" width=\"2560\" height=\"1707\" src=\"https:\/\/oceancamper.com\/wp-content\/uploads\/2025\/10\/image00031-scaled.jpeg\" class=\"attachment-full size-full wp-image-204420\" alt=\"Carrinha Ocean Camper estacionada nas fal\u00e9sias do Algarve ao p\u00f4r do sol - vista panor\u00e2mica para acampar e fazer viagens de carro em Portugal.\" srcset=\"https:\/\/oceancamper.com\/wp-content\/uploads\/2025\/10\/image00031-scaled.jpeg 2560w, https:\/\/oceancamper.com\/wp-content\/uploads\/2025\/10\/image00031-300x200.jpeg 300w, https:\/\/oceancamper.com\/wp-content\/uploads\/2025\/10\/image00031-1024x683.jpeg 1024w, https:\/\/oceancamper.com\/wp-content\/uploads\/2025\/10\/image00031-768x512.jpeg 768w, https:\/\/oceancamper.com\/wp-content\/uploads\/2025\/10\/image00031-1536x1024.jpeg 1536w, https:\/\/oceancamper.com\/wp-content\/uploads\/2025\/10\/image00031-2048x1365.jpeg 2048w, https:\/\/oceancamper.com\/wp-content\/uploads\/2025\/10\/image00031-240x160.jpeg 240w\" sizes=\"(max-width: 2560px) 100vw, 2560px\" \/><\/div><\/a>\n\t\t\t\t<div class=\"elementor-post__text\">\n\t\t\t\t<h2 class=\"elementor-post__title\">\n\t\t\t<a href=\"https:\/\/oceancamper.com\/pt-pt\/encontrando-casas-de-banho-ao-acampar\/\" >\n\t\t\t\tEncontrando casas de banho ao acampar\t\t\t<\/a>\n\t\t<\/h2>\n\t\t\t\t<div class=\"elementor-post__excerpt\">\n\t\t\t<p>Encontrar casas de banho para acampar em Portugal Quando viajas numa mini campervan sem casa de banho incorporada, descobrir onde ir pode ser stressante. Felizmente, Portugal oferece muitas op\u00e7\u00f5es &#8211;<\/p>\n\t\t<\/div>\n\t\t\n\t\t<a class=\"elementor-post__read-more\" href=\"https:\/\/oceancamper.com\/pt-pt\/encontrando-casas-de-banho-ao-acampar\/\" aria-label=\"Read more about Encontrando casas de banho ao acampar\" tabindex=\"-1\" >\n\t\t\tLer Mais \u00bb\t\t<\/a>\n\n\t\t\t\t<\/div>\n\t\t\t\t\t<\/div>\n\t\t<\/article>\n\t\t\t\t<article class=\"elementor-post elementor-grid-item post-78734 post type-post status-publish format-standard has-post-thumbnail hentry category-dicas-de-campismo tag-dicascampismo-appscampismo-campismo\" role=\"listitem\">\n\t\t\t<div class=\"elementor-post__card\">\n\t\t\t\t<a class=\"elementor-post__thumbnail__link\" href=\"https:\/\/oceancamper.com\/pt-pt\/top-10-aplicacoes-e-sites-de-camping\/\" tabindex=\"-1\" ><div class=\"elementor-post__thumbnail\"><img decoding=\"async\" width=\"2560\" height=\"1707\" src=\"https:\/\/oceancamper.com\/wp-content\/uploads\/2023\/05\/campervan-view-portugal-nature-ocean-camper-scaled.jpg\" class=\"attachment-full size-full wp-image-210359\" alt=\"as melhores aplica\u00e7\u00f5es de campismo em Portugal. Relaxa dentro de uma carrinha de campismo com as portas abertas com vista para as colinas rurais em Portugal durante uma viagem de campismo.\" srcset=\"https:\/\/oceancamper.com\/wp-content\/uploads\/2023\/05\/campervan-view-portugal-nature-ocean-camper-scaled.jpg 2560w, https:\/\/oceancamper.com\/wp-content\/uploads\/2023\/05\/campervan-view-portugal-nature-ocean-camper-300x200.jpg 300w, https:\/\/oceancamper.com\/wp-content\/uploads\/2023\/05\/campervan-view-portugal-nature-ocean-camper-1024x683.jpg 1024w, https:\/\/oceancamper.com\/wp-content\/uploads\/2023\/05\/campervan-view-portugal-nature-ocean-camper-768x512.jpg 768w, https:\/\/oceancamper.com\/wp-content\/uploads\/2023\/05\/campervan-view-portugal-nature-ocean-camper-1536x1024.jpg 1536w, https:\/\/oceancamper.com\/wp-content\/uploads\/2023\/05\/campervan-view-portugal-nature-ocean-camper-2048x1365.jpg 2048w, https:\/\/oceancamper.com\/wp-content\/uploads\/2023\/05\/campervan-view-portugal-nature-ocean-camper-240x160.jpg 240w\" sizes=\"(max-width: 2560px) 100vw, 2560px\" \/><\/div><\/a>\n\t\t\t\t<div class=\"elementor-post__text\">\n\t\t\t\t<h2 class=\"elementor-post__title\">\n\t\t\t<a href=\"https:\/\/oceancamper.com\/pt-pt\/top-10-aplicacoes-e-sites-de-camping\/\" >\n\t\t\t\tAs melhores aplica\u00e7\u00f5es de campismo em Portugal e na Europa (Guia 2026)\t\t\t<\/a>\n\t\t<\/h2>\n\t\t\t\t<div class=\"elementor-post__excerpt\">\n\t\t\t<p>Melhores ferramentas que vai precisar para acampar em Portugal. Acampar \u00e9 sobre flexibilidade. Mas esteja preparado para ser flex\u00edvel.  <\/p>\n\t\t<\/div>\n\t\t\n\t\t<a class=\"elementor-post__read-more\" href=\"https:\/\/oceancamper.com\/pt-pt\/top-10-aplicacoes-e-sites-de-camping\/\" aria-label=\"Read more about As melhores aplica\u00e7\u00f5es de campismo em Portugal e na Europa (Guia 2026)\" tabindex=\"-1\" >\n\t\t\tLer Mais \u00bb\t\t<\/a>\n\n\t\t\t\t<\/div>\n\t\t\t\t\t<\/div>\n\t\t<\/article>\n\t\t\t\t<\/div>\n\t\t\n\t\t\t\t\t\t<\/div>\n\t\t\t\t<\/div>\n\t\t\t\t<div class=\"elementor-element elementor-element-5806667 elementor-align-left elementor-tablet-align-left elementor-mobile-align-left elementor-widget elementor-widget-button\" data-id=\"5806667\" data-element_type=\"widget\" data-e-type=\"widget\" data-widget_type=\"button.default\">\n\t\t\t\t<div class=\"elementor-widget-container\">\n\t\t\t\t\t\t\t\t\t<div class=\"elementor-button-wrapper\">\n\t\t\t\t\t<a class=\"elementor-button elementor-button-link elementor-size-sm elementor-animation-pop\" href=\"https:\/\/oceancamper.com\/pt-pt\/blogue\/\">\n\t\t\t\t\t\t<span class=\"elementor-button-content-wrapper\">\n\t\t\t\t\t\t\t\t\t<span class=\"elementor-button-text\">Voltar para o Blog<\/span>\n\t\t\t\t\t<\/span>\n\t\t\t\t\t<\/a>\n\t\t\t\t<\/div>\n\t\t\t\t\t\t\t\t<\/div>\n\t\t\t\t<\/div>\n\t\t\t\t\t<\/div>\n\t\t<\/div>\n\t\t\t\t\t<\/div>\n\t\t<\/section>\n\t\t\t\t\t<\/div>\n\t\t<\/div>\n\t\t\t\t\t<\/div>\n\t\t<\/section>\n\t\t\t\t<\/div>\n\t\t","protected":false},"excerpt":{"rendered":"<p>Comidas imperd\u00edveis em Portugal. Recomenda\u00e7\u00f5es de pratos t\u00edpicos: peixe, carne, azeite e vinho s\u00e3o os mais saborosos. <\/p>\n","protected":false},"author":1,"featured_media":164012,"comment_status":"closed","ping_status":"open","sticky":false,"template":"elementor_header_footer","format":"standard","meta":{"om_disable_all_campaigns":false,"footnotes":""},"categories":[12],"tags":[],"class_list":["post-79707","post","type-post","status-publish","format-standard","has-post-thumbnail","hentry","category-sem-categoria"],"aioseo_notices":[],"aioseo_head":"\n\t\t<!-- All in One SEO 4.9.10 - aioseo.com -->\n\t<meta name=\"description\" content=\"Descobre as melhores aplica\u00e7\u00f5es de campismo para Portugal e Europa - mapas online, localizadores de parques de campismo, alertas de inc\u00eandios florestais, previs\u00f5es de surf e webcams de praia. Viaja de forma segura e inteligente.\" \/>\n\t<meta name=\"robots\" content=\"max-image-preview:large\" \/>\n\t<meta name=\"author\" content=\"nomadcanguru\"\/>\n\t<link rel=\"canonical\" href=\"https:\/\/oceancamper.com\/pt-pt\/top-10-aplicacoes-e-sites-de-camping\/\" \/>\n\t<meta name=\"generator\" content=\"All in One SEO (AIOSEO) 4.9.10\" \/>\n\t\t<meta property=\"og:locale\" content=\"pt_PT\" \/>\n\t\t<meta property=\"og:site_name\" content=\"Ocean Camper - Campervan Rental in Faro, Portugal\" \/>\n\t\t<meta property=\"og:type\" content=\"article\" \/>\n\t\t<meta property=\"og:title\" content=\"Melhores Apps de Campismo Portugal &amp; Europa 2026 - Ocean Camper\" \/>\n\t\t<meta property=\"og:description\" content=\"Descobre as melhores aplica\u00e7\u00f5es de campismo para Portugal e Europa - mapas online, localizadores de parques de campismo, alertas de inc\u00eandios florestais, previs\u00f5es de surf e webcams de praia. Viaja de forma segura e inteligente.\" \/>\n\t\t<meta property=\"og:url\" content=\"https:\/\/oceancamper.com\/pt-pt\/top-10-aplicacoes-e-sites-de-camping\/\" \/>\n\t\t<meta property=\"og:image\" content=\"https:\/\/oceancamper.com\/wp-content\/uploads\/2022\/01\/Asset-5.png\" \/>\n\t\t<meta property=\"og:image:secure_url\" content=\"https:\/\/oceancamper.com\/wp-content\/uploads\/2022\/01\/Asset-5.png\" \/>\n\t\t<meta property=\"og:image:width\" content=\"662\" \/>\n\t\t<meta property=\"og:image:height\" content=\"291\" \/>\n\t\t<meta property=\"article:published_time\" content=\"2023-05-25T15:30:25+00:00\" \/>\n\t\t<meta property=\"article:modified_time\" content=\"2026-08-14T16:42:07+00:00\" \/>\n\t\t<meta property=\"article:publisher\" content=\"https:\/\/www.facebook.com\/oceancamper\/\" \/>\n\t\t<meta name=\"twitter:card\" content=\"summary\" \/>\n\t\t<meta name=\"twitter:site\" content=\"@Ocean_Camper\" \/>\n\t\t<meta name=\"twitter:title\" content=\"Melhores Apps de Campismo Portugal &amp; Europa 2026 - Ocean Camper\" \/>\n\t\t<meta name=\"twitter:description\" content=\"Descobre as melhores aplica\u00e7\u00f5es de campismo para Portugal e Europa - mapas online, localizadores de parques de campismo, alertas de inc\u00eandios florestais, previs\u00f5es de surf e webcams de praia. Viaja de forma segura e inteligente.\" \/>\n\t\t<meta name=\"twitter:creator\" content=\"@Ocean_Camper\" \/>\n\t\t<meta name=\"twitter:image\" content=\"https:\/\/oceancamper.com\/wp-content\/uploads\/2022\/01\/Asset-5.png\" \/>\n\t\t<script type=\"application\/ld+json\" class=\"aioseo-schema\">\n\t\t\t{\"@context\":\"https:\\\/\\\/schema.org\",\"@graph\":[{\"@type\":\"BlogPosting\",\"@id\":\"https:\\\/\\\/oceancamper.com\\\/pt-pt\\\/top-10-aplicacoes-e-sites-de-camping\\\/#blogposting\",\"name\":\"Melhores Apps de Campismo Portugal & Europa 2026 - Ocean Camper\",\"headline\":\"As melhores aplica\\u00e7\\u00f5es de campismo em Portugal e na Europa (Guia 2026)\",\"author\":{\"@id\":\"https:\\\/\\\/oceancamper.com\\\/pt-pt\\\/author\\\/nomadcanguru\\\/#author\"},\"publisher\":{\"@id\":\"https:\\\/\\\/oceancamper.com\\\/pt-pt\\\/#organization\"},\"image\":{\"@type\":\"ImageObject\",\"url\":\"https:\\\/\\\/oceancamper.com\\\/wp-content\\\/uploads\\\/2023\\\/05\\\/campervan-view-portugal-nature-ocean-camper-scaled.jpg\",\"width\":2560,\"height\":1707,\"caption\":\"Acordar com uma vista de autocaravana para as pac\\u00edficas colinas de Portugal - a liberdade de uma viagem de carro com a Ocean Camper.\"},\"datePublished\":\"2023-05-25T15:30:25+00:00\",\"dateModified\":\"2026-08-14T16:42:07+00:00\",\"inLanguage\":\"pt-PT\",\"mainEntityOfPage\":{\"@id\":\"https:\\\/\\\/oceancamper.com\\\/pt-pt\\\/top-10-aplicacoes-e-sites-de-camping\\\/#webpage\"},\"isPartOf\":{\"@id\":\"https:\\\/\\\/oceancamper.com\\\/pt-pt\\\/top-10-aplicacoes-e-sites-de-camping\\\/#webpage\"},\"articleSection\":\"Dicas de Campismo, #dicascampismo #appscampismo #campismo, Opcional\"},{\"@type\":\"BreadcrumbList\",\"@id\":\"https:\\\/\\\/oceancamper.com\\\/pt-pt\\\/top-10-aplicacoes-e-sites-de-camping\\\/#breadcrumblist\",\"itemListElement\":[{\"@type\":\"ListItem\",\"@id\":\"https:\\\/\\\/oceancamper.com\\\/pt-pt\\\/#listItem\",\"position\":1,\"name\":\"Home\",\"item\":\"https:\\\/\\\/oceancamper.com\\\/pt-pt\\\/\",\"nextItem\":{\"@type\":\"ListItem\",\"@id\":\"https:\\\/\\\/oceancamper.com\\\/pt-pt\\\/category\\\/sem-categoria\\\/#listItem\",\"name\":\"Sem categoria\"}},{\"@type\":\"ListItem\",\"@id\":\"https:\\\/\\\/oceancamper.com\\\/pt-pt\\\/category\\\/sem-categoria\\\/#listItem\",\"position\":2,\"name\":\"Sem categoria\",\"item\":\"https:\\\/\\\/oceancamper.com\\\/pt-pt\\\/category\\\/sem-categoria\\\/\",\"nextItem\":{\"@type\":\"ListItem\",\"@id\":\"https:\\\/\\\/oceancamper.com\\\/pt-pt\\\/gastronomia-portuguesa\\\/#listItem\",\"name\":\"Comida portuguesa &#8211; Peixe, marisco, carne e iguarias locais imperd\\u00edveis\"},\"previousItem\":{\"@type\":\"ListItem\",\"@id\":\"https:\\\/\\\/oceancamper.com\\\/pt-pt\\\/#listItem\",\"name\":\"Home\"}},{\"@type\":\"ListItem\",\"@id\":\"https:\\\/\\\/oceancamper.com\\\/pt-pt\\\/gastronomia-portuguesa\\\/#listItem\",\"position\":3,\"name\":\"Comida portuguesa &#8211; Peixe, marisco, carne e iguarias locais imperd\\u00edveis\",\"previousItem\":{\"@type\":\"ListItem\",\"@id\":\"https:\\\/\\\/oceancamper.com\\\/pt-pt\\\/category\\\/sem-categoria\\\/#listItem\",\"name\":\"Sem categoria\"}}]},{\"@type\":\"Organization\",\"@id\":\"https:\\\/\\\/oceancamper.com\\\/pt-pt\\\/#organization\",\"name\":\"Ocean Camper\",\"description\":\"Ocean Camper provides affordable campervan rental in Portugal with fully equipped campervans for up to three people, available in Faro and Lisbon for flexible road trips.\",\"url\":\"https:\\\/\\\/oceancamper.com\\\/pt-pt\\\/\",\"email\":\"info@oceancamper.com\",\"telephone\":\"+351920301044\",\"foundingDate\":\"2017-04-19\",\"numberOfEmployees\":{\"@type\":\"QuantitativeValue\",\"minValue\":0,\"maxValue\":10},\"logo\":{\"@type\":\"ImageObject\",\"url\":\"https:\\\/\\\/oceancamper.com\\\/wp-content\\\/uploads\\\/2022\\\/01\\\/Asset-5.png\",\"@id\":\"https:\\\/\\\/oceancamper.com\\\/pt-pt\\\/top-10-aplicacoes-e-sites-de-camping\\\/#organizationLogo\",\"width\":662,\"height\":291,\"caption\":\"Ocean Camper logo\"},\"image\":{\"@id\":\"https:\\\/\\\/oceancamper.com\\\/pt-pt\\\/top-10-aplicacoes-e-sites-de-camping\\\/#organizationLogo\"},\"sameAs\":[\"https:\\\/\\\/www.facebook.com\\\/oceancamper\\\/\",\"https:\\\/\\\/x.com\\\/Ocean_Camper\",\"https:\\\/\\\/www.instagram.com\\\/oceancamper.vans\\\/\",\"https:\\\/\\\/www.tiktok.com\\\/@oceancamper.vans\",\"https:\\\/\\\/www.youtube.com\\\/@oceancamper\",\"https:\\\/\\\/www.linkedin.com\\\/company\\\/oceancamper\\\/\",\"https:\\\/\\\/www.trustpilot.com\\\/review\\\/oceancamper.com\"]},{\"@type\":\"Person\",\"@id\":\"https:\\\/\\\/oceancamper.com\\\/pt-pt\\\/author\\\/nomadcanguru\\\/#author\",\"url\":\"https:\\\/\\\/oceancamper.com\\\/pt-pt\\\/author\\\/nomadcanguru\\\/\",\"name\":\"nomadcanguru\",\"image\":{\"@type\":\"ImageObject\",\"@id\":\"https:\\\/\\\/oceancamper.com\\\/pt-pt\\\/top-10-aplicacoes-e-sites-de-camping\\\/#authorImage\",\"url\":\"https:\\\/\\\/secure.gravatar.com\\\/avatar\\\/3a5092e8a35779f7501b5a8c315d77eae173c0705d8cfd512c06ce5460985e92?s=96&d=mm&r=g\",\"width\":96,\"height\":96,\"caption\":\"nomadcanguru\"}},{\"@type\":\"WebPage\",\"@id\":\"https:\\\/\\\/oceancamper.com\\\/pt-pt\\\/top-10-aplicacoes-e-sites-de-camping\\\/#webpage\",\"url\":\"https:\\\/\\\/oceancamper.com\\\/pt-pt\\\/top-10-aplicacoes-e-sites-de-camping\\\/\",\"name\":\"Melhores Apps de Campismo Portugal & Europa 2026 - Ocean Camper\",\"description\":\"Descobre as melhores aplica\\u00e7\\u00f5es de campismo para Portugal e Europa - mapas online, localizadores de parques de campismo, alertas de inc\\u00eandios florestais, previs\\u00f5es de surf e webcams de praia. Viaja de forma segura e inteligente.\",\"inLanguage\":\"pt-PT\",\"isPartOf\":{\"@id\":\"https:\\\/\\\/oceancamper.com\\\/pt-pt\\\/#website\"},\"breadcrumb\":{\"@id\":\"https:\\\/\\\/oceancamper.com\\\/pt-pt\\\/top-10-aplicacoes-e-sites-de-camping\\\/#breadcrumblist\"},\"author\":{\"@id\":\"https:\\\/\\\/oceancamper.com\\\/pt-pt\\\/author\\\/nomadcanguru\\\/#author\"},\"creator\":{\"@id\":\"https:\\\/\\\/oceancamper.com\\\/pt-pt\\\/author\\\/nomadcanguru\\\/#author\"},\"image\":{\"@type\":\"ImageObject\",\"url\":\"https:\\\/\\\/oceancamper.com\\\/wp-content\\\/uploads\\\/2023\\\/05\\\/campervan-view-portugal-nature-ocean-camper-scaled.jpg\",\"@id\":\"https:\\\/\\\/oceancamper.com\\\/pt-pt\\\/top-10-aplicacoes-e-sites-de-camping\\\/#mainImage\",\"width\":2560,\"height\":1707,\"caption\":\"Acordar com uma vista de autocaravana para as pac\\u00edficas colinas de Portugal - a liberdade de uma viagem de carro com a Ocean Camper.\"},\"primaryImageOfPage\":{\"@id\":\"https:\\\/\\\/oceancamper.com\\\/pt-pt\\\/top-10-aplicacoes-e-sites-de-camping\\\/#mainImage\"},\"datePublished\":\"2023-05-25T15:30:25+00:00\",\"dateModified\":\"2026-08-14T16:42:07+00:00\"},{\"@type\":\"WebSite\",\"@id\":\"https:\\\/\\\/oceancamper.com\\\/pt-pt\\\/#website\",\"url\":\"https:\\\/\\\/oceancamper.com\\\/pt-pt\\\/\",\"name\":\"Ocean Camper\",\"alternateName\":\"Ocean Camper Portugal\",\"description\":\"Campervan Rental in Faro, Portugal\",\"inLanguage\":\"pt-PT\",\"publisher\":{\"@id\":\"https:\\\/\\\/oceancamper.com\\\/pt-pt\\\/#organization\"}}]}\n\t\t<\/script>\n\t\t<!-- All in One SEO -->\n\n","aioseo_head_json":{"title":"Melhores Apps de Campismo Portugal & Europa 2026 - Ocean Camper","description":"Descobre as melhores aplica\u00e7\u00f5es de campismo para Portugal e Europa - mapas online, localizadores de parques de campismo, alertas de inc\u00eandios florestais, previs\u00f5es de surf e webcams de praia. Viaja de forma segura e inteligente.","canonical_url":"https:\/\/oceancamper.com\/pt-pt\/top-10-aplicacoes-e-sites-de-camping\/","robots":"max-image-preview:large","keywords":"","webmasterTools":{"miscellaneous":""},"schema":{"@context":"https:\/\/schema.org","@graph":[{"@type":"BlogPosting","@id":"https:\/\/oceancamper.com\/pt-pt\/top-10-aplicacoes-e-sites-de-camping\/#blogposting","name":"Melhores Apps de Campismo Portugal & Europa 2026 - Ocean Camper","headline":"As melhores aplica\u00e7\u00f5es de campismo em Portugal e na Europa (Guia 2026)","author":{"@id":"https:\/\/oceancamper.com\/pt-pt\/author\/nomadcanguru\/#author"},"publisher":{"@id":"https:\/\/oceancamper.com\/pt-pt\/#organization"},"image":{"@type":"ImageObject","url":"https:\/\/oceancamper.com\/wp-content\/uploads\/2023\/05\/campervan-view-portugal-nature-ocean-camper-scaled.jpg","width":2560,"height":1707,"caption":"Acordar com uma vista de autocaravana para as pac\u00edficas colinas de Portugal - a liberdade de uma viagem de carro com a Ocean Camper."},"datePublished":"2023-05-25T15:30:25+00:00","dateModified":"2026-08-14T16:42:07+00:00","inLanguage":"pt-PT","mainEntityOfPage":{"@id":"https:\/\/oceancamper.com\/pt-pt\/top-10-aplicacoes-e-sites-de-camping\/#webpage"},"isPartOf":{"@id":"https:\/\/oceancamper.com\/pt-pt\/top-10-aplicacoes-e-sites-de-camping\/#webpage"},"articleSection":"Dicas de Campismo, #dicascampismo #appscampismo #campismo, Opcional"},{"@type":"BreadcrumbList","@id":"https:\/\/oceancamper.com\/pt-pt\/top-10-aplicacoes-e-sites-de-camping\/#breadcrumblist","itemListElement":[{"@type":"ListItem","@id":"https:\/\/oceancamper.com\/pt-pt\/#listItem","position":1,"name":"Home","item":"https:\/\/oceancamper.com\/pt-pt\/","nextItem":{"@type":"ListItem","@id":"https:\/\/oceancamper.com\/pt-pt\/category\/sem-categoria\/#listItem","name":"Sem categoria"}},{"@type":"ListItem","@id":"https:\/\/oceancamper.com\/pt-pt\/category\/sem-categoria\/#listItem","position":2,"name":"Sem categoria","item":"https:\/\/oceancamper.com\/pt-pt\/category\/sem-categoria\/","nextItem":{"@type":"ListItem","@id":"https:\/\/oceancamper.com\/pt-pt\/gastronomia-portuguesa\/#listItem","name":"Comida portuguesa &#8211; Peixe, marisco, carne e iguarias locais imperd\u00edveis"},"previousItem":{"@type":"ListItem","@id":"https:\/\/oceancamper.com\/pt-pt\/#listItem","name":"Home"}},{"@type":"ListItem","@id":"https:\/\/oceancamper.com\/pt-pt\/gastronomia-portuguesa\/#listItem","position":3,"name":"Comida portuguesa &#8211; Peixe, marisco, carne e iguarias locais imperd\u00edveis","previousItem":{"@type":"ListItem","@id":"https:\/\/oceancamper.com\/pt-pt\/category\/sem-categoria\/#listItem","name":"Sem categoria"}}]},{"@type":"Organization","@id":"https:\/\/oceancamper.com\/pt-pt\/#organization","name":"Ocean Camper","description":"Ocean Camper provides affordable campervan rental in Portugal with fully equipped campervans for up to three people, available in Faro and Lisbon for flexible road trips.","url":"https:\/\/oceancamper.com\/pt-pt\/","email":"info@oceancamper.com","telephone":"+351920301044","foundingDate":"2017-04-19","numberOfEmployees":{"@type":"QuantitativeValue","minValue":0,"maxValue":10},"logo":{"@type":"ImageObject","url":"https:\/\/oceancamper.com\/wp-content\/uploads\/2022\/01\/Asset-5.png","@id":"https:\/\/oceancamper.com\/pt-pt\/top-10-aplicacoes-e-sites-de-camping\/#organizationLogo","width":662,"height":291,"caption":"Ocean Camper logo"},"image":{"@id":"https:\/\/oceancamper.com\/pt-pt\/top-10-aplicacoes-e-sites-de-camping\/#organizationLogo"},"sameAs":["https:\/\/www.facebook.com\/oceancamper\/","https:\/\/x.com\/Ocean_Camper","https:\/\/www.instagram.com\/oceancamper.vans\/","https:\/\/www.tiktok.com\/@oceancamper.vans","https:\/\/www.youtube.com\/@oceancamper","https:\/\/www.linkedin.com\/company\/oceancamper\/","https:\/\/www.trustpilot.com\/review\/oceancamper.com"]},{"@type":"Person","@id":"https:\/\/oceancamper.com\/pt-pt\/author\/nomadcanguru\/#author","url":"https:\/\/oceancamper.com\/pt-pt\/author\/nomadcanguru\/","name":"nomadcanguru","image":{"@type":"ImageObject","@id":"https:\/\/oceancamper.com\/pt-pt\/top-10-aplicacoes-e-sites-de-camping\/#authorImage","url":"https:\/\/secure.gravatar.com\/avatar\/3a5092e8a35779f7501b5a8c315d77eae173c0705d8cfd512c06ce5460985e92?s=96&d=mm&r=g","width":96,"height":96,"caption":"nomadcanguru"}},{"@type":"WebPage","@id":"https:\/\/oceancamper.com\/pt-pt\/top-10-aplicacoes-e-sites-de-camping\/#webpage","url":"https:\/\/oceancamper.com\/pt-pt\/top-10-aplicacoes-e-sites-de-camping\/","name":"Melhores Apps de Campismo Portugal & Europa 2026 - Ocean Camper","description":"Descobre as melhores aplica\u00e7\u00f5es de campismo para Portugal e Europa - mapas online, localizadores de parques de campismo, alertas de inc\u00eandios florestais, previs\u00f5es de surf e webcams de praia. Viaja de forma segura e inteligente.","inLanguage":"pt-PT","isPartOf":{"@id":"https:\/\/oceancamper.com\/pt-pt\/#website"},"breadcrumb":{"@id":"https:\/\/oceancamper.com\/pt-pt\/top-10-aplicacoes-e-sites-de-camping\/#breadcrumblist"},"author":{"@id":"https:\/\/oceancamper.com\/pt-pt\/author\/nomadcanguru\/#author"},"creator":{"@id":"https:\/\/oceancamper.com\/pt-pt\/author\/nomadcanguru\/#author"},"image":{"@type":"ImageObject","url":"https:\/\/oceancamper.com\/wp-content\/uploads\/2023\/05\/campervan-view-portugal-nature-ocean-camper-scaled.jpg","@id":"https:\/\/oceancamper.com\/pt-pt\/top-10-aplicacoes-e-sites-de-camping\/#mainImage","width":2560,"height":1707,"caption":"Acordar com uma vista de autocaravana para as pac\u00edficas colinas de Portugal - a liberdade de uma viagem de carro com a Ocean Camper."},"primaryImageOfPage":{"@id":"https:\/\/oceancamper.com\/pt-pt\/top-10-aplicacoes-e-sites-de-camping\/#mainImage"},"datePublished":"2023-05-25T15:30:25+00:00","dateModified":"2026-08-14T16:42:07+00:00"},{"@type":"WebSite","@id":"https:\/\/oceancamper.com\/pt-pt\/#website","url":"https:\/\/oceancamper.com\/pt-pt\/","name":"Ocean Camper","alternateName":"Ocean Camper Portugal","description":"Campervan Rental in Faro, Portugal","inLanguage":"pt-PT","publisher":{"@id":"https:\/\/oceancamper.com\/pt-pt\/#organization"}}]},"og:locale":"pt_PT","og:site_name":"Ocean Camper - Campervan Rental in Faro, Portugal","og:type":"article","og:title":"Melhores Apps de Campismo Portugal &amp; Europa 2026 - Ocean Camper","og:description":"Descobre as melhores aplica\u00e7\u00f5es de campismo para Portugal e Europa - mapas online, localizadores de parques de campismo, alertas de inc\u00eandios florestais, previs\u00f5es de surf e webcams de praia. Viaja de forma segura e inteligente.","og:url":"https:\/\/oceancamper.com\/pt-pt\/top-10-aplicacoes-e-sites-de-camping\/","og:image":"https:\/\/oceancamper.com\/wp-content\/uploads\/2022\/01\/Asset-5.png","og:image:secure_url":"https:\/\/oceancamper.com\/wp-content\/uploads\/2022\/01\/Asset-5.png","og:image:width":662,"og:image:height":291,"article:published_time":"2023-05-25T15:30:25+00:00","article:modified_time":"2026-08-14T16:42:07+00:00","article:publisher":"https:\/\/www.facebook.com\/oceancamper\/","twitter:card":"summary","twitter:site":"@Ocean_Camper","twitter:title":"Melhores Apps de Campismo Portugal &amp; Europa 2026 - Ocean Camper","twitter:description":"Descobre as melhores aplica\u00e7\u00f5es de campismo para Portugal e Europa - mapas online, localizadores de parques de campismo, alertas de inc\u00eandios florestais, previs\u00f5es de surf e webcams de praia. Viaja de forma segura e inteligente.","twitter:creator":"@Ocean_Camper","twitter:image":"https:\/\/oceancamper.com\/wp-content\/uploads\/2022\/01\/Asset-5.png"},"aioseo_meta_data":{"post_id":"79707","title":"Guia Gastron\u00f3mico Portugu\u00eas - Pratos e Especialidades Imperd\u00edveis","description":"Descobre a comida portuguesa com a Ocean Camper: sardinhas grelhadas, cataplana de marisco, chouri\u00e7o assado, fruta da \u00e9poca e vinho alentejano. O que comer em Portugal ","keywords":null,"keyphrases":{"focus":{"keyphrase":"Portuguese food","score":91,"analysis":{"keyphraseInTitle":{"score":9,"maxScore":9,"error":0},"keyphraseInDescription":{"score":9,"maxScore":9,"error":0},"keyphraseLength":{"score":9,"maxScore":9,"error":0,"length":2},"keyphraseInURL":{"score":5,"maxScore":5,"error":0},"keyphraseInIntroduction":{"score":9,"maxScore":9,"error":0},"keyphraseInSubHeadings":{"score":3,"maxScore":9,"error":1},"keyphraseInImageAlt":{"score":9,"maxScore":9,"error":0},"keywordDensity":{"type":"best","score":9,"maxScore":9,"error":0}}},"additional":[{"keyphrase":"Portuguese cuisine","score":53,"analysis":{"keyphraseInDescription":{"score":3,"maxScore":9,"error":1},"keyphraseLength":{"score":9,"maxScore":9,"error":0,"length":2},"keyphraseInIntroduction":{"score":3,"maxScore":9,"error":1},"keyphraseInImageAlt":{"score":9,"maxScore":9,"error":0},"keywordDensity":{"score":0,"type":"low","maxScore":9,"error":1}}},{"keyphrase":"what to eat in Portugal","score":60,"analysis":{"keyphraseInDescription":{"score":9,"maxScore":9,"error":0},"keyphraseLength":{"score":6,"maxScore":9,"error":1,"length":5},"keyphraseInIntroduction":{"score":9,"maxScore":9,"error":0},"keyphraseInImageAlt":{"score":3,"maxScore":9,"error":1},"keywordDensity":{"score":0,"type":"low","maxScore":9,"error":1}}},{"keyphrase":"typical Portuguese dishes","score":40,"analysis":{"keyphraseInDescription":{"score":3,"maxScore":9,"error":1},"keyphraseLength":{"score":9,"maxScore":9,"error":0,"length":3},"keyphraseInIntroduction":{"score":3,"maxScore":9,"error":1},"keyphraseInImageAlt":{"score":3,"maxScore":9,"error":1},"keywordDensity":{"score":0,"type":"low","maxScore":9,"error":1}}},{"keyphrase":"Algarve food","score":53,"analysis":{"keyphraseInDescription":{"score":3,"maxScore":9,"error":1},"keyphraseLength":{"score":9,"maxScore":9,"error":0,"length":2},"keyphraseInIntroduction":{"score":3,"maxScore":9,"error":1},"keyphraseInImageAlt":{"score":9,"maxScore":9,"error":0},"keywordDensity":{"score":0,"type":"low","maxScore":9,"error":1}}},{"keyphrase":"Portuguese fish dishes","score":53,"analysis":{"keyphraseInDescription":{"score":3,"maxScore":9,"error":1},"keyphraseLength":{"score":9,"maxScore":9,"error":0,"length":3},"keyphraseInIntroduction":{"score":3,"maxScore":9,"error":1},"keyphraseInImageAlt":{"score":9,"maxScore":9,"error":0},"keywordDensity":{"score":0,"type":"low","maxScore":9,"error":1}}},{"keyphrase":"shellfish Portugal","score":53,"analysis":{"keyphraseInDescription":{"score":3,"maxScore":9,"error":1},"keyphraseLength":{"score":9,"maxScore":9,"error":0,"length":2},"keyphraseInIntroduction":{"score":3,"maxScore":9,"error":1},"keyphraseInImageAlt":{"score":9,"maxScore":9,"error":0},"keywordDensity":{"score":0,"type":"low","maxScore":9,"error":1}}},{"keyphrase":"Portuguese meat dishes","score":53,"analysis":{"keyphraseInDescription":{"score":3,"maxScore":9,"error":1},"keyphraseLength":{"score":9,"maxScore":9,"error":0,"length":3},"keyphraseInIntroduction":{"score":3,"maxScore":9,"error":1},"keyphraseInImageAlt":{"score":9,"maxScore":9,"error":0},"keywordDensity":{"score":0,"type":"low","maxScore":9,"error":1}}}]},"primary_term":null,"canonical_url":null,"og_title":null,"og_description":null,"og_object_type":"default","og_image_type":"default","og_image_url":null,"og_image_width":null,"og_image_height":null,"og_image_custom_url":null,"og_image_custom_fields":null,"og_video":"","og_custom_url":null,"og_article_section":null,"og_article_tags":null,"twitter_use_og":false,"twitter_card":"default","twitter_image_type":"default","twitter_image_url":null,"twitter_image_custom_url":null,"twitter_image_custom_fields":null,"twitter_title":null,"twitter_description":null,"schema":{"blockGraphs":[],"customGraphs":[],"default":{"data":{"Article":{"id":"aioseo-article-6394f6998c616","slug":"article","graphName":"Article","label":"Article","properties":{"type":"BlogPosting","name":"#post_title","headline":"#post_title","description":"#post_excerpt","image":"","keywords":"","author":{"name":"#author_name","url":"#author_url"},"dates":{"include":true,"datePublished":"","dateModified":""}}},"Course":[],"Dataset":[],"FAQPage":[],"Movie":[],"Person":[],"Product":[],"ProductReview":[],"Car":[],"Recipe":[],"Service":[],"SoftwareApplication":[],"WebPage":[]},"graphName":"BlogPosting","isEnabled":true},"graphs":[]},"schema_type":"default","schema_type_options":"{\"article\":{\"articleType\":\"BlogPosting\"},\"course\":{\"name\":\"\",\"description\":\"\",\"provider\":\"\"},\"faq\":{\"pages\":[]},\"product\":{\"reviews\":[]},\"recipe\":{\"ingredients\":[],\"instructions\":[],\"keywords\":[]},\"software\":{\"reviews\":[],\"operatingSystems\":[]},\"webPage\":{\"webPageType\":\"WebPage\"}}","pillar_content":false,"robots_default":true,"robots_noindex":false,"robots_noarchive":false,"robots_nosnippet":false,"robots_nofollow":false,"robots_noimageindex":false,"robots_noodp":false,"robots_notranslate":false,"robots_max_snippet":"-1","robots_max_videopreview":"-1","robots_max_imagepreview":"large","priority":null,"frequency":"default","local_seo":null,"seo_analyzer_scan_date":"2025-10-31 11:19:25","breadcrumb_settings":null,"limit_modified_date":false,"open_ai":null,"ai":{"faqs":[],"keyPoints":[],"titles":[],"descriptions":[],"socialPosts":{"email":[],"linkedin":[],"twitter":[],"facebook":[],"instagram":[]}},"created":"2023-06-13 15:55:00","updated":"2026-08-14 17:33:11"},"aioseo_breadcrumb":"<div class=\"aioseo-breadcrumbs\"><span class=\"aioseo-breadcrumb\">\n\t\t\t<a href=\"https:\/\/oceancamper.com\/pt-pt\/\" title=\"Home\">Home<\/a>\n\t\t<\/span><span class=\"aioseo-breadcrumb-separator\">\u00bb<\/span><span class=\"aioseo-breadcrumb\">\n\t\t\t<a href=\"https:\/\/oceancamper.com\/pt-pt\/category\/sem-categoria\/\" title=\"Sem categoria\">Sem categoria<\/a>\n\t\t<\/span><span class=\"aioseo-breadcrumb-separator\">\u00bb<\/span><span class=\"aioseo-breadcrumb\">\n\t\t\tComida portuguesa \u2013 Peixe, marisco, carne e iguarias locais imperd\u00edveis\n\t\t<\/span><\/div>","aioseo_breadcrumb_json":[{"label":"Home","link":"https:\/\/oceancamper.com\/pt-pt\/"},{"label":"Sem categoria","link":"https:\/\/oceancamper.com\/pt-pt\/category\/sem-categoria\/"},{"label":"Comida portuguesa &#8211; Peixe, marisco, carne e iguarias locais imperd\u00edveis","link":"https:\/\/oceancamper.com\/pt-pt\/gastronomia-portuguesa\/"}],"_links":{"self":[{"href":"https:\/\/oceancamper.com\/pt-pt\/wp-json\/wp\/v2\/posts\/79707","targetHints":{"allow":["GET"]}}],"collection":[{"href":"https:\/\/oceancamper.com\/pt-pt\/wp-json\/wp\/v2\/posts"}],"about":[{"href":"https:\/\/oceancamper.com\/pt-pt\/wp-json\/wp\/v2\/types\/post"}],"author":[{"embeddable":true,"href":"https:\/\/oceancamper.com\/pt-pt\/wp-json\/wp\/v2\/users\/1"}],"replies":[{"embeddable":true,"href":"https:\/\/oceancamper.com\/pt-pt\/wp-json\/wp\/v2\/comments?post=79707"}],"version-history":[{"count":10,"href":"https:\/\/oceancamper.com\/pt-pt\/wp-json\/wp\/v2\/posts\/79707\/revisions"}],"predecessor-version":[{"id":253637,"href":"https:\/\/oceancamper.com\/pt-pt\/wp-json\/wp\/v2\/posts\/79707\/revisions\/253637"}],"wp:featuredmedia":[{"embeddable":true,"href":"https:\/\/oceancamper.com\/pt-pt\/wp-json\/wp\/v2\/media\/164012"}],"wp:attachment":[{"href":"https:\/\/oceancamper.com\/pt-pt\/wp-json\/wp\/v2\/media?parent=79707"}],"wp:term":[{"taxonomy":"category","embeddable":true,"href":"https:\/\/oceancamper.com\/pt-pt\/wp-json\/wp\/v2\/categories?post=79707"},{"taxonomy":"post_tag","embeddable":true,"href":"https:\/\/oceancamper.com\/pt-pt\/wp-json\/wp\/v2\/tags?post=79707"}],"curies":[{"name":"wp","href":"https:\/\/api.w.org\/{rel}","templated":true}]}}