{"id":79694,"date":"2020-12-24T20:02:16","date_gmt":"2020-12-24T20:02:16","guid":{"rendered":"https:\/\/oceancamper.com\/pranchas-de-paddle-no-algarve\/"},"modified":"2025-11-05T16:46:29","modified_gmt":"2025-11-05T16:46:29","slug":"pranchas-de-paddle-no-algarve","status":"publish","type":"post","link":"https:\/\/oceancamper.com\/pt-pt\/pranchas-de-paddle-no-algarve\/","title":{"rendered":"Paddleboarding Algarve &#8211; Os melhores locais de SUP"},"content":{"rendered":"\t\t<div data-elementor-type=\"wp-post\" data-elementor-id=\"79694\" class=\"elementor elementor-79694 elementor-382\" data-elementor-post-type=\"post\">\n\t\t\t\t\t\t<section class=\"elementor-section elementor-top-section elementor-element elementor-element-c63f89c elementor-section-height-min-height elementor-section-stretched elementor-section-content-middle elementor-section-boxed elementor-section-height-default elementor-section-items-middle\" data-id=\"c63f89c\" data-element_type=\"section\" data-e-type=\"section\" data-settings=\"{&quot;stretch_section&quot;:&quot;section-stretched&quot;,&quot;background_background&quot;:&quot;classic&quot;}\">\n\t\t\t\t\t\t\t<div class=\"elementor-background-overlay\"><\/div>\n\t\t\t\t\t\t\t<div class=\"elementor-container elementor-column-gap-default\">\n\t\t\t\t\t<div class=\"elementor-column elementor-col-100 elementor-top-column elementor-element elementor-element-63730d8\" data-id=\"63730d8\" data-element_type=\"column\" data-e-type=\"column\">\n\t\t\t<div class=\"elementor-widget-wrap elementor-element-populated\">\n\t\t\t\t\t\t<div class=\"elementor-element elementor-element-8828005 elementor-widget elementor-widget-theme-post-title elementor-page-title elementor-widget-heading\" data-id=\"8828005\" data-element_type=\"widget\" data-e-type=\"widget\" data-widget_type=\"theme-post-title.default\">\n\t\t\t\t<div class=\"elementor-widget-container\">\n\t\t\t\t\t<h1 class=\"elementor-heading-title elementor-size-default\">Paddleboarding Algarve &#8211; Os melhores locais de SUP<\/h1>\t\t\t\t<\/div>\n\t\t\t\t<\/div>\n\t\t\t\t<section class=\"elementor-section elementor-inner-section elementor-element elementor-element-4996ed4 elementor-section-boxed elementor-section-height-default elementor-section-height-default\" data-id=\"4996ed4\" data-element_type=\"section\" data-e-type=\"section\">\n\t\t\t\t\t\t<div class=\"elementor-container elementor-column-gap-default\">\n\t\t\t\t\t<div class=\"elementor-column elementor-col-33 elementor-inner-column elementor-element elementor-element-6a10a75\" data-id=\"6a10a75\" data-element_type=\"column\" data-e-type=\"column\">\n\t\t\t<div class=\"elementor-widget-wrap\">\n\t\t\t\t\t\t\t<\/div>\n\t\t<\/div>\n\t\t\t\t<div class=\"elementor-column elementor-col-33 elementor-inner-column elementor-element elementor-element-17d7426\" data-id=\"17d7426\" data-element_type=\"column\" data-e-type=\"column\">\n\t\t\t<div class=\"elementor-widget-wrap elementor-element-populated\">\n\t\t\t\t\t\t<div class=\"elementor-element elementor-element-180536c elementor-author-box--align-center elementor-author-box--layout-image-above elementor-widget elementor-widget-author-box\" data-id=\"180536c\" data-element_type=\"widget\" data-e-type=\"widget\" data-widget_type=\"author-box.default\">\n\t\t\t\t<div class=\"elementor-widget-container\">\n\t\t\t\t\t\t\t<div class=\"elementor-author-box\">\n\t\t\t\t\t\t\t<div  class=\"elementor-author-box__avatar\">\n\t\t\t\t\t<img decoding=\"async\" src=\"https:\/\/oceancamper.com\/wp-content\/uploads\/2022\/02\/Nina-min-1-300x300.jpg\" alt=\"Picture of Nina\" loading=\"lazy\">\n\t\t\t\t<\/div>\n\t\t\t\n\t\t\t<div class=\"elementor-author-box__text\">\n\t\t\t\t\t\t\t\t\t<div >\n\t\t\t\t\t\t<h4 class=\"elementor-author-box__name\">\n\t\t\t\t\t\t\tNina\t\t\t\t\t\t<\/h4>\n\t\t\t\t\t<\/div>\n\t\t\t\t\n\t\t\t\t\t\t\t\t\t<div class=\"elementor-author-box__bio\">\n\t\t\t\t\t\t<p>CEO da Ocean Camper<\/p>\n\t\t\t\t\t<\/div>\n\t\t\t\t\n\t\t\t\t\t\t\t<\/div>\n\t\t<\/div>\n\t\t\t\t\t\t<\/div>\n\t\t\t\t<\/div>\n\t\t\t\t\t<\/div>\n\t\t<\/div>\n\t\t\t\t<div class=\"elementor-column elementor-col-33 elementor-inner-column elementor-element elementor-element-1e52722\" data-id=\"1e52722\" data-element_type=\"column\" data-e-type=\"column\">\n\t\t\t<div class=\"elementor-widget-wrap\">\n\t\t\t\t\t\t\t<\/div>\n\t\t<\/div>\n\t\t\t\t\t<\/div>\n\t\t<\/section>\n\t\t\t\t\t<\/div>\n\t\t<\/div>\n\t\t\t\t\t<\/div>\n\t\t<\/section>\n\t\t\t\t<section class=\"elementor-section elementor-top-section elementor-element elementor-element-ae5977a elementor-section-stretched elementor-section-boxed elementor-section-height-default elementor-section-height-default\" data-id=\"ae5977a\" data-element_type=\"section\" data-e-type=\"section\" data-settings=\"{&quot;stretch_section&quot;:&quot;section-stretched&quot;,&quot;background_background&quot;:&quot;classic&quot;}\">\n\t\t\t\t\t\t<div class=\"elementor-container elementor-column-gap-default\">\n\t\t\t\t\t<div class=\"elementor-column elementor-col-100 elementor-top-column elementor-element elementor-element-1823f57 elementor-invisible\" data-id=\"1823f57\" data-element_type=\"column\" data-e-type=\"column\" data-settings=\"{&quot;background_background&quot;:&quot;classic&quot;,&quot;animation&quot;:&quot;fadeIn&quot;}\">\n\t\t\t<div class=\"elementor-widget-wrap elementor-element-populated\">\n\t\t\t\t\t<div class=\"elementor-background-overlay\"><\/div>\n\t\t\t\t\t\t<div class=\"elementor-element elementor-element-4a76b7f elementor-widget elementor-widget-heading\" data-id=\"4a76b7f\" data-element_type=\"widget\" data-e-type=\"widget\" data-widget_type=\"heading.default\">\n\t\t\t\t<div class=\"elementor-widget-container\">\n\t\t\t\t\t<h2 class=\"elementor-heading-title elementor-size-default\">\u00cdndice<\/h2>\t\t\t\t<\/div>\n\t\t\t\t<\/div>\n\t\t\t\t<div class=\"elementor-element elementor-element-9e6ae19 elementor-widget elementor-widget-text-editor\" data-id=\"9e6ae19\" data-element_type=\"widget\" data-e-type=\"widget\" data-widget_type=\"text-editor.default\">\n\t\t\t\t<div class=\"elementor-widget-container\">\n\t\t\t\t\t\t\t\t\t<p> <\/p><ol><li><a href=\"#faro\"><span style=\"color: #696969;\">Praia de Faro<\/span><\/a><\/li><li><span style=\"color: #696969;\"><a style=\"color: #696969;\" href=\"#arrifes\">Praia dos Arrifes<\/a><\/span><\/li><li><span style=\"color: #696969;\"><a style=\"color: #696969;\" href=\"#Albandeira\">Praia da Albandeira<\/a><\/span><\/li><li><span style=\"color: #696969;\"><a style=\"color: #696969;\" href=\"#benagil\">Gruta de Benagil<\/a><\/span><\/li><li><span style=\"color: #696969;\"><a style=\"color: #696969;\" href=\"#alvor\">Alvor<\/a><\/span><\/li><li><span style=\"color: #696969;\"><a style=\"color: #696969;\" href=\"#piedade\">Ponta da Piedade<\/a><\/span><\/li><li><span style=\"color: #696969;\"><a style=\"color: #696969;\" href=\"#milfontes\">Vila Nova de Milfontes<\/a><\/span><\/li><li><span style=\"color: #696969;\"><a style=\"color: #696969;\" href=\"#arade\">Lago Barragem do Arade<\/a><\/span><\/li><li><span style=\"color: #696969;\"><a style=\"color: #696969;\" href=\"#funcho\">Lago Barragem do Funcho<\/a><\/span><\/li><li><span style=\"color: #696969;\"><a style=\"color: #696969;\" href=\"#clara\">Lago Barragem de Santa Clara<\/a><\/span><\/li><li><span style=\"color: #696969;\"><a style=\"color: #696969;\" href=\"#tips\">Dicas de seguran\u00e7a<\/a><\/span><\/li><\/ol>\t\t\t\t\t\t\t\t<\/div>\n\t\t\t\t<\/div>\n\t\t\t\t\t<\/div>\n\t\t<\/div>\n\t\t\t\t\t<\/div>\n\t\t<\/section>\n\t\t\t\t<section class=\"elementor-section elementor-top-section elementor-element elementor-element-3fd613c0 elementor-section-stretched elementor-section-boxed elementor-section-height-default elementor-section-height-default\" data-id=\"3fd613c0\" data-element_type=\"section\" data-e-type=\"section\" data-settings=\"{&quot;stretch_section&quot;:&quot;section-stretched&quot;,&quot;background_background&quot;:&quot;classic&quot;}\">\n\t\t\t\t\t\t<div class=\"elementor-container elementor-column-gap-default\">\n\t\t\t\t\t<div class=\"elementor-column elementor-col-100 elementor-top-column elementor-element elementor-element-4b2a4caf\" data-id=\"4b2a4caf\" data-element_type=\"column\" data-e-type=\"column\">\n\t\t\t<div class=\"elementor-widget-wrap elementor-element-populated\">\n\t\t\t\t\t\t<div class=\"elementor-element elementor-element-0a4718c elementor-widget elementor-widget-menu-anchor\" data-id=\"0a4718c\" data-element_type=\"widget\" data-e-type=\"widget\" data-widget_type=\"menu-anchor.default\">\n\t\t\t\t<div class=\"elementor-widget-container\">\n\t\t\t\t\t\t\t<div class=\"elementor-menu-anchor\" id=\"Paddleboarding-Algarve\"><\/div>\n\t\t\t\t\t\t<\/div>\n\t\t\t\t<\/div>\n\t\t\t\t<div class=\"elementor-element elementor-element-18cec5b3 elementor-widget elementor-widget-heading\" data-id=\"18cec5b3\" data-element_type=\"widget\" data-e-type=\"widget\" data-widget_type=\"heading.default\">\n\t\t\t\t<div class=\"elementor-widget-container\">\n\t\t\t\t\t<h2 class=\"elementor-heading-title elementor-size-default\">Paddleboarding Algarve - Os melhores locais de SUP, grutas e lagos<\/h2>\t\t\t\t<\/div>\n\t\t\t\t<\/div>\n\t\t\t\t<div class=\"elementor-element elementor-element-6e12e8f2 elementor-widget elementor-widget-text-editor\" data-id=\"6e12e8f2\" data-element_type=\"widget\" data-e-type=\"widget\" data-widget_type=\"text-editor.default\">\n\t\t\t\t<div class=\"elementor-widget-container\">\n\t\t\t\t\t\t\t\t\t<p data-start=\"1675\" data-end=\"1963\"><strong data-start=\"1675\" data-end=\"1701\">Paddleboarding no Algarve<\/strong> \u00e9 sin\u00f3nimo de \u00e1gua turquesa, grutas marinhas, fal\u00e9sias douradas e sess\u00f5es calmas ao nascer do sol. Alugamos <strong data-start=\"1785\" data-end=\"1810\">pranchas de SUP insufl\u00e1veis<\/strong> que cabem facilmente na tua autocaravana ou carro &#8211; r\u00e1pidas de encher, est\u00e1veis e <strong data-start=\"1883\" data-end=\"1908\">adequadas para at\u00e9 2 pessoas<\/strong>. Pede-nos um or\u00e7amento e percursos adaptados \u00e0s tuas datas.  <\/p><h3 data-start=\"1965\" data-end=\"1990\"> <\/h3>\t\t\t\t\t\t\t\t<\/div>\n\t\t\t\t<\/div>\n\t\t\t\t<div class=\"elementor-element elementor-element-873befd elementor-widget elementor-widget-heading\" data-id=\"873befd\" data-element_type=\"widget\" data-e-type=\"widget\" data-widget_type=\"heading.default\">\n\t\t\t\t<div class=\"elementor-widget-container\">\n\t\t\t\t\t<h2 class=\"elementor-heading-title elementor-size-default\">Planeamento r\u00e1pido<\/h2>\t\t\t\t<\/div>\n\t\t\t\t<\/div>\n\t\t\t\t<div class=\"elementor-element elementor-element-b0f8369 elementor-widget elementor-widget-text-editor\" data-id=\"b0f8369\" data-element_type=\"widget\" data-e-type=\"widget\" data-widget_type=\"text-editor.default\">\n\t\t\t\t<div class=\"elementor-widget-container\">\n\t\t\t\t\t\t\t\t\t<ul><li data-start=\"2498\" data-end=\"2590\"><strong data-start=\"2498\" data-end=\"2514\">Melhores meses:<\/strong> abril-outubro (as manh\u00e3s s\u00e3o de c\u00e9u limpo). O inverno tamb\u00e9m tem dias muito calmos &#8211; tem aten\u00e7\u00e3o ao vento. <\/li><li data-start=\"2593\" data-end=\"2758\"><strong data-start=\"2593\" data-end=\"2607\">Regra do vento:<\/strong> \u2264 12-14 kn para principiantes; de manh\u00e3 cedo \u00e9 normalmente mais calmo. Verifica <a class=\"decorated-link\" href=\"https:\/\/www.ipma.pt\/en\/maritima\/\" target=\"_new\" rel=\"noopener\" data-start=\"2709\" data-end=\"2755\">as mar\u00e9s<\/a> <a class=\"decorated-link\" href=\"https:\/\/www.windy.com\/\" target=\"_new\" rel=\"noopener\" data-start=\"2673\" data-end=\"2704\">de vento<\/a> e do IPMA. <\/li><li data-start=\"2761\" data-end=\"2889\"><strong data-start=\"2761\" data-end=\"2771\">Mar\u00e9s:<\/strong> As grutas\/arcos (Benagil, Albandeira) s\u00e3o mais seguras a <strong data-start=\"2817\" data-end=\"2840\">meio da mar\u00e9 e com mar calmo<\/strong>. <strong data-start=\"2842\" data-end=\"2857\">A Ria Formosa<\/strong> funciona melhor com <strong data-start=\"2869\" data-end=\"2886\">mar\u00e9 m\u00e9dia\/alta<\/strong>.<\/li><li data-start=\"2892\" data-end=\"2952\"><strong data-start=\"2892\" data-end=\"2907\">Temperatura da \u00e1gua:<\/strong> ~16-20 \u00b0C primavera\/outono; ~20-23 \u00b0C ver\u00e3o.<\/li><li data-start=\"2955\" data-end=\"3024\"><strong data-start=\"2955\" data-end=\"2967\">Fato de banho:<\/strong> 3\/2 na primavera\/outono; shorty ou fato de banho no meio do ver\u00e3o.<\/li><li data-start=\"3027\" data-end=\"3149\"><strong data-start=\"3027\" data-end=\"3038\">Seguran\u00e7a:<\/strong> Evita a foz dos rios durante a mar\u00e9 vazante; nunca entres nas grutas com ondula\u00e7\u00e3o ou com o tr\u00e1fego de barcos a subir; usa trela + boia.<\/li><\/ul>\t\t\t\t\t\t\t\t<\/div>\n\t\t\t\t<\/div>\n\t\t\t\t\t<\/div>\n\t\t<\/div>\n\t\t\t\t\t<\/div>\n\t\t<\/section>\n\t\t\t\t<section class=\"elementor-section elementor-top-section elementor-element elementor-element-4ee0c0ba elementor-section-stretched elementor-section-boxed elementor-section-height-default elementor-section-height-default\" data-id=\"4ee0c0ba\" data-element_type=\"section\" data-e-type=\"section\" data-settings=\"{&quot;stretch_section&quot;:&quot;section-stretched&quot;,&quot;background_background&quot;:&quot;classic&quot;}\">\n\t\t\t\t\t\t<div class=\"elementor-container elementor-column-gap-default\">\n\t\t\t\t\t<div class=\"elementor-column elementor-col-100 elementor-top-column elementor-element elementor-element-6f8a7118\" data-id=\"6f8a7118\" data-element_type=\"column\" data-e-type=\"column\">\n\t\t\t<div class=\"elementor-widget-wrap elementor-element-populated\">\n\t\t\t\t\t\t<div class=\"elementor-element elementor-element-798fcd36 elementor-widget elementor-widget-image\" data-id=\"798fcd36\" data-element_type=\"widget\" data-e-type=\"widget\" data-widget_type=\"image.default\">\n\t\t\t\t<div class=\"elementor-widget-container\">\n\t\t\t\t\t\t\t\t\t\t\t\t\t\t\t<img fetchpriority=\"high\" decoding=\"async\" width=\"800\" height=\"534\" src=\"https:\/\/oceancamper.com\/wp-content\/uploads\/2025\/06\/AdobeStock_622037714-min-1024x683.jpeg\" class=\"attachment-large size-large wp-image-183396\" alt=\"Pratica paddleboarding dentro de uma gruta mar\u00edtima em Portugal, com \u00e1gua azul-turquesa e luz solar a brilhar atrav\u00e9s da entrada da gruta.\" srcset=\"https:\/\/oceancamper.com\/wp-content\/uploads\/2025\/06\/AdobeStock_622037714-min-1024x683.jpeg 1024w, https:\/\/oceancamper.com\/wp-content\/uploads\/2025\/06\/AdobeStock_622037714-min-300x200.jpeg 300w, https:\/\/oceancamper.com\/wp-content\/uploads\/2025\/06\/AdobeStock_622037714-min-768x512.jpeg 768w, https:\/\/oceancamper.com\/wp-content\/uploads\/2025\/06\/AdobeStock_622037714-min-1536x1024.jpeg 1536w, https:\/\/oceancamper.com\/wp-content\/uploads\/2025\/06\/AdobeStock_622037714-min-2048x1365.jpeg 2048w, https:\/\/oceancamper.com\/wp-content\/uploads\/2025\/06\/AdobeStock_622037714-min-240x160.jpeg 240w\" sizes=\"(max-width: 800px) 100vw, 800px\" \/>\t\t\t\t\t\t\t\t\t\t\t\t\t\t\t<\/div>\n\t\t\t\t<\/div>\n\t\t\t\t<div class=\"elementor-element elementor-element-591e064 elementor-widget elementor-widget-text-editor\" data-id=\"591e064\" data-element_type=\"widget\" data-e-type=\"widget\" data-widget_type=\"text-editor.default\">\n\t\t\t\t<div class=\"elementor-widget-container\">\n\t\t\t\t\t\t\t\t\t<p data-start=\"1551\" data-end=\"1629\">Gruta de Benagil, julho de 2012&#8243; por Beeston, licenciado sob CC BY 3.0.<\/p>\t\t\t\t\t\t\t\t<\/div>\n\t\t\t\t<\/div>\n\t\t\t\t<div class=\"elementor-element elementor-element-2f3d103 elementor-widget elementor-widget-heading\" data-id=\"2f3d103\" data-element_type=\"widget\" data-e-type=\"widget\" data-widget_type=\"heading.default\">\n\t\t\t\t<div class=\"elementor-widget-container\">\n\t\t\t\t\t<h2 class=\"elementor-heading-title elementor-size-default\">Aluga um SUP com a Ocean Camper<\/h2>\t\t\t\t<\/div>\n\t\t\t\t<\/div>\n\t\t\t\t<div class=\"elementor-element elementor-element-67583dd elementor-widget elementor-widget-text-editor\" data-id=\"67583dd\" data-element_type=\"widget\" data-e-type=\"widget\" data-widget_type=\"text-editor.default\">\n\t\t\t\t<div class=\"elementor-widget-container\">\n\t\t\t\t\t\t\t\t\t<ul><li data-start=\"3191\" data-end=\"3266\"><strong data-start=\"3191\" data-end=\"3212\">Pranchas insufl\u00e1veis<\/strong> (cabem em qualquer carro\/camper), est\u00e1veis para <strong data-start=\"3249\" data-end=\"3264\">1-2 pessoas<\/strong><\/li><li data-start=\"3269\" data-end=\"3334\">Inclui remo, bomba, trela, op\u00e7\u00e3o PFD, correias de tejadilho, se necess\u00e1rio<\/li><li data-start=\"3337\" data-end=\"3400\">Recolha em Faro; complemento perfeito para a tua viagem <strong data-start=\"3377\" data-end=\"3390\">de campervan<\/strong> <\/li><\/ul>\t\t\t\t\t\t\t\t<\/div>\n\t\t\t\t<\/div>\n\t\t\t\t\t<\/div>\n\t\t<\/div>\n\t\t\t\t\t<\/div>\n\t\t<\/section>\n\t\t\t\t<section class=\"elementor-section elementor-top-section elementor-element elementor-element-19bae0f4 elementor-section-stretched elementor-section-boxed elementor-section-height-default elementor-section-height-default\" data-id=\"19bae0f4\" data-element_type=\"section\" data-e-type=\"section\" id=\"faro\" data-settings=\"{&quot;stretch_section&quot;:&quot;section-stretched&quot;,&quot;background_background&quot;:&quot;classic&quot;}\">\n\t\t\t\t\t\t<div class=\"elementor-container elementor-column-gap-default\">\n\t\t\t\t\t<div class=\"elementor-column elementor-col-100 elementor-top-column elementor-element elementor-element-a353874\" data-id=\"a353874\" data-element_type=\"column\" data-e-type=\"column\">\n\t\t\t<div class=\"elementor-widget-wrap elementor-element-populated\">\n\t\t\t\t\t\t<div class=\"elementor-element elementor-element-d836726 elementor-widget elementor-widget-heading\" data-id=\"d836726\" data-element_type=\"widget\" data-e-type=\"widget\" data-widget_type=\"heading.default\">\n\t\t\t\t<div class=\"elementor-widget-container\">\n\t\t\t\t\t<h2 class=\"elementor-heading-title elementor-size-default\">Como utilizar este guia<\/h2>\t\t\t\t<\/div>\n\t\t\t\t<\/div>\n\t\t\t\t<div class=\"elementor-element elementor-element-a2da57a elementor-widget elementor-widget-text-editor\" data-id=\"a2da57a\" data-element_type=\"widget\" data-e-type=\"widget\" data-widget_type=\"text-editor.default\">\n\t\t\t\t<div class=\"elementor-widget-container\">\n\t\t\t\t\t\t\t\t\t<p data-start=\"1991\" data-end=\"2077\">Cada spot abaixo inclui: <strong data-start=\"2017\" data-end=\"2076\">N\u00edvel &#8211; Destaques &#8211; Lan\u00e7amento &#8211; Mar\u00e9\/Vento &#8211; Estacionamento\/Notas<\/strong>.<\/p>\t\t\t\t\t\t\t\t<\/div>\n\t\t\t\t<\/div>\n\t\t\t\t<div class=\"elementor-element elementor-element-1bb9209 elementor-widget elementor-widget-text-editor\" data-id=\"1bb9209\" data-element_type=\"widget\" data-e-type=\"widget\" data-widget_type=\"text-editor.default\">\n\t\t\t\t<div class=\"elementor-widget-container\">\n\t\t\t\t\t\t\t\t\t<table><thead><tr><th>Esta\u00e7\u00e3o<\/th><th>Estado do mar e multid\u00f5es<\/th><th>Melhor altura do dia<\/th><th>Nota sobre fatos de mergulho<\/th><\/tr><\/thead><tbody><tr><td>abril-junho<\/td><td>Manh\u00e3s geralmente calmas, multid\u00f5es moderadas<\/td><td>Nascer do sol &#8211; final da manh\u00e3<\/td><td>3\/2 ou shorty nos dias mais quentes<\/td><\/tr><tr><td>Jul-Set<\/td><td>Calmo no in\u00edcio, tardes com brisa (NW)<\/td><td>Sess\u00f5es<strong>ao nascer do sol<\/strong> melhores<\/td><td>Cal\u00e7\u00e3o ou rashguard<\/td><\/tr><tr><td>outubro-novembro<\/td><td>Menos pessoas, vento vari\u00e1vel<\/td><td>Janelas de manh\u00e3<\/td><td>Fato completo 3\/2<\/td><\/tr><tr><td>Dez-Mar<\/td><td>\u00c1gua mais fresca, calma<\/td><td>Apenas dias de vento fraco<\/td><td>4\/3 se ficares muito tempo<\/td><\/tr><\/tbody><\/table>\t\t\t\t\t\t\t\t<\/div>\n\t\t\t\t<\/div>\n\t\t\t\t<div class=\"elementor-element elementor-element-4403bae elementor-widget elementor-widget-text-editor\" data-id=\"4403bae\" data-element_type=\"widget\" data-e-type=\"widget\" data-widget_type=\"text-editor.default\">\n\t\t\t\t<div class=\"elementor-widget-container\">\n\t\t\t\t\t\t\t\t\t<p data-start=\"2570\" data-end=\"2703\"><strong data-start=\"2570\" data-end=\"2593\">Regra geral das mar\u00e9s:<\/strong> a maioria das lagoas\/estu\u00e1rios = <strong data-start=\"2619\" data-end=\"2639\">mar\u00e9 m\u00e9dia a alta<\/strong>. Cavernas\/penhascos = <strong data-start=\"2656\" data-end=\"2682\">manh\u00e3s bem cedo,<\/strong> com <strong data-start=\"2688\" data-end=\"2702\">vento fraco<\/strong>.<\/p>\t\t\t\t\t\t\t\t<\/div>\n\t\t\t\t<\/div>\n\t\t\t\t<div class=\"elementor-element elementor-element-6bc5855 elementor-widget elementor-widget-menu-anchor\" data-id=\"6bc5855\" data-element_type=\"widget\" data-e-type=\"widget\" data-widget_type=\"menu-anchor.default\">\n\t\t\t\t<div class=\"elementor-widget-container\">\n\t\t\t\t\t\t\t<div class=\"elementor-menu-anchor\" id=\"Faro\"><\/div>\n\t\t\t\t\t\t<\/div>\n\t\t\t\t<\/div>\n\t\t\t\t<div class=\"elementor-element elementor-element-1081da3e elementor-widget elementor-widget-heading\" data-id=\"1081da3e\" data-element_type=\"widget\" data-e-type=\"widget\" data-widget_type=\"heading.default\">\n\t\t\t\t<div class=\"elementor-widget-container\">\n\t\t\t\t\t<h2 class=\"elementor-heading-title elementor-size-default\">\ud83c\udfd6\ufe0f 1. Praia de Faro - Estu\u00e1rio da Ria Formosa <\/h2>\t\t\t\t<\/div>\n\t\t\t\t<\/div>\n\t\t\t\t<div class=\"elementor-element elementor-element-42b738fb elementor-widget elementor-widget-text-editor\" data-id=\"42b738fb\" data-element_type=\"widget\" data-e-type=\"widget\" data-widget_type=\"text-editor.default\">\n\t\t\t\t<div class=\"elementor-widget-container\">\n\t\t\t\t\t\t\t\t\t<p><strong data-start=\"1888\" data-end=\"1898\">N\u00edvel:<\/strong> Iniciante+<br data-start=\"1908\" data-end=\"1911\"><strong data-start=\"1911\" data-end=\"1926\">Destaques:<\/strong> Remada em lagoa calma com flamingos e bancos de areia.<br data-start=\"1977\" data-end=\"1980\"><strong data-start=\"1980\" data-end=\"1991\">Partida:<\/strong> Lado norte da Praia de Faro para o Parque Natural da Ria Formosa.<br data-start=\"2047\" data-end=\"2050\"> Mar\u00e9\/Vento<strong data-start=\"2050\" data-end=\"2064\">:<\/strong> Mar\u00e9 m\u00e9dia-alta, vento fraco.<br data-start=\"2091\" data-end=\"2094\"><strong data-start=\"2094\" data-end=\"2106\">Estacionamento:<\/strong> Estacionamento na praia; aten\u00e7\u00e3o aos corredores dos barcos.<br data-start=\"2139\" data-end=\"2142\">\ud83d\udc49 <a class=\"decorated-link\" href=\"https:\/\/maps.app.goo.gl\/WrAcLaV5ePaYSnwu7\" target=\"_blank\" rel=\"noopener\" data-start=\"2145\" data-end=\"2188\">Localiza\u00e7\u00e3o no mapa<\/a><\/p>\t\t\t\t\t\t\t\t<\/div>\n\t\t\t\t<\/div>\n\t\t\t\t<div class=\"elementor-element elementor-element-684abef elementor-widget elementor-widget-image\" data-id=\"684abef\" data-element_type=\"widget\" data-e-type=\"widget\" data-widget_type=\"image.default\">\n\t\t\t\t<div class=\"elementor-widget-container\">\n\t\t\t\t\t\t\t\t\t\t\t\t\t\t\t<img decoding=\"async\" width=\"800\" height=\"600\" src=\"https:\/\/oceancamper.com\/wp-content\/uploads\/2020\/12\/Anchored_small_boats_Ria_Formosa_Faro_Portugal_julesvernex2-2.jpg\" class=\"attachment-large size-large wp-image-208027\" alt=\"Pequenos barcos ancorados na lagoa da Ria Formosa, em Faro, Algarve, Portugal, reflectindo-se na \u00e1gua turquesa calma sob um c\u00e9u azul claro.\" srcset=\"https:\/\/oceancamper.com\/wp-content\/uploads\/2020\/12\/Anchored_small_boats_Ria_Formosa_Faro_Portugal_julesvernex2-2.jpg 960w, https:\/\/oceancamper.com\/wp-content\/uploads\/2020\/12\/Anchored_small_boats_Ria_Formosa_Faro_Portugal_julesvernex2-2-300x225.jpg 300w, https:\/\/oceancamper.com\/wp-content\/uploads\/2020\/12\/Anchored_small_boats_Ria_Formosa_Faro_Portugal_julesvernex2-2-768x576.jpg 768w, https:\/\/oceancamper.com\/wp-content\/uploads\/2020\/12\/Anchored_small_boats_Ria_Formosa_Faro_Portugal_julesvernex2-2-240x180.jpg 240w\" sizes=\"(max-width: 800px) 100vw, 800px\" \/>\t\t\t\t\t\t\t\t\t\t\t\t\t\t\t<\/div>\n\t\t\t\t<\/div>\n\t\t\t\t<div class=\"elementor-element elementor-element-e07c498 elementor-widget elementor-widget-text-editor\" data-id=\"e07c498\" data-element_type=\"widget\" data-e-type=\"widget\" data-widget_type=\"text-editor.default\">\n\t\t\t\t<div class=\"elementor-widget-container\">\n\t\t\t\t\t\t\t\t\t<p data-start=\"1551\" data-end=\"1629\"><b>J\u00falio Verne Tempos Dois \/ <a href=\"www.julesvernex2.com\" target=\"_blank\" rel=\"noopener\">julesvernex2.com<\/a> \/ CC-BY-SA-4.0<\/b><\/p>\t\t\t\t\t\t\t\t<\/div>\n\t\t\t\t<\/div>\n\t\t\t\t\t<\/div>\n\t\t<\/div>\n\t\t\t\t\t<\/div>\n\t\t<\/section>\n\t\t\t\t<section class=\"elementor-section elementor-top-section elementor-element elementor-element-2635f6d8 elementor-section-stretched elementor-section-boxed elementor-section-height-default elementor-section-height-default\" data-id=\"2635f6d8\" data-element_type=\"section\" data-e-type=\"section\" id=\"arrifes\" data-settings=\"{&quot;stretch_section&quot;:&quot;section-stretched&quot;,&quot;background_background&quot;:&quot;classic&quot;}\">\n\t\t\t\t\t\t<div class=\"elementor-container elementor-column-gap-default\">\n\t\t\t\t\t<div class=\"elementor-column elementor-col-100 elementor-top-column elementor-element elementor-element-61e1182a\" data-id=\"61e1182a\" data-element_type=\"column\" data-e-type=\"column\">\n\t\t\t<div class=\"elementor-widget-wrap elementor-element-populated\">\n\t\t\t\t\t\t<div class=\"elementor-element elementor-element-ae78a4d elementor-widget elementor-widget-menu-anchor\" data-id=\"ae78a4d\" data-element_type=\"widget\" data-e-type=\"widget\" data-widget_type=\"menu-anchor.default\">\n\t\t\t\t<div class=\"elementor-widget-container\">\n\t\t\t\t\t\t\t<div class=\"elementor-menu-anchor\" id=\"arrifes\"><\/div>\n\t\t\t\t\t\t<\/div>\n\t\t\t\t<\/div>\n\t\t\t\t<div class=\"elementor-element elementor-element-768b133a elementor-widget elementor-widget-heading\" data-id=\"768b133a\" data-element_type=\"widget\" data-e-type=\"widget\" data-widget_type=\"heading.default\">\n\t\t\t\t<div class=\"elementor-widget-container\">\n\t\t\t\t\t<h2 class=\"elementor-heading-title elementor-size-default\">\ud83c\udfd6\ufe0f 2. Praia dos Arrifes \u2192 Praia da Coelha <\/h2>\t\t\t\t<\/div>\n\t\t\t\t<\/div>\n\t\t\t\t<div class=\"elementor-element elementor-element-3cacee1d elementor-widget elementor-widget-text-editor\" data-id=\"3cacee1d\" data-element_type=\"widget\" data-e-type=\"widget\" data-widget_type=\"text-editor.default\">\n\t\t\t\t<div class=\"elementor-widget-container\">\n\t\t\t\t\t\t\t\t\t<p><strong data-start=\"2246\" data-end=\"2256\">N\u00edvel:<\/strong> Principiante-Interm\u00e9dio<br data-start=\"2278\" data-end=\"2281\"><strong data-start=\"2281\" data-end=\"2296\">Destaques:<\/strong> Arcos de fal\u00e9sia e pequenas grutas ao longo da costa perto de Albufeira.<br data-start=\"2357\" data-end=\"2360\"><strong data-start=\"2360\" data-end=\"2371\">Partida:<\/strong> Come\u00e7a na Praia dos Arrifes e rema para a direita (oeste) em dire\u00e7\u00e3o \u00e0 Coelha.<br data-start=\"2434\" data-end=\"2437\"><strong data-start=\"2437\" data-end=\"2451\">Melhor altura:<\/strong> Nascer do sol ou de manh\u00e3 cedo, apenas com ondula\u00e7\u00e3o pequena.<br data-start=\"2495\" data-end=\"2498\">\ud83d\udc49 <a class=\"decorated-link\" href=\"https:\/\/maps.app.goo.gl\/7Brwkhs5KBSqHF3N8\" target=\"_blank\" rel=\"noopener\" data-start=\"2501\" data-end=\"2544\">Localiza\u00e7\u00e3o no mapa<\/a><\/p>\t\t\t\t\t\t\t\t<\/div>\n\t\t\t\t<\/div>\n\t\t\t\t<div class=\"elementor-element elementor-element-854e40e elementor-widget elementor-widget-image\" data-id=\"854e40e\" data-element_type=\"widget\" data-e-type=\"widget\" data-widget_type=\"image.default\">\n\t\t\t\t<div class=\"elementor-widget-container\">\n\t\t\t\t\t\t\t\t\t\t\t\t\t\t\t<img decoding=\"async\" width=\"800\" height=\"600\" src=\"https:\/\/oceancamper.com\/wp-content\/uploads\/2020\/12\/Praia-dos-Arrifes-Albufeira-1024x768.jpg\" class=\"attachment-large size-large wp-image-207545\" alt=\"Praia dos Arrifes em Albufeira, Algarve, Portugal - pequena praia isolada com fal\u00e9sias douradas, arcos de rocha e \u00e1gua azul-turquesa do Atl\u00e2ntico.\" srcset=\"https:\/\/oceancamper.com\/wp-content\/uploads\/2020\/12\/Praia-dos-Arrifes-Albufeira-1024x768.jpg 1024w, https:\/\/oceancamper.com\/wp-content\/uploads\/2020\/12\/Praia-dos-Arrifes-Albufeira-300x225.jpg 300w, https:\/\/oceancamper.com\/wp-content\/uploads\/2020\/12\/Praia-dos-Arrifes-Albufeira-768x576.jpg 768w, https:\/\/oceancamper.com\/wp-content\/uploads\/2020\/12\/Praia-dos-Arrifes-Albufeira-1536x1152.jpg 1536w, https:\/\/oceancamper.com\/wp-content\/uploads\/2020\/12\/Praia-dos-Arrifes-Albufeira-2048x1536.jpg 2048w, https:\/\/oceancamper.com\/wp-content\/uploads\/2020\/12\/Praia-dos-Arrifes-Albufeira-240x180.jpg 240w\" sizes=\"(max-width: 800px) 100vw, 800px\" \/>\t\t\t\t\t\t\t\t\t\t\t\t\t\t\t<\/div>\n\t\t\t\t<\/div>\n\t\t\t\t<div class=\"elementor-element elementor-element-10a21266 elementor-widget elementor-widget-text-editor\" data-id=\"10a21266\" data-element_type=\"widget\" data-e-type=\"widget\" data-widget_type=\"text-editor.default\">\n\t\t\t\t<div class=\"elementor-widget-container\">\n\t\t\t\t\t\t\t\t\t<p data-start=\"1551\" data-end=\"1629\"><em data-start=\"1551\" data-end=\"1629\">Foto &#8220;Praia dos Arrifes, 13 Nov 2013&#8221; por Beeston, <a href=\"https:\/\/commons.wikimedia.org\/wiki\/File:137PT_13_November_2013_Praia_dos_Arrifes.JPG\" target=\"_blank\" rel=\"noopener\">licenciada sob CC BY 3.0<\/a>.<\/em><\/p>\t\t\t\t\t\t\t\t<\/div>\n\t\t\t\t<\/div>\n\t\t\t\t\t<\/div>\n\t\t<\/div>\n\t\t\t\t\t<\/div>\n\t\t<\/section>\n\t\t\t\t<section class=\"elementor-section elementor-top-section elementor-element elementor-element-769adaa7 elementor-section-stretched elementor-section-boxed elementor-section-height-default elementor-section-height-default\" data-id=\"769adaa7\" data-element_type=\"section\" data-e-type=\"section\" id=\"Albandeira\" data-settings=\"{&quot;stretch_section&quot;:&quot;section-stretched&quot;,&quot;background_background&quot;:&quot;classic&quot;}\">\n\t\t\t\t\t\t<div class=\"elementor-container elementor-column-gap-default\">\n\t\t\t\t\t<div class=\"elementor-column elementor-col-100 elementor-top-column elementor-element elementor-element-7ccb364b\" data-id=\"7ccb364b\" data-element_type=\"column\" data-e-type=\"column\">\n\t\t\t<div class=\"elementor-widget-wrap elementor-element-populated\">\n\t\t\t\t\t\t<div class=\"elementor-element elementor-element-ef274dc elementor-widget elementor-widget-menu-anchor\" data-id=\"ef274dc\" data-element_type=\"widget\" data-e-type=\"widget\" data-widget_type=\"menu-anchor.default\">\n\t\t\t\t<div class=\"elementor-widget-container\">\n\t\t\t\t\t\t\t<div class=\"elementor-menu-anchor\" id=\"Albandeira\"><\/div>\n\t\t\t\t\t\t<\/div>\n\t\t\t\t<\/div>\n\t\t\t\t<div class=\"elementor-element elementor-element-7b900c23 elementor-widget elementor-widget-heading\" data-id=\"7b900c23\" data-element_type=\"widget\" data-e-type=\"widget\" data-widget_type=\"heading.default\">\n\t\t\t\t<div class=\"elementor-widget-container\">\n\t\t\t\t\t<h2 class=\"elementor-heading-title elementor-size-default\">\ud83c\udfd6\ufe0f 3. Praia da Albandeira - O Arco e as Enseadas Escondidas <\/h2>\t\t\t\t<\/div>\n\t\t\t\t<\/div>\n\t\t\t\t<div class=\"elementor-element elementor-element-8bc4f75 elementor-widget elementor-widget-text-editor\" data-id=\"8bc4f75\" data-element_type=\"widget\" data-e-type=\"widget\" data-widget_type=\"text-editor.default\">\n\t\t\t\t<div class=\"elementor-widget-container\">\n\t\t\t\t\t\t\t\t\t<p data-start=\"2612\" data-end=\"2901\"><strong data-start=\"2612\" data-end=\"2622\">N\u00edvel:<\/strong> Interm\u00e9dio<br data-start=\"2635\" data-end=\"2638\"><strong data-start=\"2638\" data-end=\"2653\">Destaques:<\/strong> O arco natural de Albandeira e pequenas grutas marinhas.<br data-start=\"2702\" data-end=\"2705\"><strong data-start=\"2705\" data-end=\"2716\">Partida:<\/strong> Praia de Albandeira.<br data-start=\"2734\" data-end=\"2737\"> Mar\u00e9\/Vento<strong data-start=\"2737\" data-end=\"2751\">:<\/strong> Meia mar\u00e9, ondula\u00e7\u00e3o baixa, vento calmo.<br data-start=\"2783\" data-end=\"2786\"><strong data-start=\"2786\" data-end=\"2795\">Nota:<\/strong> Traz uma m\u00e1quina fotogr\u00e1fica \u00e0 prova de \u00e1gua &#8211; reflexos perfeitos ao nascer do sol.<br data-start=\"2852\" data-end=\"2855\">\ud83d\udc49 <a class=\"decorated-link\" href=\"https:\/\/maps.app.goo.gl\/o5pDzc79Ejtk3TwB7\" target=\"_blank\" rel=\"noopener\" data-start=\"2858\" data-end=\"2901\">Localiza\u00e7\u00e3o no mapa<\/a><\/p>\t\t\t\t\t\t\t\t<\/div>\n\t\t\t\t<\/div>\n\t\t\t\t<div class=\"elementor-element elementor-element-726a0656 elementor-widget elementor-widget-image\" data-id=\"726a0656\" data-element_type=\"widget\" data-e-type=\"widget\" data-widget_type=\"image.default\">\n\t\t\t\t<div class=\"elementor-widget-container\">\n\t\t\t\t\t\t\t\t\t\t\t\t\t\t\t<img loading=\"lazy\" decoding=\"async\" width=\"800\" height=\"533\" src=\"https:\/\/oceancamper.com\/wp-content\/uploads\/2020\/12\/Arco_da_Albandeira_Lagoa_Algarve.jpg\" class=\"attachment-large size-large wp-image-208028\" alt=\"Arco de pedra natural na praia de Albandeira em Lagoa, Algarve, Portugal, com \u00e1gua azul-turquesa e fal\u00e9sias douradas.\" srcset=\"https:\/\/oceancamper.com\/wp-content\/uploads\/2020\/12\/Arco_da_Albandeira_Lagoa_Algarve.jpg 960w, https:\/\/oceancamper.com\/wp-content\/uploads\/2020\/12\/Arco_da_Albandeira_Lagoa_Algarve-300x200.jpg 300w, https:\/\/oceancamper.com\/wp-content\/uploads\/2020\/12\/Arco_da_Albandeira_Lagoa_Algarve-768x512.jpg 768w, https:\/\/oceancamper.com\/wp-content\/uploads\/2020\/12\/Arco_da_Albandeira_Lagoa_Algarve-240x160.jpg 240w\" sizes=\"(max-width: 800px) 100vw, 800px\" \/>\t\t\t\t\t\t\t\t\t\t\t\t\t\t\t<\/div>\n\t\t\t\t<\/div>\n\t\t\t\t<div class=\"elementor-element elementor-element-56b3fbd elementor-widget elementor-widget-text-editor\" data-id=\"56b3fbd\" data-element_type=\"widget\" data-e-type=\"widget\" data-widget_type=\"text-editor.default\">\n\t\t\t\t<div class=\"elementor-widget-container\">\n\t\t\t\t\t\t\t\t\t<p data-start=\"1551\" data-end=\"1629\">Foto &#8220;Arco da Albandeira, Lagoa (Algarve)&#8221; de Alvesgaspar, licenciada sob<a href=\"https:\/\/commons.wikimedia.org\/wiki\/File:Arco_da_Albandeira,_Lagoa_(Algarve).jpg\" target=\"_blank\" rel=\"noopener\"> CC BY-SA 4.0<\/a>.<\/p>\t\t\t\t\t\t\t\t<\/div>\n\t\t\t\t<\/div>\n\t\t\t\t\t<\/div>\n\t\t<\/div>\n\t\t\t\t\t<\/div>\n\t\t<\/section>\n\t\t\t\t<section class=\"elementor-section elementor-top-section elementor-element elementor-element-6781a86c elementor-section-stretched elementor-section-boxed elementor-section-height-default elementor-section-height-default\" data-id=\"6781a86c\" data-element_type=\"section\" data-e-type=\"section\" id=\"benagil\" data-settings=\"{&quot;stretch_section&quot;:&quot;section-stretched&quot;,&quot;background_background&quot;:&quot;classic&quot;}\">\n\t\t\t\t\t\t<div class=\"elementor-container elementor-column-gap-default\">\n\t\t\t\t\t<div class=\"elementor-column elementor-col-100 elementor-top-column elementor-element elementor-element-33ffc835\" data-id=\"33ffc835\" data-element_type=\"column\" data-e-type=\"column\">\n\t\t\t<div class=\"elementor-widget-wrap elementor-element-populated\">\n\t\t\t\t\t\t<div class=\"elementor-element elementor-element-19ab0747 elementor-widget elementor-widget-heading\" data-id=\"19ab0747\" data-element_type=\"widget\" data-e-type=\"widget\" data-widget_type=\"heading.default\">\n\t\t\t\t<div class=\"elementor-widget-container\">\n\t\t\t\t\t<h2 class=\"elementor-heading-title elementor-size-default\">\ud83c\udfd6\ufe0f 4. Gruta de Benagil - S\u00f3 visitas guiadas <\/h2>\t\t\t\t<\/div>\n\t\t\t\t<\/div>\n\t\t\t\t<div class=\"elementor-element elementor-element-2961a86 elementor-widget elementor-widget-text-editor\" data-id=\"2961a86\" data-element_type=\"widget\" data-e-type=\"widget\" data-widget_type=\"text-editor.default\">\n\t\t\t\t<div class=\"elementor-widget-container\">\n\t\t\t\t\t\t\t\t\t<p><strong data-start=\"2956\" data-end=\"2966\">N\u00edvel:<\/strong> Interm\u00e9dio<br data-start=\"2979\" data-end=\"2982\"><strong data-start=\"2982\" data-end=\"2997\">Destaques:<\/strong> A famosa gruta mar\u00edtima de Benagil com a sua c\u00fapula em forma de claraboia e \u00e1gua azul-turquesa.<br data-start=\"3069\" data-end=\"3072\"><strong data-start=\"3072\" data-end=\"3083\">Partida:<\/strong> A partir da Praia de Benagil ou de pontos de partida costeiros pr\u00f3ximos.<br data-start=\"3138\" data-end=\"3141\"><strong data-start=\"3141\" data-end=\"3155\">Importante:<\/strong> \ud83d\uded1 <strong data-start=\"3159\" data-end=\"3228\">A remada individual dentro da Gruta de Benagil j\u00e1 n\u00e3o \u00e9 permitida.<\/strong><br data-start=\"3228\" data-end=\"3231\">O acesso est\u00e1 agora <strong data-start=\"3245\" data-end=\"3280\">restrito apenas a visitas guiadas<\/strong>, por raz\u00f5es de seguran\u00e7a e prote\u00e7\u00e3o ambiental.<br data-start=\"3322\" data-end=\"3325\"><strong data-start=\"3325\" data-end=\"3341\">Alternativa:<\/strong> Junta-te a uma excurs\u00e3o local guiada de SUP ou caiaque &#8211; \u00e9 mais seguro e continua a ser m\u00e1gico!<br data-start=\"3411\" data-end=\"3414\">\ud83d\udc49 <a class=\"decorated-link\" href=\"https:\/\/maps.app.goo.gl\/H2ahEQ96aaBMnsZ89\" target=\"_blank\" rel=\"noopener\" data-start=\"3417\" data-end=\"3460\">Localiza\u00e7\u00e3o no mapa<\/a><\/p>\t\t\t\t\t\t\t\t<\/div>\n\t\t\t\t<\/div>\n\t\t\t\t<div class=\"elementor-element elementor-element-38be785 elementor-widget elementor-widget-image\" data-id=\"38be785\" data-element_type=\"widget\" data-e-type=\"widget\" data-widget_type=\"image.default\">\n\t\t\t\t<div class=\"elementor-widget-container\">\n\t\t\t\t\t\t\t\t\t\t\t\t\t\t\t<img loading=\"lazy\" decoding=\"async\" width=\"800\" height=\"533\" src=\"https:\/\/oceancamper.com\/wp-content\/uploads\/2020\/12\/benagil-cave-algarve-portugal-sea-cave-SUP-1.jpg-1.jpg\" class=\"attachment-large size-large wp-image-208035\" alt=\"Pratica paddleboarding perto da Gruta de Benagil, no Algarve, Portugal, com \u00e1gua azul-turquesa, luz solar atrav\u00e9s da c\u00fapula da gruta e um pequeno barco no interior.\" srcset=\"https:\/\/oceancamper.com\/wp-content\/uploads\/2020\/12\/benagil-cave-algarve-portugal-sea-cave-SUP-1.jpg-1.jpg 960w, https:\/\/oceancamper.com\/wp-content\/uploads\/2020\/12\/benagil-cave-algarve-portugal-sea-cave-SUP-1.jpg-1-300x200.jpg 300w, https:\/\/oceancamper.com\/wp-content\/uploads\/2020\/12\/benagil-cave-algarve-portugal-sea-cave-SUP-1.jpg-1-768x512.jpg 768w, https:\/\/oceancamper.com\/wp-content\/uploads\/2020\/12\/benagil-cave-algarve-portugal-sea-cave-SUP-1.jpg-1-240x160.jpg 240w\" sizes=\"(max-width: 800px) 100vw, 800px\" \/>\t\t\t\t\t\t\t\t\t\t\t\t\t\t\t<\/div>\n\t\t\t\t<\/div>\n\t\t\t\t<div class=\"elementor-element elementor-element-ebf42be elementor-widget elementor-widget-text-editor\" data-id=\"ebf42be\" data-element_type=\"widget\" data-e-type=\"widget\" data-widget_type=\"text-editor.default\">\n\t\t\t\t<div class=\"elementor-widget-container\">\n\t\t\t\t\t\t\t\t\t<p data-start=\"1551\" data-end=\"1629\">Foto &#8220;Gruta do mar perto de Carvoeiro (52859676063).jpg&#8221; por <a class=\"external text\" href=\"https:\/\/www.flickr.com\/people\/27637794@N05\" rel=\"nofollow\">Marty B<\/a>, licenciado sob <a href=\"https:\/\/commons.wikimedia.org\/wiki\/File:Sea_cave_near_Carvoeiro_(52859676063).jpg\" target=\"_blank\" rel=\"noopener\">CC BY 3.0<\/a>.<\/p>\t\t\t\t\t\t\t\t<\/div>\n\t\t\t\t<\/div>\n\t\t\t\t\t<\/div>\n\t\t<\/div>\n\t\t\t\t\t<\/div>\n\t\t<\/section>\n\t\t\t\t<section class=\"elementor-section elementor-top-section elementor-element elementor-element-348298d2 elementor-section-stretched elementor-section-boxed elementor-section-height-default elementor-section-height-default\" data-id=\"348298d2\" data-element_type=\"section\" data-e-type=\"section\" id=\"Alvor\" data-settings=\"{&quot;stretch_section&quot;:&quot;section-stretched&quot;,&quot;background_background&quot;:&quot;classic&quot;}\">\n\t\t\t\t\t\t<div class=\"elementor-container elementor-column-gap-default\">\n\t\t\t\t\t<div class=\"elementor-column elementor-col-100 elementor-top-column elementor-element elementor-element-c16e1af\" data-id=\"c16e1af\" data-element_type=\"column\" data-e-type=\"column\">\n\t\t\t<div class=\"elementor-widget-wrap elementor-element-populated\">\n\t\t\t\t\t\t<div class=\"elementor-element elementor-element-3fc2fb47 elementor-widget elementor-widget-heading\" data-id=\"3fc2fb47\" data-element_type=\"widget\" data-e-type=\"widget\" data-widget_type=\"heading.default\">\n\t\t\t\t<div class=\"elementor-widget-container\">\n\t\t\t\t\t<h2 class=\"elementor-heading-title elementor-size-default\">\ud83c\udfd6\ufe0f 5. Alvor (Praia do Alem\u00e3o \u00e0 Prainha) <\/h2>\t\t\t\t<\/div>\n\t\t\t\t<\/div>\n\t\t\t\t<div class=\"elementor-element elementor-element-2d7f8e20 elementor-widget elementor-widget-text-editor\" data-id=\"2d7f8e20\" data-element_type=\"widget\" data-e-type=\"widget\" data-widget_type=\"text-editor.default\">\n\t\t\t\t<div class=\"elementor-widget-container\">\n\t\t\t\t\t\t\t\t\t<p data-start=\"3517\" data-end=\"3755\"><strong data-start=\"3517\" data-end=\"3527\">N\u00edvel:<\/strong> Principiante-Interm\u00e9dio<br data-start=\"3549\" data-end=\"3552\"><strong data-start=\"3552\" data-end=\"3567\">Destaques:<\/strong> Pequenas enseadas e praias tranquilas acess\u00edveis apenas a partir do mar.<br data-start=\"3627\" data-end=\"3630\"><strong data-start=\"3630\" data-end=\"3641\">Lan\u00e7amento:<\/strong> Praia do Alem\u00e3o.<br data-start=\"3658\" data-end=\"3661\"> Mar\u00e9\/Vento<strong data-start=\"3661\" data-end=\"3675\">:<\/strong> Baixa ondula\u00e7\u00e3o, melhor de manh\u00e3 cedo.<br data-start=\"3706\" data-end=\"3709\">\ud83d\udc49 <a class=\"decorated-link\" href=\"https:\/\/maps.app.goo.gl\/2rUg6C2SdkLRR1Qz9\" target=\"_blank\" rel=\"noopener\" data-start=\"3712\" data-end=\"3755\">Localiza\u00e7\u00e3o no mapa<\/a><\/p>\t\t\t\t\t\t\t\t<\/div>\n\t\t\t\t<\/div>\n\t\t\t\t<div class=\"elementor-element elementor-element-7105e9a8 elementor-widget elementor-widget-image\" data-id=\"7105e9a8\" data-element_type=\"widget\" data-e-type=\"widget\" data-widget_type=\"image.default\">\n\t\t\t\t<div class=\"elementor-widget-container\">\n\t\t\t\t\t\t\t\t\t\t\t\t\t\t\t<img loading=\"lazy\" decoding=\"async\" width=\"800\" height=\"533\" src=\"https:\/\/oceancamper.com\/wp-content\/uploads\/2020\/12\/praia-do-alemao-sup-algarve.jpg\" class=\"attachment-large size-large wp-image-208030\" alt=\"Praia do Alem\u00e3o em Alvor, Algarve, Portugal - fal\u00e9sias douradas, \u00e1gua azul-turquesa e forma\u00e7\u00f5es rochosas com um barco \u00e0 vela ao largo.\" srcset=\"https:\/\/oceancamper.com\/wp-content\/uploads\/2020\/12\/praia-do-alemao-sup-algarve.jpg 960w, https:\/\/oceancamper.com\/wp-content\/uploads\/2020\/12\/praia-do-alemao-sup-algarve-300x200.jpg 300w, https:\/\/oceancamper.com\/wp-content\/uploads\/2020\/12\/praia-do-alemao-sup-algarve-768x512.jpg 768w, https:\/\/oceancamper.com\/wp-content\/uploads\/2020\/12\/praia-do-alemao-sup-algarve-240x160.jpg 240w\" sizes=\"(max-width: 800px) 100vw, 800px\" \/>\t\t\t\t\t\t\t\t\t\t\t\t\t\t\t<\/div>\n\t\t\t\t<\/div>\n\t\t\t\t<div class=\"elementor-element elementor-element-e5fdd20 elementor-widget elementor-widget-text-editor\" data-id=\"e5fdd20\" data-element_type=\"widget\" data-e-type=\"widget\" data-widget_type=\"text-editor.default\">\n\t\t\t\t<div class=\"elementor-widget-container\">\n\t\t\t\t\t\t\t\t\t<p data-start=\"1551\" data-end=\"1629\">Praia do Alem\u00e3o 2017 09.jpg&#8221; por Jos\u00e9olgon, licenciado sob <a href=\"https:\/\/commons.wikimedia.org\/wiki\/File:Praia_do_Alem%C3%A3o_2017_09.jpg\" target=\"_blank\" rel=\"noopener\">CC BY-SA 4.0<\/a><\/p>\t\t\t\t\t\t\t\t<\/div>\n\t\t\t\t<\/div>\n\t\t\t\t\t<\/div>\n\t\t<\/div>\n\t\t\t\t\t<\/div>\n\t\t<\/section>\n\t\t\t\t<section class=\"elementor-section elementor-top-section elementor-element elementor-element-2a52a3f9 elementor-section-stretched elementor-section-boxed elementor-section-height-default elementor-section-height-default\" data-id=\"2a52a3f9\" data-element_type=\"section\" data-e-type=\"section\" id=\"piedade\" data-settings=\"{&quot;stretch_section&quot;:&quot;section-stretched&quot;,&quot;background_background&quot;:&quot;classic&quot;}\">\n\t\t\t\t\t\t<div class=\"elementor-container elementor-column-gap-default\">\n\t\t\t\t\t<div class=\"elementor-column elementor-col-100 elementor-top-column elementor-element elementor-element-2ee09fba\" data-id=\"2ee09fba\" data-element_type=\"column\" data-e-type=\"column\">\n\t\t\t<div class=\"elementor-widget-wrap elementor-element-populated\">\n\t\t\t\t\t\t<div class=\"elementor-element elementor-element-16f9f885 elementor-widget elementor-widget-heading\" data-id=\"16f9f885\" data-element_type=\"widget\" data-e-type=\"widget\" data-widget_type=\"heading.default\">\n\t\t\t\t<div class=\"elementor-widget-container\">\n\t\t\t\t\t<h2 class=\"elementor-heading-title elementor-size-default\">\ud83c\udfd6\ufe0f 6. Ponta da Piedade - Fal\u00e9sias de Lagos <\/h2>\t\t\t\t<\/div>\n\t\t\t\t<\/div>\n\t\t\t\t<div class=\"elementor-element elementor-element-559e961c elementor-widget elementor-widget-text-editor\" data-id=\"559e961c\" data-element_type=\"widget\" data-e-type=\"widget\" data-widget_type=\"text-editor.default\">\n\t\t\t\t<div class=\"elementor-widget-container\">\n\t\t\t\t\t\t\t\t\t<p><strong data-start=\"3809\" data-end=\"3819\">N\u00edvel:<\/strong> Intermedi\u00e1rio<br data-start=\"3832\" data-end=\"3835\"><strong data-start=\"3835\" data-end=\"3850\">Destaques:<\/strong> Fal\u00e9sias douradas, arcos de rocha e \u00e1gua cristalina.<br data-start=\"3903\" data-end=\"3906\"><strong data-start=\"3906\" data-end=\"3917\">Lan\u00e7a:<\/strong> Praia do Camilo ou Praia Dona Ana.<br data-start=\"3952\" data-end=\"3955\"> Mar\u00e9\/Vento<strong data-start=\"3955\" data-end=\"3969\">:<\/strong> Vai ao amanhecer para teres condi\u00e7\u00f5es calmas e uma luz bonita.<br data-start=\"4021\" data-end=\"4024\">\ud83d\udc49 <a class=\"decorated-link\" href=\"https:\/\/maps.app.goo.gl\/ZbfPs1HAYNddooh26\" target=\"_blank\" rel=\"noopener\" data-start=\"4027\" data-end=\"4070\">Localiza\u00e7\u00e3o no mapa<\/a><\/p>\t\t\t\t\t\t\t\t<\/div>\n\t\t\t\t<\/div>\n\t\t\t\t<div class=\"elementor-element elementor-element-41ecdeff elementor-widget elementor-widget-image\" data-id=\"41ecdeff\" data-element_type=\"widget\" data-e-type=\"widget\" data-widget_type=\"image.default\">\n\t\t\t\t<div class=\"elementor-widget-container\">\n\t\t\t\t\t\t\t\t\t\t\t\t\t\t\t<img loading=\"lazy\" decoding=\"async\" width=\"800\" height=\"223\" src=\"https:\/\/oceancamper.com\/wp-content\/uploads\/2020\/12\/ponta-da-piedade-sup-algarve-1.jpg\" class=\"attachment-large size-large wp-image-208036\" alt=\"Paddleboarding e passeios de barco na Ponta da Piedade, Lagos, Algarve - fal\u00e9sias douradas, arcos e \u00e1gua azul-turquesa.\" srcset=\"https:\/\/oceancamper.com\/wp-content\/uploads\/2020\/12\/ponta-da-piedade-sup-algarve-1.jpg 960w, https:\/\/oceancamper.com\/wp-content\/uploads\/2020\/12\/ponta-da-piedade-sup-algarve-1-300x83.jpg 300w, https:\/\/oceancamper.com\/wp-content\/uploads\/2020\/12\/ponta-da-piedade-sup-algarve-1-768x214.jpg 768w, https:\/\/oceancamper.com\/wp-content\/uploads\/2020\/12\/ponta-da-piedade-sup-algarve-1-240x67.jpg 240w\" sizes=\"(max-width: 800px) 100vw, 800px\" \/>\t\t\t\t\t\t\t\t\t\t\t\t\t\t\t<\/div>\n\t\t\t\t<\/div>\n\t\t\t\t<div class=\"elementor-element elementor-element-78d74af elementor-widget elementor-widget-text-editor\" data-id=\"78d74af\" data-element_type=\"widget\" data-e-type=\"widget\" data-widget_type=\"text-editor.default\">\n\t\t\t\t<div class=\"elementor-widget-container\">\n\t\t\t\t\t\t\t\t\t<p>Foto <em data-start=\"55\" data-end=\"104\">&#8220;Ponta da Piedade pano.jpg&#8221;<\/em> de <a class=\"mw-redirect\" title=\"Utilizador:Dicklyon\" href=\"https:\/\/commons.wikimedia.org\/wiki\/User:Dicklyon\">Dicklyon<\/a>, licenciada sob <a class=\"decorated-link\" href=\"https:\/\/commons.wikimedia.org\/wiki\/File:Ponta_da_Piedade_pano.jpg\" target=\"_blank\" rel=\"noopener\" data-start=\"136\" data-end=\"193\">CC BY 2.0<\/a>.<\/p>\t\t\t\t\t\t\t\t<\/div>\n\t\t\t\t<\/div>\n\t\t\t\t\t<\/div>\n\t\t<\/div>\n\t\t\t\t\t<\/div>\n\t\t<\/section>\n\t\t\t\t<section class=\"elementor-section elementor-top-section elementor-element elementor-element-7e4a9cbe elementor-section-stretched elementor-section-boxed elementor-section-height-default elementor-section-height-default\" data-id=\"7e4a9cbe\" data-element_type=\"section\" data-e-type=\"section\" id=\"milfontes\" data-settings=\"{&quot;stretch_section&quot;:&quot;section-stretched&quot;,&quot;background_background&quot;:&quot;classic&quot;}\">\n\t\t\t\t\t\t<div class=\"elementor-container elementor-column-gap-default\">\n\t\t\t\t\t<div class=\"elementor-column elementor-col-100 elementor-top-column elementor-element elementor-element-4427078b\" data-id=\"4427078b\" data-element_type=\"column\" data-e-type=\"column\">\n\t\t\t<div class=\"elementor-widget-wrap elementor-element-populated\">\n\t\t\t\t\t\t<div class=\"elementor-element elementor-element-48c9fd0e elementor-widget elementor-widget-heading\" data-id=\"48c9fd0e\" data-element_type=\"widget\" data-e-type=\"widget\" data-widget_type=\"heading.default\">\n\t\t\t\t<div class=\"elementor-widget-container\">\n\t\t\t\t\t<h2 class=\"elementor-heading-title elementor-size-default\">\ud83c\udfde\ufe0f 7. Vila Nova de Milfontes - Rio Mira (Alentejo) <\/h2>\t\t\t\t<\/div>\n\t\t\t\t<\/div>\n\t\t\t\t<div class=\"elementor-element elementor-element-7eb7ad3c elementor-widget elementor-widget-text-editor\" data-id=\"7eb7ad3c\" data-element_type=\"widget\" data-e-type=\"widget\" data-widget_type=\"text-editor.default\">\n\t\t\t\t<div class=\"elementor-widget-container\">\n\t\t\t\t\t\t\t\t\t<p><strong data-start=\"4139\" data-end=\"4149\">N\u00edvel:<\/strong> Iniciante+<br data-start=\"4159\" data-end=\"4162\"><strong data-start=\"4162\" data-end=\"4177\">Destaques:<\/strong> Remada calma no rio, com vista para as dunas e para a vila.<br data-start=\"4224\" data-end=\"4227\"><strong data-start=\"4227\" data-end=\"4238\">Partida:<\/strong> Praia fluvial perto da vila.<br data-start=\"4268\" data-end=\"4271\"><strong data-start=\"4271\" data-end=\"4281\">Evita:<\/strong> A foz do rio &#8211; as correntes s\u00e3o fortes.<br data-start=\"4320\" data-end=\"4323\">\ud83d\udc49 <a class=\"decorated-link\" href=\"https:\/\/maps.app.goo.gl\/fw6mrCUfYTXXV1aw8\" target=\"_blank\" rel=\"noopener\" data-start=\"4326\" data-end=\"4369\">Localiza\u00e7\u00e3o no mapa<\/a><\/p>\t\t\t\t\t\t\t\t<\/div>\n\t\t\t\t<\/div>\n\t\t\t\t<div class=\"elementor-element elementor-element-6c53d04c elementor-widget elementor-widget-image\" data-id=\"6c53d04c\" data-element_type=\"widget\" data-e-type=\"widget\" data-widget_type=\"image.default\">\n\t\t\t\t<div class=\"elementor-widget-container\">\n\t\t\t\t\t\t\t\t\t\t\t\t\t\t\t<img loading=\"lazy\" decoding=\"async\" width=\"800\" height=\"600\" src=\"https:\/\/oceancamper.com\/wp-content\/uploads\/2020\/12\/vila-nova-de-milfontes-sup-portugal.jpg\" class=\"attachment-large size-large wp-image-208032\" alt=\"Vista de Vila Nova de Milfontes, Alentejo, Portugal - praia fluvial com \u00e1gua azul-turquesa, fal\u00e9sias e casas brancas por cima.\" srcset=\"https:\/\/oceancamper.com\/wp-content\/uploads\/2020\/12\/vila-nova-de-milfontes-sup-portugal.jpg 800w, https:\/\/oceancamper.com\/wp-content\/uploads\/2020\/12\/vila-nova-de-milfontes-sup-portugal-300x225.jpg 300w, https:\/\/oceancamper.com\/wp-content\/uploads\/2020\/12\/vila-nova-de-milfontes-sup-portugal-768x576.jpg 768w, https:\/\/oceancamper.com\/wp-content\/uploads\/2020\/12\/vila-nova-de-milfontes-sup-portugal-240x180.jpg 240w\" sizes=\"(max-width: 800px) 100vw, 800px\" \/>\t\t\t\t\t\t\t\t\t\t\t\t\t\t\t<\/div>\n\t\t\t\t<\/div>\n\t\t\t\t<div class=\"elementor-element elementor-element-1bb929c elementor-widget elementor-widget-text-editor\" data-id=\"1bb929c\" data-element_type=\"widget\" data-e-type=\"widget\" data-widget_type=\"text-editor.default\">\n\t\t\t\t<div class=\"elementor-widget-container\">\n\t\t\t\t\t\t\t\t\t<p>Foto &#8220;Vila Nova de Milfontes.jpg&#8221; de Francisco Santos (Xuaxo), licenciada sob <a class=\"decorated-link cursor-pointer\" href=\"https:\/\/commons.wikimedia.org\/wiki\/File:Vila_Nova_de_Milfontes.jpg\" target=\"_blank\" rel=\"noopener\" data-start=\"81\" data-end=\"144\">CC BY-SA 3.0<\/a><\/p>\t\t\t\t\t\t\t\t<\/div>\n\t\t\t\t<\/div>\n\t\t\t\t\t<\/div>\n\t\t<\/div>\n\t\t\t\t\t<\/div>\n\t\t<\/section>\n\t\t\t\t<section class=\"elementor-section elementor-top-section elementor-element elementor-element-19ee9ca1 elementor-section-stretched elementor-section-boxed elementor-section-height-default elementor-section-height-default\" data-id=\"19ee9ca1\" data-element_type=\"section\" data-e-type=\"section\" id=\"arade\" data-settings=\"{&quot;stretch_section&quot;:&quot;section-stretched&quot;,&quot;background_background&quot;:&quot;classic&quot;}\">\n\t\t\t\t\t\t<div class=\"elementor-container elementor-column-gap-default\">\n\t\t\t\t\t<div class=\"elementor-column elementor-col-100 elementor-top-column elementor-element elementor-element-317e2be1\" data-id=\"317e2be1\" data-element_type=\"column\" data-e-type=\"column\">\n\t\t\t<div class=\"elementor-widget-wrap elementor-element-populated\">\n\t\t\t\t\t\t<div class=\"elementor-element elementor-element-705ec91b elementor-widget elementor-widget-heading\" data-id=\"705ec91b\" data-element_type=\"widget\" data-e-type=\"widget\" data-widget_type=\"heading.default\">\n\t\t\t\t<div class=\"elementor-widget-container\">\n\t\t\t\t\t<h2 class=\"elementor-heading-title elementor-size-default\">\ud83c\udf3f 8. Barragem do Arade - Lago da Floresta <\/h2>\t\t\t\t<\/div>\n\t\t\t\t<\/div>\n\t\t\t\t<div class=\"elementor-element elementor-element-26902f37 elementor-widget elementor-widget-text-editor\" data-id=\"26902f37\" data-element_type=\"widget\" data-e-type=\"widget\" data-widget_type=\"text-editor.default\">\n\t\t\t\t<div class=\"elementor-widget-container\">\n\t\t\t\t\t\t\t\t\t<p><strong data-start=\"4422\" data-end=\"4432\">N\u00edvel:<\/strong> Iniciante<br data-start=\"4441\" data-end=\"4444\"><strong data-start=\"4444\" data-end=\"4459\">Destaques:<\/strong> Remada tranquila em \u00e1guas planas rodeada de pinheiros.<br data-start=\"4514\" data-end=\"4517\"><strong data-start=\"4517\" data-end=\"4528\">Acesso:<\/strong> Arranca junto ao acesso principal \u00e0 barragem.<br data-start=\"4567\" data-end=\"4570\"><strong data-start=\"4570\" data-end=\"4580\">Observa\u00e7\u00f5es:<\/strong> Traz \u00e1gua e lanche &#8211; n\u00e3o h\u00e1 servi\u00e7os nas proximidades.<br data-start=\"4625\" data-end=\"4628\">\ud83d\udc49 <a class=\"decorated-link\" href=\"https:\/\/goo.gl\/maps\/W1rKMB2PJqvU1rJaA\" target=\"_blank\" rel=\"noopener\" data-start=\"4631\" data-end=\"4674\">Localiza\u00e7\u00e3o no mapa<\/a><\/p>\t\t\t\t\t\t\t\t<\/div>\n\t\t\t\t<\/div>\n\t\t\t\t<div class=\"elementor-element elementor-element-eac133b elementor-widget elementor-widget-image\" data-id=\"eac133b\" data-element_type=\"widget\" data-e-type=\"widget\" data-widget_type=\"image.default\">\n\t\t\t\t<div class=\"elementor-widget-container\">\n\t\t\t\t\t\t\t\t\t\t\t\t\t\t\t<img loading=\"lazy\" decoding=\"async\" width=\"800\" height=\"600\" src=\"https:\/\/oceancamper.com\/wp-content\/uploads\/2020\/12\/algarve-lakes-sup.jpg\" class=\"attachment-large size-large wp-image-5290\" alt=\"Paddleboarding Algarve lagos SUP Algarve Barragem do Arade\" srcset=\"https:\/\/oceancamper.com\/wp-content\/uploads\/2020\/12\/algarve-lakes-sup.jpg 1024w, https:\/\/oceancamper.com\/wp-content\/uploads\/2020\/12\/algarve-lakes-sup-300x225.jpg 300w, https:\/\/oceancamper.com\/wp-content\/uploads\/2020\/12\/algarve-lakes-sup-768x576.jpg 768w\" sizes=\"(max-width: 800px) 100vw, 800px\" \/>\t\t\t\t\t\t\t\t\t\t\t\t\t\t\t<\/div>\n\t\t\t\t<\/div>\n\t\t\t\t\t<\/div>\n\t\t<\/div>\n\t\t\t\t\t<\/div>\n\t\t<\/section>\n\t\t\t\t<section class=\"elementor-section elementor-top-section elementor-element elementor-element-4752571 elementor-section-stretched elementor-section-boxed elementor-section-height-default elementor-section-height-default\" data-id=\"4752571\" data-element_type=\"section\" data-e-type=\"section\" id=\"funcho\" data-settings=\"{&quot;stretch_section&quot;:&quot;section-stretched&quot;,&quot;background_background&quot;:&quot;classic&quot;}\">\n\t\t\t\t\t\t<div class=\"elementor-container elementor-column-gap-default\">\n\t\t\t\t\t<div class=\"elementor-column elementor-col-100 elementor-top-column elementor-element elementor-element-cfe1336\" data-id=\"cfe1336\" data-element_type=\"column\" data-e-type=\"column\">\n\t\t\t<div class=\"elementor-widget-wrap elementor-element-populated\">\n\t\t\t\t\t\t<div class=\"elementor-element elementor-element-47c36e0 elementor-widget elementor-widget-heading\" data-id=\"47c36e0\" data-element_type=\"widget\" data-e-type=\"widget\" data-widget_type=\"heading.default\">\n\t\t\t\t<div class=\"elementor-widget-container\">\n\t\t\t\t\t<h2 class=\"elementor-heading-title elementor-size-default\">\ud83c\udf3f 9. Barragem do Funcho - Reservat\u00f3rio do Sossego <\/h2>\t\t\t\t<\/div>\n\t\t\t\t<\/div>\n\t\t\t\t<div class=\"elementor-element elementor-element-9b9bbaa elementor-widget elementor-widget-text-editor\" data-id=\"9b9bbaa\" data-element_type=\"widget\" data-e-type=\"widget\" data-widget_type=\"text-editor.default\">\n\t\t\t\t<div class=\"elementor-widget-container\">\n\t\t\t\t\t\t\t\t\t<p><strong data-start=\"5218\" data-end=\"5228\">N\u00edvel:<\/strong> Iniciante<br data-start=\"5237\" data-end=\"5240\"><strong data-start=\"5240\" data-end=\"5255\">Destaques:<\/strong> Remadas longas e tranquilas; avifauna.<br data-start=\"5289\" data-end=\"5292\"><strong data-start=\"5292\" data-end=\"5303\">Lan\u00e7amento:<\/strong> Pontos de acesso p\u00fablico na costa.<br data-start=\"5338\" data-end=\"5341\"> Mar\u00e9\/Vento<strong data-start=\"5341\" data-end=\"5355\">:<\/strong> N\/A; evita tardes ventosas.<br data-start=\"5384\" data-end=\"5387\"><strong data-start=\"5387\" data-end=\"5405\">Estacionamento\/Notas:<\/strong> Remoto; traz \u00e1gua\/snacks.\ud83d\udc49 <a class=\"decorated-link\" href=\"https:\/\/goo.gl\/maps\/bu2wzmr4zLgRwMq96\" target=\"_blank\" rel=\"noopener\" data-start=\"4884\" data-end=\"4927\">Localiza\u00e7\u00e3o no mapa<\/a><\/p>\t\t\t\t\t\t\t\t<\/div>\n\t\t\t\t<\/div>\n\t\t\t\t<div class=\"elementor-element elementor-element-bfcc950 elementor-widget elementor-widget-image\" data-id=\"bfcc950\" data-element_type=\"widget\" data-e-type=\"widget\" data-widget_type=\"image.default\">\n\t\t\t\t<div class=\"elementor-widget-container\">\n\t\t\t\t\t\t\t\t\t\t\t\t\t\t\t<img loading=\"lazy\" decoding=\"async\" width=\"800\" height=\"528\" src=\"https:\/\/oceancamper.com\/wp-content\/uploads\/2020\/12\/barragem-do-funcho-sup-algarve.jpg\" class=\"attachment-large size-large wp-image-208033\" alt=\"Barragem do Funcho em Silves, Algarve, Portugal - lago tranquilo rodeado de colinas e c\u00e9u azul, ideal para a pr\u00e1tica de paddleboarding.\" srcset=\"https:\/\/oceancamper.com\/wp-content\/uploads\/2020\/12\/barragem-do-funcho-sup-algarve.jpg 960w, https:\/\/oceancamper.com\/wp-content\/uploads\/2020\/12\/barragem-do-funcho-sup-algarve-300x198.jpg 300w, https:\/\/oceancamper.com\/wp-content\/uploads\/2020\/12\/barragem-do-funcho-sup-algarve-768x507.jpg 768w, https:\/\/oceancamper.com\/wp-content\/uploads\/2020\/12\/barragem-do-funcho-sup-algarve-240x159.jpg 240w\" sizes=\"(max-width: 800px) 100vw, 800px\" \/>\t\t\t\t\t\t\t\t\t\t\t\t\t\t\t<\/div>\n\t\t\t\t<\/div>\n\t\t\t\t<div class=\"elementor-element elementor-element-a6c1378 elementor-widget elementor-widget-text-editor\" data-id=\"a6c1378\" data-element_type=\"widget\" data-e-type=\"widget\" data-widget_type=\"text-editor.default\">\n\t\t\t\t<div class=\"elementor-widget-container\">\n\t\t\t\t\t\t\t\t\t<p>Foto &#8220;Barragem do Funcho no rio Arade, Silves, Portugal (PPL1-Corrected) julesvernex2.jpg&#8221; por Jules Verne Times Two \/ <a href=\"www.julesvernex2.com\" target=\"_blank\" rel=\"noopener\">julesvernex2.com<\/a>, licenciado sob <a class=\"decorated-link cursor-pointer\" href=\"https:\/\/commons.wikimedia.org\/wiki\/File%3AFuncho_dam_on_the_Arade_river%2C_Silves%2C_Portugal_%28PPL1-Corrected%29_julesvernex2.jpg?utm_source=chatgpt.com\" target=\"_blank\" rel=\"noopener\" data-start=\"152\" data-end=\"215\">CC BY-SA 4.0<\/a>.<\/p>\t\t\t\t\t\t\t\t<\/div>\n\t\t\t\t<\/div>\n\t\t\t\t\t<\/div>\n\t\t<\/div>\n\t\t\t\t\t<\/div>\n\t\t<\/section>\n\t\t\t\t<section class=\"elementor-section elementor-top-section elementor-element elementor-element-c86ba99 elementor-section-stretched elementor-section-boxed elementor-section-height-default elementor-section-height-default\" data-id=\"c86ba99\" data-element_type=\"section\" data-e-type=\"section\" id=\"clara\" data-settings=\"{&quot;stretch_section&quot;:&quot;section-stretched&quot;,&quot;background_background&quot;:&quot;classic&quot;}\">\n\t\t\t\t\t\t<div class=\"elementor-container elementor-column-gap-default\">\n\t\t\t\t\t<div class=\"elementor-column elementor-col-100 elementor-top-column elementor-element elementor-element-331984c\" data-id=\"331984c\" data-element_type=\"column\" data-e-type=\"column\">\n\t\t\t<div class=\"elementor-widget-wrap elementor-element-populated\">\n\t\t\t\t\t\t<div class=\"elementor-element elementor-element-03b5675 elementor-widget elementor-widget-heading\" data-id=\"03b5675\" data-element_type=\"widget\" data-e-type=\"widget\" data-widget_type=\"heading.default\">\n\t\t\t\t<div class=\"elementor-widget-container\">\n\t\t\t\t\t<h2 class=\"elementor-heading-title elementor-size-default\">\ud83c\udf3f 10. Barragem de Santa Clara - A joia escondida <\/h2>\t\t\t\t<\/div>\n\t\t\t\t<\/div>\n\t\t\t\t<div class=\"elementor-element elementor-element-0f5cb52 elementor-widget elementor-widget-text-editor\" data-id=\"0f5cb52\" data-element_type=\"widget\" data-e-type=\"widget\" data-widget_type=\"text-editor.default\">\n\t\t\t\t<div class=\"elementor-widget-container\">\n\t\t\t\t\t\t\t\t\t<p><strong data-start=\"5478\" data-end=\"5488\">N\u00edvel:<\/strong> Iniciante<br data-start=\"5497\" data-end=\"5500\"><strong data-start=\"5500\" data-end=\"5515\">Destaca-se:<\/strong> Um dos maiores lagos da regi\u00e3o; \u00e1guas vastas e calmas.<br data-start=\"5573\" data-end=\"5576\"><strong data-start=\"5576\" data-end=\"5587\">Lan\u00e7a:<\/strong> V\u00e1rias rampas\/enseadas.<br data-start=\"5609\" data-end=\"5612\"><strong data-start=\"5612\" data-end=\"5626\">Mar\u00e9\/Vento:<\/strong> N\/A; melhor em dias calmos.<br data-start=\"5650\" data-end=\"5653\"><strong data-start=\"5653\" data-end=\"5671\">Estacionamento\/Notas:<\/strong> \u00d3timo para um piquenique de um dia inteiro. <a class=\"decorated-link\" href=\"https:\/\/goo.gl\/maps\/SKPqn8U6nQXm7tX66\" target=\"_blank\" rel=\"noopener\" data-start=\"5155\" data-end=\"5198\">Localiza\u00e7\u00e3o no mapa<\/a> <\/p>\t\t\t\t\t\t\t\t<\/div>\n\t\t\t\t<\/div>\n\t\t\t\t<div class=\"elementor-element elementor-element-0d3a8a0 elementor-widget elementor-widget-image\" data-id=\"0d3a8a0\" data-element_type=\"widget\" data-e-type=\"widget\" data-widget_type=\"image.default\">\n\t\t\t\t<div class=\"elementor-widget-container\">\n\t\t\t\t\t\t\t\t\t\t\t\t\t\t\t<img loading=\"lazy\" decoding=\"async\" width=\"800\" height=\"353\" src=\"https:\/\/oceancamper.com\/wp-content\/uploads\/2020\/12\/barragem-de-santa-clara-sup-alentejo.jpg\" class=\"attachment-large size-large wp-image-208034\" alt=\"Barragem de Santa Clara no Alentejo, Portugal - um lago azul e calmo rodeado de colinas verdes e campos.\" srcset=\"https:\/\/oceancamper.com\/wp-content\/uploads\/2020\/12\/barragem-de-santa-clara-sup-alentejo.jpg 960w, https:\/\/oceancamper.com\/wp-content\/uploads\/2020\/12\/barragem-de-santa-clara-sup-alentejo-300x132.jpg 300w, https:\/\/oceancamper.com\/wp-content\/uploads\/2020\/12\/barragem-de-santa-clara-sup-alentejo-768x338.jpg 768w, https:\/\/oceancamper.com\/wp-content\/uploads\/2020\/12\/barragem-de-santa-clara-sup-alentejo-240x106.jpg 240w\" sizes=\"(max-width: 800px) 100vw, 800px\" \/>\t\t\t\t\t\t\t\t\t\t\t\t\t\t\t<\/div>\n\t\t\t\t<\/div>\n\t\t\t\t<div class=\"elementor-element elementor-element-ec8deaa elementor-widget elementor-widget-text-editor\" data-id=\"ec8deaa\" data-element_type=\"widget\" data-e-type=\"widget\" data-widget_type=\"text-editor.default\">\n\t\t\t\t<div class=\"elementor-widget-container\">\n\t\t\t\t\t\t\t\t\t<p>Foto &#8220;Barragem de Santa Clara Alentejo (2264826229).jpg&#8221; de Guy MOLL, licenciado sob <a class=\"decorated-link\" href=\"https:\/\/commons.wikimedia.org\/wiki\/File:Barragem_de_Santa_Clara_Alentejo_(2264826229).jpg\" target=\"_blank\" rel=\"noopener\" data-start=\"88\" data-end=\"145\">CC BY 2.0<\/a><\/p>\t\t\t\t\t\t\t\t<\/div>\n\t\t\t\t<\/div>\n\t\t\t\t\t<\/div>\n\t\t<\/div>\n\t\t\t\t\t<\/div>\n\t\t<\/section>\n\t\t\t\t<section class=\"elementor-section elementor-top-section elementor-element elementor-element-ed51ce5 elementor-section-stretched elementor-section-boxed elementor-section-height-default elementor-section-height-default\" data-id=\"ed51ce5\" data-element_type=\"section\" data-e-type=\"section\" id=\"tips\" data-settings=\"{&quot;stretch_section&quot;:&quot;section-stretched&quot;,&quot;background_background&quot;:&quot;classic&quot;}\">\n\t\t\t\t\t\t<div class=\"elementor-container elementor-column-gap-default\">\n\t\t\t\t\t<div class=\"elementor-column elementor-col-100 elementor-top-column elementor-element elementor-element-c41125f\" data-id=\"c41125f\" data-element_type=\"column\" data-e-type=\"column\">\n\t\t\t<div class=\"elementor-widget-wrap elementor-element-populated\">\n\t\t\t\t\t\t<div class=\"elementor-element elementor-element-78e5e760 elementor-widget elementor-widget-heading\" data-id=\"78e5e760\" data-element_type=\"widget\" data-e-type=\"widget\" data-widget_type=\"heading.default\">\n\t\t\t\t<div class=\"elementor-widget-container\">\n\t\t\t\t\t<h2 class=\"elementor-heading-title elementor-size-default\">O que levar na mala (lista de verifica\u00e7\u00e3o r\u00e1pida)<\/h2>\t\t\t\t<\/div>\n\t\t\t\t<\/div>\n\t\t\t\t<div class=\"elementor-element elementor-element-ba2b1fa elementor-widget elementor-widget-text-editor\" data-id=\"ba2b1fa\" data-element_type=\"widget\" data-e-type=\"widget\" data-widget_type=\"text-editor.default\">\n\t\t\t\t<div class=\"elementor-widget-container\">\n\t\t\t\t\t\t\t\t\t<ul><li data-start=\"6106\" data-end=\"6146\">SUP insufl\u00e1vel + trela + remo + bomba<\/li><li data-start=\"6149\" data-end=\"6199\">Recomenda-se o uso de um colete salva-vidas, especialmente para as crian\u00e7as<\/li><li data-start=\"6202\" data-end=\"6244\">Protetor solar de recife, chap\u00e9u, \u00e1gua, saco seco<\/li><li data-start=\"6247\" data-end=\"6295\">Telem\u00f3vel numa bolsa \u00e0 prova de \u00e1gua; pequeno estojo de primeiros socorros<\/li><li data-start=\"6298\" data-end=\"6338\">Fato de mergulho (dependente da esta\u00e7\u00e3o) \/ rashguard<\/li><li data-start=\"6341\" data-end=\"6373\">Lanterna de cabe\u00e7a se come\u00e7ares antes do nascer do sol<\/li><\/ul>\t\t\t\t\t\t\t\t<\/div>\n\t\t\t\t<\/div>\n\t\t\t\t<div class=\"elementor-element elementor-element-2aadde1 elementor-widget elementor-widget-heading\" data-id=\"2aadde1\" data-element_type=\"widget\" data-e-type=\"widget\" data-widget_type=\"heading.default\">\n\t\t\t\t<div class=\"elementor-widget-container\">\n\t\t\t\t\t<h2 class=\"elementor-heading-title elementor-size-default\">\u26a0\ufe0f Dicas de seguran\u00e7a para praticar Paddleboarding em Portugal<\/h2>\t\t\t\t<\/div>\n\t\t\t\t<\/div>\n\t\t\t\t<div class=\"elementor-element elementor-element-e651918 elementor-widget elementor-widget-text-editor\" data-id=\"e651918\" data-element_type=\"widget\" data-e-type=\"widget\" data-widget_type=\"text-editor.default\">\n\t\t\t\t<div class=\"elementor-widget-container\">\n\t\t\t\t\t\t\t\t\t<ul><li data-start=\"5261\" data-end=\"5325\"><strong data-start=\"5264\" data-end=\"5274\">Oceano:<\/strong> Evita remar com vento forte ou ondula\u00e7\u00e3o alta.<\/li><li data-start=\"5328\" data-end=\"5419\">\ud83c\udf2c\ufe0f <strong data-start=\"5332\" data-end=\"5343\">Rios:<\/strong> Nunca entres em zonas onde um rio encontra o oceano &#8211; as correntes s\u00e3o perigosas.<\/li><li data-start=\"5422\" data-end=\"5490\"><strong data-start=\"5425\" data-end=\"5434\">Equipamento:<\/strong> Usa sempre uma trela e, de prefer\u00eancia, um colete salva-vidas.<\/li><li data-start=\"5493\" data-end=\"5558\">\ud83c\udf24\ufe0f <strong data-start=\"5497\" data-end=\"5508\">Timing:<\/strong> As manh\u00e3s s\u00e3o mais calmas; as tardes podem ser ventosas.<\/li><li data-start=\"5561\" data-end=\"5641\"><strong data-start=\"5564\" data-end=\"5583\">Prote\u00e7\u00e3o solar:<\/strong> Chap\u00e9u, protetor solar, \u00f3culos de sol com correia, muita \u00e1gua.<\/li><\/ul>\t\t\t\t\t\t\t\t<\/div>\n\t\t\t\t<\/div>\n\t\t\t\t<div class=\"elementor-element elementor-element-b9c72b1 elementor-widget elementor-widget-heading\" data-id=\"b9c72b1\" data-element_type=\"widget\" data-e-type=\"widget\" data-widget_type=\"heading.default\">\n\t\t\t\t<div class=\"elementor-widget-container\">\n\t\t\t\t\t<h2 class=\"elementor-heading-title elementor-size-default\">\ud83c\udfc4\u200d\u2642\ufe0f FAQ - Paddleboarding no Algarve<\/h2>\t\t\t\t<\/div>\n\t\t\t\t<\/div>\n\t\t\t\t<div class=\"elementor-element elementor-element-6d8397b elementor-widget elementor-widget-text-editor\" data-id=\"6d8397b\" data-element_type=\"widget\" data-e-type=\"widget\" data-widget_type=\"text-editor.default\">\n\t\t\t\t<div class=\"elementor-widget-container\">\n\t\t\t\t\t\t\t\t\t<h4 data-start=\"331\" data-end=\"375\">Posso fazer paddleboarding dentro da Gruta de Benagil?<\/h4><p data-start=\"376\" data-end=\"604\">Por raz\u00f5es de seguran\u00e7a e prote\u00e7\u00e3o ambiental, <strong data-start=\"421\" data-end=\"503\">j\u00e1 n\u00e3o \u00e9 permitida a pr\u00e1tica individual de paddleboarding ou kayak dentro da Gruta de Benagil<\/strong>. Podes visit\u00e1-la em <strong data-start=\"531\" data-end=\"560\">passeios guiados de SUP ou de caiaque<\/strong>, que s\u00e3o as \u00fanicas op\u00e7\u00f5es legais e seguras.  <\/p>\t\t\t\t\t\t\t\t<\/div>\n\t\t\t\t<\/div>\n\t\t\t\t<div class=\"elementor-element elementor-element-58dcab1 elementor-widget elementor-widget-text-editor\" data-id=\"58dcab1\" data-element_type=\"widget\" data-e-type=\"widget\" data-widget_type=\"text-editor.default\">\n\t\t\t\t<div class=\"elementor-widget-container\">\n\t\t\t\t\t\t\t\t\t<h4 data-start=\"611\" data-end=\"675\">Qual \u00e9 a melhor altura do dia para fazer paddleboard no Algarve?<\/h4><p data-start=\"676\" data-end=\"882\">As manh\u00e3s <strong data-start=\"676\" data-end=\"713\">bem cedo (do nascer ao 10\u00ba dia)<\/strong> s\u00e3o as melhores &#8211; o vento \u00e9 calmo, a \u00e1gua \u00e9 cristalina e o tr\u00e1fego de barcos \u00e9 m\u00ednimo.<br data-start=\"792\" data-end=\"795\">As tardes trazem frequentemente um vento noroeste mais forte, especialmente de <strong data-start=\"860\" data-end=\"881\">junho a setembro<\/strong>.<\/p>\t\t\t\t\t\t\t\t<\/div>\n\t\t\t\t<\/div>\n\t\t\t\t<div class=\"elementor-element elementor-element-5215423 elementor-widget elementor-widget-text-editor\" data-id=\"5215423\" data-element_type=\"widget\" data-e-type=\"widget\" data-widget_type=\"text-editor.default\">\n\t\t\t\t<div class=\"elementor-widget-container\">\n\t\t\t\t\t\t\t\t\t<h4 data-start=\"889\" data-end=\"946\">Preciso de um fato de mergulho para fazer paddleboarding em Portugal?<\/h4><p data-start=\"947\" data-end=\"974\">Depende da esta\u00e7\u00e3o do ano:<\/p><ul><li data-start=\"977\" data-end=\"1026\"><strong data-start=\"977\" data-end=\"997\">primavera \/ outono:<\/strong> Fato de mergulho de 3\/2 mm recomendado<\/li><li data-start=\"1029\" data-end=\"1061\"><strong data-start=\"1029\" data-end=\"1040\">ver\u00e3o:<\/strong> cal\u00e7\u00e3o ou fato de banho<\/li><li data-start=\"1064\" data-end=\"1186\"><strong data-start=\"1064\" data-end=\"1075\">inverno:<\/strong> 4\/3 mm se ficares mais tempo na \u00e1gua<br data-start=\"1114\" data-end=\"1117\">A temperatura da \u00e1gua varia entre <strong data-start=\"1147\" data-end=\"1185\">16 \u00b0C na primavera e 23 \u00b0C no ver\u00e3o<\/strong><\/li><\/ul>\t\t\t\t\t\t\t\t<\/div>\n\t\t\t\t<\/div>\n\t\t\t\t<div class=\"elementor-element elementor-element-b491614 elementor-widget elementor-widget-text-editor\" data-id=\"b491614\" data-element_type=\"widget\" data-e-type=\"widget\" data-widget_type=\"text-editor.default\">\n\t\t\t\t<div class=\"elementor-widget-container\">\n\t\t\t\t\t\t\t\t\t<h4 data-start=\"1193\" data-end=\"1246\">Onde est\u00e3o os locais mais calmos para a pr\u00e1tica de SUP no Algarve?<\/h4><p data-start=\"1247\" data-end=\"1298\">Para os principiantes, as \u00e1guas calmas e protegidas incluem:<\/p><ul><li data-start=\"1301\" data-end=\"1345\"><strong data-start=\"1301\" data-end=\"1316\">Ria Formosa<\/strong> (Faro &#8211; ilhas e lagoas)<\/li><li data-start=\"1348\" data-end=\"1423\"><strong data-start=\"1348\" data-end=\"1370\">Barragem do Funcho<\/strong> e <strong data-start=\"1375\" data-end=\"1402\">Barragem de Santa Clara<\/strong> (lagos de \u00e1gua doce)<\/li><li data-start=\"1426\" data-end=\"1483\"><strong data-start=\"1426\" data-end=\"1452\">Vila Nova de Milfontes<\/strong> (estu\u00e1rio do rio Mira, Alentejo)<\/li><\/ul>\t\t\t\t\t\t\t\t<\/div>\n\t\t\t\t<\/div>\n\t\t\t\t<div class=\"elementor-element elementor-element-5219366 elementor-widget elementor-widget-text-editor\" data-id=\"5219366\" data-element_type=\"widget\" data-e-type=\"widget\" data-widget_type=\"text-editor.default\">\n\t\t\t\t<div class=\"elementor-widget-container\">\n\t\t\t\t\t\t\t\t\t<h4 data-start=\"1490\" data-end=\"1550\">Que dicas de seguran\u00e7a devo seguir enquanto pratico paddleboarding?<\/h4><ul><li data-start=\"1553\" data-end=\"1601\">Usa sempre uma <strong data-start=\"1567\" data-end=\"1599\">trela e<\/strong> um <strong data-start=\"1567\" data-end=\"1599\">equipamento de flutua\u00e7\u00e3o (PFD)<\/strong><\/li><li data-start=\"1604\" data-end=\"1654\">Evita as grutas em caso de <strong data-start=\"1629\" data-end=\"1652\">ondula\u00e7\u00e3o ou<\/strong> de mar\u00e9 <strong data-start=\"1629\" data-end=\"1652\">alta<\/strong><\/li><li data-start=\"1657\" data-end=\"1703\">N\u00e3o entres na <strong data-start=\"1669\" data-end=\"1685\">foz do rio<\/strong> durante a mar\u00e9 vazante<\/li><li data-start=\"1706\" data-end=\"1773\">Verifica o <strong data-start=\"1712\" data-end=\"1744\">vento (&lt; 12 kn para principiantes)<\/strong> e <strong data-start=\"1749\" data-end=\"1758\">as mar\u00e9s<\/strong> antes de partir<\/li><li data-start=\"1776\" data-end=\"1832\">Traz <strong data-start=\"1782\" data-end=\"1832\">\u00e1gua, protetor solar e o telem\u00f3vel num estojo \u00e0 prova de \u00e1gua<\/strong><\/li><\/ul>\t\t\t\t\t\t\t\t<\/div>\n\t\t\t\t<\/div>\n\t\t\t\t<div class=\"elementor-element elementor-element-e2e76c0 elementor-widget elementor-widget-text-editor\" data-id=\"e2e76c0\" data-element_type=\"widget\" data-e-type=\"widget\" data-widget_type=\"text-editor.default\">\n\t\t\t\t<div class=\"elementor-widget-container\">\n\t\t\t\t\t\t\t\t\t<h4 data-start=\"1839\" data-end=\"1878\">Posso alugar uma prancha de paddle em Faro?<\/h4><p data-start=\"1879\" data-end=\"2096\">Sim! <strong data-start=\"1884\" data-end=\"1908\">A Ocean Camper, em Faro<\/strong>, aluga <strong data-start=\"1915\" data-end=\"1934\">SUPs insufl\u00e1veis<\/strong> que cabem em qualquer carro ou autocaravana.<br data-start=\"1968\" data-end=\"1971\">Cada conjunto inclui uma <strong data-start=\"1991\" data-end=\"2043\">bomba, remo, leash, op\u00e7\u00e3o PFD e correias de tejadilho<\/strong> &#8211; perfeito para explorar a costa e os lagos do Algarve.<\/p>\t\t\t\t\t\t\t\t<\/div>\n\t\t\t\t<\/div>\n\t\t\t\t<div class=\"elementor-element elementor-element-f825eb5 elementor-widget elementor-widget-heading\" data-id=\"f825eb5\" data-element_type=\"widget\" data-e-type=\"widget\" data-widget_type=\"heading.default\">\n\t\t\t\t<div class=\"elementor-widget-container\">\n\t\t\t\t\t<h2 class=\"elementor-heading-title elementor-size-default\">Torna-a numa aventura de autocaravana<\/h2>\t\t\t\t<\/div>\n\t\t\t\t<\/div>\n\t\t\t\t<div class=\"elementor-element elementor-element-e8a61ac elementor-widget elementor-widget-text-editor\" data-id=\"e8a61ac\" data-element_type=\"widget\" data-e-type=\"widget\" data-widget_type=\"text-editor.default\">\n\t\t\t\t<div class=\"elementor-widget-container\">\n\t\t\t\t\t\t\t\t\t<p>Explora livremente com uma autocaravana equipada para desportos aqu\u00e1ticos!<br data-start=\"5744\" data-end=\"5747\">Todos <a href=\"https:\/\/oceancamper.com\/pt-pt\/mini-autocaravanas\/\"><strong data-start=\"5751\" data-end=\"5772\">autocaravanas Ocean Camper<\/strong> <\/a>incluem:<\/p><ul><li data-start=\"5786\" data-end=\"5817\">Chuveiro exterior e dep\u00f3sito de \u00e1gua<\/li><li data-start=\"5820\" data-end=\"5854\">Suporte de tejadilho para pranchas de surf ou SUPs<\/li><li data-start=\"5857\" data-end=\"5886\">Equipamento de cozinha e cama de casal<\/li><li data-start=\"5889\" data-end=\"5923\">Aluguer opcional de SUP ou pranchas de surf<\/li><li>Planeia um circuito de <strong data-start=\"5942\" data-end=\"5979\">Faro \u2192 Lagos \u2192 Aljezur \u2192 Alentejo<\/strong>, combinando SUP e campismo (ver o nosso guia <a class=\"decorated-link\" href=\"https:\/\/oceancamper.com\/pt-pt\/regras-de-acampamento-em-portugal\/?utm_source=chatgpt.com\" target=\"_new\" rel=\"noopener\" data-start=\"6028\" data-end=\"6107\">Regras de Campismo em Portugal<\/a> ).<\/li><\/ul>\t\t\t\t\t\t\t\t<\/div>\n\t\t\t\t<\/div>\n\t\t\t\t\t<\/div>\n\t\t<\/div>\n\t\t\t\t\t<\/div>\n\t\t<\/section>\n\t\t\t\t<section class=\"elementor-section elementor-top-section elementor-element elementor-element-11a7b2db elementor-section-stretched elementor-section-boxed elementor-section-height-default elementor-section-height-default\" data-id=\"11a7b2db\" data-element_type=\"section\" data-e-type=\"section\" data-settings=\"{&quot;stretch_section&quot;:&quot;section-stretched&quot;,&quot;background_background&quot;:&quot;classic&quot;}\">\n\t\t\t\t\t\t<div class=\"elementor-container elementor-column-gap-default\">\n\t\t\t\t\t<div class=\"elementor-column elementor-col-100 elementor-top-column elementor-element elementor-element-218f0346\" data-id=\"218f0346\" data-element_type=\"column\" data-e-type=\"column\">\n\t\t\t<div class=\"elementor-widget-wrap elementor-element-populated\">\n\t\t\t\t\t\t<section class=\"elementor-section elementor-inner-section elementor-element elementor-element-4d9fb23a elementor-section-boxed elementor-section-height-default elementor-section-height-default\" data-id=\"4d9fb23a\" data-element_type=\"section\" data-e-type=\"section\">\n\t\t\t\t\t\t<div class=\"elementor-container elementor-column-gap-default\">\n\t\t\t\t\t<div class=\"elementor-column elementor-col-100 elementor-inner-column elementor-element elementor-element-5d848830\" data-id=\"5d848830\" data-element_type=\"column\" data-e-type=\"column\">\n\t\t\t<div class=\"elementor-widget-wrap elementor-element-populated\">\n\t\t\t\t\t\t<div class=\"elementor-element elementor-element-8d95261 elementor-widget elementor-widget-heading\" data-id=\"8d95261\" data-element_type=\"widget\" data-e-type=\"widget\" data-widget_type=\"heading.default\">\n\t\t\t\t<div class=\"elementor-widget-container\">\n\t\t\t\t\t<h3 class=\"elementor-heading-title elementor-size-default\">Veja nossos outros posts:<\/h3>\t\t\t\t<\/div>\n\t\t\t\t<\/div>\n\t\t\t\t<div class=\"elementor-element elementor-element-13ed2104 elementor-grid-tablet-3 elementor-grid-3 elementor-grid-mobile-1 elementor-posts--thumbnail-top elementor-posts__hover-gradient elementor-widget elementor-widget-posts\" data-id=\"13ed2104\" data-element_type=\"widget\" data-e-type=\"widget\" data-settings=\"{&quot;cards_row_gap&quot;:{&quot;unit&quot;:&quot;px&quot;,&quot;size&quot;:20,&quot;sizes&quot;:[]},&quot;cards_row_gap_mobile&quot;:{&quot;unit&quot;:&quot;px&quot;,&quot;size&quot;:10,&quot;sizes&quot;:[]},&quot;cards_columns_tablet&quot;:&quot;3&quot;,&quot;cards_row_gap_tablet&quot;:{&quot;unit&quot;:&quot;px&quot;,&quot;size&quot;:5,&quot;sizes&quot;:[]},&quot;cards_columns&quot;:&quot;3&quot;,&quot;cards_columns_mobile&quot;:&quot;1&quot;}\" data-widget_type=\"posts.cards\">\n\t\t\t\t<div class=\"elementor-widget-container\">\n\t\t\t\t\t\t\t<div class=\"elementor-posts-container elementor-posts elementor-posts--skin-cards elementor-grid\" role=\"list\">\n\t\t\t\t<article class=\"elementor-post elementor-grid-item post-79701 post type-post status-publish format-standard has-post-thumbnail hentry category-sem-categoria\" role=\"listitem\">\n\t\t\t<div class=\"elementor-post__card\">\n\t\t\t\t<a class=\"elementor-post__thumbnail__link\" href=\"https:\/\/oceancamper.com\/pt-pt\/faro\/\" tabindex=\"-1\" ><div class=\"elementor-post__thumbnail\"><img loading=\"lazy\" decoding=\"async\" width=\"2560\" height=\"1919\" src=\"https:\/\/oceancamper.com\/wp-content\/uploads\/2020\/12\/AdobeStock_307404734-1-min-scaled.jpeg\" class=\"attachment-full size-full wp-image-183902\" alt=\"Vista a\u00e9rea de Faro, Algarve - telhados vermelhos, a cidade velha e a lagoa da Ria Formosa sob um c\u00e9u limpo.\" srcset=\"https:\/\/oceancamper.com\/wp-content\/uploads\/2020\/12\/AdobeStock_307404734-1-min-scaled.jpeg 2560w, https:\/\/oceancamper.com\/wp-content\/uploads\/2020\/12\/AdobeStock_307404734-1-min-300x225.jpeg 300w, https:\/\/oceancamper.com\/wp-content\/uploads\/2020\/12\/AdobeStock_307404734-1-min-1024x767.jpeg 1024w, https:\/\/oceancamper.com\/wp-content\/uploads\/2020\/12\/AdobeStock_307404734-1-min-768x576.jpeg 768w, https:\/\/oceancamper.com\/wp-content\/uploads\/2020\/12\/AdobeStock_307404734-1-min-1536x1151.jpeg 1536w, https:\/\/oceancamper.com\/wp-content\/uploads\/2020\/12\/AdobeStock_307404734-1-min-2048x1535.jpeg 2048w, https:\/\/oceancamper.com\/wp-content\/uploads\/2020\/12\/AdobeStock_307404734-1-min-240x180.jpeg 240w\" sizes=\"(max-width: 2560px) 100vw, 2560px\" \/><\/div><\/a>\n\t\t\t\t<div class=\"elementor-post__text\">\n\t\t\t\t<h2 class=\"elementor-post__title\">\n\t\t\t<a href=\"https:\/\/oceancamper.com\/pt-pt\/faro\/\" >\n\t\t\t\tO que fazer em Faro?\t\t\t<\/a>\n\t\t<\/h2>\n\t\t\t\t<div class=\"elementor-post__excerpt\">\n\t\t\t<p>Como ir do aeroporto para o centro da cidade ou para a Praia de Faro? Hor\u00e1rios do autocarro. Melhores restaurantes em Faro.  <\/p>\n\t\t<\/div>\n\t\t\n\t\t<a class=\"elementor-post__read-more\" href=\"https:\/\/oceancamper.com\/pt-pt\/faro\/\" aria-label=\"Read more about O que fazer em Faro?\" tabindex=\"-1\" >\n\t\t\tLer Mais \u00bb\t\t<\/a>\n\n\t\t\t\t<\/div>\n\t\t\t\t\t<\/div>\n\t\t<\/article>\n\t\t\t\t<article class=\"elementor-post elementor-grid-item post-78734 post type-post status-publish format-standard has-post-thumbnail hentry category-dicas-de-campismo tag-dicascampismo-appscampismo-campismo\" role=\"listitem\">\n\t\t\t<div class=\"elementor-post__card\">\n\t\t\t\t<a class=\"elementor-post__thumbnail__link\" href=\"https:\/\/oceancamper.com\/pt-pt\/top-10-aplicacoes-e-sites-de-camping\/\" tabindex=\"-1\" ><div class=\"elementor-post__thumbnail\"><img loading=\"lazy\" decoding=\"async\" width=\"2560\" height=\"1707\" src=\"https:\/\/oceancamper.com\/wp-content\/uploads\/2023\/05\/campervan-view-portugal-nature-ocean-camper-scaled.jpg\" class=\"attachment-full size-full wp-image-210359\" alt=\"as melhores aplica\u00e7\u00f5es de campismo em Portugal. Relaxa dentro de uma carrinha de campismo com as portas abertas com vista para as colinas rurais em Portugal durante uma viagem de campismo.\" srcset=\"https:\/\/oceancamper.com\/wp-content\/uploads\/2023\/05\/campervan-view-portugal-nature-ocean-camper-scaled.jpg 2560w, https:\/\/oceancamper.com\/wp-content\/uploads\/2023\/05\/campervan-view-portugal-nature-ocean-camper-300x200.jpg 300w, https:\/\/oceancamper.com\/wp-content\/uploads\/2023\/05\/campervan-view-portugal-nature-ocean-camper-1024x683.jpg 1024w, https:\/\/oceancamper.com\/wp-content\/uploads\/2023\/05\/campervan-view-portugal-nature-ocean-camper-768x512.jpg 768w, https:\/\/oceancamper.com\/wp-content\/uploads\/2023\/05\/campervan-view-portugal-nature-ocean-camper-1536x1024.jpg 1536w, https:\/\/oceancamper.com\/wp-content\/uploads\/2023\/05\/campervan-view-portugal-nature-ocean-camper-2048x1365.jpg 2048w, https:\/\/oceancamper.com\/wp-content\/uploads\/2023\/05\/campervan-view-portugal-nature-ocean-camper-240x160.jpg 240w\" sizes=\"(max-width: 2560px) 100vw, 2560px\" \/><\/div><\/a>\n\t\t\t\t<div class=\"elementor-post__text\">\n\t\t\t\t<h2 class=\"elementor-post__title\">\n\t\t\t<a href=\"https:\/\/oceancamper.com\/pt-pt\/top-10-aplicacoes-e-sites-de-camping\/\" >\n\t\t\t\tAs melhores aplica\u00e7\u00f5es de campismo em Portugal e na Europa (Guia 2026)\t\t\t<\/a>\n\t\t<\/h2>\n\t\t\t\t<div class=\"elementor-post__excerpt\">\n\t\t\t<p>Melhores ferramentas que vai precisar para acampar em Portugal. Acampar \u00e9 sobre flexibilidade. Mas esteja preparado para ser flex\u00edvel.  <\/p>\n\t\t<\/div>\n\t\t\n\t\t<a class=\"elementor-post__read-more\" href=\"https:\/\/oceancamper.com\/pt-pt\/top-10-aplicacoes-e-sites-de-camping\/\" aria-label=\"Read more about As melhores aplica\u00e7\u00f5es de campismo em Portugal e na Europa (Guia 2026)\" tabindex=\"-1\" >\n\t\t\tLer Mais \u00bb\t\t<\/a>\n\n\t\t\t\t<\/div>\n\t\t\t\t\t<\/div>\n\t\t<\/article>\n\t\t\t\t<article class=\"elementor-post elementor-grid-item post-157415 post type-post status-publish format-standard has-post-thumbnail hentry category-dicas-de-campismo tag-aluga-uma-campervan-no-algarve tag-aluga-uma-caravana-no-algarve tag-roadtrip-algarve-pt-pt\" role=\"listitem\">\n\t\t\t<div class=\"elementor-post__card\">\n\t\t\t\t<a class=\"elementor-post__thumbnail__link\" href=\"https:\/\/oceancamper.com\/pt-pt\/alugar-uma-autocaravana-no-algarve-vale-a-pena\/\" tabindex=\"-1\" ><div class=\"elementor-post__thumbnail\"><img loading=\"lazy\" decoding=\"async\" width=\"1600\" height=\"1200\" src=\"https:\/\/oceancamper.com\/wp-content\/uploads\/2025\/02\/IMG-20241111-WA0018.jpg\" class=\"attachment-full size-full wp-image-156632\" alt=\"Casal a desfrutar de uma viagem de campervan no Algarve 2026\" srcset=\"https:\/\/oceancamper.com\/wp-content\/uploads\/2025\/02\/IMG-20241111-WA0018.jpg 1600w, https:\/\/oceancamper.com\/wp-content\/uploads\/2025\/02\/IMG-20241111-WA0018-300x225.jpg 300w, https:\/\/oceancamper.com\/wp-content\/uploads\/2025\/02\/IMG-20241111-WA0018-1024x768.jpg 1024w, https:\/\/oceancamper.com\/wp-content\/uploads\/2025\/02\/IMG-20241111-WA0018-768x576.jpg 768w, https:\/\/oceancamper.com\/wp-content\/uploads\/2025\/02\/IMG-20241111-WA0018-1536x1152.jpg 1536w, https:\/\/oceancamper.com\/wp-content\/uploads\/2025\/02\/IMG-20241111-WA0018-240x180.jpg 240w\" sizes=\"(max-width: 1600px) 100vw, 1600px\" \/><\/div><\/a>\n\t\t\t\t<div class=\"elementor-post__text\">\n\t\t\t\t<h2 class=\"elementor-post__title\">\n\t\t\t<a href=\"https:\/\/oceancamper.com\/pt-pt\/alugar-uma-autocaravana-no-algarve-vale-a-pena\/\" >\n\t\t\t\tAlugar uma Campervan Algarve &#8211; Guia completo para 2026\t\t\t<\/a>\n\t\t<\/h2>\n\t\t\t\t<div class=\"elementor-post__excerpt\">\n\t\t\t<p>Vantagens de alugar uma campervan no Algarve. Carater\u00edsticas da regi\u00e3o, liberdade e economia de custos. <\/p>\n\t\t<\/div>\n\t\t\n\t\t<a class=\"elementor-post__read-more\" href=\"https:\/\/oceancamper.com\/pt-pt\/alugar-uma-autocaravana-no-algarve-vale-a-pena\/\" aria-label=\"Read more about Alugar uma Campervan Algarve &#8211; Guia completo para 2026\" tabindex=\"-1\" >\n\t\t\tLer Mais \u00bb\t\t<\/a>\n\n\t\t\t\t<\/div>\n\t\t\t\t\t<\/div>\n\t\t<\/article>\n\t\t\t\t<\/div>\n\t\t\n\t\t\t\t\t\t<\/div>\n\t\t\t\t<\/div>\n\t\t\t\t<div class=\"elementor-element elementor-element-18229b5 elementor-align-left elementor-tablet-align-left elementor-mobile-align-left elementor-widget elementor-widget-button\" data-id=\"18229b5\" data-element_type=\"widget\" data-e-type=\"widget\" data-widget_type=\"button.default\">\n\t\t\t\t<div class=\"elementor-widget-container\">\n\t\t\t\t\t\t\t\t\t<div class=\"elementor-button-wrapper\">\n\t\t\t\t\t<a class=\"elementor-button elementor-button-link elementor-size-sm elementor-animation-pop\" href=\"https:\/\/oceancamper.com\/pt-pt\/blogue\/\">\n\t\t\t\t\t\t<span class=\"elementor-button-content-wrapper\">\n\t\t\t\t\t\t\t\t\t<span class=\"elementor-button-text\">Voltar para o Blog<\/span>\n\t\t\t\t\t<\/span>\n\t\t\t\t\t<\/a>\n\t\t\t\t<\/div>\n\t\t\t\t\t\t\t\t<\/div>\n\t\t\t\t<\/div>\n\t\t\t\t\t<\/div>\n\t\t<\/div>\n\t\t\t\t\t<\/div>\n\t\t<\/section>\n\t\t\t\t\t<\/div>\n\t\t<\/div>\n\t\t\t\t\t<\/div>\n\t\t<\/section>\n\t\t\t\t<\/div>\n\t\t","protected":false},"excerpt":{"rendered":"<p>Melhores lugares para fazer SUP no Algarve! Grutas, rios e lagos. Aluga as nossas pranchas e rema onde os outros turistas n\u00e3o podem ir.  <\/p>\n","protected":false},"author":1,"featured_media":208144,"comment_status":"closed","ping_status":"open","sticky":false,"template":"elementor_header_footer","format":"standard","meta":{"om_disable_all_campaigns":false,"footnotes":""},"categories":[87],"tags":[],"class_list":["post-79694","post","type-post","status-publish","format-standard","has-post-thumbnail","hentry","category-destaques"],"aioseo_notices":[],"_links":{"self":[{"href":"https:\/\/oceancamper.com\/pt-pt\/wp-json\/wp\/v2\/posts\/79694","targetHints":{"allow":["GET"]}}],"collection":[{"href":"https:\/\/oceancamper.com\/pt-pt\/wp-json\/wp\/v2\/posts"}],"about":[{"href":"https:\/\/oceancamper.com\/pt-pt\/wp-json\/wp\/v2\/types\/post"}],"author":[{"embeddable":true,"href":"https:\/\/oceancamper.com\/pt-pt\/wp-json\/wp\/v2\/users\/1"}],"replies":[{"embeddable":true,"href":"https:\/\/oceancamper.com\/pt-pt\/wp-json\/wp\/v2\/comments?post=79694"}],"version-history":[{"count":12,"href":"https:\/\/oceancamper.com\/pt-pt\/wp-json\/wp\/v2\/posts\/79694\/revisions"}],"predecessor-version":[{"id":208161,"href":"https:\/\/oceancamper.com\/pt-pt\/wp-json\/wp\/v2\/posts\/79694\/revisions\/208161"}],"wp:featuredmedia":[{"embeddable":true,"href":"https:\/\/oceancamper.com\/pt-pt\/wp-json\/wp\/v2\/media\/208144"}],"wp:attachment":[{"href":"https:\/\/oceancamper.com\/pt-pt\/wp-json\/wp\/v2\/media?parent=79694"}],"wp:term":[{"taxonomy":"category","embeddable":true,"href":"https:\/\/oceancamper.com\/pt-pt\/wp-json\/wp\/v2\/categories?post=79694"},{"taxonomy":"post_tag","embeddable":true,"href":"https:\/\/oceancamper.com\/pt-pt\/wp-json\/wp\/v2\/tags?post=79694"}],"curies":[{"name":"wp","href":"https:\/\/api.w.org\/{rel}","templated":true}]}}