{"id":172240,"date":"2025-03-25T11:27:38","date_gmt":"2025-03-25T11:27:38","guid":{"rendered":"https:\/\/oceancamper.com\/campervan-lub-pobyt-w-hotelu\/"},"modified":"2026-08-14T16:43:25","modified_gmt":"2026-08-14T16:43:25","slug":"campervan-lub-pobyt-w-hotelu","status":"publish","type":"post","link":"https:\/\/oceancamper.com\/pl\/campervan-lub-pobyt-w-hotelu\/","title":{"rendered":"Kamper lub pobyt w hotelu"},"content":{"rendered":"\t\t<div data-elementor-type=\"wp-post\" data-elementor-id=\"172240\" class=\"elementor elementor-172240 elementor-167076\" data-elementor-post-type=\"post\">\n\t\t\t\t\t\t<section class=\"elementor-section elementor-top-section elementor-element elementor-element-590cc1d8 elementor-section-height-min-height elementor-section-stretched elementor-section-content-middle elementor-section-boxed elementor-section-height-default elementor-section-items-middle\" data-id=\"590cc1d8\" data-element_type=\"section\" data-e-type=\"section\" data-settings=\"{&quot;stretch_section&quot;:&quot;section-stretched&quot;,&quot;background_background&quot;:&quot;classic&quot;}\">\n\t\t\t\t\t\t<div class=\"elementor-container elementor-column-gap-default\">\n\t\t\t\t\t<div class=\"elementor-column elementor-col-100 elementor-top-column elementor-element elementor-element-163c7e41\" data-id=\"163c7e41\" data-element_type=\"column\" data-e-type=\"column\">\n\t\t\t<div class=\"elementor-widget-wrap elementor-element-populated\">\n\t\t\t\t\t\t<div class=\"elementor-element elementor-element-23fa8a34 elementor-widget elementor-widget-theme-post-title elementor-page-title elementor-widget-heading\" data-id=\"23fa8a34\" data-element_type=\"widget\" data-e-type=\"widget\" data-widget_type=\"theme-post-title.default\">\n\t\t\t\t<div class=\"elementor-widget-container\">\n\t\t\t\t\t<h1 class=\"elementor-heading-title elementor-size-default\">Kamper lub pobyt w hotelu<\/h1>\t\t\t\t<\/div>\n\t\t\t\t<\/div>\n\t\t\t\t\t<\/div>\n\t\t<\/div>\n\t\t\t\t\t<\/div>\n\t\t<\/section>\n\t\t\t\t<section class=\"elementor-section elementor-top-section elementor-element elementor-element-31a1e70b elementor-section-stretched elementor-section-boxed elementor-section-height-default elementor-section-height-default\" data-id=\"31a1e70b\" data-element_type=\"section\" data-e-type=\"section\" data-settings=\"{&quot;stretch_section&quot;:&quot;section-stretched&quot;,&quot;background_background&quot;:&quot;classic&quot;}\">\n\t\t\t\t\t\t<div class=\"elementor-container elementor-column-gap-default\">\n\t\t\t\t\t<div class=\"elementor-column elementor-col-100 elementor-top-column elementor-element elementor-element-1a49323e\" data-id=\"1a49323e\" data-element_type=\"column\" data-e-type=\"column\">\n\t\t\t<div class=\"elementor-widget-wrap elementor-element-populated\">\n\t\t\t\t\t\t<div class=\"elementor-element elementor-element-7635b6e4 elementor-widget elementor-widget-heading\" data-id=\"7635b6e4\" data-element_type=\"widget\" data-e-type=\"widget\" data-widget_type=\"heading.default\">\n\t\t\t\t<div class=\"elementor-widget-container\">\n\t\t\t\t\t<h2 class=\"elementor-heading-title elementor-size-default\">Kamper czy pobyt w hotelu? Najlepsze por\u00f3wnanie podr\u00f3\u017cy<\/h2>\t\t\t\t<\/div>\n\t\t\t\t<\/div>\n\t\t\t\t<div class=\"elementor-element elementor-element-9bde0ea elementor-widget__width-initial elementor-widget elementor-widget-text-editor\" data-id=\"9bde0ea\" data-element_type=\"widget\" data-e-type=\"widget\" data-widget_type=\"text-editor.default\">\n\t\t\t\t<div class=\"elementor-widget-container\">\n\t\t\t\t\t\t\t\t\t<p>Campervan czy pobyt w hotelu? Podczas planowania kolejnej przygody, jedna krytyczna decyzja mo\u017ce ukszta\u0142towa\u0107 ca\u0142e do\u015bwiadczenie: wyb\u00f3r zakwaterowania. Czy powiniene\u015b sp\u0119dzi\u0107 czas na \u015bwie\u017cym powietrzu z kamperem, czy te\u017c trzyma\u0107 si\u0119 konwencjonalnego komfortu hoteli? W tym przewodniku przedstawiamy wszystkie za i przeciw, pomagaj\u0105c w podj\u0119ciu decyzji mi\u0119dzy pobytem w hotelu a campervanem i innymi opcjami podr\u00f3\u017cy.   <\/p>\t\t\t\t\t\t\t\t<\/div>\n\t\t\t\t<\/div>\n\t\t\t\t\t<\/div>\n\t\t<\/div>\n\t\t\t\t\t<\/div>\n\t\t<\/section>\n\t\t<div class=\"elementor-element elementor-element-a234412 e-flex e-con-boxed e-con e-parent\" data-id=\"a234412\" data-element_type=\"container\" data-e-type=\"container\">\n\t\t\t\t\t<div class=\"e-con-inner\">\n\t\t\t\t<div class=\"elementor-element elementor-element-e162d04 elementor-widget elementor-widget-image\" data-id=\"e162d04\" data-element_type=\"widget\" data-e-type=\"widget\" data-widget_type=\"image.default\">\n\t\t\t\t<div class=\"elementor-widget-container\">\n\t\t\t\t\t\t\t\t\t\t\t\t\t\t\t<img fetchpriority=\"high\" decoding=\"async\" width=\"800\" height=\"600\" src=\"https:\/\/oceancamper.com\/wp-content\/uploads\/2025\/03\/Ocean-camper-rainbow-1024x768.jpg\" class=\"attachment-large size-large wp-image-172219\" alt=\"Samochody dostawcze Ocean Camper zaparkowane pod t\u0119cz\u0105 w Faro, Algarve - symbolizuj\u0105 wolno\u015b\u0107, natur\u0119 i przygod\u0119 na drodze.\" srcset=\"https:\/\/oceancamper.com\/wp-content\/uploads\/2025\/03\/Ocean-camper-rainbow-1024x768.jpg 1024w, https:\/\/oceancamper.com\/wp-content\/uploads\/2025\/03\/Ocean-camper-rainbow-300x225.jpg 300w, https:\/\/oceancamper.com\/wp-content\/uploads\/2025\/03\/Ocean-camper-rainbow-768x576.jpg 768w, https:\/\/oceancamper.com\/wp-content\/uploads\/2025\/03\/Ocean-camper-rainbow-1536x1152.jpg 1536w, https:\/\/oceancamper.com\/wp-content\/uploads\/2025\/03\/Ocean-camper-rainbow-240x180.jpg 240w, https:\/\/oceancamper.com\/wp-content\/uploads\/2025\/03\/Ocean-camper-rainbow.jpg 2048w\" sizes=\"(max-width: 800px) 100vw, 800px\" \/>\t\t\t\t\t\t\t\t\t\t\t\t\t\t\t<\/div>\n\t\t\t\t<\/div>\n\t\t\t\t\t<\/div>\n\t\t\t\t<\/div>\n\t\t\t\t<section class=\"elementor-section elementor-top-section elementor-element elementor-element-5e99cc5d elementor-section-stretched elementor-section-boxed elementor-section-height-default elementor-section-height-default\" data-id=\"5e99cc5d\" data-element_type=\"section\" data-e-type=\"section\" data-settings=\"{&quot;stretch_section&quot;:&quot;section-stretched&quot;,&quot;background_background&quot;:&quot;classic&quot;}\">\n\t\t\t\t\t\t<div class=\"elementor-container elementor-column-gap-default\">\n\t\t\t\t\t<div class=\"elementor-column elementor-col-100 elementor-top-column elementor-element elementor-element-3e03bb09\" data-id=\"3e03bb09\" data-element_type=\"column\" data-e-type=\"column\">\n\t\t\t<div class=\"elementor-widget-wrap elementor-element-populated\">\n\t\t\t\t\t\t<div class=\"elementor-element elementor-element-debe0bb elementor-widget elementor-widget-heading\" data-id=\"debe0bb\" data-element_type=\"widget\" data-e-type=\"widget\" data-widget_type=\"heading.default\">\n\t\t\t\t<div class=\"elementor-widget-container\">\n\t\t\t\t\t<h2 class=\"elementor-heading-title elementor-size-default\">Dlaczego warto wybra\u0107 Kampera?<\/h2>\t\t\t\t<\/div>\n\t\t\t\t<\/div>\n\t\t\t\t<div class=\"elementor-element elementor-element-67da1332 elementor-widget elementor-widget-text-editor\" data-id=\"67da1332\" data-element_type=\"widget\" data-e-type=\"widget\" data-widget_type=\"text-editor.default\">\n\t\t\t\t<div class=\"elementor-widget-container\">\n\t\t\t\t\t\t\t\t\t<p>Bez w\u0105tpienia kampery oferuj\u0105 niezr\u00f3wnan\u0105 elastyczno\u015b\u0107 i swobod\u0119, umo\u017cliwiaj\u0105c podr\u00f3\u017cnym odkrywanie malowniczych tras, odleg\u0142ych miejsc i obszar\u00f3w bogatych w przyrod\u0119 we w\u0142asnym tempie. Mo\u017cesz na przyk\u0142ad obudzi\u0107 si\u0119 przy d\u017awi\u0119kach fal rozbijaj\u0105cych si\u0119 o zaciszn\u0105 pla\u017c\u0119 lub zaparkowa\u0107 sw\u00f3j tymczasowy dom pod baldachimem rozgwie\u017cd\u017conego nieba. <\/p><p><strong>Plusy:<\/strong><\/p><ul><li>Ekonomiczne rozwi\u0105zanie 3 w 1: zakwaterowanie, transport i kuchnia w jednym.<\/li><li>Wci\u0105gaj\u0105ce do\u015bwiadczenie: Blisko\u015b\u0107 natury, wyj\u0105tkowa atmosfera, d\u0142ugotrwa\u0142e wspomnienia.<\/li><li>Niezale\u017cno\u015b\u0107 od lokalizacji oraz kontrola i elastyczno\u015b\u0107 planu podr\u00f3\u017cy.<\/li><\/ul><p><strong>Wady:<\/strong><\/p><ul><li>Ograniczone udogodnienia w por\u00f3wnaniu do hoteli.<\/li><li>Ograniczenia parkowania w niekt\u00f3rych obszarach.<\/li><li>Wymaga pewnego do\u015bwiadczenia w prowadzeniu pojazd\u00f3w i zdolno\u015bci adaptacyjnych.<\/li><\/ul><p> <\/p><p>Odkryj to wszystko i jeszcze wi\u0119cej z naszymi <a href=\"https:\/\/oceancamper.com\/campervans\/\">kamperami<\/a>! Rozpocznij swoj\u0105 wymarzon\u0105 przygod\u0119, \u0142\u0105cz\u0105c praktyczno\u015b\u0107, swobod\u0119 i komfort, aby stworzy\u0107 niezapomniane wspomnienia.<\/p>\t\t\t\t\t\t\t\t<\/div>\n\t\t\t\t<\/div>\n\t\t\t\t\t<\/div>\n\t\t<\/div>\n\t\t\t\t\t<\/div>\n\t\t<\/section>\n\t\t\t\t<section class=\"elementor-section elementor-top-section elementor-element elementor-element-2e3d282b elementor-section-stretched elementor-section-boxed elementor-section-height-default elementor-section-height-default\" data-id=\"2e3d282b\" data-element_type=\"section\" data-e-type=\"section\" data-settings=\"{&quot;stretch_section&quot;:&quot;section-stretched&quot;,&quot;background_background&quot;:&quot;classic&quot;}\">\n\t\t\t\t\t\t<div class=\"elementor-container elementor-column-gap-default\">\n\t\t\t\t\t<div class=\"elementor-column elementor-col-100 elementor-top-column elementor-element elementor-element-6dd15c6b\" data-id=\"6dd15c6b\" data-element_type=\"column\" data-e-type=\"column\">\n\t\t\t<div class=\"elementor-widget-wrap elementor-element-populated\">\n\t\t\t\t\t\t<div class=\"elementor-element elementor-element-4ac22501 elementor-widget elementor-widget-heading\" data-id=\"4ac22501\" data-element_type=\"widget\" data-e-type=\"widget\" data-widget_type=\"heading.default\">\n\t\t\t\t<div class=\"elementor-widget-container\">\n\t\t\t\t\t<h2 class=\"elementor-heading-title elementor-size-default\">Dlaczego warto wybiera\u0107 hotele?<\/h2>\t\t\t\t<\/div>\n\t\t\t\t<\/div>\n\t\t\t\t<div class=\"elementor-element elementor-element-46b51843 elementor-widget elementor-widget-text-editor\" data-id=\"46b51843\" data-element_type=\"widget\" data-e-type=\"widget\" data-widget_type=\"text-editor.default\">\n\t\t\t\t<div class=\"elementor-widget-container\">\n\t\t\t\t\t\t\t\t\t<p>Z drugiej strony hotele zapewniaj\u0105 komfort, luksus i wygod\u0119, szczeg\u00f3lnie dla tych, kt\u00f3rzy wol\u0105 bardziej zrelaksowane i zorganizowane wra\u017cenia z podr\u00f3\u017cy. S\u0105 idealne na wycieczki miejskie lub dla podr\u00f3\u017cnych, kt\u00f3rzy lubi\u0105 rozpieszcza\u0107 si\u0119 wy\u015bmienit\u0105 kuchni\u0105 i obs\u0142ug\u0105 pokoju. <\/p><p><strong>Plusy:<\/strong><\/p><ul><li>Dost\u0119p do wysokiej klasy udogodnie\u0144 i us\u0142ug<\/li><li>\u015awietny na wycieczki po mie\u015bcie<\/li><\/ul><p><strong>Wady:<\/strong><\/p><ul><li>Wy\u017csze koszty og\u00f3lne<a href=\"https:\/\/www.momondo.com\/car-rental\" target=\"_blank\" rel=\"noopener\">(wynajem samochodu<\/a> + <a href=\"https:\/\/www.booking.com\/\" target=\"_blank\" rel=\"noopener\">pobyt w hotelu<\/a>)<\/li><li>Mniejsza swoboda lokalizacji lub eksploracja odleg\u0142ych obszar\u00f3w<\/li><li>W szczycie sezonu mo\u017ce wymaga\u0107 rezerwacji z du\u017cym wyprzedzeniem.<\/li><\/ul>\t\t\t\t\t\t\t\t<\/div>\n\t\t\t\t<\/div>\n\t\t\t\t\t<\/div>\n\t\t<\/div>\n\t\t\t\t\t<\/div>\n\t\t<\/section>\n\t\t\t\t<section class=\"elementor-section elementor-top-section elementor-element elementor-element-d519b29 elementor-section-stretched elementor-section-boxed elementor-section-height-default elementor-section-height-default\" data-id=\"d519b29\" data-element_type=\"section\" data-e-type=\"section\" data-settings=\"{&quot;stretch_section&quot;:&quot;section-stretched&quot;,&quot;background_background&quot;:&quot;classic&quot;}\">\n\t\t\t\t\t\t<div class=\"elementor-container elementor-column-gap-default\">\n\t\t\t\t\t<div class=\"elementor-column elementor-col-100 elementor-top-column elementor-element elementor-element-19635d3\" data-id=\"19635d3\" data-element_type=\"column\" data-e-type=\"column\">\n\t\t\t<div class=\"elementor-widget-wrap elementor-element-populated\">\n\t\t\t\t\t\t<div class=\"elementor-element elementor-element-875aaa9 elementor-widget elementor-widget-heading\" data-id=\"875aaa9\" data-element_type=\"widget\" data-e-type=\"widget\" data-widget_type=\"heading.default\">\n\t\t\t\t<div class=\"elementor-widget-container\">\n\t\t\t\t\t<h2 class=\"elementor-heading-title elementor-size-default\">Kemping vs pobyt w hotelu: Kt\u00f3ra opcja najbardziej Ci odpowiada?<\/h2>\t\t\t\t<\/div>\n\t\t\t\t<\/div>\n\t\t\t\t<div class=\"elementor-element elementor-element-bd98c84 elementor-widget elementor-widget-text-editor\" data-id=\"bd98c84\" data-element_type=\"widget\" data-e-type=\"widget\" data-widget_type=\"text-editor.default\">\n\t\t\t\t<div class=\"elementor-widget-container\">\n\t\t\t\t\t\t\t\t\t<p>Wyb\u00f3r mi\u0119dzy kempingiem a pobytem w hotelu ostatecznie zale\u017cy od preferencji podr\u00f3\u017cnych. Samochody kempingowe to idealne rozwi\u0105zanie dla os\u00f3b poszukuj\u0105cych przyg\u00f3d, pragn\u0105cych wyj\u0105tkowych wra\u017ce\u0144 i ucieczek na \u0142ono natury. Z kolei je\u015bli Twoim priorytetem jest komfort i eksploracja miasta, najlepszym wyborem b\u0119dzie pobyt w hotelu.  <\/p><p><strong>Pobyt w hotelu vs Kamper: Kluczowe kwestie<\/strong><\/p><p>Rozwa\u017caj\u0105c mi\u0119dzy pobytem w hotelu a kamperem, wa\u017cne jest, aby wzi\u0105\u0107 pod uwag\u0119 rodzaj planowanej podr\u00f3\u017cy. Na przyk\u0142ad du\u017ce rodziny mog\u0105 cieszy\u0107 si\u0119 przestrzeni\u0105 i bezpiecze\u0144stwem hoteli. Tymczasem pary lub osoby podr\u00f3\u017cuj\u0105ce samotnie cz\u0119sto wol\u0105 intymn\u0105 i pe\u0142n\u0105 przyg\u00f3d atmosfer\u0119 kempingu.  <\/p><p>Je\u015bli czujesz si\u0119 zainspirowany do wypr\u00f3bowania kampera podczas nast\u0119pnej podr\u00f3\u017cy, zapoznaj si\u0119 z naszymi niedrogimi opcjami w Ocean Camper. Od przytulnych pojazd\u00f3w po porady ekspert\u00f3w dotycz\u0105ce przyg\u00f3d na \u015bwie\u017cym powietrzu &#8211; jeste\u015bmy tutaj, aby pom\u00f3c Ci uczyni\u0107 Tw\u00f3j wypad niezapomnianym. <\/p>\t\t\t\t\t\t\t\t<\/div>\n\t\t\t\t<\/div>\n\t\t\t\t\t<\/div>\n\t\t<\/div>\n\t\t\t\t\t<\/div>\n\t\t<\/section>\n\t\t<div class=\"elementor-element elementor-element-d4cc8b7 e-flex e-con-boxed e-con e-parent\" data-id=\"d4cc8b7\" data-element_type=\"container\" data-e-type=\"container\">\n\t\t\t\t\t<div class=\"e-con-inner\">\n\t\t\t\t<div class=\"elementor-element elementor-element-3aaf2f0 elementor-widget elementor-widget-image\" data-id=\"3aaf2f0\" data-element_type=\"widget\" data-e-type=\"widget\" data-widget_type=\"image.default\">\n\t\t\t\t<div class=\"elementor-widget-container\">\n\t\t\t\t\t\t\t\t\t\t\t\t\t\t\t<img decoding=\"async\" src=\"https:\/\/oceancamper.com\/wp-content\/uploads\/elementor\/thumbs\/oc-qt-150325-1200-web-5-r3nx3xcp9lvzyvxs8hj7fzoirhlxcvfw68yn67i6b4.jpg\" title=\"Algarve Road Trip \u2013 przygoda w kamperze z Ocean Camper\" alt=\"Para zwiedzaj\u0105ca wybrze\u017ce Algarve z wn\u0119trza kampera - malownicze widoki przez przedni\u0105 szyb\u0119.\" loading=\"lazy\" \/>\t\t\t\t\t\t\t\t\t\t\t\t\t\t\t<\/div>\n\t\t\t\t<\/div>\n\t\t\t\t\t<\/div>\n\t\t\t\t<\/div>\n\t\t\t\t<section class=\"elementor-section elementor-top-section elementor-element elementor-element-2958e82 elementor-section-stretched elementor-section-boxed elementor-section-height-default elementor-section-height-default\" data-id=\"2958e82\" data-element_type=\"section\" data-e-type=\"section\" data-settings=\"{&quot;stretch_section&quot;:&quot;section-stretched&quot;,&quot;background_background&quot;:&quot;classic&quot;}\">\n\t\t\t\t\t\t<div class=\"elementor-container elementor-column-gap-default\">\n\t\t\t\t\t<div class=\"elementor-column elementor-col-100 elementor-top-column elementor-element elementor-element-e6c5fef\" data-id=\"e6c5fef\" data-element_type=\"column\" data-e-type=\"column\">\n\t\t\t<div class=\"elementor-widget-wrap elementor-element-populated\">\n\t\t\t\t\t\t<div class=\"elementor-element elementor-element-80f8209 elementor-widget elementor-widget-heading\" data-id=\"80f8209\" data-element_type=\"widget\" data-e-type=\"widget\" data-widget_type=\"heading.default\">\n\t\t\t\t<div class=\"elementor-widget-container\">\n\t\t\t\t\t<h2 class=\"elementor-heading-title elementor-size-default\">Gotowy na podr\u00f3\u017c kamperem?<\/h2>\t\t\t\t<\/div>\n\t\t\t\t<\/div>\n\t\t\t\t<div class=\"elementor-element elementor-element-ca2e9d5 elementor-widget elementor-widget-text-editor\" data-id=\"ca2e9d5\" data-element_type=\"widget\" data-e-type=\"widget\" data-widget_type=\"text-editor.default\">\n\t\t\t\t<div class=\"elementor-widget-container\">\n\t\t\t\t\t\t\t\t\t<p><span style=\"color: var( --e-global-color-text );\">Je\u015bli czujesz si\u0119 zainspirowany do wypr\u00f3bowania kampera podczas nast\u0119pnej podr\u00f3\u017cy, zapoznaj si\u0119 z naszymi niedrogimi opcjami w Ocean Camper. Od przytulnych pojazd\u00f3w po porady ekspert\u00f3w dotycz\u0105ce przyg\u00f3d na \u015bwie\u017cym powietrzu &#8211; jeste\u015bmy tutaj, aby pom\u00f3c Ci uczyni\u0107 Tw\u00f3j wypad niezapomnianym. <\/span><\/p>\t\t\t\t\t\t\t\t<\/div>\n\t\t\t\t<\/div>\n\t\t\t\t\t<\/div>\n\t\t<\/div>\n\t\t\t\t\t<\/div>\n\t\t<\/section>\n\t\t\t\t<section class=\"elementor-section elementor-inner-section elementor-element elementor-element-7230cdf1 elementor-section-boxed elementor-section-height-default elementor-section-height-default\" data-id=\"7230cdf1\" data-element_type=\"section\" data-e-type=\"section\" data-settings=\"{&quot;background_background&quot;:&quot;classic&quot;}\">\n\t\t\t\t\t\t<div class=\"elementor-container elementor-column-gap-default\">\n\t\t\t\t\t<div class=\"elementor-column elementor-col-100 elementor-inner-column elementor-element elementor-element-155688bd\" data-id=\"155688bd\" data-element_type=\"column\" data-e-type=\"column\">\n\t\t\t<div class=\"elementor-widget-wrap elementor-element-populated\">\n\t\t\t\t\t\t<div class=\"elementor-element elementor-element-526bfeed elementor-widget elementor-widget-html\" data-id=\"526bfeed\" data-element_type=\"widget\" data-e-type=\"widget\" data-widget_type=\"html.default\">\n\t\t\t\t<div class=\"elementor-widget-container\">\n\t\t\t\t\t<script src=\"https:\/\/oceancamper1.oceancamper.com\/public\/car-rental\/integrations\/assets\/integrator\"><\/script><div class=\"hq-rental-software-integration\" data-integrator_link=\"https:\/\/oceancamper1.oceancamper.com\/public\/car-rental\/integrations\" data-brand=\"45359cec-fef8-4a46-9782-487216d45398\" data-snippet=\"reservations\" data-skip_language=\"\" data-rate_type_uuid=\"\" data-referral=\"\" data-forced_locale=\"en\"><\/div>\t\t\t\t<\/div>\n\t\t\t\t<\/div>\n\t\t\t\t\t<\/div>\n\t\t<\/div>\n\t\t\t\t\t<\/div>\n\t\t<\/section>\n\t\t\t\t<section class=\"elementor-section elementor-top-section elementor-element elementor-element-36c13c02 elementor-section-stretched elementor-section-boxed elementor-section-height-default elementor-section-height-default\" data-id=\"36c13c02\" data-element_type=\"section\" data-e-type=\"section\" data-settings=\"{&quot;stretch_section&quot;:&quot;section-stretched&quot;,&quot;background_background&quot;:&quot;classic&quot;}\">\n\t\t\t\t\t\t<div class=\"elementor-container elementor-column-gap-default\">\n\t\t\t\t\t<div class=\"elementor-column elementor-col-100 elementor-top-column elementor-element elementor-element-7b21f45a\" data-id=\"7b21f45a\" data-element_type=\"column\" data-e-type=\"column\">\n\t\t\t<div class=\"elementor-widget-wrap elementor-element-populated\">\n\t\t\t\t\t\t\t<\/div>\n\t\t<\/div>\n\t\t\t\t\t<\/div>\n\t\t<\/section>\n\t\t\t\t<section class=\"elementor-section elementor-top-section elementor-element elementor-element-226e1e5c elementor-section-stretched elementor-section-boxed elementor-section-height-default elementor-section-height-default\" data-id=\"226e1e5c\" data-element_type=\"section\" data-e-type=\"section\" data-settings=\"{&quot;stretch_section&quot;:&quot;section-stretched&quot;,&quot;background_background&quot;:&quot;classic&quot;}\">\n\t\t\t\t\t\t<div class=\"elementor-container elementor-column-gap-default\">\n\t\t\t\t\t<div class=\"elementor-column elementor-col-100 elementor-top-column elementor-element elementor-element-66630296\" data-id=\"66630296\" data-element_type=\"column\" data-e-type=\"column\">\n\t\t\t<div class=\"elementor-widget-wrap elementor-element-populated\">\n\t\t\t\t\t\t<section class=\"elementor-section elementor-inner-section elementor-element elementor-element-55f3775f elementor-section-boxed elementor-section-height-default elementor-section-height-default\" data-id=\"55f3775f\" data-element_type=\"section\" data-e-type=\"section\">\n\t\t\t\t\t\t<div class=\"elementor-container elementor-column-gap-default\">\n\t\t\t\t\t<div class=\"elementor-column elementor-col-100 elementor-inner-column elementor-element elementor-element-7d0e4095\" data-id=\"7d0e4095\" data-element_type=\"column\" data-e-type=\"column\">\n\t\t\t<div class=\"elementor-widget-wrap elementor-element-populated\">\n\t\t\t\t\t\t<div class=\"elementor-element elementor-element-601bd83e elementor-widget elementor-widget-heading\" data-id=\"601bd83e\" data-element_type=\"widget\" data-e-type=\"widget\" data-widget_type=\"heading.default\">\n\t\t\t\t<div class=\"elementor-widget-container\">\n\t\t\t\t\t<h3 class=\"elementor-heading-title elementor-size-default\">Sprawd\u017a nasze inne posty:<\/h3>\t\t\t\t<\/div>\n\t\t\t\t<\/div>\n\t\t\t\t<div class=\"elementor-element elementor-element-6f0cb45f elementor-grid-tablet-3 elementor-grid-3 elementor-grid-mobile-1 elementor-posts--thumbnail-top elementor-posts__hover-gradient elementor-widget elementor-widget-posts\" data-id=\"6f0cb45f\" data-element_type=\"widget\" data-e-type=\"widget\" data-settings=\"{&quot;cards_row_gap&quot;:{&quot;unit&quot;:&quot;px&quot;,&quot;size&quot;:20,&quot;sizes&quot;:[]},&quot;cards_row_gap_mobile&quot;:{&quot;unit&quot;:&quot;px&quot;,&quot;size&quot;:10,&quot;sizes&quot;:[]},&quot;cards_columns_tablet&quot;:&quot;3&quot;,&quot;cards_row_gap_tablet&quot;:{&quot;unit&quot;:&quot;px&quot;,&quot;size&quot;:5,&quot;sizes&quot;:[]},&quot;cards_columns&quot;:&quot;3&quot;,&quot;cards_columns_mobile&quot;:&quot;1&quot;}\" data-widget_type=\"posts.cards\">\n\t\t\t\t<div class=\"elementor-widget-container\">\n\t\t\t\t\t\t\t<div class=\"elementor-posts-container elementor-posts elementor-posts--skin-cards elementor-grid\" role=\"list\">\n\t\t\t\t<article class=\"elementor-post elementor-grid-item post-162088 post type-post status-publish format-standard has-post-thumbnail hentry category-bez-kategorii category-najwazniejsze-wydarzenia\" role=\"listitem\">\n\t\t\t<div class=\"elementor-post__card\">\n\t\t\t\t<a class=\"elementor-post__thumbnail__link\" href=\"https:\/\/oceancamper.com\/pl\/electric-campervan-roadtrip\/\" tabindex=\"-1\" ><div class=\"elementor-post__thumbnail\"><img decoding=\"async\" width=\"1200\" height=\"800\" src=\"https:\/\/oceancamper.com\/wp-content\/uploads\/2022\/03\/electric-mini-camper-Ocean-Camper.jpg\" class=\"attachment-full size-full wp-image-219477\" alt=\"Elektryczny mini kamper Ocean Camper zaparkowany przy pla\u017cy w Portugalii\" srcset=\"https:\/\/oceancamper.com\/wp-content\/uploads\/2022\/03\/electric-mini-camper-Ocean-Camper.jpg 1200w, https:\/\/oceancamper.com\/wp-content\/uploads\/2022\/03\/electric-mini-camper-Ocean-Camper-300x200.jpg 300w, https:\/\/oceancamper.com\/wp-content\/uploads\/2022\/03\/electric-mini-camper-Ocean-Camper-1024x683.jpg 1024w, https:\/\/oceancamper.com\/wp-content\/uploads\/2022\/03\/electric-mini-camper-Ocean-Camper-768x512.jpg 768w, https:\/\/oceancamper.com\/wp-content\/uploads\/2022\/03\/electric-mini-camper-Ocean-Camper-240x160.jpg 240w\" sizes=\"(max-width: 1200px) 100vw, 1200px\" \/><\/div><\/a>\n\t\t\t\t<div class=\"elementor-post__text\">\n\t\t\t\t<h2 class=\"elementor-post__title\">\n\t\t\t<a href=\"https:\/\/oceancamper.com\/pl\/electric-campervan-roadtrip\/\" >\n\t\t\t\tPodr\u00f3\u017c elektrycznym kamperem\t\t\t<\/a>\n\t\t<\/h2>\n\t\t\t\t<div class=\"elementor-post__excerpt\">\n\t\t\t<p>Wskaz\u00f3wki dotycz\u0105ce podr\u00f3\u017cowania naszym w 100% elektrycznym kamperem e-Nomad: gdzie go \u0142adowa\u0107, mapa punkt\u00f3w \u0142adowania i historia eCampera.<\/p>\n\t\t<\/div>\n\t\t\n\t\t<a class=\"elementor-post__read-more\" href=\"https:\/\/oceancamper.com\/pl\/electric-campervan-roadtrip\/\" aria-label=\"Read more about Podr\u00f3\u017c elektrycznym kamperem\" tabindex=\"-1\" >\n\t\t\tCzytaj wi\u0119cej \"\t\t<\/a>\n\n\t\t\t\t<\/div>\n\t\t\t\t\t<\/div>\n\t\t<\/article>\n\t\t\t\t<article class=\"elementor-post elementor-grid-item post-162050 post type-post status-publish format-standard has-post-thumbnail hentry category-wskazowki-dotyczace-biwakowania tag-solocamping-solotraveller-campingtips-pl\" role=\"listitem\">\n\t\t\t<div class=\"elementor-post__card\">\n\t\t\t\t<a class=\"elementor-post__thumbnail__link\" href=\"https:\/\/oceancamper.com\/pl\/wskazowki-dotyczace-samotnego-podrozowania\/\" tabindex=\"-1\" ><div class=\"elementor-post__thumbnail\"><img decoding=\"async\" width=\"1707\" height=\"1280\" src=\"https:\/\/oceancamper.com\/wp-content\/uploads\/2023\/05\/edited-1-340-min.jpg\" class=\"attachment-full size-full wp-image-162051\" alt=\"Woman sitting at the back of a campervan watching the sunset \u2014 solo travel freedom in Algarve, Portugal.\" srcset=\"https:\/\/oceancamper.com\/wp-content\/uploads\/2023\/05\/edited-1-340-min.jpg 1707w, https:\/\/oceancamper.com\/wp-content\/uploads\/2023\/05\/edited-1-340-min-300x225.jpg 300w, https:\/\/oceancamper.com\/wp-content\/uploads\/2023\/05\/edited-1-340-min-1024x768.jpg 1024w, https:\/\/oceancamper.com\/wp-content\/uploads\/2023\/05\/edited-1-340-min-768x576.jpg 768w, https:\/\/oceancamper.com\/wp-content\/uploads\/2023\/05\/edited-1-340-min-1536x1152.jpg 1536w, https:\/\/oceancamper.com\/wp-content\/uploads\/2023\/05\/edited-1-340-min-240x180.jpg 240w\" sizes=\"(max-width: 1707px) 100vw, 1707px\" \/><\/div><\/a>\n\t\t\t\t<div class=\"elementor-post__text\">\n\t\t\t\t<h2 class=\"elementor-post__title\">\n\t\t\t<a href=\"https:\/\/oceancamper.com\/pl\/wskazowki-dotyczace-samotnego-podrozowania\/\" >\n\t\t\t\tWskaz\u00f3wki dotycz\u0105ce podr\u00f3\u017cy w pojedynk\u0119 Portugalia\t\t\t<\/a>\n\t\t<\/h2>\n\t\t\t\t<div class=\"elementor-post__excerpt\">\n\t\t\t<p>  Dlaczego warto podr\u00f3\u017cowa\u0107 solo?<br \/>\n Zalety podr\u00f3\u017cowania w pojedynk\u0119<br \/>\n Bezpiecze\u0144stwo i otoczenie spo\u0142eczne<br \/>\n Propozycje aktywno\u015bci  <\/p>\n\t\t<\/div>\n\t\t\n\t\t<a class=\"elementor-post__read-more\" href=\"https:\/\/oceancamper.com\/pl\/wskazowki-dotyczace-samotnego-podrozowania\/\" aria-label=\"Read more about Wskaz\u00f3wki dotycz\u0105ce podr\u00f3\u017cy w pojedynk\u0119 Portugalia\" tabindex=\"-1\" >\n\t\t\tCzytaj wi\u0119cej \"\t\t<\/a>\n\n\t\t\t\t<\/div>\n\t\t\t\t\t<\/div>\n\t\t<\/article>\n\t\t\t\t<article class=\"elementor-post elementor-grid-item post-162121 post type-post status-publish format-standard has-post-thumbnail hentry category-bez-kategorii\" role=\"listitem\">\n\t\t\t<div class=\"elementor-post__card\">\n\t\t\t\t<a class=\"elementor-post__thumbnail__link\" href=\"https:\/\/oceancamper.com\/pl\/wspaniale-plaze\/\" tabindex=\"-1\" ><div class=\"elementor-post__thumbnail\"><img loading=\"lazy\" decoding=\"async\" width=\"960\" height=\"644\" src=\"https:\/\/oceancamper.com\/wp-content\/uploads\/2021\/10\/praia-da-amalia-zambujeira-do-mar-alentejo-ocean-camper-2025.jpg\" class=\"attachment-full size-full wp-image-208808\" alt=\"Pla\u017ca Praia da Am\u00e1lia otoczona klifami w pobli\u017cu Zambujeira do Mar, wybrze\u017ce Alentejo, Portugalia\" srcset=\"https:\/\/oceancamper.com\/wp-content\/uploads\/2021\/10\/praia-da-amalia-zambujeira-do-mar-alentejo-ocean-camper-2025.jpg 960w, https:\/\/oceancamper.com\/wp-content\/uploads\/2021\/10\/praia-da-amalia-zambujeira-do-mar-alentejo-ocean-camper-2025-300x201.jpg 300w, https:\/\/oceancamper.com\/wp-content\/uploads\/2021\/10\/praia-da-amalia-zambujeira-do-mar-alentejo-ocean-camper-2025-768x515.jpg 768w, https:\/\/oceancamper.com\/wp-content\/uploads\/2021\/10\/praia-da-amalia-zambujeira-do-mar-alentejo-ocean-camper-2025-240x161.jpg 240w\" sizes=\"(max-width: 960px) 100vw, 960px\" \/><\/div><\/a>\n\t\t\t\t<div class=\"elementor-post__text\">\n\t\t\t\t<h2 class=\"elementor-post__title\">\n\t\t\t<a href=\"https:\/\/oceancamper.com\/pl\/wspaniale-plaze\/\" >\n\t\t\t\tWspania\u0142e pla\u017ce Algarve\t\t\t<\/a>\n\t\t<\/h2>\n\t\t\t\t<div class=\"elementor-post__excerpt\">\n\t\t\t<p>Wybieraj\u0105c pla\u017c\u0119 do sp\u0119dzania czasu, nale\u017cy wzi\u0105\u0107 pod uwag\u0119 nast\u0119puj\u0105ce aspekty: Przyp\u0142yw oceanu.<\/p>\n\t\t<\/div>\n\t\t\n\t\t<a class=\"elementor-post__read-more\" href=\"https:\/\/oceancamper.com\/pl\/wspaniale-plaze\/\" aria-label=\"Read more about Wspania\u0142e pla\u017ce Algarve\" tabindex=\"-1\" >\n\t\t\tCzytaj wi\u0119cej \"\t\t<\/a>\n\n\t\t\t\t<\/div>\n\t\t\t\t\t<\/div>\n\t\t<\/article>\n\t\t\t\t<\/div>\n\t\t\n\t\t\t\t\t\t<\/div>\n\t\t\t\t<\/div>\n\t\t\t\t<div class=\"elementor-element elementor-element-19d65cfc elementor-align-left elementor-tablet-align-left elementor-mobile-align-left elementor-widget elementor-widget-button\" data-id=\"19d65cfc\" data-element_type=\"widget\" data-e-type=\"widget\" data-widget_type=\"button.default\">\n\t\t\t\t<div class=\"elementor-widget-container\">\n\t\t\t\t\t\t\t\t\t<div class=\"elementor-button-wrapper\">\n\t\t\t\t\t<a class=\"elementor-button elementor-button-link elementor-size-sm elementor-animation-pop\" href=\"https:\/\/oceancamper.com\/pl\/blog\/\">\n\t\t\t\t\t\t<span class=\"elementor-button-content-wrapper\">\n\t\t\t\t\t\t\t\t\t<span class=\"elementor-button-text\">Powr\u00f3t do bloga<\/span>\n\t\t\t\t\t<\/span>\n\t\t\t\t\t<\/a>\n\t\t\t\t<\/div>\n\t\t\t\t\t\t\t\t<\/div>\n\t\t\t\t<\/div>\n\t\t\t\t\t<\/div>\n\t\t<\/div>\n\t\t\t\t\t<\/div>\n\t\t<\/section>\n\t\t\t\t\t<\/div>\n\t\t<\/div>\n\t\t\t\t\t<\/div>\n\t\t<\/section>\n\t\t\t\t<\/div>\n\t\t","protected":false},"excerpt":{"rendered":"<p>Kamper czy pobyt w hotelu? Najlepsze por\u00f3wnanie podr\u00f3\u017cy Campervan czy pobyt w hotelu?<\/p>\n","protected":false},"author":1,"featured_media":219458,"comment_status":"closed","ping_status":"open","sticky":false,"template":"elementor_header_footer","format":"standard","meta":{"om_disable_all_campaigns":false,"footnotes":""},"categories":[286,196],"tags":[329,328,199,330],"class_list":["post-172240","post","type-post","status-publish","format-standard","has-post-thumbnail","hentry","category-najwazniejsze-wydarzenia","category-wskazowki-dotyczace-biwakowania","tag-hotel-pl","tag-kamper-lub-hotel","tag-roadtrip-algarve-pl","tag-wypozyczony-samochod"],"aioseo_notices":[],"aioseo_head":"\n\t\t<!-- All in One SEO 4.9.10 - aioseo.com -->\n\t<meta name=\"description\" content=\"Wspania\u0142e pla\u017ce Algarve: Odkryj pi\u0119kne pla\u017ce Algarve i Alentejo. Od cichych lagun po przerwy na surfing i sekretne zatoczki. Lokalny przewodnik turystyczny Ocean Camper.\" \/>\n\t<meta name=\"robots\" content=\"max-image-preview:large\" \/>\n\t<meta name=\"author\" content=\"nomadcanguru\"\/>\n\t<link rel=\"canonical\" href=\"https:\/\/oceancamper.com\/pl\/wspaniale-plaze\/\" \/>\n\t<meta name=\"generator\" content=\"All in One SEO (AIOSEO) 4.9.10\" \/>\n\t\t<meta property=\"og:locale\" content=\"pl_PL\" \/>\n\t\t<meta property=\"og:site_name\" content=\"Ocean Camper - Campervan Rental in Faro, Portugal\" \/>\n\t\t<meta property=\"og:type\" content=\"article\" \/>\n\t\t<meta property=\"og:title\" content=\"Wspania\u0142e pla\u017ce Algarve i Alentejo | Ocean Camper\" \/>\n\t\t<meta property=\"og:description\" content=\"Wspania\u0142e pla\u017ce Algarve: Odkryj pi\u0119kne pla\u017ce Algarve i Alentejo. Od cichych lagun po przerwy na surfing i sekretne zatoczki. Lokalny przewodnik turystyczny Ocean Camper.\" \/>\n\t\t<meta property=\"og:url\" content=\"https:\/\/oceancamper.com\/pl\/wspaniale-plaze\/\" \/>\n\t\t<meta property=\"og:image\" content=\"https:\/\/oceancamper.com\/wp-content\/uploads\/2022\/01\/Asset-5.png\" \/>\n\t\t<meta property=\"og:image:secure_url\" content=\"https:\/\/oceancamper.com\/wp-content\/uploads\/2022\/01\/Asset-5.png\" \/>\n\t\t<meta property=\"og:image:width\" content=\"662\" \/>\n\t\t<meta property=\"og:image:height\" content=\"291\" \/>\n\t\t<meta property=\"article:published_time\" content=\"2021-10-22T20:23:32+00:00\" \/>\n\t\t<meta property=\"article:modified_time\" content=\"2026-08-14T16:43:46+00:00\" \/>\n\t\t<meta property=\"article:publisher\" content=\"https:\/\/www.facebook.com\/oceancamper\/\" \/>\n\t\t<meta name=\"twitter:card\" content=\"summary\" \/>\n\t\t<meta name=\"twitter:site\" content=\"@Ocean_Camper\" \/>\n\t\t<meta name=\"twitter:title\" content=\"Wspania\u0142e pla\u017ce Algarve i Alentejo | Ocean Camper\" \/>\n\t\t<meta name=\"twitter:description\" content=\"Wspania\u0142e pla\u017ce Algarve: Odkryj pi\u0119kne pla\u017ce Algarve i Alentejo. Od cichych lagun po przerwy na surfing i sekretne zatoczki. Lokalny przewodnik turystyczny Ocean Camper.\" \/>\n\t\t<meta name=\"twitter:creator\" content=\"@Ocean_Camper\" \/>\n\t\t<meta name=\"twitter:image\" content=\"https:\/\/oceancamper.com\/wp-content\/uploads\/2022\/01\/Asset-5.png\" \/>\n\t\t<script type=\"application\/ld+json\" class=\"aioseo-schema\">\n\t\t\t{\"@context\":\"https:\\\/\\\/schema.org\",\"@graph\":[{\"@type\":\"BlogPosting\",\"@id\":\"https:\\\/\\\/oceancamper.com\\\/pl\\\/wspaniale-plaze\\\/#blogposting\",\"name\":\"Wspania\\u0142e pla\\u017ce Algarve i Alentejo | Ocean Camper\",\"headline\":\"Wspania\\u0142e pla\\u017ce Algarve\",\"author\":{\"@id\":\"https:\\\/\\\/oceancamper.com\\\/pl\\\/author\\\/nomadcanguru\\\/#author\"},\"publisher\":{\"@id\":\"https:\\\/\\\/oceancamper.com\\\/pl\\\/#organization\"},\"image\":{\"@type\":\"ImageObject\",\"url\":\"https:\\\/\\\/oceancamper.com\\\/wp-content\\\/uploads\\\/2021\\\/10\\\/praia-da-amalia-zambujeira-do-mar-alentejo-ocean-camper-2025.jpg\",\"width\":960,\"height\":644,\"caption\":\"Praia da Am\\u00e1lia - Zambujeira do Mar, Alentejo\"},\"datePublished\":\"2021-10-22T20:23:32+00:00\",\"dateModified\":\"2026-08-14T16:43:46+00:00\",\"inLanguage\":\"pl-PL\",\"mainEntityOfPage\":{\"@id\":\"https:\\\/\\\/oceancamper.com\\\/pl\\\/wspaniale-plaze\\\/#webpage\"},\"isPartOf\":{\"@id\":\"https:\\\/\\\/oceancamper.com\\\/pl\\\/wspaniale-plaze\\\/#webpage\"},\"articleSection\":\"Bez kategorii, Opcjonalne\"},{\"@type\":\"BreadcrumbList\",\"@id\":\"https:\\\/\\\/oceancamper.com\\\/pl\\\/wspaniale-plaze\\\/#breadcrumblist\",\"itemListElement\":[{\"@type\":\"ListItem\",\"@id\":\"https:\\\/\\\/oceancamper.com\\\/pl\\\/#listItem\",\"position\":1,\"name\":\"Home\",\"item\":\"https:\\\/\\\/oceancamper.com\\\/pl\\\/\",\"nextItem\":{\"@type\":\"ListItem\",\"@id\":\"https:\\\/\\\/oceancamper.com\\\/pl\\\/category\\\/wskazowki-dotyczace-biwakowania\\\/#listItem\",\"name\":\"Wskaz\\u00f3wki dotycz\\u0105ce biwakowania\"}},{\"@type\":\"ListItem\",\"@id\":\"https:\\\/\\\/oceancamper.com\\\/pl\\\/category\\\/wskazowki-dotyczace-biwakowania\\\/#listItem\",\"position\":2,\"name\":\"Wskaz\\u00f3wki dotycz\\u0105ce biwakowania\",\"item\":\"https:\\\/\\\/oceancamper.com\\\/pl\\\/category\\\/wskazowki-dotyczace-biwakowania\\\/\",\"nextItem\":{\"@type\":\"ListItem\",\"@id\":\"https:\\\/\\\/oceancamper.com\\\/pl\\\/campervan-lub-pobyt-w-hotelu\\\/#listItem\",\"name\":\"Kamper lub pobyt w hotelu\"},\"previousItem\":{\"@type\":\"ListItem\",\"@id\":\"https:\\\/\\\/oceancamper.com\\\/pl\\\/#listItem\",\"name\":\"Home\"}},{\"@type\":\"ListItem\",\"@id\":\"https:\\\/\\\/oceancamper.com\\\/pl\\\/campervan-lub-pobyt-w-hotelu\\\/#listItem\",\"position\":3,\"name\":\"Kamper lub pobyt w hotelu\",\"previousItem\":{\"@type\":\"ListItem\",\"@id\":\"https:\\\/\\\/oceancamper.com\\\/pl\\\/category\\\/wskazowki-dotyczace-biwakowania\\\/#listItem\",\"name\":\"Wskaz\\u00f3wki dotycz\\u0105ce biwakowania\"}}]},{\"@type\":\"Organization\",\"@id\":\"https:\\\/\\\/oceancamper.com\\\/pl\\\/#organization\",\"name\":\"Ocean Camper\",\"description\":\"Ocean Camper provides affordable campervan rental in Portugal with fully equipped campervans for up to three people, available in Faro and Lisbon for flexible road trips.\",\"url\":\"https:\\\/\\\/oceancamper.com\\\/pl\\\/\",\"email\":\"info@oceancamper.com\",\"telephone\":\"+351920301044\",\"foundingDate\":\"2017-04-19\",\"numberOfEmployees\":{\"@type\":\"QuantitativeValue\",\"minValue\":0,\"maxValue\":10},\"logo\":{\"@type\":\"ImageObject\",\"url\":\"https:\\\/\\\/oceancamper.com\\\/wp-content\\\/uploads\\\/2022\\\/01\\\/Asset-5.png\",\"@id\":\"https:\\\/\\\/oceancamper.com\\\/pl\\\/wspaniale-plaze\\\/#organizationLogo\",\"width\":662,\"height\":291,\"caption\":\"Ocean Camper logo\"},\"image\":{\"@id\":\"https:\\\/\\\/oceancamper.com\\\/pl\\\/wspaniale-plaze\\\/#organizationLogo\"},\"sameAs\":[\"https:\\\/\\\/www.facebook.com\\\/oceancamper\\\/\",\"https:\\\/\\\/x.com\\\/Ocean_Camper\",\"https:\\\/\\\/www.instagram.com\\\/oceancamper.vans\\\/\",\"https:\\\/\\\/www.tiktok.com\\\/@oceancamper.vans\",\"https:\\\/\\\/www.youtube.com\\\/@oceancamper\",\"https:\\\/\\\/www.linkedin.com\\\/company\\\/oceancamper\\\/\",\"https:\\\/\\\/www.trustpilot.com\\\/review\\\/oceancamper.com\"]},{\"@type\":\"Person\",\"@id\":\"https:\\\/\\\/oceancamper.com\\\/pl\\\/author\\\/nomadcanguru\\\/#author\",\"url\":\"https:\\\/\\\/oceancamper.com\\\/pl\\\/author\\\/nomadcanguru\\\/\",\"name\":\"nomadcanguru\",\"image\":{\"@type\":\"ImageObject\",\"@id\":\"https:\\\/\\\/oceancamper.com\\\/pl\\\/wspaniale-plaze\\\/#authorImage\",\"url\":\"https:\\\/\\\/secure.gravatar.com\\\/avatar\\\/3a5092e8a35779f7501b5a8c315d77eae173c0705d8cfd512c06ce5460985e92?s=96&d=mm&r=g\",\"width\":96,\"height\":96,\"caption\":\"nomadcanguru\"}},{\"@type\":\"WebPage\",\"@id\":\"https:\\\/\\\/oceancamper.com\\\/pl\\\/wspaniale-plaze\\\/#webpage\",\"url\":\"https:\\\/\\\/oceancamper.com\\\/pl\\\/wspaniale-plaze\\\/\",\"name\":\"Wspania\\u0142e pla\\u017ce Algarve i Alentejo | Ocean Camper\",\"description\":\"Wspania\\u0142e pla\\u017ce Algarve: Odkryj pi\\u0119kne pla\\u017ce Algarve i Alentejo. Od cichych lagun po przerwy na surfing i sekretne zatoczki. Lokalny przewodnik turystyczny Ocean Camper.\",\"inLanguage\":\"pl-PL\",\"isPartOf\":{\"@id\":\"https:\\\/\\\/oceancamper.com\\\/pl\\\/#website\"},\"breadcrumb\":{\"@id\":\"https:\\\/\\\/oceancamper.com\\\/pl\\\/wspaniale-plaze\\\/#breadcrumblist\"},\"author\":{\"@id\":\"https:\\\/\\\/oceancamper.com\\\/pl\\\/author\\\/nomadcanguru\\\/#author\"},\"creator\":{\"@id\":\"https:\\\/\\\/oceancamper.com\\\/pl\\\/author\\\/nomadcanguru\\\/#author\"},\"image\":{\"@type\":\"ImageObject\",\"url\":\"https:\\\/\\\/oceancamper.com\\\/wp-content\\\/uploads\\\/2021\\\/10\\\/praia-da-amalia-zambujeira-do-mar-alentejo-ocean-camper-2025.jpg\",\"@id\":\"https:\\\/\\\/oceancamper.com\\\/pl\\\/wspaniale-plaze\\\/#mainImage\",\"width\":960,\"height\":644,\"caption\":\"Praia da Am\\u00e1lia - Zambujeira do Mar, Alentejo\"},\"primaryImageOfPage\":{\"@id\":\"https:\\\/\\\/oceancamper.com\\\/pl\\\/wspaniale-plaze\\\/#mainImage\"},\"datePublished\":\"2021-10-22T20:23:32+00:00\",\"dateModified\":\"2026-08-14T16:43:46+00:00\"},{\"@type\":\"WebSite\",\"@id\":\"https:\\\/\\\/oceancamper.com\\\/pl\\\/#website\",\"url\":\"https:\\\/\\\/oceancamper.com\\\/pl\\\/\",\"name\":\"Ocean Camper\",\"alternateName\":\"Ocean Camper Portugal\",\"description\":\"Campervan Rental in Faro, Portugal\",\"inLanguage\":\"pl-PL\",\"publisher\":{\"@id\":\"https:\\\/\\\/oceancamper.com\\\/pl\\\/#organization\"}}]}\n\t\t<\/script>\n\t\t<!-- All in One SEO -->\n\n","aioseo_head_json":{"title":"Wspania\u0142e pla\u017ce Algarve i Alentejo | Ocean Camper","description":"Wspania\u0142e pla\u017ce Algarve: Odkryj pi\u0119kne pla\u017ce Algarve i Alentejo. Od cichych lagun po przerwy na surfing i sekretne zatoczki. Lokalny przewodnik turystyczny Ocean Camper.","canonical_url":"https:\/\/oceancamper.com\/pl\/wspaniale-plaze\/","robots":"max-image-preview:large","keywords":"","webmasterTools":{"miscellaneous":""},"schema":{"@context":"https:\/\/schema.org","@graph":[{"@type":"BlogPosting","@id":"https:\/\/oceancamper.com\/pl\/wspaniale-plaze\/#blogposting","name":"Wspania\u0142e pla\u017ce Algarve i Alentejo | Ocean Camper","headline":"Wspania\u0142e pla\u017ce Algarve","author":{"@id":"https:\/\/oceancamper.com\/pl\/author\/nomadcanguru\/#author"},"publisher":{"@id":"https:\/\/oceancamper.com\/pl\/#organization"},"image":{"@type":"ImageObject","url":"https:\/\/oceancamper.com\/wp-content\/uploads\/2021\/10\/praia-da-amalia-zambujeira-do-mar-alentejo-ocean-camper-2025.jpg","width":960,"height":644,"caption":"Praia da Am\u00e1lia - Zambujeira do Mar, Alentejo"},"datePublished":"2021-10-22T20:23:32+00:00","dateModified":"2026-08-14T16:43:46+00:00","inLanguage":"pl-PL","mainEntityOfPage":{"@id":"https:\/\/oceancamper.com\/pl\/wspaniale-plaze\/#webpage"},"isPartOf":{"@id":"https:\/\/oceancamper.com\/pl\/wspaniale-plaze\/#webpage"},"articleSection":"Bez kategorii, Opcjonalne"},{"@type":"BreadcrumbList","@id":"https:\/\/oceancamper.com\/pl\/wspaniale-plaze\/#breadcrumblist","itemListElement":[{"@type":"ListItem","@id":"https:\/\/oceancamper.com\/pl\/#listItem","position":1,"name":"Home","item":"https:\/\/oceancamper.com\/pl\/","nextItem":{"@type":"ListItem","@id":"https:\/\/oceancamper.com\/pl\/category\/wskazowki-dotyczace-biwakowania\/#listItem","name":"Wskaz\u00f3wki dotycz\u0105ce biwakowania"}},{"@type":"ListItem","@id":"https:\/\/oceancamper.com\/pl\/category\/wskazowki-dotyczace-biwakowania\/#listItem","position":2,"name":"Wskaz\u00f3wki dotycz\u0105ce biwakowania","item":"https:\/\/oceancamper.com\/pl\/category\/wskazowki-dotyczace-biwakowania\/","nextItem":{"@type":"ListItem","@id":"https:\/\/oceancamper.com\/pl\/campervan-lub-pobyt-w-hotelu\/#listItem","name":"Kamper lub pobyt w hotelu"},"previousItem":{"@type":"ListItem","@id":"https:\/\/oceancamper.com\/pl\/#listItem","name":"Home"}},{"@type":"ListItem","@id":"https:\/\/oceancamper.com\/pl\/campervan-lub-pobyt-w-hotelu\/#listItem","position":3,"name":"Kamper lub pobyt w hotelu","previousItem":{"@type":"ListItem","@id":"https:\/\/oceancamper.com\/pl\/category\/wskazowki-dotyczace-biwakowania\/#listItem","name":"Wskaz\u00f3wki dotycz\u0105ce biwakowania"}}]},{"@type":"Organization","@id":"https:\/\/oceancamper.com\/pl\/#organization","name":"Ocean Camper","description":"Ocean Camper provides affordable campervan rental in Portugal with fully equipped campervans for up to three people, available in Faro and Lisbon for flexible road trips.","url":"https:\/\/oceancamper.com\/pl\/","email":"info@oceancamper.com","telephone":"+351920301044","foundingDate":"2017-04-19","numberOfEmployees":{"@type":"QuantitativeValue","minValue":0,"maxValue":10},"logo":{"@type":"ImageObject","url":"https:\/\/oceancamper.com\/wp-content\/uploads\/2022\/01\/Asset-5.png","@id":"https:\/\/oceancamper.com\/pl\/wspaniale-plaze\/#organizationLogo","width":662,"height":291,"caption":"Ocean Camper logo"},"image":{"@id":"https:\/\/oceancamper.com\/pl\/wspaniale-plaze\/#organizationLogo"},"sameAs":["https:\/\/www.facebook.com\/oceancamper\/","https:\/\/x.com\/Ocean_Camper","https:\/\/www.instagram.com\/oceancamper.vans\/","https:\/\/www.tiktok.com\/@oceancamper.vans","https:\/\/www.youtube.com\/@oceancamper","https:\/\/www.linkedin.com\/company\/oceancamper\/","https:\/\/www.trustpilot.com\/review\/oceancamper.com"]},{"@type":"Person","@id":"https:\/\/oceancamper.com\/pl\/author\/nomadcanguru\/#author","url":"https:\/\/oceancamper.com\/pl\/author\/nomadcanguru\/","name":"nomadcanguru","image":{"@type":"ImageObject","@id":"https:\/\/oceancamper.com\/pl\/wspaniale-plaze\/#authorImage","url":"https:\/\/secure.gravatar.com\/avatar\/3a5092e8a35779f7501b5a8c315d77eae173c0705d8cfd512c06ce5460985e92?s=96&d=mm&r=g","width":96,"height":96,"caption":"nomadcanguru"}},{"@type":"WebPage","@id":"https:\/\/oceancamper.com\/pl\/wspaniale-plaze\/#webpage","url":"https:\/\/oceancamper.com\/pl\/wspaniale-plaze\/","name":"Wspania\u0142e pla\u017ce Algarve i Alentejo | Ocean Camper","description":"Wspania\u0142e pla\u017ce Algarve: Odkryj pi\u0119kne pla\u017ce Algarve i Alentejo. Od cichych lagun po przerwy na surfing i sekretne zatoczki. Lokalny przewodnik turystyczny Ocean Camper.","inLanguage":"pl-PL","isPartOf":{"@id":"https:\/\/oceancamper.com\/pl\/#website"},"breadcrumb":{"@id":"https:\/\/oceancamper.com\/pl\/wspaniale-plaze\/#breadcrumblist"},"author":{"@id":"https:\/\/oceancamper.com\/pl\/author\/nomadcanguru\/#author"},"creator":{"@id":"https:\/\/oceancamper.com\/pl\/author\/nomadcanguru\/#author"},"image":{"@type":"ImageObject","url":"https:\/\/oceancamper.com\/wp-content\/uploads\/2021\/10\/praia-da-amalia-zambujeira-do-mar-alentejo-ocean-camper-2025.jpg","@id":"https:\/\/oceancamper.com\/pl\/wspaniale-plaze\/#mainImage","width":960,"height":644,"caption":"Praia da Am\u00e1lia - Zambujeira do Mar, Alentejo"},"primaryImageOfPage":{"@id":"https:\/\/oceancamper.com\/pl\/wspaniale-plaze\/#mainImage"},"datePublished":"2021-10-22T20:23:32+00:00","dateModified":"2026-08-14T16:43:46+00:00"},{"@type":"WebSite","@id":"https:\/\/oceancamper.com\/pl\/#website","url":"https:\/\/oceancamper.com\/pl\/","name":"Ocean Camper","alternateName":"Ocean Camper Portugal","description":"Campervan Rental in Faro, Portugal","inLanguage":"pl-PL","publisher":{"@id":"https:\/\/oceancamper.com\/pl\/#organization"}}]},"og:locale":"pl_PL","og:site_name":"Ocean Camper - Campervan Rental in Faro, Portugal","og:type":"article","og:title":"Wspania\u0142e pla\u017ce Algarve i Alentejo | Ocean Camper","og:description":"Wspania\u0142e pla\u017ce Algarve: Odkryj pi\u0119kne pla\u017ce Algarve i Alentejo. Od cichych lagun po przerwy na surfing i sekretne zatoczki. Lokalny przewodnik turystyczny Ocean Camper.","og:url":"https:\/\/oceancamper.com\/pl\/wspaniale-plaze\/","og:image":"https:\/\/oceancamper.com\/wp-content\/uploads\/2022\/01\/Asset-5.png","og:image:secure_url":"https:\/\/oceancamper.com\/wp-content\/uploads\/2022\/01\/Asset-5.png","og:image:width":662,"og:image:height":291,"article:published_time":"2021-10-22T20:23:32+00:00","article:modified_time":"2026-08-14T16:43:46+00:00","article:publisher":"https:\/\/www.facebook.com\/oceancamper\/","twitter:card":"summary","twitter:site":"@Ocean_Camper","twitter:title":"Wspania\u0142e pla\u017ce Algarve i Alentejo | Ocean Camper","twitter:description":"Wspania\u0142e pla\u017ce Algarve: Odkryj pi\u0119kne pla\u017ce Algarve i Alentejo. Od cichych lagun po przerwy na surfing i sekretne zatoczki. Lokalny przewodnik turystyczny Ocean Camper.","twitter:creator":"@Ocean_Camper","twitter:image":"https:\/\/oceancamper.com\/wp-content\/uploads\/2022\/01\/Asset-5.png"},"aioseo_meta_data":{"post_id":"172240","title":"Kamper czy pobyt w hotelu? Zalety, wady i najlepszy wyb\u00f3r #separator_sa","description":"Kamper czy pobyt w hotelu? Zapoznaj si\u0119 z zaletami i wadami, aby wybra\u0107 najlepsz\u0105 opcj\u0119 na nast\u0119pn\u0105 przygod\u0119. Ciesz si\u0119 elastyczno\u015bci\u0105, komfortem i wyj\u0105tkowymi do\u015bwiadczeniami!","keywords":null,"keyphrases":{"focus":{"keyphrase":"Campervan or Hotel Stay","score":69,"analysis":{"keyphraseInTitle":{"score":9,"maxScore":9,"error":0},"keyphraseInDescription":{"score":9,"maxScore":9,"error":0},"keyphraseLength":{"score":9,"maxScore":9,"error":0,"length":4},"keyphraseInURL":{"score":5,"maxScore":5,"error":0},"keyphraseInIntroduction":{"score":9,"maxScore":9,"error":0},"keyphraseInSubHeadings":{"score":3,"maxScore":9,"error":1},"keyphraseInImageAlt":{"score":3,"maxScore":9,"error":1},"keywordDensity":{"score":0,"type":"low","maxScore":9,"error":1}}},"additional":[{"keyphrase":"Campervan vs Rental Car","score":40,"analysis":{"keyphraseInDescription":{"score":3,"maxScore":9,"error":1},"keyphraseLength":{"score":9,"maxScore":9,"error":0,"length":4},"keyphraseInIntroduction":{"score":3,"maxScore":9,"error":1},"keyphraseInImageAlt":{"score":3,"maxScore":9,"error":1},"keywordDensity":{"score":0,"type":"low","maxScore":9,"error":1}}},{"keyphrase":"Hotel Stay vs Campervan","score":53,"analysis":{"keyphraseInDescription":{"score":3,"maxScore":9,"error":1},"keyphraseLength":{"score":9,"maxScore":9,"error":0,"length":4},"keyphraseInIntroduction":{"score":9,"maxScore":9,"error":0},"keyphraseInImageAlt":{"score":3,"maxScore":9,"error":1},"keywordDensity":{"score":0,"type":"low","maxScore":9,"error":1}}},{"keyphrase":"Campervan vs Hotel Stay","score":40,"analysis":{"keyphraseInDescription":{"score":3,"maxScore":9,"error":1},"keyphraseLength":{"score":9,"maxScore":9,"error":0,"length":4},"keyphraseInIntroduction":{"score":3,"maxScore":9,"error":1},"keyphraseInImageAlt":{"score":3,"maxScore":9,"error":1},"keywordDensity":{"score":0,"type":"low","maxScore":9,"error":1}}}]},"primary_term":null,"canonical_url":null,"og_title":null,"og_description":null,"og_object_type":"default","og_image_type":"default","og_image_url":null,"og_image_width":null,"og_image_height":null,"og_image_custom_url":null,"og_image_custom_fields":null,"og_video":"","og_custom_url":null,"og_article_section":null,"og_article_tags":null,"twitter_use_og":false,"twitter_card":"default","twitter_image_type":"default","twitter_image_url":null,"twitter_image_custom_url":null,"twitter_image_custom_fields":null,"twitter_title":null,"twitter_description":null,"schema":{"blockGraphs":[],"customGraphs":[],"default":{"data":{"Article":[],"Course":[],"Dataset":[],"FAQPage":[],"Movie":[],"Person":[],"Product":[],"ProductReview":[],"Car":[],"Recipe":[],"Service":[],"SoftwareApplication":[],"WebPage":[]},"graphName":"BlogPosting","isEnabled":true},"graphs":[]},"schema_type":"default","schema_type_options":null,"pillar_content":false,"robots_default":true,"robots_noindex":false,"robots_noarchive":false,"robots_nosnippet":false,"robots_nofollow":false,"robots_noimageindex":false,"robots_noodp":false,"robots_notranslate":false,"robots_max_snippet":"-1","robots_max_videopreview":"-1","robots_max_imagepreview":"large","priority":null,"frequency":"default","local_seo":null,"seo_analyzer_scan_date":null,"breadcrumb_settings":null,"limit_modified_date":false,"open_ai":"{\"title\":{\"suggestions\":[],\"usage\":0},\"description\":{\"suggestions\":[],\"usage\":0}}","ai":{"faqs":[],"keyPoints":[],"titles":[],"descriptions":[],"socialPosts":{"email":[],"linkedin":[],"twitter":[],"facebook":[],"instagram":[]}},"created":"2025-04-23 12:22:25","updated":"2026-05-25 08:10:40"},"aioseo_breadcrumb":"<div class=\"aioseo-breadcrumbs\"><span class=\"aioseo-breadcrumb\">\n\t\t\t<a href=\"https:\/\/oceancamper.com\/pl\/\" title=\"Home\">Home<\/a>\n\t\t<\/span><span class=\"aioseo-breadcrumb-separator\">\u00bb<\/span><span class=\"aioseo-breadcrumb\">\n\t\t\t<a href=\"https:\/\/oceancamper.com\/pl\/category\/wskazowki-dotyczace-biwakowania\/\" title=\"Wskaz\u00f3wki dotycz\u0105ce biwakowania\">Wskaz\u00f3wki dotycz\u0105ce biwakowania<\/a>\n\t\t<\/span><span class=\"aioseo-breadcrumb-separator\">\u00bb<\/span><span class=\"aioseo-breadcrumb\">\n\t\t\tKamper lub pobyt w hotelu\n\t\t<\/span><\/div>","aioseo_breadcrumb_json":[{"label":"Home","link":"https:\/\/oceancamper.com\/pl\/"},{"label":"Wskaz\u00f3wki dotycz\u0105ce biwakowania","link":"https:\/\/oceancamper.com\/pl\/category\/wskazowki-dotyczace-biwakowania\/"},{"label":"Kamper lub pobyt w hotelu","link":"https:\/\/oceancamper.com\/pl\/campervan-lub-pobyt-w-hotelu\/"}],"_links":{"self":[{"href":"https:\/\/oceancamper.com\/pl\/wp-json\/wp\/v2\/posts\/172240","targetHints":{"allow":["GET"]}}],"collection":[{"href":"https:\/\/oceancamper.com\/pl\/wp-json\/wp\/v2\/posts"}],"about":[{"href":"https:\/\/oceancamper.com\/pl\/wp-json\/wp\/v2\/types\/post"}],"author":[{"embeddable":true,"href":"https:\/\/oceancamper.com\/pl\/wp-json\/wp\/v2\/users\/1"}],"replies":[{"embeddable":true,"href":"https:\/\/oceancamper.com\/pl\/wp-json\/wp\/v2\/comments?post=172240"}],"version-history":[{"count":8,"href":"https:\/\/oceancamper.com\/pl\/wp-json\/wp\/v2\/posts\/172240\/revisions"}],"predecessor-version":[{"id":254375,"href":"https:\/\/oceancamper.com\/pl\/wp-json\/wp\/v2\/posts\/172240\/revisions\/254375"}],"wp:featuredmedia":[{"embeddable":true,"href":"https:\/\/oceancamper.com\/pl\/wp-json\/wp\/v2\/media\/219458"}],"wp:attachment":[{"href":"https:\/\/oceancamper.com\/pl\/wp-json\/wp\/v2\/media?parent=172240"}],"wp:term":[{"taxonomy":"category","embeddable":true,"href":"https:\/\/oceancamper.com\/pl\/wp-json\/wp\/v2\/categories?post=172240"},{"taxonomy":"post_tag","embeddable":true,"href":"https:\/\/oceancamper.com\/pl\/wp-json\/wp\/v2\/tags?post=172240"}],"curies":[{"name":"wp","href":"https:\/\/api.w.org\/{rel}","templated":true}]}}