{"id":162177,"date":"2020-12-24T20:02:16","date_gmt":"2020-12-24T20:02:16","guid":{"rendered":"https:\/\/oceancamper.com\/paddleboarding-algarve\/"},"modified":"2026-09-01T16:50:15","modified_gmt":"2026-09-01T16:50:15","slug":"paddleboarding-algarve-najlepsze-miejsca-do-sup-jaskinie-jeziora","status":"publish","type":"post","link":"https:\/\/oceancamper.com\/pl\/paddleboarding-algarve-najlepsze-miejsca-do-sup-jaskinie-jeziora\/","title":{"rendered":"Paddleboarding w Algarve: najlepsze miejsca do uprawiania SUP"},"content":{"rendered":"\t\t<div data-elementor-type=\"wp-post\" data-elementor-id=\"162177\" class=\"elementor elementor-162177 elementor-382\" data-elementor-post-type=\"post\">\n\t\t\t\t\t\t<section class=\"elementor-section elementor-top-section elementor-element elementor-element-c63f89c elementor-section-height-min-height elementor-section-stretched elementor-section-content-middle elementor-section-boxed elementor-section-height-default elementor-section-items-middle\" data-id=\"c63f89c\" data-element_type=\"section\" data-e-type=\"section\" data-settings=\"{&quot;stretch_section&quot;:&quot;section-stretched&quot;,&quot;background_background&quot;:&quot;classic&quot;}\">\n\t\t\t\t\t\t\t<div class=\"elementor-background-overlay\"><\/div>\n\t\t\t\t\t\t\t<div class=\"elementor-container elementor-column-gap-default\">\n\t\t\t\t\t<div class=\"elementor-column elementor-col-100 elementor-top-column elementor-element elementor-element-63730d8\" data-id=\"63730d8\" data-element_type=\"column\" data-e-type=\"column\">\n\t\t\t<div class=\"elementor-widget-wrap elementor-element-populated\">\n\t\t\t\t\t\t<div class=\"elementor-element elementor-element-8828005 elementor-widget elementor-widget-theme-post-title elementor-page-title elementor-widget-heading\" data-id=\"8828005\" data-element_type=\"widget\" data-e-type=\"widget\" data-widget_type=\"theme-post-title.default\">\n\t\t\t\t<div class=\"elementor-widget-container\">\n\t\t\t\t\t<h1 class=\"elementor-heading-title elementor-size-default\">Paddleboarding w Algarve: najlepsze miejsca do uprawiania SUP<\/h1>\t\t\t\t<\/div>\n\t\t\t\t<\/div>\n\t\t\t\t<section class=\"elementor-section elementor-inner-section elementor-element elementor-element-4996ed4 elementor-section-boxed elementor-section-height-default elementor-section-height-default\" data-id=\"4996ed4\" data-element_type=\"section\" data-e-type=\"section\">\n\t\t\t\t\t\t<div class=\"elementor-container elementor-column-gap-default\">\n\t\t\t\t\t<div class=\"elementor-column elementor-col-33 elementor-inner-column elementor-element elementor-element-6a10a75\" data-id=\"6a10a75\" data-element_type=\"column\" data-e-type=\"column\">\n\t\t\t<div class=\"elementor-widget-wrap\">\n\t\t\t\t\t\t\t<\/div>\n\t\t<\/div>\n\t\t\t\t<div class=\"elementor-column elementor-col-33 elementor-inner-column elementor-element elementor-element-17d7426\" data-id=\"17d7426\" data-element_type=\"column\" data-e-type=\"column\">\n\t\t\t<div class=\"elementor-widget-wrap elementor-element-populated\">\n\t\t\t\t\t\t<div class=\"elementor-element elementor-element-180536c elementor-author-box--align-center elementor-author-box--layout-image-above elementor-widget elementor-widget-author-box\" data-id=\"180536c\" data-element_type=\"widget\" data-e-type=\"widget\" data-widget_type=\"author-box.default\">\n\t\t\t\t<div class=\"elementor-widget-container\">\n\t\t\t\t\t\t\t<div class=\"elementor-author-box\">\n\t\t\t\t\t\t\t<div  class=\"elementor-author-box__avatar\">\n\t\t\t\t\t<img decoding=\"async\" src=\"https:\/\/oceancamper.com\/wp-content\/uploads\/2022\/02\/Nina-min-1-300x300.jpg\" alt=\"Picture of Nina\" loading=\"lazy\">\n\t\t\t\t<\/div>\n\t\t\t\n\t\t\t<div class=\"elementor-author-box__text\">\n\t\t\t\t\t\t\t\t\t<div >\n\t\t\t\t\t\t<h4 class=\"elementor-author-box__name\">\n\t\t\t\t\t\t\tNina\t\t\t\t\t\t<\/h4>\n\t\t\t\t\t<\/div>\n\t\t\t\t\n\t\t\t\t\t\t\t\t\t<div class=\"elementor-author-box__bio\">\n\t\t\t\t\t\t<p>CEO Ocean Camper<\/p>\n\t\t\t\t\t<\/div>\n\t\t\t\t\n\t\t\t\t\t\t\t<\/div>\n\t\t<\/div>\n\t\t\t\t\t\t<\/div>\n\t\t\t\t<\/div>\n\t\t\t\t\t<\/div>\n\t\t<\/div>\n\t\t\t\t<div class=\"elementor-column elementor-col-33 elementor-inner-column elementor-element elementor-element-1e52722\" data-id=\"1e52722\" data-element_type=\"column\" data-e-type=\"column\">\n\t\t\t<div class=\"elementor-widget-wrap\">\n\t\t\t\t\t\t\t<\/div>\n\t\t<\/div>\n\t\t\t\t\t<\/div>\n\t\t<\/section>\n\t\t\t\t\t<\/div>\n\t\t<\/div>\n\t\t\t\t\t<\/div>\n\t\t<\/section>\n\t\t\t\t<section class=\"elementor-section elementor-top-section elementor-element elementor-element-ae5977a elementor-section-stretched elementor-section-boxed elementor-section-height-default elementor-section-height-default\" data-id=\"ae5977a\" data-element_type=\"section\" data-e-type=\"section\" data-settings=\"{&quot;stretch_section&quot;:&quot;section-stretched&quot;,&quot;background_background&quot;:&quot;classic&quot;}\">\n\t\t\t\t\t\t<div class=\"elementor-container elementor-column-gap-default\">\n\t\t\t\t\t<div class=\"elementor-column elementor-col-100 elementor-top-column elementor-element elementor-element-1823f57 elementor-invisible\" data-id=\"1823f57\" data-element_type=\"column\" data-e-type=\"column\" data-settings=\"{&quot;background_background&quot;:&quot;classic&quot;,&quot;animation&quot;:&quot;fadeIn&quot;}\">\n\t\t\t<div class=\"elementor-widget-wrap elementor-element-populated\">\n\t\t\t\t\t<div class=\"elementor-background-overlay\"><\/div>\n\t\t\t\t\t\t<div class=\"elementor-element elementor-element-4a76b7f elementor-widget elementor-widget-heading\" data-id=\"4a76b7f\" data-element_type=\"widget\" data-e-type=\"widget\" data-widget_type=\"heading.default\">\n\t\t\t\t<div class=\"elementor-widget-container\">\n\t\t\t\t\t<h2 class=\"elementor-heading-title elementor-size-default\">Indeks<\/h2>\t\t\t\t<\/div>\n\t\t\t\t<\/div>\n\t\t\t\t<div class=\"elementor-element elementor-element-9e6ae19 elementor-widget elementor-widget-text-editor\" data-id=\"9e6ae19\" data-element_type=\"widget\" data-e-type=\"widget\" data-widget_type=\"text-editor.default\">\n\t\t\t\t<div class=\"elementor-widget-container\">\n\t\t\t\t\t\t\t\t\t<p> <\/p><ol><li><a href=\"#faro\"><span style=\"color: #696969;\">Praia de Faro<\/span><\/a><\/li><li><span style=\"color: #696969;\"><a style=\"color: #696969;\" href=\"#arrifes\">Praia dos Arrifes<\/a><\/span><\/li><li><span style=\"color: #696969;\"><a style=\"color: #696969;\" href=\"#Albandeira\">Praia da Albandeira<\/a><\/span><\/li><li><span style=\"color: #696969;\"><a style=\"color: #696969;\" href=\"#benagil\">Jaskinia Benagil<\/a><\/span><\/li><li><span style=\"color: #696969;\"><a style=\"color: #696969;\" href=\"#alvor\">Alvor<\/a><\/span><\/li><li><span style=\"color: #696969;\"><a style=\"color: #696969;\" href=\"#piedade\">Ponta da Piedade<\/a><\/span><\/li><li><span style=\"color: #696969;\"><a style=\"color: #696969;\" href=\"#milfontes\">Vila Nova de Milfontes<\/a><\/span><\/li><li><span style=\"color: #696969;\"><a style=\"color: #696969;\" href=\"#arade\">Jezioro Barragem do Arade<\/a><\/span><\/li><li><span style=\"color: #696969;\"><a style=\"color: #696969;\" href=\"#funcho\">Jezioro Barragem do Funcho<\/a><\/span><\/li><li><span style=\"color: #696969;\"><a style=\"color: #696969;\" href=\"#clara\">Jezioro Barragem de Santa Clara<\/a><\/span><\/li><li><span style=\"color: #696969;\"><a style=\"color: #696969;\" href=\"#tips\">Wskaz\u00f3wki dotycz\u0105ce bezpiecze\u0144stwa<\/a><\/span><\/li><\/ol>\t\t\t\t\t\t\t\t<\/div>\n\t\t\t\t<\/div>\n\t\t\t\t\t<\/div>\n\t\t<\/div>\n\t\t\t\t\t<\/div>\n\t\t<\/section>\n\t\t\t\t<section class=\"elementor-section elementor-top-section elementor-element elementor-element-3fd613c0 elementor-section-stretched elementor-section-boxed elementor-section-height-default elementor-section-height-default\" data-id=\"3fd613c0\" data-element_type=\"section\" data-e-type=\"section\" data-settings=\"{&quot;stretch_section&quot;:&quot;section-stretched&quot;,&quot;background_background&quot;:&quot;classic&quot;}\">\n\t\t\t\t\t\t<div class=\"elementor-container elementor-column-gap-default\">\n\t\t\t\t\t<div class=\"elementor-column elementor-col-100 elementor-top-column elementor-element elementor-element-4b2a4caf\" data-id=\"4b2a4caf\" data-element_type=\"column\" data-e-type=\"column\">\n\t\t\t<div class=\"elementor-widget-wrap elementor-element-populated\">\n\t\t\t\t\t\t<div class=\"elementor-element elementor-element-0a4718c elementor-widget elementor-widget-menu-anchor\" data-id=\"0a4718c\" data-element_type=\"widget\" data-e-type=\"widget\" data-widget_type=\"menu-anchor.default\">\n\t\t\t\t<div class=\"elementor-widget-container\">\n\t\t\t\t\t\t\t<div class=\"elementor-menu-anchor\" id=\"Paddleboarding-Algarve\"><\/div>\n\t\t\t\t\t\t<\/div>\n\t\t\t\t<\/div>\n\t\t\t\t<div class=\"elementor-element elementor-element-18cec5b3 elementor-widget elementor-widget-heading\" data-id=\"18cec5b3\" data-element_type=\"widget\" data-e-type=\"widget\" data-widget_type=\"heading.default\">\n\t\t\t\t<div class=\"elementor-widget-container\">\n\t\t\t\t\t<h2 class=\"elementor-heading-title elementor-size-default\">Paddleboarding Algarve - najlepsze miejsca do uprawiania SUP, jaskinie i jeziora<\/h2>\t\t\t\t<\/div>\n\t\t\t\t<\/div>\n\t\t\t\t<div class=\"elementor-element elementor-element-6e12e8f2 elementor-widget elementor-widget-text-editor\" data-id=\"6e12e8f2\" data-element_type=\"widget\" data-e-type=\"widget\" data-widget_type=\"text-editor.default\">\n\t\t\t\t<div class=\"elementor-widget-container\">\n\t\t\t\t\t\t\t\t\t<p data-start=\"1675\" data-end=\"1963\"><strong data-start=\"1675\" data-end=\"1701\">Paddleboarding Algarve<\/strong> oznacza turkusow\u0105 wod\u0119, morskie jaskinie, z\u0142ote klify i spokojne sesje o wschodzie s\u0142o\u0144ca. Wypo\u017cyczamy <strong data-start=\"1785\" data-end=\"1810\">nadmuchiwane deski SUP<\/strong>, kt\u00f3re z \u0142atwo\u015bci\u0105 zmieszcz\u0105 si\u0119 w kamperze lub samochodzie &#8211; szybkie do nadmuchania, stabilne i <strong data-start=\"1883\" data-end=\"1908\">odpowiednie dla maksymalnie 2 os\u00f3b<\/strong>. Zapytaj nas o wycen\u0119 i trasy dostosowane do Twoich dat.  <\/p><h3 data-start=\"1965\" data-end=\"1990\"> <\/h3>\t\t\t\t\t\t\t\t<\/div>\n\t\t\t\t<\/div>\n\t\t\t\t<div class=\"elementor-element elementor-element-873befd elementor-widget elementor-widget-heading\" data-id=\"873befd\" data-element_type=\"widget\" data-e-type=\"widget\" data-widget_type=\"heading.default\">\n\t\t\t\t<div class=\"elementor-widget-container\">\n\t\t\t\t\t<h2 class=\"elementor-heading-title elementor-size-default\">Quick Planner<\/h2>\t\t\t\t<\/div>\n\t\t\t\t<\/div>\n\t\t\t\t<div class=\"elementor-element elementor-element-b0f8369 elementor-widget elementor-widget-text-editor\" data-id=\"b0f8369\" data-element_type=\"widget\" data-e-type=\"widget\" data-widget_type=\"text-editor.default\">\n\t\t\t\t<div class=\"elementor-widget-container\">\n\t\t\t\t\t\t\t\t\t<ul><li data-start=\"2498\" data-end=\"2590\"><strong data-start=\"2498\" data-end=\"2514\">Najlepsze miesi\u0105ce:<\/strong> Kwiecie\u0144-pa\u017adziernik (poranki s\u0105 szkliste). Zima ma r\u00f3wnie\u017c spokojne dni &#8211; obserwuj wiatr. <\/li><li data-start=\"2593\" data-end=\"2758\"><strong data-start=\"2593\" data-end=\"2607\">Regu\u0142a wiatru:<\/strong> \u2264 12-14 kn dla pocz\u0105tkuj\u0105cych; wczesny poranek jest zwykle spokojniejszy. Sprawd\u017a <a class=\"decorated-link\" href=\"https:\/\/www.ipma.pt\/en\/maritima\/\" target=\"_new\" rel=\"noopener\" data-start=\"2709\" data-end=\"2755\">p\u0142ywy<\/a> <a class=\"decorated-link\" href=\"https:\/\/www.windy.com\/\" target=\"_new\" rel=\"noopener\" data-start=\"2673\" data-end=\"2704\">Windy<\/a> i IPMA. <\/li><li data-start=\"2761\" data-end=\"2889\"><strong data-start=\"2761\" data-end=\"2771\">P\u0142ywy:<\/strong> Jaskinie \/ \u0142uki (Benagil, Albandeira) s\u0105 bezpieczniejsze <strong data-start=\"2817\" data-end=\"2840\">podczas przyp\u0142ywu i spokojnego morza<\/strong>. <strong data-start=\"2842\" data-end=\"2857\">Ria Formosa<\/strong> dzia\u0142a najlepiej <strong data-start=\"2869\" data-end=\"2886\">w po\u0142owie\/wysokiej fali<\/strong>.<\/li><li data-start=\"2892\" data-end=\"2952\"><strong data-start=\"2892\" data-end=\"2907\">Temperatura wody:<\/strong> ~16-20 \u00b0C wiosna\/jesie\u0144; ~20-23 \u00b0C lato.<\/li><li data-start=\"2955\" data-end=\"3024\"><strong data-start=\"2955\" data-end=\"2967\">Kombinezon:<\/strong> 3\/2 wiosn\u0105\/jesieni\u0105; kr\u00f3tkie spodenki lub str\u00f3j k\u0105pielowy w \u015brodku lata.<\/li><li data-start=\"3027\" data-end=\"3149\"><strong data-start=\"3027\" data-end=\"3038\">Bezpiecze\u0144stwo:<\/strong> Unikaj uj\u015b\u0107 rzek podczas odp\u0142ywu; nigdy nie wchod\u017a do jaski\u0144 z fal\u0105 lub ruchem \u0142odzi; no\u015b smycz + pomoc wyporno\u015bciow\u0105.<\/li><\/ul>\t\t\t\t\t\t\t\t<\/div>\n\t\t\t\t<\/div>\n\t\t\t\t\t<\/div>\n\t\t<\/div>\n\t\t\t\t\t<\/div>\n\t\t<\/section>\n\t\t\t\t<section class=\"elementor-section elementor-top-section elementor-element elementor-element-4ee0c0ba elementor-section-stretched elementor-section-boxed elementor-section-height-default elementor-section-height-default\" data-id=\"4ee0c0ba\" data-element_type=\"section\" data-e-type=\"section\" data-settings=\"{&quot;stretch_section&quot;:&quot;section-stretched&quot;,&quot;background_background&quot;:&quot;classic&quot;}\">\n\t\t\t\t\t\t<div class=\"elementor-container elementor-column-gap-default\">\n\t\t\t\t\t<div class=\"elementor-column elementor-col-100 elementor-top-column elementor-element elementor-element-6f8a7118\" data-id=\"6f8a7118\" data-element_type=\"column\" data-e-type=\"column\">\n\t\t\t<div class=\"elementor-widget-wrap elementor-element-populated\">\n\t\t\t\t\t\t<div class=\"elementor-element elementor-element-798fcd36 elementor-widget elementor-widget-image\" data-id=\"798fcd36\" data-element_type=\"widget\" data-e-type=\"widget\" data-widget_type=\"image.default\">\n\t\t\t\t<div class=\"elementor-widget-container\">\n\t\t\t\t\t\t\t\t\t\t\t\t\t\t\t<img fetchpriority=\"high\" decoding=\"async\" width=\"800\" height=\"534\" src=\"https:\/\/oceancamper.com\/wp-content\/uploads\/2025\/06\/AdobeStock_622037714-min-1024x683.jpeg\" class=\"attachment-large size-large wp-image-183395\" alt=\"Wios\u0142owanie na desce wewn\u0105trz jaskini morskiej w Portugalii z turkusow\u0105 wod\u0105 i \u015bwiat\u0142em s\u0142onecznym prze\u015bwituj\u0105cym przez wej\u015bcie do jaskini.\" srcset=\"https:\/\/oceancamper.com\/wp-content\/uploads\/2025\/06\/AdobeStock_622037714-min-1024x683.jpeg 1024w, https:\/\/oceancamper.com\/wp-content\/uploads\/2025\/06\/AdobeStock_622037714-min-300x200.jpeg 300w, https:\/\/oceancamper.com\/wp-content\/uploads\/2025\/06\/AdobeStock_622037714-min-768x512.jpeg 768w, https:\/\/oceancamper.com\/wp-content\/uploads\/2025\/06\/AdobeStock_622037714-min-1536x1024.jpeg 1536w, https:\/\/oceancamper.com\/wp-content\/uploads\/2025\/06\/AdobeStock_622037714-min-2048x1365.jpeg 2048w, https:\/\/oceancamper.com\/wp-content\/uploads\/2025\/06\/AdobeStock_622037714-min-240x160.jpeg 240w\" sizes=\"(max-width: 800px) 100vw, 800px\" \/>\t\t\t\t\t\t\t\t\t\t\t\t\t\t\t<\/div>\n\t\t\t\t<\/div>\n\t\t\t\t<div class=\"elementor-element elementor-element-591e064 elementor-widget elementor-widget-text-editor\" data-id=\"591e064\" data-element_type=\"widget\" data-e-type=\"widget\" data-widget_type=\"text-editor.default\">\n\t\t\t\t<div class=\"elementor-widget-container\">\n\t\t\t\t\t\t\t\t\t<p data-start=\"1551\" data-end=\"1629\">Jaskinia Benagil, lipiec 2012&#8243; autorstwa Beeston, na licencji CC BY 3.0.<\/p>\t\t\t\t\t\t\t\t<\/div>\n\t\t\t\t<\/div>\n\t\t\t\t<div class=\"elementor-element elementor-element-2f3d103 elementor-widget elementor-widget-heading\" data-id=\"2f3d103\" data-element_type=\"widget\" data-e-type=\"widget\" data-widget_type=\"heading.default\">\n\t\t\t\t<div class=\"elementor-widget-container\">\n\t\t\t\t\t<h2 class=\"elementor-heading-title elementor-size-default\">Wypo\u017cycz SUP z Ocean Camper<\/h2>\t\t\t\t<\/div>\n\t\t\t\t<\/div>\n\t\t\t\t<div class=\"elementor-element elementor-element-67583dd elementor-widget elementor-widget-text-editor\" data-id=\"67583dd\" data-element_type=\"widget\" data-e-type=\"widget\" data-widget_type=\"text-editor.default\">\n\t\t\t\t<div class=\"elementor-widget-container\">\n\t\t\t\t\t\t\t\t\t<ul><li data-start=\"3191\" data-end=\"3266\"><strong data-start=\"3191\" data-end=\"3212\">Nadmuchiwane deski<\/strong> (mieszcz\u0105ce si\u0119 w ka\u017cdym samochodzie\/kamperze), stabilne dla <strong data-start=\"3249\" data-end=\"3264\">1-2 os\u00f3b<\/strong><\/li><li data-start=\"3269\" data-end=\"3334\">Obejmuje wios\u0142o, pompk\u0119, smycz, opcj\u0119 PFD, pasy dachowe w razie potrzeby<\/li><li data-start=\"3337\" data-end=\"3400\">Odbi\u00f3r w Faro; idealny dodatek do podr\u00f3\u017cy <strong data-start=\"3377\" data-end=\"3390\">kamperem<\/strong> <\/li><\/ul>\t\t\t\t\t\t\t\t<\/div>\n\t\t\t\t<\/div>\n\t\t\t\t\t<\/div>\n\t\t<\/div>\n\t\t\t\t\t<\/div>\n\t\t<\/section>\n\t\t\t\t<section class=\"elementor-section elementor-top-section elementor-element elementor-element-19bae0f4 elementor-section-stretched elementor-section-boxed elementor-section-height-default elementor-section-height-default\" data-id=\"19bae0f4\" data-element_type=\"section\" data-e-type=\"section\" id=\"faro\" data-settings=\"{&quot;stretch_section&quot;:&quot;section-stretched&quot;,&quot;background_background&quot;:&quot;classic&quot;}\">\n\t\t\t\t\t\t<div class=\"elementor-container elementor-column-gap-default\">\n\t\t\t\t\t<div class=\"elementor-column elementor-col-100 elementor-top-column elementor-element elementor-element-a353874\" data-id=\"a353874\" data-element_type=\"column\" data-e-type=\"column\">\n\t\t\t<div class=\"elementor-widget-wrap elementor-element-populated\">\n\t\t\t\t\t\t<div class=\"elementor-element elementor-element-d836726 elementor-widget elementor-widget-heading\" data-id=\"d836726\" data-element_type=\"widget\" data-e-type=\"widget\" data-widget_type=\"heading.default\">\n\t\t\t\t<div class=\"elementor-widget-container\">\n\t\t\t\t\t<h2 class=\"elementor-heading-title elementor-size-default\">Jak korzysta\u0107 z tego przewodnika<\/h2>\t\t\t\t<\/div>\n\t\t\t\t<\/div>\n\t\t\t\t<div class=\"elementor-element elementor-element-a2da57a elementor-widget elementor-widget-text-editor\" data-id=\"a2da57a\" data-element_type=\"widget\" data-e-type=\"widget\" data-widget_type=\"text-editor.default\">\n\t\t\t\t<div class=\"elementor-widget-container\">\n\t\t\t\t\t\t\t\t\t<p data-start=\"1991\" data-end=\"2077\">Ka\u017cdy spot poni\u017cej zawiera: <strong data-start=\"2017\" data-end=\"2076\">Level &#8211; Highlights &#8211; Launch &#8211; Tide\/Wind &#8211; Parking\/Notes<\/strong>.<\/p>\t\t\t\t\t\t\t\t<\/div>\n\t\t\t\t<\/div>\n\t\t\t\t<div class=\"elementor-element elementor-element-1bb9209 elementor-widget elementor-widget-text-editor\" data-id=\"1bb9209\" data-element_type=\"widget\" data-e-type=\"widget\" data-widget_type=\"text-editor.default\">\n\t\t\t\t<div class=\"elementor-widget-container\">\n\t\t\t\t\t\t\t\t\t<table><thead><tr><th>Sezon<\/th><th>Stan morza i t\u0142umy<\/th><th>Najlepsza pora dnia<\/th><th>Uwaga dotycz\u0105ca pianek<\/th><\/tr><\/thead><tbody><tr><td>Kwiecie\u0144-czerwiec<\/td><td>Og\u00f3lnie spokojne poranki, umiarkowane t\u0142umy<\/td><td>Wsch\u00f3d s\u0142o\u0144ca &#8211; p\u00f3\u017any poranek<\/td><td>3\/2 lub shorty w cieplejsze dni<\/td><\/tr><tr><td>Lipiec-wrzesie\u0144<\/td><td>Spokojne wczesne, wietrzne popo\u0142udnia (NW)<\/td><td>Najlepsze sesje<strong>o wschodzie s\u0142o\u0144ca<\/strong> <\/td><td>Shorty lub rashguard<\/td><\/tr><tr><td>Pa\u017adziernik-listopad<\/td><td>Mniej ludzi, zmienny wiatr<\/td><td>Poranne okna<\/td><td>Pe\u0142ny garnitur 3\/2<\/td><\/tr><tr><td>Grudzie\u0144-marzec<\/td><td>Ch\u0142odniejsza woda, cisza<\/td><td>Tylko dni z lekkim wiatrem<\/td><td>4\/3 przy d\u0142u\u017cszym pobycie<\/td><\/tr><\/tbody><\/table>\t\t\t\t\t\t\t\t<\/div>\n\t\t\t\t<\/div>\n\t\t\t\t<div class=\"elementor-element elementor-element-4403bae elementor-widget elementor-widget-text-editor\" data-id=\"4403bae\" data-element_type=\"widget\" data-e-type=\"widget\" data-widget_type=\"text-editor.default\">\n\t\t\t\t<div class=\"elementor-widget-container\">\n\t\t\t\t\t\t\t\t\t<p data-start=\"2570\" data-end=\"2703\"><strong data-start=\"2570\" data-end=\"2593\">Zasada przyp\u0142ywu:<\/strong> wi\u0119kszo\u015b\u0107 lagun\/przystani = <strong data-start=\"2619\" data-end=\"2639\">przyp\u0142yw od \u015bredniego do wysokiego<\/strong>. Jaskinie\/klify = <strong data-start=\"2656\" data-end=\"2682\">wczesne, szkliste poranki<\/strong> z <strong data-start=\"2688\" data-end=\"2702\">lekkim wiatrem<\/strong>. <\/p>\t\t\t\t\t\t\t\t<\/div>\n\t\t\t\t<\/div>\n\t\t\t\t<div class=\"elementor-element elementor-element-6bc5855 elementor-widget elementor-widget-menu-anchor\" data-id=\"6bc5855\" data-element_type=\"widget\" data-e-type=\"widget\" data-widget_type=\"menu-anchor.default\">\n\t\t\t\t<div class=\"elementor-widget-container\">\n\t\t\t\t\t\t\t<div class=\"elementor-menu-anchor\" id=\"Faro\"><\/div>\n\t\t\t\t\t\t<\/div>\n\t\t\t\t<\/div>\n\t\t\t\t<div class=\"elementor-element elementor-element-1081da3e elementor-widget elementor-widget-heading\" data-id=\"1081da3e\" data-element_type=\"widget\" data-e-type=\"widget\" data-widget_type=\"heading.default\">\n\t\t\t\t<div class=\"elementor-widget-container\">\n\t\t\t\t\t<h2 class=\"elementor-heading-title elementor-size-default\">\ud83c\udfd6\ufe0f 1. Praia de Faro - uj\u015bcie rzeki Ria Formosa <\/h2>\t\t\t\t<\/div>\n\t\t\t\t<\/div>\n\t\t\t\t<div class=\"elementor-element elementor-element-42b738fb elementor-widget elementor-widget-text-editor\" data-id=\"42b738fb\" data-element_type=\"widget\" data-e-type=\"widget\" data-widget_type=\"text-editor.default\">\n\t\t\t\t<div class=\"elementor-widget-container\">\n\t\t\t\t\t\t\t\t\t<p><strong data-start=\"1888\" data-end=\"1898\">Poziom:<\/strong> Pocz\u0105tkuj\u0105cy+<br data-start=\"1908\" data-end=\"1911\"\/><strong data-start=\"1911\" data-end=\"1926\">Atrakcje:<\/strong> Spokojne wios\u0142owanie po lagunie w\u015br\u00f3d flaming\u00f3w i piaszczystych \u0142ach.<br data-start=\"1977\" data-end=\"1980\"\/><strong data-start=\"1980\" data-end=\"1991\">Miejsce startu:<\/strong> P\u00f3\u0142nocna strona pla\u017cy Faro, w kierunku Parku Przyrodniczego Ria Formosa.<br data-start=\"2047\" data-end=\"2050\"\/><strong data-start=\"2050\" data-end=\"2064\">P\u0142yw\/wiatr:<\/strong> \u015aredni\u2013wysoki p\u0142yw, lekki wiatr.<br data-start=\"2091\" data-end=\"2094\"\/><strong data-start=\"2094\" data-end=\"2106\">Parking:<\/strong> Parking przy pla\u017cy; nale\u017cy uwa\u017ca\u0107 na trasy \u0142odzi.<br data-start=\"2139\" data-end=\"2142\"\/>\ud83d\udc49 <a class=\"decorated-link\" href=\"https:\/\/maps.app.goo.gl\/WrAcLaV5ePaYSnwu7\" target=\"_blank\" rel=\"noopener\" data-start=\"2145\" data-end=\"2188\">Lokalizacja na mapie<\/a><\/p>\t\t\t\t\t\t\t\t<\/div>\n\t\t\t\t<\/div>\n\t\t\t\t<div class=\"elementor-element elementor-element-684abef elementor-widget elementor-widget-image\" data-id=\"684abef\" data-element_type=\"widget\" data-e-type=\"widget\" data-widget_type=\"image.default\">\n\t\t\t\t<div class=\"elementor-widget-container\">\n\t\t\t\t\t\t\t\t\t\t\t\t\t\t\t<img decoding=\"async\" width=\"800\" height=\"600\" src=\"https:\/\/oceancamper.com\/wp-content\/uploads\/2020\/12\/Anchored_small_boats_Ria_Formosa_Faro_Portugal_julesvernex2-2.jpg\" class=\"attachment-large size-large wp-image-208105\" alt=\"Zakotwiczone ma\u0142e \u0142odzie w lagunie Ria Formosa, Faro, Algarve, Portugalia, odbijaj\u0105ce si\u0119 w spokojnej turkusowej wodzie pod czystym b\u0142\u0119kitnym niebem.\" srcset=\"https:\/\/oceancamper.com\/wp-content\/uploads\/2020\/12\/Anchored_small_boats_Ria_Formosa_Faro_Portugal_julesvernex2-2.jpg 960w, https:\/\/oceancamper.com\/wp-content\/uploads\/2020\/12\/Anchored_small_boats_Ria_Formosa_Faro_Portugal_julesvernex2-2-300x225.jpg 300w, https:\/\/oceancamper.com\/wp-content\/uploads\/2020\/12\/Anchored_small_boats_Ria_Formosa_Faro_Portugal_julesvernex2-2-768x576.jpg 768w, https:\/\/oceancamper.com\/wp-content\/uploads\/2020\/12\/Anchored_small_boats_Ria_Formosa_Faro_Portugal_julesvernex2-2-240x180.jpg 240w\" sizes=\"(max-width: 800px) 100vw, 800px\" \/>\t\t\t\t\t\t\t\t\t\t\t\t\t\t\t<\/div>\n\t\t\t\t<\/div>\n\t\t\t\t<div class=\"elementor-element elementor-element-e07c498 elementor-widget elementor-widget-text-editor\" data-id=\"e07c498\" data-element_type=\"widget\" data-e-type=\"widget\" data-widget_type=\"text-editor.default\">\n\t\t\t\t<div class=\"elementor-widget-container\">\n\t\t\t\t\t\t\t\t\t<p data-start=\"1551\" data-end=\"1629\"><b>Jules Verne Times Two \/ <a href=\"https:\/\/www.julesvernex2.com\" target=\"_blank\" rel=\"noopener\">julesvernex2.com<\/a> \/ CC-BY-SA-4.0<\/b><\/p>\t\t\t\t\t\t\t\t<\/div>\n\t\t\t\t<\/div>\n\t\t\t\t\t<\/div>\n\t\t<\/div>\n\t\t\t\t\t<\/div>\n\t\t<\/section>\n\t\t\t\t<section class=\"elementor-section elementor-top-section elementor-element elementor-element-2635f6d8 elementor-section-stretched elementor-section-boxed elementor-section-height-default elementor-section-height-default\" data-id=\"2635f6d8\" data-element_type=\"section\" data-e-type=\"section\" id=\"arrifes\" data-settings=\"{&quot;stretch_section&quot;:&quot;section-stretched&quot;,&quot;background_background&quot;:&quot;classic&quot;}\">\n\t\t\t\t\t\t<div class=\"elementor-container elementor-column-gap-default\">\n\t\t\t\t\t<div class=\"elementor-column elementor-col-100 elementor-top-column elementor-element elementor-element-61e1182a\" data-id=\"61e1182a\" data-element_type=\"column\" data-e-type=\"column\">\n\t\t\t<div class=\"elementor-widget-wrap elementor-element-populated\">\n\t\t\t\t\t\t<div class=\"elementor-element elementor-element-ae78a4d elementor-widget elementor-widget-menu-anchor\" data-id=\"ae78a4d\" data-element_type=\"widget\" data-e-type=\"widget\" data-widget_type=\"menu-anchor.default\">\n\t\t\t\t<div class=\"elementor-widget-container\">\n\t\t\t\t\t\t\t<div class=\"elementor-menu-anchor\" id=\"aryfy\"><\/div>\n\t\t\t\t\t\t<\/div>\n\t\t\t\t<\/div>\n\t\t\t\t<div class=\"elementor-element elementor-element-768b133a elementor-widget elementor-widget-heading\" data-id=\"768b133a\" data-element_type=\"widget\" data-e-type=\"widget\" data-widget_type=\"heading.default\">\n\t\t\t\t<div class=\"elementor-widget-container\">\n\t\t\t\t\t<h2 class=\"elementor-heading-title elementor-size-default\">\ud83c\udfd6\ufe0f 2. Praia dos Arrifes \u2192 Praia da Coelha <\/h2>\t\t\t\t<\/div>\n\t\t\t\t<\/div>\n\t\t\t\t<div class=\"elementor-element elementor-element-3cacee1d elementor-widget elementor-widget-text-editor\" data-id=\"3cacee1d\" data-element_type=\"widget\" data-e-type=\"widget\" data-widget_type=\"text-editor.default\">\n\t\t\t\t<div class=\"elementor-widget-container\">\n\t\t\t\t\t\t\t\t\t<p><strong data-start=\"2246\" data-end=\"2256\">Poziom:<\/strong> pocz\u0105tkuj\u0105cy\u2013\u015bredniozaawansowany<br data-start=\"2278\" data-end=\"2281\"\/><strong data-start=\"2281\" data-end=\"2296\">Atrakcje:<\/strong> \u0142uki skalne i ma\u0142e jaskinie wzd\u0142u\u017c wybrze\u017ca w pobli\u017cu Albufeiry.<br data-start=\"2357\" data-end=\"2360\"\/><strong data-start=\"2360\" data-end=\"2371\">Punkt startowy:<\/strong> Start z pla\u017cy Arrifes i wios\u0142owanie w prawo (na zach\u00f3d) w kierunku Coelha.<br data-start=\"2434\" data-end=\"2437\"\/><strong data-start=\"2437\" data-end=\"2451\">Najlepsza pora:<\/strong> wsch\u00f3d s\u0142o\u0144ca lub wczesny poranek, wy\u0142\u0105cznie przy niewielkim falowaniu.<br data-start=\"2495\" data-end=\"2498\"\/>\ud83d\udc49 <a class=\"decorated-link\" href=\"https:\/\/maps.app.goo.gl\/7Brwkhs5KBSqHF3N8\" target=\"_blank\" rel=\"noopener\" data-start=\"2501\" data-end=\"2544\">Lokalizacja na mapie<\/a><\/p>\t\t\t\t\t\t\t\t<\/div>\n\t\t\t\t<\/div>\n\t\t\t\t<div class=\"elementor-element elementor-element-854e40e elementor-widget elementor-widget-image\" data-id=\"854e40e\" data-element_type=\"widget\" data-e-type=\"widget\" data-widget_type=\"image.default\">\n\t\t\t\t<div class=\"elementor-widget-container\">\n\t\t\t\t\t\t\t\t\t\t\t\t\t\t\t<img decoding=\"async\" width=\"800\" height=\"600\" src=\"https:\/\/oceancamper.com\/wp-content\/uploads\/2020\/12\/Praia-dos-Arrifes-Albufeira-1024x768.jpg\" class=\"attachment-large size-large wp-image-207549\" alt=\"Praia dos Arrifes w Albufeirze, w regionie Algarve w Portugalii \u2013 niewielka, zaciszna pla\u017ca ze z\u0142otymi klifami, skalnymi \u0142ukami i turkusowymi wodami Atlanicu.\" srcset=\"https:\/\/oceancamper.com\/wp-content\/uploads\/2020\/12\/Praia-dos-Arrifes-Albufeira-1024x768.jpg 1024w, https:\/\/oceancamper.com\/wp-content\/uploads\/2020\/12\/Praia-dos-Arrifes-Albufeira-300x225.jpg 300w, https:\/\/oceancamper.com\/wp-content\/uploads\/2020\/12\/Praia-dos-Arrifes-Albufeira-768x576.jpg 768w, https:\/\/oceancamper.com\/wp-content\/uploads\/2020\/12\/Praia-dos-Arrifes-Albufeira-1536x1152.jpg 1536w, https:\/\/oceancamper.com\/wp-content\/uploads\/2020\/12\/Praia-dos-Arrifes-Albufeira-2048x1536.jpg 2048w, https:\/\/oceancamper.com\/wp-content\/uploads\/2020\/12\/Praia-dos-Arrifes-Albufeira-240x180.jpg 240w\" sizes=\"(max-width: 800px) 100vw, 800px\" \/>\t\t\t\t\t\t\t\t\t\t\t\t\t\t\t<\/div>\n\t\t\t\t<\/div>\n\t\t\t\t<div class=\"elementor-element elementor-element-10a21266 elementor-widget elementor-widget-text-editor\" data-id=\"10a21266\" data-element_type=\"widget\" data-e-type=\"widget\" data-widget_type=\"text-editor.default\">\n\t\t\t\t<div class=\"elementor-widget-container\">\n\t\t\t\t\t\t\t\t\t<p data-start=\"1551\" data-end=\"1629\"><em data-start=\"1551\" data-end=\"1629\">Zdj\u0119cie &#8222;Praia dos Arrifes, 13 listopada 2013&#8221; autorstwa Beeston, <a href=\"https:\/\/commons.wikimedia.org\/wiki\/File:137PT_13_November_2013_Praia_dos_Arrifes.JPG\" target=\"_blank\" rel=\"noopener\">na licencji CC BY 3.0.<\/a><\/em><\/p>\t\t\t\t\t\t\t\t<\/div>\n\t\t\t\t<\/div>\n\t\t\t\t\t<\/div>\n\t\t<\/div>\n\t\t\t\t\t<\/div>\n\t\t<\/section>\n\t\t\t\t<section class=\"elementor-section elementor-top-section elementor-element elementor-element-769adaa7 elementor-section-stretched elementor-section-boxed elementor-section-height-default elementor-section-height-default\" data-id=\"769adaa7\" data-element_type=\"section\" data-e-type=\"section\" id=\"Albandeira\" data-settings=\"{&quot;stretch_section&quot;:&quot;section-stretched&quot;,&quot;background_background&quot;:&quot;classic&quot;}\">\n\t\t\t\t\t\t<div class=\"elementor-container elementor-column-gap-default\">\n\t\t\t\t\t<div class=\"elementor-column elementor-col-100 elementor-top-column elementor-element elementor-element-7ccb364b\" data-id=\"7ccb364b\" data-element_type=\"column\" data-e-type=\"column\">\n\t\t\t<div class=\"elementor-widget-wrap elementor-element-populated\">\n\t\t\t\t\t\t<div class=\"elementor-element elementor-element-ef274dc elementor-widget elementor-widget-menu-anchor\" data-id=\"ef274dc\" data-element_type=\"widget\" data-e-type=\"widget\" data-widget_type=\"menu-anchor.default\">\n\t\t\t\t<div class=\"elementor-widget-container\">\n\t\t\t\t\t\t\t<div class=\"elementor-menu-anchor\" id=\"Albandeira\"><\/div>\n\t\t\t\t\t\t<\/div>\n\t\t\t\t<\/div>\n\t\t\t\t<div class=\"elementor-element elementor-element-7b900c23 elementor-widget elementor-widget-heading\" data-id=\"7b900c23\" data-element_type=\"widget\" data-e-type=\"widget\" data-widget_type=\"heading.default\">\n\t\t\t\t<div class=\"elementor-widget-container\">\n\t\t\t\t\t<h2 class=\"elementor-heading-title elementor-size-default\">\ud83c\udfd6\ufe0f 3. Praia da Albandeira - \u0141uk i ukryte zatoczki <\/h2>\t\t\t\t<\/div>\n\t\t\t\t<\/div>\n\t\t\t\t<div class=\"elementor-element elementor-element-8bc4f75 elementor-widget elementor-widget-text-editor\" data-id=\"8bc4f75\" data-element_type=\"widget\" data-e-type=\"widget\" data-widget_type=\"text-editor.default\">\n\t\t\t\t<div class=\"elementor-widget-container\">\n\t\t\t\t\t\t\t\t\t<p data-start=\"2612\" data-end=\"2901\"><strong data-start=\"2612\" data-end=\"2622\">Poziom:<\/strong> \u015bredniozaawansowany<br data-start=\"2635\" data-end=\"2638\"\/><strong data-start=\"2638\" data-end=\"2653\">Atrakcje:<\/strong> naturalny \u0142uk skalny Albandeira oraz ma\u0142e jaskinie morskie.<br data-start=\"2702\" data-end=\"2705\"\/><strong data-start=\"2705\" data-end=\"2716\">Miejsce startu:<\/strong> pla\u017ca Albandeira.<br data-start=\"2734\" data-end=\"2737\"\/><strong data-start=\"2737\" data-end=\"2751\">P\u0142ywy\/wiatr:<\/strong> \u015bredni poziom wody, niewielkie fale, spokojny wiatr.<br data-start=\"2783\" data-end=\"2786\"\/><strong data-start=\"2786\" data-end=\"2795\">Uwaga:<\/strong> we\u017a ze sob\u0105 wodoodporny aparat \u2013 idealne odbicia wschodu s\u0142o\u0144ca.<br data-start=\"2852\" data-end=\"2855\"\/>\ud83d\udc49 <a class=\"decorated-link\" href=\"https:\/\/maps.app.goo.gl\/o5pDzc79Ejtk3TwB7\" target=\"_blank\" rel=\"noopener\" data-start=\"2858\" data-end=\"2901\">Lokalizacja na mapie<\/a><\/p>\t\t\t\t\t\t\t\t<\/div>\n\t\t\t\t<\/div>\n\t\t\t\t<div class=\"elementor-element elementor-element-726a0656 elementor-widget elementor-widget-image\" data-id=\"726a0656\" data-element_type=\"widget\" data-e-type=\"widget\" data-widget_type=\"image.default\">\n\t\t\t\t<div class=\"elementor-widget-container\">\n\t\t\t\t\t\t\t\t\t\t\t\t\t\t\t<img loading=\"lazy\" decoding=\"async\" width=\"800\" height=\"533\" src=\"https:\/\/oceancamper.com\/wp-content\/uploads\/2020\/12\/Arco_da_Albandeira_Lagoa_Algarve.jpg\" class=\"attachment-large size-large wp-image-208106\" alt=\"Naturalny kamienny \u0142uk na pla\u017cy Albandeira w Lagoa, Algarve, Portugalia, z turkusow\u0105 wod\u0105 i z\u0142otymi klifami.\" srcset=\"https:\/\/oceancamper.com\/wp-content\/uploads\/2020\/12\/Arco_da_Albandeira_Lagoa_Algarve.jpg 960w, https:\/\/oceancamper.com\/wp-content\/uploads\/2020\/12\/Arco_da_Albandeira_Lagoa_Algarve-300x200.jpg 300w, https:\/\/oceancamper.com\/wp-content\/uploads\/2020\/12\/Arco_da_Albandeira_Lagoa_Algarve-768x512.jpg 768w, https:\/\/oceancamper.com\/wp-content\/uploads\/2020\/12\/Arco_da_Albandeira_Lagoa_Algarve-240x160.jpg 240w\" sizes=\"(max-width: 800px) 100vw, 800px\" \/>\t\t\t\t\t\t\t\t\t\t\t\t\t\t\t<\/div>\n\t\t\t\t<\/div>\n\t\t\t\t<div class=\"elementor-element elementor-element-56b3fbd elementor-widget elementor-widget-text-editor\" data-id=\"56b3fbd\" data-element_type=\"widget\" data-e-type=\"widget\" data-widget_type=\"text-editor.default\">\n\t\t\t\t<div class=\"elementor-widget-container\">\n\t\t\t\t\t\t\t\t\t<p data-start=\"1551\" data-end=\"1629\">Zdj\u0119cie &#8222;Arco da Albandeira, Lagoa (Algarve)&#8221; autorstwa Alvesgaspar, na licencji<a href=\"https:\/\/commons.wikimedia.org\/wiki\/File:Arco_da_Albandeira,_Lagoa_(Algarve).jpg\" target=\"_blank\" rel=\"noopener\"> CC BY-SA 4.0.<\/a><\/p>\t\t\t\t\t\t\t\t<\/div>\n\t\t\t\t<\/div>\n\t\t\t\t\t<\/div>\n\t\t<\/div>\n\t\t\t\t\t<\/div>\n\t\t<\/section>\n\t\t\t\t<section class=\"elementor-section elementor-top-section elementor-element elementor-element-6781a86c elementor-section-stretched elementor-section-boxed elementor-section-height-default elementor-section-height-default\" data-id=\"6781a86c\" data-element_type=\"section\" data-e-type=\"section\" id=\"benagil\" data-settings=\"{&quot;stretch_section&quot;:&quot;section-stretched&quot;,&quot;background_background&quot;:&quot;classic&quot;}\">\n\t\t\t\t\t\t<div class=\"elementor-container elementor-column-gap-default\">\n\t\t\t\t\t<div class=\"elementor-column elementor-col-100 elementor-top-column elementor-element elementor-element-33ffc835\" data-id=\"33ffc835\" data-element_type=\"column\" data-e-type=\"column\">\n\t\t\t<div class=\"elementor-widget-wrap elementor-element-populated\">\n\t\t\t\t\t\t<div class=\"elementor-element elementor-element-19ab0747 elementor-widget elementor-widget-heading\" data-id=\"19ab0747\" data-element_type=\"widget\" data-e-type=\"widget\" data-widget_type=\"heading.default\">\n\t\t\t\t<div class=\"elementor-widget-container\">\n\t\t\t\t\t<h2 class=\"elementor-heading-title elementor-size-default\">\ud83c\udfd6\ufe0f 4. Jaskinia Benagil - tylko wycieczki z przewodnikiem <\/h2>\t\t\t\t<\/div>\n\t\t\t\t<\/div>\n\t\t\t\t<div class=\"elementor-element elementor-element-2961a86 elementor-widget elementor-widget-text-editor\" data-id=\"2961a86\" data-element_type=\"widget\" data-e-type=\"widget\" data-widget_type=\"text-editor.default\">\n\t\t\t\t<div class=\"elementor-widget-container\">\n\t\t\t\t\t\t\t\t\t<p><strong data-start=\"2956\" data-end=\"2966\">Poziom:<\/strong> \u015bredniozaawansowany<br data-start=\"2979\" data-end=\"2982\"\/><strong data-start=\"2982\" data-end=\"2997\">Najwa\u017cniejsze atrakcje:<\/strong> S\u0142ynna jaskinia morska w Benagil z kopu\u0142\u0105 przypominaj\u0105c\u0105 \u015bwietlik i turkusow\u0105 wod\u0105.<br data-start=\"3069\" data-end=\"3072\"\/><strong data-start=\"3072\" data-end=\"3083\">Miejsce startu:<\/strong> Z pla\u017cy w Benagil lub pobliskich punkt\u00f3w startowych na wybrze\u017cu.<br data-start=\"3138\" data-end=\"3141\"\/><strong data-start=\"3141\" data-end=\"3155\">Wa\u017cne:<\/strong> \ud83d\uded1 <strong data-start=\"3159\" data-end=\"3228\">Samodzielne wios\u0142owanie wewn\u0105trz jaskini w Benagil nie jest ju\u017c dozwolone.<\/strong><br data-start=\"3228\" data-end=\"3231\"\/>Ze wzgl\u0119d\u00f3w bezpiecze\u0144stwa i ochrony \u015brodowiska wst\u0119p jest obecnie <strong data-start=\"3245\" data-end=\"3280\">ograniczony wy\u0142\u0105cznie do wycieczek z przewodnikiem<\/strong>.<br data-start=\"3322\" data-end=\"3325\"\/><strong data-start=\"3325\" data-end=\"3341\">Alternatywa:<\/strong> Do\u0142\u0105cz do lokalnej wycieczki z przewodnikiem na desce SUP lub kajaku \u2014 jest to bezpieczniejsze, a i tak r\u00f3wnie magiczne!<br data-start=\"3411\" data-end=\"3414\"\/>\ud83d\udc49 <a class=\"decorated-link\" href=\"https:\/\/maps.app.goo.gl\/H2ahEQ96aaBMnsZ89\" target=\"_blank\" rel=\"noopener\" data-start=\"3417\" data-end=\"3460\">Lokalizacja na mapie<\/a><\/p>\t\t\t\t\t\t\t\t<\/div>\n\t\t\t\t<\/div>\n\t\t\t\t<div class=\"elementor-element elementor-element-38be785 elementor-widget elementor-widget-image\" data-id=\"38be785\" data-element_type=\"widget\" data-e-type=\"widget\" data-widget_type=\"image.default\">\n\t\t\t\t<div class=\"elementor-widget-container\">\n\t\t\t\t\t\t\t\t\t\t\t\t\t\t\t<img loading=\"lazy\" decoding=\"async\" width=\"800\" height=\"533\" src=\"https:\/\/oceancamper.com\/wp-content\/uploads\/2020\/12\/benagil-cave-algarve-portugal-sea-cave-SUP-1.jpg-1.jpg\" class=\"attachment-large size-large wp-image-208113\" alt=\"Paddleboarding w pobli\u017cu jaskini Benagil w Algarve w Portugalii, z turkusow\u0105 wod\u0105, \u015bwiat\u0142em s\u0142onecznym przez kopu\u0142\u0119 jaskini i ma\u0142\u0105 \u0142\u00f3dk\u0105 w \u015brodku.\" srcset=\"https:\/\/oceancamper.com\/wp-content\/uploads\/2020\/12\/benagil-cave-algarve-portugal-sea-cave-SUP-1.jpg-1.jpg 960w, https:\/\/oceancamper.com\/wp-content\/uploads\/2020\/12\/benagil-cave-algarve-portugal-sea-cave-SUP-1.jpg-1-300x200.jpg 300w, https:\/\/oceancamper.com\/wp-content\/uploads\/2020\/12\/benagil-cave-algarve-portugal-sea-cave-SUP-1.jpg-1-768x512.jpg 768w, https:\/\/oceancamper.com\/wp-content\/uploads\/2020\/12\/benagil-cave-algarve-portugal-sea-cave-SUP-1.jpg-1-240x160.jpg 240w\" sizes=\"(max-width: 800px) 100vw, 800px\" \/>\t\t\t\t\t\t\t\t\t\t\t\t\t\t\t<\/div>\n\t\t\t\t<\/div>\n\t\t\t\t<div class=\"elementor-element elementor-element-ebf42be elementor-widget elementor-widget-text-editor\" data-id=\"ebf42be\" data-element_type=\"widget\" data-e-type=\"widget\" data-widget_type=\"text-editor.default\">\n\t\t\t\t<div class=\"elementor-widget-container\">\n\t\t\t\t\t\t\t\t\t<p data-start=\"1551\" data-end=\"1629\">Zdj\u0119cie &#8222;Sea cave near Carvoeiro (52859676063).jpg&#8221; autorstwa <a class=\"external text\" href=\"https:\/\/www.flickr.com\/people\/27637794@N05\" rel=\"nofollow\">Marty B<\/a>, na licencji <a href=\"https:\/\/commons.wikimedia.org\/wiki\/File:Sea_cave_near_Carvoeiro_(52859676063).jpg\" target=\"_blank\" rel=\"noopener\">CC BY 3.0<\/a>.<\/p>\t\t\t\t\t\t\t\t<\/div>\n\t\t\t\t<\/div>\n\t\t\t\t\t<\/div>\n\t\t<\/div>\n\t\t\t\t\t<\/div>\n\t\t<\/section>\n\t\t\t\t<section class=\"elementor-section elementor-top-section elementor-element elementor-element-348298d2 elementor-section-stretched elementor-section-boxed elementor-section-height-default elementor-section-height-default\" data-id=\"348298d2\" data-element_type=\"section\" data-e-type=\"section\" id=\"alvor\" data-settings=\"{&quot;stretch_section&quot;:&quot;section-stretched&quot;,&quot;background_background&quot;:&quot;classic&quot;}\">\n\t\t\t\t\t\t<div class=\"elementor-container elementor-column-gap-default\">\n\t\t\t\t\t<div class=\"elementor-column elementor-col-100 elementor-top-column elementor-element elementor-element-c16e1af\" data-id=\"c16e1af\" data-element_type=\"column\" data-e-type=\"column\">\n\t\t\t<div class=\"elementor-widget-wrap elementor-element-populated\">\n\t\t\t\t\t\t<div class=\"elementor-element elementor-element-3fc2fb47 elementor-widget elementor-widget-heading\" data-id=\"3fc2fb47\" data-element_type=\"widget\" data-e-type=\"widget\" data-widget_type=\"heading.default\">\n\t\t\t\t<div class=\"elementor-widget-container\">\n\t\t\t\t\t<h2 class=\"elementor-heading-title elementor-size-default\">\ud83c\udfd6\ufe0f 5. Alvor (Praia do Alem\u00e3o do Prainha) <\/h2>\t\t\t\t<\/div>\n\t\t\t\t<\/div>\n\t\t\t\t<div class=\"elementor-element elementor-element-2d7f8e20 elementor-widget elementor-widget-text-editor\" data-id=\"2d7f8e20\" data-element_type=\"widget\" data-e-type=\"widget\" data-widget_type=\"text-editor.default\">\n\t\t\t\t<div class=\"elementor-widget-container\">\n\t\t\t\t\t\t\t\t\t<p data-start=\"3517\" data-end=\"3755\"><strong data-start=\"3517\" data-end=\"3527\">Poziom:<\/strong> pocz\u0105tkuj\u0105cy\u2013\u015bredniozaawansowany<br data-start=\"3549\" data-end=\"3552\"\/><strong data-start=\"3552\" data-end=\"3567\">Najwa\u017cniejsze atrakcje:<\/strong> ma\u0142e zatoczki i spokojne pla\u017ce dost\u0119pne wy\u0142\u0105cznie od strony morza.<br data-start=\"3627\" data-end=\"3630\"\/><strong data-start=\"3630\" data-end=\"3641\">Miejsce startu:<\/strong> Praia do Alem\u00e3o.<br data-start=\"3658\" data-end=\"3661\"\/><strong data-start=\"3661\" data-end=\"3675\">Fale\/wiatr:<\/strong> niewielkie fale, najlepiej wczesnym rankiem.<br data-start=\"3706\" data-end=\"3709\"\/>\ud83d\udc49 <a class=\"decorated-link\" href=\"https:\/\/maps.app.goo.gl\/2rUg6C2SdkLRR1Qz9\" target=\"_blank\" rel=\"noopener\" data-start=\"3712\" data-end=\"3755\">Lokalizacja na mapie<\/a><\/p>\t\t\t\t\t\t\t\t<\/div>\n\t\t\t\t<\/div>\n\t\t\t\t<div class=\"elementor-element elementor-element-7105e9a8 elementor-widget elementor-widget-image\" data-id=\"7105e9a8\" data-element_type=\"widget\" data-e-type=\"widget\" data-widget_type=\"image.default\">\n\t\t\t\t<div class=\"elementor-widget-container\">\n\t\t\t\t\t\t\t\t\t\t\t\t\t\t\t<img loading=\"lazy\" decoding=\"async\" width=\"800\" height=\"533\" src=\"https:\/\/oceancamper.com\/wp-content\/uploads\/2020\/12\/praia-do-alemao-sup-algarve.jpg\" class=\"attachment-large size-large wp-image-208108\" alt=\"Pla\u017ca Praia do Alem\u00e3o w Alvor w regionie Algarve w Portugalii \u2013 z\u0142ote klify, turkusowa woda i formacje skalne z \u017cagl\u00f3wk\u0105 na horyzoncie.\" srcset=\"https:\/\/oceancamper.com\/wp-content\/uploads\/2020\/12\/praia-do-alemao-sup-algarve.jpg 960w, https:\/\/oceancamper.com\/wp-content\/uploads\/2020\/12\/praia-do-alemao-sup-algarve-300x200.jpg 300w, https:\/\/oceancamper.com\/wp-content\/uploads\/2020\/12\/praia-do-alemao-sup-algarve-768x512.jpg 768w, https:\/\/oceancamper.com\/wp-content\/uploads\/2020\/12\/praia-do-alemao-sup-algarve-240x160.jpg 240w\" sizes=\"(max-width: 800px) 100vw, 800px\" \/>\t\t\t\t\t\t\t\t\t\t\t\t\t\t\t<\/div>\n\t\t\t\t<\/div>\n\t\t\t\t<div class=\"elementor-element elementor-element-e5fdd20 elementor-widget elementor-widget-text-editor\" data-id=\"e5fdd20\" data-element_type=\"widget\" data-e-type=\"widget\" data-widget_type=\"text-editor.default\">\n\t\t\t\t<div class=\"elementor-widget-container\">\n\t\t\t\t\t\t\t\t\t<p data-start=\"1551\" data-end=\"1629\">Praia do Alem\u00e3o 2017 09.jpg&#8221; autorstwa Jos\u00e9olgon, na licencji <a href=\"https:\/\/commons.wikimedia.org\/wiki\/File:Praia_do_Alem%C3%A3o_2017_09.jpg\" target=\"_blank\" rel=\"noopener\">CC BY-SA 4.0<\/a><\/p>\t\t\t\t\t\t\t\t<\/div>\n\t\t\t\t<\/div>\n\t\t\t\t\t<\/div>\n\t\t<\/div>\n\t\t\t\t\t<\/div>\n\t\t<\/section>\n\t\t\t\t<section class=\"elementor-section elementor-top-section elementor-element elementor-element-2a52a3f9 elementor-section-stretched elementor-section-boxed elementor-section-height-default elementor-section-height-default\" data-id=\"2a52a3f9\" data-element_type=\"section\" data-e-type=\"section\" id=\"piedade\" data-settings=\"{&quot;stretch_section&quot;:&quot;section-stretched&quot;,&quot;background_background&quot;:&quot;classic&quot;}\">\n\t\t\t\t\t\t<div class=\"elementor-container elementor-column-gap-default\">\n\t\t\t\t\t<div class=\"elementor-column elementor-col-100 elementor-top-column elementor-element elementor-element-2ee09fba\" data-id=\"2ee09fba\" data-element_type=\"column\" data-e-type=\"column\">\n\t\t\t<div class=\"elementor-widget-wrap elementor-element-populated\">\n\t\t\t\t\t\t<div class=\"elementor-element elementor-element-16f9f885 elementor-widget elementor-widget-heading\" data-id=\"16f9f885\" data-element_type=\"widget\" data-e-type=\"widget\" data-widget_type=\"heading.default\">\n\t\t\t\t<div class=\"elementor-widget-container\">\n\t\t\t\t\t<h2 class=\"elementor-heading-title elementor-size-default\">\ud83c\udfd6\ufe0f 6. Ponta da Piedade - Klify Lagos <\/h2>\t\t\t\t<\/div>\n\t\t\t\t<\/div>\n\t\t\t\t<div class=\"elementor-element elementor-element-559e961c elementor-widget elementor-widget-text-editor\" data-id=\"559e961c\" data-element_type=\"widget\" data-e-type=\"widget\" data-widget_type=\"text-editor.default\">\n\t\t\t\t<div class=\"elementor-widget-container\">\n\t\t\t\t\t\t\t\t\t<p><strong data-start=\"3809\" data-end=\"3819\">Poziom trudno\u015bci:<\/strong> \u015bredniozaawansowany<br data-start=\"3832\" data-end=\"3835\"\/><strong data-start=\"3835\" data-end=\"3850\">Najwa\u017cniejsze atrakcje:<\/strong> z\u0142ote klify, skalne \u0142uki i krystalicznie czysta woda.<br data-start=\"3903\" data-end=\"3906\"\/><strong data-start=\"3906\" data-end=\"3917\">Miejsce startu:<\/strong> Praia do Camilo lub Praia Dona Ana.<br data-start=\"3952\" data-end=\"3955\"\/><strong data-start=\"3955\" data-end=\"3969\">P\u0142ywy\/wiatr:<\/strong> warto wybra\u0107 si\u0119 o \u015bwicie, aby cieszy\u0107 si\u0119 spokojnymi warunkami i pi\u0119knym \u015bwiat\u0142em.<br data-start=\"4021\" data-end=\"4024\"\/>\ud83d\udc49 <a class=\"decorated-link\" href=\"https:\/\/maps.app.goo.gl\/ZbfPs1HAYNddooh26\" target=\"_blank\" rel=\"noopener\" data-start=\"4027\" data-end=\"4070\">Lokalizacja na mapie<\/a><\/p>\t\t\t\t\t\t\t\t<\/div>\n\t\t\t\t<\/div>\n\t\t\t\t<div class=\"elementor-element elementor-element-41ecdeff elementor-widget elementor-widget-image\" data-id=\"41ecdeff\" data-element_type=\"widget\" data-e-type=\"widget\" data-widget_type=\"image.default\">\n\t\t\t\t<div class=\"elementor-widget-container\">\n\t\t\t\t\t\t\t\t\t\t\t\t\t\t\t<img loading=\"lazy\" decoding=\"async\" width=\"800\" height=\"223\" src=\"https:\/\/oceancamper.com\/wp-content\/uploads\/2020\/12\/ponta-da-piedade-sup-algarve-1.jpg\" class=\"attachment-large size-large wp-image-208114\" alt=\"Sp\u0142ywy na deskach SUP i wycieczki \u0142odzi\u0105 w Ponta da Piedade, Lagos, Algarve \u2013 z\u0142ote klify, \u0142uki skalne i turkusowa woda.\" srcset=\"https:\/\/oceancamper.com\/wp-content\/uploads\/2020\/12\/ponta-da-piedade-sup-algarve-1.jpg 960w, https:\/\/oceancamper.com\/wp-content\/uploads\/2020\/12\/ponta-da-piedade-sup-algarve-1-300x83.jpg 300w, https:\/\/oceancamper.com\/wp-content\/uploads\/2020\/12\/ponta-da-piedade-sup-algarve-1-768x214.jpg 768w, https:\/\/oceancamper.com\/wp-content\/uploads\/2020\/12\/ponta-da-piedade-sup-algarve-1-240x67.jpg 240w\" sizes=\"(max-width: 800px) 100vw, 800px\" \/>\t\t\t\t\t\t\t\t\t\t\t\t\t\t\t<\/div>\n\t\t\t\t<\/div>\n\t\t\t\t<div class=\"elementor-element elementor-element-78d74af elementor-widget elementor-widget-text-editor\" data-id=\"78d74af\" data-element_type=\"widget\" data-e-type=\"widget\" data-widget_type=\"text-editor.default\">\n\t\t\t\t<div class=\"elementor-widget-container\">\n\t\t\t\t\t\t\t\t\t<p>Zdj\u0119cie <em data-start=\"55\" data-end=\"104\">&#8222;Ponta da Piedade pano.jpg&#8221;<\/em> autorstwa <a class=\"mw-redirect\" title=\"U\u017cytkownik:Dicklyon\" href=\"https:\/\/commons.wikimedia.org\/wiki\/User:Dicklyon\">Dicklyon<\/a>, na licencji <a class=\"decorated-link\" href=\"https:\/\/commons.wikimedia.org\/wiki\/File:Ponta_da_Piedade_pano.jpg\" target=\"_blank\" rel=\"noopener\" data-start=\"136\" data-end=\"193\">CC BY 2.0.<\/a><\/p>\t\t\t\t\t\t\t\t<\/div>\n\t\t\t\t<\/div>\n\t\t\t\t\t<\/div>\n\t\t<\/div>\n\t\t\t\t\t<\/div>\n\t\t<\/section>\n\t\t\t\t<section class=\"elementor-section elementor-top-section elementor-element elementor-element-7e4a9cbe elementor-section-stretched elementor-section-boxed elementor-section-height-default elementor-section-height-default\" data-id=\"7e4a9cbe\" data-element_type=\"section\" data-e-type=\"section\" id=\"milfontes\" data-settings=\"{&quot;stretch_section&quot;:&quot;section-stretched&quot;,&quot;background_background&quot;:&quot;classic&quot;}\">\n\t\t\t\t\t\t<div class=\"elementor-container elementor-column-gap-default\">\n\t\t\t\t\t<div class=\"elementor-column elementor-col-100 elementor-top-column elementor-element elementor-element-4427078b\" data-id=\"4427078b\" data-element_type=\"column\" data-e-type=\"column\">\n\t\t\t<div class=\"elementor-widget-wrap elementor-element-populated\">\n\t\t\t\t\t\t<div class=\"elementor-element elementor-element-48c9fd0e elementor-widget elementor-widget-heading\" data-id=\"48c9fd0e\" data-element_type=\"widget\" data-e-type=\"widget\" data-widget_type=\"heading.default\">\n\t\t\t\t<div class=\"elementor-widget-container\">\n\t\t\t\t\t<h2 class=\"elementor-heading-title elementor-size-default\">\ud83c\udfde\ufe0f 7. Vila Nova de Milfontes - rzeka Mira (Alentejo) <\/h2>\t\t\t\t<\/div>\n\t\t\t\t<\/div>\n\t\t\t\t<div class=\"elementor-element elementor-element-7eb7ad3c elementor-widget elementor-widget-text-editor\" data-id=\"7eb7ad3c\" data-element_type=\"widget\" data-e-type=\"widget\" data-widget_type=\"text-editor.default\">\n\t\t\t\t<div class=\"elementor-widget-container\">\n\t\t\t\t\t\t\t\t\t<p><strong data-start=\"4139\" data-end=\"4149\">Poziom:<\/strong> Pocz\u0105tkuj\u0105cy+<br data-start=\"4159\" data-end=\"4162\"\/><strong data-start=\"4162\" data-end=\"4177\">Atrakcje:<\/strong> Spokojna wios\u0142owanie po rzece z widokiem na wydmy i miasto.<br data-start=\"4224\" data-end=\"4227\"\/><strong data-start=\"4227\" data-end=\"4238\">Miejsce startu:<\/strong> Pla\u017ca nad rzek\u0105 w pobli\u017cu wsi.<br data-start=\"4268\" data-end=\"4271\"\/><strong data-start=\"4271\" data-end=\"4281\">Miejsca, kt\u00f3rych nale\u017cy unika\u0107:<\/strong> Uj\u015bcie rzeki \u2014 silne pr\u0105dy.<br data-start=\"4320\" data-end=\"4323\"\/>\ud83d\udc49 <a class=\"decorated-link\" href=\"https:\/\/maps.app.goo.gl\/fw6mrCUfYTXXV1aw8\" target=\"_blank\" rel=\"noopener\" data-start=\"4326\" data-end=\"4369\">Lokalizacja na mapie<\/a><\/p>\t\t\t\t\t\t\t\t<\/div>\n\t\t\t\t<\/div>\n\t\t\t\t<div class=\"elementor-element elementor-element-6c53d04c elementor-widget elementor-widget-image\" data-id=\"6c53d04c\" data-element_type=\"widget\" data-e-type=\"widget\" data-widget_type=\"image.default\">\n\t\t\t\t<div class=\"elementor-widget-container\">\n\t\t\t\t\t\t\t\t\t\t\t\t\t\t\t<img loading=\"lazy\" decoding=\"async\" width=\"800\" height=\"600\" src=\"https:\/\/oceancamper.com\/wp-content\/uploads\/2020\/12\/vila-nova-de-milfontes-sup-portugal.jpg\" class=\"attachment-large size-large wp-image-208110\" alt=\"Widok na Vila Nova de Milfontes w regionie Alentejo w Portugalii \u2013 pla\u017ca nad rzek\u0105 z turkusow\u0105 wod\u0105, klifami i bia\u0142ymi domami po\u0142o\u017conymi wy\u017cej.\" srcset=\"https:\/\/oceancamper.com\/wp-content\/uploads\/2020\/12\/vila-nova-de-milfontes-sup-portugal.jpg 800w, https:\/\/oceancamper.com\/wp-content\/uploads\/2020\/12\/vila-nova-de-milfontes-sup-portugal-300x225.jpg 300w, https:\/\/oceancamper.com\/wp-content\/uploads\/2020\/12\/vila-nova-de-milfontes-sup-portugal-768x576.jpg 768w, https:\/\/oceancamper.com\/wp-content\/uploads\/2020\/12\/vila-nova-de-milfontes-sup-portugal-240x180.jpg 240w\" sizes=\"(max-width: 800px) 100vw, 800px\" \/>\t\t\t\t\t\t\t\t\t\t\t\t\t\t\t<\/div>\n\t\t\t\t<\/div>\n\t\t\t\t<div class=\"elementor-element elementor-element-1bb929c elementor-widget elementor-widget-text-editor\" data-id=\"1bb929c\" data-element_type=\"widget\" data-e-type=\"widget\" data-widget_type=\"text-editor.default\">\n\t\t\t\t<div class=\"elementor-widget-container\">\n\t\t\t\t\t\t\t\t\t<p>Zdj\u0119cie &#8222;Vila Nova de Milfontes.jpg&#8221; autorstwa Francisco Santos (Xuaxo), na licencji <a class=\"decorated-link cursor-pointer\" href=\"https:\/\/commons.wikimedia.org\/wiki\/File:Vila_Nova_de_Milfontes.jpg\" target=\"_blank\" rel=\"noopener\" data-start=\"81\" data-end=\"144\">CC BY-SA 3.0<\/a><\/p>\t\t\t\t\t\t\t\t<\/div>\n\t\t\t\t<\/div>\n\t\t\t\t\t<\/div>\n\t\t<\/div>\n\t\t\t\t\t<\/div>\n\t\t<\/section>\n\t\t\t\t<section class=\"elementor-section elementor-top-section elementor-element elementor-element-19ee9ca1 elementor-section-stretched elementor-section-boxed elementor-section-height-default elementor-section-height-default\" data-id=\"19ee9ca1\" data-element_type=\"section\" data-e-type=\"section\" id=\"arade\" data-settings=\"{&quot;stretch_section&quot;:&quot;section-stretched&quot;,&quot;background_background&quot;:&quot;classic&quot;}\">\n\t\t\t\t\t\t<div class=\"elementor-container elementor-column-gap-default\">\n\t\t\t\t\t<div class=\"elementor-column elementor-col-100 elementor-top-column elementor-element elementor-element-317e2be1\" data-id=\"317e2be1\" data-element_type=\"column\" data-e-type=\"column\">\n\t\t\t<div class=\"elementor-widget-wrap elementor-element-populated\">\n\t\t\t\t\t\t<div class=\"elementor-element elementor-element-705ec91b elementor-widget elementor-widget-heading\" data-id=\"705ec91b\" data-element_type=\"widget\" data-e-type=\"widget\" data-widget_type=\"heading.default\">\n\t\t\t\t<div class=\"elementor-widget-container\">\n\t\t\t\t\t<h2 class=\"elementor-heading-title elementor-size-default\">\ud83c\udf3f 8. Barragem do Arade - Le\u015bne jezioro <\/h2>\t\t\t\t<\/div>\n\t\t\t\t<\/div>\n\t\t\t\t<div class=\"elementor-element elementor-element-26902f37 elementor-widget elementor-widget-text-editor\" data-id=\"26902f37\" data-element_type=\"widget\" data-e-type=\"widget\" data-widget_type=\"text-editor.default\">\n\t\t\t\t<div class=\"elementor-widget-container\">\n\t\t\t\t\t\t\t\t\t<p><strong data-start=\"4422\" data-end=\"4432\">Poziom:<\/strong> pocz\u0105tkuj\u0105cy<br data-start=\"4441\" data-end=\"4444\"\/><strong data-start=\"4444\" data-end=\"4459\">Atrakcje:<\/strong> Spokojne wios\u0142owanie po spokojnej wodzie w otoczeniu sosen.<br data-start=\"4514\" data-end=\"4517\"\/><strong data-start=\"4517\" data-end=\"4528\">Dojazd:<\/strong> Wodowanie z brzegu w pobli\u017cu g\u0142\u00f3wnego wej\u015bcia do tamy.<br data-start=\"4567\" data-end=\"4570\"\/><strong data-start=\"4570\" data-end=\"4580\">Uwagi:<\/strong> Nale\u017cy zabra\u0107 ze sob\u0105 wod\u0119 i przek\u0105ski \u2013 w pobli\u017cu nie ma \u017cadnych punkt\u00f3w us\u0142ugowych.<br data-start=\"4625\" data-end=\"4628\"\/>\ud83d\udc49 <a class=\"decorated-link\" href=\"https:\/\/goo.gl\/maps\/W1rKMB2PJqvU1rJaA\" target=\"_blank\" rel=\"noopener\" data-start=\"4631\" data-end=\"4674\">Lokalizacja na mapie<\/a><\/p>\t\t\t\t\t\t\t\t<\/div>\n\t\t\t\t<\/div>\n\t\t\t\t<div class=\"elementor-element elementor-element-eac133b elementor-widget elementor-widget-image\" data-id=\"eac133b\" data-element_type=\"widget\" data-e-type=\"widget\" data-widget_type=\"image.default\">\n\t\t\t\t<div class=\"elementor-widget-container\">\n\t\t\t\t\t\t\t\t\t\t\t\t\t\t\t<img loading=\"lazy\" decoding=\"async\" width=\"800\" height=\"600\" src=\"https:\/\/oceancamper.com\/wp-content\/uploads\/2020\/12\/algarve-lakes-sup.jpg\" class=\"attachment-large size-large wp-image-206972\" alt=\"Paddleboarding Algarve jeziora SUP Algarve Barragem do Arade\" srcset=\"https:\/\/oceancamper.com\/wp-content\/uploads\/2020\/12\/algarve-lakes-sup.jpg 1024w, https:\/\/oceancamper.com\/wp-content\/uploads\/2020\/12\/algarve-lakes-sup-300x225.jpg 300w, https:\/\/oceancamper.com\/wp-content\/uploads\/2020\/12\/algarve-lakes-sup-768x576.jpg 768w\" sizes=\"(max-width: 800px) 100vw, 800px\" \/>\t\t\t\t\t\t\t\t\t\t\t\t\t\t\t<\/div>\n\t\t\t\t<\/div>\n\t\t\t\t\t<\/div>\n\t\t<\/div>\n\t\t\t\t\t<\/div>\n\t\t<\/section>\n\t\t\t\t<section class=\"elementor-section elementor-top-section elementor-element elementor-element-4752571 elementor-section-stretched elementor-section-boxed elementor-section-height-default elementor-section-height-default\" data-id=\"4752571\" data-element_type=\"section\" data-e-type=\"section\" id=\"funcho\" data-settings=\"{&quot;stretch_section&quot;:&quot;section-stretched&quot;,&quot;background_background&quot;:&quot;classic&quot;}\">\n\t\t\t\t\t\t<div class=\"elementor-container elementor-column-gap-default\">\n\t\t\t\t\t<div class=\"elementor-column elementor-col-100 elementor-top-column elementor-element elementor-element-cfe1336\" data-id=\"cfe1336\" data-element_type=\"column\" data-e-type=\"column\">\n\t\t\t<div class=\"elementor-widget-wrap elementor-element-populated\">\n\t\t\t\t\t\t<div class=\"elementor-element elementor-element-47c36e0 elementor-widget elementor-widget-heading\" data-id=\"47c36e0\" data-element_type=\"widget\" data-e-type=\"widget\" data-widget_type=\"heading.default\">\n\t\t\t\t<div class=\"elementor-widget-container\">\n\t\t\t\t\t<h2 class=\"elementor-heading-title elementor-size-default\">\ud83c\udf3f 9. Barragem do Funcho - Cichy zbiornik wodny <\/h2>\t\t\t\t<\/div>\n\t\t\t\t<\/div>\n\t\t\t\t<div class=\"elementor-element elementor-element-9b9bbaa elementor-widget elementor-widget-text-editor\" data-id=\"9b9bbaa\" data-element_type=\"widget\" data-e-type=\"widget\" data-widget_type=\"text-editor.default\">\n\t\t\t\t<div class=\"elementor-widget-container\">\n\t\t\t\t\t\t\t\t\t<p><strong data-start=\"5218\" data-end=\"5228\">Poziom:<\/strong> pocz\u0105tkuj\u0105cy<br data-start=\"5237\" data-end=\"5240\"\/><strong data-start=\"5240\" data-end=\"5255\">Atrakcje:<\/strong> d\u0142ugie, spokojne sp\u0142ywy; ptak\u00f3w.<br data-start=\"5289\" data-end=\"5292\"\/><strong data-start=\"5292\" data-end=\"5303\">Miejsce wodowania:<\/strong> publiczne punkty dost\u0119pu na brzegu.<br data-start=\"5338\" data-end=\"5341\"\/><strong data-start=\"5341\" data-end=\"5355\">P\u0142ywy\/wiatr:<\/strong> nie dotyczy; nale\u017cy unika\u0107 wietrznych popo\u0142udni.<br data-start=\"5384\" data-end=\"5387\"\/><strong data-start=\"5387\" data-end=\"5405\">Parking\/uwagi:<\/strong> odleg\u0142e miejsce; nale\u017cy zabra\u0107 ze sob\u0105 wod\u0119 i przek\u0105ski.\ud83d\udc49 <a class=\"decorated-link\" href=\"https:\/\/goo.gl\/maps\/bu2wzmr4zLgRwMq96\" target=\"_blank\" rel=\"noopener\" data-start=\"4884\" data-end=\"4927\">Lokalizacja na mapie<\/a><\/p>\t\t\t\t\t\t\t\t<\/div>\n\t\t\t\t<\/div>\n\t\t\t\t<div class=\"elementor-element elementor-element-bfcc950 elementor-widget elementor-widget-image\" data-id=\"bfcc950\" data-element_type=\"widget\" data-e-type=\"widget\" data-widget_type=\"image.default\">\n\t\t\t\t<div class=\"elementor-widget-container\">\n\t\t\t\t\t\t\t\t\t\t\t\t\t\t\t<img loading=\"lazy\" decoding=\"async\" width=\"800\" height=\"528\" src=\"https:\/\/oceancamper.com\/wp-content\/uploads\/2020\/12\/barragem-do-funcho-sup-algarve.jpg\" class=\"attachment-large size-large wp-image-208111\" alt=\"Zbiornik wodny Barragem do Funcho w Silves w regionie Algarve w Portugalii \u2013 spokojne jezioro otoczone wzg\u00f3rzami i b\u0142\u0119kitnym niebem, idealne do uprawiania paddleboardingu.\" srcset=\"https:\/\/oceancamper.com\/wp-content\/uploads\/2020\/12\/barragem-do-funcho-sup-algarve.jpg 960w, https:\/\/oceancamper.com\/wp-content\/uploads\/2020\/12\/barragem-do-funcho-sup-algarve-300x198.jpg 300w, https:\/\/oceancamper.com\/wp-content\/uploads\/2020\/12\/barragem-do-funcho-sup-algarve-768x507.jpg 768w, https:\/\/oceancamper.com\/wp-content\/uploads\/2020\/12\/barragem-do-funcho-sup-algarve-240x159.jpg 240w\" sizes=\"(max-width: 800px) 100vw, 800px\" \/>\t\t\t\t\t\t\t\t\t\t\t\t\t\t\t<\/div>\n\t\t\t\t<\/div>\n\t\t\t\t<div class=\"elementor-element elementor-element-a6c1378 elementor-widget elementor-widget-text-editor\" data-id=\"a6c1378\" data-element_type=\"widget\" data-e-type=\"widget\" data-widget_type=\"text-editor.default\">\n\t\t\t\t<div class=\"elementor-widget-container\">\n\t\t\t\t\t\t\t\t\t<p>Zdj\u0119cie &#8222;Zapora Funcho na rzece Arade, Silves, Portugalia (PPL1-Corrected) julesvernex2.jpg&#8221; autorstwa Jules Verne Times Two \/ <a href=\"https:\/\/www.julesvernex2.com\" target=\"_blank\" rel=\"noopener\">julesvernex2.com<\/a>, na licencji <a class=\"decorated-link cursor-pointer\" href=\"https:\/\/commons.wikimedia.org\/wiki\/File%3AFuncho_dam_on_the_Arade_river%2C_Silves%2C_Portugal_%28PPL1-Corrected%29_julesvernex2.jpg?utm_source=chatgpt.com\" target=\"_blank\" rel=\"noopener\" data-start=\"152\" data-end=\"215\">CC BY-SA 4.0.<\/a><\/p>\t\t\t\t\t\t\t\t<\/div>\n\t\t\t\t<\/div>\n\t\t\t\t\t<\/div>\n\t\t<\/div>\n\t\t\t\t\t<\/div>\n\t\t<\/section>\n\t\t\t\t<section class=\"elementor-section elementor-top-section elementor-element elementor-element-c86ba99 elementor-section-stretched elementor-section-boxed elementor-section-height-default elementor-section-height-default\" data-id=\"c86ba99\" data-element_type=\"section\" data-e-type=\"section\" id=\"clara\" data-settings=\"{&quot;stretch_section&quot;:&quot;section-stretched&quot;,&quot;background_background&quot;:&quot;classic&quot;}\">\n\t\t\t\t\t\t<div class=\"elementor-container elementor-column-gap-default\">\n\t\t\t\t\t<div class=\"elementor-column elementor-col-100 elementor-top-column elementor-element elementor-element-331984c\" data-id=\"331984c\" data-element_type=\"column\" data-e-type=\"column\">\n\t\t\t<div class=\"elementor-widget-wrap elementor-element-populated\">\n\t\t\t\t\t\t<div class=\"elementor-element elementor-element-03b5675 elementor-widget elementor-widget-heading\" data-id=\"03b5675\" data-element_type=\"widget\" data-e-type=\"widget\" data-widget_type=\"heading.default\">\n\t\t\t\t<div class=\"elementor-widget-container\">\n\t\t\t\t\t<h2 class=\"elementor-heading-title elementor-size-default\">\ud83c\udf3f 10. Barragem de Santa Clara - ukryty klejnot <\/h2>\t\t\t\t<\/div>\n\t\t\t\t<\/div>\n\t\t\t\t<div class=\"elementor-element elementor-element-0f5cb52 elementor-widget elementor-widget-text-editor\" data-id=\"0f5cb52\" data-element_type=\"widget\" data-e-type=\"widget\" data-widget_type=\"text-editor.default\">\n\t\t\t\t<div class=\"elementor-widget-container\">\n\t\t\t\t\t\t\t\t\t<p><strong data-start=\"5478\" data-end=\"5488\">Poziom:<\/strong> Pocz\u0105tkuj\u0105cy<br data-start=\"5497\" data-end=\"5500\"><strong data-start=\"5500\" data-end=\"5515\">Najwa\u017cniejsze atrakcje:<\/strong> Jedno z najwi\u0119kszych jezior w regionie; rozleg\u0142a, spokojna woda.<br data-start=\"5573\" data-end=\"5576\"><strong data-start=\"5576\" data-end=\"5587\">Start:<\/strong> Wiele ramp\/wn\u0119k.<br data-start=\"5609\" data-end=\"5612\"><strong data-start=\"5612\" data-end=\"5626\">P\u0142ywy\/Wiatr:<\/strong> Nie dotyczy; najlepiej w spokojne dni.<br data-start=\"5650\" data-end=\"5653\"><strong data-start=\"5653\" data-end=\"5671\">Parking\/Notatki:<\/strong> \u015awietne miejsce na ca\u0142odniowy piknik. <a class=\"decorated-link\" href=\"https:\/\/goo.gl\/maps\/SKPqn8U6nQXm7tX66\" target=\"_blank\" rel=\"noopener\" data-start=\"5155\" data-end=\"5198\">Lokalizacja na mapie<\/a> <\/p>\t\t\t\t\t\t\t\t<\/div>\n\t\t\t\t<\/div>\n\t\t\t\t<div class=\"elementor-element elementor-element-0d3a8a0 elementor-widget elementor-widget-image\" data-id=\"0d3a8a0\" data-element_type=\"widget\" data-e-type=\"widget\" data-widget_type=\"image.default\">\n\t\t\t\t<div class=\"elementor-widget-container\">\n\t\t\t\t\t\t\t\t\t\t\t\t\t\t\t<img loading=\"lazy\" decoding=\"async\" width=\"800\" height=\"353\" src=\"https:\/\/oceancamper.com\/wp-content\/uploads\/2020\/12\/barragem-de-santa-clara-sup-alentejo.jpg\" class=\"attachment-large size-large wp-image-208112\" alt=\"Zapora Santa Clara w regionie Alentejo w Portugalii \u2013 spokojne, b\u0142\u0119kitne jezioro otoczone falistymi zielonymi wzg\u00f3rzami i wiejskim krajobrazem.\" srcset=\"https:\/\/oceancamper.com\/wp-content\/uploads\/2020\/12\/barragem-de-santa-clara-sup-alentejo.jpg 960w, https:\/\/oceancamper.com\/wp-content\/uploads\/2020\/12\/barragem-de-santa-clara-sup-alentejo-300x132.jpg 300w, https:\/\/oceancamper.com\/wp-content\/uploads\/2020\/12\/barragem-de-santa-clara-sup-alentejo-768x338.jpg 768w, https:\/\/oceancamper.com\/wp-content\/uploads\/2020\/12\/barragem-de-santa-clara-sup-alentejo-240x106.jpg 240w\" sizes=\"(max-width: 800px) 100vw, 800px\" \/>\t\t\t\t\t\t\t\t\t\t\t\t\t\t\t<\/div>\n\t\t\t\t<\/div>\n\t\t\t\t<div class=\"elementor-element elementor-element-ec8deaa elementor-widget elementor-widget-text-editor\" data-id=\"ec8deaa\" data-element_type=\"widget\" data-e-type=\"widget\" data-widget_type=\"text-editor.default\">\n\t\t\t\t<div class=\"elementor-widget-container\">\n\t\t\t\t\t\t\t\t\t<p>Zdj\u0119cie &#8222;Barragem de Santa Clara Alentejo (2264826229).jpg&#8221; autorstwa Guy MOLL, na licencji <a class=\"decorated-link\" href=\"https:\/\/commons.wikimedia.org\/wiki\/File:Barragem_de_Santa_Clara_Alentejo_(2264826229).jpg\" target=\"_blank\" rel=\"noopener\" data-start=\"88\" data-end=\"145\">CC BY 2.0<\/a><\/p>\t\t\t\t\t\t\t\t<\/div>\n\t\t\t\t<\/div>\n\t\t\t\t\t<\/div>\n\t\t<\/div>\n\t\t\t\t\t<\/div>\n\t\t<\/section>\n\t\t\t\t<section class=\"elementor-section elementor-top-section elementor-element elementor-element-ed51ce5 elementor-section-stretched elementor-section-boxed elementor-section-height-default elementor-section-height-default\" data-id=\"ed51ce5\" data-element_type=\"section\" data-e-type=\"section\" id=\"tips\" data-settings=\"{&quot;stretch_section&quot;:&quot;section-stretched&quot;,&quot;background_background&quot;:&quot;classic&quot;}\">\n\t\t\t\t\t\t<div class=\"elementor-container elementor-column-gap-default\">\n\t\t\t\t\t<div class=\"elementor-column elementor-col-100 elementor-top-column elementor-element elementor-element-c41125f\" data-id=\"c41125f\" data-element_type=\"column\" data-e-type=\"column\">\n\t\t\t<div class=\"elementor-widget-wrap elementor-element-populated\">\n\t\t\t\t\t\t<div class=\"elementor-element elementor-element-78e5e760 elementor-widget elementor-widget-heading\" data-id=\"78e5e760\" data-element_type=\"widget\" data-e-type=\"widget\" data-widget_type=\"heading.default\">\n\t\t\t\t<div class=\"elementor-widget-container\">\n\t\t\t\t\t<h2 class=\"elementor-heading-title elementor-size-default\">Co spakowa\u0107 (kr\u00f3tka lista kontrolna)<\/h2>\t\t\t\t<\/div>\n\t\t\t\t<\/div>\n\t\t\t\t<div class=\"elementor-element elementor-element-ba2b1fa elementor-widget elementor-widget-text-editor\" data-id=\"ba2b1fa\" data-element_type=\"widget\" data-e-type=\"widget\" data-widget_type=\"text-editor.default\">\n\t\t\t\t<div class=\"elementor-widget-container\">\n\t\t\t\t\t\t\t\t\t<ul><li data-start=\"6106\" data-end=\"6146\">Nadmuchiwany SUP + smycz + wios\u0142o + pompka<\/li><li data-start=\"6149\" data-end=\"6199\">PFD (kamizelka ratunkowa) zalecana, szczeg\u00f3lnie dla dzieci<\/li><li data-start=\"6202\" data-end=\"6244\">Krem przeciws\u0142oneczny z ochron\u0105 rafow\u0105, kapelusz, woda, suchy worek<\/li><li data-start=\"6247\" data-end=\"6295\">Telefon w wodoodpornym etui; ma\u0142a apteczka pierwszej pomocy<\/li><li data-start=\"6298\" data-end=\"6338\">Kombinezon (zale\u017cny od sezonu) \/ rashguard<\/li><li data-start=\"6341\" data-end=\"6373\">Czo\u0142\u00f3wka, je\u015bli startujesz przed wschodem s\u0142o\u0144ca<\/li><\/ul>\t\t\t\t\t\t\t\t<\/div>\n\t\t\t\t<\/div>\n\t\t\t\t<div class=\"elementor-element elementor-element-2aadde1 elementor-widget elementor-widget-heading\" data-id=\"2aadde1\" data-element_type=\"widget\" data-e-type=\"widget\" data-widget_type=\"heading.default\">\n\t\t\t\t<div class=\"elementor-widget-container\">\n\t\t\t\t\t<h2 class=\"elementor-heading-title elementor-size-default\">\u26a0\ufe0f Wskaz\u00f3wki dotycz\u0105ce bezpiecze\u0144stwa podczas uprawiania paddleboardingu w Portugalii<\/h2>\t\t\t\t<\/div>\n\t\t\t\t<\/div>\n\t\t\t\t<div class=\"elementor-element elementor-element-e651918 elementor-widget elementor-widget-text-editor\" data-id=\"e651918\" data-element_type=\"widget\" data-e-type=\"widget\" data-widget_type=\"text-editor.default\">\n\t\t\t\t<div class=\"elementor-widget-container\">\n\t\t\t\t\t\t\t\t\t<ul><li data-start=\"5261\" data-end=\"5325\"><strong data-start=\"5264\" data-end=\"5274\">Ocean:<\/strong> Unikaj wios\u0142owania podczas silnego wiatru lub wysokiej fali.<\/li><li data-start=\"5328\" data-end=\"5419\">\ud83c\udf2c\ufe0f <strong data-start=\"5332\" data-end=\"5343\">Rzeki:<\/strong> Nigdy nie wchod\u017a na obszary, gdzie rzeka \u0142\u0105czy si\u0119 z oceanem &#8211; pr\u0105dy s\u0105 niebezpieczne.<\/li><li data-start=\"5422\" data-end=\"5490\"><strong data-start=\"5425\" data-end=\"5434\">Sprz\u0119t:<\/strong> Zawsze no\u015b smycz, a najlepiej PFD (kamizelk\u0119 ratunkow\u0105).<\/li><li data-start=\"5493\" data-end=\"5558\">\ud83c\udf24\ufe0f <strong data-start=\"5497\" data-end=\"5508\">Czas:<\/strong> Poranki s\u0105 najspokojniejsze; popo\u0142udnia mog\u0105 by\u0107 wietrzne.<\/li><li data-start=\"5561\" data-end=\"5641\"><strong data-start=\"5564\" data-end=\"5583\">Ochrona przeciws\u0142oneczna:<\/strong> Kapelusz, filtr przeciws\u0142oneczny, okulary przeciws\u0142oneczne z paskiem, du\u017co wody.<\/li><\/ul>\t\t\t\t\t\t\t\t<\/div>\n\t\t\t\t<\/div>\n\t\t\t\t<div class=\"elementor-element elementor-element-b9c72b1 elementor-widget elementor-widget-heading\" data-id=\"b9c72b1\" data-element_type=\"widget\" data-e-type=\"widget\" data-widget_type=\"heading.default\">\n\t\t\t\t<div class=\"elementor-widget-container\">\n\t\t\t\t\t<h2 class=\"elementor-heading-title elementor-size-default\">\ud83c\udfc4\u200d\u2642\ufe0f FAQ - Paddleboarding w Algarve<\/h2>\t\t\t\t<\/div>\n\t\t\t\t<\/div>\n\t\t\t\t<div class=\"elementor-element elementor-element-6d8397b elementor-widget elementor-widget-text-editor\" data-id=\"6d8397b\" data-element_type=\"widget\" data-e-type=\"widget\" data-widget_type=\"text-editor.default\">\n\t\t\t\t<div class=\"elementor-widget-container\">\n\t\t\t\t\t\t\t\t\t<h4 data-start=\"331\" data-end=\"375\">Czy w jaskini Benagil mo\u017cna uprawia\u0107 paddleboarding?<\/h4><p data-start=\"376\" data-end=\"604\">Nie. Ze wzgl\u0119d\u00f3w bezpiecze\u0144stwa i ochrony \u015brodowiska <strong data-start=\"421\" data-end=\"503\">indywidualne p\u0142ywanie na paddleboardzie lub kajaku w jaskini Benagil nie jest ju\u017c dozwolone<\/strong>. Nadal mo\u017cna j\u0105 odwiedzi\u0107 podczas <strong data-start=\"531\" data-end=\"560\">wycieczek SUP lub kajakowych z przewodnikiem<\/strong>, kt\u00f3re s\u0105 jedynymi legalnymi i bezpiecznymi opcjami.  <\/p>\t\t\t\t\t\t\t\t<\/div>\n\t\t\t\t<\/div>\n\t\t\t\t<div class=\"elementor-element elementor-element-58dcab1 elementor-widget elementor-widget-text-editor\" data-id=\"58dcab1\" data-element_type=\"widget\" data-e-type=\"widget\" data-widget_type=\"text-editor.default\">\n\t\t\t\t<div class=\"elementor-widget-container\">\n\t\t\t\t\t\t\t\t\t<h4 data-start=\"611\" data-end=\"675\">Jaka jest najlepsza pora dnia na paddleboard w Algarve?<\/h4><p data-start=\"676\" data-end=\"882\">Najlepsze s\u0105 <strong data-start=\"676\" data-end=\"713\">wczesne poranki (od wschodu s\u0142o\u0144ca do godz. 10:00)<\/strong> \u2014 wiatr jest spokojny, woda g\u0142adka jak lustro, a ruch \u0142odzi minimalny.<br data-start=\"792\" data-end=\"795\"\/>Popo\u0142udnia cz\u0119sto przynosz\u0105 silniejszy wiatr z p\u00f3\u0142nocnego zachodu, zw\u0142aszcza od <strong data-start=\"860\" data-end=\"881\">czerwca do wrze\u015bnia<\/strong>.<\/p>\t\t\t\t\t\t\t\t<\/div>\n\t\t\t\t<\/div>\n\t\t\t\t<div class=\"elementor-element elementor-element-5215423 elementor-widget elementor-widget-text-editor\" data-id=\"5215423\" data-element_type=\"widget\" data-e-type=\"widget\" data-widget_type=\"text-editor.default\">\n\t\t\t\t<div class=\"elementor-widget-container\">\n\t\t\t\t\t\t\t\t\t<h4 data-start=\"889\" data-end=\"946\">Czy potrzebuj\u0119 pianki do paddleboardingu w Portugalii?<\/h4><p data-start=\"947\" data-end=\"974\">To zale\u017cy od pory roku:<\/p><ul><li data-start=\"977\" data-end=\"1026\"><strong data-start=\"977\" data-end=\"997\">Wiosna \/ jesie\u0144:<\/strong> Zalecana pianka 3\/2 mm<\/li><li data-start=\"1029\" data-end=\"1061\"><strong data-start=\"1029\" data-end=\"1040\">Lato:<\/strong> szorty lub str\u00f3j k\u0105pielowy<\/li><li data-start=\"1064\" data-end=\"1186\"><strong data-start=\"1064\" data-end=\"1075\">Zima:<\/strong> 4\/3 mm, je\u015bli zamierzasz d\u0142u\u017cej przebywa\u0107 w wodzie<br data-start=\"1114\" data-end=\"1117\"\/>Temperatura wody waha si\u0119 od <strong data-start=\"1147\" data-end=\"1185\">16 \u00b0C wiosn\u0105 do 23 \u00b0C latem<\/strong><\/li><\/ul>\t\t\t\t\t\t\t\t<\/div>\n\t\t\t\t<\/div>\n\t\t\t\t<div class=\"elementor-element elementor-element-b491614 elementor-widget elementor-widget-text-editor\" data-id=\"b491614\" data-element_type=\"widget\" data-e-type=\"widget\" data-widget_type=\"text-editor.default\">\n\t\t\t\t<div class=\"elementor-widget-container\">\n\t\t\t\t\t\t\t\t\t<h4 data-start=\"1193\" data-end=\"1246\">Gdzie s\u0105 najspokojniejsze miejsca do uprawiania SUP w Algarve?<\/h4><p data-start=\"1247\" data-end=\"1298\">Dla pocz\u0105tkuj\u0105cych, spokojne i chronione wody obejmuj\u0105:<\/p><ul><li data-start=\"1301\" data-end=\"1345\"><strong data-start=\"1301\" data-end=\"1316\">Ria Formosa<\/strong> (Faro &#8211; wyspy i laguny)<\/li><li data-start=\"1348\" data-end=\"1423\"><strong data-start=\"1375\" data-end=\"1402\">Barragem<\/strong> <strong data-start=\"1348\" data-end=\"1370\">do Funcho<\/strong> i <strong data-start=\"1375\" data-end=\"1402\">Barragem de Santa Clara<\/strong> (jeziora s\u0142odkowodne)<\/li><li data-start=\"1426\" data-end=\"1483\"><strong data-start=\"1426\" data-end=\"1452\">Vila Nova de Milfontes<\/strong> (uj\u015bcie rzeki Mira, Alentejo)<\/li><\/ul>\t\t\t\t\t\t\t\t<\/div>\n\t\t\t\t<\/div>\n\t\t\t\t<div class=\"elementor-element elementor-element-5219366 elementor-widget elementor-widget-text-editor\" data-id=\"5219366\" data-element_type=\"widget\" data-e-type=\"widget\" data-widget_type=\"text-editor.default\">\n\t\t\t\t<div class=\"elementor-widget-container\">\n\t\t\t\t\t\t\t\t\t<h4 data-start=\"1490\" data-end=\"1550\">\u2753 Jakich wskaz\u00f3wek dotycz\u0105cych bezpiecze\u0144stwa nale\u017cy przestrzega\u0107 podczas p\u0142ywania na paddleboardzie?<\/h4><ul><li data-start=\"1553\" data-end=\"1601\">Zawsze no\u015b <strong data-start=\"1567\" data-end=\"1599\">smycz i kamizelk\u0119 asekuracyjn\u0105 (PFD)<\/strong>.<\/li><li data-start=\"1604\" data-end=\"1654\">Unikaj jaski\u0144 podczas <strong data-start=\"1629\" data-end=\"1652\">falowania lub przyp\u0142ywu.<\/strong><\/li><li data-start=\"1657\" data-end=\"1703\">Nie wchod\u017a do <strong data-start=\"1669\" data-end=\"1685\">uj\u015b\u0107 rzek<\/strong> podczas odp\u0142ywu.<\/li><li data-start=\"1706\" data-end=\"1773\">Przed wyruszeniem sprawd\u017a <strong data-start=\"1712\" data-end=\"1744\">wiatr (&lt; 12 kn dla pocz\u0105tkuj\u0105cych)<\/strong> i <strong data-start=\"1749\" data-end=\"1758\">p\u0142ywy<\/strong>.<\/li><li data-start=\"1776\" data-end=\"1832\">Zabierz ze sob\u0105 <strong data-start=\"1782\" data-end=\"1832\">wod\u0119, krem do opalania i telefon w wodoodpornym etui<\/strong>.<\/li><\/ul>\t\t\t\t\t\t\t\t<\/div>\n\t\t\t\t<\/div>\n\t\t\t\t<div class=\"elementor-element elementor-element-e2e76c0 elementor-widget elementor-widget-text-editor\" data-id=\"e2e76c0\" data-element_type=\"widget\" data-e-type=\"widget\" data-widget_type=\"text-editor.default\">\n\t\t\t\t<div class=\"elementor-widget-container\">\n\t\t\t\t\t\t\t\t\t<h4 data-start=\"1839\" data-end=\"1878\">Czy mog\u0119 wypo\u017cyczy\u0107 paddleboard w Faro?<\/h4><p data-start=\"1879\" data-end=\"2096\">Tak! <strong data-start=\"1884\" data-end=\"1908\">Firma Ocean Camper w Faro<\/strong> wypo\u017cycza <strong data-start=\"1915\" data-end=\"1934\">nadmuchiwane deski SUP<\/strong>, kt\u00f3re zmieszcz\u0105 si\u0119 w ka\u017cdym samochodzie lub Kamperze.<br data-start=\"1968\" data-end=\"1971\"\/>Ka\u017cdy zestaw zawiera <strong data-start=\"1991\" data-end=\"2043\">pompk\u0119, wios\u0142o, smycz, opcjonaln\u0105 kamizelk\u0119 ratunkow\u0105 oraz pasy dachowe<\/strong> \u2014 idealne do zwiedzania wybrze\u017ca Algarve i okolicznych jezior.<\/p>\t\t\t\t\t\t\t\t<\/div>\n\t\t\t\t<\/div>\n\t\t\t\t<div class=\"elementor-element elementor-element-f825eb5 elementor-widget elementor-widget-heading\" data-id=\"f825eb5\" data-element_type=\"widget\" data-e-type=\"widget\" data-widget_type=\"heading.default\">\n\t\t\t\t<div class=\"elementor-widget-container\">\n\t\t\t\t\t<h2 class=\"elementor-heading-title elementor-size-default\">Niech to b\u0119dzie przygoda w kamperze<\/h2>\t\t\t\t<\/div>\n\t\t\t\t<\/div>\n\t\t\t\t<div class=\"elementor-element elementor-element-e8a61ac elementor-widget elementor-widget-text-editor\" data-id=\"e8a61ac\" data-element_type=\"widget\" data-e-type=\"widget\" data-widget_type=\"text-editor.default\">\n\t\t\t\t<div class=\"elementor-widget-container\">\n\t\t\t\t\t\t\t\t\t<p>Odkrywaj \u015bwiat na w\u0142asn\u0105 r\u0119k\u0119 dzi\u0119ki kamperowi wyposa\u017conemu do uprawiania sport\u00f3w wodnych!<br data-start=\"5744\" data-end=\"5747\"\/>Wszystkie nasze kampery, od <a href=\"https:\/\/oceancamper.com\/pl\/wypozyczalnia-kamperow\/trustpilot-ocean-camper-najwyzsza-ocena\/\"><strong>Faro<\/strong><\/a> lub <a href=\"https:\/\/oceancamper.com\/pl\/wypozyczalnia-kamperow\/lizbona\/\"><strong>Lizbony<\/strong><\/a>, s\u0105 wyposa\u017cone w:<\/p><ul><li data-start=\"5786\" data-end=\"5817\">Prysznic zewn\u0119trzny i zbiornik na wod\u0119<\/li><li data-start=\"5820\" data-end=\"5854\">Baga\u017cnik dachowy na deski surfingowe lub SUP<\/li><li data-start=\"5857\" data-end=\"5886\">Sprz\u0119t do gotowania i podw\u00f3jne \u0142\u00f3\u017cko<\/li><li data-start=\"5889\" data-end=\"5923\">Opcjonalne wypo\u017cyczenie SUP lub deski surfingowej<\/li><li>Zaplanuj p\u0119tl\u0119 z <strong data-start=\"5942\" data-end=\"5979\">Faro \u2192 Lagos \u2192 Aljezur \u2192 Alentejo<\/strong>, \u0142\u0105cz\u0105c SUP i kemping (zobacz nasz przewodnik <a class=\"decorated-link\" href=\"https:\/\/oceancamper.com\/pl\/biwakowanie-na-dziko-w-portugalii\/\" target=\"_new\" rel=\"noopener\" data-start=\"6028\" data-end=\"6107\">Zasady kempingowania w Portugalii<\/a> ).<\/li><\/ul>\t\t\t\t\t\t\t\t<\/div>\n\t\t\t\t<\/div>\n\t\t\t\t\t<\/div>\n\t\t<\/div>\n\t\t\t\t\t<\/div>\n\t\t<\/section>\n\t\t\t\t<section class=\"elementor-section elementor-top-section elementor-element elementor-element-11a7b2db elementor-section-stretched elementor-section-boxed elementor-section-height-default elementor-section-height-default\" data-id=\"11a7b2db\" data-element_type=\"section\" data-e-type=\"section\" data-settings=\"{&quot;stretch_section&quot;:&quot;section-stretched&quot;,&quot;background_background&quot;:&quot;classic&quot;}\">\n\t\t\t\t\t\t<div class=\"elementor-container elementor-column-gap-default\">\n\t\t\t\t\t<div class=\"elementor-column elementor-col-100 elementor-top-column elementor-element elementor-element-218f0346\" data-id=\"218f0346\" data-element_type=\"column\" data-e-type=\"column\">\n\t\t\t<div class=\"elementor-widget-wrap elementor-element-populated\">\n\t\t\t\t\t\t<section class=\"elementor-section elementor-inner-section elementor-element elementor-element-4d9fb23a elementor-section-boxed elementor-section-height-default elementor-section-height-default\" data-id=\"4d9fb23a\" data-element_type=\"section\" data-e-type=\"section\">\n\t\t\t\t\t\t<div class=\"elementor-container elementor-column-gap-default\">\n\t\t\t\t\t<div class=\"elementor-column elementor-col-100 elementor-inner-column elementor-element elementor-element-5d848830\" data-id=\"5d848830\" data-element_type=\"column\" data-e-type=\"column\">\n\t\t\t<div class=\"elementor-widget-wrap elementor-element-populated\">\n\t\t\t\t\t\t<div class=\"elementor-element elementor-element-8d95261 elementor-widget elementor-widget-heading\" data-id=\"8d95261\" data-element_type=\"widget\" data-e-type=\"widget\" data-widget_type=\"heading.default\">\n\t\t\t\t<div class=\"elementor-widget-container\">\n\t\t\t\t\t<h3 class=\"elementor-heading-title elementor-size-default\">Sprawd\u017a nasze inne posty:<\/h3>\t\t\t\t<\/div>\n\t\t\t\t<\/div>\n\t\t\t\t<div class=\"elementor-element elementor-element-13ed2104 elementor-grid-tablet-3 elementor-grid-3 elementor-grid-mobile-1 elementor-posts--thumbnail-top elementor-posts__hover-gradient elementor-widget elementor-widget-posts\" data-id=\"13ed2104\" data-element_type=\"widget\" data-e-type=\"widget\" data-settings=\"{&quot;cards_row_gap&quot;:{&quot;unit&quot;:&quot;px&quot;,&quot;size&quot;:20,&quot;sizes&quot;:[]},&quot;cards_row_gap_mobile&quot;:{&quot;unit&quot;:&quot;px&quot;,&quot;size&quot;:10,&quot;sizes&quot;:[]},&quot;cards_columns_tablet&quot;:&quot;3&quot;,&quot;cards_row_gap_tablet&quot;:{&quot;unit&quot;:&quot;px&quot;,&quot;size&quot;:5,&quot;sizes&quot;:[]},&quot;cards_columns&quot;:&quot;3&quot;,&quot;cards_columns_mobile&quot;:&quot;1&quot;}\" data-widget_type=\"posts.cards\">\n\t\t\t\t<div class=\"elementor-widget-container\">\n\t\t\t\t\t\t\t<div class=\"elementor-posts-container elementor-posts elementor-posts--skin-cards elementor-grid\" role=\"list\">\n\t\t\t\t<article class=\"elementor-post elementor-grid-item post-162121 post type-post status-publish format-standard has-post-thumbnail hentry category-bez-kategorii\" role=\"listitem\">\n\t\t\t<div class=\"elementor-post__card\">\n\t\t\t\t<a class=\"elementor-post__thumbnail__link\" href=\"https:\/\/oceancamper.com\/pl\/wspaniale-plaze\/\" tabindex=\"-1\" ><div class=\"elementor-post__thumbnail\"><img loading=\"lazy\" decoding=\"async\" width=\"300\" height=\"201\" src=\"https:\/\/oceancamper.com\/wp-content\/uploads\/2021\/10\/praia-da-amalia-zambujeira-do-mar-alentejo-ocean-camper-2025-300x201.jpg\" class=\"attachment-medium size-medium wp-image-208808\" alt=\"Pla\u017ca Praia da Am\u00e1lia otoczona klifami w pobli\u017cu Zambujeira do Mar, wybrze\u017ce Alentejo, Portugalia\" srcset=\"https:\/\/oceancamper.com\/wp-content\/uploads\/2021\/10\/praia-da-amalia-zambujeira-do-mar-alentejo-ocean-camper-2025-300x201.jpg 300w, https:\/\/oceancamper.com\/wp-content\/uploads\/2021\/10\/praia-da-amalia-zambujeira-do-mar-alentejo-ocean-camper-2025-768x515.jpg 768w, https:\/\/oceancamper.com\/wp-content\/uploads\/2021\/10\/praia-da-amalia-zambujeira-do-mar-alentejo-ocean-camper-2025-240x161.jpg 240w, https:\/\/oceancamper.com\/wp-content\/uploads\/2021\/10\/praia-da-amalia-zambujeira-do-mar-alentejo-ocean-camper-2025.jpg 960w\" sizes=\"(max-width: 300px) 100vw, 300px\" \/><\/div><\/a>\n\t\t\t\t<div class=\"elementor-post__text\">\n\t\t\t\t<h2 class=\"elementor-post__title\">\n\t\t\t<a href=\"https:\/\/oceancamper.com\/pl\/wspaniale-plaze\/\" >\n\t\t\t\tWspania\u0142e pla\u017ce Algarve\t\t\t<\/a>\n\t\t<\/h2>\n\t\t\t\t<div class=\"elementor-post__excerpt\">\n\t\t\t<p>Wybieraj\u0105c pla\u017c\u0119 do sp\u0119dzania czasu, nale\u017cy wzi\u0105\u0107 pod uwag\u0119 nast\u0119puj\u0105ce aspekty: Przyp\u0142yw oceanu.<\/p>\n\t\t<\/div>\n\t\t\n\t\t<a class=\"elementor-post__read-more\" href=\"https:\/\/oceancamper.com\/pl\/wspaniale-plaze\/\" aria-label=\"Read more about Wspania\u0142e pla\u017ce Algarve\" tabindex=\"-1\" >\n\t\t\tCzytaj wi\u0119cej \"\t\t<\/a>\n\n\t\t\t\t<\/div>\n\t\t\t\t\t<\/div>\n\t\t<\/article>\n\t\t\t\t<article class=\"elementor-post elementor-grid-item post-162050 post type-post status-publish format-standard has-post-thumbnail hentry category-wskazowki-dotyczace-biwakowania tag-solocamping-solotraveller-campingtips-pl\" role=\"listitem\">\n\t\t\t<div class=\"elementor-post__card\">\n\t\t\t\t<a class=\"elementor-post__thumbnail__link\" href=\"https:\/\/oceancamper.com\/pl\/porady-dotyczace-podrozy-w-samotnosci-w-portugalii\/\" tabindex=\"-1\" ><div class=\"elementor-post__thumbnail\"><img loading=\"lazy\" decoding=\"async\" width=\"300\" height=\"225\" src=\"https:\/\/oceancamper.com\/wp-content\/uploads\/2023\/05\/edited-1-340-min-300x225.jpg\" class=\"attachment-medium size-medium wp-image-162051\" alt=\"Kobieta siedz\u0105ca z ty\u0142u Kampera i podziwiaj\u0105ca zach\u00f3d s\u0142o\u0144ca \u2013 wolno\u015b\u0107 samotnej podr\u00f3\u017cy w regionie Algarve w Portugalii.\" srcset=\"https:\/\/oceancamper.com\/wp-content\/uploads\/2023\/05\/edited-1-340-min-300x225.jpg 300w, https:\/\/oceancamper.com\/wp-content\/uploads\/2023\/05\/edited-1-340-min-1024x768.jpg 1024w, https:\/\/oceancamper.com\/wp-content\/uploads\/2023\/05\/edited-1-340-min-768x576.jpg 768w, https:\/\/oceancamper.com\/wp-content\/uploads\/2023\/05\/edited-1-340-min-1536x1152.jpg 1536w, https:\/\/oceancamper.com\/wp-content\/uploads\/2023\/05\/edited-1-340-min-240x180.jpg 240w, https:\/\/oceancamper.com\/wp-content\/uploads\/2023\/05\/edited-1-340-min.jpg 1707w\" sizes=\"(max-width: 300px) 100vw, 300px\" \/><\/div><\/a>\n\t\t\t\t<div class=\"elementor-post__text\">\n\t\t\t\t<h2 class=\"elementor-post__title\">\n\t\t\t<a href=\"https:\/\/oceancamper.com\/pl\/porady-dotyczace-podrozy-w-samotnosci-w-portugalii\/\" >\n\t\t\t\tWskaz\u00f3wki dotycz\u0105ce podr\u00f3\u017cy w pojedynk\u0119 Portugalia\t\t\t<\/a>\n\t\t<\/h2>\n\t\t\t\t<div class=\"elementor-post__excerpt\">\n\t\t\t<p>  Dlaczego warto podr\u00f3\u017cowa\u0107 solo?<br \/>\n Zalety podr\u00f3\u017cowania w pojedynk\u0119<br \/>\n Bezpiecze\u0144stwo i otoczenie spo\u0142eczne<br \/>\n Propozycje aktywno\u015bci  <\/p>\n\t\t<\/div>\n\t\t\n\t\t<a class=\"elementor-post__read-more\" href=\"https:\/\/oceancamper.com\/pl\/porady-dotyczace-podrozy-w-samotnosci-w-portugalii\/\" aria-label=\"Read more about Wskaz\u00f3wki dotycz\u0105ce podr\u00f3\u017cy w pojedynk\u0119 Portugalia\" tabindex=\"-1\" >\n\t\t\tCzytaj wi\u0119cej \"\t\t<\/a>\n\n\t\t\t\t<\/div>\n\t\t\t\t\t<\/div>\n\t\t<\/article>\n\t\t\t\t<article class=\"elementor-post elementor-grid-item post-162219 post type-post status-publish format-standard has-post-thumbnail hentry category-najwazniejsze-wydarzenia\" role=\"listitem\">\n\t\t\t<div class=\"elementor-post__card\">\n\t\t\t\t<a class=\"elementor-post__thumbnail__link\" href=\"https:\/\/oceancamper.com\/pl\/surfing-w-portugalii\/\" tabindex=\"-1\" ><div class=\"elementor-post__thumbnail\"><img loading=\"lazy\" decoding=\"async\" width=\"300\" height=\"200\" src=\"https:\/\/oceancamper.com\/wp-content\/uploads\/2020\/12\/surfing-in-portugal-ocean-camper-van-300x200.jpg\" class=\"attachment-medium size-medium wp-image-206783\" alt=\"Surfing w Portugalii z kamperem Ocean zaparkowanym przy pla\u017cy o zachodzie s\u0142o\u0144ca\" srcset=\"https:\/\/oceancamper.com\/wp-content\/uploads\/2020\/12\/surfing-in-portugal-ocean-camper-van-300x200.jpg 300w, https:\/\/oceancamper.com\/wp-content\/uploads\/2020\/12\/surfing-in-portugal-ocean-camper-van-1024x683.jpg 1024w, https:\/\/oceancamper.com\/wp-content\/uploads\/2020\/12\/surfing-in-portugal-ocean-camper-van-768x512.jpg 768w, https:\/\/oceancamper.com\/wp-content\/uploads\/2020\/12\/surfing-in-portugal-ocean-camper-van-1536x1024.jpg 1536w, https:\/\/oceancamper.com\/wp-content\/uploads\/2020\/12\/surfing-in-portugal-ocean-camper-van-2048x1365.jpg 2048w, https:\/\/oceancamper.com\/wp-content\/uploads\/2020\/12\/surfing-in-portugal-ocean-camper-van-240x160.jpg 240w\" sizes=\"(max-width: 300px) 100vw, 300px\" \/><\/div><\/a>\n\t\t\t\t<div class=\"elementor-post__text\">\n\t\t\t\t<h2 class=\"elementor-post__title\">\n\t\t\t<a href=\"https:\/\/oceancamper.com\/pl\/surfing-w-portugalii\/\" >\n\t\t\t\tSurfing w Portugalii: Najlepsze pla\u017ce, miejsca do surfowania i przewodnik Campervan Road Trip\t\t\t<\/a>\n\t\t<\/h2>\n\t\t\t\t<div class=\"elementor-post__excerpt\">\n\t\t\t<p>Najlepsze pla\u017ce do surfowania w Algarve i Costa Vicentina. Mapa i informacje o tym, czego mo\u017cna si\u0119 spodziewa\u0107 na ka\u017cdej pla\u017cy.   <\/p>\n\t\t<\/div>\n\t\t\n\t\t<a class=\"elementor-post__read-more\" href=\"https:\/\/oceancamper.com\/pl\/surfing-w-portugalii\/\" aria-label=\"Read more about Surfing w Portugalii: Najlepsze pla\u017ce, miejsca do surfowania i przewodnik Campervan Road Trip\" tabindex=\"-1\" >\n\t\t\tCzytaj wi\u0119cej \"\t\t<\/a>\n\n\t\t\t\t<\/div>\n\t\t\t\t\t<\/div>\n\t\t<\/article>\n\t\t\t\t<\/div>\n\t\t\n\t\t\t\t\t\t<\/div>\n\t\t\t\t<\/div>\n\t\t\t\t<div class=\"elementor-element elementor-element-18229b5 elementor-align-left elementor-tablet-align-left elementor-mobile-align-left elementor-widget elementor-widget-button\" data-id=\"18229b5\" data-element_type=\"widget\" data-e-type=\"widget\" data-widget_type=\"button.default\">\n\t\t\t\t<div class=\"elementor-widget-container\">\n\t\t\t\t\t\t\t\t\t<div class=\"elementor-button-wrapper\">\n\t\t\t\t\t<a class=\"elementor-button elementor-button-link elementor-size-sm elementor-animation-pop\" href=\"https:\/\/oceancamper.com\/pl\/blog\/\">\n\t\t\t\t\t\t<span class=\"elementor-button-content-wrapper\">\n\t\t\t\t\t\t\t\t\t<span class=\"elementor-button-text\">Powr\u00f3t do bloga<\/span>\n\t\t\t\t\t<\/span>\n\t\t\t\t\t<\/a>\n\t\t\t\t<\/div>\n\t\t\t\t\t\t\t\t<\/div>\n\t\t\t\t<\/div>\n\t\t\t\t\t<\/div>\n\t\t<\/div>\n\t\t\t\t\t<\/div>\n\t\t<\/section>\n\t\t\t\t\t<\/div>\n\t\t<\/div>\n\t\t\t\t\t<\/div>\n\t\t<\/section>\n\t\t\t\t<\/div>\n\t\t","protected":false},"excerpt":{"rendered":"<p>Najlepsze miejsca do uprawiania SUP w Algarve! Jaskinie, rzeki i jeziora. Wypo\u017cycz nasze deski i p\u0142ywaj tam, gdzie inni tury\u015bci nie mog\u0105.  <\/p>\n","protected":false},"author":1,"featured_media":208153,"comment_status":"closed","ping_status":"open","sticky":false,"template":"elementor_header_footer","format":"standard","meta":{"om_disable_all_campaigns":false,"footnotes":""},"categories":[286],"tags":[],"class_list":["post-162177","post","type-post","status-publish","format-standard","has-post-thumbnail","hentry","category-najwazniejsze-wydarzenia"],"aioseo_notices":[],"aioseo_head":"\n\t\t<!-- All in One SEO 4.9.10 - aioseo.com -->\n\t<meta name=\"description\" content=\"Najlepsze miejsca do surfowania w Portugalii \u2013 od pla\u017cowych spot\u00f3w w Algarve po zachodnie wybrze\u017ce Alentejo. Gdzie warto si\u0119 wybra\u0107 w zale\u017cno\u015bci od pory roku, wiatru i poziomu zaawansowania, a tak\u017ce gdzie zaparkowa\u0107 Kampera.\" \/>\n\t<meta name=\"robots\" content=\"max-image-preview:large\" \/>\n\t<meta name=\"author\" content=\"nomadcanguru\"\/>\n\t<link rel=\"canonical\" href=\"https:\/\/oceancamper.com\/pl\/surfing-w-portugalii\/\" \/>\n\t<meta name=\"generator\" content=\"All in One SEO (AIOSEO) 4.9.10\" \/>\n\t\t<meta property=\"og:locale\" content=\"pl_PL\" \/>\n\t\t<meta property=\"og:site_name\" content=\"Ocean Camper - Campervan Rental in Faro, Portugal\" \/>\n\t\t<meta property=\"og:type\" content=\"article\" \/>\n\t\t<meta property=\"og:title\" content=\"Najlepsze miejsca do surfowania w Portugalii: Algarve i Alentejo\" \/>\n\t\t<meta property=\"og:description\" content=\"Najlepsze miejsca do surfowania w Portugalii \u2013 od pla\u017cowych spot\u00f3w w Algarve po zachodnie wybrze\u017ce Alentejo. Gdzie wybra\u0107 si\u0119 w zale\u017cno\u015bci od pory roku, wiatru i poziomu zaawansowania oraz gdzie zaparkowa\u0107 Kamper.\" \/>\n\t\t<meta property=\"og:url\" content=\"https:\/\/oceancamper.com\/pl\/surfing-w-portugalii\/\" \/>\n\t\t<meta property=\"og:image\" content=\"https:\/\/oceancamper.com\/wp-content\/uploads\/2022\/01\/Asset-5.png\" \/>\n\t\t<meta property=\"og:image:secure_url\" content=\"https:\/\/oceancamper.com\/wp-content\/uploads\/2022\/01\/Asset-5.png\" \/>\n\t\t<meta property=\"og:image:width\" content=\"662\" \/>\n\t\t<meta property=\"og:image:height\" content=\"291\" \/>\n\t\t<meta property=\"article:published_time\" content=\"2020-12-21T20:04:28+00:00\" \/>\n\t\t<meta property=\"article:modified_time\" content=\"2026-09-01T16:49:27+00:00\" \/>\n\t\t<meta property=\"article:publisher\" content=\"https:\/\/www.facebook.com\/oceancamper\/\" \/>\n\t\t<meta name=\"twitter:card\" content=\"summary\" \/>\n\t\t<meta name=\"twitter:site\" content=\"@Ocean_Camper\" \/>\n\t\t<meta name=\"twitter:title\" content=\"Najlepsze miejsca do surfowania w Portugalii: Algarve i Alentejo\" \/>\n\t\t<meta name=\"twitter:description\" content=\"Najlepsze miejsca do surfowania w Portugalii \u2013 od pla\u017cowych spot\u00f3w w Algarve po zachodnie wybrze\u017ce Alentejo. Gdzie warto si\u0119 wybra\u0107 w zale\u017cno\u015bci od pory roku, wiatru i poziomu zaawansowania, oraz gdzie zaparkowa\u0107 Kampera.\" \/>\n\t\t<meta name=\"twitter:creator\" content=\"@Ocean_Camper\" \/>\n\t\t<meta name=\"twitter:image\" content=\"https:\/\/oceancamper.com\/wp-content\/uploads\/2022\/01\/Asset-5.png\" \/>\n\t\t<script type=\"application\/ld+json\" class=\"aioseo-schema\">\n\t\t\t{\"@context\":\"https:\\\/\\\/schema.org\",\"@graph\":[{\"@type\":\"BlogPosting\",\"@id\":\"https:\\\/\\\/oceancamper.com\\\/pl\\\/surfing-w-portugalii\\\/#blogposting\",\"name\":\"Najlepsze miejsca do surfowania w Portugalii: Algarve i Alentejo\",\"headline\":\"Surfing w Portugalii: Najlepsze pla\\u017ce, miejsca do surfowania i przewodnik Campervan Road Trip\",\"author\":{\"@id\":\"https:\\\/\\\/oceancamper.com\\\/pl\\\/author\\\/nomadcanguru\\\/#author\"},\"publisher\":{\"@id\":\"https:\\\/\\\/oceancamper.com\\\/pl\\\/#organization\"},\"image\":{\"@type\":\"ImageObject\",\"url\":\"https:\\\/\\\/oceancamper.com\\\/wp-content\\\/uploads\\\/2020\\\/12\\\/surfing-in-portugal-ocean-camper-van-scaled.jpg\",\"width\":2560,\"height\":1707,\"caption\":\"Ocean Camper surf campervan zaparkowany przy pla\\u017cy podczas wycieczki surfingowej na portugalskim wybrze\\u017cu Algarve.\"},\"datePublished\":\"2020-12-21T20:04:28+00:00\",\"dateModified\":\"2026-09-01T16:49:27+00:00\",\"inLanguage\":\"pl-PL\",\"mainEntityOfPage\":{\"@id\":\"https:\\\/\\\/oceancamper.com\\\/pl\\\/surfing-w-portugalii\\\/#webpage\"},\"isPartOf\":{\"@id\":\"https:\\\/\\\/oceancamper.com\\\/pl\\\/surfing-w-portugalii\\\/#webpage\"},\"articleSection\":\"najwa\\u017cniejsze wydarzenia, Opcjonalne\"},{\"@type\":\"BreadcrumbList\",\"@id\":\"https:\\\/\\\/oceancamper.com\\\/pl\\\/surfing-w-portugalii\\\/#breadcrumblist\",\"itemListElement\":[{\"@type\":\"ListItem\",\"@id\":\"https:\\\/\\\/oceancamper.com\\\/pl\\\/#listItem\",\"position\":1,\"name\":\"Home\",\"item\":\"https:\\\/\\\/oceancamper.com\\\/pl\\\/\",\"nextItem\":{\"@type\":\"ListItem\",\"@id\":\"https:\\\/\\\/oceancamper.com\\\/pl\\\/category\\\/najwazniejsze-wydarzenia\\\/#listItem\",\"name\":\"najwa\\u017cniejsze wydarzenia\"}},{\"@type\":\"ListItem\",\"@id\":\"https:\\\/\\\/oceancamper.com\\\/pl\\\/category\\\/najwazniejsze-wydarzenia\\\/#listItem\",\"position\":2,\"name\":\"najwa\\u017cniejsze wydarzenia\",\"item\":\"https:\\\/\\\/oceancamper.com\\\/pl\\\/category\\\/najwazniejsze-wydarzenia\\\/\",\"nextItem\":{\"@type\":\"ListItem\",\"@id\":\"https:\\\/\\\/oceancamper.com\\\/pl\\\/paddleboarding-algarve-najlepsze-miejsca-do-sup-jaskinie-jeziora\\\/#listItem\",\"name\":\"Paddleboarding w Algarve: najlepsze miejsca do uprawiania SUP\"},\"previousItem\":{\"@type\":\"ListItem\",\"@id\":\"https:\\\/\\\/oceancamper.com\\\/pl\\\/#listItem\",\"name\":\"Home\"}},{\"@type\":\"ListItem\",\"@id\":\"https:\\\/\\\/oceancamper.com\\\/pl\\\/paddleboarding-algarve-najlepsze-miejsca-do-sup-jaskinie-jeziora\\\/#listItem\",\"position\":3,\"name\":\"Paddleboarding w Algarve: najlepsze miejsca do uprawiania SUP\",\"previousItem\":{\"@type\":\"ListItem\",\"@id\":\"https:\\\/\\\/oceancamper.com\\\/pl\\\/category\\\/najwazniejsze-wydarzenia\\\/#listItem\",\"name\":\"najwa\\u017cniejsze wydarzenia\"}}]},{\"@type\":\"Organization\",\"@id\":\"https:\\\/\\\/oceancamper.com\\\/pl\\\/#organization\",\"name\":\"Ocean Camper\",\"description\":\"Ocean Camper provides affordable campervan rental in Portugal with fully equipped campervans for up to three people, available in Faro and Lisbon for flexible road trips.\",\"url\":\"https:\\\/\\\/oceancamper.com\\\/pl\\\/\",\"email\":\"info@oceancamper.com\",\"telephone\":\"+351920301044\",\"foundingDate\":\"2017-04-19\",\"numberOfEmployees\":{\"@type\":\"QuantitativeValue\",\"minValue\":0,\"maxValue\":10},\"logo\":{\"@type\":\"ImageObject\",\"url\":\"https:\\\/\\\/oceancamper.com\\\/wp-content\\\/uploads\\\/2022\\\/01\\\/Asset-5.png\",\"@id\":\"https:\\\/\\\/oceancamper.com\\\/pl\\\/surfing-w-portugalii\\\/#organizationLogo\",\"width\":662,\"height\":291,\"caption\":\"Ocean Camper logo\"},\"image\":{\"@id\":\"https:\\\/\\\/oceancamper.com\\\/pl\\\/surfing-w-portugalii\\\/#organizationLogo\"},\"sameAs\":[\"https:\\\/\\\/www.facebook.com\\\/oceancamper\\\/\",\"https:\\\/\\\/x.com\\\/Ocean_Camper\",\"https:\\\/\\\/www.instagram.com\\\/oceancamper.vans\\\/\",\"https:\\\/\\\/www.tiktok.com\\\/@oceancamper.vans\",\"https:\\\/\\\/www.youtube.com\\\/@oceancamper\",\"https:\\\/\\\/www.linkedin.com\\\/company\\\/oceancamper\\\/\",\"https:\\\/\\\/www.trustpilot.com\\\/review\\\/oceancamper.com\"]},{\"@type\":\"Person\",\"@id\":\"https:\\\/\\\/oceancamper.com\\\/pl\\\/author\\\/nomadcanguru\\\/#author\",\"url\":\"https:\\\/\\\/oceancamper.com\\\/pl\\\/author\\\/nomadcanguru\\\/\",\"name\":\"nomadcanguru\",\"image\":{\"@type\":\"ImageObject\",\"@id\":\"https:\\\/\\\/oceancamper.com\\\/pl\\\/surfing-w-portugalii\\\/#authorImage\",\"url\":\"https:\\\/\\\/secure.gravatar.com\\\/avatar\\\/3a5092e8a35779f7501b5a8c315d77eae173c0705d8cfd512c06ce5460985e92?s=96&d=mm&r=g\",\"width\":96,\"height\":96,\"caption\":\"nomadcanguru\"}},{\"@type\":\"WebPage\",\"@id\":\"https:\\\/\\\/oceancamper.com\\\/pl\\\/surfing-w-portugalii\\\/#webpage\",\"url\":\"https:\\\/\\\/oceancamper.com\\\/pl\\\/surfing-w-portugalii\\\/\",\"name\":\"Najlepsze miejsca do surfowania w Portugalii: Algarve i Alentejo\",\"description\":\"Najlepsze miejsca do surfowania w Portugalii \\u2013 od pla\\u017cowych spot\\u00f3w w Algarve po zachodnie wybrze\\u017ce Alentejo. Gdzie warto si\\u0119 wybra\\u0107 w zale\\u017cno\\u015bci od pory roku, wiatru i poziomu zaawansowania, a tak\\u017ce gdzie zaparkowa\\u0107 Kampera.\",\"inLanguage\":\"pl-PL\",\"isPartOf\":{\"@id\":\"https:\\\/\\\/oceancamper.com\\\/pl\\\/#website\"},\"breadcrumb\":{\"@id\":\"https:\\\/\\\/oceancamper.com\\\/pl\\\/surfing-w-portugalii\\\/#breadcrumblist\"},\"author\":{\"@id\":\"https:\\\/\\\/oceancamper.com\\\/pl\\\/author\\\/nomadcanguru\\\/#author\"},\"creator\":{\"@id\":\"https:\\\/\\\/oceancamper.com\\\/pl\\\/author\\\/nomadcanguru\\\/#author\"},\"image\":{\"@type\":\"ImageObject\",\"url\":\"https:\\\/\\\/oceancamper.com\\\/wp-content\\\/uploads\\\/2020\\\/12\\\/surfing-in-portugal-ocean-camper-van-scaled.jpg\",\"@id\":\"https:\\\/\\\/oceancamper.com\\\/pl\\\/surfing-w-portugalii\\\/#mainImage\",\"width\":2560,\"height\":1707,\"caption\":\"Ocean Camper surf campervan zaparkowany przy pla\\u017cy podczas wycieczki surfingowej na portugalskim wybrze\\u017cu Algarve.\"},\"primaryImageOfPage\":{\"@id\":\"https:\\\/\\\/oceancamper.com\\\/pl\\\/surfing-w-portugalii\\\/#mainImage\"},\"datePublished\":\"2020-12-21T20:04:28+00:00\",\"dateModified\":\"2026-09-01T16:49:27+00:00\"},{\"@type\":\"WebSite\",\"@id\":\"https:\\\/\\\/oceancamper.com\\\/pl\\\/#website\",\"url\":\"https:\\\/\\\/oceancamper.com\\\/pl\\\/\",\"name\":\"Ocean Camper\",\"alternateName\":\"Ocean Camper Portugal\",\"description\":\"Campervan Rental in Faro, Portugal\",\"inLanguage\":\"pl-PL\",\"publisher\":{\"@id\":\"https:\\\/\\\/oceancamper.com\\\/pl\\\/#organization\"}}]}\n\t\t<\/script>\n\t\t<!-- All in One SEO -->\n\n","aioseo_head_json":{"title":"Najlepsze miejsca do surfowania w Portugalii: Algarve i Alentejo","description":"Najlepsze miejsca do surfowania w Portugalii \u2013 od pla\u017cowych spot\u00f3w w Algarve po zachodnie wybrze\u017ce Alentejo. Gdzie warto si\u0119 wybra\u0107 w zale\u017cno\u015bci od pory roku, wiatru i poziomu zaawansowania, a tak\u017ce gdzie zaparkowa\u0107 Kampera.","canonical_url":"https:\/\/oceancamper.com\/pl\/surfing-w-portugalii\/","robots":"max-image-preview:large","keywords":"","webmasterTools":{"miscellaneous":""},"schema":{"@context":"https:\/\/schema.org","@graph":[{"@type":"BlogPosting","@id":"https:\/\/oceancamper.com\/pl\/surfing-w-portugalii\/#blogposting","name":"Najlepsze miejsca do surfowania w Portugalii: Algarve i Alentejo","headline":"Surfing w Portugalii: Najlepsze pla\u017ce, miejsca do surfowania i przewodnik Campervan Road Trip","author":{"@id":"https:\/\/oceancamper.com\/pl\/author\/nomadcanguru\/#author"},"publisher":{"@id":"https:\/\/oceancamper.com\/pl\/#organization"},"image":{"@type":"ImageObject","url":"https:\/\/oceancamper.com\/wp-content\/uploads\/2020\/12\/surfing-in-portugal-ocean-camper-van-scaled.jpg","width":2560,"height":1707,"caption":"Ocean Camper surf campervan zaparkowany przy pla\u017cy podczas wycieczki surfingowej na portugalskim wybrze\u017cu Algarve."},"datePublished":"2020-12-21T20:04:28+00:00","dateModified":"2026-09-01T16:49:27+00:00","inLanguage":"pl-PL","mainEntityOfPage":{"@id":"https:\/\/oceancamper.com\/pl\/surfing-w-portugalii\/#webpage"},"isPartOf":{"@id":"https:\/\/oceancamper.com\/pl\/surfing-w-portugalii\/#webpage"},"articleSection":"najwa\u017cniejsze wydarzenia, Opcjonalne"},{"@type":"BreadcrumbList","@id":"https:\/\/oceancamper.com\/pl\/surfing-w-portugalii\/#breadcrumblist","itemListElement":[{"@type":"ListItem","@id":"https:\/\/oceancamper.com\/pl\/#listItem","position":1,"name":"Home","item":"https:\/\/oceancamper.com\/pl\/","nextItem":{"@type":"ListItem","@id":"https:\/\/oceancamper.com\/pl\/category\/najwazniejsze-wydarzenia\/#listItem","name":"najwa\u017cniejsze wydarzenia"}},{"@type":"ListItem","@id":"https:\/\/oceancamper.com\/pl\/category\/najwazniejsze-wydarzenia\/#listItem","position":2,"name":"najwa\u017cniejsze wydarzenia","item":"https:\/\/oceancamper.com\/pl\/category\/najwazniejsze-wydarzenia\/","nextItem":{"@type":"ListItem","@id":"https:\/\/oceancamper.com\/pl\/paddleboarding-algarve-najlepsze-miejsca-do-sup-jaskinie-jeziora\/#listItem","name":"Paddleboarding w Algarve: najlepsze miejsca do uprawiania SUP"},"previousItem":{"@type":"ListItem","@id":"https:\/\/oceancamper.com\/pl\/#listItem","name":"Home"}},{"@type":"ListItem","@id":"https:\/\/oceancamper.com\/pl\/paddleboarding-algarve-najlepsze-miejsca-do-sup-jaskinie-jeziora\/#listItem","position":3,"name":"Paddleboarding w Algarve: najlepsze miejsca do uprawiania SUP","previousItem":{"@type":"ListItem","@id":"https:\/\/oceancamper.com\/pl\/category\/najwazniejsze-wydarzenia\/#listItem","name":"najwa\u017cniejsze wydarzenia"}}]},{"@type":"Organization","@id":"https:\/\/oceancamper.com\/pl\/#organization","name":"Ocean Camper","description":"Ocean Camper provides affordable campervan rental in Portugal with fully equipped campervans for up to three people, available in Faro and Lisbon for flexible road trips.","url":"https:\/\/oceancamper.com\/pl\/","email":"info@oceancamper.com","telephone":"+351920301044","foundingDate":"2017-04-19","numberOfEmployees":{"@type":"QuantitativeValue","minValue":0,"maxValue":10},"logo":{"@type":"ImageObject","url":"https:\/\/oceancamper.com\/wp-content\/uploads\/2022\/01\/Asset-5.png","@id":"https:\/\/oceancamper.com\/pl\/surfing-w-portugalii\/#organizationLogo","width":662,"height":291,"caption":"Ocean Camper logo"},"image":{"@id":"https:\/\/oceancamper.com\/pl\/surfing-w-portugalii\/#organizationLogo"},"sameAs":["https:\/\/www.facebook.com\/oceancamper\/","https:\/\/x.com\/Ocean_Camper","https:\/\/www.instagram.com\/oceancamper.vans\/","https:\/\/www.tiktok.com\/@oceancamper.vans","https:\/\/www.youtube.com\/@oceancamper","https:\/\/www.linkedin.com\/company\/oceancamper\/","https:\/\/www.trustpilot.com\/review\/oceancamper.com"]},{"@type":"Person","@id":"https:\/\/oceancamper.com\/pl\/author\/nomadcanguru\/#author","url":"https:\/\/oceancamper.com\/pl\/author\/nomadcanguru\/","name":"nomadcanguru","image":{"@type":"ImageObject","@id":"https:\/\/oceancamper.com\/pl\/surfing-w-portugalii\/#authorImage","url":"https:\/\/secure.gravatar.com\/avatar\/3a5092e8a35779f7501b5a8c315d77eae173c0705d8cfd512c06ce5460985e92?s=96&d=mm&r=g","width":96,"height":96,"caption":"nomadcanguru"}},{"@type":"WebPage","@id":"https:\/\/oceancamper.com\/pl\/surfing-w-portugalii\/#webpage","url":"https:\/\/oceancamper.com\/pl\/surfing-w-portugalii\/","name":"Najlepsze miejsca do surfowania w Portugalii: Algarve i Alentejo","description":"Najlepsze miejsca do surfowania w Portugalii \u2013 od pla\u017cowych spot\u00f3w w Algarve po zachodnie wybrze\u017ce Alentejo. Gdzie warto si\u0119 wybra\u0107 w zale\u017cno\u015bci od pory roku, wiatru i poziomu zaawansowania, a tak\u017ce gdzie zaparkowa\u0107 Kampera.","inLanguage":"pl-PL","isPartOf":{"@id":"https:\/\/oceancamper.com\/pl\/#website"},"breadcrumb":{"@id":"https:\/\/oceancamper.com\/pl\/surfing-w-portugalii\/#breadcrumblist"},"author":{"@id":"https:\/\/oceancamper.com\/pl\/author\/nomadcanguru\/#author"},"creator":{"@id":"https:\/\/oceancamper.com\/pl\/author\/nomadcanguru\/#author"},"image":{"@type":"ImageObject","url":"https:\/\/oceancamper.com\/wp-content\/uploads\/2020\/12\/surfing-in-portugal-ocean-camper-van-scaled.jpg","@id":"https:\/\/oceancamper.com\/pl\/surfing-w-portugalii\/#mainImage","width":2560,"height":1707,"caption":"Ocean Camper surf campervan zaparkowany przy pla\u017cy podczas wycieczki surfingowej na portugalskim wybrze\u017cu Algarve."},"primaryImageOfPage":{"@id":"https:\/\/oceancamper.com\/pl\/surfing-w-portugalii\/#mainImage"},"datePublished":"2020-12-21T20:04:28+00:00","dateModified":"2026-09-01T16:49:27+00:00"},{"@type":"WebSite","@id":"https:\/\/oceancamper.com\/pl\/#website","url":"https:\/\/oceancamper.com\/pl\/","name":"Ocean Camper","alternateName":"Ocean Camper Portugal","description":"Campervan Rental in Faro, Portugal","inLanguage":"pl-PL","publisher":{"@id":"https:\/\/oceancamper.com\/pl\/#organization"}}]},"og:locale":"pl_PL","og:site_name":"Ocean Camper - Campervan Rental in Faro, Portugal","og:type":"article","og:title":"Najlepsze miejsca do surfowania w Portugalii: Algarve i Alentejo","og:description":"Najlepsze miejsca do surfowania w Portugalii \u2013 od pla\u017cowych spot\u00f3w w Algarve po zachodnie wybrze\u017ce Alentejo. Gdzie wybra\u0107 si\u0119 w zale\u017cno\u015bci od pory roku, wiatru i poziomu zaawansowania oraz gdzie zaparkowa\u0107 Kamper.","og:url":"https:\/\/oceancamper.com\/pl\/surfing-w-portugalii\/","og:image":"https:\/\/oceancamper.com\/wp-content\/uploads\/2022\/01\/Asset-5.png","og:image:secure_url":"https:\/\/oceancamper.com\/wp-content\/uploads\/2022\/01\/Asset-5.png","og:image:width":662,"og:image:height":291,"article:published_time":"2020-12-21T20:04:28+00:00","article:modified_time":"2026-09-01T16:49:27+00:00","article:publisher":"https:\/\/www.facebook.com\/oceancamper\/","twitter:card":"summary","twitter:site":"@Ocean_Camper","twitter:title":"Najlepsze miejsca do surfowania w Portugalii: Algarve i Alentejo","twitter:description":"Najlepsze miejsca do surfowania w Portugalii \u2013 od pla\u017cowych spot\u00f3w w Algarve po zachodnie wybrze\u017ce Alentejo. Gdzie warto si\u0119 wybra\u0107 w zale\u017cno\u015bci od pory roku, wiatru i poziomu zaawansowania, oraz gdzie zaparkowa\u0107 Kampera.","twitter:creator":"@Ocean_Camper","twitter:image":"https:\/\/oceancamper.com\/wp-content\/uploads\/2022\/01\/Asset-5.png"},"aioseo_meta_data":{"post_id":"162177","title":"Paddleboarding w Algarve: Najlepsze miejsca do uprawiania SUP | Ocean Kamper","description":"Paddleboarding w regionie Algarve: odkrywaj jaskinie, klify i spokojne jeziora w Benagil, Lagos i Ria Formosa. Wypo\u017cycz desk\u0119 SUP w firmie Ocean Kamper w Faro. ","keywords":null,"keyphrases":{"focus":{"keyphrase":"paddleboarding algarve","score":78,"analysis":{"keyphraseInTitle":{"score":9,"maxScore":9,"error":0},"keyphraseInDescription":{"score":9,"maxScore":9,"error":0},"keyphraseLength":{"score":9,"maxScore":9,"error":0,"length":2},"keyphraseInURL":{"score":5,"maxScore":5,"error":0},"keyphraseInIntroduction":{"score":9,"maxScore":9,"error":0},"keyphraseInSubHeadings":{"score":3,"maxScore":9,"error":1},"keyphraseInImageAlt":{"score":9,"maxScore":9,"error":0},"keywordDensity":{"score":0,"type":"low","maxScore":9,"error":1}}},"additional":[{"keyphrase":"sup algarve","score":53,"analysis":{"keyphraseInDescription":{"score":3,"maxScore":9,"error":1},"keyphraseLength":{"score":9,"maxScore":9,"error":0,"length":2},"keyphraseInIntroduction":{"score":3,"maxScore":9,"error":1},"keyphraseInImageAlt":{"score":9,"maxScore":9,"error":0},"keywordDensity":{"score":0,"type":"low","maxScore":9,"error":1}}},{"keyphrase":"paddleboarding portugal","score":53,"analysis":{"keyphraseInDescription":{"score":3,"maxScore":9,"error":1},"keyphraseLength":{"score":9,"maxScore":9,"error":0,"length":2},"keyphraseInIntroduction":{"score":3,"maxScore":9,"error":1},"keyphraseInImageAlt":{"score":9,"maxScore":9,"error":0},"keywordDensity":{"score":0,"type":"low","maxScore":9,"error":1}}},{"keyphrase":"benagil cave sup","score":53,"analysis":{"keyphraseInDescription":{"score":3,"maxScore":9,"error":1},"keyphraseLength":{"score":9,"maxScore":9,"error":0,"length":3},"keyphraseInIntroduction":{"score":3,"maxScore":9,"error":1},"keyphraseInImageAlt":{"score":9,"maxScore":9,"error":0},"keywordDensity":{"score":0,"type":"low","maxScore":9,"error":1}}},{"keyphrase":"algarve sup rental","score":53,"analysis":{"keyphraseInDescription":{"score":3,"maxScore":9,"error":1},"keyphraseLength":{"score":9,"maxScore":9,"error":0,"length":3},"keyphraseInIntroduction":{"score":3,"maxScore":9,"error":1},"keyphraseInImageAlt":{"score":9,"maxScore":9,"error":0},"keywordDensity":{"score":0,"type":"low","maxScore":9,"error":1}}},{"keyphrase":"faro paddleboard rental","score":53,"analysis":{"keyphraseInDescription":{"score":3,"maxScore":9,"error":1},"keyphraseLength":{"score":9,"maxScore":9,"error":0,"length":3},"keyphraseInIntroduction":{"score":3,"maxScore":9,"error":1},"keyphraseInImageAlt":{"score":9,"maxScore":9,"error":0},"keywordDensity":{"score":0,"type":"low","maxScore":9,"error":1}}},{"keyphrase":"algarve lakes paddleboarding","score":53,"analysis":{"keyphraseInDescription":{"score":3,"maxScore":9,"error":1},"keyphraseLength":{"score":9,"maxScore":9,"error":0,"length":3},"keyphraseInIntroduction":{"score":3,"maxScore":9,"error":1},"keyphraseInImageAlt":{"score":9,"maxScore":9,"error":0},"keywordDensity":{"score":0,"type":"low","maxScore":9,"error":1}}},{"keyphrase":"paddleboard tours algarve","score":53,"analysis":{"keyphraseInDescription":{"score":3,"maxScore":9,"error":1},"keyphraseLength":{"score":9,"maxScore":9,"error":0,"length":3},"keyphraseInIntroduction":{"score":3,"maxScore":9,"error":1},"keyphraseInImageAlt":{"score":9,"maxScore":9,"error":0},"keywordDensity":{"score":0,"type":"low","maxScore":9,"error":1}}}]},"primary_term":null,"canonical_url":null,"og_title":null,"og_description":null,"og_object_type":"default","og_image_type":"default","og_image_url":null,"og_image_width":null,"og_image_height":null,"og_image_custom_url":null,"og_image_custom_fields":null,"og_video":"","og_custom_url":null,"og_article_section":null,"og_article_tags":null,"twitter_use_og":false,"twitter_card":"default","twitter_image_type":"default","twitter_image_url":null,"twitter_image_custom_url":null,"twitter_image_custom_fields":null,"twitter_title":null,"twitter_description":null,"schema":{"blockGraphs":[],"customGraphs":[],"default":{"data":{"Article":{"id":"aioseo-article-6394f62b26064","slug":"article","graphName":"Article","label":"Article","properties":{"type":"BlogPosting","name":"#post_title","headline":"#post_title","description":"#post_excerpt","image":"","keywords":"","author":{"name":"#author_name","url":"#author_url"},"dates":{"include":true,"datePublished":"","dateModified":""}}},"Course":[],"Dataset":[],"FAQPage":[],"Movie":[],"Person":[],"Product":[],"ProductReview":[],"Car":[],"Recipe":[],"Service":[],"SoftwareApplication":[],"WebPage":[]},"graphName":"BlogPosting","isEnabled":true},"graphs":[]},"schema_type":"default","schema_type_options":"{\"article\":{\"articleType\":\"BlogPosting\"},\"course\":{\"name\":\"\",\"description\":\"\",\"provider\":\"\"},\"faq\":{\"pages\":[]},\"product\":{\"reviews\":[]},\"recipe\":{\"ingredients\":[],\"instructions\":[],\"keywords\":[]},\"software\":{\"reviews\":[],\"operatingSystems\":[]},\"webPage\":{\"webPageType\":\"WebPage\"}}","pillar_content":false,"robots_default":true,"robots_noindex":false,"robots_noarchive":false,"robots_nosnippet":false,"robots_nofollow":false,"robots_noimageindex":false,"robots_noodp":false,"robots_notranslate":false,"robots_max_snippet":"-1","robots_max_videopreview":"-1","robots_max_imagepreview":"large","priority":null,"frequency":"default","local_seo":null,"seo_analyzer_scan_date":"2025-12-13 10:44:28","breadcrumb_settings":null,"limit_modified_date":false,"open_ai":null,"ai":{"faqs":[],"keyPoints":[],"titles":[],"descriptions":[],"socialPosts":{"email":[],"linkedin":[],"twitter":[],"facebook":[],"instagram":[]}},"created":"2025-03-14 10:03:16","updated":"2026-09-01 22:36:11"},"aioseo_breadcrumb":"<div class=\"aioseo-breadcrumbs\"><span class=\"aioseo-breadcrumb\">\n\t\t\t<a href=\"https:\/\/oceancamper.com\/pl\/\" title=\"Home\">Home<\/a>\n\t\t<\/span><span class=\"aioseo-breadcrumb-separator\">\u00bb<\/span><span class=\"aioseo-breadcrumb\">\n\t\t\t<a href=\"https:\/\/oceancamper.com\/pl\/category\/najwazniejsze-wydarzenia\/\" title=\"najwa\u017cniejsze wydarzenia\">najwa\u017cniejsze wydarzenia<\/a>\n\t\t<\/span><span class=\"aioseo-breadcrumb-separator\">\u00bb<\/span><span class=\"aioseo-breadcrumb\">\n\t\t\tPaddleboarding w Algarve: najlepsze miejsca do uprawiania SUP\n\t\t<\/span><\/div>","aioseo_breadcrumb_json":[{"label":"Home","link":"https:\/\/oceancamper.com\/pl\/"},{"label":"najwa\u017cniejsze wydarzenia","link":"https:\/\/oceancamper.com\/pl\/category\/najwazniejsze-wydarzenia\/"},{"label":"Paddleboarding w Algarve: najlepsze miejsca do uprawiania SUP","link":"https:\/\/oceancamper.com\/pl\/paddleboarding-algarve-najlepsze-miejsca-do-sup-jaskinie-jeziora\/"}],"_links":{"self":[{"href":"https:\/\/oceancamper.com\/pl\/wp-json\/wp\/v2\/posts\/162177","targetHints":{"allow":["GET"]}}],"collection":[{"href":"https:\/\/oceancamper.com\/pl\/wp-json\/wp\/v2\/posts"}],"about":[{"href":"https:\/\/oceancamper.com\/pl\/wp-json\/wp\/v2\/types\/post"}],"author":[{"embeddable":true,"href":"https:\/\/oceancamper.com\/pl\/wp-json\/wp\/v2\/users\/1"}],"replies":[{"embeddable":true,"href":"https:\/\/oceancamper.com\/pl\/wp-json\/wp\/v2\/comments?post=162177"}],"version-history":[{"count":15,"href":"https:\/\/oceancamper.com\/pl\/wp-json\/wp\/v2\/posts\/162177\/revisions"}],"predecessor-version":[{"id":275371,"href":"https:\/\/oceancamper.com\/pl\/wp-json\/wp\/v2\/posts\/162177\/revisions\/275371"}],"wp:featuredmedia":[{"embeddable":true,"href":"https:\/\/oceancamper.com\/pl\/wp-json\/wp\/v2\/media\/208153"}],"wp:attachment":[{"href":"https:\/\/oceancamper.com\/pl\/wp-json\/wp\/v2\/media?parent=162177"}],"wp:term":[{"taxonomy":"category","embeddable":true,"href":"https:\/\/oceancamper.com\/pl\/wp-json\/wp\/v2\/categories?post=162177"},{"taxonomy":"post_tag","embeddable":true,"href":"https:\/\/oceancamper.com\/pl\/wp-json\/wp\/v2\/tags?post=162177"}],"curies":[{"name":"wp","href":"https:\/\/api.w.org\/{rel}","templated":true}]}}