{"id":162121,"date":"2021-10-22T20:23:32","date_gmt":"2021-10-22T20:23:32","guid":{"rendered":"https:\/\/oceancamper.com\/wspaniale-plaze\/"},"modified":"2025-11-18T15:22:25","modified_gmt":"2025-11-18T15:22:25","slug":"wspaniale-plaze","status":"publish","type":"post","link":"https:\/\/oceancamper.com\/pl\/wspaniale-plaze\/","title":{"rendered":"Wspania\u0142e pla\u017ce Algarve"},"content":{"rendered":"\t\t<div data-elementor-type=\"wp-post\" data-elementor-id=\"162121\" class=\"elementor elementor-162121 elementor-3278\" data-elementor-post-type=\"post\">\n\t\t\t\t\t\t<section class=\"elementor-section elementor-top-section elementor-element elementor-element-221c56d elementor-section-height-min-height elementor-section-stretched elementor-section-content-middle elementor-section-boxed elementor-section-height-default elementor-section-items-middle\" data-id=\"221c56d\" data-element_type=\"section\" data-e-type=\"section\" data-settings=\"{&quot;stretch_section&quot;:&quot;section-stretched&quot;,&quot;background_background&quot;:&quot;classic&quot;}\">\n\t\t\t\t\t\t\t<div class=\"elementor-background-overlay\"><\/div>\n\t\t\t\t\t\t\t<div class=\"elementor-container elementor-column-gap-default\">\n\t\t\t\t\t<div class=\"elementor-column elementor-col-100 elementor-top-column elementor-element elementor-element-f353ac8\" data-id=\"f353ac8\" data-element_type=\"column\" data-e-type=\"column\">\n\t\t\t<div class=\"elementor-widget-wrap elementor-element-populated\">\n\t\t\t\t\t\t<div class=\"elementor-element elementor-element-935df68 elementor-widget elementor-widget-theme-post-title elementor-page-title elementor-widget-heading\" data-id=\"935df68\" data-element_type=\"widget\" data-e-type=\"widget\" data-widget_type=\"theme-post-title.default\">\n\t\t\t\t<div class=\"elementor-widget-container\">\n\t\t\t\t\t<h1 class=\"elementor-heading-title elementor-size-default\">Wspania\u0142e pla\u017ce Algarve<\/h1>\t\t\t\t<\/div>\n\t\t\t\t<\/div>\n\t\t\t\t<section class=\"elementor-section elementor-inner-section elementor-element elementor-element-982913f elementor-section-boxed elementor-section-height-default elementor-section-height-default\" data-id=\"982913f\" data-element_type=\"section\" data-e-type=\"section\">\n\t\t\t\t\t\t<div class=\"elementor-container elementor-column-gap-default\">\n\t\t\t\t\t<div class=\"elementor-column elementor-col-33 elementor-inner-column elementor-element elementor-element-8d57a50\" data-id=\"8d57a50\" data-element_type=\"column\" data-e-type=\"column\">\n\t\t\t<div class=\"elementor-widget-wrap\">\n\t\t\t\t\t\t\t<\/div>\n\t\t<\/div>\n\t\t\t\t<div class=\"elementor-column elementor-col-33 elementor-inner-column elementor-element elementor-element-69ae2cf\" data-id=\"69ae2cf\" data-element_type=\"column\" data-e-type=\"column\">\n\t\t\t<div class=\"elementor-widget-wrap elementor-element-populated\">\n\t\t\t\t\t\t<div class=\"elementor-element elementor-element-321c0fa elementor-author-box--align-center elementor-author-box--layout-image-above elementor-widget elementor-widget-author-box\" data-id=\"321c0fa\" data-element_type=\"widget\" data-e-type=\"widget\" data-widget_type=\"author-box.default\">\n\t\t\t\t<div class=\"elementor-widget-container\">\n\t\t\t\t\t\t\t<div class=\"elementor-author-box\">\n\t\t\t\t\t\t\t<div  class=\"elementor-author-box__avatar\">\n\t\t\t\t\t<img decoding=\"async\" src=\"https:\/\/oceancamper.com\/wp-content\/uploads\/2022\/02\/Nina-min-1-300x300.jpg\" alt=\"Picture of Nina\" loading=\"lazy\">\n\t\t\t\t<\/div>\n\t\t\t\n\t\t\t<div class=\"elementor-author-box__text\">\n\t\t\t\t\t\t\t\t\t<div >\n\t\t\t\t\t\t<h4 class=\"elementor-author-box__name\">\n\t\t\t\t\t\t\tNina\t\t\t\t\t\t<\/h4>\n\t\t\t\t\t<\/div>\n\t\t\t\t\n\t\t\t\t\t\t\t\t\t<div class=\"elementor-author-box__bio\">\n\t\t\t\t\t\t<p>CEO Ocean Camper<\/p>\n\t\t\t\t\t<\/div>\n\t\t\t\t\n\t\t\t\t\t\t\t<\/div>\n\t\t<\/div>\n\t\t\t\t\t\t<\/div>\n\t\t\t\t<\/div>\n\t\t\t\t\t<\/div>\n\t\t<\/div>\n\t\t\t\t<div class=\"elementor-column elementor-col-33 elementor-inner-column elementor-element elementor-element-8f46cba\" data-id=\"8f46cba\" data-element_type=\"column\" data-e-type=\"column\">\n\t\t\t<div class=\"elementor-widget-wrap\">\n\t\t\t\t\t\t\t<\/div>\n\t\t<\/div>\n\t\t\t\t\t<\/div>\n\t\t<\/section>\n\t\t\t\t\t<\/div>\n\t\t<\/div>\n\t\t\t\t\t<\/div>\n\t\t<\/section>\n\t\t\t\t<section class=\"elementor-section elementor-top-section elementor-element elementor-element-52d439d elementor-section-stretched elementor-section-boxed elementor-section-height-default elementor-section-height-default\" data-id=\"52d439d\" data-element_type=\"section\" data-e-type=\"section\" data-settings=\"{&quot;stretch_section&quot;:&quot;section-stretched&quot;,&quot;background_background&quot;:&quot;classic&quot;}\">\n\t\t\t\t\t\t<div class=\"elementor-container elementor-column-gap-default\">\n\t\t\t\t\t<div class=\"elementor-column elementor-col-100 elementor-top-column elementor-element elementor-element-6e2c50d elementor-invisible\" data-id=\"6e2c50d\" data-element_type=\"column\" data-e-type=\"column\" data-settings=\"{&quot;background_background&quot;:&quot;classic&quot;,&quot;animation&quot;:&quot;fadeIn&quot;}\">\n\t\t\t<div class=\"elementor-widget-wrap elementor-element-populated\">\n\t\t\t\t\t<div class=\"elementor-background-overlay\"><\/div>\n\t\t\t\t\t\t<div class=\"elementor-element elementor-element-0c37c66 elementor-widget elementor-widget-heading\" data-id=\"0c37c66\" data-element_type=\"widget\" data-e-type=\"widget\" data-widget_type=\"heading.default\">\n\t\t\t\t<div class=\"elementor-widget-container\">\n\t\t\t\t\t<h2 class=\"elementor-heading-title elementor-size-default\">Indeks<\/h2>\t\t\t\t<\/div>\n\t\t\t\t<\/div>\n\t\t\t\t<div class=\"elementor-element elementor-element-33f2fea elementor-widget elementor-widget-text-editor\" data-id=\"33f2fea\" data-element_type=\"widget\" data-e-type=\"widget\" data-widget_type=\"text-editor.default\">\n\t\t\t\t<div class=\"elementor-widget-container\">\n\t\t\t\t\t\t\t\t\t<ol><li><h6><a href=\"#intro\">\u2600\ufe0f Wprowadzenie: Dlaczego po\u0142udnie Portugalii to raj dla pla\u017cowicz\u00f3w<\/a><\/h6><\/li><li><h6><a href=\"#choose\">Jak wybra\u0107 dzisiejsz\u0105 pla\u017c\u0119?<\/a><\/h6><\/li><li><h6><a href=\"#algarvee\">Wschodnie Algarve<\/a><\/h6><ol><li><h6><a href=\"#cacela\">\ud83c\udfd6\ufe0f Cacela Velha (Ria Formosa)<\/a><\/h6><\/li><\/ol><\/li><li><h6><a href=\"#algarvec\">Central Algarve<\/a><\/h6><ol><li><h6><a href=\"#faro\">Praia de Faro (Ilha de Faro)<\/a><\/h6><\/li><li><h6><a href=\"#albufeira\">Zatoki Albufeiry: Arrifes \u2192 Coelha \u2192 Gal\u00e9<\/a><\/h6><\/li><li><h6><a href=\"#albandeira\">Praia da Albandeira i \u0142uk morski<\/a><\/h6><\/li><li><h6><a href=\"#benagil\">Benagil: Katedra w jaskini morskiej<\/a><\/h6><\/li><li><h6><a href=\"#carvalho\">\ud83d\udd73\ufe0f Praia do Carvalho<\/a><\/h6><\/li><\/ol><\/li><li><h6><a href=\"#portimao\">\ud83c\udfdd\ufe0f Portim\u00e3o &amp; Lagos<\/a><\/h6><ol><li><h6><a href=\"#alemao\">Praia do Alem\u00e3o<\/a><\/h6><\/li><li><h6><a href=\"#piedade\">Ponta da Piedade &#8211; Lagos<\/a><\/h6><\/li><\/ol><\/li><li><h6><a href=\"#western\">Zachodnie Algarve (Costa Vicentina)<\/a><\/h6><ol><li><h6><a href=\"#boca\">Praia da Boca do Rio<\/a><\/h6><\/li><li><h6><a href=\"#amado\">Praia do Amado<\/a><\/h6><\/li><li><h6><a href=\"#amoreira\">\ud83c\udfd6\ufe0f Praia da Amoreira<\/a><\/h6><\/li><li><h6><a href=\"#homens\">Praia do Vale dos Homens<\/a><\/h6><\/li><li><h6><a href=\"#adegas\">Praia das Adegas (dla naturyst\u00f3w)<\/a><\/h6><\/li><li><h6><a href=\"#amalia\">Praia da Am\u00e1lia<\/a><\/h6><\/li><\/ol><\/li><li><h6><a href=\"#inland\">\ud83c\udfde\ufe0f Inland Lakes (Quiet Escapes)<\/a><\/h6><\/li><li><h6><a href=\"#campervan\">\ud83d\ude90 Praktyczne wskaz\u00f3wki dla podr\u00f3\u017cuj\u0105cych kamperem<\/a><\/h6><\/li><li><h6><a href=\"#safety\">Bezpiecze\u0144stwo, zr\u00f3wnowa\u017cony rozw\u00f3j i dost\u0119pno\u015b\u0107<\/a><\/h6><\/li><li><h6><a href=\"#faq\">Najcz\u0119\u015bciej zadawane pytania<\/a><\/h6><\/li><\/ol>\t\t\t\t\t\t\t\t<\/div>\n\t\t\t\t<\/div>\n\t\t\t\t\t<\/div>\n\t\t<\/div>\n\t\t\t\t\t<\/div>\n\t\t<\/section>\n\t\t\t\t<section class=\"elementor-section elementor-top-section elementor-element elementor-element-519a5993 elementor-section-stretched elementor-section-boxed elementor-section-height-default elementor-section-height-default\" data-id=\"519a5993\" data-element_type=\"section\" data-e-type=\"section\" data-settings=\"{&quot;stretch_section&quot;:&quot;section-stretched&quot;,&quot;background_background&quot;:&quot;classic&quot;}\">\n\t\t\t\t\t\t<div class=\"elementor-container elementor-column-gap-default\">\n\t\t\t\t\t<div class=\"elementor-column elementor-col-100 elementor-top-column elementor-element elementor-element-43af01f0\" data-id=\"43af01f0\" data-element_type=\"column\" data-e-type=\"column\">\n\t\t\t<div class=\"elementor-widget-wrap elementor-element-populated\">\n\t\t\t\t\t\t<div class=\"elementor-element elementor-element-4d00e3de elementor-widget elementor-widget-heading\" data-id=\"4d00e3de\" data-element_type=\"widget\" data-e-type=\"widget\" id=\"intro\" data-widget_type=\"heading.default\">\n\t\t\t\t<div class=\"elementor-widget-container\">\n\t\t\t\t\t<h2 class=\"elementor-heading-title elementor-size-default\">\u2600\ufe0f Wprowadzenie: Dlaczego po\u0142udnie Portugalii to raj dla pla\u017cowicz\u00f3w<\/h2>\t\t\t\t<\/div>\n\t\t\t\t<\/div>\n\t\t\t\t<div class=\"elementor-element elementor-element-4098498e elementor-widget elementor-widget-text-editor\" data-id=\"4098498e\" data-element_type=\"widget\" data-e-type=\"widget\" data-widget_type=\"text-editor.default\">\n\t\t\t\t<div class=\"elementor-widget-container\">\n\t\t\t\t\t\t\t\t\t<p>Po\u0142udnie Portugalii &#8211; <strong data-start=\"2547\" data-end=\"2578\">Algarve i po\u0142udniowe Alentejo<\/strong> &#8211; oferuje najwi\u0119ksze w Europie zag\u0119szczenie <strong data-start=\"2616\" data-end=\"2637\">wspania\u0142ych pla\u017c<\/strong>: z\u0142ote wapienne klify, ukryte jaskinie i dzikie wydmy Atlantyku.<br data-start=\"2702\" data-end=\"2705\">Dzi\u0119ki<a href=\"https:\/\/oceancamper.com\/pl\/samochody-kempingowe\/\"> furgonetce Ocean Camper<\/a> \ud83d\ude90 mo\u017cesz obudzi\u0107 si\u0119 w pobli\u017cu oceanu (korzystaj\u0105c z legalnych przystank\u00f3w), zacz\u0105\u0107 wcze\u015bnie, aby pokona\u0107 t\u0142umy, i uruchomi\u0107 <a class=\"decorated-link cursor-pointer\" href=\"https:\/\/oceancamper.com\/pl\/dodatki\/stand-up-paddel\/\" rel=\"noopener\" data-start=\"2860\" data-end=\"2892\">desk\u0119 SUP<\/a> \ud83c\udfc4\u200d\u2642\ufe0f w spokojne poranki.<br data-start=\"2916\" data-end=\"2919\">Ten przewodnik ujawnia najlepsze pla\u017ce &#8211; plus inteligentne wskaz\u00f3wki dotycz\u0105ce <strong data-start=\"2976\" data-end=\"2985\">p\u0142yw\u00f3w<\/strong>, <strong data-start=\"2987\" data-end=\"2998\">parkowania<\/strong>, <strong data-start=\"3000\" data-end=\"3009\">wiatr\u00f3w<\/strong>, <strong data-start=\"3011\" data-end=\"3021\">bezpiecze\u0144stwa<\/strong> i <strong data-start=\"3027\" data-end=\"3049\">zr\u00f3wnowa\u017conego podr\u00f3\u017cowania<\/strong> \ud83c\udf0d.<\/p>\t\t\t\t\t\t\t\t<\/div>\n\t\t\t\t<\/div>\n\t\t\t\t\t<\/div>\n\t\t<\/div>\n\t\t\t\t\t<\/div>\n\t\t<\/section>\n\t\t\t\t<section class=\"elementor-section elementor-top-section elementor-element elementor-element-653fc5a3 elementor-section-stretched elementor-section-boxed elementor-section-height-default elementor-section-height-default\" data-id=\"653fc5a3\" data-element_type=\"section\" data-e-type=\"section\" id=\"aspects\" data-settings=\"{&quot;stretch_section&quot;:&quot;section-stretched&quot;,&quot;background_background&quot;:&quot;classic&quot;}\">\n\t\t\t\t\t\t<div class=\"elementor-container elementor-column-gap-default\">\n\t\t\t\t\t<div class=\"elementor-column elementor-col-100 elementor-top-column elementor-element elementor-element-ab5afd5\" data-id=\"ab5afd5\" data-element_type=\"column\" data-e-type=\"column\">\n\t\t\t<div class=\"elementor-widget-wrap elementor-element-populated\">\n\t\t\t\t\t\t<div class=\"elementor-element elementor-element-6fcf34d2 elementor-widget elementor-widget-heading\" data-id=\"6fcf34d2\" data-element_type=\"widget\" data-e-type=\"widget\" id=\"choose\" data-widget_type=\"heading.default\">\n\t\t\t\t<div class=\"elementor-widget-container\">\n\t\t\t\t\t<h2 class=\"elementor-heading-title elementor-size-default\">Jak wybra\u0107 dzisiejsz\u0105 pla\u017c\u0119?<\/h2>\t\t\t\t<\/div>\n\t\t\t\t<\/div>\n\t\t\t\t<div class=\"elementor-element elementor-element-7bb0695 elementor-widget elementor-widget-text-editor\" data-id=\"7bb0695\" data-element_type=\"widget\" data-e-type=\"widget\" data-widget_type=\"text-editor.default\">\n\t\t\t\t<div class=\"elementor-widget-container\">\n\t\t\t\t\t\t\t\t\t<ul><li data-start=\"3115\" data-end=\"3322\"><img decoding=\"async\" class=\"emoji\" role=\"img\" draggable=\"false\" src=\"https:\/\/s.w.org\/images\/core\/emoji\/16.0.1\/svg\/1f30a.svg\" alt=\"\ud83c\udf0a\"> <strong data-start=\"3118\" data-end=\"3128\">P\u0142ywy:<\/strong> Ma\u0142e zatoczki znikaj\u0105 podczas przyp\u0142ywu (np. <a href=\"https:\/\/goo.gl\/maps\/FbM1LKDoYtsGWq2g6\" target=\"_blank\" rel=\"noopener\">Camilo<\/a>). Sprawd\u017a Faro<strong data-start=\"3183\" data-end=\"3272\"> <a class=\"decorated-link cursor-pointer\" href=\"https:\/\/www.tide-forecast.com\/\" target=\"_blank\" rel=\"noopener\" data-start=\"3185\" data-end=\"3270\">godziny p\u0142yw\u00f3w<\/a><\/strong> i wybierz si\u0119 wcze\u015bniej, aby uzyska\u0107 spokojniejsz\u0105 wod\u0119 i \u0142atwiejszy parking.<\/li><li data-start=\"3325\" data-end=\"3502\"><img decoding=\"async\" class=\"emoji\" role=\"img\" draggable=\"false\" src=\"https:\/\/s.w.org\/images\/core\/emoji\/16.0.1\/svg\/1f4a8.svg\" alt=\"\ud83d\udca8\"> <strong data-start=\"3328\" data-end=\"3345\">Wiatr i fala:<\/strong> Bezwietrznie? Wybierz <strong data-start=\"3359\" data-end=\"3384\">os\u0142oni\u0119te klifami zatoczki<\/strong>, takie jak <a href=\"https:\/\/goo.gl\/maps\/DPhp85Urthuv2DDu9\" target=\"_blank\" rel=\"noopener\">Albandeira <\/a>lub <a class=\"decorated-link cursor-pointer\" rel=\"noopener\" data-start=\"3419\" data-end=\"3440\">Carvalho<\/a>. Dzie\u0144 surfowania? Wybierz pere\u0142ki <strong data-start=\"3459\" data-end=\"3473\">zachodniego wybrze\u017ca<\/strong>, takie jak <a class=\"decorated-link cursor-pointer\" rel=\"noopener\" data-start=\"3484\" data-end=\"3499\">Amado<\/a>.   <\/li><li data-start=\"3505\" data-end=\"3668\"><img decoding=\"async\" class=\"emoji\" role=\"img\" draggable=\"false\" src=\"https:\/\/s.w.org\/images\/core\/emoji\/16.0.1\/svg\/2615.svg\" alt=\"\u2615\"> <strong data-start=\"3507\" data-end=\"3530\">Udogodnienia kontra dzika przyroda<\/strong>: poszukiwacze komfortu uwielbiaj\u0105 <a class=\"decorated-link cursor-pointer\" rel=\"noopener\" data-start=\"3552\" data-end=\"3583\">Praia de Faro<\/a> i <a class=\"decorated-link cursor-pointer\" rel=\"noopener\" data-start=\"3588\" data-end=\"3615\">Arrifes, gdzie znajduj\u0105 si\u0119 restauracje, toalety i wypo\u017cyczalnie SUP\/surfingu<\/a>; mi\u0142o\u015bnicy przyrody wol\u0105 pla\u017ce takie jak <a class=\"decorated-link cursor-pointer\" rel=\"noopener\" data-start=\"3638\" data-end=\"3665\">Boca do Rio<\/a><a class=\"decorated-link cursor-pointer\" rel=\"noopener\" data-start=\"3588\" data-end=\"3615\"> bez \u017cadnych udogodnie\u0144<\/a>.<\/li><li data-start=\"3671\" data-end=\"3747\"><img decoding=\"async\" class=\"emoji\" role=\"img\" draggable=\"false\" src=\"https:\/\/s.w.org\/images\/core\/emoji\/16.0.1\/svg\/1f97e.svg\" alt=\"\ud83e\udd7e\"> <strong data-start=\"3674\" data-end=\"3685\">Dost\u0119p:<\/strong> Niekt\u00f3re pla\u017ce wymagaj\u0105 schod\u00f3w lub tuneli &#8211; nale\u017cy nosi\u0107 odpowiednie obuwie.<\/li><li data-start=\"3750\" data-end=\"3970\"><img decoding=\"async\" class=\"emoji\" role=\"img\" draggable=\"false\" src=\"https:\/\/s.w.org\/images\/core\/emoji\/16.0.1\/svg\/1f6a9.svg\" alt=\"\ud83d\udea9\"> <strong data-start=\"3753\" data-end=\"3770\">Flagi bezpiecze\u0144stwa:<\/strong> Post\u0119puj zgodnie z portugalskim <strong data-start=\"3789\" data-end=\"3869\"><a class=\"decorated-link cursor-pointer\" target=\"_new\" rel=\"noopener\" data-start=\"3791\" data-end=\"3867\">system flag pla\u017cowych<\/a><\/strong> i szukaj <strong data-start=\"3883\" data-end=\"3928\"><a class=\"decorated-link\" href=\"https:\/\/www.blueflag.global\/\" target=\"_blank\" rel=\"noopener\" data-start=\"3885\" data-end=\"3926\">B\u0142\u0119kitna flaga<\/a><\/strong> dla ratownik\u00f3w i dost\u0119pno\u015bci.<\/li><\/ul>\t\t\t\t\t\t\t\t<\/div>\n\t\t\t\t<\/div>\n\t\t\t\t\t<\/div>\n\t\t<\/div>\n\t\t\t\t\t<\/div>\n\t\t<\/section>\n\t\t\t\t<section class=\"elementor-section elementor-top-section elementor-element elementor-element-6e68a0a8 elementor-section-stretched elementor-section-boxed elementor-section-height-default elementor-section-height-default\" data-id=\"6e68a0a8\" data-element_type=\"section\" data-e-type=\"section\" id=\"cacela\" data-settings=\"{&quot;stretch_section&quot;:&quot;section-stretched&quot;,&quot;background_background&quot;:&quot;classic&quot;}\">\n\t\t\t\t\t\t<div class=\"elementor-container elementor-column-gap-default\">\n\t\t\t\t\t<div class=\"elementor-column elementor-col-100 elementor-top-column elementor-element elementor-element-4e9ef12f\" data-id=\"4e9ef12f\" data-element_type=\"column\" data-e-type=\"column\">\n\t\t\t<div class=\"elementor-widget-wrap elementor-element-populated\">\n\t\t\t\t\t\t<div class=\"elementor-element elementor-element-66e0ed7 elementor-widget elementor-widget-heading\" data-id=\"66e0ed7\" data-element_type=\"widget\" data-e-type=\"widget\" id=\"algarvee\" data-widget_type=\"heading.default\">\n\t\t\t\t<div class=\"elementor-widget-container\">\n\t\t\t\t\t<h2 class=\"elementor-heading-title elementor-size-default\">Wschodnie Algarve<\/h2>\t\t\t\t<\/div>\n\t\t\t\t<\/div>\n\t\t\t\t<div class=\"elementor-element elementor-element-2d623b1b elementor-widget elementor-widget-heading\" data-id=\"2d623b1b\" data-element_type=\"widget\" data-e-type=\"widget\" id=\"cacela\" data-widget_type=\"heading.default\">\n\t\t\t\t<div class=\"elementor-widget-container\">\n\t\t\t\t\t<h5 class=\"elementor-heading-title elementor-size-default\">\ud83c\udfd6\ufe0f Cacela Velha (Ria Formosa)<\/h5>\t\t\t\t<\/div>\n\t\t\t\t<\/div>\n\t\t\t\t<div class=\"elementor-element elementor-element-433d3ba9 elementor-widget elementor-widget-text-editor\" data-id=\"433d3ba9\" data-element_type=\"widget\" data-e-type=\"widget\" data-widget_type=\"text-editor.default\">\n\t\t\t\t<div class=\"elementor-widget-container\">\n\t\t\t\t\t\t\t\t\t<p>Dziewicza <strong data-start=\"4063\" data-end=\"4152\">piaszczysta \u0142awica w <a class=\"decorated-link cursor-pointer\" target=\"_new\" rel=\"noopener\" data-start=\"4081\" data-end=\"4150\">Parku Naturalnym Ria Formosa<\/a><\/strong> &#8211; turkusowa laguna, bia\u0142y piasek i senna wioska rybacka.<br data-start=\"4214\" data-end=\"4217\"><strong data-start=\"4217\" data-end=\"4231\">\u015awietne dla:<\/strong> rodzin <img decoding=\"async\" class=\"emoji\" role=\"img\" draggable=\"false\" src=\"https:\/\/s.w.org\/images\/core\/emoji\/16.0.1\/svg\/1f468-200d-1f469-200d-1f467.svg\" alt=\"\ud83d\udc68\u200d\ud83d\udc69\u200d\ud83d\udc67\">, fotografowania <img decoding=\"async\" class=\"emoji\" role=\"img\" draggable=\"false\" src=\"https:\/\/s.w.org\/images\/core\/emoji\/16.0.1\/svg\/1f4f8.svg\" alt=\"\ud83d\udcf8\">, spokojnego p\u0142ywania <img decoding=\"async\" class=\"emoji\" role=\"img\" draggable=\"false\" src=\"https:\/\/s.w.org\/images\/core\/emoji\/16.0.1\/svg\/1f420.svg\" alt=\"\ud83d\udc20\">.<br data-start=\"4284\" data-end=\"4287\"><strong data-start=\"4287\" data-end=\"4298\">Dost\u0119p:<\/strong> pieszo lub ma\u0142ymi \u0142odziami podczas odp\u0142ywu.<br data-start=\"4336\" data-end=\"4339\"><img decoding=\"async\" class=\"emoji\" role=\"img\" draggable=\"false\" src=\"https:\/\/s.w.org\/images\/core\/emoji\/16.0.1\/svg\/1f4cd.svg\" alt=\"\ud83d\udccd\"> Mapa <a style=\"background-color: #fcfcfc;\" href=\"https:\/\/goo.gl\/maps\/4GTQbQZ9UQ23nNmX9\" target=\"_blank\" rel=\"noopener\">tutaj<\/a><\/p>\t\t\t\t\t\t\t\t<\/div>\n\t\t\t\t<\/div>\n\t\t\t\t<div class=\"elementor-element elementor-element-6680a34 elementor-widget elementor-widget-image\" data-id=\"6680a34\" data-element_type=\"widget\" data-e-type=\"widget\" data-widget_type=\"image.default\">\n\t\t\t\t<div class=\"elementor-widget-container\">\n\t\t\t\t\t\t\t\t\t\t\t\t\t\t\t<img fetchpriority=\"high\" decoding=\"async\" width=\"800\" height=\"378\" src=\"https:\/\/oceancamper.com\/wp-content\/uploads\/2021\/10\/Cacela-Velha-Beach-Ria-Formosa-Algarve-Ocean-Camper-2025.jpg\" class=\"attachment-large size-large wp-image-208797\" alt=\"Piaszczysta pla\u017ca Cacela Velha podczas odp\u0142ywu w lagunie Ria Formosa, wschodnie Algarve, Portugalia\" srcset=\"https:\/\/oceancamper.com\/wp-content\/uploads\/2021\/10\/Cacela-Velha-Beach-Ria-Formosa-Algarve-Ocean-Camper-2025.jpg 960w, https:\/\/oceancamper.com\/wp-content\/uploads\/2021\/10\/Cacela-Velha-Beach-Ria-Formosa-Algarve-Ocean-Camper-2025-300x142.jpg 300w, https:\/\/oceancamper.com\/wp-content\/uploads\/2021\/10\/Cacela-Velha-Beach-Ria-Formosa-Algarve-Ocean-Camper-2025-768x363.jpg 768w, https:\/\/oceancamper.com\/wp-content\/uploads\/2021\/10\/Cacela-Velha-Beach-Ria-Formosa-Algarve-Ocean-Camper-2025-240x114.jpg 240w\" sizes=\"(max-width: 800px) 100vw, 800px\" \/>\t\t\t\t\t\t\t\t\t\t\t\t\t\t\t<\/div>\n\t\t\t\t<\/div>\n\t\t\t\t<div class=\"elementor-element elementor-element-cc42739 elementor-widget elementor-widget-text-editor\" data-id=\"cc42739\" data-element_type=\"widget\" data-e-type=\"widget\" data-widget_type=\"text-editor.default\">\n\t\t\t\t<div class=\"elementor-widget-container\">\n\t\t\t\t\t\t\t\t\t<article class=\"text-token-text-primary w-full focus:outline-none [--shadow-height:45px] has-data-writing-block:pointer-events-none has-data-writing-block:-mt-(--shadow-height) has-data-writing-block:pt-(--shadow-height) [&amp;:has([data-writing-block])&gt;*]:pointer-events-auto [content-visibility:auto] supports-[content-visibility:auto]:[contain-intrinsic-size:auto_100lvh] scroll-mt-[calc(var(--header-height)+min(200px,max(70px,20svh)))]\" dir=\"auto\" tabindex=\"-1\" data-turn-id=\"request-690b80b8-681c-8328-a668-6f1632121521-9\" data-testid=\"conversation-turn-20\" data-scroll-anchor=\"true\" data-turn=\"assistant\"><div class=\"text-base my-auto mx-auto pb-10 [--thread-content-margin:--spacing(4)] thread-sm:[--thread-content-margin:--spacing(6)] thread-lg:[--thread-content-margin:--spacing(16)] px-(--thread-content-margin)\"><div class=\"[--thread-content-max-width:40rem] thread-lg:[--thread-content-max-width:48rem] mx-auto max-w-(--thread-content-max-width) flex-1 group\/turn-messages focus-visible:outline-hidden relative flex w-full min-w-0 flex-col agent-turn\" tabindex=\"-1\"><div class=\"flex max-w-full flex-col grow\"><div class=\"min-h-8 text-message relative flex w-full flex-col items-end gap-2 text-start break-words whitespace-normal [.text-message+&amp;]:mt-1\" dir=\"auto\" data-message-author-role=\"assistant\" data-message-id=\"a1783eff-211e-4f98-9e0d-bab357f1c873\" data-message-model-slug=\"gpt-5\"><div class=\"flex w-full flex-col gap-1 empty:hidden first:pt-[1px]\"><div class=\"markdown prose dark:prose-invert w-full break-words dark markdown-new-styling\"><p data-start=\"75\" data-end=\"156\">Pla\u017ca Cacela Velha, Ria Formosa&#8221; autorstwa <a title=\"U\u017cytkownik:Xabier Ca\u00f1as\" href=\"https:\/\/commons.wikimedia.org\/wiki\/User:Xabier_Ca%C3%B1as\">Xabier Ca\u00f1as<\/a>, na licencji CC BY-SA 4.0.<\/p><\/div><\/div><\/div><\/div><\/div><\/div><\/article>\t\t\t\t\t\t\t\t<\/div>\n\t\t\t\t<\/div>\n\t\t\t\t\t<\/div>\n\t\t<\/div>\n\t\t\t\t\t<\/div>\n\t\t<\/section>\n\t\t\t\t<section class=\"elementor-section elementor-top-section elementor-element elementor-element-b3e1b03 elementor-section-stretched elementor-section-boxed elementor-section-height-default elementor-section-height-default\" data-id=\"b3e1b03\" data-element_type=\"section\" data-e-type=\"section\" data-settings=\"{&quot;stretch_section&quot;:&quot;section-stretched&quot;,&quot;background_background&quot;:&quot;classic&quot;}\">\n\t\t\t\t\t\t<div class=\"elementor-container elementor-column-gap-default\">\n\t\t\t\t\t<div class=\"elementor-column elementor-col-100 elementor-top-column elementor-element elementor-element-24ba5ef\" data-id=\"24ba5ef\" data-element_type=\"column\" data-e-type=\"column\">\n\t\t\t<div class=\"elementor-widget-wrap elementor-element-populated\">\n\t\t\t\t\t\t<div class=\"elementor-element elementor-element-f80ea8d elementor-widget elementor-widget-heading\" data-id=\"f80ea8d\" data-element_type=\"widget\" data-e-type=\"widget\" id=\"algarvec\" data-widget_type=\"heading.default\">\n\t\t\t\t<div class=\"elementor-widget-container\">\n\t\t\t\t\t<h2 class=\"elementor-heading-title elementor-size-default\">Central Algarve<\/h2>\t\t\t\t<\/div>\n\t\t\t\t<\/div>\n\t\t\t\t<div class=\"elementor-element elementor-element-47c1073 elementor-widget elementor-widget-heading\" data-id=\"47c1073\" data-element_type=\"widget\" data-e-type=\"widget\" id=\"faro\" data-widget_type=\"heading.default\">\n\t\t\t\t<div class=\"elementor-widget-container\">\n\t\t\t\t\t<h2 class=\"elementor-heading-title elementor-size-default\">Praia de Faro (Ilha de Faro)<\/h2>\t\t\t\t<\/div>\n\t\t\t\t<\/div>\n\t\t\t\t<div class=\"elementor-element elementor-element-8ec1255 elementor-widget elementor-widget-text-editor\" data-id=\"8ec1255\" data-element_type=\"widget\" data-e-type=\"widget\" data-widget_type=\"text-editor.default\">\n\t\t\t\t<div class=\"elementor-widget-container\">\n\t\t\t\t\t\t\t\t\t<p data-start=\"4482\" data-end=\"4704\">5 km z\u0142otego piasku mi\u0119dzy oceanem a lagun\u0105 &#8211; kawiarnie, toalety i ma\u0142y kemping w pobli\u017cu.<br data-start=\"4573\" data-end=\"4576\"><strong data-start=\"4576\" data-end=\"4592\">Idealna na:<\/strong> d\u0142ugie spacery <img decoding=\"async\" class=\"emoji\" role=\"img\" draggable=\"false\" src=\"https:\/\/s.w.org\/images\/core\/emoji\/16.0.1\/svg\/1f6b6-200d-2640-fe0f.svg\" alt=\"\ud83d\udeb6\u200d\u2640\ufe0f\">, zachody s\u0142o\u0144ca <img decoding=\"async\" class=\"emoji\" role=\"img\" draggable=\"false\" src=\"https:\/\/s.w.org\/images\/core\/emoji\/16.0.1\/svg\/1f307.svg\" alt=\"\ud83c\udf07\">, surfing dla pocz\u0105tkuj\u0105cych <img decoding=\"async\" class=\"emoji\" role=\"img\" draggable=\"false\" src=\"https:\/\/s.w.org\/images\/core\/emoji\/16.0.1\/svg\/1f3c4-200d-2640-fe0f.svg\" alt=\"\ud83c\udfc4\u200d\u2640\ufe0f\">.<br data-start=\"4643\" data-end=\"4646\"><img decoding=\"async\" class=\"emoji\" role=\"img\" draggable=\"false\" src=\"https:\/\/s.w.org\/images\/core\/emoji\/16.0.1\/svg\/1f4cd.svg\" alt=\"\ud83d\udccd\"> Mapa <a href=\"https:\/\/goo.gl\/maps\/8yDh2foqRTYvKHu19\" target=\"_blank\" rel=\"noopener\">tutaj<\/a><\/p>\t\t\t\t\t\t\t\t<\/div>\n\t\t\t\t<\/div>\n\t\t\t\t<div class=\"elementor-element elementor-element-415d182 elementor-widget elementor-widget-image\" data-id=\"415d182\" data-element_type=\"widget\" data-e-type=\"widget\" data-widget_type=\"image.default\">\n\t\t\t\t<div class=\"elementor-widget-container\">\n\t\t\t\t\t\t\t\t\t\t\t\t\t\t\t<img decoding=\"async\" width=\"800\" height=\"533\" src=\"https:\/\/oceancamper.com\/wp-content\/uploads\/2021\/10\/praia-de-faro-beach-ria-formosa-algarve-ocean-camper-2026.jpg\" class=\"attachment-large size-large wp-image-208798\" alt=\"Niebieska drewniana chatka na pla\u017cy i piaszczyste wydmy w Praia de Faro, Ria Formosa, Algarve, Portugalia\" srcset=\"https:\/\/oceancamper.com\/wp-content\/uploads\/2021\/10\/praia-de-faro-beach-ria-formosa-algarve-ocean-camper-2026.jpg 960w, https:\/\/oceancamper.com\/wp-content\/uploads\/2021\/10\/praia-de-faro-beach-ria-formosa-algarve-ocean-camper-2026-300x200.jpg 300w, https:\/\/oceancamper.com\/wp-content\/uploads\/2021\/10\/praia-de-faro-beach-ria-formosa-algarve-ocean-camper-2026-768x512.jpg 768w, https:\/\/oceancamper.com\/wp-content\/uploads\/2021\/10\/praia-de-faro-beach-ria-formosa-algarve-ocean-camper-2026-240x160.jpg 240w\" sizes=\"(max-width: 800px) 100vw, 800px\" \/>\t\t\t\t\t\t\t\t\t\t\t\t\t\t\t<\/div>\n\t\t\t\t<\/div>\n\t\t\t\t<div class=\"elementor-element elementor-element-4609d91 elementor-widget elementor-widget-text-editor\" data-id=\"4609d91\" data-element_type=\"widget\" data-e-type=\"widget\" data-widget_type=\"text-editor.default\">\n\t\t\t\t<div class=\"elementor-widget-container\">\n\t\t\t\t\t\t\t\t\t<article class=\"text-token-text-primary w-full focus:outline-none [--shadow-height:45px] has-data-writing-block:pointer-events-none has-data-writing-block:-mt-(--shadow-height) has-data-writing-block:pt-(--shadow-height) [&amp;:has([data-writing-block])&gt;*]:pointer-events-auto [content-visibility:auto] supports-[content-visibility:auto]:[contain-intrinsic-size:auto_100lvh] scroll-mt-[calc(var(--header-height)+min(200px,max(70px,20svh)))]\" dir=\"auto\" tabindex=\"-1\" data-turn-id=\"request-690b80b8-681c-8328-a668-6f1632121521-9\" data-testid=\"conversation-turn-20\" data-scroll-anchor=\"true\" data-turn=\"assistant\"><div class=\"text-base my-auto mx-auto pb-10 [--thread-content-margin:--spacing(4)] thread-sm:[--thread-content-margin:--spacing(6)] thread-lg:[--thread-content-margin:--spacing(16)] px-(--thread-content-margin)\"><div class=\"[--thread-content-max-width:40rem] thread-lg:[--thread-content-max-width:48rem] mx-auto max-w-(--thread-content-max-width) flex-1 group\/turn-messages focus-visible:outline-hidden relative flex w-full min-w-0 flex-col agent-turn\" tabindex=\"-1\"><div class=\"flex max-w-full flex-col grow\"><div class=\"min-h-8 text-message relative flex w-full flex-col items-end gap-2 text-start break-words whitespace-normal [.text-message+&amp;]:mt-1\" dir=\"auto\" data-message-author-role=\"assistant\" data-message-id=\"a1783eff-211e-4f98-9e0d-bab357f1c873\" data-message-model-slug=\"gpt-5\"><div class=\"flex w-full flex-col gap-1 empty:hidden first:pt-[1px]\"><div class=\"markdown prose dark:prose-invert w-full break-words dark markdown-new-styling\"><p data-start=\"75\" data-end=\"156\">Praia de Faro &#8211; wonky beach hut (13376409864).jpg&#8221; autorstwa <a class=\"external text\" href=\"https:\/\/www.flickr.com\/people\/26445715@N00\" rel=\"nofollow\">muffinn<\/a>, na licencji CC BY-SA 4.0.<\/p><\/div><\/div><\/div><\/div><\/div><\/div><\/article>\t\t\t\t\t\t\t\t<\/div>\n\t\t\t\t<\/div>\n\t\t\t\t<div class=\"elementor-element elementor-element-770e520 elementor-widget elementor-widget-heading\" data-id=\"770e520\" data-element_type=\"widget\" data-e-type=\"widget\" id=\"albufeira\" data-widget_type=\"heading.default\">\n\t\t\t\t<div class=\"elementor-widget-container\">\n\t\t\t\t\t<h2 class=\"elementor-heading-title elementor-size-default\">Zatoki Albufeiry: Arrifes \u2192 Coelha \u2192 Gal\u00e9<\/h2>\t\t\t\t<\/div>\n\t\t\t\t<\/div>\n\t\t\t\t<div class=\"elementor-element elementor-element-11ea016a elementor-widget elementor-widget-text-editor\" data-id=\"11ea016a\" data-element_type=\"widget\" data-e-type=\"widget\" data-widget_type=\"text-editor.default\">\n\t\t\t\t<div class=\"elementor-widget-container\">\n\t\t\t\t\t\t\t\t\t<p>Mini zatoczki otoczone klifami &#8211; idealne do <strong data-start=\"4798\" data-end=\"4805\">SUP<\/strong>, snorkelingu \ud83e\udd3f i zdj\u0119\u0107 wschodu s\u0142o\u0144ca.<br data-start=\"4839\" data-end=\"4842\">We\u017a sw\u00f3j sprz\u0119t z naszej <a class=\"decorated-link cursor-pointer\" rel=\"noopener\" data-start=\"4866\" data-end=\"4927\">wypo\u017cyczalni desek surfingowych w Algarve<\/a>.<br data-start=\"4928\" data-end=\"4931\"><strong data-start=\"4931\" data-end=\"4947\">Przyjed\u017a wcze\u015bnie<\/strong> &#8211; latem parking jest ciasny.<br data-start=\"4977\" data-end=\"4980\"><a href=\"https:\/\/goo.gl\/maps\/Ebdu3QBtL452VFRv9\" target=\"_blank\" rel=\"noopener\">\ud83d\udccdArrifes<\/a> &#8211; <a href=\"https:\/\/goo.gl\/maps\/jGdfskj52HQB1sVWA\" target=\"_blank\" rel=\"noopener\">Coelha<\/a> &#8211; <a href=\"https:\/\/goo.gl\/maps\/f253Y3rFKXNoNCzcA\" target=\"_blank\" rel=\"noopener\">Gal\u00e9<\/a><\/p>\t\t\t\t\t\t\t\t<\/div>\n\t\t\t\t<\/div>\n\t\t\t\t<div class=\"elementor-element elementor-element-b84d022 elementor-widget elementor-widget-image\" data-id=\"b84d022\" data-element_type=\"widget\" data-e-type=\"widget\" data-widget_type=\"image.default\">\n\t\t\t\t<div class=\"elementor-widget-container\">\n\t\t\t\t\t\t\t\t\t\t\t\t\t\t\t<img decoding=\"async\" width=\"800\" height=\"533\" src=\"https:\/\/oceancamper.com\/wp-content\/uploads\/2021\/10\/praia-da-coelha-cove-albufeira-algarve-ocean-camper-2025.jpg\" class=\"attachment-large size-large wp-image-208799\" alt=\"Z\u0142oty \u0142uk skalny i piaszczysta zatoczka na pla\u017cy Praia da Coelha w pobli\u017cu Albufeiry, Algarve, Portugalia\" srcset=\"https:\/\/oceancamper.com\/wp-content\/uploads\/2021\/10\/praia-da-coelha-cove-albufeira-algarve-ocean-camper-2025.jpg 960w, https:\/\/oceancamper.com\/wp-content\/uploads\/2021\/10\/praia-da-coelha-cove-albufeira-algarve-ocean-camper-2025-300x200.jpg 300w, https:\/\/oceancamper.com\/wp-content\/uploads\/2021\/10\/praia-da-coelha-cove-albufeira-algarve-ocean-camper-2025-768x512.jpg 768w, https:\/\/oceancamper.com\/wp-content\/uploads\/2021\/10\/praia-da-coelha-cove-albufeira-algarve-ocean-camper-2025-240x160.jpg 240w\" sizes=\"(max-width: 800px) 100vw, 800px\" \/>\t\t\t\t\t\t\t\t\t\t\t\t\t\t\t<\/div>\n\t\t\t\t<\/div>\n\t\t\t\t<div class=\"elementor-element elementor-element-48e2eca elementor-widget elementor-widget-text-editor\" data-id=\"48e2eca\" data-element_type=\"widget\" data-e-type=\"widget\" data-widget_type=\"text-editor.default\">\n\t\t\t\t<div class=\"elementor-widget-container\">\n\t\t\t\t\t\t\t\t\t<article class=\"text-token-text-primary w-full focus:outline-none [--shadow-height:45px] has-data-writing-block:pointer-events-none has-data-writing-block:-mt-(--shadow-height) has-data-writing-block:pt-(--shadow-height) [&amp;:has([data-writing-block])&gt;*]:pointer-events-auto [content-visibility:auto] supports-[content-visibility:auto]:[contain-intrinsic-size:auto_100lvh] scroll-mt-[calc(var(--header-height)+min(200px,max(70px,20svh)))]\" dir=\"auto\" tabindex=\"-1\" data-turn-id=\"request-690b80b8-681c-8328-a668-6f1632121521-9\" data-testid=\"conversation-turn-20\" data-scroll-anchor=\"true\" data-turn=\"assistant\"><div class=\"text-base my-auto mx-auto pb-10 [--thread-content-margin:--spacing(4)] thread-sm:[--thread-content-margin:--spacing(6)] thread-lg:[--thread-content-margin:--spacing(16)] px-(--thread-content-margin)\"><div class=\"[--thread-content-max-width:40rem] thread-lg:[--thread-content-max-width:48rem] mx-auto max-w-(--thread-content-max-width) flex-1 group\/turn-messages focus-visible:outline-hidden relative flex w-full min-w-0 flex-col agent-turn\" tabindex=\"-1\"><div class=\"flex max-w-full flex-col grow\"><div class=\"min-h-8 text-message relative flex w-full flex-col items-end gap-2 text-start break-words whitespace-normal [.text-message+&amp;]:mt-1\" dir=\"auto\" data-message-author-role=\"assistant\" data-message-id=\"a1783eff-211e-4f98-9e0d-bab357f1c873\" data-message-model-slug=\"gpt-5\"><div class=\"flex w-full flex-col gap-1 empty:hidden first:pt-[1px]\"><div class=\"markdown prose dark:prose-invert w-full break-words dark markdown-new-styling\"><p data-start=\"75\" data-end=\"156\">Praia da Coelha Algarve (36441782193).jpg&#8221; autorstwa <a class=\"external text\" href=\"https:\/\/www.flickr.com\/people\/133461395@N08\" rel=\"nofollow\">ian_woodhead1<\/a>, na licencji <a href=\"https:\/\/commons.wikimedia.org\/wiki\/File:Praia_da_Coelha_Algarve_(36441782193).jpg\" target=\"_blank\" rel=\"noopener\">CC BY-SA 4.0<\/a>.<\/p><\/div><\/div><\/div><\/div><\/div><\/div><\/article>\t\t\t\t\t\t\t\t<\/div>\n\t\t\t\t<\/div>\n\t\t\t\t<div class=\"elementor-element elementor-element-33d69b74 elementor-widget elementor-widget-heading\" data-id=\"33d69b74\" data-element_type=\"widget\" data-e-type=\"widget\" id=\"albandeira\" data-widget_type=\"heading.default\">\n\t\t\t\t<div class=\"elementor-widget-container\">\n\t\t\t\t\t<h2 class=\"elementor-heading-title elementor-size-default\">Praia da Albandeira i \u0142uk morski<\/h2>\t\t\t\t<\/div>\n\t\t\t\t<\/div>\n\t\t\t\t<div class=\"elementor-element elementor-element-6ebb6082 elementor-widget elementor-widget-text-editor\" data-id=\"6ebb6082\" data-element_type=\"widget\" data-e-type=\"widget\" data-widget_type=\"text-editor.default\">\n\t\t\t\t<div class=\"elementor-widget-container\">\n\t\t\t\t\t\t\t\t\t<p>S\u0142yn\u0105ca z <strong data-start=\"5204\" data-end=\"5220\">naturalnego \u0142uku<\/strong>, ta os\u0142oni\u0119ta zatoczka jest <strong data-start=\"5247\" data-end=\"5263\">rajem<\/strong> dla <strong data-start=\"5247\" data-end=\"5263\">SUP<\/strong> w spokojne poranki.<br data-start=\"5281\" data-end=\"5284\"><strong data-start=\"5284\" data-end=\"5292\">Wskaz\u00f3wka:<\/strong> P\u0142y\u0144 na wsch\u00f3d, aby odkry\u0107 sekretne mini-pla\u017ce, takie jak Barranquinho.<br data-start=\"5355\" data-end=\"5358\">\ud83d\udccd <a class=\"decorated-link cursor-pointer\" target=\"_new\" rel=\"noopener\" data-start=\"5361\" data-end=\"5422\">Mapy<\/a> <a href=\"https:\/\/goo.gl\/maps\/igXcPniZpiT4wfcH6\" target=\"_blank\" rel=\"noopener\">tutaj<\/a><\/p>\t\t\t\t\t\t\t\t<\/div>\n\t\t\t\t<\/div>\n\t\t\t\t<div class=\"elementor-element elementor-element-118b28a elementor-widget elementor-widget-image\" data-id=\"118b28a\" data-element_type=\"widget\" data-e-type=\"widget\" data-widget_type=\"image.default\">\n\t\t\t\t<div class=\"elementor-widget-container\">\n\t\t\t\t\t\t\t\t\t\t\t\t\t\t\t<img loading=\"lazy\" decoding=\"async\" width=\"800\" height=\"532\" src=\"https:\/\/oceancamper.com\/wp-content\/uploads\/2021\/10\/praia-da-albandeira-beach-arch-algarve-ocean-camper-2025.jpg\" class=\"attachment-large size-large wp-image-208800\" alt=\"Pla\u017ca Praia da Albandeira z wapiennymi klifami i turkusow\u0105 wod\u0105 w pobli\u017cu Lagoa, Algarve, Portugalia\" srcset=\"https:\/\/oceancamper.com\/wp-content\/uploads\/2021\/10\/praia-da-albandeira-beach-arch-algarve-ocean-camper-2025.jpg 960w, https:\/\/oceancamper.com\/wp-content\/uploads\/2021\/10\/praia-da-albandeira-beach-arch-algarve-ocean-camper-2025-300x199.jpg 300w, https:\/\/oceancamper.com\/wp-content\/uploads\/2021\/10\/praia-da-albandeira-beach-arch-algarve-ocean-camper-2025-768x510.jpg 768w, https:\/\/oceancamper.com\/wp-content\/uploads\/2021\/10\/praia-da-albandeira-beach-arch-algarve-ocean-camper-2025-240x160.jpg 240w\" sizes=\"(max-width: 800px) 100vw, 800px\" \/>\t\t\t\t\t\t\t\t\t\t\t\t\t\t\t<\/div>\n\t\t\t\t<\/div>\n\t\t\t\t<div class=\"elementor-element elementor-element-4e3bd85 elementor-widget elementor-widget-text-editor\" data-id=\"4e3bd85\" data-element_type=\"widget\" data-e-type=\"widget\" data-widget_type=\"text-editor.default\">\n\t\t\t\t<div class=\"elementor-widget-container\">\n\t\t\t\t\t\t\t\t\t<article class=\"text-token-text-primary w-full focus:outline-none [--shadow-height:45px] has-data-writing-block:pointer-events-none has-data-writing-block:-mt-(--shadow-height) has-data-writing-block:pt-(--shadow-height) [&amp;:has([data-writing-block])&gt;*]:pointer-events-auto [content-visibility:auto] supports-[content-visibility:auto]:[contain-intrinsic-size:auto_100lvh] scroll-mt-[calc(var(--header-height)+min(200px,max(70px,20svh)))]\" dir=\"auto\" tabindex=\"-1\" data-turn-id=\"request-690b80b8-681c-8328-a668-6f1632121521-9\" data-testid=\"conversation-turn-20\" data-scroll-anchor=\"true\" data-turn=\"assistant\"><div class=\"text-base my-auto mx-auto pb-10 [--thread-content-margin:--spacing(4)] thread-sm:[--thread-content-margin:--spacing(6)] thread-lg:[--thread-content-margin:--spacing(16)] px-(--thread-content-margin)\"><div class=\"[--thread-content-max-width:40rem] thread-lg:[--thread-content-max-width:48rem] mx-auto max-w-(--thread-content-max-width) flex-1 group\/turn-messages focus-visible:outline-hidden relative flex w-full min-w-0 flex-col agent-turn\" tabindex=\"-1\"><div class=\"flex max-w-full flex-col grow\"><div class=\"min-h-8 text-message relative flex w-full flex-col items-end gap-2 text-start break-words whitespace-normal [.text-message+&amp;]:mt-1\" dir=\"auto\" data-message-author-role=\"assistant\" data-message-id=\"a1783eff-211e-4f98-9e0d-bab357f1c873\" data-message-model-slug=\"gpt-5\"><div class=\"flex w-full flex-col gap-1 empty:hidden first:pt-[1px]\"><div class=\"markdown prose dark:prose-invert w-full break-words dark markdown-new-styling\"><p data-start=\"75\" data-end=\"156\">Praia da Albandeira-CTH.jpg&#8221; autorstwa <a title=\"U\u017cytkownik:CTHOE\" href=\"https:\/\/commons.wikimedia.org\/wiki\/User:CTHOE\">CTHOE<\/a>, na licencji <a href=\"https:\/\/commons.wikimedia.org\/wiki\/File:Praia_da_Albandeira-CTH.JPG\" target=\"_blank\" rel=\"noopener\">CC BY-SA 4.0.<\/a><\/p><\/div><\/div><\/div><\/div><\/div><\/div><\/article>\t\t\t\t\t\t\t\t<\/div>\n\t\t\t\t<\/div>\n\t\t\t\t<div class=\"elementor-element elementor-element-5fc3c897 elementor-widget elementor-widget-heading\" data-id=\"5fc3c897\" data-element_type=\"widget\" data-e-type=\"widget\" id=\"benagil\" data-widget_type=\"heading.default\">\n\t\t\t\t<div class=\"elementor-widget-container\">\n\t\t\t\t\t<h2 class=\"elementor-heading-title elementor-size-default\">Benagil: Katedra w jaskini morskiej<\/h2>\t\t\t\t<\/div>\n\t\t\t\t<\/div>\n\t\t\t\t<div class=\"elementor-element elementor-element-2499a210 elementor-widget elementor-widget-text-editor\" data-id=\"2499a210\" data-element_type=\"widget\" data-e-type=\"widget\" data-widget_type=\"text-editor.default\">\n\t\t\t\t<div class=\"elementor-widget-container\">\n\t\t\t\t\t\t\t\t\t<p>Jaskinia <strong data-start=\"5467\" data-end=\"5529\"><a class=\"decorated-link cursor-pointer\" target=\"_new\" rel=\"noopener\" data-start=\"5469\" data-end=\"5527\">Jaskinia Benagil<\/a><\/strong> \u015bwieci \u015bwiat\u0142em s\u0142onecznym przez \u015bwietlik.<br data-start=\"5571\" data-end=\"5574\">\u26a0\ufe0f <strong data-start=\"5577\" data-end=\"5609\">Dost\u0119p tylko poprzez wycieczki z przewodnikiem<\/strong> &#8211; samodzielne p\u0142ywanie jest zabronione.<br data-start=\"5643\" data-end=\"5646\">\ud83d\udccdMap <a href=\"https:\/\/goo.gl\/maps\/EzxbkcqKMwQ86dzM7\" target=\"_blank\" rel=\"noopener\">here<\/a><\/p>\t\t\t\t\t\t\t\t<\/div>\n\t\t\t\t<\/div>\n\t\t\t\t<div class=\"elementor-element elementor-element-6d3bc4e elementor-widget elementor-widget-image\" data-id=\"6d3bc4e\" data-element_type=\"widget\" data-e-type=\"widget\" data-widget_type=\"image.default\">\n\t\t\t\t<div class=\"elementor-widget-container\">\n\t\t\t\t\t\t\t\t\t\t\t\t\t\t\t<img loading=\"lazy\" decoding=\"async\" width=\"800\" height=\"533\" src=\"https:\/\/oceancamper.com\/wp-content\/uploads\/2020\/12\/benagil-cave-algarve-portugal-sea-cave-SUP-1.jpg-1.jpg\" class=\"attachment-large size-large wp-image-208113\" alt=\"Paddleboarding w pobli\u017cu jaskini Benagil w Algarve w Portugalii, z turkusow\u0105 wod\u0105, \u015bwiat\u0142em s\u0142onecznym przez kopu\u0142\u0119 jaskini i ma\u0142\u0105 \u0142\u00f3dk\u0105 w \u015brodku.\" srcset=\"https:\/\/oceancamper.com\/wp-content\/uploads\/2020\/12\/benagil-cave-algarve-portugal-sea-cave-SUP-1.jpg-1.jpg 960w, https:\/\/oceancamper.com\/wp-content\/uploads\/2020\/12\/benagil-cave-algarve-portugal-sea-cave-SUP-1.jpg-1-300x200.jpg 300w, https:\/\/oceancamper.com\/wp-content\/uploads\/2020\/12\/benagil-cave-algarve-portugal-sea-cave-SUP-1.jpg-1-768x512.jpg 768w, https:\/\/oceancamper.com\/wp-content\/uploads\/2020\/12\/benagil-cave-algarve-portugal-sea-cave-SUP-1.jpg-1-240x160.jpg 240w\" sizes=\"(max-width: 800px) 100vw, 800px\" \/>\t\t\t\t\t\t\t\t\t\t\t\t\t\t\t<\/div>\n\t\t\t\t<\/div>\n\t\t\t\t<div class=\"elementor-element elementor-element-ccf0c80 elementor-widget elementor-widget-text-editor\" data-id=\"ccf0c80\" data-element_type=\"widget\" data-e-type=\"widget\" data-widget_type=\"text-editor.default\">\n\t\t\t\t<div class=\"elementor-widget-container\">\n\t\t\t\t\t\t\t\t\t<article class=\"text-token-text-primary w-full focus:outline-none [--shadow-height:45px] has-data-writing-block:pointer-events-none has-data-writing-block:-mt-(--shadow-height) has-data-writing-block:pt-(--shadow-height) [&amp;:has([data-writing-block])&gt;*]:pointer-events-auto [content-visibility:auto] supports-[content-visibility:auto]:[contain-intrinsic-size:auto_100lvh] scroll-mt-[calc(var(--header-height)+min(200px,max(70px,20svh)))]\" dir=\"auto\" tabindex=\"-1\" data-turn-id=\"request-690b80b8-681c-8328-a668-6f1632121521-9\" data-testid=\"conversation-turn-20\" data-scroll-anchor=\"true\" data-turn=\"assistant\"><div class=\"text-base my-auto mx-auto pb-10 [--thread-content-margin:--spacing(4)] thread-sm:[--thread-content-margin:--spacing(6)] thread-lg:[--thread-content-margin:--spacing(16)] px-(--thread-content-margin)\"><div class=\"[--thread-content-max-width:40rem] thread-lg:[--thread-content-max-width:48rem] mx-auto max-w-(--thread-content-max-width) flex-1 group\/turn-messages focus-visible:outline-hidden relative flex w-full min-w-0 flex-col agent-turn\" tabindex=\"-1\"><div class=\"flex max-w-full flex-col grow\"><div class=\"min-h-8 text-message relative flex w-full flex-col items-end gap-2 text-start break-words whitespace-normal [.text-message+&amp;]:mt-1\" dir=\"auto\" data-message-author-role=\"assistant\" data-message-id=\"a1783eff-211e-4f98-9e0d-bab357f1c873\" data-message-model-slug=\"gpt-5\"><div class=\"flex w-full flex-col gap-1 empty:hidden first:pt-[1px]\"><div class=\"markdown prose dark:prose-invert w-full break-words dark markdown-new-styling\"><p data-start=\"75\" data-end=\"156\">Zdj\u0119cie &#8222;Sea cave near Carvoeiro (52859676063).jpg&#8221; autorstwa <a class=\"external text\" href=\"https:\/\/www.flickr.com\/people\/27637794@N05\" rel=\"nofollow\">Marty B<\/a>, na licencji <a href=\"https:\/\/commons.wikimedia.org\/wiki\/File:Sea_cave_near_Carvoeiro_(52859676063).jpg\" target=\"_blank\" rel=\"noopener\">CC BY 3.0<\/a>.<\/p><\/div><\/div><\/div><\/div><\/div><\/div><\/article>\t\t\t\t\t\t\t\t<\/div>\n\t\t\t\t<\/div>\n\t\t\t\t<div class=\"elementor-element elementor-element-2910925 elementor-widget elementor-widget-heading\" data-id=\"2910925\" data-element_type=\"widget\" data-e-type=\"widget\" id=\"carvalho\" data-widget_type=\"heading.default\">\n\t\t\t\t<div class=\"elementor-widget-container\">\n\t\t\t\t\t<h2 class=\"elementor-heading-title elementor-size-default\">\ud83d\udd73\ufe0f Praia do Carvalho<\/h2>\t\t\t\t<\/div>\n\t\t\t\t<\/div>\n\t\t\t\t<div class=\"elementor-element elementor-element-6b412096 elementor-widget elementor-widget-text-editor\" data-id=\"6b412096\" data-element_type=\"widget\" data-e-type=\"widget\" data-widget_type=\"text-editor.default\">\n\t\t\t\t<div class=\"elementor-widget-container\">\n\t\t\t\t\t\t\t\t\t<p>Ta ukryta zatoczka, do kt\u00f3rej mo\u017cna dotrze\u0107 przez tunel w klifie, to czysta przygoda.<br data-start=\"5798\" data-end=\"5801\"><strong data-start=\"5801\" data-end=\"5814\">Ciekawostka:<\/strong> miejscowi nazywaj\u0105 j\u0105 <em data-start=\"5830\" data-end=\"5851\">&#8222;sekretn\u0105 pla\u017c\u0105<\/em><strong data-start=\"5854\" data-end=\"5868\">&#8222;<\/strong> <em data-start=\"5830\" data-end=\"5851\">.<\/em><br data-start=\"5851\" data-end=\"5854\"><strong data-start=\"5854\" data-end=\"5868\">\u015awietne miejsce na:<\/strong> skoki z klifu (ostro\u017cnie!), snorkeling i pary \ud83e\udde1.<br data-start=\"5924\" data-end=\"5927\">\ud83d\udccd Mapa <a href=\"https:\/\/goo.gl\/maps\/x18RcC6SBw5aVzpp8\" target=\"_blank\" rel=\"noopener\">tutaj<\/a><\/p>\t\t\t\t\t\t\t\t<\/div>\n\t\t\t\t<\/div>\n\t\t\t\t<div class=\"elementor-element elementor-element-2e86da4 elementor-widget elementor-widget-image\" data-id=\"2e86da4\" data-element_type=\"widget\" data-e-type=\"widget\" data-widget_type=\"image.default\">\n\t\t\t\t<div class=\"elementor-widget-container\">\n\t\t\t\t\t\t\t\t\t\t\t\t\t\t\t<img loading=\"lazy\" decoding=\"async\" width=\"800\" height=\"508\" src=\"https:\/\/oceancamper.com\/wp-content\/uploads\/2021\/10\/praia-do-carvalho-lagoa-algarve-ocean-camper-2025.jpg\" class=\"attachment-large size-large wp-image-208801\" alt=\"Zatoka Praia do Carvalho z turkusow\u0105 wod\u0105 i klifami w pobli\u017cu Lagoa, Algarve, Portugalia\" srcset=\"https:\/\/oceancamper.com\/wp-content\/uploads\/2021\/10\/praia-do-carvalho-lagoa-algarve-ocean-camper-2025.jpg 960w, https:\/\/oceancamper.com\/wp-content\/uploads\/2021\/10\/praia-do-carvalho-lagoa-algarve-ocean-camper-2025-300x191.jpg 300w, https:\/\/oceancamper.com\/wp-content\/uploads\/2021\/10\/praia-do-carvalho-lagoa-algarve-ocean-camper-2025-768x488.jpg 768w, https:\/\/oceancamper.com\/wp-content\/uploads\/2021\/10\/praia-do-carvalho-lagoa-algarve-ocean-camper-2025-240x153.jpg 240w\" sizes=\"(max-width: 800px) 100vw, 800px\" \/>\t\t\t\t\t\t\t\t\t\t\t\t\t\t\t<\/div>\n\t\t\t\t<\/div>\n\t\t\t\t<div class=\"elementor-element elementor-element-244b11d elementor-widget elementor-widget-text-editor\" data-id=\"244b11d\" data-element_type=\"widget\" data-e-type=\"widget\" data-widget_type=\"text-editor.default\">\n\t\t\t\t<div class=\"elementor-widget-container\">\n\t\t\t\t\t\t\t\t\t<article class=\"text-token-text-primary w-full focus:outline-none [--shadow-height:45px] has-data-writing-block:pointer-events-none has-data-writing-block:-mt-(--shadow-height) has-data-writing-block:pt-(--shadow-height) [&amp;:has([data-writing-block])&gt;*]:pointer-events-auto [content-visibility:auto] supports-[content-visibility:auto]:[contain-intrinsic-size:auto_100lvh] scroll-mt-[calc(var(--header-height)+min(200px,max(70px,20svh)))]\" dir=\"auto\" tabindex=\"-1\" data-turn-id=\"request-690b80b8-681c-8328-a668-6f1632121521-9\" data-testid=\"conversation-turn-20\" data-scroll-anchor=\"true\" data-turn=\"assistant\"><div class=\"text-base my-auto mx-auto pb-10 [--thread-content-margin:--spacing(4)] thread-sm:[--thread-content-margin:--spacing(6)] thread-lg:[--thread-content-margin:--spacing(16)] px-(--thread-content-margin)\"><div class=\"[--thread-content-max-width:40rem] thread-lg:[--thread-content-max-width:48rem] mx-auto max-w-(--thread-content-max-width) flex-1 group\/turn-messages focus-visible:outline-hidden relative flex w-full min-w-0 flex-col agent-turn\" tabindex=\"-1\"><div class=\"flex max-w-full flex-col grow\"><div class=\"min-h-8 text-message relative flex w-full flex-col items-end gap-2 text-start break-words whitespace-normal [.text-message+&amp;]:mt-1\" dir=\"auto\" data-message-author-role=\"assistant\" data-message-id=\"a1783eff-211e-4f98-9e0d-bab357f1c873\" data-message-model-slug=\"gpt-5\"><div class=\"flex w-full flex-col gap-1 empty:hidden first:pt-[1px]\"><div class=\"markdown prose dark:prose-invert w-full break-words dark markdown-new-styling\"><p data-start=\"75\" data-end=\"156\">Zdj\u0119cie &#8222;Praia do Carvalho &#8211; Lagoa (113906418)&#8221; autorstwa <a class=\"external text\" href=\"https:\/\/www.flickr.com\/people\/21446942@N00\" rel=\"nofollow\">Vitor Oliveira<\/a>, na licencji <a href=\"https:\/\/commons.wikimedia.org\/wiki\/File:Praia_do_Carvalho_-_Lagoa_(113906418).jpg\" target=\"_blank\" rel=\"noopener\">CC BY 3.0<\/a>.<\/p><\/div><\/div><\/div><\/div><\/div><\/div><\/article>\t\t\t\t\t\t\t\t<\/div>\n\t\t\t\t<\/div>\n\t\t\t\t\t<\/div>\n\t\t<\/div>\n\t\t\t\t\t<\/div>\n\t\t<\/section>\n\t\t\t\t<section class=\"elementor-section elementor-top-section elementor-element elementor-element-6c9fe1be elementor-section-stretched elementor-section-boxed elementor-section-height-default elementor-section-height-default\" data-id=\"6c9fe1be\" data-element_type=\"section\" data-e-type=\"section\" id=\"carvalho\" data-settings=\"{&quot;stretch_section&quot;:&quot;section-stretched&quot;,&quot;background_background&quot;:&quot;classic&quot;}\">\n\t\t\t\t\t\t<div class=\"elementor-container elementor-column-gap-default\">\n\t\t\t\t\t<div class=\"elementor-column elementor-col-100 elementor-top-column elementor-element elementor-element-4c417997\" data-id=\"4c417997\" data-element_type=\"column\" data-e-type=\"column\">\n\t\t\t<div class=\"elementor-widget-wrap elementor-element-populated\">\n\t\t\t\t\t\t<div class=\"elementor-element elementor-element-21ba406 elementor-widget elementor-widget-heading\" data-id=\"21ba406\" data-element_type=\"widget\" data-e-type=\"widget\" id=\"portimao\" data-widget_type=\"heading.default\">\n\t\t\t\t<div class=\"elementor-widget-container\">\n\t\t\t\t\t<h2 class=\"elementor-heading-title elementor-size-default\">\ud83c\udfdd\ufe0f Portim\u00e3o &amp; Lagos<\/h2>\t\t\t\t<\/div>\n\t\t\t\t<\/div>\n\t\t\t\t<div class=\"elementor-element elementor-element-3bdcdeb7 elementor-widget elementor-widget-heading\" data-id=\"3bdcdeb7\" data-element_type=\"widget\" data-e-type=\"widget\" id=\"alemao\" data-widget_type=\"heading.default\">\n\t\t\t\t<div class=\"elementor-widget-container\">\n\t\t\t\t\t<h2 class=\"elementor-heading-title elementor-size-default\">Praia do Alem\u00e3o<\/h2>\t\t\t\t<\/div>\n\t\t\t\t<\/div>\n\t\t\t\t<div class=\"elementor-element elementor-element-4b296d01 elementor-widget elementor-widget-text-editor\" data-id=\"4b296d01\" data-element_type=\"widget\" data-e-type=\"widget\" data-widget_type=\"text-editor.default\">\n\t\t\t\t<div class=\"elementor-widget-container\">\n\t\t\t\t\t\t\t\t\t<p>Z\u0142ocista zatoka idealna na <strong data-start=\"6085\" data-end=\"6092\">SUP<\/strong> i wycieczki <strong data-start=\"6097\" data-end=\"6106\">kajakowe<\/strong> &#8211; wios\u0142uj w kierunku jaski\u0144 Alvor <img decoding=\"async\" class=\"emoji\" role=\"img\" draggable=\"false\" src=\"https:\/\/s.w.org\/images\/core\/emoji\/16.0.1\/svg\/1f6f6.svg\" alt=\"\ud83d\udef6\">. Jest to pi\u0119kna pla\u017ca z klifami i idealny punkt wyj\u015bcia na wycieczk\u0119 SUP. P\u0142y\u0144 w praw\u0105 stron\u0119, aby zobaczy\u0107 wszystkie jaskinie i klify Alvor. Jest to r\u00f3wnie\u017c znany obszar do uprawiania turystyki pieszej, z ukryt\u0105 nieznan\u0105 pla\u017c\u0105 Praia do <a style=\"background-color: #fcfcfc;\" href=\"https:\/\/goo.gl\/maps\/vc5JmULwcqYGbNVT8\" target=\"_blank\" rel=\"noopener\">Submarino<\/a>, r\u00f3wnie\u017c dost\u0119pn\u0105 pieszo.  <\/p><p><img decoding=\"async\" class=\"emoji\" role=\"img\" draggable=\"false\" src=\"https:\/\/s.w.org\/images\/core\/emoji\/16.0.1\/svg\/1f4cd.svg\" alt=\"\ud83d\udccd\">Mapa <a href=\"https:\/\/goo.gl\/maps\/L791ivQZGeSQ4mfT6\" target=\"_blank\" rel=\"noopener\">tutaj<\/a><\/p>\t\t\t\t\t\t\t\t<\/div>\n\t\t\t\t<\/div>\n\t\t\t\t<div class=\"elementor-element elementor-element-daa4a22 elementor-widget elementor-widget-image\" data-id=\"daa4a22\" data-element_type=\"widget\" data-e-type=\"widget\" data-widget_type=\"image.default\">\n\t\t\t\t<div class=\"elementor-widget-container\">\n\t\t\t\t\t\t\t\t\t\t\t\t\t\t\t<img loading=\"lazy\" decoding=\"async\" width=\"800\" height=\"533\" src=\"https:\/\/oceancamper.com\/wp-content\/uploads\/2021\/10\/praia-do-alemao-portimao-algarve-ocean-camper-2025.jpg\" class=\"attachment-large size-large wp-image-208802\" alt=\"Pla\u017ca Praia do Alem\u00e3o ze skalistymi klifami i turkusow\u0105 wod\u0105 w Portim\u00e3o, Algarve, Portugalia\" srcset=\"https:\/\/oceancamper.com\/wp-content\/uploads\/2021\/10\/praia-do-alemao-portimao-algarve-ocean-camper-2025.jpg 960w, https:\/\/oceancamper.com\/wp-content\/uploads\/2021\/10\/praia-do-alemao-portimao-algarve-ocean-camper-2025-300x200.jpg 300w, https:\/\/oceancamper.com\/wp-content\/uploads\/2021\/10\/praia-do-alemao-portimao-algarve-ocean-camper-2025-768x512.jpg 768w, https:\/\/oceancamper.com\/wp-content\/uploads\/2021\/10\/praia-do-alemao-portimao-algarve-ocean-camper-2025-240x160.jpg 240w\" sizes=\"(max-width: 800px) 100vw, 800px\" \/>\t\t\t\t\t\t\t\t\t\t\t\t\t\t\t<\/div>\n\t\t\t\t<\/div>\n\t\t\t\t<div class=\"elementor-element elementor-element-3245a9b elementor-widget elementor-widget-text-editor\" data-id=\"3245a9b\" data-element_type=\"widget\" data-e-type=\"widget\" data-widget_type=\"text-editor.default\">\n\t\t\t\t<div class=\"elementor-widget-container\">\n\t\t\t\t\t\t\t\t\t<article class=\"text-token-text-primary w-full focus:outline-none [--shadow-height:45px] has-data-writing-block:pointer-events-none has-data-writing-block:-mt-(--shadow-height) has-data-writing-block:pt-(--shadow-height) [&amp;:has([data-writing-block])&gt;*]:pointer-events-auto [content-visibility:auto] supports-[content-visibility:auto]:[contain-intrinsic-size:auto_100lvh] scroll-mt-[calc(var(--header-height)+min(200px,max(70px,20svh)))]\" dir=\"auto\" tabindex=\"-1\" data-turn-id=\"request-690b80b8-681c-8328-a668-6f1632121521-9\" data-testid=\"conversation-turn-20\" data-scroll-anchor=\"true\" data-turn=\"assistant\"><div class=\"text-base my-auto mx-auto pb-10 [--thread-content-margin:--spacing(4)] thread-sm:[--thread-content-margin:--spacing(6)] thread-lg:[--thread-content-margin:--spacing(16)] px-(--thread-content-margin)\"><div class=\"[--thread-content-max-width:40rem] thread-lg:[--thread-content-max-width:48rem] mx-auto max-w-(--thread-content-max-width) flex-1 group\/turn-messages focus-visible:outline-hidden relative flex w-full min-w-0 flex-col agent-turn\" tabindex=\"-1\"><div class=\"flex max-w-full flex-col grow\"><div class=\"min-h-8 text-message relative flex w-full flex-col items-end gap-2 text-start break-words whitespace-normal [.text-message+&amp;]:mt-1\" dir=\"auto\" data-message-author-role=\"assistant\" data-message-id=\"a1783eff-211e-4f98-9e0d-bab357f1c873\" data-message-model-slug=\"gpt-5\"><div class=\"flex w-full flex-col gap-1 empty:hidden first:pt-[1px]\"><div class=\"markdown prose dark:prose-invert w-full break-words dark markdown-new-styling\"><p data-start=\"75\" data-end=\"156\">Zdj\u0119cie &#8222;Praia do Alem\u00e3o 2017 10.jpg&#8221; autorstwa <a title=\"U\u017cytkownik:Joseolgon\" href=\"https:\/\/commons.wikimedia.org\/wiki\/User:Joseolgon\">Joseolgon<\/a>, na licencji <a href=\"https:\/\/commons.wikimedia.org\/wiki\/File:Praia_do_Alem%C3%A3o_2017_10.jpg\" target=\"_blank\" rel=\"noopener\">CC BY 3.0.<\/a><\/p><\/div><\/div><\/div><\/div><\/div><\/div><\/article>\t\t\t\t\t\t\t\t<\/div>\n\t\t\t\t<\/div>\n\t\t\t\t<div class=\"elementor-element elementor-element-4fa494ae elementor-widget elementor-widget-heading\" data-id=\"4fa494ae\" data-element_type=\"widget\" data-e-type=\"widget\" id=\"piedade\" data-widget_type=\"heading.default\">\n\t\t\t\t<div class=\"elementor-widget-container\">\n\t\t\t\t\t<h2 class=\"elementor-heading-title elementor-size-default\">Ponta da Piedade - Lagos<\/h2>\t\t\t\t<\/div>\n\t\t\t\t<\/div>\n\t\t\t\t<div class=\"elementor-element elementor-element-27a5736e elementor-widget elementor-widget-text-editor\" data-id=\"27a5736e\" data-element_type=\"widget\" data-e-type=\"widget\" data-widget_type=\"text-editor.default\">\n\t\t\t\t<div class=\"elementor-widget-container\">\n\t\t\t\t\t\t\t\t\t<p>Ponta da Piedade to jeden z klejnot\u00f3w koronnych Algarve \ud83c\udf05 &#8211; spektakularny obszar wysokich klif\u00f3w, \u0142uk\u00f3w, grot i krystalicznie czystej wody w pobli\u017cu Lagos. S\u0142ynie z SUP, kajakarstwa i nurkowania z rurk\u0105, szczeg\u00f3lnie o wschodzie s\u0142o\u0144ca lub podczas spokojnych porank\u00f3w. Rozpocznij wios\u0142owanie od Praia do Camilo i skieruj si\u0119 w prawo, aby odkry\u0107 ukryte zatoczki, lub do\u0142\u0105cz do wycieczki \u0142odzi\u0105 z Lagos, aby podziwia\u0107 dramatyczne formacje skalne i jaskinie morskie.  <\/p><p><img decoding=\"async\" class=\"emoji\" role=\"img\" draggable=\"false\" src=\"https:\/\/s.w.org\/images\/core\/emoji\/16.0.1\/svg\/1f4cd.svg\" alt=\"\ud83d\udccd\"> <a class=\"decorated-link cursor-pointer\" target=\"_new\" rel=\"noopener\" data-start=\"6475\" data-end=\"6533\">Mapa <\/a><a style=\"background-color: #fcfcfc; color: #3ac4bb;\" href=\"https:\/\/goo.gl\/maps\/L791ivQZGeSQ4mfT6\" target=\"_blank\" rel=\"noopener\">tutaj<\/a><\/p>\t\t\t\t\t\t\t\t<\/div>\n\t\t\t\t<\/div>\n\t\t\t\t<div class=\"elementor-element elementor-element-cd8ce03 elementor-widget elementor-widget-image\" data-id=\"cd8ce03\" data-element_type=\"widget\" data-e-type=\"widget\" data-widget_type=\"image.default\">\n\t\t\t\t<div class=\"elementor-widget-container\">\n\t\t\t\t\t\t\t\t\t\t\t\t\t\t\t<img loading=\"lazy\" decoding=\"async\" width=\"800\" height=\"287\" src=\"https:\/\/oceancamper.com\/wp-content\/uploads\/2021\/10\/ponta-da-piedade-lagos-algarve-ocean-camper-2025-1024x367.jpg\" class=\"attachment-large size-large wp-image-208803\" alt=\"Klify Ponta da Piedade i \u0142odzie na turkusowej wodzie w Lagos, Algarve, Portugalia\" srcset=\"https:\/\/oceancamper.com\/wp-content\/uploads\/2021\/10\/ponta-da-piedade-lagos-algarve-ocean-camper-2025-1024x367.jpg 1024w, https:\/\/oceancamper.com\/wp-content\/uploads\/2021\/10\/ponta-da-piedade-lagos-algarve-ocean-camper-2025-300x108.jpg 300w, https:\/\/oceancamper.com\/wp-content\/uploads\/2021\/10\/ponta-da-piedade-lagos-algarve-ocean-camper-2025-768x275.jpg 768w, https:\/\/oceancamper.com\/wp-content\/uploads\/2021\/10\/ponta-da-piedade-lagos-algarve-ocean-camper-2025-240x86.jpg 240w, https:\/\/oceancamper.com\/wp-content\/uploads\/2021\/10\/ponta-da-piedade-lagos-algarve-ocean-camper-2025.jpg 1280w\" sizes=\"(max-width: 800px) 100vw, 800px\" \/>\t\t\t\t\t\t\t\t\t\t\t\t\t\t\t<\/div>\n\t\t\t\t<\/div>\n\t\t\t\t<div class=\"elementor-element elementor-element-1f9c23d elementor-widget elementor-widget-text-editor\" data-id=\"1f9c23d\" data-element_type=\"widget\" data-e-type=\"widget\" data-widget_type=\"text-editor.default\">\n\t\t\t\t<div class=\"elementor-widget-container\">\n\t\t\t\t\t\t\t\t\t<article class=\"text-token-text-primary w-full focus:outline-none [--shadow-height:45px] has-data-writing-block:pointer-events-none has-data-writing-block:-mt-(--shadow-height) has-data-writing-block:pt-(--shadow-height) [&amp;:has([data-writing-block])&gt;*]:pointer-events-auto [content-visibility:auto] supports-[content-visibility:auto]:[contain-intrinsic-size:auto_100lvh] scroll-mt-[calc(var(--header-height)+min(200px,max(70px,20svh)))]\" dir=\"auto\" tabindex=\"-1\" data-turn-id=\"request-690b80b8-681c-8328-a668-6f1632121521-9\" data-testid=\"conversation-turn-20\" data-scroll-anchor=\"true\" data-turn=\"assistant\"><div class=\"text-base my-auto mx-auto pb-10 [--thread-content-margin:--spacing(4)] thread-sm:[--thread-content-margin:--spacing(6)] thread-lg:[--thread-content-margin:--spacing(16)] px-(--thread-content-margin)\"><div class=\"[--thread-content-max-width:40rem] thread-lg:[--thread-content-max-width:48rem] mx-auto max-w-(--thread-content-max-width) flex-1 group\/turn-messages focus-visible:outline-hidden relative flex w-full min-w-0 flex-col agent-turn\" tabindex=\"-1\"><div class=\"flex max-w-full flex-col grow\"><div class=\"min-h-8 text-message relative flex w-full flex-col items-end gap-2 text-start break-words whitespace-normal [.text-message+&amp;]:mt-1\" dir=\"auto\" data-message-author-role=\"assistant\" data-message-id=\"a1783eff-211e-4f98-9e0d-bab357f1c873\" data-message-model-slug=\"gpt-5\"><div class=\"flex w-full flex-col gap-1 empty:hidden first:pt-[1px]\"><div class=\"markdown prose dark:prose-invert w-full break-words dark markdown-new-styling\"><p data-start=\"75\" data-end=\"156\">Zdj\u0119cie &#8222;Ponta da Piedade 2010.jpg&#8221; autorstwa <a title=\"U\u017cytkownik:Nize\" href=\"https:\/\/commons.wikimedia.org\/wiki\/User:Nize\">Nize<\/a> Nicolai Sch\u00e4fe, na licencji <a href=\"https:\/\/commons.wikimedia.org\/wiki\/File:Ponta_da_Piedade_2010.jpg\" target=\"_blank\" rel=\"noopener\">CC BY 3.0.<\/a><\/p><\/div><\/div><\/div><\/div><\/div><\/div><\/article>\t\t\t\t\t\t\t\t<\/div>\n\t\t\t\t<\/div>\n\t\t\t\t\t<\/div>\n\t\t<\/div>\n\t\t\t\t\t<\/div>\n\t\t<\/section>\n\t\t\t\t<section class=\"elementor-section elementor-top-section elementor-element elementor-element-3add971b elementor-section-stretched elementor-section-boxed elementor-section-height-default elementor-section-height-default\" data-id=\"3add971b\" data-element_type=\"section\" data-e-type=\"section\" id=\"alemao\" data-settings=\"{&quot;stretch_section&quot;:&quot;section-stretched&quot;,&quot;background_background&quot;:&quot;classic&quot;}\">\n\t\t\t\t\t\t<div class=\"elementor-container elementor-column-gap-default\">\n\t\t\t\t\t<div class=\"elementor-column elementor-col-100 elementor-top-column elementor-element elementor-element-7b0a3dc3\" data-id=\"7b0a3dc3\" data-element_type=\"column\" data-e-type=\"column\">\n\t\t\t<div class=\"elementor-widget-wrap elementor-element-populated\">\n\t\t\t\t\t\t<div class=\"elementor-element elementor-element-83630a3 elementor-widget elementor-widget-heading\" data-id=\"83630a3\" data-element_type=\"widget\" data-e-type=\"widget\" id=\"western\" data-widget_type=\"heading.default\">\n\t\t\t\t<div class=\"elementor-widget-container\">\n\t\t\t\t\t<h2 class=\"elementor-heading-title elementor-size-default\">Zachodnie Algarve (Costa Vicentina)<\/h2>\t\t\t\t<\/div>\n\t\t\t\t<\/div>\n\t\t\t\t<div class=\"elementor-element elementor-element-5007eb8 elementor-widget elementor-widget-heading\" data-id=\"5007eb8\" data-element_type=\"widget\" data-e-type=\"widget\" id=\"boca\" data-widget_type=\"heading.default\">\n\t\t\t\t<div class=\"elementor-widget-container\">\n\t\t\t\t\t<h2 class=\"elementor-heading-title elementor-size-default\">Praia da Boca do Rio<\/h2>\t\t\t\t<\/div>\n\t\t\t\t<\/div>\n\t\t\t\t<div class=\"elementor-element elementor-element-d1c609f elementor-widget elementor-widget-text-editor\" data-id=\"d1c609f\" data-element_type=\"widget\" data-e-type=\"widget\" data-widget_type=\"text-editor.default\">\n\t\t\t\t<div class=\"elementor-widget-container\">\n\t\t\t\t\t\t\t\t\t<p>Praia da Boca do Rio to dzika i spokojna pla\u017ca w zachodniej cz\u0119\u015bci Algarve, idealna do medytacji, fotografii lub cichej ucieczki. Otoczona klifami i przybrze\u017cn\u0105 ro\u015blinno\u015bci\u0105, ta \u015bredniej wielko\u015bci zatoka oferuje szlaki turystyczne po obu stronach z osza\u0142amiaj\u0105cymi widokami na ocean &#8211; prawdziwy ukryty klejnot Algarve. <br data-start=\"6688\" data-end=\"6691\"><strong data-start=\"6691\" data-end=\"6699\">Zabawa:<\/strong> Dawno temu by\u0142a to ma\u0142a rzymska wioska, w kt\u00f3rej uprawiano ry\u017c. Rzymskie ruiny mo\u017cna zwiedza\u0107 do dzi\u015b <img decoding=\"async\" class=\"emoji\" style=\"background-color: #fcfcfc;\" role=\"img\" draggable=\"false\" src=\"https:\/\/s.w.org\/images\/core\/emoji\/16.0.1\/svg\/1f3fa.svg\" alt=\"\ud83c\udffa\">. <\/p><p><img decoding=\"async\" class=\"emoji\" role=\"img\" draggable=\"false\" src=\"https:\/\/s.w.org\/images\/core\/emoji\/16.0.1\/svg\/1f4cd.svg\" alt=\"\ud83d\udccd\">  Mapa <a href=\"https:\/\/goo.gl\/maps\/Px5TZuJgXx7UtYMG8\" target=\"_blank\" rel=\"noopener\">tutaj<\/a><\/p>\t\t\t\t\t\t\t\t<\/div>\n\t\t\t\t<\/div>\n\t\t\t\t<div class=\"elementor-element elementor-element-b9dca90 elementor-widget elementor-widget-image\" data-id=\"b9dca90\" data-element_type=\"widget\" data-e-type=\"widget\" data-widget_type=\"image.default\">\n\t\t\t\t<div class=\"elementor-widget-container\">\n\t\t\t\t\t\t\t\t\t\t\t\t\t\t\t<img loading=\"lazy\" decoding=\"async\" width=\"800\" height=\"533\" src=\"https:\/\/oceancamper.com\/wp-content\/uploads\/2021\/10\/praia-da-boca-do-rio-budens-algarve-ocean-camper-2025.jpg\" class=\"attachment-large size-large wp-image-208804\" alt=\"Pla\u017ca Praia da Boca do Rio i klify w pobli\u017cu Budens, zachodnie Algarve, Portugalia\" srcset=\"https:\/\/oceancamper.com\/wp-content\/uploads\/2021\/10\/praia-da-boca-do-rio-budens-algarve-ocean-camper-2025.jpg 960w, https:\/\/oceancamper.com\/wp-content\/uploads\/2021\/10\/praia-da-boca-do-rio-budens-algarve-ocean-camper-2025-300x200.jpg 300w, https:\/\/oceancamper.com\/wp-content\/uploads\/2021\/10\/praia-da-boca-do-rio-budens-algarve-ocean-camper-2025-768x512.jpg 768w, https:\/\/oceancamper.com\/wp-content\/uploads\/2021\/10\/praia-da-boca-do-rio-budens-algarve-ocean-camper-2025-240x160.jpg 240w\" sizes=\"(max-width: 800px) 100vw, 800px\" \/>\t\t\t\t\t\t\t\t\t\t\t\t\t\t\t<\/div>\n\t\t\t\t<\/div>\n\t\t\t\t<div class=\"elementor-element elementor-element-c9a4325 elementor-widget elementor-widget-text-editor\" data-id=\"c9a4325\" data-element_type=\"widget\" data-e-type=\"widget\" data-widget_type=\"text-editor.default\">\n\t\t\t\t<div class=\"elementor-widget-container\">\n\t\t\t\t\t\t\t\t\t<article class=\"text-token-text-primary w-full focus:outline-none [--shadow-height:45px] has-data-writing-block:pointer-events-none has-data-writing-block:-mt-(--shadow-height) has-data-writing-block:pt-(--shadow-height) [&amp;:has([data-writing-block])&gt;*]:pointer-events-auto [content-visibility:auto] supports-[content-visibility:auto]:[contain-intrinsic-size:auto_100lvh] scroll-mt-[calc(var(--header-height)+min(200px,max(70px,20svh)))]\" dir=\"auto\" tabindex=\"-1\" data-turn-id=\"request-690b80b8-681c-8328-a668-6f1632121521-9\" data-testid=\"conversation-turn-20\" data-scroll-anchor=\"true\" data-turn=\"assistant\"><div class=\"text-base my-auto mx-auto pb-10 [--thread-content-margin:--spacing(4)] thread-sm:[--thread-content-margin:--spacing(6)] thread-lg:[--thread-content-margin:--spacing(16)] px-(--thread-content-margin)\"><div class=\"[--thread-content-max-width:40rem] thread-lg:[--thread-content-max-width:48rem] mx-auto max-w-(--thread-content-max-width) flex-1 group\/turn-messages focus-visible:outline-hidden relative flex w-full min-w-0 flex-col agent-turn\" tabindex=\"-1\"><div class=\"flex max-w-full flex-col grow\"><div class=\"min-h-8 text-message relative flex w-full flex-col items-end gap-2 text-start break-words whitespace-normal [.text-message+&amp;]:mt-1\" dir=\"auto\" data-message-author-role=\"assistant\" data-message-id=\"a1783eff-211e-4f98-9e0d-bab357f1c873\" data-message-model-slug=\"gpt-5\"><div class=\"flex w-full flex-col gap-1 empty:hidden first:pt-[1px]\"><div class=\"markdown prose dark:prose-invert w-full break-words dark markdown-new-styling\"><p data-start=\"75\" data-end=\"156\">Zdj\u0119cie &#8222;Ponta da Piedade 2010.jpg&#8221; autorstwa <a title=\"U\u017cytkownik:Bextrel\" href=\"https:\/\/commons.wikimedia.org\/wiki\/User:Bextrel\">Bextrel<\/a>, na licencji <a href=\"https:\/\/commons.wikimedia.org\/wiki\/File:Praia_da_Boca_do_Rio_-_Budens._28.09.2019.jpg\" target=\"_blank\" rel=\"noopener\">CC BY 3.0<\/a>.<\/p><\/div><\/div><\/div><\/div><\/div><\/div><\/article>\t\t\t\t\t\t\t\t<\/div>\n\t\t\t\t<\/div>\n\t\t\t\t<div class=\"elementor-element elementor-element-1b60151 elementor-widget elementor-widget-heading\" data-id=\"1b60151\" data-element_type=\"widget\" data-e-type=\"widget\" id=\"amado\" data-widget_type=\"heading.default\">\n\t\t\t\t<div class=\"elementor-widget-container\">\n\t\t\t\t\t<h2 class=\"elementor-heading-title elementor-size-default\">Praia do Amado<\/h2>\t\t\t\t<\/div>\n\t\t\t\t<\/div>\n\t\t\t\t<div class=\"elementor-element elementor-element-d63b795 elementor-widget elementor-widget-text-editor\" data-id=\"d63b795\" data-element_type=\"widget\" data-e-type=\"widget\" data-widget_type=\"text-editor.default\">\n\t\t\t\t<div class=\"elementor-widget-container\">\n\t\t\t\t\t\t\t\t\t<p>Praia do Amado to raj dla surfer\u00f3w na zachodnim wybrze\u017cu Algarve \ud83c\udfc4\u200d\u2642\ufe0f &#8211; du\u017ca pla\u017ca s\u0142yn\u0105ca ze sta\u0142ych fal przez ca\u0142y rok. Na pla\u017cy znajduj\u0105 si\u0119 szko\u0142y surfingu, wypo\u017cyczalnie desek, bar z przek\u0105skami i toalety. Atmosfera jest zrelaksowana i przyjazna &#8211; wszyscy ucz\u0105 si\u0119, \u015bmiej\u0105 i ciesz\u0105 si\u0119 surfowaniem razem.<br data-start=\"522\" data-end=\"525\">Sprawd\u017a codzienn\u0105 fal\u0119 na stronie <a class=\"decorated-link\" href=\"https:\/\/www.windguru.cz\/\" target=\"_new\" rel=\"noopener\" data-start=\"550\" data-end=\"590\"><strong data-start=\"551\" data-end=\"563\">Windguru<\/strong><\/a>.  <\/p><p><img decoding=\"async\" class=\"emoji\" role=\"img\" draggable=\"false\" src=\"https:\/\/s.w.org\/images\/core\/emoji\/16.0.1\/svg\/1f4cd.svg\" alt=\"\ud83d\udccd\">  Mapa <a href=\"https:\/\/goo.gl\/maps\/d3XKtpAzaZtVb7wo6\" target=\"_blank\" rel=\"noopener\">tutaj<\/a><\/p>\t\t\t\t\t\t\t\t<\/div>\n\t\t\t\t<\/div>\n\t\t\t\t<div class=\"elementor-element elementor-element-17c6d98 elementor-widget elementor-widget-image\" data-id=\"17c6d98\" data-element_type=\"widget\" data-e-type=\"widget\" data-widget_type=\"image.default\">\n\t\t\t\t<div class=\"elementor-widget-container\">\n\t\t\t\t\t\t\t\t\t\t\t\t\t\t\t<img loading=\"lazy\" decoding=\"async\" width=\"800\" height=\"533\" src=\"https:\/\/oceancamper.com\/wp-content\/uploads\/2021\/10\/praia-da-boca-do-rio-budens-algarve-ocean-camper-2025.jpg\" class=\"attachment-large size-large wp-image-208804\" alt=\"Pla\u017ca Praia da Boca do Rio i klify w pobli\u017cu Budens, zachodnie Algarve, Portugalia\" srcset=\"https:\/\/oceancamper.com\/wp-content\/uploads\/2021\/10\/praia-da-boca-do-rio-budens-algarve-ocean-camper-2025.jpg 960w, https:\/\/oceancamper.com\/wp-content\/uploads\/2021\/10\/praia-da-boca-do-rio-budens-algarve-ocean-camper-2025-300x200.jpg 300w, https:\/\/oceancamper.com\/wp-content\/uploads\/2021\/10\/praia-da-boca-do-rio-budens-algarve-ocean-camper-2025-768x512.jpg 768w, https:\/\/oceancamper.com\/wp-content\/uploads\/2021\/10\/praia-da-boca-do-rio-budens-algarve-ocean-camper-2025-240x160.jpg 240w\" sizes=\"(max-width: 800px) 100vw, 800px\" \/>\t\t\t\t\t\t\t\t\t\t\t\t\t\t\t<\/div>\n\t\t\t\t<\/div>\n\t\t\t\t<div class=\"elementor-element elementor-element-6b8b548 elementor-widget elementor-widget-text-editor\" data-id=\"6b8b548\" data-element_type=\"widget\" data-e-type=\"widget\" data-widget_type=\"text-editor.default\">\n\t\t\t\t<div class=\"elementor-widget-container\">\n\t\t\t\t\t\t\t\t\t<article class=\"text-token-text-primary w-full focus:outline-none [--shadow-height:45px] has-data-writing-block:pointer-events-none has-data-writing-block:-mt-(--shadow-height) has-data-writing-block:pt-(--shadow-height) [&amp;:has([data-writing-block])&gt;*]:pointer-events-auto [content-visibility:auto] supports-[content-visibility:auto]:[contain-intrinsic-size:auto_100lvh] scroll-mt-[calc(var(--header-height)+min(200px,max(70px,20svh)))]\" dir=\"auto\" tabindex=\"-1\" data-turn-id=\"request-690b80b8-681c-8328-a668-6f1632121521-9\" data-testid=\"conversation-turn-20\" data-scroll-anchor=\"true\" data-turn=\"assistant\"><div class=\"text-base my-auto mx-auto pb-10 [--thread-content-margin:--spacing(4)] thread-sm:[--thread-content-margin:--spacing(6)] thread-lg:[--thread-content-margin:--spacing(16)] px-(--thread-content-margin)\"><div class=\"[--thread-content-max-width:40rem] thread-lg:[--thread-content-max-width:48rem] mx-auto max-w-(--thread-content-max-width) flex-1 group\/turn-messages focus-visible:outline-hidden relative flex w-full min-w-0 flex-col agent-turn\" tabindex=\"-1\"><div class=\"flex max-w-full flex-col grow\"><div class=\"min-h-8 text-message relative flex w-full flex-col items-end gap-2 text-start break-words whitespace-normal [.text-message+&amp;]:mt-1\" dir=\"auto\" data-message-author-role=\"assistant\" data-message-id=\"a1783eff-211e-4f98-9e0d-bab357f1c873\" data-message-model-slug=\"gpt-5\"><div class=\"flex w-full flex-col gap-1 empty:hidden first:pt-[1px]\"><div class=\"markdown prose dark:prose-invert w-full break-words dark markdown-new-styling\"><p data-start=\"75\" data-end=\"156\">Zdj\u0119cie &#8222;Ponta da Piedade 2010.jpg&#8221; autorstwa Filipe Rocha, na licencji <a href=\"https:\/\/commons.wikimedia.org\/wiki\/File:Praia_do_Amado_-_IV.jpg\" target=\"_blank\" rel=\"noopener\">CC BY 3.0<\/a>.<\/p><\/div><\/div><\/div><\/div><\/div><\/div><\/article>\t\t\t\t\t\t\t\t<\/div>\n\t\t\t\t<\/div>\n\t\t\t\t<div class=\"elementor-element elementor-element-6ee2b49 elementor-widget elementor-widget-heading\" data-id=\"6ee2b49\" data-element_type=\"widget\" data-e-type=\"widget\" id=\"amoreira\" data-widget_type=\"heading.default\">\n\t\t\t\t<div class=\"elementor-widget-container\">\n\t\t\t\t\t<h2 class=\"elementor-heading-title elementor-size-default\">\ud83c\udfd6\ufe0f Praia da Amoreira<\/h2>\t\t\t\t<\/div>\n\t\t\t\t<\/div>\n\t\t\t\t<div class=\"elementor-element elementor-element-1875144 elementor-widget elementor-widget-text-editor\" data-id=\"1875144\" data-element_type=\"widget\" data-e-type=\"widget\" data-widget_type=\"text-editor.default\">\n\t\t\t\t<div class=\"elementor-widget-container\">\n\t\t\t\t\t\t\t\t\t<p>Gdzie rzeka spotyka si\u0119 z morzem <img decoding=\"async\" class=\"emoji\" role=\"img\" draggable=\"false\" src=\"https:\/\/s.w.org\/images\/core\/emoji\/16.0.1\/svg\/1f30a.svg\" alt=\"\ud83c\udf0a\"> &#8211; Praia da Amoreira to pi\u0119kna, szeroka pla\u017ca otoczona wydmami i p\u0142ytk\u0105 lagun\u0105 po lewej stronie. Jest dobrze znane z surfingu <img decoding=\"async\" class=\"emoji\" role=\"img\" draggable=\"false\" src=\"https:\/\/s.w.org\/images\/core\/emoji\/16.0.1\/svg\/1f3c4-200d-2642-fe0f.svg\" alt=\"\ud83c\udfc4\u200d\u2642\ufe0f\">, a spokojna laguna jest idealna do relaksuj\u0105cej k\u0105pieli, gdy Atlantyk wydaje si\u0119 zbyt zimny lub dziki. \u015awietne miejsce dla rodzin <img decoding=\"async\" class=\"emoji\" role=\"img\" draggable=\"false\" src=\"https:\/\/s.w.org\/images\/core\/emoji\/16.0.1\/svg\/1f468-200d-1f469-200d-1f467.svg\" alt=\"\ud83d\udc68\u200d\ud83d\udc69\u200d\ud83d\udc67\">, paddleboarding i spacery o zachodzie s\u0142o\u0144ca.<\/p><p><img decoding=\"async\" class=\"emoji\" role=\"img\" draggable=\"false\" src=\"https:\/\/s.w.org\/images\/core\/emoji\/16.0.1\/svg\/1f4cd.svg\" alt=\"\ud83d\udccd\">  Mapa <a href=\"https:\/\/goo.gl\/maps\/x5oAcbGcWg2wAmmdA\" target=\"_blank\" rel=\"noopener\">tutaj<\/a><\/p>\t\t\t\t\t\t\t\t<\/div>\n\t\t\t\t<\/div>\n\t\t\t\t<div class=\"elementor-element elementor-element-65b2afe elementor-widget elementor-widget-image\" data-id=\"65b2afe\" data-element_type=\"widget\" data-e-type=\"widget\" data-widget_type=\"image.default\">\n\t\t\t\t<div class=\"elementor-widget-container\">\n\t\t\t\t\t\t\t\t\t\t\t\t\t\t\t<img loading=\"lazy\" decoding=\"async\" width=\"800\" height=\"525\" src=\"https:\/\/oceancamper.com\/wp-content\/uploads\/2021\/10\/praia-da-amoreira-aljezur-algarve-ocean-camper-2025.jpg\" class=\"attachment-large size-large wp-image-208805\" alt=\"Pla\u017ca Praia da Amoreira z lagun\u0105 rzeczn\u0105 i falami w pobli\u017cu Aljezur, Costa Vicentina, Algarve, Portugalia\" srcset=\"https:\/\/oceancamper.com\/wp-content\/uploads\/2021\/10\/praia-da-amoreira-aljezur-algarve-ocean-camper-2025.jpg 960w, https:\/\/oceancamper.com\/wp-content\/uploads\/2021\/10\/praia-da-amoreira-aljezur-algarve-ocean-camper-2025-300x197.jpg 300w, https:\/\/oceancamper.com\/wp-content\/uploads\/2021\/10\/praia-da-amoreira-aljezur-algarve-ocean-camper-2025-768x504.jpg 768w, https:\/\/oceancamper.com\/wp-content\/uploads\/2021\/10\/praia-da-amoreira-aljezur-algarve-ocean-camper-2025-240x158.jpg 240w\" sizes=\"(max-width: 800px) 100vw, 800px\" \/>\t\t\t\t\t\t\t\t\t\t\t\t\t\t\t<\/div>\n\t\t\t\t<\/div>\n\t\t\t\t<div class=\"elementor-element elementor-element-f6ad7f8 elementor-widget elementor-widget-text-editor\" data-id=\"f6ad7f8\" data-element_type=\"widget\" data-e-type=\"widget\" data-widget_type=\"text-editor.default\">\n\t\t\t\t<div class=\"elementor-widget-container\">\n\t\t\t\t\t\t\t\t\t<article class=\"text-token-text-primary w-full focus:outline-none [--shadow-height:45px] has-data-writing-block:pointer-events-none has-data-writing-block:-mt-(--shadow-height) has-data-writing-block:pt-(--shadow-height) [&amp;:has([data-writing-block])&gt;*]:pointer-events-auto [content-visibility:auto] supports-[content-visibility:auto]:[contain-intrinsic-size:auto_100lvh] scroll-mt-[calc(var(--header-height)+min(200px,max(70px,20svh)))]\" dir=\"auto\" tabindex=\"-1\" data-turn-id=\"request-690b80b8-681c-8328-a668-6f1632121521-9\" data-testid=\"conversation-turn-20\" data-scroll-anchor=\"true\" data-turn=\"assistant\"><div class=\"text-base my-auto mx-auto pb-10 [--thread-content-margin:--spacing(4)] thread-sm:[--thread-content-margin:--spacing(6)] thread-lg:[--thread-content-margin:--spacing(16)] px-(--thread-content-margin)\"><div class=\"[--thread-content-max-width:40rem] thread-lg:[--thread-content-max-width:48rem] mx-auto max-w-(--thread-content-max-width) flex-1 group\/turn-messages focus-visible:outline-hidden relative flex w-full min-w-0 flex-col agent-turn\" tabindex=\"-1\"><div class=\"flex max-w-full flex-col grow\"><div class=\"min-h-8 text-message relative flex w-full flex-col items-end gap-2 text-start break-words whitespace-normal [.text-message+&amp;]:mt-1\" dir=\"auto\" data-message-author-role=\"assistant\" data-message-id=\"a1783eff-211e-4f98-9e0d-bab357f1c873\" data-message-model-slug=\"gpt-5\"><div class=\"flex w-full flex-col gap-1 empty:hidden first:pt-[1px]\"><div class=\"markdown prose dark:prose-invert w-full break-words dark markdown-new-styling\"><p data-start=\"75\" data-end=\"156\">Zdj\u0119cie &#8222;Praia da Amoreira &#8211; Portugalia (25472128565).jpg&#8221; autorstwa <a class=\"external text\" href=\"https:\/\/www.flickr.com\/people\/21446942@N00\" rel=\"nofollow\">Vitor Oliveira<\/a>, na licencji <a href=\"https:\/\/commons.wikimedia.org\/wiki\/File:Praia_da_Amoreira_-_Portugal_(25472128565).jpg\" target=\"_blank\" rel=\"noopener\">CC BY 3.0.<\/a><\/p><\/div><\/div><\/div><\/div><\/div><\/div><\/article>\t\t\t\t\t\t\t\t<\/div>\n\t\t\t\t<\/div>\n\t\t\t\t<div class=\"elementor-element elementor-element-a71f000 elementor-widget elementor-widget-heading\" data-id=\"a71f000\" data-element_type=\"widget\" data-e-type=\"widget\" id=\"homens\" data-widget_type=\"heading.default\">\n\t\t\t\t<div class=\"elementor-widget-container\">\n\t\t\t\t\t<h2 class=\"elementor-heading-title elementor-size-default\">Praia do Vale dos Homens<\/h2>\t\t\t\t<\/div>\n\t\t\t\t<\/div>\n\t\t\t\t<div class=\"elementor-element elementor-element-4f71b3f elementor-widget elementor-widget-text-editor\" data-id=\"4f71b3f\" data-element_type=\"widget\" data-e-type=\"widget\" data-widget_type=\"text-editor.default\">\n\t\t\t\t<div class=\"elementor-widget-container\">\n\t\t\t\t\t\t\t\t\t<p><img decoding=\"async\" class=\"emoji\" role=\"img\" draggable=\"false\" src=\"https:\/\/s.w.org\/images\/core\/emoji\/16.0.1\/svg\/1f33e.svg\" alt=\"\ud83c\udf3e\">  Odleg\u0142a i spokojna Praia do Vale dos Homens to du\u017ca pla\u017ca na zachodnim wybrze\u017cu, do kt\u00f3rej prowadz\u0105 d\u0142ugie drewniane schody <img decoding=\"async\" class=\"emoji\" role=\"img\" draggable=\"false\" src=\"https:\/\/s.w.org\/images\/core\/emoji\/16.0.1\/svg\/1fa9c.svg\" alt=\"\ud83e\ude9c\">, kt\u00f3re wij\u0105 si\u0119 w d\u00f3\u0142 przez klify.<br data-start=\"400\" data-end=\"403\">Zabierz ze sob\u0105 przek\u0105ski, wod\u0119 i aparat fotograficzny. To dzikie miejsce ma zwykle niewielu odwiedzaj\u0105cych, oferuj\u0105c mn\u00f3stwo przestrzeni i spokoju w otoczeniu nietkni\u0119tej przyrody.<\/p><p><img decoding=\"async\" class=\"emoji\" role=\"img\" draggable=\"false\" src=\"https:\/\/s.w.org\/images\/core\/emoji\/16.0.1\/svg\/1f4cd.svg\" alt=\"\ud83d\udccd\">  Mapa <a href=\"https:\/\/goo.gl\/maps\/dGAZqkiYvpv8dvuD9\" target=\"_blank\" rel=\"noopener\">tutaj<\/a><\/p>\t\t\t\t\t\t\t\t<\/div>\n\t\t\t\t<\/div>\n\t\t\t\t<div class=\"elementor-element elementor-element-0a74b91 elementor-widget elementor-widget-image\" data-id=\"0a74b91\" data-element_type=\"widget\" data-e-type=\"widget\" data-widget_type=\"image.default\">\n\t\t\t\t<div class=\"elementor-widget-container\">\n\t\t\t\t\t\t\t\t\t\t\t\t\t\t\t<img loading=\"lazy\" decoding=\"async\" width=\"800\" height=\"533\" src=\"https:\/\/oceancamper.com\/wp-content\/uploads\/2021\/10\/praia-do-vale-dos-homens-aljezur-algarve-ocean-camper-2025.jpg\" class=\"attachment-large size-large wp-image-208806\" alt=\"Pla\u017ca Praia do Vale dos Homens i drewniane schody prowadz\u0105ce do oceanu w pobli\u017cu Aljezur, Algarve, Portugalia\" srcset=\"https:\/\/oceancamper.com\/wp-content\/uploads\/2021\/10\/praia-do-vale-dos-homens-aljezur-algarve-ocean-camper-2025.jpg 960w, https:\/\/oceancamper.com\/wp-content\/uploads\/2021\/10\/praia-do-vale-dos-homens-aljezur-algarve-ocean-camper-2025-300x200.jpg 300w, https:\/\/oceancamper.com\/wp-content\/uploads\/2021\/10\/praia-do-vale-dos-homens-aljezur-algarve-ocean-camper-2025-768x512.jpg 768w, https:\/\/oceancamper.com\/wp-content\/uploads\/2021\/10\/praia-do-vale-dos-homens-aljezur-algarve-ocean-camper-2025-240x160.jpg 240w\" sizes=\"(max-width: 800px) 100vw, 800px\" \/>\t\t\t\t\t\t\t\t\t\t\t\t\t\t\t<\/div>\n\t\t\t\t<\/div>\n\t\t\t\t<div class=\"elementor-element elementor-element-c06f036 elementor-widget elementor-widget-text-editor\" data-id=\"c06f036\" data-element_type=\"widget\" data-e-type=\"widget\" data-widget_type=\"text-editor.default\">\n\t\t\t\t<div class=\"elementor-widget-container\">\n\t\t\t\t\t\t\t\t\t<article class=\"text-token-text-primary w-full focus:outline-none [--shadow-height:45px] has-data-writing-block:pointer-events-none has-data-writing-block:-mt-(--shadow-height) has-data-writing-block:pt-(--shadow-height) [&amp;:has([data-writing-block])&gt;*]:pointer-events-auto [content-visibility:auto] supports-[content-visibility:auto]:[contain-intrinsic-size:auto_100lvh] scroll-mt-[calc(var(--header-height)+min(200px,max(70px,20svh)))]\" dir=\"auto\" tabindex=\"-1\" data-turn-id=\"request-690b80b8-681c-8328-a668-6f1632121521-9\" data-testid=\"conversation-turn-20\" data-scroll-anchor=\"true\" data-turn=\"assistant\"><div class=\"text-base my-auto mx-auto pb-10 [--thread-content-margin:--spacing(4)] thread-sm:[--thread-content-margin:--spacing(6)] thread-lg:[--thread-content-margin:--spacing(16)] px-(--thread-content-margin)\"><div class=\"[--thread-content-max-width:40rem] thread-lg:[--thread-content-max-width:48rem] mx-auto max-w-(--thread-content-max-width) flex-1 group\/turn-messages focus-visible:outline-hidden relative flex w-full min-w-0 flex-col agent-turn\" tabindex=\"-1\"><div class=\"flex max-w-full flex-col grow\"><div class=\"min-h-8 text-message relative flex w-full flex-col items-end gap-2 text-start break-words whitespace-normal [.text-message+&amp;]:mt-1\" dir=\"auto\" data-message-author-role=\"assistant\" data-message-id=\"a1783eff-211e-4f98-9e0d-bab357f1c873\" data-message-model-slug=\"gpt-5\"><div class=\"flex w-full flex-col gap-1 empty:hidden first:pt-[1px]\"><div class=\"markdown prose dark:prose-invert w-full break-words dark markdown-new-styling\"><p data-start=\"75\" data-end=\"156\">Zdj\u0119cie &#8222;Praia de Vale dos Homens &#8211; Portugal (39164927464).jpg&#8221; autorstwa <a class=\"external text\" href=\"https:\/\/www.flickr.com\/people\/21446942@N00\" rel=\"nofollow\">Vitor Oliveira<\/a>, na licencji <a href=\"https:\/\/commons.wikimedia.org\/wiki\/File:Praia_de_Vale_dos_Homens_-_Portugal_(39164927464).jpg\" target=\"_blank\" rel=\"noopener\">CC BY 3.0<\/a>.<\/p><\/div><\/div><\/div><\/div><\/div><\/div><\/article>\t\t\t\t\t\t\t\t<\/div>\n\t\t\t\t<\/div>\n\t\t\t\t<div class=\"elementor-element elementor-element-45871b5 elementor-widget elementor-widget-heading\" data-id=\"45871b5\" data-element_type=\"widget\" data-e-type=\"widget\" id=\"adegas\" data-widget_type=\"heading.default\">\n\t\t\t\t<div class=\"elementor-widget-container\">\n\t\t\t\t\t<h2 class=\"elementor-heading-title elementor-size-default\">Praia das Adegas (dla naturyst\u00f3w)<\/h2>\t\t\t\t<\/div>\n\t\t\t\t<\/div>\n\t\t\t\t<div class=\"elementor-element elementor-element-f377801 elementor-widget elementor-widget-text-editor\" data-id=\"f377801\" data-element_type=\"widget\" data-e-type=\"widget\" data-widget_type=\"text-editor.default\">\n\t\t\t\t<div class=\"elementor-widget-container\">\n\t\t\t\t\t\t\t\t\t<p data-start=\"185\" data-end=\"612\"><strong data-start=\"206\" data-end=\"226\">Praia das Adegas<\/strong> to jedna z niewielu <strong data-start=\"245\" data-end=\"286\">oficjalnych pla\u017c dla naturyst\u00f3w w Portugalii<\/strong> \ud83e\uddd8\u200d\u2640\ufe0f.<br data-start=\"293\" data-end=\"296\">Po\u0142o\u017cona w <strong data-start=\"309\" data-end=\"354\">ma\u0142ej zatoczce tu\u017c obok Praia de Odeceixe<\/strong>, jest <strong data-start=\"363\" data-end=\"388\">cich\u0105, kameraln\u0105 pla\u017c\u0105<\/strong> otoczon\u0105 <strong data-start=\"403\" data-end=\"418\">wysokimi klifami<\/strong>, kt\u00f3re chroni\u0105 j\u0105 przed wiatrem. Z\u0142ocisty piasek i spokojna okolica sprawiaj\u0105, \u017ce jest to idealne miejsce dla os\u00f3b poszukuj\u0105cych spokoju i prywatno\u015bci &#8211; zw\u0142aszcza podczas <strong data-start=\"557\" data-end=\"569\">odp\u0142ywu<\/strong>, kiedy pla\u017ca ujawnia swoje pe\u0142ne pi\u0119kno.<\/p><p>Mapa <a href=\"https:\/\/goo.gl\/maps\/Xb7tT2LhddKvhX3JA\" target=\"_blank\" rel=\"noopener\">tutaj<\/a><\/p>\t\t\t\t\t\t\t\t<\/div>\n\t\t\t\t<\/div>\n\t\t\t\t<div class=\"elementor-element elementor-element-8db83fa elementor-widget elementor-widget-image\" data-id=\"8db83fa\" data-element_type=\"widget\" data-e-type=\"widget\" data-widget_type=\"image.default\">\n\t\t\t\t<div class=\"elementor-widget-container\">\n\t\t\t\t\t\t\t\t\t\t\t\t\t\t\t<img loading=\"lazy\" decoding=\"async\" width=\"800\" height=\"522\" src=\"https:\/\/oceancamper.com\/wp-content\/uploads\/2021\/10\/praia-das-adegas-odeceixe-algarve-ocean-camper-2025.jpg\" class=\"attachment-large size-large wp-image-208807\" alt=\"\" srcset=\"https:\/\/oceancamper.com\/wp-content\/uploads\/2021\/10\/praia-das-adegas-odeceixe-algarve-ocean-camper-2025.jpg 960w, https:\/\/oceancamper.com\/wp-content\/uploads\/2021\/10\/praia-das-adegas-odeceixe-algarve-ocean-camper-2025-300x196.jpg 300w, https:\/\/oceancamper.com\/wp-content\/uploads\/2021\/10\/praia-das-adegas-odeceixe-algarve-ocean-camper-2025-768x501.jpg 768w, https:\/\/oceancamper.com\/wp-content\/uploads\/2021\/10\/praia-das-adegas-odeceixe-algarve-ocean-camper-2025-240x157.jpg 240w\" sizes=\"(max-width: 800px) 100vw, 800px\" \/>\t\t\t\t\t\t\t\t\t\t\t\t\t\t\t<\/div>\n\t\t\t\t<\/div>\n\t\t\t\t<div class=\"elementor-element elementor-element-837a87b elementor-widget elementor-widget-text-editor\" data-id=\"837a87b\" data-element_type=\"widget\" data-e-type=\"widget\" data-widget_type=\"text-editor.default\">\n\t\t\t\t<div class=\"elementor-widget-container\">\n\t\t\t\t\t\t\t\t\t<article class=\"text-token-text-primary w-full focus:outline-none [--shadow-height:45px] has-data-writing-block:pointer-events-none has-data-writing-block:-mt-(--shadow-height) has-data-writing-block:pt-(--shadow-height) [&amp;:has([data-writing-block])&gt;*]:pointer-events-auto [content-visibility:auto] supports-[content-visibility:auto]:[contain-intrinsic-size:auto_100lvh] scroll-mt-[calc(var(--header-height)+min(200px,max(70px,20svh)))]\" dir=\"auto\" tabindex=\"-1\" data-turn-id=\"request-690b80b8-681c-8328-a668-6f1632121521-9\" data-testid=\"conversation-turn-20\" data-scroll-anchor=\"true\" data-turn=\"assistant\"><div class=\"text-base my-auto mx-auto pb-10 [--thread-content-margin:--spacing(4)] thread-sm:[--thread-content-margin:--spacing(6)] thread-lg:[--thread-content-margin:--spacing(16)] px-(--thread-content-margin)\"><div class=\"[--thread-content-max-width:40rem] thread-lg:[--thread-content-max-width:48rem] mx-auto max-w-(--thread-content-max-width) flex-1 group\/turn-messages focus-visible:outline-hidden relative flex w-full min-w-0 flex-col agent-turn\" tabindex=\"-1\"><div class=\"flex max-w-full flex-col grow\"><div class=\"min-h-8 text-message relative flex w-full flex-col items-end gap-2 text-start break-words whitespace-normal [.text-message+&amp;]:mt-1\" dir=\"auto\" data-message-author-role=\"assistant\" data-message-id=\"a1783eff-211e-4f98-9e0d-bab357f1c873\" data-message-model-slug=\"gpt-5\"><div class=\"flex w-full flex-col gap-1 empty:hidden first:pt-[1px]\"><div class=\"markdown prose dark:prose-invert w-full break-words dark markdown-new-styling\"><p data-start=\"75\" data-end=\"156\">Zdj\u0119cie &#8222;Praia de Vale dos Homens &#8211; Portugal (39164927464).jpg&#8221; autorstwa <a class=\"external text\" href=\"https:\/\/www.flickr.com\/people\/21446942@N00\" rel=\"nofollow\">Vitor Oliveira<\/a>, na licencji <a href=\"https:\/\/commons.wikimedia.org\/wiki\/File:Praia_de_Adegas_ou_Odeceixe_Sul_-_Portugal_(33105019432).jpg\" target=\"_blank\" rel=\"noopener\">CC BY 3.0<\/a>.<\/p><\/div><\/div><\/div><\/div><\/div><\/div><\/article>\t\t\t\t\t\t\t\t<\/div>\n\t\t\t\t<\/div>\n\t\t\t\t<div class=\"elementor-element elementor-element-896eb35 elementor-widget elementor-widget-heading\" data-id=\"896eb35\" data-element_type=\"widget\" data-e-type=\"widget\" id=\"amalia\" data-widget_type=\"heading.default\">\n\t\t\t\t<div class=\"elementor-widget-container\">\n\t\t\t\t\t<h2 class=\"elementor-heading-title elementor-size-default\">Praia da Am\u00e1lia<\/h2>\t\t\t\t<\/div>\n\t\t\t\t<\/div>\n\t\t\t\t<div class=\"elementor-element elementor-element-bd21893 elementor-widget elementor-widget-text-editor\" data-id=\"bd21893\" data-element_type=\"widget\" data-e-type=\"widget\" data-widget_type=\"text-editor.default\">\n\t\t\t\t<div class=\"elementor-widget-container\">\n\t\t\t\t\t\t\t\t\t<p>Ten ukryty raj, nazwany na cze\u015b\u0107 portugalskiej legendy fado <strong data-start=\"204\" data-end=\"224\">Am\u00e1lii Rodrigues<\/strong> \ud83c\udfa4, jest dost\u0119pny dzi\u0119ki relaksuj\u0105cej, ale nieco wymagaj\u0105cej \u015bcie\u017cce pieszej. <strong data-start=\"312\" data-end=\"331\">Praia da Am\u00e1lia<\/strong> to <strong data-start=\"337\" data-end=\"358\" data-is-only-node=\"\">cicha, dzika pla\u017ca<\/strong>, otoczona nietkni\u0119t\u0105 przyrod\u0105, z <strong data-start=\"404\" data-end=\"447\">ma\u0142ym wodospadem sp\u0142ywaj\u0105cym kaskad\u0105 na piasek<\/strong> &#8211; tu\u017c przed domem, w kt\u00f3rym s\u0142ynna piosenkarka sp\u0119dzi\u0142a kiedy\u015b wakacje.<br data-start=\"7738\" data-end=\"7741\">\ud83d\udccd Mapa <a href=\"https:\/\/goo.gl\/maps\/3cTtoBQn6eZsA5jU6\" target=\"_blank\" rel=\"noopener\">tutaj<\/a><\/p>\t\t\t\t\t\t\t\t<\/div>\n\t\t\t\t<\/div>\n\t\t\t\t<div class=\"elementor-element elementor-element-f113700 elementor-widget elementor-widget-image\" data-id=\"f113700\" data-element_type=\"widget\" data-e-type=\"widget\" data-widget_type=\"image.default\">\n\t\t\t\t<div class=\"elementor-widget-container\">\n\t\t\t\t\t\t\t\t\t\t\t\t\t\t\t<img loading=\"lazy\" decoding=\"async\" width=\"800\" height=\"537\" src=\"https:\/\/oceancamper.com\/wp-content\/uploads\/2021\/10\/praia-da-amalia-zambujeira-do-mar-alentejo-ocean-camper-2025.jpg\" class=\"attachment-large size-large wp-image-208808\" alt=\"Pla\u017ca Praia da Am\u00e1lia otoczona klifami w pobli\u017cu Zambujeira do Mar, wybrze\u017ce Alentejo, Portugalia\" srcset=\"https:\/\/oceancamper.com\/wp-content\/uploads\/2021\/10\/praia-da-amalia-zambujeira-do-mar-alentejo-ocean-camper-2025.jpg 960w, https:\/\/oceancamper.com\/wp-content\/uploads\/2021\/10\/praia-da-amalia-zambujeira-do-mar-alentejo-ocean-camper-2025-300x201.jpg 300w, https:\/\/oceancamper.com\/wp-content\/uploads\/2021\/10\/praia-da-amalia-zambujeira-do-mar-alentejo-ocean-camper-2025-768x515.jpg 768w, https:\/\/oceancamper.com\/wp-content\/uploads\/2021\/10\/praia-da-amalia-zambujeira-do-mar-alentejo-ocean-camper-2025-240x161.jpg 240w\" sizes=\"(max-width: 800px) 100vw, 800px\" \/>\t\t\t\t\t\t\t\t\t\t\t\t\t\t\t<\/div>\n\t\t\t\t<\/div>\n\t\t\t\t<div class=\"elementor-element elementor-element-c7b19c5 elementor-widget elementor-widget-text-editor\" data-id=\"c7b19c5\" data-element_type=\"widget\" data-e-type=\"widget\" data-widget_type=\"text-editor.default\">\n\t\t\t\t<div class=\"elementor-widget-container\">\n\t\t\t\t\t\t\t\t\t<article class=\"text-token-text-primary w-full focus:outline-none [--shadow-height:45px] has-data-writing-block:pointer-events-none has-data-writing-block:-mt-(--shadow-height) has-data-writing-block:pt-(--shadow-height) [&amp;:has([data-writing-block])&gt;*]:pointer-events-auto [content-visibility:auto] supports-[content-visibility:auto]:[contain-intrinsic-size:auto_100lvh] scroll-mt-[calc(var(--header-height)+min(200px,max(70px,20svh)))]\" dir=\"auto\" tabindex=\"-1\" data-turn-id=\"request-690b80b8-681c-8328-a668-6f1632121521-9\" data-testid=\"conversation-turn-20\" data-scroll-anchor=\"true\" data-turn=\"assistant\"><div class=\"text-base my-auto mx-auto pb-10 [--thread-content-margin:--spacing(4)] thread-sm:[--thread-content-margin:--spacing(6)] thread-lg:[--thread-content-margin:--spacing(16)] px-(--thread-content-margin)\"><div class=\"[--thread-content-max-width:40rem] thread-lg:[--thread-content-max-width:48rem] mx-auto max-w-(--thread-content-max-width) flex-1 group\/turn-messages focus-visible:outline-hidden relative flex w-full min-w-0 flex-col agent-turn\" tabindex=\"-1\"><div class=\"flex max-w-full flex-col grow\"><div class=\"min-h-8 text-message relative flex w-full flex-col items-end gap-2 text-start break-words whitespace-normal [.text-message+&amp;]:mt-1\" dir=\"auto\" data-message-author-role=\"assistant\" data-message-id=\"a1783eff-211e-4f98-9e0d-bab357f1c873\" data-message-model-slug=\"gpt-5\"><div class=\"flex w-full flex-col gap-1 empty:hidden first:pt-[1px]\"><div class=\"markdown prose dark:prose-invert w-full break-words dark markdown-new-styling\"><p data-start=\"75\" data-end=\"156\">Zdj\u0119cie &#8222;Praia da Am\u00e1lia (2830877117).jpg&#8221; autorstwa <a class=\"external text\" href=\"https:\/\/www.flickr.com\/people\/29680642@N04\" rel=\"nofollow\">Tiago J. G. Fernandes<\/a>, na licencji <a href=\"https:\/\/commons.wikimedia.org\/wiki\/File:Praia_da_Am%C3%A1lia_(2830877117).jpg\" target=\"_blank\" rel=\"noopener\">CC BY 3.0.<\/a><\/p><\/div><\/div><\/div><\/div><\/div><\/div><\/article>\t\t\t\t\t\t\t\t<\/div>\n\t\t\t\t<\/div>\n\t\t\t\t\t<\/div>\n\t\t<\/div>\n\t\t\t\t\t<\/div>\n\t\t<\/section>\n\t\t\t\t<section class=\"elementor-section elementor-top-section elementor-element elementor-element-2c7b528 elementor-section-stretched elementor-section-boxed elementor-section-height-default elementor-section-height-default\" data-id=\"2c7b528\" data-element_type=\"section\" data-e-type=\"section\" id=\"adegas\" data-settings=\"{&quot;stretch_section&quot;:&quot;section-stretched&quot;,&quot;background_background&quot;:&quot;classic&quot;}\">\n\t\t\t\t\t\t<div class=\"elementor-container elementor-column-gap-default\">\n\t\t\t\t\t<div class=\"elementor-column elementor-col-100 elementor-top-column elementor-element elementor-element-53792cb\" data-id=\"53792cb\" data-element_type=\"column\" data-e-type=\"column\">\n\t\t\t<div class=\"elementor-widget-wrap elementor-element-populated\">\n\t\t\t\t\t\t<div class=\"elementor-element elementor-element-b24455c elementor-widget elementor-widget-heading\" data-id=\"b24455c\" data-element_type=\"widget\" data-e-type=\"widget\" id=\"inland\" data-widget_type=\"heading.default\">\n\t\t\t\t<div class=\"elementor-widget-container\">\n\t\t\t\t\t<h2 class=\"elementor-heading-title elementor-size-default\">\ud83c\udfde\ufe0f Inland Lakes (Quiet Escapes)<\/h2>\t\t\t\t<\/div>\n\t\t\t\t<\/div>\n\t\t\t\t<div class=\"elementor-element elementor-element-0b45007 elementor-widget elementor-widget-text-editor\" data-id=\"0b45007\" data-element_type=\"widget\" data-e-type=\"widget\" data-widget_type=\"text-editor.default\">\n\t\t\t\t<div class=\"elementor-widget-container\">\n\t\t\t\t\t\t\t\t\t<p data-start=\"7867\" data-end=\"8011\">Gdy wybrze\u017ce jest wietrzne lub zat\u0142oczone, udaj si\u0119 w g\u0142\u0105b l\u0105du, aby cieszy\u0107 si\u0119 spokojn\u0105 <strong data-start=\"7924\" data-end=\"7938\">s\u0142odk\u0105 wod\u0105<\/strong> \ud83d\udca7.<br data-start=\"7948\" data-end=\"7951\">Idealny do <strong data-start=\"7963\" data-end=\"7970\">SUP<\/strong>, <strong data-start=\"7972\" data-end=\"7983\">piknik\u00f3w<\/strong> i <strong data-start=\"7989\" data-end=\"8005\">obserwacji ptak\u00f3w<\/strong> \ud83d\udc26.<\/p><ul><li data-start=\"8014\" data-end=\"8086\"><a class=\"decorated-link cursor-pointer\" href=\"https:\/\/maps.app.goo.gl\/hRyR3q2ZidJjo62B7\" target=\"_blank\" rel=\"noopener\" data-start=\"8017\" data-end=\"8084\">Barragem do Funcho<\/a><\/li><li data-start=\"8089\" data-end=\"8159\"><a class=\"decorated-link cursor-pointer\" href=\"https:\/\/maps.app.goo.gl\/jatCFrps4Li3dcnV9\" target=\"_blank\" rel=\"noopener\" data-start=\"8092\" data-end=\"8157\">Barragem do Arade<\/a><\/li><li data-start=\"8162\" data-end=\"8242\"><a class=\"decorated-link cursor-pointer\" href=\"https:\/\/maps.app.goo.gl\/eMCLHt9oBdKcS6Lf8\" target=\"_blank\" rel=\"noopener\" data-start=\"8165\" data-end=\"8242\">Barragem de Santa Clara<\/a><\/li><\/ul>\t\t\t\t\t\t\t\t<\/div>\n\t\t\t\t<\/div>\n\t\t\t\t\t<\/div>\n\t\t<\/div>\n\t\t\t\t\t<\/div>\n\t\t<\/section>\n\t\t\t\t<section class=\"elementor-section elementor-top-section elementor-element elementor-element-2be1081 elementor-section-stretched elementor-section-boxed elementor-section-height-default elementor-section-height-default\" data-id=\"2be1081\" data-element_type=\"section\" data-e-type=\"section\" id=\"amalia\" data-settings=\"{&quot;stretch_section&quot;:&quot;section-stretched&quot;,&quot;background_background&quot;:&quot;classic&quot;}\">\n\t\t\t\t\t\t<div class=\"elementor-container elementor-column-gap-default\">\n\t\t\t\t\t<div class=\"elementor-column elementor-col-100 elementor-top-column elementor-element elementor-element-8dc572e\" data-id=\"8dc572e\" data-element_type=\"column\" data-e-type=\"column\">\n\t\t\t<div class=\"elementor-widget-wrap elementor-element-populated\">\n\t\t\t\t\t\t<div class=\"elementor-element elementor-element-3a75227 elementor-widget elementor-widget-heading\" data-id=\"3a75227\" data-element_type=\"widget\" data-e-type=\"widget\" id=\"campervan\" data-widget_type=\"heading.default\">\n\t\t\t\t<div class=\"elementor-widget-container\">\n\t\t\t\t\t<h2 class=\"elementor-heading-title elementor-size-default\">\ud83d\ude90 Praktyczne wskaz\u00f3wki dla podr\u00f3\u017cuj\u0105cych kamperem<\/h2>\t\t\t\t<\/div>\n\t\t\t\t<\/div>\n\t\t\t\t<div class=\"elementor-element elementor-element-77c673d elementor-widget elementor-widget-text-editor\" data-id=\"77c673d\" data-element_type=\"widget\" data-e-type=\"widget\" data-widget_type=\"text-editor.default\">\n\t\t\t\t<div class=\"elementor-widget-container\">\n\t\t\t\t\t\t\t\t\t<ul><li data-start=\"8313\" data-end=\"8443\">\ud83c\udfd5\ufe0f <strong data-start=\"8317\" data-end=\"8334\">Nocleg:<\/strong> Dziki kemping na pla\u017cach jest zabroniony &#8211; nale\u017cy korzysta\u0107 z legalnych <strong data-start=\"8385\" data-end=\"8440\"><a class=\"decorated-link cursor-pointer\" rel=\"noopener\" data-start=\"8387\" data-end=\"8438\">postoje dla kamper\u00f3w i eko-kempingi<\/a><\/strong>.<\/li><li data-start=\"8446\" data-end=\"8512\">\u2600\ufe0f <strong data-start=\"8449\" data-end=\"8460\">Czas:<\/strong> Przyjed\u017a wcze\u015bnie (7-9 rano) &#8211; parkingi szybko si\u0119 zape\u0142niaj\u0105.<\/li><li data-start=\"8515\" data-end=\"8672\"><strong data-start=\"8518\" data-end=\"8530\">Przygotuj si\u0119:<\/strong> Wynajem <strong data-start=\"8536\" data-end=\"8567\"><a class=\"decorated-link cursor-pointer\" rel=\"noopener\" data-start=\"8538\" data-end=\"8565\">SUP<\/a><\/strong>, <strong data-start=\"8569\" data-end=\"8612\"><a class=\"decorated-link cursor-pointer\" rel=\"noopener\" data-start=\"8571\" data-end=\"8610\">deski surfingowe<\/a><\/strong> lub <strong data-start=\"8616\" data-end=\"8637\"><a class=\"decorated-link cursor-pointer\" rel=\"noopener\" data-start=\"8618\" data-end=\"8635\">dodatki<\/a><\/strong> takie jak zestawy do grillowania, krzes\u0142a i lod\u00f3wki.<\/li><li data-start=\"8675\" data-end=\"8743\"><strong data-start=\"8678\" data-end=\"8695\">B\u0105d\u017a zaopatrzony:<\/strong> We\u017a ze sob\u0105 wod\u0119 i jedzenie przed podr\u00f3\u017c\u0105 na zachodnie wybrze\u017ce.<\/li><li data-start=\"8746\" data-end=\"8869\">\ud83c\udf2c\ufe0f <strong data-start=\"8750\" data-end=\"8761\">Bezpiecze\u0144stwo:<\/strong> Zawsze no\u015b smycz + PFD, sprawd\u017a <strong data-start=\"8795\" data-end=\"8830\"><a class=\"decorated-link\" href=\"https:\/\/www.windy.com\/\" target=\"_blank\" rel=\"noopener\" data-start=\"8797\" data-end=\"8828\">Wietrznie<\/a><\/strong> pod k\u0105tem podmuch\u00f3w i unikaj jaski\u0144 podczas falowania.<\/li><li data-start=\"8872\" data-end=\"8973\"><strong data-start=\"8875\" data-end=\"8891\">Najlepsze miesi\u0105ce:<\/strong> <strong data-start=\"8892\" data-end=\"8904\">Maj-czerwiec<\/strong> i <strong data-start=\"8907\" data-end=\"8919\">wrzesie\u0144-pa\u017adziernik<\/strong> = ciep\u0142a woda, ma\u0142o t\u0142um\u00f3w, idealne \u015bwiat\u0142o do zdj\u0119\u0107.<\/li><\/ul>\t\t\t\t\t\t\t\t<\/div>\n\t\t\t\t<\/div>\n\t\t\t\t\t<\/div>\n\t\t<\/div>\n\t\t\t\t\t<\/div>\n\t\t<\/section>\n\t\t\t\t<section class=\"elementor-section elementor-top-section elementor-element elementor-element-40ff869 elementor-section-stretched elementor-section-boxed elementor-section-height-default elementor-section-height-default\" data-id=\"40ff869\" data-element_type=\"section\" data-e-type=\"section\" data-settings=\"{&quot;stretch_section&quot;:&quot;section-stretched&quot;,&quot;background_background&quot;:&quot;classic&quot;}\">\n\t\t\t\t\t\t<div class=\"elementor-container elementor-column-gap-default\">\n\t\t\t\t\t<div class=\"elementor-column elementor-col-100 elementor-top-column elementor-element elementor-element-0809bf7\" data-id=\"0809bf7\" data-element_type=\"column\" data-e-type=\"column\">\n\t\t\t<div class=\"elementor-widget-wrap elementor-element-populated\">\n\t\t\t\t\t\t<div class=\"elementor-element elementor-element-cac4c70 elementor-widget elementor-widget-heading\" data-id=\"cac4c70\" data-element_type=\"widget\" data-e-type=\"widget\" id=\"safety\" data-widget_type=\"heading.default\">\n\t\t\t\t<div class=\"elementor-widget-container\">\n\t\t\t\t\t<h2 class=\"elementor-heading-title elementor-size-default\">Bezpiecze\u0144stwo, zr\u00f3wnowa\u017cony rozw\u00f3j i dost\u0119pno\u015b\u0107<\/h2>\t\t\t\t<\/div>\n\t\t\t\t<\/div>\n\t\t\t\t<div class=\"elementor-element elementor-element-6628cd4 elementor-widget elementor-widget-text-editor\" data-id=\"6628cd4\" data-element_type=\"widget\" data-e-type=\"widget\" data-widget_type=\"text-editor.default\">\n\t\t\t\t<div class=\"elementor-widget-container\">\n\t\t\t\t\t\t\t\t\t<ul><li>\u26a0\ufe0f <strong data-start=\"9047\" data-end=\"9058\">Klify:<\/strong> Nale\u017cy trzyma\u0107 si\u0119 z dala od niestabilnych kraw\u0119dzi &#8211; upadki skalne s\u0105 cz\u0119stym zjawiskiem.<\/li><li><strong data-start=\"9120\" data-end=\"9128\">S\u0142o\u0144ce:<\/strong> SPF 50+, kapelusze, przerwy w cieniu &#8211; promieniowanie UV w Algarve jest intensywne.<\/li><li><strong data-start=\"9189\" data-end=\"9200\">Przyroda:<\/strong> Szanuj wydmy i dzik\u0105 przyrod\u0119 (chronione przez <a class=\"decorated-link\" href=\"https:\/\/www.icnf.pt\/\" target=\"_blank\" rel=\"noopener\" data-start=\"9240\" data-end=\"9268\">ICNF<\/a>).<\/li><li data-start=\"9275\" data-end=\"9479\"><strong data-start=\"9277\" data-end=\"9295\">Dost\u0119pno\u015b\u0107:<\/strong> Podjazdy i w\u00f3zki inwalidzkie na pla\u017cy <strong data-start=\"9325\" data-end=\"9378\"><a class=\"decorated-link\" href=\"https:\/\/www.blueflag.global\/\" target=\"_blank\" rel=\"noopener\" data-start=\"9327\" data-end=\"9376\">pla\u017cach oznaczonych B\u0142\u0119kitn\u0105 Flag\u0105<\/a><\/strong> takich jak <a class=\"decorated-link cursor-pointer\" target=\"_new\" rel=\"noopener\" data-start=\"9384\" data-end=\"9441\">Meia Praia<\/a> lub <a class=\"decorated-link cursor-pointer\" rel=\"noopener\" data-start=\"9445\" data-end=\"9476\">Praia de Faro<\/a>.<\/li><li data-start=\"9482\" data-end=\"9552\"><strong data-start=\"9485\" data-end=\"9495\">Flagi:<\/strong> Czerwony = nie p\u0142ywa\u0107 \ud83d\udeab | \u017b\u00f3\u0142ty = ostro\u017cnie \u26a0\ufe0f | Zielony = bezpiecznie \u2705.<\/li><\/ul>\t\t\t\t\t\t\t\t<\/div>\n\t\t\t\t<\/div>\n\t\t\t\t\t<\/div>\n\t\t<\/div>\n\t\t\t\t\t<\/div>\n\t\t<\/section>\n\t\t\t\t<section class=\"elementor-section elementor-top-section elementor-element elementor-element-027dd2d elementor-section-stretched elementor-section-boxed elementor-section-height-default elementor-section-height-default\" data-id=\"027dd2d\" data-element_type=\"section\" data-e-type=\"section\" data-settings=\"{&quot;stretch_section&quot;:&quot;section-stretched&quot;,&quot;background_background&quot;:&quot;classic&quot;}\">\n\t\t\t\t\t\t<div class=\"elementor-container elementor-column-gap-default\">\n\t\t\t\t\t<div class=\"elementor-column elementor-col-100 elementor-top-column elementor-element elementor-element-e013608\" data-id=\"e013608\" data-element_type=\"column\" data-e-type=\"column\">\n\t\t\t<div class=\"elementor-widget-wrap elementor-element-populated\">\n\t\t\t\t\t\t<div class=\"elementor-element elementor-element-e3830e0 elementor-widget elementor-widget-heading\" data-id=\"e3830e0\" data-element_type=\"widget\" data-e-type=\"widget\" id=\"faq\" data-widget_type=\"heading.default\">\n\t\t\t\t<div class=\"elementor-widget-container\">\n\t\t\t\t\t<h2 class=\"elementor-heading-title elementor-size-default\">Najcz\u0119\u015bciej zadawane pytania<\/h2>\t\t\t\t<\/div>\n\t\t\t\t<\/div>\n\t\t\t\t<div class=\"elementor-element elementor-element-620fcec elementor-widget elementor-widget-text-editor\" data-id=\"620fcec\" data-element_type=\"widget\" data-e-type=\"widget\" data-widget_type=\"text-editor.default\">\n\t\t\t\t<div class=\"elementor-widget-container\">\n\t\t\t\t\t\t\t\t\t<p data-start=\"10078\" data-end=\"10208\"><strong data-start=\"10078\" data-end=\"10133\">\ud83d\udcc5 Jaki jest najlepszy miesi\u0105c na odwiedzenie pla\u017c Algarve?<\/strong><br data-start=\"10133\" data-end=\"10136\">Maj-pa\u017adziernik. <strong data-start=\"10149\" data-end=\"10171\">Czerwiec i wrzesie\u0144<\/strong> r\u00f3wnowa\u017c\u0105 ciep\u0142\u0105 wod\u0119 i mniej t\u0142um\u00f3w.<\/p><p data-start=\"10210\" data-end=\"10351\"><strong data-start=\"10210\" data-end=\"10251\">\ud83c\udfd5\ufe0f Czy mog\u0119 biwakowa\u0107 bezpo\u015brednio na pla\u017cy?<\/strong><br data-start=\"10251\" data-end=\"10254\"><strong data-start=\"10254\" data-end=\"10261\">Nie.<\/strong>  Nocowanie na pla\u017cach\/wydmach jest zabronione. Nale\u017cy korzysta\u0107 z legalnych <strong data-start=\"10313\" data-end=\"10350\"><a class=\"decorated-link cursor-pointer\" rel=\"noopener\" data-start=\"10315\" data-end=\"10348\">postoj\u00f3w dla kamper\u00f3w<\/a><\/strong>. <\/p><p data-start=\"10353\" data-end=\"10516\"><strong data-start=\"10353\" data-end=\"10404\">\ud83d\udea4 Czy mo\u017cna wej\u015b\u0107 do jaskini Benagil samodzielnie?<\/strong><br data-start=\"10404\" data-end=\"10407\">Nie &#8211; tylko za po\u015brednictwem <strong data-start=\"10421\" data-end=\"10487\"><a class=\"decorated-link cursor-pointer\" target=\"_new\" rel=\"noopener\" data-start=\"10423\" data-end=\"10485\">autoryzowane wycieczki<\/a><\/strong> dla bezpiecze\u0144stwa i ochrony.<\/p><p data-start=\"10518\" data-end=\"10649\"><strong data-start=\"10518\" data-end=\"10567\">\ud83d\udc68\u200d\ud83d\udc69\u200d\ud83d\udc67 Kt\u00f3re pla\u017ce s\u0105 najlepsze dla rodzin?<\/strong><br data-start=\"10567\" data-end=\"10570\"> Cacela<strong data-start=\"10570\" data-end=\"10586\">Velha<\/strong>, <strong data-start=\"10588\" data-end=\"10605\">Praia de Faro<\/strong> i <strong data-start=\"10611\" data-end=\"10623\">Amoreira<\/strong> (laguna rzeczna) s\u0105 idealne.<\/p><p data-start=\"10651\" data-end=\"10845\"><strong data-start=\"10651\" data-end=\"10696\">\ud83c\udfc4 Gdzie mog\u0119 znale\u017a\u0107 spokojniejsz\u0105 wod\u0119 do SUP?<\/strong><br data-start=\"10696\" data-end=\"10699\">Poranne sesje w <strong data-start=\"10719\" data-end=\"10748\"><a class=\"decorated-link cursor-pointer\" rel=\"noopener\" data-start=\"10721\" data-end=\"10746\">Albandeira<\/a><\/strong> lub <strong data-start=\"10752\" data-end=\"10777\"><a class=\"decorated-link cursor-pointer\" rel=\"noopener\" data-start=\"10754\" data-end=\"10775\">Carvalho<\/a><\/strong>; w g\u0142\u0119bi l\u0105du <strong data-start=\"10786\" data-end=\"10811\"><a class=\"decorated-link cursor-pointer\" rel=\"noopener\" data-start=\"10788\" data-end=\"10809\">Jezioro Funcho<\/a><\/strong> lub <strong data-start=\"10815\" data-end=\"10830\">Santa Clara<\/strong> w wietrzne dni.<\/p>\t\t\t\t\t\t\t\t<\/div>\n\t\t\t\t<\/div>\n\t\t\t\t\t<\/div>\n\t\t<\/div>\n\t\t\t\t\t<\/div>\n\t\t<\/section>\n\t\t\t\t<section class=\"elementor-section elementor-top-section elementor-element elementor-element-dc2755d elementor-section-stretched elementor-section-boxed elementor-section-height-default elementor-section-height-default\" data-id=\"dc2755d\" data-element_type=\"section\" data-e-type=\"section\" data-settings=\"{&quot;stretch_section&quot;:&quot;section-stretched&quot;,&quot;background_background&quot;:&quot;classic&quot;}\">\n\t\t\t\t\t\t<div class=\"elementor-container elementor-column-gap-default\">\n\t\t\t\t\t<div class=\"elementor-column elementor-col-100 elementor-top-column elementor-element elementor-element-fad7f0e\" data-id=\"fad7f0e\" data-element_type=\"column\" data-e-type=\"column\">\n\t\t\t<div class=\"elementor-widget-wrap elementor-element-populated\">\n\t\t\t\t\t\t<div class=\"elementor-element elementor-element-b57bf72 elementor-widget elementor-widget-heading\" data-id=\"b57bf72\" data-element_type=\"widget\" data-e-type=\"widget\" data-widget_type=\"heading.default\">\n\t\t\t\t<div class=\"elementor-widget-container\">\n\t\t\t\t\t<h2 class=\"elementor-heading-title elementor-size-default\">Gotowy na odkrywanie tych wspania\u0142ych pla\u017c? \ud83d\ude90<\/h2>\t\t\t\t<\/div>\n\t\t\t\t<\/div>\n\t\t\t\t<div class=\"elementor-element elementor-element-cc65f30 elementor-widget elementor-widget-text-editor\" data-id=\"cc65f30\" data-element_type=\"widget\" data-e-type=\"widget\" data-widget_type=\"text-editor.default\">\n\t\t\t\t<div class=\"elementor-widget-container\">\n\t\t\t\t\t\t\t\t\t<p>Zaplanuj swoj\u0105 nast\u0119pn\u0105 podr\u00f3\u017c z <a class=\"decorated-link\" href=\"https:\/\/oceancamper.com\/pl\/\" target=\"_new\" rel=\"noopener\" data-start=\"3068\" data-end=\"3119\"><strong data-start=\"3069\" data-end=\"3093\">Ocean Camper Algarve<\/strong><\/a> &#8211; Wynajmij kampera, desk\u0119 surfingow\u0105 lub SUP i obud\u017a si\u0119 obok oceanu.<\/p>\t\t\t\t\t\t\t\t<\/div>\n\t\t\t\t<\/div>\n\t\t\t\t\t<\/div>\n\t\t<\/div>\n\t\t\t\t\t<\/div>\n\t\t<\/section>\n\t\t\t\t<section class=\"elementor-section elementor-top-section elementor-element elementor-element-2dc14681 elementor-section-stretched elementor-section-boxed elementor-section-height-default elementor-section-height-default\" data-id=\"2dc14681\" data-element_type=\"section\" data-e-type=\"section\" data-settings=\"{&quot;stretch_section&quot;:&quot;section-stretched&quot;,&quot;background_background&quot;:&quot;classic&quot;}\">\n\t\t\t\t\t\t<div class=\"elementor-container elementor-column-gap-default\">\n\t\t\t\t\t<div class=\"elementor-column elementor-col-100 elementor-top-column elementor-element elementor-element-5e562f56\" data-id=\"5e562f56\" data-element_type=\"column\" data-e-type=\"column\">\n\t\t\t<div class=\"elementor-widget-wrap elementor-element-populated\">\n\t\t\t\t\t\t<section class=\"elementor-section elementor-inner-section elementor-element elementor-element-4fa8feee elementor-section-boxed elementor-section-height-default elementor-section-height-default\" data-id=\"4fa8feee\" data-element_type=\"section\" data-e-type=\"section\">\n\t\t\t\t\t\t<div class=\"elementor-container elementor-column-gap-default\">\n\t\t\t\t\t<div class=\"elementor-column elementor-col-100 elementor-inner-column elementor-element elementor-element-5c88a104\" data-id=\"5c88a104\" data-element_type=\"column\" data-e-type=\"column\">\n\t\t\t<div class=\"elementor-widget-wrap elementor-element-populated\">\n\t\t\t\t\t\t<div class=\"elementor-element elementor-element-29deb84 elementor-widget elementor-widget-heading\" data-id=\"29deb84\" data-element_type=\"widget\" data-e-type=\"widget\" data-widget_type=\"heading.default\">\n\t\t\t\t<div class=\"elementor-widget-container\">\n\t\t\t\t\t<h3 class=\"elementor-heading-title elementor-size-default\">Sprawd\u017a nasze inne posty:<\/h3>\t\t\t\t<\/div>\n\t\t\t\t<\/div>\n\t\t\t\t<div class=\"elementor-element elementor-element-565d2553 elementor-grid-tablet-3 elementor-grid-3 elementor-grid-mobile-1 elementor-posts--thumbnail-top elementor-posts__hover-gradient elementor-widget elementor-widget-posts\" data-id=\"565d2553\" data-element_type=\"widget\" data-e-type=\"widget\" data-settings=\"{&quot;cards_row_gap&quot;:{&quot;unit&quot;:&quot;px&quot;,&quot;size&quot;:20,&quot;sizes&quot;:[]},&quot;cards_row_gap_mobile&quot;:{&quot;unit&quot;:&quot;px&quot;,&quot;size&quot;:10,&quot;sizes&quot;:[]},&quot;cards_columns_tablet&quot;:&quot;3&quot;,&quot;cards_row_gap_tablet&quot;:{&quot;unit&quot;:&quot;px&quot;,&quot;size&quot;:5,&quot;sizes&quot;:[]},&quot;cards_columns&quot;:&quot;3&quot;,&quot;cards_columns_mobile&quot;:&quot;1&quot;}\" data-widget_type=\"posts.cards\">\n\t\t\t\t<div class=\"elementor-widget-container\">\n\t\t\t\t\t\t\t<div class=\"elementor-posts-container elementor-posts elementor-posts--skin-cards elementor-grid\" role=\"list\">\n\t\t\t\t<article class=\"elementor-post elementor-grid-item post-172240 post type-post status-publish format-standard has-post-thumbnail hentry category-najwazniejsze-wydarzenia category-wskazowki-dotyczace-biwakowania tag-hotel-pl tag-kamper-lub-hotel tag-roadtrip-algarve-pl tag-wypozyczony-samochod\" role=\"listitem\">\n\t\t\t<div class=\"elementor-post__card\">\n\t\t\t\t<a class=\"elementor-post__thumbnail__link\" href=\"https:\/\/oceancamper.com\/pl\/campervan-lub-pobyt-w-hotelu\/\" tabindex=\"-1\" ><div class=\"elementor-post__thumbnail\"><img loading=\"lazy\" decoding=\"async\" width=\"1500\" height=\"666\" src=\"https:\/\/oceancamper.com\/wp-content\/uploads\/2025\/03\/Campervan-vs-Hotel-Stay-The-Ultimate-Travel-Comparison-1.jpg\" class=\"attachment-full size-full wp-image-219458\" alt=\"Czerwony kamper zaparkowany w pobli\u017cu zabytkowego zamku - ilustracja swobody podr\u00f3\u017cowania kamperem w por\u00f3wnaniu do tradycyjnych pobyt\u00f3w w hotelach.\" srcset=\"https:\/\/oceancamper.com\/wp-content\/uploads\/2025\/03\/Campervan-vs-Hotel-Stay-The-Ultimate-Travel-Comparison-1.jpg 1500w, https:\/\/oceancamper.com\/wp-content\/uploads\/2025\/03\/Campervan-vs-Hotel-Stay-The-Ultimate-Travel-Comparison-1-300x133.jpg 300w, https:\/\/oceancamper.com\/wp-content\/uploads\/2025\/03\/Campervan-vs-Hotel-Stay-The-Ultimate-Travel-Comparison-1-1024x455.jpg 1024w, https:\/\/oceancamper.com\/wp-content\/uploads\/2025\/03\/Campervan-vs-Hotel-Stay-The-Ultimate-Travel-Comparison-1-768x341.jpg 768w, https:\/\/oceancamper.com\/wp-content\/uploads\/2025\/03\/Campervan-vs-Hotel-Stay-The-Ultimate-Travel-Comparison-1-240x107.jpg 240w\" sizes=\"(max-width: 1500px) 100vw, 1500px\" \/><\/div><\/a>\n\t\t\t\t<div class=\"elementor-post__text\">\n\t\t\t\t<h2 class=\"elementor-post__title\">\n\t\t\t<a href=\"https:\/\/oceancamper.com\/pl\/campervan-lub-pobyt-w-hotelu\/\" >\n\t\t\t\tCampervan lub pobyt w hotelu\t\t\t<\/a>\n\t\t<\/h2>\n\t\t\t\t<div class=\"elementor-post__excerpt\">\n\t\t\t<p>Campervan czy pobyt w hotelu? Najlepsze por\u00f3wnanie podr\u00f3\u017cy Campervan czy pobyt w hotelu?<\/p>\n\t\t<\/div>\n\t\t\n\t\t<a class=\"elementor-post__read-more\" href=\"https:\/\/oceancamper.com\/pl\/campervan-lub-pobyt-w-hotelu\/\" aria-label=\"Read more about Campervan lub pobyt w hotelu\" tabindex=\"-1\" >\n\t\t\tCzytaj wi\u0119cej \"\t\t<\/a>\n\n\t\t\t\t<\/div>\n\t\t\t\t\t<\/div>\n\t\t<\/article>\n\t\t\t\t<article class=\"elementor-post elementor-grid-item post-162198 post type-post status-publish format-standard has-post-thumbnail hentry category-bez-kategorii\" role=\"listitem\">\n\t\t\t<div class=\"elementor-post__card\">\n\t\t\t\t<a class=\"elementor-post__thumbnail__link\" href=\"https:\/\/oceancamper.com\/pl\/portugalskie-jedzenie\/\" tabindex=\"-1\" ><div class=\"elementor-post__thumbnail\"><img loading=\"lazy\" decoding=\"async\" width=\"2048\" height=\"2048\" src=\"https:\/\/oceancamper.com\/wp-content\/uploads\/2025\/03\/IMG-20250318-WA0022.jpg\" class=\"attachment-full size-full wp-image-164011\" alt=\"Portugalskie jedzenie - o\u015bmiornica (polvo) z ziemniakami, tradycyjne danie z owoc\u00f3w morza.\" srcset=\"https:\/\/oceancamper.com\/wp-content\/uploads\/2025\/03\/IMG-20250318-WA0022.jpg 2048w, https:\/\/oceancamper.com\/wp-content\/uploads\/2025\/03\/IMG-20250318-WA0022-300x300.jpg 300w, https:\/\/oceancamper.com\/wp-content\/uploads\/2025\/03\/IMG-20250318-WA0022-1024x1024.jpg 1024w, https:\/\/oceancamper.com\/wp-content\/uploads\/2025\/03\/IMG-20250318-WA0022-150x150.jpg 150w, https:\/\/oceancamper.com\/wp-content\/uploads\/2025\/03\/IMG-20250318-WA0022-768x768.jpg 768w, https:\/\/oceancamper.com\/wp-content\/uploads\/2025\/03\/IMG-20250318-WA0022-1536x1536.jpg 1536w, https:\/\/oceancamper.com\/wp-content\/uploads\/2025\/03\/IMG-20250318-WA0022-32x32.jpg 32w, https:\/\/oceancamper.com\/wp-content\/uploads\/2025\/03\/IMG-20250318-WA0022-48x48.jpg 48w, https:\/\/oceancamper.com\/wp-content\/uploads\/2025\/03\/IMG-20250318-WA0022-80x80.jpg 80w, https:\/\/oceancamper.com\/wp-content\/uploads\/2025\/03\/IMG-20250318-WA0022-180x180.jpg 180w\" sizes=\"(max-width: 2048px) 100vw, 2048px\" \/><\/div><\/a>\n\t\t\t\t<div class=\"elementor-post__text\">\n\t\t\t\t<h2 class=\"elementor-post__title\">\n\t\t\t<a href=\"https:\/\/oceancamper.com\/pl\/portugalskie-jedzenie\/\" >\n\t\t\t\tPortugalskie jedzenie &#8211; koniecznie spr\u00f3buj ryb, skorupiak\u00f3w, mi\u0119s i lokalnych przysmak\u00f3w\t\t\t<\/a>\n\t\t<\/h2>\n\t\t\t\t<div class=\"elementor-post__excerpt\">\n\t\t\t<p>Koniecznie trzeba spr\u00f3bowa\u0107 jedzenia w Portugalii. Zalecenia dotycz\u0105ce typowych potraw: ryby, mi\u0119so, oliwa z oliwek i wino s\u0105 najsmaczniejsze. <\/p>\n\t\t<\/div>\n\t\t\n\t\t<a class=\"elementor-post__read-more\" href=\"https:\/\/oceancamper.com\/pl\/portugalskie-jedzenie\/\" aria-label=\"Read more about Portugalskie jedzenie &#8211; koniecznie spr\u00f3buj ryb, skorupiak\u00f3w, mi\u0119s i lokalnych przysmak\u00f3w\" tabindex=\"-1\" >\n\t\t\tCzytaj wi\u0119cej \"\t\t<\/a>\n\n\t\t\t\t<\/div>\n\t\t\t\t\t<\/div>\n\t\t<\/article>\n\t\t\t\t<article class=\"elementor-post elementor-grid-item post-161973 post type-post status-publish format-standard has-post-thumbnail hentry category-wskazowki-dotyczace-biwakowania tag-campingtips-campingapps-camping-pl\" role=\"listitem\">\n\t\t\t<div class=\"elementor-post__card\">\n\t\t\t\t<a class=\"elementor-post__thumbnail__link\" href=\"https:\/\/oceancamper.com\/pl\/10-najlepszych-aplikacji-i-witryn-kempingowych\/\" tabindex=\"-1\" ><div class=\"elementor-post__thumbnail\"><img loading=\"lazy\" decoding=\"async\" width=\"2560\" height=\"1707\" src=\"https:\/\/oceancamper.com\/wp-content\/uploads\/2023\/05\/campervan-view-portugal-nature-ocean-camper-scaled.jpg\" class=\"attachment-full size-full wp-image-210358\" alt=\"najlepsze aplikacje kempingowe Portugalia. Relaks wewn\u0105trz kampera z otwartymi drzwiami z widokiem na wiejskie wzg\u00f3rza w Portugalii podczas wycieczki kempingowej.\" srcset=\"https:\/\/oceancamper.com\/wp-content\/uploads\/2023\/05\/campervan-view-portugal-nature-ocean-camper-scaled.jpg 2560w, https:\/\/oceancamper.com\/wp-content\/uploads\/2023\/05\/campervan-view-portugal-nature-ocean-camper-300x200.jpg 300w, https:\/\/oceancamper.com\/wp-content\/uploads\/2023\/05\/campervan-view-portugal-nature-ocean-camper-1024x683.jpg 1024w, https:\/\/oceancamper.com\/wp-content\/uploads\/2023\/05\/campervan-view-portugal-nature-ocean-camper-768x512.jpg 768w, https:\/\/oceancamper.com\/wp-content\/uploads\/2023\/05\/campervan-view-portugal-nature-ocean-camper-1536x1024.jpg 1536w, https:\/\/oceancamper.com\/wp-content\/uploads\/2023\/05\/campervan-view-portugal-nature-ocean-camper-2048x1365.jpg 2048w, https:\/\/oceancamper.com\/wp-content\/uploads\/2023\/05\/campervan-view-portugal-nature-ocean-camper-240x160.jpg 240w\" sizes=\"(max-width: 2560px) 100vw, 2560px\" \/><\/div><\/a>\n\t\t\t\t<div class=\"elementor-post__text\">\n\t\t\t\t<h2 class=\"elementor-post__title\">\n\t\t\t<a href=\"https:\/\/oceancamper.com\/pl\/10-najlepszych-aplikacji-i-witryn-kempingowych\/\" >\n\t\t\t\tNajlepsze aplikacje kempingowe w Portugalii i Europie (przewodnik 2026)\t\t\t<\/a>\n\t\t<\/h2>\n\t\t\t\t<div class=\"elementor-post__excerpt\">\n\t\t\t<p>Najlepsze narz\u0119dzia mobilne potrzebne na kempingu w Portugalii. W biwakowaniu chodzi o elastyczno\u015b\u0107. Ale b\u0105d\u017a przygotowany na bycie elastycznym.  <\/p>\n\t\t<\/div>\n\t\t\n\t\t<a class=\"elementor-post__read-more\" href=\"https:\/\/oceancamper.com\/pl\/10-najlepszych-aplikacji-i-witryn-kempingowych\/\" aria-label=\"Read more about Najlepsze aplikacje kempingowe w Portugalii i Europie (przewodnik 2026)\" tabindex=\"-1\" >\n\t\t\tCzytaj wi\u0119cej \"\t\t<\/a>\n\n\t\t\t\t<\/div>\n\t\t\t\t\t<\/div>\n\t\t<\/article>\n\t\t\t\t<\/div>\n\t\t\n\t\t\t\t\t\t<\/div>\n\t\t\t\t<\/div>\n\t\t\t\t<div class=\"elementor-element elementor-element-ab89c57 elementor-align-left elementor-tablet-align-left elementor-mobile-align-left elementor-widget elementor-widget-button\" data-id=\"ab89c57\" data-element_type=\"widget\" data-e-type=\"widget\" data-widget_type=\"button.default\">\n\t\t\t\t<div class=\"elementor-widget-container\">\n\t\t\t\t\t\t\t\t\t<div class=\"elementor-button-wrapper\">\n\t\t\t\t\t<a class=\"elementor-button elementor-button-link elementor-size-sm elementor-animation-pop\" href=\"https:\/\/oceancamper.com\/pl\/blog\/\">\n\t\t\t\t\t\t<span class=\"elementor-button-content-wrapper\">\n\t\t\t\t\t\t\t\t\t<span class=\"elementor-button-text\">Powr\u00f3t do bloga<\/span>\n\t\t\t\t\t<\/span>\n\t\t\t\t\t<\/a>\n\t\t\t\t<\/div>\n\t\t\t\t\t\t\t\t<\/div>\n\t\t\t\t<\/div>\n\t\t\t\t\t<\/div>\n\t\t<\/div>\n\t\t\t\t\t<\/div>\n\t\t<\/section>\n\t\t\t\t\t<\/div>\n\t\t<\/div>\n\t\t\t\t\t<\/div>\n\t\t<\/section>\n\t\t\t\t<\/div>\n\t\t","protected":false},"excerpt":{"rendered":"<p>Wybieraj\u0105c pla\u017c\u0119 do sp\u0119dzania czasu, nale\u017cy wzi\u0105\u0107 pod uwag\u0119 nast\u0119puj\u0105ce aspekty: Przyp\u0142yw oceanu.<\/p>\n","protected":false},"author":1,"featured_media":208808,"comment_status":"closed","ping_status":"open","sticky":false,"template":"elementor_header_footer","format":"standard","meta":{"om_disable_all_campaigns":false,"footnotes":""},"categories":[161],"tags":[],"class_list":["post-162121","post","type-post","status-publish","format-standard","has-post-thumbnail","hentry","category-bez-kategorii"],"aioseo_notices":[],"_links":{"self":[{"href":"https:\/\/oceancamper.com\/pl\/wp-json\/wp\/v2\/posts\/162121","targetHints":{"allow":["GET"]}}],"collection":[{"href":"https:\/\/oceancamper.com\/pl\/wp-json\/wp\/v2\/posts"}],"about":[{"href":"https:\/\/oceancamper.com\/pl\/wp-json\/wp\/v2\/types\/post"}],"author":[{"embeddable":true,"href":"https:\/\/oceancamper.com\/pl\/wp-json\/wp\/v2\/users\/1"}],"replies":[{"embeddable":true,"href":"https:\/\/oceancamper.com\/pl\/wp-json\/wp\/v2\/comments?post=162121"}],"version-history":[{"count":6,"href":"https:\/\/oceancamper.com\/pl\/wp-json\/wp\/v2\/posts\/162121\/revisions"}],"predecessor-version":[{"id":211763,"href":"https:\/\/oceancamper.com\/pl\/wp-json\/wp\/v2\/posts\/162121\/revisions\/211763"}],"wp:featuredmedia":[{"embeddable":true,"href":"https:\/\/oceancamper.com\/pl\/wp-json\/wp\/v2\/media\/208808"}],"wp:attachment":[{"href":"https:\/\/oceancamper.com\/pl\/wp-json\/wp\/v2\/media?parent=162121"}],"wp:term":[{"taxonomy":"category","embeddable":true,"href":"https:\/\/oceancamper.com\/pl\/wp-json\/wp\/v2\/categories?post=162121"},{"taxonomy":"post_tag","embeddable":true,"href":"https:\/\/oceancamper.com\/pl\/wp-json\/wp\/v2\/tags?post=162121"}],"curies":[{"name":"wp","href":"https:\/\/api.w.org\/{rel}","templated":true}]}}