{"id":162222,"date":"2020-12-21T20:04:28","date_gmt":"2020-12-21T20:04:28","guid":{"rendered":"https:\/\/oceancamper.com\/szorfozes-portugaliaban\/"},"modified":"2025-11-18T15:22:09","modified_gmt":"2025-11-18T15:22:09","slug":"szorfozes-portugaliaban","status":"publish","type":"post","link":"https:\/\/oceancamper.com\/hu\/szorfozes-portugaliaban\/","title":{"rendered":"Sz\u00f6rf\u00f6z\u00e9s Portug\u00e1li\u00e1ban: A legjobb strandok, sz\u00f6rf\u00f6s helyek \u00e9s lak\u00f3aut\u00f3s \u00fatikalauz"},"content":{"rendered":"\t\t<div data-elementor-type=\"wp-post\" data-elementor-id=\"162222\" class=\"elementor elementor-162222 elementor-384\" data-elementor-post-type=\"post\">\n\t\t\t\t\t\t<section class=\"elementor-section elementor-top-section elementor-element elementor-element-928f519 elementor-section-height-min-height elementor-section-stretched elementor-section-content-middle elementor-section-boxed elementor-section-height-default elementor-section-items-middle\" data-id=\"928f519\" data-element_type=\"section\" data-e-type=\"section\" data-settings=\"{&quot;stretch_section&quot;:&quot;section-stretched&quot;,&quot;background_background&quot;:&quot;classic&quot;}\">\n\t\t\t\t\t\t\t<div class=\"elementor-background-overlay\"><\/div>\n\t\t\t\t\t\t\t<div class=\"elementor-container elementor-column-gap-default\">\n\t\t\t\t\t<div class=\"elementor-column elementor-col-100 elementor-top-column elementor-element elementor-element-309ffea\" data-id=\"309ffea\" data-element_type=\"column\" data-e-type=\"column\">\n\t\t\t<div class=\"elementor-widget-wrap elementor-element-populated\">\n\t\t\t\t\t\t<div class=\"elementor-element elementor-element-8f79145 elementor-widget elementor-widget-theme-post-title elementor-page-title elementor-widget-heading\" data-id=\"8f79145\" data-element_type=\"widget\" data-e-type=\"widget\" data-widget_type=\"theme-post-title.default\">\n\t\t\t\t<div class=\"elementor-widget-container\">\n\t\t\t\t\t<h1 class=\"elementor-heading-title elementor-size-default\">Sz\u00f6rf\u00f6z\u00e9s Portug\u00e1li\u00e1ban: A legjobb strandok, sz\u00f6rf\u00f6s helyek \u00e9s lak\u00f3aut\u00f3s \u00fatikalauz<\/h1>\t\t\t\t<\/div>\n\t\t\t\t<\/div>\n\t\t\t\t<section class=\"elementor-section elementor-inner-section elementor-element elementor-element-8b0eec6 elementor-section-boxed elementor-section-height-default elementor-section-height-default\" data-id=\"8b0eec6\" data-element_type=\"section\" data-e-type=\"section\">\n\t\t\t\t\t\t<div class=\"elementor-container elementor-column-gap-default\">\n\t\t\t\t\t<div class=\"elementor-column elementor-col-33 elementor-inner-column elementor-element elementor-element-05e39e0\" data-id=\"05e39e0\" data-element_type=\"column\" data-e-type=\"column\">\n\t\t\t<div class=\"elementor-widget-wrap\">\n\t\t\t\t\t\t\t<\/div>\n\t\t<\/div>\n\t\t\t\t<div class=\"elementor-column elementor-col-33 elementor-inner-column elementor-element elementor-element-f08ffcf\" data-id=\"f08ffcf\" data-element_type=\"column\" data-e-type=\"column\">\n\t\t\t<div class=\"elementor-widget-wrap elementor-element-populated\">\n\t\t\t\t\t\t<div class=\"elementor-element elementor-element-5c77975 elementor-author-box--align-center elementor-author-box--layout-image-above elementor-widget elementor-widget-author-box\" data-id=\"5c77975\" data-element_type=\"widget\" data-e-type=\"widget\" data-widget_type=\"author-box.default\">\n\t\t\t\t<div class=\"elementor-widget-container\">\n\t\t\t\t\t\t\t<div class=\"elementor-author-box\">\n\t\t\t\t\t\t\t<div  class=\"elementor-author-box__avatar\">\n\t\t\t\t\t<img decoding=\"async\" src=\"https:\/\/oceancamper.com\/wp-content\/uploads\/2022\/02\/Nina-min-1-300x300.jpg\" alt=\"Picture of Nina\" loading=\"lazy\">\n\t\t\t\t<\/div>\n\t\t\t\n\t\t\t<div class=\"elementor-author-box__text\">\n\t\t\t\t\t\t\t\t\t<div >\n\t\t\t\t\t\t<h4 class=\"elementor-author-box__name\">\n\t\t\t\t\t\t\tNina\t\t\t\t\t\t<\/h4>\n\t\t\t\t\t<\/div>\n\t\t\t\t\n\t\t\t\t\t\t\t\t\t<div class=\"elementor-author-box__bio\">\n\t\t\t\t\t\t<p>Ocean Camper vez\u00e9rigazgat\u00f3<\/p>\n\t\t\t\t\t<\/div>\n\t\t\t\t\n\t\t\t\t\t\t\t<\/div>\n\t\t<\/div>\n\t\t\t\t\t\t<\/div>\n\t\t\t\t<\/div>\n\t\t\t\t\t<\/div>\n\t\t<\/div>\n\t\t\t\t<div class=\"elementor-column elementor-col-33 elementor-inner-column elementor-element elementor-element-e607f89\" data-id=\"e607f89\" data-element_type=\"column\" data-e-type=\"column\">\n\t\t\t<div class=\"elementor-widget-wrap\">\n\t\t\t\t\t\t\t<\/div>\n\t\t<\/div>\n\t\t\t\t\t<\/div>\n\t\t<\/section>\n\t\t\t\t\t<\/div>\n\t\t<\/div>\n\t\t\t\t\t<\/div>\n\t\t<\/section>\n\t\t\t\t<section class=\"elementor-section elementor-top-section elementor-element elementor-element-e1ec7b3 elementor-section-stretched elementor-section-boxed elementor-section-height-default elementor-section-height-default\" data-id=\"e1ec7b3\" data-element_type=\"section\" data-e-type=\"section\" data-settings=\"{&quot;stretch_section&quot;:&quot;section-stretched&quot;,&quot;background_background&quot;:&quot;classic&quot;}\">\n\t\t\t\t\t\t<div class=\"elementor-container elementor-column-gap-default\">\n\t\t\t\t\t<div class=\"elementor-column elementor-col-100 elementor-top-column elementor-element elementor-element-2a07edb elementor-invisible\" data-id=\"2a07edb\" data-element_type=\"column\" data-e-type=\"column\" data-settings=\"{&quot;background_background&quot;:&quot;classic&quot;,&quot;animation&quot;:&quot;fadeIn&quot;}\">\n\t\t\t<div class=\"elementor-widget-wrap elementor-element-populated\">\n\t\t\t\t\t<div class=\"elementor-background-overlay\"><\/div>\n\t\t\t\t\t\t<div class=\"elementor-element elementor-element-f523e87 elementor-widget elementor-widget-heading\" data-id=\"f523e87\" data-element_type=\"widget\" data-e-type=\"widget\" data-widget_type=\"heading.default\">\n\t\t\t\t<div class=\"elementor-widget-container\">\n\t\t\t\t\t<h2 class=\"elementor-heading-title elementor-size-default\">Index<\/h2>\t\t\t\t<\/div>\n\t\t\t\t<\/div>\n\t\t\t\t<div class=\"elementor-element elementor-element-28a819e elementor-widget elementor-widget-text-editor\" data-id=\"28a819e\" data-element_type=\"widget\" data-e-type=\"widget\" data-widget_type=\"text-editor.default\">\n\t\t\t\t<div class=\"elementor-widget-container\">\n\t\t\t\t\t\t\t\t\t<ol><li><h6><a href=\"#surfing\">Sz\u00f6rf\u00f6z\u00e9s Portug\u00e1li\u00e1ban: A legjobb strandok Algarve-ban \u00e9s Alentejo-ban egy lak\u00f3aut\u00f3s kir\u00e1ndul\u00e1shoz<\/a><\/h6><\/li><li><h6><a href=\"#camper\">Sz\u00f6rf\u00f6s kir\u00e1ndul\u00e1s a lak\u00f3aut\u00f3inkkal<\/a><\/h6><\/li><li><h6><a href=\"#guide\">Sz\u00f6rf \u00e9vszakok \u00e9s b\u00fav\u00e1rruha \u00fatmutat\u00f3<\/a><\/h6><\/li><li><h6><a href=\"#wind\">Sz\u00e9l \u00e9s \u00e1rap\u00e1ly alapjai<\/a><\/h6><\/li><li><h6><a href=\"#bestbeaches\">A legjobb sz\u00f6rf\u00f6s strandok Algarve-ban<\/a><\/h6><ol><li><a href=\"#zavial\">Zavial strand<\/a><\/li><li><a href=\"#mareta\">Mareta strand (Sagres)<\/a><\/li><li><a href=\"#tonel\">Tonel strand (Sagres)<\/a><\/li><li><a href=\"#beliche\">Beliche strand (Sagres)<\/a><\/li><li><a href=\"#ponta\">Ponta Ruiva<\/a><\/li><li><a href=\"#amado\">Amado Beach<\/a><\/li><li><a href=\"#arrifana\">Arrifana strand<\/a><\/li><li><a href=\"#faro\">Praia de Faro<\/a><\/li><\/ol><\/li><li><h6><a href=\"#alentejo\">A legjobb sz\u00f6rf\u00f6s strandok Alentejo-ban<\/a><\/h6><ol><li><a href=\"#Odeceixe\">Odeceixe<\/a><\/li><li><a href=\"#zambujeira\">Zambujeira do Mar<\/a><\/li><li><a href=\"#malh%C3%A3o\">Malh\u00e3o strand<\/a><\/li><li><a href=\"#tropes\">S\u00e3o Torpes strand (Sines)<\/a><\/li><\/ol><\/li><li><a href=\"#spots\">Algarve &amp; Alentejo sz\u00f6rf\u00f6s helyek &#8211; gyors \u00f6sszefoglal\u00f3<\/a><\/li><li><a href=\"#forecast\">El\u0151rejelz\u0151 eszk\u00f6z\u00f6k az \u00d6n utaz\u00e1s\u00e1hozPonta Ruiva<\/a><\/li><li><a href=\"#campervan\">Lak\u00f3kocsi etikett \u00e9s biztons\u00e1g<\/a><\/li><li><a href=\"#faq\">Gyakran ism\u00e9telt k\u00e9rd\u00e9sek (GYIK)<\/a><\/li><li><a href=\"#surftrip\">Tervezd meg a sz\u00f6rf\u00f6s kir\u00e1ndul\u00e1st<\/a><\/li><\/ol>\t\t\t\t\t\t\t\t<\/div>\n\t\t\t\t<\/div>\n\t\t\t\t\t<\/div>\n\t\t<\/div>\n\t\t\t\t\t<\/div>\n\t\t<\/section>\n\t\t\t\t<section class=\"elementor-section elementor-top-section elementor-element elementor-element-3ae6dc3 elementor-section-stretched elementor-section-boxed elementor-section-height-default elementor-section-height-default\" data-id=\"3ae6dc3\" data-element_type=\"section\" data-e-type=\"section\" data-settings=\"{&quot;stretch_section&quot;:&quot;section-stretched&quot;,&quot;background_background&quot;:&quot;classic&quot;}\">\n\t\t\t\t\t\t<div class=\"elementor-container elementor-column-gap-default\">\n\t\t\t\t\t<div class=\"elementor-column elementor-col-100 elementor-top-column elementor-element elementor-element-e00067a\" data-id=\"e00067a\" data-element_type=\"column\" data-e-type=\"column\">\n\t\t\t<div class=\"elementor-widget-wrap elementor-element-populated\">\n\t\t\t\t\t\t<div class=\"elementor-element elementor-element-a08d62e elementor-widget elementor-widget-heading\" data-id=\"a08d62e\" data-element_type=\"widget\" data-e-type=\"widget\" id=\"surfing\" data-widget_type=\"heading.default\">\n\t\t\t\t<div class=\"elementor-widget-container\">\n\t\t\t\t\t<h2 class=\"elementor-heading-title elementor-size-default\">Sz\u00f6rf\u00f6z\u00e9s Portug\u00e1li\u00e1ban: A legjobb strandok Algarve-ban \u00e9s Alentejo-ban egy lak\u00f3aut\u00f3s kir\u00e1ndul\u00e1shoz<\/h2>\t\t\t\t<\/div>\n\t\t\t\t<\/div>\n\t\t\t\t<div class=\"elementor-element elementor-element-b39402d elementor-widget elementor-widget-text-editor\" data-id=\"b39402d\" data-element_type=\"widget\" data-e-type=\"widget\" data-widget_type=\"text-editor.default\">\n\t\t\t\t<div class=\"elementor-widget-container\">\n\t\t\t\t\t\t\t\t\t<p data-start=\"149\" data-end=\"211\">A portug\u00e1liai sz\u00f6rf\u00f6z\u00e9s minden sz\u00f6rf\u00f6s sz\u00e1m\u00e1ra val\u00f3ra v\u00e1lt \u00e1lom. A t\u00f6bb mint 900 km hossz\u00fa tengerpart, az enyhe id\u0151j\u00e1r\u00e1s \u00e9s a minden szintnek megfelel\u0151 hull\u00e1mok eg\u00e9sz \u00e9vben sz\u00f6rf\u00f6z\u00e9si felt\u00e9teleket biztos\u00edtanak. A d\u00e9li \u00e9s d\u00e9lnyugati Algarve \u00e9s Alentejo r\u00e9gi\u00f3k k\u00fcl\u00f6n\u00f6sen vonz\u00f3ak &#8211; ahol a szikl\u00e1s szikl\u00e1k tal\u00e1lkoznak az aranysz\u00edn\u0171 strandokkal \u00e9s az atlanti hull\u00e1mok a naps\u00fct\u00e9ssel. Ak\u00e1r az els\u0151 hull\u00e1mokat kergeti, ak\u00e1r egy sz\u00f6rf\u00f6s kir\u00e1ndul\u00e1st tervez, ez az \u00fatmutat\u00f3 seg\u00edt megtal\u00e1lni Portug\u00e1lia legjobb sz\u00f6rf\u00f6s strandjait, amelyek mind el\u00e9rhet\u0151ek egy Ocean Camper sz\u00f6rf\u00f6s lak\u00f3aut\u00f3val.   <\/p>\t\t\t\t\t\t\t\t<\/div>\n\t\t\t\t<\/div>\n\t\t\t\t\t<\/div>\n\t\t<\/div>\n\t\t\t\t\t<\/div>\n\t\t<\/section>\n\t\t\t\t<section class=\"elementor-section elementor-top-section elementor-element elementor-element-1f8ebcb elementor-section-stretched elementor-section-boxed elementor-section-height-default elementor-section-height-default\" data-id=\"1f8ebcb\" data-element_type=\"section\" data-e-type=\"section\" id=\"surftrip\" data-settings=\"{&quot;stretch_section&quot;:&quot;section-stretched&quot;,&quot;background_background&quot;:&quot;classic&quot;}\">\n\t\t\t\t\t\t<div class=\"elementor-container elementor-column-gap-default\">\n\t\t\t\t\t<div class=\"elementor-column elementor-col-100 elementor-top-column elementor-element elementor-element-ae1eeb1\" data-id=\"ae1eeb1\" data-element_type=\"column\" data-e-type=\"column\">\n\t\t\t<div class=\"elementor-widget-wrap elementor-element-populated\">\n\t\t\t\t\t\t<div class=\"elementor-element elementor-element-f7c483d elementor-widget elementor-widget-heading\" data-id=\"f7c483d\" data-element_type=\"widget\" data-e-type=\"widget\" id=\"camper\" data-widget_type=\"heading.default\">\n\t\t\t\t<div class=\"elementor-widget-container\">\n\t\t\t\t\t<h2 class=\"elementor-heading-title elementor-size-default\">Sz\u00f6rf\u00f6s kir\u00e1ndul\u00e1s a lak\u00f3aut\u00f3inkkal<\/h2>\t\t\t\t<\/div>\n\t\t\t\t<\/div>\n\t\t\t\t<div class=\"elementor-element elementor-element-bd0d2c1 elementor-widget elementor-widget-text-editor\" data-id=\"bd0d2c1\" data-element_type=\"widget\" data-e-type=\"widget\" data-widget_type=\"text-editor.default\">\n\t\t\t\t<div class=\"elementor-widget-container\">\n\t\t\t\t\t\t\t\t\t<p>Tegye sz\u00f6rf\u00f6s kalandj\u00e1t egyszer\u0171v\u00e9, rugalmass\u00e1 \u00e9s megfizethet\u0151v\u00e9 az Ocean <strong data-start=\"887\" data-end=\"903\">Camperrel.<\/strong> <a href=\"https:\/\/oceancamper.com\/hu\/lakokocsik\/\">Lak\u00f3kocsijaink<\/a> kompaktak, megfizethet\u0151ek \u00e9s teljesen felszereltek a sz\u00f6rf\u00f6s utaz\u00e1sokhoz:<\/p><ul><li data-start=\"1259\" data-end=\"1297\"><img decoding=\"async\" class=\"emoji\" role=\"img\" draggable=\"false\" src=\"https:\/\/s.w.org\/images\/core\/emoji\/16.0.1\/svg\/1f6bf.svg\" alt=\"\ud83d\udebf\">  K\u00fclt\u00e9ri zuhanyz\u00f3 \u00e9s 80 literes v\u00edztart\u00e1ly<\/li><li data-start=\"1300\" data-end=\"1364\"><img decoding=\"async\" class=\"emoji\" role=\"img\" draggable=\"false\" src=\"https:\/\/s.w.org\/images\/core\/emoji\/16.0.1\/svg\/1f3c4-200d-2642-fe0f.svg\" alt=\"\ud83c\udfc4\u200d\u2642\ufe0f\">  Tet\u0151csomagtart\u00f3 r\u00f6gz\u00edt\u0151sz\u00edjakkal b\u00e1rmilyen m\u00e9ret\u0171 sz\u00f6rfdeszk\u00e1hoz<\/li><li data-start=\"1367\" data-end=\"1409\"><img decoding=\"async\" class=\"emoji\" role=\"img\" draggable=\"false\" src=\"https:\/\/s.w.org\/images\/core\/emoji\/16.0.1\/svg\/1f4a6.svg\" alt=\"\ud83d\udca6\">  Fakultat\u00edv sz\u00f6rfdeszka \u00e9s b\u00fav\u00e1rruha k\u00f6lcs\u00f6nz\u00e9s<\/li><li data-start=\"1412\" data-end=\"1457\"><img decoding=\"async\" class=\"emoji\" role=\"img\" draggable=\"false\" src=\"https:\/\/s.w.org\/images\/core\/emoji\/16.0.1\/svg\/1f4a4.svg\" alt=\"\ud83d\udca4\">  K\u00e9nyelmes francia\u00e1gy \u00e9s f\u0151z\u0151felszerel\u00e9s<\/li><li data-start=\"1460\" data-end=\"1512\"><img decoding=\"async\" class=\"emoji\" role=\"img\" draggable=\"false\" src=\"https:\/\/s.w.org\/images\/core\/emoji\/16.0.1\/svg\/26a1.svg\" alt=\"\u26a1\">  Napelemes rendszer (egyes modellekben) a h\u00e1l\u00f3zaton k\u00edv\u00fcli tart\u00f3zkod\u00e1shoz<\/li><\/ul><p data-start=\"1514\" data-end=\"1619\">Kisbuszaink kompaktak, hat\u00e9konyak \u00e9s t\u00f6k\u00e9letesek a hull\u00e1mok kerget\u00e9s\u00e9re Sagres-t\u0151l <strong data-start=\"1582\" data-end=\"1592\">Sines<\/strong> -ig \u00e9s <strong data-start=\"1596\" data-end=\"1605\">azon t\u00fal<\/strong>.<\/p>\t\t\t\t\t\t\t\t<\/div>\n\t\t\t\t<\/div>\n\t\t\t\t\t<\/div>\n\t\t<\/div>\n\t\t\t\t\t<\/div>\n\t\t<\/section>\n\t\t\t\t<section class=\"elementor-section elementor-top-section elementor-element elementor-element-181eb16 elementor-section-stretched elementor-section-boxed elementor-section-height-default elementor-section-height-default\" data-id=\"181eb16\" data-element_type=\"section\" data-e-type=\"section\" id=\"surfing\" data-settings=\"{&quot;stretch_section&quot;:&quot;section-stretched&quot;,&quot;background_background&quot;:&quot;classic&quot;}\">\n\t\t\t\t\t\t<div class=\"elementor-container elementor-column-gap-default\">\n\t\t\t\t\t<div class=\"elementor-column elementor-col-100 elementor-top-column elementor-element elementor-element-0c2efa8\" data-id=\"0c2efa8\" data-element_type=\"column\" data-e-type=\"column\">\n\t\t\t<div class=\"elementor-widget-wrap elementor-element-populated\">\n\t\t\t\t\t\t<div class=\"elementor-element elementor-element-6af0300 elementor-widget elementor-widget-heading\" data-id=\"6af0300\" data-element_type=\"widget\" data-e-type=\"widget\" id=\"guide\" data-widget_type=\"heading.default\">\n\t\t\t\t<div class=\"elementor-widget-container\">\n\t\t\t\t\t<h2 class=\"elementor-heading-title elementor-size-default\">Sz\u00f6rf \u00e9vszakok \u00e9s b\u00fav\u00e1rruha \u00fatmutat\u00f3<\/h2>\t\t\t\t<\/div>\n\t\t\t\t<\/div>\n\t\t\t\t<div class=\"elementor-element elementor-element-d9552fd elementor-widget elementor-widget-text-editor\" data-id=\"d9552fd\" data-element_type=\"widget\" data-e-type=\"widget\" data-widget_type=\"text-editor.default\">\n\t\t\t\t<div class=\"elementor-widget-container\">\n\t\t\t\t\t\t\t\t\t<table><thead><tr><th>Szezon<\/th><th>Nyugati part (Vicentina \u00e9s Alentejo)<\/th><th>D\u00e9li part (Algarve)<\/th><th>Tipikus sz\u00e9l<\/th><th>V\u00edzh\u0151m\u00e9rs\u00e9klet<\/th><th>B\u00fav\u00e1rruha \u00fatmutat\u00f3<\/th><\/tr><\/thead><tbody><tr><td>okt-dec<\/td><td>\u00c1lland\u00f3 atlanti hull\u00e1mok<\/td><td>V\u00e9dett, sz\u00f3rakoztat\u00f3 hull\u00e1mok<\/td><td>\u00c9Ny-nyugati sz\u00e9l<\/td><td>16-19 \u00b0C<\/td><td>4\/3 mm<\/td><\/tr><tr><td>Jan-Mar<\/td><td>Er\u0151s t\u00e9li hull\u00e1mok<\/td><td>Tiszta sz\u00f6rf\u00f6z\u00e9s kis napokon<\/td><td>V\u00e1ltoz\u00f3, legjobb E sz\u00e9l<\/td><td>15-17 \u00b0C<\/td><td>4\/3 + csizma<\/td><\/tr><tr><td>\u00c1prilis-m\u00e1jus<\/td><td>Nyugodt sz\u00f6rf\u00f6z\u00e9s, kevesebb t\u00f6meg<\/td><td>Gyakori vid\u00e1m napok<\/td><td>Reggel E sz\u00e9l<\/td><td>16-18 \u00b0C<\/td><td>3\/2-4\/3<\/td><\/tr><tr><td>j\u00fan-szept.<\/td><td>Kisebb hull\u00e1mok, szeles PM<\/td><td>Nagyszer\u0171 a tanul\u00f3k sz\u00e1m\u00e1ra<\/td><td>\u00c9Ny-i tengeri szell\u0151<\/td><td>18-22 \u00b0C<\/td><td>3\/2 shortie<\/td><\/tr><\/tbody><\/table>\t\t\t\t\t\t\t\t<\/div>\n\t\t\t\t<\/div>\n\t\t\t\t<div class=\"elementor-element elementor-element-1cf6121 elementor-widget elementor-widget-text-editor\" data-id=\"1cf6121\" data-element_type=\"widget\" data-e-type=\"widget\" data-widget_type=\"text-editor.default\">\n\t\t\t\t<div class=\"elementor-widget-container\">\n\t\t\t\t\t\t\t\t\t<p data-start=\"2311\" data-end=\"2431\">\ud83d\udca1 Tipp: Ha a <strong data-start=\"2332\" data-end=\"2346\">nyugati part<\/strong> t\u00fal nagy, a d\u00e9li <strong data-start=\"2363\" data-end=\"2378\">part (Sagres<\/strong>, Zavial, Faro) tiszta, kisebb sz\u00f6rf\u00f6ket k\u00edn\u00e1l.<\/p>\t\t\t\t\t\t\t\t<\/div>\n\t\t\t\t<\/div>\n\t\t\t\t<div class=\"elementor-element elementor-element-a8a2ec3 elementor-widget elementor-widget-heading\" data-id=\"a8a2ec3\" data-element_type=\"widget\" data-e-type=\"widget\" id=\"wind\" data-widget_type=\"heading.default\">\n\t\t\t\t<div class=\"elementor-widget-container\">\n\t\t\t\t\t<h2 class=\"elementor-heading-title elementor-size-default\">\ud83c\udfc4\u200d\u2640\ufe0f Sz\u00e9l \u00e9s \u00e1rap\u00e1ly alapjai<\/h2>\t\t\t\t<\/div>\n\t\t\t\t<\/div>\n\t\t\t\t<div class=\"elementor-element elementor-element-40d0791 elementor-widget elementor-widget-text-editor\" data-id=\"40d0791\" data-element_type=\"widget\" data-e-type=\"widget\" data-widget_type=\"text-editor.default\">\n\t\t\t\t<div class=\"elementor-widget-container\">\n\t\t\t\t\t\t\t\t\t<ul><li><strong data-start=\"2471\" data-end=\"2494\">Keleti sz\u00e9l (Levante) \u2192 Offshore<\/strong> a nyugati parton \u2192 Tiszta hull\u00e1mok<\/li><li><strong data-start=\"2542\" data-end=\"2570\">\u00c9szaknyugati sz\u00e9l (Nortada) \u2192 Offshore<\/strong> a d\u00e9li parton \u2192 Nagyszer\u0171 a tanul\u00e1si napokra<\/li><li><strong data-start=\"2631\" data-end=\"2651\">A dag\u00e1ly k\u00f6zep\u00e9t\u0151l a dag\u00e1lyig<\/strong> a legt\u00f6bb strandon <strong data-start=\"2631\" data-end=\"2651\">\u00e1ltal\u00e1ban<\/strong> jobb form\u00e1t k\u00edn\u00e1l.<\/li><li>Ellen\u0151rizze a helyi el\u0151rejelz\u00e9seket a <a class=\"decorated-link\" href=\"https:\/\/www.surf-forecast.com\" target=\"_new\" rel=\"noopener\" data-start=\"2725\" data-end=\"2771\">Surf-Forecast \u00e9s<\/a> <a class=\"decorated-link\" href=\"https:\/\/www.windy.com\" target=\"_new\" rel=\"noopener\" data-start=\"2776\" data-end=\"2806\">a Windy oldalakon, miel\u0151tt<\/a> elindulna.<\/li><\/ul>\t\t\t\t\t\t\t\t<\/div>\n\t\t\t\t<\/div>\n\t\t\t\t\t<\/div>\n\t\t<\/div>\n\t\t\t\t\t<\/div>\n\t\t<\/section>\n\t\t\t\t<section class=\"elementor-section elementor-top-section elementor-element elementor-element-d56b7c7 elementor-section-stretched elementor-section-boxed elementor-section-height-default elementor-section-height-default\" data-id=\"d56b7c7\" data-element_type=\"section\" data-e-type=\"section\" data-settings=\"{&quot;stretch_section&quot;:&quot;section-stretched&quot;,&quot;background_background&quot;:&quot;classic&quot;}\">\n\t\t\t\t\t\t<div class=\"elementor-container elementor-column-gap-default\">\n\t\t\t\t\t<div class=\"elementor-column elementor-col-100 elementor-top-column elementor-element elementor-element-67a2edf\" data-id=\"67a2edf\" data-element_type=\"column\" data-e-type=\"column\">\n\t\t\t<div class=\"elementor-widget-wrap elementor-element-populated\">\n\t\t\t\t\t\t<div class=\"elementor-element elementor-element-62413ad elementor-widget elementor-widget-heading\" data-id=\"62413ad\" data-element_type=\"widget\" data-e-type=\"widget\" id=\"bestbeaches\" data-widget_type=\"heading.default\">\n\t\t\t\t<div class=\"elementor-widget-container\">\n\t\t\t\t\t<h2 class=\"elementor-heading-title elementor-size-default\">\ud83c\udf34 A legjobb sz\u00f6rf\u00f6s strandok Algarve-ban<\/h2>\t\t\t\t<\/div>\n\t\t\t\t<\/div>\n\t\t\t\t\t<\/div>\n\t\t<\/div>\n\t\t\t\t\t<\/div>\n\t\t<\/section>\n\t\t\t\t<section class=\"elementor-section elementor-top-section elementor-element elementor-element-051798b elementor-section-stretched elementor-section-boxed elementor-section-height-default elementor-section-height-default\" data-id=\"051798b\" data-element_type=\"section\" data-e-type=\"section\" id=\"Zavial\" data-settings=\"{&quot;stretch_section&quot;:&quot;section-stretched&quot;,&quot;background_background&quot;:&quot;classic&quot;}\">\n\t\t\t\t\t\t<div class=\"elementor-container elementor-column-gap-default\">\n\t\t\t\t\t<div class=\"elementor-column elementor-col-100 elementor-top-column elementor-element elementor-element-866a99b\" data-id=\"866a99b\" data-element_type=\"column\" data-e-type=\"column\">\n\t\t\t<div class=\"elementor-widget-wrap elementor-element-populated\">\n\t\t\t\t\t\t<div class=\"elementor-element elementor-element-6e8c85d elementor-widget elementor-widget-heading\" data-id=\"6e8c85d\" data-element_type=\"widget\" data-e-type=\"widget\" id=\"zavial\" data-widget_type=\"heading.default\">\n\t\t\t\t<div class=\"elementor-widget-container\">\n\t\t\t\t\t<h2 class=\"elementor-heading-title elementor-size-default\">1. Zavial strand<\/h2>\t\t\t\t<\/div>\n\t\t\t\t<\/div>\n\t\t\t\t<div class=\"elementor-element elementor-element-ad13dc8 elementor-widget elementor-widget-text-editor\" data-id=\"ad13dc8\" data-element_type=\"widget\" data-e-type=\"widget\" data-widget_type=\"text-editor.default\">\n\t\t\t\t<div class=\"elementor-widget-container\">\n\t\t\t\t\t\t\t\t\t<p data-start=\"60\" data-end=\"360\">Zavial <strong data-start=\"93\" data-end=\"119\">az<\/strong> Algarve egyik legikonikusabb <strong data-start=\"93\" data-end=\"119\">d\u00e9li parti sz\u00f6rf\u00f6s helye<\/strong>, amely tiszta hull\u00e1mokr\u00f3l, aranysz\u00edn\u0171 homokr\u00f3l \u00e9s b\u00e9k\u00e9s term\u00e9szeti k\u00f6rnyezet\u00e9r\u0151l ismert. A Raposeira k\u00f6zel\u00e9ben egy keskeny v\u00f6lgyben rejt\u0151zk\u00f6dik, \u00edgy v\u00e9dett marad, amikor a nyugati <strong data-start=\"274\" data-end=\"308\">part t\u00fal nagy vagy szeles, \u00edgy<\/strong> az egyik legmegb\u00edzhat\u00f3bb t\u00e9li lehet\u0151s\u00e9g. <\/p><p data-start=\"362\" data-end=\"720\">A kis \u00e9s k\u00f6zepes hull\u00e1mokon a Zavial hossz\u00fa, sz\u00f3rakoztat\u00f3 falakat k\u00edn\u00e1l kezd\u0151knek \u00e9s halad\u00f3knak. Szil\u00e1rd nyugati vagy d\u00e9lnyugati hull\u00e1mok eset\u00e9n a hull\u00e1m gyors \u00e9s er\u0151teljes lesz, ide\u00e1lis a halad\u00f3 sz\u00f6rf\u00f6s\u00f6k sz\u00e1m\u00e1ra. A strand sz\u00e9les, csendes \u00e9s k\u00f6nnyen megk\u00f6zel\u00edthet\u0151, tiszta v\u00edzzel \u00e9s dr\u00e1mai szikl\u00e1kkal. A lak\u00f3aut\u00f3s utaz\u00f3k sz\u00e1m\u00e1ra ez egy nagyszer\u0171 meg\u00e1ll\u00f3hely a <strong data-start=\"684\" data-end=\"719\">portug\u00e1liai<\/strong> lak\u00f3aut\u00f3s <strong data-start=\"684\" data-end=\"719\">sz\u00f6rf\u00f6s kir\u00e1ndul\u00e1son.<\/strong>   <\/p><p data-start=\"1287\" data-end=\"1651\">\ud83d\udccd Legjobb: <strong data-start=\"1290\" data-end=\"1303\">kezd\u0151knek kis napokon<\/strong>, k\u00f6z\u00e9phalad\u00f3knak \u00e9s halad\u00f3knak k\u00f6zepes \u00e9s er\u0151s hull\u00e1mokon<br data-start=\"1381\" data-end=\"1384\">\ud83c\udf0a Hull\u00e1mt\u00edpus: <strong data-start=\"1387\" data-end=\"1401\">beach break,<\/strong> id\u0151nk\u00e9nt pontszer\u0171 <strong data-start=\"1387\" data-end=\"1401\">szakaszokkal<\/strong><br data-start=\"1449\" data-end=\"1452\">\ud83d\udca8 Sz\u00e9l: <strong data-start=\"1455\" data-end=\"1464\">az \u00e9szaknyugati szelek<\/strong> offshore; a keleti szelek tiszta falakat alkotnak<br data-start=\"1517\" data-end=\"1520\">\u23f0 Legjobb <strong data-start=\"1522\" data-end=\"1536\" data-is-only-node=\"\">dag\u00e1ly: k\u00f6z\u00e9p \u00e9s magas<\/strong><br data-start=\"1548\" data-end=\"1551\"><strong data-start=\"1554\" data-end=\"1578\">\u2714\ufe0f Mi\u00e9rt szeretik a sz\u00f6rf\u00f6s\u00f6k<\/strong>: tiszta v\u00edz, gy\u00f6ny\u00f6r\u0171 t\u00e1j, megb\u00edzhat\u00f3 t\u00e9li hull\u00e1mok, nem zs\u00fafolt hangulat.<\/p>\t\t\t\t\t\t\t\t<\/div>\n\t\t\t\t<\/div>\n\t\t\t\t<div class=\"elementor-element elementor-element-20d6906 elementor-widget elementor-widget-image\" data-id=\"20d6906\" data-element_type=\"widget\" data-e-type=\"widget\" data-widget_type=\"image.default\">\n\t\t\t\t<div class=\"elementor-widget-container\">\n\t\t\t\t\t\t\t\t\t\t\t\t\t\t\t<img decoding=\"async\" src=\"https:\/\/oceancamper.com\/wp-content\/uploads\/elementor\/thumbs\/zavial-beach-algarve-surfing-in-portugal-reu0w5gr6j54w845f128x3jw5yx1omdfbheagdhnqo.jpg\" title=\"Zavial Beach Algarve &#8211; Sz\u00f6rf\u00f6z\u00e9s Portug\u00e1li\u00e1ban\" alt=\"Zavial Beach Algarve d\u00e9li partj\u00e1n tal\u00e1lhat\u00f3 sz\u00f6rfhely tiszta v\u00edzzel, homokos \u00f6b\u00f6llel \u00e9s szel\u00edd hull\u00e1mokkal - ide\u00e1lis hely a sz\u00f6rf\u00f6z\u00e9shez Portug\u00e1li\u00e1ban.\" loading=\"lazy\" \/>\t\t\t\t\t\t\t\t\t\t\t\t\t\t\t<\/div>\n\t\t\t\t<\/div>\n\t\t\t\t<div class=\"elementor-element elementor-element-89be162 elementor-widget elementor-widget-text-editor\" data-id=\"89be162\" data-element_type=\"widget\" data-e-type=\"widget\" data-widget_type=\"text-editor.default\">\n\t\t\t\t<div class=\"elementor-widget-container\">\n\t\t\t\t\t\t\t\t\t<article class=\"text-token-text-primary w-full focus:outline-none [--shadow-height:45px] has-data-writing-block:pointer-events-none has-data-writing-block:-mt-(--shadow-height) has-data-writing-block:pt-(--shadow-height) [&amp;:has([data-writing-block])&gt;*]:pointer-events-auto [content-visibility:auto] supports-[content-visibility:auto]:[contain-intrinsic-size:auto_100lvh] scroll-mt-[calc(var(--header-height)+min(200px,max(70px,20svh)))]\" dir=\"auto\" tabindex=\"-1\" data-turn-id=\"request-690b80b8-681c-8328-a668-6f1632121521-9\" data-testid=\"conversation-turn-20\" data-scroll-anchor=\"true\" data-turn=\"assistant\"><div class=\"text-base my-auto mx-auto pb-10 [--thread-content-margin:--spacing(4)] thread-sm:[--thread-content-margin:--spacing(6)] thread-lg:[--thread-content-margin:--spacing(16)] px-(--thread-content-margin)\"><div class=\"[--thread-content-max-width:40rem] thread-lg:[--thread-content-max-width:48rem] mx-auto max-w-(--thread-content-max-width) flex-1 group\/turn-messages focus-visible:outline-hidden relative flex w-full min-w-0 flex-col agent-turn\" tabindex=\"-1\"><div class=\"flex max-w-full flex-col grow\"><div class=\"min-h-8 text-message relative flex w-full flex-col items-end gap-2 text-start break-words whitespace-normal [.text-message+&amp;]:mt-1\" dir=\"auto\" data-message-author-role=\"assistant\" data-message-id=\"a1783eff-211e-4f98-9e0d-bab357f1c873\" data-message-model-slug=\"gpt-5\"><div class=\"flex w-full flex-col gap-1 empty:hidden first:pt-[1px]\"><div class=\"markdown prose dark:prose-invert w-full break-words dark markdown-new-styling\"><p data-start=\"75\" data-end=\"156\">F\u00e9nyk\u00e9p &#8222;Xavial Beach (3576216657).jpg&#8221; by Sheila Thomson, <a class=\"external text\" href=\"https:\/\/www.flickr.com\/people\/66691654@N00\" rel=\"nofollow\">licensed under CC<\/a> BY 3.0.<\/p><\/div><\/div><\/div><\/div><\/div><\/div><\/article>\t\t\t\t\t\t\t\t<\/div>\n\t\t\t\t<\/div>\n\t\t\t\t<div class=\"elementor-element elementor-element-0b3678c elementor-align-left elementor-tablet-align-left elementor-mobile-align-left elementor-widget elementor-widget-button\" data-id=\"0b3678c\" data-element_type=\"widget\" data-e-type=\"widget\" data-widget_type=\"button.default\">\n\t\t\t\t<div class=\"elementor-widget-container\">\n\t\t\t\t\t\t\t\t\t<div class=\"elementor-button-wrapper\">\n\t\t\t\t\t<a class=\"elementor-button elementor-button-link elementor-size-sm elementor-animation-pop\" href=\"https:\/\/www.google.pt\/maps\/place\/Praia+do+Zavial\/@37.0450163,-8.8768104,15z\/data=!3m1!4b1!4m5!3m4!1s0xd1b4a25e79eda4d:0x22cbfdb4958b27a9!8m2!3d37.045!4d-8.8680556\" target=\"_blank\">\n\t\t\t\t\t\t<span class=\"elementor-button-content-wrapper\">\n\t\t\t\t\t\t\t\t\t<span class=\"elementor-button-text\">T\u00e9rk\u00e9p itt<\/span>\n\t\t\t\t\t<\/span>\n\t\t\t\t\t<\/a>\n\t\t\t\t<\/div>\n\t\t\t\t\t\t\t\t<\/div>\n\t\t\t\t<\/div>\n\t\t\t\t\t<\/div>\n\t\t<\/div>\n\t\t\t\t\t<\/div>\n\t\t<\/section>\n\t\t\t\t<section class=\"elementor-section elementor-top-section elementor-element elementor-element-a4d348a elementor-section-stretched elementor-section-boxed elementor-section-height-default elementor-section-height-default\" data-id=\"a4d348a\" data-element_type=\"section\" data-e-type=\"section\" id=\"Mareta\" data-settings=\"{&quot;stretch_section&quot;:&quot;section-stretched&quot;,&quot;background_background&quot;:&quot;classic&quot;}\">\n\t\t\t\t\t\t<div class=\"elementor-container elementor-column-gap-default\">\n\t\t\t\t\t<div class=\"elementor-column elementor-col-100 elementor-top-column elementor-element elementor-element-98ac20c\" data-id=\"98ac20c\" data-element_type=\"column\" data-e-type=\"column\">\n\t\t\t<div class=\"elementor-widget-wrap elementor-element-populated\">\n\t\t\t\t\t\t<div class=\"elementor-element elementor-element-3a06fed elementor-widget elementor-widget-heading\" data-id=\"3a06fed\" data-element_type=\"widget\" data-e-type=\"widget\" id=\"mareta\" data-widget_type=\"heading.default\">\n\t\t\t\t<div class=\"elementor-widget-container\">\n\t\t\t\t\t<h2 class=\"elementor-heading-title elementor-size-default\">2. Mareta strand (Sagres)<\/h2>\t\t\t\t<\/div>\n\t\t\t\t<\/div>\n\t\t\t\t<div class=\"elementor-element elementor-element-274bb7a elementor-widget elementor-widget-text-editor\" data-id=\"274bb7a\" data-element_type=\"widget\" data-e-type=\"widget\" data-widget_type=\"text-editor.default\">\n\t\t\t\t<div class=\"elementor-widget-container\">\n\t\t\t\t\t\t\t\t\t<p data-start=\"146\" data-end=\"663\">Mareta Sagres legv\u00e9dettebb sz\u00f6rf\u00f6s strandja, amelyet magas szikl\u00e1k v\u00e9denek, amelyek blokkolj\u00e1k a szelet \u00e9s az er\u0151s hull\u00e1mz\u00e1st. Ez teszi <strong data-start=\"307\" data-end=\"349\">a d\u00e9li part<\/strong> egyik legbiztons\u00e1gosabb \u00e9s legk\u00f6vetkezetesebb <strong data-start=\"307\" data-end=\"349\">kezd\u0151 sz\u00f6rf\u00f6s hely\u00e9v\u00e9.<\/strong> A hull\u00e1mok \u00e1ltal\u00e1ban l\u00e1gyak \u00e9s bar\u00e1ts\u00e1gosak, ide\u00e1lisak az els\u0151 \u00fcl\u00e9sekhez, sz\u00f6rfleck\u00e9khez vagy nyugodt napokhoz, amikor a nyugati part t\u00fal er\u0151s. A nagyobb t\u00e9li hull\u00e1mokon Mareta sz\u00f3rakoztat\u00f3, j\u00e1t\u00e9kos cs\u00facsokat produk\u00e1lhat, amelyeket a halad\u00f3k is \u00e9lveznek. A strand k\u00f6zel van a k\u00e1v\u00e9z\u00f3khoz \u00e9s a sz\u00f6rfiskol\u00e1khoz, \u00edgy k\u00e9nyelmesen el lehet t\u00f6lteni egy teljes sz\u00f6rf\u00f6s napot.    <\/p><p data-start=\"665\" data-end=\"1012\">\ud83d\udccd Legjobb: <strong data-start=\"668\" data-end=\"681\">kezd\u0151knek a legt\u00f6bb<\/strong> nap <strong data-start=\"668\" data-end=\"681\">on<\/strong>; halad\u00f3knak a nagyobb t\u00e9li hull\u00e1mokon<br data-start=\"743\" data-end=\"746\">\ud83c\udf0a Hull\u00e1mt\u00edpus: <strong data-start=\"749\" data-end=\"763\">puha tengerparti hull\u00e1mt\u00f6r\u00e9s<\/strong>, l\u00e1gy, g\u00f6rd\u00fcl\u0151 hull\u00e1mokkal<br data-start=\"807\" data-end=\"810\">\ud83d\udca8 Sz\u00e9l: <strong data-start=\"813\" data-end=\"822\">keleti vagy d\u00e9lkeleti<\/strong> a legtiszt\u00e1bb k\u00f6r\u00fclm\u00e9nyekhez<br data-start=\"868\" data-end=\"871\">\u23f0 Legjobb <strong data-start=\"873\" data-end=\"887\">dag\u00e1ly: dag\u00e1ly k\u00f6zepe<\/strong><br data-start=\"896\" data-end=\"899\"><strong data-start=\"902\" data-end=\"926\">\u2714\ufe0f Mi\u00e9rt szeretik a sz\u00f6rf\u00f6s\u00f6k<\/strong>: v\u00e9dett a hull\u00e1mokt\u00f3l, remek leck\u00e9khez, k\u00f6nny\u0171 megk\u00f6zel\u00edthet\u0151s\u00e9g, k\u00e1v\u00e9z\u00f3k \u00e9s sz\u00f6rfiskol\u00e1k a k\u00f6zelben.<\/p>\t\t\t\t\t\t\t\t<\/div>\n\t\t\t\t<\/div>\n\t\t\t\t<div class=\"elementor-element elementor-element-cc22e7e elementor-widget elementor-widget-image\" data-id=\"cc22e7e\" data-element_type=\"widget\" data-e-type=\"widget\" data-widget_type=\"image.default\">\n\t\t\t\t<div class=\"elementor-widget-container\">\n\t\t\t\t\t\t\t\t\t\t\t\t\t\t\t<img decoding=\"async\" src=\"https:\/\/oceancamper.com\/wp-content\/uploads\/elementor\/thumbs\/mareta-beach-sagres-surfing-inportugal-reu1mml3ojdvwtnoth1y5f1aiof8hph8yiwn2y8ghc.jpg\" title=\"Mareta Beach Sagres &#8211; Sz\u00f6rf\u00f6z\u00e9s Portug\u00e1li\u00e1ban\" alt=\"Mareta Beach Sagres nyugodt v\u00edzzel, homokos partvonallal \u00e9s szikl\u00e1kkal - v\u00e9dett d\u00e9li parti sz\u00f6rf\u00f6s hely Algarve-ban.\" loading=\"lazy\" \/>\t\t\t\t\t\t\t\t\t\t\t\t\t\t\t<\/div>\n\t\t\t\t<\/div>\n\t\t\t\t<div class=\"elementor-element elementor-element-c6a33b0 elementor-widget elementor-widget-text-editor\" data-id=\"c6a33b0\" data-element_type=\"widget\" data-e-type=\"widget\" data-widget_type=\"text-editor.default\">\n\t\t\t\t<div class=\"elementor-widget-container\">\n\t\t\t\t\t\t\t\t\t<article class=\"text-token-text-primary w-full focus:outline-none [--shadow-height:45px] has-data-writing-block:pointer-events-none has-data-writing-block:-mt-(--shadow-height) has-data-writing-block:pt-(--shadow-height) [&amp;:has([data-writing-block])&gt;*]:pointer-events-auto [content-visibility:auto] supports-[content-visibility:auto]:[contain-intrinsic-size:auto_100lvh] scroll-mt-[calc(var(--header-height)+min(200px,max(70px,20svh)))]\" dir=\"auto\" tabindex=\"-1\" data-turn-id=\"request-690b80b8-681c-8328-a668-6f1632121521-9\" data-testid=\"conversation-turn-20\" data-scroll-anchor=\"true\" data-turn=\"assistant\"><div class=\"text-base my-auto mx-auto pb-10 [--thread-content-margin:--spacing(4)] thread-sm:[--thread-content-margin:--spacing(6)] thread-lg:[--thread-content-margin:--spacing(16)] px-(--thread-content-margin)\"><div class=\"[--thread-content-max-width:40rem] thread-lg:[--thread-content-max-width:48rem] mx-auto max-w-(--thread-content-max-width) flex-1 group\/turn-messages focus-visible:outline-hidden relative flex w-full min-w-0 flex-col agent-turn\" tabindex=\"-1\"><div class=\"flex max-w-full flex-col grow\"><div class=\"min-h-8 text-message relative flex w-full flex-col items-end gap-2 text-start break-words whitespace-normal [.text-message+&amp;]:mt-1\" dir=\"auto\" data-message-author-role=\"assistant\" data-message-id=\"a1783eff-211e-4f98-9e0d-bab357f1c873\" data-message-model-slug=\"gpt-5\"><div class=\"flex w-full flex-col gap-1 empty:hidden first:pt-[1px]\"><div class=\"markdown prose dark:prose-invert w-full break-words dark markdown-new-styling\"><p data-start=\"75\" data-end=\"156\">F\u00e9nyk\u00e9pez\u00e9s &#8222;Mareta Beach Beach hut &#8211; Sagres &#8211; The Algarve, Portugal (1388511228).jpg&#8221; by Glen Bowman, licensed <a class=\"external text\" href=\"https:\/\/www.flickr.com\/people\/10978503@N00\" rel=\"nofollow\">under CC BY<\/a> 3.0.<\/p><\/div><\/div><\/div><\/div><\/div><\/div><\/article>\t\t\t\t\t\t\t\t<\/div>\n\t\t\t\t<\/div>\n\t\t\t\t<div class=\"elementor-element elementor-element-fbfcf7c elementor-align-left elementor-tablet-align-left elementor-mobile-align-left elementor-widget elementor-widget-button\" data-id=\"fbfcf7c\" data-element_type=\"widget\" data-e-type=\"widget\" data-widget_type=\"button.default\">\n\t\t\t\t<div class=\"elementor-widget-container\">\n\t\t\t\t\t\t\t\t\t<div class=\"elementor-button-wrapper\">\n\t\t\t\t\t<a class=\"elementor-button elementor-button-link elementor-size-sm elementor-animation-pop\" href=\"https:\/\/www.google.pt\/maps\/place\/Praia+da+Mareta\/@37.004926,-8.9408295,17z\/data=!3m1!4b1!4m5!3m4!1s0xd1b4c6259fcdd95:0x44a552dc45fd7c2a!8m2!3d37.0053993!4d-8.9388513?shorturl=1\" target=\"_blank\">\n\t\t\t\t\t\t<span class=\"elementor-button-content-wrapper\">\n\t\t\t\t\t\t\t\t\t<span class=\"elementor-button-text\">T\u00e9rk\u00e9p itt<\/span>\n\t\t\t\t\t<\/span>\n\t\t\t\t\t<\/a>\n\t\t\t\t<\/div>\n\t\t\t\t\t\t\t\t<\/div>\n\t\t\t\t<\/div>\n\t\t\t\t\t<\/div>\n\t\t<\/div>\n\t\t\t\t\t<\/div>\n\t\t<\/section>\n\t\t\t\t<section class=\"elementor-section elementor-top-section elementor-element elementor-element-d08384d elementor-section-stretched elementor-section-boxed elementor-section-height-default elementor-section-height-default\" data-id=\"d08384d\" data-element_type=\"section\" data-e-type=\"section\" id=\"Tonel\" data-settings=\"{&quot;stretch_section&quot;:&quot;section-stretched&quot;,&quot;background_background&quot;:&quot;classic&quot;}\">\n\t\t\t\t\t\t<div class=\"elementor-container elementor-column-gap-default\">\n\t\t\t\t\t<div class=\"elementor-column elementor-col-100 elementor-top-column elementor-element elementor-element-bbc47f0\" data-id=\"bbc47f0\" data-element_type=\"column\" data-e-type=\"column\">\n\t\t\t<div class=\"elementor-widget-wrap elementor-element-populated\">\n\t\t\t\t\t\t<div class=\"elementor-element elementor-element-1b32932 elementor-widget elementor-widget-heading\" data-id=\"1b32932\" data-element_type=\"widget\" data-e-type=\"widget\" id=\"tonel\" data-widget_type=\"heading.default\">\n\t\t\t\t<div class=\"elementor-widget-container\">\n\t\t\t\t\t<h2 class=\"elementor-heading-title elementor-size-default\">3. Tonel strand (Sagres)<\/h2>\t\t\t\t<\/div>\n\t\t\t\t<\/div>\n\t\t\t\t<div class=\"elementor-element elementor-element-a157d71 elementor-widget elementor-widget-text-editor\" data-id=\"a157d71\" data-element_type=\"widget\" data-e-type=\"widget\" data-widget_type=\"text-editor.default\">\n\t\t\t\t<div class=\"elementor-widget-container\">\n\t\t\t\t\t\t\t\t\t<p data-start=\"144\" data-end=\"715\">Tonel Sagres egyik legkitettebb \u00e9s leger\u0151sebb <strong data-start=\"190\" data-end=\"215\">nyugati parti sz\u00f6rf\u00f6s helye<\/strong>, amely k\u00f6zvetlen\u00fcl az Atlanti-\u00f3ce\u00e1n hull\u00e1mainak \u00fatj\u00e1ban helyezkedik el. A dr\u00e1mai szikl\u00e1kkal k\u00f6r\u00fclvett \u00e9s az \u00f3ce\u00e1n fel\u00e9 nyitott hely k\u00f6vetkezetes, er\u0151teljes hull\u00e1mokat k\u00edn\u00e1l, k\u00fcl\u00f6n\u00f6sen \u0151sszel \u00e9s t\u00e9len. B\u00e1r a k\u00f6r\u00fclm\u00e9nyek id\u0151nk\u00e9nt bar\u00e1ts\u00e1gosak lehetnek a magabiztos k\u00f6z\u00e9phalad\u00f3k sz\u00e1m\u00e1ra, Tonel els\u0151sorban a <strong data-start=\"525\" data-end=\"550\">halad\u00f3 sz\u00f6rf\u00f6s\u00f6k strandjak\u00e9nt<\/strong> ismert <strong data-start=\"525\" data-end=\"550\">,<\/strong> meredek felsz\u00e1ll\u00e1sokat, er\u0151s hull\u00e1mokat \u00e9s nehezebb szetteket <strong data-start=\"525\" data-end=\"550\">k\u00edn\u00e1lva<\/strong>. A tapasztalt sz\u00f6rf\u00f6s\u00f6k kedvence, akik Sagres v\u00e1ros\u00e1hoz k\u00f6zel keresnek er\u0151teljes, nyers hull\u00e1mokat.   <\/p><p data-start=\"717\" data-end=\"1051\">\ud83d\udccd Legjobb: <strong data-start=\"720\" data-end=\"733\">halad\u00f3 sz\u00f6rf\u00f6s\u00f6knek<\/strong>; halad\u00f3knak csak kisebb napokon<br data-start=\"786\" data-end=\"789\">\ud83c\udf0a Hull\u00e1mt\u00edpus: <strong data-start=\"792\" data-end=\"806\">neh\u00e9z beach break<\/strong> er\u0151s cs\u00facsokkal<br data-start=\"844\" data-end=\"847\">\ud83d\udca8 Sz\u00e9l: <strong data-start=\"850\" data-end=\"859\">a keleti sz\u00e9l<\/strong> offshore \u00e9s tiszta oldalakat hoz l\u00e9tre<br data-start=\"905\" data-end=\"908\">\u23f0 <strong data-start=\"910\" data-end=\"924\">Legjobb dag\u00e1ly:<\/strong> dag\u00e1ly <strong data-start=\"910\" data-end=\"924\">k\u00f6zepe<\/strong><br data-start=\"933\" data-end=\"936\"><strong data-start=\"939\" data-end=\"963\">\u2714\ufe0f Mi\u00e9rt<\/strong> szeretik <strong data-start=\"939\" data-end=\"963\">a sz\u00f6rf\u00f6s\u00f6k<\/strong>: er\u0151s, egyenletes hull\u00e1mz\u00e1s, kih\u00edv\u00e1st jelent\u0151 hull\u00e1mok, gy\u00f6ny\u00f6r\u0171 szikl\u00e1k, k\u00f6zponti elhelyezked\u00e9s Sagresben.<\/p>\t\t\t\t\t\t\t\t<\/div>\n\t\t\t\t<\/div>\n\t\t\t\t<div class=\"elementor-element elementor-element-3756ccb elementor-widget elementor-widget-image\" data-id=\"3756ccb\" data-element_type=\"widget\" data-e-type=\"widget\" data-widget_type=\"image.default\">\n\t\t\t\t<div class=\"elementor-widget-container\">\n\t\t\t\t\t\t\t\t\t\t\t\t\t\t\t<img decoding=\"async\" src=\"https:\/\/oceancamper.com\/wp-content\/uploads\/elementor\/thumbs\/tonel-beach-sagres-algarve-surf-spot-reu22cfxyswi22tr19ncug8s4my77hvnsbmxzixgfk.jpeg\" title=\"Tonel Beach Sagres &#8211; Algarve Surf Spot\" alt=\"Tonel Beach Sagres er\u0151s hull\u00e1mokkal, szikl\u00e1kkal \u00e9s sz\u00f6rf\u00f6s\u00f6kkel - az Algarve nyugati partj\u00e1nak kitett sz\u00f6rf\u00f6s helye.\" loading=\"lazy\" \/>\t\t\t\t\t\t\t\t\t\t\t\t\t\t\t<\/div>\n\t\t\t\t<\/div>\n\t\t\t\t<div class=\"elementor-element elementor-element-4b6a4f7 elementor-widget elementor-widget-text-editor\" data-id=\"4b6a4f7\" data-element_type=\"widget\" data-e-type=\"widget\" data-widget_type=\"text-editor.default\">\n\t\t\t\t<div class=\"elementor-widget-container\">\n\t\t\t\t\t\t\t\t\t<article class=\"text-token-text-primary w-full focus:outline-none [--shadow-height:45px] has-data-writing-block:pointer-events-none has-data-writing-block:-mt-(--shadow-height) has-data-writing-block:pt-(--shadow-height) [&amp;:has([data-writing-block])&gt;*]:pointer-events-auto [content-visibility:auto] supports-[content-visibility:auto]:[contain-intrinsic-size:auto_100lvh] scroll-mt-[calc(var(--header-height)+min(200px,max(70px,20svh)))]\" dir=\"auto\" tabindex=\"-1\" data-turn-id=\"request-690b80b8-681c-8328-a668-6f1632121521-9\" data-testid=\"conversation-turn-20\" data-scroll-anchor=\"true\" data-turn=\"assistant\"><div class=\"text-base my-auto mx-auto pb-10 [--thread-content-margin:--spacing(4)] thread-sm:[--thread-content-margin:--spacing(6)] thread-lg:[--thread-content-margin:--spacing(16)] px-(--thread-content-margin)\"><div class=\"[--thread-content-max-width:40rem] thread-lg:[--thread-content-max-width:48rem] mx-auto max-w-(--thread-content-max-width) flex-1 group\/turn-messages focus-visible:outline-hidden relative flex w-full min-w-0 flex-col agent-turn\" tabindex=\"-1\"><div class=\"flex max-w-full flex-col grow\"><div class=\"min-h-8 text-message relative flex w-full flex-col items-end gap-2 text-start break-words whitespace-normal [.text-message+&amp;]:mt-1\" dir=\"auto\" data-message-author-role=\"assistant\" data-message-id=\"a1783eff-211e-4f98-9e0d-bab357f1c873\" data-message-model-slug=\"gpt-5\"><div class=\"flex w-full flex-col gap-1 empty:hidden first:pt-[1px]\"><div class=\"markdown prose dark:prose-invert w-full break-words dark markdown-new-styling\"><p data-start=\"75\" data-end=\"156\">F\u00e9nyk\u00e9p &#8222;Strand In Sagres (158927813).jpeg&#8221; by the Archive Team, <a class=\"external text\" href=\"https:\/\/www.archiveteam.org\/index.php?title=500px\" rel=\"nofollow\">licensed under CC<\/a> BY 3.0.<\/p><\/div><\/div><\/div><\/div><\/div><\/div><\/article>\t\t\t\t\t\t\t\t<\/div>\n\t\t\t\t<\/div>\n\t\t\t\t<div class=\"elementor-element elementor-element-3480fd0 elementor-align-left elementor-tablet-align-left elementor-mobile-align-left elementor-widget elementor-widget-button\" data-id=\"3480fd0\" data-element_type=\"widget\" data-e-type=\"widget\" data-widget_type=\"button.default\">\n\t\t\t\t<div class=\"elementor-widget-container\">\n\t\t\t\t\t\t\t\t\t<div class=\"elementor-button-wrapper\">\n\t\t\t\t\t<a class=\"elementor-button elementor-button-link elementor-size-sm elementor-animation-pop\" href=\"https:\/\/www.google.pt\/maps\/place\/Praia+do+Tonel\/@37.0049247,-8.9561505,14z\/data=!4m5!3m4!1s0xd1b4c5e471ab0df:0xa2616d172a3436a!8m2!3d37.00573!4d-8.9477904?shorturl=1\" target=\"_blank\">\n\t\t\t\t\t\t<span class=\"elementor-button-content-wrapper\">\n\t\t\t\t\t\t\t\t\t<span class=\"elementor-button-text\">T\u00e9rk\u00e9p itt<\/span>\n\t\t\t\t\t<\/span>\n\t\t\t\t\t<\/a>\n\t\t\t\t<\/div>\n\t\t\t\t\t\t\t\t<\/div>\n\t\t\t\t<\/div>\n\t\t\t\t\t<\/div>\n\t\t<\/div>\n\t\t\t\t\t<\/div>\n\t\t<\/section>\n\t\t\t\t<section class=\"elementor-section elementor-top-section elementor-element elementor-element-b4b3325 elementor-section-stretched elementor-section-boxed elementor-section-height-default elementor-section-height-default\" data-id=\"b4b3325\" data-element_type=\"section\" data-e-type=\"section\" id=\"Beliche\" data-settings=\"{&quot;stretch_section&quot;:&quot;section-stretched&quot;,&quot;background_background&quot;:&quot;classic&quot;}\">\n\t\t\t\t\t\t<div class=\"elementor-container elementor-column-gap-default\">\n\t\t\t\t\t<div class=\"elementor-column elementor-col-100 elementor-top-column elementor-element elementor-element-f4989df\" data-id=\"f4989df\" data-element_type=\"column\" data-e-type=\"column\">\n\t\t\t<div class=\"elementor-widget-wrap elementor-element-populated\">\n\t\t\t\t\t\t<div class=\"elementor-element elementor-element-bbb5280 elementor-widget elementor-widget-heading\" data-id=\"bbb5280\" data-element_type=\"widget\" data-e-type=\"widget\" id=\"beliche\" data-widget_type=\"heading.default\">\n\t\t\t\t<div class=\"elementor-widget-container\">\n\t\t\t\t\t<h2 class=\"elementor-heading-title elementor-size-default\">4. Beliche strand (Sagres)<\/h2>\t\t\t\t<\/div>\n\t\t\t\t<\/div>\n\t\t\t\t<div class=\"elementor-element elementor-element-e597e82 elementor-widget elementor-widget-text-editor\" data-id=\"e597e82\" data-element_type=\"widget\" data-e-type=\"widget\" data-widget_type=\"text-editor.default\">\n\t\t\t\t<div class=\"elementor-widget-container\">\n\t\t\t\t\t\t\t\t\t<p data-start=\"153\" data-end=\"694\">Beliche egy leny\u0171g\u00f6z\u0151, szikl\u00e1kkal v\u00e9dett sz\u00f6rf\u00f6s strand Sagres mellett, amely t\u00fcrkizk\u00e9k viz\u00e9r\u0151l, meredek, kanyonszer\u0171 bej\u00e1rat\u00e1r\u00f3l \u00e9s gyors, \u00fct\u0151s hull\u00e1mair\u00f3l ismert. A magas szikl\u00e1k egyed\u00fcl\u00e1ll\u00f3 amfite\u00e1trumot hoznak l\u00e9tre, amely gyakran v\u00e9di a strandot a sz\u00e9lt\u0151l, \u00edgy a k\u00f6r\u00fclm\u00e9nyek tiszt\u00e1bbak, mint a k\u00f6zeli, nyugati fekv\u00e9s\u0171 helyeken. A megfelel\u0151 hull\u00e1mz\u00e1s eset\u00e9n Beliche gyors, \u00fcreges cs\u00facsokat \u00e9s sz\u00f3rakoztat\u00f3 r\u00e1mp\u00e1kat k\u00edn\u00e1l, amelyeket k\u00fcl\u00f6n\u00f6sen a halad\u00f3k \u00e9s a bodyboardosok szeretnek. Ez a r\u00e9gi\u00f3 egyik legfest\u0151ibb sz\u00f6rf\u00f6s helye, a dr\u00e1mai aranyhomokos \u00f6bl\u00f6t magas m\u00e9szk\u0151falak keretezik.   <\/p><p data-start=\"696\" data-end=\"1034\">\ud83d\udccd Legjobb: <strong data-start=\"699\" data-end=\"712\">halad\u00f3knak;<\/strong> halad\u00f3 sz\u00f6rf\u00f6s\u00f6knek a nagyobb hull\u00e1mokon<br data-start=\"762\" data-end=\"765\">\ud83c\udf0a Hull\u00e1mt\u00edpus: <strong data-start=\"768\" data-end=\"782\">gyors, \u00fct\u0151s beach<\/strong> break id\u0151nk\u00e9nt \u00fcreges szakaszokkal<br data-start=\"839\" data-end=\"842\">\ud83d\udca8 Sz\u00e9l: <strong data-start=\"845\" data-end=\"854\">az<\/strong> \u00e9szakkeleti <strong data-start=\"845\" data-end=\"854\">vagy keleti sz\u00e9l<\/strong> tiszta k\u00f6r\u00fclm\u00e9nyeket biztos\u00edt<br data-start=\"893\" data-end=\"896\">\u23f0 Legjobb <strong data-start=\"898\" data-end=\"912\">dag\u00e1ly: dag\u00e1ly k\u00f6zepe<\/strong><br data-start=\"921\" data-end=\"924\"><strong data-start=\"927\" data-end=\"951\">\u2714\ufe0f Mi\u00e9rt szeretik a sz\u00f6rf\u00f6s\u00f6k<\/strong>: sz\u00e9lv\u00e9dett, krist\u00e1lytiszta v\u00edz, er\u0151s cs\u00facsok, dr\u00e1mai szikl\u00e1s t\u00e1jak<\/p>\t\t\t\t\t\t\t\t<\/div>\n\t\t\t\t<\/div>\n\t\t\t\t<div class=\"elementor-element elementor-element-4f33e41 elementor-widget elementor-widget-image\" data-id=\"4f33e41\" data-element_type=\"widget\" data-e-type=\"widget\" data-widget_type=\"image.default\">\n\t\t\t\t<div class=\"elementor-widget-container\">\n\t\t\t\t\t\t\t\t\t\t\t\t\t\t\t<img decoding=\"async\" src=\"https:\/\/oceancamper.com\/wp-content\/uploads\/elementor\/thumbs\/beliche-beach-sagres-algarve-surf-spot-reu2i6zz78ljtdszhm9wdy9kpitzzrsqarmoahfhio.jpg\" title=\"Beliche Beach Sagres &#8211; Algarve Surf Spot\" alt=\"Beliche Beach Sagres aranysz\u00edn\u0171 homokkal, szikl\u00e1kkal \u00e9s tiszta sz\u00f6rfvonalakkal - v\u00e9dett algarvei sz\u00f6rf\u00f6s hely.\" loading=\"lazy\" \/>\t\t\t\t\t\t\t\t\t\t\t\t\t\t\t<\/div>\n\t\t\t\t<\/div>\n\t\t\t\t<div class=\"elementor-element elementor-element-dd20704 elementor-widget elementor-widget-text-editor\" data-id=\"dd20704\" data-element_type=\"widget\" data-e-type=\"widget\" data-widget_type=\"text-editor.default\">\n\t\t\t\t<div class=\"elementor-widget-container\">\n\t\t\t\t\t\t\t\t\t<article class=\"text-token-text-primary w-full focus:outline-none [--shadow-height:45px] has-data-writing-block:pointer-events-none has-data-writing-block:-mt-(--shadow-height) has-data-writing-block:pt-(--shadow-height) [&amp;:has([data-writing-block])&gt;*]:pointer-events-auto [content-visibility:auto] supports-[content-visibility:auto]:[contain-intrinsic-size:auto_100lvh] scroll-mt-[calc(var(--header-height)+min(200px,max(70px,20svh)))]\" dir=\"auto\" tabindex=\"-1\" data-turn-id=\"request-690b80b8-681c-8328-a668-6f1632121521-9\" data-testid=\"conversation-turn-20\" data-scroll-anchor=\"true\" data-turn=\"assistant\"><div class=\"text-base my-auto mx-auto pb-10 [--thread-content-margin:--spacing(4)] thread-sm:[--thread-content-margin:--spacing(6)] thread-lg:[--thread-content-margin:--spacing(16)] px-(--thread-content-margin)\"><div class=\"[--thread-content-max-width:40rem] thread-lg:[--thread-content-max-width:48rem] mx-auto max-w-(--thread-content-max-width) flex-1 group\/turn-messages focus-visible:outline-hidden relative flex w-full min-w-0 flex-col agent-turn\" tabindex=\"-1\"><div class=\"flex max-w-full flex-col grow\"><div class=\"min-h-8 text-message relative flex w-full flex-col items-end gap-2 text-start break-words whitespace-normal [.text-message+&amp;]:mt-1\" dir=\"auto\" data-message-author-role=\"assistant\" data-message-id=\"a1783eff-211e-4f98-9e0d-bab357f1c873\" data-message-model-slug=\"gpt-5\"><div class=\"flex w-full flex-col gap-1 empty:hidden first:pt-[1px]\"><div class=\"markdown prose dark:prose-invert w-full break-words dark markdown-new-styling\"><p data-start=\"75\" data-end=\"156\">F\u00e9nyk\u00e9p &#8222;Praia do Beliche (52652773726).jpg&#8221; by Michael Gaylard, <a class=\"external text\" href=\"https:\/\/www.flickr.com\/people\/16564965@N04\" rel=\"nofollow\">licensed under CC<\/a> BY 3.0.<\/p><\/div><\/div><\/div><\/div><\/div><\/div><\/article>\t\t\t\t\t\t\t\t<\/div>\n\t\t\t\t<\/div>\n\t\t\t\t<div class=\"elementor-element elementor-element-f0f2ed1 elementor-align-left elementor-tablet-align-left elementor-mobile-align-left elementor-widget elementor-widget-button\" data-id=\"f0f2ed1\" data-element_type=\"widget\" data-e-type=\"widget\" data-widget_type=\"button.default\">\n\t\t\t\t<div class=\"elementor-widget-container\">\n\t\t\t\t\t\t\t\t\t<div class=\"elementor-button-wrapper\">\n\t\t\t\t\t<a class=\"elementor-button elementor-button-link elementor-size-sm elementor-animation-pop\" href=\"https:\/\/www.google.pt\/maps\/place\/Praia+do+Beliche\/@37.025631,-8.9663027,17z\/data=!3m1!4b1!4m5!3m4!1s0xd1b4c343a75bb03:0x9ebddda3398898bf!8m2!3d37.025631!4d-8.964114?shorturl=1\" target=\"_blank\">\n\t\t\t\t\t\t<span class=\"elementor-button-content-wrapper\">\n\t\t\t\t\t\t\t\t\t<span class=\"elementor-button-text\">T\u00e9rk\u00e9p itt<\/span>\n\t\t\t\t\t<\/span>\n\t\t\t\t\t<\/a>\n\t\t\t\t<\/div>\n\t\t\t\t\t\t\t\t<\/div>\n\t\t\t\t<\/div>\n\t\t\t\t\t<\/div>\n\t\t<\/div>\n\t\t\t\t\t<\/div>\n\t\t<\/section>\n\t\t\t\t<section class=\"elementor-section elementor-top-section elementor-element elementor-element-18f371b elementor-section-stretched elementor-section-boxed elementor-section-height-default elementor-section-height-default\" data-id=\"18f371b\" data-element_type=\"section\" data-e-type=\"section\" id=\"ruiva\" data-settings=\"{&quot;stretch_section&quot;:&quot;section-stretched&quot;,&quot;background_background&quot;:&quot;classic&quot;}\">\n\t\t\t\t\t\t<div class=\"elementor-container elementor-column-gap-default\">\n\t\t\t\t\t<div class=\"elementor-column elementor-col-100 elementor-top-column elementor-element elementor-element-68e2b6e\" data-id=\"68e2b6e\" data-element_type=\"column\" data-e-type=\"column\">\n\t\t\t<div class=\"elementor-widget-wrap elementor-element-populated\">\n\t\t\t\t\t\t<div class=\"elementor-element elementor-element-be52afe elementor-widget elementor-widget-heading\" data-id=\"be52afe\" data-element_type=\"widget\" data-e-type=\"widget\" id=\"ponta\" data-widget_type=\"heading.default\">\n\t\t\t\t<div class=\"elementor-widget-container\">\n\t\t\t\t\t<h2 class=\"elementor-heading-title elementor-size-default\">5. Ponta Ruiva<\/h2>\t\t\t\t<\/div>\n\t\t\t\t<\/div>\n\t\t\t\t<div class=\"elementor-element elementor-element-9037c01 elementor-widget elementor-widget-text-editor\" data-id=\"9037c01\" data-element_type=\"widget\" data-e-type=\"widget\" data-widget_type=\"text-editor.default\">\n\t\t\t\t<div class=\"elementor-widget-container\">\n\t\t\t\t\t\t\t\t\t<p data-start=\"158\" data-end=\"682\">Ponta Ruiva Algarve egyik legvadabb \u00e9s legt\u00e1volabbi sz\u00f6rf\u00f6s helye, amely dr\u00e1mai v\u00f6r\u00f6s szikl\u00e1ir\u00f3l, \u00e9rintetlen term\u00e9szet\u00e9r\u0151l \u00e9s er\u0151teljes hull\u00e1mair\u00f3l ismert. Csak egy hossz\u00fa f\u00f6ld\u00faton kereszt\u00fcl \u00e9rhet\u0151 el, \u00e9s igazi, a t\u00f6megekt\u0151l t\u00e1vol es\u0151 sz\u00f6rf\u00f6s \u00e9lm\u00e9nyt ny\u00fajt. Ha a k\u00f6r\u00fclm\u00e9nyek megfelel\u0151ek, Ponta Ruiva hossz\u00fa, h\u00e1ml\u00f3 balkezes hull\u00e1mokat \u00e9s neh\u00e9z cs\u00facsokat k\u00edn\u00e1l, amelyek vonzz\u00e1k a tapasztalt sz\u00f6rf\u00f6s\u00f6ket, akik a nyers atlanti er\u0151t keresik. A kitett fekv\u00e9se miatt sok hull\u00e1mot kap, \u00e9s kih\u00edv\u00e1st jelenthet, er\u0151s hull\u00e1mokkal \u00e9s gyors felsz\u00e1ll\u00e1sokkal.   <\/p><p data-start=\"684\" data-end=\"1031\">\ud83d\udccd Legjobb: <strong data-start=\"687\" data-end=\"700\">halad\u00f3 sz\u00f6rf\u00f6s\u00f6knek<\/strong>, er\u0151s \u00f3ce\u00e1ni tapasztalattal<br data-start=\"746\" data-end=\"749\">\ud83c\udf0a <strong data-start=\"752\" data-end=\"766\">Hull\u00e1mt\u00edpus: er\u0151s balkezes<\/strong> point-style hull\u00e1mok \u00e9s neh\u00e9z beach break szakaszok<br data-start=\"834\" data-end=\"837\">\ud83d\udca8 <strong data-start=\"840\" data-end=\"849\">Sz\u00e9l: keleti<\/strong> vagy \u00e9szakkeleti a tiszta k\u00f6r\u00fclm\u00e9nyekhez<br data-start=\"888\" data-end=\"891\"><strong data-start=\"893\" data-end=\"907\">\u23f0 Legjobb dag\u00e1ly:<\/strong> dag\u00e1ly k\u00f6zep\u00e9n<br data-start=\"916\" data-end=\"919\"><strong data-start=\"922\" data-end=\"946\">\u2714\ufe0f Mi\u00e9rt<\/strong> szeretik <strong data-start=\"922\" data-end=\"946\">a sz\u00f6rf\u00f6s\u00f6k<\/strong>: vad t\u00e1j, hossz\u00fa, er\u0151teljes hull\u00e1mok, nem zs\u00fafolt \u00e9rz\u00e9s, ide\u00e1lis a kalandv\u00e1gy\u00f3 sz\u00f6rf\u00f6s\u00f6knek.<\/p>\t\t\t\t\t\t\t\t<\/div>\n\t\t\t\t<\/div>\n\t\t\t\t<div class=\"elementor-element elementor-element-22ebf8a elementor-widget elementor-widget-image\" data-id=\"22ebf8a\" data-element_type=\"widget\" data-e-type=\"widget\" data-widget_type=\"image.default\">\n\t\t\t\t<div class=\"elementor-widget-container\">\n\t\t\t\t\t\t\t\t\t\t\t\t\t\t\t<img decoding=\"async\" src=\"https:\/\/oceancamper.com\/wp-content\/uploads\/elementor\/thumbs\/ponta-ruiva-beach-min-q88kck44gi7fuum7yokozvn4s73v2fo0iz7cpbasts.jpg\" title=\"Ponta Ruiva Beach Algarve Algarve sz\u00f6rf\u00f6z\u00e9s Portug\u00e1li\u00e1ban\" alt=\"Sz\u00f6rf\u00f6z\u00e9s Portug\u00e1li\u00e1ban Ponta Ruiva Beach Algarve nyugati parti sz\u00f6rf\u00f6s spot\" loading=\"lazy\" \/>\t\t\t\t\t\t\t\t\t\t\t\t\t\t\t<\/div>\n\t\t\t\t<\/div>\n\t\t\t\t<div class=\"elementor-element elementor-element-3618572 elementor-align-left elementor-tablet-align-left elementor-mobile-align-left elementor-widget elementor-widget-button\" data-id=\"3618572\" data-element_type=\"widget\" data-e-type=\"widget\" data-widget_type=\"button.default\">\n\t\t\t\t<div class=\"elementor-widget-container\">\n\t\t\t\t\t\t\t\t\t<div class=\"elementor-button-wrapper\">\n\t\t\t\t\t<a class=\"elementor-button elementor-button-link elementor-size-sm elementor-animation-pop\" href=\"https:\/\/www.google.pt\/maps\/place\/Praia+da+Ponta+Ruiva\/@37.0686557,-8.9671357,17z\/data=!3m1!4b1!4m5!3m4!1s0xd1b4ef47c49e323:0x4d4d65afea598313!8m2!3d37.0682867!4d-8.9643754?shorturl=1\" target=\"_blank\">\n\t\t\t\t\t\t<span class=\"elementor-button-content-wrapper\">\n\t\t\t\t\t\t\t\t\t<span class=\"elementor-button-text\">T\u00e9rk\u00e9p itt<\/span>\n\t\t\t\t\t<\/span>\n\t\t\t\t\t<\/a>\n\t\t\t\t<\/div>\n\t\t\t\t\t\t\t\t<\/div>\n\t\t\t\t<\/div>\n\t\t\t\t\t<\/div>\n\t\t<\/div>\n\t\t\t\t\t<\/div>\n\t\t<\/section>\n\t\t\t\t<section class=\"elementor-section elementor-top-section elementor-element elementor-element-4294b86 elementor-section-stretched elementor-section-boxed elementor-section-height-default elementor-section-height-default\" data-id=\"4294b86\" data-element_type=\"section\" data-e-type=\"section\" id=\"Amado\" data-settings=\"{&quot;stretch_section&quot;:&quot;section-stretched&quot;,&quot;background_background&quot;:&quot;classic&quot;}\">\n\t\t\t\t\t\t<div class=\"elementor-container elementor-column-gap-default\">\n\t\t\t\t\t<div class=\"elementor-column elementor-col-100 elementor-top-column elementor-element elementor-element-2ea483c\" data-id=\"2ea483c\" data-element_type=\"column\" data-e-type=\"column\">\n\t\t\t<div class=\"elementor-widget-wrap elementor-element-populated\">\n\t\t\t\t\t\t<div class=\"elementor-element elementor-element-2b9e133 elementor-widget elementor-widget-heading\" data-id=\"2b9e133\" data-element_type=\"widget\" data-e-type=\"widget\" id=\"amado\" data-widget_type=\"heading.default\">\n\t\t\t\t<div class=\"elementor-widget-container\">\n\t\t\t\t\t<h2 class=\"elementor-heading-title elementor-size-default\">6. Amado Beach<\/h2>\t\t\t\t<\/div>\n\t\t\t\t<\/div>\n\t\t\t\t<div class=\"elementor-element elementor-element-d3e9f8c elementor-widget elementor-widget-text-editor\" data-id=\"d3e9f8c\" data-element_type=\"widget\" data-e-type=\"widget\" data-widget_type=\"text-editor.default\">\n\t\t\t\t<div class=\"elementor-widget-container\">\n\t\t\t\t\t\t\t\t\t<p data-start=\"149\" data-end=\"681\">Amado <strong data-start=\"196\" data-end=\"223\">az<\/strong> Algarve egyik legikonikusabb \u00e9s legk\u00f6vetkezetesebb <strong data-start=\"196\" data-end=\"223\">nyugati parti sz\u00f6rf\u00f6s strandja<\/strong>, amely h\u00edres a megb\u00edzhat\u00f3 hull\u00e1mz\u00e1sr\u00f3l, a sz\u00f6rfiskol\u00e1kr\u00f3l \u00e9s a sz\u00e9les homokos \u00f6b\u00f6lr\u0151l. Szinte minden bej\u00f6v\u0151 hull\u00e1mot felfog, \u00edgy az \u00e9v legt\u00f6bb napj\u00e1n sz\u00f6rf\u00f6zhet\u0151. A strand t\u00f6bb cs\u00facsot k\u00edn\u00e1l a partvonal ment\u00e9n sz\u00e9tsz\u00f3rtan, \u00edgy minden szint sz\u00e1m\u00e1ra k\u00edn\u00e1l lehet\u0151s\u00e9get &#8211; a kezd\u0151 sz\u00f6rf\u00f6s\u00f6kt\u0151l kezdve a leck\u00e9ket vev\u0151 kezd\u0151k\u00f6n \u00e1t a halad\u00f3 sz\u00f6rf\u00f6s\u00f6kig, akik er\u0151teljes t\u00e9li hull\u00e1mokra vad\u00e1sznak. A k\u00f6nny\u0171 parkol\u00e1si lehet\u0151s\u00e9gekkel, sz\u00f6rfb\u00e9rlettel \u00e9s leny\u0171g\u00f6z\u0151 term\u00e9szeti k\u00f6rnyezettel Amado k\u00f6telez\u0151 meg\u00e1ll\u00f3helye minden algarvei sz\u00f6rf\u00f6s kir\u00e1ndul\u00e1snak.   <\/p><p data-start=\"683\" data-end=\"991\">\ud83d\udccd A legjobb: <strong data-start=\"686\" data-end=\"699\">minden szintre<\/strong><br data-start=\"710\" data-end=\"713\">\ud83c\udf0a <strong data-start=\"716\" data-end=\"730\">Hull\u00e1mt\u00edpus: t\u00f6bb strandt\u00f6r\u00e9s<\/strong> cs\u00facsok a sz\u00e9les \u00f6b\u00f6lben<br data-start=\"775\" data-end=\"778\">\ud83d\udca8 <strong data-start=\"781\" data-end=\"790\">Sz\u00e9l: a keleti<\/strong> sz\u00e9l offshore \u00e9s a legtiszt\u00e1bb hull\u00e1mokat biztos\u00edtja<br data-start=\"844\" data-end=\"847\"><strong data-start=\"849\" data-end=\"863\">\u23f0 Legjobb dag\u00e1ly:<\/strong> dag\u00e1ly k\u00f6zep\u00e9n<br data-start=\"872\" data-end=\"875\"><strong data-start=\"878\" data-end=\"902\">\u2714\ufe0f Mi\u00e9rt<\/strong> szeretik <strong data-start=\"878\" data-end=\"902\">a sz\u00f6rf\u00f6s\u00f6k<\/strong>: nagyon egyenletes hull\u00e1mok, sz\u00f6rfiskol\u00e1k, gy\u00f6ny\u00f6r\u0171 t\u00e1j, sok hely az \u00f6b\u00f6lben.<\/p>\t\t\t\t\t\t\t\t<\/div>\n\t\t\t\t<\/div>\n\t\t\t\t<div class=\"elementor-element elementor-element-98b3a5e elementor-widget elementor-widget-image\" data-id=\"98b3a5e\" data-element_type=\"widget\" data-e-type=\"widget\" data-widget_type=\"image.default\">\n\t\t\t\t<div class=\"elementor-widget-container\">\n\t\t\t\t\t\t\t\t\t\t\t\t\t\t\t<img decoding=\"async\" src=\"https:\/\/oceancamper.com\/wp-content\/uploads\/elementor\/thumbs\/amado-beach-carrapateira-algarve-surf-spot-reu3bzhtt7dpsgj4izv7wxmii5zsyf2gq7zov79ab4.jpg\" title=\"Amado Beach Algarve &#8211; Sz\u00f6rf Spot Carrapateira-ban\" alt=\"Amado Beach Carrapateira sz\u00e9les homokos \u00f6b\u00f6llel, t\u00f6bb sz\u00f6rfcs\u00faccsal \u00e9s szikl\u00e1s szikl\u00e1kkal - \u00e1lland\u00f3 algarvei sz\u00f6rfhely.\" loading=\"lazy\" \/>\t\t\t\t\t\t\t\t\t\t\t\t\t\t\t<\/div>\n\t\t\t\t<\/div>\n\t\t\t\t<div class=\"elementor-element elementor-element-74b3b01 elementor-widget elementor-widget-text-editor\" data-id=\"74b3b01\" data-element_type=\"widget\" data-e-type=\"widget\" data-widget_type=\"text-editor.default\">\n\t\t\t\t<div class=\"elementor-widget-container\">\n\t\t\t\t\t\t\t\t\t<article class=\"text-token-text-primary w-full focus:outline-none [--shadow-height:45px] has-data-writing-block:pointer-events-none has-data-writing-block:-mt-(--shadow-height) has-data-writing-block:pt-(--shadow-height) [&amp;:has([data-writing-block])&gt;*]:pointer-events-auto [content-visibility:auto] supports-[content-visibility:auto]:[contain-intrinsic-size:auto_100lvh] scroll-mt-[calc(var(--header-height)+min(200px,max(70px,20svh)))]\" dir=\"auto\" tabindex=\"-1\" data-turn-id=\"request-690b80b8-681c-8328-a668-6f1632121521-9\" data-testid=\"conversation-turn-20\" data-scroll-anchor=\"true\" data-turn=\"assistant\"><div class=\"text-base my-auto mx-auto pb-10 [--thread-content-margin:--spacing(4)] thread-sm:[--thread-content-margin:--spacing(6)] thread-lg:[--thread-content-margin:--spacing(16)] px-(--thread-content-margin)\"><div class=\"[--thread-content-max-width:40rem] thread-lg:[--thread-content-max-width:48rem] mx-auto max-w-(--thread-content-max-width) flex-1 group\/turn-messages focus-visible:outline-hidden relative flex w-full min-w-0 flex-col agent-turn\" tabindex=\"-1\"><div class=\"flex max-w-full flex-col grow\"><div class=\"min-h-8 text-message relative flex w-full flex-col items-end gap-2 text-start break-words whitespace-normal [.text-message+&amp;]:mt-1\" dir=\"auto\" data-message-author-role=\"assistant\" data-message-id=\"a1783eff-211e-4f98-9e0d-bab357f1c873\" data-message-model-slug=\"gpt-5\"><div class=\"flex w-full flex-col gap-1 empty:hidden first:pt-[1px]\"><div class=\"markdown prose dark:prose-invert w-full break-words dark markdown-new-styling\"><p data-start=\"75\" data-end=\"156\">F\u00e9nyk\u00e9p &#8222;Looking south across Praia de Amado.jpg&#8221; Kyle Taylor, <a class=\"external text\" href=\"https:\/\/www.flickr.com\/people\/95672737@N00\" rel=\"nofollow\">licencelve CC BY 3.0 alatt<\/a>.<\/p><\/div><\/div><\/div><\/div><\/div><\/div><\/article>\t\t\t\t\t\t\t\t<\/div>\n\t\t\t\t<\/div>\n\t\t\t\t<div class=\"elementor-element elementor-element-a565ca7 elementor-align-left elementor-tablet-align-left elementor-mobile-align-left elementor-widget elementor-widget-button\" data-id=\"a565ca7\" data-element_type=\"widget\" data-e-type=\"widget\" data-widget_type=\"button.default\">\n\t\t\t\t<div class=\"elementor-widget-container\">\n\t\t\t\t\t\t\t\t\t<div class=\"elementor-button-wrapper\">\n\t\t\t\t\t<a class=\"elementor-button elementor-button-link elementor-size-sm elementor-animation-pop\" href=\"https:\/\/www.google.pt\/maps\/place\/Praia+do+Amado\/@37.1672588,-8.9045155,17z\/data=!3m1!4b1!4m5!3m4!1s0xd1b465da363a859:0x774e1a3521766a38!8m2!3d37.1672588!4d-8.9023268?shorturl=1\" target=\"_blank\">\n\t\t\t\t\t\t<span class=\"elementor-button-content-wrapper\">\n\t\t\t\t\t\t\t\t\t<span class=\"elementor-button-text\">T\u00e9rk\u00e9p itt<\/span>\n\t\t\t\t\t<\/span>\n\t\t\t\t\t<\/a>\n\t\t\t\t<\/div>\n\t\t\t\t\t\t\t\t<\/div>\n\t\t\t\t<\/div>\n\t\t\t\t\t<\/div>\n\t\t<\/div>\n\t\t\t\t\t<\/div>\n\t\t<\/section>\n\t\t\t\t<section class=\"elementor-section elementor-top-section elementor-element elementor-element-4430196 elementor-section-stretched elementor-section-boxed elementor-section-height-default elementor-section-height-default\" data-id=\"4430196\" data-element_type=\"section\" data-e-type=\"section\" id=\"Arrifana\" data-settings=\"{&quot;stretch_section&quot;:&quot;section-stretched&quot;,&quot;background_background&quot;:&quot;classic&quot;}\">\n\t\t\t\t\t\t<div class=\"elementor-container elementor-column-gap-default\">\n\t\t\t\t\t<div class=\"elementor-column elementor-col-100 elementor-top-column elementor-element elementor-element-82eedc6\" data-id=\"82eedc6\" data-element_type=\"column\" data-e-type=\"column\">\n\t\t\t<div class=\"elementor-widget-wrap elementor-element-populated\">\n\t\t\t\t\t\t<div class=\"elementor-element elementor-element-49c610b elementor-widget elementor-widget-heading\" data-id=\"49c610b\" data-element_type=\"widget\" data-e-type=\"widget\" id=\"arrifana\" data-widget_type=\"heading.default\">\n\t\t\t\t<div class=\"elementor-widget-container\">\n\t\t\t\t\t<h2 class=\"elementor-heading-title elementor-size-default\">7. Arrifana strand<\/h2>\t\t\t\t<\/div>\n\t\t\t\t<\/div>\n\t\t\t\t<div class=\"elementor-element elementor-element-f22c8c5 elementor-widget elementor-widget-text-editor\" data-id=\"f22c8c5\" data-element_type=\"widget\" data-e-type=\"widget\" data-widget_type=\"text-editor.default\">\n\t\t\t\t<div class=\"elementor-widget-container\">\n\t\t\t\t\t\t\t\t\t<p data-start=\"159\" data-end=\"742\">Arrifana Portug\u00e1lia egyik legh\u00edresebb sz\u00f6rf\u00f6s strandja, amely egy leny\u0171g\u00f6z\u0151, szikl\u00e1kkal szeg\u00e9lyezett \u00f6b\u00f6lben fekszik a nyugati parton. Hossz\u00fa, jobb oldali, point-st\u00edlus\u00fa hull\u00e1mai k\u00fcl\u00f6n\u00f6sen n\u00e9pszer\u0171v\u00e9 teszik a k\u00f6z\u00e9phalad\u00f3k \u00e9s a halad\u00f3 sz\u00f6rf\u00f6s\u00f6k k\u00f6r\u00e9ben, m\u00edg a d\u00e9li sarok kisebb napokon a kezd\u0151k sz\u00e1m\u00e1ra gyeng\u00e9bb k\u00f6r\u00fclm\u00e9nyeket k\u00edn\u00e1l. A strand \u00e1lland\u00f3 hull\u00e1mz\u00e1st kap, \u00e9s \u00edves, v\u00e9dett form\u00e1j\u00e1nak k\u00f6sz\u00f6nhet\u0151en gyakran tiszt\u00e1bbak a k\u00f6r\u00fclm\u00e9nyek, mint a k\u00f6zeli nyugati fekv\u00e9s\u0171 helyeken. A szikl\u00e1k tetej\u00e9n tal\u00e1lhat\u00f3 sz\u00f6rffaluval \u00e9s a fentr\u0151l ny\u00edl\u00f3 l\u00e9legzetel\u00e1ll\u00edt\u00f3 kil\u00e1t\u00e1ssal Arrifana k\u00f6telez\u0151 meg\u00e1ll\u00f3helye minden algarvei sz\u00f6rf\u00f6s kir\u00e1ndul\u00e1snak.   <\/p><p data-start=\"744\" data-end=\"1059\">\ud83d\udccd Legjobb: <strong data-start=\"747\" data-end=\"760\">minden szintre,<\/strong> a hull\u00e1mz\u00e1st\u00f3l <strong data-start=\"747\" data-end=\"760\">f\u00fcgg\u0151en<\/strong><br data-start=\"795\" data-end=\"798\">\ud83c\udf0a Hull\u00e1mt\u00edpus: <strong data-start=\"801\" data-end=\"815\">hossz\u00fa jobbos hull\u00e1mok<\/strong> \u00e9s t\u00f6bb beach break cs\u00facs<br data-start=\"866\" data-end=\"869\">\ud83d\udca8 Sz\u00e9l: <strong data-start=\"872\" data-end=\"881\">keleti sz\u00e9l<\/strong> van offshore \u00e9s ide\u00e1lis<br data-start=\"913\" data-end=\"916\">\u23f0 <strong data-start=\"918\" data-end=\"932\">Legjobb dag\u00e1ly:<\/strong> dag\u00e1ly <strong data-start=\"918\" data-end=\"932\">k\u00f6zep\u00e9n<\/strong><br data-start=\"941\" data-end=\"944\"><strong data-start=\"947\" data-end=\"971\">\u2714\ufe0f Mi\u00e9rt<\/strong> szeretik <strong data-start=\"947\" data-end=\"971\">a sz\u00f6rf\u00f6s\u00f6k<\/strong>: ikonikus hossz\u00fa jobbos hull\u00e1m, leny\u0171g\u00f6z\u0151 szikl\u00e1k, sz\u00f6rfbar\u00e1t falu, \u00e1lland\u00f3 k\u00f6r\u00fclm\u00e9nyek.<\/p>\t\t\t\t\t\t\t\t<\/div>\n\t\t\t\t<\/div>\n\t\t\t\t<div class=\"elementor-element elementor-element-97be1ca elementor-widget elementor-widget-image\" data-id=\"97be1ca\" data-element_type=\"widget\" data-e-type=\"widget\" data-widget_type=\"image.default\">\n\t\t\t\t<div class=\"elementor-widget-container\">\n\t\t\t\t\t\t\t\t\t\t\t\t\t\t\t<img decoding=\"async\" src=\"https:\/\/oceancamper.com\/wp-content\/uploads\/elementor\/thumbs\/arrifana-beach-aljezur-algarve-surf-spot-reu41of0m6jv4r7mi3o42g831bczcl2c9dxh3h5w8g.jpg\" title=\"Arrifana strand aljezur algarve algarve sz\u00f6rf spot\" alt=\"Arrifana Beach Aljezur hossz\u00fa \u00f6b\u00f6llel, sz\u00f6rfvonalakkal \u00e9s magas szikl\u00e1kkal - ikonikus nyugati parti sz\u00f6rfhely Portug\u00e1li\u00e1ban.\" loading=\"lazy\" \/>\t\t\t\t\t\t\t\t\t\t\t\t\t\t\t<\/div>\n\t\t\t\t<\/div>\n\t\t\t\t<div class=\"elementor-element elementor-element-6fe08b4 elementor-widget elementor-widget-text-editor\" data-id=\"6fe08b4\" data-element_type=\"widget\" data-e-type=\"widget\" data-widget_type=\"text-editor.default\">\n\t\t\t\t<div class=\"elementor-widget-container\">\n\t\t\t\t\t\t\t\t\t<article class=\"text-token-text-primary w-full focus:outline-none [--shadow-height:45px] has-data-writing-block:pointer-events-none has-data-writing-block:-mt-(--shadow-height) has-data-writing-block:pt-(--shadow-height) [&amp;:has([data-writing-block])&gt;*]:pointer-events-auto [content-visibility:auto] supports-[content-visibility:auto]:[contain-intrinsic-size:auto_100lvh] scroll-mt-[calc(var(--header-height)+min(200px,max(70px,20svh)))]\" dir=\"auto\" tabindex=\"-1\" data-turn-id=\"request-690b80b8-681c-8328-a668-6f1632121521-9\" data-testid=\"conversation-turn-20\" data-scroll-anchor=\"true\" data-turn=\"assistant\"><div class=\"text-base my-auto mx-auto pb-10 [--thread-content-margin:--spacing(4)] thread-sm:[--thread-content-margin:--spacing(6)] thread-lg:[--thread-content-margin:--spacing(16)] px-(--thread-content-margin)\"><div class=\"[--thread-content-max-width:40rem] thread-lg:[--thread-content-max-width:48rem] mx-auto max-w-(--thread-content-max-width) flex-1 group\/turn-messages focus-visible:outline-hidden relative flex w-full min-w-0 flex-col agent-turn\" tabindex=\"-1\"><div class=\"flex max-w-full flex-col grow\"><div class=\"min-h-8 text-message relative flex w-full flex-col items-end gap-2 text-start break-words whitespace-normal [.text-message+&amp;]:mt-1\" dir=\"auto\" data-message-author-role=\"assistant\" data-message-id=\"a1783eff-211e-4f98-9e0d-bab357f1c873\" data-message-model-slug=\"gpt-5\"><div class=\"flex w-full flex-col gap-1 empty:hidden first:pt-[1px]\"><div class=\"markdown prose dark:prose-invert w-full break-words dark markdown-new-styling\"><p data-start=\"75\" data-end=\"156\">F\u00e9nyk\u00e9pez\u00e9s &#8222;Praia da Arrifana.jpg&#8221; by Patrice78500, <a title=\"Felhaszn\u00e1l\u00f3:Patrice78500\" href=\"https:\/\/commons.wikimedia.org\/wiki\/User:Patrice78500\">licensed under<\/a> CC BY 3.0.<\/p><\/div><\/div><\/div><\/div><\/div><\/div><\/article>\t\t\t\t\t\t\t\t<\/div>\n\t\t\t\t<\/div>\n\t\t\t\t<div class=\"elementor-element elementor-element-b99cd75 elementor-align-left elementor-tablet-align-left elementor-mobile-align-left elementor-widget elementor-widget-button\" data-id=\"b99cd75\" data-element_type=\"widget\" data-e-type=\"widget\" data-widget_type=\"button.default\">\n\t\t\t\t<div class=\"elementor-widget-container\">\n\t\t\t\t\t\t\t\t\t<div class=\"elementor-button-wrapper\">\n\t\t\t\t\t<a class=\"elementor-button elementor-button-link elementor-size-sm elementor-animation-pop\" href=\"https:\/\/www.google.pt\/maps\/place\/Praia+da+Arrifana\/@37.2919477,-8.8700988,16z\/data=!3m1!4b1!4m5!3m4!1s0xd1b403bbbcbfb71:0xd650f1517eadfb17!8m2!3d37.2921779!4d-8.8648484?shorturl=1\" target=\"_blank\">\n\t\t\t\t\t\t<span class=\"elementor-button-content-wrapper\">\n\t\t\t\t\t\t\t\t\t<span class=\"elementor-button-text\">T\u00e9rk\u00e9p itt<\/span>\n\t\t\t\t\t<\/span>\n\t\t\t\t\t<\/a>\n\t\t\t\t<\/div>\n\t\t\t\t\t\t\t\t<\/div>\n\t\t\t\t<\/div>\n\t\t\t\t\t<\/div>\n\t\t<\/div>\n\t\t\t\t\t<\/div>\n\t\t<\/section>\n\t\t\t\t<section class=\"elementor-section elementor-top-section elementor-element elementor-element-cac32bb elementor-section-stretched elementor-section-boxed elementor-section-height-default elementor-section-height-default\" data-id=\"cac32bb\" data-element_type=\"section\" data-e-type=\"section\" id=\"Faro\" data-settings=\"{&quot;stretch_section&quot;:&quot;section-stretched&quot;,&quot;background_background&quot;:&quot;classic&quot;}\">\n\t\t\t\t\t\t<div class=\"elementor-container elementor-column-gap-default\">\n\t\t\t\t\t<div class=\"elementor-column elementor-col-100 elementor-top-column elementor-element elementor-element-af202d4\" data-id=\"af202d4\" data-element_type=\"column\" data-e-type=\"column\">\n\t\t\t<div class=\"elementor-widget-wrap elementor-element-populated\">\n\t\t\t\t\t\t<div class=\"elementor-element elementor-element-8865470 elementor-widget elementor-widget-heading\" data-id=\"8865470\" data-element_type=\"widget\" data-e-type=\"widget\" id=\"faro\" data-widget_type=\"heading.default\">\n\t\t\t\t<div class=\"elementor-widget-container\">\n\t\t\t\t\t<h2 class=\"elementor-heading-title elementor-size-default\">8. Praia de Faro<\/h2>\t\t\t\t<\/div>\n\t\t\t\t<\/div>\n\t\t\t\t<div class=\"elementor-element elementor-element-13d3527 elementor-widget elementor-widget-text-editor\" data-id=\"13d3527\" data-element_type=\"widget\" data-e-type=\"widget\" data-widget_type=\"text-editor.default\">\n\t\t\t\t<div class=\"elementor-widget-container\">\n\t\t\t\t\t\t\t\t\t<p data-start=\"155\" data-end=\"638\">A Praia de Faro egy hossz\u00fa, homokos strand, amely a Faro v\u00e1ros\u00e1val szemben fekv\u0151 barrier-szigeten tal\u00e1lhat\u00f3, l\u00e1gy hull\u00e1mokat \u00e9s nyugodt helyi l\u00e9gk\u00f6rt k\u00edn\u00e1l. Ez az egyik legk\u00f6nnyebben megk\u00f6zel\u00edthet\u0151 sz\u00f6rf\u00f6s hely Algarve-ban, \u00edgy ide\u00e1lis kezd\u0151 sz\u00f6rf\u00f6s\u00f6knek, alkalmi sz\u00f6rf\u00f6s napokra \u00e9s gyors naplement\u00e9s t\u00far\u00e1kra. \u0150szt\u0151l tavaszig a strandon kisebb, de sz\u00f3rakoztat\u00f3 hull\u00e1mok \u00e9rkeznek, amelyek tiszta, j\u00e1t\u00e9kos cs\u00facsokat hoznak l\u00e9tre. Ny\u00e1ron t\u00f6bbnyire s\u00edk, \u00edgy remek hely a f\u00fcrd\u0151z\u00e9sre, s\u00e9t\u00e1l\u00e1sra vagy a kempingez\u00e9s k\u00f6zbeni kikapcsol\u00f3d\u00e1sra.   <\/p><p data-start=\"640\" data-end=\"958\">\ud83d\udccd Legjobb: <strong data-start=\"643\" data-end=\"656\">kezd\u0151knek \u00e9s alkalmi<\/strong> sz\u00f6rf\u00f6s\u00f6knek<br data-start=\"683\" data-end=\"686\">\ud83c\udf0a <strong data-start=\"689\" data-end=\"703\">Hull\u00e1mt\u00edpus: l\u00e1gy beach<\/strong> break kis, bar\u00e1ts\u00e1gos hull\u00e1mokkal<br data-start=\"749\" data-end=\"752\">\ud83d\udca8 Sz\u00e9l: <strong data-start=\"755\" data-end=\"764\">az \u00e9szaknyugati<\/strong> sz\u00e9l a tenger fel\u0151l f\u00faj \u00e9s a legtiszt\u00e1bb felt\u00e9teleket k\u00edn\u00e1lja<br data-start=\"822\" data-end=\"825\">\u23f0 <strong data-start=\"827\" data-end=\"841\">Legjobb dag\u00e1ly:<\/strong> dag\u00e1ly <strong data-start=\"827\" data-end=\"841\">k\u00f6zep\u00e9n<\/strong><br data-start=\"850\" data-end=\"853\"><strong data-start=\"856\" data-end=\"880\">\u2714\ufe0f Mi\u00e9rt<\/strong> szeretik <strong data-start=\"856\" data-end=\"880\">a sz\u00f6rf\u00f6s\u00f6k<\/strong>: k\u00f6zel Faro v\u00e1ros\u00e1hoz, nyugodt hangulat, hossz\u00fa homokos strand, ide\u00e1lis a k\u00f6nny\u0171 session\u00f6kh\u00f6z.<\/p>\t\t\t\t\t\t\t\t<\/div>\n\t\t\t\t<\/div>\n\t\t\t\t<div class=\"elementor-element elementor-element-a205158 elementor-widget elementor-widget-image\" data-id=\"a205158\" data-element_type=\"widget\" data-e-type=\"widget\" data-widget_type=\"image.default\">\n\t\t\t\t<div class=\"elementor-widget-container\">\n\t\t\t\t\t\t\t\t\t\t\t\t\t\t\t<img fetchpriority=\"high\" decoding=\"async\" width=\"800\" height=\"533\" src=\"https:\/\/oceancamper.com\/wp-content\/uploads\/2020\/12\/praia-de-faro-algarve-surf-spot.jpg\" class=\"attachment-large size-large wp-image-211682\" alt=\"Praia de Faro homokos d\u0171n\u00e9kkel, k\u00e9k v\u00edzzel \u00e9s kis tengerparti h\u00e1zakkal - nyugodt d\u00e9li parti sz\u00f6rf\u00f6s hely Faro k\u00f6zel\u00e9ben.\" srcset=\"https:\/\/oceancamper.com\/wp-content\/uploads\/2020\/12\/praia-de-faro-algarve-surf-spot.jpg 960w, https:\/\/oceancamper.com\/wp-content\/uploads\/2020\/12\/praia-de-faro-algarve-surf-spot-300x200.jpg 300w, https:\/\/oceancamper.com\/wp-content\/uploads\/2020\/12\/praia-de-faro-algarve-surf-spot-768x512.jpg 768w, https:\/\/oceancamper.com\/wp-content\/uploads\/2020\/12\/praia-de-faro-algarve-surf-spot-240x160.jpg 240w\" sizes=\"(max-width: 800px) 100vw, 800px\" \/>\t\t\t\t\t\t\t\t\t\t\t\t\t\t\t<\/div>\n\t\t\t\t<\/div>\n\t\t\t\t<div class=\"elementor-element elementor-element-f1373b4 elementor-widget elementor-widget-text-editor\" data-id=\"f1373b4\" data-element_type=\"widget\" data-e-type=\"widget\" data-widget_type=\"text-editor.default\">\n\t\t\t\t<div class=\"elementor-widget-container\">\n\t\t\t\t\t\t\t\t\t<article class=\"text-token-text-primary w-full focus:outline-none [--shadow-height:45px] has-data-writing-block:pointer-events-none has-data-writing-block:-mt-(--shadow-height) has-data-writing-block:pt-(--shadow-height) [&amp;:has([data-writing-block])&gt;*]:pointer-events-auto [content-visibility:auto] supports-[content-visibility:auto]:[contain-intrinsic-size:auto_100lvh] scroll-mt-[calc(var(--header-height)+min(200px,max(70px,20svh)))]\" dir=\"auto\" tabindex=\"-1\" data-turn-id=\"request-690b80b8-681c-8328-a668-6f1632121521-9\" data-testid=\"conversation-turn-20\" data-scroll-anchor=\"true\" data-turn=\"assistant\"><div class=\"text-base my-auto mx-auto pb-10 [--thread-content-margin:--spacing(4)] thread-sm:[--thread-content-margin:--spacing(6)] thread-lg:[--thread-content-margin:--spacing(16)] px-(--thread-content-margin)\"><div class=\"[--thread-content-max-width:40rem] thread-lg:[--thread-content-max-width:48rem] mx-auto max-w-(--thread-content-max-width) flex-1 group\/turn-messages focus-visible:outline-hidden relative flex w-full min-w-0 flex-col agent-turn\" tabindex=\"-1\"><div class=\"flex max-w-full flex-col grow\"><div class=\"min-h-8 text-message relative flex w-full flex-col items-end gap-2 text-start break-words whitespace-normal [.text-message+&amp;]:mt-1\" dir=\"auto\" data-message-author-role=\"assistant\" data-message-id=\"a1783eff-211e-4f98-9e0d-bab357f1c873\" data-message-model-slug=\"gpt-5\"><div class=\"flex w-full flex-col gap-1 empty:hidden first:pt-[1px]\"><div class=\"markdown prose dark:prose-invert w-full break-words dark markdown-new-styling\"><p data-start=\"75\" data-end=\"156\">A &#8222;Praia de Faro &#8211; Portugal (6697971433).jpg&#8221; c\u00edm\u0171 f\u00e9nyk\u00e9pet Vitor Oliveira k\u00e9sz\u00edtette, <a class=\"external text\" href=\"https:\/\/www.flickr.com\/people\/21446942@N00\" rel=\"nofollow\">CC BY 3.0 licenc alatt<\/a>.<\/p><\/div><\/div><\/div><\/div><\/div><\/div><\/article>\t\t\t\t\t\t\t\t<\/div>\n\t\t\t\t<\/div>\n\t\t\t\t<div class=\"elementor-element elementor-element-acce31d elementor-align-left elementor-tablet-align-left elementor-mobile-align-left elementor-widget elementor-widget-button\" data-id=\"acce31d\" data-element_type=\"widget\" data-e-type=\"widget\" data-widget_type=\"button.default\">\n\t\t\t\t<div class=\"elementor-widget-container\">\n\t\t\t\t\t\t\t\t\t<div class=\"elementor-button-wrapper\">\n\t\t\t\t\t<a class=\"elementor-button elementor-button-link elementor-size-sm elementor-animation-pop\" href=\"https:\/\/www.google.pt\/maps\/place\/Praia+de+Faro,+Faro\/@37.0065086,-8.0028585,14.5z\/data=!4m5!3m4!1s0xd054d17b6c6a4b1:0x9dc0486c9387786e!8m2!3d37.0082108!4d-7.9947287?shorturl=1\" target=\"_blank\">\n\t\t\t\t\t\t<span class=\"elementor-button-content-wrapper\">\n\t\t\t\t\t\t\t\t\t<span class=\"elementor-button-text\">T\u00e9rk\u00e9p itt<\/span>\n\t\t\t\t\t<\/span>\n\t\t\t\t\t<\/a>\n\t\t\t\t<\/div>\n\t\t\t\t\t\t\t\t<\/div>\n\t\t\t\t<\/div>\n\t\t\t\t\t<\/div>\n\t\t<\/div>\n\t\t\t\t\t<\/div>\n\t\t<\/section>\n\t\t\t\t<section class=\"elementor-section elementor-top-section elementor-element elementor-element-ff150f7 elementor-section-stretched elementor-section-boxed elementor-section-height-default elementor-section-height-default\" data-id=\"ff150f7\" data-element_type=\"section\" data-e-type=\"section\" data-settings=\"{&quot;stretch_section&quot;:&quot;section-stretched&quot;,&quot;background_background&quot;:&quot;classic&quot;}\">\n\t\t\t\t\t\t<div class=\"elementor-container elementor-column-gap-default\">\n\t\t\t\t\t<div class=\"elementor-column elementor-col-100 elementor-top-column elementor-element elementor-element-6d50de5\" data-id=\"6d50de5\" data-element_type=\"column\" data-e-type=\"column\">\n\t\t\t<div class=\"elementor-widget-wrap elementor-element-populated\">\n\t\t\t\t\t\t<div class=\"elementor-element elementor-element-cf34c6b elementor-widget elementor-widget-heading\" data-id=\"cf34c6b\" data-element_type=\"widget\" data-e-type=\"widget\" id=\"alentejo\" data-widget_type=\"heading.default\">\n\t\t\t\t<div class=\"elementor-widget-container\">\n\t\t\t\t\t<h2 class=\"elementor-heading-title elementor-size-default\">\ud83c\udf05 A legjobb sz\u00f6rf\u00f6s strandok Alentejo-ban<\/h2>\t\t\t\t<\/div>\n\t\t\t\t<\/div>\n\t\t\t\t\t<\/div>\n\t\t<\/div>\n\t\t\t\t\t<\/div>\n\t\t<\/section>\n\t\t\t\t<section class=\"elementor-section elementor-top-section elementor-element elementor-element-de08e95 elementor-section-stretched elementor-section-boxed elementor-section-height-default elementor-section-height-default\" data-id=\"de08e95\" data-element_type=\"section\" data-e-type=\"section\" data-settings=\"{&quot;stretch_section&quot;:&quot;section-stretched&quot;,&quot;background_background&quot;:&quot;classic&quot;}\">\n\t\t\t\t\t\t<div class=\"elementor-container elementor-column-gap-default\">\n\t\t\t\t\t<div class=\"elementor-column elementor-col-100 elementor-top-column elementor-element elementor-element-d39004c\" data-id=\"d39004c\" data-element_type=\"column\" data-e-type=\"column\">\n\t\t\t<div class=\"elementor-widget-wrap elementor-element-populated\">\n\t\t\t\t\t\t<div class=\"elementor-element elementor-element-e3da95d elementor-widget elementor-widget-heading\" data-id=\"e3da95d\" data-element_type=\"widget\" data-e-type=\"widget\" id=\"Odeceixe\" data-widget_type=\"heading.default\">\n\t\t\t\t<div class=\"elementor-widget-container\">\n\t\t\t\t\t<h2 class=\"elementor-heading-title elementor-size-default\">1. Odeceixe strand<\/h2>\t\t\t\t<\/div>\n\t\t\t\t<\/div>\n\t\t\t\t<div class=\"elementor-element elementor-element-0ac0f47 elementor-widget elementor-widget-text-editor\" data-id=\"0ac0f47\" data-element_type=\"widget\" data-e-type=\"widget\" data-widget_type=\"text-editor.default\">\n\t\t\t\t<div class=\"elementor-widget-container\">\n\t\t\t\t\t\t\t\t\t<p data-start=\"172\" data-end=\"700\">Odeceixe Portug\u00e1lia egyik legk\u00fcl\u00f6nlegesebb sz\u00f6rf\u00f6s strandja, amely a Seixe foly\u00f3 torkolat\u00e1n\u00e1l tal\u00e1lhat\u00f3, ahol Algarve \u00e9s Alentejo tal\u00e1lkozik. A foly\u00f3 egy gy\u00f6ny\u00f6r\u0171, sz\u00e9les \u00f6bl\u00f6t hoz l\u00e9tre szel\u00edd cs\u00facsokkal, amelyek a kisebb hull\u00e1mokon t\u00f6k\u00e9letesek a kezd\u0151knek, m\u00edg a nagyobb napokon a halad\u00f3knak sz\u00f3rakoztat\u00f3, hull\u00e1mz\u00f3 hull\u00e1mokat k\u00edn\u00e1lnak. A szikl\u00e1k, d\u0171n\u00e9k \u00e9s a foly\u00f3 fest\u0151i kever\u00e9ke a Vicentina-partot felfedez\u0151 kir\u00e1ndul\u00f3k kedvenc meg\u00e1ll\u00f3hely\u00e9v\u00e9 teszi. A strandon sok hely, k\u00f6nny\u0171 parkol\u00e1si lehet\u0151s\u00e9g \u00e9s b\u00e9k\u00e9s, term\u00e9szetes hangulat uralkodik &#8211; ide\u00e1lis a nyugodt sz\u00f6rf\u00f6s napokhoz.   <\/p><p data-start=\"702\" data-end=\"1032\">\ud83d\udccd Legjobb: <strong data-start=\"705\" data-end=\"718\">kezd\u0151knek \u00e9s halad\u00f3knak<\/strong><br data-start=\"745\" data-end=\"748\">\ud83c\udf0a <strong data-start=\"751\" data-end=\"765\">Hull\u00e1mt\u00edpus: l\u00e1gy tengerparti<\/strong> hull\u00e1mt\u00f6r\u00e9s foly\u00f3sz\u00e9li hat\u00e1ssal<br data-start=\"811\" data-end=\"814\">\ud83d\udca8 <strong data-start=\"817\" data-end=\"826\">Sz\u00e9l: a keleti<\/strong> vagy \u00e9szakkeleti sz\u00e9l k\u00edn\u00e1lja a legtiszt\u00e1bb felt\u00e9teleket<br data-start=\"876\" data-end=\"879\"><strong data-start=\"881\" data-end=\"895\">\u23f0 Legjobb dag\u00e1ly:<\/strong> dag\u00e1ly k\u00f6zepe<br data-start=\"904\" data-end=\"907\"><strong data-start=\"910\" data-end=\"934\">\u2714\ufe0f Mi\u00e9rt<\/strong> szeretik <strong data-start=\"910\" data-end=\"934\">a sz\u00f6rf\u00f6s\u00f6k<\/strong>: fest\u0151i foly\u00f3sz\u00e9li k\u00f6rnyezet, sz\u00f3rakoztat\u00f3, bar\u00e1ts\u00e1gos hull\u00e1mok, t\u00e1gas \u00f6b\u00f6l, t\u00f6k\u00e9letes a nyugodt sz\u00f6rf\u00f6z\u00e9shez.<\/p>\t\t\t\t\t\t\t\t<\/div>\n\t\t\t\t<\/div>\n\t\t\t\t<div class=\"elementor-element elementor-element-f5b74c4 elementor-widget elementor-widget-image\" data-id=\"f5b74c4\" data-element_type=\"widget\" data-e-type=\"widget\" data-widget_type=\"image.default\">\n\t\t\t\t<div class=\"elementor-widget-container\">\n\t\t\t\t\t\t\t\t\t\t\t\t\t\t\t<img decoding=\"async\" width=\"800\" height=\"533\" src=\"https:\/\/oceancamper.com\/wp-content\/uploads\/2020\/12\/odeceixe-beach-alentejo-algarve-surf-spot.jpg\" class=\"attachment-large size-large wp-image-211683\" alt=\"Odeceixe Beach foly\u00f3torkolattal, sz\u00e9les homokos \u00f6b\u00f6llel \u00e9s szel\u00edd sz\u00f6rfvonalakkal - fest\u0151i Algarve-Alentejo sz\u00f6rf\u00f6s hely.\" srcset=\"https:\/\/oceancamper.com\/wp-content\/uploads\/2020\/12\/odeceixe-beach-alentejo-algarve-surf-spot.jpg 960w, https:\/\/oceancamper.com\/wp-content\/uploads\/2020\/12\/odeceixe-beach-alentejo-algarve-surf-spot-300x200.jpg 300w, https:\/\/oceancamper.com\/wp-content\/uploads\/2020\/12\/odeceixe-beach-alentejo-algarve-surf-spot-768x512.jpg 768w, https:\/\/oceancamper.com\/wp-content\/uploads\/2020\/12\/odeceixe-beach-alentejo-algarve-surf-spot-240x160.jpg 240w\" sizes=\"(max-width: 800px) 100vw, 800px\" \/>\t\t\t\t\t\t\t\t\t\t\t\t\t\t\t<\/div>\n\t\t\t\t<\/div>\n\t\t\t\t<div class=\"elementor-element elementor-element-78bb875 elementor-widget elementor-widget-text-editor\" data-id=\"78bb875\" data-element_type=\"widget\" data-e-type=\"widget\" data-widget_type=\"text-editor.default\">\n\t\t\t\t<div class=\"elementor-widget-container\">\n\t\t\t\t\t\t\t\t\t<article class=\"text-token-text-primary w-full focus:outline-none [--shadow-height:45px] has-data-writing-block:pointer-events-none has-data-writing-block:-mt-(--shadow-height) has-data-writing-block:pt-(--shadow-height) [&amp;:has([data-writing-block])&gt;*]:pointer-events-auto [content-visibility:auto] supports-[content-visibility:auto]:[contain-intrinsic-size:auto_100lvh] scroll-mt-[calc(var(--header-height)+min(200px,max(70px,20svh)))]\" dir=\"auto\" tabindex=\"-1\" data-turn-id=\"request-690b80b8-681c-8328-a668-6f1632121521-9\" data-testid=\"conversation-turn-20\" data-scroll-anchor=\"true\" data-turn=\"assistant\"><div class=\"text-base my-auto mx-auto pb-10 [--thread-content-margin:--spacing(4)] thread-sm:[--thread-content-margin:--spacing(6)] thread-lg:[--thread-content-margin:--spacing(16)] px-(--thread-content-margin)\"><div class=\"[--thread-content-max-width:40rem] thread-lg:[--thread-content-max-width:48rem] mx-auto max-w-(--thread-content-max-width) flex-1 group\/turn-messages focus-visible:outline-hidden relative flex w-full min-w-0 flex-col agent-turn\" tabindex=\"-1\"><div class=\"flex max-w-full flex-col grow\"><div class=\"min-h-8 text-message relative flex w-full flex-col items-end gap-2 text-start break-words whitespace-normal [.text-message+&amp;]:mt-1\" dir=\"auto\" data-message-author-role=\"assistant\" data-message-id=\"a1783eff-211e-4f98-9e0d-bab357f1c873\" data-message-model-slug=\"gpt-5\"><div class=\"flex w-full flex-col gap-1 empty:hidden first:pt-[1px]\"><div class=\"markdown prose dark:prose-invert w-full break-words dark markdown-new-styling\"><p data-start=\"75\" data-end=\"156\">A &#8222;Aljezur &#8211; Odeceixe-3 (48890405646).jpg&#8221; c\u00edm\u0171 f\u00e9nyk\u00e9pet Ot\u00e1vio Nogueira k\u00e9sz\u00edtette, <a class=\"external text\" href=\"https:\/\/www.flickr.com\/people\/55953988@N00\" rel=\"nofollow\">CC BY 3.0 licenc alatt<\/a>.<\/p><\/div><\/div><\/div><\/div><\/div><\/div><\/article>\t\t\t\t\t\t\t\t<\/div>\n\t\t\t\t<\/div>\n\t\t\t\t<div class=\"elementor-element elementor-element-1afc78b elementor-align-left elementor-tablet-align-left elementor-mobile-align-left elementor-widget elementor-widget-button\" data-id=\"1afc78b\" data-element_type=\"widget\" data-e-type=\"widget\" data-widget_type=\"button.default\">\n\t\t\t\t<div class=\"elementor-widget-container\">\n\t\t\t\t\t\t\t\t\t<div class=\"elementor-button-wrapper\">\n\t\t\t\t\t<a class=\"elementor-button elementor-button-link elementor-size-sm elementor-animation-pop\" href=\"https:\/\/maps.app.goo.gl\/kbS1RV7VcwyyLAjn9\" target=\"_blank\">\n\t\t\t\t\t\t<span class=\"elementor-button-content-wrapper\">\n\t\t\t\t\t\t\t\t\t<span class=\"elementor-button-text\">T\u00e9rk\u00e9p itt<\/span>\n\t\t\t\t\t<\/span>\n\t\t\t\t\t<\/a>\n\t\t\t\t<\/div>\n\t\t\t\t\t\t\t\t<\/div>\n\t\t\t\t<\/div>\n\t\t\t\t\t<\/div>\n\t\t<\/div>\n\t\t\t\t\t<\/div>\n\t\t<\/section>\n\t\t\t\t<section class=\"elementor-section elementor-top-section elementor-element elementor-element-7ecea5d elementor-section-stretched elementor-section-boxed elementor-section-height-default elementor-section-height-default\" data-id=\"7ecea5d\" data-element_type=\"section\" data-e-type=\"section\" data-settings=\"{&quot;stretch_section&quot;:&quot;section-stretched&quot;,&quot;background_background&quot;:&quot;classic&quot;}\">\n\t\t\t\t\t\t<div class=\"elementor-container elementor-column-gap-default\">\n\t\t\t\t\t<div class=\"elementor-column elementor-col-100 elementor-top-column elementor-element elementor-element-d77b13d\" data-id=\"d77b13d\" data-element_type=\"column\" data-e-type=\"column\">\n\t\t\t<div class=\"elementor-widget-wrap elementor-element-populated\">\n\t\t\t\t\t\t<div class=\"elementor-element elementor-element-5e9c669 elementor-widget elementor-widget-heading\" data-id=\"5e9c669\" data-element_type=\"widget\" data-e-type=\"widget\" id=\"Zambujeira\" data-widget_type=\"heading.default\">\n\t\t\t\t<div class=\"elementor-widget-container\">\n\t\t\t\t\t<h2 class=\"elementor-heading-title elementor-size-default\">2. Zambujeira do Mar<\/h2>\t\t\t\t<\/div>\n\t\t\t\t<\/div>\n\t\t\t\t<div class=\"elementor-element elementor-element-adc7331 elementor-widget elementor-widget-text-editor\" data-id=\"adc7331\" data-element_type=\"widget\" data-e-type=\"widget\" data-widget_type=\"text-editor.default\">\n\t\t\t\t<div class=\"elementor-widget-container\">\n\t\t\t\t\t\t\t\t\t<p data-start=\"170\" data-end=\"735\">Zambujeira do Mar egy fest\u0151i sz\u00f6rf\u00f6s strand, amely dr\u00e1mai szikl\u00e1k alatt ter\u00fcl el, b\u00e9k\u00e9s falusi hangulatot \u00e9s tiszta, egyenletes hull\u00e1mokat k\u00edn\u00e1l. A strand egy sz\u00e9les, homokos \u00f6b\u00f6lben h\u00faz\u00f3dik, t\u00f6bb cs\u00faccsal, amelyek a kis \u00e9s k\u00f6zepes hull\u00e1mok eset\u00e9n m\u0171k\u00f6dnek a legjobban, \u00edgy kiv\u00e1l\u00f3 hely a magabiztos kezd\u0151knek \u00e9s a halad\u00f3knak. Fest\u0151i k\u00f6rnyezet\u00e9nek \u00e9s nyugodt hangulat\u00e1nak k\u00f6sz\u00f6nhet\u0151en az Alentejo partvid\u00e9k\u00e9t felfedez\u0151 sz\u00f6rf\u00f6s\u00f6k kedvence. B\u00e1r itt nem olyan nagy a hull\u00e1mz\u00e1s, mint a d\u00e9li, nyugati parton fekv\u0151, kitett strandokon, gyakran sz\u00f3rakoztat\u00f3, j\u00e1t\u00e9kos hull\u00e1mokat k\u00edn\u00e1l, kevesebb embert\u00f6meggel.   <\/p><p data-start=\"737\" data-end=\"1053\">\ud83d\udccd Legjobb: <strong data-start=\"740\" data-end=\"753\">halad\u00f3knak;<\/strong> kezd\u0151knek kis hull\u00e1mokon<br data-start=\"794\" data-end=\"797\">\ud83c\udf0a Hull\u00e1mt\u00edpus: <strong data-start=\"800\" data-end=\"814\">tengerparti hull\u00e1mt\u00f6r\u00e9s<\/strong> t\u00f6bb v\u00e1ltakoz\u00f3 <strong data-start=\"800\" data-end=\"814\">cs\u00facsokkal<\/strong><br data-start=\"855\" data-end=\"858\">\ud83d\udca8 Sz\u00e9l: <strong data-start=\"861\" data-end=\"870\">keleti vagy \u00e9szakkeleti sz\u00e9l<\/strong> tiszta k\u00f6r\u00fclm\u00e9nyeket biztos\u00edt<br data-start=\"914\" data-end=\"917\">\u23f0 <strong data-start=\"919\" data-end=\"933\">Legjobb dag\u00e1ly:<\/strong> dag\u00e1ly <strong data-start=\"919\" data-end=\"933\">k\u00f6zepe<\/strong><br data-start=\"942\" data-end=\"945\"><strong data-start=\"948\" data-end=\"972\">\u2714\ufe0f Mi\u00e9rt<\/strong> szeretik <strong data-start=\"948\" data-end=\"972\">a sz\u00f6rf\u00f6s\u00f6k<\/strong>: fest\u0151i szikl\u00e1k, nyugodt falu, sz\u00f3rakoztat\u00f3 cs\u00facsok, csendesebb, mint a d\u00e9li algarvei helyek.<\/p>\t\t\t\t\t\t\t\t<\/div>\n\t\t\t\t<\/div>\n\t\t\t\t<div class=\"elementor-element elementor-element-ffae7a6 elementor-widget elementor-widget-image\" data-id=\"ffae7a6\" data-element_type=\"widget\" data-e-type=\"widget\" data-widget_type=\"image.default\">\n\t\t\t\t<div class=\"elementor-widget-container\">\n\t\t\t\t\t\t\t\t\t\t\t\t\t\t\t<img decoding=\"async\" width=\"800\" height=\"533\" src=\"https:\/\/oceancamper.com\/wp-content\/uploads\/2020\/12\/zambujeira-do-mar-alentejo-surf-spot.jpg\" class=\"attachment-large size-large wp-image-211685\" alt=\"Zambujeira do Mar strand szikl\u00e1kkal, kis \u00f6b\u00f6llel \u00e9s tiszta sz\u00f6rfvonalakkal - fest\u0151i Alentejo sz\u00f6rfhely Portug\u00e1li\u00e1ban.\" srcset=\"https:\/\/oceancamper.com\/wp-content\/uploads\/2020\/12\/zambujeira-do-mar-alentejo-surf-spot.jpg 960w, https:\/\/oceancamper.com\/wp-content\/uploads\/2020\/12\/zambujeira-do-mar-alentejo-surf-spot-300x200.jpg 300w, https:\/\/oceancamper.com\/wp-content\/uploads\/2020\/12\/zambujeira-do-mar-alentejo-surf-spot-768x512.jpg 768w, https:\/\/oceancamper.com\/wp-content\/uploads\/2020\/12\/zambujeira-do-mar-alentejo-surf-spot-240x160.jpg 240w\" sizes=\"(max-width: 800px) 100vw, 800px\" \/>\t\t\t\t\t\t\t\t\t\t\t\t\t\t\t<\/div>\n\t\t\t\t<\/div>\n\t\t\t\t<div class=\"elementor-element elementor-element-46693cc elementor-widget elementor-widget-text-editor\" data-id=\"46693cc\" data-element_type=\"widget\" data-e-type=\"widget\" data-widget_type=\"text-editor.default\">\n\t\t\t\t<div class=\"elementor-widget-container\">\n\t\t\t\t\t\t\t\t\t<article class=\"text-token-text-primary w-full focus:outline-none [--shadow-height:45px] has-data-writing-block:pointer-events-none has-data-writing-block:-mt-(--shadow-height) has-data-writing-block:pt-(--shadow-height) [&amp;:has([data-writing-block])&gt;*]:pointer-events-auto [content-visibility:auto] supports-[content-visibility:auto]:[contain-intrinsic-size:auto_100lvh] scroll-mt-[calc(var(--header-height)+min(200px,max(70px,20svh)))]\" dir=\"auto\" tabindex=\"-1\" data-turn-id=\"request-690b80b8-681c-8328-a668-6f1632121521-9\" data-testid=\"conversation-turn-20\" data-scroll-anchor=\"true\" data-turn=\"assistant\"><div class=\"text-base my-auto mx-auto pb-10 [--thread-content-margin:--spacing(4)] thread-sm:[--thread-content-margin:--spacing(6)] thread-lg:[--thread-content-margin:--spacing(16)] px-(--thread-content-margin)\"><div class=\"[--thread-content-max-width:40rem] thread-lg:[--thread-content-max-width:48rem] mx-auto max-w-(--thread-content-max-width) flex-1 group\/turn-messages focus-visible:outline-hidden relative flex w-full min-w-0 flex-col agent-turn\" tabindex=\"-1\"><div class=\"flex max-w-full flex-col grow\"><div class=\"min-h-8 text-message relative flex w-full flex-col items-end gap-2 text-start break-words whitespace-normal [.text-message+&amp;]:mt-1\" dir=\"auto\" data-message-author-role=\"assistant\" data-message-id=\"a1783eff-211e-4f98-9e0d-bab357f1c873\" data-message-model-slug=\"gpt-5\"><div class=\"flex w-full flex-col gap-1 empty:hidden first:pt-[1px]\"><div class=\"markdown prose dark:prose-invert w-full break-words dark markdown-new-styling\"><p data-start=\"75\" data-end=\"156\">A &#8222;Odemira &#8211; Zambujeira do Mar (48885308782).jpg&#8221; c\u00edm\u0171 f\u00e9nyk\u00e9pet Ot\u00e1vio Nogueira k\u00e9sz\u00edtette, <a class=\"external text\" href=\"https:\/\/www.flickr.com\/people\/55953988@N00\" rel=\"nofollow\">a CC BY 3.0 licenc alatt<\/a>.<\/p><\/div><\/div><\/div><\/div><\/div><\/div><\/article>\t\t\t\t\t\t\t\t<\/div>\n\t\t\t\t<\/div>\n\t\t\t\t<div class=\"elementor-element elementor-element-a629417 elementor-align-left elementor-tablet-align-left elementor-mobile-align-left elementor-widget elementor-widget-button\" data-id=\"a629417\" data-element_type=\"widget\" data-e-type=\"widget\" data-widget_type=\"button.default\">\n\t\t\t\t<div class=\"elementor-widget-container\">\n\t\t\t\t\t\t\t\t\t<div class=\"elementor-button-wrapper\">\n\t\t\t\t\t<a class=\"elementor-button elementor-button-link elementor-size-sm elementor-animation-pop\" href=\"https:\/\/maps.app.goo.gl\/1z7ajhsNwdVe429S9\" target=\"_blank\">\n\t\t\t\t\t\t<span class=\"elementor-button-content-wrapper\">\n\t\t\t\t\t\t\t\t\t<span class=\"elementor-button-text\">T\u00e9rk\u00e9p itt<\/span>\n\t\t\t\t\t<\/span>\n\t\t\t\t\t<\/a>\n\t\t\t\t<\/div>\n\t\t\t\t\t\t\t\t<\/div>\n\t\t\t\t<\/div>\n\t\t\t\t\t<\/div>\n\t\t<\/div>\n\t\t\t\t\t<\/div>\n\t\t<\/section>\n\t\t\t\t<section class=\"elementor-section elementor-top-section elementor-element elementor-element-9132c44 elementor-section-stretched elementor-section-boxed elementor-section-height-default elementor-section-height-default\" data-id=\"9132c44\" data-element_type=\"section\" data-e-type=\"section\" data-settings=\"{&quot;stretch_section&quot;:&quot;section-stretched&quot;,&quot;background_background&quot;:&quot;classic&quot;}\">\n\t\t\t\t\t\t<div class=\"elementor-container elementor-column-gap-default\">\n\t\t\t\t\t<div class=\"elementor-column elementor-col-100 elementor-top-column elementor-element elementor-element-aa9bbea\" data-id=\"aa9bbea\" data-element_type=\"column\" data-e-type=\"column\">\n\t\t\t<div class=\"elementor-widget-wrap elementor-element-populated\">\n\t\t\t\t\t\t<div class=\"elementor-element elementor-element-0d97899 elementor-widget elementor-widget-heading\" data-id=\"0d97899\" data-element_type=\"widget\" data-e-type=\"widget\" id=\"Malh\u00e3o\" data-widget_type=\"heading.default\">\n\t\t\t\t<div class=\"elementor-widget-container\">\n\t\t\t\t\t<h2 class=\"elementor-heading-title elementor-size-default\">3. Malh\u00e3o strand (Vila Nova de Milfontes)<\/h2>\t\t\t\t<\/div>\n\t\t\t\t<\/div>\n\t\t\t\t<div class=\"elementor-element elementor-element-5ef8c9b elementor-widget elementor-widget-text-editor\" data-id=\"5ef8c9b\" data-element_type=\"widget\" data-e-type=\"widget\" data-widget_type=\"text-editor.default\">\n\t\t\t\t<div class=\"elementor-widget-container\">\n\t\t\t\t\t\t\t\t\t<p data-start=\"168\" data-end=\"687\">Malh\u00e3o Alentejo egyik legvadabb \u00e9s legterjedelmesebb sz\u00f6rf\u00f6s strandja, amely zord d\u0171n\u00e9ir\u0151l, sz\u00e9les homokos \u00f6bl\u00e9r\u0151l \u00e9s er\u0151teljes atlanti kitetts\u00e9g\u00e9r\u0151l ismert. A tengerparton sok hull\u00e1mz\u00e1s \u00e9ri, \u00e9s t\u00f6bbsz\u00f6r\u00f6s hull\u00e1mhegyek v\u00e1ltakoznak, \u00edgy gyors, kih\u00edv\u00e1st jelent\u0151 hull\u00e1mok alakulnak ki, amelyek legink\u00e1bb a halad\u00f3 sz\u00f6rf\u00f6s\u00f6k sz\u00e1m\u00e1ra alkalmasak. T\u00e1voli hangulata \u00e9s term\u00e9szeti sz\u00e9ps\u00e9ge vonzza a furgonosokat \u00e9s a sz\u00f6rf\u00f6s kir\u00e1ndul\u00f3kat, akik a t\u00e9rre, a mag\u00e1nyra \u00e9s a nyers \u00f3ce\u00e1ni energi\u00e1ra v\u00e1gynak. Kisebb napokon Malh\u00e3o a magabiztos halad\u00f3k sz\u00e1m\u00e1ra is sz\u00f3rakoztat\u00f3, hull\u00e1mz\u00f3 k\u00f6r\u00fclm\u00e9nyeket k\u00edn\u00e1l.   <\/p><p data-start=\"689\" data-end=\"1034\">\ud83d\udccd Legjobb: <strong data-start=\"692\" data-end=\"705\">halad\u00f3 sz\u00f6rf\u00f6s\u00f6knek<\/strong>; kisebb hull\u00e1mokon halad\u00f3knak<br data-start=\"755\" data-end=\"758\">\ud83c\udf0a Hull\u00e1mt\u00edpus: <strong data-start=\"761\" data-end=\"775\">er\u0151teljes beach<\/strong> break, t\u00f6bbsz\u00f6r\u00f6sen v\u00e1ltoz\u00f3 cs\u00facsokkal<br data-start=\"825\" data-end=\"828\">\ud83d\udca8 Sz\u00e9l: <strong data-start=\"831\" data-end=\"840\">keleti vagy \u00e9szakkeleti sz\u00e9l<\/strong> adja a legtiszt\u00e1bb felt\u00e9teleket<br data-start=\"884\" data-end=\"887\">\u23f0 <strong data-start=\"889\" data-end=\"903\">Legjobb dag\u00e1ly:<\/strong> dag\u00e1ly <strong data-start=\"889\" data-end=\"903\">k\u00f6zep\u00e9n<\/strong><br data-start=\"912\" data-end=\"915\"><strong data-start=\"918\" data-end=\"942\">\u2714\ufe0f Mi\u00e9rt<\/strong> szeretik <strong data-start=\"918\" data-end=\"942\">a sz\u00f6rf\u00f6s\u00f6k<\/strong>: t\u00e1voli hangulat, er\u0151s hull\u00e1mz\u00e1s, gy\u00f6ny\u00f6r\u0171 d\u0171n\u00e9k, sok hely az \u00f6b\u00f6lben.<\/p>\t\t\t\t\t\t\t\t<\/div>\n\t\t\t\t<\/div>\n\t\t\t\t<div class=\"elementor-element elementor-element-47ce17e elementor-widget elementor-widget-image\" data-id=\"47ce17e\" data-element_type=\"widget\" data-e-type=\"widget\" data-widget_type=\"image.default\">\n\t\t\t\t<div class=\"elementor-widget-container\">\n\t\t\t\t\t\t\t\t\t\t\t\t\t\t\t<img loading=\"lazy\" decoding=\"async\" width=\"800\" height=\"533\" src=\"https:\/\/oceancamper.com\/wp-content\/uploads\/2020\/12\/malhao-beach-alentejo-surf-spot.jpg\" class=\"attachment-large size-large wp-image-211684\" alt=\"Malh\u00e3o Beach f\u00e1b\u00f3l k\u00e9sz\u00fclt s\u00e9t\u00e1ny, kil\u00e1t\u00e1ssal a sz\u00e9les homokos tengerpartra \u00e9s a tiszta sz\u00f6rfvonalakra - vad Alentejo sz\u00f6rf\u00f6s hely.\" srcset=\"https:\/\/oceancamper.com\/wp-content\/uploads\/2020\/12\/malhao-beach-alentejo-surf-spot.jpg 960w, https:\/\/oceancamper.com\/wp-content\/uploads\/2020\/12\/malhao-beach-alentejo-surf-spot-300x200.jpg 300w, https:\/\/oceancamper.com\/wp-content\/uploads\/2020\/12\/malhao-beach-alentejo-surf-spot-768x511.jpg 768w, https:\/\/oceancamper.com\/wp-content\/uploads\/2020\/12\/malhao-beach-alentejo-surf-spot-240x160.jpg 240w\" sizes=\"(max-width: 800px) 100vw, 800px\" \/>\t\t\t\t\t\t\t\t\t\t\t\t\t\t\t<\/div>\n\t\t\t\t<\/div>\n\t\t\t\t<div class=\"elementor-element elementor-element-3a1c5cd elementor-widget elementor-widget-text-editor\" data-id=\"3a1c5cd\" data-element_type=\"widget\" data-e-type=\"widget\" data-widget_type=\"text-editor.default\">\n\t\t\t\t<div class=\"elementor-widget-container\">\n\t\t\t\t\t\t\t\t\t<article class=\"text-token-text-primary w-full focus:outline-none [--shadow-height:45px] has-data-writing-block:pointer-events-none has-data-writing-block:-mt-(--shadow-height) has-data-writing-block:pt-(--shadow-height) [&amp;:has([data-writing-block])&gt;*]:pointer-events-auto [content-visibility:auto] supports-[content-visibility:auto]:[contain-intrinsic-size:auto_100lvh] scroll-mt-[calc(var(--header-height)+min(200px,max(70px,20svh)))]\" dir=\"auto\" tabindex=\"-1\" data-turn-id=\"request-690b80b8-681c-8328-a668-6f1632121521-9\" data-testid=\"conversation-turn-20\" data-scroll-anchor=\"true\" data-turn=\"assistant\"><div class=\"text-base my-auto mx-auto pb-10 [--thread-content-margin:--spacing(4)] thread-sm:[--thread-content-margin:--spacing(6)] thread-lg:[--thread-content-margin:--spacing(16)] px-(--thread-content-margin)\"><div class=\"[--thread-content-max-width:40rem] thread-lg:[--thread-content-max-width:48rem] mx-auto max-w-(--thread-content-max-width) flex-1 group\/turn-messages focus-visible:outline-hidden relative flex w-full min-w-0 flex-col agent-turn\" tabindex=\"-1\"><div class=\"flex max-w-full flex-col grow\"><div class=\"min-h-8 text-message relative flex w-full flex-col items-end gap-2 text-start break-words whitespace-normal [.text-message+&amp;]:mt-1\" dir=\"auto\" data-message-author-role=\"assistant\" data-message-id=\"a1783eff-211e-4f98-9e0d-bab357f1c873\" data-message-model-slug=\"gpt-5\"><div class=\"flex w-full flex-col gap-1 empty:hidden first:pt-[1px]\"><div class=\"markdown prose dark:prose-invert w-full break-words dark markdown-new-styling\"><p data-start=\"75\" data-end=\"156\">F\u00e9nyk\u00e9p: Verne Times Two \/ <a href=\"www.julesvernex2.com\" target=\"_blank\" rel=\"noopener\">julesvernex2.com \/<\/a> <a href=\"https:\/\/commons.wikimedia.org\/wiki\/File:Malh%C3%A3o_Beach,_Fishermen%27s_Trail,_Vila_Nova_de_Milfontes_Portugal_julesvernex2.jpg\">CC-BY-SA-4.0.<\/a><\/p><\/div><\/div><\/div><\/div><\/div><\/div><\/article>\t\t\t\t\t\t\t\t<\/div>\n\t\t\t\t<\/div>\n\t\t\t\t<div class=\"elementor-element elementor-element-d565b8c elementor-align-left elementor-tablet-align-left elementor-mobile-align-left elementor-widget elementor-widget-button\" data-id=\"d565b8c\" data-element_type=\"widget\" data-e-type=\"widget\" data-widget_type=\"button.default\">\n\t\t\t\t<div class=\"elementor-widget-container\">\n\t\t\t\t\t\t\t\t\t<div class=\"elementor-button-wrapper\">\n\t\t\t\t\t<a class=\"elementor-button elementor-button-link elementor-size-sm elementor-animation-pop\" href=\"https:\/\/maps.app.goo.gl\/hY1jqD8JrU7thWgb8\" target=\"_blank\">\n\t\t\t\t\t\t<span class=\"elementor-button-content-wrapper\">\n\t\t\t\t\t\t\t\t\t<span class=\"elementor-button-text\">T\u00e9rk\u00e9p itt<\/span>\n\t\t\t\t\t<\/span>\n\t\t\t\t\t<\/a>\n\t\t\t\t<\/div>\n\t\t\t\t\t\t\t\t<\/div>\n\t\t\t\t<\/div>\n\t\t\t\t\t<\/div>\n\t\t<\/div>\n\t\t\t\t\t<\/div>\n\t\t<\/section>\n\t\t\t\t<section class=\"elementor-section elementor-top-section elementor-element elementor-element-b05de82 elementor-section-stretched elementor-section-boxed elementor-section-height-default elementor-section-height-default\" data-id=\"b05de82\" data-element_type=\"section\" data-e-type=\"section\" data-settings=\"{&quot;stretch_section&quot;:&quot;section-stretched&quot;,&quot;background_background&quot;:&quot;classic&quot;}\">\n\t\t\t\t\t\t<div class=\"elementor-container elementor-column-gap-default\">\n\t\t\t\t\t<div class=\"elementor-column elementor-col-100 elementor-top-column elementor-element elementor-element-3f96ed1\" data-id=\"3f96ed1\" data-element_type=\"column\" data-e-type=\"column\">\n\t\t\t<div class=\"elementor-widget-wrap elementor-element-populated\">\n\t\t\t\t\t\t<div class=\"elementor-element elementor-element-b0dd744 elementor-widget elementor-widget-heading\" data-id=\"b0dd744\" data-element_type=\"widget\" data-e-type=\"widget\" id=\"tropes\" data-widget_type=\"heading.default\">\n\t\t\t\t<div class=\"elementor-widget-container\">\n\t\t\t\t\t<h2 class=\"elementor-heading-title elementor-size-default\">4. S\u00e3o Torpes strand (Sines)<\/h2>\t\t\t\t<\/div>\n\t\t\t\t<\/div>\n\t\t\t\t<div class=\"elementor-element elementor-element-9acbe0f elementor-widget elementor-widget-text-editor\" data-id=\"9acbe0f\" data-element_type=\"widget\" data-e-type=\"widget\" data-widget_type=\"text-editor.default\">\n\t\t\t\t<div class=\"elementor-widget-container\">\n\t\t\t\t\t\t\t\t\t<p data-start=\"159\" data-end=\"627\">S\u00e3o Torpes egy j\u00f3l ismert alentejoi sz\u00f6rf\u00f6s hely, amely hossz\u00fa, puha hull\u00e1mair\u00f3l \u00e9s a k\u00f6rnyez\u0151 partokn\u00e1l kiss\u00e9 melegebb v\u00edz\u00e9r\u0151l h\u00edres. A strand sz\u00e9les \u00e9s homokos, t\u00f6bb szel\u00edd cs\u00faccsal, amelyek t\u00f6k\u00e9letesek kezd\u0151knek, longboardosoknak \u00e9s laza session\u00f6kre. \u00c1lland\u00f3, de megbocs\u00e1t\u00f3 k\u00f6r\u00fclm\u00e9nyeinek k\u00f6sz\u00f6nhet\u0151en S\u00e3o Torpes gyakran az egyik legk\u00f6nnyebb hely a r\u00e9gi\u00f3ban a sz\u00f6rf\u00f6z\u00e9s alapjainak megtanul\u00e1s\u00e1ra vagy finom\u00edt\u00e1s\u00e1ra. Nagyobb hull\u00e1mok eset\u00e9n tiszta, cirk\u00e1l\u00f3s falakat k\u00edn\u00e1l a halad\u00f3knak.   <\/p><p data-start=\"629\" data-end=\"957\">\ud83d\udccd Legjobb: <strong data-start=\"632\" data-end=\"645\">kezd\u0151knek \u00e9s longboardosoknak<\/strong>; halad\u00f3knak a nagyobb napokon<br data-start=\"700\" data-end=\"703\">\ud83c\udf0a Hull\u00e1mt\u00edpus: <strong data-start=\"706\" data-end=\"720\">hossz\u00fa, puha beach<\/strong> break hull\u00e1mok<br data-start=\"749\" data-end=\"752\">\ud83d\udca8 Sz\u00e9l: <strong data-start=\"755\" data-end=\"764\">a keleti vagy \u00e9szakkeleti<\/strong> sz\u00e9l tiszta vonalakat teremt<br data-start=\"807\" data-end=\"810\">\u23f0 Legjobb <strong data-start=\"812\" data-end=\"826\">dag\u00e1ly: dag\u00e1ly k\u00f6zepe<\/strong><br data-start=\"835\" data-end=\"838\"><strong data-start=\"841\" data-end=\"865\">\u2714\ufe0f Mi\u00e9rt szeretik a sz\u00f6rf\u00f6s\u00f6k<\/strong>: meleg v\u00edz, hossz\u00fa, bar\u00e1ts\u00e1gos hull\u00e1mok, sz\u00e9les part, ide\u00e1lis kezd\u0151knek \u00e9s cirk\u00e1l\u00f3s sz\u00f6rfnapokon.<\/p>\t\t\t\t\t\t\t\t<\/div>\n\t\t\t\t<\/div>\n\t\t\t\t<div class=\"elementor-element elementor-element-e21fa3b elementor-widget elementor-widget-image\" data-id=\"e21fa3b\" data-element_type=\"widget\" data-e-type=\"widget\" data-widget_type=\"image.default\">\n\t\t\t\t<div class=\"elementor-widget-container\">\n\t\t\t\t\t\t\t\t\t\t\t\t\t\t\t<img loading=\"lazy\" decoding=\"async\" width=\"800\" height=\"533\" src=\"https:\/\/oceancamper.com\/wp-content\/uploads\/2020\/12\/malhao-beach-alentejo-surf-spot.jpg\" class=\"attachment-large size-large wp-image-211684\" alt=\"Malh\u00e3o Beach f\u00e1b\u00f3l k\u00e9sz\u00fclt s\u00e9t\u00e1ny, kil\u00e1t\u00e1ssal a sz\u00e9les homokos tengerpartra \u00e9s a tiszta sz\u00f6rfvonalakra - vad Alentejo sz\u00f6rf\u00f6s hely.\" srcset=\"https:\/\/oceancamper.com\/wp-content\/uploads\/2020\/12\/malhao-beach-alentejo-surf-spot.jpg 960w, https:\/\/oceancamper.com\/wp-content\/uploads\/2020\/12\/malhao-beach-alentejo-surf-spot-300x200.jpg 300w, https:\/\/oceancamper.com\/wp-content\/uploads\/2020\/12\/malhao-beach-alentejo-surf-spot-768x511.jpg 768w, https:\/\/oceancamper.com\/wp-content\/uploads\/2020\/12\/malhao-beach-alentejo-surf-spot-240x160.jpg 240w\" sizes=\"(max-width: 800px) 100vw, 800px\" \/>\t\t\t\t\t\t\t\t\t\t\t\t\t\t\t<\/div>\n\t\t\t\t<\/div>\n\t\t\t\t<div class=\"elementor-element elementor-element-a08d8c4 elementor-widget elementor-widget-text-editor\" data-id=\"a08d8c4\" data-element_type=\"widget\" data-e-type=\"widget\" data-widget_type=\"text-editor.default\">\n\t\t\t\t<div class=\"elementor-widget-container\">\n\t\t\t\t\t\t\t\t\t<article class=\"text-token-text-primary w-full focus:outline-none [--shadow-height:45px] has-data-writing-block:pointer-events-none has-data-writing-block:-mt-(--shadow-height) has-data-writing-block:pt-(--shadow-height) [&amp;:has([data-writing-block])&gt;*]:pointer-events-auto [content-visibility:auto] supports-[content-visibility:auto]:[contain-intrinsic-size:auto_100lvh] scroll-mt-[calc(var(--header-height)+min(200px,max(70px,20svh)))]\" dir=\"auto\" tabindex=\"-1\" data-turn-id=\"request-690b80b8-681c-8328-a668-6f1632121521-9\" data-testid=\"conversation-turn-20\" data-scroll-anchor=\"true\" data-turn=\"assistant\"><div class=\"text-base my-auto mx-auto pb-10 [--thread-content-margin:--spacing(4)] thread-sm:[--thread-content-margin:--spacing(6)] thread-lg:[--thread-content-margin:--spacing(16)] px-(--thread-content-margin)\"><div class=\"[--thread-content-max-width:40rem] thread-lg:[--thread-content-max-width:48rem] mx-auto max-w-(--thread-content-max-width) flex-1 group\/turn-messages focus-visible:outline-hidden relative flex w-full min-w-0 flex-col agent-turn\" tabindex=\"-1\"><div class=\"flex max-w-full flex-col grow\"><div class=\"min-h-8 text-message relative flex w-full flex-col items-end gap-2 text-start break-words whitespace-normal [.text-message+&amp;]:mt-1\" dir=\"auto\" data-message-author-role=\"assistant\" data-message-id=\"a1783eff-211e-4f98-9e0d-bab357f1c873\" data-message-model-slug=\"gpt-5\"><div class=\"flex w-full flex-col gap-1 empty:hidden first:pt-[1px]\"><div class=\"markdown prose dark:prose-invert w-full break-words dark markdown-new-styling\"><p data-start=\"75\" data-end=\"156\">A &#8222;Praia de S\u00e3o Torpes &#8211; Portugal (53858261194).jpg&#8221; c\u00edm\u0171 f\u00e9nyk\u00e9pet Vitor Oliveira k\u00e9sz\u00edtette, <a class=\"external text\" href=\"https:\/\/www.flickr.com\/people\/21446942@N00\" rel=\"nofollow\">licenc alatt CC<\/a> BY 3.0.<\/p><\/div><\/div><\/div><\/div><\/div><\/div><\/article>\t\t\t\t\t\t\t\t<\/div>\n\t\t\t\t<\/div>\n\t\t\t\t<div class=\"elementor-element elementor-element-8baf611 elementor-align-left elementor-tablet-align-left elementor-mobile-align-left elementor-widget elementor-widget-button\" data-id=\"8baf611\" data-element_type=\"widget\" data-e-type=\"widget\" data-widget_type=\"button.default\">\n\t\t\t\t<div class=\"elementor-widget-container\">\n\t\t\t\t\t\t\t\t\t<div class=\"elementor-button-wrapper\">\n\t\t\t\t\t<a class=\"elementor-button elementor-button-link elementor-size-sm elementor-animation-pop\" href=\"https:\/\/maps.app.goo.gl\/HAkACp5YHybACXXu8\" target=\"_blank\">\n\t\t\t\t\t\t<span class=\"elementor-button-content-wrapper\">\n\t\t\t\t\t\t\t\t\t<span class=\"elementor-button-text\">T\u00e9rk\u00e9p itt<\/span>\n\t\t\t\t\t<\/span>\n\t\t\t\t\t<\/a>\n\t\t\t\t<\/div>\n\t\t\t\t\t\t\t\t<\/div>\n\t\t\t\t<\/div>\n\t\t\t\t\t<\/div>\n\t\t<\/div>\n\t\t\t\t\t<\/div>\n\t\t<\/section>\n\t\t\t\t<section class=\"elementor-section elementor-top-section elementor-element elementor-element-3d13f73 elementor-section-stretched elementor-section-boxed elementor-section-height-default elementor-section-height-default\" data-id=\"3d13f73\" data-element_type=\"section\" data-e-type=\"section\" data-settings=\"{&quot;stretch_section&quot;:&quot;section-stretched&quot;,&quot;background_background&quot;:&quot;classic&quot;}\">\n\t\t\t\t\t\t<div class=\"elementor-container elementor-column-gap-default\">\n\t\t\t\t\t<div class=\"elementor-column elementor-col-100 elementor-top-column elementor-element elementor-element-3d1d115\" data-id=\"3d1d115\" data-element_type=\"column\" data-e-type=\"column\">\n\t\t\t<div class=\"elementor-widget-wrap elementor-element-populated\">\n\t\t\t\t\t\t<div class=\"elementor-element elementor-element-756f6d6 elementor-widget elementor-widget-heading\" data-id=\"756f6d6\" data-element_type=\"widget\" data-e-type=\"widget\" id=\"spots\" data-widget_type=\"heading.default\">\n\t\t\t\t<div class=\"elementor-widget-container\">\n\t\t\t\t\t<h2 class=\"elementor-heading-title elementor-size-default\">\ud83c\udf0a Algarve &amp; Alentejo sz\u00f6rf\u00f6s helyek - gyors \u00f6sszefoglal\u00f3<\/h2>\t\t\t\t<\/div>\n\t\t\t\t<\/div>\n\t\t\t\t<div class=\"elementor-element elementor-element-841b514 elementor-widget elementor-widget-text-editor\" data-id=\"841b514\" data-element_type=\"widget\" data-e-type=\"widget\" data-widget_type=\"text-editor.default\">\n\t\t\t\t<div class=\"elementor-widget-container\">\n\t\t\t\t\t\t\t\t\t<table><thead><tr><th><strong>Strand<\/strong><\/th><th><strong>R\u00e9gi\u00f3<\/strong><\/th><th><strong>Hull\u00e1mszint<\/strong><\/th><th><strong>Legjobb<\/strong><\/th><th><strong>Felt\u00e9telek<\/strong><\/th><\/tr><\/thead><tbody><tr><td>Zavial<\/td><td>Algarve (S)<\/td><td>K\u00f6zepes<\/td><td>Minden szint<\/td><td>Nagyszer\u0171, ha a nyugat t\u00fal nagy<\/td><\/tr><tr><td>Mareta<\/td><td>Algarve (S)<\/td><td>Kis<\/td><td>Kezd\u0151k<\/td><td>Enyhe keleti sz\u00e9l<\/td><\/tr><tr><td>Tonel<\/td><td>Algarve (W)<\/td><td>Big<\/td><td>Halad\u00f3<\/td><td>Tiszta \u00c9Ny-i hull\u00e1mz\u00e1s, keleti sz\u00e9l<\/td><\/tr><tr><td>Beliche<\/td><td>Algarve (SW)<\/td><td>K\u00f6zepes<\/td><td>K\u00f6zepes<\/td><td>Sz\u00e9lt\u0151l v\u00e9dett<\/td><\/tr><tr><td>Ponta Ruiva<\/td><td>Algarve (W)<\/td><td>Big<\/td><td>Halad\u00f3<\/td><td>Dag\u00e1ly k\u00f6zepe, tiszta \u00c9Ny<\/td><\/tr><tr><td>Amado<\/td><td>Algarve (W)<\/td><td>K\u00f6zepes<\/td><td>Minden szint<\/td><td>\u00c1lland\u00f3 eg\u00e9sz \u00e9vben<\/td><\/tr><tr><td>Arrifana<\/td><td>Algarve (W)<\/td><td>K\u00f6zepes<\/td><td>Minden szint<\/td><td>Hossz\u00fa jogok, dag\u00e1ly k\u00f6zep\u00e9n<\/td><\/tr><tr><td>Praia de Faro<\/td><td>Algarve (S)<\/td><td>Kis<\/td><td>Alkalmi<\/td><td>\u0150szi-tavaszi pulzusok<\/td><\/tr><tr><td>Odeceixe<\/td><td>Alentejo<\/td><td>K\u00f6zepes<\/td><td>Minden szint<\/td><td>Foly\u00f3torkolat cs\u00facsok<\/td><\/tr><tr><td>Zambujeira<\/td><td>Alentejo<\/td><td>K\u00f6zepes<\/td><td>K\u00f6zepes<\/td><td>Fest\u0151i szikl\u00e1k<\/td><\/tr><tr><td>Malh\u00e3o<\/td><td>Alentejo<\/td><td>Nagy<\/td><td>Halad\u00f3<\/td><td>Er\u0151s \u00c9Ny-i hull\u00e1mok<\/td><\/tr><tr><td>S\u00e3o Torpes<\/td><td>Alentejo<\/td><td>Kis<\/td><td>Kezd\u0151k<\/td><td>Gyeng\u00e9d hossz\u00fa t\u00far\u00e1k<\/td><\/tr><\/tbody><\/table>\t\t\t\t\t\t\t\t<\/div>\n\t\t\t\t<\/div>\n\t\t\t\t<div class=\"elementor-element elementor-element-6191df4 elementor-widget elementor-widget-heading\" data-id=\"6191df4\" data-element_type=\"widget\" data-e-type=\"widget\" id=\"forecast\" data-widget_type=\"heading.default\">\n\t\t\t\t<div class=\"elementor-widget-container\">\n\t\t\t\t\t<h2 class=\"elementor-heading-title elementor-size-default\">\ud83c\udf26\ufe0f El\u0151rejelz\u0151 eszk\u00f6z\u00f6k az \u00d6n utaz\u00e1s\u00e1hoz<\/h2>\t\t\t\t<\/div>\n\t\t\t\t<\/div>\n\t\t\t\t<div class=\"elementor-element elementor-element-b5cb73d elementor-widget elementor-widget-text-editor\" data-id=\"b5cb73d\" data-element_type=\"widget\" data-e-type=\"widget\" data-widget_type=\"text-editor.default\">\n\t\t\t\t<div class=\"elementor-widget-container\">\n\t\t\t\t\t\t\t\t\t<ul><li data-start=\"6360\" data-end=\"6435\"><a class=\"decorated-link\" href=\"https:\/\/www.surf-forecast.com\" target=\"_new\" rel=\"noopener\" data-start=\"6360\" data-end=\"6410\">Surf-Forecast.com &#8211; hull\u00e1mmagass\u00e1g<\/a> \u00e9s hull\u00e1mperi\u00f3dus<\/li><li data-start=\"6438\" data-end=\"6499\"><a class=\"decorated-link\" href=\"https:\/\/www.windy.com\" target=\"_new\" rel=\"noopener\" data-start=\"6438\" data-end=\"6472\">Windy.com &#8211; sz\u00e9l<\/a> sebess\u00e9g \u00e9s sz\u00e9lir\u00e1ny<\/li><li data-start=\"6502\" data-end=\"6570\"><a class=\"decorated-link cursor-pointer\" target=\"_new\" rel=\"noopener\" data-start=\"6502\" data-end=\"6548\">Tides4Fishing &#8211;<\/a> helyi \u00e1rap\u00e1ly t\u00e1bl\u00e1zatok<\/li><li data-start=\"6573\" data-end=\"6641\"><a class=\"decorated-link\" href=\"https:\/\/www.ipma.pt\/en\/\" target=\"_new\" rel=\"noopener\" data-start=\"6573\" data-end=\"6604\">IPMA &#8211;<\/a> hivatalos portug\u00e1l id\u0151j\u00e1r\u00e1s-riaszt\u00e1sok<\/li><li data-start=\"6643\" data-end=\"6730\"><em data-start=\"6643\" data-end=\"6730\">(L\u00e1sd m\u00e9g: Top 10 <a class=\"decorated-link\" href=\"https:\/\/oceancamper.com\/top10campingapps\/\" target=\"_new\" rel=\"noopener\" data-start=\"6664\" data-end=\"6728\">Camping Apps)<\/a><\/em><\/li><\/ul>\t\t\t\t\t\t\t\t<\/div>\n\t\t\t\t<\/div>\n\t\t\t\t<div class=\"elementor-element elementor-element-c778dd1 elementor-widget elementor-widget-heading\" data-id=\"c778dd1\" data-element_type=\"widget\" data-e-type=\"widget\" id=\"campervan\" data-widget_type=\"heading.default\">\n\t\t\t\t<div class=\"elementor-widget-container\">\n\t\t\t\t\t<h2 class=\"elementor-heading-title elementor-size-default\">\ud83d\ude90 Lak\u00f3kocsi etikett \u00e9s biztons\u00e1g<\/h2>\t\t\t\t<\/div>\n\t\t\t\t<\/div>\n\t\t\t\t<div class=\"elementor-element elementor-element-deee8cc elementor-widget elementor-widget-text-editor\" data-id=\"deee8cc\" data-element_type=\"widget\" data-e-type=\"widget\" data-widget_type=\"text-editor.default\">\n\t\t\t\t<div class=\"elementor-widget-container\">\n\t\t\t\t\t\t\t\t\t<ul><li data-start=\"6777\" data-end=\"6824\">Maradjon a hivatalos parkol\u00f3kban vagy lak\u00f3aut\u00f3s z\u00f3n\u00e1kban<\/li><li data-start=\"6827\" data-end=\"6898\">Tisztelje a helyieket \u00e9s a k\u00f6rnyezetet &#8211; <strong data-start=\"6858\" data-end=\"6877\">ne kempingezzen vadon<\/strong> a v\u00e9dett d\u0171n\u00e9ken!<\/li><li>Ne hagyjon szemetet; haszn\u00e1lja a nyilv\u00e1nos szemeteseket<\/li><li data-start=\"6937\" data-end=\"6980\">Ker\u00fclje a bek\u00f6t\u0151utak vagy m\u00e1s furgonok elz\u00e1r\u00e1s\u00e1t.<\/li><li data-start=\"6983\" data-end=\"7030\">K\u00f6vesse a <a href=\"https:\/\/surfing-waves.com\/wave_priority.htm\" target=\"_blank\" rel=\"noopener\"><strong data-start=\"6990\" data-end=\"7013\">sz\u00f6rf els\u0151bbs\u00e9gi szab\u00e1lyok<\/strong><\/a>; soha ne ess be<\/li><li data-start=\"7033\" data-end=\"7069\">V\u00e9szhelyzet eset\u00e9n t\u00e1rcs\u00e1zza a 112-es sz\u00e1mot<\/li><\/ul>\t\t\t\t\t\t\t\t<\/div>\n\t\t\t\t<\/div>\n\t\t\t\t<div class=\"elementor-element elementor-element-53133cf elementor-widget elementor-widget-image\" data-id=\"53133cf\" data-element_type=\"widget\" data-e-type=\"widget\" data-widget_type=\"image.default\">\n\t\t\t\t<div class=\"elementor-widget-container\">\n\t\t\t\t\t\t\t\t\t\t\t\t\t\t\t<img loading=\"lazy\" decoding=\"async\" width=\"800\" height=\"534\" src=\"https:\/\/oceancamper.com\/wp-content\/uploads\/2025\/08\/off-grid-surf-campervan-portugal-1024x683.jpg\" class=\"attachment-large size-large wp-image-193319\" alt=\"Ocean Camper sz\u00f6rf\u00f6s lak\u00f3aut\u00f3 az Atlanti-\u00f3ce\u00e1n partj\u00e1n, Portug\u00e1li\u00e1ban, sz\u00f6rfdeszk\u00e1kkal a tet\u0151n, \u00e9s egy utaz\u00f3 pihen a hull\u00e1mok mellett.\" srcset=\"https:\/\/oceancamper.com\/wp-content\/uploads\/2025\/08\/off-grid-surf-campervan-portugal-1024x683.jpg 1024w, https:\/\/oceancamper.com\/wp-content\/uploads\/2025\/08\/off-grid-surf-campervan-portugal-300x200.jpg 300w, https:\/\/oceancamper.com\/wp-content\/uploads\/2025\/08\/off-grid-surf-campervan-portugal-768x512.jpg 768w, https:\/\/oceancamper.com\/wp-content\/uploads\/2025\/08\/off-grid-surf-campervan-portugal-1536x1024.jpg 1536w, https:\/\/oceancamper.com\/wp-content\/uploads\/2025\/08\/off-grid-surf-campervan-portugal-2048x1366.jpg 2048w, https:\/\/oceancamper.com\/wp-content\/uploads\/2025\/08\/off-grid-surf-campervan-portugal-240x160.jpg 240w\" sizes=\"(max-width: 800px) 100vw, 800px\" \/>\t\t\t\t\t\t\t\t\t\t\t\t\t\t\t<\/div>\n\t\t\t\t<\/div>\n\t\t\t\t<div class=\"elementor-element elementor-element-589656e elementor-widget elementor-widget-heading\" data-id=\"589656e\" data-element_type=\"widget\" data-e-type=\"widget\" id=\"faq\" data-widget_type=\"heading.default\">\n\t\t\t\t<div class=\"elementor-widget-container\">\n\t\t\t\t\t<h2 class=\"elementor-heading-title elementor-size-default\">\u2753 Gyakran ism\u00e9telt k\u00e9rd\u00e9sek (GYIK)<\/h2>\t\t\t\t<\/div>\n\t\t\t\t<\/div>\n\t\t\t\t<div class=\"elementor-element elementor-element-bbc8683 elementor-widget elementor-widget-text-editor\" data-id=\"bbc8683\" data-element_type=\"widget\" data-e-type=\"widget\" data-widget_type=\"text-editor.default\">\n\t\t\t\t<div class=\"elementor-widget-container\">\n\t\t\t\t\t\t\t\t\t<p><strong data-start=\"7115\" data-end=\"7173\">Mikor a legjobb sz\u00f6rf\u00f6zni Algarve \u00e9s Alentejo ter\u00fclet\u00e9n?<\/strong><br data-start=\"7173\" data-end=\"7176\">Okt\u00f3bert\u0151l m\u00e1jusig itt a leg\u00e1lland\u00f3bb a hull\u00e1mz\u00e1s. A j\u00faniust\u00f3l szeptemberig tart\u00f3 id\u0151szak kisebb, tiszt\u00e1bb hull\u00e1mokat hoz &#8211; nagyszer\u0171 a tanul\u00f3k sz\u00e1m\u00e1ra. <\/p><p><strong data-start=\"7299\" data-end=\"7337\">Sz\u00f6rf\u00f6zhetnek-e a kezd\u0151k Algarve-ban?<\/strong><br data-start=\"7337\" data-end=\"7340\">Igen. Az olyan strandok, mint <strong data-start=\"7358\" data-end=\"7368\">Mareta, Amado<\/strong> <strong data-start=\"7370\" data-end=\"7379\">\u00e9s Praia<\/strong> de Faro <strong data-start=\"7385\" data-end=\"7402\">l\u00e1gy, bar\u00e1ts\u00e1gos<\/strong> hull\u00e1mokat \u00e9s sz\u00f6rfiskol\u00e1kat <strong data-start=\"7385\" data-end=\"7402\">k\u00edn\u00e1lnak<\/strong>. <\/p><p><strong data-start=\"7451\" data-end=\"7475\">Sz\u00fcks\u00e9gem van b\u00fav\u00e1rruh\u00e1ra?<\/strong><br data-start=\"7475\" data-end=\"7478\">Igen, k\u00fcl\u00f6n\u00f6sen ny\u00e1ron k\u00edv\u00fcl. A <strong data-start=\"7512\" data-end=\"7522\">4\/3 mm-es<\/strong> modell \u0151szt\u0151l tavaszig <strong data-start=\"7512\" data-end=\"7522\">m\u0171k\u00f6dik<\/strong>; ny\u00e1rra a 3\/2 <strong data-start=\"7554\" data-end=\"7564\">mm-es is megfelel<\/strong>. <\/p><p><strong data-start=\"7588\" data-end=\"7642\">Melyik a jobb sz\u00f6rf\u00f6z\u00e9shez &#8211; a nyugati vagy a d\u00e9li part?<\/strong><br data-start=\"7642\" data-end=\"7645\">A nyugati parton er\u0151sebbek \u00e9s egyenletesebbek a hull\u00e1mok. A <strong data-start=\"7706\" data-end=\"7721\">d\u00e9li part<\/strong> v\u00e9dettebb, ide\u00e1lis a kisebb napokra vagy szeles id\u0151j\u00e1r\u00e1si k\u00f6r\u00fclm\u00e9nyekre.<\/p><p><strong data-start=\"7788\" data-end=\"7833\">Praktikus egy lak\u00f3aut\u00f3 egy sz\u00f6rf\u00f6s kir\u00e1ndul\u00e1shoz?<\/strong><br data-start=\"7833\" data-end=\"7836\">Abszol\u00fat. A <strong data-start=\"7850\" data-end=\"7868\">sz\u00f6rf\u00f6s lak\u00f3aut\u00f3<\/strong> teljes szabads\u00e1got <strong data-start=\"7850\" data-end=\"7868\">ad<\/strong>, hogy a k\u00f6r\u00fclm\u00e9nyekre vad\u00e1szhasson, \u00e9s a kedvenc sz\u00f6rf\u00f6s pihen\u0151helyei k\u00f6zel\u00e9ben t\u00f6lthesse az \u00e9jszak\u00e1t. <\/p>\t\t\t\t\t\t\t\t<\/div>\n\t\t\t\t<\/div>\n\t\t\t\t<div class=\"elementor-element elementor-element-62e97db elementor-widget elementor-widget-heading\" data-id=\"62e97db\" data-element_type=\"widget\" data-e-type=\"widget\" id=\"surftrip\" data-widget_type=\"heading.default\">\n\t\t\t\t<div class=\"elementor-widget-container\">\n\t\t\t\t\t<h2 class=\"elementor-heading-title elementor-size-default\">\ud83e\udded Tervezd meg a sz\u00f6rf\u00f6s kir\u00e1ndul\u00e1st<\/h2>\t\t\t\t<\/div>\n\t\t\t\t<\/div>\n\t\t\t\t<div class=\"elementor-element elementor-element-3a2f1a2 elementor-widget elementor-widget-text-editor\" data-id=\"3a2f1a2\" data-element_type=\"widget\" data-e-type=\"widget\" data-widget_type=\"text-editor.default\">\n\t\t\t\t<div class=\"elementor-widget-container\">\n\t\t\t\t\t\t\t\t\t<p data-start=\"8000\" data-end=\"8215\"><strong data-start=\"8005\" data-end=\"8035\">Arrifana dr\u00e1mai szikl\u00e1it\u00f3l<\/strong> <strong data-start=\"8039\" data-end=\"8065\">Odeceixe foly\u00f3torkolat\u00e1ig \u00e9s S\u00e3o<\/strong> <strong data-start=\"8070\" data-end=\"8096\">Torpes hossz\u00fa hull\u00e1mvas\u00fatjaiig D\u00e9l-Portug\u00e1lia<\/strong> a sz\u00f6rf\u00f6s\u00f6k paradicsoma.<br data-start=\"8139\" data-end=\"8142\">\u00c9bredj az \u00f3ce\u00e1n mellett, f\u0151zz reggelit napkeltekor, \u00e9s sz\u00f6rf\u00f6zz napnyugt\u00e1ig.<\/p><p data-start=\"8217\" data-end=\"8397\">\ud83d\ude90 K\u00e9szen \u00e1llsz <strong data-start=\"8220\" data-end=\"8256\">a t\u00f6k\u00e9letes sz\u00f6rf\u00f6s utaz\u00e1sra?<\/strong><br data-start=\"8256\" data-end=\"8259\">B\u00e9reld ki <strong data-start=\"8269\" data-end=\"8293\">a sz\u00f6rf\u00f6z\u00e9sre k\u00e9sz lak\u00f3aut\u00f3dat<\/strong> a k\u00f6vetkez\u0151 c\u00edmen: <a class=\"decorated-link\" href=\"https:\/\/oceancamper.com\/hu\/\" target=\"_new\" rel=\"noopener\" data-start=\"8299\" data-end=\"8342\"><strong data-start=\"8300\" data-end=\"8316\">Ocean Camper<\/strong><\/a> \u00e9s k\u00f6vesse a hull\u00e1mokat <strong data-start=\"8372\" data-end=\"8394\">Algarve \u00e9s Alentejo<\/strong> ter\u00fclet\u00e9n <strong data-start=\"8372\" data-end=\"8394\">.<\/strong><\/p>\t\t\t\t\t\t\t\t<\/div>\n\t\t\t\t<\/div>\n\t\t\t\t\t<\/div>\n\t\t<\/div>\n\t\t\t\t\t<\/div>\n\t\t<\/section>\n\t\t\t\t<section class=\"elementor-section elementor-inner-section elementor-element elementor-element-40c3a26d elementor-section-boxed elementor-section-height-default elementor-section-height-default\" data-id=\"40c3a26d\" data-element_type=\"section\" data-e-type=\"section\" data-settings=\"{&quot;background_background&quot;:&quot;classic&quot;}\">\n\t\t\t\t\t\t<div class=\"elementor-container elementor-column-gap-default\">\n\t\t\t\t\t<div class=\"elementor-column elementor-col-100 elementor-inner-column elementor-element elementor-element-7ee1a60d\" data-id=\"7ee1a60d\" data-element_type=\"column\" data-e-type=\"column\">\n\t\t\t<div class=\"elementor-widget-wrap elementor-element-populated\">\n\t\t\t\t\t\t<div class=\"elementor-element elementor-element-3b0f35e5 elementor-widget elementor-widget-html\" data-id=\"3b0f35e5\" data-element_type=\"widget\" data-e-type=\"widget\" data-widget_type=\"html.default\">\n\t\t\t\t<div class=\"elementor-widget-container\">\n\t\t\t\t\t<script src=\"https:\/\/oceancamper1.oceancamper.com\/public\/car-rental\/integrations\/assets\/integrator\"><\/script><div class=\"hq-rental-software-integration\" data-integrator_link=\"https:\/\/oceancamper1.oceancamper.com\/public\/car-rental\/integrations\" data-brand=\"45359cec-fef8-4a46-9782-487216d45398\" data-snippet=\"reservations\" data-skip_language=\"\" data-rate_type_uuid=\"\" data-referral=\"\" data-forced_locale=\"en\"><\/div>\t\t\t\t<\/div>\n\t\t\t\t<\/div>\n\t\t\t\t\t<\/div>\n\t\t<\/div>\n\t\t\t\t\t<\/div>\n\t\t<\/section>\n\t\t\t\t<section class=\"elementor-section elementor-top-section elementor-element elementor-element-79f5c13 elementor-section-stretched elementor-section-boxed elementor-section-height-default elementor-section-height-default\" data-id=\"79f5c13\" data-element_type=\"section\" data-e-type=\"section\" data-settings=\"{&quot;stretch_section&quot;:&quot;section-stretched&quot;,&quot;background_background&quot;:&quot;classic&quot;}\">\n\t\t\t\t\t\t<div class=\"elementor-container elementor-column-gap-default\">\n\t\t\t\t\t<div class=\"elementor-column elementor-col-100 elementor-top-column elementor-element elementor-element-be67f25\" data-id=\"be67f25\" data-element_type=\"column\" data-e-type=\"column\">\n\t\t\t<div class=\"elementor-widget-wrap elementor-element-populated\">\n\t\t\t\t\t\t<section class=\"elementor-section elementor-inner-section elementor-element elementor-element-4f447f1 elementor-section-boxed elementor-section-height-default elementor-section-height-default\" data-id=\"4f447f1\" data-element_type=\"section\" data-e-type=\"section\">\n\t\t\t\t\t\t<div class=\"elementor-container elementor-column-gap-default\">\n\t\t\t\t\t<div class=\"elementor-column elementor-col-100 elementor-inner-column elementor-element elementor-element-999262d\" data-id=\"999262d\" data-element_type=\"column\" data-e-type=\"column\">\n\t\t\t<div class=\"elementor-widget-wrap elementor-element-populated\">\n\t\t\t\t\t\t<div class=\"elementor-element elementor-element-817f650 elementor-widget elementor-widget-heading\" data-id=\"817f650\" data-element_type=\"widget\" data-e-type=\"widget\" data-widget_type=\"heading.default\">\n\t\t\t\t<div class=\"elementor-widget-container\">\n\t\t\t\t\t<h3 class=\"elementor-heading-title elementor-size-default\">Ellen\u0151rizze a t\u00f6bbi hozz\u00e1sz\u00f3l\u00e1sunkat:<\/h3>\t\t\t\t<\/div>\n\t\t\t\t<\/div>\n\t\t\t\t<div class=\"elementor-element elementor-element-4ce7a13 elementor-grid-tablet-3 elementor-grid-3 elementor-grid-mobile-1 elementor-posts--thumbnail-top elementor-posts__hover-gradient elementor-widget elementor-widget-posts\" data-id=\"4ce7a13\" data-element_type=\"widget\" data-e-type=\"widget\" data-settings=\"{&quot;cards_row_gap&quot;:{&quot;unit&quot;:&quot;px&quot;,&quot;size&quot;:20,&quot;sizes&quot;:[]},&quot;cards_row_gap_mobile&quot;:{&quot;unit&quot;:&quot;px&quot;,&quot;size&quot;:10,&quot;sizes&quot;:[]},&quot;cards_columns_tablet&quot;:&quot;3&quot;,&quot;cards_row_gap_tablet&quot;:{&quot;unit&quot;:&quot;px&quot;,&quot;size&quot;:5,&quot;sizes&quot;:[]},&quot;cards_columns&quot;:&quot;3&quot;,&quot;cards_columns_mobile&quot;:&quot;1&quot;}\" data-widget_type=\"posts.cards\">\n\t\t\t\t<div class=\"elementor-widget-container\">\n\t\t\t\t\t\t\t<div class=\"elementor-posts-container elementor-posts elementor-posts--skin-cards elementor-grid\" role=\"list\">\n\t\t\t\t<article class=\"elementor-post elementor-grid-item post-162058 post type-post status-publish format-standard has-post-thumbnail hentry category-kempingezesi-tippek category-tel tag-mit-lehet-tenni-telen-portugaliaban tag-teli-kempingezes tag-teli-tippek\" role=\"listitem\">\n\t\t\t<div class=\"elementor-post__card\">\n\t\t\t\t<a class=\"elementor-post__thumbnail__link\" href=\"https:\/\/oceancamper.com\/hu\/teli-kempingezes-portugaliaban\/\" tabindex=\"-1\" ><div class=\"elementor-post__thumbnail\"><img loading=\"lazy\" decoding=\"async\" width=\"1333\" height=\"1000\" src=\"https:\/\/oceancamper.com\/wp-content\/uploads\/2022\/12\/Ocean13-min.jpg\" class=\"attachment-full size-full wp-image-167032\" alt=\"Kil\u00e1t\u00e1s egy piros Ocean Camper furgonb\u00f3l naplementekor - tengerpart, hull\u00e1mok \u00e9s egy f\u0151z\u0151\u00e1llom\u00e1s a nyitott ajt\u00f3k \u00e1ltal keretezve.\" srcset=\"https:\/\/oceancamper.com\/wp-content\/uploads\/2022\/12\/Ocean13-min.jpg 1333w, https:\/\/oceancamper.com\/wp-content\/uploads\/2022\/12\/Ocean13-min-300x225.jpg 300w, https:\/\/oceancamper.com\/wp-content\/uploads\/2022\/12\/Ocean13-min-1024x768.jpg 1024w, https:\/\/oceancamper.com\/wp-content\/uploads\/2022\/12\/Ocean13-min-768x576.jpg 768w, https:\/\/oceancamper.com\/wp-content\/uploads\/2022\/12\/elementor\/thumbs\/Ocean13-min-q88m6gkrmcf5umw35631t8yk4qaaqhaix5svzpl4kw.jpg 800w\" sizes=\"(max-width: 1333px) 100vw, 1333px\" \/><\/div><\/a>\n\t\t\t\t<div class=\"elementor-post__text\">\n\t\t\t\t<h2 class=\"elementor-post__title\">\n\t\t\t<a href=\"https:\/\/oceancamper.com\/hu\/teli-kempingezes-portugaliaban\/\" >\n\t\t\t\tT\u00e9li kempingez\u00e9s Portug\u00e1li\u00e1ban &#8211; Id\u0151j\u00e1r\u00e1s, ruh\u00e1zat \u00e9s tev\u00e9kenys\u00e9gek\t\t\t<\/a>\n\t\t<\/h2>\n\t\t\t\t<div class=\"elementor-post__excerpt\">\n\t\t\t<p>Tippek \u00e9s tev\u00e9kenys\u00e9gek a t\u00e9li kempingez\u00e9s sor\u00e1n: id\u0151j\u00e1r\u00e1s, ruh\u00e1zat, amire sz\u00fcks\u00e9ged lesz, a tennival\u00f3k \u00e9s a l\u00e1togathat\u00f3 tev\u00e9kenys\u00e9gek list\u00e1ja \u00e9s tov\u00e1bbi javaslatok.<\/p>\n\t\t<\/div>\n\t\t\n\t\t<a class=\"elementor-post__read-more\" href=\"https:\/\/oceancamper.com\/hu\/teli-kempingezes-portugaliaban\/\" aria-label=\"Read more about T\u00e9li kempingez\u00e9s Portug\u00e1li\u00e1ban &#8211; Id\u0151j\u00e1r\u00e1s, ruh\u00e1zat \u00e9s tev\u00e9kenys\u00e9gek\" tabindex=\"-1\" >\n\t\t\tOlvass tov\u00e1bb \"\t\t<\/a>\n\n\t\t\t\t<\/div>\n\t\t\t\t\t<\/div>\n\t\t<\/article>\n\t\t\t\t<article class=\"elementor-post elementor-grid-item post-162086 post type-post status-publish format-standard has-post-thumbnail hentry category-kiemeli category-uncategorized-hu\" role=\"listitem\">\n\t\t\t<div class=\"elementor-post__card\">\n\t\t\t\t<a class=\"elementor-post__thumbnail__link\" href=\"https:\/\/oceancamper.com\/hu\/elektromos-lakoauto-roadtrip\/\" tabindex=\"-1\" ><div class=\"elementor-post__thumbnail\"><img loading=\"lazy\" decoding=\"async\" width=\"1200\" height=\"800\" src=\"https:\/\/oceancamper.com\/wp-content\/uploads\/2022\/03\/electric-mini-camper-Ocean-Camper.jpg\" class=\"attachment-full size-full wp-image-219474\" alt=\"Electric mini campervan by Ocean Camper parked by the beach in Portugal\" srcset=\"https:\/\/oceancamper.com\/wp-content\/uploads\/2022\/03\/electric-mini-camper-Ocean-Camper.jpg 1200w, https:\/\/oceancamper.com\/wp-content\/uploads\/2022\/03\/electric-mini-camper-Ocean-Camper-300x200.jpg 300w, https:\/\/oceancamper.com\/wp-content\/uploads\/2022\/03\/electric-mini-camper-Ocean-Camper-1024x683.jpg 1024w, https:\/\/oceancamper.com\/wp-content\/uploads\/2022\/03\/electric-mini-camper-Ocean-Camper-768x512.jpg 768w, https:\/\/oceancamper.com\/wp-content\/uploads\/2022\/03\/electric-mini-camper-Ocean-Camper-240x160.jpg 240w\" sizes=\"(max-width: 1200px) 100vw, 1200px\" \/><\/div><\/a>\n\t\t\t\t<div class=\"elementor-post__text\">\n\t\t\t\t<h2 class=\"elementor-post__title\">\n\t\t\t<a href=\"https:\/\/oceancamper.com\/hu\/elektromos-lakoauto-roadtrip\/\" >\n\t\t\t\tElektromos lak\u00f3aut\u00f3 Roadtrip\t\t\t<\/a>\n\t\t<\/h2>\n\t\t\t\t<div class=\"elementor-post__excerpt\">\n\t\t\t<p>Tippek az e-Nomad 100%-ban elektromos lak\u00f3aut\u00f3val val\u00f3 utaz\u00e1shoz: hol t\u00f6lthet\u0151, t\u00f6lt\u0151pontok t\u00e9rk\u00e9pe \u00e9s az eCamper t\u00f6rt\u00e9nete.<\/p>\n\t\t<\/div>\n\t\t\n\t\t<a class=\"elementor-post__read-more\" href=\"https:\/\/oceancamper.com\/hu\/elektromos-lakoauto-roadtrip\/\" aria-label=\"Read more about Elektromos lak\u00f3aut\u00f3 Roadtrip\" tabindex=\"-1\" >\n\t\t\tOlvass tov\u00e1bb \"\t\t<\/a>\n\n\t\t\t\t<\/div>\n\t\t\t\t\t<\/div>\n\t\t<\/article>\n\t\t\t\t<article class=\"elementor-post elementor-grid-item post-162000 post type-post status-publish format-standard has-post-thumbnail hentry category-kempingezesi-tippek tag-furdoszoba tag-hol-van-nyilvanos-wc tag-kempingezes-egy-kis-furgonban tag-wc-hu\" role=\"listitem\">\n\t\t\t<div class=\"elementor-post__card\">\n\t\t\t\t<a class=\"elementor-post__thumbnail__link\" href=\"https:\/\/oceancamper.com\/hu\/wc-keresese-kempingezeskor\/\" tabindex=\"-1\" ><div class=\"elementor-post__thumbnail\"><img loading=\"lazy\" decoding=\"async\" width=\"2560\" height=\"1707\" src=\"https:\/\/oceancamper.com\/wp-content\/uploads\/2025\/10\/image00031-scaled.jpeg\" class=\"attachment-full size-full wp-image-204417\" alt=\"Ocean Camper furgon Algarve szikl\u00e1in parkolva naplement\u00e9ben - fest\u0151i kil\u00e1t\u00e1s a kempingez\u00e9shez \u00e9s az aut\u00f3s kir\u00e1ndul\u00e1sokhoz Portug\u00e1li\u00e1ban.\" srcset=\"https:\/\/oceancamper.com\/wp-content\/uploads\/2025\/10\/image00031-scaled.jpeg 2560w, https:\/\/oceancamper.com\/wp-content\/uploads\/2025\/10\/image00031-300x200.jpeg 300w, https:\/\/oceancamper.com\/wp-content\/uploads\/2025\/10\/image00031-1024x683.jpeg 1024w, https:\/\/oceancamper.com\/wp-content\/uploads\/2025\/10\/image00031-768x512.jpeg 768w, https:\/\/oceancamper.com\/wp-content\/uploads\/2025\/10\/image00031-1536x1024.jpeg 1536w, https:\/\/oceancamper.com\/wp-content\/uploads\/2025\/10\/image00031-2048x1365.jpeg 2048w, https:\/\/oceancamper.com\/wp-content\/uploads\/2025\/10\/image00031-240x160.jpeg 240w\" sizes=\"(max-width: 2560px) 100vw, 2560px\" \/><\/div><\/a>\n\t\t\t\t<div class=\"elementor-post__text\">\n\t\t\t\t<h2 class=\"elementor-post__title\">\n\t\t\t<a href=\"https:\/\/oceancamper.com\/hu\/wc-keresese-kempingezeskor\/\" >\n\t\t\t\tWC keres\u00e9se kempingez\u00e9skor\t\t\t<\/a>\n\t\t<\/h2>\n\t\t\t\t<div class=\"elementor-post__excerpt\">\n\t\t\t<p>WC-k megtal\u00e1l\u00e1sa portug\u00e1liai kempingez\u00e9skor Ha egy be\u00e9p\u00edtett WC n\u00e9lk\u00fcli mini lak\u00f3aut\u00f3ban utazik, akkor stresszes lehet kital\u00e1lni, hogy hov\u00e1 menjen. Szerencs\u00e9re Portug\u00e1lia rengeteg lehet\u0151s\u00e9get k\u00edn\u00e1l &#8211; a teljes k\u00f6r\u0171 szolg\u00e1ltat\u00e1st ny\u00fajt\u00f3<\/p>\n\t\t<\/div>\n\t\t\n\t\t<a class=\"elementor-post__read-more\" href=\"https:\/\/oceancamper.com\/hu\/wc-keresese-kempingezeskor\/\" aria-label=\"Read more about WC keres\u00e9se kempingez\u00e9skor\" tabindex=\"-1\" >\n\t\t\tOlvass tov\u00e1bb \"\t\t<\/a>\n\n\t\t\t\t<\/div>\n\t\t\t\t\t<\/div>\n\t\t<\/article>\n\t\t\t\t<\/div>\n\t\t\n\t\t\t\t\t\t<\/div>\n\t\t\t\t<\/div>\n\t\t\t\t<div class=\"elementor-element elementor-element-899d7e9 elementor-align-left elementor-tablet-align-left elementor-mobile-align-left elementor-widget elementor-widget-button\" data-id=\"899d7e9\" data-element_type=\"widget\" data-e-type=\"widget\" data-widget_type=\"button.default\">\n\t\t\t\t<div class=\"elementor-widget-container\">\n\t\t\t\t\t\t\t\t\t<div class=\"elementor-button-wrapper\">\n\t\t\t\t\t<a class=\"elementor-button elementor-button-link elementor-size-sm elementor-animation-pop\" href=\"https:\/\/oceancamper.com\/hu\/blog\/\">\n\t\t\t\t\t\t<span class=\"elementor-button-content-wrapper\">\n\t\t\t\t\t\t\t\t\t<span class=\"elementor-button-text\">Vissza a bloghoz<\/span>\n\t\t\t\t\t<\/span>\n\t\t\t\t\t<\/a>\n\t\t\t\t<\/div>\n\t\t\t\t\t\t\t\t<\/div>\n\t\t\t\t<\/div>\n\t\t\t\t\t<\/div>\n\t\t<\/div>\n\t\t\t\t\t<\/div>\n\t\t<\/section>\n\t\t\t\t\t<\/div>\n\t\t<\/div>\n\t\t\t\t\t<\/div>\n\t\t<\/section>\n\t\t\t\t<\/div>\n\t\t","protected":false},"excerpt":{"rendered":"<p>A legjobb sz\u00f6rf\u00f6s strandok Algarve \u00e9s Costa Vicentina ter\u00fclet\u00e9n. T\u00e9rk\u00e9p \u00e9s inform\u00e1ci\u00f3k arr\u00f3l, hogy mire sz\u00e1m\u00edthatsz az egyes strandokon.   <\/p>\n","protected":false},"author":1,"featured_media":206780,"comment_status":"closed","ping_status":"open","sticky":false,"template":"elementor_header_footer","format":"standard","meta":{"om_disable_all_campaigns":false,"footnotes":""},"categories":[285],"tags":[],"class_list":["post-162222","post","type-post","status-publish","format-standard","has-post-thumbnail","hentry","category-kiemeli"],"aioseo_notices":[],"_links":{"self":[{"href":"https:\/\/oceancamper.com\/hu\/wp-json\/wp\/v2\/posts\/162222","targetHints":{"allow":["GET"]}}],"collection":[{"href":"https:\/\/oceancamper.com\/hu\/wp-json\/wp\/v2\/posts"}],"about":[{"href":"https:\/\/oceancamper.com\/hu\/wp-json\/wp\/v2\/types\/post"}],"author":[{"embeddable":true,"href":"https:\/\/oceancamper.com\/hu\/wp-json\/wp\/v2\/users\/1"}],"replies":[{"embeddable":true,"href":"https:\/\/oceancamper.com\/hu\/wp-json\/wp\/v2\/comments?post=162222"}],"version-history":[{"count":13,"href":"https:\/\/oceancamper.com\/hu\/wp-json\/wp\/v2\/posts\/162222\/revisions"}],"predecessor-version":[{"id":211686,"href":"https:\/\/oceancamper.com\/hu\/wp-json\/wp\/v2\/posts\/162222\/revisions\/211686"}],"wp:featuredmedia":[{"embeddable":true,"href":"https:\/\/oceancamper.com\/hu\/wp-json\/wp\/v2\/media\/206780"}],"wp:attachment":[{"href":"https:\/\/oceancamper.com\/hu\/wp-json\/wp\/v2\/media?parent=162222"}],"wp:term":[{"taxonomy":"category","embeddable":true,"href":"https:\/\/oceancamper.com\/hu\/wp-json\/wp\/v2\/categories?post=162222"},{"taxonomy":"post_tag","embeddable":true,"href":"https:\/\/oceancamper.com\/hu\/wp-json\/wp\/v2\/tags?post=162222"}],"curies":[{"name":"wp","href":"https:\/\/api.w.org\/{rel}","templated":true}]}}