{"id":162210,"date":"2020-12-22T19:22:49","date_gmt":"2020-12-22T19:22:49","guid":{"rendered":"https:\/\/oceancamper.com\/portugal-etelek\/"},"modified":"2026-09-01T16:49:24","modified_gmt":"2026-09-01T16:49:24","slug":"portugal-etelek","status":"publish","type":"post","link":"https:\/\/oceancamper.com\/hu\/portugal-etelek\/","title":{"rendered":"Portug\u00e1l konyha: kihagyhatatlan halak, tengeri \u00e1llatok, h\u00fas\u00e9telek \u00e9s helyi finoms\u00e1gok"},"content":{"rendered":"\t\t<div data-elementor-type=\"wp-post\" data-elementor-id=\"162210\" class=\"elementor elementor-162210 elementor-3218\" data-elementor-post-type=\"post\">\n\t\t\t\t\t\t<section class=\"elementor-section elementor-top-section elementor-element elementor-element-8ef4f37 elementor-section-height-min-height elementor-section-stretched elementor-section-content-middle elementor-section-boxed elementor-section-height-default elementor-section-items-middle\" data-id=\"8ef4f37\" data-element_type=\"section\" data-e-type=\"section\" data-settings=\"{&quot;stretch_section&quot;:&quot;section-stretched&quot;,&quot;background_background&quot;:&quot;classic&quot;}\">\n\t\t\t\t\t\t\t<div class=\"elementor-background-overlay\"><\/div>\n\t\t\t\t\t\t\t<div class=\"elementor-container elementor-column-gap-default\">\n\t\t\t\t\t<div class=\"elementor-column elementor-col-100 elementor-top-column elementor-element elementor-element-76e9371\" data-id=\"76e9371\" data-element_type=\"column\" data-e-type=\"column\">\n\t\t\t<div class=\"elementor-widget-wrap elementor-element-populated\">\n\t\t\t\t\t\t<div class=\"elementor-element elementor-element-0225cbf elementor-widget elementor-widget-theme-post-title elementor-page-title elementor-widget-heading\" data-id=\"0225cbf\" data-element_type=\"widget\" data-e-type=\"widget\" data-widget_type=\"theme-post-title.default\">\n\t\t\t\t<div class=\"elementor-widget-container\">\n\t\t\t\t\t<h1 class=\"elementor-heading-title elementor-size-default\">Portug\u00e1l konyha: kihagyhatatlan halak, tengeri \u00e1llatok, h\u00fas\u00e9telek \u00e9s helyi finoms\u00e1gok<\/h1>\t\t\t\t<\/div>\n\t\t\t\t<\/div>\n\t\t\t\t<section class=\"elementor-section elementor-inner-section elementor-element elementor-element-1da4c4d elementor-section-boxed elementor-section-height-default elementor-section-height-default\" data-id=\"1da4c4d\" data-element_type=\"section\" data-e-type=\"section\">\n\t\t\t\t\t\t<div class=\"elementor-container elementor-column-gap-default\">\n\t\t\t\t\t<div class=\"elementor-column elementor-col-33 elementor-inner-column elementor-element elementor-element-e1a911f\" data-id=\"e1a911f\" data-element_type=\"column\" data-e-type=\"column\">\n\t\t\t<div class=\"elementor-widget-wrap\">\n\t\t\t\t\t\t\t<\/div>\n\t\t<\/div>\n\t\t\t\t<div class=\"elementor-column elementor-col-33 elementor-inner-column elementor-element elementor-element-cdc7de6\" data-id=\"cdc7de6\" data-element_type=\"column\" data-e-type=\"column\">\n\t\t\t<div class=\"elementor-widget-wrap elementor-element-populated\">\n\t\t\t\t\t\t<div class=\"elementor-element elementor-element-4bdc60c elementor-author-box--align-center elementor-author-box--layout-image-above elementor-widget elementor-widget-author-box\" data-id=\"4bdc60c\" data-element_type=\"widget\" data-e-type=\"widget\" data-widget_type=\"author-box.default\">\n\t\t\t\t<div class=\"elementor-widget-container\">\n\t\t\t\t\t\t\t<div class=\"elementor-author-box\">\n\t\t\t\t\t\t\t<div  class=\"elementor-author-box__avatar\">\n\t\t\t\t\t<img decoding=\"async\" src=\"https:\/\/oceancamper.com\/wp-content\/uploads\/2022\/02\/Nina-min-1-300x300.jpg\" alt=\"Picture of Nina\" loading=\"lazy\">\n\t\t\t\t<\/div>\n\t\t\t\n\t\t\t<div class=\"elementor-author-box__text\">\n\t\t\t\t\t\t\t\t\t<div >\n\t\t\t\t\t\t<h4 class=\"elementor-author-box__name\">\n\t\t\t\t\t\t\tNina\t\t\t\t\t\t<\/h4>\n\t\t\t\t\t<\/div>\n\t\t\t\t\n\t\t\t\t\t\t\t\t\t<div class=\"elementor-author-box__bio\">\n\t\t\t\t\t\t<p>Ocean Camper vez\u00e9rigazgat\u00f3<\/p>\n\t\t\t\t\t<\/div>\n\t\t\t\t\n\t\t\t\t\t\t\t<\/div>\n\t\t<\/div>\n\t\t\t\t\t\t<\/div>\n\t\t\t\t<\/div>\n\t\t\t\t\t<\/div>\n\t\t<\/div>\n\t\t\t\t<div class=\"elementor-column elementor-col-33 elementor-inner-column elementor-element elementor-element-3f91517\" data-id=\"3f91517\" data-element_type=\"column\" data-e-type=\"column\">\n\t\t\t<div class=\"elementor-widget-wrap\">\n\t\t\t\t\t\t\t<\/div>\n\t\t<\/div>\n\t\t\t\t\t<\/div>\n\t\t<\/section>\n\t\t\t\t\t<\/div>\n\t\t<\/div>\n\t\t\t\t\t<\/div>\n\t\t<\/section>\n\t\t\t\t<section class=\"elementor-section elementor-top-section elementor-element elementor-element-974da50 elementor-section-stretched elementor-section-boxed elementor-section-height-default elementor-section-height-default\" data-id=\"974da50\" data-element_type=\"section\" data-e-type=\"section\" data-settings=\"{&quot;stretch_section&quot;:&quot;section-stretched&quot;,&quot;background_background&quot;:&quot;classic&quot;}\">\n\t\t\t\t\t\t<div class=\"elementor-container elementor-column-gap-default\">\n\t\t\t\t\t<div class=\"elementor-column elementor-col-100 elementor-top-column elementor-element elementor-element-42db94f elementor-invisible\" data-id=\"42db94f\" data-element_type=\"column\" data-e-type=\"column\" data-settings=\"{&quot;background_background&quot;:&quot;classic&quot;,&quot;animation&quot;:&quot;fadeIn&quot;}\">\n\t\t\t<div class=\"elementor-widget-wrap elementor-element-populated\">\n\t\t\t\t\t<div class=\"elementor-background-overlay\"><\/div>\n\t\t\t\t\t\t<div class=\"elementor-element elementor-element-32c521c elementor-widget elementor-widget-heading\" data-id=\"32c521c\" data-element_type=\"widget\" data-e-type=\"widget\" data-widget_type=\"heading.default\">\n\t\t\t\t<div class=\"elementor-widget-container\">\n\t\t\t\t\t<h2 class=\"elementor-heading-title elementor-size-default\">Index<\/h2>\t\t\t\t<\/div>\n\t\t\t\t<\/div>\n\t\t\t\t<div class=\"elementor-element elementor-element-39cae09 elementor-widget elementor-widget-text-editor\" data-id=\"39cae09\" data-element_type=\"widget\" data-e-type=\"widget\" data-widget_type=\"text-editor.default\">\n\t\t\t\t<div class=\"elementor-widget-container\">\n\t\t\t\t\t\t\t\t\t<ol><li><h6><span style=\"color: #696969;\"><a style=\"color: #696969;\" href=\"#fish\">A helyi halak \u2013 a portug\u00e1l konyha l\u00e9nyege<\/a><\/span><\/h6><\/li><li><h6><span style=\"color: #696969;\"><a style=\"color: #696969;\" href=\"#shellfish\">Portug\u00e1liai kagyl\u00f3k<\/a><\/span><\/h6><\/li><li><h6><span style=\"color: #696969;\"><a style=\"color: #696969;\" href=\"#meat\">Tipikus h\u00fas\u00e9telek<\/a><\/span><\/h6><\/li><li><h6><span style=\"color: #696969;\"><a style=\"color: #696969;\" href=\"#fruits\">Helyi gy\u00fcm\u00f6lcs\u00f6k \u00e9s z\u00f6lds\u00e9gek<\/a><\/span><\/h6><\/li><li><h6><span style=\"color: #696969;\"><a style=\"color: #696969;\" href=\"#other\">Egy\u00e9b helyi specialit\u00e1sok<\/a><\/span><\/h6><\/li><li><h6><span style=\"color: #696969;\"><a style=\"color: #696969;\" href=\"#faq\">Gyakran feltett k\u00e9rd\u00e9sek<\/a><\/span><\/h6><\/li><\/ol>\t\t\t\t\t\t\t\t<\/div>\n\t\t\t\t<\/div>\n\t\t\t\t\t<\/div>\n\t\t<\/div>\n\t\t\t\t\t<\/div>\n\t\t<\/section>\n\t\t\t\t<section class=\"elementor-section elementor-top-section elementor-element elementor-element-3a9d1a5f elementor-section-stretched elementor-section-boxed elementor-section-height-default elementor-section-height-default\" data-id=\"3a9d1a5f\" data-element_type=\"section\" data-e-type=\"section\" id=\"fish\" data-settings=\"{&quot;stretch_section&quot;:&quot;section-stretched&quot;,&quot;background_background&quot;:&quot;classic&quot;}\">\n\t\t\t\t\t\t<div class=\"elementor-container elementor-column-gap-default\">\n\t\t\t\t\t<div class=\"elementor-column elementor-col-100 elementor-top-column elementor-element elementor-element-68f81ff1\" data-id=\"68f81ff1\" data-element_type=\"column\" data-e-type=\"column\">\n\t\t\t<div class=\"elementor-widget-wrap elementor-element-populated\">\n\t\t\t\t\t\t<div class=\"elementor-element elementor-element-0f52b3c elementor-widget elementor-widget-heading\" data-id=\"0f52b3c\" data-element_type=\"widget\" data-e-type=\"widget\" data-widget_type=\"heading.default\">\n\t\t\t\t<div class=\"elementor-widget-container\">\n\t\t\t\t\t<h2 class=\"elementor-heading-title elementor-size-default\">Portug\u00e1l \u00e9telek, kihagyhatatlan halak, tengeri \u00e1llatok, h\u00fas\u00e9telek \u00e9s helyi finoms\u00e1gok<\/h2>\t\t\t\t<\/div>\n\t\t\t\t<\/div>\n\t\t\t\t<div class=\"elementor-element elementor-element-1658783d elementor-widget elementor-widget-text-editor\" data-id=\"1658783d\" data-element_type=\"widget\" data-e-type=\"widget\" data-widget_type=\"text-editor.default\">\n\t\t\t\t<div class=\"elementor-widget-container\">\n\t\t\t\t\t\t\t\t\t<p>A portug\u00e1l konyha az egyik legnagyszer\u0171bb \u00e9lm\u00e9nye egy aut\u00f3s utaz\u00e1snak ebben a gy\u00f6ny\u00f6r\u0171 orsz\u00e1gban. A friss Atlanic-\u00f3ce\u00e1ni tengeri \u00e9telekt\u0151l kezdve a kiad\u00f3s h\u00fas\u00e9teleken \u00e1t a szezon\u00e1lis gy\u00fcm\u00f6lcs\u00f6kig \u00e9s a helyi specialit\u00e1sokig \u2013 Portug\u00e1lia \u00edzvil\u00e1ga igaz\u00e1n meg\u00f6rvendezteti az \u00edzlel\u0151bimb\u00f3idat. \u00d6ssze\u00e1ll\u00edtottuk ezt az \u00fatmutat\u00f3t, hogy megtudja, mit \u00e9rdemes enni Portug\u00e1li\u00e1ban \u00e9s hol tal\u00e1lja meg ezeket, f\u00fcggetlen\u00fcl att\u00f3l, hogy a Campervanban f\u0151z-e, vagy \u00e9tteremben \u00e9tkezik.  <\/p>\t\t\t\t\t\t\t\t<\/div>\n\t\t\t\t<\/div>\n\t\t\t\t<div class=\"elementor-element elementor-element-1b329d1 elementor-arrows-position-inside elementor-widget elementor-widget-image-carousel\" data-id=\"1b329d1\" data-element_type=\"widget\" data-e-type=\"widget\" data-settings=\"{&quot;slides_to_show&quot;:&quot;1&quot;,&quot;navigation&quot;:&quot;arrows&quot;,&quot;autoplay&quot;:&quot;yes&quot;,&quot;pause_on_hover&quot;:&quot;yes&quot;,&quot;pause_on_interaction&quot;:&quot;yes&quot;,&quot;autoplay_speed&quot;:5000,&quot;infinite&quot;:&quot;yes&quot;,&quot;effect&quot;:&quot;slide&quot;,&quot;speed&quot;:500}\" data-widget_type=\"image-carousel.default\">\n\t\t\t\t<div class=\"elementor-widget-container\">\n\t\t\t\t\t\t\t<div class=\"elementor-image-carousel-wrapper swiper\" role=\"region\" aria-roledescription=\"carousel\" aria-label=\"Image Carousel\" dir=\"ltr\">\n\t\t\t<div class=\"elementor-image-carousel swiper-wrapper\" aria-live=\"off\">\n\t\t\t\t\t\t\t\t<div class=\"swiper-slide\" role=\"group\" aria-roledescription=\"slide\" aria-label=\"1 \/ 7\"><figure class=\"swiper-slide-inner\"><img decoding=\"async\" class=\"swiper-slide-image\" src=\"https:\/\/oceancamper.com\/wp-content\/uploads\/elementor\/thumbs\/IMG-20250318-WA0016-r31uvcj8nosyx094t6rcn88d9qsdbkvye4j92y07e8.jpg\" alt=\"Portug\u00e1l \u00e9telek, grillezett garn\u00e9lar\u00e1k a barbecue-r\u00e1cson \u2013 egy kihagyhatatlan tengeri \u00e9tel.\" \/><\/figure><\/div><div class=\"swiper-slide\" role=\"group\" aria-roledescription=\"slide\" aria-label=\"2 \/ 7\"><figure class=\"swiper-slide-inner\"><img decoding=\"async\" class=\"swiper-slide-image\" src=\"https:\/\/oceancamper.com\/wp-content\/uploads\/elementor\/thumbs\/IMG-20250318-WA0019-r31uvmvgqv74gpu44t88wnmfszdeo9103jplczkvhs.jpg\" alt=\"Portug\u00e1l \u00e9tel: grillezett hal s\u00fclt paprik\u00e1val \u00e9s citrommal \u2013 ezt mindenk\u00e9ppen ki kell pr\u00f3b\u00e1lni.\" \/><\/figure><\/div><div class=\"swiper-slide\" role=\"group\" aria-roledescription=\"slide\" aria-label=\"3 \/ 7\"><figure class=\"swiper-slide-inner\"><img decoding=\"async\" class=\"swiper-slide-image\" src=\"https:\/\/oceancamper.com\/wp-content\/uploads\/elementor\/thumbs\/IMG-20250318-WA0022-r31uvw9un7jzotgglxaill91qu32t82bgu8g5r6xrk.jpg\" alt=\"Portug\u00e1l \u00e9tel: polip (polvo) burgony\u00e1val \u2013 egy hagyom\u00e1nyos tengeri \u00e9tel.\" \/><\/figure><\/div><div class=\"swiper-slide\" role=\"group\" aria-roledescription=\"slide\" aria-label=\"4 \/ 7\"><figure class=\"swiper-slide-inner\"><img decoding=\"async\" class=\"swiper-slide-image\" src=\"https:\/\/oceancamper.com\/wp-content\/uploads\/elementor\/thumbs\/IMG-20250318-WA0021-r31vb57ligfg13b3kikn1qq8nuxfoglk8b80fcl0ts.jpg\" alt=\"Cataplana tenger gy\u00fcm\u00f6lcsei p\u00f6rk\u00f6lt r\u00e9z ed\u00e9nyben \u2013 portug\u00e1l \u00e9tel \u00e9s hagyom\u00e1nyos algarvei fog\u00e1s.\" \/><\/figure><\/div><div class=\"swiper-slide\" role=\"group\" aria-roledescription=\"slide\" aria-label=\"5 \/ 7\"><figure class=\"swiper-slide-inner\"><img decoding=\"async\" class=\"swiper-slide-image\" src=\"https:\/\/oceancamper.com\/wp-content\/uploads\/elementor\/thumbs\/IMG-20250318-WA0023-r31vbelzessb96xg1mmwqoculpn3tfmvllqv84733k.jpg\" alt=\"A \u201eLulas\u201d, azaz a paprik\u00e1val \u00e9s citrommal grillezett portug\u00e1l tintahal egy olyan portug\u00e1l \u00e9tel, amelyet mindenk\u00e9ppen meg kell k\u00f3stolni.\" \/><\/figure><\/div><div class=\"swiper-slide\" role=\"group\" aria-roledescription=\"slide\" aria-label=\"6 \/ 7\"><figure class=\"swiper-slide-inner\"><img decoding=\"async\" class=\"swiper-slide-image\" src=\"https:\/\/oceancamper.com\/wp-content\/uploads\/elementor\/thumbs\/IMG-20250318-WA0024-r31vqw09zjzchyfsmtkob9p6v7brly3pe8lst78mls.jpg\" alt=\"Caldeirada de peixe, portug\u00e1l halp\u00f6rk\u00f6lt burgony\u00e1val \u00e9s paprik\u00e1val \u2013 egy hagyom\u00e1nyos portug\u00e1l \u00e9tel.\" \/><\/figure><\/div><div class=\"swiper-slide\" role=\"group\" aria-roledescription=\"slide\" aria-label=\"7 \/ 7\"><figure class=\"swiper-slide-inner\"><img decoding=\"async\" class=\"swiper-slide-image\" src=\"https:\/\/oceancamper.com\/wp-content\/uploads\/elementor\/thumbs\/IMG-20250318-WA0020-r31vr6ci2qdi1o0ryg1kkp39efwsym8r3ns538tapc.jpg\" alt=\"Portug\u00e1l \u00e9tel: grillezett szard\u00ednia (sardinhas), citrommal \u00e9s f\u0171szern\u00f6v\u00e9nyekkel t\u00e1lalva.\" \/><\/figure><\/div>\t\t\t<\/div>\n\t\t\t\t\t\t\t\t\t\t\t\t<div class=\"elementor-swiper-button elementor-swiper-button-prev\" role=\"button\" tabindex=\"0\">\n\t\t\t\t\t\t<i aria-hidden=\"true\" class=\"eicon-chevron-left\"><\/i>\t\t\t\t\t<\/div>\n\t\t\t\t\t<div class=\"elementor-swiper-button elementor-swiper-button-next\" role=\"button\" tabindex=\"0\">\n\t\t\t\t\t\t<i aria-hidden=\"true\" class=\"eicon-chevron-right\"><\/i>\t\t\t\t\t<\/div>\n\t\t\t\t\n\t\t\t\t\t\t\t\t\t<\/div>\n\t\t\t\t\t\t<\/div>\n\t\t\t\t<\/div>\n\t\t\t\t<div class=\"elementor-element elementor-element-fc47e49 elementor-widget elementor-widget-heading\" data-id=\"fc47e49\" data-element_type=\"widget\" data-e-type=\"widget\" data-widget_type=\"heading.default\">\n\t\t\t\t<div class=\"elementor-widget-container\">\n\t\t\t\t\t<h2 class=\"elementor-heading-title elementor-size-default\">A helyi halak \u2013 a portug\u00e1l konyha l\u00e9nyege<\/h2>\t\t\t\t<\/div>\n\t\t\t\t<\/div>\n\t\t\t\t<div class=\"elementor-element elementor-element-585784b elementor-widget elementor-widget-text-editor\" data-id=\"585784b\" data-element_type=\"widget\" data-e-type=\"widget\" data-widget_type=\"text-editor.default\">\n\t\t\t\t<div class=\"elementor-widget-container\">\n\t\t\t\t\t\t\t\t\t<p>A portug\u00e1l konyha elv\u00e1laszthatatlan a tengert\u0151l. A grillezett hal gyakran minden \u00e9tkez\u00e9s cs\u00facspontja. \u00cdme n\u00e9h\u00e1ny kedvenc\u00fcnk:  <\/p><ul><li><strong>Szard\u00ednia (Sardinhas):<\/strong> Portug\u00e1lia alapvet\u0151 ny\u00e1ri \u00e9tele. Eg\u00e9szben grillezik, \u00e9s keny\u00e9rrel vagy burgony\u00e1val t\u00e1lalj\u00e1k. <\/li><li><strong>Tengeri s\u00fcg\u00e9r (Dourada) \u00e9s tengeri s\u00fcg\u00e9r (Robalo):<\/strong> Mindkett\u0151t gyakran grillen s\u00fctik. Az egyszer\u0171 elk\u00e9sz\u00edt\u00e9s lehet\u0151v\u00e9 teszi, hogy finom \u00edz\u00fck kiemelkedjen. <\/li><li><strong>Tintahalak (Lulas):<\/strong> Grillezve vagy s\u00fctve tal\u00e1lja \u0151ket.<\/li><li><strong>Garn\u00e9lar\u00e1k (Camar\u00e3o):<\/strong> Jellemz\u0151en grillezve vagy s\u00fctve.<\/li><li><strong>Polip (Polvo):<\/strong> Portug\u00e1li\u00e1ban nagyon kedvelt \u00e9tel. K\u00f3stold meg a Polvo \u00e0 Lagareiro-t, az ol\u00edvaolajjal \u00e9s fokhagym\u00e1val s\u00fct\u00f6tt polipot! <\/li><li><strong>Cataplana \u00e9s halp\u00f6rk\u00f6lt (Caldeirada de Peixe):<\/strong> Lass\u00fa t\u0171z\u00f6n f\u0151z\u00f6tt, gazdag \u00edzvil\u00e1g\u00fa tengeri \u00e9telek.<\/li><\/ul><p>A friss halat gyakran fokhagym\u00e1val, korianderrel \u00e9s ol\u00edvaolajjal d\u00edsz\u00edtik. Ha nem kedveli ezeket az \u00f6sszetev\u0151ket, k\u00e9rje meg a kiszolg\u00e1l\u00f3t, hogy hagyja ki \u0151ket, vagy t\u00e1lalja \u0151ket k\u00fcl\u00f6n. <\/p>\t\t\t\t\t\t\t\t<\/div>\n\t\t\t\t<\/div>\n\t\t\t\t\t<\/div>\n\t\t<\/div>\n\t\t\t\t\t<\/div>\n\t\t<\/section>\n\t\t\t\t<section class=\"elementor-section elementor-top-section elementor-element elementor-element-5892d0d7 elementor-section-stretched elementor-section-boxed elementor-section-height-default elementor-section-height-default\" data-id=\"5892d0d7\" data-element_type=\"section\" data-e-type=\"section\" id=\"shellfish\" data-settings=\"{&quot;stretch_section&quot;:&quot;section-stretched&quot;,&quot;background_background&quot;:&quot;classic&quot;}\">\n\t\t\t\t\t\t<div class=\"elementor-container elementor-column-gap-default\">\n\t\t\t\t\t<div class=\"elementor-column elementor-col-100 elementor-top-column elementor-element elementor-element-60bb4669\" data-id=\"60bb4669\" data-element_type=\"column\" data-e-type=\"column\">\n\t\t\t<div class=\"elementor-widget-wrap elementor-element-populated\">\n\t\t\t\t\t\t<div class=\"elementor-element elementor-element-95aa85f elementor-arrows-position-inside elementor-widget elementor-widget-image-carousel\" data-id=\"95aa85f\" data-element_type=\"widget\" data-e-type=\"widget\" data-settings=\"{&quot;slides_to_show&quot;:&quot;1&quot;,&quot;navigation&quot;:&quot;arrows&quot;,&quot;autoplay&quot;:&quot;yes&quot;,&quot;pause_on_hover&quot;:&quot;yes&quot;,&quot;pause_on_interaction&quot;:&quot;yes&quot;,&quot;autoplay_speed&quot;:5000,&quot;infinite&quot;:&quot;yes&quot;,&quot;effect&quot;:&quot;slide&quot;,&quot;speed&quot;:500}\" data-widget_type=\"image-carousel.default\">\n\t\t\t\t<div class=\"elementor-widget-container\">\n\t\t\t\t\t\t\t<div class=\"elementor-image-carousel-wrapper swiper\" role=\"region\" aria-roledescription=\"carousel\" aria-label=\"Image Carousel\" dir=\"ltr\">\n\t\t\t<div class=\"elementor-image-carousel swiper-wrapper\" aria-live=\"off\">\n\t\t\t\t\t\t\t\t<div class=\"swiper-slide\" role=\"group\" aria-roledescription=\"slide\" aria-label=\"1 \/ 3\"><figure class=\"swiper-slide-inner\"><img decoding=\"async\" class=\"swiper-slide-image\" src=\"https:\/\/oceancamper.com\/wp-content\/uploads\/elementor\/thumbs\/conquilhas-rent-a-tent-q88kv0o0odh5v5sx65txgpy0rm4d8fy8qcfmzxxgmo.jpg\" alt=\"Fokhagym\u00e1s-boros m\u00e1rt\u00e1sban f\u0151z\u00f6tt Conquilhas (\u00e9k alak\u00fa kagyl\u00f3) \u2013 portug\u00e1l \u00e9tel \u00e9s kagyl\u00f3s finoms\u00e1g.\" \/><\/figure><\/div><div class=\"swiper-slide\" role=\"group\" aria-roledescription=\"slide\" aria-label=\"2 \/ 3\"><figure class=\"swiper-slide-inner\"><img decoding=\"async\" class=\"swiper-slide-image\" src=\"https:\/\/oceancamper.com\/wp-content\/uploads\/elementor\/thumbs\/lingueirao-rent-a-tent-q88kv2jp21jqidq6v6n6lpgxydv3nu5pelqlyhuoa8.jpg\" alt=\"Fokhagym\u00e1s-boros Lingueir\u00e3o (k\u00e9skagyl\u00f3) \u2013 portug\u00e1l kagyl\u00f3\u00e9tel az Algarve r\u00e9gi\u00f3b\u00f3l.\" \/><\/figure><\/div><div class=\"swiper-slide\" role=\"group\" aria-roledescription=\"slide\" aria-label=\"3 \/ 3\"><figure class=\"swiper-slide-inner\"><img decoding=\"async\" class=\"swiper-slide-image\" src=\"https:\/\/oceancamper.com\/wp-content\/uploads\/elementor\/thumbs\/Ostra-rent-a-tent-in-portugal-low-cost-1024x576-1-q88kv3hj8vl0tzotpp1t678ejrqgvj9fqqe3frta40.jpg\" alt=\"F\u00e9lh\u00e9j\u00fa ostras (osztriga) citrommal \u2013 portug\u00e1l tengeri finoms\u00e1g.\" \/><\/figure><\/div>\t\t\t<\/div>\n\t\t\t\t\t\t\t\t\t\t\t\t<div class=\"elementor-swiper-button elementor-swiper-button-prev\" role=\"button\" tabindex=\"0\">\n\t\t\t\t\t\t<i aria-hidden=\"true\" class=\"eicon-chevron-left\"><\/i>\t\t\t\t\t<\/div>\n\t\t\t\t\t<div class=\"elementor-swiper-button elementor-swiper-button-next\" role=\"button\" tabindex=\"0\">\n\t\t\t\t\t\t<i aria-hidden=\"true\" class=\"eicon-chevron-right\"><\/i>\t\t\t\t\t<\/div>\n\t\t\t\t\n\t\t\t\t\t\t\t\t\t<\/div>\n\t\t\t\t\t\t<\/div>\n\t\t\t\t<\/div>\n\t\t\t\t<div class=\"elementor-element elementor-element-47c428 elementor-widget elementor-widget-heading\" data-id=\"47c428\" data-element_type=\"widget\" data-e-type=\"widget\" data-widget_type=\"heading.default\">\n\t\t\t\t<div class=\"elementor-widget-container\">\n\t\t\t\t\t<h2 class=\"elementor-heading-title elementor-size-default\">Portug\u00e1liai kagyl\u00f3k<\/h2>\t\t\t\t<\/div>\n\t\t\t\t<\/div>\n\t\t\t\t<div class=\"elementor-element elementor-element-78ceb404 elementor-widget elementor-widget-text-editor\" data-id=\"78ceb404\" data-element_type=\"widget\" data-e-type=\"widget\" data-widget_type=\"text-editor.default\">\n\t\t\t\t<div class=\"elementor-widget-container\">\n\t\t\t\t\t\t\t\t\t<p>Portug\u00e1lia partvid\u00e9ke b\u0151s\u00e9ges kagyl\u00f3k\u00e9szletet is k\u00edn\u00e1l. Ezeket a kagyl\u00f3kat t\u00f6bbnyire el\u0151\u00e9telk\u00e9nt t\u00e1lalj\u00e1k feh\u00e9rborb\u00f3l, fokhagym\u00e1b\u00f3l, ol\u00edvaolajb\u00f3l \u00e9s korianderb\u0151l k\u00e9sz\u00fclt \u00edzletes m\u00e1rt\u00e1ssal, amelyhez kiv\u00e1l\u00f3an illik a keny\u00e9r. A kagyl\u00f3k rizses \u00e9telekbe, kataplan\u00e1kba \u00e9s p\u00f6rk\u00f6ltekbe is beker\u00fclnek.  <\/p><ul><li><strong>Am\u00eaijoa (<a href=\"https:\/\/en.wikipedia.org\/wiki\/Clam\" target=\"_blank\" rel=\"noopener\">kagyl\u00f3<\/a>)<\/strong> \u2013 egy klasszikus kedvenc.<\/li><li><strong>Lingueir\u00e3o (<a href=\"https:\/\/en.wikipedia.org\/wiki\/Razor_clam\" target=\"_blank\" rel=\"noopener\">k\u00e9skagyl\u00f3<\/a>)<\/strong>, finom \u00e9s oml\u00f3s.<\/li><li><strong>Conquilhas (<a href=\"https:\/\/en.wikipedia.org\/wiki\/Donax_trunculus\" target=\"_blank\" rel=\"noopener\">\u00e9k alak\u00fa kagyl\u00f3k<\/a>)<\/strong>, kicsik, de \u00edzletesek.<\/li><li><strong>Berbig\u00e3o (<a href=\"https:\/\/en.wikipedia.org\/wiki\/Cockle_(bivalve)\" target=\"_blank\" rel=\"noopener\">kagyl\u00f3<\/a>)<\/strong>, \u00e1ltal\u00e1ban a legolcs\u00f3bb kagyl\u00f3fajta.<\/li><li><strong>Osztr\u00e1k (<a href=\"https:\/\/en.wikipedia.org\/wiki\/Oyster\" target=\"_blank\" rel=\"noopener\">osztriga):<\/a><\/strong> A legjobb nyersen fogyasztani, vagy grillezve, egy kis citrommal.<\/li><\/ul>\t\t\t\t\t\t\t\t<\/div>\n\t\t\t\t<\/div>\n\t\t\t\t\t<\/div>\n\t\t<\/div>\n\t\t\t\t\t<\/div>\n\t\t<\/section>\n\t\t\t\t<section class=\"elementor-section elementor-top-section elementor-element elementor-element-6a3ceac3 elementor-section-stretched elementor-section-boxed elementor-section-height-default elementor-section-height-default\" data-id=\"6a3ceac3\" data-element_type=\"section\" data-e-type=\"section\" id=\"meat\" data-settings=\"{&quot;stretch_section&quot;:&quot;section-stretched&quot;,&quot;background_background&quot;:&quot;classic&quot;}\">\n\t\t\t\t\t\t<div class=\"elementor-container elementor-column-gap-default\">\n\t\t\t\t\t<div class=\"elementor-column elementor-col-100 elementor-top-column elementor-element elementor-element-1aafa65\" data-id=\"1aafa65\" data-element_type=\"column\" data-e-type=\"column\">\n\t\t\t<div class=\"elementor-widget-wrap elementor-element-populated\">\n\t\t\t\t\t\t<div class=\"elementor-element elementor-element-d7553ca elementor-arrows-position-inside elementor-widget elementor-widget-image-carousel\" data-id=\"d7553ca\" data-element_type=\"widget\" data-e-type=\"widget\" data-settings=\"{&quot;slides_to_show&quot;:&quot;1&quot;,&quot;navigation&quot;:&quot;arrows&quot;,&quot;autoplay&quot;:&quot;yes&quot;,&quot;pause_on_hover&quot;:&quot;yes&quot;,&quot;pause_on_interaction&quot;:&quot;yes&quot;,&quot;autoplay_speed&quot;:5000,&quot;infinite&quot;:&quot;yes&quot;,&quot;effect&quot;:&quot;slide&quot;,&quot;speed&quot;:500}\" data-widget_type=\"image-carousel.default\">\n\t\t\t\t<div class=\"elementor-widget-container\">\n\t\t\t\t\t\t\t<div class=\"elementor-image-carousel-wrapper swiper\" role=\"region\" aria-roledescription=\"carousel\" aria-label=\"Image Carousel\" dir=\"ltr\">\n\t\t\t<div class=\"elementor-image-carousel swiper-wrapper\" aria-live=\"off\">\n\t\t\t\t\t\t\t\t<div class=\"swiper-slide\" role=\"group\" aria-roledescription=\"slide\" aria-label=\"1 \/ 3\"><figure class=\"swiper-slide-inner\"><img decoding=\"async\" class=\"swiper-slide-image\" src=\"https:\/\/oceancamper.com\/wp-content\/uploads\/elementor\/thumbs\/chourico-assado-rent-a-campervan-in-portugal-q88kv5d7mjnlh7m3epv2b6rbqjh7axgwezp2ebqhrk.jpg\" alt=\"S\u00fclt chouri\u00e7o, l\u00e1ngon s\u00fclt portug\u00e1l kolb\u00e1sz \u2013 egy klasszikus portug\u00e1l el\u0151\u00e9tel.\" \/><\/figure><\/div><div class=\"swiper-slide\" role=\"group\" aria-roledescription=\"slide\" aria-label=\"2 \/ 3\"><figure class=\"swiper-slide-inner\"><img decoding=\"async\" class=\"swiper-slide-image\" src=\"https:\/\/oceancamper.com\/wp-content\/uploads\/elementor\/thumbs\/portuguesa-rent-a-CAMPERVAN-IN-FARO-q88kv5d7mjnlh7m3epv2b6rbqjh7axgwezp2ebqhrk.jpg\" alt=\"Carne \u00e0 Portuguesa, hagyom\u00e1nyos portug\u00e1l sert\u00e9sh\u00fasos-burgony\u00e1s \u00e9tel, savany\u00fas\u00e1ggal \u00e9s olajbogy\u00f3val t\u00e1lalva.\" \/><\/figure><\/div><div class=\"swiper-slide\" role=\"group\" aria-roledescription=\"slide\" aria-label=\"3 \/ 3\"><figure class=\"swiper-slide-inner\"><img decoding=\"async\" class=\"swiper-slide-image\" src=\"https:\/\/oceancamper.com\/wp-content\/uploads\/elementor\/thumbs\/rent-a-van-port-vine-q88kv6b1tdovstkq989ovoisbxckimkmr4cjvlp3lc.jpg\" alt=\"Portug\u00e1l \u00e9tel: puha h\u00fas port\u00f3i boros m\u00e1rt\u00e1sban, z\u00f6lds\u00e9gekkel t\u00e1lalva.\" \/><\/figure><\/div>\t\t\t<\/div>\n\t\t\t\t\t\t\t\t\t\t\t\t<div class=\"elementor-swiper-button elementor-swiper-button-prev\" role=\"button\" tabindex=\"0\">\n\t\t\t\t\t\t<i aria-hidden=\"true\" class=\"eicon-chevron-left\"><\/i>\t\t\t\t\t<\/div>\n\t\t\t\t\t<div class=\"elementor-swiper-button elementor-swiper-button-next\" role=\"button\" tabindex=\"0\">\n\t\t\t\t\t\t<i aria-hidden=\"true\" class=\"eicon-chevron-right\"><\/i>\t\t\t\t\t<\/div>\n\t\t\t\t\n\t\t\t\t\t\t\t\t\t<\/div>\n\t\t\t\t\t\t<\/div>\n\t\t\t\t<\/div>\n\t\t\t\t<div class=\"elementor-element elementor-element-3a52406f elementor-widget elementor-widget-heading\" data-id=\"3a52406f\" data-element_type=\"widget\" data-e-type=\"widget\" data-widget_type=\"heading.default\">\n\t\t\t\t<div class=\"elementor-widget-container\">\n\t\t\t\t\t<h2 class=\"elementor-heading-title elementor-size-default\">Tipikus h\u00fas\u00e9telek<\/h2>\t\t\t\t<\/div>\n\t\t\t\t<\/div>\n\t\t\t\t<div class=\"elementor-element elementor-element-1bef99b2 elementor-widget elementor-widget-text-editor\" data-id=\"1bef99b2\" data-element_type=\"widget\" data-e-type=\"widget\" data-widget_type=\"text-editor.default\">\n\t\t\t\t<div class=\"elementor-widget-container\">\n\t\t\t\t\t\t\t\t\t<p data-start=\"2835\" data-end=\"3049\">B\u00e1r a tenger gy\u00fcm\u00f6lcsei lopj\u00e1k el a show-t, Portug\u00e1lia a h\u00fasok szerelmeseinek is b\u0151s\u00e9ges k\u00edn\u00e1latot ny\u00fajt. A hagyom\u00e1nyos receptek gyakran tartalmaznak sert\u00e9sh\u00fast, fokhagym\u00e1t \u00e9s bort. \u00cdme n\u00e9h\u00e1ny \u00e9tel, amelyre \u00e9rdemes odafigyelni:  <\/p><ul><li data-start=\"3053\" data-end=\"3178\"><strong data-start=\"3053\" data-end=\"3073\">Chouri\u00e7o Assado:<\/strong> Portug\u00e1l s\u00fclt kolb\u00e1sz, amelyet el\u0151\u00e9telk\u00e9nt szolg\u00e1lnak fel ropog\u00f3s keny\u00e9rrel.<\/li><li data-start=\"3181\" data-end=\"3332\"><strong data-start=\"3181\" data-end=\"3204\">Carne \u00e0 Alentejana:<\/strong> Feh\u00e9rboros-fokhagym\u00e1s m\u00e1rt\u00e1sban f\u0151tt sert\u00e9sh\u00faskock\u00e1k, savany\u00fas\u00e1ggal \u00e9s kagyl\u00f3val d\u00edsz\u00edtve.<\/li><li data-start=\"3335\" data-end=\"3450\"><strong data-start=\"3335\" data-end=\"3358\">Carne \u00e0 Portuguesa:<\/strong> Hasonl\u00f3 az alentejanai v\u00e1ltozathoz, de kagyl\u00f3 n\u00e9lk\u00fcl.<\/li><li data-start=\"3453\" data-end=\"3586\"><strong data-start=\"3453\" data-end=\"3481\">H\u00fas port\u00f3i boros m\u00e1rt\u00e1sban:<\/strong> Egy hagyom\u00e1nyos \u00e9tel, amelynek elk\u00e9sz\u00edt\u00e9sekor a h\u00fast port\u00f3i borban lassan f\u0151zik.<\/li><li data-start=\"3589\" data-end=\"3755\"><strong data-start=\"3589\" data-end=\"3618\">Grillezett csirke \u00e9s h\u00fas:<\/strong> Rengeteg \u00e9tteremben <strong data-start=\"3589\" data-end=\"3618\">tal\u00e1lhat<\/strong> egyszer\u0171, kiv\u00e9teles min\u0151s\u00e9g\u0171 grillezett csirk\u00e9t vagy h\u00fast.<\/li><\/ul>\t\t\t\t\t\t\t\t<\/div>\n\t\t\t\t<\/div>\n\t\t\t\t\t<\/div>\n\t\t<\/div>\n\t\t\t\t\t<\/div>\n\t\t<\/section>\n\t\t\t\t<section class=\"elementor-section elementor-top-section elementor-element elementor-element-15e8caed elementor-section-stretched elementor-section-boxed elementor-section-height-default elementor-section-height-default\" data-id=\"15e8caed\" data-element_type=\"section\" data-e-type=\"section\" id=\"fruits\" data-settings=\"{&quot;stretch_section&quot;:&quot;section-stretched&quot;,&quot;background_background&quot;:&quot;classic&quot;}\">\n\t\t\t\t\t\t<div class=\"elementor-container elementor-column-gap-default\">\n\t\t\t\t\t<div class=\"elementor-column elementor-col-100 elementor-top-column elementor-element elementor-element-7f88a424\" data-id=\"7f88a424\" data-element_type=\"column\" data-e-type=\"column\">\n\t\t\t<div class=\"elementor-widget-wrap elementor-element-populated\">\n\t\t\t\t\t\t<div class=\"elementor-element elementor-element-32d6887 elementor-arrows-position-inside elementor-widget elementor-widget-image-carousel\" data-id=\"32d6887\" data-element_type=\"widget\" data-e-type=\"widget\" data-settings=\"{&quot;slides_to_show&quot;:&quot;1&quot;,&quot;navigation&quot;:&quot;arrows&quot;,&quot;autoplay&quot;:&quot;yes&quot;,&quot;pause_on_hover&quot;:&quot;yes&quot;,&quot;pause_on_interaction&quot;:&quot;yes&quot;,&quot;autoplay_speed&quot;:5000,&quot;infinite&quot;:&quot;yes&quot;,&quot;effect&quot;:&quot;slide&quot;,&quot;speed&quot;:500}\" data-widget_type=\"image-carousel.default\">\n\t\t\t\t<div class=\"elementor-widget-container\">\n\t\t\t\t\t\t\t<div class=\"elementor-image-carousel-wrapper swiper\" role=\"region\" aria-roledescription=\"carousel\" aria-label=\"Image Carousel\" dir=\"ltr\">\n\t\t\t<div class=\"elementor-image-carousel swiper-wrapper\" aria-live=\"off\">\n\t\t\t\t\t\t\t\t<div class=\"swiper-slide\" role=\"group\" aria-roledescription=\"slide\" aria-label=\"1 \/ 3\"><figure class=\"swiper-slide-inner\"><img decoding=\"async\" class=\"swiper-slide-image\" src=\"https:\/\/oceancamper.com\/wp-content\/uploads\/elementor\/thumbs\/mangas-rent-a-van-q88kv94kdvsqrngmsrhkl5t642yo5pvtrib0bfkx2o.png\" alt=\"Friss mang\u00f3 egy portug\u00e1l piacon Algarve-ban, sz\u00ednes helyi term\u00e9kek.\" \/><\/figure><\/div><div class=\"swiper-slide\" role=\"group\" aria-roledescription=\"slide\" aria-label=\"2 \/ 3\"><figure class=\"swiper-slide-inner\"><img decoding=\"async\" class=\"swiper-slide-image\" src=\"https:\/\/oceancamper.com\/wp-content\/uploads\/elementor\/thumbs\/mercadinho-rent-a-campervan-in-Faro-q88kvby2ydwlqhcjcapgan3jw8krst70rw9gr9gqk0.jpg\" alt=\"Friss z\u00f6lds\u00e9gek egy portug\u00e1l piacon az Algarve-ban, sz\u00ednes helyi term\u00e9nyek.\" \/><\/figure><\/div><div class=\"swiper-slide\" role=\"group\" aria-roledescription=\"slide\" aria-label=\"3 \/ 3\"><figure class=\"swiper-slide-inner\"><img decoding=\"async\" class=\"swiper-slide-image\" src=\"https:\/\/oceancamper.com\/wp-content\/uploads\/elementor\/thumbs\/mercadinho-rent-a-tent-q88kvdtrc1z6dp9t1bipfmmh30bi87ehg5kfptdy7k.jpg\" alt=\"Friss z\u00f6lds\u00e9gek \u00e9s gy\u00fcm\u00f6lcs\u00f6k egy portug\u00e1l mercadinh\u00f3ban Algarve-ban.\" \/><\/figure><\/div>\t\t\t<\/div>\n\t\t\t\t\t\t\t\t\t\t\t\t<div class=\"elementor-swiper-button elementor-swiper-button-prev\" role=\"button\" tabindex=\"0\">\n\t\t\t\t\t\t<i aria-hidden=\"true\" class=\"eicon-chevron-left\"><\/i>\t\t\t\t\t<\/div>\n\t\t\t\t\t<div class=\"elementor-swiper-button elementor-swiper-button-next\" role=\"button\" tabindex=\"0\">\n\t\t\t\t\t\t<i aria-hidden=\"true\" class=\"eicon-chevron-right\"><\/i>\t\t\t\t\t<\/div>\n\t\t\t\t\n\t\t\t\t\t\t\t\t\t<\/div>\n\t\t\t\t\t\t<\/div>\n\t\t\t\t<\/div>\n\t\t\t\t<div class=\"elementor-element elementor-element-5a4c81d7 elementor-widget elementor-widget-heading\" data-id=\"5a4c81d7\" data-element_type=\"widget\" data-e-type=\"widget\" data-widget_type=\"heading.default\">\n\t\t\t\t<div class=\"elementor-widget-container\">\n\t\t\t\t\t<h2 class=\"elementor-heading-title elementor-size-default\">Helyi gy\u00fcm\u00f6lcs\u00f6k \u00e9s z\u00f6lds\u00e9gek<\/h2>\t\t\t\t<\/div>\n\t\t\t\t<\/div>\n\t\t\t\t<div class=\"elementor-element elementor-element-419898c elementor-widget elementor-widget-text-editor\" data-id=\"419898c\" data-element_type=\"widget\" data-e-type=\"widget\" data-widget_type=\"text-editor.default\">\n\t\t\t\t<div class=\"elementor-widget-container\">\n\t\t\t\t\t\t\t\t\t<p data-start=\"3789\" data-end=\"4033\">Portug\u00e1lia enyhe \u00e9ghajlata miatt eg\u00e9sz \u00e9vben friss gy\u00fcm\u00f6lcs\u00f6t \u00e9s z\u00f6lds\u00e9get fogyaszthatunk. A legt\u00f6bb helyi term\u00e9k szezon\u00e1lis, \u00e9s \u00e9rett \u00e1llapotban ker\u00fcl \u00e9rt\u00e9kes\u00edt\u00e9sre a heti piacokon vagy a <strong data-start=\"3946\" data-end=\"3967\">Mercado Municipalban<\/strong>. \u00cdme, mire \u00e9rdemes figyelni:  <\/p><ul><li data-start=\"4037\" data-end=\"4105\"><strong data-start=\"4037\" data-end=\"4049\">Avok\u00e1d\u00f3:<\/strong> Avok\u00e1d\u00f3: \u0150sz \u00e9s t\u00e9l.<\/li><li data-start=\"4108\" data-end=\"4191\"><strong data-start=\"4108\" data-end=\"4126\">Citrusf\u00e9l\u00e9k:<\/strong> Narancs, citrom \u00e9s m\u00e1s gy\u00fcm\u00f6lcs\u00f6k.<\/li><li data-start=\"4194\" data-end=\"4269\"><strong data-start=\"4194\" data-end=\"4213\">Mang\u00f3 \u00e9s papaya:<\/strong> Papaya: Ny\u00e1r \u00e9s \u0151sz.<\/li><li data-start=\"4272\" data-end=\"4340\"><strong data-start=\"4272\" data-end=\"4284\">Barack:<\/strong> Ny\u00e1r \u00e9s \u0151sz.<\/li><li data-start=\"4343\" data-end=\"4407\"><strong data-start=\"4343\" data-end=\"4360\">Gr\u00e1n\u00e1talma:<\/strong> \u0150sz.<\/li><li data-start=\"4410\" data-end=\"4511\"><strong data-start=\"4410\" data-end=\"4459\">Custard alma, Maracuj\u00e1 (maracuj\u00e1), F\u00fcge:<\/strong> K\u00e9s\u0151 ny\u00e1ron.<\/li><li data-start=\"4514\" data-end=\"4659\"><strong data-start=\"4514\" data-end=\"4570\">Madeir\u00e1r\u00f3l sz\u00e1rmaz\u00f3 ban\u00e1n \u00e9s az Azori-szigetekr\u0151l sz\u00e1rmaz\u00f3 anan\u00e1sz:<\/strong> Portug\u00e1lia szigetein termesztett \u00e9des tr\u00f3pusi gy\u00fcm\u00f6lcs\u00f6k.<\/li><li data-start=\"4662\" data-end=\"4757\"><strong data-start=\"4662\" data-end=\"4684\">K\u00f6z\u00f6ns\u00e9ges z\u00f6lds\u00e9gek:<\/strong> Friss, helyi \u00e9s \u00edzletes.<\/li><\/ul><p data-start=\"4759\" data-end=\"4860\">Ha ell\u00e1togat egy helyi piacra, k\u00e9rdezze meg az \u00e1rusokat a legjobb szezon\u00e1lis term\u00e9kekr\u0151l, \u00e9s pr\u00f3b\u00e1ljon ki valami \u00fajat.<\/p>\t\t\t\t\t\t\t\t<\/div>\n\t\t\t\t<\/div>\n\t\t\t\t\t<\/div>\n\t\t<\/div>\n\t\t\t\t\t<\/div>\n\t\t<\/section>\n\t\t\t\t<section class=\"elementor-section elementor-top-section elementor-element elementor-element-567d3fac elementor-section-stretched elementor-section-boxed elementor-section-height-default elementor-section-height-default\" data-id=\"567d3fac\" data-element_type=\"section\" data-e-type=\"section\" id=\"other\" data-settings=\"{&quot;stretch_section&quot;:&quot;section-stretched&quot;,&quot;background_background&quot;:&quot;classic&quot;}\">\n\t\t\t\t\t\t<div class=\"elementor-container elementor-column-gap-default\">\n\t\t\t\t\t<div class=\"elementor-column elementor-col-100 elementor-top-column elementor-element elementor-element-13d1d9a4\" data-id=\"13d1d9a4\" data-element_type=\"column\" data-e-type=\"column\">\n\t\t\t<div class=\"elementor-widget-wrap elementor-element-populated\">\n\t\t\t\t\t\t<div class=\"elementor-element elementor-element-80c07a1 elementor-widget elementor-widget-heading\" data-id=\"80c07a1\" data-element_type=\"widget\" data-e-type=\"widget\" data-widget_type=\"heading.default\">\n\t\t\t\t<div class=\"elementor-widget-container\">\n\t\t\t\t\t<h2 class=\"elementor-heading-title elementor-size-default\">Egy\u00e9b helyi specialit\u00e1sok<\/h2>\t\t\t\t<\/div>\n\t\t\t\t<\/div>\n\t\t\t\t<div class=\"elementor-element elementor-element-23ed233d elementor-widget elementor-widget-text-editor\" data-id=\"23ed233d\" data-element_type=\"widget\" data-e-type=\"widget\" data-widget_type=\"text-editor.default\">\n\t\t\t\t<div class=\"elementor-widget-container\">\n\t\t\t\t\t\t\t\t\t<p data-start=\"4891\" data-end=\"4989\">V\u00e9g\u00fcl, egyetlen portug\u00e1l \u00e9telkalauz sem lenne teljes a bor <strong data-start=\"4962\" data-end=\"4970\">\u00e9s<\/strong> <strong data-start=\"4975\" data-end=\"4988\">az ol\u00edvaolaj<\/strong> eml\u00edt\u00e9se n\u00e9lk\u00fcl <strong data-start=\"4975\" data-end=\"4988\">.<\/strong><\/p><ul><li data-start=\"4993\" data-end=\"5286\"><strong data-start=\"4993\" data-end=\"5002\">Bor:<\/strong> A portug\u00e1l borokkal ritk\u00e1n lehet mell\u00e9fogni. S\u0151t, az olcs\u00f3bb palackok is ugyanolyan j\u00f3k lehetnek, mint a dr\u00e1g\u00e1bbak. Ha bizonytalan vagy, v\u00e1lassz egy palackot az Alentejo r\u00e9gi\u00f3b\u00f3l; a fiatalabb borok gyakran a legjobbak.  <\/li><li data-start=\"5289\" data-end=\"5728\"><strong data-start=\"5289\" data-end=\"5303\">Ol\u00edvaolaj:<\/strong> Ol\u00edvaolaj v\u00e1laszt\u00e1sakor keresse <strong data-start=\"5338\" data-end=\"5354\">az \u201eextra sz\u0171z\u201d min\u0151s\u00edt\u00e9s\u0171t<\/strong>, amelyet az olajbogy\u00f3k els\u0151 hidegpr\u00e9sel\u00e9s\u00e9b\u0151l \u00e1ll\u00edtanak el\u0151. <strong data-start=\"5454\" data-end=\"5474\">A sz\u0171z ol\u00edvaolaj<\/strong> a m\u00e1sodik pr\u00e9sel\u00e9sb\u0151l sz\u00e1rmazik, m\u00edg <strong data-start=\"5558\" data-end=\"5571\">a<\/strong> sima <strong data-start=\"5558\" data-end=\"5571\">ol\u00edvaolaj<\/strong> a harmadik pr\u00e9sel\u00e9sb\u0151l. A j\u00f3 min\u0151s\u00e9g\u0171 olaj savtartalma legfeljebb 0,80%. <\/li><\/ul>\t\t\t\t\t\t\t\t<\/div>\n\t\t\t\t<\/div>\n\t\t\t\t<div class=\"elementor-element elementor-element-f9a2b31 elementor-widget elementor-widget-heading\" data-id=\"f9a2b31\" data-element_type=\"widget\" data-e-type=\"widget\" id=\"faq\" data-widget_type=\"heading.default\">\n\t\t\t\t<div class=\"elementor-widget-container\">\n\t\t\t\t\t<h2 class=\"elementor-heading-title elementor-size-default\">Gyakran feltett k\u00e9rd\u00e9sek<\/h2>\t\t\t\t<\/div>\n\t\t\t\t<\/div>\n\t\t\t\t<div class=\"elementor-element elementor-element-c7d41a8 elementor-widget elementor-widget-text-editor\" data-id=\"c7d41a8\" data-element_type=\"widget\" data-e-type=\"widget\" data-widget_type=\"text-editor.default\">\n\t\t\t\t<div class=\"elementor-widget-container\">\n\t\t\t\t\t\t\t\t\t<p><strong>Mi Portug\u00e1lia nemzeti \u00e9tele?<\/strong><br>A bacalhau, azaz a s\u00f3zott t\u0151kehal, \u00e1ll ehhez a legk\u00f6zelebb, \u00e9s azt mondj\u00e1k, hogy 365f\u00e9lek\u00e9ppen lehet elk\u00e9sz\u00edteni. A grillezett szard\u00ednia szint\u00e9n komoly versenyz\u0151, k\u00fcl\u00f6n\u00f6sen ny\u00e1ron. <\/p><p><strong>Konkr\u00e9tan mit \u00e9rdemes enni az Algarve-on?<\/strong><br>Frissen kifogott, r\u00e1cson s\u00fclt hal, cataplana tengeri gy\u00fcm\u00f6lcs\u00f6s p\u00f6rk\u00f6lt, penges kagyl\u00f3 \u00e9s percebes. A sz\u00e1razf\u00f6ld\u00f6n \u00e9rdemes megk\u00f3stolni az alentej\u00f3i fekete sert\u00e9sh\u00fast \u00e9s a piri-piri csirk\u00e9t. <\/p><p><strong>Dr\u00e1ga a portug\u00e1l \u00e9tel?<\/strong><br>Nyugat-eur\u00f3pai m\u00e9rc\u00e9vel m\u00e9rve nem. A \u201eprato do dia\u201d, azaz a napi men\u00fc \u00e1ltal\u00e1ban a nap legkedvez\u0151bb \u00e1r\u00fa \u00e9tkez\u00e9se. Ha a piacr\u00f3l hozott halat magad f\u0151z\u00f6d meg, az m\u00e9g olcs\u00f3bb.  <\/p><p><strong>K\u00f6nny\u0171-e veget\u00e1ri\u00e1nus \u00e9trendet k\u00f6vetni Portug\u00e1li\u00e1ban?<\/strong><br>A v\u00e1rosokban ez k\u00f6nnyebb, mint a kis falvakban. A piacokon kiv\u00e1l\u00f3 min\u0151s\u00e9g\u0171 friss term\u00e9kek kaphat\u00f3k, \u00e9s a leves, a keny\u00e9r, a sajt \u00e9s a grillezett z\u00f6lds\u00e9gek is sz\u00e9les k\u00f6rben el\u00e9rhet\u0151k, de a legt\u00f6bb hagyom\u00e1nyos \u00e9tel hal- vagy h\u00fasalap\u00fa. <\/p><p><strong>Mit lehet k\u00f6nnyen elk\u00e9sz\u00edteni egy Campervanban?<\/strong><br>Friss hal vagy szard\u00ednia egyetlen g\u00e1z\u00e9g\u0151n, fokhagym\u00e1s \u00e9s feh\u00e9rboros kagyl\u00f3, vagy egyszer\u0171en csak keny\u00e9r, sajt, olajbogy\u00f3 \u00e9s a piacr\u00f3l sz\u00e1rmaz\u00f3 gy\u00fcm\u00f6lcs. Mindez j\u00f3l sz\u00e1ll\u00edthat\u00f3, \u00e9s alig ig\u00e9nyel felszerel\u00e9st. <\/p>\t\t\t\t\t\t\t\t<\/div>\n\t\t\t\t<\/div>\n\t\t\t\t<div class=\"elementor-element elementor-element-c4bc376 elementor-widget elementor-widget-heading\" data-id=\"c4bc376\" data-element_type=\"widget\" data-e-type=\"widget\" data-widget_type=\"heading.default\">\n\t\t\t\t<div class=\"elementor-widget-container\">\n\t\t\t\t\t<h2 class=\"elementor-heading-title elementor-size-default\">Z\u00e1r\u00f3 tippek \u00e9s tov\u00e1bbi lehet\u0151s\u00e9gek<\/h2>\t\t\t\t<\/div>\n\t\t\t\t<\/div>\n\t\t\t\t<div class=\"elementor-element elementor-element-77a92c1 elementor-widget elementor-widget-text-editor\" data-id=\"77a92c1\" data-element_type=\"widget\" data-e-type=\"widget\" data-widget_type=\"text-editor.default\">\n\t\t\t\t<div class=\"elementor-widget-container\">\n\t\t\t\t\t\t\t\t\t<p data-start=\"5764\" data-end=\"5983\">A portug\u00e1l konyha a egyszer\u0171, kiv\u00e1l\u00f3 min\u0151s\u00e9g\u0171 alapanyagokr\u00f3l \u00e9s a hagyom\u00e1nyos receptekr\u0151l sz\u00f3l. Ak\u00e1r a tengerparton sardin\u00e1t grillez, ak\u00e1r egy helyi \u00e9tteremben k\u00f3stolja az alentejoi bort, sz\u00e1njon r\u00e1 id\u0151t, \u00e9s \u00e9lvezze minden falatot. <\/p><p data-start=\"5985\" data-end=\"6312\" data-is-last-node=\"\" data-is-only-node=\"\">Tov\u00e1bbi \u00f6tleteket keresel? N\u00e9zd meg \u00fatmutat\u00f3inkat a <a href=\"https:\/\/oceancamper.com\/hu\/lakobuszberles\/trustpilot-ocean-camper-legjobb-ertekeles\/\"><strong>Campervan b\u00e9rl\u00e9s\u00e9r\u0151l az Algarve-on<\/strong><\/a>, <a href=\"https:\/\/oceancamper.com\/hu\/programok-faro-ban\/\"><strong data-start=\"6080\" data-end=\"6104\">mit \u00e9rdemes csin\u00e1lni Far\u00f3ban<\/strong><\/a>, valamint <a href=\"https:\/\/oceancamper.com\/hu\/blog\/\">a Portug\u00e1lia felfedez\u00e9s\u00e9hez kapcsol\u00f3d\u00f3 egy\u00e9b tippekr\u0151l sz\u00f3l\u00f3 \u00fatmutat\u00f3inkat<\/a>. Ha k\u00e9rd\u00e9seid vannak, \u00edrj nek\u00fcnk e-mailt a <strong data-start=\"6181\" data-end=\"6205\"><a href=\"mailto:info@oceancamper.com\">info@oceancamper.com<\/a><\/strong> vagy h\u00edvjon minket, illetve \u00edrjon WhatsAppon <strong data-start=\"6223\" data-end=\"6243\"> a +351 920 301 044 sz\u00e1mra<\/strong> \u2013 mindig sz\u00edvesen seg\u00edt\u00fcnk  <\/p>\t\t\t\t\t\t\t\t<\/div>\n\t\t\t\t<\/div>\n\t\t\t\t\t<\/div>\n\t\t<\/div>\n\t\t\t\t\t<\/div>\n\t\t<\/section>\n\t\t\t\t<section class=\"elementor-section elementor-top-section elementor-element elementor-element-3f85b71d elementor-section-stretched elementor-section-boxed elementor-section-height-default elementor-section-height-default\" data-id=\"3f85b71d\" data-element_type=\"section\" data-e-type=\"section\" data-settings=\"{&quot;stretch_section&quot;:&quot;section-stretched&quot;,&quot;background_background&quot;:&quot;classic&quot;}\">\n\t\t\t\t\t\t<div class=\"elementor-container elementor-column-gap-default\">\n\t\t\t\t\t<div class=\"elementor-column elementor-col-100 elementor-top-column elementor-element elementor-element-60b50a2f\" data-id=\"60b50a2f\" data-element_type=\"column\" data-e-type=\"column\">\n\t\t\t<div class=\"elementor-widget-wrap elementor-element-populated\">\n\t\t\t\t\t\t<section class=\"elementor-section elementor-inner-section elementor-element elementor-element-22005879 elementor-section-boxed elementor-section-height-default elementor-section-height-default\" data-id=\"22005879\" data-element_type=\"section\" data-e-type=\"section\">\n\t\t\t\t\t\t<div class=\"elementor-container elementor-column-gap-default\">\n\t\t\t\t\t<div class=\"elementor-column elementor-col-100 elementor-inner-column elementor-element elementor-element-3a0da7fc\" data-id=\"3a0da7fc\" data-element_type=\"column\" data-e-type=\"column\">\n\t\t\t<div class=\"elementor-widget-wrap elementor-element-populated\">\n\t\t\t\t\t\t<div class=\"elementor-element elementor-element-0c136db elementor-widget elementor-widget-heading\" data-id=\"0c136db\" data-element_type=\"widget\" data-e-type=\"widget\" data-widget_type=\"heading.default\">\n\t\t\t\t<div class=\"elementor-widget-container\">\n\t\t\t\t\t<h3 class=\"elementor-heading-title elementor-size-default\">Ellen\u0151rizze a t\u00f6bbi hozz\u00e1sz\u00f3l\u00e1sunkat:<\/h3>\t\t\t\t<\/div>\n\t\t\t\t<\/div>\n\t\t\t\t<div class=\"elementor-element elementor-element-77d91a59 elementor-grid-tablet-3 elementor-grid-3 elementor-grid-mobile-1 elementor-posts--thumbnail-top elementor-posts__hover-gradient elementor-widget elementor-widget-posts\" data-id=\"77d91a59\" data-element_type=\"widget\" data-e-type=\"widget\" data-settings=\"{&quot;cards_row_gap&quot;:{&quot;unit&quot;:&quot;px&quot;,&quot;size&quot;:20,&quot;sizes&quot;:[]},&quot;cards_row_gap_mobile&quot;:{&quot;unit&quot;:&quot;px&quot;,&quot;size&quot;:10,&quot;sizes&quot;:[]},&quot;cards_columns_tablet&quot;:&quot;3&quot;,&quot;cards_row_gap_tablet&quot;:{&quot;unit&quot;:&quot;px&quot;,&quot;size&quot;:5,&quot;sizes&quot;:[]},&quot;cards_columns&quot;:&quot;3&quot;,&quot;cards_columns_mobile&quot;:&quot;1&quot;}\" data-widget_type=\"posts.cards\">\n\t\t\t\t<div class=\"elementor-widget-container\">\n\t\t\t\t\t\t\t<div class=\"elementor-posts-container elementor-posts elementor-posts--skin-cards elementor-grid\" role=\"list\">\n\t\t\t\t<article class=\"elementor-post elementor-grid-item post-162132 post type-post status-publish format-standard has-post-thumbnail hentry category-uncategorized-hu\" role=\"listitem\">\n\t\t\t<div class=\"elementor-post__card\">\n\t\t\t\t<a class=\"elementor-post__thumbnail__link\" href=\"https:\/\/oceancamper.com\/hu\/csodalatos-strandok\/\" tabindex=\"-1\" ><div class=\"elementor-post__thumbnail\"><img fetchpriority=\"high\" decoding=\"async\" width=\"300\" height=\"201\" src=\"https:\/\/oceancamper.com\/wp-content\/uploads\/2021\/10\/praia-da-amalia-zambujeira-do-mar-alentejo-ocean-camper-2025-300x201.jpg\" class=\"attachment-medium size-medium wp-image-208842\" alt=\"Praia da Am\u00e1lia szikl\u00e1kkal k\u00f6r\u00fclvett strand Zambujeira do Mar k\u00f6zel\u00e9ben, Alentejo partvid\u00e9k, Portug\u00e1lia\" srcset=\"https:\/\/oceancamper.com\/wp-content\/uploads\/2021\/10\/praia-da-amalia-zambujeira-do-mar-alentejo-ocean-camper-2025-300x201.jpg 300w, https:\/\/oceancamper.com\/wp-content\/uploads\/2021\/10\/praia-da-amalia-zambujeira-do-mar-alentejo-ocean-camper-2025-768x515.jpg 768w, https:\/\/oceancamper.com\/wp-content\/uploads\/2021\/10\/praia-da-amalia-zambujeira-do-mar-alentejo-ocean-camper-2025-240x161.jpg 240w, https:\/\/oceancamper.com\/wp-content\/uploads\/2021\/10\/praia-da-amalia-zambujeira-do-mar-alentejo-ocean-camper-2025.jpg 960w\" sizes=\"(max-width: 300px) 100vw, 300px\" \/><\/div><\/a>\n\t\t\t\t<div class=\"elementor-post__text\">\n\t\t\t\t<h2 class=\"elementor-post__title\">\n\t\t\t<a href=\"https:\/\/oceancamper.com\/hu\/csodalatos-strandok\/\" >\n\t\t\t\tCsod\u00e1latos strandok Algarve\t\t\t<\/a>\n\t\t<\/h2>\n\t\t\t\t<div class=\"elementor-post__excerpt\">\n\t\t\t<p>Amikor kiv\u00e1lasztja a strandot, ahol l\u00f3gni szeretne, vegye figyelembe a k\u00f6vetkez\u0151 szempontokat: Az \u00f3ce\u00e1n \u00e1rap\u00e1lya.<\/p>\n\t\t<\/div>\n\t\t\n\t\t<a class=\"elementor-post__read-more\" href=\"https:\/\/oceancamper.com\/hu\/csodalatos-strandok\/\" aria-label=\"Read more about Csod\u00e1latos strandok Algarve\" tabindex=\"-1\" >\n\t\t\tOlvass tov\u00e1bb \"\t\t<\/a>\n\n\t\t\t\t<\/div>\n\t\t\t\t\t<\/div>\n\t\t<\/article>\n\t\t\t\t<article class=\"elementor-post elementor-grid-item post-162086 post type-post status-publish format-standard has-post-thumbnail hentry category-kiemeli category-uncategorized-hu\" role=\"listitem\">\n\t\t\t<div class=\"elementor-post__card\">\n\t\t\t\t<a class=\"elementor-post__thumbnail__link\" href=\"https:\/\/oceancamper.com\/hu\/elektromos-campervan-ut\/\" tabindex=\"-1\" ><div class=\"elementor-post__thumbnail\"><img decoding=\"async\" width=\"300\" height=\"200\" src=\"https:\/\/oceancamper.com\/wp-content\/uploads\/2022\/03\/electric-mini-camper-Ocean-Camper-300x200.jpg\" class=\"attachment-medium size-medium wp-image-219474\" alt=\"Elektromos mini Camper az Ocean Campert\u0151l, a tengerparton parkolva Portug\u00e1li\u00e1ban\" srcset=\"https:\/\/oceancamper.com\/wp-content\/uploads\/2022\/03\/electric-mini-camper-Ocean-Camper-300x200.jpg 300w, https:\/\/oceancamper.com\/wp-content\/uploads\/2022\/03\/electric-mini-camper-Ocean-Camper-1024x683.jpg 1024w, https:\/\/oceancamper.com\/wp-content\/uploads\/2022\/03\/electric-mini-camper-Ocean-Camper-768x512.jpg 768w, https:\/\/oceancamper.com\/wp-content\/uploads\/2022\/03\/electric-mini-camper-Ocean-Camper-240x160.jpg 240w, https:\/\/oceancamper.com\/wp-content\/uploads\/2022\/03\/electric-mini-camper-Ocean-Camper.jpg 1200w\" sizes=\"(max-width: 300px) 100vw, 300px\" \/><\/div><\/a>\n\t\t\t\t<div class=\"elementor-post__text\">\n\t\t\t\t<h2 class=\"elementor-post__title\">\n\t\t\t<a href=\"https:\/\/oceancamper.com\/hu\/elektromos-campervan-ut\/\" >\n\t\t\t\tElektromos Campervan Roadtrip\t\t\t<\/a>\n\t\t<\/h2>\n\t\t\t\t<div class=\"elementor-post__excerpt\">\n\t\t\t<p>Tippek az e-Nomad 100%-ban elektromos lak\u00f3aut\u00f3val val\u00f3 utaz\u00e1shoz: hol t\u00f6lthet\u0151, t\u00f6lt\u0151pontok t\u00e9rk\u00e9pe \u00e9s az eCamper t\u00f6rt\u00e9nete.<\/p>\n\t\t<\/div>\n\t\t\n\t\t<a class=\"elementor-post__read-more\" href=\"https:\/\/oceancamper.com\/hu\/elektromos-campervan-ut\/\" aria-label=\"Read more about Elektromos Campervan Roadtrip\" tabindex=\"-1\" >\n\t\t\tOlvass tov\u00e1bb \"\t\t<\/a>\n\n\t\t\t\t<\/div>\n\t\t\t\t\t<\/div>\n\t\t<\/article>\n\t\t\t\t<article class=\"elementor-post elementor-grid-item post-162168 post type-post status-publish format-standard has-post-thumbnail hentry category-uncategorized-hu\" role=\"listitem\">\n\t\t\t<div class=\"elementor-post__card\">\n\t\t\t\t<a class=\"elementor-post__thumbnail__link\" href=\"https:\/\/oceancamper.com\/hu\/vadkemping-portugalia\/\" tabindex=\"-1\" ><div class=\"elementor-post__thumbnail\"><img decoding=\"async\" width=\"300\" height=\"200\" src=\"https:\/\/oceancamper.com\/wp-content\/uploads\/2025\/03\/wild-camping-portugal-ocean-camper-cliff-view-300x200.jpg\" class=\"attachment-medium size-medium wp-image-210437\" alt=\"Red Ocean lak\u00f3aut\u00f3 egy tengerparti szikl\u00e1n parkolva Portug\u00e1li\u00e1ban egy vadkempinges kir\u00e1ndul\u00e1s sor\u00e1n.\" srcset=\"https:\/\/oceancamper.com\/wp-content\/uploads\/2025\/03\/wild-camping-portugal-ocean-camper-cliff-view-300x200.jpg 300w, https:\/\/oceancamper.com\/wp-content\/uploads\/2025\/03\/wild-camping-portugal-ocean-camper-cliff-view-1024x683.jpg 1024w, https:\/\/oceancamper.com\/wp-content\/uploads\/2025\/03\/wild-camping-portugal-ocean-camper-cliff-view-768x512.jpg 768w, https:\/\/oceancamper.com\/wp-content\/uploads\/2025\/03\/wild-camping-portugal-ocean-camper-cliff-view-1536x1024.jpg 1536w, https:\/\/oceancamper.com\/wp-content\/uploads\/2025\/03\/wild-camping-portugal-ocean-camper-cliff-view-2048x1365.jpg 2048w, https:\/\/oceancamper.com\/wp-content\/uploads\/2025\/03\/wild-camping-portugal-ocean-camper-cliff-view-240x160.jpg 240w\" sizes=\"(max-width: 300px) 100vw, 300px\" \/><\/div><\/a>\n\t\t\t\t<div class=\"elementor-post__text\">\n\t\t\t\t<h2 class=\"elementor-post__title\">\n\t\t\t<a href=\"https:\/\/oceancamper.com\/hu\/vadkemping-portugalia\/\" >\n\t\t\t\tVadkempingez\u00e9s Portug\u00e1li\u00e1ban 2026: Szab\u00e1lyok, b\u00edrs\u00e1gok \u00e9s leg\u00e1lis \u00e9jszakai tart\u00f3zkod\u00e1s\t\t\t<\/a>\n\t\t<\/h2>\n\t\t\t\t<div class=\"elementor-post__excerpt\">\n\t\t\t<p>Tippek a sikeres kir\u00e1ndul\u00e1shoz. A legjobb kemping alkalmaz\u00e1sok. Vadkemping, t\u0171z, sz\u00fanyogok, eg\u00e9szs\u00e9gbiztos\u00edt\u00e1s.  <\/p>\n\t\t<\/div>\n\t\t\n\t\t<a class=\"elementor-post__read-more\" href=\"https:\/\/oceancamper.com\/hu\/vadkemping-portugalia\/\" aria-label=\"Read more about Vadkempingez\u00e9s Portug\u00e1li\u00e1ban 2026: Szab\u00e1lyok, b\u00edrs\u00e1gok \u00e9s leg\u00e1lis \u00e9jszakai tart\u00f3zkod\u00e1s\" tabindex=\"-1\" >\n\t\t\tOlvass tov\u00e1bb \"\t\t<\/a>\n\n\t\t\t\t<\/div>\n\t\t\t\t\t<\/div>\n\t\t<\/article>\n\t\t\t\t<\/div>\n\t\t\n\t\t\t\t\t\t<\/div>\n\t\t\t\t<\/div>\n\t\t\t\t<div class=\"elementor-element elementor-element-5806667 elementor-align-left elementor-tablet-align-left elementor-mobile-align-left elementor-widget elementor-widget-button\" data-id=\"5806667\" data-element_type=\"widget\" data-e-type=\"widget\" data-widget_type=\"button.default\">\n\t\t\t\t<div class=\"elementor-widget-container\">\n\t\t\t\t\t\t\t\t\t<div class=\"elementor-button-wrapper\">\n\t\t\t\t\t<a class=\"elementor-button elementor-button-link elementor-size-sm elementor-animation-pop\" href=\"https:\/\/oceancamper.com\/hu\/blog\/\">\n\t\t\t\t\t\t<span class=\"elementor-button-content-wrapper\">\n\t\t\t\t\t\t\t\t\t<span class=\"elementor-button-text\">Vissza a bloghoz<\/span>\n\t\t\t\t\t<\/span>\n\t\t\t\t\t<\/a>\n\t\t\t\t<\/div>\n\t\t\t\t\t\t\t\t<\/div>\n\t\t\t\t<\/div>\n\t\t\t\t\t<\/div>\n\t\t<\/div>\n\t\t\t\t\t<\/div>\n\t\t<\/section>\n\t\t\t\t\t<\/div>\n\t\t<\/div>\n\t\t\t\t\t<\/div>\n\t\t<\/section>\n\t\t\t\t<\/div>\n\t\t","protected":false},"excerpt":{"rendered":"<p>Portug\u00e1li\u00e1ban meg kell k\u00f3stolni az \u00e9teleket. Aj\u00e1nl\u00e1sok a tipikus \u00e9telekhez: hal, h\u00fas, ol\u00edvaolaj \u00e9s bor a legfinomabbak. <\/p>\n","protected":false},"author":1,"featured_media":164009,"comment_status":"closed","ping_status":"open","sticky":false,"template":"elementor_header_footer","format":"standard","meta":{"om_disable_all_campaigns":false,"footnotes":""},"categories":[160],"tags":[],"class_list":["post-162210","post","type-post","status-publish","format-standard","has-post-thumbnail","hentry","category-uncategorized-hu"],"aioseo_notices":[],"aioseo_head":"\n\t\t<!-- All in One SEO 4.9.10 - aioseo.com -->\n\t<meta name=\"description\" content=\"A val\u00f3di \u00e9jszakai parkol\u00f3helyek a Campervan-nal Portug\u00e1li\u00e1ban, a 48 \u00f3r\u00e1s szab\u00e1ly, az elker\u00fclend\u0151 v\u00e9dett ter\u00fcletek, valamint azok az alkalmaz\u00e1sok, amelyeket t\u00e9nylegesen haszn\u00e1lunk a leg\u00e1lis parkol\u00f3helyek megtal\u00e1l\u00e1s\u00e1hoz.\" \/>\n\t<meta name=\"robots\" content=\"max-image-preview:large\" \/>\n\t<meta name=\"author\" content=\"nomadcanguru\"\/>\n\t<link rel=\"canonical\" href=\"https:\/\/oceancamper.com\/hu\/vadkemping-portugalia\/\" \/>\n\t<meta name=\"generator\" content=\"All in One SEO (AIOSEO) 4.9.10\" \/>\n\t\t<meta property=\"og:locale\" content=\"hu_HU\" \/>\n\t\t<meta property=\"og:site_name\" content=\"Ocean Camper - Campervan Rental in Faro, Portugal\" \/>\n\t\t<meta property=\"og:type\" content=\"article\" \/>\n\t\t<meta property=\"og:title\" content=\"Vadkemping Portug\u00e1li\u00e1ban 2026: Hol lehet leg\u00e1lisan parkolni\" \/>\n\t\t<meta property=\"og:description\" content=\"A val\u00f3di \u00e9jszakai parkol\u00f3helyek a Campervan-nal Portug\u00e1li\u00e1ban, a 48 \u00f3r\u00e1s szab\u00e1ly, az elker\u00fclend\u0151 v\u00e9dett ter\u00fcletek, valamint azok az alkalmaz\u00e1sok, amelyeket t\u00e9nylegesen haszn\u00e1lunk a leg\u00e1lis parkol\u00f3helyek megtal\u00e1l\u00e1s\u00e1hoz.\" \/>\n\t\t<meta property=\"og:url\" content=\"https:\/\/oceancamper.com\/hu\/vadkemping-portugalia\/\" \/>\n\t\t<meta property=\"og:image\" content=\"https:\/\/oceancamper.com\/wp-content\/uploads\/2022\/01\/Asset-5.png\" \/>\n\t\t<meta property=\"og:image:secure_url\" content=\"https:\/\/oceancamper.com\/wp-content\/uploads\/2022\/01\/Asset-5.png\" \/>\n\t\t<meta property=\"og:image:width\" content=\"662\" \/>\n\t\t<meta property=\"og:image:height\" content=\"291\" \/>\n\t\t<meta property=\"article:published_time\" content=\"2025-03-24T20:10:08+00:00\" \/>\n\t\t<meta property=\"article:modified_time\" content=\"2026-09-01T16:49:57+00:00\" \/>\n\t\t<meta property=\"article:publisher\" content=\"https:\/\/www.facebook.com\/oceancamper\/\" \/>\n\t\t<meta name=\"twitter:card\" content=\"summary\" \/>\n\t\t<meta name=\"twitter:site\" content=\"@Ocean_Camper\" \/>\n\t\t<meta name=\"twitter:title\" content=\"Vadkempingez\u00e9s Portug\u00e1li\u00e1ban 2026: Hol lehet leg\u00e1lisan parkolni\" \/>\n\t\t<meta name=\"twitter:description\" content=\"A val\u00f3di \u00e9jszakai parkol\u00f3helyek a Campervan-nal Portug\u00e1li\u00e1ban, a 48 \u00f3r\u00e1s szab\u00e1ly, a ker\u00fclend\u0151 v\u00e9dett ter\u00fcletek, valamint azok az alkalmaz\u00e1sok, amelyeket mi is t\u00e9nylegesen haszn\u00e1lunk a leg\u00e1lis parkol\u00f3helyek megtal\u00e1l\u00e1s\u00e1hoz.\" \/>\n\t\t<meta name=\"twitter:creator\" content=\"@Ocean_Camper\" \/>\n\t\t<meta name=\"twitter:image\" content=\"https:\/\/oceancamper.com\/wp-content\/uploads\/2022\/01\/Asset-5.png\" \/>\n\t\t<script type=\"application\/ld+json\" class=\"aioseo-schema\">\n\t\t\t{\"@context\":\"https:\\\/\\\/schema.org\",\"@graph\":[{\"@type\":\"BlogPosting\",\"@id\":\"https:\\\/\\\/oceancamper.com\\\/hu\\\/vadkemping-portugalia\\\/#blogposting\",\"name\":\"Vadkempingez\\u00e9s Portug\\u00e1li\\u00e1ban 2026: Hol lehet leg\\u00e1lisan parkolni\",\"headline\":\"Vadkempingez\\u00e9s Portug\\u00e1li\\u00e1ban 2026: Szab\\u00e1lyok, b\\u00edrs\\u00e1gok \\u00e9s leg\\u00e1lis \\u00e9jszakai tart\\u00f3zkod\\u00e1s\",\"author\":{\"@id\":\"https:\\\/\\\/oceancamper.com\\\/hu\\\/author\\\/nomadcanguru\\\/#author\"},\"publisher\":{\"@id\":\"https:\\\/\\\/oceancamper.com\\\/hu\\\/#organization\"},\"image\":{\"@type\":\"ImageObject\",\"url\":\"https:\\\/\\\/oceancamper.com\\\/wp-content\\\/uploads\\\/2025\\\/03\\\/wild-camping-portugal-ocean-camper-cliff-view-scaled.jpg\",\"width\":2560,\"height\":1706,\"caption\":\"Campervan szabads\\u00e1g Portug\\u00e1lia partvid\\u00e9k\\u00e9n \\u2014 az Ocean Camper egy l\\u00e9legzetel\\u00e1ll\\u00edt\\u00f3 szikla kil\\u00e1t\\u00f3ponton.\"},\"datePublished\":\"2025-03-24T20:10:08+00:00\",\"dateModified\":\"2026-09-01T16:49:57+00:00\",\"inLanguage\":\"hu-HU\",\"mainEntityOfPage\":{\"@id\":\"https:\\\/\\\/oceancamper.com\\\/hu\\\/vadkemping-portugalia\\\/#webpage\"},\"isPartOf\":{\"@id\":\"https:\\\/\\\/oceancamper.com\\\/hu\\\/vadkemping-portugalia\\\/#webpage\"},\"articleSection\":\"Uncategorized @hu, Optional\"},{\"@type\":\"BreadcrumbList\",\"@id\":\"https:\\\/\\\/oceancamper.com\\\/hu\\\/vadkemping-portugalia\\\/#breadcrumblist\",\"itemListElement\":[{\"@type\":\"ListItem\",\"@id\":\"https:\\\/\\\/oceancamper.com\\\/hu\\\/#listItem\",\"position\":1,\"name\":\"Home\",\"item\":\"https:\\\/\\\/oceancamper.com\\\/hu\\\/\",\"nextItem\":{\"@type\":\"ListItem\",\"@id\":\"https:\\\/\\\/oceancamper.com\\\/hu\\\/category\\\/uncategorized-hu\\\/#listItem\",\"name\":\"Uncategorized @hu\"}},{\"@type\":\"ListItem\",\"@id\":\"https:\\\/\\\/oceancamper.com\\\/hu\\\/category\\\/uncategorized-hu\\\/#listItem\",\"position\":2,\"name\":\"Uncategorized @hu\",\"item\":\"https:\\\/\\\/oceancamper.com\\\/hu\\\/category\\\/uncategorized-hu\\\/\",\"nextItem\":{\"@type\":\"ListItem\",\"@id\":\"https:\\\/\\\/oceancamper.com\\\/hu\\\/portugal-etelek\\\/#listItem\",\"name\":\"Portug\\u00e1l konyha: kihagyhatatlan halak, tengeri \\u00e1llatok, h\\u00fas\\u00e9telek \\u00e9s helyi finoms\\u00e1gok\"},\"previousItem\":{\"@type\":\"ListItem\",\"@id\":\"https:\\\/\\\/oceancamper.com\\\/hu\\\/#listItem\",\"name\":\"Home\"}},{\"@type\":\"ListItem\",\"@id\":\"https:\\\/\\\/oceancamper.com\\\/hu\\\/portugal-etelek\\\/#listItem\",\"position\":3,\"name\":\"Portug\\u00e1l konyha: kihagyhatatlan halak, tengeri \\u00e1llatok, h\\u00fas\\u00e9telek \\u00e9s helyi finoms\\u00e1gok\",\"previousItem\":{\"@type\":\"ListItem\",\"@id\":\"https:\\\/\\\/oceancamper.com\\\/hu\\\/category\\\/uncategorized-hu\\\/#listItem\",\"name\":\"Uncategorized @hu\"}}]},{\"@type\":\"Organization\",\"@id\":\"https:\\\/\\\/oceancamper.com\\\/hu\\\/#organization\",\"name\":\"Ocean Camper\",\"description\":\"Ocean Camper provides affordable campervan rental in Portugal with fully equipped campervans for up to three people, available in Faro and Lisbon for flexible road trips.\",\"url\":\"https:\\\/\\\/oceancamper.com\\\/hu\\\/\",\"email\":\"info@oceancamper.com\",\"telephone\":\"+351920301044\",\"foundingDate\":\"2017-04-19\",\"numberOfEmployees\":{\"@type\":\"QuantitativeValue\",\"minValue\":0,\"maxValue\":10},\"logo\":{\"@type\":\"ImageObject\",\"url\":\"https:\\\/\\\/oceancamper.com\\\/wp-content\\\/uploads\\\/2022\\\/01\\\/Asset-5.png\",\"@id\":\"https:\\\/\\\/oceancamper.com\\\/hu\\\/vadkemping-portugalia\\\/#organizationLogo\",\"width\":662,\"height\":291,\"caption\":\"Ocean Camper logo\"},\"image\":{\"@id\":\"https:\\\/\\\/oceancamper.com\\\/hu\\\/vadkemping-portugalia\\\/#organizationLogo\"},\"sameAs\":[\"https:\\\/\\\/www.facebook.com\\\/oceancamper\\\/\",\"https:\\\/\\\/x.com\\\/Ocean_Camper\",\"https:\\\/\\\/www.instagram.com\\\/oceancamper.vans\\\/\",\"https:\\\/\\\/www.tiktok.com\\\/@oceancamper.vans\",\"https:\\\/\\\/www.youtube.com\\\/@oceancamper\",\"https:\\\/\\\/www.linkedin.com\\\/company\\\/oceancamper\\\/\",\"https:\\\/\\\/www.trustpilot.com\\\/review\\\/oceancamper.com\"]},{\"@type\":\"Person\",\"@id\":\"https:\\\/\\\/oceancamper.com\\\/hu\\\/author\\\/nomadcanguru\\\/#author\",\"url\":\"https:\\\/\\\/oceancamper.com\\\/hu\\\/author\\\/nomadcanguru\\\/\",\"name\":\"nomadcanguru\",\"image\":{\"@type\":\"ImageObject\",\"@id\":\"https:\\\/\\\/oceancamper.com\\\/hu\\\/vadkemping-portugalia\\\/#authorImage\",\"url\":\"https:\\\/\\\/secure.gravatar.com\\\/avatar\\\/3a5092e8a35779f7501b5a8c315d77eae173c0705d8cfd512c06ce5460985e92?s=96&d=mm&r=g\",\"width\":96,\"height\":96,\"caption\":\"nomadcanguru\"}},{\"@type\":\"WebPage\",\"@id\":\"https:\\\/\\\/oceancamper.com\\\/hu\\\/vadkemping-portugalia\\\/#webpage\",\"url\":\"https:\\\/\\\/oceancamper.com\\\/hu\\\/vadkemping-portugalia\\\/\",\"name\":\"Vadkempingez\\u00e9s Portug\\u00e1li\\u00e1ban 2026: Hol lehet leg\\u00e1lisan parkolni\",\"description\":\"A val\\u00f3di \\u00e9jszakai parkol\\u00f3helyek a Campervan-nal Portug\\u00e1li\\u00e1ban, a 48 \\u00f3r\\u00e1s szab\\u00e1ly, az elker\\u00fclend\\u0151 v\\u00e9dett ter\\u00fcletek, valamint azok az alkalmaz\\u00e1sok, amelyeket t\\u00e9nylegesen haszn\\u00e1lunk a leg\\u00e1lis parkol\\u00f3helyek megtal\\u00e1l\\u00e1s\\u00e1hoz.\",\"inLanguage\":\"hu-HU\",\"isPartOf\":{\"@id\":\"https:\\\/\\\/oceancamper.com\\\/hu\\\/#website\"},\"breadcrumb\":{\"@id\":\"https:\\\/\\\/oceancamper.com\\\/hu\\\/vadkemping-portugalia\\\/#breadcrumblist\"},\"author\":{\"@id\":\"https:\\\/\\\/oceancamper.com\\\/hu\\\/author\\\/nomadcanguru\\\/#author\"},\"creator\":{\"@id\":\"https:\\\/\\\/oceancamper.com\\\/hu\\\/author\\\/nomadcanguru\\\/#author\"},\"image\":{\"@type\":\"ImageObject\",\"url\":\"https:\\\/\\\/oceancamper.com\\\/wp-content\\\/uploads\\\/2025\\\/03\\\/wild-camping-portugal-ocean-camper-cliff-view-scaled.jpg\",\"@id\":\"https:\\\/\\\/oceancamper.com\\\/hu\\\/vadkemping-portugalia\\\/#mainImage\",\"width\":2560,\"height\":1706,\"caption\":\"Campervan szabads\\u00e1g Portug\\u00e1lia partvid\\u00e9k\\u00e9n \\u2014 az Ocean Camper egy l\\u00e9legzetel\\u00e1ll\\u00edt\\u00f3 szikla kil\\u00e1t\\u00f3ponton.\"},\"primaryImageOfPage\":{\"@id\":\"https:\\\/\\\/oceancamper.com\\\/hu\\\/vadkemping-portugalia\\\/#mainImage\"},\"datePublished\":\"2025-03-24T20:10:08+00:00\",\"dateModified\":\"2026-09-01T16:49:57+00:00\"},{\"@type\":\"WebSite\",\"@id\":\"https:\\\/\\\/oceancamper.com\\\/hu\\\/#website\",\"url\":\"https:\\\/\\\/oceancamper.com\\\/hu\\\/\",\"name\":\"Ocean Camper\",\"alternateName\":\"Ocean Camper Portugal\",\"description\":\"Campervan Rental in Faro, Portugal\",\"inLanguage\":\"hu-HU\",\"publisher\":{\"@id\":\"https:\\\/\\\/oceancamper.com\\\/hu\\\/#organization\"}}]}\n\t\t<\/script>\n\t\t<!-- All in One SEO -->\n\n","aioseo_head_json":{"title":"Vadkempingez\u00e9s Portug\u00e1li\u00e1ban 2026: Hol lehet leg\u00e1lisan parkolni","description":"A val\u00f3di \u00e9jszakai parkol\u00f3helyek a Campervan-nal Portug\u00e1li\u00e1ban, a 48 \u00f3r\u00e1s szab\u00e1ly, az elker\u00fclend\u0151 v\u00e9dett ter\u00fcletek, valamint azok az alkalmaz\u00e1sok, amelyeket t\u00e9nylegesen haszn\u00e1lunk a leg\u00e1lis parkol\u00f3helyek megtal\u00e1l\u00e1s\u00e1hoz.","canonical_url":"https:\/\/oceancamper.com\/hu\/vadkemping-portugalia\/","robots":"max-image-preview:large","keywords":"","webmasterTools":{"miscellaneous":""},"schema":{"@context":"https:\/\/schema.org","@graph":[{"@type":"BlogPosting","@id":"https:\/\/oceancamper.com\/hu\/vadkemping-portugalia\/#blogposting","name":"Vadkempingez\u00e9s Portug\u00e1li\u00e1ban 2026: Hol lehet leg\u00e1lisan parkolni","headline":"Vadkempingez\u00e9s Portug\u00e1li\u00e1ban 2026: Szab\u00e1lyok, b\u00edrs\u00e1gok \u00e9s leg\u00e1lis \u00e9jszakai tart\u00f3zkod\u00e1s","author":{"@id":"https:\/\/oceancamper.com\/hu\/author\/nomadcanguru\/#author"},"publisher":{"@id":"https:\/\/oceancamper.com\/hu\/#organization"},"image":{"@type":"ImageObject","url":"https:\/\/oceancamper.com\/wp-content\/uploads\/2025\/03\/wild-camping-portugal-ocean-camper-cliff-view-scaled.jpg","width":2560,"height":1706,"caption":"Campervan szabads\u00e1g Portug\u00e1lia partvid\u00e9k\u00e9n \u2014 az Ocean Camper egy l\u00e9legzetel\u00e1ll\u00edt\u00f3 szikla kil\u00e1t\u00f3ponton."},"datePublished":"2025-03-24T20:10:08+00:00","dateModified":"2026-09-01T16:49:57+00:00","inLanguage":"hu-HU","mainEntityOfPage":{"@id":"https:\/\/oceancamper.com\/hu\/vadkemping-portugalia\/#webpage"},"isPartOf":{"@id":"https:\/\/oceancamper.com\/hu\/vadkemping-portugalia\/#webpage"},"articleSection":"Uncategorized @hu, Optional"},{"@type":"BreadcrumbList","@id":"https:\/\/oceancamper.com\/hu\/vadkemping-portugalia\/#breadcrumblist","itemListElement":[{"@type":"ListItem","@id":"https:\/\/oceancamper.com\/hu\/#listItem","position":1,"name":"Home","item":"https:\/\/oceancamper.com\/hu\/","nextItem":{"@type":"ListItem","@id":"https:\/\/oceancamper.com\/hu\/category\/uncategorized-hu\/#listItem","name":"Uncategorized @hu"}},{"@type":"ListItem","@id":"https:\/\/oceancamper.com\/hu\/category\/uncategorized-hu\/#listItem","position":2,"name":"Uncategorized @hu","item":"https:\/\/oceancamper.com\/hu\/category\/uncategorized-hu\/","nextItem":{"@type":"ListItem","@id":"https:\/\/oceancamper.com\/hu\/portugal-etelek\/#listItem","name":"Portug\u00e1l konyha: kihagyhatatlan halak, tengeri \u00e1llatok, h\u00fas\u00e9telek \u00e9s helyi finoms\u00e1gok"},"previousItem":{"@type":"ListItem","@id":"https:\/\/oceancamper.com\/hu\/#listItem","name":"Home"}},{"@type":"ListItem","@id":"https:\/\/oceancamper.com\/hu\/portugal-etelek\/#listItem","position":3,"name":"Portug\u00e1l konyha: kihagyhatatlan halak, tengeri \u00e1llatok, h\u00fas\u00e9telek \u00e9s helyi finoms\u00e1gok","previousItem":{"@type":"ListItem","@id":"https:\/\/oceancamper.com\/hu\/category\/uncategorized-hu\/#listItem","name":"Uncategorized @hu"}}]},{"@type":"Organization","@id":"https:\/\/oceancamper.com\/hu\/#organization","name":"Ocean Camper","description":"Ocean Camper provides affordable campervan rental in Portugal with fully equipped campervans for up to three people, available in Faro and Lisbon for flexible road trips.","url":"https:\/\/oceancamper.com\/hu\/","email":"info@oceancamper.com","telephone":"+351920301044","foundingDate":"2017-04-19","numberOfEmployees":{"@type":"QuantitativeValue","minValue":0,"maxValue":10},"logo":{"@type":"ImageObject","url":"https:\/\/oceancamper.com\/wp-content\/uploads\/2022\/01\/Asset-5.png","@id":"https:\/\/oceancamper.com\/hu\/vadkemping-portugalia\/#organizationLogo","width":662,"height":291,"caption":"Ocean Camper logo"},"image":{"@id":"https:\/\/oceancamper.com\/hu\/vadkemping-portugalia\/#organizationLogo"},"sameAs":["https:\/\/www.facebook.com\/oceancamper\/","https:\/\/x.com\/Ocean_Camper","https:\/\/www.instagram.com\/oceancamper.vans\/","https:\/\/www.tiktok.com\/@oceancamper.vans","https:\/\/www.youtube.com\/@oceancamper","https:\/\/www.linkedin.com\/company\/oceancamper\/","https:\/\/www.trustpilot.com\/review\/oceancamper.com"]},{"@type":"Person","@id":"https:\/\/oceancamper.com\/hu\/author\/nomadcanguru\/#author","url":"https:\/\/oceancamper.com\/hu\/author\/nomadcanguru\/","name":"nomadcanguru","image":{"@type":"ImageObject","@id":"https:\/\/oceancamper.com\/hu\/vadkemping-portugalia\/#authorImage","url":"https:\/\/secure.gravatar.com\/avatar\/3a5092e8a35779f7501b5a8c315d77eae173c0705d8cfd512c06ce5460985e92?s=96&d=mm&r=g","width":96,"height":96,"caption":"nomadcanguru"}},{"@type":"WebPage","@id":"https:\/\/oceancamper.com\/hu\/vadkemping-portugalia\/#webpage","url":"https:\/\/oceancamper.com\/hu\/vadkemping-portugalia\/","name":"Vadkempingez\u00e9s Portug\u00e1li\u00e1ban 2026: Hol lehet leg\u00e1lisan parkolni","description":"A val\u00f3di \u00e9jszakai parkol\u00f3helyek a Campervan-nal Portug\u00e1li\u00e1ban, a 48 \u00f3r\u00e1s szab\u00e1ly, az elker\u00fclend\u0151 v\u00e9dett ter\u00fcletek, valamint azok az alkalmaz\u00e1sok, amelyeket t\u00e9nylegesen haszn\u00e1lunk a leg\u00e1lis parkol\u00f3helyek megtal\u00e1l\u00e1s\u00e1hoz.","inLanguage":"hu-HU","isPartOf":{"@id":"https:\/\/oceancamper.com\/hu\/#website"},"breadcrumb":{"@id":"https:\/\/oceancamper.com\/hu\/vadkemping-portugalia\/#breadcrumblist"},"author":{"@id":"https:\/\/oceancamper.com\/hu\/author\/nomadcanguru\/#author"},"creator":{"@id":"https:\/\/oceancamper.com\/hu\/author\/nomadcanguru\/#author"},"image":{"@type":"ImageObject","url":"https:\/\/oceancamper.com\/wp-content\/uploads\/2025\/03\/wild-camping-portugal-ocean-camper-cliff-view-scaled.jpg","@id":"https:\/\/oceancamper.com\/hu\/vadkemping-portugalia\/#mainImage","width":2560,"height":1706,"caption":"Campervan szabads\u00e1g Portug\u00e1lia partvid\u00e9k\u00e9n \u2014 az Ocean Camper egy l\u00e9legzetel\u00e1ll\u00edt\u00f3 szikla kil\u00e1t\u00f3ponton."},"primaryImageOfPage":{"@id":"https:\/\/oceancamper.com\/hu\/vadkemping-portugalia\/#mainImage"},"datePublished":"2025-03-24T20:10:08+00:00","dateModified":"2026-09-01T16:49:57+00:00"},{"@type":"WebSite","@id":"https:\/\/oceancamper.com\/hu\/#website","url":"https:\/\/oceancamper.com\/hu\/","name":"Ocean Camper","alternateName":"Ocean Camper Portugal","description":"Campervan Rental in Faro, Portugal","inLanguage":"hu-HU","publisher":{"@id":"https:\/\/oceancamper.com\/hu\/#organization"}}]},"og:locale":"hu_HU","og:site_name":"Ocean Camper - Campervan Rental in Faro, Portugal","og:type":"article","og:title":"Vadkemping Portug\u00e1li\u00e1ban 2026: Hol lehet leg\u00e1lisan parkolni","og:description":"A val\u00f3di \u00e9jszakai parkol\u00f3helyek a Campervan-nal Portug\u00e1li\u00e1ban, a 48 \u00f3r\u00e1s szab\u00e1ly, az elker\u00fclend\u0151 v\u00e9dett ter\u00fcletek, valamint azok az alkalmaz\u00e1sok, amelyeket t\u00e9nylegesen haszn\u00e1lunk a leg\u00e1lis parkol\u00f3helyek megtal\u00e1l\u00e1s\u00e1hoz.","og:url":"https:\/\/oceancamper.com\/hu\/vadkemping-portugalia\/","og:image":"https:\/\/oceancamper.com\/wp-content\/uploads\/2022\/01\/Asset-5.png","og:image:secure_url":"https:\/\/oceancamper.com\/wp-content\/uploads\/2022\/01\/Asset-5.png","og:image:width":662,"og:image:height":291,"article:published_time":"2025-03-24T20:10:08+00:00","article:modified_time":"2026-09-01T16:49:57+00:00","article:publisher":"https:\/\/www.facebook.com\/oceancamper\/","twitter:card":"summary","twitter:site":"@Ocean_Camper","twitter:title":"Vadkempingez\u00e9s Portug\u00e1li\u00e1ban 2026: Hol lehet leg\u00e1lisan parkolni","twitter:description":"A val\u00f3di \u00e9jszakai parkol\u00f3helyek a Campervan-nal Portug\u00e1li\u00e1ban, a 48 \u00f3r\u00e1s szab\u00e1ly, a ker\u00fclend\u0151 v\u00e9dett ter\u00fcletek, valamint azok az alkalmaz\u00e1sok, amelyeket mi is t\u00e9nylegesen haszn\u00e1lunk a leg\u00e1lis parkol\u00f3helyek megtal\u00e1l\u00e1s\u00e1hoz.","twitter:creator":"@Ocean_Camper","twitter:image":"https:\/\/oceancamper.com\/wp-content\/uploads\/2022\/01\/Asset-5.png"},"aioseo_meta_data":{"post_id":"162210","title":"Portug\u00e1l gasztron\u00f3miai \u00fatmutat\u00f3: Kihagyhatatlan \u00e9telek \u00e9s specialit\u00e1sok","description":"Fedezze fel a portug\u00e1l konyh\u00e1t az Ocean Camperrel: grillezett szard\u00ednia, tenger gy\u00fcm\u00f6lcseib\u0151l k\u00e9sz\u00fclt cataplana, s\u00fclt chouri\u00e7o, szezon\u00e1lis gy\u00fcm\u00f6lcs\u00f6k \u00e9s alentejoi bor. Mit \u00e9rdemes enni Portug\u00e1li\u00e1ban? ","keywords":null,"keyphrases":{"focus":{"keyphrase":"Portuguese food","score":91,"analysis":{"keyphraseInTitle":{"score":9,"maxScore":9,"error":0},"keyphraseInDescription":{"score":9,"maxScore":9,"error":0},"keyphraseLength":{"score":9,"maxScore":9,"error":0,"length":2},"keyphraseInURL":{"score":5,"maxScore":5,"error":0},"keyphraseInIntroduction":{"score":9,"maxScore":9,"error":0},"keyphraseInSubHeadings":{"score":3,"maxScore":9,"error":1},"keyphraseInImageAlt":{"score":9,"maxScore":9,"error":0},"keywordDensity":{"type":"best","score":9,"maxScore":9,"error":0}}},"additional":[{"keyphrase":"Portuguese cuisine","score":53,"analysis":{"keyphraseInDescription":{"score":3,"maxScore":9,"error":1},"keyphraseLength":{"score":9,"maxScore":9,"error":0,"length":2},"keyphraseInIntroduction":{"score":3,"maxScore":9,"error":1},"keyphraseInImageAlt":{"score":9,"maxScore":9,"error":0},"keywordDensity":{"score":0,"type":"low","maxScore":9,"error":1}}},{"keyphrase":"what to eat in Portugal","score":60,"analysis":{"keyphraseInDescription":{"score":9,"maxScore":9,"error":0},"keyphraseLength":{"score":6,"maxScore":9,"error":1,"length":5},"keyphraseInIntroduction":{"score":9,"maxScore":9,"error":0},"keyphraseInImageAlt":{"score":3,"maxScore":9,"error":1},"keywordDensity":{"score":0,"type":"low","maxScore":9,"error":1}}},{"keyphrase":"typical Portuguese dishes","score":40,"analysis":{"keyphraseInDescription":{"score":3,"maxScore":9,"error":1},"keyphraseLength":{"score":9,"maxScore":9,"error":0,"length":3},"keyphraseInIntroduction":{"score":3,"maxScore":9,"error":1},"keyphraseInImageAlt":{"score":3,"maxScore":9,"error":1},"keywordDensity":{"score":0,"type":"low","maxScore":9,"error":1}}},{"keyphrase":"Algarve food","score":53,"analysis":{"keyphraseInDescription":{"score":3,"maxScore":9,"error":1},"keyphraseLength":{"score":9,"maxScore":9,"error":0,"length":2},"keyphraseInIntroduction":{"score":3,"maxScore":9,"error":1},"keyphraseInImageAlt":{"score":9,"maxScore":9,"error":0},"keywordDensity":{"score":0,"type":"low","maxScore":9,"error":1}}},{"keyphrase":"Portuguese fish dishes","score":53,"analysis":{"keyphraseInDescription":{"score":3,"maxScore":9,"error":1},"keyphraseLength":{"score":9,"maxScore":9,"error":0,"length":3},"keyphraseInIntroduction":{"score":3,"maxScore":9,"error":1},"keyphraseInImageAlt":{"score":9,"maxScore":9,"error":0},"keywordDensity":{"score":0,"type":"low","maxScore":9,"error":1}}},{"keyphrase":"shellfish Portugal","score":53,"analysis":{"keyphraseInDescription":{"score":3,"maxScore":9,"error":1},"keyphraseLength":{"score":9,"maxScore":9,"error":0,"length":2},"keyphraseInIntroduction":{"score":3,"maxScore":9,"error":1},"keyphraseInImageAlt":{"score":9,"maxScore":9,"error":0},"keywordDensity":{"score":0,"type":"low","maxScore":9,"error":1}}},{"keyphrase":"Portuguese meat dishes","score":53,"analysis":{"keyphraseInDescription":{"score":3,"maxScore":9,"error":1},"keyphraseLength":{"score":9,"maxScore":9,"error":0,"length":3},"keyphraseInIntroduction":{"score":3,"maxScore":9,"error":1},"keyphraseInImageAlt":{"score":9,"maxScore":9,"error":0},"keywordDensity":{"score":0,"type":"low","maxScore":9,"error":1}}}]},"primary_term":null,"canonical_url":null,"og_title":null,"og_description":null,"og_object_type":"default","og_image_type":"default","og_image_url":null,"og_image_width":null,"og_image_height":null,"og_image_custom_url":null,"og_image_custom_fields":null,"og_video":"","og_custom_url":null,"og_article_section":null,"og_article_tags":null,"twitter_use_og":false,"twitter_card":"default","twitter_image_type":"default","twitter_image_url":null,"twitter_image_custom_url":null,"twitter_image_custom_fields":null,"twitter_title":null,"twitter_description":null,"schema":{"blockGraphs":[],"customGraphs":[],"default":{"data":{"Article":{"id":"aioseo-article-6394f6998c616","slug":"article","graphName":"Article","label":"Article","properties":{"type":"BlogPosting","name":"#post_title","headline":"#post_title","description":"#post_excerpt","image":"","keywords":"","author":{"name":"#author_name","url":"#author_url"},"dates":{"include":true,"datePublished":"","dateModified":""}}},"Course":[],"Dataset":[],"FAQPage":[],"Movie":[],"Person":[],"Product":[],"ProductReview":[],"Car":[],"Recipe":[],"Service":[],"SoftwareApplication":[],"WebPage":[]},"graphName":"BlogPosting","isEnabled":true},"graphs":[]},"schema_type":"default","schema_type_options":"{\"article\":{\"articleType\":\"BlogPosting\"},\"course\":{\"name\":\"\",\"description\":\"\",\"provider\":\"\"},\"faq\":{\"pages\":[]},\"product\":{\"reviews\":[]},\"recipe\":{\"ingredients\":[],\"instructions\":[],\"keywords\":[]},\"software\":{\"reviews\":[],\"operatingSystems\":[]},\"webPage\":{\"webPageType\":\"WebPage\"}}","pillar_content":false,"robots_default":true,"robots_noindex":false,"robots_noarchive":false,"robots_nosnippet":false,"robots_nofollow":false,"robots_noimageindex":false,"robots_noodp":false,"robots_notranslate":false,"robots_max_snippet":"-1","robots_max_videopreview":"-1","robots_max_imagepreview":"large","priority":null,"frequency":"default","local_seo":null,"seo_analyzer_scan_date":"2025-10-31 11:19:25","breadcrumb_settings":null,"limit_modified_date":false,"open_ai":null,"ai":{"faqs":[],"keyPoints":[],"titles":[],"descriptions":[],"socialPosts":{"email":[],"linkedin":[],"twitter":[],"facebook":[],"instagram":[]}},"created":"2025-03-14 10:03:55","updated":"2026-09-01 22:13:58"},"aioseo_breadcrumb":"<div class=\"aioseo-breadcrumbs\"><span class=\"aioseo-breadcrumb\">\n\t\t\t<a href=\"https:\/\/oceancamper.com\/hu\/\" title=\"Home\">Home<\/a>\n\t\t<\/span><span class=\"aioseo-breadcrumb-separator\">\u00bb<\/span><span class=\"aioseo-breadcrumb\">\n\t\t\t<a href=\"https:\/\/oceancamper.com\/hu\/category\/uncategorized-hu\/\" title=\"Uncategorized @hu\">Uncategorized @hu<\/a>\n\t\t<\/span><span class=\"aioseo-breadcrumb-separator\">\u00bb<\/span><span class=\"aioseo-breadcrumb\">\n\t\t\tPortug\u00e1l konyha: kihagyhatatlan halak, tengeri \u00e1llatok, h\u00fas\u00e9telek \u00e9s helyi finoms\u00e1gok\n\t\t<\/span><\/div>","aioseo_breadcrumb_json":[{"label":"Home","link":"https:\/\/oceancamper.com\/hu\/"},{"label":"Uncategorized @hu","link":"https:\/\/oceancamper.com\/hu\/category\/uncategorized-hu\/"},{"label":"Portug\u00e1l konyha: kihagyhatatlan halak, tengeri \u00e1llatok, h\u00fas\u00e9telek \u00e9s helyi finoms\u00e1gok","link":"https:\/\/oceancamper.com\/hu\/portugal-etelek\/"}],"_links":{"self":[{"href":"https:\/\/oceancamper.com\/hu\/wp-json\/wp\/v2\/posts\/162210","targetHints":{"allow":["GET"]}}],"collection":[{"href":"https:\/\/oceancamper.com\/hu\/wp-json\/wp\/v2\/posts"}],"about":[{"href":"https:\/\/oceancamper.com\/hu\/wp-json\/wp\/v2\/types\/post"}],"author":[{"embeddable":true,"href":"https:\/\/oceancamper.com\/hu\/wp-json\/wp\/v2\/users\/1"}],"replies":[{"embeddable":true,"href":"https:\/\/oceancamper.com\/hu\/wp-json\/wp\/v2\/comments?post=162210"}],"version-history":[{"count":14,"href":"https:\/\/oceancamper.com\/hu\/wp-json\/wp\/v2\/posts\/162210\/revisions"}],"predecessor-version":[{"id":275309,"href":"https:\/\/oceancamper.com\/hu\/wp-json\/wp\/v2\/posts\/162210\/revisions\/275309"}],"wp:featuredmedia":[{"embeddable":true,"href":"https:\/\/oceancamper.com\/hu\/wp-json\/wp\/v2\/media\/164009"}],"wp:attachment":[{"href":"https:\/\/oceancamper.com\/hu\/wp-json\/wp\/v2\/media?parent=162210"}],"wp:term":[{"taxonomy":"category","embeddable":true,"href":"https:\/\/oceancamper.com\/hu\/wp-json\/wp\/v2\/categories?post=162210"},{"taxonomy":"post_tag","embeddable":true,"href":"https:\/\/oceancamper.com\/hu\/wp-json\/wp\/v2\/tags?post=162210"}],"curies":[{"name":"wp","href":"https:\/\/api.w.org\/{rel}","templated":true}]}}