{"id":162189,"date":"2020-12-24T18:59:36","date_gmt":"2020-12-24T18:59:36","guid":{"rendered":"https:\/\/oceancamper.com\/faro\/"},"modified":"2026-09-01T16:49:09","modified_gmt":"2026-09-01T16:49:09","slug":"programok-faro-ban","status":"publish","type":"post","link":"https:\/\/oceancamper.com\/hu\/programok-faro-ban\/","title":{"rendered":"Mi a teend\u0151 Faro v\u00e1ros\u00e1ban?"},"content":{"rendered":"\t\t<div data-elementor-type=\"wp-post\" data-elementor-id=\"162189\" class=\"elementor elementor-162189 elementor-3204\" data-elementor-post-type=\"post\">\n\t\t\t\t\t\t<section class=\"elementor-section elementor-top-section elementor-element elementor-element-f9d203d elementor-section-height-min-height elementor-section-stretched elementor-section-content-middle elementor-section-boxed elementor-section-height-default elementor-section-items-middle\" data-id=\"f9d203d\" data-element_type=\"section\" data-e-type=\"section\" data-settings=\"{&quot;stretch_section&quot;:&quot;section-stretched&quot;,&quot;background_background&quot;:&quot;classic&quot;}\">\n\t\t\t\t\t\t\t<div class=\"elementor-background-overlay\"><\/div>\n\t\t\t\t\t\t\t<div class=\"elementor-container elementor-column-gap-default\">\n\t\t\t\t\t<div class=\"elementor-column elementor-col-100 elementor-top-column elementor-element elementor-element-eb9caec\" data-id=\"eb9caec\" data-element_type=\"column\" data-e-type=\"column\">\n\t\t\t<div class=\"elementor-widget-wrap elementor-element-populated\">\n\t\t\t\t\t\t<div class=\"elementor-element elementor-element-a089e16 elementor-widget elementor-widget-theme-post-title elementor-page-title elementor-widget-heading\" data-id=\"a089e16\" data-element_type=\"widget\" data-e-type=\"widget\" data-widget_type=\"theme-post-title.default\">\n\t\t\t\t<div class=\"elementor-widget-container\">\n\t\t\t\t\t<h1 class=\"elementor-heading-title elementor-size-default\">Mi a teend\u0151 Faro v\u00e1ros\u00e1ban?<\/h1>\t\t\t\t<\/div>\n\t\t\t\t<\/div>\n\t\t\t\t<section class=\"elementor-section elementor-inner-section elementor-element elementor-element-e355815 elementor-section-boxed elementor-section-height-default elementor-section-height-default\" data-id=\"e355815\" data-element_type=\"section\" data-e-type=\"section\">\n\t\t\t\t\t\t<div class=\"elementor-container elementor-column-gap-default\">\n\t\t\t\t\t<div class=\"elementor-column elementor-col-33 elementor-inner-column elementor-element elementor-element-c01ee70\" data-id=\"c01ee70\" data-element_type=\"column\" data-e-type=\"column\">\n\t\t\t<div class=\"elementor-widget-wrap\">\n\t\t\t\t\t\t\t<\/div>\n\t\t<\/div>\n\t\t\t\t<div class=\"elementor-column elementor-col-33 elementor-inner-column elementor-element elementor-element-3a9dd63\" data-id=\"3a9dd63\" data-element_type=\"column\" data-e-type=\"column\">\n\t\t\t<div class=\"elementor-widget-wrap elementor-element-populated\">\n\t\t\t\t\t\t<div class=\"elementor-element elementor-element-4bb0ef6 elementor-author-box--align-center elementor-author-box--layout-image-above elementor-widget elementor-widget-author-box\" data-id=\"4bb0ef6\" data-element_type=\"widget\" data-e-type=\"widget\" data-widget_type=\"author-box.default\">\n\t\t\t\t<div class=\"elementor-widget-container\">\n\t\t\t\t\t\t\t<div class=\"elementor-author-box\">\n\t\t\t\t\t\t\t<div  class=\"elementor-author-box__avatar\">\n\t\t\t\t\t<img decoding=\"async\" src=\"https:\/\/oceancamper.com\/wp-content\/uploads\/2022\/02\/Nina-min-1-300x300.jpg\" alt=\"Picture of Nina\" loading=\"lazy\">\n\t\t\t\t<\/div>\n\t\t\t\n\t\t\t<div class=\"elementor-author-box__text\">\n\t\t\t\t\t\t\t\t\t<div >\n\t\t\t\t\t\t<h4 class=\"elementor-author-box__name\">\n\t\t\t\t\t\t\tNina\t\t\t\t\t\t<\/h4>\n\t\t\t\t\t<\/div>\n\t\t\t\t\n\t\t\t\t\t\t\t\t\t<div class=\"elementor-author-box__bio\">\n\t\t\t\t\t\t<p>Ocean Camper vez\u00e9rigazgat\u00f3<\/p>\n\t\t\t\t\t<\/div>\n\t\t\t\t\n\t\t\t\t\t\t\t<\/div>\n\t\t<\/div>\n\t\t\t\t\t\t<\/div>\n\t\t\t\t<\/div>\n\t\t\t\t\t<\/div>\n\t\t<\/div>\n\t\t\t\t<div class=\"elementor-column elementor-col-33 elementor-inner-column elementor-element elementor-element-ad2f6bb\" data-id=\"ad2f6bb\" data-element_type=\"column\" data-e-type=\"column\">\n\t\t\t<div class=\"elementor-widget-wrap\">\n\t\t\t\t\t\t\t<\/div>\n\t\t<\/div>\n\t\t\t\t\t<\/div>\n\t\t<\/section>\n\t\t\t\t\t<\/div>\n\t\t<\/div>\n\t\t\t\t\t<\/div>\n\t\t<\/section>\n\t\t\t\t<section class=\"elementor-section elementor-top-section elementor-element elementor-element-ca40981 elementor-section-stretched elementor-section-boxed elementor-section-height-default elementor-section-height-default\" data-id=\"ca40981\" data-element_type=\"section\" data-e-type=\"section\" data-settings=\"{&quot;stretch_section&quot;:&quot;section-stretched&quot;,&quot;background_background&quot;:&quot;classic&quot;}\">\n\t\t\t\t\t\t<div class=\"elementor-container elementor-column-gap-default\">\n\t\t\t\t\t<div class=\"elementor-column elementor-col-100 elementor-top-column elementor-element elementor-element-3f1c136 elementor-invisible\" data-id=\"3f1c136\" data-element_type=\"column\" data-e-type=\"column\" data-settings=\"{&quot;background_background&quot;:&quot;classic&quot;,&quot;animation&quot;:&quot;fadeIn&quot;}\">\n\t\t\t<div class=\"elementor-widget-wrap elementor-element-populated\">\n\t\t\t\t\t<div class=\"elementor-background-overlay\"><\/div>\n\t\t\t\t\t\t<div class=\"elementor-element elementor-element-3403ef8 elementor-widget elementor-widget-heading\" data-id=\"3403ef8\" data-element_type=\"widget\" data-e-type=\"widget\" data-widget_type=\"heading.default\">\n\t\t\t\t<div class=\"elementor-widget-container\">\n\t\t\t\t\t<h2 class=\"elementor-heading-title elementor-size-default\">Index<\/h2>\t\t\t\t<\/div>\n\t\t\t\t<\/div>\n\t\t\t\t<div class=\"elementor-element elementor-element-11caf63 elementor-widget elementor-widget-text-editor\" data-id=\"11caf63\" data-element_type=\"widget\" data-e-type=\"widget\" data-widget_type=\"text-editor.default\">\n\t\t\t\t<div class=\"elementor-widget-container\">\n\t\t\t\t\t\t\t\t\t<ol><li><a href=\"#discover\">A legjobb l\u00e1tnival\u00f3k Far\u00f3ban<\/a><\/li><li><a href=\"#history\">A t\u00f6rt\u00e9nelem \u00e9s a var\u00e1zs \u00f6tv\u00f6zete<\/a><\/li><li><a href=\"#nature\">A term\u00e9szet a k\u00fcsz\u00f6b\u00f6n<\/a><\/li><li><a href=\"#beaches\">Strandok, szigetek \u00e9s v\u00e9gtelen naps\u00fct\u00e9s<\/a><\/li><li><a href=\"#airport\">Indul\u00e1s a rep\u00fcl\u0151t\u00e9rr\u0151l<\/a><\/li><li><a href=\"#transport\">Eljut\u00e1s a Faro rep\u00fcl\u0151t\u00e9rr\u0151l: k\u00f6zleked\u00e9si lehet\u0151s\u00e9gek<\/a><\/li><li><a href=\"#restaurants\">Faro legjobb \u00e9ttermei<\/a><\/li><li><a href=\"#activities\">Mit \u00e9rdemes csin\u00e1lni Far\u00f3ban: a legjobb programok<\/a><\/li><li><a href=\"#campervan\">Mi\u00e9rt Faro a t\u00f6k\u00e9letes kiindul\u00f3pont?<\/a><\/li><\/ol>\t\t\t\t\t\t\t\t<\/div>\n\t\t\t\t<\/div>\n\t\t\t\t\t<\/div>\n\t\t<\/div>\n\t\t\t\t\t<\/div>\n\t\t<\/section>\n\t\t\t\t<section class=\"elementor-section elementor-top-section elementor-element elementor-element-5bf65ed7 elementor-section-stretched elementor-section-boxed elementor-section-height-default elementor-section-height-default\" data-id=\"5bf65ed7\" data-element_type=\"section\" data-e-type=\"section\" id=\"discover\" data-settings=\"{&quot;stretch_section&quot;:&quot;section-stretched&quot;,&quot;background_background&quot;:&quot;classic&quot;}\">\n\t\t\t\t\t\t<div class=\"elementor-container elementor-column-gap-default\">\n\t\t\t\t\t<div class=\"elementor-column elementor-col-100 elementor-top-column elementor-element elementor-element-6bd49279\" data-id=\"6bd49279\" data-element_type=\"column\" data-e-type=\"column\">\n\t\t\t<div class=\"elementor-widget-wrap elementor-element-populated\">\n\t\t\t\t\t\t<div class=\"elementor-element elementor-element-14ee1797 elementor-widget elementor-widget-heading\" data-id=\"14ee1797\" data-element_type=\"widget\" data-e-type=\"widget\" data-widget_type=\"heading.default\">\n\t\t\t\t<div class=\"elementor-widget-container\">\n\t\t\t\t\t<h2 class=\"elementor-heading-title elementor-size-default\">Faro: az Algarve-i kalandod kapuja<\/h2>\t\t\t\t<\/div>\n\t\t\t\t<\/div>\n\t\t\t\t<div class=\"elementor-element elementor-element-77816862 elementor-widget__width-initial elementor-widget elementor-widget-text-editor\" data-id=\"77816862\" data-element_type=\"widget\" data-e-type=\"widget\" data-widget_type=\"text-editor.default\">\n\t\t\t\t<div class=\"elementor-widget-container\">\n\t\t\t\t\t\t\t\t\t<p data-pm-slice=\"1 1 []\">A Portug\u00e1lia legd\u00e9lebbi r\u00e9gi\u00f3j\u00e1ban fekv\u0151 Faro t\u00f6bb mint Algarve f\u0151v\u00e1rosa. Lend\u00fcletes v\u00e1ros, \u00e9s t\u00f6k\u00e9letes kiindul\u00f3pontja a portug\u00e1l k\u00f6rutaz\u00e1snak. Ak\u00e1r egy Mini-Campervanban utazik, ak\u00e1r gyalogosan fedezi fel a v\u00e1rost, rengeteg l\u00e1tnival\u00f3t tal\u00e1l. <em>Mit \u00e9rdemes tenni Faro v\u00e1ros\u00e1ban<\/em>? Mer\u00fclj\u00fcnk el!   <\/p>\t\t\t\t\t\t\t\t<\/div>\n\t\t\t\t<\/div>\n\t\t\t\t\t<\/div>\n\t\t<\/div>\n\t\t\t\t\t<\/div>\n\t\t<\/section>\n\t\t<div class=\"elementor-element elementor-element-d51b0e3 e-flex e-con-boxed e-con e-parent\" data-id=\"d51b0e3\" data-element_type=\"container\" data-e-type=\"container\">\n\t\t\t\t\t<div class=\"e-con-inner\">\n\t\t\t\t<div class=\"elementor-element elementor-element-ad3097e elementor-widget elementor-widget-image\" data-id=\"ad3097e\" data-element_type=\"widget\" data-e-type=\"widget\" data-widget_type=\"image.default\">\n\t\t\t\t<div class=\"elementor-widget-container\">\n\t\t\t\t\t\t\t\t\t\t\t\t\t\t\t<img fetchpriority=\"high\" decoding=\"async\" width=\"1536\" height=\"1024\" src=\"https:\/\/oceancamper.com\/wp-content\/uploads\/2020\/12\/AdobeStock_52247054-1-min-1536x1024.jpeg\" class=\"attachment-1536x1536 size-1536x1536 wp-image-183887\" alt=\"A Faro-i v\u00e1rosh\u00e1za az Algarve-on, egy nevezetess\u00e9g, amely szerepel a \u201eProgramlehet\u0151s\u00e9gek Far\u00f3ban\u201d c\u00edm\u0171 \u00fatmutat\u00f3nkban.\" srcset=\"https:\/\/oceancamper.com\/wp-content\/uploads\/2020\/12\/AdobeStock_52247054-1-min-1536x1024.jpeg 1536w, https:\/\/oceancamper.com\/wp-content\/uploads\/2020\/12\/AdobeStock_52247054-1-min-300x200.jpeg 300w, https:\/\/oceancamper.com\/wp-content\/uploads\/2020\/12\/AdobeStock_52247054-1-min-1024x683.jpeg 1024w, https:\/\/oceancamper.com\/wp-content\/uploads\/2020\/12\/AdobeStock_52247054-1-min-768x512.jpeg 768w, https:\/\/oceancamper.com\/wp-content\/uploads\/2020\/12\/AdobeStock_52247054-1-min-2048x1365.jpeg 2048w, https:\/\/oceancamper.com\/wp-content\/uploads\/2020\/12\/AdobeStock_52247054-1-min-240x160.jpeg 240w\" sizes=\"(max-width: 1536px) 100vw, 1536px\" \/>\t\t\t\t\t\t\t\t\t\t\t\t\t\t\t<\/div>\n\t\t\t\t<\/div>\n\t\t\t\t\t<\/div>\n\t\t\t\t<\/div>\n\t\t\t\t<section class=\"elementor-section elementor-top-section elementor-element elementor-element-9dd7084 elementor-section-stretched elementor-section-boxed elementor-section-height-default elementor-section-height-default\" data-id=\"9dd7084\" data-element_type=\"section\" data-e-type=\"section\" id=\"history\" data-settings=\"{&quot;stretch_section&quot;:&quot;section-stretched&quot;,&quot;background_background&quot;:&quot;classic&quot;}\">\n\t\t\t\t\t\t<div class=\"elementor-container elementor-column-gap-default\">\n\t\t\t\t\t<div class=\"elementor-column elementor-col-100 elementor-top-column elementor-element elementor-element-6ec6969d\" data-id=\"6ec6969d\" data-element_type=\"column\" data-e-type=\"column\">\n\t\t\t<div class=\"elementor-widget-wrap elementor-element-populated\">\n\t\t\t\t\t\t<div class=\"elementor-element elementor-element-1a195d0e elementor-widget elementor-widget-heading\" data-id=\"1a195d0e\" data-element_type=\"widget\" data-e-type=\"widget\" data-widget_type=\"heading.default\">\n\t\t\t\t<div class=\"elementor-widget-container\">\n\t\t\t\t\t<h2 class=\"elementor-heading-title elementor-size-default\">A t\u00f6rt\u00e9nelem \u00e9s a b\u00e1j kever\u00e9ke<\/h2>\t\t\t\t<\/div>\n\t\t\t\t<\/div>\n\t\t\t\t<div class=\"elementor-element elementor-element-6c757fa0 elementor-widget elementor-widget-text-editor\" data-id=\"6c757fa0\" data-element_type=\"widget\" data-e-type=\"widget\" data-widget_type=\"text-editor.default\">\n\t\t\t\t<div class=\"elementor-widget-container\">\n\t\t\t\t\t\t\t\t\t<p>Faro gazdag t\u00f6rt\u00e9nelmi \u00e9s kultur\u00e1lis \u00f6r\u00f6ks\u00e9ggel rendelkezik. A Cidade Velha n\u00e9ven ismert, hangulatos \u00f3v\u00e1ros\u00e1t \u0151si v\u00e1rosfalak veszik k\u00f6r\u00fcl. A macskak\u00f6ves utc\u00e1k visszarep\u00edtenek az id\u0151ben. Kezdd az Arco da Vila-n\u00e1l, a t\u00f6rt\u00e9nelmi negyed leny\u0171g\u00f6z\u0151 bej\u00e1rat\u00e1n\u00e1l. Ezut\u00e1n ir\u00e1ny a S\u00e9-sz\u00e9kesegyh\u00e1z. M\u00e1ssz fel a tetej\u00e9re, ahonnan l\u00e9legzetel\u00e1ll\u00edt\u00f3 kil\u00e1t\u00e1s ny\u00edlik a v\u00e1rosra \u00e9s a Ria Formosa Term\u00e9szetv\u00e9delmi Parkra. K\u00edv\u00e1ncsi vagy, mit \u00e9rdemes m\u00e9g csin\u00e1lni Far\u00f3ban? Olvass tov\u00e1bb!       <\/p>\t\t\t\t\t\t\t\t<\/div>\n\t\t\t\t<\/div>\n\t\t\t\t\t<\/div>\n\t\t<\/div>\n\t\t\t\t\t<\/div>\n\t\t<\/section>\n\t\t\t\t<section class=\"elementor-section elementor-top-section elementor-element elementor-element-475d6 elementor-section-stretched elementor-section-boxed elementor-section-height-default elementor-section-height-default\" data-id=\"475d6\" data-element_type=\"section\" data-e-type=\"section\" id=\"nature\" data-settings=\"{&quot;stretch_section&quot;:&quot;section-stretched&quot;,&quot;background_background&quot;:&quot;classic&quot;}\">\n\t\t\t\t\t\t<div class=\"elementor-container elementor-column-gap-default\">\n\t\t\t\t\t<div class=\"elementor-column elementor-col-100 elementor-top-column elementor-element elementor-element-34f7a336\" data-id=\"34f7a336\" data-element_type=\"column\" data-e-type=\"column\">\n\t\t\t<div class=\"elementor-widget-wrap elementor-element-populated\">\n\t\t\t\t\t\t<div class=\"elementor-element elementor-element-4daed2c8 elementor-widget elementor-widget-heading\" data-id=\"4daed2c8\" data-element_type=\"widget\" data-e-type=\"widget\" data-widget_type=\"heading.default\">\n\t\t\t\t<div class=\"elementor-widget-container\">\n\t\t\t\t\t<h2 class=\"elementor-heading-title elementor-size-default\">A term\u00e9szet az \u00d6n k\u00fcsz\u00f6b\u00e9n<\/h2>\t\t\t\t<\/div>\n\t\t\t\t<\/div>\n\t\t\t\t<div class=\"elementor-element elementor-element-2e4d1d20 elementor-widget elementor-widget-text-editor\" data-id=\"2e4d1d20\" data-element_type=\"widget\" data-e-type=\"widget\" data-widget_type=\"text-editor.default\">\n\t\t\t\t<div class=\"elementor-widget-container\">\n\t\t\t\t\t\t\t\t\t<p>A Ria Formosa Term\u00e9szeti Park mind\u00f6ssze n\u00e9h\u00e1ny percre van Far\u00f3t\u00f3l. A lag\u00fan\u00e1k, vizes \u00e9l\u0151helyek \u00e9s szigetek leny\u0171g\u00f6z\u0151 \u00f6kosziszt\u00e9m\u00e1ja a term\u00e9szet szerelmeseinek paradicsoma. Tegyen haj\u00f3kir\u00e1ndul\u00e1st, b\u00e9reljen kajakot, vagy t\u00far\u00e1zzon a fest\u0151i \u00f6sv\u00e9nyeken. Faro v\u00e1ros\u00e1ban keres tennival\u00f3kat? Ez a term\u00e9szetbe val\u00f3 menek\u00fcl\u00e9s kihagyhatatlan!    <\/p>\t\t\t\t\t\t\t\t<\/div>\n\t\t\t\t<\/div>\n\t\t\t\t\t<\/div>\n\t\t<\/div>\n\t\t\t\t\t<\/div>\n\t\t<\/section>\n\t\t\t\t<section class=\"elementor-section elementor-top-section elementor-element elementor-element-9343908 elementor-section-stretched elementor-section-boxed elementor-section-height-default elementor-section-height-default\" data-id=\"9343908\" data-element_type=\"section\" data-e-type=\"section\" id=\"beaches\" data-settings=\"{&quot;stretch_section&quot;:&quot;section-stretched&quot;,&quot;background_background&quot;:&quot;classic&quot;}\">\n\t\t\t\t\t\t<div class=\"elementor-container elementor-column-gap-default\">\n\t\t\t\t\t<div class=\"elementor-column elementor-col-100 elementor-top-column elementor-element elementor-element-8fa20dd\" data-id=\"8fa20dd\" data-element_type=\"column\" data-e-type=\"column\">\n\t\t\t<div class=\"elementor-widget-wrap elementor-element-populated\">\n\t\t\t\t\t\t<div class=\"elementor-element elementor-element-2feb3c6 elementor-widget elementor-widget-heading\" data-id=\"2feb3c6\" data-element_type=\"widget\" data-e-type=\"widget\" data-widget_type=\"heading.default\">\n\t\t\t\t<div class=\"elementor-widget-container\">\n\t\t\t\t\t<h2 class=\"elementor-heading-title elementor-size-default\">Strandok, szigetek \u00e9s v\u00e9gtelen naps\u00fct\u00e9s<\/h2>\t\t\t\t<\/div>\n\t\t\t\t<\/div>\n\t\t\t\t<div class=\"elementor-element elementor-element-ccacb6d elementor-widget elementor-widget-text-editor\" data-id=\"ccacb6d\" data-element_type=\"widget\" data-e-type=\"widget\" data-widget_type=\"text-editor.default\">\n\t\t\t\t<div class=\"elementor-widget-container\">\n\t\t\t\t\t\t\t\t\t<p data-pm-slice=\"1 1 []\">Faro a leny\u0171g\u00f6z\u0151 strandok kapuja. Napoz\u00e1s \u00e9s v\u00edzi sportok kedv\u00e9\u00e9rt \u00fclj\u00f6n \u00e1t egy kompra az Ilha de Far\u00f3ra. Ink\u00e1bb egy eldugott helyet szeretne? Ir\u00e1ny az Ilha Deserta vagy az Ilha da Culatra az \u00e9rintetlen term\u00e9szeti sz\u00e9ps\u00e9g\u00e9rt. Ha Faro legjobb helyeit keresi, ezek a legjobb v\u00e1laszt\u00e1sok!    <\/p>\t\t\t\t\t\t\t\t<\/div>\n\t\t\t\t<\/div>\n\t\t\t\t\t<\/div>\n\t\t<\/div>\n\t\t\t\t\t<\/div>\n\t\t<\/section>\n\t\t\t\t<section class=\"elementor-section elementor-top-section elementor-element elementor-element-71bfa2a elementor-section-stretched elementor-section-boxed elementor-section-height-default elementor-section-height-default\" data-id=\"71bfa2a\" data-element_type=\"section\" data-e-type=\"section\" id=\"airport\" data-settings=\"{&quot;stretch_section&quot;:&quot;section-stretched&quot;,&quot;background_background&quot;:&quot;classic&quot;}\">\n\t\t\t\t\t\t<div class=\"elementor-container elementor-column-gap-default\">\n\t\t\t\t\t<div class=\"elementor-column elementor-col-100 elementor-top-column elementor-element elementor-element-7b2ff7c\" data-id=\"7b2ff7c\" data-element_type=\"column\" data-e-type=\"column\">\n\t\t\t<div class=\"elementor-widget-wrap elementor-element-populated\">\n\t\t\t\t\t\t<div class=\"elementor-element elementor-element-89937f0 elementor-widget elementor-widget-heading\" data-id=\"89937f0\" data-element_type=\"widget\" data-e-type=\"widget\" data-widget_type=\"heading.default\">\n\t\t\t\t<div class=\"elementor-widget-container\">\n\t\t\t\t\t<h2 class=\"elementor-heading-title elementor-size-default\">Indul\u00e1s a rep\u00fcl\u0151t\u00e9rr\u0151l<\/h2>\t\t\t\t<\/div>\n\t\t\t\t<\/div>\n\t\t\t\t<div class=\"elementor-element elementor-element-78f5991 elementor-widget elementor-widget-text-editor\" data-id=\"78f5991\" data-element_type=\"widget\" data-e-type=\"widget\" data-widget_type=\"text-editor.default\">\n\t\t\t\t<div class=\"elementor-widget-container\">\n\t\t\t\t\t\t\t\t\t<p data-pm-slice=\"1 1 []\">A Faro rep\u00fcl\u0151t\u00e9r mind\u00f6ssze 3 km-re fekszik a Faro-i strandt\u00f3l \u00e9s 6 km-re a v\u00e1ros k\u00f6zpontj\u00e1t\u00f3l. Ha \u00e9pp ide \u00e9rkezel, \u00e9s azon t\u00f6prengsz <em>, mit is lehetne csin\u00e1lni Far\u00f3ban, akkor<\/em> itt kezdd a felfedez\u00e9st. <\/p>\t\t\t\t\t\t\t\t<\/div>\n\t\t\t\t<\/div>\n\t\t\t\t\t<\/div>\n\t\t<\/div>\n\t\t\t\t\t<\/div>\n\t\t<\/section>\n\t\t\t\t<section class=\"elementor-section elementor-top-section elementor-element elementor-element-c6f448f elementor-section-stretched elementor-section-boxed elementor-section-height-default elementor-section-height-default\" data-id=\"c6f448f\" data-element_type=\"section\" data-e-type=\"section\" id=\"transport\" data-settings=\"{&quot;stretch_section&quot;:&quot;section-stretched&quot;,&quot;background_background&quot;:&quot;classic&quot;}\">\n\t\t\t\t\t\t<div class=\"elementor-container elementor-column-gap-default\">\n\t\t\t\t\t<div class=\"elementor-column elementor-col-100 elementor-top-column elementor-element elementor-element-b9e58f4\" data-id=\"b9e58f4\" data-element_type=\"column\" data-e-type=\"column\">\n\t\t\t<div class=\"elementor-widget-wrap elementor-element-populated\">\n\t\t\t\t\t\t<div class=\"elementor-element elementor-element-f6652d1 elementor-widget elementor-widget-heading\" data-id=\"f6652d1\" data-element_type=\"widget\" data-e-type=\"widget\" data-widget_type=\"heading.default\">\n\t\t\t\t<div class=\"elementor-widget-container\">\n\t\t\t\t\t<h2 class=\"elementor-heading-title elementor-size-default\">Kiutaz\u00e1s a far\u00f3i rep\u00fcl\u0151t\u00e9rr\u0151l: Faro Faro rep\u00fcl\u0151t\u00e9ren: k\u00f6zleked\u00e9si lehet\u0151s\u00e9gek<\/h2>\t\t\t\t<\/div>\n\t\t\t\t<\/div>\n\t\t\t\t<div class=\"elementor-element elementor-element-306722f elementor-widget elementor-widget-text-editor\" data-id=\"306722f\" data-element_type=\"widget\" data-e-type=\"widget\" data-widget_type=\"text-editor.default\">\n\t\t\t\t<div class=\"elementor-widget-container\">\n\t\t\t\t\t\t\t\t\t<ul data-spread=\"false\" data-pm-slice=\"3 3 []\"><li><p><strong style=\"background-color: transparent; color: var( --e-global-color-text );\">A lehet\u0151s\u00e9g:<\/strong><span style=\"background-color: transparent; color: var( --e-global-color-text );\">  Menjen busszal Faro v\u00e1rosk\u00f6zpontj\u00e1ba vagy Faro tengerpartj\u00e1ra. Tekintse meg a   <\/span><a href=\"https:\/\/www.proximo.pt\/\" target=\"_blank\" rel=\"noopener\">buszmenetrend itt<\/a><span style=\"background-color: transparent; color: var( --e-global-color-text );\">.<\/span><\/p><\/li><li><p><strong>B lehet\u0151s\u00e9g:<\/strong> Fogjon egy taxit a kijel\u00f6lt taxi\u00e1llom\u00e1son<a href=\"https:\/\/maps.app.goo.gl\/s1Vot9RToZArHXB6A\" target=\"_blank\" rel=\"noopener\">(t\u00e9rk\u00e9p itt<\/a>).<\/p><\/li><li><p><strong>C. lehet\u0151s\u00e9g:<\/strong> Haszn\u00e1ljon fuvarmegoszt\u00f3 szolg\u00e1ltat\u00e1sokat, p\u00e9ld\u00e1ul az Ubert vagy a Boltot (v\u00e1rakoz\u00e1si ter\u00fcletek <a href=\"https:\/\/maps.app.goo.gl\/rzwnH9fA5xsHmS8T6\" target=\"_blank\" rel=\"noopener\">itt<\/a>).<\/p><\/li><\/ul>\t\t\t\t\t\t\t\t<\/div>\n\t\t\t\t<\/div>\n\t\t\t\t\t<\/div>\n\t\t<\/div>\n\t\t\t\t\t<\/div>\n\t\t<\/section>\n\t\t\t\t<section class=\"elementor-section elementor-top-section elementor-element elementor-element-05385c0 elementor-section-stretched elementor-section-boxed elementor-section-height-default elementor-section-height-default\" data-id=\"05385c0\" data-element_type=\"section\" data-e-type=\"section\" id=\"restaurants\" data-settings=\"{&quot;stretch_section&quot;:&quot;section-stretched&quot;,&quot;background_background&quot;:&quot;classic&quot;}\">\n\t\t\t\t\t\t<div class=\"elementor-container elementor-column-gap-default\">\n\t\t\t\t\t<div class=\"elementor-column elementor-col-100 elementor-top-column elementor-element elementor-element-e90c8e1\" data-id=\"e90c8e1\" data-element_type=\"column\" data-e-type=\"column\">\n\t\t\t<div class=\"elementor-widget-wrap elementor-element-populated\">\n\t\t\t\t\t\t<div class=\"elementor-element elementor-element-6c0e4d0 elementor-widget elementor-widget-heading\" data-id=\"6c0e4d0\" data-element_type=\"widget\" data-e-type=\"widget\" data-widget_type=\"heading.default\">\n\t\t\t\t<div class=\"elementor-widget-container\">\n\t\t\t\t\t<h2 class=\"elementor-heading-title elementor-size-default\">Faro legjobb \u00e9ttermei: hol \u00e9rdemes enni<\/h2>\t\t\t\t<\/div>\n\t\t\t\t<\/div>\n\t\t\t\t<div class=\"elementor-element elementor-element-b382706 elementor-widget elementor-widget-text-editor\" data-id=\"b382706\" data-element_type=\"widget\" data-e-type=\"widget\" data-widget_type=\"text-editor.default\">\n\t\t\t\t<div class=\"elementor-widget-container\">\n\t\t\t\t\t\t\t\t\t<ul><li>\u00c9hesnek \u00e9rzi mag\u00e1t a rep\u00fcl\u00e9s ut\u00e1n? Pr\u00f3b\u00e1lja ki ezeket a nagyszer\u0171 helyeket, miel\u0151tt felfedezn\u00e9 <em>, mit \u00e9rdemes tenni Far\u00f3ban<\/em>: <\/li><\/ul><h3><b>\u00c9ttermek gyalogos t\u00e1vols\u00e1gra a far\u00f3i rep\u00fcl\u0151t\u00e9rt\u0151l<\/b><\/h3><ul data-spread=\"false\"><li><p><strong>A Tapita<\/strong>: portug\u00e1l tapas \u00e9s napi aj\u00e1nlatok, 1,2 km-re a rep\u00fcl\u0151t\u00e9rt\u0151l. <a href=\"https:\/\/goo.gl\/maps\/iGcznBdr5avgdr8q7\" target=\"_blank\" rel=\"noopener\">T\u00e9rk\u00e9p itt<\/a>.<\/p><\/li><li><p><strong style=\"background-color: transparent; color: var( --e-global-color-text );\">Os Manos<\/strong><span style=\"background-color: transparent; color: var( --e-global-color-text );\">: Frissen grillezett hal, k\u00f6zepes \u00e1rkateg\u00f3ria, 1,2 km-re. <\/span><a href=\"https:\/\/goo.gl\/maps\/cLjcrjXPuVogiKMC7\" target=\"_blank\" rel=\"noopener\">T\u00e9rk\u00e9p itt<\/a><span style=\"background-color: transparent; color: var( --e-global-color-text );\">.<\/span><\/p><\/li><li><p><strong>Frango n\u0151v\u00e9r <\/strong>: finom grillezett csirke kedvez\u0151 \u00e1ron, 1,9 km-re. <a href=\"https:\/\/goo.gl\/maps\/eR4Fhd5nWT6ppX7Z7\" target=\"_blank\" rel=\"noopener\">T\u00e9rk\u00e9p itt<\/a>.<\/p><\/li><\/ul><p><span style=\"color: inherit; font-size: 1.75rem; background-color: transparent;\"><b>\u00c9ttermek a busz- \u00e9s vas\u00fat\u00e1llom\u00e1sok k\u00f6zel\u00e9ben<\/b><\/span><\/p><p><span style=\"background-color: transparent; color: var( --e-global-color-text );\">Busszal vagy vonattal \u00e9rkezik? \u00c1lljon meg egy harap\u00e1sra, miel\u0151tt kijelentkezik   <\/span><em style=\"background-color: transparent; color: var( --e-global-color-text );\">Mi a teend\u0151 Faro<\/em><span style=\"background-color: transparent; color: var( --e-global-color-text );\">:<\/span><\/p><ul data-spread=\"false\"><li><p><span style=\"background-color: transparent; color: var( --e-global-color-text ); font-weight: bolder;\">O Chalavar<\/span><span style=\"background-color: transparent; color: var( --e-global-color-text );\">: grillezett hal, tengeri gy\u00fcm\u00f6lcs\u00f6k \u00e9s h\u00fas; hagyom\u00e1nyos \u00e9s megfizethet\u0151. <\/span><a href=\"https:\/\/goo.gl\/maps\/pxFsM4VQhcxQzr7p9\" target=\"_blank\" rel=\"noopener\">T\u00e9rk\u00e9p itt<\/a><span style=\"background-color: transparent; color: var( --e-global-color-text );\">.<\/span><\/p><\/li><li><p><span style=\"background-color: transparent; color: var( --e-global-color-text ); font-weight: bolder;\">A Tasca do Jo\u00e3o<\/span><span style=\"background-color: transparent; color: var( --e-global-color-text );\">: Kiv\u00e1l\u00f3 min\u0151s\u00e9g\u0171 portug\u00e1l tapasok megfizethet\u0151 \u00e1ron. <\/span><a href=\"https:\/\/goo.gl\/maps\/RyUbDHq25F1imbqC9\" target=\"_blank\" rel=\"noopener\">T\u00e9rk\u00e9p itt<\/a><span style=\"background-color: transparent; color: var( --e-global-color-text );\">.<\/span><\/p><\/li><li><p><span style=\"background-color: transparent; color: var( --e-global-color-text );\"><strong>O Castelo<\/strong>: kiv\u00e1l\u00f3 portug\u00e1l konyha \u00e9l\u0151 zen\u00e9vel.<\/span><a href=\"https:\/\/maps.app.goo.gl\/2wWER8yKTH6mZJ328\" target=\"_blank\" rel=\"noopener\">T\u00e9rk\u00e9p itt.<\/a><\/p><\/li><li><p><span style=\"background-color: transparent; color: var( --e-global-color-text ); font-weight: bolder;\">A Venda<\/span><span style=\"background-color: transparent; color: var( --e-global-color-text );\">: egyed\u00fcl\u00e1ll\u00f3 portug\u00e1l tapas-\u00e9lm\u00e9ny. <\/span><a href=\"https:\/\/maps.app.goo.gl\/vBZeVjrTvL9vQbws5\" target=\"_blank\" rel=\"noopener\">T\u00e9rk\u00e9p itt<\/a><span style=\"background-color: transparent; color: var( --e-global-color-text );\">.<\/span><\/p><\/li><li><p><span style=\"background-color: transparent; color: var( --e-global-color-text ); font-weight: bolder;\">O Cruzeiro<\/span><span style=\"background-color: transparent; color: var( --e-global-color-text );\">: Hagyom\u00e1nyos hal- \u00e9s h\u00fas\u00e9telek (csak vacsor\u00e1ra). <\/span><a href=\"https:\/\/goo.gl\/maps\/KaPN8RbZ6Np8ANoCA\" target=\"_blank\" rel=\"noopener\">T\u00e9rk\u00e9p itt<\/a><span style=\"background-color: transparent; color: var( --e-global-color-text );\">.<\/span><\/p><\/li><\/ul><p><span style=\"color: inherit; font-size: 1.75rem; background-color: transparent;\"><span style=\"font-weight: bold;\">Faro Beach (Praia do Faro) \u00e9ttermei<\/span><\/span><\/p><ul data-spread=\"false\"><li><p><span style=\"background-color: transparent; color: var( --e-global-color-text ); font-weight: bolder;\">Elementos<\/span><span style=\"background-color: transparent; color: var( --e-global-color-text );\">: portug\u00e1l tapas \u00e9s \u00e9telek foly\u00f3ra n\u00e9z\u0151 kil\u00e1t\u00e1ssal. <\/span><a href=\"https:\/\/maps.app.goo.gl\/LucNoK3d1tUgCaFo8\" target=\"_blank\" rel=\"noopener\">T\u00e9rk\u00e9p itt<\/a><span style=\"background-color: transparent; color: var( --e-global-color-text );\">.<\/span><\/p><\/li><li><p><span style=\"background-color: transparent; color: var( --e-global-color-text ); font-weight: bolder;\">O Rui<\/span><span style=\"background-color: transparent; color: var( --e-global-color-text );\">:Kiv\u00e1l\u00f3 min\u0151s\u00e9g\u0171, hagyom\u00e1nyos hal\u00e9tterem. <\/span><a href=\"https:\/\/maps.app.goo.gl\/eH4KrzQiJhf1vBrV9\" target=\"_blank\" rel=\"noopener\">T\u00e9rk\u00e9p itt<\/a><span style=\"background-color: transparent; color: var( --e-global-color-text );\">.<\/span><\/p><\/li><li><p><span style=\"background-color: transparent; color: var( --e-global-color-text ); font-weight: bolder;\">Aeromar Sz\u00e1lloda<\/span><span style=\"background-color: transparent; color: var( --e-global-color-text );\">: a legjobb hely, ahol m\u00e9lt\u00e1nyos \u00e1ron reggelizhet. <\/span><a href=\"https:\/\/maps.app.goo.gl\/8o45g18a3KyFkUvh7\" target=\"_blank\" rel=\"noopener\">T\u00e9rk\u00e9p itt<\/a><span style=\"background-color: transparent; color: var( --e-global-color-text );\">.<\/span><\/p><\/li><li><span style=\"background-color: transparent; color: var( --e-global-color-text ); font-weight: bolder;\">WAX<\/span><span style=\"background-color: transparent; color: var( --e-global-color-text );\">:Kiv\u00e1l\u00f3 hely egy kis harapnival\u00f3ra vagy italra naplemente k\u00f6zben. <\/span><a href=\"https:\/\/maps.app.goo.gl\/bRLYU3nXpgC3jU7D7\" target=\"_blank\" rel=\"noopener\">T\u00e9rk\u00e9p itt<\/a><span style=\"background-color: transparent; color: var( --e-global-color-text );\">.<\/span><\/li><\/ul>\t\t\t\t\t\t\t\t<\/div>\n\t\t\t\t<\/div>\n\t\t\t\t\t<\/div>\n\t\t<\/div>\n\t\t\t\t\t<\/div>\n\t\t<\/section>\n\t\t\t\t<section class=\"elementor-section elementor-top-section elementor-element elementor-element-239a752 elementor-section-stretched elementor-section-boxed elementor-section-height-default elementor-section-height-default\" data-id=\"239a752\" data-element_type=\"section\" data-e-type=\"section\" id=\"activities\" data-settings=\"{&quot;stretch_section&quot;:&quot;section-stretched&quot;,&quot;background_background&quot;:&quot;classic&quot;}\">\n\t\t\t\t\t\t<div class=\"elementor-container elementor-column-gap-default\">\n\t\t\t\t\t<div class=\"elementor-column elementor-col-100 elementor-top-column elementor-element elementor-element-78df90b\" data-id=\"78df90b\" data-element_type=\"column\" data-e-type=\"column\">\n\t\t\t<div class=\"elementor-widget-wrap elementor-element-populated\">\n\t\t\t\t\t\t<div class=\"elementor-element elementor-element-6197d87 elementor-widget elementor-widget-heading\" data-id=\"6197d87\" data-element_type=\"widget\" data-e-type=\"widget\" data-widget_type=\"heading.default\">\n\t\t\t\t<div class=\"elementor-widget-container\">\n\t\t\t\t\t<h2 class=\"elementor-heading-title elementor-size-default\">Mit \u00e9rdemes csin\u00e1lni Far\u00f3ban: a legjobb programok<\/h2>\t\t\t\t<\/div>\n\t\t\t\t<\/div>\n\t\t\t\t<div class=\"elementor-element elementor-element-957b211 elementor-widget elementor-widget-text-editor\" data-id=\"957b211\" data-element_type=\"widget\" data-e-type=\"widget\" data-widget_type=\"text-editor.default\">\n\t\t\t\t<div class=\"elementor-widget-container\">\n\t\t\t\t\t\t\t\t\t<p data-pm-slice=\"1 3 []\">Most, hogy letelepedett, fedezz\u00fck fel, hogy mi a teend\u0151 Faro? N\u00e9zze meg ezeket a kihagyhatatlan tev\u00e9kenys\u00e9geket: <\/p><p><strong>Fedezze fel a term\u00e9szetet \u00e9s a vadvil\u00e1got<\/strong><\/p><ul><li>Mad\u00e1rmegfigyel\u0151 t\u00fara haj\u00f3val: fedezzen fel elk\u00e9peszt\u0151 mad\u00e1rfajokat a Ria Formosa-ban.<\/li><li>Haj\u00f3kir\u00e1ndul\u00e1s a Ria Formosa-ban: gy\u00f6ny\u00f6rk\u00f6dj\u00f6n a leny\u0171g\u00f6z\u0151 lag\u00fan\u00e1ban \u00e9s annak term\u00e9szeti sz\u00e9ps\u00e9g\u00e9ben!<\/li><\/ul><p><strong>Szigeti kalandok<\/strong><\/p><ul><li>L\u00e1togassa meg a Faro k\u00f6rny\u00e9ki szigeteket:<a href=\"https:\/\/www.ilhadeserta.com\/en\" target=\"_blank\" rel=\"noopener\">fedezze fel az Ilha Deserta<\/a>, az Ilha do Farol \u00e9s a Culatra szigeteket!<\/li><li>Haj\u00f3zzon az Ilha Deserta szigetre: Induljon el <a href=\"https:\/\/maps.app.goo.gl\/c7Q5Mcv6AEYTAgRJA\" target=\"_blank\" rel=\"noopener\">innen<\/a> az \u00fatj\u00e1ra!<\/li><\/ul><p><strong>V\u00e1rosi \u00e9lm\u00e9nyek<\/strong><\/p><ul><li>Turisztikai v\u00e1rosi vonat: Egy sz\u00f3rakoztat\u00f3 \u00e9s k\u00e9nyelmes m\u00f3dja Faro nevezetess\u00e9geinek megtekint\u00e9s\u00e9re.<\/li><li>Helyi hal- \u00e9s gy\u00fcm\u00f6lcspiac, minden nap reggel 7-t\u0151l d\u00e9lut\u00e1n 1-ig nyitva. <a href=\"https:\/\/goo.gl\/maps\/k21q9Bv9LbRnXknR7\" target=\"_blank\" rel=\"noopener\">Itt<\/a> tal\u00e1lja meg. <\/li><\/ul>\t\t\t\t\t\t\t\t<\/div>\n\t\t\t\t<\/div>\n\t\t\t\t\t<\/div>\n\t\t<\/div>\n\t\t\t\t\t<\/div>\n\t\t<\/section>\n\t\t\t\t<section class=\"elementor-section elementor-top-section elementor-element elementor-element-021c4b5 elementor-section-stretched elementor-section-boxed elementor-section-height-default elementor-section-height-default\" data-id=\"021c4b5\" data-element_type=\"section\" data-e-type=\"section\" id=\"campervan\" data-settings=\"{&quot;stretch_section&quot;:&quot;section-stretched&quot;,&quot;background_background&quot;:&quot;classic&quot;}\">\n\t\t\t\t\t\t<div class=\"elementor-container elementor-column-gap-default\">\n\t\t\t\t\t<div class=\"elementor-column elementor-col-100 elementor-top-column elementor-element elementor-element-6c6472a\" data-id=\"6c6472a\" data-element_type=\"column\" data-e-type=\"column\">\n\t\t\t<div class=\"elementor-widget-wrap elementor-element-populated\">\n\t\t\t\t\t\t<div class=\"elementor-element elementor-element-8d022dc elementor-widget elementor-widget-heading\" data-id=\"8d022dc\" data-element_type=\"widget\" data-e-type=\"widget\" data-widget_type=\"heading.default\">\n\t\t\t\t<div class=\"elementor-widget-container\">\n\t\t\t\t\t<h2 class=\"elementor-heading-title elementor-size-default\">Mi\u00e9rt \u00e9ppen Faro a t\u00f6k\u00e9letes kiindul\u00f3pont a Campervan-kalandodhoz?<\/h2>\t\t\t\t<\/div>\n\t\t\t\t<\/div>\n\t\t\t\t<div class=\"elementor-element elementor-element-b1000ea elementor-widget elementor-widget-text-editor\" data-id=\"b1000ea\" data-element_type=\"widget\" data-e-type=\"widget\" data-widget_type=\"text-editor.default\">\n\t\t\t\t<div class=\"elementor-widget-container\">\n\t\t\t\t\t\t\t\t\t<p>Faro k\u00f6zponti elhelyezked\u00e9se miatt ide\u00e1lis kiindul\u00f3pont egy felejthetetlen Campervan-utaz\u00e1shoz az Algarve-on. A j\u00f3l ki\u00e9p\u00edtett \u00fath\u00e1l\u00f3zat, a leny\u0171g\u00f6z\u0151 part menti \u00fatvonalak, valamint a rejtett kincsekhez \u00e9s a n\u00e9pszer\u0171 l\u00e1tv\u00e1nyoss\u00e1gokhoz egyar\u00e1nt biztos\u00edtott k\u00f6nny\u0171 megk\u00f6zel\u00edt\u00e9snek k\u00f6sz\u00f6nhet\u0151en saj\u00e1t temp\u00f3j\u00e1ban fedezheti fel a k\u00f6rny\u00e9ket. <a href=\"https:\/\/oceancamper.com\/hu\/lakobuszberles\/trustpilot-ocean-camper-legjobb-ertekeles\/\">Campervan b\u00e9rl\u00e9s Faro<\/a> 2 km-re tal\u00e1lhat\u00f3 a rep\u00fcl\u0151t\u00e9rt\u0151l, \u00e9s lehet\u0151s\u00e9get ny\u00fajt arra, hogy a tengerparton \u00e9bredjen, a fest\u0151i szikl\u00e1k ment\u00e9n k\u00f6vesse a naplement\u00e9t, vagy felfedezze a b\u00e1jos belf\u00f6ldi falvakat. Innen l\u00e9legzetel\u00e1ll\u00edt\u00f3 aut\u00f3s kir\u00e1ndul\u00e1sokat tehet Albufeir\u00e1ba, Tavir\u00e1ba vagy Lagosba, amelyek mindegyike saj\u00e1tos jelleg\u0171 \u00e9s gy\u00f6ny\u00f6r\u0171. Ak\u00e1r kalandra, pihen\u00e9sre vagy kultur\u00e1lis \u00e9lm\u00e9nyekre v\u00e1gyik, Faro a t\u00f6k\u00e9letes kiindul\u00f3pont a n\u00e9gykerek\u0171 utaz\u00e1s\u00e1hoz.    <\/p>\t\t\t\t\t\t\t\t<\/div>\n\t\t\t\t<\/div>\n\t\t\t\t\t<\/div>\n\t\t<\/div>\n\t\t\t\t\t<\/div>\n\t\t<\/section>\n\t\t\t\t<section class=\"elementor-section elementor-top-section elementor-element elementor-element-7cdc99ca elementor-section-stretched elementor-section-boxed elementor-section-height-default elementor-section-height-default\" data-id=\"7cdc99ca\" data-element_type=\"section\" data-e-type=\"section\" data-settings=\"{&quot;stretch_section&quot;:&quot;section-stretched&quot;,&quot;background_background&quot;:&quot;classic&quot;}\">\n\t\t\t\t\t\t<div class=\"elementor-container elementor-column-gap-default\">\n\t\t\t\t\t<div class=\"elementor-column elementor-col-100 elementor-top-column elementor-element elementor-element-3d69cc99\" data-id=\"3d69cc99\" data-element_type=\"column\" data-e-type=\"column\">\n\t\t\t<div class=\"elementor-widget-wrap elementor-element-populated\">\n\t\t\t\t\t\t<section class=\"elementor-section elementor-inner-section elementor-element elementor-element-7c80d32b elementor-section-boxed elementor-section-height-default elementor-section-height-default\" data-id=\"7c80d32b\" data-element_type=\"section\" data-e-type=\"section\">\n\t\t\t\t\t\t<div class=\"elementor-container elementor-column-gap-default\">\n\t\t\t\t\t<div class=\"elementor-column elementor-col-100 elementor-inner-column elementor-element elementor-element-7faca857\" data-id=\"7faca857\" data-element_type=\"column\" data-e-type=\"column\">\n\t\t\t<div class=\"elementor-widget-wrap elementor-element-populated\">\n\t\t\t\t\t\t<div class=\"elementor-element elementor-element-22d7963 elementor-widget elementor-widget-heading\" data-id=\"22d7963\" data-element_type=\"widget\" data-e-type=\"widget\" data-widget_type=\"heading.default\">\n\t\t\t\t<div class=\"elementor-widget-container\">\n\t\t\t\t\t<h3 class=\"elementor-heading-title elementor-size-default\">Ellen\u0151rizze a t\u00f6bbi hozz\u00e1sz\u00f3l\u00e1sunkat:<\/h3>\t\t\t\t<\/div>\n\t\t\t\t<\/div>\n\t\t\t\t<div class=\"elementor-element elementor-element-1d0414e6 elementor-grid-tablet-3 elementor-grid-3 elementor-grid-mobile-1 elementor-posts--thumbnail-top elementor-posts__hover-gradient elementor-widget elementor-widget-posts\" data-id=\"1d0414e6\" data-element_type=\"widget\" data-e-type=\"widget\" data-settings=\"{&quot;cards_row_gap&quot;:{&quot;unit&quot;:&quot;px&quot;,&quot;size&quot;:20,&quot;sizes&quot;:[]},&quot;cards_row_gap_mobile&quot;:{&quot;unit&quot;:&quot;px&quot;,&quot;size&quot;:10,&quot;sizes&quot;:[]},&quot;cards_columns_tablet&quot;:&quot;3&quot;,&quot;cards_row_gap_tablet&quot;:{&quot;unit&quot;:&quot;px&quot;,&quot;size&quot;:5,&quot;sizes&quot;:[]},&quot;cards_columns&quot;:&quot;3&quot;,&quot;cards_columns_mobile&quot;:&quot;1&quot;}\" data-widget_type=\"posts.cards\">\n\t\t\t\t<div class=\"elementor-widget-container\">\n\t\t\t\t\t\t\t<div class=\"elementor-posts-container elementor-posts elementor-posts--skin-cards elementor-grid\" role=\"list\">\n\t\t\t\t<article class=\"elementor-post elementor-grid-item post-161925 post type-post status-publish format-standard has-post-thumbnail hentry category-kempingezesi-tippek tag-bereljen-egy-lakoautot-algarve tag-kempingauto-berles-algarve tag-roadtrip-algarve-hu\" role=\"listitem\">\n\t\t\t<div class=\"elementor-post__card\">\n\t\t\t\t<a class=\"elementor-post__thumbnail__link\" href=\"https:\/\/oceancamper.com\/hu\/campervan-berles-algarve\/\" tabindex=\"-1\" ><div class=\"elementor-post__thumbnail\"><img decoding=\"async\" width=\"300\" height=\"225\" src=\"https:\/\/oceancamper.com\/wp-content\/uploads\/2025\/02\/IMG-20241111-WA0018-300x225.jpg\" class=\"attachment-medium size-medium wp-image-161926\" alt=\"P\u00e1r egy lak\u00f3kocsis kir\u00e1ndul\u00e1son Algarve-ban 2026\" srcset=\"https:\/\/oceancamper.com\/wp-content\/uploads\/2025\/02\/IMG-20241111-WA0018-300x225.jpg 300w, https:\/\/oceancamper.com\/wp-content\/uploads\/2025\/02\/IMG-20241111-WA0018-1024x768.jpg 1024w, https:\/\/oceancamper.com\/wp-content\/uploads\/2025\/02\/IMG-20241111-WA0018-768x576.jpg 768w, https:\/\/oceancamper.com\/wp-content\/uploads\/2025\/02\/IMG-20241111-WA0018-1536x1152.jpg 1536w, https:\/\/oceancamper.com\/wp-content\/uploads\/2025\/02\/IMG-20241111-WA0018-240x180.jpg 240w, https:\/\/oceancamper.com\/wp-content\/uploads\/2025\/02\/IMG-20241111-WA0018.jpg 1600w\" sizes=\"(max-width: 300px) 100vw, 300px\" \/><\/div><\/a>\n\t\t\t\t<div class=\"elementor-post__text\">\n\t\t\t\t<h2 class=\"elementor-post__title\">\n\t\t\t<a href=\"https:\/\/oceancamper.com\/hu\/campervan-berles-algarve\/\" >\n\t\t\t\tCampervan-b\u00e9rl\u00e9s az Algarve-on: Teljes \u00fatmutat\u00f3 2026-ra\t\t\t<\/a>\n\t\t<\/h2>\n\t\t\t\t<div class=\"elementor-post__excerpt\">\n\t\t\t<p>A lak\u00f3aut\u00f3 b\u00e9rl\u00e9s el\u0151nyei Algarve-ban. Region\u00e1lis jellegzetess\u00e9gek, szabads\u00e1g \u00e9s k\u00f6lts\u00e9ghat\u00e9kony utaz\u00e1s. <\/p>\n\t\t<\/div>\n\t\t\n\t\t<a class=\"elementor-post__read-more\" href=\"https:\/\/oceancamper.com\/hu\/campervan-berles-algarve\/\" aria-label=\"Read more about Campervan-b\u00e9rl\u00e9s az Algarve-on: Teljes \u00fatmutat\u00f3 2026-ra\" tabindex=\"-1\" >\n\t\t\tOlvass tov\u00e1bb \"\t\t<\/a>\n\n\t\t\t\t<\/div>\n\t\t\t\t\t<\/div>\n\t\t<\/article>\n\t\t\t\t<article class=\"elementor-post elementor-grid-item post-172244 post type-post status-publish format-standard has-post-thumbnail hentry category-kempingezesi-tippek category-kiemeli tag-berauto tag-hotel-hu tag-lakoauto-vagy-szalloda tag-roadtrip-algarve-hu\" role=\"listitem\">\n\t\t\t<div class=\"elementor-post__card\">\n\t\t\t\t<a class=\"elementor-post__thumbnail__link\" href=\"https:\/\/oceancamper.com\/hu\/lakokocsi-vagy-szallodai-tartozkodas\/\" tabindex=\"-1\" ><div class=\"elementor-post__thumbnail\"><img decoding=\"async\" width=\"300\" height=\"133\" src=\"https:\/\/oceancamper.com\/wp-content\/uploads\/2025\/03\/Campervan-vs-Hotel-Stay-The-Ultimate-Travel-Comparison-1-300x133.jpg\" class=\"attachment-medium size-medium wp-image-219452\" alt=\"Egy t\u00f6rt\u00e9nelmi kast\u00e9ly k\u00f6zel\u00e9ben parkol\u00f3 piros lak\u00f3aut\u00f3 - a lak\u00f3aut\u00f3s utaz\u00e1s szabads\u00e1g\u00e1t szeml\u00e9lteti a hagyom\u00e1nyos sz\u00e1llodai tart\u00f3zkod\u00e1shoz k\u00e9pest.\" srcset=\"https:\/\/oceancamper.com\/wp-content\/uploads\/2025\/03\/Campervan-vs-Hotel-Stay-The-Ultimate-Travel-Comparison-1-300x133.jpg 300w, https:\/\/oceancamper.com\/wp-content\/uploads\/2025\/03\/Campervan-vs-Hotel-Stay-The-Ultimate-Travel-Comparison-1-1024x455.jpg 1024w, https:\/\/oceancamper.com\/wp-content\/uploads\/2025\/03\/Campervan-vs-Hotel-Stay-The-Ultimate-Travel-Comparison-1-768x341.jpg 768w, https:\/\/oceancamper.com\/wp-content\/uploads\/2025\/03\/Campervan-vs-Hotel-Stay-The-Ultimate-Travel-Comparison-1-240x107.jpg 240w, https:\/\/oceancamper.com\/wp-content\/uploads\/2025\/03\/Campervan-vs-Hotel-Stay-The-Ultimate-Travel-Comparison-1.jpg 1500w\" sizes=\"(max-width: 300px) 100vw, 300px\" \/><\/div><\/a>\n\t\t\t\t<div class=\"elementor-post__text\">\n\t\t\t\t<h2 class=\"elementor-post__title\">\n\t\t\t<a href=\"https:\/\/oceancamper.com\/hu\/lakokocsi-vagy-szallodai-tartozkodas\/\" >\n\t\t\t\tCampervan vagy sz\u00e1llodai tart\u00f3zkod\u00e1s\t\t\t<\/a>\n\t\t<\/h2>\n\t\t\t\t<div class=\"elementor-post__excerpt\">\n\t\t\t<p>Campervan vagy sz\u00e1llodai tart\u00f3zkod\u00e1s? A v\u00e9gs\u0151 utaz\u00e1si \u00f6sszehasonl\u00edt\u00e1s Lak\u00f3kocsi vagy sz\u00e1llodai tart\u00f3zkod\u00e1s?<\/p>\n\t\t<\/div>\n\t\t\n\t\t<a class=\"elementor-post__read-more\" href=\"https:\/\/oceancamper.com\/hu\/lakokocsi-vagy-szallodai-tartozkodas\/\" aria-label=\"Read more about Campervan vagy sz\u00e1llodai tart\u00f3zkod\u00e1s\" tabindex=\"-1\" >\n\t\t\tOlvass tov\u00e1bb \"\t\t<\/a>\n\n\t\t\t\t<\/div>\n\t\t\t\t\t<\/div>\n\t\t<\/article>\n\t\t\t\t<article class=\"elementor-post elementor-grid-item post-162058 post type-post status-publish format-standard has-post-thumbnail hentry category-kempingezesi-tippek category-tel tag-mit-lehet-tenni-telen-portugaliaban tag-teli-kempingezes tag-teli-tippek\" role=\"listitem\">\n\t\t\t<div class=\"elementor-post__card\">\n\t\t\t\t<a class=\"elementor-post__thumbnail__link\" href=\"https:\/\/oceancamper.com\/hu\/teli-kempingezes-portugaliaban\/\" tabindex=\"-1\" ><div class=\"elementor-post__thumbnail\"><img loading=\"lazy\" decoding=\"async\" width=\"300\" height=\"225\" src=\"https:\/\/oceancamper.com\/wp-content\/uploads\/2022\/12\/Ocean13-min-300x225.jpg\" class=\"attachment-medium size-medium wp-image-167032\" alt=\"Kil\u00e1t\u00e1s egy piros Ocean Camper kempingaut\u00f3b\u00f3l naplementekor: a strand, a hull\u00e1mok \u00e9s a nyitott ajt\u00f3k \u00e1ltal keretezett f\u0151z\u0151hely.\" srcset=\"https:\/\/oceancamper.com\/wp-content\/uploads\/2022\/12\/Ocean13-min-300x225.jpg 300w, https:\/\/oceancamper.com\/wp-content\/uploads\/2022\/12\/Ocean13-min-1024x768.jpg 1024w, https:\/\/oceancamper.com\/wp-content\/uploads\/2022\/12\/Ocean13-min-768x576.jpg 768w, https:\/\/oceancamper.com\/wp-content\/uploads\/2022\/12\/elementor\/thumbs\/Ocean13-min-q88m6gkrmcf5umw35631t8yk4qaaqhaix5svzpl4kw.jpg 800w, https:\/\/oceancamper.com\/wp-content\/uploads\/2022\/12\/Ocean13-min.jpg 1333w\" sizes=\"(max-width: 300px) 100vw, 300px\" \/><\/div><\/a>\n\t\t\t\t<div class=\"elementor-post__text\">\n\t\t\t\t<h2 class=\"elementor-post__title\">\n\t\t\t<a href=\"https:\/\/oceancamper.com\/hu\/teli-kempingezes-portugaliaban\/\" >\n\t\t\t\tT\u00e9li kempingez\u00e9s Portug\u00e1li\u00e1ban: id\u0151j\u00e1r\u00e1s, ruh\u00e1zat \u00e9s programok\t\t\t<\/a>\n\t\t<\/h2>\n\t\t\t\t<div class=\"elementor-post__excerpt\">\n\t\t\t<p>Tippek \u00e9s tev\u00e9kenys\u00e9gek a t\u00e9li kempingez\u00e9s sor\u00e1n: id\u0151j\u00e1r\u00e1s, ruh\u00e1zat, amire sz\u00fcks\u00e9ged lesz, a tennival\u00f3k \u00e9s a l\u00e1togathat\u00f3 tev\u00e9kenys\u00e9gek list\u00e1ja \u00e9s tov\u00e1bbi javaslatok.<\/p>\n\t\t<\/div>\n\t\t\n\t\t<a class=\"elementor-post__read-more\" href=\"https:\/\/oceancamper.com\/hu\/teli-kempingezes-portugaliaban\/\" aria-label=\"Read more about T\u00e9li kempingez\u00e9s Portug\u00e1li\u00e1ban: id\u0151j\u00e1r\u00e1s, ruh\u00e1zat \u00e9s programok\" tabindex=\"-1\" >\n\t\t\tOlvass tov\u00e1bb \"\t\t<\/a>\n\n\t\t\t\t<\/div>\n\t\t\t\t\t<\/div>\n\t\t<\/article>\n\t\t\t\t<\/div>\n\t\t\n\t\t\t\t\t\t<\/div>\n\t\t\t\t<\/div>\n\t\t\t\t<div class=\"elementor-element elementor-element-180a3e0 elementor-align-left elementor-tablet-align-left elementor-mobile-align-left elementor-widget elementor-widget-button\" data-id=\"180a3e0\" data-element_type=\"widget\" data-e-type=\"widget\" data-widget_type=\"button.default\">\n\t\t\t\t<div class=\"elementor-widget-container\">\n\t\t\t\t\t\t\t\t\t<div class=\"elementor-button-wrapper\">\n\t\t\t\t\t<a class=\"elementor-button elementor-button-link elementor-size-sm elementor-animation-pop\" href=\"https:\/\/oceancamper.com\/hu\/blog\/\">\n\t\t\t\t\t\t<span class=\"elementor-button-content-wrapper\">\n\t\t\t\t\t\t\t\t\t<span class=\"elementor-button-text\">Vissza a bloghoz<\/span>\n\t\t\t\t\t<\/span>\n\t\t\t\t\t<\/a>\n\t\t\t\t<\/div>\n\t\t\t\t\t\t\t\t<\/div>\n\t\t\t\t<\/div>\n\t\t\t\t\t<\/div>\n\t\t<\/div>\n\t\t\t\t\t<\/div>\n\t\t<\/section>\n\t\t\t\t\t<\/div>\n\t\t<\/div>\n\t\t\t\t\t<\/div>\n\t\t<\/section>\n\t\t\t\t<\/div>\n\t\t","protected":false},"excerpt":{"rendered":"<p>Hogyan jutok el a rep\u00fcl\u0151t\u00e9rr\u0151l Faro v\u00e1rosk\u00f6zpontj\u00e1ba vagy Praia de Far\u00f3ba? A busz menetrendje. A legjobb \u00e9ttermek Far\u00f3ban.  <\/p>\n","protected":false},"author":1,"featured_media":183899,"comment_status":"closed","ping_status":"open","sticky":false,"template":"elementor_header_footer","format":"standard","meta":{"om_disable_all_campaigns":false,"footnotes":""},"categories":[160],"tags":[],"class_list":["post-162189","post","type-post","status-publish","format-standard","has-post-thumbnail","hentry","category-uncategorized-hu"],"aioseo_notices":[],"aioseo_head":"\n\t\t<!-- All in One SEO 4.9.10 - aioseo.com -->\n\t<meta name=\"description\" content=\"T\u00e9li kempingez\u00e9s Portug\u00e1li\u00e1ban: mi\u00e9rt az Algarve a legkellemesebb \u00fati c\u00e9l novembert\u0151l m\u00e1rciusig, mit \u00e9rdemes csomagolni, \u00e9s milyen programlehet\u0151s\u00e9gek k\u00edn\u00e1lkoznak.\" \/>\n\t<meta name=\"robots\" content=\"max-image-preview:large\" \/>\n\t<meta name=\"author\" content=\"nomadcanguru\"\/>\n\t<link rel=\"canonical\" href=\"https:\/\/oceancamper.com\/hu\/teli-kempingezes-portugaliaban\/\" \/>\n\t<meta name=\"generator\" content=\"All in One SEO (AIOSEO) 4.9.10\" \/>\n\t\t<meta property=\"og:locale\" content=\"hu_HU\" \/>\n\t\t<meta property=\"og:site_name\" content=\"Ocean Camper - Campervan Rental in Faro, Portugal\" \/>\n\t\t<meta property=\"og:type\" content=\"article\" \/>\n\t\t<meta property=\"og:title\" content=\"T\u00e9li kempingez\u00e9s Portug\u00e1li\u00e1ban: Tippek \u00e9s programok az Algarve-on\" \/>\n\t\t<meta property=\"og:description\" content=\"T\u00e9li kempingez\u00e9s Portug\u00e1li\u00e1ban: mi\u00e9rt az Algarve a legkellemesebb \u00fati c\u00e9l novembert\u0151l m\u00e1rciusig, mit \u00e9rdemes magaddal vinni, \u00e9s milyen programlehet\u0151s\u00e9gek k\u00edn\u00e1lkoznak.\" \/>\n\t\t<meta property=\"og:url\" content=\"https:\/\/oceancamper.com\/hu\/teli-kempingezes-portugaliaban\/\" \/>\n\t\t<meta property=\"og:image\" content=\"https:\/\/oceancamper.com\/wp-content\/uploads\/2022\/01\/Asset-5.png\" \/>\n\t\t<meta property=\"og:image:secure_url\" content=\"https:\/\/oceancamper.com\/wp-content\/uploads\/2022\/01\/Asset-5.png\" \/>\n\t\t<meta property=\"og:image:width\" content=\"662\" \/>\n\t\t<meta property=\"og:image:height\" content=\"291\" \/>\n\t\t<meta property=\"article:published_time\" content=\"2022-12-07T12:26:37+00:00\" \/>\n\t\t<meta property=\"article:modified_time\" content=\"2026-09-01T16:50:25+00:00\" \/>\n\t\t<meta property=\"article:publisher\" content=\"https:\/\/www.facebook.com\/oceancamper\/\" \/>\n\t\t<meta name=\"twitter:card\" content=\"summary\" \/>\n\t\t<meta name=\"twitter:site\" content=\"@Ocean_Camper\" \/>\n\t\t<meta name=\"twitter:title\" content=\"T\u00e9li kempingez\u00e9s Portug\u00e1li\u00e1ban: Tippek \u00e9s programok az Algarve-on\" \/>\n\t\t<meta name=\"twitter:description\" content=\"T\u00e9li kempingez\u00e9s Portug\u00e1li\u00e1ban: mi\u00e9rt az Algarve a legkellemesebb \u00fati c\u00e9l novembert\u0151l m\u00e1rciusig, mit \u00e9rdemes csomagolni, \u00e9s milyen programlehet\u0151s\u00e9gek vannak.\" \/>\n\t\t<meta name=\"twitter:creator\" content=\"@Ocean_Camper\" \/>\n\t\t<meta name=\"twitter:image\" content=\"https:\/\/oceancamper.com\/wp-content\/uploads\/2022\/01\/Asset-5.png\" \/>\n\t\t<script type=\"application\/ld+json\" class=\"aioseo-schema\">\n\t\t\t{\"@context\":\"https:\\\/\\\/schema.org\",\"@graph\":[{\"@type\":\"BlogPosting\",\"@id\":\"https:\\\/\\\/oceancamper.com\\\/hu\\\/teli-kempingezes-portugaliaban\\\/#blogposting\",\"name\":\"T\\u00e9li kempingez\\u00e9s Portug\\u00e1li\\u00e1ban: Tippek \\u00e9s programok az Algarve-on\",\"headline\":\"T\\u00e9li kempingez\\u00e9s Portug\\u00e1li\\u00e1ban: id\\u0151j\\u00e1r\\u00e1s, ruh\\u00e1zat \\u00e9s programok\",\"author\":{\"@id\":\"https:\\\/\\\/oceancamper.com\\\/hu\\\/author\\\/nomadcanguru\\\/#author\"},\"publisher\":{\"@id\":\"https:\\\/\\\/oceancamper.com\\\/hu\\\/#organization\"},\"image\":{\"@type\":\"ImageObject\",\"url\":\"https:\\\/\\\/oceancamper.com\\\/wp-content\\\/uploads\\\/2022\\\/12\\\/Ocean13-min.jpg\",\"width\":1333,\"height\":1000,\"caption\":\"Hangulatos t\\u00e9li kempingez\\u00e9s az Ocean Camperrel - f\\u0151zz\\u00f6n vacsor\\u00e1t, mik\\u00f6zben a nap lenyugszik egy csendes portug\\u00e1l tengerparton.\"},\"datePublished\":\"2022-12-07T12:26:37+00:00\",\"dateModified\":\"2026-09-01T16:50:25+00:00\",\"inLanguage\":\"hu-HU\",\"mainEntityOfPage\":{\"@id\":\"https:\\\/\\\/oceancamper.com\\\/hu\\\/teli-kempingezes-portugaliaban\\\/#webpage\"},\"isPartOf\":{\"@id\":\"https:\\\/\\\/oceancamper.com\\\/hu\\\/teli-kempingezes-portugaliaban\\\/#webpage\"},\"articleSection\":\"Kempingez\\u00e9si tippek, t\\u00e9l, mit lehet tenni t\\u00e9len Portug\\u00e1li\\u00e1ban, t\\u00e9li kempingez\\u00e9s, t\\u00e9li tippek, Optional\"},{\"@type\":\"BreadcrumbList\",\"@id\":\"https:\\\/\\\/oceancamper.com\\\/hu\\\/teli-kempingezes-portugaliaban\\\/#breadcrumblist\",\"itemListElement\":[{\"@type\":\"ListItem\",\"@id\":\"https:\\\/\\\/oceancamper.com\\\/hu\\\/#listItem\",\"position\":1,\"name\":\"Home\",\"item\":\"https:\\\/\\\/oceancamper.com\\\/hu\\\/\",\"nextItem\":{\"@type\":\"ListItem\",\"@id\":\"https:\\\/\\\/oceancamper.com\\\/hu\\\/category\\\/uncategorized-hu\\\/#listItem\",\"name\":\"Uncategorized @hu\"}},{\"@type\":\"ListItem\",\"@id\":\"https:\\\/\\\/oceancamper.com\\\/hu\\\/category\\\/uncategorized-hu\\\/#listItem\",\"position\":2,\"name\":\"Uncategorized @hu\",\"item\":\"https:\\\/\\\/oceancamper.com\\\/hu\\\/category\\\/uncategorized-hu\\\/\",\"nextItem\":{\"@type\":\"ListItem\",\"@id\":\"https:\\\/\\\/oceancamper.com\\\/hu\\\/programok-faro-ban\\\/#listItem\",\"name\":\"Mi a teend\\u0151 Faro v\\u00e1ros\\u00e1ban?\"},\"previousItem\":{\"@type\":\"ListItem\",\"@id\":\"https:\\\/\\\/oceancamper.com\\\/hu\\\/#listItem\",\"name\":\"Home\"}},{\"@type\":\"ListItem\",\"@id\":\"https:\\\/\\\/oceancamper.com\\\/hu\\\/programok-faro-ban\\\/#listItem\",\"position\":3,\"name\":\"Mi a teend\\u0151 Faro v\\u00e1ros\\u00e1ban?\",\"previousItem\":{\"@type\":\"ListItem\",\"@id\":\"https:\\\/\\\/oceancamper.com\\\/hu\\\/category\\\/uncategorized-hu\\\/#listItem\",\"name\":\"Uncategorized @hu\"}}]},{\"@type\":\"Organization\",\"@id\":\"https:\\\/\\\/oceancamper.com\\\/hu\\\/#organization\",\"name\":\"Ocean Camper\",\"description\":\"Ocean Camper provides affordable campervan rental in Portugal with fully equipped campervans for up to three people, available in Faro and Lisbon for flexible road trips.\",\"url\":\"https:\\\/\\\/oceancamper.com\\\/hu\\\/\",\"email\":\"info@oceancamper.com\",\"telephone\":\"+351920301044\",\"foundingDate\":\"2017-04-19\",\"numberOfEmployees\":{\"@type\":\"QuantitativeValue\",\"minValue\":0,\"maxValue\":10},\"logo\":{\"@type\":\"ImageObject\",\"url\":\"https:\\\/\\\/oceancamper.com\\\/wp-content\\\/uploads\\\/2022\\\/01\\\/Asset-5.png\",\"@id\":\"https:\\\/\\\/oceancamper.com\\\/hu\\\/teli-kempingezes-portugaliaban\\\/#organizationLogo\",\"width\":662,\"height\":291,\"caption\":\"Ocean Camper logo\"},\"image\":{\"@id\":\"https:\\\/\\\/oceancamper.com\\\/hu\\\/teli-kempingezes-portugaliaban\\\/#organizationLogo\"},\"sameAs\":[\"https:\\\/\\\/www.facebook.com\\\/oceancamper\\\/\",\"https:\\\/\\\/x.com\\\/Ocean_Camper\",\"https:\\\/\\\/www.instagram.com\\\/oceancamper.vans\\\/\",\"https:\\\/\\\/www.tiktok.com\\\/@oceancamper.vans\",\"https:\\\/\\\/www.youtube.com\\\/@oceancamper\",\"https:\\\/\\\/www.linkedin.com\\\/company\\\/oceancamper\\\/\",\"https:\\\/\\\/www.trustpilot.com\\\/review\\\/oceancamper.com\"]},{\"@type\":\"Person\",\"@id\":\"https:\\\/\\\/oceancamper.com\\\/hu\\\/author\\\/nomadcanguru\\\/#author\",\"url\":\"https:\\\/\\\/oceancamper.com\\\/hu\\\/author\\\/nomadcanguru\\\/\",\"name\":\"nomadcanguru\",\"image\":{\"@type\":\"ImageObject\",\"@id\":\"https:\\\/\\\/oceancamper.com\\\/hu\\\/teli-kempingezes-portugaliaban\\\/#authorImage\",\"url\":\"https:\\\/\\\/secure.gravatar.com\\\/avatar\\\/3a5092e8a35779f7501b5a8c315d77eae173c0705d8cfd512c06ce5460985e92?s=96&d=mm&r=g\",\"width\":96,\"height\":96,\"caption\":\"nomadcanguru\"}},{\"@type\":\"WebPage\",\"@id\":\"https:\\\/\\\/oceancamper.com\\\/hu\\\/teli-kempingezes-portugaliaban\\\/#webpage\",\"url\":\"https:\\\/\\\/oceancamper.com\\\/hu\\\/teli-kempingezes-portugaliaban\\\/\",\"name\":\"T\\u00e9li kempingez\\u00e9s Portug\\u00e1li\\u00e1ban: Tippek \\u00e9s programok az Algarve-on\",\"description\":\"T\\u00e9li kempingez\\u00e9s Portug\\u00e1li\\u00e1ban: mi\\u00e9rt az Algarve a legkellemesebb \\u00fati c\\u00e9l novembert\\u0151l m\\u00e1rciusig, mit \\u00e9rdemes csomagolni, \\u00e9s milyen programlehet\\u0151s\\u00e9gek k\\u00edn\\u00e1lkoznak.\",\"inLanguage\":\"hu-HU\",\"isPartOf\":{\"@id\":\"https:\\\/\\\/oceancamper.com\\\/hu\\\/#website\"},\"breadcrumb\":{\"@id\":\"https:\\\/\\\/oceancamper.com\\\/hu\\\/teli-kempingezes-portugaliaban\\\/#breadcrumblist\"},\"author\":{\"@id\":\"https:\\\/\\\/oceancamper.com\\\/hu\\\/author\\\/nomadcanguru\\\/#author\"},\"creator\":{\"@id\":\"https:\\\/\\\/oceancamper.com\\\/hu\\\/author\\\/nomadcanguru\\\/#author\"},\"image\":{\"@type\":\"ImageObject\",\"url\":\"https:\\\/\\\/oceancamper.com\\\/wp-content\\\/uploads\\\/2022\\\/12\\\/Ocean13-min.jpg\",\"@id\":\"https:\\\/\\\/oceancamper.com\\\/hu\\\/teli-kempingezes-portugaliaban\\\/#mainImage\",\"width\":1333,\"height\":1000,\"caption\":\"Hangulatos t\\u00e9li kempingez\\u00e9s az Ocean Camperrel - f\\u0151zz\\u00f6n vacsor\\u00e1t, mik\\u00f6zben a nap lenyugszik egy csendes portug\\u00e1l tengerparton.\"},\"primaryImageOfPage\":{\"@id\":\"https:\\\/\\\/oceancamper.com\\\/hu\\\/teli-kempingezes-portugaliaban\\\/#mainImage\"},\"datePublished\":\"2022-12-07T12:26:37+00:00\",\"dateModified\":\"2026-09-01T16:50:25+00:00\"},{\"@type\":\"WebSite\",\"@id\":\"https:\\\/\\\/oceancamper.com\\\/hu\\\/#website\",\"url\":\"https:\\\/\\\/oceancamper.com\\\/hu\\\/\",\"name\":\"Ocean Camper\",\"alternateName\":\"Ocean Camper Portugal\",\"description\":\"Campervan Rental in Faro, Portugal\",\"inLanguage\":\"hu-HU\",\"publisher\":{\"@id\":\"https:\\\/\\\/oceancamper.com\\\/hu\\\/#organization\"}}]}\n\t\t<\/script>\n\t\t<!-- All in One SEO -->\n\n","aioseo_head_json":{"title":"T\u00e9li kempingez\u00e9s Portug\u00e1li\u00e1ban: Tippek \u00e9s programok az Algarve-on","description":"T\u00e9li kempingez\u00e9s Portug\u00e1li\u00e1ban: mi\u00e9rt az Algarve a legkellemesebb \u00fati c\u00e9l novembert\u0151l m\u00e1rciusig, mit \u00e9rdemes csomagolni, \u00e9s milyen programlehet\u0151s\u00e9gek k\u00edn\u00e1lkoznak.","canonical_url":"https:\/\/oceancamper.com\/hu\/teli-kempingezes-portugaliaban\/","robots":"max-image-preview:large","keywords":"","webmasterTools":{"miscellaneous":""},"schema":{"@context":"https:\/\/schema.org","@graph":[{"@type":"BlogPosting","@id":"https:\/\/oceancamper.com\/hu\/teli-kempingezes-portugaliaban\/#blogposting","name":"T\u00e9li kempingez\u00e9s Portug\u00e1li\u00e1ban: Tippek \u00e9s programok az Algarve-on","headline":"T\u00e9li kempingez\u00e9s Portug\u00e1li\u00e1ban: id\u0151j\u00e1r\u00e1s, ruh\u00e1zat \u00e9s programok","author":{"@id":"https:\/\/oceancamper.com\/hu\/author\/nomadcanguru\/#author"},"publisher":{"@id":"https:\/\/oceancamper.com\/hu\/#organization"},"image":{"@type":"ImageObject","url":"https:\/\/oceancamper.com\/wp-content\/uploads\/2022\/12\/Ocean13-min.jpg","width":1333,"height":1000,"caption":"Hangulatos t\u00e9li kempingez\u00e9s az Ocean Camperrel - f\u0151zz\u00f6n vacsor\u00e1t, mik\u00f6zben a nap lenyugszik egy csendes portug\u00e1l tengerparton."},"datePublished":"2022-12-07T12:26:37+00:00","dateModified":"2026-09-01T16:50:25+00:00","inLanguage":"hu-HU","mainEntityOfPage":{"@id":"https:\/\/oceancamper.com\/hu\/teli-kempingezes-portugaliaban\/#webpage"},"isPartOf":{"@id":"https:\/\/oceancamper.com\/hu\/teli-kempingezes-portugaliaban\/#webpage"},"articleSection":"Kempingez\u00e9si tippek, t\u00e9l, mit lehet tenni t\u00e9len Portug\u00e1li\u00e1ban, t\u00e9li kempingez\u00e9s, t\u00e9li tippek, Optional"},{"@type":"BreadcrumbList","@id":"https:\/\/oceancamper.com\/hu\/teli-kempingezes-portugaliaban\/#breadcrumblist","itemListElement":[{"@type":"ListItem","@id":"https:\/\/oceancamper.com\/hu\/#listItem","position":1,"name":"Home","item":"https:\/\/oceancamper.com\/hu\/","nextItem":{"@type":"ListItem","@id":"https:\/\/oceancamper.com\/hu\/category\/uncategorized-hu\/#listItem","name":"Uncategorized @hu"}},{"@type":"ListItem","@id":"https:\/\/oceancamper.com\/hu\/category\/uncategorized-hu\/#listItem","position":2,"name":"Uncategorized @hu","item":"https:\/\/oceancamper.com\/hu\/category\/uncategorized-hu\/","nextItem":{"@type":"ListItem","@id":"https:\/\/oceancamper.com\/hu\/programok-faro-ban\/#listItem","name":"Mi a teend\u0151 Faro v\u00e1ros\u00e1ban?"},"previousItem":{"@type":"ListItem","@id":"https:\/\/oceancamper.com\/hu\/#listItem","name":"Home"}},{"@type":"ListItem","@id":"https:\/\/oceancamper.com\/hu\/programok-faro-ban\/#listItem","position":3,"name":"Mi a teend\u0151 Faro v\u00e1ros\u00e1ban?","previousItem":{"@type":"ListItem","@id":"https:\/\/oceancamper.com\/hu\/category\/uncategorized-hu\/#listItem","name":"Uncategorized @hu"}}]},{"@type":"Organization","@id":"https:\/\/oceancamper.com\/hu\/#organization","name":"Ocean Camper","description":"Ocean Camper provides affordable campervan rental in Portugal with fully equipped campervans for up to three people, available in Faro and Lisbon for flexible road trips.","url":"https:\/\/oceancamper.com\/hu\/","email":"info@oceancamper.com","telephone":"+351920301044","foundingDate":"2017-04-19","numberOfEmployees":{"@type":"QuantitativeValue","minValue":0,"maxValue":10},"logo":{"@type":"ImageObject","url":"https:\/\/oceancamper.com\/wp-content\/uploads\/2022\/01\/Asset-5.png","@id":"https:\/\/oceancamper.com\/hu\/teli-kempingezes-portugaliaban\/#organizationLogo","width":662,"height":291,"caption":"Ocean Camper logo"},"image":{"@id":"https:\/\/oceancamper.com\/hu\/teli-kempingezes-portugaliaban\/#organizationLogo"},"sameAs":["https:\/\/www.facebook.com\/oceancamper\/","https:\/\/x.com\/Ocean_Camper","https:\/\/www.instagram.com\/oceancamper.vans\/","https:\/\/www.tiktok.com\/@oceancamper.vans","https:\/\/www.youtube.com\/@oceancamper","https:\/\/www.linkedin.com\/company\/oceancamper\/","https:\/\/www.trustpilot.com\/review\/oceancamper.com"]},{"@type":"Person","@id":"https:\/\/oceancamper.com\/hu\/author\/nomadcanguru\/#author","url":"https:\/\/oceancamper.com\/hu\/author\/nomadcanguru\/","name":"nomadcanguru","image":{"@type":"ImageObject","@id":"https:\/\/oceancamper.com\/hu\/teli-kempingezes-portugaliaban\/#authorImage","url":"https:\/\/secure.gravatar.com\/avatar\/3a5092e8a35779f7501b5a8c315d77eae173c0705d8cfd512c06ce5460985e92?s=96&d=mm&r=g","width":96,"height":96,"caption":"nomadcanguru"}},{"@type":"WebPage","@id":"https:\/\/oceancamper.com\/hu\/teli-kempingezes-portugaliaban\/#webpage","url":"https:\/\/oceancamper.com\/hu\/teli-kempingezes-portugaliaban\/","name":"T\u00e9li kempingez\u00e9s Portug\u00e1li\u00e1ban: Tippek \u00e9s programok az Algarve-on","description":"T\u00e9li kempingez\u00e9s Portug\u00e1li\u00e1ban: mi\u00e9rt az Algarve a legkellemesebb \u00fati c\u00e9l novembert\u0151l m\u00e1rciusig, mit \u00e9rdemes csomagolni, \u00e9s milyen programlehet\u0151s\u00e9gek k\u00edn\u00e1lkoznak.","inLanguage":"hu-HU","isPartOf":{"@id":"https:\/\/oceancamper.com\/hu\/#website"},"breadcrumb":{"@id":"https:\/\/oceancamper.com\/hu\/teli-kempingezes-portugaliaban\/#breadcrumblist"},"author":{"@id":"https:\/\/oceancamper.com\/hu\/author\/nomadcanguru\/#author"},"creator":{"@id":"https:\/\/oceancamper.com\/hu\/author\/nomadcanguru\/#author"},"image":{"@type":"ImageObject","url":"https:\/\/oceancamper.com\/wp-content\/uploads\/2022\/12\/Ocean13-min.jpg","@id":"https:\/\/oceancamper.com\/hu\/teli-kempingezes-portugaliaban\/#mainImage","width":1333,"height":1000,"caption":"Hangulatos t\u00e9li kempingez\u00e9s az Ocean Camperrel - f\u0151zz\u00f6n vacsor\u00e1t, mik\u00f6zben a nap lenyugszik egy csendes portug\u00e1l tengerparton."},"primaryImageOfPage":{"@id":"https:\/\/oceancamper.com\/hu\/teli-kempingezes-portugaliaban\/#mainImage"},"datePublished":"2022-12-07T12:26:37+00:00","dateModified":"2026-09-01T16:50:25+00:00"},{"@type":"WebSite","@id":"https:\/\/oceancamper.com\/hu\/#website","url":"https:\/\/oceancamper.com\/hu\/","name":"Ocean Camper","alternateName":"Ocean Camper Portugal","description":"Campervan Rental in Faro, Portugal","inLanguage":"hu-HU","publisher":{"@id":"https:\/\/oceancamper.com\/hu\/#organization"}}]},"og:locale":"hu_HU","og:site_name":"Ocean Camper - Campervan Rental in Faro, Portugal","og:type":"article","og:title":"T\u00e9li kempingez\u00e9s Portug\u00e1li\u00e1ban: Tippek \u00e9s programok az Algarve-on","og:description":"T\u00e9li kempingez\u00e9s Portug\u00e1li\u00e1ban: mi\u00e9rt az Algarve a legkellemesebb \u00fati c\u00e9l novembert\u0151l m\u00e1rciusig, mit \u00e9rdemes magaddal vinni, \u00e9s milyen programlehet\u0151s\u00e9gek k\u00edn\u00e1lkoznak.","og:url":"https:\/\/oceancamper.com\/hu\/teli-kempingezes-portugaliaban\/","og:image":"https:\/\/oceancamper.com\/wp-content\/uploads\/2022\/01\/Asset-5.png","og:image:secure_url":"https:\/\/oceancamper.com\/wp-content\/uploads\/2022\/01\/Asset-5.png","og:image:width":662,"og:image:height":291,"article:published_time":"2022-12-07T12:26:37+00:00","article:modified_time":"2026-09-01T16:50:25+00:00","article:publisher":"https:\/\/www.facebook.com\/oceancamper\/","twitter:card":"summary","twitter:site":"@Ocean_Camper","twitter:title":"T\u00e9li kempingez\u00e9s Portug\u00e1li\u00e1ban: Tippek \u00e9s programok az Algarve-on","twitter:description":"T\u00e9li kempingez\u00e9s Portug\u00e1li\u00e1ban: mi\u00e9rt az Algarve a legkellemesebb \u00fati c\u00e9l novembert\u0151l m\u00e1rciusig, mit \u00e9rdemes csomagolni, \u00e9s milyen programlehet\u0151s\u00e9gek vannak.","twitter:creator":"@Ocean_Camper","twitter:image":"https:\/\/oceancamper.com\/wp-content\/uploads\/2022\/01\/Asset-5.png"},"aioseo_meta_data":{"post_id":"162189","title":"Teend\u0151 Faro #separator_sa Mi a teend\u0151 Faro v\u00e1ros\u00e1ban? 2025","description":"Dolgok Faro. Mi a teend\u0151 Faro v\u00e1ros\u00e1ban? Fedezze fel az \u00e9ttermeket, tev\u00e9kenys\u00e9geket, helyi gy\u00f6ngyszemeket \u00e9s kalandokat egy felejthetetlen utaz\u00e1s\u00e9rt D\u00e9l-Portug\u00e1li\u00e1ba!  ","keywords":null,"keyphrases":{"focus":{"keyphrase":"Things to do Faro","score":60,"analysis":{"keyphraseInTitle":{"score":9,"maxScore":9,"error":0},"keyphraseInDescription":{"score":9,"maxScore":9,"error":0},"keyphraseLength":{"score":9,"maxScore":9,"error":0,"length":4},"keyphraseInURL":{"score":5,"maxScore":5,"error":0},"keyphraseInIntroduction":{"score":3,"maxScore":9,"error":1},"keyphraseInSubHeadings":{"score":3,"maxScore":9,"error":1},"keyphraseInImageAlt":{"score":3,"maxScore":9,"error":1},"keywordDensity":{"score":0,"type":"low","maxScore":9,"error":1}}},"additional":[{"keyphrase":"What to do in Faro?","score":60,"analysis":{"keyphraseInDescription":{"score":9,"maxScore":9,"error":0},"keyphraseLength":{"score":6,"maxScore":9,"error":1,"length":5},"keyphraseInIntroduction":{"score":9,"maxScore":9,"error":0},"keyphraseInImageAlt":{"score":3,"maxScore":9,"error":1},"keywordDensity":{"score":0,"type":"low","maxScore":9,"error":1}}}]},"primary_term":null,"canonical_url":null,"og_title":null,"og_description":null,"og_object_type":"default","og_image_type":"default","og_image_url":null,"og_image_width":null,"og_image_height":null,"og_image_custom_url":null,"og_image_custom_fields":null,"og_video":"","og_custom_url":null,"og_article_section":null,"og_article_tags":null,"twitter_use_og":false,"twitter_card":"default","twitter_image_type":"default","twitter_image_url":null,"twitter_image_custom_url":null,"twitter_image_custom_fields":null,"twitter_title":null,"twitter_description":null,"schema":{"blockGraphs":[],"customGraphs":[],"default":{"data":{"Article":{"id":"aioseo-article-6394f6999096b","slug":"article","graphName":"Article","label":"Article","properties":{"type":"BlogPosting","name":"#post_title","headline":"#post_title","description":"#post_excerpt","image":"","keywords":"","author":{"name":"#author_name","url":"#author_url"},"dates":{"include":true,"datePublished":"","dateModified":""}}},"Course":[],"Dataset":[],"FAQPage":[],"Movie":[],"Person":[],"Product":[],"ProductReview":[],"Car":[],"Recipe":[],"Service":[],"SoftwareApplication":[],"WebPage":[]},"graphName":"BlogPosting","isEnabled":true},"graphs":[]},"schema_type":"default","schema_type_options":"{\"article\":{\"articleType\":\"BlogPosting\"},\"course\":{\"name\":\"\",\"description\":\"\",\"provider\":\"\"},\"faq\":{\"pages\":[]},\"product\":{\"reviews\":[]},\"recipe\":{\"ingredients\":[],\"instructions\":[],\"keywords\":[]},\"software\":{\"reviews\":[],\"operatingSystems\":[]},\"webPage\":{\"webPageType\":\"WebPage\"}}","pillar_content":false,"robots_default":true,"robots_noindex":false,"robots_noarchive":false,"robots_nosnippet":false,"robots_nofollow":false,"robots_noimageindex":false,"robots_noodp":false,"robots_notranslate":false,"robots_max_snippet":"-1","robots_max_videopreview":"-1","robots_max_imagepreview":"large","priority":null,"frequency":"default","local_seo":null,"seo_analyzer_scan_date":"2025-12-13 10:38:36","breadcrumb_settings":null,"limit_modified_date":false,"open_ai":"{\"title\":{\"suggestions\":[],\"usage\":0},\"description\":{\"suggestions\":[],\"usage\":0}}","ai":{"faqs":[],"keyPoints":[],"titles":[],"descriptions":[],"socialPosts":{"email":[],"linkedin":[],"twitter":[],"facebook":[],"instagram":[]}},"created":"2025-03-14 10:03:40","updated":"2026-09-01 22:21:14"},"aioseo_breadcrumb":"<div class=\"aioseo-breadcrumbs\"><span class=\"aioseo-breadcrumb\">\n\t\t\t<a href=\"https:\/\/oceancamper.com\/hu\/\" title=\"Home\">Home<\/a>\n\t\t<\/span><span class=\"aioseo-breadcrumb-separator\">\u00bb<\/span><span class=\"aioseo-breadcrumb\">\n\t\t\t<a href=\"https:\/\/oceancamper.com\/hu\/category\/uncategorized-hu\/\" title=\"Uncategorized @hu\">Uncategorized @hu<\/a>\n\t\t<\/span><span class=\"aioseo-breadcrumb-separator\">\u00bb<\/span><span class=\"aioseo-breadcrumb\">\n\t\t\tMi a teend\u0151 Faro v\u00e1ros\u00e1ban?\n\t\t<\/span><\/div>","aioseo_breadcrumb_json":[{"label":"Home","link":"https:\/\/oceancamper.com\/hu\/"},{"label":"Uncategorized @hu","link":"https:\/\/oceancamper.com\/hu\/category\/uncategorized-hu\/"},{"label":"Mi a teend\u0151 Faro v\u00e1ros\u00e1ban?","link":"https:\/\/oceancamper.com\/hu\/programok-faro-ban\/"}],"_links":{"self":[{"href":"https:\/\/oceancamper.com\/hu\/wp-json\/wp\/v2\/posts\/162189","targetHints":{"allow":["GET"]}}],"collection":[{"href":"https:\/\/oceancamper.com\/hu\/wp-json\/wp\/v2\/posts"}],"about":[{"href":"https:\/\/oceancamper.com\/hu\/wp-json\/wp\/v2\/types\/post"}],"author":[{"embeddable":true,"href":"https:\/\/oceancamper.com\/hu\/wp-json\/wp\/v2\/users\/1"}],"replies":[{"embeddable":true,"href":"https:\/\/oceancamper.com\/hu\/wp-json\/wp\/v2\/comments?post=162189"}],"version-history":[{"count":12,"href":"https:\/\/oceancamper.com\/hu\/wp-json\/wp\/v2\/posts\/162189\/revisions"}],"predecessor-version":[{"id":275278,"href":"https:\/\/oceancamper.com\/hu\/wp-json\/wp\/v2\/posts\/162189\/revisions\/275278"}],"wp:featuredmedia":[{"embeddable":true,"href":"https:\/\/oceancamper.com\/hu\/wp-json\/wp\/v2\/media\/183899"}],"wp:attachment":[{"href":"https:\/\/oceancamper.com\/hu\/wp-json\/wp\/v2\/media?parent=162189"}],"wp:term":[{"taxonomy":"category","embeddable":true,"href":"https:\/\/oceancamper.com\/hu\/wp-json\/wp\/v2\/categories?post=162189"},{"taxonomy":"post_tag","embeddable":true,"href":"https:\/\/oceancamper.com\/hu\/wp-json\/wp\/v2\/tags?post=162189"}],"curies":[{"name":"wp","href":"https:\/\/api.w.org\/{rel}","templated":true}]}}