{"id":162174,"date":"2020-12-24T20:02:16","date_gmt":"2020-12-24T20:02:16","guid":{"rendered":"https:\/\/oceancamper.com\/paddleboarding-algarve\/"},"modified":"2026-09-01T16:49:57","modified_gmt":"2026-09-01T16:49:57","slug":"sup-ezes-algarve-a-legjobb-sup-helyek-barlangok-tavak","status":"publish","type":"post","link":"https:\/\/oceancamper.com\/hu\/sup-ezes-algarve-a-legjobb-sup-helyek-barlangok-tavak\/","title":{"rendered":"SUP-oz\u00e1s az Algarve-on: a legjobb SUP-helysz\u00ednek"},"content":{"rendered":"\t\t<div data-elementor-type=\"wp-post\" data-elementor-id=\"162174\" class=\"elementor elementor-162174 elementor-382\" data-elementor-post-type=\"post\">\n\t\t\t\t\t\t<section class=\"elementor-section elementor-top-section elementor-element elementor-element-c63f89c elementor-section-height-min-height elementor-section-stretched elementor-section-content-middle elementor-section-boxed elementor-section-height-default elementor-section-items-middle\" data-id=\"c63f89c\" data-element_type=\"section\" data-e-type=\"section\" data-settings=\"{&quot;stretch_section&quot;:&quot;section-stretched&quot;,&quot;background_background&quot;:&quot;classic&quot;}\">\n\t\t\t\t\t\t\t<div class=\"elementor-background-overlay\"><\/div>\n\t\t\t\t\t\t\t<div class=\"elementor-container elementor-column-gap-default\">\n\t\t\t\t\t<div class=\"elementor-column elementor-col-100 elementor-top-column elementor-element elementor-element-63730d8\" data-id=\"63730d8\" data-element_type=\"column\" data-e-type=\"column\">\n\t\t\t<div class=\"elementor-widget-wrap elementor-element-populated\">\n\t\t\t\t\t\t<div class=\"elementor-element elementor-element-8828005 elementor-widget elementor-widget-theme-post-title elementor-page-title elementor-widget-heading\" data-id=\"8828005\" data-element_type=\"widget\" data-e-type=\"widget\" data-widget_type=\"theme-post-title.default\">\n\t\t\t\t<div class=\"elementor-widget-container\">\n\t\t\t\t\t<h1 class=\"elementor-heading-title elementor-size-default\">SUP-oz\u00e1s az Algarve-on: a legjobb SUP-helysz\u00ednek<\/h1>\t\t\t\t<\/div>\n\t\t\t\t<\/div>\n\t\t\t\t<section class=\"elementor-section elementor-inner-section elementor-element elementor-element-4996ed4 elementor-section-boxed elementor-section-height-default elementor-section-height-default\" data-id=\"4996ed4\" data-element_type=\"section\" data-e-type=\"section\">\n\t\t\t\t\t\t<div class=\"elementor-container elementor-column-gap-default\">\n\t\t\t\t\t<div class=\"elementor-column elementor-col-33 elementor-inner-column elementor-element elementor-element-6a10a75\" data-id=\"6a10a75\" data-element_type=\"column\" data-e-type=\"column\">\n\t\t\t<div class=\"elementor-widget-wrap\">\n\t\t\t\t\t\t\t<\/div>\n\t\t<\/div>\n\t\t\t\t<div class=\"elementor-column elementor-col-33 elementor-inner-column elementor-element elementor-element-17d7426\" data-id=\"17d7426\" data-element_type=\"column\" data-e-type=\"column\">\n\t\t\t<div class=\"elementor-widget-wrap elementor-element-populated\">\n\t\t\t\t\t\t<div class=\"elementor-element elementor-element-180536c elementor-author-box--align-center elementor-author-box--layout-image-above elementor-widget elementor-widget-author-box\" data-id=\"180536c\" data-element_type=\"widget\" data-e-type=\"widget\" data-widget_type=\"author-box.default\">\n\t\t\t\t<div class=\"elementor-widget-container\">\n\t\t\t\t\t\t\t<div class=\"elementor-author-box\">\n\t\t\t\t\t\t\t<div  class=\"elementor-author-box__avatar\">\n\t\t\t\t\t<img decoding=\"async\" src=\"https:\/\/oceancamper.com\/wp-content\/uploads\/2022\/02\/Nina-min-1-300x300.jpg\" alt=\"Picture of Nina\" loading=\"lazy\">\n\t\t\t\t<\/div>\n\t\t\t\n\t\t\t<div class=\"elementor-author-box__text\">\n\t\t\t\t\t\t\t\t\t<div >\n\t\t\t\t\t\t<h4 class=\"elementor-author-box__name\">\n\t\t\t\t\t\t\tNina\t\t\t\t\t\t<\/h4>\n\t\t\t\t\t<\/div>\n\t\t\t\t\n\t\t\t\t\t\t\t\t\t<div class=\"elementor-author-box__bio\">\n\t\t\t\t\t\t<p>Ocean Camper vez\u00e9rigazgat\u00f3<\/p>\n\t\t\t\t\t<\/div>\n\t\t\t\t\n\t\t\t\t\t\t\t<\/div>\n\t\t<\/div>\n\t\t\t\t\t\t<\/div>\n\t\t\t\t<\/div>\n\t\t\t\t\t<\/div>\n\t\t<\/div>\n\t\t\t\t<div class=\"elementor-column elementor-col-33 elementor-inner-column elementor-element elementor-element-1e52722\" data-id=\"1e52722\" data-element_type=\"column\" data-e-type=\"column\">\n\t\t\t<div class=\"elementor-widget-wrap\">\n\t\t\t\t\t\t\t<\/div>\n\t\t<\/div>\n\t\t\t\t\t<\/div>\n\t\t<\/section>\n\t\t\t\t\t<\/div>\n\t\t<\/div>\n\t\t\t\t\t<\/div>\n\t\t<\/section>\n\t\t\t\t<section class=\"elementor-section elementor-top-section elementor-element elementor-element-ae5977a elementor-section-stretched elementor-section-boxed elementor-section-height-default elementor-section-height-default\" data-id=\"ae5977a\" data-element_type=\"section\" data-e-type=\"section\" data-settings=\"{&quot;stretch_section&quot;:&quot;section-stretched&quot;,&quot;background_background&quot;:&quot;classic&quot;}\">\n\t\t\t\t\t\t<div class=\"elementor-container elementor-column-gap-default\">\n\t\t\t\t\t<div class=\"elementor-column elementor-col-100 elementor-top-column elementor-element elementor-element-1823f57 elementor-invisible\" data-id=\"1823f57\" data-element_type=\"column\" data-e-type=\"column\" data-settings=\"{&quot;background_background&quot;:&quot;classic&quot;,&quot;animation&quot;:&quot;fadeIn&quot;}\">\n\t\t\t<div class=\"elementor-widget-wrap elementor-element-populated\">\n\t\t\t\t\t<div class=\"elementor-background-overlay\"><\/div>\n\t\t\t\t\t\t<div class=\"elementor-element elementor-element-4a76b7f elementor-widget elementor-widget-heading\" data-id=\"4a76b7f\" data-element_type=\"widget\" data-e-type=\"widget\" data-widget_type=\"heading.default\">\n\t\t\t\t<div class=\"elementor-widget-container\">\n\t\t\t\t\t<h2 class=\"elementor-heading-title elementor-size-default\">Index<\/h2>\t\t\t\t<\/div>\n\t\t\t\t<\/div>\n\t\t\t\t<div class=\"elementor-element elementor-element-9e6ae19 elementor-widget elementor-widget-text-editor\" data-id=\"9e6ae19\" data-element_type=\"widget\" data-e-type=\"widget\" data-widget_type=\"text-editor.default\">\n\t\t\t\t<div class=\"elementor-widget-container\">\n\t\t\t\t\t\t\t\t\t<p> <\/p><ol><li><a href=\"#faro\"><span style=\"color: #696969;\">Praia de Faro<\/span><\/a><\/li><li><span style=\"color: #696969;\"><a style=\"color: #696969;\" href=\"#arrifes\">Praia dos Arrifes<\/a><\/span><\/li><li><span style=\"color: #696969;\"><a style=\"color: #696969;\" href=\"#Albandeira\">Praia da Albandeira<\/a><\/span><\/li><li><span style=\"color: #696969;\"><a style=\"color: #696969;\" href=\"#benagil\">Benagil barlang<\/a><\/span><\/li><li><span style=\"color: #696969;\"><a style=\"color: #696969;\" href=\"#alvor\">Alvor<\/a><\/span><\/li><li><span style=\"color: #696969;\"><a style=\"color: #696969;\" href=\"#piedade\">Ponta da Piedade<\/a><\/span><\/li><li><span style=\"color: #696969;\"><a style=\"color: #696969;\" href=\"#milfontes\">Vila Nova de Milfontes<\/a><\/span><\/li><li><span style=\"color: #696969;\"><a style=\"color: #696969;\" href=\"#arade\">Barragem do Arade t\u00f3<\/a><\/span><\/li><li><span style=\"color: #696969;\"><a style=\"color: #696969;\" href=\"#funcho\">Barragem do Funcho t\u00f3<\/a><\/span><\/li><li><span style=\"color: #696969;\"><a style=\"color: #696969;\" href=\"#clara\">Barragem de Santa Clara t\u00f3<\/a><\/span><\/li><li><span style=\"color: #696969;\"><a style=\"color: #696969;\" href=\"#tips\">Biztons\u00e1gi tippek<\/a><\/span><\/li><\/ol>\t\t\t\t\t\t\t\t<\/div>\n\t\t\t\t<\/div>\n\t\t\t\t\t<\/div>\n\t\t<\/div>\n\t\t\t\t\t<\/div>\n\t\t<\/section>\n\t\t\t\t<section class=\"elementor-section elementor-top-section elementor-element elementor-element-3fd613c0 elementor-section-stretched elementor-section-boxed elementor-section-height-default elementor-section-height-default\" data-id=\"3fd613c0\" data-element_type=\"section\" data-e-type=\"section\" data-settings=\"{&quot;stretch_section&quot;:&quot;section-stretched&quot;,&quot;background_background&quot;:&quot;classic&quot;}\">\n\t\t\t\t\t\t<div class=\"elementor-container elementor-column-gap-default\">\n\t\t\t\t\t<div class=\"elementor-column elementor-col-100 elementor-top-column elementor-element elementor-element-4b2a4caf\" data-id=\"4b2a4caf\" data-element_type=\"column\" data-e-type=\"column\">\n\t\t\t<div class=\"elementor-widget-wrap elementor-element-populated\">\n\t\t\t\t\t\t<div class=\"elementor-element elementor-element-0a4718c elementor-widget elementor-widget-menu-anchor\" data-id=\"0a4718c\" data-element_type=\"widget\" data-e-type=\"widget\" data-widget_type=\"menu-anchor.default\">\n\t\t\t\t<div class=\"elementor-widget-container\">\n\t\t\t\t\t\t\t<div class=\"elementor-menu-anchor\" id=\"Paddleboarding-Algarve\"><\/div>\n\t\t\t\t\t\t<\/div>\n\t\t\t\t<\/div>\n\t\t\t\t<div class=\"elementor-element elementor-element-18cec5b3 elementor-widget elementor-widget-heading\" data-id=\"18cec5b3\" data-element_type=\"widget\" data-e-type=\"widget\" data-widget_type=\"heading.default\">\n\t\t\t\t<div class=\"elementor-widget-container\">\n\t\t\t\t\t<h2 class=\"elementor-heading-title elementor-size-default\">Paddleboarding Algarve - A legjobb SUP helyek, barlangok \u00e9s tavak<\/h2>\t\t\t\t<\/div>\n\t\t\t\t<\/div>\n\t\t\t\t<div class=\"elementor-element elementor-element-6e12e8f2 elementor-widget elementor-widget-text-editor\" data-id=\"6e12e8f2\" data-element_type=\"widget\" data-e-type=\"widget\" data-widget_type=\"text-editor.default\">\n\t\t\t\t<div class=\"elementor-widget-container\">\n\t\t\t\t\t\t\t\t\t<p data-start=\"1675\" data-end=\"1963\"><strong data-start=\"1675\" data-end=\"1701\">Az algarvei paddleboardoz\u00e1s<\/strong> t\u00fcrkizk\u00e9k vizet, tengeri barlangokat, aranysz\u00edn\u0171 szikl\u00e1kat \u00e9s nyugodt napfelkelt\u00e9t <strong data-start=\"1675\" data-end=\"1701\">jelent<\/strong>. <strong data-start=\"1785\" data-end=\"1810\">Felf\u00fajhat\u00f3 SUP-deszk\u00e1kat<\/strong> k\u00f6lcs\u00f6nz\u00fcnk, <strong data-start=\"1785\" data-end=\"1810\">amelyek<\/strong> k\u00f6nnyen elf\u00e9rnek a lak\u00f3aut\u00f3ban vagy az aut\u00f3ban &#8211; gyorsan felf\u00fajhat\u00f3ak, stabilak \u00e9s <strong data-start=\"1883\" data-end=\"1908\">legfeljebb 2 szem\u00e9ly<\/strong> sz\u00e1m\u00e1ra megfelel\u0151ek <strong data-start=\"1883\" data-end=\"1908\">.<\/strong> K\u00e9rjen t\u0151l\u00fcnk \u00e1raj\u00e1nlatot \u00e9s az \u00d6n id\u0151pontj\u00e1ra szabott \u00fatvonalakat.  <\/p><h3 data-start=\"1965\" data-end=\"1990\"> <\/h3>\t\t\t\t\t\t\t\t<\/div>\n\t\t\t\t<\/div>\n\t\t\t\t<div class=\"elementor-element elementor-element-873befd elementor-widget elementor-widget-heading\" data-id=\"873befd\" data-element_type=\"widget\" data-e-type=\"widget\" data-widget_type=\"heading.default\">\n\t\t\t\t<div class=\"elementor-widget-container\">\n\t\t\t\t\t<h2 class=\"elementor-heading-title elementor-size-default\">Gyors tervez\u0151<\/h2>\t\t\t\t<\/div>\n\t\t\t\t<\/div>\n\t\t\t\t<div class=\"elementor-element elementor-element-b0f8369 elementor-widget elementor-widget-text-editor\" data-id=\"b0f8369\" data-element_type=\"widget\" data-e-type=\"widget\" data-widget_type=\"text-editor.default\">\n\t\t\t\t<div class=\"elementor-widget-container\">\n\t\t\t\t\t\t\t\t\t<ul><li data-start=\"2498\" data-end=\"2590\"><strong data-start=\"2498\" data-end=\"2514\">Legjobb h\u00f3napok:<\/strong> (a reggelek \u00fcvegesek). T\u00e9len is vannak nagyszer\u0171 nyugodt napok &#8211; figyelj\u00e9k a szelet. <\/li><li data-start=\"2593\" data-end=\"2758\"><strong data-start=\"2593\" data-end=\"2607\">Sz\u00e9lszab\u00e1ly: \u2264 12-14<\/strong> kn kezd\u0151knek; kora reggel \u00e1ltal\u00e1ban nyugodtabb. Ellen\u0151rizze <a class=\"decorated-link\" href=\"https:\/\/www.ipma.pt\/en\/maritima\/\" target=\"_new\" rel=\"noopener\" data-start=\"2709\" data-end=\"2755\">a<\/a> <a class=\"decorated-link\" href=\"https:\/\/www.windy.com\/\" target=\"_new\" rel=\"noopener\" data-start=\"2673\" data-end=\"2704\">Szeles \u00e9s<\/a> az IPMA \u00e1rap\u00e1lyokat. <\/li><li data-start=\"2761\" data-end=\"2889\"><strong data-start=\"2761\" data-end=\"2771\">Dag\u00e1lyok:<\/strong> Barlangok\/\u00edvek (Benagil, Albandeira) biztons\u00e1gosabbak dag\u00e1ly k\u00f6zep\u00e9n \u00e9s <strong data-start=\"2817\" data-end=\"2840\">nyugodt tengeren.<\/strong> <strong data-start=\"2842\" data-end=\"2857\">Ria Formosa a<\/strong> legjobb <strong data-start=\"2869\" data-end=\"2886\">a dag\u00e1ly k\u00f6zep\u00e9n\/magasan.<\/strong><\/li><li data-start=\"2892\" data-end=\"2952\"><strong data-start=\"2892\" data-end=\"2907\">V\u00edzh\u0151m\u00e9rs\u00e9klet: ~16-20<\/strong> \u00b0C tavasszal \u00e9s \u0151sszel; ~20-23 \u00b0C ny\u00e1ron.<\/li><li data-start=\"2955\" data-end=\"3024\"><strong data-start=\"2955\" data-end=\"2967\">B\u00fav\u00e1rruha:<\/strong> 3\/2 tavasszal\/\u0151sszel; r\u00f6vidnadr\u00e1g vagy f\u00fcrd\u0151ruha ny\u00e1r k\u00f6zep\u00e9n.<\/li><li data-start=\"3027\" data-end=\"3149\"><strong data-start=\"3027\" data-end=\"3038\">Biztons\u00e1g:<\/strong> Soha ne menjen be barlangokba hull\u00e1mz\u00e1s vagy haj\u00f3forgalom eset\u00e9n; viseljen p\u00f3r\u00e1zt + \u00fasz\u00f3t\u00e1maszt.<\/li><\/ul>\t\t\t\t\t\t\t\t<\/div>\n\t\t\t\t<\/div>\n\t\t\t\t\t<\/div>\n\t\t<\/div>\n\t\t\t\t\t<\/div>\n\t\t<\/section>\n\t\t\t\t<section class=\"elementor-section elementor-top-section elementor-element elementor-element-4ee0c0ba elementor-section-stretched elementor-section-boxed elementor-section-height-default elementor-section-height-default\" data-id=\"4ee0c0ba\" data-element_type=\"section\" data-e-type=\"section\" data-settings=\"{&quot;stretch_section&quot;:&quot;section-stretched&quot;,&quot;background_background&quot;:&quot;classic&quot;}\">\n\t\t\t\t\t\t<div class=\"elementor-container elementor-column-gap-default\">\n\t\t\t\t\t<div class=\"elementor-column elementor-col-100 elementor-top-column elementor-element elementor-element-6f8a7118\" data-id=\"6f8a7118\" data-element_type=\"column\" data-e-type=\"column\">\n\t\t\t<div class=\"elementor-widget-wrap elementor-element-populated\">\n\t\t\t\t\t\t<div class=\"elementor-element elementor-element-798fcd36 elementor-widget elementor-widget-image\" data-id=\"798fcd36\" data-element_type=\"widget\" data-e-type=\"widget\" data-widget_type=\"image.default\">\n\t\t\t\t<div class=\"elementor-widget-container\">\n\t\t\t\t\t\t\t\t\t\t\t\t\t\t\t<img fetchpriority=\"high\" decoding=\"async\" width=\"800\" height=\"534\" src=\"https:\/\/oceancamper.com\/wp-content\/uploads\/2025\/06\/AdobeStock_622037714-min-1024x683.jpeg\" class=\"attachment-large size-large wp-image-183393\" alt=\"Portug\u00e1li\u00e1ban egy tengeri barlangban eveztek, a v\u00edz t\u00fcrkizk\u00e9k \u00e9s a napf\u00e9ny beragyogja a barlang bej\u00e1rat\u00e1t.\" srcset=\"https:\/\/oceancamper.com\/wp-content\/uploads\/2025\/06\/AdobeStock_622037714-min-1024x683.jpeg 1024w, https:\/\/oceancamper.com\/wp-content\/uploads\/2025\/06\/AdobeStock_622037714-min-300x200.jpeg 300w, https:\/\/oceancamper.com\/wp-content\/uploads\/2025\/06\/AdobeStock_622037714-min-768x512.jpeg 768w, https:\/\/oceancamper.com\/wp-content\/uploads\/2025\/06\/AdobeStock_622037714-min-1536x1024.jpeg 1536w, https:\/\/oceancamper.com\/wp-content\/uploads\/2025\/06\/AdobeStock_622037714-min-2048x1365.jpeg 2048w, https:\/\/oceancamper.com\/wp-content\/uploads\/2025\/06\/AdobeStock_622037714-min-240x160.jpeg 240w\" sizes=\"(max-width: 800px) 100vw, 800px\" \/>\t\t\t\t\t\t\t\t\t\t\t\t\t\t\t<\/div>\n\t\t\t\t<\/div>\n\t\t\t\t<div class=\"elementor-element elementor-element-591e064 elementor-widget elementor-widget-text-editor\" data-id=\"591e064\" data-element_type=\"widget\" data-e-type=\"widget\" data-widget_type=\"text-editor.default\">\n\t\t\t\t<div class=\"elementor-widget-container\">\n\t\t\t\t\t\t\t\t\t<p data-start=\"1551\" data-end=\"1629\">Benagil barlang, j\u00falius 2012&#8243; by Beeston, licenc alatt CC BY 3.0.<\/p>\t\t\t\t\t\t\t\t<\/div>\n\t\t\t\t<\/div>\n\t\t\t\t<div class=\"elementor-element elementor-element-2f3d103 elementor-widget elementor-widget-heading\" data-id=\"2f3d103\" data-element_type=\"widget\" data-e-type=\"widget\" data-widget_type=\"heading.default\">\n\t\t\t\t<div class=\"elementor-widget-container\">\n\t\t\t\t\t<h2 class=\"elementor-heading-title elementor-size-default\">B\u00e9reljen SUP-ot az Ocean Camperrel<\/h2>\t\t\t\t<\/div>\n\t\t\t\t<\/div>\n\t\t\t\t<div class=\"elementor-element elementor-element-67583dd elementor-widget elementor-widget-text-editor\" data-id=\"67583dd\" data-element_type=\"widget\" data-e-type=\"widget\" data-widget_type=\"text-editor.default\">\n\t\t\t\t<div class=\"elementor-widget-container\">\n\t\t\t\t\t\t\t\t\t<ul><li data-start=\"3191\" data-end=\"3266\"><strong data-start=\"3191\" data-end=\"3212\">Felf\u00fajhat\u00f3 deszk\u00e1k (<\/strong> b\u00e1rmilyen aut\u00f3ban\/lak\u00f3kocsiban elf\u00e9rnek), stabil 1-2 szem\u00e9ly sz\u00e1m\u00e1ra.<\/li><li data-start=\"3269\" data-end=\"3334\">Tartalmazza az evez\u0151t, a szivatty\u00fat, a p\u00f3r\u00e1zt, a PFD opci\u00f3t, sz\u00fcks\u00e9g eset\u00e9n a tet\u0151hevedereket.<\/li><li data-start=\"3337\" data-end=\"3400\">Felsz\u00e1ll\u00e1s Far\u00f3ban; t\u00f6k\u00e9letes kieg\u00e9sz\u00edt\u00e9s a <strong data-start=\"3377\" data-end=\"3390\">lak\u00f3kocsis<\/strong> kir\u00e1ndul\u00e1shoz<\/li><\/ul>\t\t\t\t\t\t\t\t<\/div>\n\t\t\t\t<\/div>\n\t\t\t\t\t<\/div>\n\t\t<\/div>\n\t\t\t\t\t<\/div>\n\t\t<\/section>\n\t\t\t\t<section class=\"elementor-section elementor-top-section elementor-element elementor-element-19bae0f4 elementor-section-stretched elementor-section-boxed elementor-section-height-default elementor-section-height-default\" data-id=\"19bae0f4\" data-element_type=\"section\" data-e-type=\"section\" id=\"faro\" data-settings=\"{&quot;stretch_section&quot;:&quot;section-stretched&quot;,&quot;background_background&quot;:&quot;classic&quot;}\">\n\t\t\t\t\t\t<div class=\"elementor-container elementor-column-gap-default\">\n\t\t\t\t\t<div class=\"elementor-column elementor-col-100 elementor-top-column elementor-element elementor-element-a353874\" data-id=\"a353874\" data-element_type=\"column\" data-e-type=\"column\">\n\t\t\t<div class=\"elementor-widget-wrap elementor-element-populated\">\n\t\t\t\t\t\t<div class=\"elementor-element elementor-element-d836726 elementor-widget elementor-widget-heading\" data-id=\"d836726\" data-element_type=\"widget\" data-e-type=\"widget\" data-widget_type=\"heading.default\">\n\t\t\t\t<div class=\"elementor-widget-container\">\n\t\t\t\t\t<h2 class=\"elementor-heading-title elementor-size-default\">Hogyan kell haszn\u00e1lni ezt az \u00fatmutat\u00f3t<\/h2>\t\t\t\t<\/div>\n\t\t\t\t<\/div>\n\t\t\t\t<div class=\"elementor-element elementor-element-a2da57a elementor-widget elementor-widget-text-editor\" data-id=\"a2da57a\" data-element_type=\"widget\" data-e-type=\"widget\" data-widget_type=\"text-editor.default\">\n\t\t\t\t<div class=\"elementor-widget-container\">\n\t\t\t\t\t\t\t\t\t<p data-start=\"1991\" data-end=\"2077\">Az al\u00e1bbiakban minden egyes spot tartalmazza: <strong data-start=\"2017\" data-end=\"2076\">Szint &#8211; Kiemelt pontok &#8211; Kil\u00f6v\u00e9s &#8211; Dag\u00e1ly\/sz\u00e9l &#8211; Parkol\u00e1s\/jegyzetek<\/strong>.<\/p>\t\t\t\t\t\t\t\t<\/div>\n\t\t\t\t<\/div>\n\t\t\t\t<div class=\"elementor-element elementor-element-1bb9209 elementor-widget elementor-widget-text-editor\" data-id=\"1bb9209\" data-element_type=\"widget\" data-e-type=\"widget\" data-widget_type=\"text-editor.default\">\n\t\t\t\t<div class=\"elementor-widget-container\">\n\t\t\t\t\t\t\t\t\t<table><thead><tr><th>Szezon<\/th><th>Tengeri \u00e1llapot \u00e9s t\u00f6megek<\/th><th>Legjobb napszak<\/th><th>Felh\u00edv\u00e1s a b\u00fav\u00e1rruh\u00e1ra<\/th><\/tr><\/thead><tbody><tr><td>\u00c1pr-J\u00fanius<\/td><td>\u00c1ltal\u00e1ban nyugodt reggelek, m\u00e9rs\u00e9kelt t\u00f6megek<\/td><td>Napfelkelte-k\u00e9s\u0151 d\u00e9lel\u0151tt<\/td><td>3\/2 vagy shorty a melegebb napokon<\/td><\/tr><tr><td>J\u00falius-szeptember<\/td><td>Nyugodt kora d\u00e9lut\u00e1n, szeles d\u00e9lut\u00e1nok (\u00c9Ny)<\/td><td><strong>Napfelkeltekor<\/strong> a legjobb<\/td><td>R\u00f6vidnadr\u00e1g vagy ki\u00fct\u00e9ses ruha<\/td><\/tr><tr><td>Okt\u00f3ber-november<\/td><td>Kevesebb ember, v\u00e1ltoz\u00f3 sz\u00e9l<\/td><td>Reggeli ablakok<\/td><td>3\/2 teljes \u00f6lt\u00f6ny<\/td><\/tr><tr><td>Dec-Mar<\/td><td>H\u0171v\u00f6sebb v\u00edz, csend<\/td><td>Csak gyenge szeles napokon<\/td><td>4\/3, ha sok\u00e1ig marad<\/td><\/tr><\/tbody><\/table>\t\t\t\t\t\t\t\t<\/div>\n\t\t\t\t<\/div>\n\t\t\t\t<div class=\"elementor-element elementor-element-4403bae elementor-widget elementor-widget-text-editor\" data-id=\"4403bae\" data-element_type=\"widget\" data-e-type=\"widget\" data-widget_type=\"text-editor.default\">\n\t\t\t\t<div class=\"elementor-widget-container\">\n\t\t\t\t\t\t\t\t\t<p data-start=\"2570\" data-end=\"2703\"><strong data-start=\"2570\" data-end=\"2593\">A dag\u00e1ly szab\u00e1lya: a legt\u00f6bb<\/strong> lag\u00fana\/torkolat = <strong data-start=\"2619\" data-end=\"2639\">dag\u00e1ly<\/strong> k\u00f6zep\u00e9t\u0151l <strong data-start=\"2619\" data-end=\"2639\">a dag\u00e1lyig.<\/strong> Barlangok\/szikl\u00e1k = <strong data-start=\"2656\" data-end=\"2682\">kora reggel,<\/strong> gyenge <strong data-start=\"2688\" data-end=\"2702\">sz\u00e9llel.<\/strong> <\/p>\t\t\t\t\t\t\t\t<\/div>\n\t\t\t\t<\/div>\n\t\t\t\t<div class=\"elementor-element elementor-element-6bc5855 elementor-widget elementor-widget-menu-anchor\" data-id=\"6bc5855\" data-element_type=\"widget\" data-e-type=\"widget\" data-widget_type=\"menu-anchor.default\">\n\t\t\t\t<div class=\"elementor-widget-container\">\n\t\t\t\t\t\t\t<div class=\"elementor-menu-anchor\" id=\"Faro\"><\/div>\n\t\t\t\t\t\t<\/div>\n\t\t\t\t<\/div>\n\t\t\t\t<div class=\"elementor-element elementor-element-1081da3e elementor-widget elementor-widget-heading\" data-id=\"1081da3e\" data-element_type=\"widget\" data-e-type=\"widget\" data-widget_type=\"heading.default\">\n\t\t\t\t<div class=\"elementor-widget-container\">\n\t\t\t\t\t<h2 class=\"elementor-heading-title elementor-size-default\">\ud83c\udfd6\ufe0f 1. Praia de Faro - Ria Formosa torkolat <\/h2>\t\t\t\t<\/div>\n\t\t\t\t<\/div>\n\t\t\t\t<div class=\"elementor-element elementor-element-42b738fb elementor-widget elementor-widget-text-editor\" data-id=\"42b738fb\" data-element_type=\"widget\" data-e-type=\"widget\" data-widget_type=\"text-editor.default\">\n\t\t\t\t<div class=\"elementor-widget-container\">\n\t\t\t\t\t\t\t\t\t<p><strong data-start=\"1888\" data-end=\"1898\">Szint:<\/strong> Kezd\u0151+<br data-start=\"1908\" data-end=\"1911\"\/><strong data-start=\"1911\" data-end=\"1926\">F\u0151bb l\u00e1tnival\u00f3k:<\/strong> Nyugodt evez\u00e9s a lag\u00fan\u00e1ban flaming\u00f3k \u00e9s homokz\u00e1tonyok k\u00f6z\u00f6tt.<br data-start=\"1977\" data-end=\"1980\"\/><strong data-start=\"1980\" data-end=\"1991\">Indul\u00e1si pont:<\/strong> A Faro-part \u00e9szaki oldala, a Ria Formosa Term\u00e9szetv\u00e9delmi Park fel\u00e9.<br data-start=\"2047\" data-end=\"2050\"\/><strong data-start=\"2050\" data-end=\"2064\">\u00c1rap\u00e1ly\/sz\u00e9l:<\/strong> K\u00f6zepes\u2013magas \u00e1rap\u00e1ly, enyhe sz\u00e9l.<br data-start=\"2091\" data-end=\"2094\"\/><strong data-start=\"2094\" data-end=\"2106\">Parkol\u00e1s:<\/strong> Strandparkol\u00f3; \u00fcgyeljen a haj\u00f3\u00fatvonalakra.<br data-start=\"2139\" data-end=\"2142\"\/>\ud83d\udc49 <a class=\"decorated-link\" href=\"https:\/\/maps.app.goo.gl\/WrAcLaV5ePaYSnwu7\" target=\"_blank\" rel=\"noopener\" data-start=\"2145\" data-end=\"2188\">Hely a t\u00e9rk\u00e9pen<\/a><\/p>\t\t\t\t\t\t\t\t<\/div>\n\t\t\t\t<\/div>\n\t\t\t\t<div class=\"elementor-element elementor-element-684abef elementor-widget elementor-widget-image\" data-id=\"684abef\" data-element_type=\"widget\" data-e-type=\"widget\" data-widget_type=\"image.default\">\n\t\t\t\t<div class=\"elementor-widget-container\">\n\t\t\t\t\t\t\t\t\t\t\t\t\t\t\t<img decoding=\"async\" width=\"800\" height=\"600\" src=\"https:\/\/oceancamper.com\/wp-content\/uploads\/2020\/12\/Anchored_small_boats_Ria_Formosa_Faro_Portugal_julesvernex2-2.jpg\" class=\"attachment-large size-large wp-image-208116\" alt=\"Horgonyz\u00f3 kis haj\u00f3k a Ria Formosa lag\u00fan\u00e1ban, Faro, Algarve, Portug\u00e1lia, a nyugodt t\u00fcrkizk\u00e9k v\u00edzben t\u00fckr\u00f6z\u0151dnek a tiszta k\u00e9k \u00e9g alatt.\" srcset=\"https:\/\/oceancamper.com\/wp-content\/uploads\/2020\/12\/Anchored_small_boats_Ria_Formosa_Faro_Portugal_julesvernex2-2.jpg 960w, https:\/\/oceancamper.com\/wp-content\/uploads\/2020\/12\/Anchored_small_boats_Ria_Formosa_Faro_Portugal_julesvernex2-2-300x225.jpg 300w, https:\/\/oceancamper.com\/wp-content\/uploads\/2020\/12\/Anchored_small_boats_Ria_Formosa_Faro_Portugal_julesvernex2-2-768x576.jpg 768w, https:\/\/oceancamper.com\/wp-content\/uploads\/2020\/12\/Anchored_small_boats_Ria_Formosa_Faro_Portugal_julesvernex2-2-240x180.jpg 240w\" sizes=\"(max-width: 800px) 100vw, 800px\" \/>\t\t\t\t\t\t\t\t\t\t\t\t\t\t\t<\/div>\n\t\t\t\t<\/div>\n\t\t\t\t<div class=\"elementor-element elementor-element-e07c498 elementor-widget elementor-widget-text-editor\" data-id=\"e07c498\" data-element_type=\"widget\" data-e-type=\"widget\" data-widget_type=\"text-editor.default\">\n\t\t\t\t<div class=\"elementor-widget-container\">\n\t\t\t\t\t\t\t\t\t<p data-start=\"1551\" data-end=\"1629\"><b>Jules Verne Times Two \/ <a href=\"https:\/\/www.julesvernex2.com\" target=\"_blank\" rel=\"noopener\">julesvernex2.com \/ CC-BY-SA-4<\/a>.0<\/b><\/p>\t\t\t\t\t\t\t\t<\/div>\n\t\t\t\t<\/div>\n\t\t\t\t\t<\/div>\n\t\t<\/div>\n\t\t\t\t\t<\/div>\n\t\t<\/section>\n\t\t\t\t<section class=\"elementor-section elementor-top-section elementor-element elementor-element-2635f6d8 elementor-section-stretched elementor-section-boxed elementor-section-height-default elementor-section-height-default\" data-id=\"2635f6d8\" data-element_type=\"section\" data-e-type=\"section\" id=\"arrifes\" data-settings=\"{&quot;stretch_section&quot;:&quot;section-stretched&quot;,&quot;background_background&quot;:&quot;classic&quot;}\">\n\t\t\t\t\t\t<div class=\"elementor-container elementor-column-gap-default\">\n\t\t\t\t\t<div class=\"elementor-column elementor-col-100 elementor-top-column elementor-element elementor-element-61e1182a\" data-id=\"61e1182a\" data-element_type=\"column\" data-e-type=\"column\">\n\t\t\t<div class=\"elementor-widget-wrap elementor-element-populated\">\n\t\t\t\t\t\t<div class=\"elementor-element elementor-element-ae78a4d elementor-widget elementor-widget-menu-anchor\" data-id=\"ae78a4d\" data-element_type=\"widget\" data-e-type=\"widget\" data-widget_type=\"menu-anchor.default\">\n\t\t\t\t<div class=\"elementor-widget-container\">\n\t\t\t\t\t\t\t<div class=\"elementor-menu-anchor\" id=\"arrifes\"><\/div>\n\t\t\t\t\t\t<\/div>\n\t\t\t\t<\/div>\n\t\t\t\t<div class=\"elementor-element elementor-element-768b133a elementor-widget elementor-widget-heading\" data-id=\"768b133a\" data-element_type=\"widget\" data-e-type=\"widget\" data-widget_type=\"heading.default\">\n\t\t\t\t<div class=\"elementor-widget-container\">\n\t\t\t\t\t<h2 class=\"elementor-heading-title elementor-size-default\">\ud83c\udfd6\ufe0f 2. Praia dos Arrifes \u2192 Praia da Coelha <\/h2>\t\t\t\t<\/div>\n\t\t\t\t<\/div>\n\t\t\t\t<div class=\"elementor-element elementor-element-3cacee1d elementor-widget elementor-widget-text-editor\" data-id=\"3cacee1d\" data-element_type=\"widget\" data-e-type=\"widget\" data-widget_type=\"text-editor.default\">\n\t\t\t\t<div class=\"elementor-widget-container\">\n\t\t\t\t\t\t\t\t\t<p><strong data-start=\"2246\" data-end=\"2256\">Szint:<\/strong> kezd\u0151\u2013k\u00f6z\u00e9phalad\u00f3<br data-start=\"2278\" data-end=\"2281\"\/><strong data-start=\"2281\" data-end=\"2296\">F\u0151bb l\u00e1tnival\u00f3k:<\/strong> Szikla\u00edvek \u00e9s kis barlangok a part ment\u00e9n Albufeira k\u00f6zel\u00e9ben.<br data-start=\"2357\" data-end=\"2360\"\/><strong data-start=\"2360\" data-end=\"2371\">Indul\u00e1s:<\/strong> Indulj az Arrifes-strandr\u00f3l, \u00e9s evezz jobbra (nyugat fel\u00e9) Coelha ir\u00e1ny\u00e1ba.<br data-start=\"2434\" data-end=\"2437\"\/><strong data-start=\"2437\" data-end=\"2451\">Legalkalmasabb id\u0151pont:<\/strong> Napkelte vagy kora reggel, kiz\u00e1r\u00f3lag kis hull\u00e1mz\u00e1s eset\u00e9n.<br data-start=\"2495\" data-end=\"2498\"\/>\ud83d\udc49 <a class=\"decorated-link\" href=\"https:\/\/maps.app.goo.gl\/7Brwkhs5KBSqHF3N8\" target=\"_blank\" rel=\"noopener\" data-start=\"2501\" data-end=\"2544\">Hely a t\u00e9rk\u00e9pen<\/a><\/p>\t\t\t\t\t\t\t\t<\/div>\n\t\t\t\t<\/div>\n\t\t\t\t<div class=\"elementor-element elementor-element-854e40e elementor-widget elementor-widget-image\" data-id=\"854e40e\" data-element_type=\"widget\" data-e-type=\"widget\" data-widget_type=\"image.default\">\n\t\t\t\t<div class=\"elementor-widget-container\">\n\t\t\t\t\t\t\t\t\t\t\t\t\t\t\t<img decoding=\"async\" width=\"800\" height=\"600\" src=\"https:\/\/oceancamper.com\/wp-content\/uploads\/2020\/12\/Praia-dos-Arrifes-Albufeira-1024x768.jpg\" class=\"attachment-large size-large wp-image-207536\" alt=\"A Praia dos Arrifes Albufeir\u00e1ban, az Algarve-on, Portug\u00e1li\u00e1ban: egy kicsi, eldugott strand aranysz\u00edn\u0171 szikl\u00e1kkal, szikla\u00edvekkel \u00e9s t\u00fcrkizk\u00e9k Atlanic-\u00f3ce\u00e1ni v\u00edzzel.\" srcset=\"https:\/\/oceancamper.com\/wp-content\/uploads\/2020\/12\/Praia-dos-Arrifes-Albufeira-1024x768.jpg 1024w, https:\/\/oceancamper.com\/wp-content\/uploads\/2020\/12\/Praia-dos-Arrifes-Albufeira-300x225.jpg 300w, https:\/\/oceancamper.com\/wp-content\/uploads\/2020\/12\/Praia-dos-Arrifes-Albufeira-768x576.jpg 768w, https:\/\/oceancamper.com\/wp-content\/uploads\/2020\/12\/Praia-dos-Arrifes-Albufeira-1536x1152.jpg 1536w, https:\/\/oceancamper.com\/wp-content\/uploads\/2020\/12\/Praia-dos-Arrifes-Albufeira-2048x1536.jpg 2048w, https:\/\/oceancamper.com\/wp-content\/uploads\/2020\/12\/Praia-dos-Arrifes-Albufeira-240x180.jpg 240w\" sizes=\"(max-width: 800px) 100vw, 800px\" \/>\t\t\t\t\t\t\t\t\t\t\t\t\t\t\t<\/div>\n\t\t\t\t<\/div>\n\t\t\t\t<div class=\"elementor-element elementor-element-10a21266 elementor-widget elementor-widget-text-editor\" data-id=\"10a21266\" data-element_type=\"widget\" data-e-type=\"widget\" data-widget_type=\"text-editor.default\">\n\t\t\t\t<div class=\"elementor-widget-container\">\n\t\t\t\t\t\t\t\t\t<p data-start=\"1551\" data-end=\"1629\"><em data-start=\"1551\" data-end=\"1629\">F\u00e9nyk\u00e9p &#8222;Praia dos Arrifes, 13 Nov 2013&#8221; by Beeston, licensed <a href=\"https:\/\/commons.wikimedia.org\/wiki\/File:137PT_13_November_2013_Praia_dos_Arrifes.JPG\" target=\"_blank\" rel=\"noopener\">under CC BY 3.0.<\/a><\/em><\/p>\t\t\t\t\t\t\t\t<\/div>\n\t\t\t\t<\/div>\n\t\t\t\t\t<\/div>\n\t\t<\/div>\n\t\t\t\t\t<\/div>\n\t\t<\/section>\n\t\t\t\t<section class=\"elementor-section elementor-top-section elementor-element elementor-element-769adaa7 elementor-section-stretched elementor-section-boxed elementor-section-height-default elementor-section-height-default\" data-id=\"769adaa7\" data-element_type=\"section\" data-e-type=\"section\" id=\"Albandeira\" data-settings=\"{&quot;stretch_section&quot;:&quot;section-stretched&quot;,&quot;background_background&quot;:&quot;classic&quot;}\">\n\t\t\t\t\t\t<div class=\"elementor-container elementor-column-gap-default\">\n\t\t\t\t\t<div class=\"elementor-column elementor-col-100 elementor-top-column elementor-element elementor-element-7ccb364b\" data-id=\"7ccb364b\" data-element_type=\"column\" data-e-type=\"column\">\n\t\t\t<div class=\"elementor-widget-wrap elementor-element-populated\">\n\t\t\t\t\t\t<div class=\"elementor-element elementor-element-ef274dc elementor-widget elementor-widget-menu-anchor\" data-id=\"ef274dc\" data-element_type=\"widget\" data-e-type=\"widget\" data-widget_type=\"menu-anchor.default\">\n\t\t\t\t<div class=\"elementor-widget-container\">\n\t\t\t\t\t\t\t<div class=\"elementor-menu-anchor\" id=\"Albandeira\"><\/div>\n\t\t\t\t\t\t<\/div>\n\t\t\t\t<\/div>\n\t\t\t\t<div class=\"elementor-element elementor-element-7b900c23 elementor-widget elementor-widget-heading\" data-id=\"7b900c23\" data-element_type=\"widget\" data-e-type=\"widget\" data-widget_type=\"heading.default\">\n\t\t\t\t<div class=\"elementor-widget-container\">\n\t\t\t\t\t<h2 class=\"elementor-heading-title elementor-size-default\">\ud83c\udfd6\ufe0f 3. Praia da Albandeira - A bolt\u00edv \u00e9s rejtett \u00f6bl\u00f6k <\/h2>\t\t\t\t<\/div>\n\t\t\t\t<\/div>\n\t\t\t\t<div class=\"elementor-element elementor-element-8bc4f75 elementor-widget elementor-widget-text-editor\" data-id=\"8bc4f75\" data-element_type=\"widget\" data-e-type=\"widget\" data-widget_type=\"text-editor.default\">\n\t\t\t\t<div class=\"elementor-widget-container\">\n\t\t\t\t\t\t\t\t\t<p data-start=\"2612\" data-end=\"2901\"><strong data-start=\"2612\" data-end=\"2622\">Szint:<\/strong> K\u00f6z\u00e9phalad\u00f3<br data-start=\"2635\" data-end=\"2638\"\/><strong data-start=\"2638\" data-end=\"2653\">F\u00e9nypontok:<\/strong> A term\u00e9szetes Albandeira-\u00edv \u00e9s a kis tengeri barlangok.<br data-start=\"2702\" data-end=\"2705\"\/><strong data-start=\"2705\" data-end=\"2716\">Indul\u00e1si pont:<\/strong> Albandeira-part.<br data-start=\"2734\" data-end=\"2737\"\/><strong data-start=\"2737\" data-end=\"2751\">\u00c1rap\u00e1ly\/sz\u00e9l:<\/strong> K\u00f6zepes \u00e1rap\u00e1ly, alacsony hull\u00e1mz\u00e1s, sz\u00e9lcsend.<br data-start=\"2783\" data-end=\"2786\"\/><strong data-start=\"2786\" data-end=\"2795\">Megjegyz\u00e9s:<\/strong> Hozz magaddal v\u00edz\u00e1ll\u00f3 f\u00e9nyk\u00e9pez\u0151g\u00e9pet \u2013 t\u00f6k\u00e9letes napkelte-t\u00fckr\u00f6z\u0151d\u00e9sek.<br data-start=\"2852\" data-end=\"2855\"\/>\ud83d\udc49 <a class=\"decorated-link\" href=\"https:\/\/maps.app.goo.gl\/o5pDzc79Ejtk3TwB7\" target=\"_blank\" rel=\"noopener\" data-start=\"2858\" data-end=\"2901\">Hely a t\u00e9rk\u00e9pen<\/a><\/p>\t\t\t\t\t\t\t\t<\/div>\n\t\t\t\t<\/div>\n\t\t\t\t<div class=\"elementor-element elementor-element-726a0656 elementor-widget elementor-widget-image\" data-id=\"726a0656\" data-element_type=\"widget\" data-e-type=\"widget\" data-widget_type=\"image.default\">\n\t\t\t\t<div class=\"elementor-widget-container\">\n\t\t\t\t\t\t\t\t\t\t\t\t\t\t\t<img loading=\"lazy\" decoding=\"async\" width=\"800\" height=\"533\" src=\"https:\/\/oceancamper.com\/wp-content\/uploads\/2020\/12\/Arco_da_Albandeira_Lagoa_Algarve.jpg\" class=\"attachment-large size-large wp-image-208117\" alt=\"Term\u00e9szetes k\u0151b\u0151l k\u00e9sz\u00fclt bolt\u00edv a portug\u00e1liai Lagoa (Algarve) Albandeira strandj\u00e1n, t\u00fcrkizk\u00e9k v\u00edzzel \u00e9s aranysz\u00edn\u0171 szikl\u00e1kkal.\" srcset=\"https:\/\/oceancamper.com\/wp-content\/uploads\/2020\/12\/Arco_da_Albandeira_Lagoa_Algarve.jpg 960w, https:\/\/oceancamper.com\/wp-content\/uploads\/2020\/12\/Arco_da_Albandeira_Lagoa_Algarve-300x200.jpg 300w, https:\/\/oceancamper.com\/wp-content\/uploads\/2020\/12\/Arco_da_Albandeira_Lagoa_Algarve-768x512.jpg 768w, https:\/\/oceancamper.com\/wp-content\/uploads\/2020\/12\/Arco_da_Albandeira_Lagoa_Algarve-240x160.jpg 240w\" sizes=\"(max-width: 800px) 100vw, 800px\" \/>\t\t\t\t\t\t\t\t\t\t\t\t\t\t\t<\/div>\n\t\t\t\t<\/div>\n\t\t\t\t<div class=\"elementor-element elementor-element-56b3fbd elementor-widget elementor-widget-text-editor\" data-id=\"56b3fbd\" data-element_type=\"widget\" data-e-type=\"widget\" data-widget_type=\"text-editor.default\">\n\t\t\t\t<div class=\"elementor-widget-container\">\n\t\t\t\t\t\t\t\t\t<p data-start=\"1551\" data-end=\"1629\">\u201eArco da Albandeira, Lagoa (Algarve)\u201d c\u00edm\u0171 fot\u00f3: Alvesgaspar,<a href=\"https:\/\/commons.wikimedia.org\/wiki\/File:Arco_da_Albandeira,_Lagoa_(Algarve).jpg\" target=\"_blank\" rel=\"noopener\"> CC BY-SA 4.0<\/a> licenc alapj\u00e1n.<\/p>\t\t\t\t\t\t\t\t<\/div>\n\t\t\t\t<\/div>\n\t\t\t\t\t<\/div>\n\t\t<\/div>\n\t\t\t\t\t<\/div>\n\t\t<\/section>\n\t\t\t\t<section class=\"elementor-section elementor-top-section elementor-element elementor-element-6781a86c elementor-section-stretched elementor-section-boxed elementor-section-height-default elementor-section-height-default\" data-id=\"6781a86c\" data-element_type=\"section\" data-e-type=\"section\" id=\"benagil\" data-settings=\"{&quot;stretch_section&quot;:&quot;section-stretched&quot;,&quot;background_background&quot;:&quot;classic&quot;}\">\n\t\t\t\t\t\t<div class=\"elementor-container elementor-column-gap-default\">\n\t\t\t\t\t<div class=\"elementor-column elementor-col-100 elementor-top-column elementor-element elementor-element-33ffc835\" data-id=\"33ffc835\" data-element_type=\"column\" data-e-type=\"column\">\n\t\t\t<div class=\"elementor-widget-wrap elementor-element-populated\">\n\t\t\t\t\t\t<div class=\"elementor-element elementor-element-19ab0747 elementor-widget elementor-widget-heading\" data-id=\"19ab0747\" data-element_type=\"widget\" data-e-type=\"widget\" data-widget_type=\"heading.default\">\n\t\t\t\t<div class=\"elementor-widget-container\">\n\t\t\t\t\t<h2 class=\"elementor-heading-title elementor-size-default\">\ud83c\udfd6\ufe0f 4. Benagil barlang - Csak vezetett t\u00far\u00e1k <\/h2>\t\t\t\t<\/div>\n\t\t\t\t<\/div>\n\t\t\t\t<div class=\"elementor-element elementor-element-2961a86 elementor-widget elementor-widget-text-editor\" data-id=\"2961a86\" data-element_type=\"widget\" data-e-type=\"widget\" data-widget_type=\"text-editor.default\">\n\t\t\t\t<div class=\"elementor-widget-container\">\n\t\t\t\t\t\t\t\t\t<p><strong data-start=\"2956\" data-end=\"2966\">Neh\u00e9zs\u00e9gi szint:<\/strong> K\u00f6z\u00e9pszint<br data-start=\"2979\" data-end=\"2982\"\/><strong data-start=\"2982\" data-end=\"2997\">F\u0151bb l\u00e1tnival\u00f3k:<\/strong> A h\u00edres Benagil-tengerbarlang, a mennyezeti ny\u00edl\u00e1ssal \u00e9s a t\u00fcrkizk\u00e9k v\u00edzzel.<br data-start=\"3069\" data-end=\"3072\"\/><strong data-start=\"3072\" data-end=\"3083\">Indul\u00e1s:<\/strong> A Benagil-partr\u00f3l vagy a k\u00f6zeli part menti indul\u00e1si pontokr\u00f3l.<br data-start=\"3138\" data-end=\"3141\"\/><strong data-start=\"3141\" data-end=\"3155\">Fontos:<\/strong> \ud83d\uded1 <strong data-start=\"3159\" data-end=\"3228\">A Benagil-barlangban m\u00e1r nem enged\u00e9lyezett az egy\u00e9ni evez\u00e9s.<\/strong><br data-start=\"3228\" data-end=\"3231\"\/>A biztons\u00e1g \u00e9s a k\u00f6rnyezetv\u00e9delem \u00e9rdek\u00e9ben a barlangba mostant\u00f3l <strong data-start=\"3245\" data-end=\"3280\">kiz\u00e1r\u00f3lag vezetett t\u00far\u00e1kon lehet bel\u00e9pni<\/strong>.<br data-start=\"3322\" data-end=\"3325\"\/><strong data-start=\"3325\" data-end=\"3341\">Alternat\u00edva:<\/strong> Csatlakozz egy helyi vezetett SUP- vagy kajakos t\u00far\u00e1hoz \u2013 ez biztons\u00e1gosabb, \u00e9s ugyanolyan var\u00e1zslatos!<br data-start=\"3411\" data-end=\"3414\"\/>\ud83d\udc49 <a class=\"decorated-link\" href=\"https:\/\/maps.app.goo.gl\/H2ahEQ96aaBMnsZ89\" target=\"_blank\" rel=\"noopener\" data-start=\"3417\" data-end=\"3460\">Hely a t\u00e9rk\u00e9pen<\/a><\/p>\t\t\t\t\t\t\t\t<\/div>\n\t\t\t\t<\/div>\n\t\t\t\t<div class=\"elementor-element elementor-element-38be785 elementor-widget elementor-widget-image\" data-id=\"38be785\" data-element_type=\"widget\" data-e-type=\"widget\" data-widget_type=\"image.default\">\n\t\t\t\t<div class=\"elementor-widget-container\">\n\t\t\t\t\t\t\t\t\t\t\t\t\t\t\t<img loading=\"lazy\" decoding=\"async\" width=\"800\" height=\"533\" src=\"https:\/\/oceancamper.com\/wp-content\/uploads\/2020\/12\/benagil-cave-algarve-portugal-sea-cave-SUP-1.jpg-1.jpg\" class=\"attachment-large size-large wp-image-208124\" alt=\"Paddleboardoz\u00e1s a Benagil barlang k\u00f6zel\u00e9ben Algarve-ban, Portug\u00e1li\u00e1ban, t\u00fcrkizk\u00e9k v\u00edzzel, napf\u00e9nnyel a barlang kupol\u00e1j\u00e1n kereszt\u00fcl, \u00e9s egy kis cs\u00f3nakkal odabent.\" srcset=\"https:\/\/oceancamper.com\/wp-content\/uploads\/2020\/12\/benagil-cave-algarve-portugal-sea-cave-SUP-1.jpg-1.jpg 960w, https:\/\/oceancamper.com\/wp-content\/uploads\/2020\/12\/benagil-cave-algarve-portugal-sea-cave-SUP-1.jpg-1-300x200.jpg 300w, https:\/\/oceancamper.com\/wp-content\/uploads\/2020\/12\/benagil-cave-algarve-portugal-sea-cave-SUP-1.jpg-1-768x512.jpg 768w, https:\/\/oceancamper.com\/wp-content\/uploads\/2020\/12\/benagil-cave-algarve-portugal-sea-cave-SUP-1.jpg-1-240x160.jpg 240w\" sizes=\"(max-width: 800px) 100vw, 800px\" \/>\t\t\t\t\t\t\t\t\t\t\t\t\t\t\t<\/div>\n\t\t\t\t<\/div>\n\t\t\t\t<div class=\"elementor-element elementor-element-ebf42be elementor-widget elementor-widget-text-editor\" data-id=\"ebf42be\" data-element_type=\"widget\" data-e-type=\"widget\" data-widget_type=\"text-editor.default\">\n\t\t\t\t<div class=\"elementor-widget-container\">\n\t\t\t\t\t\t\t\t\t<p data-start=\"1551\" data-end=\"1629\">\u201eSea cave near Carvoeiro (52859676063).jpg\u201d c\u00edm\u0171 f\u00e9nyk\u00e9p szerz\u0151je: <a class=\"external text\" href=\"https:\/\/www.flickr.com\/people\/27637794@N05\" rel=\"nofollow\">Marty B<\/a>, <a href=\"https:\/\/commons.wikimedia.org\/wiki\/File:Sea_cave_near_Carvoeiro_(52859676063).jpg\" target=\"_blank\" rel=\"noopener\">CC BY 3.0<\/a> licenc alapj\u00e1n.<\/p>\t\t\t\t\t\t\t\t<\/div>\n\t\t\t\t<\/div>\n\t\t\t\t\t<\/div>\n\t\t<\/div>\n\t\t\t\t\t<\/div>\n\t\t<\/section>\n\t\t\t\t<section class=\"elementor-section elementor-top-section elementor-element elementor-element-348298d2 elementor-section-stretched elementor-section-boxed elementor-section-height-default elementor-section-height-default\" data-id=\"348298d2\" data-element_type=\"section\" data-e-type=\"section\" id=\"alvor\" data-settings=\"{&quot;stretch_section&quot;:&quot;section-stretched&quot;,&quot;background_background&quot;:&quot;classic&quot;}\">\n\t\t\t\t\t\t<div class=\"elementor-container elementor-column-gap-default\">\n\t\t\t\t\t<div class=\"elementor-column elementor-col-100 elementor-top-column elementor-element elementor-element-c16e1af\" data-id=\"c16e1af\" data-element_type=\"column\" data-e-type=\"column\">\n\t\t\t<div class=\"elementor-widget-wrap elementor-element-populated\">\n\t\t\t\t\t\t<div class=\"elementor-element elementor-element-3fc2fb47 elementor-widget elementor-widget-heading\" data-id=\"3fc2fb47\" data-element_type=\"widget\" data-e-type=\"widget\" data-widget_type=\"heading.default\">\n\t\t\t\t<div class=\"elementor-widget-container\">\n\t\t\t\t\t<h2 class=\"elementor-heading-title elementor-size-default\">\ud83c\udfd6\ufe0f 5. Alvor (Praia do Alem\u00e3o \u00e9s Prainha k\u00f6z\u00f6tt) <\/h2>\t\t\t\t<\/div>\n\t\t\t\t<\/div>\n\t\t\t\t<div class=\"elementor-element elementor-element-2d7f8e20 elementor-widget elementor-widget-text-editor\" data-id=\"2d7f8e20\" data-element_type=\"widget\" data-e-type=\"widget\" data-widget_type=\"text-editor.default\">\n\t\t\t\t<div class=\"elementor-widget-container\">\n\t\t\t\t\t\t\t\t\t<p data-start=\"3517\" data-end=\"3755\"><strong data-start=\"3517\" data-end=\"3527\">Szint:<\/strong> kezd\u0151\u2013k\u00f6z\u00e9phalad\u00f3<br data-start=\"3549\" data-end=\"3552\"\/><strong data-start=\"3552\" data-end=\"3567\">F\u0151bb l\u00e1tnival\u00f3k:<\/strong> kis \u00f6bl\u00f6k \u00e9s csendes strandok, amelyek csak a tengeren kereszt\u00fcl \u00e9rhet\u0151k el.<br data-start=\"3627\" data-end=\"3630\"\/><strong data-start=\"3630\" data-end=\"3641\">Indul\u00e1si pont:<\/strong> Praia do Alem\u00e3o.<br data-start=\"3658\" data-end=\"3661\"\/><strong data-start=\"3661\" data-end=\"3675\">\u00c1rap\u00e1ly\/sz\u00e9l:<\/strong> alacsony hull\u00e1mz\u00e1s, kora reggel a legjobb.<br data-start=\"3706\" data-end=\"3709\"\/>\ud83d\udc49 <a class=\"decorated-link\" href=\"https:\/\/maps.app.goo.gl\/2rUg6C2SdkLRR1Qz9\" target=\"_blank\" rel=\"noopener\" data-start=\"3712\" data-end=\"3755\">Hely a t\u00e9rk\u00e9pen<\/a><\/p>\t\t\t\t\t\t\t\t<\/div>\n\t\t\t\t<\/div>\n\t\t\t\t<div class=\"elementor-element elementor-element-7105e9a8 elementor-widget elementor-widget-image\" data-id=\"7105e9a8\" data-element_type=\"widget\" data-e-type=\"widget\" data-widget_type=\"image.default\">\n\t\t\t\t<div class=\"elementor-widget-container\">\n\t\t\t\t\t\t\t\t\t\t\t\t\t\t\t<img loading=\"lazy\" decoding=\"async\" width=\"800\" height=\"533\" src=\"https:\/\/oceancamper.com\/wp-content\/uploads\/2020\/12\/praia-do-alemao-sup-algarve.jpg\" class=\"attachment-large size-large wp-image-208119\" alt=\"A Praia do Alem\u00e3o strand Alvorban, az Algarve-i r\u00e9gi\u00f3ban, Portug\u00e1li\u00e1ban: aranysz\u00edn\u0171 szikl\u00e1k, t\u00fcrkizk\u00e9k v\u00edz \u00e9s sziklaalakzatok, a partt\u00f3l nem messze egy vitorl\u00e1s haj\u00f3val.\" srcset=\"https:\/\/oceancamper.com\/wp-content\/uploads\/2020\/12\/praia-do-alemao-sup-algarve.jpg 960w, https:\/\/oceancamper.com\/wp-content\/uploads\/2020\/12\/praia-do-alemao-sup-algarve-300x200.jpg 300w, https:\/\/oceancamper.com\/wp-content\/uploads\/2020\/12\/praia-do-alemao-sup-algarve-768x512.jpg 768w, https:\/\/oceancamper.com\/wp-content\/uploads\/2020\/12\/praia-do-alemao-sup-algarve-240x160.jpg 240w\" sizes=\"(max-width: 800px) 100vw, 800px\" \/>\t\t\t\t\t\t\t\t\t\t\t\t\t\t\t<\/div>\n\t\t\t\t<\/div>\n\t\t\t\t<div class=\"elementor-element elementor-element-e5fdd20 elementor-widget elementor-widget-text-editor\" data-id=\"e5fdd20\" data-element_type=\"widget\" data-e-type=\"widget\" data-widget_type=\"text-editor.default\">\n\t\t\t\t<div class=\"elementor-widget-container\">\n\t\t\t\t\t\t\t\t\t<p data-start=\"1551\" data-end=\"1629\">\u201ePraia do Alem\u00e3o 2017 09.jpg\u201d \u2013 Jos\u00e9olgon, <a href=\"https:\/\/commons.wikimedia.org\/wiki\/File:Praia_do_Alem%C3%A3o_2017_09.jpg\" target=\"_blank\" rel=\"noopener\">CC BY-SA 4.0<\/a> licenc alapj\u00e1n<\/p>\t\t\t\t\t\t\t\t<\/div>\n\t\t\t\t<\/div>\n\t\t\t\t\t<\/div>\n\t\t<\/div>\n\t\t\t\t\t<\/div>\n\t\t<\/section>\n\t\t\t\t<section class=\"elementor-section elementor-top-section elementor-element elementor-element-2a52a3f9 elementor-section-stretched elementor-section-boxed elementor-section-height-default elementor-section-height-default\" data-id=\"2a52a3f9\" data-element_type=\"section\" data-e-type=\"section\" id=\"piedade\" data-settings=\"{&quot;stretch_section&quot;:&quot;section-stretched&quot;,&quot;background_background&quot;:&quot;classic&quot;}\">\n\t\t\t\t\t\t<div class=\"elementor-container elementor-column-gap-default\">\n\t\t\t\t\t<div class=\"elementor-column elementor-col-100 elementor-top-column elementor-element elementor-element-2ee09fba\" data-id=\"2ee09fba\" data-element_type=\"column\" data-e-type=\"column\">\n\t\t\t<div class=\"elementor-widget-wrap elementor-element-populated\">\n\t\t\t\t\t\t<div class=\"elementor-element elementor-element-16f9f885 elementor-widget elementor-widget-heading\" data-id=\"16f9f885\" data-element_type=\"widget\" data-e-type=\"widget\" data-widget_type=\"heading.default\">\n\t\t\t\t<div class=\"elementor-widget-container\">\n\t\t\t\t\t<h2 class=\"elementor-heading-title elementor-size-default\">\ud83c\udfd6\ufe0f 6. Ponta da Piedade - Lagos szikl\u00e1k <\/h2>\t\t\t\t<\/div>\n\t\t\t\t<\/div>\n\t\t\t\t<div class=\"elementor-element elementor-element-559e961c elementor-widget elementor-widget-text-editor\" data-id=\"559e961c\" data-element_type=\"widget\" data-e-type=\"widget\" data-widget_type=\"text-editor.default\">\n\t\t\t\t<div class=\"elementor-widget-container\">\n\t\t\t\t\t\t\t\t\t<p><strong data-start=\"3809\" data-end=\"3819\">Neh\u00e9zs\u00e9gi szint:<\/strong> K\u00f6z\u00e9pszint<br data-start=\"3832\" data-end=\"3835\"\/><strong data-start=\"3835\" data-end=\"3850\">F\u0151bb l\u00e1tnival\u00f3k:<\/strong> Aranysz\u00edn\u0171 szikl\u00e1k, szikla\u00edvek \u00e9s krist\u00e1lytiszta v\u00edz.<br data-start=\"3903\" data-end=\"3906\"\/><strong data-start=\"3906\" data-end=\"3917\">Indul\u00e1si pont:<\/strong> Praia do Camilo vagy Praia Dona Ana.<br data-start=\"3952\" data-end=\"3955\"\/><strong data-start=\"3955\" data-end=\"3969\">\u00c1rap\u00e1ly\/sz\u00e9l:<\/strong> Hajnalban \u00e9rdemes indulni, amikor nyugodt a v\u00edz \u00e9s gy\u00f6ny\u00f6r\u0171 a f\u00e9ny.<br data-start=\"4021\" data-end=\"4024\"\/>\ud83d\udc49 <a class=\"decorated-link\" href=\"https:\/\/maps.app.goo.gl\/ZbfPs1HAYNddooh26\" target=\"_blank\" rel=\"noopener\" data-start=\"4027\" data-end=\"4070\">Hely a t\u00e9rk\u00e9pen<\/a><\/p>\t\t\t\t\t\t\t\t<\/div>\n\t\t\t\t<\/div>\n\t\t\t\t<div class=\"elementor-element elementor-element-41ecdeff elementor-widget elementor-widget-image\" data-id=\"41ecdeff\" data-element_type=\"widget\" data-e-type=\"widget\" data-widget_type=\"image.default\">\n\t\t\t\t<div class=\"elementor-widget-container\">\n\t\t\t\t\t\t\t\t\t\t\t\t\t\t\t<img loading=\"lazy\" decoding=\"async\" width=\"800\" height=\"223\" src=\"https:\/\/oceancamper.com\/wp-content\/uploads\/2020\/12\/ponta-da-piedade-sup-algarve-1.jpg\" class=\"attachment-large size-large wp-image-208125\" alt=\"SUP-t\u00far\u00e1k \u00e9s haj\u00f3kir\u00e1ndul\u00e1sok a Ponta da Piedade-n\u00e9l, Lagosban, az Algarve-on: aranysz\u00edn\u0171 szikl\u00e1k, szikla\u00edvek \u00e9s t\u00fcrkizk\u00e9k v\u00edz.\" srcset=\"https:\/\/oceancamper.com\/wp-content\/uploads\/2020\/12\/ponta-da-piedade-sup-algarve-1.jpg 960w, https:\/\/oceancamper.com\/wp-content\/uploads\/2020\/12\/ponta-da-piedade-sup-algarve-1-300x83.jpg 300w, https:\/\/oceancamper.com\/wp-content\/uploads\/2020\/12\/ponta-da-piedade-sup-algarve-1-768x214.jpg 768w, https:\/\/oceancamper.com\/wp-content\/uploads\/2020\/12\/ponta-da-piedade-sup-algarve-1-240x67.jpg 240w\" sizes=\"(max-width: 800px) 100vw, 800px\" \/>\t\t\t\t\t\t\t\t\t\t\t\t\t\t\t<\/div>\n\t\t\t\t<\/div>\n\t\t\t\t<div class=\"elementor-element elementor-element-78d74af elementor-widget elementor-widget-text-editor\" data-id=\"78d74af\" data-element_type=\"widget\" data-e-type=\"widget\" data-widget_type=\"text-editor.default\">\n\t\t\t\t<div class=\"elementor-widget-container\">\n\t\t\t\t\t\t\t\t\t<p><em data-start=\"55\" data-end=\"104\">\u201ePonta da Piedade pano.jpg\u201d<\/em> c\u00edm\u0171 fot\u00f3, szerz\u0151: <a class=\"mw-redirect\" title=\"Felhaszn\u00e1l\u00f3:Dicklyon\" href=\"https:\/\/commons.wikimedia.org\/wiki\/User:Dicklyon\">Dicklyon<\/a>, <a class=\"decorated-link\" href=\"https:\/\/commons.wikimedia.org\/wiki\/File:Ponta_da_Piedade_pano.jpg\" target=\"_blank\" rel=\"noopener\" data-start=\"136\" data-end=\"193\">CC BY 2.0<\/a> licenc alapj\u00e1n.<\/p>\t\t\t\t\t\t\t\t<\/div>\n\t\t\t\t<\/div>\n\t\t\t\t\t<\/div>\n\t\t<\/div>\n\t\t\t\t\t<\/div>\n\t\t<\/section>\n\t\t\t\t<section class=\"elementor-section elementor-top-section elementor-element elementor-element-7e4a9cbe elementor-section-stretched elementor-section-boxed elementor-section-height-default elementor-section-height-default\" data-id=\"7e4a9cbe\" data-element_type=\"section\" data-e-type=\"section\" id=\"milfontes\" data-settings=\"{&quot;stretch_section&quot;:&quot;section-stretched&quot;,&quot;background_background&quot;:&quot;classic&quot;}\">\n\t\t\t\t\t\t<div class=\"elementor-container elementor-column-gap-default\">\n\t\t\t\t\t<div class=\"elementor-column elementor-col-100 elementor-top-column elementor-element elementor-element-4427078b\" data-id=\"4427078b\" data-element_type=\"column\" data-e-type=\"column\">\n\t\t\t<div class=\"elementor-widget-wrap elementor-element-populated\">\n\t\t\t\t\t\t<div class=\"elementor-element elementor-element-48c9fd0e elementor-widget elementor-widget-heading\" data-id=\"48c9fd0e\" data-element_type=\"widget\" data-e-type=\"widget\" data-widget_type=\"heading.default\">\n\t\t\t\t<div class=\"elementor-widget-container\">\n\t\t\t\t\t<h2 class=\"elementor-heading-title elementor-size-default\">\ud83c\udfde\ufe0f 7. Vila Nova de Milfontes - Mira foly\u00f3 (Alentejo) <\/h2>\t\t\t\t<\/div>\n\t\t\t\t<\/div>\n\t\t\t\t<div class=\"elementor-element elementor-element-7eb7ad3c elementor-widget elementor-widget-text-editor\" data-id=\"7eb7ad3c\" data-element_type=\"widget\" data-e-type=\"widget\" data-widget_type=\"text-editor.default\">\n\t\t\t\t<div class=\"elementor-widget-container\">\n\t\t\t\t\t\t\t\t\t<p><strong data-start=\"4139\" data-end=\"4149\">Szint:<\/strong> Kezd\u0151+<br data-start=\"4159\" data-end=\"4162\"\/><strong data-start=\"4162\" data-end=\"4177\">F\u0151bb l\u00e1tnival\u00f3k:<\/strong> Nyugodt evez\u00e9s a foly\u00f3n, d\u0171n\u00e9kkel \u00e9s v\u00e1rosi kil\u00e1t\u00e1ssal.<br data-start=\"4224\" data-end=\"4227\"\/><strong data-start=\"4227\" data-end=\"4238\">Indul\u00e1si pont:<\/strong> A falu k\u00f6zel\u00e9ben l\u00e9v\u0151 foly\u00f3parti strand.<br data-start=\"4268\" data-end=\"4271\"\/><strong data-start=\"4271\" data-end=\"4281\">Ker\u00fclend\u0151:<\/strong> A foly\u00f3 torkolata \u2014 er\u0151s az \u00e1ramlat.<br data-start=\"4320\" data-end=\"4323\"\/>\ud83d\udc49 <a class=\"decorated-link\" href=\"https:\/\/maps.app.goo.gl\/fw6mrCUfYTXXV1aw8\" target=\"_blank\" rel=\"noopener\" data-start=\"4326\" data-end=\"4369\">Hely a t\u00e9rk\u00e9pen<\/a><\/p>\t\t\t\t\t\t\t\t<\/div>\n\t\t\t\t<\/div>\n\t\t\t\t<div class=\"elementor-element elementor-element-6c53d04c elementor-widget elementor-widget-image\" data-id=\"6c53d04c\" data-element_type=\"widget\" data-e-type=\"widget\" data-widget_type=\"image.default\">\n\t\t\t\t<div class=\"elementor-widget-container\">\n\t\t\t\t\t\t\t\t\t\t\t\t\t\t\t<img loading=\"lazy\" decoding=\"async\" width=\"800\" height=\"600\" src=\"https:\/\/oceancamper.com\/wp-content\/uploads\/2020\/12\/vila-nova-de-milfontes-sup-portugal.jpg\" class=\"attachment-large size-large wp-image-208121\" alt=\"Kil\u00e1t\u00e1s Vila Nova de Milfontesre, Alentejo, Portug\u00e1lia: foly\u00f3part t\u00fcrkizk\u00e9k v\u00edzzel, szikl\u00e1kkal \u00e9s a part felett magasod\u00f3 feh\u00e9r h\u00e1zakkal.\" srcset=\"https:\/\/oceancamper.com\/wp-content\/uploads\/2020\/12\/vila-nova-de-milfontes-sup-portugal.jpg 800w, https:\/\/oceancamper.com\/wp-content\/uploads\/2020\/12\/vila-nova-de-milfontes-sup-portugal-300x225.jpg 300w, https:\/\/oceancamper.com\/wp-content\/uploads\/2020\/12\/vila-nova-de-milfontes-sup-portugal-768x576.jpg 768w, https:\/\/oceancamper.com\/wp-content\/uploads\/2020\/12\/vila-nova-de-milfontes-sup-portugal-240x180.jpg 240w\" sizes=\"(max-width: 800px) 100vw, 800px\" \/>\t\t\t\t\t\t\t\t\t\t\t\t\t\t\t<\/div>\n\t\t\t\t<\/div>\n\t\t\t\t<div class=\"elementor-element elementor-element-1bb929c elementor-widget elementor-widget-text-editor\" data-id=\"1bb929c\" data-element_type=\"widget\" data-e-type=\"widget\" data-widget_type=\"text-editor.default\">\n\t\t\t\t<div class=\"elementor-widget-container\">\n\t\t\t\t\t\t\t\t\t<p>\u201eVila Nova de Milfontes.jpg\u201d c\u00edm\u0171 f\u00e9nyk\u00e9p, szerz\u0151: Francisco Santos (Xuaxo), <a class=\"decorated-link cursor-pointer\" href=\"https:\/\/commons.wikimedia.org\/wiki\/File:Vila_Nova_de_Milfontes.jpg\" target=\"_blank\" rel=\"noopener\" data-start=\"81\" data-end=\"144\">CC BY-SA 3.0<\/a> licenc alapj\u00e1n<\/p>\t\t\t\t\t\t\t\t<\/div>\n\t\t\t\t<\/div>\n\t\t\t\t\t<\/div>\n\t\t<\/div>\n\t\t\t\t\t<\/div>\n\t\t<\/section>\n\t\t\t\t<section class=\"elementor-section elementor-top-section elementor-element elementor-element-19ee9ca1 elementor-section-stretched elementor-section-boxed elementor-section-height-default elementor-section-height-default\" data-id=\"19ee9ca1\" data-element_type=\"section\" data-e-type=\"section\" id=\"arade\" data-settings=\"{&quot;stretch_section&quot;:&quot;section-stretched&quot;,&quot;background_background&quot;:&quot;classic&quot;}\">\n\t\t\t\t\t\t<div class=\"elementor-container elementor-column-gap-default\">\n\t\t\t\t\t<div class=\"elementor-column elementor-col-100 elementor-top-column elementor-element elementor-element-317e2be1\" data-id=\"317e2be1\" data-element_type=\"column\" data-e-type=\"column\">\n\t\t\t<div class=\"elementor-widget-wrap elementor-element-populated\">\n\t\t\t\t\t\t<div class=\"elementor-element elementor-element-705ec91b elementor-widget elementor-widget-heading\" data-id=\"705ec91b\" data-element_type=\"widget\" data-e-type=\"widget\" data-widget_type=\"heading.default\">\n\t\t\t\t<div class=\"elementor-widget-container\">\n\t\t\t\t\t<h2 class=\"elementor-heading-title elementor-size-default\">\ud83c\udf3f 8. Barragem do Arade - Erdei t\u00f3 <\/h2>\t\t\t\t<\/div>\n\t\t\t\t<\/div>\n\t\t\t\t<div class=\"elementor-element elementor-element-26902f37 elementor-widget elementor-widget-text-editor\" data-id=\"26902f37\" data-element_type=\"widget\" data-e-type=\"widget\" data-widget_type=\"text-editor.default\">\n\t\t\t\t<div class=\"elementor-widget-container\">\n\t\t\t\t\t\t\t\t\t<p><strong data-start=\"4422\" data-end=\"4432\">Szint:<\/strong> Kezd\u0151<br data-start=\"4441\" data-end=\"4444\"\/><strong data-start=\"4444\" data-end=\"4459\">F\u0151bb l\u00e1tnival\u00f3k:<\/strong> B\u00e9k\u00e9s evez\u00e9s s\u00edk v\u00edzen, feny\u0151f\u00e1k k\u00f6z\u00f6tt.<br data-start=\"4514\" data-end=\"4517\"\/><strong data-start=\"4517\" data-end=\"4528\">Megk\u00f6zel\u00edt\u00e9s:<\/strong> Partr\u00f3l val\u00f3 v\u00edzre sz\u00e1ll\u00e1s a f\u0151 g\u00e1t bej\u00e1rat\u00e1nak k\u00f6zel\u00e9ben.<br data-start=\"4567\" data-end=\"4570\"\/><strong data-start=\"4570\" data-end=\"4580\">Megjegyz\u00e9sek:<\/strong> Vigyen mag\u00e1val vizet \u00e9s harapnival\u00f3t \u2013 a k\u00f6zelben nincsenek szolg\u00e1ltat\u00e1sok.<br data-start=\"4625\" data-end=\"4628\"\/>\ud83d\udc49 <a class=\"decorated-link\" href=\"https:\/\/goo.gl\/maps\/W1rKMB2PJqvU1rJaA\" target=\"_blank\" rel=\"noopener\" data-start=\"4631\" data-end=\"4674\">Hely a t\u00e9rk\u00e9pen<\/a><\/p>\t\t\t\t\t\t\t\t<\/div>\n\t\t\t\t<\/div>\n\t\t\t\t<div class=\"elementor-element elementor-element-eac133b elementor-widget elementor-widget-image\" data-id=\"eac133b\" data-element_type=\"widget\" data-e-type=\"widget\" data-widget_type=\"image.default\">\n\t\t\t\t<div class=\"elementor-widget-container\">\n\t\t\t\t\t\t\t\t\t\t\t\t\t\t\t<img loading=\"lazy\" decoding=\"async\" width=\"800\" height=\"600\" src=\"https:\/\/oceancamper.com\/wp-content\/uploads\/2020\/12\/algarve-lakes-sup.jpg\" class=\"attachment-large size-large wp-image-206959\" alt=\"Paddleboarding Algarve tavak SUP Algarve Barragem do Arade\" srcset=\"https:\/\/oceancamper.com\/wp-content\/uploads\/2020\/12\/algarve-lakes-sup.jpg 1024w, https:\/\/oceancamper.com\/wp-content\/uploads\/2020\/12\/algarve-lakes-sup-300x225.jpg 300w, https:\/\/oceancamper.com\/wp-content\/uploads\/2020\/12\/algarve-lakes-sup-768x576.jpg 768w\" sizes=\"(max-width: 800px) 100vw, 800px\" \/>\t\t\t\t\t\t\t\t\t\t\t\t\t\t\t<\/div>\n\t\t\t\t<\/div>\n\t\t\t\t\t<\/div>\n\t\t<\/div>\n\t\t\t\t\t<\/div>\n\t\t<\/section>\n\t\t\t\t<section class=\"elementor-section elementor-top-section elementor-element elementor-element-4752571 elementor-section-stretched elementor-section-boxed elementor-section-height-default elementor-section-height-default\" data-id=\"4752571\" data-element_type=\"section\" data-e-type=\"section\" id=\"funcho\" data-settings=\"{&quot;stretch_section&quot;:&quot;section-stretched&quot;,&quot;background_background&quot;:&quot;classic&quot;}\">\n\t\t\t\t\t\t<div class=\"elementor-container elementor-column-gap-default\">\n\t\t\t\t\t<div class=\"elementor-column elementor-col-100 elementor-top-column elementor-element elementor-element-cfe1336\" data-id=\"cfe1336\" data-element_type=\"column\" data-e-type=\"column\">\n\t\t\t<div class=\"elementor-widget-wrap elementor-element-populated\">\n\t\t\t\t\t\t<div class=\"elementor-element elementor-element-47c36e0 elementor-widget elementor-widget-heading\" data-id=\"47c36e0\" data-element_type=\"widget\" data-e-type=\"widget\" data-widget_type=\"heading.default\">\n\t\t\t\t<div class=\"elementor-widget-container\">\n\t\t\t\t\t<h2 class=\"elementor-heading-title elementor-size-default\">\ud83c\udf3f 9. Barragem do Funcho - Csendes v\u00edzt\u00e1roz\u00f3 <\/h2>\t\t\t\t<\/div>\n\t\t\t\t<\/div>\n\t\t\t\t<div class=\"elementor-element elementor-element-9b9bbaa elementor-widget elementor-widget-text-editor\" data-id=\"9b9bbaa\" data-element_type=\"widget\" data-e-type=\"widget\" data-widget_type=\"text-editor.default\">\n\t\t\t\t<div class=\"elementor-widget-container\">\n\t\t\t\t\t\t\t\t\t<p><strong data-start=\"5218\" data-end=\"5228\">Szint:<\/strong> Kezd\u0151<br data-start=\"5237\" data-end=\"5240\"\/><strong data-start=\"5240\" data-end=\"5255\">F\u0151bb l\u00e1tnival\u00f3k:<\/strong> Hossz\u00fa, nyugodt evez\u00e9sek; mad\u00e1rvil\u00e1g.<br data-start=\"5289\" data-end=\"5292\"\/><strong data-start=\"5292\" data-end=\"5303\">Indul\u00e1s:<\/strong> Nyilv\u00e1nos besz\u00e1ll\u00e1si pontok a parton.<br data-start=\"5338\" data-end=\"5341\"\/><strong data-start=\"5341\" data-end=\"5355\">\u00c1rap\u00e1ly\/sz\u00e9l:<\/strong> Nincs; ker\u00fclj\u00fck a szeles d\u00e9lut\u00e1nokat.<br data-start=\"5384\" data-end=\"5387\"\/><strong data-start=\"5387\" data-end=\"5405\">Parkol\u00e1s\/Megjegyz\u00e9sek:<\/strong> Elz\u00e1rt hely; vigy\u00fcnk magunkkal vizet \u00e9s harapnival\u00f3t.\ud83d\udc49 <a class=\"decorated-link\" href=\"https:\/\/goo.gl\/maps\/bu2wzmr4zLgRwMq96\" target=\"_blank\" rel=\"noopener\" data-start=\"4884\" data-end=\"4927\">Hely a t\u00e9rk\u00e9pen<\/a><\/p>\t\t\t\t\t\t\t\t<\/div>\n\t\t\t\t<\/div>\n\t\t\t\t<div class=\"elementor-element elementor-element-bfcc950 elementor-widget elementor-widget-image\" data-id=\"bfcc950\" data-element_type=\"widget\" data-e-type=\"widget\" data-widget_type=\"image.default\">\n\t\t\t\t<div class=\"elementor-widget-container\">\n\t\t\t\t\t\t\t\t\t\t\t\t\t\t\t<img loading=\"lazy\" decoding=\"async\" width=\"800\" height=\"528\" src=\"https:\/\/oceancamper.com\/wp-content\/uploads\/2020\/12\/barragem-do-funcho-sup-algarve.jpg\" class=\"attachment-large size-large wp-image-208122\" alt=\"A Funcho-g\u00e1t Silvesben, az Algarve-on, Portug\u00e1li\u00e1ban: egy b\u00e9k\u00e9s t\u00f3, amelyet dombok \u00e9s k\u00e9k \u00e9g vesz k\u00f6r\u00fcl, ide\u00e1lis hely a sz\u00f6rf\u00f6z\u00e9shez.\" srcset=\"https:\/\/oceancamper.com\/wp-content\/uploads\/2020\/12\/barragem-do-funcho-sup-algarve.jpg 960w, https:\/\/oceancamper.com\/wp-content\/uploads\/2020\/12\/barragem-do-funcho-sup-algarve-300x198.jpg 300w, https:\/\/oceancamper.com\/wp-content\/uploads\/2020\/12\/barragem-do-funcho-sup-algarve-768x507.jpg 768w, https:\/\/oceancamper.com\/wp-content\/uploads\/2020\/12\/barragem-do-funcho-sup-algarve-240x159.jpg 240w\" sizes=\"(max-width: 800px) 100vw, 800px\" \/>\t\t\t\t\t\t\t\t\t\t\t\t\t\t\t<\/div>\n\t\t\t\t<\/div>\n\t\t\t\t<div class=\"elementor-element elementor-element-a6c1378 elementor-widget elementor-widget-text-editor\" data-id=\"a6c1378\" data-element_type=\"widget\" data-e-type=\"widget\" data-widget_type=\"text-editor.default\">\n\t\t\t\t<div class=\"elementor-widget-container\">\n\t\t\t\t\t\t\t\t\t<p>Fot\u00f3: \u201eA Funcho-g\u00e1t az Arade foly\u00f3n, Silves, Portug\u00e1lia (PPL1-korrig\u00e1lt) julesvernex2.jpg\u201d \u2013 Jules Verne Times Two \/ <a href=\"https:\/\/www.julesvernex2.com\" target=\"_blank\" rel=\"noopener\">julesvernex2.com<\/a>, <a class=\"decorated-link cursor-pointer\" href=\"https:\/\/commons.wikimedia.org\/wiki\/File%3AFuncho_dam_on_the_Arade_river%2C_Silves%2C_Portugal_%28PPL1-Corrected%29_julesvernex2.jpg?utm_source=chatgpt.com\" target=\"_blank\" rel=\"noopener\" data-start=\"152\" data-end=\"215\">CC BY-SA 4.0<\/a> licenc alapj\u00e1n.<\/p>\t\t\t\t\t\t\t\t<\/div>\n\t\t\t\t<\/div>\n\t\t\t\t\t<\/div>\n\t\t<\/div>\n\t\t\t\t\t<\/div>\n\t\t<\/section>\n\t\t\t\t<section class=\"elementor-section elementor-top-section elementor-element elementor-element-c86ba99 elementor-section-stretched elementor-section-boxed elementor-section-height-default elementor-section-height-default\" data-id=\"c86ba99\" data-element_type=\"section\" data-e-type=\"section\" id=\"clara\" data-settings=\"{&quot;stretch_section&quot;:&quot;section-stretched&quot;,&quot;background_background&quot;:&quot;classic&quot;}\">\n\t\t\t\t\t\t<div class=\"elementor-container elementor-column-gap-default\">\n\t\t\t\t\t<div class=\"elementor-column elementor-col-100 elementor-top-column elementor-element elementor-element-331984c\" data-id=\"331984c\" data-element_type=\"column\" data-e-type=\"column\">\n\t\t\t<div class=\"elementor-widget-wrap elementor-element-populated\">\n\t\t\t\t\t\t<div class=\"elementor-element elementor-element-03b5675 elementor-widget elementor-widget-heading\" data-id=\"03b5675\" data-element_type=\"widget\" data-e-type=\"widget\" data-widget_type=\"heading.default\">\n\t\t\t\t<div class=\"elementor-widget-container\">\n\t\t\t\t\t<h2 class=\"elementor-heading-title elementor-size-default\">\ud83c\udf3f 10. Barragem de Santa Clara - A rejtett dr\u00e1gak\u0151 <\/h2>\t\t\t\t<\/div>\n\t\t\t\t<\/div>\n\t\t\t\t<div class=\"elementor-element elementor-element-0f5cb52 elementor-widget elementor-widget-text-editor\" data-id=\"0f5cb52\" data-element_type=\"widget\" data-e-type=\"widget\" data-widget_type=\"text-editor.default\">\n\t\t\t\t<div class=\"elementor-widget-container\">\n\t\t\t\t\t\t\t\t\t<p><strong data-start=\"5478\" data-end=\"5488\">Szint:<\/strong> Kezd\u0151<br data-start=\"5497\" data-end=\"5500\"><strong data-start=\"5500\" data-end=\"5515\">Kiemelt pontok:<\/strong> A r\u00e9gi\u00f3 egyik legnagyobb tava; hatalmas, nyugodt v\u00edz.<br data-start=\"5573\" data-end=\"5576\"><strong data-start=\"5576\" data-end=\"5587\">Ind\u00edt\u00e1s:<\/strong> T\u00f6bb r\u00e1mpa\/\u00f6b\u00f6l.<br data-start=\"5609\" data-end=\"5612\"><strong data-start=\"5612\" data-end=\"5626\">Dag\u00e1ly\/sz\u00e9l: N\/A;<\/strong> a legjobb sz\u00e9lcsendes napokon.<br data-start=\"5650\" data-end=\"5653\"><strong data-start=\"5653\" data-end=\"5671\">Parkol\u00e1s\/jegyzetek:<\/strong> Eg\u00e9sz napos piknikez\u00e9shez kiv\u00e1l\u00f3an alkalmas. \ud83d\udc49 <a class=\"decorated-link\" href=\"https:\/\/goo.gl\/maps\/SKPqn8U6nQXm7tX66\" target=\"_blank\" rel=\"noopener\" data-start=\"5155\" data-end=\"5198\">Helysz\u00edn<\/a> a t\u00e9rk\u00e9pen <\/p>\t\t\t\t\t\t\t\t<\/div>\n\t\t\t\t<\/div>\n\t\t\t\t<div class=\"elementor-element elementor-element-0d3a8a0 elementor-widget elementor-widget-image\" data-id=\"0d3a8a0\" data-element_type=\"widget\" data-e-type=\"widget\" data-widget_type=\"image.default\">\n\t\t\t\t<div class=\"elementor-widget-container\">\n\t\t\t\t\t\t\t\t\t\t\t\t\t\t\t<img loading=\"lazy\" decoding=\"async\" width=\"800\" height=\"353\" src=\"https:\/\/oceancamper.com\/wp-content\/uploads\/2020\/12\/barragem-de-santa-clara-sup-alentejo.jpg\" class=\"attachment-large size-large wp-image-208123\" alt=\"A portug\u00e1liai Alentejo r\u00e9gi\u00f3ban tal\u00e1lhat\u00f3 Santa Clara-g\u00e1t: nyugodt, k\u00e9k t\u00f3, amelyet hull\u00e1mz\u00f3 z\u00f6ld dombok \u00e9s vid\u00e9ki t\u00e1j vesz k\u00f6r\u00fcl.\" srcset=\"https:\/\/oceancamper.com\/wp-content\/uploads\/2020\/12\/barragem-de-santa-clara-sup-alentejo.jpg 960w, https:\/\/oceancamper.com\/wp-content\/uploads\/2020\/12\/barragem-de-santa-clara-sup-alentejo-300x132.jpg 300w, https:\/\/oceancamper.com\/wp-content\/uploads\/2020\/12\/barragem-de-santa-clara-sup-alentejo-768x338.jpg 768w, https:\/\/oceancamper.com\/wp-content\/uploads\/2020\/12\/barragem-de-santa-clara-sup-alentejo-240x106.jpg 240w\" sizes=\"(max-width: 800px) 100vw, 800px\" \/>\t\t\t\t\t\t\t\t\t\t\t\t\t\t\t<\/div>\n\t\t\t\t<\/div>\n\t\t\t\t<div class=\"elementor-element elementor-element-ec8deaa elementor-widget elementor-widget-text-editor\" data-id=\"ec8deaa\" data-element_type=\"widget\" data-e-type=\"widget\" data-widget_type=\"text-editor.default\">\n\t\t\t\t<div class=\"elementor-widget-container\">\n\t\t\t\t\t\t\t\t\t<p>\u201eBarragem de Santa Clara Alentejo (2264826229).jpg\u201d c\u00edm\u0171 f\u00e9nyk\u00e9p, szerz\u0151: Guy MOLL, <a class=\"decorated-link\" href=\"https:\/\/commons.wikimedia.org\/wiki\/File:Barragem_de_Santa_Clara_Alentejo_(2264826229).jpg\" target=\"_blank\" rel=\"noopener\" data-start=\"88\" data-end=\"145\">CC BY 2.0<\/a> licenc alapj\u00e1n<\/p>\t\t\t\t\t\t\t\t<\/div>\n\t\t\t\t<\/div>\n\t\t\t\t\t<\/div>\n\t\t<\/div>\n\t\t\t\t\t<\/div>\n\t\t<\/section>\n\t\t\t\t<section class=\"elementor-section elementor-top-section elementor-element elementor-element-ed51ce5 elementor-section-stretched elementor-section-boxed elementor-section-height-default elementor-section-height-default\" data-id=\"ed51ce5\" data-element_type=\"section\" data-e-type=\"section\" id=\"tips\" data-settings=\"{&quot;stretch_section&quot;:&quot;section-stretched&quot;,&quot;background_background&quot;:&quot;classic&quot;}\">\n\t\t\t\t\t\t<div class=\"elementor-container elementor-column-gap-default\">\n\t\t\t\t\t<div class=\"elementor-column elementor-col-100 elementor-top-column elementor-element elementor-element-c41125f\" data-id=\"c41125f\" data-element_type=\"column\" data-e-type=\"column\">\n\t\t\t<div class=\"elementor-widget-wrap elementor-element-populated\">\n\t\t\t\t\t\t<div class=\"elementor-element elementor-element-78e5e760 elementor-widget elementor-widget-heading\" data-id=\"78e5e760\" data-element_type=\"widget\" data-e-type=\"widget\" data-widget_type=\"heading.default\">\n\t\t\t\t<div class=\"elementor-widget-container\">\n\t\t\t\t\t<h2 class=\"elementor-heading-title elementor-size-default\">Mit kell csomagolni (gyors ellen\u0151rz\u0151 lista)<\/h2>\t\t\t\t<\/div>\n\t\t\t\t<\/div>\n\t\t\t\t<div class=\"elementor-element elementor-element-ba2b1fa elementor-widget elementor-widget-text-editor\" data-id=\"ba2b1fa\" data-element_type=\"widget\" data-e-type=\"widget\" data-widget_type=\"text-editor.default\">\n\t\t\t\t<div class=\"elementor-widget-container\">\n\t\t\t\t\t\t\t\t\t<ul><li data-start=\"6106\" data-end=\"6146\">Felf\u00fajhat\u00f3 SUP + p\u00f3r\u00e1z + evez\u0151 + pumpa<\/li><li data-start=\"6149\" data-end=\"6199\">PFD (ment\u0151mell\u00e9ny) aj\u00e1nlott, k\u00fcl\u00f6n\u00f6sen a gyerekek sz\u00e1m\u00e1ra.<\/li><li data-start=\"6202\" data-end=\"6244\">Reef-safe naptej, kalap, v\u00edz, sz\u00e1raz t\u00e1ska<\/li><li data-start=\"6247\" data-end=\"6295\">Telefon v\u00edz\u00e1ll\u00f3 tokban; kis els\u0151seg\u00e9lycsomag<\/li><li data-start=\"6298\" data-end=\"6338\">B\u00fav\u00e1rruha (szezont\u00f3l f\u00fcgg\u0151en) \/ ki\u00fct\u00e9sv\u00e9d\u0151<\/li><li data-start=\"6341\" data-end=\"6373\">Fejl\u00e1mpa, ha napfelkelte el\u0151tt indulunk<\/li><\/ul>\t\t\t\t\t\t\t\t<\/div>\n\t\t\t\t<\/div>\n\t\t\t\t<div class=\"elementor-element elementor-element-2aadde1 elementor-widget elementor-widget-heading\" data-id=\"2aadde1\" data-element_type=\"widget\" data-e-type=\"widget\" data-widget_type=\"heading.default\">\n\t\t\t\t<div class=\"elementor-widget-container\">\n\t\t\t\t\t<h2 class=\"elementor-heading-title elementor-size-default\">\u26a0\ufe0f Biztons\u00e1gi tippek a portug\u00e1liai paddleboardoz\u00e1shoz<\/h2>\t\t\t\t<\/div>\n\t\t\t\t<\/div>\n\t\t\t\t<div class=\"elementor-element elementor-element-e651918 elementor-widget elementor-widget-text-editor\" data-id=\"e651918\" data-element_type=\"widget\" data-e-type=\"widget\" data-widget_type=\"text-editor.default\">\n\t\t\t\t<div class=\"elementor-widget-container\">\n\t\t\t\t\t\t\t\t\t<ul><li data-start=\"5261\" data-end=\"5325\"><strong data-start=\"5264\" data-end=\"5274\">\ud83c\udf0a \u00d3ce\u00e1n:<\/strong> Ker\u00fclje az evez\u00e9st er\u0151s sz\u00e9l vagy nagy hull\u00e1mz\u00e1s idej\u00e9n.<\/li><li data-start=\"5328\" data-end=\"5419\">\ud83c\udf2c\ufe0f <strong data-start=\"5332\" data-end=\"5343\">Rivers:<\/strong> Soha ne menjen olyan ter\u00fcletre, ahol a foly\u00f3 az \u00f3ce\u00e1nba torkollik &#8211; az \u00e1ramlatok vesz\u00e9lyesek.<\/li><li data-start=\"5422\" data-end=\"5490\">\ud83d\udca6 Fogasker\u00e9k: Mindig viselj p\u00f3r\u00e1zt \u00e9s lehet\u0151leg PFD-t (ment\u0151mell\u00e9nyt).<\/li><li data-start=\"5493\" data-end=\"5558\">\ud83c\udf24\ufe0f <strong data-start=\"5497\" data-end=\"5508\">Id\u0151z\u00edt\u00e9s:<\/strong> D\u00e9lel\u0151tt a legnyugodtabb; d\u00e9lut\u00e1n szeles lehet.<\/li><li data-start=\"5561\" data-end=\"5641\"><strong data-start=\"5564\" data-end=\"5583\">\ud83d\udd06 Napv\u00e9delem:<\/strong> Napv\u00e9delem: kalap, naptej, napszem\u00fcveg p\u00e1nttal, sok v\u00edz.<\/li><\/ul>\t\t\t\t\t\t\t\t<\/div>\n\t\t\t\t<\/div>\n\t\t\t\t<div class=\"elementor-element elementor-element-b9c72b1 elementor-widget elementor-widget-heading\" data-id=\"b9c72b1\" data-element_type=\"widget\" data-e-type=\"widget\" data-widget_type=\"heading.default\">\n\t\t\t\t<div class=\"elementor-widget-container\">\n\t\t\t\t\t<h2 class=\"elementor-heading-title elementor-size-default\">\ud83c\udfc4\u200d\u2642\ufe0f GYIK - Paddleboarding Algarve-ban<\/h2>\t\t\t\t<\/div>\n\t\t\t\t<\/div>\n\t\t\t\t<div class=\"elementor-element elementor-element-6d8397b elementor-widget elementor-widget-text-editor\" data-id=\"6d8397b\" data-element_type=\"widget\" data-e-type=\"widget\" data-widget_type=\"text-editor.default\">\n\t\t\t\t<div class=\"elementor-widget-container\">\n\t\t\t\t\t\t\t\t\t<h4 data-start=\"331\" data-end=\"375\">\u2753 Lehet-e a Benagil barlangban evezni?<\/h4><p data-start=\"376\" data-end=\"604\">Nem. A biztons\u00e1g \u00e9s a k\u00f6rnyezetv\u00e9delem \u00e9rdek\u00e9ben <strong data-start=\"421\" data-end=\"503\">a Benagil barlangban m\u00e1r nem enged\u00e9lyezett az egy\u00e9ni evez\u00e9s vagy kajakoz\u00e1s.<\/strong> Tov\u00e1bbra is l\u00e1togathat\u00f3 <strong data-start=\"531\" data-end=\"560\">vezetett SUP- vagy kajakt\u00far\u00e1k<\/strong> keret\u00e9ben <strong data-start=\"531\" data-end=\"560\">,<\/strong> amelyek az egyetlen leg\u00e1lis \u00e9s biztons\u00e1gos lehet\u0151s\u00e9gek.  <\/p>\t\t\t\t\t\t\t\t<\/div>\n\t\t\t\t<\/div>\n\t\t\t\t<div class=\"elementor-element elementor-element-58dcab1 elementor-widget elementor-widget-text-editor\" data-id=\"58dcab1\" data-element_type=\"widget\" data-e-type=\"widget\" data-widget_type=\"text-editor.default\">\n\t\t\t\t<div class=\"elementor-widget-container\">\n\t\t\t\t\t\t\t\t\t<h4 data-start=\"611\" data-end=\"675\">\u2753 Mi a legjobb napszak a paddleboardoz\u00e1sra Algarve-ban?<\/h4><p data-start=\"676\" data-end=\"882\"><strong data-start=\"676\" data-end=\"713\">A kora reggeli \u00f3r\u00e1k (napkelt\u00e9t\u0151l 10 \u00f3r\u00e1ig)<\/strong> a legalkalmasabbak \u2013 ilyenkor sz\u00e9lcsend van, a v\u00edz t\u00fck\u00f6rsima, \u00e9s a haj\u00f3forgalom is minim\u00e1lis.<br data-start=\"792\" data-end=\"795\"\/>D\u00e9lut\u00e1n gyakran er\u0151sebb \u00e9szaknyugati sz\u00e9l f\u00faj, k\u00fcl\u00f6n\u00f6sen <strong data-start=\"860\" data-end=\"881\">j\u00faniust\u00f3l szeptemberig<\/strong>.<\/p>\t\t\t\t\t\t\t\t<\/div>\n\t\t\t\t<\/div>\n\t\t\t\t<div class=\"elementor-element elementor-element-5215423 elementor-widget elementor-widget-text-editor\" data-id=\"5215423\" data-element_type=\"widget\" data-e-type=\"widget\" data-widget_type=\"text-editor.default\">\n\t\t\t\t<div class=\"elementor-widget-container\">\n\t\t\t\t\t\t\t\t\t<h4 data-start=\"889\" data-end=\"946\">\u2753 Sz\u00fcks\u00e9gem van-e b\u00fav\u00e1rruh\u00e1ra a portug\u00e1liai paddleboardoz\u00e1shoz?<\/h4><p data-start=\"947\" data-end=\"974\">Az \u00e9vszakt\u00f3l f\u00fcgg:<\/p><ul><li data-start=\"977\" data-end=\"1026\"><strong data-start=\"977\" data-end=\"997\">Tavasz \/ \u0150sz:<\/strong> mm-es b\u00fav\u00e1rruha aj\u00e1nlott<\/li><li data-start=\"1029\" data-end=\"1061\"><strong data-start=\"1029\" data-end=\"1040\">Ny\u00e1r: r\u00f6vidnadr\u00e1g<\/strong> vagy f\u00fcrd\u0151ruha<\/li><li data-start=\"1064\" data-end=\"1186\"><strong data-start=\"1064\" data-end=\"1075\">T\u00e9len:<\/strong> 4\/3 mm-es, ha hosszabb ideig maradsz a v\u00edzben<br data-start=\"1114\" data-end=\"1117\"\/>A v\u00edz h\u0151m\u00e9rs\u00e9klete <strong data-start=\"1147\" data-end=\"1185\">tavasszal 16 \u00b0C, ny\u00e1ron pedig 23 \u00b0C k\u00f6z\u00f6tt<\/strong> mozog<\/li><\/ul>\t\t\t\t\t\t\t\t<\/div>\n\t\t\t\t<\/div>\n\t\t\t\t<div class=\"elementor-element elementor-element-b491614 elementor-widget elementor-widget-text-editor\" data-id=\"b491614\" data-element_type=\"widget\" data-e-type=\"widget\" data-widget_type=\"text-editor.default\">\n\t\t\t\t<div class=\"elementor-widget-container\">\n\t\t\t\t\t\t\t\t\t<h4 data-start=\"1193\" data-end=\"1246\">\u2753 Hol vannak a legnyugodtabb SUP helyek Algarve-ban?<\/h4><p data-start=\"1247\" data-end=\"1298\">A kezd\u0151k sz\u00e1m\u00e1ra a nyugodt \u00e9s v\u00e9dett vizek k\u00f6z\u00e9 tartoznak:<\/p><ul><li data-start=\"1301\" data-end=\"1345\"><strong data-start=\"1301\" data-end=\"1316\">Ria Formosa (<\/strong> Faro &#8211; szigetek \u00e9s lag\u00fan\u00e1k)<\/li><li data-start=\"1348\" data-end=\"1423\"><strong data-start=\"1348\" data-end=\"1370\">Barragem do Funcho \u00e9s<\/strong> <strong data-start=\"1375\" data-end=\"1402\">Barragem de Santa Clara (<\/strong> \u00e9desv\u00edzi tavak)<\/li><li data-start=\"1426\" data-end=\"1483\"><strong data-start=\"1426\" data-end=\"1452\">Vila Nova de Milfontes (<\/strong> Mira foly\u00f3 torkolata, Alentejo)<\/li><\/ul>\t\t\t\t\t\t\t\t<\/div>\n\t\t\t\t<\/div>\n\t\t\t\t<div class=\"elementor-element elementor-element-5219366 elementor-widget elementor-widget-text-editor\" data-id=\"5219366\" data-element_type=\"widget\" data-e-type=\"widget\" data-widget_type=\"text-editor.default\">\n\t\t\t\t<div class=\"elementor-widget-container\">\n\t\t\t\t\t\t\t\t\t<h4 data-start=\"1490\" data-end=\"1550\">\u2753 Milyen biztons\u00e1gi tan\u00e1csokat kell k\u00f6vetnem a paddleboardoz\u00e1s sor\u00e1n?<\/h4><ul><li data-start=\"1553\" data-end=\"1601\">Mindig viseljen <strong data-start=\"1567\" data-end=\"1599\">p\u00f3r\u00e1zt \u00e9s felhajt\u00f3erny\u0151t (PFD)<\/strong>.<\/li><li data-start=\"1604\" data-end=\"1654\">Ker\u00fclje a barlangokat, ha hull\u00e1mz\u00e1s <strong data-start=\"1629\" data-end=\"1652\">vagy haj\u00f3hull\u00e1mok<\/strong> vannak.<\/li><li data-start=\"1657\" data-end=\"1703\">Ne menjen be <strong data-start=\"1669\" data-end=\"1685\">a foly\u00f3torkolatokba<\/strong> ap\u00e1ly <strong data-start=\"1669\" data-end=\"1685\">idej\u00e9n<\/strong>.<\/li><li data-start=\"1706\" data-end=\"1773\">Ellen\u0151rizze <strong data-start=\"1712\" data-end=\"1744\">a szelet (&lt; 12 kn<\/strong> <strong data-start=\"1749\" data-end=\"1758\">kezd\u0151knek<\/strong> ) \u00e9s az \u00e1rap\u00e1lyokat, miel\u0151tt elindul.<\/li><li data-start=\"1776\" data-end=\"1832\">Hozzon mag\u00e1val <strong data-start=\"1782\" data-end=\"1832\">vizet, naptejet \u00e9s telefont v\u00edz\u00e1ll\u00f3 tokban<\/strong>.<\/li><\/ul>\t\t\t\t\t\t\t\t<\/div>\n\t\t\t\t<\/div>\n\t\t\t\t<div class=\"elementor-element elementor-element-e2e76c0 elementor-widget elementor-widget-text-editor\" data-id=\"e2e76c0\" data-element_type=\"widget\" data-e-type=\"widget\" data-widget_type=\"text-editor.default\">\n\t\t\t\t<div class=\"elementor-widget-container\">\n\t\t\t\t\t\t\t\t\t<h4 data-start=\"1839\" data-end=\"1878\">\u2753 B\u00e9relhetek paddleboardot Far\u00f3ban?<\/h4><p data-start=\"1879\" data-end=\"2096\">Igen! <strong data-start=\"1884\" data-end=\"1908\">A far\u00f3i Ocean Camper<\/strong> olyan <strong data-start=\"1915\" data-end=\"1934\">felf\u00fajhat\u00f3 SUP-okat<\/strong> k\u00f6lcs\u00f6n\u00f6z, amelyek b\u00e1rmilyen aut\u00f3ba vagy Campervanba bef\u00e9rnek.<br data-start=\"1968\" data-end=\"1971\"\/>Minden k\u00e9szlet tartalmaz egy <strong data-start=\"1991\" data-end=\"2043\">pump\u00e1t, evez\u0151t, biztons\u00e1gi zsin\u00f3rt, v\u00e1laszthat\u00f3 ment\u0151mell\u00e9nyt \u00e9s tet\u0151hevedereket<\/strong> \u2013 \u00edgy t\u00f6k\u00e9letesen alkalmasak az Algarve-part \u00e9s a tavak felfedez\u00e9s\u00e9re.<\/p>\t\t\t\t\t\t\t\t<\/div>\n\t\t\t\t<\/div>\n\t\t\t\t<div class=\"elementor-element elementor-element-f825eb5 elementor-widget elementor-widget-heading\" data-id=\"f825eb5\" data-element_type=\"widget\" data-e-type=\"widget\" data-widget_type=\"heading.default\">\n\t\t\t\t<div class=\"elementor-widget-container\">\n\t\t\t\t\t<h2 class=\"elementor-heading-title elementor-size-default\">Legyen ez egy lak\u00f3kocsis kaland<\/h2>\t\t\t\t<\/div>\n\t\t\t\t<\/div>\n\t\t\t\t<div class=\"elementor-element elementor-element-e8a61ac elementor-widget elementor-widget-text-editor\" data-id=\"e8a61ac\" data-element_type=\"widget\" data-e-type=\"widget\" data-widget_type=\"text-editor.default\">\n\t\t\t\t<div class=\"elementor-widget-container\">\n\t\t\t\t\t\t\t\t\t<p>Fedezd fel a k\u00f6rny\u00e9ket szabadon egy v\u00edzi sportokra felszerelt Campervan-nal!<br data-start=\"5744\" data-end=\"5747\"\/>Minden j\u00e1rm\u0171v\u00fcnk, a <a href=\"https:\/\/oceancamper.com\/hu\/lakobuszberles\/trustpilot-ocean-camper-legjobb-ertekeles\/\"><strong>Faro<\/strong><\/a> vagy <a href=\"https:\/\/oceancamper.com\/hu\/lakobuszberles\/lisszabon\/\"><strong>Lisszabonb\u00f3l<\/strong><\/a>, a k\u00f6vetkez\u0151ket tartalmazz\u00e1k:<\/p><ul><li data-start=\"5786\" data-end=\"5817\">K\u00fclt\u00e9ri zuhanyz\u00f3 \u00e9s v\u00edztart\u00e1ly<\/li><li data-start=\"5820\" data-end=\"5854\">Tet\u0151csomagtart\u00f3 sz\u00f6rfdeszk\u00e1k vagy SUP-ok sz\u00e1m\u00e1ra<\/li><li data-start=\"5857\" data-end=\"5886\">F\u0151z\u0151felszerel\u00e9s \u00e9s francia\u00e1gy<\/li><li data-start=\"5889\" data-end=\"5923\">Fakultat\u00edv SUP vagy sz\u00f6rfdeszka b\u00e9rl\u00e9s<\/li><li>Tervezzen egy k\u00f6rt <strong data-start=\"5942\" data-end=\"5979\">Faro \u2192 Lagos \u2192 Aljezur \u2192 Alentejo<\/strong> \u00fatvonalon <strong data-start=\"5942\" data-end=\"5979\">,<\/strong> kombin\u00e1lva a SUP-ot \u00e9s a kempingez\u00e9st (l\u00e1sd a Kempingez\u00e9si <a class=\"decorated-link\" href=\"https:\/\/oceancamper.com\/hu\/vadkemping-portugalia\/\" target=\"_new\" rel=\"noopener\" data-start=\"6028\" data-end=\"6107\">szab\u00e1lyok Portug\u00e1li\u00e1ban c\u00edm\u0171 \u00fatmutat\u00f3nkat).<\/a> <\/li><\/ul>\t\t\t\t\t\t\t\t<\/div>\n\t\t\t\t<\/div>\n\t\t\t\t\t<\/div>\n\t\t<\/div>\n\t\t\t\t\t<\/div>\n\t\t<\/section>\n\t\t\t\t<section class=\"elementor-section elementor-top-section elementor-element elementor-element-11a7b2db elementor-section-stretched elementor-section-boxed elementor-section-height-default elementor-section-height-default\" data-id=\"11a7b2db\" data-element_type=\"section\" data-e-type=\"section\" data-settings=\"{&quot;stretch_section&quot;:&quot;section-stretched&quot;,&quot;background_background&quot;:&quot;classic&quot;}\">\n\t\t\t\t\t\t<div class=\"elementor-container elementor-column-gap-default\">\n\t\t\t\t\t<div class=\"elementor-column elementor-col-100 elementor-top-column elementor-element elementor-element-218f0346\" data-id=\"218f0346\" data-element_type=\"column\" data-e-type=\"column\">\n\t\t\t<div class=\"elementor-widget-wrap elementor-element-populated\">\n\t\t\t\t\t\t<section class=\"elementor-section elementor-inner-section elementor-element elementor-element-4d9fb23a elementor-section-boxed elementor-section-height-default elementor-section-height-default\" data-id=\"4d9fb23a\" data-element_type=\"section\" data-e-type=\"section\">\n\t\t\t\t\t\t<div class=\"elementor-container elementor-column-gap-default\">\n\t\t\t\t\t<div class=\"elementor-column elementor-col-100 elementor-inner-column elementor-element elementor-element-5d848830\" data-id=\"5d848830\" data-element_type=\"column\" data-e-type=\"column\">\n\t\t\t<div class=\"elementor-widget-wrap elementor-element-populated\">\n\t\t\t\t\t\t<div class=\"elementor-element elementor-element-8d95261 elementor-widget elementor-widget-heading\" data-id=\"8d95261\" data-element_type=\"widget\" data-e-type=\"widget\" data-widget_type=\"heading.default\">\n\t\t\t\t<div class=\"elementor-widget-container\">\n\t\t\t\t\t<h3 class=\"elementor-heading-title elementor-size-default\">Ellen\u0151rizze a t\u00f6bbi hozz\u00e1sz\u00f3l\u00e1sunkat:<\/h3>\t\t\t\t<\/div>\n\t\t\t\t<\/div>\n\t\t\t\t<div class=\"elementor-element elementor-element-13ed2104 elementor-grid-tablet-3 elementor-grid-3 elementor-grid-mobile-1 elementor-posts--thumbnail-top elementor-posts__hover-gradient elementor-widget elementor-widget-posts\" data-id=\"13ed2104\" data-element_type=\"widget\" data-e-type=\"widget\" data-settings=\"{&quot;cards_row_gap&quot;:{&quot;unit&quot;:&quot;px&quot;,&quot;size&quot;:20,&quot;sizes&quot;:[]},&quot;cards_row_gap_mobile&quot;:{&quot;unit&quot;:&quot;px&quot;,&quot;size&quot;:10,&quot;sizes&quot;:[]},&quot;cards_columns_tablet&quot;:&quot;3&quot;,&quot;cards_row_gap_tablet&quot;:{&quot;unit&quot;:&quot;px&quot;,&quot;size&quot;:5,&quot;sizes&quot;:[]},&quot;cards_columns&quot;:&quot;3&quot;,&quot;cards_columns_mobile&quot;:&quot;1&quot;}\" data-widget_type=\"posts.cards\">\n\t\t\t\t<div class=\"elementor-widget-container\">\n\t\t\t\t\t\t\t<div class=\"elementor-posts-container elementor-posts elementor-posts--skin-cards elementor-grid\" role=\"list\">\n\t\t\t\t<article class=\"elementor-post elementor-grid-item post-161958 post type-post status-publish format-standard has-post-thumbnail hentry category-uncategorized-hu tag-campingtips-hu tag-suptips-hu tag-surfingtips-hu\" role=\"listitem\">\n\t\t\t<div class=\"elementor-post__card\">\n\t\t\t\t<a class=\"elementor-post__thumbnail__link\" href=\"https:\/\/oceancamper.com\/hu\/portugalia-legszebb-helyei\/\" tabindex=\"-1\" ><div class=\"elementor-post__thumbnail\"><img loading=\"lazy\" decoding=\"async\" width=\"300\" height=\"200\" src=\"https:\/\/oceancamper.com\/wp-content\/uploads\/2023\/07\/arrifess-300x200.jpg\" class=\"attachment-medium size-medium wp-image-206909\" alt=\"\" srcset=\"https:\/\/oceancamper.com\/wp-content\/uploads\/2023\/07\/arrifess-300x200.jpg 300w, https:\/\/oceancamper.com\/wp-content\/uploads\/2023\/07\/arrifess-768x512.jpg 768w, https:\/\/oceancamper.com\/wp-content\/uploads\/2023\/07\/arrifess-240x160.jpg 240w, https:\/\/oceancamper.com\/wp-content\/uploads\/2023\/07\/arrifess.jpg 960w\" sizes=\"(max-width: 300px) 100vw, 300px\" \/><\/div><\/a>\n\t\t\t\t<div class=\"elementor-post__text\">\n\t\t\t\t<h2 class=\"elementor-post__title\">\n\t\t\t<a href=\"https:\/\/oceancamper.com\/hu\/portugalia-legszebb-helyei\/\" >\n\t\t\t\tT\u00e9rk\u00e9p: Portug\u00e1lia legjobb helyei \u2013 A leg\u00e1tfog\u00f3bb \u00fatik\u00f6nyv\t\t\t<\/a>\n\t\t<\/h2>\n\t\t\t\t<div class=\"elementor-post__excerpt\">\n\t\t\t<p>T\u00e9rk\u00e9p a legjobb helyekr\u0151l, amelyeket \u00e9rdemes megl\u00e1togatni Portug\u00e1li\u00e1ban: Sz\u00f6rf\u00f6s strandok, SUP \u00e9s snorkel sportok \u00e9s kempingek.  <\/p>\n\t\t<\/div>\n\t\t\n\t\t<a class=\"elementor-post__read-more\" href=\"https:\/\/oceancamper.com\/hu\/portugalia-legszebb-helyei\/\" aria-label=\"Read more about T\u00e9rk\u00e9p: Portug\u00e1lia legjobb helyei \u2013 A leg\u00e1tfog\u00f3bb \u00fatik\u00f6nyv\" tabindex=\"-1\" >\n\t\t\tOlvass tov\u00e1bb \"\t\t<\/a>\n\n\t\t\t\t<\/div>\n\t\t\t\t\t<\/div>\n\t\t<\/article>\n\t\t\t\t<article class=\"elementor-post elementor-grid-item post-162086 post type-post status-publish format-standard has-post-thumbnail hentry category-kiemeli category-uncategorized-hu\" role=\"listitem\">\n\t\t\t<div class=\"elementor-post__card\">\n\t\t\t\t<a class=\"elementor-post__thumbnail__link\" href=\"https:\/\/oceancamper.com\/hu\/elektromos-campervan-ut\/\" tabindex=\"-1\" ><div class=\"elementor-post__thumbnail\"><img loading=\"lazy\" decoding=\"async\" width=\"300\" height=\"200\" src=\"https:\/\/oceancamper.com\/wp-content\/uploads\/2022\/03\/electric-mini-camper-Ocean-Camper-300x200.jpg\" class=\"attachment-medium size-medium wp-image-219474\" alt=\"Elektromos mini Camper az Ocean Campert\u0151l, a tengerparton parkolva Portug\u00e1li\u00e1ban\" srcset=\"https:\/\/oceancamper.com\/wp-content\/uploads\/2022\/03\/electric-mini-camper-Ocean-Camper-300x200.jpg 300w, https:\/\/oceancamper.com\/wp-content\/uploads\/2022\/03\/electric-mini-camper-Ocean-Camper-1024x683.jpg 1024w, https:\/\/oceancamper.com\/wp-content\/uploads\/2022\/03\/electric-mini-camper-Ocean-Camper-768x512.jpg 768w, https:\/\/oceancamper.com\/wp-content\/uploads\/2022\/03\/electric-mini-camper-Ocean-Camper-240x160.jpg 240w, https:\/\/oceancamper.com\/wp-content\/uploads\/2022\/03\/electric-mini-camper-Ocean-Camper.jpg 1200w\" sizes=\"(max-width: 300px) 100vw, 300px\" \/><\/div><\/a>\n\t\t\t\t<div class=\"elementor-post__text\">\n\t\t\t\t<h2 class=\"elementor-post__title\">\n\t\t\t<a href=\"https:\/\/oceancamper.com\/hu\/elektromos-campervan-ut\/\" >\n\t\t\t\tElektromos Campervan Roadtrip\t\t\t<\/a>\n\t\t<\/h2>\n\t\t\t\t<div class=\"elementor-post__excerpt\">\n\t\t\t<p>Tippek az e-Nomad 100%-ban elektromos lak\u00f3aut\u00f3val val\u00f3 utaz\u00e1shoz: hol t\u00f6lthet\u0151, t\u00f6lt\u0151pontok t\u00e9rk\u00e9pe \u00e9s az eCamper t\u00f6rt\u00e9nete.<\/p>\n\t\t<\/div>\n\t\t\n\t\t<a class=\"elementor-post__read-more\" href=\"https:\/\/oceancamper.com\/hu\/elektromos-campervan-ut\/\" aria-label=\"Read more about Elektromos Campervan Roadtrip\" tabindex=\"-1\" >\n\t\t\tOlvass tov\u00e1bb \"\t\t<\/a>\n\n\t\t\t\t<\/div>\n\t\t\t\t\t<\/div>\n\t\t<\/article>\n\t\t\t\t<article class=\"elementor-post elementor-grid-item post-162000 post type-post status-publish format-standard has-post-thumbnail hentry category-kempingezesi-tippek tag-furdoszoba tag-hol-van-nyilvanos-wc tag-kempingezes-egy-kis-furgonban tag-wc-hu\" role=\"listitem\">\n\t\t\t<div class=\"elementor-post__card\">\n\t\t\t\t<a class=\"elementor-post__thumbnail__link\" href=\"https:\/\/oceancamper.com\/hu\/vece-kempingezeskor\/\" tabindex=\"-1\" ><div class=\"elementor-post__thumbnail\"><img loading=\"lazy\" decoding=\"async\" width=\"300\" height=\"200\" src=\"https:\/\/oceancamper.com\/wp-content\/uploads\/2025\/10\/image00031-300x200.jpeg\" class=\"attachment-medium size-medium wp-image-204417\" alt=\"Egy Ocean Camper kempingbusz az Algarve-i szikl\u00e1kon parkol naplemente idej\u00e9n \u2013 fest\u0151i kil\u00e1t\u00e1s kempingez\u00e9shez \u00e9s aut\u00f3s utaz\u00e1sokhoz Portug\u00e1li\u00e1ban.\" srcset=\"https:\/\/oceancamper.com\/wp-content\/uploads\/2025\/10\/image00031-300x200.jpeg 300w, https:\/\/oceancamper.com\/wp-content\/uploads\/2025\/10\/image00031-1024x683.jpeg 1024w, https:\/\/oceancamper.com\/wp-content\/uploads\/2025\/10\/image00031-768x512.jpeg 768w, https:\/\/oceancamper.com\/wp-content\/uploads\/2025\/10\/image00031-1536x1024.jpeg 1536w, https:\/\/oceancamper.com\/wp-content\/uploads\/2025\/10\/image00031-2048x1365.jpeg 2048w, https:\/\/oceancamper.com\/wp-content\/uploads\/2025\/10\/image00031-240x160.jpeg 240w\" sizes=\"(max-width: 300px) 100vw, 300px\" \/><\/div><\/a>\n\t\t\t\t<div class=\"elementor-post__text\">\n\t\t\t\t<h2 class=\"elementor-post__title\">\n\t\t\t<a href=\"https:\/\/oceancamper.com\/hu\/vece-kempingezeskor\/\" >\n\t\t\t\tWC keres\u00e9se kempingez\u00e9skor\t\t\t<\/a>\n\t\t<\/h2>\n\t\t\t\t<div class=\"elementor-post__excerpt\">\n\t\t\t<p>WC-k megtal\u00e1l\u00e1sa portug\u00e1liai kempingez\u00e9skor Ha be\u00e9p\u00edtett WC n\u00e9lk\u00fcli mini Campervan-nal utazol, n\u00e9ha megterhel\u0151 lehet kital\u00e1lni, hov\u00e1 menj. Szerencs\u00e9re Portug\u00e1lia rengeteg lehet\u0151s\u00e9get k\u00edn\u00e1l, a teljes k\u00f6r\u0171 szolg\u00e1ltat\u00e1st ny\u00fajt\u00f3 kempingekt\u0151l kezdve a<\/p>\n\t\t<\/div>\n\t\t\n\t\t<a class=\"elementor-post__read-more\" href=\"https:\/\/oceancamper.com\/hu\/vece-kempingezeskor\/\" aria-label=\"Read more about WC keres\u00e9se kempingez\u00e9skor\" tabindex=\"-1\" >\n\t\t\tOlvass tov\u00e1bb \"\t\t<\/a>\n\n\t\t\t\t<\/div>\n\t\t\t\t\t<\/div>\n\t\t<\/article>\n\t\t\t\t<\/div>\n\t\t\n\t\t\t\t\t\t<\/div>\n\t\t\t\t<\/div>\n\t\t\t\t<div class=\"elementor-element elementor-element-18229b5 elementor-align-left elementor-tablet-align-left elementor-mobile-align-left elementor-widget elementor-widget-button\" data-id=\"18229b5\" data-element_type=\"widget\" data-e-type=\"widget\" data-widget_type=\"button.default\">\n\t\t\t\t<div class=\"elementor-widget-container\">\n\t\t\t\t\t\t\t\t\t<div class=\"elementor-button-wrapper\">\n\t\t\t\t\t<a class=\"elementor-button elementor-button-link elementor-size-sm elementor-animation-pop\" href=\"https:\/\/oceancamper.com\/hu\/blog\/\">\n\t\t\t\t\t\t<span class=\"elementor-button-content-wrapper\">\n\t\t\t\t\t\t\t\t\t<span class=\"elementor-button-text\">Vissza a bloghoz<\/span>\n\t\t\t\t\t<\/span>\n\t\t\t\t\t<\/a>\n\t\t\t\t<\/div>\n\t\t\t\t\t\t\t\t<\/div>\n\t\t\t\t<\/div>\n\t\t\t\t\t<\/div>\n\t\t<\/div>\n\t\t\t\t\t<\/div>\n\t\t<\/section>\n\t\t\t\t\t<\/div>\n\t\t<\/div>\n\t\t\t\t\t<\/div>\n\t\t<\/section>\n\t\t\t\t<\/div>\n\t\t","protected":false},"excerpt":{"rendered":"<p>A legjobb helyek a SUP k\u00e9sz\u00edt\u00e9s\u00e9hez Algarve-ban! Barlangok, foly\u00f3k \u00e9s tavak. B\u00e9reld ki a deszk\u00e1inkat \u00e9s evezz oda, ahov\u00e1 m\u00e1s turist\u00e1k nem mehetnek.  <\/p>\n","protected":false},"author":1,"featured_media":208150,"comment_status":"closed","ping_status":"open","sticky":false,"template":"elementor_header_footer","format":"standard","meta":{"om_disable_all_campaigns":false,"footnotes":""},"categories":[285],"tags":[],"class_list":["post-162174","post","type-post","status-publish","format-standard","has-post-thumbnail","hentry","category-kiemeli"],"aioseo_notices":[],"aioseo_head":"\n\t\t<!-- All in One SEO 4.9.10 - aioseo.com -->\n\t<meta name=\"description\" content=\"Hol tal\u00e1lhat\u00f3k nyilv\u00e1nos WC-k Portug\u00e1li\u00e1ban: kempingekben, strandokon, k\u00e1v\u00e9z\u00f3kban, szupermarketekben \u00e9s benzinkutakon, valamint mire sz\u00e1m\u00edthatunk \u00e9s mennyibe ker\u00fclnek.\" \/>\n\t<meta name=\"robots\" content=\"max-image-preview:large\" \/>\n\t<meta name=\"author\" content=\"nomadcanguru\"\/>\n\t<link rel=\"canonical\" href=\"https:\/\/oceancamper.com\/hu\/vece-kempingezeskor\/\" \/>\n\t<meta name=\"generator\" content=\"All in One SEO (AIOSEO) 4.9.10\" \/>\n\t\t<meta property=\"og:locale\" content=\"hu_HU\" \/>\n\t\t<meta property=\"og:site_name\" content=\"Ocean Camper - Campervan Rental in Faro, Portugal\" \/>\n\t\t<meta property=\"og:type\" content=\"article\" \/>\n\t\t<meta property=\"og:title\" content=\"K\u00f6z\u00f6ss\u00e9gi WC-k Portug\u00e1li\u00e1ban: Hol tal\u00e1lhatunk ilyet?\" \/>\n\t\t<meta property=\"og:description\" content=\"Hol tal\u00e1lhat\u00f3k nyilv\u00e1nos WC-k Portug\u00e1li\u00e1ban: kempingekben, strandokon, k\u00e1v\u00e9z\u00f3kban, szupermarketekben \u00e9s benzinkutakon, valamint mire sz\u00e1m\u00edthatunk \u00e9s mennyibe ker\u00fclnek.\" \/>\n\t\t<meta property=\"og:url\" content=\"https:\/\/oceancamper.com\/hu\/vece-kempingezeskor\/\" \/>\n\t\t<meta property=\"og:image\" content=\"https:\/\/oceancamper.com\/wp-content\/uploads\/2022\/01\/Asset-5.png\" \/>\n\t\t<meta property=\"og:image:secure_url\" content=\"https:\/\/oceancamper.com\/wp-content\/uploads\/2022\/01\/Asset-5.png\" \/>\n\t\t<meta property=\"og:image:width\" content=\"662\" \/>\n\t\t<meta property=\"og:image:height\" content=\"291\" \/>\n\t\t<meta property=\"article:published_time\" content=\"2023-02-10T16:42:54+00:00\" \/>\n\t\t<meta property=\"article:modified_time\" content=\"2026-09-01T16:51:05+00:00\" \/>\n\t\t<meta property=\"article:publisher\" content=\"https:\/\/www.facebook.com\/oceancamper\/\" \/>\n\t\t<meta name=\"twitter:card\" content=\"summary\" \/>\n\t\t<meta name=\"twitter:site\" content=\"@Ocean_Camper\" \/>\n\t\t<meta name=\"twitter:title\" content=\"K\u00f6z\u00f6ss\u00e9gi WC-k Portug\u00e1li\u00e1ban: Hol tal\u00e1lhat\u00f3k?\" \/>\n\t\t<meta name=\"twitter:description\" content=\"Hol tal\u00e1lhat\u00f3k nyilv\u00e1nos WC-k Portug\u00e1li\u00e1ban: kempingekben, strandokon, k\u00e1v\u00e9z\u00f3kban, szupermarketekben \u00e9s benzinkutakon, valamint mire sz\u00e1m\u00edthatunk \u00e9s mennyibe ker\u00fclnek.\" \/>\n\t\t<meta name=\"twitter:creator\" content=\"@Ocean_Camper\" \/>\n\t\t<meta name=\"twitter:image\" content=\"https:\/\/oceancamper.com\/wp-content\/uploads\/2022\/01\/Asset-5.png\" \/>\n\t\t<script type=\"application\/ld+json\" class=\"aioseo-schema\">\n\t\t\t{\"@context\":\"https:\\\/\\\/schema.org\",\"@graph\":[{\"@type\":\"BlogPosting\",\"@id\":\"https:\\\/\\\/oceancamper.com\\\/hu\\\/vece-kempingezeskor\\\/#blogposting\",\"name\":\"K\\u00f6z\\u00f6ss\\u00e9gi WC-k Portug\\u00e1li\\u00e1ban: Hol tal\\u00e1lhat\\u00f3k?\",\"headline\":\"WC keres\\u00e9se kempingez\\u00e9skor\",\"author\":{\"@id\":\"https:\\\/\\\/oceancamper.com\\\/hu\\\/author\\\/nomadcanguru\\\/#author\"},\"publisher\":{\"@id\":\"https:\\\/\\\/oceancamper.com\\\/hu\\\/#organization\"},\"image\":{\"@type\":\"ImageObject\",\"url\":\"https:\\\/\\\/oceancamper.com\\\/wp-content\\\/uploads\\\/2025\\\/10\\\/image00031-scaled.jpeg\",\"width\":2560,\"height\":1707,\"caption\":\"Red Ocean lak\\u00f3aut\\u00f3 Algarve szikl\\u00e1ira n\\u00e9z\\u0151 Red Ocean Camper furgon naplement\\u00e9ben - szabads\\u00e1g, k\\u00e9nyelem \\u00e9s kapcsolat a term\\u00e9szettel.\"},\"datePublished\":\"2023-02-10T16:42:54+00:00\",\"dateModified\":\"2026-09-01T16:51:05+00:00\",\"inLanguage\":\"hu-HU\",\"mainEntityOfPage\":{\"@id\":\"https:\\\/\\\/oceancamper.com\\\/hu\\\/vece-kempingezeskor\\\/#webpage\"},\"isPartOf\":{\"@id\":\"https:\\\/\\\/oceancamper.com\\\/hu\\\/vece-kempingezeskor\\\/#webpage\"},\"articleSection\":\"Kempingez\\u00e9si tippek, f\\u00fcrd\\u0151szoba, hol van nyilv\\u00e1nos WC, kempingez\\u00e9s egy kis furgonban, WC, Optional\"},{\"@type\":\"BreadcrumbList\",\"@id\":\"https:\\\/\\\/oceancamper.com\\\/hu\\\/vece-kempingezeskor\\\/#breadcrumblist\",\"itemListElement\":[{\"@type\":\"ListItem\",\"@id\":\"https:\\\/\\\/oceancamper.com\\\/hu\\\/#listItem\",\"position\":1,\"name\":\"Home\",\"item\":\"https:\\\/\\\/oceancamper.com\\\/hu\\\/\",\"nextItem\":{\"@type\":\"ListItem\",\"@id\":\"https:\\\/\\\/oceancamper.com\\\/hu\\\/category\\\/kiemeli\\\/#listItem\",\"name\":\"kiemeli\"}},{\"@type\":\"ListItem\",\"@id\":\"https:\\\/\\\/oceancamper.com\\\/hu\\\/category\\\/kiemeli\\\/#listItem\",\"position\":2,\"name\":\"kiemeli\",\"item\":\"https:\\\/\\\/oceancamper.com\\\/hu\\\/category\\\/kiemeli\\\/\",\"nextItem\":{\"@type\":\"ListItem\",\"@id\":\"https:\\\/\\\/oceancamper.com\\\/hu\\\/sup-ezes-algarve-a-legjobb-sup-helyek-barlangok-tavak\\\/#listItem\",\"name\":\"SUP-oz\\u00e1s az Algarve-on: a legjobb SUP-helysz\\u00ednek\"},\"previousItem\":{\"@type\":\"ListItem\",\"@id\":\"https:\\\/\\\/oceancamper.com\\\/hu\\\/#listItem\",\"name\":\"Home\"}},{\"@type\":\"ListItem\",\"@id\":\"https:\\\/\\\/oceancamper.com\\\/hu\\\/sup-ezes-algarve-a-legjobb-sup-helyek-barlangok-tavak\\\/#listItem\",\"position\":3,\"name\":\"SUP-oz\\u00e1s az Algarve-on: a legjobb SUP-helysz\\u00ednek\",\"previousItem\":{\"@type\":\"ListItem\",\"@id\":\"https:\\\/\\\/oceancamper.com\\\/hu\\\/category\\\/kiemeli\\\/#listItem\",\"name\":\"kiemeli\"}}]},{\"@type\":\"Organization\",\"@id\":\"https:\\\/\\\/oceancamper.com\\\/hu\\\/#organization\",\"name\":\"Ocean Camper\",\"description\":\"Ocean Camper provides affordable campervan rental in Portugal with fully equipped campervans for up to three people, available in Faro and Lisbon for flexible road trips.\",\"url\":\"https:\\\/\\\/oceancamper.com\\\/hu\\\/\",\"email\":\"info@oceancamper.com\",\"telephone\":\"+351920301044\",\"foundingDate\":\"2017-04-19\",\"numberOfEmployees\":{\"@type\":\"QuantitativeValue\",\"minValue\":0,\"maxValue\":10},\"logo\":{\"@type\":\"ImageObject\",\"url\":\"https:\\\/\\\/oceancamper.com\\\/wp-content\\\/uploads\\\/2022\\\/01\\\/Asset-5.png\",\"@id\":\"https:\\\/\\\/oceancamper.com\\\/hu\\\/vece-kempingezeskor\\\/#organizationLogo\",\"width\":662,\"height\":291,\"caption\":\"Ocean Camper logo\"},\"image\":{\"@id\":\"https:\\\/\\\/oceancamper.com\\\/hu\\\/vece-kempingezeskor\\\/#organizationLogo\"},\"sameAs\":[\"https:\\\/\\\/www.facebook.com\\\/oceancamper\\\/\",\"https:\\\/\\\/x.com\\\/Ocean_Camper\",\"https:\\\/\\\/www.instagram.com\\\/oceancamper.vans\\\/\",\"https:\\\/\\\/www.tiktok.com\\\/@oceancamper.vans\",\"https:\\\/\\\/www.youtube.com\\\/@oceancamper\",\"https:\\\/\\\/www.linkedin.com\\\/company\\\/oceancamper\\\/\",\"https:\\\/\\\/www.trustpilot.com\\\/review\\\/oceancamper.com\"]},{\"@type\":\"Person\",\"@id\":\"https:\\\/\\\/oceancamper.com\\\/hu\\\/author\\\/nomadcanguru\\\/#author\",\"url\":\"https:\\\/\\\/oceancamper.com\\\/hu\\\/author\\\/nomadcanguru\\\/\",\"name\":\"nomadcanguru\",\"image\":{\"@type\":\"ImageObject\",\"@id\":\"https:\\\/\\\/oceancamper.com\\\/hu\\\/vece-kempingezeskor\\\/#authorImage\",\"url\":\"https:\\\/\\\/secure.gravatar.com\\\/avatar\\\/3a5092e8a35779f7501b5a8c315d77eae173c0705d8cfd512c06ce5460985e92?s=96&d=mm&r=g\",\"width\":96,\"height\":96,\"caption\":\"nomadcanguru\"}},{\"@type\":\"WebPage\",\"@id\":\"https:\\\/\\\/oceancamper.com\\\/hu\\\/vece-kempingezeskor\\\/#webpage\",\"url\":\"https:\\\/\\\/oceancamper.com\\\/hu\\\/vece-kempingezeskor\\\/\",\"name\":\"K\\u00f6z\\u00f6ss\\u00e9gi WC-k Portug\\u00e1li\\u00e1ban: Hol tal\\u00e1lhat\\u00f3k?\",\"description\":\"Hol tal\\u00e1lhat\\u00f3k nyilv\\u00e1nos WC-k Portug\\u00e1li\\u00e1ban: kempingekben, strandokon, k\\u00e1v\\u00e9z\\u00f3kban, szupermarketekben \\u00e9s benzinkutakon, valamint mire sz\\u00e1m\\u00edthatunk \\u00e9s mennyibe ker\\u00fclnek.\",\"inLanguage\":\"hu-HU\",\"isPartOf\":{\"@id\":\"https:\\\/\\\/oceancamper.com\\\/hu\\\/#website\"},\"breadcrumb\":{\"@id\":\"https:\\\/\\\/oceancamper.com\\\/hu\\\/vece-kempingezeskor\\\/#breadcrumblist\"},\"author\":{\"@id\":\"https:\\\/\\\/oceancamper.com\\\/hu\\\/author\\\/nomadcanguru\\\/#author\"},\"creator\":{\"@id\":\"https:\\\/\\\/oceancamper.com\\\/hu\\\/author\\\/nomadcanguru\\\/#author\"},\"image\":{\"@type\":\"ImageObject\",\"url\":\"https:\\\/\\\/oceancamper.com\\\/wp-content\\\/uploads\\\/2025\\\/10\\\/image00031-scaled.jpeg\",\"@id\":\"https:\\\/\\\/oceancamper.com\\\/hu\\\/vece-kempingezeskor\\\/#mainImage\",\"width\":2560,\"height\":1707,\"caption\":\"Red Ocean lak\\u00f3aut\\u00f3 Algarve szikl\\u00e1ira n\\u00e9z\\u0151 Red Ocean Camper furgon naplement\\u00e9ben - szabads\\u00e1g, k\\u00e9nyelem \\u00e9s kapcsolat a term\\u00e9szettel.\"},\"primaryImageOfPage\":{\"@id\":\"https:\\\/\\\/oceancamper.com\\\/hu\\\/vece-kempingezeskor\\\/#mainImage\"},\"datePublished\":\"2023-02-10T16:42:54+00:00\",\"dateModified\":\"2026-09-01T16:51:05+00:00\"},{\"@type\":\"WebSite\",\"@id\":\"https:\\\/\\\/oceancamper.com\\\/hu\\\/#website\",\"url\":\"https:\\\/\\\/oceancamper.com\\\/hu\\\/\",\"name\":\"Ocean Camper\",\"alternateName\":\"Ocean Camper Portugal\",\"description\":\"Campervan Rental in Faro, Portugal\",\"inLanguage\":\"hu-HU\",\"publisher\":{\"@id\":\"https:\\\/\\\/oceancamper.com\\\/hu\\\/#organization\"}}]}\n\t\t<\/script>\n\t\t<!-- All in One SEO -->\n\n","aioseo_head_json":{"title":"K\u00f6z\u00f6ss\u00e9gi WC-k Portug\u00e1li\u00e1ban: Hol tal\u00e1lhat\u00f3k?","description":"Hol tal\u00e1lhat\u00f3k nyilv\u00e1nos WC-k Portug\u00e1li\u00e1ban: kempingekben, strandokon, k\u00e1v\u00e9z\u00f3kban, szupermarketekben \u00e9s benzinkutakon, valamint mire sz\u00e1m\u00edthatunk \u00e9s mennyibe ker\u00fclnek.","canonical_url":"https:\/\/oceancamper.com\/hu\/vece-kempingezeskor\/","robots":"max-image-preview:large","keywords":"","webmasterTools":{"miscellaneous":""},"schema":{"@context":"https:\/\/schema.org","@graph":[{"@type":"BlogPosting","@id":"https:\/\/oceancamper.com\/hu\/vece-kempingezeskor\/#blogposting","name":"K\u00f6z\u00f6ss\u00e9gi WC-k Portug\u00e1li\u00e1ban: Hol tal\u00e1lhat\u00f3k?","headline":"WC keres\u00e9se kempingez\u00e9skor","author":{"@id":"https:\/\/oceancamper.com\/hu\/author\/nomadcanguru\/#author"},"publisher":{"@id":"https:\/\/oceancamper.com\/hu\/#organization"},"image":{"@type":"ImageObject","url":"https:\/\/oceancamper.com\/wp-content\/uploads\/2025\/10\/image00031-scaled.jpeg","width":2560,"height":1707,"caption":"Red Ocean lak\u00f3aut\u00f3 Algarve szikl\u00e1ira n\u00e9z\u0151 Red Ocean Camper furgon naplement\u00e9ben - szabads\u00e1g, k\u00e9nyelem \u00e9s kapcsolat a term\u00e9szettel."},"datePublished":"2023-02-10T16:42:54+00:00","dateModified":"2026-09-01T16:51:05+00:00","inLanguage":"hu-HU","mainEntityOfPage":{"@id":"https:\/\/oceancamper.com\/hu\/vece-kempingezeskor\/#webpage"},"isPartOf":{"@id":"https:\/\/oceancamper.com\/hu\/vece-kempingezeskor\/#webpage"},"articleSection":"Kempingez\u00e9si tippek, f\u00fcrd\u0151szoba, hol van nyilv\u00e1nos WC, kempingez\u00e9s egy kis furgonban, WC, Optional"},{"@type":"BreadcrumbList","@id":"https:\/\/oceancamper.com\/hu\/vece-kempingezeskor\/#breadcrumblist","itemListElement":[{"@type":"ListItem","@id":"https:\/\/oceancamper.com\/hu\/#listItem","position":1,"name":"Home","item":"https:\/\/oceancamper.com\/hu\/","nextItem":{"@type":"ListItem","@id":"https:\/\/oceancamper.com\/hu\/category\/kiemeli\/#listItem","name":"kiemeli"}},{"@type":"ListItem","@id":"https:\/\/oceancamper.com\/hu\/category\/kiemeli\/#listItem","position":2,"name":"kiemeli","item":"https:\/\/oceancamper.com\/hu\/category\/kiemeli\/","nextItem":{"@type":"ListItem","@id":"https:\/\/oceancamper.com\/hu\/sup-ezes-algarve-a-legjobb-sup-helyek-barlangok-tavak\/#listItem","name":"SUP-oz\u00e1s az Algarve-on: a legjobb SUP-helysz\u00ednek"},"previousItem":{"@type":"ListItem","@id":"https:\/\/oceancamper.com\/hu\/#listItem","name":"Home"}},{"@type":"ListItem","@id":"https:\/\/oceancamper.com\/hu\/sup-ezes-algarve-a-legjobb-sup-helyek-barlangok-tavak\/#listItem","position":3,"name":"SUP-oz\u00e1s az Algarve-on: a legjobb SUP-helysz\u00ednek","previousItem":{"@type":"ListItem","@id":"https:\/\/oceancamper.com\/hu\/category\/kiemeli\/#listItem","name":"kiemeli"}}]},{"@type":"Organization","@id":"https:\/\/oceancamper.com\/hu\/#organization","name":"Ocean Camper","description":"Ocean Camper provides affordable campervan rental in Portugal with fully equipped campervans for up to three people, available in Faro and Lisbon for flexible road trips.","url":"https:\/\/oceancamper.com\/hu\/","email":"info@oceancamper.com","telephone":"+351920301044","foundingDate":"2017-04-19","numberOfEmployees":{"@type":"QuantitativeValue","minValue":0,"maxValue":10},"logo":{"@type":"ImageObject","url":"https:\/\/oceancamper.com\/wp-content\/uploads\/2022\/01\/Asset-5.png","@id":"https:\/\/oceancamper.com\/hu\/vece-kempingezeskor\/#organizationLogo","width":662,"height":291,"caption":"Ocean Camper logo"},"image":{"@id":"https:\/\/oceancamper.com\/hu\/vece-kempingezeskor\/#organizationLogo"},"sameAs":["https:\/\/www.facebook.com\/oceancamper\/","https:\/\/x.com\/Ocean_Camper","https:\/\/www.instagram.com\/oceancamper.vans\/","https:\/\/www.tiktok.com\/@oceancamper.vans","https:\/\/www.youtube.com\/@oceancamper","https:\/\/www.linkedin.com\/company\/oceancamper\/","https:\/\/www.trustpilot.com\/review\/oceancamper.com"]},{"@type":"Person","@id":"https:\/\/oceancamper.com\/hu\/author\/nomadcanguru\/#author","url":"https:\/\/oceancamper.com\/hu\/author\/nomadcanguru\/","name":"nomadcanguru","image":{"@type":"ImageObject","@id":"https:\/\/oceancamper.com\/hu\/vece-kempingezeskor\/#authorImage","url":"https:\/\/secure.gravatar.com\/avatar\/3a5092e8a35779f7501b5a8c315d77eae173c0705d8cfd512c06ce5460985e92?s=96&d=mm&r=g","width":96,"height":96,"caption":"nomadcanguru"}},{"@type":"WebPage","@id":"https:\/\/oceancamper.com\/hu\/vece-kempingezeskor\/#webpage","url":"https:\/\/oceancamper.com\/hu\/vece-kempingezeskor\/","name":"K\u00f6z\u00f6ss\u00e9gi WC-k Portug\u00e1li\u00e1ban: Hol tal\u00e1lhat\u00f3k?","description":"Hol tal\u00e1lhat\u00f3k nyilv\u00e1nos WC-k Portug\u00e1li\u00e1ban: kempingekben, strandokon, k\u00e1v\u00e9z\u00f3kban, szupermarketekben \u00e9s benzinkutakon, valamint mire sz\u00e1m\u00edthatunk \u00e9s mennyibe ker\u00fclnek.","inLanguage":"hu-HU","isPartOf":{"@id":"https:\/\/oceancamper.com\/hu\/#website"},"breadcrumb":{"@id":"https:\/\/oceancamper.com\/hu\/vece-kempingezeskor\/#breadcrumblist"},"author":{"@id":"https:\/\/oceancamper.com\/hu\/author\/nomadcanguru\/#author"},"creator":{"@id":"https:\/\/oceancamper.com\/hu\/author\/nomadcanguru\/#author"},"image":{"@type":"ImageObject","url":"https:\/\/oceancamper.com\/wp-content\/uploads\/2025\/10\/image00031-scaled.jpeg","@id":"https:\/\/oceancamper.com\/hu\/vece-kempingezeskor\/#mainImage","width":2560,"height":1707,"caption":"Red Ocean lak\u00f3aut\u00f3 Algarve szikl\u00e1ira n\u00e9z\u0151 Red Ocean Camper furgon naplement\u00e9ben - szabads\u00e1g, k\u00e9nyelem \u00e9s kapcsolat a term\u00e9szettel."},"primaryImageOfPage":{"@id":"https:\/\/oceancamper.com\/hu\/vece-kempingezeskor\/#mainImage"},"datePublished":"2023-02-10T16:42:54+00:00","dateModified":"2026-09-01T16:51:05+00:00"},{"@type":"WebSite","@id":"https:\/\/oceancamper.com\/hu\/#website","url":"https:\/\/oceancamper.com\/hu\/","name":"Ocean Camper","alternateName":"Ocean Camper Portugal","description":"Campervan Rental in Faro, Portugal","inLanguage":"hu-HU","publisher":{"@id":"https:\/\/oceancamper.com\/hu\/#organization"}}]},"og:locale":"hu_HU","og:site_name":"Ocean Camper - Campervan Rental in Faro, Portugal","og:type":"article","og:title":"K\u00f6z\u00f6ss\u00e9gi WC-k Portug\u00e1li\u00e1ban: Hol tal\u00e1lhatunk ilyet?","og:description":"Hol tal\u00e1lhat\u00f3k nyilv\u00e1nos WC-k Portug\u00e1li\u00e1ban: kempingekben, strandokon, k\u00e1v\u00e9z\u00f3kban, szupermarketekben \u00e9s benzinkutakon, valamint mire sz\u00e1m\u00edthatunk \u00e9s mennyibe ker\u00fclnek.","og:url":"https:\/\/oceancamper.com\/hu\/vece-kempingezeskor\/","og:image":"https:\/\/oceancamper.com\/wp-content\/uploads\/2022\/01\/Asset-5.png","og:image:secure_url":"https:\/\/oceancamper.com\/wp-content\/uploads\/2022\/01\/Asset-5.png","og:image:width":662,"og:image:height":291,"article:published_time":"2023-02-10T16:42:54+00:00","article:modified_time":"2026-09-01T16:51:05+00:00","article:publisher":"https:\/\/www.facebook.com\/oceancamper\/","twitter:card":"summary","twitter:site":"@Ocean_Camper","twitter:title":"K\u00f6z\u00f6ss\u00e9gi WC-k Portug\u00e1li\u00e1ban: Hol tal\u00e1lhat\u00f3k?","twitter:description":"Hol tal\u00e1lhat\u00f3k nyilv\u00e1nos WC-k Portug\u00e1li\u00e1ban: kempingekben, strandokon, k\u00e1v\u00e9z\u00f3kban, szupermarketekben \u00e9s benzinkutakon, valamint mire sz\u00e1m\u00edthatunk \u00e9s mennyibe ker\u00fclnek.","twitter:creator":"@Ocean_Camper","twitter:image":"https:\/\/oceancamper.com\/wp-content\/uploads\/2022\/01\/Asset-5.png"},"aioseo_meta_data":{"post_id":"162174","title":"SUP-oz\u00e1s az Algarve-on: A legjobb SUP-helysz\u00ednek | Ocean Camper","description":"SUP-oz\u00e1s az Algarve-on: fedezd fel a barlangokat, szikl\u00e1kat \u00e9s a nyugodt tavakat Benagilben, Lagosban \u00e9s a Ria Formos\u00e1ban. B\u00e9relj SUP-ot az Ocean Camper-t\u0151l Far\u00f3ban. ","keywords":null,"keyphrases":{"focus":{"keyphrase":"paddleboarding algarve","score":78,"analysis":{"keyphraseInTitle":{"score":9,"maxScore":9,"error":0},"keyphraseInDescription":{"score":9,"maxScore":9,"error":0},"keyphraseLength":{"score":9,"maxScore":9,"error":0,"length":2},"keyphraseInURL":{"score":5,"maxScore":5,"error":0},"keyphraseInIntroduction":{"score":9,"maxScore":9,"error":0},"keyphraseInSubHeadings":{"score":3,"maxScore":9,"error":1},"keyphraseInImageAlt":{"score":9,"maxScore":9,"error":0},"keywordDensity":{"score":0,"type":"low","maxScore":9,"error":1}}},"additional":[{"keyphrase":"sup algarve","score":53,"analysis":{"keyphraseInDescription":{"score":3,"maxScore":9,"error":1},"keyphraseLength":{"score":9,"maxScore":9,"error":0,"length":2},"keyphraseInIntroduction":{"score":3,"maxScore":9,"error":1},"keyphraseInImageAlt":{"score":9,"maxScore":9,"error":0},"keywordDensity":{"score":0,"type":"low","maxScore":9,"error":1}}},{"keyphrase":"paddleboarding portugal","score":53,"analysis":{"keyphraseInDescription":{"score":3,"maxScore":9,"error":1},"keyphraseLength":{"score":9,"maxScore":9,"error":0,"length":2},"keyphraseInIntroduction":{"score":3,"maxScore":9,"error":1},"keyphraseInImageAlt":{"score":9,"maxScore":9,"error":0},"keywordDensity":{"score":0,"type":"low","maxScore":9,"error":1}}},{"keyphrase":"benagil cave sup","score":53,"analysis":{"keyphraseInDescription":{"score":3,"maxScore":9,"error":1},"keyphraseLength":{"score":9,"maxScore":9,"error":0,"length":3},"keyphraseInIntroduction":{"score":3,"maxScore":9,"error":1},"keyphraseInImageAlt":{"score":9,"maxScore":9,"error":0},"keywordDensity":{"score":0,"type":"low","maxScore":9,"error":1}}},{"keyphrase":"algarve sup rental","score":53,"analysis":{"keyphraseInDescription":{"score":3,"maxScore":9,"error":1},"keyphraseLength":{"score":9,"maxScore":9,"error":0,"length":3},"keyphraseInIntroduction":{"score":3,"maxScore":9,"error":1},"keyphraseInImageAlt":{"score":9,"maxScore":9,"error":0},"keywordDensity":{"score":0,"type":"low","maxScore":9,"error":1}}},{"keyphrase":"faro paddleboard rental","score":53,"analysis":{"keyphraseInDescription":{"score":3,"maxScore":9,"error":1},"keyphraseLength":{"score":9,"maxScore":9,"error":0,"length":3},"keyphraseInIntroduction":{"score":3,"maxScore":9,"error":1},"keyphraseInImageAlt":{"score":9,"maxScore":9,"error":0},"keywordDensity":{"score":0,"type":"low","maxScore":9,"error":1}}},{"keyphrase":"algarve lakes paddleboarding","score":53,"analysis":{"keyphraseInDescription":{"score":3,"maxScore":9,"error":1},"keyphraseLength":{"score":9,"maxScore":9,"error":0,"length":3},"keyphraseInIntroduction":{"score":3,"maxScore":9,"error":1},"keyphraseInImageAlt":{"score":9,"maxScore":9,"error":0},"keywordDensity":{"score":0,"type":"low","maxScore":9,"error":1}}},{"keyphrase":"paddleboard tours algarve","score":53,"analysis":{"keyphraseInDescription":{"score":3,"maxScore":9,"error":1},"keyphraseLength":{"score":9,"maxScore":9,"error":0,"length":3},"keyphraseInIntroduction":{"score":3,"maxScore":9,"error":1},"keyphraseInImageAlt":{"score":9,"maxScore":9,"error":0},"keywordDensity":{"score":0,"type":"low","maxScore":9,"error":1}}}]},"primary_term":null,"canonical_url":null,"og_title":null,"og_description":null,"og_object_type":"default","og_image_type":"default","og_image_url":null,"og_image_width":null,"og_image_height":null,"og_image_custom_url":null,"og_image_custom_fields":null,"og_video":"","og_custom_url":null,"og_article_section":null,"og_article_tags":null,"twitter_use_og":false,"twitter_card":"default","twitter_image_type":"default","twitter_image_url":null,"twitter_image_custom_url":null,"twitter_image_custom_fields":null,"twitter_title":null,"twitter_description":null,"schema":{"blockGraphs":[],"customGraphs":[],"default":{"data":{"Article":{"id":"aioseo-article-6394f62b26064","slug":"article","graphName":"Article","label":"Article","properties":{"type":"BlogPosting","name":"#post_title","headline":"#post_title","description":"#post_excerpt","image":"","keywords":"","author":{"name":"#author_name","url":"#author_url"},"dates":{"include":true,"datePublished":"","dateModified":""}}},"Course":[],"Dataset":[],"FAQPage":[],"Movie":[],"Person":[],"Product":[],"ProductReview":[],"Car":[],"Recipe":[],"Service":[],"SoftwareApplication":[],"WebPage":[]},"graphName":"BlogPosting","isEnabled":true},"graphs":[]},"schema_type":"default","schema_type_options":"{\"article\":{\"articleType\":\"BlogPosting\"},\"course\":{\"name\":\"\",\"description\":\"\",\"provider\":\"\"},\"faq\":{\"pages\":[]},\"product\":{\"reviews\":[]},\"recipe\":{\"ingredients\":[],\"instructions\":[],\"keywords\":[]},\"software\":{\"reviews\":[],\"operatingSystems\":[]},\"webPage\":{\"webPageType\":\"WebPage\"}}","pillar_content":false,"robots_default":true,"robots_noindex":false,"robots_noarchive":false,"robots_nosnippet":false,"robots_nofollow":false,"robots_noimageindex":false,"robots_noodp":false,"robots_notranslate":false,"robots_max_snippet":"-1","robots_max_videopreview":"-1","robots_max_imagepreview":"large","priority":null,"frequency":"default","local_seo":null,"seo_analyzer_scan_date":"2025-12-13 10:44:28","breadcrumb_settings":null,"limit_modified_date":false,"open_ai":null,"ai":{"faqs":[],"keyPoints":[],"titles":[],"descriptions":[],"socialPosts":{"email":[],"linkedin":[],"twitter":[],"facebook":[],"instagram":[]}},"created":"2025-03-14 10:03:15","updated":"2026-09-01 22:33:24"},"aioseo_breadcrumb":"<div class=\"aioseo-breadcrumbs\"><span class=\"aioseo-breadcrumb\">\n\t\t\t<a href=\"https:\/\/oceancamper.com\/hu\/\" title=\"Home\">Home<\/a>\n\t\t<\/span><span class=\"aioseo-breadcrumb-separator\">\u00bb<\/span><span class=\"aioseo-breadcrumb\">\n\t\t\t<a href=\"https:\/\/oceancamper.com\/hu\/category\/kiemeli\/\" title=\"kiemeli\">kiemeli<\/a>\n\t\t<\/span><span class=\"aioseo-breadcrumb-separator\">\u00bb<\/span><span class=\"aioseo-breadcrumb\">\n\t\t\tSUP-oz\u00e1s az Algarve-on: a legjobb SUP-helysz\u00ednek\n\t\t<\/span><\/div>","aioseo_breadcrumb_json":[{"label":"Home","link":"https:\/\/oceancamper.com\/hu\/"},{"label":"kiemeli","link":"https:\/\/oceancamper.com\/hu\/category\/kiemeli\/"},{"label":"SUP-oz\u00e1s az Algarve-on: a legjobb SUP-helysz\u00ednek","link":"https:\/\/oceancamper.com\/hu\/sup-ezes-algarve-a-legjobb-sup-helyek-barlangok-tavak\/"}],"_links":{"self":[{"href":"https:\/\/oceancamper.com\/hu\/wp-json\/wp\/v2\/posts\/162174","targetHints":{"allow":["GET"]}}],"collection":[{"href":"https:\/\/oceancamper.com\/hu\/wp-json\/wp\/v2\/posts"}],"about":[{"href":"https:\/\/oceancamper.com\/hu\/wp-json\/wp\/v2\/types\/post"}],"author":[{"embeddable":true,"href":"https:\/\/oceancamper.com\/hu\/wp-json\/wp\/v2\/users\/1"}],"replies":[{"embeddable":true,"href":"https:\/\/oceancamper.com\/hu\/wp-json\/wp\/v2\/comments?post=162174"}],"version-history":[{"count":14,"href":"https:\/\/oceancamper.com\/hu\/wp-json\/wp\/v2\/posts\/162174\/revisions"}],"predecessor-version":[{"id":275352,"href":"https:\/\/oceancamper.com\/hu\/wp-json\/wp\/v2\/posts\/162174\/revisions\/275352"}],"wp:featuredmedia":[{"embeddable":true,"href":"https:\/\/oceancamper.com\/hu\/wp-json\/wp\/v2\/media\/208150"}],"wp:attachment":[{"href":"https:\/\/oceancamper.com\/hu\/wp-json\/wp\/v2\/media?parent=162174"}],"wp:term":[{"taxonomy":"category","embeddable":true,"href":"https:\/\/oceancamper.com\/hu\/wp-json\/wp\/v2\/categories?post=162174"},{"taxonomy":"post_tag","embeddable":true,"href":"https:\/\/oceancamper.com\/hu\/wp-json\/wp\/v2\/tags?post=162174"}],"curies":[{"name":"wp","href":"https:\/\/api.w.org\/{rel}","templated":true}]}}