{"id":79698,"date":"2020-12-24T18:59:36","date_gmt":"2020-12-24T18:59:36","guid":{"rendered":"https:\/\/oceancamper.com\/faro\/"},"modified":"2026-09-01T16:49:09","modified_gmt":"2026-09-01T16:49:09","slug":"choses-a-faire-a-faro","status":"publish","type":"post","link":"https:\/\/oceancamper.com\/fr\/choses-a-faire-a-faro\/","title":{"rendered":"Que faire \u00e0 Faro ?"},"content":{"rendered":"\t\t<div data-elementor-type=\"wp-post\" data-elementor-id=\"79698\" class=\"elementor elementor-79698 elementor-3204\" data-elementor-post-type=\"post\">\n\t\t\t\t\t\t<section class=\"elementor-section elementor-top-section elementor-element elementor-element-f9d203d elementor-section-height-min-height elementor-section-stretched elementor-section-content-middle elementor-section-boxed elementor-section-height-default elementor-section-items-middle\" data-id=\"f9d203d\" data-element_type=\"section\" data-e-type=\"section\" data-settings=\"{&quot;stretch_section&quot;:&quot;section-stretched&quot;,&quot;background_background&quot;:&quot;classic&quot;}\">\n\t\t\t\t\t\t\t<div class=\"elementor-background-overlay\"><\/div>\n\t\t\t\t\t\t\t<div class=\"elementor-container elementor-column-gap-default\">\n\t\t\t\t\t<div class=\"elementor-column elementor-col-100 elementor-top-column elementor-element elementor-element-eb9caec\" data-id=\"eb9caec\" data-element_type=\"column\" data-e-type=\"column\">\n\t\t\t<div class=\"elementor-widget-wrap elementor-element-populated\">\n\t\t\t\t\t\t<div class=\"elementor-element elementor-element-a089e16 elementor-widget elementor-widget-theme-post-title elementor-page-title elementor-widget-heading\" data-id=\"a089e16\" data-element_type=\"widget\" data-e-type=\"widget\" data-widget_type=\"theme-post-title.default\">\n\t\t\t\t<div class=\"elementor-widget-container\">\n\t\t\t\t\t<h1 class=\"elementor-heading-title elementor-size-default\">Que faire \u00e0 Faro ?<\/h1>\t\t\t\t<\/div>\n\t\t\t\t<\/div>\n\t\t\t\t<section class=\"elementor-section elementor-inner-section elementor-element elementor-element-e355815 elementor-section-boxed elementor-section-height-default elementor-section-height-default\" data-id=\"e355815\" data-element_type=\"section\" data-e-type=\"section\">\n\t\t\t\t\t\t<div class=\"elementor-container elementor-column-gap-default\">\n\t\t\t\t\t<div class=\"elementor-column elementor-col-33 elementor-inner-column elementor-element elementor-element-c01ee70\" data-id=\"c01ee70\" data-element_type=\"column\" data-e-type=\"column\">\n\t\t\t<div class=\"elementor-widget-wrap\">\n\t\t\t\t\t\t\t<\/div>\n\t\t<\/div>\n\t\t\t\t<div class=\"elementor-column elementor-col-33 elementor-inner-column elementor-element elementor-element-3a9dd63\" data-id=\"3a9dd63\" data-element_type=\"column\" data-e-type=\"column\">\n\t\t\t<div class=\"elementor-widget-wrap elementor-element-populated\">\n\t\t\t\t\t\t<div class=\"elementor-element elementor-element-4bb0ef6 elementor-author-box--align-center elementor-author-box--layout-image-above elementor-widget elementor-widget-author-box\" data-id=\"4bb0ef6\" data-element_type=\"widget\" data-e-type=\"widget\" data-widget_type=\"author-box.default\">\n\t\t\t\t<div class=\"elementor-widget-container\">\n\t\t\t\t\t\t\t<div class=\"elementor-author-box\">\n\t\t\t\t\t\t\t<div  class=\"elementor-author-box__avatar\">\n\t\t\t\t\t<img decoding=\"async\" src=\"https:\/\/oceancamper.com\/wp-content\/uploads\/2022\/02\/Nina-min-1-300x300.jpg\" alt=\"Image de Nina\" loading=\"lazy\">\n\t\t\t\t<\/div>\n\t\t\t\n\t\t\t<div class=\"elementor-author-box__text\">\n\t\t\t\t\t\t\t\t\t<div >\n\t\t\t\t\t\t<h4 class=\"elementor-author-box__name\">\n\t\t\t\t\t\t\tNina\t\t\t\t\t\t<\/h4>\n\t\t\t\t\t<\/div>\n\t\t\t\t\n\t\t\t\t\t\t\t\t\t<div class=\"elementor-author-box__bio\">\n\t\t\t\t\t\t<p>PDG de Ocean Camper<\/p>\n\t\t\t\t\t<\/div>\n\t\t\t\t\n\t\t\t\t\t\t\t<\/div>\n\t\t<\/div>\n\t\t\t\t\t\t<\/div>\n\t\t\t\t<\/div>\n\t\t\t\t\t<\/div>\n\t\t<\/div>\n\t\t\t\t<div class=\"elementor-column elementor-col-33 elementor-inner-column elementor-element elementor-element-ad2f6bb\" data-id=\"ad2f6bb\" data-element_type=\"column\" data-e-type=\"column\">\n\t\t\t<div class=\"elementor-widget-wrap\">\n\t\t\t\t\t\t\t<\/div>\n\t\t<\/div>\n\t\t\t\t\t<\/div>\n\t\t<\/section>\n\t\t\t\t\t<\/div>\n\t\t<\/div>\n\t\t\t\t\t<\/div>\n\t\t<\/section>\n\t\t\t\t<section class=\"elementor-section elementor-top-section elementor-element elementor-element-ca40981 elementor-section-stretched elementor-section-boxed elementor-section-height-default elementor-section-height-default\" data-id=\"ca40981\" data-element_type=\"section\" data-e-type=\"section\" data-settings=\"{&quot;stretch_section&quot;:&quot;section-stretched&quot;,&quot;background_background&quot;:&quot;classic&quot;}\">\n\t\t\t\t\t\t<div class=\"elementor-container elementor-column-gap-default\">\n\t\t\t\t\t<div class=\"elementor-column elementor-col-100 elementor-top-column elementor-element elementor-element-3f1c136 elementor-invisible\" data-id=\"3f1c136\" data-element_type=\"column\" data-e-type=\"column\" data-settings=\"{&quot;background_background&quot;:&quot;classic&quot;,&quot;animation&quot;:&quot;fadeIn&quot;}\">\n\t\t\t<div class=\"elementor-widget-wrap elementor-element-populated\">\n\t\t\t\t\t<div class=\"elementor-background-overlay\"><\/div>\n\t\t\t\t\t\t<div class=\"elementor-element elementor-element-3403ef8 elementor-widget elementor-widget-heading\" data-id=\"3403ef8\" data-element_type=\"widget\" data-e-type=\"widget\" data-widget_type=\"heading.default\">\n\t\t\t\t<div class=\"elementor-widget-container\">\n\t\t\t\t\t<h2 class=\"elementor-heading-title elementor-size-default\">Index<\/h2>\t\t\t\t<\/div>\n\t\t\t\t<\/div>\n\t\t\t\t<div class=\"elementor-element elementor-element-11caf63 elementor-widget elementor-widget-text-editor\" data-id=\"11caf63\" data-element_type=\"widget\" data-e-type=\"widget\" data-widget_type=\"text-editor.default\">\n\t\t\t\t<div class=\"elementor-widget-container\">\n\t\t\t\t\t\t\t\t\t<ol><li><a href=\"#discover\">Les meilleurs endroits \u00e0 visiter \u00e0 Faro<\/a><\/li><li><a href=\"#history\">Un m\u00e9lange d&rsquo;histoire et de charme<\/a><\/li><li><a href=\"#nature\">La nature \u00e0 deux pas de chez vous<\/a><\/li><li><a href=\"#beaches\">Des plages, des \u00eeles et un soleil qui brille sans fin<\/a><\/li><li><a href=\"#airport\">Votre d\u00e9part depuis l&rsquo;a\u00e9roport.<\/a><\/li><li><a href=\"#transport\">Comment quitter l&rsquo;a\u00e9roport de Faro : moyens de transport disponibles<\/a><\/li><li><a href=\"#restaurants\">Les meilleurs restaurants de Faro<\/a><\/li><li><a href=\"#activities\">Que faire \u00e0 Faro : les meilleures activit\u00e9s<\/a><\/li><li><a href=\"#campervan\">Pourquoi Faro est le point de d\u00e9part id\u00e9al<\/a><\/li><\/ol>\t\t\t\t\t\t\t\t<\/div>\n\t\t\t\t<\/div>\n\t\t\t\t\t<\/div>\n\t\t<\/div>\n\t\t\t\t\t<\/div>\n\t\t<\/section>\n\t\t\t\t<section class=\"elementor-section elementor-top-section elementor-element elementor-element-5bf65ed7 elementor-section-stretched elementor-section-boxed elementor-section-height-default elementor-section-height-default\" data-id=\"5bf65ed7\" data-element_type=\"section\" data-e-type=\"section\" id=\"discover\" data-settings=\"{&quot;stretch_section&quot;:&quot;section-stretched&quot;,&quot;background_background&quot;:&quot;classic&quot;}\">\n\t\t\t\t\t\t<div class=\"elementor-container elementor-column-gap-default\">\n\t\t\t\t\t<div class=\"elementor-column elementor-col-100 elementor-top-column elementor-element elementor-element-6bd49279\" data-id=\"6bd49279\" data-element_type=\"column\" data-e-type=\"column\">\n\t\t\t<div class=\"elementor-widget-wrap elementor-element-populated\">\n\t\t\t\t\t\t<div class=\"elementor-element elementor-element-14ee1797 elementor-widget elementor-widget-heading\" data-id=\"14ee1797\" data-element_type=\"widget\" data-e-type=\"widget\" data-widget_type=\"heading.default\">\n\t\t\t\t<div class=\"elementor-widget-container\">\n\t\t\t\t\t<h2 class=\"elementor-heading-title elementor-size-default\">Faro : la porte d'entr\u00e9e de votre aventure en Algarve<\/h2>\t\t\t\t<\/div>\n\t\t\t\t<\/div>\n\t\t\t\t<div class=\"elementor-element elementor-element-77816862 elementor-widget__width-initial elementor-widget elementor-widget-text-editor\" data-id=\"77816862\" data-element_type=\"widget\" data-e-type=\"widget\" data-widget_type=\"text-editor.default\">\n\t\t\t\t<div class=\"elementor-widget-container\">\n\t\t\t\t\t\t\t\t\t<p data-pm-slice=\"1 1 []\">Nich\u00e9e dans la r\u00e9gion la plus m\u00e9ridionale du Portugal, Faro est bien plus que la capitale de l&rsquo;Algarve. C&rsquo;est une ville dynamique et le point de d\u00e9part id\u00e9al pour votre road trip portugais. Que vous vous promeniez en mini-camping-car ou que vous exploriez \u00e0 pied, il y a beaucoup \u00e0 voir. <em>Que faire \u00e0 Faro ?<\/em> Plongeons dans l&rsquo;aventure !   <\/p>\t\t\t\t\t\t\t\t<\/div>\n\t\t\t\t<\/div>\n\t\t\t\t\t<\/div>\n\t\t<\/div>\n\t\t\t\t\t<\/div>\n\t\t<\/section>\n\t\t<div class=\"elementor-element elementor-element-d51b0e3 e-flex e-con-boxed e-con e-parent\" data-id=\"d51b0e3\" data-element_type=\"container\" data-e-type=\"container\">\n\t\t\t\t\t<div class=\"e-con-inner\">\n\t\t\t\t<div class=\"elementor-element elementor-element-ad3097e elementor-widget elementor-widget-image\" data-id=\"ad3097e\" data-element_type=\"widget\" data-e-type=\"widget\" data-widget_type=\"image.default\">\n\t\t\t\t<div class=\"elementor-widget-container\">\n\t\t\t\t\t\t\t\t\t\t\t\t\t\t\t<img fetchpriority=\"high\" decoding=\"async\" width=\"1536\" height=\"1024\" src=\"https:\/\/oceancamper.com\/wp-content\/uploads\/2020\/12\/AdobeStock_52247054-1-min-1536x1024.jpeg\" class=\"attachment-1536x1536 size-1536x1536 wp-image-183885\" alt=\"La mairie de Faro, en Algarve, un lieu embl\u00e9matique pr\u00e9sent\u00e9 dans notre guide \u00ab Que faire \u00e0 Faro ? \u00bb.\" srcset=\"https:\/\/oceancamper.com\/wp-content\/uploads\/2020\/12\/AdobeStock_52247054-1-min-1536x1024.jpeg 1536w, https:\/\/oceancamper.com\/wp-content\/uploads\/2020\/12\/AdobeStock_52247054-1-min-300x200.jpeg 300w, https:\/\/oceancamper.com\/wp-content\/uploads\/2020\/12\/AdobeStock_52247054-1-min-1024x683.jpeg 1024w, https:\/\/oceancamper.com\/wp-content\/uploads\/2020\/12\/AdobeStock_52247054-1-min-768x512.jpeg 768w, https:\/\/oceancamper.com\/wp-content\/uploads\/2020\/12\/AdobeStock_52247054-1-min-2048x1365.jpeg 2048w, https:\/\/oceancamper.com\/wp-content\/uploads\/2020\/12\/AdobeStock_52247054-1-min-240x160.jpeg 240w\" sizes=\"(max-width: 1536px) 100vw, 1536px\" \/>\t\t\t\t\t\t\t\t\t\t\t\t\t\t\t<\/div>\n\t\t\t\t<\/div>\n\t\t\t\t\t<\/div>\n\t\t\t\t<\/div>\n\t\t\t\t<section class=\"elementor-section elementor-top-section elementor-element elementor-element-9dd7084 elementor-section-stretched elementor-section-boxed elementor-section-height-default elementor-section-height-default\" data-id=\"9dd7084\" data-element_type=\"section\" data-e-type=\"section\" id=\"history\" data-settings=\"{&quot;stretch_section&quot;:&quot;section-stretched&quot;,&quot;background_background&quot;:&quot;classic&quot;}\">\n\t\t\t\t\t\t<div class=\"elementor-container elementor-column-gap-default\">\n\t\t\t\t\t<div class=\"elementor-column elementor-col-100 elementor-top-column elementor-element elementor-element-6ec6969d\" data-id=\"6ec6969d\" data-element_type=\"column\" data-e-type=\"column\">\n\t\t\t<div class=\"elementor-widget-wrap elementor-element-populated\">\n\t\t\t\t\t\t<div class=\"elementor-element elementor-element-1a195d0e elementor-widget elementor-widget-heading\" data-id=\"1a195d0e\" data-element_type=\"widget\" data-e-type=\"widget\" data-widget_type=\"heading.default\">\n\t\t\t\t<div class=\"elementor-widget-container\">\n\t\t\t\t\t<h2 class=\"elementor-heading-title elementor-size-default\">Un m\u00e9lange d'histoire et de charme<\/h2>\t\t\t\t<\/div>\n\t\t\t\t<\/div>\n\t\t\t\t<div class=\"elementor-element elementor-element-6c757fa0 elementor-widget elementor-widget-text-editor\" data-id=\"6c757fa0\" data-element_type=\"widget\" data-e-type=\"widget\" data-widget_type=\"text-editor.default\">\n\t\t\t\t<div class=\"elementor-widget-container\">\n\t\t\t\t\t\t\t\t\t<p>Faro est une ville riche en histoire et en culture. Sa charmante vieille ville, connue sous le nom de Cidade Velha, est entour\u00e9e de remparts anciens. Ses rues pav\u00e9es vous font voyager dans le temps. Commencez par l\u2019Arco da Vila, une magnifique porte d\u2019entr\u00e9e vers le quartier historique. Rendez-vous ensuite \u00e0 la cath\u00e9drale S\u00e9. Montez jusqu\u2019au sommet pour profiter d\u2019une vue imprenable sur la ville et le parc naturel de la Ria Formosa. Vous vous demandez quelle activit\u00e9 faire ensuite \u00e0 Faro ? Poursuivez votre lecture !       <\/p>\t\t\t\t\t\t\t\t<\/div>\n\t\t\t\t<\/div>\n\t\t\t\t\t<\/div>\n\t\t<\/div>\n\t\t\t\t\t<\/div>\n\t\t<\/section>\n\t\t\t\t<section class=\"elementor-section elementor-top-section elementor-element elementor-element-475d6 elementor-section-stretched elementor-section-boxed elementor-section-height-default elementor-section-height-default\" data-id=\"475d6\" data-element_type=\"section\" data-e-type=\"section\" id=\"nature\" data-settings=\"{&quot;stretch_section&quot;:&quot;section-stretched&quot;,&quot;background_background&quot;:&quot;classic&quot;}\">\n\t\t\t\t\t\t<div class=\"elementor-container elementor-column-gap-default\">\n\t\t\t\t\t<div class=\"elementor-column elementor-col-100 elementor-top-column elementor-element elementor-element-34f7a336\" data-id=\"34f7a336\" data-element_type=\"column\" data-e-type=\"column\">\n\t\t\t<div class=\"elementor-widget-wrap elementor-element-populated\">\n\t\t\t\t\t\t<div class=\"elementor-element elementor-element-4daed2c8 elementor-widget elementor-widget-heading\" data-id=\"4daed2c8\" data-element_type=\"widget\" data-e-type=\"widget\" data-widget_type=\"heading.default\">\n\t\t\t\t<div class=\"elementor-widget-container\">\n\t\t\t\t\t<h2 class=\"elementor-heading-title elementor-size-default\">La nature \u00e0 votre porte<\/h2>\t\t\t\t<\/div>\n\t\t\t\t<\/div>\n\t\t\t\t<div class=\"elementor-element elementor-element-2e4d1d20 elementor-widget elementor-widget-text-editor\" data-id=\"2e4d1d20\" data-element_type=\"widget\" data-e-type=\"widget\" data-widget_type=\"text-editor.default\">\n\t\t\t\t<div class=\"elementor-widget-container\">\n\t\t\t\t\t\t\t\t\t<p>Le parc naturel de Ria Formosa se trouve \u00e0 quelques minutes de Faro. Ce superbe \u00e9cosyst\u00e8me de lagunes, de zones humides et d&rsquo;\u00eeles est un paradis pour les amoureux de la nature. Faites une excursion en bateau, louez un kayak ou partez en randonn\u00e9e sur des sentiers pittoresques. Vous cherchez des activit\u00e9s \u00e0 faire \u00e0 Faro ? Cette escapade dans la nature est incontournable !    <\/p>\t\t\t\t\t\t\t\t<\/div>\n\t\t\t\t<\/div>\n\t\t\t\t\t<\/div>\n\t\t<\/div>\n\t\t\t\t\t<\/div>\n\t\t<\/section>\n\t\t\t\t<section class=\"elementor-section elementor-top-section elementor-element elementor-element-9343908 elementor-section-stretched elementor-section-boxed elementor-section-height-default elementor-section-height-default\" data-id=\"9343908\" data-element_type=\"section\" data-e-type=\"section\" id=\"beaches\" data-settings=\"{&quot;stretch_section&quot;:&quot;section-stretched&quot;,&quot;background_background&quot;:&quot;classic&quot;}\">\n\t\t\t\t\t\t<div class=\"elementor-container elementor-column-gap-default\">\n\t\t\t\t\t<div class=\"elementor-column elementor-col-100 elementor-top-column elementor-element elementor-element-8fa20dd\" data-id=\"8fa20dd\" data-element_type=\"column\" data-e-type=\"column\">\n\t\t\t<div class=\"elementor-widget-wrap elementor-element-populated\">\n\t\t\t\t\t\t<div class=\"elementor-element elementor-element-2feb3c6 elementor-widget elementor-widget-heading\" data-id=\"2feb3c6\" data-element_type=\"widget\" data-e-type=\"widget\" data-widget_type=\"heading.default\">\n\t\t\t\t<div class=\"elementor-widget-container\">\n\t\t\t\t\t<h2 class=\"elementor-heading-title elementor-size-default\">Plages, \u00eeles et soleil sans fin<\/h2>\t\t\t\t<\/div>\n\t\t\t\t<\/div>\n\t\t\t\t<div class=\"elementor-element elementor-element-ccacb6d elementor-widget elementor-widget-text-editor\" data-id=\"ccacb6d\" data-element_type=\"widget\" data-e-type=\"widget\" data-widget_type=\"text-editor.default\">\n\t\t\t\t<div class=\"elementor-widget-container\">\n\t\t\t\t\t\t\t\t\t<p data-pm-slice=\"1 1 []\">Faro est la porte d&rsquo;entr\u00e9e vers de superbes plages. Prenez un ferry jusqu&rsquo;\u00e0 Ilha de Faro pour profiter du soleil et des sports nautiques. Vous pr\u00e9f\u00e9rez un endroit isol\u00e9 ? Dirigez-vous vers Ilha Deserta ou Ilha da Culatra pour une beaut\u00e9 naturelle intacte. Si vous cherchez les meilleurs endroits \u00e0 visiter \u00e0 Faro, voici les meilleurs choix !    <\/p>\t\t\t\t\t\t\t\t<\/div>\n\t\t\t\t<\/div>\n\t\t\t\t\t<\/div>\n\t\t<\/div>\n\t\t\t\t\t<\/div>\n\t\t<\/section>\n\t\t\t\t<section class=\"elementor-section elementor-top-section elementor-element elementor-element-71bfa2a elementor-section-stretched elementor-section-boxed elementor-section-height-default elementor-section-height-default\" data-id=\"71bfa2a\" data-element_type=\"section\" data-e-type=\"section\" id=\"airport\" data-settings=\"{&quot;stretch_section&quot;:&quot;section-stretched&quot;,&quot;background_background&quot;:&quot;classic&quot;}\">\n\t\t\t\t\t\t<div class=\"elementor-container elementor-column-gap-default\">\n\t\t\t\t\t<div class=\"elementor-column elementor-col-100 elementor-top-column elementor-element elementor-element-7b2ff7c\" data-id=\"7b2ff7c\" data-element_type=\"column\" data-e-type=\"column\">\n\t\t\t<div class=\"elementor-widget-wrap elementor-element-populated\">\n\t\t\t\t\t\t<div class=\"elementor-element elementor-element-89937f0 elementor-widget elementor-widget-heading\" data-id=\"89937f0\" data-element_type=\"widget\" data-e-type=\"widget\" data-widget_type=\"heading.default\">\n\t\t\t\t<div class=\"elementor-widget-container\">\n\t\t\t\t\t<h2 class=\"elementor-heading-title elementor-size-default\">Votre d\u00e9part de l'a\u00e9roport<\/h2>\t\t\t\t<\/div>\n\t\t\t\t<\/div>\n\t\t\t\t<div class=\"elementor-element elementor-element-78f5991 elementor-widget elementor-widget-text-editor\" data-id=\"78f5991\" data-element_type=\"widget\" data-e-type=\"widget\" data-widget_type=\"text-editor.default\">\n\t\t\t\t<div class=\"elementor-widget-container\">\n\t\t\t\t\t\t\t\t\t<p data-pm-slice=\"1 1 []\">L&rsquo;a\u00e9roport de Faro se trouve \u00e0 seulement 3 km de la plage de Faro et \u00e0 6 km du centre-ville. Si vous venez d&rsquo;arriver et que vous vous demandez <em>quoi faire \u00e0 Faro,<\/em> voici par o\u00f9 commencer. <\/p>\t\t\t\t\t\t\t\t<\/div>\n\t\t\t\t<\/div>\n\t\t\t\t\t<\/div>\n\t\t<\/div>\n\t\t\t\t\t<\/div>\n\t\t<\/section>\n\t\t\t\t<section class=\"elementor-section elementor-top-section elementor-element elementor-element-c6f448f elementor-section-stretched elementor-section-boxed elementor-section-height-default elementor-section-height-default\" data-id=\"c6f448f\" data-element_type=\"section\" data-e-type=\"section\" id=\"transport\" data-settings=\"{&quot;stretch_section&quot;:&quot;section-stretched&quot;,&quot;background_background&quot;:&quot;classic&quot;}\">\n\t\t\t\t\t\t<div class=\"elementor-container elementor-column-gap-default\">\n\t\t\t\t\t<div class=\"elementor-column elementor-col-100 elementor-top-column elementor-element elementor-element-b9e58f4\" data-id=\"b9e58f4\" data-element_type=\"column\" data-e-type=\"column\">\n\t\t\t<div class=\"elementor-widget-wrap elementor-element-populated\">\n\t\t\t\t\t\t<div class=\"elementor-element elementor-element-f6652d1 elementor-widget elementor-widget-heading\" data-id=\"f6652d1\" data-element_type=\"widget\" data-e-type=\"widget\" data-widget_type=\"heading.default\">\n\t\t\t\t<div class=\"elementor-widget-container\">\n\t\t\t\t\t<h2 class=\"elementor-heading-title elementor-size-default\">Sortir de l'a\u00e9roport de Faro : Options de transport<\/h2>\t\t\t\t<\/div>\n\t\t\t\t<\/div>\n\t\t\t\t<div class=\"elementor-element elementor-element-306722f elementor-widget elementor-widget-text-editor\" data-id=\"306722f\" data-element_type=\"widget\" data-e-type=\"widget\" data-widget_type=\"text-editor.default\">\n\t\t\t\t<div class=\"elementor-widget-container\">\n\t\t\t\t\t\t\t\t\t<ul data-spread=\"false\" data-pm-slice=\"3 3 []\"><li><p><strong style=\"background-color: transparent; color: var( --e-global-color-text );\">Option A :<\/strong><span style=\"background-color: transparent; color: var( --e-global-color-text );\">  Prenez un bus pour le centre ville de Faro ou la plage de Faro. Voir les   <\/span><a href=\"https:\/\/www.proximo.pt\/\" target=\"_blank\" rel=\"noopener\">horaire des bus ici<\/a><span style=\"background-color: transparent; color: var( --e-global-color-text );\">.<\/span><\/p><\/li><li><p><strong>Option B :<\/strong> Prenez un taxi \u00e0 la station de taxis d\u00e9sign\u00e9e<a href=\"https:\/\/maps.app.goo.gl\/s1Vot9RToZArHXB6A\" target=\"_blank\" rel=\"noopener\">(carte ici).<\/a><\/p><\/li><li><p><strong>Option C :<\/strong> Utilisez les services de transport en commun comme Uber ou Bolt (aires d&rsquo;attente <a href=\"https:\/\/maps.app.goo.gl\/rzwnH9fA5xsHmS8T6\" target=\"_blank\" rel=\"noopener\">ici)<\/a>.<\/p><\/li><\/ul>\t\t\t\t\t\t\t\t<\/div>\n\t\t\t\t<\/div>\n\t\t\t\t\t<\/div>\n\t\t<\/div>\n\t\t\t\t\t<\/div>\n\t\t<\/section>\n\t\t\t\t<section class=\"elementor-section elementor-top-section elementor-element elementor-element-05385c0 elementor-section-stretched elementor-section-boxed elementor-section-height-default elementor-section-height-default\" data-id=\"05385c0\" data-element_type=\"section\" data-e-type=\"section\" id=\"restaurants\" data-settings=\"{&quot;stretch_section&quot;:&quot;section-stretched&quot;,&quot;background_background&quot;:&quot;classic&quot;}\">\n\t\t\t\t\t\t<div class=\"elementor-container elementor-column-gap-default\">\n\t\t\t\t\t<div class=\"elementor-column elementor-col-100 elementor-top-column elementor-element elementor-element-e90c8e1\" data-id=\"e90c8e1\" data-element_type=\"column\" data-e-type=\"column\">\n\t\t\t<div class=\"elementor-widget-wrap elementor-element-populated\">\n\t\t\t\t\t\t<div class=\"elementor-element elementor-element-6c0e4d0 elementor-widget elementor-widget-heading\" data-id=\"6c0e4d0\" data-element_type=\"widget\" data-e-type=\"widget\" data-widget_type=\"heading.default\">\n\t\t\t\t<div class=\"elementor-widget-container\">\n\t\t\t\t\t<h2 class=\"elementor-heading-title elementor-size-default\">Les meilleurs restaurants de Faro : o\u00f9 manger<\/h2>\t\t\t\t<\/div>\n\t\t\t\t<\/div>\n\t\t\t\t<div class=\"elementor-element elementor-element-b382706 elementor-widget elementor-widget-text-editor\" data-id=\"b382706\" data-element_type=\"widget\" data-e-type=\"widget\" data-widget_type=\"text-editor.default\">\n\t\t\t\t<div class=\"elementor-widget-container\">\n\t\t\t\t\t\t\t\t\t<ul><li>Vous avez faim apr\u00e8s votre vol ? Essayez ces excellents endroits avant de d\u00e9couvrir <em>ce qu&rsquo;il y a \u00e0 faire \u00e0 Faro<\/em>: <\/li><\/ul><h3><b>Restaurants \u00e0 proximit\u00e9 de l&rsquo;a\u00e9roport de Faro<\/b><\/h3><ul data-spread=\"false\"><li><p><strong>A Tapita<\/strong>: tapas portugaises et plats du jour, \u00e0 1,2 km de l&rsquo;a\u00e9roport. Cliquez <a href=\"https:\/\/goo.gl\/maps\/iGcznBdr5avgdr8q7\" target=\"_blank\" rel=\"noopener\">ici pour voir la carte<\/a>.<\/p><\/li><li><p><strong style=\"background-color: transparent; color: var( --e-global-color-text );\">Os Manos<\/strong><span style=\"background-color: transparent; color: var( --e-global-color-text );\">: Poisson frais grill\u00e9, prix moyens, \u00e0 1,2 km. <\/span><a href=\"https:\/\/goo.gl\/maps\/cLjcrjXPuVogiKMC7\" target=\"_blank\" rel=\"noopener\">Carte ici<\/a><span style=\"background-color: transparent; color: var( --e-global-color-text );\">.<\/span><\/p><\/li><li><p><strong>Sr. Frango <\/strong>: un d\u00e9licieux poulet grill\u00e9 \u00e0 des prix abordables, \u00e0 1,9 km. Cliquez <a href=\"https:\/\/goo.gl\/maps\/eR4Fhd5nWT6ppX7Z7\" target=\"_blank\" rel=\"noopener\">ici pour voir la carte<\/a>.<\/p><\/li><\/ul><p><span style=\"color: inherit; font-size: 1.75rem; background-color: transparent;\"><b>Restaurants \u00e0 proximit\u00e9 des gares routi\u00e8res et ferroviaires<\/b><\/span><\/p><p><span style=\"background-color: transparent; color: var( --e-global-color-text );\">Vous arrivez en bus ou en train ? Arr\u00eatez-vous pour manger un morceau avant de partir   <\/span><em style=\"background-color: transparent; color: var( --e-global-color-text );\">Que faire \u00e0 Faro ?<\/em><span style=\"background-color: transparent; color: var( --e-global-color-text );\">:<\/span><\/p><ul data-spread=\"false\"><li><p><span style=\"background-color: transparent; color: var( --e-global-color-text ); font-weight: bolder;\">O Chalavar<\/span><span style=\"background-color: transparent; color: var( --e-global-color-text );\">: poissons, fruits de mer et viandes grill\u00e9s ; cuisine traditionnelle \u00e0 des prix abordables. <\/span><a href=\"https:\/\/goo.gl\/maps\/pxFsM4VQhcxQzr7p9\" target=\"_blank\" rel=\"noopener\">Carte ici<\/a><span style=\"background-color: transparent; color: var( --e-global-color-text );\">.<\/span><\/p><\/li><li><p><span style=\"background-color: transparent; color: var( --e-global-color-text ); font-weight: bolder;\">A Tasca do Jo\u00e3o<\/span><span style=\"background-color: transparent; color: var( --e-global-color-text );\">: Des tapas portugaises haut de gamme \u00e0 des prix raisonnables. <\/span><a href=\"https:\/\/goo.gl\/maps\/RyUbDHq25F1imbqC9\" target=\"_blank\" rel=\"noopener\">Carte ici<\/a><span style=\"background-color: transparent; color: var( --e-global-color-text );\">.<\/span><\/p><\/li><li><p><span style=\"background-color: transparent; color: var( --e-global-color-text );\"><strong>O Castelo<\/strong>: une cuisine portugaise exceptionnelle accompagn\u00e9e de musique live.<\/span><a href=\"https:\/\/maps.app.goo.gl\/2wWER8yKTH6mZJ328\" target=\"_blank\" rel=\"noopener\">Carte ici.<\/a><\/p><\/li><li><p><span style=\"background-color: transparent; color: var( --e-global-color-text ); font-weight: bolder;\">A Venda<\/span><span style=\"background-color: transparent; color: var( --e-global-color-text );\">: une exp\u00e9rience unique de tapas portugaises. <\/span><a href=\"https:\/\/maps.app.goo.gl\/vBZeVjrTvL9vQbws5\" target=\"_blank\" rel=\"noopener\">Carte ici<\/a><span style=\"background-color: transparent; color: var( --e-global-color-text );\">.<\/span><\/p><\/li><li><p><span style=\"background-color: transparent; color: var( --e-global-color-text ); font-weight: bolder;\">O Cruzeiro<\/span><span style=\"background-color: transparent; color: var( --e-global-color-text );\">: Plats traditionnels \u00e0 base de poisson et de viande (d\u00eener uniquement). <\/span><a href=\"https:\/\/goo.gl\/maps\/KaPN8RbZ6Np8ANoCA\" target=\"_blank\" rel=\"noopener\">Carte ici<\/a><span style=\"background-color: transparent; color: var( --e-global-color-text );\">.<\/span><\/p><\/li><\/ul><p><span style=\"color: inherit; font-size: 1.75rem; background-color: transparent;\"><span style=\"font-weight: bold;\">Restaurants \u00e0 la plage de Faro (Praia do Faro)<\/span><\/span><\/p><ul data-spread=\"false\"><li><p><span style=\"background-color: transparent; color: var( --e-global-color-text ); font-weight: bolder;\">Elementos<\/span><span style=\"background-color: transparent; color: var( --e-global-color-text );\">: Tapas et cuisine portugaise avec vue sur le fleuve. <\/span><a href=\"https:\/\/maps.app.goo.gl\/LucNoK3d1tUgCaFo8\" target=\"_blank\" rel=\"noopener\">Carte ici<\/a><span style=\"background-color: transparent; color: var( --e-global-color-text );\">.<\/span><\/p><\/li><li><p><span style=\"background-color: transparent; color: var( --e-global-color-text ); font-weight: bolder;\">O Rui<\/span><span style=\"background-color: transparent; color: var( --e-global-color-text );\">: Restaurant de poisson traditionnel proposant des plats de grande qualit\u00e9. <\/span><a href=\"https:\/\/maps.app.goo.gl\/eH4KrzQiJhf1vBrV9\" target=\"_blank\" rel=\"noopener\">Carte ici<\/a><span style=\"background-color: transparent; color: var( --e-global-color-text );\">.<\/span><\/p><\/li><li><p><span style=\"background-color: transparent; color: var( --e-global-color-text ); font-weight: bolder;\">H\u00f4tel Aeromar<\/span><span style=\"background-color: transparent; color: var( --e-global-color-text );\">: l&rsquo;endroit id\u00e9al pour prendre son petit-d\u00e9jeuner \u00e0 un prix raisonnable. <\/span><a href=\"https:\/\/maps.app.goo.gl\/8o45g18a3KyFkUvh7\" target=\"_blank\" rel=\"noopener\">Carte ici<\/a><span style=\"background-color: transparent; color: var( --e-global-color-text );\">.<\/span><\/p><\/li><li><span style=\"background-color: transparent; color: var( --e-global-color-text ); font-weight: bolder;\">WAX<\/span><span style=\"background-color: transparent; color: var( --e-global-color-text );\">: C&rsquo;est l&rsquo;endroit id\u00e9al pour prendre un en-cas ou boire un verre au coucher du soleil. <\/span><a href=\"https:\/\/maps.app.goo.gl\/bRLYU3nXpgC3jU7D7\" target=\"_blank\" rel=\"noopener\">Carte ici<\/a><span style=\"background-color: transparent; color: var( --e-global-color-text );\">.<\/span><\/li><\/ul>\t\t\t\t\t\t\t\t<\/div>\n\t\t\t\t<\/div>\n\t\t\t\t\t<\/div>\n\t\t<\/div>\n\t\t\t\t\t<\/div>\n\t\t<\/section>\n\t\t\t\t<section class=\"elementor-section elementor-top-section elementor-element elementor-element-239a752 elementor-section-stretched elementor-section-boxed elementor-section-height-default elementor-section-height-default\" data-id=\"239a752\" data-element_type=\"section\" data-e-type=\"section\" id=\"activities\" data-settings=\"{&quot;stretch_section&quot;:&quot;section-stretched&quot;,&quot;background_background&quot;:&quot;classic&quot;}\">\n\t\t\t\t\t\t<div class=\"elementor-container elementor-column-gap-default\">\n\t\t\t\t\t<div class=\"elementor-column elementor-col-100 elementor-top-column elementor-element elementor-element-78df90b\" data-id=\"78df90b\" data-element_type=\"column\" data-e-type=\"column\">\n\t\t\t<div class=\"elementor-widget-wrap elementor-element-populated\">\n\t\t\t\t\t\t<div class=\"elementor-element elementor-element-6197d87 elementor-widget elementor-widget-heading\" data-id=\"6197d87\" data-element_type=\"widget\" data-e-type=\"widget\" data-widget_type=\"heading.default\">\n\t\t\t\t<div class=\"elementor-widget-container\">\n\t\t\t\t\t<h2 class=\"elementor-heading-title elementor-size-default\">Que faire \u00e0 Faro : les meilleures activit\u00e9s<\/h2>\t\t\t\t<\/div>\n\t\t\t\t<\/div>\n\t\t\t\t<div class=\"elementor-element elementor-element-957b211 elementor-widget elementor-widget-text-editor\" data-id=\"957b211\" data-element_type=\"widget\" data-e-type=\"widget\" data-widget_type=\"text-editor.default\">\n\t\t\t\t<div class=\"elementor-widget-container\">\n\t\t\t\t\t\t\t\t\t<p data-pm-slice=\"1 3 []\">Maintenant que vous \u00eates install\u00e9, explorons les activit\u00e9s \u00e0 faire \u00e0 Faro. D\u00e9couvrez ces activit\u00e9s incontournables : <\/p><p><strong>Explorer la nature et la vie sauvage<\/strong><\/p><ul><li>Excursion d&rsquo;observation des oiseaux en bateau : d\u00e9couvrez d&rsquo;incroyables esp\u00e8ces d&rsquo;oiseaux dans la Ria Formosa.<\/li><li>Excursion en bateau dans la Ria Formosa : d\u00e9couvrez cette lagune exceptionnelle et ses merveilles naturelles.<\/li><\/ul><p><strong>Aventures sur l&rsquo;\u00eele<\/strong><\/p><ul><li>Visitez les \u00eeles situ\u00e9es pr\u00e8s de Faro :<a href=\"https:\/\/www.ilhadeserta.com\/en\" target=\"_blank\" rel=\"noopener\">d\u00e9couvrez l&rsquo;Ilha Deserta<\/a>, l&rsquo;Ilha do Farol et Culatra.<\/li><li>Prenez un bateau pour l&rsquo;Ilha Deserta : commencez votre voyage <a href=\"https:\/\/maps.app.goo.gl\/c7Q5Mcv6AEYTAgRJA\" target=\"_blank\" rel=\"noopener\">ici<\/a>.<\/li><\/ul><p><strong>Exp\u00e9riences en ville<\/strong><\/p><ul><li>Train touristique urbain : une fa\u00e7on simple et ludique de d\u00e9couvrir les principaux sites touristiques de Faro.<\/li><li>March\u00e9 local aux poissons et aux fruits, ouvert tous les jours de 7 h \u00e0 13 h. Vous le trouverez <a href=\"https:\/\/goo.gl\/maps\/k21q9Bv9LbRnXknR7\" target=\"_blank\" rel=\"noopener\">ici<\/a>. <\/li><\/ul>\t\t\t\t\t\t\t\t<\/div>\n\t\t\t\t<\/div>\n\t\t\t\t\t<\/div>\n\t\t<\/div>\n\t\t\t\t\t<\/div>\n\t\t<\/section>\n\t\t\t\t<section class=\"elementor-section elementor-top-section elementor-element elementor-element-021c4b5 elementor-section-stretched elementor-section-boxed elementor-section-height-default elementor-section-height-default\" data-id=\"021c4b5\" data-element_type=\"section\" data-e-type=\"section\" id=\"campervan\" data-settings=\"{&quot;stretch_section&quot;:&quot;section-stretched&quot;,&quot;background_background&quot;:&quot;classic&quot;}\">\n\t\t\t\t\t\t<div class=\"elementor-container elementor-column-gap-default\">\n\t\t\t\t\t<div class=\"elementor-column elementor-col-100 elementor-top-column elementor-element elementor-element-6c6472a\" data-id=\"6c6472a\" data-element_type=\"column\" data-e-type=\"column\">\n\t\t\t<div class=\"elementor-widget-wrap elementor-element-populated\">\n\t\t\t\t\t\t<div class=\"elementor-element elementor-element-8d022dc elementor-widget elementor-widget-heading\" data-id=\"8d022dc\" data-element_type=\"widget\" data-e-type=\"widget\" data-widget_type=\"heading.default\">\n\t\t\t\t<div class=\"elementor-widget-container\">\n\t\t\t\t\t<h2 class=\"elementor-heading-title elementor-size-default\">Pourquoi Faro est le point de d\u00e9part id\u00e9al pour votre aventure en Campervan<\/h2>\t\t\t\t<\/div>\n\t\t\t\t<\/div>\n\t\t\t\t<div class=\"elementor-element elementor-element-b1000ea elementor-widget elementor-widget-text-editor\" data-id=\"b1000ea\" data-element_type=\"widget\" data-e-type=\"widget\" data-widget_type=\"text-editor.default\">\n\t\t\t\t<div class=\"elementor-widget-container\">\n\t\t\t\t\t\t\t\t\t<p>La situation centrale de Faro en fait le point de d\u00e9part id\u00e9al pour un voyage inoubliable en Campervan \u00e0 travers l&rsquo;Algarve. Gr\u00e2ce \u00e0 son r\u00e9seau routier bien desservi, \u00e0 ses magnifiques routes c\u00f4ti\u00e8res et \u00e0 un acc\u00e8s ais\u00e9 tant aux joyaux cach\u00e9s qu&rsquo;aux lieux incontournables, vous pourrez explorer la r\u00e9gion \u00e0 votre rythme. Notre <a href=\"https:\/\/oceancamper.com\/fr\/location-de-camping-cars\/trustpilot-ocean-camper-meilleure-note\/\">agence de location de Campervans \u00e0 Faro<\/a> se trouve \u00e0 2 km de l\u2019a\u00e9roport et vous offre la libert\u00e9 de vous r\u00e9veiller au bord de la plage, de courir apr\u00e8s le coucher de soleil le long de falaises pittoresques ou de d\u00e9couvrir de charmants villages de l\u2019arri\u00e8re-pays. De l\u00e0, vous pouvez entreprendre de superbes itin\u00e9raires routiers vers Albufeira, Tavira ou Lagos, chacune de ces villes poss\u00e9dant son caract\u00e8re et sa beaut\u00e9 propres. Que vous recherchiez l\u2019aventure, la d\u00e9tente ou une immersion culturelle, Faro est le point de d\u00e9part id\u00e9al pour votre voyage en camping-car.    <\/p>\t\t\t\t\t\t\t\t<\/div>\n\t\t\t\t<\/div>\n\t\t\t\t\t<\/div>\n\t\t<\/div>\n\t\t\t\t\t<\/div>\n\t\t<\/section>\n\t\t\t\t<section class=\"elementor-section elementor-top-section elementor-element elementor-element-7cdc99ca elementor-section-stretched elementor-section-boxed elementor-section-height-default elementor-section-height-default\" data-id=\"7cdc99ca\" data-element_type=\"section\" data-e-type=\"section\" data-settings=\"{&quot;stretch_section&quot;:&quot;section-stretched&quot;,&quot;background_background&quot;:&quot;classic&quot;}\">\n\t\t\t\t\t\t<div class=\"elementor-container elementor-column-gap-default\">\n\t\t\t\t\t<div class=\"elementor-column elementor-col-100 elementor-top-column elementor-element elementor-element-3d69cc99\" data-id=\"3d69cc99\" data-element_type=\"column\" data-e-type=\"column\">\n\t\t\t<div class=\"elementor-widget-wrap elementor-element-populated\">\n\t\t\t\t\t\t<section class=\"elementor-section elementor-inner-section elementor-element elementor-element-7c80d32b elementor-section-boxed elementor-section-height-default elementor-section-height-default\" data-id=\"7c80d32b\" data-element_type=\"section\" data-e-type=\"section\">\n\t\t\t\t\t\t<div class=\"elementor-container elementor-column-gap-default\">\n\t\t\t\t\t<div class=\"elementor-column elementor-col-100 elementor-inner-column elementor-element elementor-element-7faca857\" data-id=\"7faca857\" data-element_type=\"column\" data-e-type=\"column\">\n\t\t\t<div class=\"elementor-widget-wrap elementor-element-populated\">\n\t\t\t\t\t\t<div class=\"elementor-element elementor-element-22d7963 elementor-widget elementor-widget-heading\" data-id=\"22d7963\" data-element_type=\"widget\" data-e-type=\"widget\" data-widget_type=\"heading.default\">\n\t\t\t\t<div class=\"elementor-widget-container\">\n\t\t\t\t\t<h3 class=\"elementor-heading-title elementor-size-default\">Consulte nos autres articles:<\/h3>\t\t\t\t<\/div>\n\t\t\t\t<\/div>\n\t\t\t\t<div class=\"elementor-element elementor-element-1d0414e6 elementor-grid-tablet-3 elementor-grid-3 elementor-grid-mobile-1 elementor-posts--thumbnail-top elementor-posts__hover-gradient elementor-widget elementor-widget-posts\" data-id=\"1d0414e6\" data-element_type=\"widget\" data-e-type=\"widget\" data-settings=\"{&quot;cards_row_gap&quot;:{&quot;unit&quot;:&quot;px&quot;,&quot;size&quot;:20,&quot;sizes&quot;:[]},&quot;cards_row_gap_mobile&quot;:{&quot;unit&quot;:&quot;px&quot;,&quot;size&quot;:10,&quot;sizes&quot;:[]},&quot;cards_columns_tablet&quot;:&quot;3&quot;,&quot;cards_row_gap_tablet&quot;:{&quot;unit&quot;:&quot;px&quot;,&quot;size&quot;:5,&quot;sizes&quot;:[]},&quot;cards_columns&quot;:&quot;3&quot;,&quot;cards_columns_mobile&quot;:&quot;1&quot;}\" data-widget_type=\"posts.cards\">\n\t\t\t\t<div class=\"elementor-widget-container\">\n\t\t\t\t\t\t\t<div class=\"elementor-posts-container elementor-posts elementor-posts--skin-cards elementor-grid\" role=\"list\">\n\t\t\t\t<article class=\"elementor-post elementor-grid-item post-79688 post type-post status-publish format-standard has-post-thumbnail hentry category-non-classifiee\" role=\"listitem\">\n\t\t\t<div class=\"elementor-post__card\">\n\t\t\t\t<a class=\"elementor-post__thumbnail__link\" href=\"https:\/\/oceancamper.com\/fr\/camping-sauvage-au-portugal\/\" tabindex=\"-1\" ><div class=\"elementor-post__thumbnail\"><img decoding=\"async\" width=\"300\" height=\"200\" src=\"https:\/\/oceancamper.com\/wp-content\/uploads\/2025\/03\/wild-camping-portugal-ocean-camper-cliff-view-300x200.jpg\" class=\"attachment-medium size-medium wp-image-210436\" alt=\"Camping-car Red Ocean gar\u00e9 sur une falaise c\u00f4ti\u00e8re au Portugal lors d&#039;un voyage en camping sauvage.\" srcset=\"https:\/\/oceancamper.com\/wp-content\/uploads\/2025\/03\/wild-camping-portugal-ocean-camper-cliff-view-300x200.jpg 300w, https:\/\/oceancamper.com\/wp-content\/uploads\/2025\/03\/wild-camping-portugal-ocean-camper-cliff-view-1024x683.jpg 1024w, https:\/\/oceancamper.com\/wp-content\/uploads\/2025\/03\/wild-camping-portugal-ocean-camper-cliff-view-768x512.jpg 768w, https:\/\/oceancamper.com\/wp-content\/uploads\/2025\/03\/wild-camping-portugal-ocean-camper-cliff-view-1536x1024.jpg 1536w, https:\/\/oceancamper.com\/wp-content\/uploads\/2025\/03\/wild-camping-portugal-ocean-camper-cliff-view-2048x1365.jpg 2048w, https:\/\/oceancamper.com\/wp-content\/uploads\/2025\/03\/wild-camping-portugal-ocean-camper-cliff-view-240x160.jpg 240w\" sizes=\"(max-width: 300px) 100vw, 300px\" \/><\/div><\/a>\n\t\t\t\t<div class=\"elementor-post__text\">\n\t\t\t\t<h2 class=\"elementor-post__title\">\n\t\t\t<a href=\"https:\/\/oceancamper.com\/fr\/camping-sauvage-au-portugal\/\" >\n\t\t\t\tCamping sauvage au Portugal 2026 : r\u00e8gles, amendes et nuit\u00e9es l\u00e9gales\t\t\t<\/a>\n\t\t<\/h2>\n\t\t\t\t<div class=\"elementor-post__excerpt\">\n\t\t\t<p>Conseils pour un road trip r\u00e9ussi. Les meilleures applications de camping. Camping sauvage, feu, moustiques, assurance sant\u00e9.  <\/p>\n\t\t<\/div>\n\t\t\n\t\t<a class=\"elementor-post__read-more\" href=\"https:\/\/oceancamper.com\/fr\/camping-sauvage-au-portugal\/\" aria-label=\"En savoir plus sur Camping sauvage au Portugal 2026 : r\u00e8gles, amendes et nuit\u00e9es l\u00e9gales\" tabindex=\"-1\" >\n\t\t\tLire la suite \u00bb\t\t<\/a>\n\n\t\t\t\t<\/div>\n\t\t\t\t\t<\/div>\n\t\t<\/article>\n\t\t\t\t<article class=\"elementor-post elementor-grid-item post-79026 post type-post status-publish format-standard has-post-thumbnail hentry category-non-classifiee category-points-forts\" role=\"listitem\">\n\t\t\t<div class=\"elementor-post__card\">\n\t\t\t\t<a class=\"elementor-post__thumbnail__link\" href=\"https:\/\/oceancamper.com\/fr\/voyage-en-campervan-electrique\/\" tabindex=\"-1\" ><div class=\"elementor-post__thumbnail\"><img decoding=\"async\" width=\"300\" height=\"200\" src=\"https:\/\/oceancamper.com\/wp-content\/uploads\/2022\/03\/electric-mini-camper-Ocean-Camper-300x200.jpg\" class=\"attachment-medium size-medium wp-image-219473\" alt=\"Mini camper \u00e9lectrique Ocean Camper gar\u00e9 au bord de la plage au Portugal\" srcset=\"https:\/\/oceancamper.com\/wp-content\/uploads\/2022\/03\/electric-mini-camper-Ocean-Camper-300x200.jpg 300w, https:\/\/oceancamper.com\/wp-content\/uploads\/2022\/03\/electric-mini-camper-Ocean-Camper-1024x683.jpg 1024w, https:\/\/oceancamper.com\/wp-content\/uploads\/2022\/03\/electric-mini-camper-Ocean-Camper-768x512.jpg 768w, https:\/\/oceancamper.com\/wp-content\/uploads\/2022\/03\/electric-mini-camper-Ocean-Camper-240x160.jpg 240w, https:\/\/oceancamper.com\/wp-content\/uploads\/2022\/03\/electric-mini-camper-Ocean-Camper.jpg 1200w\" sizes=\"(max-width: 300px) 100vw, 300px\" \/><\/div><\/a>\n\t\t\t\t<div class=\"elementor-post__text\">\n\t\t\t\t<h2 class=\"elementor-post__title\">\n\t\t\t<a href=\"https:\/\/oceancamper.com\/fr\/voyage-en-campervan-electrique\/\" >\n\t\t\t\tRoadtrip en Campervan \u00e9lectrique\t\t\t<\/a>\n\t\t<\/h2>\n\t\t\t\t<div class=\"elementor-post__excerpt\">\n\t\t\t<p>Conseils pour voyager avec notre camping-car 100% \u00e9lectrique e-Nomad : o\u00f9 le recharger, carte des bornes de recharge et histoire du eCamper.<\/p>\n\t\t<\/div>\n\t\t\n\t\t<a class=\"elementor-post__read-more\" href=\"https:\/\/oceancamper.com\/fr\/voyage-en-campervan-electrique\/\" aria-label=\"En savoir plus sur Roadtrip en Campervan \u00e9lectrique\" tabindex=\"-1\" >\n\t\t\tLire la suite \u00bb\t\t<\/a>\n\n\t\t\t\t<\/div>\n\t\t\t\t\t<\/div>\n\t\t<\/article>\n\t\t\t\t<article class=\"elementor-post elementor-grid-item post-79719 post type-post status-publish format-standard has-post-thumbnail hentry category-conseils-de-camping tag-solocamping-solotraveller-campingtips-fr\" role=\"listitem\">\n\t\t\t<div class=\"elementor-post__card\">\n\t\t\t\t<a class=\"elementor-post__thumbnail__link\" href=\"https:\/\/oceancamper.com\/fr\/conseils-pour-voyager-seul-au-portugal\/\" tabindex=\"-1\" ><div class=\"elementor-post__thumbnail\"><img loading=\"lazy\" decoding=\"async\" width=\"300\" height=\"225\" src=\"https:\/\/oceancamper.com\/wp-content\/uploads\/2023\/05\/edited-1-340-min-300x225.jpg\" class=\"attachment-medium size-medium wp-image-77985\" alt=\"Une femme assise \u00e0 l&#039;arri\u00e8re d&#039;un Campervan, admirant le coucher de soleil : la libert\u00e9 du voyage en solo en Algarve, au Portugal.\" srcset=\"https:\/\/oceancamper.com\/wp-content\/uploads\/2023\/05\/edited-1-340-min-300x225.jpg 300w, https:\/\/oceancamper.com\/wp-content\/uploads\/2023\/05\/edited-1-340-min-1024x768.jpg 1024w, https:\/\/oceancamper.com\/wp-content\/uploads\/2023\/05\/edited-1-340-min-768x576.jpg 768w, https:\/\/oceancamper.com\/wp-content\/uploads\/2023\/05\/edited-1-340-min-1536x1152.jpg 1536w, https:\/\/oceancamper.com\/wp-content\/uploads\/2023\/05\/edited-1-340-min-240x180.jpg 240w, https:\/\/oceancamper.com\/wp-content\/uploads\/2023\/05\/edited-1-340-min.jpg 1707w\" sizes=\"(max-width: 300px) 100vw, 300px\" \/><\/div><\/a>\n\t\t\t\t<div class=\"elementor-post__text\">\n\t\t\t\t<h2 class=\"elementor-post__title\">\n\t\t\t<a href=\"https:\/\/oceancamper.com\/fr\/conseils-pour-voyager-seul-au-portugal\/\" >\n\t\t\t\tConseils pour les voyages en solitaire Portugal\t\t\t<\/a>\n\t\t<\/h2>\n\t\t\t\t<div class=\"elementor-post__excerpt\">\n\t\t\t<p>  Pourquoi voyager en solo ?<br \/>\n Avantages du voyage en solo<br \/>\n S\u00e9curit\u00e9 et environnement social<br \/>\n Suggestions d&rsquo;activit\u00e9s  <\/p>\n\t\t<\/div>\n\t\t\n\t\t<a class=\"elementor-post__read-more\" href=\"https:\/\/oceancamper.com\/fr\/conseils-pour-voyager-seul-au-portugal\/\" aria-label=\"En savoir plus sur Conseils pour les voyages en solitaire Portugal\" tabindex=\"-1\" >\n\t\t\tLire la suite \u00bb\t\t<\/a>\n\n\t\t\t\t<\/div>\n\t\t\t\t\t<\/div>\n\t\t<\/article>\n\t\t\t\t<\/div>\n\t\t\n\t\t\t\t\t\t<\/div>\n\t\t\t\t<\/div>\n\t\t\t\t<div class=\"elementor-element elementor-element-180a3e0 elementor-align-left elementor-tablet-align-left elementor-mobile-align-left elementor-widget elementor-widget-button\" data-id=\"180a3e0\" data-element_type=\"widget\" data-e-type=\"widget\" data-widget_type=\"button.default\">\n\t\t\t\t<div class=\"elementor-widget-container\">\n\t\t\t\t\t\t\t\t\t<div class=\"elementor-button-wrapper\">\n\t\t\t\t\t<a class=\"elementor-button elementor-button-link elementor-size-sm elementor-animation-pop\" href=\"https:\/\/oceancamper.com\/fr\/blog\/\">\n\t\t\t\t\t\t<span class=\"elementor-button-content-wrapper\">\n\t\t\t\t\t\t\t\t\t<span class=\"elementor-button-text\">Retour au blog<\/span>\n\t\t\t\t\t<\/span>\n\t\t\t\t\t<\/a>\n\t\t\t\t<\/div>\n\t\t\t\t\t\t\t\t<\/div>\n\t\t\t\t<\/div>\n\t\t\t\t\t<\/div>\n\t\t<\/div>\n\t\t\t\t\t<\/div>\n\t\t<\/section>\n\t\t\t\t\t<\/div>\n\t\t<\/div>\n\t\t\t\t\t<\/div>\n\t\t<\/section>\n\t\t\t\t<\/div>\n\t\t","protected":false},"excerpt":{"rendered":"<p>Comment se rendre de l&rsquo;a\u00e9roport au centre-ville de Faro ou \u00e0 Praia de Faro ? Horaire des bus. Les meilleurs restaurants \u00e0 Faro.  <\/p>\n","protected":false},"author":1,"featured_media":183897,"comment_status":"closed","ping_status":"open","sticky":false,"template":"elementor_header_footer","format":"standard","meta":{"om_disable_all_campaigns":false,"footnotes":""},"categories":[46],"tags":[],"class_list":["post-79698","post","type-post","status-publish","format-standard","has-post-thumbnail","hentry","category-non-classifiee"],"aioseo_notices":[],"aioseo_head":"\n\t\t<!-- All in One SEO 4.9.10 - aioseo.com -->\n\t<meta name=\"description\" content=\"Conseils pour voyager seul au Portugal : pourquoi partir seul, comment rester en s\u00e9curit\u00e9, faire des rencontres en chemin, et comment un Campervan facilite le voyage en solo et le rend moins cher.\" \/>\n\t<meta name=\"robots\" content=\"max-image-preview:large\" \/>\n\t<meta name=\"author\" content=\"nomadcanguru\"\/>\n\t<link rel=\"canonical\" href=\"https:\/\/oceancamper.com\/fr\/conseils-pour-voyager-seul-au-portugal\/\" \/>\n\t<meta name=\"generator\" content=\"All in One SEO (AIOSEO) 4.9.10\" \/>\n\t\t<meta property=\"og:locale\" content=\"fr_FR\" \/>\n\t\t<meta property=\"og:site_name\" content=\"Ocean Camper - Campervan Rental in Faro, Portugal\" \/>\n\t\t<meta property=\"og:type\" content=\"article\" \/>\n\t\t<meta property=\"og:title\" content=\"Voyager en solo au Portugal : conseils, s\u00e9curit\u00e9 et voyage en solitaire\" \/>\n\t\t<meta property=\"og:description\" content=\"Conseils pour voyager en solo au Portugal : pourquoi partir seul, comment assurer sa s\u00e9curit\u00e9, faire des rencontres en chemin, et comment un Campervan facilite les voyages en solo et les rend plus \u00e9conomiques.\" \/>\n\t\t<meta property=\"og:url\" content=\"https:\/\/oceancamper.com\/fr\/conseils-pour-voyager-seul-au-portugal\/\" \/>\n\t\t<meta property=\"og:image\" content=\"https:\/\/oceancamper.com\/wp-content\/uploads\/2022\/01\/Asset-5.png\" \/>\n\t\t<meta property=\"og:image:secure_url\" content=\"https:\/\/oceancamper.com\/wp-content\/uploads\/2022\/01\/Asset-5.png\" \/>\n\t\t<meta property=\"og:image:width\" content=\"662\" \/>\n\t\t<meta property=\"og:image:height\" content=\"291\" \/>\n\t\t<meta property=\"article:published_time\" content=\"2023-05-24T16:21:11+00:00\" \/>\n\t\t<meta property=\"article:modified_time\" content=\"2026-09-01T16:51:04+00:00\" \/>\n\t\t<meta property=\"article:publisher\" content=\"https:\/\/www.facebook.com\/oceancamper\/\" \/>\n\t\t<meta name=\"twitter:card\" content=\"summary\" \/>\n\t\t<meta name=\"twitter:site\" content=\"@Ocean_Camper\" \/>\n\t\t<meta name=\"twitter:title\" content=\"Voyager en solo au Portugal : conseils, s\u00e9curit\u00e9 et partir seul(e)\" \/>\n\t\t<meta name=\"twitter:description\" content=\"Conseils pour voyager en solo au Portugal : pourquoi partir seul, comment voyager en toute s\u00e9curit\u00e9, comment rencontrer des gens en chemin, et comment un Campervan facilite les voyages en solo et les rend moins chers.\" \/>\n\t\t<meta name=\"twitter:creator\" content=\"@Ocean_Camper\" \/>\n\t\t<meta name=\"twitter:image\" content=\"https:\/\/oceancamper.com\/wp-content\/uploads\/2022\/01\/Asset-5.png\" \/>\n\t\t<script type=\"application\/ld+json\" class=\"aioseo-schema\">\n\t\t\t{\"@context\":\"https:\\\/\\\/schema.org\",\"@graph\":[{\"@type\":\"BlogPosting\",\"@id\":\"https:\\\/\\\/oceancamper.com\\\/fr\\\/conseils-pour-voyager-seul-au-portugal\\\/#blogposting\",\"name\":\"Voyager en solo au Portugal : conseils, s\\u00e9curit\\u00e9 et voyage en solitaire\",\"headline\":\"Conseils pour les voyages en solitaire Portugal\",\"author\":{\"@id\":\"https:\\\/\\\/oceancamper.com\\\/fr\\\/author\\\/nomadcanguru\\\/#author\"},\"publisher\":{\"@id\":\"https:\\\/\\\/oceancamper.com\\\/fr\\\/#organization\"},\"image\":{\"@type\":\"ImageObject\",\"url\":\"https:\\\/\\\/oceancamper.com\\\/wp-content\\\/uploads\\\/2023\\\/05\\\/edited-1-340-min.jpg\",\"width\":1707,\"height\":1280,\"caption\":\"Profitez de couchers de soleil paisibles lors de votre road trip en solitaire \\u00e0 travers l'Algarve : libert\\u00e9 et s\\u00e9curit\\u00e9 avec Ocean Camper.\"},\"datePublished\":\"2023-05-24T16:21:11+00:00\",\"dateModified\":\"2026-09-01T16:51:04+00:00\",\"inLanguage\":\"fr-FR\",\"mainEntityOfPage\":{\"@id\":\"https:\\\/\\\/oceancamper.com\\\/fr\\\/conseils-pour-voyager-seul-au-portugal\\\/#webpage\"},\"isPartOf\":{\"@id\":\"https:\\\/\\\/oceancamper.com\\\/fr\\\/conseils-pour-voyager-seul-au-portugal\\\/#webpage\"},\"articleSection\":\"Conseils de camping, #solocamping #solotraveller #campingtips, Facultatif\"},{\"@type\":\"BreadcrumbList\",\"@id\":\"https:\\\/\\\/oceancamper.com\\\/fr\\\/conseils-pour-voyager-seul-au-portugal\\\/#breadcrumblist\",\"itemListElement\":[{\"@type\":\"ListItem\",\"@id\":\"https:\\\/\\\/oceancamper.com\\\/fr\\\/#listItem\",\"position\":1,\"name\":\"Home\",\"item\":\"https:\\\/\\\/oceancamper.com\\\/fr\\\/\",\"nextItem\":{\"@type\":\"ListItem\",\"@id\":\"https:\\\/\\\/oceancamper.com\\\/fr\\\/category\\\/non-classifiee\\\/#listItem\",\"name\":\"Non classifi\\u00e9(e)\"}},{\"@type\":\"ListItem\",\"@id\":\"https:\\\/\\\/oceancamper.com\\\/fr\\\/category\\\/non-classifiee\\\/#listItem\",\"position\":2,\"name\":\"Non classifi\\u00e9(e)\",\"item\":\"https:\\\/\\\/oceancamper.com\\\/fr\\\/category\\\/non-classifiee\\\/\",\"nextItem\":{\"@type\":\"ListItem\",\"@id\":\"https:\\\/\\\/oceancamper.com\\\/fr\\\/choses-a-faire-a-faro\\\/#listItem\",\"name\":\"Que faire \\u00e0 Faro ?\"},\"previousItem\":{\"@type\":\"ListItem\",\"@id\":\"https:\\\/\\\/oceancamper.com\\\/fr\\\/#listItem\",\"name\":\"Home\"}},{\"@type\":\"ListItem\",\"@id\":\"https:\\\/\\\/oceancamper.com\\\/fr\\\/choses-a-faire-a-faro\\\/#listItem\",\"position\":3,\"name\":\"Que faire \\u00e0 Faro ?\",\"previousItem\":{\"@type\":\"ListItem\",\"@id\":\"https:\\\/\\\/oceancamper.com\\\/fr\\\/category\\\/non-classifiee\\\/#listItem\",\"name\":\"Non classifi\\u00e9(e)\"}}]},{\"@type\":\"Organization\",\"@id\":\"https:\\\/\\\/oceancamper.com\\\/fr\\\/#organization\",\"name\":\"Ocean Camper\",\"description\":\"Ocean Camper provides affordable campervan rental in Portugal with fully equipped campervans for up to three people, available in Faro and Lisbon for flexible road trips.\",\"url\":\"https:\\\/\\\/oceancamper.com\\\/fr\\\/\",\"email\":\"info@oceancamper.com\",\"telephone\":\"+351920301044\",\"foundingDate\":\"2017-04-19\",\"numberOfEmployees\":{\"@type\":\"QuantitativeValue\",\"minValue\":0,\"maxValue\":10},\"logo\":{\"@type\":\"ImageObject\",\"url\":\"https:\\\/\\\/oceancamper.com\\\/wp-content\\\/uploads\\\/2022\\\/01\\\/Asset-5.png\",\"@id\":\"https:\\\/\\\/oceancamper.com\\\/fr\\\/conseils-pour-voyager-seul-au-portugal\\\/#organizationLogo\",\"width\":662,\"height\":291,\"caption\":\"Ocean Camper logo\"},\"image\":{\"@id\":\"https:\\\/\\\/oceancamper.com\\\/fr\\\/conseils-pour-voyager-seul-au-portugal\\\/#organizationLogo\"},\"sameAs\":[\"https:\\\/\\\/www.facebook.com\\\/oceancamper\\\/\",\"https:\\\/\\\/x.com\\\/Ocean_Camper\",\"https:\\\/\\\/www.instagram.com\\\/oceancamper.vans\\\/\",\"https:\\\/\\\/www.tiktok.com\\\/@oceancamper.vans\",\"https:\\\/\\\/www.youtube.com\\\/@oceancamper\",\"https:\\\/\\\/www.linkedin.com\\\/company\\\/oceancamper\\\/\",\"https:\\\/\\\/www.trustpilot.com\\\/review\\\/oceancamper.com\"]},{\"@type\":\"Person\",\"@id\":\"https:\\\/\\\/oceancamper.com\\\/fr\\\/author\\\/nomadcanguru\\\/#author\",\"url\":\"https:\\\/\\\/oceancamper.com\\\/fr\\\/author\\\/nomadcanguru\\\/\",\"name\":\"nomadcanguru\",\"image\":{\"@type\":\"ImageObject\",\"@id\":\"https:\\\/\\\/oceancamper.com\\\/fr\\\/conseils-pour-voyager-seul-au-portugal\\\/#authorImage\",\"url\":\"https:\\\/\\\/secure.gravatar.com\\\/avatar\\\/3a5092e8a35779f7501b5a8c315d77eae173c0705d8cfd512c06ce5460985e92?s=96&d=mm&r=g\",\"width\":96,\"height\":96,\"caption\":\"nomadcanguru\"}},{\"@type\":\"WebPage\",\"@id\":\"https:\\\/\\\/oceancamper.com\\\/fr\\\/conseils-pour-voyager-seul-au-portugal\\\/#webpage\",\"url\":\"https:\\\/\\\/oceancamper.com\\\/fr\\\/conseils-pour-voyager-seul-au-portugal\\\/\",\"name\":\"Voyager en solo au Portugal : conseils, s\\u00e9curit\\u00e9 et voyage en solitaire\",\"description\":\"Conseils pour voyager seul au Portugal : pourquoi partir seul, comment rester en s\\u00e9curit\\u00e9, faire des rencontres en chemin, et comment un Campervan facilite le voyage en solo et le rend moins cher.\",\"inLanguage\":\"fr-FR\",\"isPartOf\":{\"@id\":\"https:\\\/\\\/oceancamper.com\\\/fr\\\/#website\"},\"breadcrumb\":{\"@id\":\"https:\\\/\\\/oceancamper.com\\\/fr\\\/conseils-pour-voyager-seul-au-portugal\\\/#breadcrumblist\"},\"author\":{\"@id\":\"https:\\\/\\\/oceancamper.com\\\/fr\\\/author\\\/nomadcanguru\\\/#author\"},\"creator\":{\"@id\":\"https:\\\/\\\/oceancamper.com\\\/fr\\\/author\\\/nomadcanguru\\\/#author\"},\"image\":{\"@type\":\"ImageObject\",\"url\":\"https:\\\/\\\/oceancamper.com\\\/wp-content\\\/uploads\\\/2023\\\/05\\\/edited-1-340-min.jpg\",\"@id\":\"https:\\\/\\\/oceancamper.com\\\/fr\\\/conseils-pour-voyager-seul-au-portugal\\\/#mainImage\",\"width\":1707,\"height\":1280,\"caption\":\"Profitez de couchers de soleil paisibles lors de votre road trip en solitaire \\u00e0 travers l'Algarve : libert\\u00e9 et s\\u00e9curit\\u00e9 avec Ocean Camper.\"},\"primaryImageOfPage\":{\"@id\":\"https:\\\/\\\/oceancamper.com\\\/fr\\\/conseils-pour-voyager-seul-au-portugal\\\/#mainImage\"},\"datePublished\":\"2023-05-24T16:21:11+00:00\",\"dateModified\":\"2026-09-01T16:51:04+00:00\"},{\"@type\":\"WebSite\",\"@id\":\"https:\\\/\\\/oceancamper.com\\\/fr\\\/#website\",\"url\":\"https:\\\/\\\/oceancamper.com\\\/fr\\\/\",\"name\":\"Ocean Camper\",\"alternateName\":\"Ocean Camper Portugal\",\"description\":\"Campervan Rental in Faro, Portugal\",\"inLanguage\":\"fr-FR\",\"publisher\":{\"@id\":\"https:\\\/\\\/oceancamper.com\\\/fr\\\/#organization\"}}]}\n\t\t<\/script>\n\t\t<!-- All in One SEO -->\n\n","aioseo_head_json":{"title":"Voyager en solo au Portugal : conseils, s\u00e9curit\u00e9 et voyage en solitaire","description":"Conseils pour voyager seul au Portugal : pourquoi partir seul, comment rester en s\u00e9curit\u00e9, faire des rencontres en chemin, et comment un Campervan facilite le voyage en solo et le rend moins cher.","canonical_url":"https:\/\/oceancamper.com\/fr\/conseils-pour-voyager-seul-au-portugal\/","robots":"max-image-preview:large","keywords":"","webmasterTools":{"miscellaneous":""},"schema":{"@context":"https:\/\/schema.org","@graph":[{"@type":"BlogPosting","@id":"https:\/\/oceancamper.com\/fr\/conseils-pour-voyager-seul-au-portugal\/#blogposting","name":"Voyager en solo au Portugal : conseils, s\u00e9curit\u00e9 et voyage en solitaire","headline":"Conseils pour les voyages en solitaire Portugal","author":{"@id":"https:\/\/oceancamper.com\/fr\/author\/nomadcanguru\/#author"},"publisher":{"@id":"https:\/\/oceancamper.com\/fr\/#organization"},"image":{"@type":"ImageObject","url":"https:\/\/oceancamper.com\/wp-content\/uploads\/2023\/05\/edited-1-340-min.jpg","width":1707,"height":1280,"caption":"Profitez de couchers de soleil paisibles lors de votre road trip en solitaire \u00e0 travers l'Algarve : libert\u00e9 et s\u00e9curit\u00e9 avec Ocean Camper."},"datePublished":"2023-05-24T16:21:11+00:00","dateModified":"2026-09-01T16:51:04+00:00","inLanguage":"fr-FR","mainEntityOfPage":{"@id":"https:\/\/oceancamper.com\/fr\/conseils-pour-voyager-seul-au-portugal\/#webpage"},"isPartOf":{"@id":"https:\/\/oceancamper.com\/fr\/conseils-pour-voyager-seul-au-portugal\/#webpage"},"articleSection":"Conseils de camping, #solocamping #solotraveller #campingtips, Facultatif"},{"@type":"BreadcrumbList","@id":"https:\/\/oceancamper.com\/fr\/conseils-pour-voyager-seul-au-portugal\/#breadcrumblist","itemListElement":[{"@type":"ListItem","@id":"https:\/\/oceancamper.com\/fr\/#listItem","position":1,"name":"Home","item":"https:\/\/oceancamper.com\/fr\/","nextItem":{"@type":"ListItem","@id":"https:\/\/oceancamper.com\/fr\/category\/non-classifiee\/#listItem","name":"Non classifi\u00e9(e)"}},{"@type":"ListItem","@id":"https:\/\/oceancamper.com\/fr\/category\/non-classifiee\/#listItem","position":2,"name":"Non classifi\u00e9(e)","item":"https:\/\/oceancamper.com\/fr\/category\/non-classifiee\/","nextItem":{"@type":"ListItem","@id":"https:\/\/oceancamper.com\/fr\/choses-a-faire-a-faro\/#listItem","name":"Que faire \u00e0 Faro ?"},"previousItem":{"@type":"ListItem","@id":"https:\/\/oceancamper.com\/fr\/#listItem","name":"Home"}},{"@type":"ListItem","@id":"https:\/\/oceancamper.com\/fr\/choses-a-faire-a-faro\/#listItem","position":3,"name":"Que faire \u00e0 Faro ?","previousItem":{"@type":"ListItem","@id":"https:\/\/oceancamper.com\/fr\/category\/non-classifiee\/#listItem","name":"Non classifi\u00e9(e)"}}]},{"@type":"Organization","@id":"https:\/\/oceancamper.com\/fr\/#organization","name":"Ocean Camper","description":"Ocean Camper provides affordable campervan rental in Portugal with fully equipped campervans for up to three people, available in Faro and Lisbon for flexible road trips.","url":"https:\/\/oceancamper.com\/fr\/","email":"info@oceancamper.com","telephone":"+351920301044","foundingDate":"2017-04-19","numberOfEmployees":{"@type":"QuantitativeValue","minValue":0,"maxValue":10},"logo":{"@type":"ImageObject","url":"https:\/\/oceancamper.com\/wp-content\/uploads\/2022\/01\/Asset-5.png","@id":"https:\/\/oceancamper.com\/fr\/conseils-pour-voyager-seul-au-portugal\/#organizationLogo","width":662,"height":291,"caption":"Ocean Camper logo"},"image":{"@id":"https:\/\/oceancamper.com\/fr\/conseils-pour-voyager-seul-au-portugal\/#organizationLogo"},"sameAs":["https:\/\/www.facebook.com\/oceancamper\/","https:\/\/x.com\/Ocean_Camper","https:\/\/www.instagram.com\/oceancamper.vans\/","https:\/\/www.tiktok.com\/@oceancamper.vans","https:\/\/www.youtube.com\/@oceancamper","https:\/\/www.linkedin.com\/company\/oceancamper\/","https:\/\/www.trustpilot.com\/review\/oceancamper.com"]},{"@type":"Person","@id":"https:\/\/oceancamper.com\/fr\/author\/nomadcanguru\/#author","url":"https:\/\/oceancamper.com\/fr\/author\/nomadcanguru\/","name":"nomadcanguru","image":{"@type":"ImageObject","@id":"https:\/\/oceancamper.com\/fr\/conseils-pour-voyager-seul-au-portugal\/#authorImage","url":"https:\/\/secure.gravatar.com\/avatar\/3a5092e8a35779f7501b5a8c315d77eae173c0705d8cfd512c06ce5460985e92?s=96&d=mm&r=g","width":96,"height":96,"caption":"nomadcanguru"}},{"@type":"WebPage","@id":"https:\/\/oceancamper.com\/fr\/conseils-pour-voyager-seul-au-portugal\/#webpage","url":"https:\/\/oceancamper.com\/fr\/conseils-pour-voyager-seul-au-portugal\/","name":"Voyager en solo au Portugal : conseils, s\u00e9curit\u00e9 et voyage en solitaire","description":"Conseils pour voyager seul au Portugal : pourquoi partir seul, comment rester en s\u00e9curit\u00e9, faire des rencontres en chemin, et comment un Campervan facilite le voyage en solo et le rend moins cher.","inLanguage":"fr-FR","isPartOf":{"@id":"https:\/\/oceancamper.com\/fr\/#website"},"breadcrumb":{"@id":"https:\/\/oceancamper.com\/fr\/conseils-pour-voyager-seul-au-portugal\/#breadcrumblist"},"author":{"@id":"https:\/\/oceancamper.com\/fr\/author\/nomadcanguru\/#author"},"creator":{"@id":"https:\/\/oceancamper.com\/fr\/author\/nomadcanguru\/#author"},"image":{"@type":"ImageObject","url":"https:\/\/oceancamper.com\/wp-content\/uploads\/2023\/05\/edited-1-340-min.jpg","@id":"https:\/\/oceancamper.com\/fr\/conseils-pour-voyager-seul-au-portugal\/#mainImage","width":1707,"height":1280,"caption":"Profitez de couchers de soleil paisibles lors de votre road trip en solitaire \u00e0 travers l'Algarve : libert\u00e9 et s\u00e9curit\u00e9 avec Ocean Camper."},"primaryImageOfPage":{"@id":"https:\/\/oceancamper.com\/fr\/conseils-pour-voyager-seul-au-portugal\/#mainImage"},"datePublished":"2023-05-24T16:21:11+00:00","dateModified":"2026-09-01T16:51:04+00:00"},{"@type":"WebSite","@id":"https:\/\/oceancamper.com\/fr\/#website","url":"https:\/\/oceancamper.com\/fr\/","name":"Ocean Camper","alternateName":"Ocean Camper Portugal","description":"Campervan Rental in Faro, Portugal","inLanguage":"fr-FR","publisher":{"@id":"https:\/\/oceancamper.com\/fr\/#organization"}}]},"og:locale":"fr_FR","og:site_name":"Ocean Camper - Campervan Rental in Faro, Portugal","og:type":"article","og:title":"Voyager en solo au Portugal : conseils, s\u00e9curit\u00e9 et voyage en solitaire","og:description":"Conseils pour voyager en solo au Portugal : pourquoi partir seul, comment assurer sa s\u00e9curit\u00e9, faire des rencontres en chemin, et comment un Campervan facilite les voyages en solo et les rend plus \u00e9conomiques.","og:url":"https:\/\/oceancamper.com\/fr\/conseils-pour-voyager-seul-au-portugal\/","og:image":"https:\/\/oceancamper.com\/wp-content\/uploads\/2022\/01\/Asset-5.png","og:image:secure_url":"https:\/\/oceancamper.com\/wp-content\/uploads\/2022\/01\/Asset-5.png","og:image:width":662,"og:image:height":291,"article:published_time":"2023-05-24T16:21:11+00:00","article:modified_time":"2026-09-01T16:51:04+00:00","article:publisher":"https:\/\/www.facebook.com\/oceancamper\/","twitter:card":"summary","twitter:site":"@Ocean_Camper","twitter:title":"Voyager en solo au Portugal : conseils, s\u00e9curit\u00e9 et partir seul(e)","twitter:description":"Conseils pour voyager en solo au Portugal : pourquoi partir seul, comment voyager en toute s\u00e9curit\u00e9, comment rencontrer des gens en chemin, et comment un Campervan facilite les voyages en solo et les rend moins chers.","twitter:creator":"@Ocean_Camper","twitter:image":"https:\/\/oceancamper.com\/wp-content\/uploads\/2022\/01\/Asset-5.png"},"aioseo_meta_data":{"post_id":"79698","title":"Choses \u00e0 faire \u00e0 Faro #separator_sa Que faire \u00e0 Faro ? 2025","description":"Choses \u00e0 faire \u00e0 Faro. Que faire \u00e0 Faro ? D\u00e9couvrez les restaurants, les activit\u00e9s, les joyaux locaux et les aventures pour un voyage inoubliable dans le sud du Portugal !  ","keywords":null,"keyphrases":{"focus":{"keyphrase":"Things to do Faro","score":60,"analysis":{"keyphraseInTitle":{"score":9,"maxScore":9,"error":0},"keyphraseInDescription":{"score":9,"maxScore":9,"error":0},"keyphraseLength":{"score":9,"maxScore":9,"error":0,"length":4},"keyphraseInURL":{"score":5,"maxScore":5,"error":0},"keyphraseInIntroduction":{"score":3,"maxScore":9,"error":1},"keyphraseInSubHeadings":{"score":3,"maxScore":9,"error":1},"keyphraseInImageAlt":{"score":3,"maxScore":9,"error":1},"keywordDensity":{"score":0,"type":"low","maxScore":9,"error":1}}},"additional":[{"keyphrase":"What to do in Faro?","score":60,"analysis":{"keyphraseInDescription":{"score":9,"maxScore":9,"error":0},"keyphraseLength":{"score":6,"maxScore":9,"error":1,"length":5},"keyphraseInIntroduction":{"score":9,"maxScore":9,"error":0},"keyphraseInImageAlt":{"score":3,"maxScore":9,"error":1},"keywordDensity":{"score":0,"type":"low","maxScore":9,"error":1}}}]},"primary_term":null,"canonical_url":null,"og_title":null,"og_description":null,"og_object_type":"default","og_image_type":"default","og_image_url":null,"og_image_width":null,"og_image_height":null,"og_image_custom_url":null,"og_image_custom_fields":null,"og_video":"","og_custom_url":null,"og_article_section":null,"og_article_tags":null,"twitter_use_og":false,"twitter_card":"default","twitter_image_type":"default","twitter_image_url":null,"twitter_image_custom_url":null,"twitter_image_custom_fields":null,"twitter_title":null,"twitter_description":null,"schema":{"blockGraphs":[],"customGraphs":[],"default":{"data":{"Article":{"id":"aioseo-article-6394f6999096b","slug":"article","graphName":"Article","label":"Article","properties":{"type":"BlogPosting","name":"#post_title","headline":"#post_title","description":"#post_excerpt","image":"","keywords":"","author":{"name":"#author_name","url":"#author_url"},"dates":{"include":true,"datePublished":"","dateModified":""}}},"Course":[],"Dataset":[],"FAQPage":[],"Movie":[],"Person":[],"Product":[],"ProductReview":[],"Car":[],"Recipe":[],"Service":[],"SoftwareApplication":[],"WebPage":[]},"graphName":"BlogPosting","isEnabled":true},"graphs":[]},"schema_type":"default","schema_type_options":"{\"article\":{\"articleType\":\"BlogPosting\"},\"course\":{\"name\":\"\",\"description\":\"\",\"provider\":\"\"},\"faq\":{\"pages\":[]},\"product\":{\"reviews\":[]},\"recipe\":{\"ingredients\":[],\"instructions\":[],\"keywords\":[]},\"software\":{\"reviews\":[],\"operatingSystems\":[]},\"webPage\":{\"webPageType\":\"WebPage\"}}","pillar_content":false,"robots_default":true,"robots_noindex":false,"robots_noarchive":false,"robots_nosnippet":false,"robots_nofollow":false,"robots_noimageindex":false,"robots_noodp":false,"robots_notranslate":false,"robots_max_snippet":"-1","robots_max_videopreview":"-1","robots_max_imagepreview":"large","priority":null,"frequency":"default","local_seo":null,"seo_analyzer_scan_date":"2025-12-13 10:38:36","breadcrumb_settings":null,"limit_modified_date":false,"open_ai":"{\"title\":{\"suggestions\":[],\"usage\":0},\"description\":{\"suggestions\":[],\"usage\":0}}","ai":{"faqs":[],"keyPoints":[],"titles":[],"descriptions":[],"socialPosts":{"email":[],"linkedin":[],"twitter":[],"facebook":[],"instagram":[]}},"created":"2023-06-13 14:59:19","updated":"2026-09-01 22:16:44"},"aioseo_breadcrumb":"<div class=\"aioseo-breadcrumbs\"><span class=\"aioseo-breadcrumb\">\n\t\t\t<a href=\"https:\/\/oceancamper.com\/fr\/\" title=\"Home\">Home<\/a>\n\t\t<\/span><span class=\"aioseo-breadcrumb-separator\">\u00bb<\/span><span class=\"aioseo-breadcrumb\">\n\t\t\t<a href=\"https:\/\/oceancamper.com\/fr\/category\/non-classifiee\/\" title=\"Non classifi\u00e9(e)\">Non classifi\u00e9(e)<\/a>\n\t\t<\/span><span class=\"aioseo-breadcrumb-separator\">\u00bb<\/span><span class=\"aioseo-breadcrumb\">\n\t\t\tQue faire \u00e0 Faro ?\n\t\t<\/span><\/div>","aioseo_breadcrumb_json":[{"label":"Home","link":"https:\/\/oceancamper.com\/fr\/"},{"label":"Non classifi\u00e9(e)","link":"https:\/\/oceancamper.com\/fr\/category\/non-classifiee\/"},{"label":"Que faire \u00e0 Faro ?","link":"https:\/\/oceancamper.com\/fr\/choses-a-faire-a-faro\/"}],"_links":{"self":[{"href":"https:\/\/oceancamper.com\/fr\/wp-json\/wp\/v2\/posts\/79698","targetHints":{"allow":["GET"]}}],"collection":[{"href":"https:\/\/oceancamper.com\/fr\/wp-json\/wp\/v2\/posts"}],"about":[{"href":"https:\/\/oceancamper.com\/fr\/wp-json\/wp\/v2\/types\/post"}],"author":[{"embeddable":true,"href":"https:\/\/oceancamper.com\/fr\/wp-json\/wp\/v2\/users\/1"}],"replies":[{"embeddable":true,"href":"https:\/\/oceancamper.com\/fr\/wp-json\/wp\/v2\/comments?post=79698"}],"version-history":[{"count":14,"href":"https:\/\/oceancamper.com\/fr\/wp-json\/wp\/v2\/posts\/79698\/revisions"}],"predecessor-version":[{"id":275274,"href":"https:\/\/oceancamper.com\/fr\/wp-json\/wp\/v2\/posts\/79698\/revisions\/275274"}],"wp:featuredmedia":[{"embeddable":true,"href":"https:\/\/oceancamper.com\/fr\/wp-json\/wp\/v2\/media\/183897"}],"wp:attachment":[{"href":"https:\/\/oceancamper.com\/fr\/wp-json\/wp\/v2\/media?parent=79698"}],"wp:term":[{"taxonomy":"category","embeddable":true,"href":"https:\/\/oceancamper.com\/fr\/wp-json\/wp\/v2\/categories?post=79698"},{"taxonomy":"post_tag","embeddable":true,"href":"https:\/\/oceancamper.com\/fr\/wp-json\/wp\/v2\/tags?post=79698"}],"curies":[{"name":"wp","href":"https:\/\/api.w.org\/{rel}","templated":true}]}}