{"id":79692,"date":"2020-12-24T20:02:16","date_gmt":"2020-12-24T20:02:16","guid":{"rendered":"https:\/\/oceancamper.com\/paddleboarding-algarve\/"},"modified":"2026-09-01T16:49:46","modified_gmt":"2026-09-01T16:49:46","slug":"paddle-algarve-meilleurs-spots-de-sup-grottes-lacs","status":"publish","type":"post","link":"https:\/\/oceancamper.com\/fr\/paddle-algarve-meilleurs-spots-de-sup-grottes-lacs\/","title":{"rendered":"Paddle en Algarve : les meilleurs spots de SUP"},"content":{"rendered":"\t\t<div data-elementor-type=\"wp-post\" data-elementor-id=\"79692\" class=\"elementor elementor-79692 elementor-382\" data-elementor-post-type=\"post\">\n\t\t\t\t\t\t<section class=\"elementor-section elementor-top-section elementor-element elementor-element-c63f89c elementor-section-height-min-height elementor-section-stretched elementor-section-content-middle elementor-section-boxed elementor-section-height-default elementor-section-items-middle\" data-id=\"c63f89c\" data-element_type=\"section\" data-e-type=\"section\" data-settings=\"{&quot;stretch_section&quot;:&quot;section-stretched&quot;,&quot;background_background&quot;:&quot;classic&quot;}\">\n\t\t\t\t\t\t\t<div class=\"elementor-background-overlay\"><\/div>\n\t\t\t\t\t\t\t<div class=\"elementor-container elementor-column-gap-default\">\n\t\t\t\t\t<div class=\"elementor-column elementor-col-100 elementor-top-column elementor-element elementor-element-63730d8\" data-id=\"63730d8\" data-element_type=\"column\" data-e-type=\"column\">\n\t\t\t<div class=\"elementor-widget-wrap elementor-element-populated\">\n\t\t\t\t\t\t<div class=\"elementor-element elementor-element-8828005 elementor-widget elementor-widget-theme-post-title elementor-page-title elementor-widget-heading\" data-id=\"8828005\" data-element_type=\"widget\" data-e-type=\"widget\" data-widget_type=\"theme-post-title.default\">\n\t\t\t\t<div class=\"elementor-widget-container\">\n\t\t\t\t\t<h1 class=\"elementor-heading-title elementor-size-default\">Paddle en Algarve : les meilleurs spots de SUP<\/h1>\t\t\t\t<\/div>\n\t\t\t\t<\/div>\n\t\t\t\t<section class=\"elementor-section elementor-inner-section elementor-element elementor-element-4996ed4 elementor-section-boxed elementor-section-height-default elementor-section-height-default\" data-id=\"4996ed4\" data-element_type=\"section\" data-e-type=\"section\">\n\t\t\t\t\t\t<div class=\"elementor-container elementor-column-gap-default\">\n\t\t\t\t\t<div class=\"elementor-column elementor-col-33 elementor-inner-column elementor-element elementor-element-6a10a75\" data-id=\"6a10a75\" data-element_type=\"column\" data-e-type=\"column\">\n\t\t\t<div class=\"elementor-widget-wrap\">\n\t\t\t\t\t\t\t<\/div>\n\t\t<\/div>\n\t\t\t\t<div class=\"elementor-column elementor-col-33 elementor-inner-column elementor-element elementor-element-17d7426\" data-id=\"17d7426\" data-element_type=\"column\" data-e-type=\"column\">\n\t\t\t<div class=\"elementor-widget-wrap elementor-element-populated\">\n\t\t\t\t\t\t<div class=\"elementor-element elementor-element-180536c elementor-author-box--align-center elementor-author-box--layout-image-above elementor-widget elementor-widget-author-box\" data-id=\"180536c\" data-element_type=\"widget\" data-e-type=\"widget\" data-widget_type=\"author-box.default\">\n\t\t\t\t<div class=\"elementor-widget-container\">\n\t\t\t\t\t\t\t<div class=\"elementor-author-box\">\n\t\t\t\t\t\t\t<div  class=\"elementor-author-box__avatar\">\n\t\t\t\t\t<img decoding=\"async\" src=\"https:\/\/oceancamper.com\/wp-content\/uploads\/2022\/02\/Nina-min-1-300x300.jpg\" alt=\"Image de Nina\" loading=\"lazy\">\n\t\t\t\t<\/div>\n\t\t\t\n\t\t\t<div class=\"elementor-author-box__text\">\n\t\t\t\t\t\t\t\t\t<div >\n\t\t\t\t\t\t<h4 class=\"elementor-author-box__name\">\n\t\t\t\t\t\t\tNina\t\t\t\t\t\t<\/h4>\n\t\t\t\t\t<\/div>\n\t\t\t\t\n\t\t\t\t\t\t\t\t\t<div class=\"elementor-author-box__bio\">\n\t\t\t\t\t\t<p>PDG de Ocean Camper<\/p>\n\t\t\t\t\t<\/div>\n\t\t\t\t\n\t\t\t\t\t\t\t<\/div>\n\t\t<\/div>\n\t\t\t\t\t\t<\/div>\n\t\t\t\t<\/div>\n\t\t\t\t\t<\/div>\n\t\t<\/div>\n\t\t\t\t<div class=\"elementor-column elementor-col-33 elementor-inner-column elementor-element elementor-element-1e52722\" data-id=\"1e52722\" data-element_type=\"column\" data-e-type=\"column\">\n\t\t\t<div class=\"elementor-widget-wrap\">\n\t\t\t\t\t\t\t<\/div>\n\t\t<\/div>\n\t\t\t\t\t<\/div>\n\t\t<\/section>\n\t\t\t\t\t<\/div>\n\t\t<\/div>\n\t\t\t\t\t<\/div>\n\t\t<\/section>\n\t\t\t\t<section class=\"elementor-section elementor-top-section elementor-element elementor-element-ae5977a elementor-section-stretched elementor-section-boxed elementor-section-height-default elementor-section-height-default\" data-id=\"ae5977a\" data-element_type=\"section\" data-e-type=\"section\" data-settings=\"{&quot;stretch_section&quot;:&quot;section-stretched&quot;,&quot;background_background&quot;:&quot;classic&quot;}\">\n\t\t\t\t\t\t<div class=\"elementor-container elementor-column-gap-default\">\n\t\t\t\t\t<div class=\"elementor-column elementor-col-100 elementor-top-column elementor-element elementor-element-1823f57 elementor-invisible\" data-id=\"1823f57\" data-element_type=\"column\" data-e-type=\"column\" data-settings=\"{&quot;background_background&quot;:&quot;classic&quot;,&quot;animation&quot;:&quot;fadeIn&quot;}\">\n\t\t\t<div class=\"elementor-widget-wrap elementor-element-populated\">\n\t\t\t\t\t<div class=\"elementor-background-overlay\"><\/div>\n\t\t\t\t\t\t<div class=\"elementor-element elementor-element-4a76b7f elementor-widget elementor-widget-heading\" data-id=\"4a76b7f\" data-element_type=\"widget\" data-e-type=\"widget\" data-widget_type=\"heading.default\">\n\t\t\t\t<div class=\"elementor-widget-container\">\n\t\t\t\t\t<h2 class=\"elementor-heading-title elementor-size-default\">Index<\/h2>\t\t\t\t<\/div>\n\t\t\t\t<\/div>\n\t\t\t\t<div class=\"elementor-element elementor-element-9e6ae19 elementor-widget elementor-widget-text-editor\" data-id=\"9e6ae19\" data-element_type=\"widget\" data-e-type=\"widget\" data-widget_type=\"text-editor.default\">\n\t\t\t\t<div class=\"elementor-widget-container\">\n\t\t\t\t\t\t\t\t\t<p> <\/p><ol><li><a href=\"#faro\"><span style=\"color: #696969;\">Praia de Faro<\/span><\/a><\/li><li><span style=\"color: #696969;\"><a style=\"color: #696969;\" href=\"#arrifes\">Praia dos Arrifes<\/a><\/span><\/li><li><span style=\"color: #696969;\"><a style=\"color: #696969;\" href=\"#Albandeira\">Praia da Albandeira<\/a><\/span><\/li><li><span style=\"color: #696969;\"><a style=\"color: #696969;\" href=\"#benagil\">Grotte de Benagil<\/a><\/span><\/li><li><span style=\"color: #696969;\"><a style=\"color: #696969;\" href=\"#alvor\">Alvor<\/a><\/span><\/li><li><span style=\"color: #696969;\"><a style=\"color: #696969;\" href=\"#piedade\">Ponta da Piedade<\/a><\/span><\/li><li><span style=\"color: #696969;\"><a style=\"color: #696969;\" href=\"#milfontes\">Vila Nova de Milfontes<\/a><\/span><\/li><li><span style=\"color: #696969;\"><a style=\"color: #696969;\" href=\"#arade\">Lac Barragem do Arade<\/a><\/span><\/li><li><span style=\"color: #696969;\"><a style=\"color: #696969;\" href=\"#funcho\">Lac Barragem do Funcho<\/a><\/span><\/li><li><span style=\"color: #696969;\"><a style=\"color: #696969;\" href=\"#clara\">Lac Barragem de Santa Clara<\/a><\/span><\/li><li><span style=\"color: #696969;\"><a style=\"color: #696969;\" href=\"#tips\">Conseils de s\u00e9curit\u00e9<\/a><\/span><\/li><\/ol>\t\t\t\t\t\t\t\t<\/div>\n\t\t\t\t<\/div>\n\t\t\t\t\t<\/div>\n\t\t<\/div>\n\t\t\t\t\t<\/div>\n\t\t<\/section>\n\t\t\t\t<section class=\"elementor-section elementor-top-section elementor-element elementor-element-3fd613c0 elementor-section-stretched elementor-section-boxed elementor-section-height-default elementor-section-height-default\" data-id=\"3fd613c0\" data-element_type=\"section\" data-e-type=\"section\" data-settings=\"{&quot;stretch_section&quot;:&quot;section-stretched&quot;,&quot;background_background&quot;:&quot;classic&quot;}\">\n\t\t\t\t\t\t<div class=\"elementor-container elementor-column-gap-default\">\n\t\t\t\t\t<div class=\"elementor-column elementor-col-100 elementor-top-column elementor-element elementor-element-4b2a4caf\" data-id=\"4b2a4caf\" data-element_type=\"column\" data-e-type=\"column\">\n\t\t\t<div class=\"elementor-widget-wrap elementor-element-populated\">\n\t\t\t\t\t\t<div class=\"elementor-element elementor-element-0a4718c elementor-widget elementor-widget-menu-anchor\" data-id=\"0a4718c\" data-element_type=\"widget\" data-e-type=\"widget\" data-widget_type=\"menu-anchor.default\">\n\t\t\t\t<div class=\"elementor-widget-container\">\n\t\t\t\t\t\t\t<div class=\"elementor-menu-anchor\" id=\"Paddleboarding-Algarve\"><\/div>\n\t\t\t\t\t\t<\/div>\n\t\t\t\t<\/div>\n\t\t\t\t<div class=\"elementor-element elementor-element-18cec5b3 elementor-widget elementor-widget-heading\" data-id=\"18cec5b3\" data-element_type=\"widget\" data-e-type=\"widget\" data-widget_type=\"heading.default\">\n\t\t\t\t<div class=\"elementor-widget-container\">\n\t\t\t\t\t<h2 class=\"elementor-heading-title elementor-size-default\">Paddleboarding Algarve - Les meilleurs spots de SUP, les grottes et les lacs<\/h2>\t\t\t\t<\/div>\n\t\t\t\t<\/div>\n\t\t\t\t<div class=\"elementor-element elementor-element-6e12e8f2 elementor-widget elementor-widget-text-editor\" data-id=\"6e12e8f2\" data-element_type=\"widget\" data-e-type=\"widget\" data-widget_type=\"text-editor.default\">\n\t\t\t\t<div class=\"elementor-widget-container\">\n\t\t\t\t\t\t\t\t\t<p data-start=\"1675\" data-end=\"1963\"><strong data-start=\"1675\" data-end=\"1701\">Le paddleboard en Algarve<\/strong>, c&rsquo;est de l&rsquo;eau turquoise, des grottes marines, des falaises dor\u00e9es et des levers de soleil tranquilles. Nous louons des <strong data-start=\"1785\" data-end=\"1810\">planches de SUP gonflables<\/strong> qui se rangent facilement dans votre camping-car ou votre voiture. Elles sont rapides \u00e0 gonfler, stables et <strong data-start=\"1883\" data-end=\"1908\">peuvent accueillir jusqu&rsquo;\u00e0 deux personnes<\/strong>. Demandez-nous un devis et des itin\u00e9raires adapt\u00e9s \u00e0 vos dates.  <\/p><h3 data-start=\"1965\" data-end=\"1990\"> <\/h3>\t\t\t\t\t\t\t\t<\/div>\n\t\t\t\t<\/div>\n\t\t\t\t<div class=\"elementor-element elementor-element-873befd elementor-widget elementor-widget-heading\" data-id=\"873befd\" data-element_type=\"widget\" data-e-type=\"widget\" data-widget_type=\"heading.default\">\n\t\t\t\t<div class=\"elementor-widget-container\">\n\t\t\t\t\t<h2 class=\"elementor-heading-title elementor-size-default\">Planificateur rapide<\/h2>\t\t\t\t<\/div>\n\t\t\t\t<\/div>\n\t\t\t\t<div class=\"elementor-element elementor-element-b0f8369 elementor-widget elementor-widget-text-editor\" data-id=\"b0f8369\" data-element_type=\"widget\" data-e-type=\"widget\" data-widget_type=\"text-editor.default\">\n\t\t\t\t<div class=\"elementor-widget-container\">\n\t\t\t\t\t\t\t\t\t<ul><li data-start=\"2498\" data-end=\"2590\"><strong data-start=\"2498\" data-end=\"2514\">Meilleurs mois :<\/strong> Avril-octobre (les matins sont vitreux). L&rsquo;hiver offre aussi de belles journ\u00e9es calmes &#8211; attention au vent. <\/li><li data-start=\"2593\" data-end=\"2758\"><strong data-start=\"2593\" data-end=\"2607\">R\u00e8gle du vent :<\/strong> \u2264 12-14 kn pour les d\u00e9butants ; t\u00f4t le matin, le vent est g\u00e9n\u00e9ralement plus calme. V\u00e9rifiez les <a class=\"decorated-link\" href=\"https:\/\/www.ipma.pt\/en\/maritima\/\" target=\"_new\" rel=\"noopener\" data-start=\"2709\" data-end=\"2755\">mar\u00e9es<\/a> <a class=\"decorated-link\" href=\"https:\/\/www.windy.com\/\" target=\"_new\" rel=\"noopener\" data-start=\"2673\" data-end=\"2704\">Windy<\/a> et IPMA. <\/li><li data-start=\"2761\" data-end=\"2889\"><strong data-start=\"2761\" data-end=\"2771\">Mar\u00e9es :<\/strong> Les grottes\/arches (Benagil, Albandeira) sont plus s\u00fbres <strong data-start=\"2817\" data-end=\"2840\">\u00e0 mi-mar\u00e9e et en mer calme.<\/strong> <strong data-start=\"2842\" data-end=\"2857\">Ria Formosa<\/strong> fonctionne mieux <strong data-start=\"2869\" data-end=\"2886\">\u00e0 mar\u00e9e moyenne\/haute<\/strong>.<\/li><li data-start=\"2892\" data-end=\"2952\"><strong data-start=\"2892\" data-end=\"2907\">Temp\u00e9rature de l&rsquo;eau :<\/strong> ~16-20 \u00b0C printemps\/automne ; ~20-23 \u00b0C \u00e9t\u00e9.<\/li><li data-start=\"2955\" data-end=\"3024\"><strong data-start=\"2955\" data-end=\"2967\">Combinaison :<\/strong> 3\/2 au printemps\/automne ; shorty ou maillot de bain au milieu de l&rsquo;\u00e9t\u00e9.<\/li><li data-start=\"3027\" data-end=\"3149\"><strong data-start=\"3027\" data-end=\"3038\">S\u00e9curit\u00e9 :<\/strong> \u00c9vitez les embouchures de rivi\u00e8res \u00e0 mar\u00e9e descendante ; n&rsquo;entrez jamais dans les grottes lorsque la houle ou le trafic maritime est important ; portez une laisse et une aide \u00e0 la flottaison.<\/li><\/ul>\t\t\t\t\t\t\t\t<\/div>\n\t\t\t\t<\/div>\n\t\t\t\t\t<\/div>\n\t\t<\/div>\n\t\t\t\t\t<\/div>\n\t\t<\/section>\n\t\t\t\t<section class=\"elementor-section elementor-top-section elementor-element elementor-element-4ee0c0ba elementor-section-stretched elementor-section-boxed elementor-section-height-default elementor-section-height-default\" data-id=\"4ee0c0ba\" data-element_type=\"section\" data-e-type=\"section\" data-settings=\"{&quot;stretch_section&quot;:&quot;section-stretched&quot;,&quot;background_background&quot;:&quot;classic&quot;}\">\n\t\t\t\t\t\t<div class=\"elementor-container elementor-column-gap-default\">\n\t\t\t\t\t<div class=\"elementor-column elementor-col-100 elementor-top-column elementor-element elementor-element-6f8a7118\" data-id=\"6f8a7118\" data-element_type=\"column\" data-e-type=\"column\">\n\t\t\t<div class=\"elementor-widget-wrap elementor-element-populated\">\n\t\t\t\t\t\t<div class=\"elementor-element elementor-element-798fcd36 elementor-widget elementor-widget-image\" data-id=\"798fcd36\" data-element_type=\"widget\" data-e-type=\"widget\" data-widget_type=\"image.default\">\n\t\t\t\t<div class=\"elementor-widget-container\">\n\t\t\t\t\t\t\t\t\t\t\t\t\t\t\t<img fetchpriority=\"high\" decoding=\"async\" width=\"800\" height=\"534\" src=\"https:\/\/oceancamper.com\/wp-content\/uploads\/2025\/06\/AdobeStock_622037714-min-1024x683.jpeg\" class=\"attachment-large size-large wp-image-183391\" alt=\"Des personnes font du paddleboard \u00e0 l&apos;int\u00e9rieur d&apos;une grotte marine au Portugal. L&apos;eau est turquoise et la lumi\u00e8re du soleil brille \u00e0 travers l&apos;entr\u00e9e de la grotte.\" srcset=\"https:\/\/oceancamper.com\/wp-content\/uploads\/2025\/06\/AdobeStock_622037714-min-1024x683.jpeg 1024w, https:\/\/oceancamper.com\/wp-content\/uploads\/2025\/06\/AdobeStock_622037714-min-300x200.jpeg 300w, https:\/\/oceancamper.com\/wp-content\/uploads\/2025\/06\/AdobeStock_622037714-min-768x512.jpeg 768w, https:\/\/oceancamper.com\/wp-content\/uploads\/2025\/06\/AdobeStock_622037714-min-1536x1024.jpeg 1536w, https:\/\/oceancamper.com\/wp-content\/uploads\/2025\/06\/AdobeStock_622037714-min-2048x1365.jpeg 2048w, https:\/\/oceancamper.com\/wp-content\/uploads\/2025\/06\/AdobeStock_622037714-min-240x160.jpeg 240w\" sizes=\"(max-width: 800px) 100vw, 800px\" \/>\t\t\t\t\t\t\t\t\t\t\t\t\t\t\t<\/div>\n\t\t\t\t<\/div>\n\t\t\t\t<div class=\"elementor-element elementor-element-591e064 elementor-widget elementor-widget-text-editor\" data-id=\"591e064\" data-element_type=\"widget\" data-e-type=\"widget\" data-widget_type=\"text-editor.default\">\n\t\t\t\t<div class=\"elementor-widget-container\">\n\t\t\t\t\t\t\t\t\t<p data-start=\"1551\" data-end=\"1629\">Benagil Cave, July 2012&Prime; par Beeston, sous licence CC BY 3.0.<\/p>\t\t\t\t\t\t\t\t<\/div>\n\t\t\t\t<\/div>\n\t\t\t\t<div class=\"elementor-element elementor-element-2f3d103 elementor-widget elementor-widget-heading\" data-id=\"2f3d103\" data-element_type=\"widget\" data-e-type=\"widget\" data-widget_type=\"heading.default\">\n\t\t\t\t<div class=\"elementor-widget-container\">\n\t\t\t\t\t<h2 class=\"elementor-heading-title elementor-size-default\">Louez un SUP avec Ocean Camper<\/h2>\t\t\t\t<\/div>\n\t\t\t\t<\/div>\n\t\t\t\t<div class=\"elementor-element elementor-element-67583dd elementor-widget elementor-widget-text-editor\" data-id=\"67583dd\" data-element_type=\"widget\" data-e-type=\"widget\" data-widget_type=\"text-editor.default\">\n\t\t\t\t<div class=\"elementor-widget-container\">\n\t\t\t\t\t\t\t\t\t<ul><li data-start=\"3191\" data-end=\"3266\"><strong data-start=\"3191\" data-end=\"3212\">Planches gonflables<\/strong> (adaptables \u00e0 toute voiture\/camping-car), stables pour <strong data-start=\"3249\" data-end=\"3264\">1 \u00e0 2 personnes<\/strong><\/li><li data-start=\"3269\" data-end=\"3334\">Comprend la pagaie, la pompe, la laisse, l&rsquo;option VFI, les sangles de toit si n\u00e9cessaire.<\/li><li data-start=\"3337\" data-end=\"3400\">Prise en charge \u00e0 Faro ; compl\u00e9ment id\u00e9al \u00e0 votre voyage <strong data-start=\"3377\" data-end=\"3390\">en camping-car<\/strong>.<\/li><\/ul>\t\t\t\t\t\t\t\t<\/div>\n\t\t\t\t<\/div>\n\t\t\t\t\t<\/div>\n\t\t<\/div>\n\t\t\t\t\t<\/div>\n\t\t<\/section>\n\t\t\t\t<section class=\"elementor-section elementor-top-section elementor-element elementor-element-19bae0f4 elementor-section-stretched elementor-section-boxed elementor-section-height-default elementor-section-height-default\" data-id=\"19bae0f4\" data-element_type=\"section\" data-e-type=\"section\" id=\"faro\" data-settings=\"{&quot;stretch_section&quot;:&quot;section-stretched&quot;,&quot;background_background&quot;:&quot;classic&quot;}\">\n\t\t\t\t\t\t<div class=\"elementor-container elementor-column-gap-default\">\n\t\t\t\t\t<div class=\"elementor-column elementor-col-100 elementor-top-column elementor-element elementor-element-a353874\" data-id=\"a353874\" data-element_type=\"column\" data-e-type=\"column\">\n\t\t\t<div class=\"elementor-widget-wrap elementor-element-populated\">\n\t\t\t\t\t\t<div class=\"elementor-element elementor-element-d836726 elementor-widget elementor-widget-heading\" data-id=\"d836726\" data-element_type=\"widget\" data-e-type=\"widget\" data-widget_type=\"heading.default\">\n\t\t\t\t<div class=\"elementor-widget-container\">\n\t\t\t\t\t<h2 class=\"elementor-heading-title elementor-size-default\">Comment utiliser ce guide<\/h2>\t\t\t\t<\/div>\n\t\t\t\t<\/div>\n\t\t\t\t<div class=\"elementor-element elementor-element-a2da57a elementor-widget elementor-widget-text-editor\" data-id=\"a2da57a\" data-element_type=\"widget\" data-e-type=\"widget\" data-widget_type=\"text-editor.default\">\n\t\t\t\t<div class=\"elementor-widget-container\">\n\t\t\t\t\t\t\t\t\t<p data-start=\"1991\" data-end=\"2077\">Chaque spot ci-dessous comprend : <strong data-start=\"2017\" data-end=\"2076\">Niveau &#8211; Points forts &#8211; Lancement &#8211; Mar\u00e9e\/Vent &#8211; Parking\/Notes.<\/strong><\/p>\t\t\t\t\t\t\t\t<\/div>\n\t\t\t\t<\/div>\n\t\t\t\t<div class=\"elementor-element elementor-element-1bb9209 elementor-widget elementor-widget-text-editor\" data-id=\"1bb9209\" data-element_type=\"widget\" data-e-type=\"widget\" data-widget_type=\"text-editor.default\">\n\t\t\t\t<div class=\"elementor-widget-container\">\n\t\t\t\t\t\t\t\t\t<table><thead><tr><th>Saison<\/th><th>\u00c9tat de la mer et foule<\/th><th>Meilleur moment de la journ\u00e9e<\/th><th>Note sur les combinaisons<\/th><\/tr><\/thead><tbody><tr><td>Avril-Juin<\/td><td>Matins g\u00e9n\u00e9ralement calmes, affluence mod\u00e9r\u00e9e<\/td><td>Lever du soleil &#8211; fin de matin\u00e9e<\/td><td>3\/2 ou shorty les jours plus chauds<\/td><\/tr><tr><td>Juil-Sep<\/td><td>D\u00e9but calme, apr\u00e8s-midi venteux (NW)<\/td><td>Meilleures s\u00e9ances<strong>au lever du soleil<\/strong> <\/td><td>Shorty ou rashguard<\/td><\/tr><tr><td>Oct-Nov<\/td><td>Moins de monde, vent variable<\/td><td>Fen\u00eatres du matin<\/td><td>Costume complet 3\/2<\/td><\/tr><tr><td>D\u00e9c-Mar<\/td><td>Eau plus fra\u00eeche, calme<\/td><td>Seulement les jours o\u00f9 le vent est faible<\/td><td>4\/3 si vous restez longtemps<\/td><\/tr><\/tbody><\/table>\t\t\t\t\t\t\t\t<\/div>\n\t\t\t\t<\/div>\n\t\t\t\t<div class=\"elementor-element elementor-element-4403bae elementor-widget elementor-widget-text-editor\" data-id=\"4403bae\" data-element_type=\"widget\" data-e-type=\"widget\" data-widget_type=\"text-editor.default\">\n\t\t\t\t<div class=\"elementor-widget-container\">\n\t\t\t\t\t\t\t\t\t<p data-start=\"2570\" data-end=\"2703\"><strong data-start=\"2570\" data-end=\"2593\">R\u00e8gle de mar\u00e9e :<\/strong> la plupart des lagons\/estuaires = <strong data-start=\"2619\" data-end=\"2639\">mar\u00e9e moyenne \u00e0 haute<\/strong>. Grottes\/falaises = <strong data-start=\"2656\" data-end=\"2682\">t\u00f4t le matin,<\/strong> avec un <strong data-start=\"2688\" data-end=\"2702\">vent l\u00e9ger<\/strong>. <\/p>\t\t\t\t\t\t\t\t<\/div>\n\t\t\t\t<\/div>\n\t\t\t\t<div class=\"elementor-element elementor-element-6bc5855 elementor-widget elementor-widget-menu-anchor\" data-id=\"6bc5855\" data-element_type=\"widget\" data-e-type=\"widget\" data-widget_type=\"menu-anchor.default\">\n\t\t\t\t<div class=\"elementor-widget-container\">\n\t\t\t\t\t\t\t<div class=\"elementor-menu-anchor\" id=\"Faro\"><\/div>\n\t\t\t\t\t\t<\/div>\n\t\t\t\t<\/div>\n\t\t\t\t<div class=\"elementor-element elementor-element-1081da3e elementor-widget elementor-widget-heading\" data-id=\"1081da3e\" data-element_type=\"widget\" data-e-type=\"widget\" data-widget_type=\"heading.default\">\n\t\t\t\t<div class=\"elementor-widget-container\">\n\t\t\t\t\t<h2 class=\"elementor-heading-title elementor-size-default\">\ud83c\udfd6\ufe0f 1. Praia de Faro - Estuaire de la Ria Formosa <\/h2>\t\t\t\t<\/div>\n\t\t\t\t<\/div>\n\t\t\t\t<div class=\"elementor-element elementor-element-42b738fb elementor-widget elementor-widget-text-editor\" data-id=\"42b738fb\" data-element_type=\"widget\" data-e-type=\"widget\" data-widget_type=\"text-editor.default\">\n\t\t\t\t<div class=\"elementor-widget-container\">\n\t\t\t\t\t\t\t\t\t<p><strong data-start=\"1888\" data-end=\"1898\">Niveau :<\/strong> D\u00e9butant+<br data-start=\"1908\" data-end=\"1911\"\/><strong data-start=\"1911\" data-end=\"1926\">Points forts :<\/strong> Balade tranquille en kayak dans le lagon, au milieu des flamants roses et des bancs de sable.<br data-start=\"1977\" data-end=\"1980\"\/><strong data-start=\"1980\" data-end=\"1991\">Point de d\u00e9part :<\/strong> C\u00f4t\u00e9 nord de la plage de Faro, dans le parc naturel de la Ria Formosa.<br data-start=\"2047\" data-end=\"2050\"\/><strong data-start=\"2050\" data-end=\"2064\">Mar\u00e9e\/Vent :<\/strong> Mar\u00e9e moyenne \u00e0 haute, vent faible.<br data-start=\"2091\" data-end=\"2094\"\/><strong data-start=\"2094\" data-end=\"2106\">Parking :<\/strong> Parking de la plage ; faites attention aux voies de circulation des bateaux.<br data-start=\"2139\" data-end=\"2142\"\/>\ud83d\udc49 <a class=\"decorated-link\" href=\"https:\/\/maps.app.goo.gl\/WrAcLaV5ePaYSnwu7\" target=\"_blank\" rel=\"noopener\" data-start=\"2145\" data-end=\"2188\">Localisation sur la carte<\/a><\/p>\t\t\t\t\t\t\t\t<\/div>\n\t\t\t\t<\/div>\n\t\t\t\t<div class=\"elementor-element elementor-element-684abef elementor-widget elementor-widget-image\" data-id=\"684abef\" data-element_type=\"widget\" data-e-type=\"widget\" data-widget_type=\"image.default\">\n\t\t\t\t<div class=\"elementor-widget-container\">\n\t\t\t\t\t\t\t\t\t\t\t\t\t\t\t<img decoding=\"async\" width=\"800\" height=\"600\" src=\"https:\/\/oceancamper.com\/wp-content\/uploads\/2020\/12\/Anchored_small_boats_Ria_Formosa_Faro_Portugal_julesvernex2-2.jpg\" class=\"attachment-large size-large wp-image-208082\" alt=\"Petits bateaux ancr\u00e9s dans la lagune de Ria Formosa, Faro, Algarve, Portugal, se refl\u00e9tant dans une eau turquoise calme sous un ciel bleu clair.\" srcset=\"https:\/\/oceancamper.com\/wp-content\/uploads\/2020\/12\/Anchored_small_boats_Ria_Formosa_Faro_Portugal_julesvernex2-2.jpg 960w, https:\/\/oceancamper.com\/wp-content\/uploads\/2020\/12\/Anchored_small_boats_Ria_Formosa_Faro_Portugal_julesvernex2-2-300x225.jpg 300w, https:\/\/oceancamper.com\/wp-content\/uploads\/2020\/12\/Anchored_small_boats_Ria_Formosa_Faro_Portugal_julesvernex2-2-768x576.jpg 768w, https:\/\/oceancamper.com\/wp-content\/uploads\/2020\/12\/Anchored_small_boats_Ria_Formosa_Faro_Portugal_julesvernex2-2-240x180.jpg 240w\" sizes=\"(max-width: 800px) 100vw, 800px\" \/>\t\t\t\t\t\t\t\t\t\t\t\t\t\t\t<\/div>\n\t\t\t\t<\/div>\n\t\t\t\t<div class=\"elementor-element elementor-element-e07c498 elementor-widget elementor-widget-text-editor\" data-id=\"e07c498\" data-element_type=\"widget\" data-e-type=\"widget\" data-widget_type=\"text-editor.default\">\n\t\t\t\t<div class=\"elementor-widget-container\">\n\t\t\t\t\t\t\t\t\t<p data-start=\"1551\" data-end=\"1629\"><b>Jules Verne Temps Deux \/ <a href=\"https:\/\/www.julesvernex2.com\" target=\"_blank\" rel=\"noopener\">julesvernex2.com<\/a> \/ CC-BY-SA-4.0<\/b><\/p>\t\t\t\t\t\t\t\t<\/div>\n\t\t\t\t<\/div>\n\t\t\t\t\t<\/div>\n\t\t<\/div>\n\t\t\t\t\t<\/div>\n\t\t<\/section>\n\t\t\t\t<section class=\"elementor-section elementor-top-section elementor-element elementor-element-2635f6d8 elementor-section-stretched elementor-section-boxed elementor-section-height-default elementor-section-height-default\" data-id=\"2635f6d8\" data-element_type=\"section\" data-e-type=\"section\" id=\"arrifes\" data-settings=\"{&quot;stretch_section&quot;:&quot;section-stretched&quot;,&quot;background_background&quot;:&quot;classic&quot;}\">\n\t\t\t\t\t\t<div class=\"elementor-container elementor-column-gap-default\">\n\t\t\t\t\t<div class=\"elementor-column elementor-col-100 elementor-top-column elementor-element elementor-element-61e1182a\" data-id=\"61e1182a\" data-element_type=\"column\" data-e-type=\"column\">\n\t\t\t<div class=\"elementor-widget-wrap elementor-element-populated\">\n\t\t\t\t\t\t<div class=\"elementor-element elementor-element-ae78a4d elementor-widget elementor-widget-menu-anchor\" data-id=\"ae78a4d\" data-element_type=\"widget\" data-e-type=\"widget\" data-widget_type=\"menu-anchor.default\">\n\t\t\t\t<div class=\"elementor-widget-container\">\n\t\t\t\t\t\t\t<div class=\"elementor-menu-anchor\" id=\"arrifes\"><\/div>\n\t\t\t\t\t\t<\/div>\n\t\t\t\t<\/div>\n\t\t\t\t<div class=\"elementor-element elementor-element-768b133a elementor-widget elementor-widget-heading\" data-id=\"768b133a\" data-element_type=\"widget\" data-e-type=\"widget\" data-widget_type=\"heading.default\">\n\t\t\t\t<div class=\"elementor-widget-container\">\n\t\t\t\t\t<h2 class=\"elementor-heading-title elementor-size-default\">\ud83c\udfd6\ufe0f 2. Praia dos Arrifes \u2192 Praia da Coelha <\/h2>\t\t\t\t<\/div>\n\t\t\t\t<\/div>\n\t\t\t\t<div class=\"elementor-element elementor-element-3cacee1d elementor-widget elementor-widget-text-editor\" data-id=\"3cacee1d\" data-element_type=\"widget\" data-e-type=\"widget\" data-widget_type=\"text-editor.default\">\n\t\t\t\t<div class=\"elementor-widget-container\">\n\t\t\t\t\t\t\t\t\t<p><strong data-start=\"2246\" data-end=\"2256\">Niveau :<\/strong> D\u00e9butant \u00e0 interm\u00e9diaire<br data-start=\"2278\" data-end=\"2281\"\/><strong data-start=\"2281\" data-end=\"2296\">Points forts :<\/strong> Arches rocheuses et petites grottes le long de la c\u00f4te pr\u00e8s d\u2019Albufeira.<br data-start=\"2357\" data-end=\"2360\"\/><strong data-start=\"2360\" data-end=\"2371\">D\u00e9part :<\/strong> Partez de la plage d\u2019Arrifes et pagayez vers la droite (ouest) en direction de Coelha.<br data-start=\"2434\" data-end=\"2437\"\/><strong data-start=\"2437\" data-end=\"2451\">Meilleur moment :<\/strong> Au lever du soleil ou t\u00f4t le matin, uniquement en cas de petite houle.<br data-start=\"2495\" data-end=\"2498\"\/>\ud83d\udc49 <a class=\"decorated-link\" href=\"https:\/\/maps.app.goo.gl\/7Brwkhs5KBSqHF3N8\" target=\"_blank\" rel=\"noopener\" data-start=\"2501\" data-end=\"2544\">Localisation sur la carte<\/a><\/p>\t\t\t\t\t\t\t\t<\/div>\n\t\t\t\t<\/div>\n\t\t\t\t<div class=\"elementor-element elementor-element-854e40e elementor-widget elementor-widget-image\" data-id=\"854e40e\" data-element_type=\"widget\" data-e-type=\"widget\" data-widget_type=\"image.default\">\n\t\t\t\t<div class=\"elementor-widget-container\">\n\t\t\t\t\t\t\t\t\t\t\t\t\t\t\t<img decoding=\"async\" width=\"800\" height=\"600\" src=\"https:\/\/oceancamper.com\/wp-content\/uploads\/2020\/12\/Praia-dos-Arrifes-Albufeira-1024x768.jpg\" class=\"attachment-large size-large wp-image-207544\" alt=\"Praia dos Arrifes, \u00e0 Albufeira, en Algarve (Portugal) : une petite plage isol\u00e9e aux falaises dor\u00e9es, aux arches rocheuses et aux eaux turquoise de l&apos;Atlantic.\" srcset=\"https:\/\/oceancamper.com\/wp-content\/uploads\/2020\/12\/Praia-dos-Arrifes-Albufeira-1024x768.jpg 1024w, https:\/\/oceancamper.com\/wp-content\/uploads\/2020\/12\/Praia-dos-Arrifes-Albufeira-300x225.jpg 300w, https:\/\/oceancamper.com\/wp-content\/uploads\/2020\/12\/Praia-dos-Arrifes-Albufeira-768x576.jpg 768w, https:\/\/oceancamper.com\/wp-content\/uploads\/2020\/12\/Praia-dos-Arrifes-Albufeira-1536x1152.jpg 1536w, https:\/\/oceancamper.com\/wp-content\/uploads\/2020\/12\/Praia-dos-Arrifes-Albufeira-2048x1536.jpg 2048w, https:\/\/oceancamper.com\/wp-content\/uploads\/2020\/12\/Praia-dos-Arrifes-Albufeira-240x180.jpg 240w\" sizes=\"(max-width: 800px) 100vw, 800px\" \/>\t\t\t\t\t\t\t\t\t\t\t\t\t\t\t<\/div>\n\t\t\t\t<\/div>\n\t\t\t\t<div class=\"elementor-element elementor-element-10a21266 elementor-widget elementor-widget-text-editor\" data-id=\"10a21266\" data-element_type=\"widget\" data-e-type=\"widget\" data-widget_type=\"text-editor.default\">\n\t\t\t\t<div class=\"elementor-widget-container\">\n\t\t\t\t\t\t\t\t\t<p data-start=\"1551\" data-end=\"1629\"><em data-start=\"1551\" data-end=\"1629\">Photo \u00ab\u00a0Praia dos Arrifes, 13 Nov 2013\u00a0\u00bb par Beeston, <a href=\"https:\/\/commons.wikimedia.org\/wiki\/File:137PT_13_November_2013_Praia_dos_Arrifes.JPG\" target=\"_blank\" rel=\"noopener\">sous licence CC BY 3.0.<\/a><\/em><\/p>\t\t\t\t\t\t\t\t<\/div>\n\t\t\t\t<\/div>\n\t\t\t\t\t<\/div>\n\t\t<\/div>\n\t\t\t\t\t<\/div>\n\t\t<\/section>\n\t\t\t\t<section class=\"elementor-section elementor-top-section elementor-element elementor-element-769adaa7 elementor-section-stretched elementor-section-boxed elementor-section-height-default elementor-section-height-default\" data-id=\"769adaa7\" data-element_type=\"section\" data-e-type=\"section\" id=\"Albandeira\" data-settings=\"{&quot;stretch_section&quot;:&quot;section-stretched&quot;,&quot;background_background&quot;:&quot;classic&quot;}\">\n\t\t\t\t\t\t<div class=\"elementor-container elementor-column-gap-default\">\n\t\t\t\t\t<div class=\"elementor-column elementor-col-100 elementor-top-column elementor-element elementor-element-7ccb364b\" data-id=\"7ccb364b\" data-element_type=\"column\" data-e-type=\"column\">\n\t\t\t<div class=\"elementor-widget-wrap elementor-element-populated\">\n\t\t\t\t\t\t<div class=\"elementor-element elementor-element-ef274dc elementor-widget elementor-widget-menu-anchor\" data-id=\"ef274dc\" data-element_type=\"widget\" data-e-type=\"widget\" data-widget_type=\"menu-anchor.default\">\n\t\t\t\t<div class=\"elementor-widget-container\">\n\t\t\t\t\t\t\t<div class=\"elementor-menu-anchor\" id=\"Albandeira\"><\/div>\n\t\t\t\t\t\t<\/div>\n\t\t\t\t<\/div>\n\t\t\t\t<div class=\"elementor-element elementor-element-7b900c23 elementor-widget elementor-widget-heading\" data-id=\"7b900c23\" data-element_type=\"widget\" data-e-type=\"widget\" data-widget_type=\"heading.default\">\n\t\t\t\t<div class=\"elementor-widget-container\">\n\t\t\t\t\t<h2 class=\"elementor-heading-title elementor-size-default\">\ud83c\udfd6\ufe0f 3. Praia da Albandeira - L'arche et les criques cach\u00e9es <\/h2>\t\t\t\t<\/div>\n\t\t\t\t<\/div>\n\t\t\t\t<div class=\"elementor-element elementor-element-8bc4f75 elementor-widget elementor-widget-text-editor\" data-id=\"8bc4f75\" data-element_type=\"widget\" data-e-type=\"widget\" data-widget_type=\"text-editor.default\">\n\t\t\t\t<div class=\"elementor-widget-container\">\n\t\t\t\t\t\t\t\t\t<p data-start=\"2612\" data-end=\"2901\"><strong data-start=\"2612\" data-end=\"2622\">Niveau :<\/strong> Interm\u00e9diaire<br data-start=\"2635\" data-end=\"2638\"\/><strong data-start=\"2638\" data-end=\"2653\">\u00c0 ne pas manquer :<\/strong> l\u2019arche naturelle d\u2019Albandeira et les petites grottes marines.<br data-start=\"2702\" data-end=\"2705\"\/><strong data-start=\"2705\" data-end=\"2716\">D\u00e9part :<\/strong> plage d\u2019Albandeira.<br data-start=\"2734\" data-end=\"2737\"\/><strong data-start=\"2737\" data-end=\"2751\">Mar\u00e9e\/Vent :<\/strong> mar\u00e9e moyenne, houle faible, vent calme.<br data-start=\"2783\" data-end=\"2786\"\/><strong data-start=\"2786\" data-end=\"2795\">Remarque :<\/strong> emportez un appareil photo \u00e9tanche \u2013 les reflets du lever du soleil sont magnifiques.<br data-start=\"2852\" data-end=\"2855\"\/>\ud83d\udc49 <a class=\"decorated-link\" href=\"https:\/\/maps.app.goo.gl\/o5pDzc79Ejtk3TwB7\" target=\"_blank\" rel=\"noopener\" data-start=\"2858\" data-end=\"2901\">Localisation sur la carte<\/a><\/p>\t\t\t\t\t\t\t\t<\/div>\n\t\t\t\t<\/div>\n\t\t\t\t<div class=\"elementor-element elementor-element-726a0656 elementor-widget elementor-widget-image\" data-id=\"726a0656\" data-element_type=\"widget\" data-e-type=\"widget\" data-widget_type=\"image.default\">\n\t\t\t\t<div class=\"elementor-widget-container\">\n\t\t\t\t\t\t\t\t\t\t\t\t\t\t\t<img loading=\"lazy\" decoding=\"async\" width=\"800\" height=\"533\" src=\"https:\/\/oceancamper.com\/wp-content\/uploads\/2020\/12\/Arco_da_Albandeira_Lagoa_Algarve.jpg\" class=\"attachment-large size-large wp-image-208083\" alt=\"Arche en pierre naturelle sur la plage d&apos;Albandeira \u00e0 Lagoa, Algarve, Portugal, avec une eau turquoise et des falaises dor\u00e9es.\" srcset=\"https:\/\/oceancamper.com\/wp-content\/uploads\/2020\/12\/Arco_da_Albandeira_Lagoa_Algarve.jpg 960w, https:\/\/oceancamper.com\/wp-content\/uploads\/2020\/12\/Arco_da_Albandeira_Lagoa_Algarve-300x200.jpg 300w, https:\/\/oceancamper.com\/wp-content\/uploads\/2020\/12\/Arco_da_Albandeira_Lagoa_Algarve-768x512.jpg 768w, https:\/\/oceancamper.com\/wp-content\/uploads\/2020\/12\/Arco_da_Albandeira_Lagoa_Algarve-240x160.jpg 240w\" sizes=\"(max-width: 800px) 100vw, 800px\" \/>\t\t\t\t\t\t\t\t\t\t\t\t\t\t\t<\/div>\n\t\t\t\t<\/div>\n\t\t\t\t<div class=\"elementor-element elementor-element-56b3fbd elementor-widget elementor-widget-text-editor\" data-id=\"56b3fbd\" data-element_type=\"widget\" data-e-type=\"widget\" data-widget_type=\"text-editor.default\">\n\t\t\t\t<div class=\"elementor-widget-container\">\n\t\t\t\t\t\t\t\t\t<p data-start=\"1551\" data-end=\"1629\">Photo \u00ab\u00a0Arco da Albandeira, Lagoa (Algarve)\u00a0\u00bb par Alvesgaspar, sous licence<a href=\"https:\/\/commons.wikimedia.org\/wiki\/File:Arco_da_Albandeira,_Lagoa_(Algarve).jpg\" target=\"_blank\" rel=\"noopener\"> CC BY-SA 4.0.<\/a><\/p>\t\t\t\t\t\t\t\t<\/div>\n\t\t\t\t<\/div>\n\t\t\t\t\t<\/div>\n\t\t<\/div>\n\t\t\t\t\t<\/div>\n\t\t<\/section>\n\t\t\t\t<section class=\"elementor-section elementor-top-section elementor-element elementor-element-6781a86c elementor-section-stretched elementor-section-boxed elementor-section-height-default elementor-section-height-default\" data-id=\"6781a86c\" data-element_type=\"section\" data-e-type=\"section\" id=\"benagil\" data-settings=\"{&quot;stretch_section&quot;:&quot;section-stretched&quot;,&quot;background_background&quot;:&quot;classic&quot;}\">\n\t\t\t\t\t\t<div class=\"elementor-container elementor-column-gap-default\">\n\t\t\t\t\t<div class=\"elementor-column elementor-col-100 elementor-top-column elementor-element elementor-element-33ffc835\" data-id=\"33ffc835\" data-element_type=\"column\" data-e-type=\"column\">\n\t\t\t<div class=\"elementor-widget-wrap elementor-element-populated\">\n\t\t\t\t\t\t<div class=\"elementor-element elementor-element-19ab0747 elementor-widget elementor-widget-heading\" data-id=\"19ab0747\" data-element_type=\"widget\" data-e-type=\"widget\" data-widget_type=\"heading.default\">\n\t\t\t\t<div class=\"elementor-widget-container\">\n\t\t\t\t\t<h2 class=\"elementor-heading-title elementor-size-default\">\ud83c\udfd6\ufe0f 4. Grotte de Benagil - Visites guid\u00e9es uniquement <\/h2>\t\t\t\t<\/div>\n\t\t\t\t<\/div>\n\t\t\t\t<div class=\"elementor-element elementor-element-2961a86 elementor-widget elementor-widget-text-editor\" data-id=\"2961a86\" data-element_type=\"widget\" data-e-type=\"widget\" data-widget_type=\"text-editor.default\">\n\t\t\t\t<div class=\"elementor-widget-container\">\n\t\t\t\t\t\t\t\t\t<p><strong data-start=\"2956\" data-end=\"2966\">Niveau :<\/strong> Interm\u00e9diaire<br data-start=\"2979\" data-end=\"2982\"\/><strong data-start=\"2982\" data-end=\"2997\">Points forts :<\/strong> La c\u00e9l\u00e8bre grotte marine de Benagil, avec sa coupole laissant passer la lumi\u00e8re et ses eaux turquoise.<br data-start=\"3069\" data-end=\"3072\"\/><strong data-start=\"3072\" data-end=\"3083\">D\u00e9part :<\/strong> Depuis la plage de Benagil ou d\u2019autres points de d\u00e9part c\u00f4tiers \u00e0 proximit\u00e9<strong data-start=\"3141\" data-end=\"3155\">.<\/strong><br data-start=\"3138\" data-end=\"3141\"\/><strong data-start=\"3141\" data-end=\"3155\">Important :<\/strong> \ud83d\uded1 <strong data-start=\"3159\" data-end=\"3228\">Il n\u2019est plus autoris\u00e9 de pagayer seul \u00e0 l\u2019int\u00e9rieur de la grotte de Benagil.<\/strong><br data-start=\"3228\" data-end=\"3231\"\/>L\u2019acc\u00e8s est d\u00e9sormais <strong data-start=\"3245\" data-end=\"3280\">r\u00e9serv\u00e9 aux visites guid\u00e9es<\/strong>, pour des raisons de s\u00e9curit\u00e9 et de protection de l\u2019environnement.<br data-start=\"3322\" data-end=\"3325\"\/><strong data-start=\"3325\" data-end=\"3341\">Alternative :<\/strong> participez \u00e0 une excursion guid\u00e9e locale en SUP ou en kayak \u2014 c\u2019est plus s\u00fbr et tout aussi magique !<br data-start=\"3411\" data-end=\"3414\"\/>\ud83d\udc49 <a class=\"decorated-link\" href=\"https:\/\/maps.app.goo.gl\/H2ahEQ96aaBMnsZ89\" target=\"_blank\" rel=\"noopener\" data-start=\"3417\" data-end=\"3460\">Localisation sur la carte<\/a><\/p>\t\t\t\t\t\t\t\t<\/div>\n\t\t\t\t<\/div>\n\t\t\t\t<div class=\"elementor-element elementor-element-38be785 elementor-widget elementor-widget-image\" data-id=\"38be785\" data-element_type=\"widget\" data-e-type=\"widget\" data-widget_type=\"image.default\">\n\t\t\t\t<div class=\"elementor-widget-container\">\n\t\t\t\t\t\t\t\t\t\t\t\t\t\t\t<img loading=\"lazy\" decoding=\"async\" width=\"800\" height=\"533\" src=\"https:\/\/oceancamper.com\/wp-content\/uploads\/2020\/12\/benagil-cave-algarve-portugal-sea-cave-SUP-1.jpg-1.jpg\" class=\"attachment-large size-large wp-image-208090\" alt=\"Paddleboard pr\u00e8s de la grotte de Benagil en Algarve, au Portugal, avec une eau turquoise, la lumi\u00e8re du soleil \u00e0 travers le d\u00f4me de la grotte et un petit bateau \u00e0 l&apos;int\u00e9rieur.\" srcset=\"https:\/\/oceancamper.com\/wp-content\/uploads\/2020\/12\/benagil-cave-algarve-portugal-sea-cave-SUP-1.jpg-1.jpg 960w, https:\/\/oceancamper.com\/wp-content\/uploads\/2020\/12\/benagil-cave-algarve-portugal-sea-cave-SUP-1.jpg-1-300x200.jpg 300w, https:\/\/oceancamper.com\/wp-content\/uploads\/2020\/12\/benagil-cave-algarve-portugal-sea-cave-SUP-1.jpg-1-768x512.jpg 768w, https:\/\/oceancamper.com\/wp-content\/uploads\/2020\/12\/benagil-cave-algarve-portugal-sea-cave-SUP-1.jpg-1-240x160.jpg 240w\" sizes=\"(max-width: 800px) 100vw, 800px\" \/>\t\t\t\t\t\t\t\t\t\t\t\t\t\t\t<\/div>\n\t\t\t\t<\/div>\n\t\t\t\t<div class=\"elementor-element elementor-element-ebf42be elementor-widget elementor-widget-text-editor\" data-id=\"ebf42be\" data-element_type=\"widget\" data-e-type=\"widget\" data-widget_type=\"text-editor.default\">\n\t\t\t\t<div class=\"elementor-widget-container\">\n\t\t\t\t\t\t\t\t\t<p data-start=\"1551\" data-end=\"1629\">Photo \u00ab\u00a0Sea cave near Carvoeiro (52859676063).jpg\u00a0\u00bb par <a class=\"external text\" href=\"https:\/\/www.flickr.com\/people\/27637794@N05\" rel=\"nofollow\">Marty B<\/a>, sous licence <a href=\"https:\/\/commons.wikimedia.org\/wiki\/File:Sea_cave_near_Carvoeiro_(52859676063).jpg\" target=\"_blank\" rel=\"noopener\">CC BY 3.0.<\/a><\/p>\t\t\t\t\t\t\t\t<\/div>\n\t\t\t\t<\/div>\n\t\t\t\t\t<\/div>\n\t\t<\/div>\n\t\t\t\t\t<\/div>\n\t\t<\/section>\n\t\t\t\t<section class=\"elementor-section elementor-top-section elementor-element elementor-element-348298d2 elementor-section-stretched elementor-section-boxed elementor-section-height-default elementor-section-height-default\" data-id=\"348298d2\" data-element_type=\"section\" data-e-type=\"section\" id=\"alvor\" data-settings=\"{&quot;stretch_section&quot;:&quot;section-stretched&quot;,&quot;background_background&quot;:&quot;classic&quot;}\">\n\t\t\t\t\t\t<div class=\"elementor-container elementor-column-gap-default\">\n\t\t\t\t\t<div class=\"elementor-column elementor-col-100 elementor-top-column elementor-element elementor-element-c16e1af\" data-id=\"c16e1af\" data-element_type=\"column\" data-e-type=\"column\">\n\t\t\t<div class=\"elementor-widget-wrap elementor-element-populated\">\n\t\t\t\t\t\t<div class=\"elementor-element elementor-element-3fc2fb47 elementor-widget elementor-widget-heading\" data-id=\"3fc2fb47\" data-element_type=\"widget\" data-e-type=\"widget\" data-widget_type=\"heading.default\">\n\t\t\t\t<div class=\"elementor-widget-container\">\n\t\t\t\t\t<h2 class=\"elementor-heading-title elementor-size-default\">\ud83c\udfd6\ufe0f 5. Alvor (de Praia do Alem\u00e3o \u00e0 Prainha) <\/h2>\t\t\t\t<\/div>\n\t\t\t\t<\/div>\n\t\t\t\t<div class=\"elementor-element elementor-element-2d7f8e20 elementor-widget elementor-widget-text-editor\" data-id=\"2d7f8e20\" data-element_type=\"widget\" data-e-type=\"widget\" data-widget_type=\"text-editor.default\">\n\t\t\t\t<div class=\"elementor-widget-container\">\n\t\t\t\t\t\t\t\t\t<p data-start=\"3517\" data-end=\"3755\"><strong data-start=\"3517\" data-end=\"3527\">Niveau :<\/strong> D\u00e9butant \u00e0 interm\u00e9diaire<br data-start=\"3549\" data-end=\"3552\"\/><strong data-start=\"3552\" data-end=\"3567\">Points forts :<\/strong> Petites criques et plages tranquilles accessibles uniquement par la mer.<br data-start=\"3627\" data-end=\"3630\"\/><strong data-start=\"3630\" data-end=\"3641\">Point de d\u00e9part :<\/strong> Praia do Alem\u00e3o.<br data-start=\"3658\" data-end=\"3661\"\/><strong data-start=\"3661\" data-end=\"3675\">Mar\u00e9e\/Vent :<\/strong> Houle faible, \u00e0 privil\u00e9gier t\u00f4t le matin.<br data-start=\"3706\" data-end=\"3709\"\/>\ud83d\udc49 <a class=\"decorated-link\" href=\"https:\/\/maps.app.goo.gl\/2rUg6C2SdkLRR1Qz9\" target=\"_blank\" rel=\"noopener\" data-start=\"3712\" data-end=\"3755\">Localisation sur la carte<\/a><\/p>\t\t\t\t\t\t\t\t<\/div>\n\t\t\t\t<\/div>\n\t\t\t\t<div class=\"elementor-element elementor-element-7105e9a8 elementor-widget elementor-widget-image\" data-id=\"7105e9a8\" data-element_type=\"widget\" data-e-type=\"widget\" data-widget_type=\"image.default\">\n\t\t\t\t<div class=\"elementor-widget-container\">\n\t\t\t\t\t\t\t\t\t\t\t\t\t\t\t<img loading=\"lazy\" decoding=\"async\" width=\"800\" height=\"533\" src=\"https:\/\/oceancamper.com\/wp-content\/uploads\/2020\/12\/praia-do-alemao-sup-algarve.jpg\" class=\"attachment-large size-large wp-image-208085\" alt=\"La plage de Praia do Alem\u00e3o \u00e0 Alvor, en Algarve (Portugal) : des falaises dor\u00e9es, une eau turquoise et des formations rocheuses, avec un voilier au large.\" srcset=\"https:\/\/oceancamper.com\/wp-content\/uploads\/2020\/12\/praia-do-alemao-sup-algarve.jpg 960w, https:\/\/oceancamper.com\/wp-content\/uploads\/2020\/12\/praia-do-alemao-sup-algarve-300x200.jpg 300w, https:\/\/oceancamper.com\/wp-content\/uploads\/2020\/12\/praia-do-alemao-sup-algarve-768x512.jpg 768w, https:\/\/oceancamper.com\/wp-content\/uploads\/2020\/12\/praia-do-alemao-sup-algarve-240x160.jpg 240w\" sizes=\"(max-width: 800px) 100vw, 800px\" \/>\t\t\t\t\t\t\t\t\t\t\t\t\t\t\t<\/div>\n\t\t\t\t<\/div>\n\t\t\t\t<div class=\"elementor-element elementor-element-e5fdd20 elementor-widget elementor-widget-text-editor\" data-id=\"e5fdd20\" data-element_type=\"widget\" data-e-type=\"widget\" data-widget_type=\"text-editor.default\">\n\t\t\t\t<div class=\"elementor-widget-container\">\n\t\t\t\t\t\t\t\t\t<p data-start=\"1551\" data-end=\"1629\">Praia do Alem\u00e3o 2017 09.jpg\u00a0\u00bb par Jos\u00e9olgon, sous licence <a href=\"https:\/\/commons.wikimedia.org\/wiki\/File:Praia_do_Alem%C3%A3o_2017_09.jpg\" target=\"_blank\" rel=\"noopener\">CC BY-SA 4.0<\/a><\/p>\t\t\t\t\t\t\t\t<\/div>\n\t\t\t\t<\/div>\n\t\t\t\t\t<\/div>\n\t\t<\/div>\n\t\t\t\t\t<\/div>\n\t\t<\/section>\n\t\t\t\t<section class=\"elementor-section elementor-top-section elementor-element elementor-element-2a52a3f9 elementor-section-stretched elementor-section-boxed elementor-section-height-default elementor-section-height-default\" data-id=\"2a52a3f9\" data-element_type=\"section\" data-e-type=\"section\" id=\"piedade\" data-settings=\"{&quot;stretch_section&quot;:&quot;section-stretched&quot;,&quot;background_background&quot;:&quot;classic&quot;}\">\n\t\t\t\t\t\t<div class=\"elementor-container elementor-column-gap-default\">\n\t\t\t\t\t<div class=\"elementor-column elementor-col-100 elementor-top-column elementor-element elementor-element-2ee09fba\" data-id=\"2ee09fba\" data-element_type=\"column\" data-e-type=\"column\">\n\t\t\t<div class=\"elementor-widget-wrap elementor-element-populated\">\n\t\t\t\t\t\t<div class=\"elementor-element elementor-element-16f9f885 elementor-widget elementor-widget-heading\" data-id=\"16f9f885\" data-element_type=\"widget\" data-e-type=\"widget\" data-widget_type=\"heading.default\">\n\t\t\t\t<div class=\"elementor-widget-container\">\n\t\t\t\t\t<h2 class=\"elementor-heading-title elementor-size-default\">\ud83c\udfd6\ufe0f 6. Ponta da Piedade - Falaises de Lagos <\/h2>\t\t\t\t<\/div>\n\t\t\t\t<\/div>\n\t\t\t\t<div class=\"elementor-element elementor-element-559e961c elementor-widget elementor-widget-text-editor\" data-id=\"559e961c\" data-element_type=\"widget\" data-e-type=\"widget\" data-widget_type=\"text-editor.default\">\n\t\t\t\t<div class=\"elementor-widget-container\">\n\t\t\t\t\t\t\t\t\t<p><strong data-start=\"3809\" data-end=\"3819\">Niveau :<\/strong> Interm\u00e9diaire<br data-start=\"3832\" data-end=\"3835\"\/><strong data-start=\"3835\" data-end=\"3850\">Points forts :<\/strong> Falaises dor\u00e9es, arches rocheuses et eaux cristallines.<br data-start=\"3903\" data-end=\"3906\"\/><strong data-start=\"3906\" data-end=\"3917\">Point de d\u00e9part :<\/strong> Praia do Camilo ou Praia Dona Ana.<br data-start=\"3952\" data-end=\"3955\"\/><strong data-start=\"3955\" data-end=\"3969\">Mar\u00e9e\/Vent :<\/strong> Partez \u00e0 l&rsquo;aube pour profiter d&rsquo;une mer calme et d&rsquo;une lumi\u00e8re magnifique.<br data-start=\"4021\" data-end=\"4024\"\/>\ud83d\udc49 <a class=\"decorated-link\" href=\"https:\/\/maps.app.goo.gl\/ZbfPs1HAYNddooh26\" target=\"_blank\" rel=\"noopener\" data-start=\"4027\" data-end=\"4070\">Localisation sur la carte<\/a><\/p>\t\t\t\t\t\t\t\t<\/div>\n\t\t\t\t<\/div>\n\t\t\t\t<div class=\"elementor-element elementor-element-41ecdeff elementor-widget elementor-widget-image\" data-id=\"41ecdeff\" data-element_type=\"widget\" data-e-type=\"widget\" data-widget_type=\"image.default\">\n\t\t\t\t<div class=\"elementor-widget-container\">\n\t\t\t\t\t\t\t\t\t\t\t\t\t\t\t<img loading=\"lazy\" decoding=\"async\" width=\"800\" height=\"223\" src=\"https:\/\/oceancamper.com\/wp-content\/uploads\/2020\/12\/ponta-da-piedade-sup-algarve-1.jpg\" class=\"attachment-large size-large wp-image-208091\" alt=\"Excursions en paddle et en bateau \u00e0 Ponta da Piedade, \u00e0 Lagos, en Algarve : falaises dor\u00e9es, arches et eaux turquoise.\" srcset=\"https:\/\/oceancamper.com\/wp-content\/uploads\/2020\/12\/ponta-da-piedade-sup-algarve-1.jpg 960w, https:\/\/oceancamper.com\/wp-content\/uploads\/2020\/12\/ponta-da-piedade-sup-algarve-1-300x83.jpg 300w, https:\/\/oceancamper.com\/wp-content\/uploads\/2020\/12\/ponta-da-piedade-sup-algarve-1-768x214.jpg 768w, https:\/\/oceancamper.com\/wp-content\/uploads\/2020\/12\/ponta-da-piedade-sup-algarve-1-240x67.jpg 240w\" sizes=\"(max-width: 800px) 100vw, 800px\" \/>\t\t\t\t\t\t\t\t\t\t\t\t\t\t\t<\/div>\n\t\t\t\t<\/div>\n\t\t\t\t<div class=\"elementor-element elementor-element-78d74af elementor-widget elementor-widget-text-editor\" data-id=\"78d74af\" data-element_type=\"widget\" data-e-type=\"widget\" data-widget_type=\"text-editor.default\">\n\t\t\t\t<div class=\"elementor-widget-container\">\n\t\t\t\t\t\t\t\t\t<p>Photo <em data-start=\"55\" data-end=\"104\">\u00ab\u00a0Ponta da Piedade pano.jpg\u00a0\u00bb<\/em> par <a class=\"mw-redirect\" title=\"Utilisateur:Dicklyon\" href=\"https:\/\/commons.wikimedia.org\/wiki\/User:Dicklyon\">Dicklyon<\/a>, sous licence <a class=\"decorated-link\" href=\"https:\/\/commons.wikimedia.org\/wiki\/File:Ponta_da_Piedade_pano.jpg\" target=\"_blank\" rel=\"noopener\" data-start=\"136\" data-end=\"193\">CC BY 2.0.<\/a><\/p>\t\t\t\t\t\t\t\t<\/div>\n\t\t\t\t<\/div>\n\t\t\t\t\t<\/div>\n\t\t<\/div>\n\t\t\t\t\t<\/div>\n\t\t<\/section>\n\t\t\t\t<section class=\"elementor-section elementor-top-section elementor-element elementor-element-7e4a9cbe elementor-section-stretched elementor-section-boxed elementor-section-height-default elementor-section-height-default\" data-id=\"7e4a9cbe\" data-element_type=\"section\" data-e-type=\"section\" id=\"milfontes\" data-settings=\"{&quot;stretch_section&quot;:&quot;section-stretched&quot;,&quot;background_background&quot;:&quot;classic&quot;}\">\n\t\t\t\t\t\t<div class=\"elementor-container elementor-column-gap-default\">\n\t\t\t\t\t<div class=\"elementor-column elementor-col-100 elementor-top-column elementor-element elementor-element-4427078b\" data-id=\"4427078b\" data-element_type=\"column\" data-e-type=\"column\">\n\t\t\t<div class=\"elementor-widget-wrap elementor-element-populated\">\n\t\t\t\t\t\t<div class=\"elementor-element elementor-element-48c9fd0e elementor-widget elementor-widget-heading\" data-id=\"48c9fd0e\" data-element_type=\"widget\" data-e-type=\"widget\" data-widget_type=\"heading.default\">\n\t\t\t\t<div class=\"elementor-widget-container\">\n\t\t\t\t\t<h2 class=\"elementor-heading-title elementor-size-default\">\ud83c\udfde\ufe0f 7. Vila Nova de Milfontes - Rivi\u00e8re Mira (Alentejo) <\/h2>\t\t\t\t<\/div>\n\t\t\t\t<\/div>\n\t\t\t\t<div class=\"elementor-element elementor-element-7eb7ad3c elementor-widget elementor-widget-text-editor\" data-id=\"7eb7ad3c\" data-element_type=\"widget\" data-e-type=\"widget\" data-widget_type=\"text-editor.default\">\n\t\t\t\t<div class=\"elementor-widget-container\">\n\t\t\t\t\t\t\t\t\t<p><strong data-start=\"4139\" data-end=\"4149\">Niveau :<\/strong> D\u00e9butant+<br data-start=\"4159\" data-end=\"4162\"\/><strong data-start=\"4162\" data-end=\"4177\">Points forts :<\/strong> Descente tranquille en cano\u00eb sur la rivi\u00e8re avec vue sur les dunes et le village.<br data-start=\"4224\" data-end=\"4227\"\/><strong data-start=\"4227\" data-end=\"4238\">Point de d\u00e9part :<\/strong> Plage au bord de la rivi\u00e8re pr\u00e8s du village.<br data-start=\"4268\" data-end=\"4271\"\/><strong data-start=\"4271\" data-end=\"4281\">\u00c0 \u00e9viter :<\/strong> L&#8217;embouchure de la rivi\u00e8re \u2014 les courants y sont forts.<br data-start=\"4320\" data-end=\"4323\"\/>\ud83d\udc49 <a class=\"decorated-link\" href=\"https:\/\/maps.app.goo.gl\/fw6mrCUfYTXXV1aw8\" target=\"_blank\" rel=\"noopener\" data-start=\"4326\" data-end=\"4369\">Localisation sur la carte<\/a><\/p>\t\t\t\t\t\t\t\t<\/div>\n\t\t\t\t<\/div>\n\t\t\t\t<div class=\"elementor-element elementor-element-6c53d04c elementor-widget elementor-widget-image\" data-id=\"6c53d04c\" data-element_type=\"widget\" data-e-type=\"widget\" data-widget_type=\"image.default\">\n\t\t\t\t<div class=\"elementor-widget-container\">\n\t\t\t\t\t\t\t\t\t\t\t\t\t\t\t<img loading=\"lazy\" decoding=\"async\" width=\"800\" height=\"600\" src=\"https:\/\/oceancamper.com\/wp-content\/uploads\/2020\/12\/vila-nova-de-milfontes-sup-portugal.jpg\" class=\"attachment-large size-large wp-image-208087\" alt=\"Vue de Vila Nova de Milfontes, dans l&apos;Alentejo, au Portugal : une plage fluviale aux eaux turquoise, des falaises et des maisons blanches en surplomb.\" srcset=\"https:\/\/oceancamper.com\/wp-content\/uploads\/2020\/12\/vila-nova-de-milfontes-sup-portugal.jpg 800w, https:\/\/oceancamper.com\/wp-content\/uploads\/2020\/12\/vila-nova-de-milfontes-sup-portugal-300x225.jpg 300w, https:\/\/oceancamper.com\/wp-content\/uploads\/2020\/12\/vila-nova-de-milfontes-sup-portugal-768x576.jpg 768w, https:\/\/oceancamper.com\/wp-content\/uploads\/2020\/12\/vila-nova-de-milfontes-sup-portugal-240x180.jpg 240w\" sizes=\"(max-width: 800px) 100vw, 800px\" \/>\t\t\t\t\t\t\t\t\t\t\t\t\t\t\t<\/div>\n\t\t\t\t<\/div>\n\t\t\t\t<div class=\"elementor-element elementor-element-1bb929c elementor-widget elementor-widget-text-editor\" data-id=\"1bb929c\" data-element_type=\"widget\" data-e-type=\"widget\" data-widget_type=\"text-editor.default\">\n\t\t\t\t<div class=\"elementor-widget-container\">\n\t\t\t\t\t\t\t\t\t<p>Photo \u00ab\u00a0Vila Nova de Milfontes.jpg\u00a0\u00bb par Francisco Santos (Xuaxo), sous licence <a class=\"decorated-link cursor-pointer\" href=\"https:\/\/commons.wikimedia.org\/wiki\/File:Vila_Nova_de_Milfontes.jpg\" target=\"_blank\" rel=\"noopener\" data-start=\"81\" data-end=\"144\">CC BY-SA 3.0<\/a><\/p>\t\t\t\t\t\t\t\t<\/div>\n\t\t\t\t<\/div>\n\t\t\t\t\t<\/div>\n\t\t<\/div>\n\t\t\t\t\t<\/div>\n\t\t<\/section>\n\t\t\t\t<section class=\"elementor-section elementor-top-section elementor-element elementor-element-19ee9ca1 elementor-section-stretched elementor-section-boxed elementor-section-height-default elementor-section-height-default\" data-id=\"19ee9ca1\" data-element_type=\"section\" data-e-type=\"section\" id=\"arade\" data-settings=\"{&quot;stretch_section&quot;:&quot;section-stretched&quot;,&quot;background_background&quot;:&quot;classic&quot;}\">\n\t\t\t\t\t\t<div class=\"elementor-container elementor-column-gap-default\">\n\t\t\t\t\t<div class=\"elementor-column elementor-col-100 elementor-top-column elementor-element elementor-element-317e2be1\" data-id=\"317e2be1\" data-element_type=\"column\" data-e-type=\"column\">\n\t\t\t<div class=\"elementor-widget-wrap elementor-element-populated\">\n\t\t\t\t\t\t<div class=\"elementor-element elementor-element-705ec91b elementor-widget elementor-widget-heading\" data-id=\"705ec91b\" data-element_type=\"widget\" data-e-type=\"widget\" data-widget_type=\"heading.default\">\n\t\t\t\t<div class=\"elementor-widget-container\">\n\t\t\t\t\t<h2 class=\"elementor-heading-title elementor-size-default\">\ud83c\udf3f 8. Barragem do Arade - Lac de la for\u00eat <\/h2>\t\t\t\t<\/div>\n\t\t\t\t<\/div>\n\t\t\t\t<div class=\"elementor-element elementor-element-26902f37 elementor-widget elementor-widget-text-editor\" data-id=\"26902f37\" data-element_type=\"widget\" data-e-type=\"widget\" data-widget_type=\"text-editor.default\">\n\t\t\t\t<div class=\"elementor-widget-container\">\n\t\t\t\t\t\t\t\t\t<p><strong data-start=\"4422\" data-end=\"4432\">Niveau :<\/strong> D\u00e9butant<br data-start=\"4441\" data-end=\"4444\"\/><strong data-start=\"4444\" data-end=\"4459\">Points forts :<\/strong> Une balade paisible en eau calme, au milieu des pins.<br data-start=\"4514\" data-end=\"4517\"\/><strong data-start=\"4517\" data-end=\"4528\">Acc\u00e8s :<\/strong> Mise \u00e0 l&rsquo;eau depuis la rive, pr\u00e8s de l&rsquo;acc\u00e8s principal au barrage.<br data-start=\"4567\" data-end=\"4570\"\/><strong data-start=\"4570\" data-end=\"4580\">Remarques :<\/strong> Apportez de l&rsquo;eau et de quoi grignoter \u2013 il n&rsquo;y a pas de services \u00e0 proximit\u00e9.<br data-start=\"4625\" data-end=\"4628\"\/>\ud83d\udc49 <a class=\"decorated-link\" href=\"https:\/\/goo.gl\/maps\/W1rKMB2PJqvU1rJaA\" target=\"_blank\" rel=\"noopener\" data-start=\"4631\" data-end=\"4674\">Localisation sur la carte<\/a><\/p>\t\t\t\t\t\t\t\t<\/div>\n\t\t\t\t<\/div>\n\t\t\t\t<div class=\"elementor-element elementor-element-eac133b elementor-widget elementor-widget-image\" data-id=\"eac133b\" data-element_type=\"widget\" data-e-type=\"widget\" data-widget_type=\"image.default\">\n\t\t\t\t<div class=\"elementor-widget-container\">\n\t\t\t\t\t\t\t\t\t\t\t\t\t\t\t<img loading=\"lazy\" decoding=\"async\" width=\"800\" height=\"600\" src=\"https:\/\/oceancamper.com\/wp-content\/uploads\/2020\/12\/algarve-lakes-sup.jpg\" class=\"attachment-large size-large wp-image-77433\" alt=\"Paddleboarding Algarve lacs SUP Algarve Barragem do Arade\" srcset=\"https:\/\/oceancamper.com\/wp-content\/uploads\/2020\/12\/algarve-lakes-sup.jpg 1024w, https:\/\/oceancamper.com\/wp-content\/uploads\/2020\/12\/algarve-lakes-sup-300x225.jpg 300w, https:\/\/oceancamper.com\/wp-content\/uploads\/2020\/12\/algarve-lakes-sup-768x576.jpg 768w\" sizes=\"(max-width: 800px) 100vw, 800px\" \/>\t\t\t\t\t\t\t\t\t\t\t\t\t\t\t<\/div>\n\t\t\t\t<\/div>\n\t\t\t\t\t<\/div>\n\t\t<\/div>\n\t\t\t\t\t<\/div>\n\t\t<\/section>\n\t\t\t\t<section class=\"elementor-section elementor-top-section elementor-element elementor-element-4752571 elementor-section-stretched elementor-section-boxed elementor-section-height-default elementor-section-height-default\" data-id=\"4752571\" data-element_type=\"section\" data-e-type=\"section\" id=\"funcho\" data-settings=\"{&quot;stretch_section&quot;:&quot;section-stretched&quot;,&quot;background_background&quot;:&quot;classic&quot;}\">\n\t\t\t\t\t\t<div class=\"elementor-container elementor-column-gap-default\">\n\t\t\t\t\t<div class=\"elementor-column elementor-col-100 elementor-top-column elementor-element elementor-element-cfe1336\" data-id=\"cfe1336\" data-element_type=\"column\" data-e-type=\"column\">\n\t\t\t<div class=\"elementor-widget-wrap elementor-element-populated\">\n\t\t\t\t\t\t<div class=\"elementor-element elementor-element-47c36e0 elementor-widget elementor-widget-heading\" data-id=\"47c36e0\" data-element_type=\"widget\" data-e-type=\"widget\" data-widget_type=\"heading.default\">\n\t\t\t\t<div class=\"elementor-widget-container\">\n\t\t\t\t\t<h2 class=\"elementor-heading-title elementor-size-default\">\ud83c\udf3f 9. Barragem do Funcho - R\u00e9servoir tranquille <\/h2>\t\t\t\t<\/div>\n\t\t\t\t<\/div>\n\t\t\t\t<div class=\"elementor-element elementor-element-9b9bbaa elementor-widget elementor-widget-text-editor\" data-id=\"9b9bbaa\" data-element_type=\"widget\" data-e-type=\"widget\" data-widget_type=\"text-editor.default\">\n\t\t\t\t<div class=\"elementor-widget-container\">\n\t\t\t\t\t\t\t\t\t<p><strong data-start=\"5218\" data-end=\"5228\">Niveau :<\/strong> D\u00e9butant<br data-start=\"5237\" data-end=\"5240\"\/><strong data-start=\"5240\" data-end=\"5255\">Points forts :<\/strong> Longues sorties tranquilles ; observation des oiseaux.<br data-start=\"5289\" data-end=\"5292\"\/><strong data-start=\"5292\" data-end=\"5303\">Mise \u00e0 l&rsquo;eau :<\/strong> Points d&rsquo;acc\u00e8s publics sur la rive.<br data-start=\"5338\" data-end=\"5341\"\/><strong data-start=\"5341\" data-end=\"5355\">Mar\u00e9e\/Vent :<\/strong> Sans objet ; \u00e9vitez les apr\u00e8s-midis venteux.<br data-start=\"5384\" data-end=\"5387\"\/><strong data-start=\"5387\" data-end=\"5405\">Parking\/Remarques :<\/strong> Endroit isol\u00e9 ; pr\u00e9voyez de l&rsquo;eau et des en-cas. \ud83d\udc49 <a class=\"decorated-link\" href=\"https:\/\/goo.gl\/maps\/bu2wzmr4zLgRwMq96\" target=\"_blank\" rel=\"noopener\" data-start=\"4884\" data-end=\"4927\">Localisation sur la carte<\/a><\/p>\t\t\t\t\t\t\t\t<\/div>\n\t\t\t\t<\/div>\n\t\t\t\t<div class=\"elementor-element elementor-element-bfcc950 elementor-widget elementor-widget-image\" data-id=\"bfcc950\" data-element_type=\"widget\" data-e-type=\"widget\" data-widget_type=\"image.default\">\n\t\t\t\t<div class=\"elementor-widget-container\">\n\t\t\t\t\t\t\t\t\t\t\t\t\t\t\t<img loading=\"lazy\" decoding=\"async\" width=\"800\" height=\"528\" src=\"https:\/\/oceancamper.com\/wp-content\/uploads\/2020\/12\/barragem-do-funcho-sup-algarve.jpg\" class=\"attachment-large size-large wp-image-208088\" alt=\"Le barrage du Funcho \u00e0 Silves, en Algarve (Portugal) : un lac paisible entour\u00e9 de collines et sous un ciel bleu, id\u00e9al pour le paddle.\" srcset=\"https:\/\/oceancamper.com\/wp-content\/uploads\/2020\/12\/barragem-do-funcho-sup-algarve.jpg 960w, https:\/\/oceancamper.com\/wp-content\/uploads\/2020\/12\/barragem-do-funcho-sup-algarve-300x198.jpg 300w, https:\/\/oceancamper.com\/wp-content\/uploads\/2020\/12\/barragem-do-funcho-sup-algarve-768x507.jpg 768w, https:\/\/oceancamper.com\/wp-content\/uploads\/2020\/12\/barragem-do-funcho-sup-algarve-240x159.jpg 240w\" sizes=\"(max-width: 800px) 100vw, 800px\" \/>\t\t\t\t\t\t\t\t\t\t\t\t\t\t\t<\/div>\n\t\t\t\t<\/div>\n\t\t\t\t<div class=\"elementor-element elementor-element-a6c1378 elementor-widget elementor-widget-text-editor\" data-id=\"a6c1378\" data-element_type=\"widget\" data-e-type=\"widget\" data-widget_type=\"text-editor.default\">\n\t\t\t\t<div class=\"elementor-widget-container\">\n\t\t\t\t\t\t\t\t\t<p>Photo \u00ab\u00a0Barrage de Funcho sur la rivi\u00e8re Arade, Silves, Portugal (PPL1-Corrig\u00e9) julesvernex2.jpg\u00a0\u00bb par Jules Verne Times Two \/ <a href=\"https:\/\/www.julesvernex2.com\" target=\"_blank\" rel=\"noopener\">julesvernex2.com<\/a>, sous licence <a class=\"decorated-link cursor-pointer\" href=\"https:\/\/commons.wikimedia.org\/wiki\/File%3AFuncho_dam_on_the_Arade_river%2C_Silves%2C_Portugal_%28PPL1-Corrected%29_julesvernex2.jpg?utm_source=chatgpt.com\" target=\"_blank\" rel=\"noopener\" data-start=\"152\" data-end=\"215\">CC BY-SA 4.0.<\/a><\/p>\t\t\t\t\t\t\t\t<\/div>\n\t\t\t\t<\/div>\n\t\t\t\t\t<\/div>\n\t\t<\/div>\n\t\t\t\t\t<\/div>\n\t\t<\/section>\n\t\t\t\t<section class=\"elementor-section elementor-top-section elementor-element elementor-element-c86ba99 elementor-section-stretched elementor-section-boxed elementor-section-height-default elementor-section-height-default\" data-id=\"c86ba99\" data-element_type=\"section\" data-e-type=\"section\" id=\"clara\" data-settings=\"{&quot;stretch_section&quot;:&quot;section-stretched&quot;,&quot;background_background&quot;:&quot;classic&quot;}\">\n\t\t\t\t\t\t<div class=\"elementor-container elementor-column-gap-default\">\n\t\t\t\t\t<div class=\"elementor-column elementor-col-100 elementor-top-column elementor-element elementor-element-331984c\" data-id=\"331984c\" data-element_type=\"column\" data-e-type=\"column\">\n\t\t\t<div class=\"elementor-widget-wrap elementor-element-populated\">\n\t\t\t\t\t\t<div class=\"elementor-element elementor-element-03b5675 elementor-widget elementor-widget-heading\" data-id=\"03b5675\" data-element_type=\"widget\" data-e-type=\"widget\" data-widget_type=\"heading.default\">\n\t\t\t\t<div class=\"elementor-widget-container\">\n\t\t\t\t\t<h2 class=\"elementor-heading-title elementor-size-default\">\ud83c\udf3f 10. Barragem de Santa Clara - Le joyau cach\u00e9 <\/h2>\t\t\t\t<\/div>\n\t\t\t\t<\/div>\n\t\t\t\t<div class=\"elementor-element elementor-element-0f5cb52 elementor-widget elementor-widget-text-editor\" data-id=\"0f5cb52\" data-element_type=\"widget\" data-e-type=\"widget\" data-widget_type=\"text-editor.default\">\n\t\t\t\t<div class=\"elementor-widget-container\">\n\t\t\t\t\t\t\t\t\t<p><strong data-start=\"5478\" data-end=\"5488\">Niveau :<\/strong> D\u00e9butant<br data-start=\"5497\" data-end=\"5500\"><strong data-start=\"5500\" data-end=\"5515\">Points forts :<\/strong> L&rsquo;un des plus grands lacs de la r\u00e9gion ; eaux vastes et calmes.<br data-start=\"5573\" data-end=\"5576\"><strong data-start=\"5576\" data-end=\"5587\">Mise \u00e0 l&rsquo;eau :<\/strong> Plusieurs rampes\/crevasses.<br data-start=\"5609\" data-end=\"5612\"><strong data-start=\"5612\" data-end=\"5626\">Mar\u00e9e\/vent :<\/strong> N\/A ; meilleur par temps calme.<br data-start=\"5650\" data-end=\"5653\"><strong data-start=\"5653\" data-end=\"5671\">Parking\/Notes :<\/strong> Id\u00e9al pour un pique-nique d&rsquo;une journ\u00e9e. \ud83d\udc49 <a class=\"decorated-link\" href=\"https:\/\/goo.gl\/maps\/SKPqn8U6nQXm7tX66\" target=\"_blank\" rel=\"noopener\" data-start=\"5155\" data-end=\"5198\">Carte de localisation<\/a> <\/p>\t\t\t\t\t\t\t\t<\/div>\n\t\t\t\t<\/div>\n\t\t\t\t<div class=\"elementor-element elementor-element-0d3a8a0 elementor-widget elementor-widget-image\" data-id=\"0d3a8a0\" data-element_type=\"widget\" data-e-type=\"widget\" data-widget_type=\"image.default\">\n\t\t\t\t<div class=\"elementor-widget-container\">\n\t\t\t\t\t\t\t\t\t\t\t\t\t\t\t<img loading=\"lazy\" decoding=\"async\" width=\"800\" height=\"353\" src=\"https:\/\/oceancamper.com\/wp-content\/uploads\/2020\/12\/barragem-de-santa-clara-sup-alentejo.jpg\" class=\"attachment-large size-large wp-image-208089\" alt=\"Le barrage de Santa Clara, dans l&apos;Alentejo, au Portugal : un lac bleu et paisible, entour\u00e9 de collines verdoyantes et de la campagne.\" srcset=\"https:\/\/oceancamper.com\/wp-content\/uploads\/2020\/12\/barragem-de-santa-clara-sup-alentejo.jpg 960w, https:\/\/oceancamper.com\/wp-content\/uploads\/2020\/12\/barragem-de-santa-clara-sup-alentejo-300x132.jpg 300w, https:\/\/oceancamper.com\/wp-content\/uploads\/2020\/12\/barragem-de-santa-clara-sup-alentejo-768x338.jpg 768w, https:\/\/oceancamper.com\/wp-content\/uploads\/2020\/12\/barragem-de-santa-clara-sup-alentejo-240x106.jpg 240w\" sizes=\"(max-width: 800px) 100vw, 800px\" \/>\t\t\t\t\t\t\t\t\t\t\t\t\t\t\t<\/div>\n\t\t\t\t<\/div>\n\t\t\t\t<div class=\"elementor-element elementor-element-ec8deaa elementor-widget elementor-widget-text-editor\" data-id=\"ec8deaa\" data-element_type=\"widget\" data-e-type=\"widget\" data-widget_type=\"text-editor.default\">\n\t\t\t\t<div class=\"elementor-widget-container\">\n\t\t\t\t\t\t\t\t\t<p>Photo \u00ab\u00a0Barragem de Santa Clara Alentejo (2264826229).jpg\u00a0\u00bb par Guy MOLL, sous licence <a class=\"decorated-link\" href=\"https:\/\/commons.wikimedia.org\/wiki\/File:Barragem_de_Santa_Clara_Alentejo_(2264826229).jpg\" target=\"_blank\" rel=\"noopener\" data-start=\"88\" data-end=\"145\">CC BY 2.0<\/a><\/p>\t\t\t\t\t\t\t\t<\/div>\n\t\t\t\t<\/div>\n\t\t\t\t\t<\/div>\n\t\t<\/div>\n\t\t\t\t\t<\/div>\n\t\t<\/section>\n\t\t\t\t<section class=\"elementor-section elementor-top-section elementor-element elementor-element-ed51ce5 elementor-section-stretched elementor-section-boxed elementor-section-height-default elementor-section-height-default\" data-id=\"ed51ce5\" data-element_type=\"section\" data-e-type=\"section\" id=\"tips\" data-settings=\"{&quot;stretch_section&quot;:&quot;section-stretched&quot;,&quot;background_background&quot;:&quot;classic&quot;}\">\n\t\t\t\t\t\t<div class=\"elementor-container elementor-column-gap-default\">\n\t\t\t\t\t<div class=\"elementor-column elementor-col-100 elementor-top-column elementor-element elementor-element-c41125f\" data-id=\"c41125f\" data-element_type=\"column\" data-e-type=\"column\">\n\t\t\t<div class=\"elementor-widget-wrap elementor-element-populated\">\n\t\t\t\t\t\t<div class=\"elementor-element elementor-element-78e5e760 elementor-widget elementor-widget-heading\" data-id=\"78e5e760\" data-element_type=\"widget\" data-e-type=\"widget\" data-widget_type=\"heading.default\">\n\t\t\t\t<div class=\"elementor-widget-container\">\n\t\t\t\t\t<h2 class=\"elementor-heading-title elementor-size-default\">Ce qu'il faut emporter (liste de contr\u00f4le rapide)<\/h2>\t\t\t\t<\/div>\n\t\t\t\t<\/div>\n\t\t\t\t<div class=\"elementor-element elementor-element-ba2b1fa elementor-widget elementor-widget-text-editor\" data-id=\"ba2b1fa\" data-element_type=\"widget\" data-e-type=\"widget\" data-widget_type=\"text-editor.default\">\n\t\t\t\t<div class=\"elementor-widget-container\">\n\t\t\t\t\t\t\t\t\t<ul><li data-start=\"6106\" data-end=\"6146\">SUP gonflable + leash + pagaie + pompe<\/li><li data-start=\"6149\" data-end=\"6199\">VFI (gilet de sauvetage) recommand\u00e9, surtout pour les enfants<\/li><li data-start=\"6202\" data-end=\"6244\">Cr\u00e8me solaire sans danger pour les r\u00e9cifs, chapeau, eau, sac \u00e9tanche<\/li><li data-start=\"6247\" data-end=\"6295\">T\u00e9l\u00e9phone dans une pochette \u00e9tanche ; petite trousse de secours<\/li><li data-start=\"6298\" data-end=\"6338\">Combinaison (en fonction de la saison) \/ rashguard<\/li><li data-start=\"6341\" data-end=\"6373\">Lampe frontale si vous partez avant le lever du soleil<\/li><\/ul>\t\t\t\t\t\t\t\t<\/div>\n\t\t\t\t<\/div>\n\t\t\t\t<div class=\"elementor-element elementor-element-2aadde1 elementor-widget elementor-widget-heading\" data-id=\"2aadde1\" data-element_type=\"widget\" data-e-type=\"widget\" data-widget_type=\"heading.default\">\n\t\t\t\t<div class=\"elementor-widget-container\">\n\t\t\t\t\t<h2 class=\"elementor-heading-title elementor-size-default\">\u26a0\ufe0f Conseils de s\u00e9curit\u00e9 pour le paddleboard au Portugal<\/h2>\t\t\t\t<\/div>\n\t\t\t\t<\/div>\n\t\t\t\t<div class=\"elementor-element elementor-element-e651918 elementor-widget elementor-widget-text-editor\" data-id=\"e651918\" data-element_type=\"widget\" data-e-type=\"widget\" data-widget_type=\"text-editor.default\">\n\t\t\t\t<div class=\"elementor-widget-container\">\n\t\t\t\t\t\t\t\t\t<ul><li data-start=\"5261\" data-end=\"5325\">\ud83c\udf0a <strong data-start=\"5264\" data-end=\"5274\">Oc\u00e9an :<\/strong> \u00c9vitez de pagayer par vent fort ou forte houle.<\/li><li data-start=\"5328\" data-end=\"5419\">\ud83c\udf2c\ufe0f <strong data-start=\"5332\" data-end=\"5343\">Rivi\u00e8res :<\/strong> Ne p\u00e9n\u00e9trez jamais dans les zones o\u00f9 une rivi\u00e8re se jette dans l&rsquo;oc\u00e9an : les courants sont dangereux.<\/li><li data-start=\"5422\" data-end=\"5490\">\ud83d\udca6 <strong data-start=\"5425\" data-end=\"5434\">Equipement :<\/strong> Portez toujours une laisse et de pr\u00e9f\u00e9rence un VFI (gilet de sauvetage).<\/li><li data-start=\"5493\" data-end=\"5558\">\ud83c\udf24\ufe0f <strong data-start=\"5497\" data-end=\"5508\">Moment propice :<\/strong> Les matins sont les plus calmes ; les apr\u00e8s-midi peuvent \u00eatre venteux.<\/li><li data-start=\"5561\" data-end=\"5641\"><strong data-start=\"5564\" data-end=\"5583\">\ud83d\udd06 Protection solaire :<\/strong> Chapeau, cr\u00e8me solaire, lunettes de soleil avec sangle, beaucoup d&rsquo;eau.<\/li><\/ul>\t\t\t\t\t\t\t\t<\/div>\n\t\t\t\t<\/div>\n\t\t\t\t<div class=\"elementor-element elementor-element-b9c72b1 elementor-widget elementor-widget-heading\" data-id=\"b9c72b1\" data-element_type=\"widget\" data-e-type=\"widget\" data-widget_type=\"heading.default\">\n\t\t\t\t<div class=\"elementor-widget-container\">\n\t\t\t\t\t<h2 class=\"elementor-heading-title elementor-size-default\">\ud83c\udfc4\u200d\u2642\ufe0f FAQ - Paddleboard en Algarve<\/h2>\t\t\t\t<\/div>\n\t\t\t\t<\/div>\n\t\t\t\t<div class=\"elementor-element elementor-element-6d8397b elementor-widget elementor-widget-text-editor\" data-id=\"6d8397b\" data-element_type=\"widget\" data-e-type=\"widget\" data-widget_type=\"text-editor.default\">\n\t\t\t\t<div class=\"elementor-widget-container\">\n\t\t\t\t\t\t\t\t\t<h4 data-start=\"331\" data-end=\"375\">\u2753 Puis-je faire du paddleboard dans la grotte de Benagil ?<\/h4><p data-start=\"376\" data-end=\"604\">Non. Pour des raisons de s\u00e9curit\u00e9 et de protection de l&rsquo;environnement, la <strong data-start=\"421\" data-end=\"503\">pratique individuelle du paddleboard ou du kayak \u00e0 l&rsquo;int\u00e9rieur de la grotte de Benagil n&rsquo;est plus autoris\u00e9e<\/strong>. Vous pouvez toujours la visiter dans le cadre d&rsquo;<strong data-start=\"531\" data-end=\"560\">excursions guid\u00e9es en SUP ou en kayak<\/strong>, qui sont les seules options l\u00e9gales et s\u00fbres.  <\/p>\t\t\t\t\t\t\t\t<\/div>\n\t\t\t\t<\/div>\n\t\t\t\t<div class=\"elementor-element elementor-element-58dcab1 elementor-widget elementor-widget-text-editor\" data-id=\"58dcab1\" data-element_type=\"widget\" data-e-type=\"widget\" data-widget_type=\"text-editor.default\">\n\t\t\t\t<div class=\"elementor-widget-container\">\n\t\t\t\t\t\t\t\t\t<h4 data-start=\"611\" data-end=\"675\">\u2753 Quel est le meilleur moment de la journ\u00e9e pour faire du paddleboard en Algarve ?<\/h4><p data-start=\"676\" data-end=\"882\"><strong data-start=\"676\" data-end=\"713\">Les premi\u00e8res heures de la matin\u00e9e (du lever du soleil \u00e0 10 h)<\/strong> sont les plus propices : le vent est calme, la mer est lisse comme un miroir et le trafic maritime est tr\u00e8s faible.<br data-start=\"792\" data-end=\"795\"\/>L&rsquo;apr\u00e8s-midi, le vent du nord-ouest souffle souvent plus fort, notamment de <strong data-start=\"860\" data-end=\"881\">juin \u00e0 septembre<\/strong>.<\/p>\t\t\t\t\t\t\t\t<\/div>\n\t\t\t\t<\/div>\n\t\t\t\t<div class=\"elementor-element elementor-element-5215423 elementor-widget elementor-widget-text-editor\" data-id=\"5215423\" data-element_type=\"widget\" data-e-type=\"widget\" data-widget_type=\"text-editor.default\">\n\t\t\t\t<div class=\"elementor-widget-container\">\n\t\t\t\t\t\t\t\t\t<h4 data-start=\"889\" data-end=\"946\">\u2753 Ai-je besoin d&rsquo;une combinaison pour faire du paddleboard au Portugal ?<\/h4><p data-start=\"947\" data-end=\"974\">Cela d\u00e9pend de la saison :<\/p><ul><li data-start=\"977\" data-end=\"1026\"><strong data-start=\"977\" data-end=\"997\">Printemps \/ automne :<\/strong> Combinaison 3\/2 mm recommand\u00e9e<\/li><li data-start=\"1029\" data-end=\"1061\"><strong data-start=\"1029\" data-end=\"1040\">\u00c9t\u00e9 :<\/strong> shorty ou maillot de bain<\/li><li data-start=\"1064\" data-end=\"1186\"><strong data-start=\"1064\" data-end=\"1075\">En hiver :<\/strong> combinaison 4\/3 mm si vous restez plus longtemps dans l&rsquo;eau<br data-start=\"1114\" data-end=\"1117\"\/>La temp\u00e9rature de l&rsquo;eau varie entre <strong data-start=\"1147\" data-end=\"1185\">16 \u00b0C au printemps et 23 \u00b0C en \u00e9t\u00e9<\/strong><\/li><\/ul>\t\t\t\t\t\t\t\t<\/div>\n\t\t\t\t<\/div>\n\t\t\t\t<div class=\"elementor-element elementor-element-b491614 elementor-widget elementor-widget-text-editor\" data-id=\"b491614\" data-element_type=\"widget\" data-e-type=\"widget\" data-widget_type=\"text-editor.default\">\n\t\t\t\t<div class=\"elementor-widget-container\">\n\t\t\t\t\t\t\t\t\t<h4 data-start=\"1193\" data-end=\"1246\">\u2753 Quels sont les spots de SUP les plus calmes en Algarve ?<\/h4><p data-start=\"1247\" data-end=\"1298\">Pour les d\u00e9butants, les eaux sont calmes et prot\u00e9g\u00e9es :<\/p><ul><li data-start=\"1301\" data-end=\"1345\"><strong data-start=\"1301\" data-end=\"1316\">Ria Formosa<\/strong> (Faro &#8211; \u00eeles et lagunes)<\/li><li data-start=\"1348\" data-end=\"1423\"><strong data-start=\"1348\" data-end=\"1370\">Barragem do Funcho<\/strong> et <strong data-start=\"1375\" data-end=\"1402\">Barragem de Santa Clara<\/strong> (lacs d&rsquo;eau douce)<\/li><li data-start=\"1426\" data-end=\"1483\"><strong data-start=\"1426\" data-end=\"1452\">Vila Nova de Milfontes<\/strong> (estuaire de la rivi\u00e8re Mira, Alentejo)<\/li><\/ul>\t\t\t\t\t\t\t\t<\/div>\n\t\t\t\t<\/div>\n\t\t\t\t<div class=\"elementor-element elementor-element-5219366 elementor-widget elementor-widget-text-editor\" data-id=\"5219366\" data-element_type=\"widget\" data-e-type=\"widget\" data-widget_type=\"text-editor.default\">\n\t\t\t\t<div class=\"elementor-widget-container\">\n\t\t\t\t\t\t\t\t\t<h4 data-start=\"1490\" data-end=\"1550\">\u2753 Quels sont les conseils de s\u00e9curit\u00e9 \u00e0 suivre lors de la pratique du paddleboard ?<\/h4><ul><li data-start=\"1553\" data-end=\"1601\">Portez toujours une <strong data-start=\"1567\" data-end=\"1599\">laisse et un v\u00eatement de flottaison (VFI)<\/strong>.<\/li><li data-start=\"1604\" data-end=\"1654\">\u00c9vitez les grottes en cas de <strong data-start=\"1629\" data-end=\"1652\">houle ou d&rsquo;afflux de bateaux<\/strong>.<\/li><li data-start=\"1657\" data-end=\"1703\">N&rsquo;entrez pas dans l&rsquo;<strong data-start=\"1669\" data-end=\"1685\">embouchure des rivi\u00e8res<\/strong> \u00e0 mar\u00e9e descendante.<\/li><li data-start=\"1706\" data-end=\"1773\">V\u00e9rifiez le <strong data-start=\"1712\" data-end=\"1744\">vent (&lt; 12 kn pour les d\u00e9butants)<\/strong> et les <strong data-start=\"1749\" data-end=\"1758\">mar\u00e9es<\/strong> avant de partir.<\/li><li data-start=\"1776\" data-end=\"1832\">Apportez de <strong data-start=\"1782\" data-end=\"1832\">l&rsquo;eau, de la cr\u00e8me solaire et votre t\u00e9l\u00e9phone dans un \u00e9tui \u00e9tanche<\/strong>.<\/li><\/ul>\t\t\t\t\t\t\t\t<\/div>\n\t\t\t\t<\/div>\n\t\t\t\t<div class=\"elementor-element elementor-element-e2e76c0 elementor-widget elementor-widget-text-editor\" data-id=\"e2e76c0\" data-element_type=\"widget\" data-e-type=\"widget\" data-widget_type=\"text-editor.default\">\n\t\t\t\t<div class=\"elementor-widget-container\">\n\t\t\t\t\t\t\t\t\t<h4 data-start=\"1839\" data-end=\"1878\">\u2753 Puis-je louer un paddleboard \u00e0 Faro ?<\/h4><p data-start=\"1879\" data-end=\"2096\">Oui ! <strong data-start=\"1884\" data-end=\"1908\">Ocean Camper, \u00e0 Faro<\/strong>, loue <strong data-start=\"1915\" data-end=\"1934\">des SUP gonflables<\/strong> qui tiennent dans n\u2019importe quelle voiture ou Campervan.<br data-start=\"1968\" data-end=\"1971\"\/>Chaque kit comprend une <strong data-start=\"1991\" data-end=\"2043\">pompe, une pagaie, une laisse, un gilet de sauvetage (en option) et des sangles de toit<\/strong> \u2014 l\u2019id\u00e9al pour explorer la c\u00f4te et les lacs de l\u2019Algarve.<\/p>\t\t\t\t\t\t\t\t<\/div>\n\t\t\t\t<\/div>\n\t\t\t\t<div class=\"elementor-element elementor-element-f825eb5 elementor-widget elementor-widget-heading\" data-id=\"f825eb5\" data-element_type=\"widget\" data-e-type=\"widget\" data-widget_type=\"heading.default\">\n\t\t\t\t<div class=\"elementor-widget-container\">\n\t\t\t\t\t<h2 class=\"elementor-heading-title elementor-size-default\">Faites de votre s\u00e9jour une aventure en camping-car<\/h2>\t\t\t\t<\/div>\n\t\t\t\t<\/div>\n\t\t\t\t<div class=\"elementor-element elementor-element-e8a61ac elementor-widget elementor-widget-text-editor\" data-id=\"e8a61ac\" data-element_type=\"widget\" data-e-type=\"widget\" data-widget_type=\"text-editor.default\">\n\t\t\t\t<div class=\"elementor-widget-container\">\n\t\t\t\t\t\t\t\t\t<p>Partez \u00e0 la d\u00e9couverte en toute libert\u00e9 avec un Campervan \u00e9quip\u00e9 pour les sports nautiques !<br data-start=\"5744\" data-end=\"5747\"\/>Tous nos v\u00e9hicules, de <a href=\"https:\/\/oceancamper.com\/fr\/location-de-camping-cars\/trustpilot-ocean-camper-meilleure-note\/\"><strong>Faro<\/strong><\/a> ou <a href=\"https:\/\/oceancamper.com\/fr\/location-de-camping-cars\/lisbonne\/\"><strong>Lisbonne<\/strong><\/a>, comprennent :<\/p><ul><li data-start=\"5786\" data-end=\"5817\">Douche ext\u00e9rieure et r\u00e9servoir d&rsquo;eau<\/li><li data-start=\"5820\" data-end=\"5854\">Galerie de toit pour planches de surf ou SUP<\/li><li data-start=\"5857\" data-end=\"5886\">Mat\u00e9riel de cuisine et lit double<\/li><li data-start=\"5889\" data-end=\"5923\">Location facultative de SUP ou de planche de surf<\/li><li>Planifiez une boucle <strong data-start=\"5942\" data-end=\"5979\">Faro \u2192 Lagos \u2192 Aljezur \u2192 Alentejo<\/strong>, en combinant SUP et camping (voir notre guide <a class=\"decorated-link\" href=\"https:\/\/oceancamper.com\/fr\/camping-sauvage-au-portugal\/\" target=\"_new\" rel=\"noopener\" data-start=\"6028\" data-end=\"6107\">R\u00e8gles du camping au Portugal<\/a> ).<\/li><\/ul>\t\t\t\t\t\t\t\t<\/div>\n\t\t\t\t<\/div>\n\t\t\t\t\t<\/div>\n\t\t<\/div>\n\t\t\t\t\t<\/div>\n\t\t<\/section>\n\t\t\t\t<section class=\"elementor-section elementor-top-section elementor-element elementor-element-11a7b2db elementor-section-stretched elementor-section-boxed elementor-section-height-default elementor-section-height-default\" data-id=\"11a7b2db\" data-element_type=\"section\" data-e-type=\"section\" data-settings=\"{&quot;stretch_section&quot;:&quot;section-stretched&quot;,&quot;background_background&quot;:&quot;classic&quot;}\">\n\t\t\t\t\t\t<div class=\"elementor-container elementor-column-gap-default\">\n\t\t\t\t\t<div class=\"elementor-column elementor-col-100 elementor-top-column elementor-element elementor-element-218f0346\" data-id=\"218f0346\" data-element_type=\"column\" data-e-type=\"column\">\n\t\t\t<div class=\"elementor-widget-wrap elementor-element-populated\">\n\t\t\t\t\t\t<section class=\"elementor-section elementor-inner-section elementor-element elementor-element-4d9fb23a elementor-section-boxed elementor-section-height-default elementor-section-height-default\" data-id=\"4d9fb23a\" data-element_type=\"section\" data-e-type=\"section\">\n\t\t\t\t\t\t<div class=\"elementor-container elementor-column-gap-default\">\n\t\t\t\t\t<div class=\"elementor-column elementor-col-100 elementor-inner-column elementor-element elementor-element-5d848830\" data-id=\"5d848830\" data-element_type=\"column\" data-e-type=\"column\">\n\t\t\t<div class=\"elementor-widget-wrap elementor-element-populated\">\n\t\t\t\t\t\t<div class=\"elementor-element elementor-element-8d95261 elementor-widget elementor-widget-heading\" data-id=\"8d95261\" data-element_type=\"widget\" data-e-type=\"widget\" data-widget_type=\"heading.default\">\n\t\t\t\t<div class=\"elementor-widget-container\">\n\t\t\t\t\t<h3 class=\"elementor-heading-title elementor-size-default\">Consulte nos autres articles:<\/h3>\t\t\t\t<\/div>\n\t\t\t\t<\/div>\n\t\t\t\t<div class=\"elementor-element elementor-element-13ed2104 elementor-grid-tablet-3 elementor-grid-3 elementor-grid-mobile-1 elementor-posts--thumbnail-top elementor-posts__hover-gradient elementor-widget elementor-widget-posts\" data-id=\"13ed2104\" data-element_type=\"widget\" data-e-type=\"widget\" data-settings=\"{&quot;cards_row_gap&quot;:{&quot;unit&quot;:&quot;px&quot;,&quot;size&quot;:20,&quot;sizes&quot;:[]},&quot;cards_row_gap_mobile&quot;:{&quot;unit&quot;:&quot;px&quot;,&quot;size&quot;:10,&quot;sizes&quot;:[]},&quot;cards_columns_tablet&quot;:&quot;3&quot;,&quot;cards_row_gap_tablet&quot;:{&quot;unit&quot;:&quot;px&quot;,&quot;size&quot;:5,&quot;sizes&quot;:[]},&quot;cards_columns&quot;:&quot;3&quot;,&quot;cards_columns_mobile&quot;:&quot;1&quot;}\" data-widget_type=\"posts.cards\">\n\t\t\t\t<div class=\"elementor-widget-container\">\n\t\t\t\t\t\t\t<div class=\"elementor-posts-container elementor-posts elementor-posts--skin-cards elementor-grid\" role=\"list\">\n\t\t\t\t<article class=\"elementor-post elementor-grid-item post-79679 post type-post status-publish format-standard has-post-thumbnail hentry category-points-forts\" role=\"listitem\">\n\t\t\t<div class=\"elementor-post__card\">\n\t\t\t\t<a class=\"elementor-post__thumbnail__link\" href=\"https:\/\/oceancamper.com\/fr\/meilleurs-campings-algarve-2026\/\" tabindex=\"-1\" ><div class=\"elementor-post__thumbnail\"><img loading=\"lazy\" decoding=\"async\" width=\"300\" height=\"200\" src=\"https:\/\/oceancamper.com\/wp-content\/uploads\/2021\/05\/Girl-camping-at-the-Algarve-\u2013-Ocean-Camper-Portugal-2026-300x200.jpg\" class=\"attachment-medium size-medium wp-image-219486\" alt=\"Une femme assise pr\u00e8s de la porte lat\u00e9rale ouverte d&#039;un Campervan dans un camping\" srcset=\"https:\/\/oceancamper.com\/wp-content\/uploads\/2021\/05\/Girl-camping-at-the-Algarve-\u2013-Ocean-Camper-Portugal-2026-300x200.jpg 300w, https:\/\/oceancamper.com\/wp-content\/uploads\/2021\/05\/Girl-camping-at-the-Algarve-\u2013-Ocean-Camper-Portugal-2026-1024x683.jpg 1024w, https:\/\/oceancamper.com\/wp-content\/uploads\/2021\/05\/Girl-camping-at-the-Algarve-\u2013-Ocean-Camper-Portugal-2026-768x512.jpg 768w, https:\/\/oceancamper.com\/wp-content\/uploads\/2021\/05\/Girl-camping-at-the-Algarve-\u2013-Ocean-Camper-Portugal-2026-240x160.jpg 240w, https:\/\/oceancamper.com\/wp-content\/uploads\/2021\/05\/Girl-camping-at-the-Algarve-\u2013-Ocean-Camper-Portugal-2026.jpg 1200w\" sizes=\"(max-width: 300px) 100vw, 300px\" \/><\/div><\/a>\n\t\t\t\t<div class=\"elementor-post__text\">\n\t\t\t\t<h2 class=\"elementor-post__title\">\n\t\t\t<a href=\"https:\/\/oceancamper.com\/fr\/meilleurs-campings-algarve-2026\/\" >\n\t\t\t\tLes meilleurs campings de l&rsquo;Algarve, au Portugal (2026) : guide du camping en Campervan et en tente\t\t\t<\/a>\n\t\t<\/h2>\n\t\t\t\t<div class=\"elementor-post__excerpt\">\n\t\t\t<p>Meilleurs campings en Algarve et au Portugal : \u00e0 l&rsquo;int\u00e9rieur des terres, pr\u00e8s de l&rsquo;oc\u00e9an, avec vue sur l&rsquo;eau, des sites bon march\u00e9 et chers.<\/p>\n\t\t<\/div>\n\t\t\n\t\t<a class=\"elementor-post__read-more\" href=\"https:\/\/oceancamper.com\/fr\/meilleurs-campings-algarve-2026\/\" aria-label=\"En savoir plus sur Les meilleurs campings de l&rsquo;Algarve, au Portugal (2026) : guide du camping en Campervan et en tente\" tabindex=\"-1\" >\n\t\t\tLire la suite \u00bb\t\t<\/a>\n\n\t\t\t\t<\/div>\n\t\t\t\t\t<\/div>\n\t\t<\/article>\n\t\t\t\t<article class=\"elementor-post elementor-grid-item post-79026 post type-post status-publish format-standard has-post-thumbnail hentry category-non-classifiee category-points-forts\" role=\"listitem\">\n\t\t\t<div class=\"elementor-post__card\">\n\t\t\t\t<a class=\"elementor-post__thumbnail__link\" href=\"https:\/\/oceancamper.com\/fr\/voyage-en-campervan-electrique\/\" tabindex=\"-1\" ><div class=\"elementor-post__thumbnail\"><img loading=\"lazy\" decoding=\"async\" width=\"300\" height=\"200\" src=\"https:\/\/oceancamper.com\/wp-content\/uploads\/2022\/03\/electric-mini-camper-Ocean-Camper-300x200.jpg\" class=\"attachment-medium size-medium wp-image-219473\" alt=\"Mini camper \u00e9lectrique Ocean Camper gar\u00e9 au bord de la plage au Portugal\" srcset=\"https:\/\/oceancamper.com\/wp-content\/uploads\/2022\/03\/electric-mini-camper-Ocean-Camper-300x200.jpg 300w, https:\/\/oceancamper.com\/wp-content\/uploads\/2022\/03\/electric-mini-camper-Ocean-Camper-1024x683.jpg 1024w, https:\/\/oceancamper.com\/wp-content\/uploads\/2022\/03\/electric-mini-camper-Ocean-Camper-768x512.jpg 768w, https:\/\/oceancamper.com\/wp-content\/uploads\/2022\/03\/electric-mini-camper-Ocean-Camper-240x160.jpg 240w, https:\/\/oceancamper.com\/wp-content\/uploads\/2022\/03\/electric-mini-camper-Ocean-Camper.jpg 1200w\" sizes=\"(max-width: 300px) 100vw, 300px\" \/><\/div><\/a>\n\t\t\t\t<div class=\"elementor-post__text\">\n\t\t\t\t<h2 class=\"elementor-post__title\">\n\t\t\t<a href=\"https:\/\/oceancamper.com\/fr\/voyage-en-campervan-electrique\/\" >\n\t\t\t\tRoadtrip en Campervan \u00e9lectrique\t\t\t<\/a>\n\t\t<\/h2>\n\t\t\t\t<div class=\"elementor-post__excerpt\">\n\t\t\t<p>Conseils pour voyager avec notre camping-car 100% \u00e9lectrique e-Nomad : o\u00f9 le recharger, carte des bornes de recharge et histoire du eCamper.<\/p>\n\t\t<\/div>\n\t\t\n\t\t<a class=\"elementor-post__read-more\" href=\"https:\/\/oceancamper.com\/fr\/voyage-en-campervan-electrique\/\" aria-label=\"En savoir plus sur Roadtrip en Campervan \u00e9lectrique\" tabindex=\"-1\" >\n\t\t\tLire la suite \u00bb\t\t<\/a>\n\n\t\t\t\t<\/div>\n\t\t\t\t\t<\/div>\n\t\t<\/article>\n\t\t\t\t<article class=\"elementor-post elementor-grid-item post-79719 post type-post status-publish format-standard has-post-thumbnail hentry category-conseils-de-camping tag-solocamping-solotraveller-campingtips-fr\" role=\"listitem\">\n\t\t\t<div class=\"elementor-post__card\">\n\t\t\t\t<a class=\"elementor-post__thumbnail__link\" href=\"https:\/\/oceancamper.com\/fr\/conseils-pour-voyager-seul-au-portugal\/\" tabindex=\"-1\" ><div class=\"elementor-post__thumbnail\"><img loading=\"lazy\" decoding=\"async\" width=\"300\" height=\"225\" src=\"https:\/\/oceancamper.com\/wp-content\/uploads\/2023\/05\/edited-1-340-min-300x225.jpg\" class=\"attachment-medium size-medium wp-image-77985\" alt=\"Une femme assise \u00e0 l&#039;arri\u00e8re d&#039;un Campervan, admirant le coucher de soleil : la libert\u00e9 du voyage en solo en Algarve, au Portugal.\" srcset=\"https:\/\/oceancamper.com\/wp-content\/uploads\/2023\/05\/edited-1-340-min-300x225.jpg 300w, https:\/\/oceancamper.com\/wp-content\/uploads\/2023\/05\/edited-1-340-min-1024x768.jpg 1024w, https:\/\/oceancamper.com\/wp-content\/uploads\/2023\/05\/edited-1-340-min-768x576.jpg 768w, https:\/\/oceancamper.com\/wp-content\/uploads\/2023\/05\/edited-1-340-min-1536x1152.jpg 1536w, https:\/\/oceancamper.com\/wp-content\/uploads\/2023\/05\/edited-1-340-min-240x180.jpg 240w, https:\/\/oceancamper.com\/wp-content\/uploads\/2023\/05\/edited-1-340-min.jpg 1707w\" sizes=\"(max-width: 300px) 100vw, 300px\" \/><\/div><\/a>\n\t\t\t\t<div class=\"elementor-post__text\">\n\t\t\t\t<h2 class=\"elementor-post__title\">\n\t\t\t<a href=\"https:\/\/oceancamper.com\/fr\/conseils-pour-voyager-seul-au-portugal\/\" >\n\t\t\t\tConseils pour les voyages en solitaire Portugal\t\t\t<\/a>\n\t\t<\/h2>\n\t\t\t\t<div class=\"elementor-post__excerpt\">\n\t\t\t<p>  Pourquoi voyager en solo ?<br \/>\n Avantages du voyage en solo<br \/>\n S\u00e9curit\u00e9 et environnement social<br \/>\n Suggestions d&rsquo;activit\u00e9s  <\/p>\n\t\t<\/div>\n\t\t\n\t\t<a class=\"elementor-post__read-more\" href=\"https:\/\/oceancamper.com\/fr\/conseils-pour-voyager-seul-au-portugal\/\" aria-label=\"En savoir plus sur Conseils pour les voyages en solitaire Portugal\" tabindex=\"-1\" >\n\t\t\tLire la suite \u00bb\t\t<\/a>\n\n\t\t\t\t<\/div>\n\t\t\t\t\t<\/div>\n\t\t<\/article>\n\t\t\t\t<\/div>\n\t\t\n\t\t\t\t\t\t<\/div>\n\t\t\t\t<\/div>\n\t\t\t\t<div class=\"elementor-element elementor-element-18229b5 elementor-align-left elementor-tablet-align-left elementor-mobile-align-left elementor-widget elementor-widget-button\" data-id=\"18229b5\" data-element_type=\"widget\" data-e-type=\"widget\" data-widget_type=\"button.default\">\n\t\t\t\t<div class=\"elementor-widget-container\">\n\t\t\t\t\t\t\t\t\t<div class=\"elementor-button-wrapper\">\n\t\t\t\t\t<a class=\"elementor-button elementor-button-link elementor-size-sm elementor-animation-pop\" href=\"https:\/\/oceancamper.com\/fr\/blog\/\">\n\t\t\t\t\t\t<span class=\"elementor-button-content-wrapper\">\n\t\t\t\t\t\t\t\t\t<span class=\"elementor-button-text\">Retour au blog<\/span>\n\t\t\t\t\t<\/span>\n\t\t\t\t\t<\/a>\n\t\t\t\t<\/div>\n\t\t\t\t\t\t\t\t<\/div>\n\t\t\t\t<\/div>\n\t\t\t\t\t<\/div>\n\t\t<\/div>\n\t\t\t\t\t<\/div>\n\t\t<\/section>\n\t\t\t\t\t<\/div>\n\t\t<\/div>\n\t\t\t\t\t<\/div>\n\t\t<\/section>\n\t\t\t\t<\/div>\n\t\t","protected":false},"excerpt":{"rendered":"<p>Les meilleurs endroits pour faire du SUP en Algarve ! Grottes, rivi\u00e8res et lacs. Louez nos planches et pagayez l\u00e0 o\u00f9 les autres touristes ne peuvent pas aller.  <\/p>\n","protected":false},"author":1,"featured_media":208149,"comment_status":"closed","ping_status":"open","sticky":false,"template":"elementor_header_footer","format":"standard","meta":{"om_disable_all_campaigns":false,"footnotes":""},"categories":[89],"tags":[],"class_list":["post-79692","post","type-post","status-publish","format-standard","has-post-thumbnail","hentry","category-points-forts"],"aioseo_notices":[],"aioseo_head":"\n\t\t<!-- All in One SEO 4.9.10 - aioseo.com -->\n\t<meta name=\"description\" content=\"Conseils pour voyager seul au Portugal : pourquoi partir seul, comment rester en s\u00e9curit\u00e9, faire des rencontres en chemin, et comment un Campervan facilite le voyage en solo et le rend moins cher.\" \/>\n\t<meta name=\"robots\" content=\"max-image-preview:large\" \/>\n\t<meta name=\"author\" content=\"nomadcanguru\"\/>\n\t<link rel=\"canonical\" href=\"https:\/\/oceancamper.com\/fr\/conseils-pour-voyager-seul-au-portugal\/\" \/>\n\t<meta name=\"generator\" content=\"All in One SEO (AIOSEO) 4.9.10\" \/>\n\t\t<meta property=\"og:locale\" content=\"fr_FR\" \/>\n\t\t<meta property=\"og:site_name\" content=\"Ocean Camper - Campervan Rental in Faro, Portugal\" \/>\n\t\t<meta property=\"og:type\" content=\"article\" \/>\n\t\t<meta property=\"og:title\" content=\"Voyager en solo au Portugal : conseils, s\u00e9curit\u00e9 et voyage en solitaire\" \/>\n\t\t<meta property=\"og:description\" content=\"Conseils pour voyager en solo au Portugal : pourquoi partir seul, comment assurer sa s\u00e9curit\u00e9, faire des rencontres en chemin, et comment un Campervan facilite les voyages en solo et les rend plus \u00e9conomiques.\" \/>\n\t\t<meta property=\"og:url\" content=\"https:\/\/oceancamper.com\/fr\/conseils-pour-voyager-seul-au-portugal\/\" \/>\n\t\t<meta property=\"og:image\" content=\"https:\/\/oceancamper.com\/wp-content\/uploads\/2022\/01\/Asset-5.png\" \/>\n\t\t<meta property=\"og:image:secure_url\" content=\"https:\/\/oceancamper.com\/wp-content\/uploads\/2022\/01\/Asset-5.png\" \/>\n\t\t<meta property=\"og:image:width\" content=\"662\" \/>\n\t\t<meta property=\"og:image:height\" content=\"291\" \/>\n\t\t<meta property=\"article:published_time\" content=\"2023-05-24T16:21:11+00:00\" \/>\n\t\t<meta property=\"article:modified_time\" content=\"2026-09-01T16:51:04+00:00\" \/>\n\t\t<meta property=\"article:publisher\" content=\"https:\/\/www.facebook.com\/oceancamper\/\" \/>\n\t\t<meta name=\"twitter:card\" content=\"summary\" \/>\n\t\t<meta name=\"twitter:site\" content=\"@Ocean_Camper\" \/>\n\t\t<meta name=\"twitter:title\" content=\"Voyager en solo au Portugal : conseils, s\u00e9curit\u00e9 et partir seul(e)\" \/>\n\t\t<meta name=\"twitter:description\" content=\"Conseils pour voyager en solo au Portugal : pourquoi partir seul, comment voyager en toute s\u00e9curit\u00e9, comment rencontrer des gens en chemin, et comment un Campervan facilite les voyages en solo et les rend moins chers.\" \/>\n\t\t<meta name=\"twitter:creator\" content=\"@Ocean_Camper\" \/>\n\t\t<meta name=\"twitter:image\" content=\"https:\/\/oceancamper.com\/wp-content\/uploads\/2022\/01\/Asset-5.png\" \/>\n\t\t<script type=\"application\/ld+json\" class=\"aioseo-schema\">\n\t\t\t{\"@context\":\"https:\\\/\\\/schema.org\",\"@graph\":[{\"@type\":\"BlogPosting\",\"@id\":\"https:\\\/\\\/oceancamper.com\\\/fr\\\/conseils-pour-voyager-seul-au-portugal\\\/#blogposting\",\"name\":\"Voyager en solo au Portugal : conseils, s\\u00e9curit\\u00e9 et voyage en solitaire\",\"headline\":\"Conseils pour les voyages en solitaire Portugal\",\"author\":{\"@id\":\"https:\\\/\\\/oceancamper.com\\\/fr\\\/author\\\/nomadcanguru\\\/#author\"},\"publisher\":{\"@id\":\"https:\\\/\\\/oceancamper.com\\\/fr\\\/#organization\"},\"image\":{\"@type\":\"ImageObject\",\"url\":\"https:\\\/\\\/oceancamper.com\\\/wp-content\\\/uploads\\\/2023\\\/05\\\/edited-1-340-min.jpg\",\"width\":1707,\"height\":1280,\"caption\":\"Profitez de couchers de soleil paisibles lors de votre road trip en solitaire \\u00e0 travers l'Algarve : libert\\u00e9 et s\\u00e9curit\\u00e9 avec Ocean Camper.\"},\"datePublished\":\"2023-05-24T16:21:11+00:00\",\"dateModified\":\"2026-09-01T16:51:04+00:00\",\"inLanguage\":\"fr-FR\",\"mainEntityOfPage\":{\"@id\":\"https:\\\/\\\/oceancamper.com\\\/fr\\\/conseils-pour-voyager-seul-au-portugal\\\/#webpage\"},\"isPartOf\":{\"@id\":\"https:\\\/\\\/oceancamper.com\\\/fr\\\/conseils-pour-voyager-seul-au-portugal\\\/#webpage\"},\"articleSection\":\"Conseils de camping, #solocamping #solotraveller #campingtips, Facultatif\"},{\"@type\":\"BreadcrumbList\",\"@id\":\"https:\\\/\\\/oceancamper.com\\\/fr\\\/conseils-pour-voyager-seul-au-portugal\\\/#breadcrumblist\",\"itemListElement\":[{\"@type\":\"ListItem\",\"@id\":\"https:\\\/\\\/oceancamper.com\\\/fr\\\/#listItem\",\"position\":1,\"name\":\"Home\",\"item\":\"https:\\\/\\\/oceancamper.com\\\/fr\\\/\",\"nextItem\":{\"@type\":\"ListItem\",\"@id\":\"https:\\\/\\\/oceancamper.com\\\/fr\\\/category\\\/points-forts\\\/#listItem\",\"name\":\"Points forts\"}},{\"@type\":\"ListItem\",\"@id\":\"https:\\\/\\\/oceancamper.com\\\/fr\\\/category\\\/points-forts\\\/#listItem\",\"position\":2,\"name\":\"Points forts\",\"item\":\"https:\\\/\\\/oceancamper.com\\\/fr\\\/category\\\/points-forts\\\/\",\"nextItem\":{\"@type\":\"ListItem\",\"@id\":\"https:\\\/\\\/oceancamper.com\\\/fr\\\/paddle-algarve-meilleurs-spots-de-sup-grottes-lacs\\\/#listItem\",\"name\":\"Paddle en Algarve : les meilleurs spots de SUP\"},\"previousItem\":{\"@type\":\"ListItem\",\"@id\":\"https:\\\/\\\/oceancamper.com\\\/fr\\\/#listItem\",\"name\":\"Home\"}},{\"@type\":\"ListItem\",\"@id\":\"https:\\\/\\\/oceancamper.com\\\/fr\\\/paddle-algarve-meilleurs-spots-de-sup-grottes-lacs\\\/#listItem\",\"position\":3,\"name\":\"Paddle en Algarve : les meilleurs spots de SUP\",\"previousItem\":{\"@type\":\"ListItem\",\"@id\":\"https:\\\/\\\/oceancamper.com\\\/fr\\\/category\\\/points-forts\\\/#listItem\",\"name\":\"Points forts\"}}]},{\"@type\":\"Organization\",\"@id\":\"https:\\\/\\\/oceancamper.com\\\/fr\\\/#organization\",\"name\":\"Ocean Camper\",\"description\":\"Ocean Camper provides affordable campervan rental in Portugal with fully equipped campervans for up to three people, available in Faro and Lisbon for flexible road trips.\",\"url\":\"https:\\\/\\\/oceancamper.com\\\/fr\\\/\",\"email\":\"info@oceancamper.com\",\"telephone\":\"+351920301044\",\"foundingDate\":\"2017-04-19\",\"numberOfEmployees\":{\"@type\":\"QuantitativeValue\",\"minValue\":0,\"maxValue\":10},\"logo\":{\"@type\":\"ImageObject\",\"url\":\"https:\\\/\\\/oceancamper.com\\\/wp-content\\\/uploads\\\/2022\\\/01\\\/Asset-5.png\",\"@id\":\"https:\\\/\\\/oceancamper.com\\\/fr\\\/conseils-pour-voyager-seul-au-portugal\\\/#organizationLogo\",\"width\":662,\"height\":291,\"caption\":\"Ocean Camper logo\"},\"image\":{\"@id\":\"https:\\\/\\\/oceancamper.com\\\/fr\\\/conseils-pour-voyager-seul-au-portugal\\\/#organizationLogo\"},\"sameAs\":[\"https:\\\/\\\/www.facebook.com\\\/oceancamper\\\/\",\"https:\\\/\\\/x.com\\\/Ocean_Camper\",\"https:\\\/\\\/www.instagram.com\\\/oceancamper.vans\\\/\",\"https:\\\/\\\/www.tiktok.com\\\/@oceancamper.vans\",\"https:\\\/\\\/www.youtube.com\\\/@oceancamper\",\"https:\\\/\\\/www.linkedin.com\\\/company\\\/oceancamper\\\/\",\"https:\\\/\\\/www.trustpilot.com\\\/review\\\/oceancamper.com\"]},{\"@type\":\"Person\",\"@id\":\"https:\\\/\\\/oceancamper.com\\\/fr\\\/author\\\/nomadcanguru\\\/#author\",\"url\":\"https:\\\/\\\/oceancamper.com\\\/fr\\\/author\\\/nomadcanguru\\\/\",\"name\":\"nomadcanguru\",\"image\":{\"@type\":\"ImageObject\",\"@id\":\"https:\\\/\\\/oceancamper.com\\\/fr\\\/conseils-pour-voyager-seul-au-portugal\\\/#authorImage\",\"url\":\"https:\\\/\\\/secure.gravatar.com\\\/avatar\\\/3a5092e8a35779f7501b5a8c315d77eae173c0705d8cfd512c06ce5460985e92?s=96&d=mm&r=g\",\"width\":96,\"height\":96,\"caption\":\"nomadcanguru\"}},{\"@type\":\"WebPage\",\"@id\":\"https:\\\/\\\/oceancamper.com\\\/fr\\\/conseils-pour-voyager-seul-au-portugal\\\/#webpage\",\"url\":\"https:\\\/\\\/oceancamper.com\\\/fr\\\/conseils-pour-voyager-seul-au-portugal\\\/\",\"name\":\"Voyager en solo au Portugal : conseils, s\\u00e9curit\\u00e9 et voyage en solitaire\",\"description\":\"Conseils pour voyager seul au Portugal : pourquoi partir seul, comment rester en s\\u00e9curit\\u00e9, faire des rencontres en chemin, et comment un Campervan facilite le voyage en solo et le rend moins cher.\",\"inLanguage\":\"fr-FR\",\"isPartOf\":{\"@id\":\"https:\\\/\\\/oceancamper.com\\\/fr\\\/#website\"},\"breadcrumb\":{\"@id\":\"https:\\\/\\\/oceancamper.com\\\/fr\\\/conseils-pour-voyager-seul-au-portugal\\\/#breadcrumblist\"},\"author\":{\"@id\":\"https:\\\/\\\/oceancamper.com\\\/fr\\\/author\\\/nomadcanguru\\\/#author\"},\"creator\":{\"@id\":\"https:\\\/\\\/oceancamper.com\\\/fr\\\/author\\\/nomadcanguru\\\/#author\"},\"image\":{\"@type\":\"ImageObject\",\"url\":\"https:\\\/\\\/oceancamper.com\\\/wp-content\\\/uploads\\\/2023\\\/05\\\/edited-1-340-min.jpg\",\"@id\":\"https:\\\/\\\/oceancamper.com\\\/fr\\\/conseils-pour-voyager-seul-au-portugal\\\/#mainImage\",\"width\":1707,\"height\":1280,\"caption\":\"Profitez de couchers de soleil paisibles lors de votre road trip en solitaire \\u00e0 travers l'Algarve : libert\\u00e9 et s\\u00e9curit\\u00e9 avec Ocean Camper.\"},\"primaryImageOfPage\":{\"@id\":\"https:\\\/\\\/oceancamper.com\\\/fr\\\/conseils-pour-voyager-seul-au-portugal\\\/#mainImage\"},\"datePublished\":\"2023-05-24T16:21:11+00:00\",\"dateModified\":\"2026-09-01T16:51:04+00:00\"},{\"@type\":\"WebSite\",\"@id\":\"https:\\\/\\\/oceancamper.com\\\/fr\\\/#website\",\"url\":\"https:\\\/\\\/oceancamper.com\\\/fr\\\/\",\"name\":\"Ocean Camper\",\"alternateName\":\"Ocean Camper Portugal\",\"description\":\"Campervan Rental in Faro, Portugal\",\"inLanguage\":\"fr-FR\",\"publisher\":{\"@id\":\"https:\\\/\\\/oceancamper.com\\\/fr\\\/#organization\"}}]}\n\t\t<\/script>\n\t\t<!-- All in One SEO -->\n\n","aioseo_head_json":{"title":"Voyager en solo au Portugal : conseils, s\u00e9curit\u00e9 et voyage en solitaire","description":"Conseils pour voyager seul au Portugal : pourquoi partir seul, comment rester en s\u00e9curit\u00e9, faire des rencontres en chemin, et comment un Campervan facilite le voyage en solo et le rend moins cher.","canonical_url":"https:\/\/oceancamper.com\/fr\/conseils-pour-voyager-seul-au-portugal\/","robots":"max-image-preview:large","keywords":"","webmasterTools":{"miscellaneous":""},"schema":{"@context":"https:\/\/schema.org","@graph":[{"@type":"BlogPosting","@id":"https:\/\/oceancamper.com\/fr\/conseils-pour-voyager-seul-au-portugal\/#blogposting","name":"Voyager en solo au Portugal : conseils, s\u00e9curit\u00e9 et voyage en solitaire","headline":"Conseils pour les voyages en solitaire Portugal","author":{"@id":"https:\/\/oceancamper.com\/fr\/author\/nomadcanguru\/#author"},"publisher":{"@id":"https:\/\/oceancamper.com\/fr\/#organization"},"image":{"@type":"ImageObject","url":"https:\/\/oceancamper.com\/wp-content\/uploads\/2023\/05\/edited-1-340-min.jpg","width":1707,"height":1280,"caption":"Profitez de couchers de soleil paisibles lors de votre road trip en solitaire \u00e0 travers l'Algarve : libert\u00e9 et s\u00e9curit\u00e9 avec Ocean Camper."},"datePublished":"2023-05-24T16:21:11+00:00","dateModified":"2026-09-01T16:51:04+00:00","inLanguage":"fr-FR","mainEntityOfPage":{"@id":"https:\/\/oceancamper.com\/fr\/conseils-pour-voyager-seul-au-portugal\/#webpage"},"isPartOf":{"@id":"https:\/\/oceancamper.com\/fr\/conseils-pour-voyager-seul-au-portugal\/#webpage"},"articleSection":"Conseils de camping, #solocamping #solotraveller #campingtips, Facultatif"},{"@type":"BreadcrumbList","@id":"https:\/\/oceancamper.com\/fr\/conseils-pour-voyager-seul-au-portugal\/#breadcrumblist","itemListElement":[{"@type":"ListItem","@id":"https:\/\/oceancamper.com\/fr\/#listItem","position":1,"name":"Home","item":"https:\/\/oceancamper.com\/fr\/","nextItem":{"@type":"ListItem","@id":"https:\/\/oceancamper.com\/fr\/category\/points-forts\/#listItem","name":"Points forts"}},{"@type":"ListItem","@id":"https:\/\/oceancamper.com\/fr\/category\/points-forts\/#listItem","position":2,"name":"Points forts","item":"https:\/\/oceancamper.com\/fr\/category\/points-forts\/","nextItem":{"@type":"ListItem","@id":"https:\/\/oceancamper.com\/fr\/paddle-algarve-meilleurs-spots-de-sup-grottes-lacs\/#listItem","name":"Paddle en Algarve : les meilleurs spots de SUP"},"previousItem":{"@type":"ListItem","@id":"https:\/\/oceancamper.com\/fr\/#listItem","name":"Home"}},{"@type":"ListItem","@id":"https:\/\/oceancamper.com\/fr\/paddle-algarve-meilleurs-spots-de-sup-grottes-lacs\/#listItem","position":3,"name":"Paddle en Algarve : les meilleurs spots de SUP","previousItem":{"@type":"ListItem","@id":"https:\/\/oceancamper.com\/fr\/category\/points-forts\/#listItem","name":"Points forts"}}]},{"@type":"Organization","@id":"https:\/\/oceancamper.com\/fr\/#organization","name":"Ocean Camper","description":"Ocean Camper provides affordable campervan rental in Portugal with fully equipped campervans for up to three people, available in Faro and Lisbon for flexible road trips.","url":"https:\/\/oceancamper.com\/fr\/","email":"info@oceancamper.com","telephone":"+351920301044","foundingDate":"2017-04-19","numberOfEmployees":{"@type":"QuantitativeValue","minValue":0,"maxValue":10},"logo":{"@type":"ImageObject","url":"https:\/\/oceancamper.com\/wp-content\/uploads\/2022\/01\/Asset-5.png","@id":"https:\/\/oceancamper.com\/fr\/conseils-pour-voyager-seul-au-portugal\/#organizationLogo","width":662,"height":291,"caption":"Ocean Camper logo"},"image":{"@id":"https:\/\/oceancamper.com\/fr\/conseils-pour-voyager-seul-au-portugal\/#organizationLogo"},"sameAs":["https:\/\/www.facebook.com\/oceancamper\/","https:\/\/x.com\/Ocean_Camper","https:\/\/www.instagram.com\/oceancamper.vans\/","https:\/\/www.tiktok.com\/@oceancamper.vans","https:\/\/www.youtube.com\/@oceancamper","https:\/\/www.linkedin.com\/company\/oceancamper\/","https:\/\/www.trustpilot.com\/review\/oceancamper.com"]},{"@type":"Person","@id":"https:\/\/oceancamper.com\/fr\/author\/nomadcanguru\/#author","url":"https:\/\/oceancamper.com\/fr\/author\/nomadcanguru\/","name":"nomadcanguru","image":{"@type":"ImageObject","@id":"https:\/\/oceancamper.com\/fr\/conseils-pour-voyager-seul-au-portugal\/#authorImage","url":"https:\/\/secure.gravatar.com\/avatar\/3a5092e8a35779f7501b5a8c315d77eae173c0705d8cfd512c06ce5460985e92?s=96&d=mm&r=g","width":96,"height":96,"caption":"nomadcanguru"}},{"@type":"WebPage","@id":"https:\/\/oceancamper.com\/fr\/conseils-pour-voyager-seul-au-portugal\/#webpage","url":"https:\/\/oceancamper.com\/fr\/conseils-pour-voyager-seul-au-portugal\/","name":"Voyager en solo au Portugal : conseils, s\u00e9curit\u00e9 et voyage en solitaire","description":"Conseils pour voyager seul au Portugal : pourquoi partir seul, comment rester en s\u00e9curit\u00e9, faire des rencontres en chemin, et comment un Campervan facilite le voyage en solo et le rend moins cher.","inLanguage":"fr-FR","isPartOf":{"@id":"https:\/\/oceancamper.com\/fr\/#website"},"breadcrumb":{"@id":"https:\/\/oceancamper.com\/fr\/conseils-pour-voyager-seul-au-portugal\/#breadcrumblist"},"author":{"@id":"https:\/\/oceancamper.com\/fr\/author\/nomadcanguru\/#author"},"creator":{"@id":"https:\/\/oceancamper.com\/fr\/author\/nomadcanguru\/#author"},"image":{"@type":"ImageObject","url":"https:\/\/oceancamper.com\/wp-content\/uploads\/2023\/05\/edited-1-340-min.jpg","@id":"https:\/\/oceancamper.com\/fr\/conseils-pour-voyager-seul-au-portugal\/#mainImage","width":1707,"height":1280,"caption":"Profitez de couchers de soleil paisibles lors de votre road trip en solitaire \u00e0 travers l'Algarve : libert\u00e9 et s\u00e9curit\u00e9 avec Ocean Camper."},"primaryImageOfPage":{"@id":"https:\/\/oceancamper.com\/fr\/conseils-pour-voyager-seul-au-portugal\/#mainImage"},"datePublished":"2023-05-24T16:21:11+00:00","dateModified":"2026-09-01T16:51:04+00:00"},{"@type":"WebSite","@id":"https:\/\/oceancamper.com\/fr\/#website","url":"https:\/\/oceancamper.com\/fr\/","name":"Ocean Camper","alternateName":"Ocean Camper Portugal","description":"Campervan Rental in Faro, Portugal","inLanguage":"fr-FR","publisher":{"@id":"https:\/\/oceancamper.com\/fr\/#organization"}}]},"og:locale":"fr_FR","og:site_name":"Ocean Camper - Campervan Rental in Faro, Portugal","og:type":"article","og:title":"Voyager en solo au Portugal : conseils, s\u00e9curit\u00e9 et voyage en solitaire","og:description":"Conseils pour voyager en solo au Portugal : pourquoi partir seul, comment assurer sa s\u00e9curit\u00e9, faire des rencontres en chemin, et comment un Campervan facilite les voyages en solo et les rend plus \u00e9conomiques.","og:url":"https:\/\/oceancamper.com\/fr\/conseils-pour-voyager-seul-au-portugal\/","og:image":"https:\/\/oceancamper.com\/wp-content\/uploads\/2022\/01\/Asset-5.png","og:image:secure_url":"https:\/\/oceancamper.com\/wp-content\/uploads\/2022\/01\/Asset-5.png","og:image:width":662,"og:image:height":291,"article:published_time":"2023-05-24T16:21:11+00:00","article:modified_time":"2026-09-01T16:51:04+00:00","article:publisher":"https:\/\/www.facebook.com\/oceancamper\/","twitter:card":"summary","twitter:site":"@Ocean_Camper","twitter:title":"Voyager en solo au Portugal : conseils, s\u00e9curit\u00e9 et partir seul(e)","twitter:description":"Conseils pour voyager en solo au Portugal : pourquoi partir seul, comment voyager en toute s\u00e9curit\u00e9, comment rencontrer des gens en chemin, et comment un Campervan facilite les voyages en solo et les rend moins chers.","twitter:creator":"@Ocean_Camper","twitter:image":"https:\/\/oceancamper.com\/wp-content\/uploads\/2022\/01\/Asset-5.png"},"aioseo_meta_data":{"post_id":"79692","title":"Paddle en Algarve : les meilleurs spots de SUP | Ocean Camper","description":"Le paddleboard en Algarve : partez \u00e0 la d\u00e9couverte des grottes, des falaises et des lacs paisibles de Benagil, Lagos et de la Ria Formosa. Louez votre SUP chez Ocean Camper \u00e0 Faro. ","keywords":null,"keyphrases":{"focus":{"keyphrase":"paddleboarding algarve","score":78,"analysis":{"keyphraseInTitle":{"score":9,"maxScore":9,"error":0},"keyphraseInDescription":{"score":9,"maxScore":9,"error":0},"keyphraseLength":{"score":9,"maxScore":9,"error":0,"length":2},"keyphraseInURL":{"score":5,"maxScore":5,"error":0},"keyphraseInIntroduction":{"score":9,"maxScore":9,"error":0},"keyphraseInSubHeadings":{"score":3,"maxScore":9,"error":1},"keyphraseInImageAlt":{"score":9,"maxScore":9,"error":0},"keywordDensity":{"score":0,"type":"low","maxScore":9,"error":1}}},"additional":[{"keyphrase":"sup algarve","score":53,"analysis":{"keyphraseInDescription":{"score":3,"maxScore":9,"error":1},"keyphraseLength":{"score":9,"maxScore":9,"error":0,"length":2},"keyphraseInIntroduction":{"score":3,"maxScore":9,"error":1},"keyphraseInImageAlt":{"score":9,"maxScore":9,"error":0},"keywordDensity":{"score":0,"type":"low","maxScore":9,"error":1}}},{"keyphrase":"paddleboarding portugal","score":53,"analysis":{"keyphraseInDescription":{"score":3,"maxScore":9,"error":1},"keyphraseLength":{"score":9,"maxScore":9,"error":0,"length":2},"keyphraseInIntroduction":{"score":3,"maxScore":9,"error":1},"keyphraseInImageAlt":{"score":9,"maxScore":9,"error":0},"keywordDensity":{"score":0,"type":"low","maxScore":9,"error":1}}},{"keyphrase":"benagil cave sup","score":53,"analysis":{"keyphraseInDescription":{"score":3,"maxScore":9,"error":1},"keyphraseLength":{"score":9,"maxScore":9,"error":0,"length":3},"keyphraseInIntroduction":{"score":3,"maxScore":9,"error":1},"keyphraseInImageAlt":{"score":9,"maxScore":9,"error":0},"keywordDensity":{"score":0,"type":"low","maxScore":9,"error":1}}},{"keyphrase":"algarve sup rental","score":53,"analysis":{"keyphraseInDescription":{"score":3,"maxScore":9,"error":1},"keyphraseLength":{"score":9,"maxScore":9,"error":0,"length":3},"keyphraseInIntroduction":{"score":3,"maxScore":9,"error":1},"keyphraseInImageAlt":{"score":9,"maxScore":9,"error":0},"keywordDensity":{"score":0,"type":"low","maxScore":9,"error":1}}},{"keyphrase":"faro paddleboard rental","score":53,"analysis":{"keyphraseInDescription":{"score":3,"maxScore":9,"error":1},"keyphraseLength":{"score":9,"maxScore":9,"error":0,"length":3},"keyphraseInIntroduction":{"score":3,"maxScore":9,"error":1},"keyphraseInImageAlt":{"score":9,"maxScore":9,"error":0},"keywordDensity":{"score":0,"type":"low","maxScore":9,"error":1}}},{"keyphrase":"algarve lakes paddleboarding","score":53,"analysis":{"keyphraseInDescription":{"score":3,"maxScore":9,"error":1},"keyphraseLength":{"score":9,"maxScore":9,"error":0,"length":3},"keyphraseInIntroduction":{"score":3,"maxScore":9,"error":1},"keyphraseInImageAlt":{"score":9,"maxScore":9,"error":0},"keywordDensity":{"score":0,"type":"low","maxScore":9,"error":1}}},{"keyphrase":"paddleboard tours algarve","score":53,"analysis":{"keyphraseInDescription":{"score":3,"maxScore":9,"error":1},"keyphraseLength":{"score":9,"maxScore":9,"error":0,"length":3},"keyphraseInIntroduction":{"score":3,"maxScore":9,"error":1},"keyphraseInImageAlt":{"score":9,"maxScore":9,"error":0},"keywordDensity":{"score":0,"type":"low","maxScore":9,"error":1}}}]},"primary_term":null,"canonical_url":null,"og_title":null,"og_description":null,"og_object_type":"default","og_image_type":"default","og_image_url":null,"og_image_width":null,"og_image_height":null,"og_image_custom_url":null,"og_image_custom_fields":null,"og_video":"","og_custom_url":null,"og_article_section":null,"og_article_tags":null,"twitter_use_og":false,"twitter_card":"default","twitter_image_type":"default","twitter_image_url":null,"twitter_image_custom_url":null,"twitter_image_custom_fields":null,"twitter_title":null,"twitter_description":null,"schema":{"blockGraphs":[],"customGraphs":[],"default":{"data":{"Article":{"id":"aioseo-article-6394f62b26064","slug":"article","graphName":"Article","label":"Article","properties":{"type":"BlogPosting","name":"#post_title","headline":"#post_title","description":"#post_excerpt","image":"","keywords":"","author":{"name":"#author_name","url":"#author_url"},"dates":{"include":true,"datePublished":"","dateModified":""}}},"Course":[],"Dataset":[],"FAQPage":[],"Movie":[],"Person":[],"Product":[],"ProductReview":[],"Car":[],"Recipe":[],"Service":[],"SoftwareApplication":[],"WebPage":[]},"graphName":"BlogPosting","isEnabled":true},"graphs":[]},"schema_type":"default","schema_type_options":"{\"article\":{\"articleType\":\"BlogPosting\"},\"course\":{\"name\":\"\",\"description\":\"\",\"provider\":\"\"},\"faq\":{\"pages\":[]},\"product\":{\"reviews\":[]},\"recipe\":{\"ingredients\":[],\"instructions\":[],\"keywords\":[]},\"software\":{\"reviews\":[],\"operatingSystems\":[]},\"webPage\":{\"webPageType\":\"WebPage\"}}","pillar_content":false,"robots_default":true,"robots_noindex":false,"robots_noarchive":false,"robots_nosnippet":false,"robots_nofollow":false,"robots_noimageindex":false,"robots_noodp":false,"robots_notranslate":false,"robots_max_snippet":"-1","robots_max_videopreview":"-1","robots_max_imagepreview":"large","priority":null,"frequency":"default","local_seo":null,"seo_analyzer_scan_date":"2025-12-13 10:44:28","breadcrumb_settings":null,"limit_modified_date":false,"open_ai":null,"ai":{"faqs":[],"keyPoints":[],"titles":[],"descriptions":[],"socialPosts":{"email":[],"linkedin":[],"twitter":[],"facebook":[],"instagram":[]}},"created":"2023-06-13 14:37:28","updated":"2026-09-01 22:25:27"},"aioseo_breadcrumb":"<div class=\"aioseo-breadcrumbs\"><span class=\"aioseo-breadcrumb\">\n\t\t\t<a href=\"https:\/\/oceancamper.com\/fr\/\" title=\"Home\">Home<\/a>\n\t\t<\/span><span class=\"aioseo-breadcrumb-separator\">\u00bb<\/span><span class=\"aioseo-breadcrumb\">\n\t\t\t<a href=\"https:\/\/oceancamper.com\/fr\/category\/points-forts\/\" title=\"Points forts\">Points forts<\/a>\n\t\t<\/span><span class=\"aioseo-breadcrumb-separator\">\u00bb<\/span><span class=\"aioseo-breadcrumb\">\n\t\t\tPaddle en Algarve : les meilleurs spots de SUP\n\t\t<\/span><\/div>","aioseo_breadcrumb_json":[{"label":"Home","link":"https:\/\/oceancamper.com\/fr\/"},{"label":"Points forts","link":"https:\/\/oceancamper.com\/fr\/category\/points-forts\/"},{"label":"Paddle en Algarve : les meilleurs spots de SUP","link":"https:\/\/oceancamper.com\/fr\/paddle-algarve-meilleurs-spots-de-sup-grottes-lacs\/"}],"_links":{"self":[{"href":"https:\/\/oceancamper.com\/fr\/wp-json\/wp\/v2\/posts\/79692","targetHints":{"allow":["GET"]}}],"collection":[{"href":"https:\/\/oceancamper.com\/fr\/wp-json\/wp\/v2\/posts"}],"about":[{"href":"https:\/\/oceancamper.com\/fr\/wp-json\/wp\/v2\/types\/post"}],"author":[{"embeddable":true,"href":"https:\/\/oceancamper.com\/fr\/wp-json\/wp\/v2\/users\/1"}],"replies":[{"embeddable":true,"href":"https:\/\/oceancamper.com\/fr\/wp-json\/wp\/v2\/comments?post=79692"}],"version-history":[{"count":18,"href":"https:\/\/oceancamper.com\/fr\/wp-json\/wp\/v2\/posts\/79692\/revisions"}],"predecessor-version":[{"id":275336,"href":"https:\/\/oceancamper.com\/fr\/wp-json\/wp\/v2\/posts\/79692\/revisions\/275336"}],"wp:featuredmedia":[{"embeddable":true,"href":"https:\/\/oceancamper.com\/fr\/wp-json\/wp\/v2\/media\/208149"}],"wp:attachment":[{"href":"https:\/\/oceancamper.com\/fr\/wp-json\/wp\/v2\/media?parent=79692"}],"wp:term":[{"taxonomy":"category","embeddable":true,"href":"https:\/\/oceancamper.com\/fr\/wp-json\/wp\/v2\/categories?post=79692"},{"taxonomy":"post_tag","embeddable":true,"href":"https:\/\/oceancamper.com\/fr\/wp-json\/wp\/v2\/tags?post=79692"}],"curies":[{"name":"wp","href":"https:\/\/api.w.org\/{rel}","templated":true}]}}