{"id":79026,"date":"2022-03-16T07:43:31","date_gmt":"2022-03-16T07:43:31","guid":{"rendered":"https:\/\/oceancamper.com\/roadtrip-en-camping-car-electrique\/"},"modified":"2025-12-17T13:55:27","modified_gmt":"2025-12-17T13:55:27","slug":"roadtrip-en-camping-car-electrique","status":"publish","type":"post","link":"https:\/\/oceancamper.com\/fr\/roadtrip-en-camping-car-electrique\/","title":{"rendered":"Roadtrip en camping-car \u00e9lectrique"},"content":{"rendered":"\t\t<div data-elementor-type=\"wp-post\" data-elementor-id=\"79026\" class=\"elementor elementor-79026 elementor-7074\" data-elementor-post-type=\"post\">\n\t\t\t\t\t\t<section class=\"elementor-section elementor-top-section elementor-element elementor-element-4c13a35d elementor-section-height-min-height elementor-section-stretched elementor-section-content-middle elementor-section-full_width elementor-section-height-default elementor-section-items-middle\" data-id=\"4c13a35d\" data-element_type=\"section\" data-e-type=\"section\" data-settings=\"{&quot;stretch_section&quot;:&quot;section-stretched&quot;,&quot;background_background&quot;:&quot;classic&quot;}\">\n\t\t\t\t\t\t\t<div class=\"elementor-background-overlay\"><\/div>\n\t\t\t\t\t\t\t<div class=\"elementor-container elementor-column-gap-default\">\n\t\t\t\t\t<div class=\"elementor-column elementor-col-100 elementor-top-column elementor-element elementor-element-4725703a\" data-id=\"4725703a\" data-element_type=\"column\" data-e-type=\"column\">\n\t\t\t<div class=\"elementor-widget-wrap elementor-element-populated\">\n\t\t\t\t\t\t<div class=\"elementor-element elementor-element-170ce620 elementor-widget elementor-widget-theme-post-title elementor-page-title elementor-widget-heading\" data-id=\"170ce620\" data-element_type=\"widget\" data-e-type=\"widget\" data-widget_type=\"theme-post-title.default\">\n\t\t\t\t<div class=\"elementor-widget-container\">\n\t\t\t\t\t<h1 class=\"elementor-heading-title elementor-size-default\">Roadtrip en camping-car \u00e9lectrique<\/h1>\t\t\t\t<\/div>\n\t\t\t\t<\/div>\n\t\t\t\t<section class=\"elementor-section elementor-inner-section elementor-element elementor-element-2e54e1d9 elementor-section-boxed elementor-section-height-default elementor-section-height-default\" data-id=\"2e54e1d9\" data-element_type=\"section\" data-e-type=\"section\">\n\t\t\t\t\t\t<div class=\"elementor-container elementor-column-gap-default\">\n\t\t\t\t\t<div class=\"elementor-column elementor-col-33 elementor-inner-column elementor-element elementor-element-6a3f6ceb\" data-id=\"6a3f6ceb\" data-element_type=\"column\" data-e-type=\"column\">\n\t\t\t<div class=\"elementor-widget-wrap\">\n\t\t\t\t\t\t\t<\/div>\n\t\t<\/div>\n\t\t\t\t<div class=\"elementor-column elementor-col-33 elementor-inner-column elementor-element elementor-element-4c54e0ae\" data-id=\"4c54e0ae\" data-element_type=\"column\" data-e-type=\"column\">\n\t\t\t<div class=\"elementor-widget-wrap elementor-element-populated\">\n\t\t\t\t\t\t<div class=\"elementor-element elementor-element-3c09fc35 elementor-author-box--align-center elementor-author-box--layout-image-above elementor-widget elementor-widget-author-box\" data-id=\"3c09fc35\" data-element_type=\"widget\" data-e-type=\"widget\" data-widget_type=\"author-box.default\">\n\t\t\t\t<div class=\"elementor-widget-container\">\n\t\t\t\t\t\t\t<div class=\"elementor-author-box\">\n\t\t\t\t\t\t\t<div  class=\"elementor-author-box__avatar\">\n\t\t\t\t\t<img decoding=\"async\" src=\"https:\/\/oceancamper.com\/wp-content\/uploads\/2022\/02\/Nina-min-1-300x300.jpg\" alt=\"Image de Nina\" loading=\"lazy\">\n\t\t\t\t<\/div>\n\t\t\t\n\t\t\t<div class=\"elementor-author-box__text\">\n\t\t\t\t\t\t\t\t\t<div >\n\t\t\t\t\t\t<h4 class=\"elementor-author-box__name\">\n\t\t\t\t\t\t\tNina\t\t\t\t\t\t<\/h4>\n\t\t\t\t\t<\/div>\n\t\t\t\t\n\t\t\t\t\t\t\t\t\t<div class=\"elementor-author-box__bio\">\n\t\t\t\t\t\t<p>PDG d'Ocean Camper<\/p>\n\t\t\t\t\t<\/div>\n\t\t\t\t\n\t\t\t\t\t\t\t<\/div>\n\t\t<\/div>\n\t\t\t\t\t\t<\/div>\n\t\t\t\t<\/div>\n\t\t\t\t\t<\/div>\n\t\t<\/div>\n\t\t\t\t<div class=\"elementor-column elementor-col-33 elementor-inner-column elementor-element elementor-element-354b029f\" data-id=\"354b029f\" data-element_type=\"column\" data-e-type=\"column\">\n\t\t\t<div class=\"elementor-widget-wrap\">\n\t\t\t\t\t\t\t<\/div>\n\t\t<\/div>\n\t\t\t\t\t<\/div>\n\t\t<\/section>\n\t\t\t\t\t<\/div>\n\t\t<\/div>\n\t\t\t\t\t<\/div>\n\t\t<\/section>\n\t\t\t\t<section class=\"elementor-section elementor-top-section elementor-element elementor-element-f033286 elementor-section-stretched elementor-section-boxed elementor-section-height-default elementor-section-height-default\" data-id=\"f033286\" data-element_type=\"section\" data-e-type=\"section\" data-settings=\"{&quot;stretch_section&quot;:&quot;section-stretched&quot;,&quot;background_background&quot;:&quot;classic&quot;}\">\n\t\t\t\t\t\t<div class=\"elementor-container elementor-column-gap-default\">\n\t\t\t\t\t<div class=\"elementor-column elementor-col-100 elementor-top-column elementor-element elementor-element-29f89149 elementor-invisible\" data-id=\"29f89149\" data-element_type=\"column\" data-e-type=\"column\" data-settings=\"{&quot;background_background&quot;:&quot;classic&quot;,&quot;animation&quot;:&quot;fadeIn&quot;}\">\n\t\t\t<div class=\"elementor-widget-wrap elementor-element-populated\">\n\t\t\t\t\t<div class=\"elementor-background-overlay\"><\/div>\n\t\t\t\t\t\t<div class=\"elementor-element elementor-element-7c44e25b elementor-widget elementor-widget-heading\" data-id=\"7c44e25b\" data-element_type=\"widget\" data-e-type=\"widget\" data-widget_type=\"heading.default\">\n\t\t\t\t<div class=\"elementor-widget-container\">\n\t\t\t\t\t<h2 class=\"elementor-heading-title elementor-size-default\">Index<\/h2>\t\t\t\t<\/div>\n\t\t\t\t<\/div>\n\t\t\t\t<div class=\"elementor-element elementor-element-78d163c7 elementor-widget elementor-widget-text-editor\" data-id=\"78d163c7\" data-element_type=\"widget\" data-e-type=\"widget\" data-widget_type=\"text-editor.default\">\n\t\t\t\t<div class=\"elementor-widget-container\">\n\t\t\t\t\t\t\t\t\t<ol><li>O\u00f9 recharger votre camping-car \u00e9lectrique?<\/li><li>Conseils pour le camping en e-camper<\/li><li>Points de recharge bien situ\u00e9s<\/li><li>Pourquoi choisir un e-camper ?<\/li><\/ol>\t\t\t\t\t\t\t\t<\/div>\n\t\t\t\t<\/div>\n\t\t\t\t\t<\/div>\n\t\t<\/div>\n\t\t\t\t\t<\/div>\n\t\t<\/section>\n\t\t\t\t<section class=\"elementor-section elementor-top-section elementor-element elementor-element-206c8068 elementor-section-stretched elementor-section-boxed elementor-section-height-default elementor-section-height-default\" data-id=\"206c8068\" data-element_type=\"section\" data-e-type=\"section\" data-settings=\"{&quot;stretch_section&quot;:&quot;section-stretched&quot;,&quot;background_background&quot;:&quot;classic&quot;}\">\n\t\t\t\t\t\t<div class=\"elementor-container elementor-column-gap-default\">\n\t\t\t\t\t<div class=\"elementor-column elementor-col-100 elementor-top-column elementor-element elementor-element-5ea78f2\" data-id=\"5ea78f2\" data-element_type=\"column\" data-e-type=\"column\">\n\t\t\t<div class=\"elementor-widget-wrap elementor-element-populated\">\n\t\t\t\t\t\t<div class=\"elementor-element elementor-element-43d75a51 elementor-widget elementor-widget-heading\" data-id=\"43d75a51\" data-element_type=\"widget\" data-e-type=\"widget\" data-widget_type=\"heading.default\">\n\t\t\t\t<div class=\"elementor-widget-container\">\n\t\t\t\t\t<h2 class=\"elementor-heading-title elementor-size-default\">eNomad : Le premier camping-car \u00e9lectrique \u00e0 louer au Portugal<\/h2>\t\t\t\t<\/div>\n\t\t\t\t<\/div>\n\t\t\t\t<div class=\"elementor-element elementor-element-1afd35d2 elementor-widget elementor-widget-text-editor\" data-id=\"1afd35d2\" data-element_type=\"widget\" data-e-type=\"widget\" data-widget_type=\"text-editor.default\">\n\t\t\t\t<div class=\"elementor-widget-container\">\n\t\t\t\t\t\t\t\t\t<p>En mars 2022, nous sommes devenus la premi\u00e8re soci\u00e9t\u00e9 de location de camping-cars au Portugal \u00e0 proposer un camping-car 100 % \u00e9lectrique. Ce fut un grand plaisir d&rsquo;ouvrir un nouveau chapitre de l&rsquo;histoire du camping avec ce produit v\u00e9ritablement respectueux de l&rsquo;environnement. Depuis, nous avons acquis une exp\u00e9rience pr\u00e9cieuse en proposant le camping-car \u00e9lectrique, et nos premiers clients nous ont fait part de leurs conseils et suggestions pour nous aider \u00e0 rendre l&rsquo;exp\u00e9rience encore meilleure et plus facile.  <\/p><p>Le camping-car eNomad a une autonomie effective de 250 km. L&rsquo;int\u00e9rieur est con\u00e7u de mani\u00e8re optimale avec un tiroir de cuisine, un grand r\u00e9frig\u00e9rateur \u00e9lectrique de 31 litres, un chargeur USB et une douche connect\u00e9e \u00e0 une batterie suppl\u00e9mentaire.  De plus, l&rsquo;e-Nomad dispose d&rsquo;un r\u00e9servoir d&rsquo;eau, d&rsquo;une table de camping, de chaises et d&rsquo;un lit pouvant accueillir deux personnes. Cette voiture dispose de nombreux extras, tels que la transmission automatique, l&rsquo;aide au stationnement, l&rsquo;USB, le Bluetooth, une batterie suppl\u00e9mentaire, le r\u00e9gulateur de vitesse et bien plus encore.<\/p><p>Vous trouverez ci-dessous les informations essentielles pour un voyage en camping-car \u00e9lectrique.<\/p>\t\t\t\t\t\t\t\t<\/div>\n\t\t\t\t<\/div>\n\t\t\t\t<div class=\"elementor-element elementor-element-b413282 elementor-widget elementor-widget-image\" data-id=\"b413282\" data-element_type=\"widget\" data-e-type=\"widget\" data-widget_type=\"image.default\">\n\t\t\t\t<div class=\"elementor-widget-container\">\n\t\t\t\t\t\t\t\t\t\t\t\t\t\t\t<img decoding=\"async\" src=\"https:\/\/oceancamper.com\/wp-content\/uploads\/elementor\/thumbs\/nc-vm-080422-web-23-2-q88m4sf3gy4t7lbgwg2xdo5242it1unpcw1ta02bn4.jpg\" title=\"nc-vm-080422-web-23\" alt=\"Camping-car \u00e9lectrique Ocean camper\" loading=\"lazy\" \/>\t\t\t\t\t\t\t\t\t\t\t\t\t\t\t<\/div>\n\t\t\t\t<\/div>\n\t\t\t\t\t<\/div>\n\t\t<\/div>\n\t\t\t\t\t<\/div>\n\t\t<\/section>\n\t\t\t\t<section class=\"elementor-section elementor-top-section elementor-element elementor-element-4c47ce2 elementor-section-stretched elementor-section-boxed elementor-section-height-default elementor-section-height-default\" data-id=\"4c47ce2\" data-element_type=\"section\" data-e-type=\"section\" data-settings=\"{&quot;stretch_section&quot;:&quot;section-stretched&quot;,&quot;background_background&quot;:&quot;classic&quot;}\">\n\t\t\t\t\t\t<div class=\"elementor-container elementor-column-gap-default\">\n\t\t\t\t\t<div class=\"elementor-column elementor-col-100 elementor-top-column elementor-element elementor-element-1c55f88\" data-id=\"1c55f88\" data-element_type=\"column\" data-e-type=\"column\">\n\t\t\t<div class=\"elementor-widget-wrap elementor-element-populated\">\n\t\t\t\t\t\t<div class=\"elementor-element elementor-element-a32f7c2 elementor-widget elementor-widget-heading\" data-id=\"a32f7c2\" data-element_type=\"widget\" data-e-type=\"widget\" data-widget_type=\"heading.default\">\n\t\t\t\t<div class=\"elementor-widget-container\">\n\t\t\t\t\t<h2 class=\"elementor-heading-title elementor-size-default\">1. O\u00f9 recharger votre camping-car \u00e9lectrique ?<\/h2>\t\t\t\t<\/div>\n\t\t\t\t<\/div>\n\t\t\t\t<div class=\"elementor-element elementor-element-cc1fecf elementor-widget elementor-widget-text-editor\" data-id=\"cc1fecf\" data-element_type=\"widget\" data-e-type=\"widget\" data-widget_type=\"text-editor.default\">\n\t\t\t\t<div class=\"elementor-widget-container\">\n\t\t\t\t\t\t\t\t\t<ul><li><strong>Campings<\/strong> &#8211; Rechargez votre camping-car \u00e0 l&rsquo;aide d&rsquo;une prise \u00e9lectrique normale pendant que vous dormez au camping. Certains campings proposent \u00e9galement des chargeurs rapides sur le parking ou pr\u00e8s de la r\u00e9ception (~2,5\u20ac\/100km). <\/li><li><strong>Centre commercial<\/strong> &#8211; La plupart des centres commerciaux et des parkings de supermarch\u00e9s sont \u00e9quip\u00e9s de bornes de recharge (Lidl, Pingo Doce) (~8\u20ac\/100km).<\/li><li><strong>Arr\u00eats de ravitaillement<\/strong> &#8211; Chargement rapide sur la route (~10\u20ac\/100km)<\/li><li><strong>Centre ville<\/strong> &#8211; Chargez lors de la d\u00e9couverte d&rsquo;une ville (~8\u20ac\/100km)<\/li><\/ul><p>T\u00e9l\u00e9chargez l&rsquo;application Miio pour afficher une carte des stations de recharge au Portugal et planifier plus facilement votre voyage en camping.<\/p>\t\t\t\t\t\t\t\t<\/div>\n\t\t\t\t<\/div>\n\t\t\t\t<div class=\"elementor-element elementor-element-3caee64 elementor-widget elementor-widget-image\" data-id=\"3caee64\" data-element_type=\"widget\" data-e-type=\"widget\" data-widget_type=\"image.default\">\n\t\t\t\t<div class=\"elementor-widget-container\">\n\t\t\t\t\t\t\t\t\t\t\t\t\t\t\t<img decoding=\"async\" src=\"https:\/\/oceancamper.com\/wp-content\/uploads\/elementor\/thumbs\/nc-vm-080422-web-27-2-q88m4yzyssdtgv1wu0xbd4ha9rmdjqdtpsm7mxskfk.jpg\" title=\"nc-vm-080422-web-27\" alt=\"Campeur \u00e9lectrique eNomad Ocean Camper\" loading=\"lazy\" \/>\t\t\t\t\t\t\t\t\t\t\t\t\t\t\t<\/div>\n\t\t\t\t<\/div>\n\t\t\t\t\t<\/div>\n\t\t<\/div>\n\t\t\t\t\t<\/div>\n\t\t<\/section>\n\t\t\t\t<section class=\"elementor-section elementor-top-section elementor-element elementor-element-f5c1ddf elementor-section-stretched elementor-section-boxed elementor-section-height-default elementor-section-height-default\" data-id=\"f5c1ddf\" data-element_type=\"section\" data-e-type=\"section\" data-settings=\"{&quot;stretch_section&quot;:&quot;section-stretched&quot;,&quot;background_background&quot;:&quot;classic&quot;}\">\n\t\t\t\t\t\t<div class=\"elementor-container elementor-column-gap-default\">\n\t\t\t\t\t<div class=\"elementor-column elementor-col-100 elementor-top-column elementor-element elementor-element-4c62370f\" data-id=\"4c62370f\" data-element_type=\"column\" data-e-type=\"column\">\n\t\t\t<div class=\"elementor-widget-wrap elementor-element-populated\">\n\t\t\t\t\t\t<div class=\"elementor-element elementor-element-7027197 elementor-widget elementor-widget-heading\" data-id=\"7027197\" data-element_type=\"widget\" data-e-type=\"widget\" data-widget_type=\"heading.default\">\n\t\t\t\t<div class=\"elementor-widget-container\">\n\t\t\t\t\t<h2 class=\"elementor-heading-title elementor-size-default\">2. Conseils pour l'e-camping<\/h2>\t\t\t\t<\/div>\n\t\t\t\t<\/div>\n\t\t\t\t<div class=\"elementor-element elementor-element-b988989 elementor-widget elementor-widget-text-editor\" data-id=\"b988989\" data-element_type=\"widget\" data-e-type=\"widget\" data-widget_type=\"text-editor.default\">\n\t\t\t\t<div class=\"elementor-widget-container\">\n\t\t\t\t\t\t\t\t\t<p><strong>Disposez d&rsquo;une carte des bornes de recharge :<\/strong> T\u00e9l\u00e9chargez une application qui vous indique les bornes de recharge au Portugal. Nous utilisons et recommandons l&rsquo;<a href=\"https:\/\/play.google.com\/store\/apps\/details?id=com.muvext.miio&amp;pcampaignid=web_share\" target=\"_blank\" rel=\"noopener\">application Miio <\/a>pour un acc\u00e8s facile aux points de recharge des VE \u00e0 proximit\u00e9. <\/p><p><strong>Roadtrip d\u00e9contract\u00e9 :<\/strong> Ce camping-car est con\u00e7u pour des voyages relaxants et peu kilom\u00e9tr\u00e9s. Si vos vacances impliquent des trajets rapides et longs, nous vous recommandons de louer un camping-car \u00e0 combustion classique. Il n&rsquo;est pas possible de conduire sans arr\u00eat de Faro \u00e0 Lisbonne sans recharge.  <\/p><p><strong>Chargement au camping :<\/strong> Nous vous recommandons de recharger le van dans le camping pendant la nuit. Lorsque vous arrivez au camping, la premi\u00e8re chose \u00e0 faire apr\u00e8s avoir gar\u00e9 le van est de le brancher sur le r\u00e9seau \u00e9lectrique pour maximiser le temps de charge. Pendant les 12 heures de charge, vous pourrez recharger environ &gt; 50% de la batterie. Cela suffit g\u00e9n\u00e9ralement pour une excursion d&rsquo;une journ\u00e9e jusqu&rsquo;\u00e0 ce que vous retourniez au camping le soir.   <\/p><p>Vous pouvez \u00e9galement recharger votre v\u00e9hicule sur les autoroutes \u00e0 l&rsquo;aide d&rsquo;un chargeur rapide en 30 minutes (\u00e0 100 kW) ou en 60 minutes (\u00e0 50 kW). Les autres chargeurs, qui se trouvent souvent dans les espaces publics (par exemple, les parkings des centres commerciaux ou des centres-villes), vous permettent g\u00e9n\u00e9ralement de recharger la voiture avec 11 kW, ce qui prend 5 heures pour une charge compl\u00e8te. Vous pouvez trouver toutes les stations de recharge existantes au Portugal en utilisant l&rsquo;<a href=\"https:\/\/play.google.com\/store\/apps\/details?id=com.muvext.miio&amp;hl=en&amp;gl=US\" target=\"_blank\" rel=\"noopener\">application Miio<\/a>.  <\/p><p><strong>Autonomie :<\/strong> L&rsquo;autonomie totale du camping-car est de 270 km. Cette autonomie peut augmenter si vous conduisez sur des routes en pente, car le v\u00e9hicule se recharge en cours de route. Cependant, il est plus courant que l&rsquo;autonomie soit inf\u00e9rieure en raison de facteurs tels que le fonctionnement de la climatisation ou du chauffage, les vents contraires, les vitesses \u00e9lev\u00e9es ou la charge du v\u00e9hicule.  <\/p>\t\t\t\t\t\t\t\t<\/div>\n\t\t\t\t<\/div>\n\t\t\t\t<div class=\"elementor-element elementor-element-5b27446 elementor-widget elementor-widget-heading\" data-id=\"5b27446\" data-element_type=\"widget\" data-e-type=\"widget\" data-widget_type=\"heading.default\">\n\t\t\t\t<div class=\"elementor-widget-container\">\n\t\t\t\t\t<h2 class=\"elementor-heading-title elementor-size-default\">3. Points de recharge bien situ\u00e9s<\/h2>\t\t\t\t<\/div>\n\t\t\t\t<\/div>\n\t\t\t\t<div class=\"elementor-element elementor-element-78ddd3a elementor-widget elementor-widget-text-editor\" data-id=\"78ddd3a\" data-element_type=\"widget\" data-e-type=\"widget\" data-widget_type=\"text-editor.default\">\n\t\t\t\t<div class=\"elementor-widget-container\">\n\t\t\t\t\t\t\t\t\t<ul>\n<li><a href=\"https:\/\/maps.app.goo.gl\/cdKwooib64uETfKA8\" target=\"_blank\" rel=\"noopener\">Zambujeira do mar<\/a>: \u00e0 proximit\u00e9 de la plage et d&rsquo;un petit village avec des endroits pour un repas ou un caf\u00e9, ainsi qu&rsquo;un <a href=\"https:\/\/maps.app.goo.gl\/5Qrj5AKpfgrhu1ki8\" target=\"_blank\" rel=\"noopener\">march\u00e9 local de poissons et de fruits<\/a> (uniquement le matin).<\/li>\n<li><a href=\"https:\/\/maps.app.goo.gl\/yHjzKFNDbGKhVtvA7\" target=\"_blank\" rel=\"noopener\">Centre de Sagres<\/a>: Plage de Marreta \u00e0 2 minutes \u00e0 pied et centre du village pour un repas ou un caf\u00e9.<\/li>\n<li>Supermarch\u00e9 <a href=\"https:\/\/maps.app.goo.gl\/JzoouYLbSJ2F1Pvz8\" target=\"_blank\" rel=\"noopener\">Lidl<\/a> \u00e0 Vila do Bispo pendant que vous faites vos courses.<\/li>\n<li>Supermarch\u00e9 <a href=\"https:\/\/maps.app.goo.gl\/WWJCfVaAwhC7yhdS6\">Intermarche<\/a> \u00e0 Sagres pendant que vous faites vos courses.<\/li>\n<li><a href=\"https:\/\/maps.app.goo.gl\/LniJmESLpD5nFg3J6\" target=\"_blank\" rel=\"noopener\">Centre de Lagos<\/a>: centre du village pour un repas et plage \u00e0 10 minutes \u00e0 pied.<\/li>\n<li><a href=\"https:\/\/maps.app.goo.gl\/bFeDKdTBNbQyQvGFA\" target=\"_blank\" rel=\"noopener\">Portim\u00e3o<\/a>: pr\u00e8s du port de plaisance et de la plage.<\/li>\n<li><a href=\"https:\/\/maps.app.goo.gl\/Th5rkrjK6V8AVta78\" target=\"_blank\" rel=\"noopener\">Centre d&rsquo;Olh\u00e3o<\/a>: visite du march\u00e9 local de fruits et de poissons, pour le d\u00e9jeuner ou le petit-d\u00e9jeuner.<\/li>\n<li><a href=\"https:\/\/maps.app.goo.gl\/NZH2NWbuy4wVc7Ug7\" target=\"_blank\" rel=\"noopener\">Centre de Tavira<\/a>: visite de la ville, pour le d\u00e9jeuner ou le petit-d\u00e9jeuner.<\/li>\n<\/ul>\t\t\t\t\t\t\t\t<\/div>\n\t\t\t\t<\/div>\n\t\t\t\t<div class=\"elementor-element elementor-element-1c4bfda1 elementor-widget elementor-widget-image\" data-id=\"1c4bfda1\" data-element_type=\"widget\" data-e-type=\"widget\" data-widget_type=\"image.default\">\n\t\t\t\t<div class=\"elementor-widget-container\">\n\t\t\t\t\t\t\t\t\t\t\t\t\t\t\t<img decoding=\"async\" src=\"https:\/\/oceancamper.com\/wp-content\/uploads\/elementor\/thumbs\/eNomad-map-min-qwr335vuwf30wsuy3y0qrwnpkjo9i7emr2igdkt3lc.png\" title=\"eNomad map-min\" alt=\"Map of campervan rental pick-up locations in Faro and Lisbon, Portugal\" loading=\"lazy\" \/>\t\t\t\t\t\t\t\t\t\t\t\t\t\t\t<\/div>\n\t\t\t\t<\/div>\n\t\t\t\t<div class=\"elementor-element elementor-element-483817b8 elementor-widget elementor-widget-heading\" data-id=\"483817b8\" data-element_type=\"widget\" data-e-type=\"widget\" id=\"other\" data-widget_type=\"heading.default\">\n\t\t\t\t<div class=\"elementor-widget-container\">\n\t\t\t\t\t<h2 class=\"elementor-heading-title elementor-size-default\">4. Pourquoi e-camper ?<\/h2>\t\t\t\t<\/div>\n\t\t\t\t<\/div>\n\t\t\t\t<div class=\"elementor-element elementor-element-1b6ad594 elementor-widget elementor-widget-text-editor\" data-id=\"1b6ad594\" data-element_type=\"widget\" data-e-type=\"widget\" data-widget_type=\"text-editor.default\">\n\t\t\t\t<div class=\"elementor-widget-container\">\n\t\t\t\t\t\t\t\t\t<p>A l&rsquo;heure o\u00f9 les \u00e9missions de CO2 ne cessent d&rsquo;augmenter et o\u00f9 l&rsquo;<a href=\"https:\/\/ec.europa.eu\/clima\/eu-action\/european-green-deal\/2030-climate-target-plan_en\" target=\"_blank\" rel=\"noopener\">objectif europ\u00e9en est de r\u00e9duire de 55% les \u00e9missions de gaz \u00e0 effet de serre en 2030<\/a>, nous essayons de faire notre part en proposant une solution de camping \u00e9lectrique sans \u00e9mission. Ce qui rend notre eNomad si sp\u00e9cial, ce n&rsquo;est pas seulement sa faible empreinte carbone, mais aussi son exp\u00e9rience de conduite douce et silencieuse et sa transmission automatique, vous permettant d&rsquo;arriver \u00e9l\u00e9gant et d\u00e9tendu \u00e0 votre destination. Vous serez surpris par les avanc\u00e9es techniques qu&rsquo;offre un v\u00e9hicule \u00e9lectrique, et vous r\u00e9aliserez rapidement qu&rsquo;avec une autonomie d&rsquo;environ 250 km, c&rsquo;est plus qu&rsquo;il n&rsquo;en faut pour atteindre votre prochain camping ou votre prochaine station de recharge.<br><strong>Une petite r\u00e9flexion<\/strong> : Le Portugal a l&rsquo;une des plus grandes parts d&rsquo;\u00e9nergies renouvelables, contribuant jusqu&rsquo;\u00e0 78,4% de toutes les sources d&rsquo;\u00e9nergie, et cette part continue d&rsquo;augmenter. La mobilit\u00e9 \u00e9lectrique en vaut la peine car les co\u00fbts des carburants de combustion augmentent chaque ann\u00e9e, tandis que l&rsquo;\u00e9nergie \u00e9lectrique est l&rsquo;une des moins ch\u00e8res en Europe. Dans notre boutique Ocean Camper, nous rechargeons \u00e9galement nos camping-cars \u00e9lectriques avec de l&rsquo;\u00e9lectricit\u00e9 provenant \u00e0 100% d&rsquo;\u00e9nergies renouvelables.  <\/p>\t\t\t\t\t\t\t\t<\/div>\n\t\t\t\t<\/div>\n\t\t\t\t<div class=\"elementor-element elementor-element-972afe5 elementor-widget elementor-widget-image\" data-id=\"972afe5\" data-element_type=\"widget\" data-e-type=\"widget\" data-widget_type=\"image.default\">\n\t\t\t\t<div class=\"elementor-widget-container\">\n\t\t\t\t\t\t\t\t\t\t\t\t\t\t\t<img decoding=\"async\" src=\"https:\/\/oceancamper.com\/wp-content\/uploads\/elementor\/thumbs\/nc-vm-080422-web-20-2-q88m4j0pklrxzhp4fc0noqig67t4wvmdzliyh8g9dc.jpg\" title=\"nc-vm-080422-web-20\" alt=\"Chargement \u00e9lectrique des camping-cars Ocean Camper\" loading=\"lazy\" \/>\t\t\t\t\t\t\t\t\t\t\t\t\t\t\t<\/div>\n\t\t\t\t<\/div>\n\t\t\t\t<div class=\"elementor-element elementor-element-ae5bfdf elementor-widget elementor-widget-text-editor\" data-id=\"ae5bfdf\" data-element_type=\"widget\" data-e-type=\"widget\" data-widget_type=\"text-editor.default\">\n\t\t\t\t<div class=\"elementor-widget-container\">\n\t\t\t\t\t\t\t\t\t<p>Si vous avez des questions sur le camping \u00e9lectrique, n&rsquo;h\u00e9sitez pas \u00e0 <a title=\"Contactez-nous\" href=\"https:\/\/oceancamper.com\/fr\/contactez-nous\/\" target=\"_blank\" rel=\"noopener\">nous contacter<\/a>.<\/p><p><a title=\"Ocean Camper\" href=\"https:\/\/oceancamper.com\/fr\/\" target=\"_blank\" rel=\"noopener\">Ocean Camper<\/a> vous souhaite d&rsquo;agr\u00e9ables vacances en camping en toute s\u00e9curit\u00e9 au Portugal.<\/p>\t\t\t\t\t\t\t\t<\/div>\n\t\t\t\t<\/div>\n\t\t\t\t\t<\/div>\n\t\t<\/div>\n\t\t\t\t\t<\/div>\n\t\t<\/section>\n\t\t\t\t<section class=\"elementor-section elementor-top-section elementor-element elementor-element-5f0b3ede elementor-section-stretched elementor-section-boxed elementor-section-height-default elementor-section-height-default\" data-id=\"5f0b3ede\" data-element_type=\"section\" data-e-type=\"section\" data-settings=\"{&quot;stretch_section&quot;:&quot;section-stretched&quot;,&quot;background_background&quot;:&quot;classic&quot;}\">\n\t\t\t\t\t\t<div class=\"elementor-container elementor-column-gap-default\">\n\t\t\t\t\t<div class=\"elementor-column elementor-col-100 elementor-top-column elementor-element elementor-element-7a655601\" data-id=\"7a655601\" data-element_type=\"column\" data-e-type=\"column\">\n\t\t\t<div class=\"elementor-widget-wrap elementor-element-populated\">\n\t\t\t\t\t\t<section class=\"elementor-section elementor-inner-section elementor-element elementor-element-6c868447 elementor-section-boxed elementor-section-height-default elementor-section-height-default\" data-id=\"6c868447\" data-element_type=\"section\" data-e-type=\"section\">\n\t\t\t\t\t\t<div class=\"elementor-container elementor-column-gap-default\">\n\t\t\t\t\t<div class=\"elementor-column elementor-col-100 elementor-inner-column elementor-element elementor-element-16957dda\" data-id=\"16957dda\" data-element_type=\"column\" data-e-type=\"column\">\n\t\t\t<div class=\"elementor-widget-wrap elementor-element-populated\">\n\t\t\t\t\t\t<div class=\"elementor-element elementor-element-7b03c20a elementor-widget elementor-widget-heading\" data-id=\"7b03c20a\" data-element_type=\"widget\" data-e-type=\"widget\" data-widget_type=\"heading.default\">\n\t\t\t\t<div class=\"elementor-widget-container\">\n\t\t\t\t\t<h3 class=\"elementor-heading-title elementor-size-default\">Consulte nos autres articles:<\/h3>\t\t\t\t<\/div>\n\t\t\t\t<\/div>\n\t\t\t\t<div class=\"elementor-element elementor-element-549ea19c elementor-grid-tablet-3 elementor-grid-3 elementor-grid-mobile-1 elementor-posts--thumbnail-top elementor-posts__hover-gradient elementor-widget elementor-widget-posts\" data-id=\"549ea19c\" data-element_type=\"widget\" data-e-type=\"widget\" data-settings=\"{&quot;cards_row_gap&quot;:{&quot;unit&quot;:&quot;px&quot;,&quot;size&quot;:20,&quot;sizes&quot;:[]},&quot;cards_row_gap_mobile&quot;:{&quot;unit&quot;:&quot;px&quot;,&quot;size&quot;:10,&quot;sizes&quot;:[]},&quot;cards_columns_tablet&quot;:&quot;3&quot;,&quot;cards_row_gap_tablet&quot;:{&quot;unit&quot;:&quot;px&quot;,&quot;size&quot;:5,&quot;sizes&quot;:[]},&quot;cards_columns&quot;:&quot;3&quot;,&quot;cards_columns_mobile&quot;:&quot;1&quot;}\" data-widget_type=\"posts.cards\">\n\t\t\t\t<div class=\"elementor-widget-container\">\n\t\t\t\t\t\t\t<div class=\"elementor-posts-container elementor-posts elementor-posts--skin-cards elementor-grid\" role=\"list\">\n\t\t\t\t<article class=\"elementor-post elementor-grid-item post-79715 post type-post status-publish format-standard has-post-thumbnail hentry category-conseils-de-camping tag-campingtips-campingapps-camping-fr\" role=\"listitem\">\n\t\t\t<div class=\"elementor-post__card\">\n\t\t\t\t<a class=\"elementor-post__thumbnail__link\" href=\"https:\/\/oceancamper.com\/fr\/top-10-des-apps-et-sites-web-de-camping\/\" tabindex=\"-1\" ><div class=\"elementor-post__thumbnail\"><img fetchpriority=\"high\" decoding=\"async\" width=\"2560\" height=\"1707\" src=\"https:\/\/oceancamper.com\/wp-content\/uploads\/2023\/05\/campervan-view-portugal-nature-ocean-camper-scaled.jpg\" class=\"attachment-full size-full wp-image-210354\" alt=\"meilleures applications de camping Portugal. D\u00e9tente \u00e0 l&#039;int\u00e9rieur d&#039;un camping-car dont les portes sont ouvertes et qui offre une vue sur les collines rurales du Portugal lors d&#039;un voyage en camping.\" srcset=\"https:\/\/oceancamper.com\/wp-content\/uploads\/2023\/05\/campervan-view-portugal-nature-ocean-camper-scaled.jpg 2560w, https:\/\/oceancamper.com\/wp-content\/uploads\/2023\/05\/campervan-view-portugal-nature-ocean-camper-300x200.jpg 300w, https:\/\/oceancamper.com\/wp-content\/uploads\/2023\/05\/campervan-view-portugal-nature-ocean-camper-1024x683.jpg 1024w, https:\/\/oceancamper.com\/wp-content\/uploads\/2023\/05\/campervan-view-portugal-nature-ocean-camper-768x512.jpg 768w, https:\/\/oceancamper.com\/wp-content\/uploads\/2023\/05\/campervan-view-portugal-nature-ocean-camper-1536x1024.jpg 1536w, https:\/\/oceancamper.com\/wp-content\/uploads\/2023\/05\/campervan-view-portugal-nature-ocean-camper-2048x1365.jpg 2048w, https:\/\/oceancamper.com\/wp-content\/uploads\/2023\/05\/campervan-view-portugal-nature-ocean-camper-240x160.jpg 240w\" sizes=\"(max-width: 2560px) 100vw, 2560px\" \/><\/div><\/a>\n\t\t\t\t<div class=\"elementor-post__text\">\n\t\t\t\t<h2 class=\"elementor-post__title\">\n\t\t\t<a href=\"https:\/\/oceancamper.com\/fr\/top-10-des-apps-et-sites-web-de-camping\/\" >\n\t\t\t\tMeilleures applications de camping au Portugal et en Europe (Guide 2026)\t\t\t<\/a>\n\t\t<\/h2>\n\t\t\t\t<div class=\"elementor-post__excerpt\">\n\t\t\t<p>Les meilleurs outils mobiles dont vous aurez besoin pour le camping au Portugal. Le camping, c&rsquo;est la flexibilit\u00e9. Mais soyez pr\u00eat \u00e0 faire preuve de souplesse.  <\/p>\n\t\t<\/div>\n\t\t\n\t\t<a class=\"elementor-post__read-more\" href=\"https:\/\/oceancamper.com\/fr\/top-10-des-apps-et-sites-web-de-camping\/\" aria-label=\"En savoir plus sur Meilleures applications de camping au Portugal et en Europe (Guide 2026)\" tabindex=\"-1\" >\n\t\t\tLire la suite \u00bb\t\t<\/a>\n\n\t\t\t\t<\/div>\n\t\t\t\t\t<\/div>\n\t\t<\/article>\n\t\t\t\t<article class=\"elementor-post elementor-grid-item post-79698 post type-post status-publish format-standard has-post-thumbnail hentry category-non-classifiee\" role=\"listitem\">\n\t\t\t<div class=\"elementor-post__card\">\n\t\t\t\t<a class=\"elementor-post__thumbnail__link\" href=\"https:\/\/oceancamper.com\/fr\/faro\/\" tabindex=\"-1\" ><div class=\"elementor-post__thumbnail\"><img decoding=\"async\" width=\"2560\" height=\"1919\" src=\"https:\/\/oceancamper.com\/wp-content\/uploads\/2020\/12\/AdobeStock_307404734-1-min-scaled.jpeg\" class=\"attachment-full size-full wp-image-183897\" alt=\"Vue a\u00e9rienne de Faro, Algarve - toits de tuiles rouges, vieille ville et lagune de Ria Formosa sous un ciel d\u00e9gag\u00e9.\" srcset=\"https:\/\/oceancamper.com\/wp-content\/uploads\/2020\/12\/AdobeStock_307404734-1-min-scaled.jpeg 2560w, https:\/\/oceancamper.com\/wp-content\/uploads\/2020\/12\/AdobeStock_307404734-1-min-300x225.jpeg 300w, https:\/\/oceancamper.com\/wp-content\/uploads\/2020\/12\/AdobeStock_307404734-1-min-1024x767.jpeg 1024w, https:\/\/oceancamper.com\/wp-content\/uploads\/2020\/12\/AdobeStock_307404734-1-min-768x576.jpeg 768w, https:\/\/oceancamper.com\/wp-content\/uploads\/2020\/12\/AdobeStock_307404734-1-min-1536x1151.jpeg 1536w, https:\/\/oceancamper.com\/wp-content\/uploads\/2020\/12\/AdobeStock_307404734-1-min-2048x1535.jpeg 2048w, https:\/\/oceancamper.com\/wp-content\/uploads\/2020\/12\/AdobeStock_307404734-1-min-240x180.jpeg 240w\" sizes=\"(max-width: 2560px) 100vw, 2560px\" \/><\/div><\/a>\n\t\t\t\t<div class=\"elementor-post__text\">\n\t\t\t\t<h2 class=\"elementor-post__title\">\n\t\t\t<a href=\"https:\/\/oceancamper.com\/fr\/faro\/\" >\n\t\t\t\tQue faire \u00e0 Faro ?\t\t\t<\/a>\n\t\t<\/h2>\n\t\t\t\t<div class=\"elementor-post__excerpt\">\n\t\t\t<p>Comment se rendre de l&rsquo;a\u00e9roport au centre-ville de Faro ou \u00e0 Praia de Faro ? Horaire des bus. Les meilleurs restaurants \u00e0 Faro.  <\/p>\n\t\t<\/div>\n\t\t\n\t\t<a class=\"elementor-post__read-more\" href=\"https:\/\/oceancamper.com\/fr\/faro\/\" aria-label=\"En savoir plus sur Que faire \u00e0 Faro ?\" tabindex=\"-1\" >\n\t\t\tLire la suite \u00bb\t\t<\/a>\n\n\t\t\t\t<\/div>\n\t\t\t\t\t<\/div>\n\t\t<\/article>\n\t\t\t\t<article class=\"elementor-post elementor-grid-item post-79719 post type-post status-publish format-standard has-post-thumbnail hentry category-conseils-de-camping tag-solocamping-solotraveller-campingtips-fr\" role=\"listitem\">\n\t\t\t<div class=\"elementor-post__card\">\n\t\t\t\t<a class=\"elementor-post__thumbnail__link\" href=\"https:\/\/oceancamper.com\/fr\/conseils-pour-voyager-en-solo\/\" tabindex=\"-1\" ><div class=\"elementor-post__thumbnail\"><img decoding=\"async\" width=\"1707\" height=\"1280\" src=\"https:\/\/oceancamper.com\/wp-content\/uploads\/2023\/05\/edited-1-340-min.jpg\" class=\"attachment-full size-full wp-image-77985\" alt=\"Woman sitting at the back of a campervan watching the sunset \u2014 solo travel freedom in Algarve, Portugal.\" srcset=\"https:\/\/oceancamper.com\/wp-content\/uploads\/2023\/05\/edited-1-340-min.jpg 1707w, https:\/\/oceancamper.com\/wp-content\/uploads\/2023\/05\/edited-1-340-min-300x225.jpg 300w, https:\/\/oceancamper.com\/wp-content\/uploads\/2023\/05\/edited-1-340-min-1024x768.jpg 1024w, https:\/\/oceancamper.com\/wp-content\/uploads\/2023\/05\/edited-1-340-min-768x576.jpg 768w, https:\/\/oceancamper.com\/wp-content\/uploads\/2023\/05\/edited-1-340-min-1536x1152.jpg 1536w, https:\/\/oceancamper.com\/wp-content\/uploads\/2023\/05\/edited-1-340-min-240x180.jpg 240w\" sizes=\"(max-width: 1707px) 100vw, 1707px\" \/><\/div><\/a>\n\t\t\t\t<div class=\"elementor-post__text\">\n\t\t\t\t<h2 class=\"elementor-post__title\">\n\t\t\t<a href=\"https:\/\/oceancamper.com\/fr\/conseils-pour-voyager-en-solo\/\" >\n\t\t\t\tConseils pour les voyages en solitaire Portugal\t\t\t<\/a>\n\t\t<\/h2>\n\t\t\t\t<div class=\"elementor-post__excerpt\">\n\t\t\t<p>  Pourquoi voyager en solo ?<br \/>\n Avantages du voyage en solo<br \/>\n S\u00e9curit\u00e9 et environnement social<br \/>\n Suggestions d&rsquo;activit\u00e9s  <\/p>\n\t\t<\/div>\n\t\t\n\t\t<a class=\"elementor-post__read-more\" href=\"https:\/\/oceancamper.com\/fr\/conseils-pour-voyager-en-solo\/\" aria-label=\"En savoir plus sur Conseils pour les voyages en solitaire Portugal\" tabindex=\"-1\" >\n\t\t\tLire la suite \u00bb\t\t<\/a>\n\n\t\t\t\t<\/div>\n\t\t\t\t\t<\/div>\n\t\t<\/article>\n\t\t\t\t<\/div>\n\t\t\n\t\t\t\t\t\t<\/div>\n\t\t\t\t<\/div>\n\t\t\t\t<div class=\"elementor-element elementor-element-28e75ee5 elementor-align-left elementor-tablet-align-left elementor-mobile-align-left elementor-widget elementor-widget-button\" data-id=\"28e75ee5\" data-element_type=\"widget\" data-e-type=\"widget\" data-widget_type=\"button.default\">\n\t\t\t\t<div class=\"elementor-widget-container\">\n\t\t\t\t\t\t\t\t\t<div class=\"elementor-button-wrapper\">\n\t\t\t\t\t<a class=\"elementor-button elementor-button-link elementor-size-sm elementor-animation-pop\" href=\"https:\/\/oceancamper.com\/fr\/blog\/\">\n\t\t\t\t\t\t<span class=\"elementor-button-content-wrapper\">\n\t\t\t\t\t\t\t\t\t<span class=\"elementor-button-text\">Retour au blog<\/span>\n\t\t\t\t\t<\/span>\n\t\t\t\t\t<\/a>\n\t\t\t\t<\/div>\n\t\t\t\t\t\t\t\t<\/div>\n\t\t\t\t<\/div>\n\t\t\t\t\t<\/div>\n\t\t<\/div>\n\t\t\t\t\t<\/div>\n\t\t<\/section>\n\t\t\t\t\t<\/div>\n\t\t<\/div>\n\t\t\t\t\t<\/div>\n\t\t<\/section>\n\t\t\t\t<section class=\"elementor-section elementor-top-section elementor-element elementor-element-0ff6780 elementor-section-boxed elementor-section-height-default elementor-section-height-default\" data-id=\"0ff6780\" data-element_type=\"section\" data-e-type=\"section\">\n\t\t\t\t\t\t<div class=\"elementor-container elementor-column-gap-default\">\n\t\t\t\t\t<div class=\"elementor-column elementor-col-100 elementor-top-column elementor-element elementor-element-0cbe344\" data-id=\"0cbe344\" data-element_type=\"column\" data-e-type=\"column\">\n\t\t\t<div class=\"elementor-widget-wrap elementor-element-populated\">\n\t\t\t\t\t\t<div class=\"elementor-element elementor-element-cdbbadd elementor-widget elementor-widget-image\" data-id=\"cdbbadd\" data-element_type=\"widget\" data-e-type=\"widget\" data-widget_type=\"image.default\">\n\t\t\t\t<div class=\"elementor-widget-container\">\n\t\t\t\t\t\t\t\t\t\t\t\t\t\t\t<img decoding=\"async\" src=\"https:\/\/oceancamper.com\/wp-content\/uploads\/elementor\/thumbs\/e-Nomad1-min-q88ld5xum8bg05g07i7n3n3dmeogu2zow5u3j90ui8.jpg\" title=\"e-Nomad1-min\" alt=\"e-nomad1 Wohnmobil\" loading=\"lazy\" \/>\t\t\t\t\t\t\t\t\t\t\t\t\t\t\t<\/div>\n\t\t\t\t<\/div>\n\t\t\t\t\t<\/div>\n\t\t<\/div>\n\t\t\t\t\t<\/div>\n\t\t<\/section>\n\t\t\t\t<\/div>\n\t\t","protected":false},"excerpt":{"rendered":"<p>Conseils pour voyager avec notre camping-car 100% \u00e9lectrique e-Nomad : o\u00f9 le recharger, carte des bornes de recharge et histoire du eCamper.<\/p>\n","protected":false},"author":1,"featured_media":219473,"comment_status":"closed","ping_status":"open","sticky":false,"template":"elementor_header_footer","format":"standard","meta":{"om_disable_all_campaigns":false,"footnotes":""},"categories":[46,89],"tags":[],"class_list":["post-79026","post","type-post","status-publish","format-standard","has-post-thumbnail","hentry","category-non-classifiee","category-points-forts"],"aioseo_notices":[],"_links":{"self":[{"href":"https:\/\/oceancamper.com\/fr\/wp-json\/wp\/v2\/posts\/79026","targetHints":{"allow":["GET"]}}],"collection":[{"href":"https:\/\/oceancamper.com\/fr\/wp-json\/wp\/v2\/posts"}],"about":[{"href":"https:\/\/oceancamper.com\/fr\/wp-json\/wp\/v2\/types\/post"}],"author":[{"embeddable":true,"href":"https:\/\/oceancamper.com\/fr\/wp-json\/wp\/v2\/users\/1"}],"replies":[{"embeddable":true,"href":"https:\/\/oceancamper.com\/fr\/wp-json\/wp\/v2\/comments?post=79026"}],"version-history":[{"count":12,"href":"https:\/\/oceancamper.com\/fr\/wp-json\/wp\/v2\/posts\/79026\/revisions"}],"predecessor-version":[{"id":211633,"href":"https:\/\/oceancamper.com\/fr\/wp-json\/wp\/v2\/posts\/79026\/revisions\/211633"}],"wp:featuredmedia":[{"embeddable":true,"href":"https:\/\/oceancamper.com\/fr\/wp-json\/wp\/v2\/media\/219473"}],"wp:attachment":[{"href":"https:\/\/oceancamper.com\/fr\/wp-json\/wp\/v2\/media?parent=79026"}],"wp:term":[{"taxonomy":"category","embeddable":true,"href":"https:\/\/oceancamper.com\/fr\/wp-json\/wp\/v2\/categories?post=79026"},{"taxonomy":"post_tag","embeddable":true,"href":"https:\/\/oceancamper.com\/fr\/wp-json\/wp\/v2\/tags?post=79026"}],"curies":[{"name":"wp","href":"https:\/\/api.w.org\/{rel}","templated":true}]}}