{"id":157409,"date":"2025-02-14T15:30:55","date_gmt":"2025-02-14T15:30:55","guid":{"rendered":"https:\/\/oceancamper.com\/louer-un-camping-car-en-algarve-cela-vaut-il-la-peine\/"},"modified":"2025-11-14T16:06:37","modified_gmt":"2025-11-14T16:06:37","slug":"louer-un-camping-car-en-algarve-cela-vaut-il-la-peine","status":"publish","type":"post","link":"https:\/\/oceancamper.com\/fr\/louer-un-camping-car-en-algarve-cela-vaut-il-la-peine\/","title":{"rendered":"Louer un camping-car en Algarve &#8211; Guide complet pour 2026"},"content":{"rendered":"\t\t<div data-elementor-type=\"wp-post\" data-elementor-id=\"157409\" class=\"elementor elementor-157409 elementor-156451\" data-elementor-post-type=\"post\">\n\t\t\t\t\t\t<section class=\"elementor-section elementor-top-section elementor-element elementor-element-3971e2a2 elementor-section-height-min-height elementor-section-stretched elementor-section-content-middle elementor-section-boxed elementor-section-height-default elementor-section-items-middle\" data-id=\"3971e2a2\" data-element_type=\"section\" data-e-type=\"section\" data-settings=\"{&quot;stretch_section&quot;:&quot;section-stretched&quot;,&quot;background_background&quot;:&quot;classic&quot;}\">\n\t\t\t\t\t\t\t<div class=\"elementor-background-overlay\"><\/div>\n\t\t\t\t\t\t\t<div class=\"elementor-container elementor-column-gap-default\">\n\t\t\t\t\t<div class=\"elementor-column elementor-col-100 elementor-top-column elementor-element elementor-element-74872884\" data-id=\"74872884\" data-element_type=\"column\" data-e-type=\"column\">\n\t\t\t<div class=\"elementor-widget-wrap elementor-element-populated\">\n\t\t\t\t\t\t<div class=\"elementor-element elementor-element-1f3b4fca elementor-widget elementor-widget-theme-post-title elementor-page-title elementor-widget-heading\" data-id=\"1f3b4fca\" data-element_type=\"widget\" data-e-type=\"widget\" data-widget_type=\"theme-post-title.default\">\n\t\t\t\t<div class=\"elementor-widget-container\">\n\t\t\t\t\t<h1 class=\"elementor-heading-title elementor-size-default\">Louer un camping-car en Algarve &#8211; Guide complet pour 2026<\/h1>\t\t\t\t<\/div>\n\t\t\t\t<\/div>\n\t\t\t\t<section class=\"elementor-section elementor-inner-section elementor-element elementor-element-28338bc1 elementor-section-boxed elementor-section-height-default elementor-section-height-default\" data-id=\"28338bc1\" data-element_type=\"section\" data-e-type=\"section\">\n\t\t\t\t\t\t<div class=\"elementor-container elementor-column-gap-default\">\n\t\t\t\t\t<div class=\"elementor-column elementor-col-33 elementor-inner-column elementor-element elementor-element-714facd4\" data-id=\"714facd4\" data-element_type=\"column\" data-e-type=\"column\">\n\t\t\t<div class=\"elementor-widget-wrap\">\n\t\t\t\t\t\t\t<\/div>\n\t\t<\/div>\n\t\t\t\t<div class=\"elementor-column elementor-col-33 elementor-inner-column elementor-element elementor-element-3ae15bd6\" data-id=\"3ae15bd6\" data-element_type=\"column\" data-e-type=\"column\">\n\t\t\t<div class=\"elementor-widget-wrap elementor-element-populated\">\n\t\t\t\t\t\t<div class=\"elementor-element elementor-element-18aae6e6 elementor-author-box--align-center elementor-author-box--layout-image-above elementor-widget elementor-widget-author-box\" data-id=\"18aae6e6\" data-element_type=\"widget\" data-e-type=\"widget\" data-widget_type=\"author-box.default\">\n\t\t\t\t<div class=\"elementor-widget-container\">\n\t\t\t\t\t\t\t<div class=\"elementor-author-box\">\n\t\t\t\t\t\t\t<div  class=\"elementor-author-box__avatar\">\n\t\t\t\t\t<img decoding=\"async\" src=\"https:\/\/oceancamper.com\/wp-content\/uploads\/2022\/02\/Nina-min-1-300x300.jpg\" alt=\"Image de Nina\" loading=\"lazy\">\n\t\t\t\t<\/div>\n\t\t\t\n\t\t\t<div class=\"elementor-author-box__text\">\n\t\t\t\t\t\t\t\t\t<div >\n\t\t\t\t\t\t<h4 class=\"elementor-author-box__name\">\n\t\t\t\t\t\t\tNina\t\t\t\t\t\t<\/h4>\n\t\t\t\t\t<\/div>\n\t\t\t\t\n\t\t\t\t\t\t\t\t\t<div class=\"elementor-author-box__bio\">\n\t\t\t\t\t\t<p>PDG d'Ocean Camper<\/p>\n\t\t\t\t\t<\/div>\n\t\t\t\t\n\t\t\t\t\t\t\t<\/div>\n\t\t<\/div>\n\t\t\t\t\t\t<\/div>\n\t\t\t\t<\/div>\n\t\t\t\t\t<\/div>\n\t\t<\/div>\n\t\t\t\t<div class=\"elementor-column elementor-col-33 elementor-inner-column elementor-element elementor-element-7ed4106f\" data-id=\"7ed4106f\" data-element_type=\"column\" data-e-type=\"column\">\n\t\t\t<div class=\"elementor-widget-wrap\">\n\t\t\t\t\t\t\t<\/div>\n\t\t<\/div>\n\t\t\t\t\t<\/div>\n\t\t<\/section>\n\t\t\t\t\t<\/div>\n\t\t<\/div>\n\t\t\t\t\t<\/div>\n\t\t<\/section>\n\t\t\t\t<section class=\"elementor-section elementor-top-section elementor-element elementor-element-3ba876f5 elementor-section-stretched elementor-section-boxed elementor-section-height-default elementor-section-height-default\" data-id=\"3ba876f5\" data-element_type=\"section\" data-e-type=\"section\" data-settings=\"{&quot;stretch_section&quot;:&quot;section-stretched&quot;,&quot;background_background&quot;:&quot;classic&quot;}\">\n\t\t\t\t\t\t<div class=\"elementor-container elementor-column-gap-default\">\n\t\t\t\t\t<div class=\"elementor-column elementor-col-100 elementor-top-column elementor-element elementor-element-25c77bd4 elementor-invisible\" data-id=\"25c77bd4\" data-element_type=\"column\" data-e-type=\"column\" data-settings=\"{&quot;background_background&quot;:&quot;classic&quot;,&quot;animation&quot;:&quot;fadeIn&quot;}\">\n\t\t\t<div class=\"elementor-widget-wrap elementor-element-populated\">\n\t\t\t\t\t<div class=\"elementor-background-overlay\"><\/div>\n\t\t\t\t\t\t<div class=\"elementor-element elementor-element-4281d69f elementor-widget elementor-widget-heading\" data-id=\"4281d69f\" data-element_type=\"widget\" data-e-type=\"widget\" data-widget_type=\"heading.default\">\n\t\t\t\t<div class=\"elementor-widget-container\">\n\t\t\t\t\t<h2 class=\"elementor-heading-title elementor-size-default\">Index<\/h2>\t\t\t\t<\/div>\n\t\t\t\t<\/div>\n\t\t\t\t<div class=\"elementor-element elementor-element-3c62332b elementor-widget elementor-widget-text-editor\" data-id=\"3c62332b\" data-element_type=\"widget\" data-e-type=\"widget\" data-widget_type=\"text-editor.default\">\n\t\t\t\t<div class=\"elementor-widget-container\">\n\t\t\t\t\t\t\t\t\t<ol><li><h6><a href=\"#rent\">Louer un camping-car en Algarve : Guide complet 2026<\/a><\/h6><\/li><li><h6><a href=\"#why\">Pourquoi l&rsquo;Algarve est id\u00e9ale pour un voyage en camping-car<\/a><\/h6><\/li><li><h6><a href=\"#legal\">O\u00f9 pouvez-vous s\u00e9journer l\u00e9galement avec un camping-car au Portugal ?<\/a><\/h6><\/li><li><h6><a href=\"#options\">Les meilleures options pour passer la nuit &#8211; Campings de l&rsquo;Algarve et plus encore<\/a><\/h6><\/li><li><h6><a href=\"#7days\">Exemple de voyage en camping-car de 7 jours en Algarve<\/a><\/h6><\/li><li><h6><a href=\"#who\">A qui s&rsquo;adresse la location de camping-cars en Algarve ?<\/a><\/h6><\/li><li><h6><a href=\"#practical\">Conseils pratiques pour la location d&rsquo;un camping-car en Algarve<\/a><\/h6><\/li><li><h6><a href=\"#faq\">FAQ &#8211; Louer un camping-car en Algarve (2026)<\/a><\/h6><\/li><li><h6><a href=\"#ready\">Pr\u00eat \u00e0 louer un camping-car en Algarve ?<\/a><\/h6><\/li><\/ol>\t\t\t\t\t\t\t\t<\/div>\n\t\t\t\t<\/div>\n\t\t\t\t\t<\/div>\n\t\t<\/div>\n\t\t\t\t\t<\/div>\n\t\t<\/section>\n\t\t\t\t<section class=\"elementor-section elementor-top-section elementor-element elementor-element-5725c04d elementor-section-stretched elementor-section-boxed elementor-section-height-default elementor-section-height-default\" data-id=\"5725c04d\" data-element_type=\"section\" data-e-type=\"section\" data-settings=\"{&quot;stretch_section&quot;:&quot;section-stretched&quot;,&quot;background_background&quot;:&quot;classic&quot;}\">\n\t\t\t\t\t\t<div class=\"elementor-container elementor-column-gap-default\">\n\t\t\t\t\t<div class=\"elementor-column elementor-col-100 elementor-top-column elementor-element elementor-element-b4fff93\" data-id=\"b4fff93\" data-element_type=\"column\" data-e-type=\"column\">\n\t\t\t<div class=\"elementor-widget-wrap elementor-element-populated\">\n\t\t\t\t\t\t<div class=\"elementor-element elementor-element-5396b5a elementor-widget elementor-widget-heading\" data-id=\"5396b5a\" data-element_type=\"widget\" data-e-type=\"widget\" id=\"rent\" data-widget_type=\"heading.default\">\n\t\t\t\t<div class=\"elementor-widget-container\">\n\t\t\t\t\t<h2 class=\"elementor-heading-title elementor-size-default\">Louer un camping-car en Algarve : Guide complet 2026<\/h2>\t\t\t\t<\/div>\n\t\t\t\t<\/div>\n\t\t\t\t<div class=\"elementor-element elementor-element-14676157 elementor-widget elementor-widget-text-editor\" data-id=\"14676157\" data-element_type=\"widget\" data-e-type=\"widget\" data-widget_type=\"text-editor.default\">\n\t\t\t\t<div class=\"elementor-widget-container\">\n\t\t\t\t\t\t\t\t\t<p data-start=\"571\" data-end=\"822\">Vous vous demandez si vous devriez <strong data-start=\"594\" data-end=\"622\">louer un camping-car en Algarve<\/strong> pour vos prochaines vacances ?<br data-start=\"645\" data-end=\"648\">Si vous aimez la libert\u00e9, la nature et la d\u00e9couverte de plages cach\u00e9es \u00e0 votre propre rythme, un <strong data-start=\"728\" data-end=\"759\">voyage en camping-car en<a href=\"https:\/\/en.wikipedia.org\/wiki\/Algarve\" target=\"_blank\" rel=\"noopener\">Algarve<\/a><\/strong> est probablement la meilleure fa\u00e7on de d\u00e9couvrir le sud ensoleill\u00e9 du Portugal.<\/p><p data-start=\"824\" data-end=\"1141\">Dans ce guide, vous trouverez tout ce qu&rsquo;il faut savoir : quand partir, o\u00f9 dormir l\u00e9galement, combien cela co\u00fbte, les meilleurs campings <strong data-start=\"943\" data-end=\"968\">de l&rsquo;Algarve<\/strong> et pourquoi les petits camping-cars (comme ceux d&rsquo;<a class=\"decorated-link\" href=\"https:\/\/oceancamper.com\/fr\/\" target=\"_new\" rel=\"noopener\" data-start=\"1015\" data-end=\"1063\">Ocean Camper \u00e0 Faro<\/a>) sont parfaits pour les couples et les amis.<\/p>\t\t\t\t\t\t\t\t<\/div>\n\t\t\t\t<\/div>\n\t\t\t\t\t<\/div>\n\t\t<\/div>\n\t\t\t\t\t<\/div>\n\t\t<\/section>\n\t\t\t\t<section class=\"elementor-section elementor-top-section elementor-element elementor-element-5f64d86a elementor-section-stretched elementor-section-boxed elementor-section-height-default elementor-section-height-default\" data-id=\"5f64d86a\" data-element_type=\"section\" data-e-type=\"section\" data-settings=\"{&quot;stretch_section&quot;:&quot;section-stretched&quot;,&quot;background_background&quot;:&quot;classic&quot;}\">\n\t\t\t\t\t\t<div class=\"elementor-container elementor-column-gap-default\">\n\t\t\t\t\t<div class=\"elementor-column elementor-col-100 elementor-top-column elementor-element elementor-element-7850743\" data-id=\"7850743\" data-element_type=\"column\" data-e-type=\"column\">\n\t\t\t<div class=\"elementor-widget-wrap elementor-element-populated\">\n\t\t\t\t\t\t<div class=\"elementor-element elementor-element-7e86ff1e elementor-widget elementor-widget-image\" data-id=\"7e86ff1e\" data-element_type=\"widget\" data-e-type=\"widget\" data-widget_type=\"image.default\">\n\t\t\t\t<div class=\"elementor-widget-container\">\n\t\t\t\t\t\t\t\t\t\t\t\t\t\t\t<img decoding=\"async\" src=\"https:\/\/oceancamper.com\/wp-content\/uploads\/elementor\/thumbs\/Captura-de-ecra-2025-02-14-162039-r1i307x07qng73j3ieon1mh48p4k9pvn1uwcqwx4z4.jpg\" title=\"Louez un camping-car en Algarve &#8211; Explorez avec Ocean Camper\" alt=\"Louez un camping-car en Algarve avec Ocean Camper - explorez les plages, les falaises et les routes c\u00f4ti\u00e8res du sud du Portugal.\" loading=\"lazy\" \/>\t\t\t\t\t\t\t\t\t\t\t\t\t\t\t<\/div>\n\t\t\t\t<\/div>\n\t\t\t\t<div class=\"elementor-element elementor-element-6893e7ca elementor-widget elementor-widget-heading\" data-id=\"6893e7ca\" data-element_type=\"widget\" data-e-type=\"widget\" id=\"why\" data-widget_type=\"heading.default\">\n\t\t\t\t<div class=\"elementor-widget-container\">\n\t\t\t\t\t<h2 class=\"elementor-heading-title elementor-size-default\">Pourquoi l'Algarve est id\u00e9ale pour un voyage en camping-car<\/h2>\t\t\t\t<\/div>\n\t\t\t\t<\/div>\n\t\t\t\t<div class=\"elementor-element elementor-element-5e807cf4 elementor-widget elementor-widget-text-editor\" data-id=\"5e807cf4\" data-element_type=\"widget\" data-e-type=\"widget\" data-widget_type=\"text-editor.default\">\n\t\t\t\t<div class=\"elementor-widget-container\">\n\t\t\t\t\t\t\t\t\t<h5 data-start=\"1200\" data-end=\"1236\">Plus de 300 jours de soleil par an<\/h5><p data-start=\"1238\" data-end=\"1401\">L&rsquo;Algarve est l&rsquo;une des r\u00e9gions les plus ensoleill\u00e9es d&rsquo;Europe, avec <strong data-start=\"1292\" data-end=\"1360\">plus de 300 jours de soleil et environ 3 000 heures d&rsquo;ensoleillement par an<\/strong>.<\/p><p data-start=\"1403\" data-end=\"1414\">En d&rsquo;autres termes :<\/p><ul><li data-start=\"1418\" data-end=\"1468\">Des hivers doux &#8211; id\u00e9al pour des voyages tranquilles hors saison<\/li><li data-start=\"1471\" data-end=\"1541\">Des \u00e9t\u00e9s chauds et secs &#8211; parfaits pour la vie \u00e0 la plage et les longues soir\u00e9es \u00e0 l&rsquo;ext\u00e9rieur.<\/li><li data-start=\"1544\" data-end=\"1617\">Printemps et automne agr\u00e9ables &#8211; moins de monde, id\u00e9al pour la randonn\u00e9e et le surf.<\/li><\/ul><p data-start=\"1619\" data-end=\"1670\">Pour la vie en camping-car, ce climat est presque id\u00e9al.<\/p><hr data-start=\"1672\" data-end=\"1675\"><h5 data-start=\"1677\" data-end=\"1717\">Une grande vari\u00e9t\u00e9 dans une petite r\u00e9gion<\/h5><p data-start=\"1719\" data-end=\"1776\">A une distance relativement courte en voiture, vous pouvez vous rendre :<\/p><ul><li data-start=\"1780\" data-end=\"1861\"><strong data-start=\"1780\" data-end=\"1800\">Des plages paradisiaques<\/strong> comme Barril et Barrinha, avec de longues dunes et des lagunes calmes.<\/li><li data-start=\"1864\" data-end=\"1947\">Le <strong data-start=\"1868\" data-end=\"1896\">parc naturel de Ria Formosa<\/strong>, avec ses oiseaux, ses coquillages et sa vie traditionnelle de p\u00eacheur.<\/li><li data-start=\"1950\" data-end=\"2014\">Falaises et grottes impressionnantes pr\u00e8s de Lagos, Portim\u00e3o et Albufeira<\/li><li data-start=\"2017\" data-end=\"2098\">La c\u00f4te ouest sauvage de la <strong data-start=\"2044\" data-end=\"2063\">Costa Vicentina<\/strong>, id\u00e9ale pour le surf et les couchers de soleil.<\/li><li data-start=\"2101\" data-end=\"2218\">Les montagnes int\u00e9rieures autour de Monchique avec des for\u00eats, des points de vue et des chutes d&rsquo;eau<\/li><\/ul><p data-start=\"2220\" data-end=\"2324\">Avec un camping-car, vous pouvez vous r\u00e9veiller au bord de l&rsquo;oc\u00e9an un jour et dans les collines le lendemain, sans changer d&rsquo;h\u00f4tel.<\/p><hr data-start=\"2326\" data-end=\"2329\"><h5 data-start=\"2331\" data-end=\"2386\">\u00c9conomisez de l&rsquo;argent : un seul prix pour le v\u00e9hicule et l&rsquo;h\u00e9bergement<\/h5><p data-start=\"2388\" data-end=\"2424\">Un jour f\u00e9ri\u00e9 traditionnel signifie g\u00e9n\u00e9ralement :<\/p><ul><li data-start=\"2428\" data-end=\"2448\">H\u00f4tel ou appartement<\/li><li data-start=\"2451\" data-end=\"2463\">Voiture de location<\/li><li data-start=\"2466\" data-end=\"2497\">Transferts a\u00e9roportuaires (parfois)<\/li><\/ul><p data-start=\"2499\" data-end=\"2572\">Avec la <strong data-start=\"2504\" data-end=\"2530\">location de camping-cars en Algarve<\/strong>, votre v\u00e9hicule est aussi votre h\u00e9bergement :<\/p><ul><li data-start=\"2576\" data-end=\"2604\">1 prix journalier au lieu de 2<\/li><li data-start=\"2607\" data-end=\"2654\">Cuisine \u00e0 bord &#8211; vous pouvez cuisiner quand vous le souhaitez<\/li><li data-start=\"2657\" data-end=\"2690\">Pas d&#8217;emballage ni de d\u00e9ballage r\u00e9p\u00e9t\u00e9s<\/li><li data-start=\"2693\" data-end=\"2723\">Pas de stress li\u00e9 \u00e0 l&rsquo;enregistrement ou au d\u00e9part<\/li><\/ul><p data-start=\"2725\" data-end=\"2964\">Les petits camping-cars bien \u00e9quip\u00e9s d&rsquo;<strong data-start=\"2762\" data-end=\"2778\">Ocean Camper<\/strong> sont con\u00e7us exactement pour cela : simples, fonctionnels et \u00e9conomiques, ils sont faits pour deux personnes et enti\u00e8rement \u00e9quip\u00e9s pour cuisiner, dormir et se d\u00e9tendre.<\/p><hr data-start=\"2966\" data-end=\"2969\"><h5 data-start=\"2971\" data-end=\"3000\">Libert\u00e9 et flexibilit\u00e9<\/h5><p data-start=\"3002\" data-end=\"3071\">Lorsque vous <strong data-start=\"3011\" data-end=\"3039\">louez un camping-car en Algarve<\/strong>, vous voyagez \u00e0 votre propre rythme :<\/p><ul><li data-start=\"3075\" data-end=\"3124\">Si le surf est bon sur la c\u00f4te ouest, vous y allez.<\/li><li data-start=\"3127\" data-end=\"3194\">S&rsquo;il y a du vent, vous allez sur la c\u00f4te sud ou \u00e0 Ria Formosa.<\/li><li data-start=\"3197\" data-end=\"3237\">Si vous aimez un endroit, vous y restez plus longtemps.<\/li><li data-start=\"3240\" data-end=\"3275\">Si ce n&rsquo;est pas le cas, vous partez apr\u00e8s le petit-d\u00e9jeuner.<\/li><\/ul><p data-start=\"3277\" data-end=\"3371\">Vous n&rsquo;\u00eates pas li\u00e9 \u00e0 une seule ville ou \u00e0 un seul h\u00f4tel. Avec un camping-car, toute la r\u00e9gion devient votre terrain de jeu. <\/p><hr data-start=\"3373\" data-end=\"3376\"><h5 data-start=\"3378\" data-end=\"3424\">Plus proche de la nature, plus de moments m\u00e9morables<\/h5><p data-start=\"3426\" data-end=\"3512\">Certains des meilleurs souvenirs d&rsquo;un <strong data-start=\"3460\" data-end=\"3491\">voyage en camping-car en Algarve<\/strong> sont les plus simples :<\/p><ul><li data-start=\"3516\" data-end=\"3555\">Petit-d\u00e9jeuner avec lever de soleil sur l&rsquo;oc\u00e9an<\/li><li data-start=\"3558\" data-end=\"3591\">Observer les \u00e9toiles loin des lumi\u00e8res de la ville<\/li><li data-start=\"3594\" data-end=\"3634\">Cuisiner du poisson frais provenant d&rsquo;un march\u00e9 local<\/li><li data-start=\"3637\" data-end=\"3701\">Boire un caf\u00e9 pendant que les flamants roses se prom\u00e8nent \u00e0 proximit\u00e9 dans la <a href=\"https:\/\/en.wikipedia.org\/wiki\/Ria_Formosa\" target=\"_blank\" rel=\"noopener\">Ria Formosa<\/a><\/li><li data-start=\"3704\" data-end=\"3760\">\u00c9couter le bruit des vagues en s&rsquo;endormant<\/li><\/ul><p data-start=\"3762\" data-end=\"3808\">Les h\u00f4tels ne peuvent pas vraiment rivaliser avec ce sentiment.<\/p>\t\t\t\t\t\t\t\t<\/div>\n\t\t\t\t<\/div>\n\t\t\t\t\t<\/div>\n\t\t<\/div>\n\t\t\t\t\t<\/div>\n\t\t<\/section>\n\t\t\t\t<section class=\"elementor-section elementor-top-section elementor-element elementor-element-7fdf240d elementor-section-stretched elementor-section-boxed elementor-section-height-default elementor-section-height-default\" data-id=\"7fdf240d\" data-element_type=\"section\" data-e-type=\"section\" id=\"overnight\" data-settings=\"{&quot;stretch_section&quot;:&quot;section-stretched&quot;,&quot;background_background&quot;:&quot;classic&quot;}\">\n\t\t\t\t\t\t<div class=\"elementor-container elementor-column-gap-default\">\n\t\t\t\t\t<div class=\"elementor-column elementor-col-100 elementor-top-column elementor-element elementor-element-3bd24249\" data-id=\"3bd24249\" data-element_type=\"column\" data-e-type=\"column\">\n\t\t\t<div class=\"elementor-widget-wrap elementor-element-populated\">\n\t\t\t\t\t\t<div class=\"elementor-element elementor-element-18d25a29 elementor-widget elementor-widget-image\" data-id=\"18d25a29\" data-element_type=\"widget\" data-e-type=\"widget\" data-widget_type=\"image.default\">\n\t\t\t\t<div class=\"elementor-widget-container\">\n\t\t\t\t\t\t\t\t\t\t\t\t\t\t\t<img decoding=\"async\" src=\"https:\/\/oceancamper.com\/wp-content\/uploads\/elementor\/thumbs\/image00033-min-scaled-r1hzacqgw5ecqbz871kefwkum6xp1jftna5x99el4g.jpeg\" title=\"Louer un camping-car en Algarve &#8211; Ocean Camper Sunset View\" alt=\"Ocean Camper van gar\u00e9 sur les falaises de l&#039;Algarve au coucher du soleil - louez un camping-car au Portugal pour des aventures c\u00f4ti\u00e8res pittoresques.\" loading=\"lazy\" \/>\t\t\t\t\t\t\t\t\t\t\t\t\t\t\t<\/div>\n\t\t\t\t<\/div>\n\t\t\t\t<div class=\"elementor-element elementor-element-6d0acc0b elementor-widget elementor-widget-heading\" data-id=\"6d0acc0b\" data-element_type=\"widget\" data-e-type=\"widget\" id=\"legal\" data-widget_type=\"heading.default\">\n\t\t\t\t<div class=\"elementor-widget-container\">\n\t\t\t\t\t<h2 class=\"elementor-heading-title elementor-size-default\">O\u00f9 pouvez-vous s\u00e9journer l\u00e9galement avec un camping-car au Portugal ?<\/h2>\t\t\t\t<\/div>\n\t\t\t\t<\/div>\n\t\t\t\t<div class=\"elementor-element elementor-element-5ffe559e elementor-widget elementor-widget-text-editor\" data-id=\"5ffe559e\" data-element_type=\"widget\" data-e-type=\"widget\" data-widget_type=\"text-editor.default\">\n\t\t\t\t<div class=\"elementor-widget-container\">\n\t\t\t\t\t\t\t\t\t<p data-start=\"3876\" data-end=\"3986\">Le Portugal a modifi\u00e9 sa l\u00e9gislation sur les camping-cars et le camping au cours des derni\u00e8res ann\u00e9es. Voici la version courte et pr\u00e9cise pour 2026. <\/p><h5 data-start=\"3988\" data-end=\"4010\">La r\u00e8gle des 48 heures<\/h5><p data-start=\"4012\" data-end=\"4298\">La loi 66\/2021 a introduit la <strong data-start=\"4049\" data-end=\"4065\">r\u00e8gle<\/strong> dite <strong data-start=\"4049\" data-end=\"4065\">des 48 heures<\/strong>: en dehors des zones prot\u00e9g\u00e9es et des zones c\u00f4ti\u00e8res r\u00e9glement\u00e9es, vous pouvez passer la nuit dans votre camping-car pendant <strong data-start=\"4160\" data-end=\"4203\">48 heures au maximum dans la m\u00eame municipalit\u00e9<\/strong>, tant qu&rsquo;il n&rsquo;y a pas d&rsquo;arr\u00eat\u00e9 local stipulant le contraire.  <\/p><p data-start=\"4300\" data-end=\"4380\">Toutefois, le <strong data-start=\"4309\" data-end=\"4325\">camping sauvage<\/strong> (installation d&rsquo;un campement dans la nature) est toujours <strong data-start=\"4363\" data-end=\"4376\">interdit<\/strong> dans le pays :<\/p><ul><li data-start=\"4384\" data-end=\"4403\">Zones Natura 2000<\/li><li data-start=\"4406\" data-end=\"4444\">Parcs naturels prot\u00e9g\u00e9s et r\u00e9serves<\/li><li data-start=\"4447\" data-end=\"4557\">Zones couvertes par des plans de gestion c\u00f4ti\u00e8re (nombreuses plages et falaises)<\/li><\/ul><p data-start=\"4559\" data-end=\"4663\">Les amendes pour camping ill\u00e9gal sont g\u00e9n\u00e9ralement comprises entre <strong data-start=\"4605\" data-end=\"4622\">120 et 600 euros.<\/strong><\/p><p data-start=\"4665\" data-end=\"4900\">Autre point tr\u00e8s important : sur les parkings et les routes publiques, vous ne <strong data-start=\"4719\" data-end=\"4754\">pouvez pas vous comporter comme un campeur<\/strong>, c&rsquo;est-\u00e0-dire qu&rsquo;il est interdit d&rsquo;installer des chaises, des tables, des auvents ou des barbecues \u00e0 l&rsquo;ext\u00e9rieur du v\u00e9hicule. Seuls le stationnement et le couchage \u00e0 l&rsquo;int\u00e9rieur sont autoris\u00e9s.<\/p><p data-start=\"4902\" data-end=\"5117\">Pour une explication compl\u00e8te et toujours actualis\u00e9e, consultez le guide juridique d&rsquo;Ocean Camper :<br data-start=\"4973\" data-end=\"4976\">\ud83d\udc49 <strong data-start=\"4979\" data-end=\"5077\"><a class=\"decorated-link\" href=\"https:\/\/oceancamper.com\/camping-rules-in-portugal\/?utm_source=chatgpt.com\" target=\"_new\" rel=\"noopener\" data-start=\"4981\" data-end=\"5075\">Camping sauvage et r\u00e8gles du camping au Portugal<\/a><\/strong><\/p>\t\t\t\t\t\t\t\t<\/div>\n\t\t\t\t<\/div>\n\t\t\t\t\t<\/div>\n\t\t<\/div>\n\t\t\t\t\t<\/div>\n\t\t<\/section>\n\t\t\t\t<section class=\"elementor-section elementor-top-section elementor-element elementor-element-2948c3a6 elementor-section-stretched elementor-section-boxed elementor-section-height-default elementor-section-height-default\" data-id=\"2948c3a6\" data-element_type=\"section\" data-e-type=\"section\" data-settings=\"{&quot;stretch_section&quot;:&quot;section-stretched&quot;,&quot;background_background&quot;:&quot;classic&quot;}\">\n\t\t\t\t\t\t<div class=\"elementor-container elementor-column-gap-default\">\n\t\t\t\t\t<div class=\"elementor-column elementor-col-100 elementor-top-column elementor-element elementor-element-2514b163\" data-id=\"2514b163\" data-element_type=\"column\" data-e-type=\"column\">\n\t\t\t<div class=\"elementor-widget-wrap elementor-element-populated\">\n\t\t\t\t\t\t<div class=\"elementor-element elementor-element-7544949e elementor-widget elementor-widget-heading\" data-id=\"7544949e\" data-element_type=\"widget\" data-e-type=\"widget\" id=\"options\" data-widget_type=\"heading.default\">\n\t\t\t\t<div class=\"elementor-widget-container\">\n\t\t\t\t\t<h2 class=\"elementor-heading-title elementor-size-default\">Les meilleures options pour passer la nuit - Campings de l'Algarve et plus encore<\/h2>\t\t\t\t<\/div>\n\t\t\t\t<\/div>\n\t\t\t\t<div class=\"elementor-element elementor-element-5e2ef057 elementor-widget__width-initial elementor-widget elementor-widget-text-editor\" data-id=\"5e2ef057\" data-element_type=\"widget\" data-e-type=\"widget\" data-widget_type=\"text-editor.default\">\n\t\t\t\t<div class=\"elementor-widget-container\">\n\t\t\t\t\t\t\t\t\t<div id=\"model-response-message-contentr_b3692dd737832662\" class=\"markdown markdown-main-panel\" dir=\"ltr\"><h5 data-start=\"5192\" data-end=\"5243\">1. Campings officiels de l&rsquo;Algarve (campings)<\/h5><p data-start=\"5245\" data-end=\"5359\">L&rsquo;Algarve compte des <strong data-start=\"5261\" data-end=\"5302\">dizaines de campings et de parcs de vacances<\/strong> r\u00e9partis le long de la c\u00f4te et \u00e0 l&rsquo;int\u00e9rieur des terres. Ils offrent g\u00e9n\u00e9ralement :<\/p><ul><li data-start=\"5363\" data-end=\"5386\">Toilettes et douches chaudes<\/li><li data-start=\"5389\" data-end=\"5410\">Branchements \u00e9lectriques<\/li><li data-start=\"5413\" data-end=\"5444\">Aires de lavage de la vaisselle et de la lessive<\/li><li data-start=\"5447\" data-end=\"5540\">Parfois des piscines, des restaurants, des sup\u00e9rettes et le Wi-Fi.<\/li><\/ul><p data-start=\"5542\" data-end=\"5695\">Les prix typiques pour un camping-car + 2 personnes sont d&rsquo;environ <strong data-start=\"5595\" data-end=\"5616\">20 \u00e0 30 \u20ac par nuit<\/strong>, en fonction de la saison et des \u00e9quipements.  <\/p><p data-start=\"5697\" data-end=\"5947\">Pour vous faciliter la vie, Ocean Camper a pr\u00e9par\u00e9 une liste tri\u00e9e sur le volet des meilleurs <strong data-start=\"5776\" data-end=\"5801\">campings de l&rsquo;Algarve<\/strong> avec photos, avantages et inconv\u00e9nients et localisation GPS :<br data-start=\"5845\" data-end=\"5848\">\ud83d\udc49 <strong data-start=\"5851\" data-end=\"5945\"><a class=\"decorated-link\" href=\"https:\/\/oceancamper.com\/fr\/camping-algarve\/?utm_source=chatgpt.com\" target=\"_new\" rel=\"noopener\" data-start=\"5853\" data-end=\"5943\">Meilleurs campings en Algarve 2026<\/a><\/strong><\/p><hr data-start=\"5949\" data-end=\"5952\"><h5 data-start=\"5954\" data-end=\"5990\">2. Aires de camping-cars<\/h5><p data-start=\"5992\" data-end=\"6024\">Aires de service pour camping-cars (aires) :<\/p><ul><li data-start=\"6028\" data-end=\"6078\">Ils sont souvent moins chers et plus simples que les grands campings.<\/li><li data-start=\"6081\" data-end=\"6131\">Proposez une recharge d&rsquo;eau et une \u00e9vacuation des eaux grises\/noires<\/li><li data-start=\"6134\" data-end=\"6180\">Ils disposent parfois de l&rsquo;\u00e9lectricit\u00e9 et de toilettes de base.<\/li><\/ul><p data-start=\"6182\" data-end=\"6277\">Ils sont parfaits pour une ou deux nuits lorsque vous visitez la r\u00e9gion et que vous souhaitez quelque chose de pratique et de l\u00e9gal.<\/p><hr data-start=\"6279\" data-end=\"6282\"><h5 data-start=\"6284\" data-end=\"6330\">3. Mini-campings priv\u00e9s et s\u00e9jours \u00e0 la ferme<\/h5><p data-start=\"6332\" data-end=\"6508\">De plus en plus de petites propri\u00e9t\u00e9s rurales, de fermes \u00e9cologiques et de vignobles accueillent quelques camping-cars sur leur terrain. Vous les trouverez sur des plateformes comme Campspace ou par le biais de recommandations locales. <\/p><p data-start=\"6510\" data-end=\"6530\">Parfait si vous le souhaitez :<\/p><ul><li data-start=\"6534\" data-end=\"6552\">Moins de voisins<\/li><li data-start=\"6555\" data-end=\"6577\">Nuits calmes et \u00e9toil\u00e9es<\/li><li data-start=\"6580\" data-end=\"6612\">Contact avec la population locale et la nature<\/li><\/ul><\/div>\t\t\t\t\t\t\t\t<\/div>\n\t\t\t\t<\/div>\n\t\t\t\t\t<\/div>\n\t\t<\/div>\n\t\t\t\t\t<\/div>\n\t\t<\/section>\n\t\t\t\t<section class=\"elementor-section elementor-top-section elementor-element elementor-element-5f11b1b elementor-section-stretched elementor-section-boxed elementor-section-height-default elementor-section-height-default\" data-id=\"5f11b1b\" data-element_type=\"section\" data-e-type=\"section\" data-settings=\"{&quot;stretch_section&quot;:&quot;section-stretched&quot;,&quot;background_background&quot;:&quot;classic&quot;}\">\n\t\t\t\t\t\t<div class=\"elementor-container elementor-column-gap-default\">\n\t\t\t\t\t<div class=\"elementor-column elementor-col-100 elementor-top-column elementor-element elementor-element-afb4e33\" data-id=\"afb4e33\" data-element_type=\"column\" data-e-type=\"column\">\n\t\t\t<div class=\"elementor-widget-wrap elementor-element-populated\">\n\t\t\t\t\t\t<div class=\"elementor-element elementor-element-2668158 elementor-widget elementor-widget-image\" data-id=\"2668158\" data-element_type=\"widget\" data-e-type=\"widget\" data-widget_type=\"image.default\">\n\t\t\t\t<div class=\"elementor-widget-container\">\n\t\t\t\t\t\t\t\t\t\t\t\t\t\t\t<img decoding=\"async\" src=\"https:\/\/oceancamper.com\/wp-content\/uploads\/elementor\/thumbs\/campervan-road-trip-portugal-mountain-view-rep9cnp61dcvgmd3ymzgcgnzu950p03axmm9h9yfe8.jpg\" title=\"Campervan Road Trip Portugal &#8211; Vue de la montagne\" alt=\"Camping-car rouge gar\u00e9 sur une route de montagne avec une vue panoramique sur les vall\u00e9es et les for\u00eats portugaises par une journ\u00e9e ensoleill\u00e9e.\" loading=\"lazy\" \/>\t\t\t\t\t\t\t\t\t\t\t\t\t\t\t<\/div>\n\t\t\t\t<\/div>\n\t\t\t\t<div class=\"elementor-element elementor-element-be61a49 elementor-widget elementor-widget-heading\" data-id=\"be61a49\" data-element_type=\"widget\" data-e-type=\"widget\" id=\"7days\" data-widget_type=\"heading.default\">\n\t\t\t\t<div class=\"elementor-widget-container\">\n\t\t\t\t\t<h2 class=\"elementor-heading-title elementor-size-default\">Exemple de voyage en camping-car de 7 jours en Algarve<\/h2>\t\t\t\t<\/div>\n\t\t\t\t<\/div>\n\t\t\t\t<div class=\"elementor-element elementor-element-eb1525f elementor-widget__width-initial elementor-widget elementor-widget-text-editor\" data-id=\"eb1525f\" data-element_type=\"widget\" data-e-type=\"widget\" data-widget_type=\"text-editor.default\">\n\t\t\t\t<div class=\"elementor-widget-container\">\n\t\t\t\t\t\t\t\t\t<div id=\"model-response-message-contentr_b3692dd737832662\" class=\"markdown markdown-main-panel\" dir=\"ltr\"><p data-start=\"6667\" data-end=\"6730\">Voici un itin\u00e9raire compact et r\u00e9aliste qui commence et se termine \u00e0 Faro.<\/p><p data-start=\"6732\" data-end=\"6896\"><strong data-start=\"6732\" data-end=\"6764\">Jour 1-2 &#8211; Faro et Ria Formosa<\/strong><br data-start=\"6764\" data-end=\"6767\">Prenez votre camping-car \u00e0 Faro, explorez la vieille ville et conduisez jusqu&rsquo;aux \u00eeles de Ria Formosa (plage de Faro, Culatra, \u00eele du D\u00e9sert).<\/p><p data-start=\"6898\" data-end=\"7056\"><strong data-start=\"6898\" data-end=\"6934\">Jour 3 &#8211; Tavira et l&rsquo;est de l&rsquo;Algarve<\/strong><br data-start=\"6934\" data-end=\"6937\">Visitez Tavira, Cacela Velha et les bancs de sable autour de Santa Luzia. Dormez pr\u00e8s de l&rsquo;un des campings de l&rsquo;est de l&rsquo;Algarve.<\/p><p data-start=\"7058\" data-end=\"7151\"><strong data-start=\"7058\" data-end=\"7094\">Jour 4 &#8211; Lagos et Ponta da Piedade<\/strong><br data-start=\"7094\" data-end=\"7097\">Vous vous dirigez vers l&rsquo;ouest en direction de Lagos pour d\u00e9couvrir les falaises, les grottes et la vie citadine.<\/p><p data-start=\"7153\" data-end=\"7310\"><strong data-start=\"7153\" data-end=\"7191\">Jour 5-6 &#8211; Costa Vicentina et Sagres<\/strong><br data-start=\"7191\" data-end=\"7194\">Surfez ou d\u00e9tendez-vous \u00e0 Arrifana, Amado, Bordeira, Monte Cl\u00e9rigo ou Sagres &#8211; quelques-unes des plages de surf les plus embl\u00e9matiques du Portugal.<\/p><p data-start=\"7312\" data-end=\"7481\"><strong data-start=\"7312\" data-end=\"7372\">Jour 7 &#8211; Monchique \u00e0 l&rsquo;int\u00e9rieur des terres ou retour \u00e0 travers la campagne<\/strong><br data-start=\"7372\" data-end=\"7375\">Terminez votre <strong data-start=\"7387\" data-end=\"7418\">voyage en camping-car<\/strong> en <strong data-start=\"7387\" data-end=\"7418\">Algarve<\/strong> dans les montagnes pour profiter de l&rsquo;air frais et des vues, puis retournez \u00e0 Faro.<\/p><\/div>\t\t\t\t\t\t\t\t<\/div>\n\t\t\t\t<\/div>\n\t\t\t\t\t<\/div>\n\t\t<\/div>\n\t\t\t\t\t<\/div>\n\t\t<\/section>\n\t\t\t\t<section class=\"elementor-section elementor-top-section elementor-element elementor-element-a3b93c0 elementor-section-stretched elementor-section-boxed elementor-section-height-default elementor-section-height-default\" data-id=\"a3b93c0\" data-element_type=\"section\" data-e-type=\"section\" data-settings=\"{&quot;stretch_section&quot;:&quot;section-stretched&quot;,&quot;background_background&quot;:&quot;classic&quot;}\">\n\t\t\t\t\t\t<div class=\"elementor-container elementor-column-gap-default\">\n\t\t\t\t\t<div class=\"elementor-column elementor-col-100 elementor-top-column elementor-element elementor-element-89bf603\" data-id=\"89bf603\" data-element_type=\"column\" data-e-type=\"column\">\n\t\t\t<div class=\"elementor-widget-wrap elementor-element-populated\">\n\t\t\t\t\t\t<div class=\"elementor-element elementor-element-c7ca09d elementor-widget elementor-widget-heading\" data-id=\"c7ca09d\" data-element_type=\"widget\" data-e-type=\"widget\" id=\"who\" data-widget_type=\"heading.default\">\n\t\t\t\t<div class=\"elementor-widget-container\">\n\t\t\t\t\t<h2 class=\"elementor-heading-title elementor-size-default\">A qui s'adresse la location de camping-cars en Algarve ?<\/h2>\t\t\t\t<\/div>\n\t\t\t\t<\/div>\n\t\t\t\t<div class=\"elementor-element elementor-element-f1bc717 elementor-widget__width-initial elementor-widget elementor-widget-text-editor\" data-id=\"f1bc717\" data-element_type=\"widget\" data-e-type=\"widget\" data-widget_type=\"text-editor.default\">\n\t\t\t\t<div class=\"elementor-widget-container\">\n\t\t\t\t\t\t\t\t\t<div id=\"model-response-message-contentr_b3692dd737832662\" class=\"markdown markdown-main-panel\" dir=\"ltr\"><ul><li data-start=\"7535\" data-end=\"7611\"><strong data-start=\"7535\" data-end=\"7546\">Couples<\/strong> &#8211; voyages romantiques ou aventureux, dormir \u00e0 la belle \u00e9toile<\/li><li data-start=\"7614\" data-end=\"7660\"><strong data-start=\"7614\" data-end=\"7625\">Amis<\/strong> &#8211; surf, SUP, v\u00e9lo et randonn\u00e9es<\/li><li data-start=\"7663\" data-end=\"7731\"><strong data-start=\"7663\" data-end=\"7681\">Nomades num\u00e9riques<\/strong>: fuyez les hivers nordiques gr\u00e2ce \u00e0 la flexibilit\u00e9<\/li><li data-start=\"7734\" data-end=\"7791\"><strong data-start=\"7734\" data-end=\"7751\">Amoureux de la nature<\/strong> &#8211; randonn\u00e9e, observation des oiseaux, plages tranquilles<\/li><li data-start=\"7794\" data-end=\"7855\"><strong data-start=\"7794\" data-end=\"7815\">Voyageurs \u00e0 petit budget<\/strong> &#8211; plus d&rsquo;exp\u00e9riences, moins de frais d&rsquo;h\u00f4tel<\/li><li data-start=\"7857\" data-end=\"7927\">Les mini-campeurs d&rsquo;<strong data-start=\"7875\" data-end=\"7891\">Ocean Camper<\/strong> sont particuli\u00e8rement adapt\u00e9s aux personnes qui :<\/li><li data-start=\"7931\" data-end=\"8004\">Vous voulez un v\u00e9hicule facile \u00e0 conduire et \u00e0 garer (sur des places de parking normales).<\/li><li data-start=\"8007\" data-end=\"8036\">Pr\u00e9f\u00e9rez une faible consommation de carburant<\/li><li data-start=\"8039\" data-end=\"8218\">Conception simple mais intelligente, avec tout ce qui est inclus (lit, kit de cuisine, table, chaises, glaci\u00e8re\/r\u00e9frig\u00e9rateur, douche ext\u00e9rieure en option, etc.)<\/li><\/ul><\/div>\t\t\t\t\t\t\t\t<\/div>\n\t\t\t\t<\/div>\n\t\t\t\t\t<\/div>\n\t\t<\/div>\n\t\t\t\t\t<\/div>\n\t\t<\/section>\n\t\t\t\t<section class=\"elementor-section elementor-top-section elementor-element elementor-element-2a1cf7d elementor-section-stretched elementor-section-boxed elementor-section-height-default elementor-section-height-default\" data-id=\"2a1cf7d\" data-element_type=\"section\" data-e-type=\"section\" data-settings=\"{&quot;stretch_section&quot;:&quot;section-stretched&quot;,&quot;background_background&quot;:&quot;classic&quot;}\">\n\t\t\t\t\t\t<div class=\"elementor-container elementor-column-gap-default\">\n\t\t\t\t\t<div class=\"elementor-column elementor-col-100 elementor-top-column elementor-element elementor-element-ae04b8d\" data-id=\"ae04b8d\" data-element_type=\"column\" data-e-type=\"column\">\n\t\t\t<div class=\"elementor-widget-wrap elementor-element-populated\">\n\t\t\t\t\t\t<div class=\"elementor-element elementor-element-b945b07 elementor-widget elementor-widget-heading\" data-id=\"b945b07\" data-element_type=\"widget\" data-e-type=\"widget\" id=\"practical\" data-widget_type=\"heading.default\">\n\t\t\t\t<div class=\"elementor-widget-container\">\n\t\t\t\t\t<h2 class=\"elementor-heading-title elementor-size-default\">Conseils pratiques pour la location d'un camping-car en Algarve<\/h2>\t\t\t\t<\/div>\n\t\t\t\t<\/div>\n\t\t\t\t<div class=\"elementor-element elementor-element-11fa0e0 elementor-widget__width-initial elementor-widget elementor-widget-text-editor\" data-id=\"11fa0e0\" data-element_type=\"widget\" data-e-type=\"widget\" data-widget_type=\"text-editor.default\">\n\t\t\t\t<div class=\"elementor-widget-container\">\n\t\t\t\t\t\t\t\t\t<div id=\"model-response-message-contentr_b3692dd737832662\" class=\"markdown markdown-main-panel\" dir=\"ltr\"><ul><li data-start=\"8280\" data-end=\"8418\"><strong data-start=\"8280\" data-end=\"8316\">R\u00e9servez \u00e0 l&rsquo;avance pour juillet-ao\u00fbt.<\/strong>  En haute saison, les camping-cars et les campings peuvent afficher complet.  <\/li><li data-start=\"8421\" data-end=\"8514\"><strong data-start=\"8421\" data-end=\"8464\">\u00c9vitez d&rsquo;entrer en voiture dans les minuscules centres de villages<\/strong> aux rues \u00e9troites ; garez-vous \u00e0 la p\u00e9riph\u00e9rie et marchez.<\/li><li data-start=\"8517\" data-end=\"8658\"><strong data-start=\"8517\" data-end=\"8529\">Utilisez des applications<\/strong> telles que Park4Night ou des cartes sp\u00e9cifiques aux camping-cars pour trouver des lieux et des services l\u00e9gaux pour la nuit.<\/li><li data-start=\"8661\" data-end=\"8822\"><strong data-start=\"8661\" data-end=\"8712\">Respectez les panneaux \u00ab\u00a0no motorhome\u00a0\u00bb et \u00ab\u00a0no overnight\u00a0\u00bb<\/strong> &#8211; les amendes sont ch\u00e8res et les habitants en ont assez du camping sauvage ill\u00e9gal.<\/li><li data-start=\"8825\" data-end=\"8906\"><strong data-start=\"8825\" data-end=\"8849\">Emportez de l&rsquo;argent liquide et une carte.<\/strong>  Certains petits campings et fermes d&rsquo;accueil pr\u00e9f\u00e8rent encore l&rsquo;argent liquide.<\/li><li data-start=\"8909\" data-end=\"9015\"><strong data-start=\"8909\" data-end=\"8934\">Gardez la c\u00f4te propre.<\/strong>  Emportez toujours vos d\u00e9chets et ne jetez jamais d&rsquo;eaux us\u00e9es en dehors des installations officielles.<\/li><\/ul><\/div>\t\t\t\t\t\t\t\t<\/div>\n\t\t\t\t<\/div>\n\t\t\t\t\t<\/div>\n\t\t<\/div>\n\t\t\t\t\t<\/div>\n\t\t<\/section>\n\t\t\t\t<section class=\"elementor-section elementor-top-section elementor-element elementor-element-86a0163 elementor-section-stretched elementor-section-boxed elementor-section-height-default elementor-section-height-default\" data-id=\"86a0163\" data-element_type=\"section\" data-e-type=\"section\" data-settings=\"{&quot;stretch_section&quot;:&quot;section-stretched&quot;,&quot;background_background&quot;:&quot;classic&quot;}\">\n\t\t\t\t\t\t<div class=\"elementor-container elementor-column-gap-default\">\n\t\t\t\t\t<div class=\"elementor-column elementor-col-100 elementor-top-column elementor-element elementor-element-7acda91\" data-id=\"7acda91\" data-element_type=\"column\" data-e-type=\"column\">\n\t\t\t<div class=\"elementor-widget-wrap elementor-element-populated\">\n\t\t\t\t\t\t<div class=\"elementor-element elementor-element-2c85f9a elementor-widget elementor-widget-heading\" data-id=\"2c85f9a\" data-element_type=\"widget\" data-e-type=\"widget\" id=\"faq\" data-widget_type=\"heading.default\">\n\t\t\t\t<div class=\"elementor-widget-container\">\n\t\t\t\t\t<h2 class=\"elementor-heading-title elementor-size-default\">FAQ - Louer un camping-car en Algarve (2026)<\/h2>\t\t\t\t<\/div>\n\t\t\t\t<\/div>\n\t\t\t\t<div class=\"elementor-element elementor-element-363036c elementor-widget__width-initial elementor-widget elementor-widget-text-editor\" data-id=\"363036c\" data-element_type=\"widget\" data-e-type=\"widget\" data-widget_type=\"text-editor.default\">\n\t\t\t\t<div class=\"elementor-widget-container\">\n\t\t\t\t\t\t\t\t\t<div id=\"model-response-message-contentr_b3692dd737832662\" class=\"markdown markdown-main-panel\" dir=\"ltr\"><h5 data-start=\"9074\" data-end=\"9127\">La location d&rsquo;un camping-car en Algarve en vaut-elle la peine ?<\/h5><p data-start=\"9128\" data-end=\"9378\">Oui. Vous combinez le transport et l&rsquo;h\u00e9bergement, vous \u00e9conomisez de l&rsquo;argent par rapport \u00e0 une voiture + un h\u00f4tel, et vous avez la libert\u00e9 totale d&rsquo;explorer les plages, les villes et la nature \u00e0 votre propre rythme. Pour la plupart des voyageurs qui aiment la flexibilit\u00e9, la <strong data-start=\"9328\" data-end=\"9354\">location de camping-car en Algarve<\/strong> vaut vraiment le coup.  <\/p><h5 data-start=\"9380\" data-end=\"9425\">Le camping sauvage est-il autoris\u00e9 en Algarve ?<\/h5><p data-start=\"9426\" data-end=\"9780\">Le camping sauvage est <strong data-start=\"9442\" data-end=\"9455\">interdit<\/strong> dans les zones prot\u00e9g\u00e9es (Natura 2000, parcs naturels, nombreuses zones c\u00f4ti\u00e8res) et partout o\u00f9 des panneaux l&rsquo;interdisent. En dehors de ces zones, vous pouvez rester jusqu&rsquo;\u00e0 <strong data-start=\"9596\" data-end=\"9625\">48 heures par commune<\/strong> s&rsquo;il n&rsquo;y a pas de restriction locale et si vous ne vous comportez pas comme un campeur. Les amendes vont g\u00e9n\u00e9ralement de 120 \u00e0 600 euros.  <\/p><p data-start=\"9782\" data-end=\"9904\">Explication compl\u00e8te ici :<br data-start=\"9804\" data-end=\"9807\">\ud83d\udc49 <a class=\"decorated-link\" href=\"https:\/\/oceancamper.com\/camping-rules-in-portugal\/\" data-start=\"9810\" data-end=\"9904\">R\u00e8gles de camping et camping sauvage au Portugal<\/a><\/p><h5 data-start=\"9906\" data-end=\"9964\">O\u00f9 puis-je l\u00e9galement passer la nuit avec un camping-car ?<\/h5><ul><li data-start=\"9967\" data-end=\"10015\">Campings officiels de l <strong data-start=\"9976\" data-end=\"10001\">&lsquo;Algarve<\/strong> (campings)<\/li><li data-start=\"10018\" data-end=\"10043\">Aires de camping-car<\/li><li data-start=\"10046\" data-end=\"10078\">S\u00e9jours \u00e0 la ferme \/ \u00e9co-camps<\/li><li data-start=\"10081\" data-end=\"10147\">Certaines aires de stationnement d\u00e9sign\u00e9es pour la nuit (v\u00e9rifiez toujours les panneaux locaux)<\/li><\/ul><h5 data-start=\"10149\" data-end=\"10197\">Combien co\u00fbtent les campings en Algarve ?<\/h5><p data-start=\"10198\" data-end=\"10373\">La plupart des campings facturent environ <strong data-start=\"10227\" data-end=\"10248\">20 \u00e0 30 \u20ac par nuit<\/strong> pour un emplacement de camping-car pour 2 personnes, en fonction de la saison, des \u00e9quipements et de l&#8217;emplacement.  <\/p><p data-start=\"10375\" data-end=\"10504\">Pour conna\u00eetre nos adresses pr\u00e9f\u00e9r\u00e9es, consultez :<br data-start=\"10408\" data-end=\"10411\">\ud83d\udc49 <a class=\"decorated-link\" href=\"https:\/\/oceancamper.com\/camping-rules-in-portugal\/\" data-start=\"10414\" data-end=\"10504\">Camping Rules &amp; Wild Camping in Portugal (en<\/a> anglais).<\/p><h5 data-start=\"10506\" data-end=\"10557\">Les petits camping-cars disposent-ils de toilettes et de douches ?<\/h5><p data-start=\"10558\" data-end=\"10851\">Les minicaravanes comme celles d&rsquo;Ocean Camper n&rsquo;ont g\u00e9n\u00e9ralement pas de toilettes ou de douches int\u00e9gr\u00e9es. Au lieu de cela, vous utilisez les installations du camping ou vous ajoutez des options suppl\u00e9mentaires (toilettes portables, douche solaire). Les mini-camions restent ainsi compacts, plus faciles \u00e0 conduire et moins chers \u00e0 louer.  <\/p><h5 data-start=\"10853\" data-end=\"10904\">Est-il difficile de conduire un camping-car au Portugal ?<\/h5><p data-start=\"10905\" data-end=\"11092\">Non. L&rsquo;Algarve dispose de bonnes routes et d&rsquo;une signalisation claire. La conduite d&rsquo;un petit camping-car est similaire \u00e0 celle d&rsquo;une voiture normale et s&rsquo;adapte aux places de stationnement standard, ce qui est id\u00e9al pour les villages et les supermarch\u00e9s. <\/p><h5 data-start=\"11094\" data-end=\"11136\">Ai-je besoin d&rsquo;un permis de conduire sp\u00e9cial ?<\/h5><p data-start=\"11137\" data-end=\"11243\">Non. Un permis de conduire standard <strong data-start=\"11152\" data-end=\"11166\">de cat\u00e9gorie B<\/strong> suffit pour les camping-cars ordinaires de moins de 3 500 kg au Portugal.<\/p><h5 data-start=\"11245\" data-end=\"11298\">Qu&rsquo;est-ce qui est inclus lorsque je loue avec Ocean Camper ?<\/h5><p data-start=\"11299\" data-end=\"11311\">Typiquement :<\/p><ul><li data-start=\"11315\" data-end=\"11338\">Lit confortable pour 2 personnes<\/li><li data-start=\"11341\" data-end=\"11396\">\u00c9quipement de cuisine (cuisini\u00e8re, gaz, casseroles, vaisselle, couverts)<\/li><li data-start=\"11399\" data-end=\"11425\">Glaci\u00e8re ou petit r\u00e9frig\u00e9rateur<\/li><li data-start=\"11428\" data-end=\"11454\">Table et chaises d&rsquo;ext\u00e9rieur<\/li><li data-start=\"11457\" data-end=\"11512\">Literie, planches de surf, SUP et accessoires de camping en option<\/li><\/ul><p data-start=\"11514\" data-end=\"11618\">Liste exacte des \u00e9quipements et des options :<strong data-start=\"11548\" data-end=\"11576\"><a class=\"decorated-link\" href=\"https:\/\/oceancamper.com\/?utm_source=chatgpt.com\" target=\"_new\" rel=\"noopener\" data-start=\"11550\" data-end=\"11574\"> https:\/\/oceancamper.com\/extras<\/a><\/strong><\/p><h5 data-start=\"11620\" data-end=\"11690\">Quel est le meilleur endroit pour commencer un voyage en camping-car en Algarve ?<\/h5><p data-start=\"11691\" data-end=\"11937\">Faro est id\u00e9ale : elle dispose d&rsquo;un a\u00e9roport international, de liaisons ferroviaires et de bus, de supermarch\u00e9s et d&rsquo;un acc\u00e8s rapide \u00e0 l&rsquo;est et \u00e0 l&rsquo;ouest de l&rsquo;Algarve. C&rsquo;est pourquoi de nombreuses entreprises, dont Ocean Camper, y sont install\u00e9es.   <\/p><\/div>\t\t\t\t\t\t\t\t<\/div>\n\t\t\t\t<\/div>\n\t\t\t\t\t<\/div>\n\t\t<\/div>\n\t\t\t\t\t<\/div>\n\t\t<\/section>\n\t\t\t\t<section class=\"elementor-section elementor-top-section elementor-element elementor-element-fe3657e elementor-section-stretched elementor-section-boxed elementor-section-height-default elementor-section-height-default\" data-id=\"fe3657e\" data-element_type=\"section\" data-e-type=\"section\" data-settings=\"{&quot;stretch_section&quot;:&quot;section-stretched&quot;,&quot;background_background&quot;:&quot;classic&quot;}\">\n\t\t\t\t\t\t<div class=\"elementor-container elementor-column-gap-default\">\n\t\t\t\t\t<div class=\"elementor-column elementor-col-100 elementor-top-column elementor-element elementor-element-6beb714\" data-id=\"6beb714\" data-element_type=\"column\" data-e-type=\"column\">\n\t\t\t<div class=\"elementor-widget-wrap elementor-element-populated\">\n\t\t\t\t\t\t<div class=\"elementor-element elementor-element-b8e9a05 elementor-widget elementor-widget-heading\" data-id=\"b8e9a05\" data-element_type=\"widget\" data-e-type=\"widget\" id=\"ready\" data-widget_type=\"heading.default\">\n\t\t\t\t<div class=\"elementor-widget-container\">\n\t\t\t\t\t<h2 class=\"elementor-heading-title elementor-size-default\">Pr\u00eat \u00e0 louer un camping-car en Algarve ?<\/h2>\t\t\t\t<\/div>\n\t\t\t\t<\/div>\n\t\t\t\t<div class=\"elementor-element elementor-element-cea4003 elementor-widget__width-initial elementor-widget elementor-widget-text-editor\" data-id=\"cea4003\" data-element_type=\"widget\" data-e-type=\"widget\" data-widget_type=\"text-editor.default\">\n\t\t\t\t<div class=\"elementor-widget-container\">\n\t\t\t\t\t\t\t\t\t<div id=\"model-response-message-contentr_b3692dd737832662\" class=\"markdown markdown-main-panel\" dir=\"ltr\"><p data-start=\"11983\" data-end=\"12168\">Si vous r\u00eavez de vous r\u00e9veiller au bord de l&rsquo;oc\u00e9an, d&rsquo;admirer les couchers de soleil le long des falaises et d&rsquo;explorer le sud du Portugal en toute libert\u00e9, un <strong data-start=\"12125\" data-end=\"12156\">voyage en camping-car dans l&rsquo;Algarve<\/strong> est fait pour vous.<\/p><p data-start=\"12170\" data-end=\"12298\">V\u00e9rifiez les prix, la disponibilit\u00e9 et les extras ici :<br data-start=\"12213\" data-end=\"12216\">\ud83d\udc49 <strong data-start=\"12219\" data-end=\"12296\"><a class=\"decorated-link\" href=\"https:\/\/oceancamper.com\/fr\/\" target=\"_new\" rel=\"noopener\" data-start=\"12221\" data-end=\"12294\">R\u00e9servez votre camping-car \u00e0 Faro avec Ocean Camper<\/a><\/strong><\/p><p data-start=\"12300\" data-end=\"12409\" data-is-last-node=\"\" data-is-only-node=\"\">Faites vos valises l\u00e9g\u00e8res, respectez les r\u00e8gles, soyez respectueux de la nature &#8211; et profitez de l&rsquo;une des r\u00e9gions les plus ensoleill\u00e9es d&rsquo;Europe sur quatre roues.<\/p><\/div>\t\t\t\t\t\t\t\t<\/div>\n\t\t\t\t<\/div>\n\t\t\t\t\t<\/div>\n\t\t<\/div>\n\t\t\t\t\t<\/div>\n\t\t<\/section>\n\t\t\t\t<section class=\"elementor-section elementor-inner-section elementor-element elementor-element-1a597270 elementor-section-boxed elementor-section-height-default elementor-section-height-default\" data-id=\"1a597270\" data-element_type=\"section\" data-e-type=\"section\" data-settings=\"{&quot;background_background&quot;:&quot;classic&quot;}\">\n\t\t\t\t\t\t<div class=\"elementor-container elementor-column-gap-default\">\n\t\t\t\t\t<div class=\"elementor-column elementor-col-100 elementor-inner-column elementor-element elementor-element-ad1b07c\" data-id=\"ad1b07c\" data-element_type=\"column\" data-e-type=\"column\">\n\t\t\t<div class=\"elementor-widget-wrap elementor-element-populated\">\n\t\t\t\t\t\t<div class=\"elementor-element elementor-element-4a68e56c elementor-widget elementor-widget-html\" data-id=\"4a68e56c\" data-element_type=\"widget\" data-e-type=\"widget\" data-widget_type=\"html.default\">\n\t\t\t\t<div class=\"elementor-widget-container\">\n\t\t\t\t\t<script src=\"https:\/\/oceancamper1.oceancamper.com\/public\/car-rental\/integrations\/assets\/integrator\"><\/script><div class=\"hq-rental-software-integration\" data-integrator_link=\"https:\/\/oceancamper1.oceancamper.com\/public\/car-rental\/integrations\" data-brand=\"45359cec-fef8-4a46-9782-487216d45398\" data-snippet=\"reservations\" data-skip_language=\"\" data-rate_type_uuid=\"\" data-referral=\"\" data-forced_locale=\"en\"><\/div>\t\t\t\t<\/div>\n\t\t\t\t<\/div>\n\t\t\t\t\t<\/div>\n\t\t<\/div>\n\t\t\t\t\t<\/div>\n\t\t<\/section>\n\t\t\t\t<section class=\"elementor-section elementor-top-section elementor-element elementor-element-435333b3 elementor-section-stretched elementor-section-boxed elementor-section-height-default elementor-section-height-default\" data-id=\"435333b3\" data-element_type=\"section\" data-e-type=\"section\" data-settings=\"{&quot;stretch_section&quot;:&quot;section-stretched&quot;,&quot;background_background&quot;:&quot;classic&quot;}\">\n\t\t\t\t\t\t<div class=\"elementor-container elementor-column-gap-default\">\n\t\t\t\t\t<div class=\"elementor-column elementor-col-100 elementor-top-column elementor-element elementor-element-7618ce6c\" data-id=\"7618ce6c\" data-element_type=\"column\" data-e-type=\"column\">\n\t\t\t<div class=\"elementor-widget-wrap elementor-element-populated\">\n\t\t\t\t\t\t<section class=\"elementor-section elementor-inner-section elementor-element elementor-element-7232753c elementor-section-boxed elementor-section-height-default elementor-section-height-default\" data-id=\"7232753c\" data-element_type=\"section\" data-e-type=\"section\">\n\t\t\t\t\t\t<div class=\"elementor-container elementor-column-gap-default\">\n\t\t\t\t\t<div class=\"elementor-column elementor-col-100 elementor-inner-column elementor-element elementor-element-13cce319\" data-id=\"13cce319\" data-element_type=\"column\" data-e-type=\"column\">\n\t\t\t<div class=\"elementor-widget-wrap elementor-element-populated\">\n\t\t\t\t\t\t<div class=\"elementor-element elementor-element-5c8fd6d elementor-widget elementor-widget-heading\" data-id=\"5c8fd6d\" data-element_type=\"widget\" data-e-type=\"widget\" data-widget_type=\"heading.default\">\n\t\t\t\t<div class=\"elementor-widget-container\">\n\t\t\t\t\t<h3 class=\"elementor-heading-title elementor-size-default\">Consulte nos autres articles:<\/h3>\t\t\t\t<\/div>\n\t\t\t\t<\/div>\n\t\t\t\t<div class=\"elementor-element elementor-element-144a32e5 elementor-grid-tablet-3 elementor-grid-3 elementor-grid-mobile-1 elementor-posts--thumbnail-top elementor-posts__hover-gradient elementor-widget elementor-widget-posts\" data-id=\"144a32e5\" data-element_type=\"widget\" data-e-type=\"widget\" data-settings=\"{&quot;cards_row_gap&quot;:{&quot;unit&quot;:&quot;px&quot;,&quot;size&quot;:20,&quot;sizes&quot;:[]},&quot;cards_row_gap_mobile&quot;:{&quot;unit&quot;:&quot;px&quot;,&quot;size&quot;:10,&quot;sizes&quot;:[]},&quot;cards_columns_tablet&quot;:&quot;3&quot;,&quot;cards_row_gap_tablet&quot;:{&quot;unit&quot;:&quot;px&quot;,&quot;size&quot;:5,&quot;sizes&quot;:[]},&quot;cards_columns&quot;:&quot;3&quot;,&quot;cards_columns_mobile&quot;:&quot;1&quot;}\" data-widget_type=\"posts.cards\">\n\t\t\t\t<div class=\"elementor-widget-container\">\n\t\t\t\t\t\t\t<div class=\"elementor-posts-container elementor-posts elementor-posts--skin-cards elementor-grid\" role=\"list\">\n\t\t\t\t<article class=\"elementor-post elementor-grid-item post-79719 post type-post status-publish format-standard has-post-thumbnail hentry category-conseils-de-camping tag-solocamping-solotraveller-campingtips-fr\" role=\"listitem\">\n\t\t\t<div class=\"elementor-post__card\">\n\t\t\t\t<a class=\"elementor-post__thumbnail__link\" href=\"https:\/\/oceancamper.com\/fr\/conseils-pour-voyager-en-solo\/\" tabindex=\"-1\" ><div class=\"elementor-post__thumbnail\"><img fetchpriority=\"high\" decoding=\"async\" width=\"1707\" height=\"1280\" src=\"https:\/\/oceancamper.com\/wp-content\/uploads\/2023\/05\/edited-1-340-min.jpg\" class=\"attachment-full size-full wp-image-77985\" alt=\"Woman sitting at the back of a campervan watching the sunset \u2014 solo travel freedom in Algarve, Portugal.\" srcset=\"https:\/\/oceancamper.com\/wp-content\/uploads\/2023\/05\/edited-1-340-min.jpg 1707w, https:\/\/oceancamper.com\/wp-content\/uploads\/2023\/05\/edited-1-340-min-300x225.jpg 300w, https:\/\/oceancamper.com\/wp-content\/uploads\/2023\/05\/edited-1-340-min-1024x768.jpg 1024w, https:\/\/oceancamper.com\/wp-content\/uploads\/2023\/05\/edited-1-340-min-768x576.jpg 768w, https:\/\/oceancamper.com\/wp-content\/uploads\/2023\/05\/edited-1-340-min-1536x1152.jpg 1536w, https:\/\/oceancamper.com\/wp-content\/uploads\/2023\/05\/edited-1-340-min-240x180.jpg 240w\" sizes=\"(max-width: 1707px) 100vw, 1707px\" \/><\/div><\/a>\n\t\t\t\t<div class=\"elementor-post__text\">\n\t\t\t\t<h2 class=\"elementor-post__title\">\n\t\t\t<a href=\"https:\/\/oceancamper.com\/fr\/conseils-pour-voyager-en-solo\/\" >\n\t\t\t\tConseils pour les voyages en solitaire Portugal\t\t\t<\/a>\n\t\t<\/h2>\n\t\t\t\t<div class=\"elementor-post__excerpt\">\n\t\t\t<p>  Pourquoi voyager en solo ?<br \/>\n Avantages du voyage en solo<br \/>\n S\u00e9curit\u00e9 et environnement social<br \/>\n Suggestions d&rsquo;activit\u00e9s  <\/p>\n\t\t<\/div>\n\t\t\n\t\t<a class=\"elementor-post__read-more\" href=\"https:\/\/oceancamper.com\/fr\/conseils-pour-voyager-en-solo\/\" aria-label=\"En savoir plus sur Conseils pour les voyages en solitaire Portugal\" tabindex=\"-1\" >\n\t\t\tLire la suite \u00bb\t\t<\/a>\n\n\t\t\t\t<\/div>\n\t\t\t\t\t<\/div>\n\t\t<\/article>\n\t\t\t\t<article class=\"elementor-post elementor-grid-item post-79711 post type-post status-publish format-standard has-post-thumbnail hentry category-points-forts\" role=\"listitem\">\n\t\t\t<div class=\"elementor-post__card\">\n\t\t\t\t<a class=\"elementor-post__thumbnail__link\" href=\"https:\/\/oceancamper.com\/fr\/le-surf-au-portugal\/\" tabindex=\"-1\" ><div class=\"elementor-post__thumbnail\"><img decoding=\"async\" width=\"2560\" height=\"1707\" src=\"https:\/\/oceancamper.com\/wp-content\/uploads\/2020\/12\/surfing-in-portugal-ocean-camper-van-scaled.jpg\" class=\"attachment-full size-full wp-image-206779\" alt=\"Surf au Portugal avec Ocean Camper van gar\u00e9 sur la plage au coucher du soleil\" srcset=\"https:\/\/oceancamper.com\/wp-content\/uploads\/2020\/12\/surfing-in-portugal-ocean-camper-van-scaled.jpg 2560w, https:\/\/oceancamper.com\/wp-content\/uploads\/2020\/12\/surfing-in-portugal-ocean-camper-van-300x200.jpg 300w, https:\/\/oceancamper.com\/wp-content\/uploads\/2020\/12\/surfing-in-portugal-ocean-camper-van-1024x683.jpg 1024w, https:\/\/oceancamper.com\/wp-content\/uploads\/2020\/12\/surfing-in-portugal-ocean-camper-van-768x512.jpg 768w, https:\/\/oceancamper.com\/wp-content\/uploads\/2020\/12\/surfing-in-portugal-ocean-camper-van-1536x1024.jpg 1536w, https:\/\/oceancamper.com\/wp-content\/uploads\/2020\/12\/surfing-in-portugal-ocean-camper-van-2048x1365.jpg 2048w, https:\/\/oceancamper.com\/wp-content\/uploads\/2020\/12\/surfing-in-portugal-ocean-camper-van-240x160.jpg 240w\" sizes=\"(max-width: 2560px) 100vw, 2560px\" \/><\/div><\/a>\n\t\t\t\t<div class=\"elementor-post__text\">\n\t\t\t\t<h2 class=\"elementor-post__title\">\n\t\t\t<a href=\"https:\/\/oceancamper.com\/fr\/le-surf-au-portugal\/\" >\n\t\t\t\tSurf au Portugal : Les meilleures plages, les meilleurs spots de surf et le guide de voyage en camping-car\t\t\t<\/a>\n\t\t<\/h2>\n\t\t\t\t<div class=\"elementor-post__excerpt\">\n\t\t\t<p>Les meilleures plages pour le surf en Algarve et sur la Costa Vicentina. Carte et informations sur ce \u00e0 quoi vous pouvez vous attendre sur chaque plage.  <\/p>\n\t\t<\/div>\n\t\t\n\t\t<a class=\"elementor-post__read-more\" href=\"https:\/\/oceancamper.com\/fr\/le-surf-au-portugal\/\" aria-label=\"En savoir plus sur Surf au Portugal : Les meilleures plages, les meilleurs spots de surf et le guide de voyage en camping-car\" tabindex=\"-1\" >\n\t\t\tLire la suite \u00bb\t\t<\/a>\n\n\t\t\t\t<\/div>\n\t\t\t\t\t<\/div>\n\t\t<\/article>\n\t\t\t\t<article class=\"elementor-post elementor-grid-item post-79705 post type-post status-publish format-standard has-post-thumbnail hentry category-non-classifiee\" role=\"listitem\">\n\t\t\t<div class=\"elementor-post__card\">\n\t\t\t\t<a class=\"elementor-post__thumbnail__link\" href=\"https:\/\/oceancamper.com\/fr\/cuisine-portugaise\/\" tabindex=\"-1\" ><div class=\"elementor-post__thumbnail\"><img decoding=\"async\" width=\"2048\" height=\"2048\" src=\"https:\/\/oceancamper.com\/wp-content\/uploads\/2025\/03\/IMG-20250318-WA0022.jpg\" class=\"attachment-full size-full wp-image-164007\" alt=\"Cuisine portugaise - poulpe (polvo) avec des pommes de terre, un plat traditionnel \u00e0 base de fruits de mer.\" srcset=\"https:\/\/oceancamper.com\/wp-content\/uploads\/2025\/03\/IMG-20250318-WA0022.jpg 2048w, https:\/\/oceancamper.com\/wp-content\/uploads\/2025\/03\/IMG-20250318-WA0022-300x300.jpg 300w, https:\/\/oceancamper.com\/wp-content\/uploads\/2025\/03\/IMG-20250318-WA0022-1024x1024.jpg 1024w, https:\/\/oceancamper.com\/wp-content\/uploads\/2025\/03\/IMG-20250318-WA0022-150x150.jpg 150w, https:\/\/oceancamper.com\/wp-content\/uploads\/2025\/03\/IMG-20250318-WA0022-768x768.jpg 768w, https:\/\/oceancamper.com\/wp-content\/uploads\/2025\/03\/IMG-20250318-WA0022-1536x1536.jpg 1536w, https:\/\/oceancamper.com\/wp-content\/uploads\/2025\/03\/IMG-20250318-WA0022-32x32.jpg 32w, https:\/\/oceancamper.com\/wp-content\/uploads\/2025\/03\/IMG-20250318-WA0022-48x48.jpg 48w, https:\/\/oceancamper.com\/wp-content\/uploads\/2025\/03\/IMG-20250318-WA0022-80x80.jpg 80w, https:\/\/oceancamper.com\/wp-content\/uploads\/2025\/03\/IMG-20250318-WA0022-180x180.jpg 180w\" sizes=\"(max-width: 2048px) 100vw, 2048px\" \/><\/div><\/a>\n\t\t\t\t<div class=\"elementor-post__text\">\n\t\t\t\t<h2 class=\"elementor-post__title\">\n\t\t\t<a href=\"https:\/\/oceancamper.com\/fr\/cuisine-portugaise\/\" >\n\t\t\t\tCuisine portugaise &#8211; Poissons, crustac\u00e9s, viandes et sp\u00e9cialit\u00e9s locales \u00e0 d\u00e9guster absolument\t\t\t<\/a>\n\t\t<\/h2>\n\t\t\t\t<div class=\"elementor-post__excerpt\">\n\t\t\t<p>Les plats incontournables du Portugal. Recommandations pour les plats typiques : le poisson, la viande, l&rsquo;huile d&rsquo;olive et le vin sont les plus savoureux. <\/p>\n\t\t<\/div>\n\t\t\n\t\t<a class=\"elementor-post__read-more\" href=\"https:\/\/oceancamper.com\/fr\/cuisine-portugaise\/\" aria-label=\"En savoir plus sur Cuisine portugaise &#8211; Poissons, crustac\u00e9s, viandes et sp\u00e9cialit\u00e9s locales \u00e0 d\u00e9guster absolument\" tabindex=\"-1\" >\n\t\t\tLire la suite \u00bb\t\t<\/a>\n\n\t\t\t\t<\/div>\n\t\t\t\t\t<\/div>\n\t\t<\/article>\n\t\t\t\t<\/div>\n\t\t\n\t\t\t\t\t\t<\/div>\n\t\t\t\t<\/div>\n\t\t\t\t<div class=\"elementor-element elementor-element-2d1eb6bd elementor-align-left elementor-tablet-align-left elementor-mobile-align-left elementor-widget elementor-widget-button\" data-id=\"2d1eb6bd\" data-element_type=\"widget\" data-e-type=\"widget\" data-widget_type=\"button.default\">\n\t\t\t\t<div class=\"elementor-widget-container\">\n\t\t\t\t\t\t\t\t\t<div class=\"elementor-button-wrapper\">\n\t\t\t\t\t<a class=\"elementor-button elementor-button-link elementor-size-sm elementor-animation-pop\" href=\"https:\/\/oceancamper.com\/fr\/blog\/\">\n\t\t\t\t\t\t<span class=\"elementor-button-content-wrapper\">\n\t\t\t\t\t\t\t\t\t<span class=\"elementor-button-text\">Retour au blog<\/span>\n\t\t\t\t\t<\/span>\n\t\t\t\t\t<\/a>\n\t\t\t\t<\/div>\n\t\t\t\t\t\t\t\t<\/div>\n\t\t\t\t<\/div>\n\t\t\t\t\t<\/div>\n\t\t<\/div>\n\t\t\t\t\t<\/div>\n\t\t<\/section>\n\t\t\t\t\t<\/div>\n\t\t<\/div>\n\t\t\t\t\t<\/div>\n\t\t<\/section>\n\t\t\t\t<\/div>\n\t\t","protected":false},"excerpt":{"rendered":"<p>Avantages de la location d&rsquo;un camping-car en Algarve. Caract\u00e9ristiques r\u00e9gionales, libert\u00e9 et voyage \u00e0 moindre co\u00fbt. <\/p>\n","protected":false},"author":1,"featured_media":156629,"comment_status":"closed","ping_status":"open","sticky":false,"template":"elementor_header_footer","format":"standard","meta":{"om_disable_all_campaigns":false,"footnotes":""},"categories":[67],"tags":[142,143,144],"class_list":["post-157409","post","type-post","status-publish","format-standard","has-post-thumbnail","hentry","category-conseils-de-camping","tag-louer-un-camping-car-en-algarve","tag-louer-un-rv-algarve","tag-roadtrip-algarve-fr"],"aioseo_notices":[],"_links":{"self":[{"href":"https:\/\/oceancamper.com\/fr\/wp-json\/wp\/v2\/posts\/157409","targetHints":{"allow":["GET"]}}],"collection":[{"href":"https:\/\/oceancamper.com\/fr\/wp-json\/wp\/v2\/posts"}],"about":[{"href":"https:\/\/oceancamper.com\/fr\/wp-json\/wp\/v2\/types\/post"}],"author":[{"embeddable":true,"href":"https:\/\/oceancamper.com\/fr\/wp-json\/wp\/v2\/users\/1"}],"replies":[{"embeddable":true,"href":"https:\/\/oceancamper.com\/fr\/wp-json\/wp\/v2\/comments?post=157409"}],"version-history":[{"count":8,"href":"https:\/\/oceancamper.com\/fr\/wp-json\/wp\/v2\/posts\/157409\/revisions"}],"predecessor-version":[{"id":210870,"href":"https:\/\/oceancamper.com\/fr\/wp-json\/wp\/v2\/posts\/157409\/revisions\/210870"}],"wp:featuredmedia":[{"embeddable":true,"href":"https:\/\/oceancamper.com\/fr\/wp-json\/wp\/v2\/media\/156629"}],"wp:attachment":[{"href":"https:\/\/oceancamper.com\/fr\/wp-json\/wp\/v2\/media?parent=157409"}],"wp:term":[{"taxonomy":"category","embeddable":true,"href":"https:\/\/oceancamper.com\/fr\/wp-json\/wp\/v2\/categories?post=157409"},{"taxonomy":"post_tag","embeddable":true,"href":"https:\/\/oceancamper.com\/fr\/wp-json\/wp\/v2\/tags?post=157409"}],"curies":[{"name":"wp","href":"https:\/\/api.w.org\/{rel}","templated":true}]}}