{"id":82529,"date":"2020-12-22T19:22:49","date_gmt":"2020-12-22T19:22:49","guid":{"rendered":"https:\/\/oceancamper.com\/comida-portuguesa\/"},"modified":"2026-09-01T16:49:23","modified_gmt":"2026-09-01T16:49:23","slug":"comida-portuguesa","status":"publish","type":"post","link":"https:\/\/oceancamper.com\/es\/comida-portuguesa\/","title":{"rendered":"Gastronom\u00eda portuguesa: pescados, mariscos, carnes y delicias locales que no te puedes perder"},"content":{"rendered":"\t\t<div data-elementor-type=\"wp-post\" data-elementor-id=\"82529\" class=\"elementor elementor-82529 elementor-3218\" data-elementor-post-type=\"post\">\n\t\t\t\t\t\t<section class=\"elementor-section elementor-top-section elementor-element elementor-element-8ef4f37 elementor-section-height-min-height elementor-section-stretched elementor-section-content-middle elementor-section-boxed elementor-section-height-default elementor-section-items-middle\" data-id=\"8ef4f37\" data-element_type=\"section\" data-e-type=\"section\" data-settings=\"{&quot;stretch_section&quot;:&quot;section-stretched&quot;,&quot;background_background&quot;:&quot;classic&quot;}\">\n\t\t\t\t\t\t\t<div class=\"elementor-background-overlay\"><\/div>\n\t\t\t\t\t\t\t<div class=\"elementor-container elementor-column-gap-default\">\n\t\t\t\t\t<div class=\"elementor-column elementor-col-100 elementor-top-column elementor-element elementor-element-76e9371\" data-id=\"76e9371\" data-element_type=\"column\" data-e-type=\"column\">\n\t\t\t<div class=\"elementor-widget-wrap elementor-element-populated\">\n\t\t\t\t\t\t<div class=\"elementor-element elementor-element-0225cbf elementor-widget elementor-widget-theme-post-title elementor-page-title elementor-widget-heading\" data-id=\"0225cbf\" data-element_type=\"widget\" data-e-type=\"widget\" data-widget_type=\"theme-post-title.default\">\n\t\t\t\t<div class=\"elementor-widget-container\">\n\t\t\t\t\t<h1 class=\"elementor-heading-title elementor-size-default\">Gastronom\u00eda portuguesa: pescados, mariscos, carnes y delicias locales que no te puedes perder<\/h1>\t\t\t\t<\/div>\n\t\t\t\t<\/div>\n\t\t\t\t<section class=\"elementor-section elementor-inner-section elementor-element elementor-element-1da4c4d elementor-section-boxed elementor-section-height-default elementor-section-height-default\" data-id=\"1da4c4d\" data-element_type=\"section\" data-e-type=\"section\">\n\t\t\t\t\t\t<div class=\"elementor-container elementor-column-gap-default\">\n\t\t\t\t\t<div class=\"elementor-column elementor-col-33 elementor-inner-column elementor-element elementor-element-e1a911f\" data-id=\"e1a911f\" data-element_type=\"column\" data-e-type=\"column\">\n\t\t\t<div class=\"elementor-widget-wrap\">\n\t\t\t\t\t\t\t<\/div>\n\t\t<\/div>\n\t\t\t\t<div class=\"elementor-column elementor-col-33 elementor-inner-column elementor-element elementor-element-cdc7de6\" data-id=\"cdc7de6\" data-element_type=\"column\" data-e-type=\"column\">\n\t\t\t<div class=\"elementor-widget-wrap elementor-element-populated\">\n\t\t\t\t\t\t<div class=\"elementor-element elementor-element-4bdc60c elementor-author-box--align-center elementor-author-box--layout-image-above elementor-widget elementor-widget-author-box\" data-id=\"4bdc60c\" data-element_type=\"widget\" data-e-type=\"widget\" data-widget_type=\"author-box.default\">\n\t\t\t\t<div class=\"elementor-widget-container\">\n\t\t\t\t\t\t\t<div class=\"elementor-author-box\">\n\t\t\t\t\t\t\t<div  class=\"elementor-author-box__avatar\">\n\t\t\t\t\t<img decoding=\"async\" src=\"https:\/\/oceancamper.com\/wp-content\/uploads\/2022\/02\/Nina-min-1-300x300.jpg\" alt=\"Imagen de Nina\" loading=\"lazy\">\n\t\t\t\t<\/div>\n\t\t\t\n\t\t\t<div class=\"elementor-author-box__text\">\n\t\t\t\t\t\t\t\t\t<div >\n\t\t\t\t\t\t<h4 class=\"elementor-author-box__name\">\n\t\t\t\t\t\t\tNina\t\t\t\t\t\t<\/h4>\n\t\t\t\t\t<\/div>\n\t\t\t\t\n\t\t\t\t\t\t\t\t\t<div class=\"elementor-author-box__bio\">\n\t\t\t\t\t\t<p>CEO de Ocean Camper<\/p>\n\t\t\t\t\t<\/div>\n\t\t\t\t\n\t\t\t\t\t\t\t<\/div>\n\t\t<\/div>\n\t\t\t\t\t\t<\/div>\n\t\t\t\t<\/div>\n\t\t\t\t\t<\/div>\n\t\t<\/div>\n\t\t\t\t<div class=\"elementor-column elementor-col-33 elementor-inner-column elementor-element elementor-element-3f91517\" data-id=\"3f91517\" data-element_type=\"column\" data-e-type=\"column\">\n\t\t\t<div class=\"elementor-widget-wrap\">\n\t\t\t\t\t\t\t<\/div>\n\t\t<\/div>\n\t\t\t\t\t<\/div>\n\t\t<\/section>\n\t\t\t\t\t<\/div>\n\t\t<\/div>\n\t\t\t\t\t<\/div>\n\t\t<\/section>\n\t\t\t\t<section class=\"elementor-section elementor-top-section elementor-element elementor-element-974da50 elementor-section-stretched elementor-section-boxed elementor-section-height-default elementor-section-height-default\" data-id=\"974da50\" data-element_type=\"section\" data-e-type=\"section\" data-settings=\"{&quot;stretch_section&quot;:&quot;section-stretched&quot;,&quot;background_background&quot;:&quot;classic&quot;}\">\n\t\t\t\t\t\t<div class=\"elementor-container elementor-column-gap-default\">\n\t\t\t\t\t<div class=\"elementor-column elementor-col-100 elementor-top-column elementor-element elementor-element-42db94f elementor-invisible\" data-id=\"42db94f\" data-element_type=\"column\" data-e-type=\"column\" data-settings=\"{&quot;background_background&quot;:&quot;classic&quot;,&quot;animation&quot;:&quot;fadeIn&quot;}\">\n\t\t\t<div class=\"elementor-widget-wrap elementor-element-populated\">\n\t\t\t\t\t<div class=\"elementor-background-overlay\"><\/div>\n\t\t\t\t\t\t<div class=\"elementor-element elementor-element-32c521c elementor-widget elementor-widget-heading\" data-id=\"32c521c\" data-element_type=\"widget\" data-e-type=\"widget\" data-widget_type=\"heading.default\">\n\t\t\t\t<div class=\"elementor-widget-container\">\n\t\t\t\t\t<h2 class=\"elementor-heading-title elementor-size-default\">Index<\/h2>\t\t\t\t<\/div>\n\t\t\t\t<\/div>\n\t\t\t\t<div class=\"elementor-element elementor-element-39cae09 elementor-widget elementor-widget-text-editor\" data-id=\"39cae09\" data-element_type=\"widget\" data-e-type=\"widget\" data-widget_type=\"text-editor.default\">\n\t\t\t\t<div class=\"elementor-widget-container\">\n\t\t\t\t\t\t\t\t\t<ol><li><h6><span style=\"color: #696969;\"><a style=\"color: #696969;\" href=\"#fish\">El pescado local, la esencia de la gastronom\u00eda portuguesa<\/a><\/span><\/h6><\/li><li><h6><span style=\"color: #696969;\"><a style=\"color: #696969;\" href=\"#shellfish\">Mariscos de Portugal.<\/a><\/span><\/h6><\/li><li><h6><span style=\"color: #696969;\"><a style=\"color: #696969;\" href=\"#meat\">Platos de carne t\u00edpicos.<\/a><\/span><\/h6><\/li><li><h6><span style=\"color: #696969;\"><a style=\"color: #696969;\" href=\"#fruits\">Frutas y verduras locales.<\/a><\/span><\/h6><\/li><li><h6><span style=\"color: #696969;\"><a style=\"color: #696969;\" href=\"#other\">Otras especialidades locales.<\/a><\/span><\/h6><\/li><li><h6><span style=\"color: #696969;\"><a style=\"color: #696969;\" href=\"#faq\">Preguntas frecuentes<\/a><\/span><\/h6><\/li><\/ol>\t\t\t\t\t\t\t\t<\/div>\n\t\t\t\t<\/div>\n\t\t\t\t\t<\/div>\n\t\t<\/div>\n\t\t\t\t\t<\/div>\n\t\t<\/section>\n\t\t\t\t<section class=\"elementor-section elementor-top-section elementor-element elementor-element-3a9d1a5f elementor-section-stretched elementor-section-boxed elementor-section-height-default elementor-section-height-default\" data-id=\"3a9d1a5f\" data-element_type=\"section\" data-e-type=\"section\" id=\"fish\" data-settings=\"{&quot;stretch_section&quot;:&quot;section-stretched&quot;,&quot;background_background&quot;:&quot;classic&quot;}\">\n\t\t\t\t\t\t<div class=\"elementor-container elementor-column-gap-default\">\n\t\t\t\t\t<div class=\"elementor-column elementor-col-100 elementor-top-column elementor-element elementor-element-68f81ff1\" data-id=\"68f81ff1\" data-element_type=\"column\" data-e-type=\"column\">\n\t\t\t<div class=\"elementor-widget-wrap elementor-element-populated\">\n\t\t\t\t\t\t<div class=\"elementor-element elementor-element-0f52b3c elementor-widget elementor-widget-heading\" data-id=\"0f52b3c\" data-element_type=\"widget\" data-e-type=\"widget\" data-widget_type=\"heading.default\">\n\t\t\t\t<div class=\"elementor-widget-container\">\n\t\t\t\t\t<h2 class=\"elementor-heading-title elementor-size-default\">Comida portuguesa: pescados, mariscos, carnes y delicias locales que no te puedes perder<\/h2>\t\t\t\t<\/div>\n\t\t\t\t<\/div>\n\t\t\t\t<div class=\"elementor-element elementor-element-1658783d elementor-widget elementor-widget-text-editor\" data-id=\"1658783d\" data-element_type=\"widget\" data-e-type=\"widget\" data-widget_type=\"text-editor.default\">\n\t\t\t\t<div class=\"elementor-widget-container\">\n\t\t\t\t\t\t\t\t\t<p>La gastronom\u00eda portuguesa es una de las mejores partes de un viaje por carretera por este precioso pa\u00eds. Desde marisco fresco del Atlanic hasta sustanciosos platos de carne, pasando por frutas de temporada y especialidades locales, los sabores de Portugal har\u00e1n que se te haga la boca agua. Hemos elaborado esta gu\u00eda para que descubras qu\u00e9 comer en Portugal y d\u00f3nde encontrarlo, tanto si cocinas en tu autocaravana como si sales a comer fuera.  <\/p>\t\t\t\t\t\t\t\t<\/div>\n\t\t\t\t<\/div>\n\t\t\t\t<div class=\"elementor-element elementor-element-1b329d1 elementor-arrows-position-inside elementor-widget elementor-widget-image-carousel\" data-id=\"1b329d1\" data-element_type=\"widget\" data-e-type=\"widget\" data-settings=\"{&quot;slides_to_show&quot;:&quot;1&quot;,&quot;navigation&quot;:&quot;arrows&quot;,&quot;autoplay&quot;:&quot;yes&quot;,&quot;pause_on_hover&quot;:&quot;yes&quot;,&quot;pause_on_interaction&quot;:&quot;yes&quot;,&quot;autoplay_speed&quot;:5000,&quot;infinite&quot;:&quot;yes&quot;,&quot;effect&quot;:&quot;slide&quot;,&quot;speed&quot;:500}\" data-widget_type=\"image-carousel.default\">\n\t\t\t\t<div class=\"elementor-widget-container\">\n\t\t\t\t\t\t\t<div class=\"elementor-image-carousel-wrapper swiper\" role=\"region\" aria-roledescription=\"carousel\" aria-label=\"Image Carousel\" dir=\"ltr\">\n\t\t\t<div class=\"elementor-image-carousel swiper-wrapper\" aria-live=\"off\">\n\t\t\t\t\t\t\t\t<div class=\"swiper-slide\" role=\"group\" aria-roledescription=\"slide\" aria-label=\"1 de 7\"><figure class=\"swiper-slide-inner\"><img decoding=\"async\" class=\"swiper-slide-image\" src=\"https:\/\/oceancamper.com\/wp-content\/uploads\/elementor\/thumbs\/IMG-20250318-WA0016-r31uvcj8nosyx094t6rcn88d9qsdbkvye4j92y07e8.jpg\" alt=\"Comida portuguesa, gambas a la parrilla, un plato de marisco que no te puedes perder.\" \/><\/figure><\/div><div class=\"swiper-slide\" role=\"group\" aria-roledescription=\"slide\" aria-label=\"2 de 7\"><figure class=\"swiper-slide-inner\"><img decoding=\"async\" class=\"swiper-slide-image\" src=\"https:\/\/oceancamper.com\/wp-content\/uploads\/elementor\/thumbs\/IMG-20250318-WA0019-r31uvmvgqv74gpu44t88wnmfszdeo9103jplczkvhs.jpg\" alt=\"Comida portuguesa: pescado a la parrilla con pimientos asados y lim\u00f3n, un plato que no te puedes perder.\" \/><\/figure><\/div><div class=\"swiper-slide\" role=\"group\" aria-roledescription=\"slide\" aria-label=\"3 de 7\"><figure class=\"swiper-slide-inner\"><img decoding=\"async\" class=\"swiper-slide-image\" src=\"https:\/\/oceancamper.com\/wp-content\/uploads\/elementor\/thumbs\/IMG-20250318-WA0022-r31uvw9un7jzotgglxaill91qu32t82bgu8g5r6xrk.jpg\" alt=\"Comida portuguesa: pulpo (polvo) con patatas, un plato tradicional a base de marisco.\" \/><\/figure><\/div><div class=\"swiper-slide\" role=\"group\" aria-roledescription=\"slide\" aria-label=\"4 de 7\"><figure class=\"swiper-slide-inner\"><img decoding=\"async\" class=\"swiper-slide-image\" src=\"https:\/\/oceancamper.com\/wp-content\/uploads\/elementor\/thumbs\/IMG-20250318-WA0021-r31vb57ligfg13b3kikn1qq8nuxfoglk8b80fcl0ts.jpg\" alt=\"Guiso de marisco a la cataplana en una cacerola de cobre, comida portuguesa y plato tradicional del Algarve.\" \/><\/figure><\/div><div class=\"swiper-slide\" role=\"group\" aria-roledescription=\"slide\" aria-label=\"5 de 7\"><figure class=\"swiper-slide-inner\"><img decoding=\"async\" class=\"swiper-slide-image\" src=\"https:\/\/oceancamper.com\/wp-content\/uploads\/elementor\/thumbs\/IMG-20250318-WA0023-r31vbelzessb96xg1mmwqoculpn3tfmvllqv84733k.jpg\" alt=\"Las \u00ablulas\u00bb, calamares a la parrilla al estilo portugu\u00e9s con pimientos y lim\u00f3n, un plato t\u00edpico portugu\u00e9s que no te puedes perder.\" \/><\/figure><\/div><div class=\"swiper-slide\" role=\"group\" aria-roledescription=\"slide\" aria-label=\"6 de 7\"><figure class=\"swiper-slide-inner\"><img decoding=\"async\" class=\"swiper-slide-image\" src=\"https:\/\/oceancamper.com\/wp-content\/uploads\/elementor\/thumbs\/IMG-20250318-WA0024-r31vqw09zjzchyfsmtkob9p6v7brly3pe8lst78mls.jpg\" alt=\"Caldeirada de peixe, un guiso portugu\u00e9s de pescado con patatas y pimientos, un plato tradicional portugu\u00e9s.\" \/><\/figure><\/div><div class=\"swiper-slide\" role=\"group\" aria-roledescription=\"slide\" aria-label=\"7 de 7\"><figure class=\"swiper-slide-inner\"><img decoding=\"async\" class=\"swiper-slide-image\" src=\"https:\/\/oceancamper.com\/wp-content\/uploads\/elementor\/thumbs\/IMG-20250318-WA0020-r31vr6ci2qdi1o0ryg1kkp39efwsym8r3ns538tapc.jpg\" alt=\"Comida portuguesa: sardinas a la parrilla (sardinhas) servidas con lim\u00f3n y hierbas.\" \/><\/figure><\/div>\t\t\t<\/div>\n\t\t\t\t\t\t\t\t\t\t\t\t<div class=\"elementor-swiper-button elementor-swiper-button-prev\" role=\"button\" tabindex=\"0\">\n\t\t\t\t\t\t<i aria-hidden=\"true\" class=\"eicon-chevron-left\"><\/i>\t\t\t\t\t<\/div>\n\t\t\t\t\t<div class=\"elementor-swiper-button elementor-swiper-button-next\" role=\"button\" tabindex=\"0\">\n\t\t\t\t\t\t<i aria-hidden=\"true\" class=\"eicon-chevron-right\"><\/i>\t\t\t\t\t<\/div>\n\t\t\t\t\n\t\t\t\t\t\t\t\t\t<\/div>\n\t\t\t\t\t\t<\/div>\n\t\t\t\t<\/div>\n\t\t\t\t<div class=\"elementor-element elementor-element-fc47e49 elementor-widget elementor-widget-heading\" data-id=\"fc47e49\" data-element_type=\"widget\" data-e-type=\"widget\" data-widget_type=\"heading.default\">\n\t\t\t\t<div class=\"elementor-widget-container\">\n\t\t\t\t\t<h2 class=\"elementor-heading-title elementor-size-default\">El pescado local, la esencia de la gastronom\u00eda portuguesa<\/h2>\t\t\t\t<\/div>\n\t\t\t\t<\/div>\n\t\t\t\t<div class=\"elementor-element elementor-element-585784b elementor-widget elementor-widget-text-editor\" data-id=\"585784b\" data-element_type=\"widget\" data-e-type=\"widget\" data-widget_type=\"text-editor.default\">\n\t\t\t\t<div class=\"elementor-widget-container\">\n\t\t\t\t\t\t\t\t\t<p>La cocina portuguesa es inseparable del mar. El pescado a la parrilla suele ser el plato fuerte de cualquier comida. Aqu\u00ed tienes algunos de nuestros favoritos:  <\/p><ul><li><strong>Sardinas (Sardinhas):<\/strong> El plato veraniego por excelencia de Portugal. Se asan enteras y se sirven con pan o patatas. <\/li><li><strong>Besugo (Dourada) y Lubina (Robalo):<\/strong> Ambas se cocinan frecuentemente a la parrilla. La sencilla preparaci\u00f3n permite que brille su delicado sabor. <\/li><li><strong>Calamares (Lulas):<\/strong> Los encontrar\u00e1s a la plancha o fritos.<\/li><li><strong>Camarones (Camar\u00e3o):<\/strong> Normalmente a la plancha o fritas.<\/li><li><strong>Pulpo (Polvo):<\/strong> Un plato muy popular en Portugal. Prueba el \u00abPolvo \u00e0 Lagareiro\u00bb, pulpo al horno con aceite de oliva y ajo. <\/li><li><strong>Cataplana y caldeirada de peixe:<\/strong> platos de marisco cocinados a fuego lento y llenos de sabores intensos.<\/li><\/ul><p>El pescado fresco suele venir cubierto de ajo, cilantro y aceite de oliva. Si no te gusta ninguno de estos ingredientes, pide a tu camarero que los omita o los sirva por separado. <\/p>\t\t\t\t\t\t\t\t<\/div>\n\t\t\t\t<\/div>\n\t\t\t\t\t<\/div>\n\t\t<\/div>\n\t\t\t\t\t<\/div>\n\t\t<\/section>\n\t\t\t\t<section class=\"elementor-section elementor-top-section elementor-element elementor-element-5892d0d7 elementor-section-stretched elementor-section-boxed elementor-section-height-default elementor-section-height-default\" data-id=\"5892d0d7\" data-element_type=\"section\" data-e-type=\"section\" id=\"shellfish\" data-settings=\"{&quot;stretch_section&quot;:&quot;section-stretched&quot;,&quot;background_background&quot;:&quot;classic&quot;}\">\n\t\t\t\t\t\t<div class=\"elementor-container elementor-column-gap-default\">\n\t\t\t\t\t<div class=\"elementor-column elementor-col-100 elementor-top-column elementor-element elementor-element-60bb4669\" data-id=\"60bb4669\" data-element_type=\"column\" data-e-type=\"column\">\n\t\t\t<div class=\"elementor-widget-wrap elementor-element-populated\">\n\t\t\t\t\t\t<div class=\"elementor-element elementor-element-95aa85f elementor-arrows-position-inside elementor-widget elementor-widget-image-carousel\" data-id=\"95aa85f\" data-element_type=\"widget\" data-e-type=\"widget\" data-settings=\"{&quot;slides_to_show&quot;:&quot;1&quot;,&quot;navigation&quot;:&quot;arrows&quot;,&quot;autoplay&quot;:&quot;yes&quot;,&quot;pause_on_hover&quot;:&quot;yes&quot;,&quot;pause_on_interaction&quot;:&quot;yes&quot;,&quot;autoplay_speed&quot;:5000,&quot;infinite&quot;:&quot;yes&quot;,&quot;effect&quot;:&quot;slide&quot;,&quot;speed&quot;:500}\" data-widget_type=\"image-carousel.default\">\n\t\t\t\t<div class=\"elementor-widget-container\">\n\t\t\t\t\t\t\t<div class=\"elementor-image-carousel-wrapper swiper\" role=\"region\" aria-roledescription=\"carousel\" aria-label=\"Image Carousel\" dir=\"ltr\">\n\t\t\t<div class=\"elementor-image-carousel swiper-wrapper\" aria-live=\"off\">\n\t\t\t\t\t\t\t\t<div class=\"swiper-slide\" role=\"group\" aria-roledescription=\"slide\" aria-label=\"1 de 3\"><figure class=\"swiper-slide-inner\"><img decoding=\"async\" class=\"swiper-slide-image\" src=\"https:\/\/oceancamper.com\/wp-content\/uploads\/elementor\/thumbs\/conquilhas-rent-a-tent-q88kv0o0odh5v5sx65txgpy0rm4d8fy8qcfmzxxgmo.jpg\" alt=\"Conquilhas (almejas en forma de cu\u00f1a) cocinadas en salsa de ajo y vino, un plato t\u00edpico portugu\u00e9s y un manjar a base de marisco.\" \/><\/figure><\/div><div class=\"swiper-slide\" role=\"group\" aria-roledescription=\"slide\" aria-label=\"2 de 3\"><figure class=\"swiper-slide-inner\"><img decoding=\"async\" class=\"swiper-slide-image\" src=\"https:\/\/oceancamper.com\/wp-content\/uploads\/elementor\/thumbs\/lingueirao-rent-a-tent-q88kv2jp21jqidq6v6n6lpgxydv3nu5pelqlyhuoa8.jpg\" alt=\"Lingueir\u00e3o (navajas) cocinadas con ajo y vino, un plato t\u00edpico portugu\u00e9s de marisco del Algarve.\" \/><\/figure><\/div><div class=\"swiper-slide\" role=\"group\" aria-roledescription=\"slide\" aria-label=\"3 de 3\"><figure class=\"swiper-slide-inner\"><img decoding=\"async\" class=\"swiper-slide-image\" src=\"https:\/\/oceancamper.com\/wp-content\/uploads\/elementor\/thumbs\/Ostra-rent-a-tent-in-portugal-low-cost-1024x576-1-q88kv3hj8vl0tzotpp1t678ejrqgvj9fqqe3frta40.jpg\" alt=\"Ostras en su concha con lim\u00f3n, un manjar portugu\u00e9s a base de marisco.\" \/><\/figure><\/div>\t\t\t<\/div>\n\t\t\t\t\t\t\t\t\t\t\t\t<div class=\"elementor-swiper-button elementor-swiper-button-prev\" role=\"button\" tabindex=\"0\">\n\t\t\t\t\t\t<i aria-hidden=\"true\" class=\"eicon-chevron-left\"><\/i>\t\t\t\t\t<\/div>\n\t\t\t\t\t<div class=\"elementor-swiper-button elementor-swiper-button-next\" role=\"button\" tabindex=\"0\">\n\t\t\t\t\t\t<i aria-hidden=\"true\" class=\"eicon-chevron-right\"><\/i>\t\t\t\t\t<\/div>\n\t\t\t\t\n\t\t\t\t\t\t\t\t\t<\/div>\n\t\t\t\t\t\t<\/div>\n\t\t\t\t<\/div>\n\t\t\t\t<div class=\"elementor-element elementor-element-47c428 elementor-widget elementor-widget-heading\" data-id=\"47c428\" data-element_type=\"widget\" data-e-type=\"widget\" data-widget_type=\"heading.default\">\n\t\t\t\t<div class=\"elementor-widget-container\">\n\t\t\t\t\t<h2 class=\"elementor-heading-title elementor-size-default\">Mariscos de Portugal.<\/h2>\t\t\t\t<\/div>\n\t\t\t\t<\/div>\n\t\t\t\t<div class=\"elementor-element elementor-element-78ceb404 elementor-widget elementor-widget-text-editor\" data-id=\"78ceb404\" data-element_type=\"widget\" data-e-type=\"widget\" data-widget_type=\"text-editor.default\">\n\t\t\t\t<div class=\"elementor-widget-container\">\n\t\t\t\t\t\t\t\t\t<p>La costa de Portugal tambi\u00e9n ofrece una gran variedad de marisco. La mayor\u00eda de estos mariscos se sirven como entrantes con una sabrosa salsa a base de vino blanco, ajo, aceite de oliva y cilantro, perfecta para mojar pan. El marisco tambi\u00e9n se utiliza en platos de arroz, cataplanas y guisos.  <\/p><ul><li><strong>Am\u00eaijoa (<a href=\"https:\/\/en.wikipedia.org\/wiki\/Clam\" target=\"_blank\" rel=\"noopener\">almejas<\/a>)<\/strong>: un cl\u00e1sico que siempre gusta.<\/li><li><strong>Lingueir\u00e3o (<a href=\"https:\/\/en.wikipedia.org\/wiki\/Razor_clam\" target=\"_blank\" rel=\"noopener\">navajas<\/a>)<\/strong>, deliciosas y tiernas.<\/li><li><strong>Conquilhas (<a href=\"https:\/\/en.wikipedia.org\/wiki\/Donax_trunculus\" target=\"_blank\" rel=\"noopener\">almejas en cu\u00f1a<\/a>)<\/strong>, peque\u00f1as pero sabrosas.<\/li><li><strong>Berbig\u00e3o (<a href=\"https:\/\/en.wikipedia.org\/wiki\/Cockle_(bivalve)\" target=\"_blank\" rel=\"noopener\">berberechos<\/a>)<\/strong>, que suelen ser las almejas m\u00e1s baratas.<\/li><li><strong><a href=\"https:\/\/en.wikipedia.org\/wiki\/Oyster\" target=\"_blank\" rel=\"noopener\">Ostras<\/a>:<\/strong> Se comen mejor crudas o abiertas en la barbacoa con un chorrito de lim\u00f3n<\/li><\/ul>\t\t\t\t\t\t\t\t<\/div>\n\t\t\t\t<\/div>\n\t\t\t\t\t<\/div>\n\t\t<\/div>\n\t\t\t\t\t<\/div>\n\t\t<\/section>\n\t\t\t\t<section class=\"elementor-section elementor-top-section elementor-element elementor-element-6a3ceac3 elementor-section-stretched elementor-section-boxed elementor-section-height-default elementor-section-height-default\" data-id=\"6a3ceac3\" data-element_type=\"section\" data-e-type=\"section\" id=\"meat\" data-settings=\"{&quot;stretch_section&quot;:&quot;section-stretched&quot;,&quot;background_background&quot;:&quot;classic&quot;}\">\n\t\t\t\t\t\t<div class=\"elementor-container elementor-column-gap-default\">\n\t\t\t\t\t<div class=\"elementor-column elementor-col-100 elementor-top-column elementor-element elementor-element-1aafa65\" data-id=\"1aafa65\" data-element_type=\"column\" data-e-type=\"column\">\n\t\t\t<div class=\"elementor-widget-wrap elementor-element-populated\">\n\t\t\t\t\t\t<div class=\"elementor-element elementor-element-d7553ca elementor-arrows-position-inside elementor-widget elementor-widget-image-carousel\" data-id=\"d7553ca\" data-element_type=\"widget\" data-e-type=\"widget\" data-settings=\"{&quot;slides_to_show&quot;:&quot;1&quot;,&quot;navigation&quot;:&quot;arrows&quot;,&quot;autoplay&quot;:&quot;yes&quot;,&quot;pause_on_hover&quot;:&quot;yes&quot;,&quot;pause_on_interaction&quot;:&quot;yes&quot;,&quot;autoplay_speed&quot;:5000,&quot;infinite&quot;:&quot;yes&quot;,&quot;effect&quot;:&quot;slide&quot;,&quot;speed&quot;:500}\" data-widget_type=\"image-carousel.default\">\n\t\t\t\t<div class=\"elementor-widget-container\">\n\t\t\t\t\t\t\t<div class=\"elementor-image-carousel-wrapper swiper\" role=\"region\" aria-roledescription=\"carousel\" aria-label=\"Image Carousel\" dir=\"ltr\">\n\t\t\t<div class=\"elementor-image-carousel swiper-wrapper\" aria-live=\"off\">\n\t\t\t\t\t\t\t\t<div class=\"swiper-slide\" role=\"group\" aria-roledescription=\"slide\" aria-label=\"1 de 3\"><figure class=\"swiper-slide-inner\"><img decoding=\"async\" class=\"swiper-slide-image\" src=\"https:\/\/oceancamper.com\/wp-content\/uploads\/elementor\/thumbs\/chourico-assado-rent-a-campervan-in-portugal-q88kv5d7mjnlh7m3epv2b6rbqjh7axgwezp2ebqhrk.jpg\" alt=\"Chouri\u00e7o asado, una salchicha portuguesa asada a la brasa, un entrante t\u00edpico de la cocina portuguesa.\" \/><\/figure><\/div><div class=\"swiper-slide\" role=\"group\" aria-roledescription=\"slide\" aria-label=\"2 de 3\"><figure class=\"swiper-slide-inner\"><img decoding=\"async\" class=\"swiper-slide-image\" src=\"https:\/\/oceancamper.com\/wp-content\/uploads\/elementor\/thumbs\/portuguesa-rent-a-CAMPERVAN-IN-FARO-q88kv5d7mjnlh7m3epv2b6rbqjh7axgwezp2ebqhrk.jpg\" alt=\"Carne \u00e0 Portuguesa, un plato tradicional portugu\u00e9s a base de carne de cerdo y patatas que se sirve con encurtidos y aceitunas.\" \/><\/figure><\/div><div class=\"swiper-slide\" role=\"group\" aria-roledescription=\"slide\" aria-label=\"3 de 3\"><figure class=\"swiper-slide-inner\"><img decoding=\"async\" class=\"swiper-slide-image\" src=\"https:\/\/oceancamper.com\/wp-content\/uploads\/elementor\/thumbs\/rent-a-van-port-vine-q88kv6b1tdovstkq989ovoisbxckimkmr4cjvlp3lc.jpg\" alt=\"Comida portuguesa: carne tierna en salsa de vino de Oporto, acompa\u00f1ada de verduras.\" \/><\/figure><\/div>\t\t\t<\/div>\n\t\t\t\t\t\t\t\t\t\t\t\t<div class=\"elementor-swiper-button elementor-swiper-button-prev\" role=\"button\" tabindex=\"0\">\n\t\t\t\t\t\t<i aria-hidden=\"true\" class=\"eicon-chevron-left\"><\/i>\t\t\t\t\t<\/div>\n\t\t\t\t\t<div class=\"elementor-swiper-button elementor-swiper-button-next\" role=\"button\" tabindex=\"0\">\n\t\t\t\t\t\t<i aria-hidden=\"true\" class=\"eicon-chevron-right\"><\/i>\t\t\t\t\t<\/div>\n\t\t\t\t\n\t\t\t\t\t\t\t\t\t<\/div>\n\t\t\t\t\t\t<\/div>\n\t\t\t\t<\/div>\n\t\t\t\t<div class=\"elementor-element elementor-element-3a52406f elementor-widget elementor-widget-heading\" data-id=\"3a52406f\" data-element_type=\"widget\" data-e-type=\"widget\" data-widget_type=\"heading.default\">\n\t\t\t\t<div class=\"elementor-widget-container\">\n\t\t\t\t\t<h2 class=\"elementor-heading-title elementor-size-default\">Platos de carne t\u00edpicos.<\/h2>\t\t\t\t<\/div>\n\t\t\t\t<\/div>\n\t\t\t\t<div class=\"elementor-element elementor-element-1bef99b2 elementor-widget elementor-widget-text-editor\" data-id=\"1bef99b2\" data-element_type=\"widget\" data-e-type=\"widget\" data-widget_type=\"text-editor.default\">\n\t\t\t\t<div class=\"elementor-widget-container\">\n\t\t\t\t\t\t\t\t\t<p data-start=\"2835\" data-end=\"3049\">Aunque el marisco se lleva la palma, Portugal tambi\u00e9n ofrece mucho para los amantes de la carne. Las recetas tradicionales suelen llevar cerdo, ajo y vino. He aqu\u00ed algunos platos que debes probar:  <\/p><ul><li data-start=\"3053\" data-end=\"3178\"><strong data-start=\"3053\" data-end=\"3073\">Chouri\u00e7o Asado:<\/strong> Salchicha asada portuguesa servida como entrante con pan crujiente.<\/li><li data-start=\"3181\" data-end=\"3332\"><strong data-start=\"3181\" data-end=\"3204\">Carne a la Alentejana:<\/strong> Cubos de cerdo cocidos en salsa de vino blanco y ajo, con guarnici\u00f3n de pepinillos y almejas.<\/li><li data-start=\"3335\" data-end=\"3450\"><strong data-start=\"3335\" data-end=\"3358\">Carne a la Portuguesa:<\/strong> Similar a la versi\u00f3n alentejana pero sin almejas.<\/li><li data-start=\"3453\" data-end=\"3586\"><strong data-start=\"3453\" data-end=\"3481\">Carne en salsa de oporto:<\/strong> una receta tradicional en la que la carne se cocina a fuego lento en vino de Oporto.<\/li><li data-start=\"3589\" data-end=\"3755\"><strong data-start=\"3589\" data-end=\"3618\">Pollo y<\/strong> carne a la parrilla: Encontrar\u00e1s muchos restaurantes que ofrecen pollo o carne a la parrilla sencillos y de calidad excepcional.<\/li><\/ul>\t\t\t\t\t\t\t\t<\/div>\n\t\t\t\t<\/div>\n\t\t\t\t\t<\/div>\n\t\t<\/div>\n\t\t\t\t\t<\/div>\n\t\t<\/section>\n\t\t\t\t<section class=\"elementor-section elementor-top-section elementor-element elementor-element-15e8caed elementor-section-stretched elementor-section-boxed elementor-section-height-default elementor-section-height-default\" data-id=\"15e8caed\" data-element_type=\"section\" data-e-type=\"section\" id=\"fruits\" data-settings=\"{&quot;stretch_section&quot;:&quot;section-stretched&quot;,&quot;background_background&quot;:&quot;classic&quot;}\">\n\t\t\t\t\t\t<div class=\"elementor-container elementor-column-gap-default\">\n\t\t\t\t\t<div class=\"elementor-column elementor-col-100 elementor-top-column elementor-element elementor-element-7f88a424\" data-id=\"7f88a424\" data-element_type=\"column\" data-e-type=\"column\">\n\t\t\t<div class=\"elementor-widget-wrap elementor-element-populated\">\n\t\t\t\t\t\t<div class=\"elementor-element elementor-element-32d6887 elementor-arrows-position-inside elementor-widget elementor-widget-image-carousel\" data-id=\"32d6887\" data-element_type=\"widget\" data-e-type=\"widget\" data-settings=\"{&quot;slides_to_show&quot;:&quot;1&quot;,&quot;navigation&quot;:&quot;arrows&quot;,&quot;autoplay&quot;:&quot;yes&quot;,&quot;pause_on_hover&quot;:&quot;yes&quot;,&quot;pause_on_interaction&quot;:&quot;yes&quot;,&quot;autoplay_speed&quot;:5000,&quot;infinite&quot;:&quot;yes&quot;,&quot;effect&quot;:&quot;slide&quot;,&quot;speed&quot;:500}\" data-widget_type=\"image-carousel.default\">\n\t\t\t\t<div class=\"elementor-widget-container\">\n\t\t\t\t\t\t\t<div class=\"elementor-image-carousel-wrapper swiper\" role=\"region\" aria-roledescription=\"carousel\" aria-label=\"Image Carousel\" dir=\"ltr\">\n\t\t\t<div class=\"elementor-image-carousel swiper-wrapper\" aria-live=\"off\">\n\t\t\t\t\t\t\t\t<div class=\"swiper-slide\" role=\"group\" aria-roledescription=\"slide\" aria-label=\"1 de 3\"><figure class=\"swiper-slide-inner\"><img decoding=\"async\" class=\"swiper-slide-image\" src=\"https:\/\/oceancamper.com\/wp-content\/uploads\/elementor\/thumbs\/mangas-rent-a-van-q88kv94kdvsqrngmsrhkl5t642yo5pvtrib0bfkx2o.png\" alt=\"Mangos frescos en un mercado portugu\u00e9s del Algarve, coloridos productos locales.\" \/><\/figure><\/div><div class=\"swiper-slide\" role=\"group\" aria-roledescription=\"slide\" aria-label=\"2 de 3\"><figure class=\"swiper-slide-inner\"><img decoding=\"async\" class=\"swiper-slide-image\" src=\"https:\/\/oceancamper.com\/wp-content\/uploads\/elementor\/thumbs\/mercadinho-rent-a-campervan-in-Faro-q88kvby2ydwlqhcjcapgan3jw8krst70rw9gr9gqk0.jpg\" alt=\"Verduras frescas en un mercado portugu\u00e9s del Algarve, coloridos productos locales.\" \/><\/figure><\/div><div class=\"swiper-slide\" role=\"group\" aria-roledescription=\"slide\" aria-label=\"3 de 3\"><figure class=\"swiper-slide-inner\"><img decoding=\"async\" class=\"swiper-slide-image\" src=\"https:\/\/oceancamper.com\/wp-content\/uploads\/elementor\/thumbs\/mercadinho-rent-a-tent-q88kvdtrc1z6dp9t1bipfmmh30bi87ehg5kfptdy7k.jpg\" alt=\"Verduras y frutas frescas en un mercadinho portugu\u00e9s del Algarve.\" \/><\/figure><\/div>\t\t\t<\/div>\n\t\t\t\t\t\t\t\t\t\t\t\t<div class=\"elementor-swiper-button elementor-swiper-button-prev\" role=\"button\" tabindex=\"0\">\n\t\t\t\t\t\t<i aria-hidden=\"true\" class=\"eicon-chevron-left\"><\/i>\t\t\t\t\t<\/div>\n\t\t\t\t\t<div class=\"elementor-swiper-button elementor-swiper-button-next\" role=\"button\" tabindex=\"0\">\n\t\t\t\t\t\t<i aria-hidden=\"true\" class=\"eicon-chevron-right\"><\/i>\t\t\t\t\t<\/div>\n\t\t\t\t\n\t\t\t\t\t\t\t\t\t<\/div>\n\t\t\t\t\t\t<\/div>\n\t\t\t\t<\/div>\n\t\t\t\t<div class=\"elementor-element elementor-element-5a4c81d7 elementor-widget elementor-widget-heading\" data-id=\"5a4c81d7\" data-element_type=\"widget\" data-e-type=\"widget\" data-widget_type=\"heading.default\">\n\t\t\t\t<div class=\"elementor-widget-container\">\n\t\t\t\t\t<h2 class=\"elementor-heading-title elementor-size-default\">Frutas y verduras locales.<\/h2>\t\t\t\t<\/div>\n\t\t\t\t<\/div>\n\t\t\t\t<div class=\"elementor-element elementor-element-419898c elementor-widget elementor-widget-text-editor\" data-id=\"419898c\" data-element_type=\"widget\" data-e-type=\"widget\" data-widget_type=\"text-editor.default\">\n\t\t\t\t<div class=\"elementor-widget-container\">\n\t\t\t\t\t\t\t\t\t<p data-start=\"3789\" data-end=\"4033\">Gracias al clima templado de Portugal, puedes disfrutar de fruta y verdura fresca durante todo el a\u00f1o. La mayor\u00eda de los productos locales son de temporada y se venden maduros en los mercados semanales o en el <strong data-start=\"3946\" data-end=\"3967\">Mercado Municipal<\/strong>. Esto es lo que debes buscar:  <\/p><ul><li data-start=\"4037\" data-end=\"4105\"><strong data-start=\"4037\" data-end=\"4049\">Aguacate:<\/strong> Oto\u00f1o e invierno.<\/li><li data-start=\"4108\" data-end=\"4191\"><strong data-start=\"4108\" data-end=\"4126\">C\u00edtricos:<\/strong> Naranjas, limones y m\u00e1s.<\/li><li data-start=\"4194\" data-end=\"4269\"><strong data-start=\"4194\" data-end=\"4213\">Mango y Papaya:<\/strong> Verano y oto\u00f1o.<\/li><li data-start=\"4272\" data-end=\"4340\"><strong data-start=\"4272\" data-end=\"4284\">Melocotones:<\/strong> Verano y oto\u00f1o.<\/li><li data-start=\"4343\" data-end=\"4407\"><strong data-start=\"4343\" data-end=\"4360\">Granadas:<\/strong> Oto\u00f1o.<\/li><li data-start=\"4410\" data-end=\"4511\"><strong data-start=\"4410\" data-end=\"4459\">Chirimoya, Maracuy\u00e1, Higos:<\/strong> Finales de verano.<\/li><li data-start=\"4514\" data-end=\"4659\"><strong data-start=\"4514\" data-end=\"4570\">Pl\u00e1tanos de Madeira y pi\u00f1as de las Azores:<\/strong> Frutas tropicales dulces cultivadas en las islas de Portugal.<\/li><li data-start=\"4662\" data-end=\"4757\"><strong data-start=\"4662\" data-end=\"4684\">Verduras comunes:<\/strong> Frescas, locales y llenas de sabor.<\/li><\/ul><p data-start=\"4759\" data-end=\"4860\">Cuando visites un mercado local, pregunta a los vendedores por los mejores productos de temporada y prueba algo nuevo.<\/p>\t\t\t\t\t\t\t\t<\/div>\n\t\t\t\t<\/div>\n\t\t\t\t\t<\/div>\n\t\t<\/div>\n\t\t\t\t\t<\/div>\n\t\t<\/section>\n\t\t\t\t<section class=\"elementor-section elementor-top-section elementor-element elementor-element-567d3fac elementor-section-stretched elementor-section-boxed elementor-section-height-default elementor-section-height-default\" data-id=\"567d3fac\" data-element_type=\"section\" data-e-type=\"section\" id=\"other\" data-settings=\"{&quot;stretch_section&quot;:&quot;section-stretched&quot;,&quot;background_background&quot;:&quot;classic&quot;}\">\n\t\t\t\t\t\t<div class=\"elementor-container elementor-column-gap-default\">\n\t\t\t\t\t<div class=\"elementor-column elementor-col-100 elementor-top-column elementor-element elementor-element-13d1d9a4\" data-id=\"13d1d9a4\" data-element_type=\"column\" data-e-type=\"column\">\n\t\t\t<div class=\"elementor-widget-wrap elementor-element-populated\">\n\t\t\t\t\t\t<div class=\"elementor-element elementor-element-80c07a1 elementor-widget elementor-widget-heading\" data-id=\"80c07a1\" data-element_type=\"widget\" data-e-type=\"widget\" data-widget_type=\"heading.default\">\n\t\t\t\t<div class=\"elementor-widget-container\">\n\t\t\t\t\t<h2 class=\"elementor-heading-title elementor-size-default\">Otras especialidades locales.<\/h2>\t\t\t\t<\/div>\n\t\t\t\t<\/div>\n\t\t\t\t<div class=\"elementor-element elementor-element-23ed233d elementor-widget elementor-widget-text-editor\" data-id=\"23ed233d\" data-element_type=\"widget\" data-e-type=\"widget\" data-widget_type=\"text-editor.default\">\n\t\t\t\t<div class=\"elementor-widget-container\">\n\t\t\t\t\t\t\t\t\t<p data-start=\"4891\" data-end=\"4989\">Por \u00faltimo, ninguna gu\u00eda gastron\u00f3mica portuguesa estar\u00eda completa sin mencionar el <strong data-start=\"4962\" data-end=\"4970\">vino<\/strong> y el <strong data-start=\"4975\" data-end=\"4988\">aceite de oliva<\/strong>.<\/p><ul><li data-start=\"4993\" data-end=\"5286\"><strong data-start=\"4993\" data-end=\"5002\">Vino:<\/strong> Con el vino portugu\u00e9s casi nunca te equivocas. De hecho, las botellas m\u00e1s baratas pueden estar a la altura de las m\u00e1s caras. Si tienes dudas, elige una botella de la regi\u00f3n del Alentejo; los vinos m\u00e1s j\u00f3venes suelen ser los mejores.  <\/li><li data-start=\"5289\" data-end=\"5728\"><strong data-start=\"5289\" data-end=\"5303\">Aceite de oliva:<\/strong> A la hora de elegir aceite de oliva, busca <strong data-start=\"5338\" data-end=\"5354\">el virgen extra<\/strong>, que se obtiene de la primera prensada en fr\u00edo de las aceitunas. <strong data-start=\"5454\" data-end=\"5474\">El aceite de oliva virgen<\/strong> procede de la segunda prensada, mientras que <strong data-start=\"5558\" data-end=\"5571\">el aceite de oliva<\/strong> normal procede de la tercera. Un buen aceite tendr\u00e1 una acidez del 0,80 % o menos. <\/li><\/ul>\t\t\t\t\t\t\t\t<\/div>\n\t\t\t\t<\/div>\n\t\t\t\t<div class=\"elementor-element elementor-element-f9a2b31 elementor-widget elementor-widget-heading\" data-id=\"f9a2b31\" data-element_type=\"widget\" data-e-type=\"widget\" id=\"faq\" data-widget_type=\"heading.default\">\n\t\t\t\t<div class=\"elementor-widget-container\">\n\t\t\t\t\t<h2 class=\"elementor-heading-title elementor-size-default\">Preguntas frecuentes<\/h2>\t\t\t\t<\/div>\n\t\t\t\t<\/div>\n\t\t\t\t<div class=\"elementor-element elementor-element-c7d41a8 elementor-widget elementor-widget-text-editor\" data-id=\"c7d41a8\" data-element_type=\"widget\" data-e-type=\"widget\" data-widget_type=\"text-editor.default\">\n\t\t\t\t<div class=\"elementor-widget-container\">\n\t\t\t\t\t\t\t\t\t<p><strong>\u00bfCu\u00e1l es el plato t\u00edpico de Portugal?<\/strong><br>El bacalhau, el bacalao salado, es lo que m\u00e1s se le parece, y se dice que hay 365 formas de prepararlo. Las sardinas a la parrilla son otra opci\u00f3n muy popular, sobre todo en verano. <\/p><p><strong>\u00bfQu\u00e9 deber\u00eda comer concretamente en el Algarve?<\/strong><br>Pescado a la parrilla reci\u00e9n sacado del barco, guiso de marisco a la cataplana, navajas y percebes. En el interior, no te pierdas el cerdo negro del Alentejo y el pollo al piri-piri. <\/p><p><strong>\u00bfEs cara la comida portuguesa?<\/strong><br>No seg\u00fan los est\u00e1ndares de Europa occidental. El \u00abprato do dia\u00bb, el men\u00fa del d\u00eda, suele ser la comida m\u00e1s econ\u00f3mica del d\u00eda. Cocinarte t\u00fa mismo el pescado que compras en el mercado sale a\u00fan m\u00e1s barato.  <\/p><p><strong>\u00bfEs f\u00e1cil comer vegetariano en Portugal?<\/strong><br>Es m\u00e1s f\u00e1cil en las ciudades que en los pueblos peque\u00f1os. Los mercados son geniales para comprar productos frescos, y es f\u00e1cil encontrar sopa, pan, queso y verduras a la parrilla, pero la mayor\u00eda de los platos tradicionales se basan en pescado o carne. <\/p><p><strong>\u00bfQu\u00e9 puedo cocinar f\u00e1cilmente en una autocaravana?<\/strong><br>Pescado fresco o sardinas en un solo fog\u00f3n de gas, almejas con ajo y vino blanco, o simplemente pan, queso, aceitunas y fruta del mercado. Todo esto se puede llevar bien y apenas hace falta nada de equipo. <\/p>\t\t\t\t\t\t\t\t<\/div>\n\t\t\t\t<\/div>\n\t\t\t\t<div class=\"elementor-element elementor-element-c4bc376 elementor-widget elementor-widget-heading\" data-id=\"c4bc376\" data-element_type=\"widget\" data-e-type=\"widget\" data-widget_type=\"heading.default\">\n\t\t\t\t<div class=\"elementor-widget-container\">\n\t\t\t\t\t<h2 class=\"elementor-heading-title elementor-size-default\">Consejos finales y qu\u00e9 hacer despu\u00e9s<\/h2>\t\t\t\t<\/div>\n\t\t\t\t<\/div>\n\t\t\t\t<div class=\"elementor-element elementor-element-77a92c1 elementor-widget elementor-widget-text-editor\" data-id=\"77a92c1\" data-element_type=\"widget\" data-e-type=\"widget\" data-widget_type=\"text-editor.default\">\n\t\t\t\t<div class=\"elementor-widget-container\">\n\t\t\t\t\t\t\t\t\t<p data-start=\"5764\" data-end=\"5983\">La gastronom\u00eda portuguesa se caracteriza por sus ingredientes sencillos y de gran calidad, y por sus recetas tradicionales. Tanto si est\u00e1s asando sardinas en la playa como si est\u00e1s degustando un vino del Alentejo en un restaurante local, t\u00f3mate tu tiempo y disfruta de cada bocado. <\/p><p data-start=\"5985\" data-end=\"6312\" data-is-last-node=\"\" data-is-only-node=\"\">\u00bfBuscas m\u00e1s ideas? Echa un vistazo a nuestras gu\u00edas sobre <a href=\"https:\/\/oceancamper.com\/es\/alquiler-de-campervan\/ocean-camper-maxima-valoracion-en-trustpilot\/\"><strong>alquilar una autocaravana en el Algarve<\/strong><\/a>, <a href=\"https:\/\/oceancamper.com\/es\/cosas-que-hacer-en-faro\/\"><strong data-start=\"6080\" data-end=\"6104\">cosas que hacer en Faro<\/strong><\/a>y <a href=\"https:\/\/oceancamper.com\/es\/blog\/\">otros consejos para explorar Portugal<\/a>. Si tienes alguna duda, env\u00edanos un correo a <strong data-start=\"6181\" data-end=\"6205\"><a href=\"mailto:info@oceancamper.com\">info@oceancamper.com<\/a><\/strong> o ll\u00e1manos o env\u00edanos un WhatsApp al <strong data-start=\"6223\" data-end=\"6243\">+351 920 301 044<\/strong>; estaremos encantados de ayudarte  <\/p>\t\t\t\t\t\t\t\t<\/div>\n\t\t\t\t<\/div>\n\t\t\t\t\t<\/div>\n\t\t<\/div>\n\t\t\t\t\t<\/div>\n\t\t<\/section>\n\t\t\t\t<section class=\"elementor-section elementor-top-section elementor-element elementor-element-3f85b71d elementor-section-stretched elementor-section-boxed elementor-section-height-default elementor-section-height-default\" data-id=\"3f85b71d\" data-element_type=\"section\" data-e-type=\"section\" data-settings=\"{&quot;stretch_section&quot;:&quot;section-stretched&quot;,&quot;background_background&quot;:&quot;classic&quot;}\">\n\t\t\t\t\t\t<div class=\"elementor-container elementor-column-gap-default\">\n\t\t\t\t\t<div class=\"elementor-column elementor-col-100 elementor-top-column elementor-element elementor-element-60b50a2f\" data-id=\"60b50a2f\" data-element_type=\"column\" data-e-type=\"column\">\n\t\t\t<div class=\"elementor-widget-wrap elementor-element-populated\">\n\t\t\t\t\t\t<section class=\"elementor-section elementor-inner-section elementor-element elementor-element-22005879 elementor-section-boxed elementor-section-height-default elementor-section-height-default\" data-id=\"22005879\" data-element_type=\"section\" data-e-type=\"section\">\n\t\t\t\t\t\t<div class=\"elementor-container elementor-column-gap-default\">\n\t\t\t\t\t<div class=\"elementor-column elementor-col-100 elementor-inner-column elementor-element elementor-element-3a0da7fc\" data-id=\"3a0da7fc\" data-element_type=\"column\" data-e-type=\"column\">\n\t\t\t<div class=\"elementor-widget-wrap elementor-element-populated\">\n\t\t\t\t\t\t<div class=\"elementor-element elementor-element-0c136db elementor-widget elementor-widget-heading\" data-id=\"0c136db\" data-element_type=\"widget\" data-e-type=\"widget\" data-widget_type=\"heading.default\">\n\t\t\t\t<div class=\"elementor-widget-container\">\n\t\t\t\t\t<h3 class=\"elementor-heading-title elementor-size-default\">Consulta nuestras otras publicaciones:<\/h3>\t\t\t\t<\/div>\n\t\t\t\t<\/div>\n\t\t\t\t<div class=\"elementor-element elementor-element-77d91a59 elementor-grid-tablet-3 elementor-grid-3 elementor-grid-mobile-1 elementor-posts--thumbnail-top elementor-posts__hover-gradient elementor-widget elementor-widget-posts\" data-id=\"77d91a59\" data-element_type=\"widget\" data-e-type=\"widget\" data-settings=\"{&quot;cards_row_gap&quot;:{&quot;unit&quot;:&quot;px&quot;,&quot;size&quot;:20,&quot;sizes&quot;:[]},&quot;cards_row_gap_mobile&quot;:{&quot;unit&quot;:&quot;px&quot;,&quot;size&quot;:10,&quot;sizes&quot;:[]},&quot;cards_columns_tablet&quot;:&quot;3&quot;,&quot;cards_row_gap_tablet&quot;:{&quot;unit&quot;:&quot;px&quot;,&quot;size&quot;:5,&quot;sizes&quot;:[]},&quot;cards_columns&quot;:&quot;3&quot;,&quot;cards_columns_mobile&quot;:&quot;1&quot;}\" data-widget_type=\"posts.cards\">\n\t\t\t\t<div class=\"elementor-widget-container\">\n\t\t\t\t\t\t\t<div class=\"elementor-posts-container elementor-posts elementor-posts--skin-cards elementor-grid\" role=\"list\">\n\t\t\t\t<article class=\"elementor-post elementor-grid-item post-82376 post type-post status-publish format-standard has-post-thumbnail hentry category-consejos-de-camping tag-acampar-en-una-furgoneta-pequena tag-bano tag-donde-esta-el-bano-publico tag-wc-es\" role=\"listitem\">\n\t\t\t<div class=\"elementor-post__card\">\n\t\t\t\t<a class=\"elementor-post__thumbnail__link\" href=\"https:\/\/oceancamper.com\/es\/el-bano-cuando-vas-de-acampada\/\" tabindex=\"-1\" ><div class=\"elementor-post__thumbnail\"><img fetchpriority=\"high\" decoding=\"async\" width=\"300\" height=\"200\" src=\"https:\/\/oceancamper.com\/wp-content\/uploads\/2025\/10\/image00031-300x200.jpeg\" class=\"attachment-medium size-medium wp-image-204421\" alt=\"Una furgoneta Ocean Camper aparcada en los acantilados del Algarve al atardecer, con unas vistas espectaculares para acampar y hacer viajes por carretera en Portugal.\" srcset=\"https:\/\/oceancamper.com\/wp-content\/uploads\/2025\/10\/image00031-300x200.jpeg 300w, https:\/\/oceancamper.com\/wp-content\/uploads\/2025\/10\/image00031-1024x683.jpeg 1024w, https:\/\/oceancamper.com\/wp-content\/uploads\/2025\/10\/image00031-768x512.jpeg 768w, https:\/\/oceancamper.com\/wp-content\/uploads\/2025\/10\/image00031-1536x1024.jpeg 1536w, https:\/\/oceancamper.com\/wp-content\/uploads\/2025\/10\/image00031-2048x1365.jpeg 2048w, https:\/\/oceancamper.com\/wp-content\/uploads\/2025\/10\/image00031-240x160.jpeg 240w\" sizes=\"(max-width: 300px) 100vw, 300px\" \/><\/div><\/a>\n\t\t\t\t<div class=\"elementor-post__text\">\n\t\t\t\t<h2 class=\"elementor-post__title\">\n\t\t\t<a href=\"https:\/\/oceancamper.com\/es\/el-bano-cuando-vas-de-acampada\/\" >\n\t\t\t\tEncontra una ba\u00f1o al acampar\t\t\t<\/a>\n\t\t<\/h2>\n\t\t\t\t<div class=\"elementor-post__excerpt\">\n\t\t\t<p>C\u00f3mo encontrar aseos en Portugal Cuando viajas en una autocaravana sin ba\u00f1o integrado, decidir d\u00f3nde ir puede resultar estresante. Por suerte, Portugal te ofrece un mont\u00f3n de opciones, desde campings<\/p>\n\t\t<\/div>\n\t\t\n\t\t<a class=\"elementor-post__read-more\" href=\"https:\/\/oceancamper.com\/es\/el-bano-cuando-vas-de-acampada\/\" aria-label=\"M\u00e1s informaci\u00f3n sobre Encontra una ba\u00f1o al acampar\" tabindex=\"-1\" >\n\t\t\tLeer m\u00e1s \u00bb\t\t<\/a>\n\n\t\t\t\t<\/div>\n\t\t\t\t\t<\/div>\n\t\t<\/article>\n\t\t\t\t<article class=\"elementor-post elementor-grid-item post-82365 post type-post status-publish format-standard has-post-thumbnail hentry category-consejos-de-camping tag-consejosdecamping-campingapps-camping-es\" role=\"listitem\">\n\t\t\t<div class=\"elementor-post__card\">\n\t\t\t\t<a class=\"elementor-post__thumbnail__link\" href=\"https:\/\/oceancamper.com\/es\/top-10-apps-y-sitios-web-de-camping\/\" tabindex=\"-1\" ><div class=\"elementor-post__thumbnail\"><img decoding=\"async\" width=\"300\" height=\"200\" src=\"https:\/\/oceancamper.com\/wp-content\/uploads\/2023\/05\/campervan-view-portugal-nature-ocean-camper-300x200.jpg\" class=\"attachment-medium size-medium wp-image-210353\" alt=\"mejores apps camping Portugal. Relaj\u00e1ndote en el interior de una autocaravana con las puertas abiertas y vistas a las colinas rurales de Portugal durante un viaje de acampada por carretera.\" srcset=\"https:\/\/oceancamper.com\/wp-content\/uploads\/2023\/05\/campervan-view-portugal-nature-ocean-camper-300x200.jpg 300w, https:\/\/oceancamper.com\/wp-content\/uploads\/2023\/05\/campervan-view-portugal-nature-ocean-camper-1024x683.jpg 1024w, https:\/\/oceancamper.com\/wp-content\/uploads\/2023\/05\/campervan-view-portugal-nature-ocean-camper-768x512.jpg 768w, https:\/\/oceancamper.com\/wp-content\/uploads\/2023\/05\/campervan-view-portugal-nature-ocean-camper-1536x1024.jpg 1536w, https:\/\/oceancamper.com\/wp-content\/uploads\/2023\/05\/campervan-view-portugal-nature-ocean-camper-2048x1365.jpg 2048w, https:\/\/oceancamper.com\/wp-content\/uploads\/2023\/05\/campervan-view-portugal-nature-ocean-camper-240x160.jpg 240w\" sizes=\"(max-width: 300px) 100vw, 300px\" \/><\/div><\/a>\n\t\t\t\t<div class=\"elementor-post__text\">\n\t\t\t\t<h2 class=\"elementor-post__title\">\n\t\t\t<a href=\"https:\/\/oceancamper.com\/es\/top-10-apps-y-sitios-web-de-camping\/\" >\n\t\t\t\tLas mejores aplicaciones para acampar en Portugal y Europa (Gu\u00eda 2026)\t\t\t<\/a>\n\t\t<\/h2>\n\t\t\t\t<div class=\"elementor-post__excerpt\">\n\t\t\t<p>Las mejores herramientas m\u00f3viles que necesitar\u00e1s para acampar en Portugal. Acampar se trata de flexibilidad. Pero prep\u00e1rate para ser flexible.  <\/p>\n\t\t<\/div>\n\t\t\n\t\t<a class=\"elementor-post__read-more\" href=\"https:\/\/oceancamper.com\/es\/top-10-apps-y-sitios-web-de-camping\/\" aria-label=\"M\u00e1s informaci\u00f3n sobre Las mejores aplicaciones para acampar en Portugal y Europa (Gu\u00eda 2026)\" tabindex=\"-1\" >\n\t\t\tLeer m\u00e1s \u00bb\t\t<\/a>\n\n\t\t\t\t<\/div>\n\t\t\t\t\t<\/div>\n\t\t<\/article>\n\t\t\t\t<article class=\"elementor-post elementor-grid-item post-82369 post type-post status-publish format-standard has-post-thumbnail hentry category-consejos-de-camping tag-solocamping-solotraveller-campingtips-es\" role=\"listitem\">\n\t\t\t<div class=\"elementor-post__card\">\n\t\t\t\t<a class=\"elementor-post__thumbnail__link\" href=\"https:\/\/oceancamper.com\/es\/consejos-para-viajar-solo-por-portugal\/\" tabindex=\"-1\" ><div class=\"elementor-post__thumbnail\"><img decoding=\"async\" width=\"300\" height=\"225\" src=\"https:\/\/oceancamper.com\/wp-content\/uploads\/2023\/05\/edited-1-340-min-300x225.jpg\" class=\"attachment-medium size-medium wp-image-81481\" alt=\"Una mujer sentada en la parte trasera de una autocaravana contemplando la puesta de sol: la libertad de viajar sola en el Algarve, Portugal.\" srcset=\"https:\/\/oceancamper.com\/wp-content\/uploads\/2023\/05\/edited-1-340-min-300x225.jpg 300w, https:\/\/oceancamper.com\/wp-content\/uploads\/2023\/05\/edited-1-340-min-1024x768.jpg 1024w, https:\/\/oceancamper.com\/wp-content\/uploads\/2023\/05\/edited-1-340-min-768x576.jpg 768w, https:\/\/oceancamper.com\/wp-content\/uploads\/2023\/05\/edited-1-340-min-1536x1152.jpg 1536w, https:\/\/oceancamper.com\/wp-content\/uploads\/2023\/05\/edited-1-340-min-240x180.jpg 240w, https:\/\/oceancamper.com\/wp-content\/uploads\/2023\/05\/edited-1-340-min.jpg 1707w\" sizes=\"(max-width: 300px) 100vw, 300px\" \/><\/div><\/a>\n\t\t\t\t<div class=\"elementor-post__text\">\n\t\t\t\t<h2 class=\"elementor-post__title\">\n\t\t\t<a href=\"https:\/\/oceancamper.com\/es\/consejos-para-viajar-solo-por-portugal\/\" >\n\t\t\t\tConsejos para viajar solo a portugal\t\t\t<\/a>\n\t\t<\/h2>\n\t\t\t\t<div class=\"elementor-post__excerpt\">\n\t\t\t<p>  \u00bfPor qu\u00e9 viajar solo?<br \/>\n Ventajas de viajar en solitario<br \/>\n Seguridad y entorno social<br \/>\n Sugerencia de actividades  <\/p>\n\t\t<\/div>\n\t\t\n\t\t<a class=\"elementor-post__read-more\" href=\"https:\/\/oceancamper.com\/es\/consejos-para-viajar-solo-por-portugal\/\" aria-label=\"M\u00e1s informaci\u00f3n sobre Consejos para viajar solo a portugal\" tabindex=\"-1\" >\n\t\t\tLeer m\u00e1s \u00bb\t\t<\/a>\n\n\t\t\t\t<\/div>\n\t\t\t\t\t<\/div>\n\t\t<\/article>\n\t\t\t\t<\/div>\n\t\t\n\t\t\t\t\t\t<\/div>\n\t\t\t\t<\/div>\n\t\t\t\t<div class=\"elementor-element elementor-element-5806667 elementor-align-left elementor-tablet-align-left elementor-mobile-align-left elementor-widget elementor-widget-button\" data-id=\"5806667\" data-element_type=\"widget\" data-e-type=\"widget\" data-widget_type=\"button.default\">\n\t\t\t\t<div class=\"elementor-widget-container\">\n\t\t\t\t\t\t\t\t\t<div class=\"elementor-button-wrapper\">\n\t\t\t\t\t<a class=\"elementor-button elementor-button-link elementor-size-sm elementor-animation-pop\" href=\"https:\/\/oceancamper.com\/es\/blog\/\">\n\t\t\t\t\t\t<span class=\"elementor-button-content-wrapper\">\n\t\t\t\t\t\t\t\t\t<span class=\"elementor-button-text\">De vuelta al blog<\/span>\n\t\t\t\t\t<\/span>\n\t\t\t\t\t<\/a>\n\t\t\t\t<\/div>\n\t\t\t\t\t\t\t\t<\/div>\n\t\t\t\t<\/div>\n\t\t\t\t\t<\/div>\n\t\t<\/div>\n\t\t\t\t\t<\/div>\n\t\t<\/section>\n\t\t\t\t\t<\/div>\n\t\t<\/div>\n\t\t\t\t\t<\/div>\n\t\t<\/section>\n\t\t\t\t<\/div>\n\t\t","protected":false},"excerpt":{"rendered":"<p>Comida imperdible en Portugal. Recomendaciones para platos t\u00edpicos: pescado, carne, aceite de oliva y vino son los m\u00e1s sabrosos. <\/p>\n","protected":false},"author":1,"featured_media":164013,"comment_status":"closed","ping_status":"open","sticky":false,"template":"elementor_header_footer","format":"standard","meta":{"om_disable_all_campaigns":false,"footnotes":""},"categories":[98],"tags":[],"class_list":["post-82529","post","type-post","status-publish","format-standard","has-post-thumbnail","hentry","category-sin-categorizar"],"aioseo_notices":[],"aioseo_head":"\n\t\t<!-- All in One SEO 4.9.10 - aioseo.com -->\n\t<meta name=\"description\" content=\"Consejos para viajar en solitario por Portugal: por qu\u00e9 viajar solo, c\u00f3mo mantenerte a salvo, c\u00f3mo conocer gente por el camino y c\u00f3mo una autocaravana hace que viajar en solitario sea m\u00e1s f\u00e1cil y barato.\" \/>\n\t<meta name=\"robots\" content=\"max-image-preview:large\" \/>\n\t<meta name=\"author\" content=\"nomadcanguru\"\/>\n\t<link rel=\"canonical\" href=\"https:\/\/oceancamper.com\/es\/consejos-para-viajar-solo-por-portugal\/\" \/>\n\t<meta name=\"generator\" content=\"All in One SEO (AIOSEO) 4.9.10\" \/>\n\t\t<meta property=\"og:locale\" content=\"es_ES\" \/>\n\t\t<meta property=\"og:site_name\" content=\"Ocean Camper - Campervan Rental in Faro, Portugal\" \/>\n\t\t<meta property=\"og:type\" content=\"article\" \/>\n\t\t<meta property=\"og:title\" content=\"Viajar en solitario por Portugal: consejos, seguridad y c\u00f3mo ir solo\" \/>\n\t\t<meta property=\"og:description\" content=\"Consejos para viajar en solitario por Portugal: por qu\u00e9 viajar solo, c\u00f3mo mantenerte a salvo, c\u00f3mo conocer gente por el camino y c\u00f3mo una autocaravana hace que viajar en solitario sea m\u00e1s f\u00e1cil y barato.\" \/>\n\t\t<meta property=\"og:url\" content=\"https:\/\/oceancamper.com\/es\/consejos-para-viajar-solo-por-portugal\/\" \/>\n\t\t<meta property=\"og:image\" content=\"https:\/\/oceancamper.com\/wp-content\/uploads\/2022\/01\/Asset-5.png\" \/>\n\t\t<meta property=\"og:image:secure_url\" content=\"https:\/\/oceancamper.com\/wp-content\/uploads\/2022\/01\/Asset-5.png\" \/>\n\t\t<meta property=\"og:image:width\" content=\"662\" \/>\n\t\t<meta property=\"og:image:height\" content=\"291\" \/>\n\t\t<meta property=\"article:published_time\" content=\"2023-05-24T16:21:11+00:00\" \/>\n\t\t<meta property=\"article:modified_time\" content=\"2026-09-01T16:51:04+00:00\" \/>\n\t\t<meta property=\"article:publisher\" content=\"https:\/\/www.facebook.com\/oceancamper\/\" \/>\n\t\t<meta name=\"twitter:card\" content=\"summary\" \/>\n\t\t<meta name=\"twitter:site\" content=\"@Ocean_Camper\" \/>\n\t\t<meta name=\"twitter:title\" content=\"Viajar en solitario por Portugal: consejos, seguridad y c\u00f3mo ir solo\" \/>\n\t\t<meta name=\"twitter:description\" content=\"Consejos para viajar en solitario por Portugal: por qu\u00e9 viajar solo, c\u00f3mo mantenerte a salvo, conocer gente por el camino y c\u00f3mo una autocaravana hace que viajar en solitario sea m\u00e1s f\u00e1cil y barato.\" \/>\n\t\t<meta name=\"twitter:creator\" content=\"@Ocean_Camper\" \/>\n\t\t<meta name=\"twitter:image\" content=\"https:\/\/oceancamper.com\/wp-content\/uploads\/2022\/01\/Asset-5.png\" \/>\n\t\t<script type=\"application\/ld+json\" class=\"aioseo-schema\">\n\t\t\t{\"@context\":\"https:\\\/\\\/schema.org\",\"@graph\":[{\"@type\":\"BlogPosting\",\"@id\":\"https:\\\/\\\/oceancamper.com\\\/es\\\/consejos-para-viajar-solo-por-portugal\\\/#blogposting\",\"name\":\"Viajar en solitario por Portugal: consejos, seguridad y c\\u00f3mo ir solo\",\"headline\":\"Consejos para viajar solo a portugal\",\"author\":{\"@id\":\"https:\\\/\\\/oceancamper.com\\\/es\\\/author\\\/nomadcanguru\\\/#author\"},\"publisher\":{\"@id\":\"https:\\\/\\\/oceancamper.com\\\/es\\\/#organization\"},\"image\":{\"@type\":\"ImageObject\",\"url\":\"https:\\\/\\\/oceancamper.com\\\/wp-content\\\/uploads\\\/2023\\\/05\\\/edited-1-340-min.jpg\",\"width\":1707,\"height\":1280,\"caption\":\"Disfruta de tranquilas puestas de sol en tu viaje por carretera en solitario por el Algarve: libertad y seguridad con Ocean Camper.\"},\"datePublished\":\"2023-05-24T16:21:11+00:00\",\"dateModified\":\"2026-09-01T16:51:04+00:00\",\"inLanguage\":\"es-ES\",\"mainEntityOfPage\":{\"@id\":\"https:\\\/\\\/oceancamper.com\\\/es\\\/consejos-para-viajar-solo-por-portugal\\\/#webpage\"},\"isPartOf\":{\"@id\":\"https:\\\/\\\/oceancamper.com\\\/es\\\/consejos-para-viajar-solo-por-portugal\\\/#webpage\"},\"articleSection\":\"Consejos de camping., #solocamping #solotraveller #campingtips, Opcional\"},{\"@type\":\"BreadcrumbList\",\"@id\":\"https:\\\/\\\/oceancamper.com\\\/es\\\/consejos-para-viajar-solo-por-portugal\\\/#breadcrumblist\",\"itemListElement\":[{\"@type\":\"ListItem\",\"@id\":\"https:\\\/\\\/oceancamper.com\\\/es\\\/#listItem\",\"position\":1,\"name\":\"Home\",\"item\":\"https:\\\/\\\/oceancamper.com\\\/es\\\/\",\"nextItem\":{\"@type\":\"ListItem\",\"@id\":\"https:\\\/\\\/oceancamper.com\\\/es\\\/category\\\/sin-categorizar\\\/#listItem\",\"name\":\"Sin categorizar\"}},{\"@type\":\"ListItem\",\"@id\":\"https:\\\/\\\/oceancamper.com\\\/es\\\/category\\\/sin-categorizar\\\/#listItem\",\"position\":2,\"name\":\"Sin categorizar\",\"item\":\"https:\\\/\\\/oceancamper.com\\\/es\\\/category\\\/sin-categorizar\\\/\",\"nextItem\":{\"@type\":\"ListItem\",\"@id\":\"https:\\\/\\\/oceancamper.com\\\/es\\\/comida-portuguesa\\\/#listItem\",\"name\":\"Gastronom\\u00eda portuguesa: pescados, mariscos, carnes y delicias locales que no te puedes perder\"},\"previousItem\":{\"@type\":\"ListItem\",\"@id\":\"https:\\\/\\\/oceancamper.com\\\/es\\\/#listItem\",\"name\":\"Home\"}},{\"@type\":\"ListItem\",\"@id\":\"https:\\\/\\\/oceancamper.com\\\/es\\\/comida-portuguesa\\\/#listItem\",\"position\":3,\"name\":\"Gastronom\\u00eda portuguesa: pescados, mariscos, carnes y delicias locales que no te puedes perder\",\"previousItem\":{\"@type\":\"ListItem\",\"@id\":\"https:\\\/\\\/oceancamper.com\\\/es\\\/category\\\/sin-categorizar\\\/#listItem\",\"name\":\"Sin categorizar\"}}]},{\"@type\":\"Organization\",\"@id\":\"https:\\\/\\\/oceancamper.com\\\/es\\\/#organization\",\"name\":\"Ocean Camper\",\"description\":\"Ocean Camper provides affordable campervan rental in Portugal with fully equipped campervans for up to three people, available in Faro and Lisbon for flexible road trips.\",\"url\":\"https:\\\/\\\/oceancamper.com\\\/es\\\/\",\"email\":\"info@oceancamper.com\",\"telephone\":\"+351920301044\",\"foundingDate\":\"2017-04-19\",\"numberOfEmployees\":{\"@type\":\"QuantitativeValue\",\"minValue\":0,\"maxValue\":10},\"logo\":{\"@type\":\"ImageObject\",\"url\":\"https:\\\/\\\/oceancamper.com\\\/wp-content\\\/uploads\\\/2022\\\/01\\\/Asset-5.png\",\"@id\":\"https:\\\/\\\/oceancamper.com\\\/es\\\/consejos-para-viajar-solo-por-portugal\\\/#organizationLogo\",\"width\":662,\"height\":291,\"caption\":\"Ocean Camper logo\"},\"image\":{\"@id\":\"https:\\\/\\\/oceancamper.com\\\/es\\\/consejos-para-viajar-solo-por-portugal\\\/#organizationLogo\"},\"sameAs\":[\"https:\\\/\\\/www.facebook.com\\\/oceancamper\\\/\",\"https:\\\/\\\/x.com\\\/Ocean_Camper\",\"https:\\\/\\\/www.instagram.com\\\/oceancamper.vans\\\/\",\"https:\\\/\\\/www.tiktok.com\\\/@oceancamper.vans\",\"https:\\\/\\\/www.youtube.com\\\/@oceancamper\",\"https:\\\/\\\/www.linkedin.com\\\/company\\\/oceancamper\\\/\",\"https:\\\/\\\/www.trustpilot.com\\\/review\\\/oceancamper.com\"]},{\"@type\":\"Person\",\"@id\":\"https:\\\/\\\/oceancamper.com\\\/es\\\/author\\\/nomadcanguru\\\/#author\",\"url\":\"https:\\\/\\\/oceancamper.com\\\/es\\\/author\\\/nomadcanguru\\\/\",\"name\":\"nomadcanguru\",\"image\":{\"@type\":\"ImageObject\",\"@id\":\"https:\\\/\\\/oceancamper.com\\\/es\\\/consejos-para-viajar-solo-por-portugal\\\/#authorImage\",\"url\":\"https:\\\/\\\/secure.gravatar.com\\\/avatar\\\/3a5092e8a35779f7501b5a8c315d77eae173c0705d8cfd512c06ce5460985e92?s=96&d=mm&r=g\",\"width\":96,\"height\":96,\"caption\":\"nomadcanguru\"}},{\"@type\":\"WebPage\",\"@id\":\"https:\\\/\\\/oceancamper.com\\\/es\\\/consejos-para-viajar-solo-por-portugal\\\/#webpage\",\"url\":\"https:\\\/\\\/oceancamper.com\\\/es\\\/consejos-para-viajar-solo-por-portugal\\\/\",\"name\":\"Viajar en solitario por Portugal: consejos, seguridad y c\\u00f3mo ir solo\",\"description\":\"Consejos para viajar en solitario por Portugal: por qu\\u00e9 viajar solo, c\\u00f3mo mantenerte a salvo, c\\u00f3mo conocer gente por el camino y c\\u00f3mo una autocaravana hace que viajar en solitario sea m\\u00e1s f\\u00e1cil y barato.\",\"inLanguage\":\"es-ES\",\"isPartOf\":{\"@id\":\"https:\\\/\\\/oceancamper.com\\\/es\\\/#website\"},\"breadcrumb\":{\"@id\":\"https:\\\/\\\/oceancamper.com\\\/es\\\/consejos-para-viajar-solo-por-portugal\\\/#breadcrumblist\"},\"author\":{\"@id\":\"https:\\\/\\\/oceancamper.com\\\/es\\\/author\\\/nomadcanguru\\\/#author\"},\"creator\":{\"@id\":\"https:\\\/\\\/oceancamper.com\\\/es\\\/author\\\/nomadcanguru\\\/#author\"},\"image\":{\"@type\":\"ImageObject\",\"url\":\"https:\\\/\\\/oceancamper.com\\\/wp-content\\\/uploads\\\/2023\\\/05\\\/edited-1-340-min.jpg\",\"@id\":\"https:\\\/\\\/oceancamper.com\\\/es\\\/consejos-para-viajar-solo-por-portugal\\\/#mainImage\",\"width\":1707,\"height\":1280,\"caption\":\"Disfruta de tranquilas puestas de sol en tu viaje por carretera en solitario por el Algarve: libertad y seguridad con Ocean Camper.\"},\"primaryImageOfPage\":{\"@id\":\"https:\\\/\\\/oceancamper.com\\\/es\\\/consejos-para-viajar-solo-por-portugal\\\/#mainImage\"},\"datePublished\":\"2023-05-24T16:21:11+00:00\",\"dateModified\":\"2026-09-01T16:51:04+00:00\"},{\"@type\":\"WebSite\",\"@id\":\"https:\\\/\\\/oceancamper.com\\\/es\\\/#website\",\"url\":\"https:\\\/\\\/oceancamper.com\\\/es\\\/\",\"name\":\"Ocean Camper\",\"alternateName\":\"Ocean Camper Portugal\",\"description\":\"Campervan Rental in Faro, Portugal\",\"inLanguage\":\"es-ES\",\"publisher\":{\"@id\":\"https:\\\/\\\/oceancamper.com\\\/es\\\/#organization\"}}]}\n\t\t<\/script>\n\t\t<!-- All in One SEO -->\n\n","aioseo_head_json":{"title":"Viajar en solitario por Portugal: consejos, seguridad y c\u00f3mo ir solo","description":"Consejos para viajar en solitario por Portugal: por qu\u00e9 viajar solo, c\u00f3mo mantenerte a salvo, c\u00f3mo conocer gente por el camino y c\u00f3mo una autocaravana hace que viajar en solitario sea m\u00e1s f\u00e1cil y barato.","canonical_url":"https:\/\/oceancamper.com\/es\/consejos-para-viajar-solo-por-portugal\/","robots":"max-image-preview:large","keywords":"","webmasterTools":{"miscellaneous":""},"schema":{"@context":"https:\/\/schema.org","@graph":[{"@type":"BlogPosting","@id":"https:\/\/oceancamper.com\/es\/consejos-para-viajar-solo-por-portugal\/#blogposting","name":"Viajar en solitario por Portugal: consejos, seguridad y c\u00f3mo ir solo","headline":"Consejos para viajar solo a portugal","author":{"@id":"https:\/\/oceancamper.com\/es\/author\/nomadcanguru\/#author"},"publisher":{"@id":"https:\/\/oceancamper.com\/es\/#organization"},"image":{"@type":"ImageObject","url":"https:\/\/oceancamper.com\/wp-content\/uploads\/2023\/05\/edited-1-340-min.jpg","width":1707,"height":1280,"caption":"Disfruta de tranquilas puestas de sol en tu viaje por carretera en solitario por el Algarve: libertad y seguridad con Ocean Camper."},"datePublished":"2023-05-24T16:21:11+00:00","dateModified":"2026-09-01T16:51:04+00:00","inLanguage":"es-ES","mainEntityOfPage":{"@id":"https:\/\/oceancamper.com\/es\/consejos-para-viajar-solo-por-portugal\/#webpage"},"isPartOf":{"@id":"https:\/\/oceancamper.com\/es\/consejos-para-viajar-solo-por-portugal\/#webpage"},"articleSection":"Consejos de camping., #solocamping #solotraveller #campingtips, Opcional"},{"@type":"BreadcrumbList","@id":"https:\/\/oceancamper.com\/es\/consejos-para-viajar-solo-por-portugal\/#breadcrumblist","itemListElement":[{"@type":"ListItem","@id":"https:\/\/oceancamper.com\/es\/#listItem","position":1,"name":"Home","item":"https:\/\/oceancamper.com\/es\/","nextItem":{"@type":"ListItem","@id":"https:\/\/oceancamper.com\/es\/category\/sin-categorizar\/#listItem","name":"Sin categorizar"}},{"@type":"ListItem","@id":"https:\/\/oceancamper.com\/es\/category\/sin-categorizar\/#listItem","position":2,"name":"Sin categorizar","item":"https:\/\/oceancamper.com\/es\/category\/sin-categorizar\/","nextItem":{"@type":"ListItem","@id":"https:\/\/oceancamper.com\/es\/comida-portuguesa\/#listItem","name":"Gastronom\u00eda portuguesa: pescados, mariscos, carnes y delicias locales que no te puedes perder"},"previousItem":{"@type":"ListItem","@id":"https:\/\/oceancamper.com\/es\/#listItem","name":"Home"}},{"@type":"ListItem","@id":"https:\/\/oceancamper.com\/es\/comida-portuguesa\/#listItem","position":3,"name":"Gastronom\u00eda portuguesa: pescados, mariscos, carnes y delicias locales que no te puedes perder","previousItem":{"@type":"ListItem","@id":"https:\/\/oceancamper.com\/es\/category\/sin-categorizar\/#listItem","name":"Sin categorizar"}}]},{"@type":"Organization","@id":"https:\/\/oceancamper.com\/es\/#organization","name":"Ocean Camper","description":"Ocean Camper provides affordable campervan rental in Portugal with fully equipped campervans for up to three people, available in Faro and Lisbon for flexible road trips.","url":"https:\/\/oceancamper.com\/es\/","email":"info@oceancamper.com","telephone":"+351920301044","foundingDate":"2017-04-19","numberOfEmployees":{"@type":"QuantitativeValue","minValue":0,"maxValue":10},"logo":{"@type":"ImageObject","url":"https:\/\/oceancamper.com\/wp-content\/uploads\/2022\/01\/Asset-5.png","@id":"https:\/\/oceancamper.com\/es\/consejos-para-viajar-solo-por-portugal\/#organizationLogo","width":662,"height":291,"caption":"Ocean Camper logo"},"image":{"@id":"https:\/\/oceancamper.com\/es\/consejos-para-viajar-solo-por-portugal\/#organizationLogo"},"sameAs":["https:\/\/www.facebook.com\/oceancamper\/","https:\/\/x.com\/Ocean_Camper","https:\/\/www.instagram.com\/oceancamper.vans\/","https:\/\/www.tiktok.com\/@oceancamper.vans","https:\/\/www.youtube.com\/@oceancamper","https:\/\/www.linkedin.com\/company\/oceancamper\/","https:\/\/www.trustpilot.com\/review\/oceancamper.com"]},{"@type":"Person","@id":"https:\/\/oceancamper.com\/es\/author\/nomadcanguru\/#author","url":"https:\/\/oceancamper.com\/es\/author\/nomadcanguru\/","name":"nomadcanguru","image":{"@type":"ImageObject","@id":"https:\/\/oceancamper.com\/es\/consejos-para-viajar-solo-por-portugal\/#authorImage","url":"https:\/\/secure.gravatar.com\/avatar\/3a5092e8a35779f7501b5a8c315d77eae173c0705d8cfd512c06ce5460985e92?s=96&d=mm&r=g","width":96,"height":96,"caption":"nomadcanguru"}},{"@type":"WebPage","@id":"https:\/\/oceancamper.com\/es\/consejos-para-viajar-solo-por-portugal\/#webpage","url":"https:\/\/oceancamper.com\/es\/consejos-para-viajar-solo-por-portugal\/","name":"Viajar en solitario por Portugal: consejos, seguridad y c\u00f3mo ir solo","description":"Consejos para viajar en solitario por Portugal: por qu\u00e9 viajar solo, c\u00f3mo mantenerte a salvo, c\u00f3mo conocer gente por el camino y c\u00f3mo una autocaravana hace que viajar en solitario sea m\u00e1s f\u00e1cil y barato.","inLanguage":"es-ES","isPartOf":{"@id":"https:\/\/oceancamper.com\/es\/#website"},"breadcrumb":{"@id":"https:\/\/oceancamper.com\/es\/consejos-para-viajar-solo-por-portugal\/#breadcrumblist"},"author":{"@id":"https:\/\/oceancamper.com\/es\/author\/nomadcanguru\/#author"},"creator":{"@id":"https:\/\/oceancamper.com\/es\/author\/nomadcanguru\/#author"},"image":{"@type":"ImageObject","url":"https:\/\/oceancamper.com\/wp-content\/uploads\/2023\/05\/edited-1-340-min.jpg","@id":"https:\/\/oceancamper.com\/es\/consejos-para-viajar-solo-por-portugal\/#mainImage","width":1707,"height":1280,"caption":"Disfruta de tranquilas puestas de sol en tu viaje por carretera en solitario por el Algarve: libertad y seguridad con Ocean Camper."},"primaryImageOfPage":{"@id":"https:\/\/oceancamper.com\/es\/consejos-para-viajar-solo-por-portugal\/#mainImage"},"datePublished":"2023-05-24T16:21:11+00:00","dateModified":"2026-09-01T16:51:04+00:00"},{"@type":"WebSite","@id":"https:\/\/oceancamper.com\/es\/#website","url":"https:\/\/oceancamper.com\/es\/","name":"Ocean Camper","alternateName":"Ocean Camper Portugal","description":"Campervan Rental in Faro, Portugal","inLanguage":"es-ES","publisher":{"@id":"https:\/\/oceancamper.com\/es\/#organization"}}]},"og:locale":"es_ES","og:site_name":"Ocean Camper - Campervan Rental in Faro, Portugal","og:type":"article","og:title":"Viajar en solitario por Portugal: consejos, seguridad y c\u00f3mo ir solo","og:description":"Consejos para viajar en solitario por Portugal: por qu\u00e9 viajar solo, c\u00f3mo mantenerte a salvo, c\u00f3mo conocer gente por el camino y c\u00f3mo una autocaravana hace que viajar en solitario sea m\u00e1s f\u00e1cil y barato.","og:url":"https:\/\/oceancamper.com\/es\/consejos-para-viajar-solo-por-portugal\/","og:image":"https:\/\/oceancamper.com\/wp-content\/uploads\/2022\/01\/Asset-5.png","og:image:secure_url":"https:\/\/oceancamper.com\/wp-content\/uploads\/2022\/01\/Asset-5.png","og:image:width":662,"og:image:height":291,"article:published_time":"2023-05-24T16:21:11+00:00","article:modified_time":"2026-09-01T16:51:04+00:00","article:publisher":"https:\/\/www.facebook.com\/oceancamper\/","twitter:card":"summary","twitter:site":"@Ocean_Camper","twitter:title":"Viajar en solitario por Portugal: consejos, seguridad y c\u00f3mo ir solo","twitter:description":"Consejos para viajar en solitario por Portugal: por qu\u00e9 viajar solo, c\u00f3mo mantenerte a salvo, conocer gente por el camino y c\u00f3mo una autocaravana hace que viajar en solitario sea m\u00e1s f\u00e1cil y barato.","twitter:creator":"@Ocean_Camper","twitter:image":"https:\/\/oceancamper.com\/wp-content\/uploads\/2022\/01\/Asset-5.png"},"aioseo_meta_data":{"post_id":"82529","title":"Gu\u00eda gastron\u00f3mica de Portugal: platos y especialidades que no te puedes perder","description":"Descubre la gastronom\u00eda portuguesa con Ocean Camper: sardinas a la parrilla, cataplana de marisco, chouri\u00e7o asado, fruta de temporada y vino del Alentejo. Qu\u00e9 comer en Portugal. ","keywords":null,"keyphrases":{"focus":{"keyphrase":"Portuguese food","score":91,"analysis":{"keyphraseInTitle":{"score":9,"maxScore":9,"error":0},"keyphraseInDescription":{"score":9,"maxScore":9,"error":0},"keyphraseLength":{"score":9,"maxScore":9,"error":0,"length":2},"keyphraseInURL":{"score":5,"maxScore":5,"error":0},"keyphraseInIntroduction":{"score":9,"maxScore":9,"error":0},"keyphraseInSubHeadings":{"score":3,"maxScore":9,"error":1},"keyphraseInImageAlt":{"score":9,"maxScore":9,"error":0},"keywordDensity":{"type":"best","score":9,"maxScore":9,"error":0}}},"additional":[{"keyphrase":"Portuguese cuisine","score":53,"analysis":{"keyphraseInDescription":{"score":3,"maxScore":9,"error":1},"keyphraseLength":{"score":9,"maxScore":9,"error":0,"length":2},"keyphraseInIntroduction":{"score":3,"maxScore":9,"error":1},"keyphraseInImageAlt":{"score":9,"maxScore":9,"error":0},"keywordDensity":{"score":0,"type":"low","maxScore":9,"error":1}}},{"keyphrase":"what to eat in Portugal","score":60,"analysis":{"keyphraseInDescription":{"score":9,"maxScore":9,"error":0},"keyphraseLength":{"score":6,"maxScore":9,"error":1,"length":5},"keyphraseInIntroduction":{"score":9,"maxScore":9,"error":0},"keyphraseInImageAlt":{"score":3,"maxScore":9,"error":1},"keywordDensity":{"score":0,"type":"low","maxScore":9,"error":1}}},{"keyphrase":"typical Portuguese dishes","score":40,"analysis":{"keyphraseInDescription":{"score":3,"maxScore":9,"error":1},"keyphraseLength":{"score":9,"maxScore":9,"error":0,"length":3},"keyphraseInIntroduction":{"score":3,"maxScore":9,"error":1},"keyphraseInImageAlt":{"score":3,"maxScore":9,"error":1},"keywordDensity":{"score":0,"type":"low","maxScore":9,"error":1}}},{"keyphrase":"Algarve food","score":53,"analysis":{"keyphraseInDescription":{"score":3,"maxScore":9,"error":1},"keyphraseLength":{"score":9,"maxScore":9,"error":0,"length":2},"keyphraseInIntroduction":{"score":3,"maxScore":9,"error":1},"keyphraseInImageAlt":{"score":9,"maxScore":9,"error":0},"keywordDensity":{"score":0,"type":"low","maxScore":9,"error":1}}},{"keyphrase":"Portuguese fish dishes","score":53,"analysis":{"keyphraseInDescription":{"score":3,"maxScore":9,"error":1},"keyphraseLength":{"score":9,"maxScore":9,"error":0,"length":3},"keyphraseInIntroduction":{"score":3,"maxScore":9,"error":1},"keyphraseInImageAlt":{"score":9,"maxScore":9,"error":0},"keywordDensity":{"score":0,"type":"low","maxScore":9,"error":1}}},{"keyphrase":"shellfish Portugal","score":53,"analysis":{"keyphraseInDescription":{"score":3,"maxScore":9,"error":1},"keyphraseLength":{"score":9,"maxScore":9,"error":0,"length":2},"keyphraseInIntroduction":{"score":3,"maxScore":9,"error":1},"keyphraseInImageAlt":{"score":9,"maxScore":9,"error":0},"keywordDensity":{"score":0,"type":"low","maxScore":9,"error":1}}},{"keyphrase":"Portuguese meat dishes","score":53,"analysis":{"keyphraseInDescription":{"score":3,"maxScore":9,"error":1},"keyphraseLength":{"score":9,"maxScore":9,"error":0,"length":3},"keyphraseInIntroduction":{"score":3,"maxScore":9,"error":1},"keyphraseInImageAlt":{"score":9,"maxScore":9,"error":0},"keywordDensity":{"score":0,"type":"low","maxScore":9,"error":1}}}]},"primary_term":null,"canonical_url":null,"og_title":null,"og_description":null,"og_object_type":"default","og_image_type":"default","og_image_url":null,"og_image_width":null,"og_image_height":null,"og_image_custom_url":null,"og_image_custom_fields":null,"og_video":"","og_custom_url":null,"og_article_section":null,"og_article_tags":null,"twitter_use_og":false,"twitter_card":"default","twitter_image_type":"default","twitter_image_url":null,"twitter_image_custom_url":null,"twitter_image_custom_fields":null,"twitter_title":null,"twitter_description":null,"schema":{"blockGraphs":[],"customGraphs":[],"default":{"data":{"Article":{"id":"aioseo-article-6394f6998c616","slug":"article","graphName":"Article","label":"Article","properties":{"type":"BlogPosting","name":"#post_title","headline":"#post_title","description":"#post_excerpt","image":"","keywords":"","author":{"name":"#author_name","url":"#author_url"},"dates":{"include":true,"datePublished":"","dateModified":""}}},"Course":[],"Dataset":[],"FAQPage":[],"Movie":[],"Person":[],"Product":[],"ProductReview":[],"Car":[],"Recipe":[],"Service":[],"SoftwareApplication":[],"WebPage":[]},"graphName":"BlogPosting","isEnabled":true},"graphs":[]},"schema_type":"default","schema_type_options":"{\"article\":{\"articleType\":\"BlogPosting\"},\"course\":{\"name\":\"\",\"description\":\"\",\"provider\":\"\"},\"faq\":{\"pages\":[]},\"product\":{\"reviews\":[]},\"recipe\":{\"ingredients\":[],\"instructions\":[],\"keywords\":[]},\"software\":{\"reviews\":[],\"operatingSystems\":[]},\"webPage\":{\"webPageType\":\"WebPage\"}}","pillar_content":false,"robots_default":true,"robots_noindex":false,"robots_noarchive":false,"robots_nosnippet":false,"robots_nofollow":false,"robots_noimageindex":false,"robots_noodp":false,"robots_notranslate":false,"robots_max_snippet":"-1","robots_max_videopreview":"-1","robots_max_imagepreview":"large","priority":null,"frequency":"default","local_seo":null,"seo_analyzer_scan_date":"2025-10-31 11:19:25","breadcrumb_settings":null,"limit_modified_date":false,"open_ai":null,"ai":{"faqs":[],"keyPoints":[],"titles":[],"descriptions":[],"socialPosts":{"email":[],"linkedin":[],"twitter":[],"facebook":[],"instagram":[]}},"created":"2023-06-27 11:57:41","updated":"2026-09-01 22:09:40"},"aioseo_breadcrumb":"<div class=\"aioseo-breadcrumbs\"><span class=\"aioseo-breadcrumb\">\n\t\t\t<a href=\"https:\/\/oceancamper.com\/es\/\" title=\"Home\">Home<\/a>\n\t\t<\/span><span class=\"aioseo-breadcrumb-separator\">\u00bb<\/span><span class=\"aioseo-breadcrumb\">\n\t\t\t<a href=\"https:\/\/oceancamper.com\/es\/category\/sin-categorizar\/\" title=\"Sin categorizar\">Sin categorizar<\/a>\n\t\t<\/span><span class=\"aioseo-breadcrumb-separator\">\u00bb<\/span><span class=\"aioseo-breadcrumb\">\n\t\t\tGastronom\u00eda portuguesa: pescados, mariscos, carnes y delicias locales que no te puedes perder\n\t\t<\/span><\/div>","aioseo_breadcrumb_json":[{"label":"Home","link":"https:\/\/oceancamper.com\/es\/"},{"label":"Sin categorizar","link":"https:\/\/oceancamper.com\/es\/category\/sin-categorizar\/"},{"label":"Gastronom\u00eda portuguesa: pescados, mariscos, carnes y delicias locales que no te puedes perder","link":"https:\/\/oceancamper.com\/es\/comida-portuguesa\/"}],"_links":{"self":[{"href":"https:\/\/oceancamper.com\/es\/wp-json\/wp\/v2\/posts\/82529","targetHints":{"allow":["GET"]}}],"collection":[{"href":"https:\/\/oceancamper.com\/es\/wp-json\/wp\/v2\/posts"}],"about":[{"href":"https:\/\/oceancamper.com\/es\/wp-json\/wp\/v2\/types\/post"}],"author":[{"embeddable":true,"href":"https:\/\/oceancamper.com\/es\/wp-json\/wp\/v2\/users\/1"}],"replies":[{"embeddable":true,"href":"https:\/\/oceancamper.com\/es\/wp-json\/wp\/v2\/comments?post=82529"}],"version-history":[{"count":12,"href":"https:\/\/oceancamper.com\/es\/wp-json\/wp\/v2\/posts\/82529\/revisions"}],"predecessor-version":[{"id":275303,"href":"https:\/\/oceancamper.com\/es\/wp-json\/wp\/v2\/posts\/82529\/revisions\/275303"}],"wp:featuredmedia":[{"embeddable":true,"href":"https:\/\/oceancamper.com\/es\/wp-json\/wp\/v2\/media\/164013"}],"wp:attachment":[{"href":"https:\/\/oceancamper.com\/es\/wp-json\/wp\/v2\/media?parent=82529"}],"wp:term":[{"taxonomy":"category","embeddable":true,"href":"https:\/\/oceancamper.com\/es\/wp-json\/wp\/v2\/categories?post=82529"},{"taxonomy":"post_tag","embeddable":true,"href":"https:\/\/oceancamper.com\/es\/wp-json\/wp\/v2\/tags?post=82529"}],"curies":[{"name":"wp","href":"https:\/\/api.w.org\/{rel}","templated":true}]}}