{"id":82521,"date":"2023-06-14T08:39:13","date_gmt":"2023-06-14T08:39:13","guid":{"rendered":"https:\/\/oceancamper.com\/mapa-todo-para-tus-vacaciones\/"},"modified":"2026-08-14T16:32:45","modified_gmt":"2026-08-14T16:32:45","slug":"mapa-todo-para-tus-vacaciones","status":"publish","type":"post","link":"https:\/\/oceancamper.com\/es\/mapa-todo-para-tus-vacaciones\/","title":{"rendered":"Mapa: Los mejores lugares de Portugal &#8211; Tu gu\u00eda de viaje definitiva"},"content":{"rendered":"\t\t<div data-elementor-type=\"wp-post\" data-elementor-id=\"82521\" class=\"elementor elementor-82521 elementor-66660\" data-elementor-post-type=\"post\">\n\t\t\t\t\t\t<section class=\"elementor-section elementor-top-section elementor-element elementor-element-b2e1a09 elementor-section-boxed elementor-section-height-default elementor-section-height-default\" data-id=\"b2e1a09\" data-element_type=\"section\" data-e-type=\"section\">\n\t\t\t\t\t\t<div class=\"elementor-container elementor-column-gap-default\">\n\t\t\t\t\t<div class=\"elementor-column elementor-col-100 elementor-top-column elementor-element elementor-element-3519b13\" data-id=\"3519b13\" data-element_type=\"column\" data-e-type=\"column\">\n\t\t\t<div class=\"elementor-widget-wrap\">\n\t\t\t\t\t\t\t<\/div>\n\t\t<\/div>\n\t\t\t\t\t<\/div>\n\t\t<\/section>\n\t\t\t\t<section class=\"elementor-section elementor-top-section elementor-element elementor-element-1309dd46 elementor-section-height-min-height elementor-section-stretched elementor-section-content-middle elementor-section-boxed elementor-section-height-default elementor-section-items-middle\" data-id=\"1309dd46\" data-element_type=\"section\" data-e-type=\"section\" data-settings=\"{&quot;stretch_section&quot;:&quot;section-stretched&quot;,&quot;background_background&quot;:&quot;classic&quot;}\">\n\t\t\t\t\t\t\t<div class=\"elementor-background-overlay\"><\/div>\n\t\t\t\t\t\t\t<div class=\"elementor-container elementor-column-gap-default\">\n\t\t\t\t\t<div class=\"elementor-column elementor-col-100 elementor-top-column elementor-element elementor-element-64462058\" data-id=\"64462058\" data-element_type=\"column\" data-e-type=\"column\">\n\t\t\t<div class=\"elementor-widget-wrap elementor-element-populated\">\n\t\t\t\t\t\t<div class=\"elementor-element elementor-element-7dba53d9 elementor-widget elementor-widget-theme-post-title elementor-page-title elementor-widget-heading\" data-id=\"7dba53d9\" data-element_type=\"widget\" data-e-type=\"widget\" data-widget_type=\"theme-post-title.default\">\n\t\t\t\t<div class=\"elementor-widget-container\">\n\t\t\t\t\t<h1 class=\"elementor-heading-title elementor-size-default\">Mapa: Los mejores lugares de Portugal &#8211; Tu gu\u00eda de viaje definitiva<\/h1>\t\t\t\t<\/div>\n\t\t\t\t<\/div>\n\t\t\t\t<div class=\"elementor-element elementor-element-478f71b9 elementor-author-box--align-center elementor-author-box--layout-image-above elementor-widget elementor-widget-author-box\" data-id=\"478f71b9\" data-element_type=\"widget\" data-e-type=\"widget\" data-widget_type=\"author-box.default\">\n\t\t\t\t<div class=\"elementor-widget-container\">\n\t\t\t\t\t\t\t<div class=\"elementor-author-box\">\n\t\t\t\t\t\t\t<div  class=\"elementor-author-box__avatar\">\n\t\t\t\t\t<img decoding=\"async\" src=\"https:\/\/oceancamper.com\/wp-content\/uploads\/2022\/02\/Nina-min-1-300x300.jpg\" alt=\"Imagen de Nina\" loading=\"lazy\">\n\t\t\t\t<\/div>\n\t\t\t\n\t\t\t<div class=\"elementor-author-box__text\">\n\t\t\t\t\t\t\t\t\t<div >\n\t\t\t\t\t\t<h4 class=\"elementor-author-box__name\">\n\t\t\t\t\t\t\tNina\t\t\t\t\t\t<\/h4>\n\t\t\t\t\t<\/div>\n\t\t\t\t\n\t\t\t\t\t\t\t\t\t<div class=\"elementor-author-box__bio\">\n\t\t\t\t\t\t<p>Ocean Camper CEO<\/p>\n\t\t\t\t\t<\/div>\n\t\t\t\t\n\t\t\t\t\t\t\t<\/div>\n\t\t<\/div>\n\t\t\t\t\t\t<\/div>\n\t\t\t\t<\/div>\n\t\t\t\t<section class=\"elementor-section elementor-inner-section elementor-element elementor-element-676c76d4 elementor-section-boxed elementor-section-height-default elementor-section-height-default\" data-id=\"676c76d4\" data-element_type=\"section\" data-e-type=\"section\">\n\t\t\t\t\t\t<div class=\"elementor-container elementor-column-gap-default\">\n\t\t\t\t\t<div class=\"elementor-column elementor-col-33 elementor-inner-column elementor-element elementor-element-7089904b\" data-id=\"7089904b\" data-element_type=\"column\" data-e-type=\"column\">\n\t\t\t<div class=\"elementor-widget-wrap\">\n\t\t\t\t\t\t\t<\/div>\n\t\t<\/div>\n\t\t\t\t<div class=\"elementor-column elementor-col-33 elementor-inner-column elementor-element elementor-element-269eedd4\" data-id=\"269eedd4\" data-element_type=\"column\" data-e-type=\"column\">\n\t\t\t<div class=\"elementor-widget-wrap\">\n\t\t\t\t\t\t\t<\/div>\n\t\t<\/div>\n\t\t\t\t<div class=\"elementor-column elementor-col-33 elementor-inner-column elementor-element elementor-element-79d6c46b\" data-id=\"79d6c46b\" data-element_type=\"column\" data-e-type=\"column\">\n\t\t\t<div class=\"elementor-widget-wrap\">\n\t\t\t\t\t\t\t<\/div>\n\t\t<\/div>\n\t\t\t\t\t<\/div>\n\t\t<\/section>\n\t\t\t\t\t<\/div>\n\t\t<\/div>\n\t\t\t\t\t<\/div>\n\t\t<\/section>\n\t\t\t\t<section class=\"elementor-section elementor-top-section elementor-element elementor-element-95d5f69 elementor-section-boxed elementor-section-height-default elementor-section-height-default\" data-id=\"95d5f69\" data-element_type=\"section\" data-e-type=\"section\">\n\t\t\t\t\t\t<div class=\"elementor-container elementor-column-gap-default\">\n\t\t\t\t\t<div class=\"elementor-column elementor-col-100 elementor-top-column elementor-element elementor-element-9ca127f\" data-id=\"9ca127f\" data-element_type=\"column\" data-e-type=\"column\">\n\t\t\t<div class=\"elementor-widget-wrap elementor-element-populated\">\n\t\t\t\t\t\t\t<\/div>\n\t\t<\/div>\n\t\t\t\t\t<\/div>\n\t\t<\/section>\n\t\t\t\t<section class=\"elementor-section elementor-top-section elementor-element elementor-element-462113ae elementor-section-stretched elementor-section-boxed elementor-section-height-default elementor-section-height-default\" data-id=\"462113ae\" data-element_type=\"section\" data-e-type=\"section\" data-settings=\"{&quot;stretch_section&quot;:&quot;section-stretched&quot;,&quot;background_background&quot;:&quot;classic&quot;}\">\n\t\t\t\t\t\t<div class=\"elementor-container elementor-column-gap-default\">\n\t\t\t\t\t<div class=\"elementor-column elementor-col-100 elementor-top-column elementor-element elementor-element-aa33769\" data-id=\"aa33769\" data-element_type=\"column\" data-e-type=\"column\">\n\t\t\t<div class=\"elementor-widget-wrap\">\n\t\t\t\t\t\t\t<\/div>\n\t\t<\/div>\n\t\t\t\t\t<\/div>\n\t\t<\/section>\n\t\t\t\t<section class=\"elementor-section elementor-top-section elementor-element elementor-element-85508bc elementor-section-stretched elementor-section-boxed elementor-section-height-default elementor-section-height-default\" data-id=\"85508bc\" data-element_type=\"section\" data-e-type=\"section\" data-settings=\"{&quot;stretch_section&quot;:&quot;section-stretched&quot;,&quot;background_background&quot;:&quot;classic&quot;}\">\n\t\t\t\t\t\t<div class=\"elementor-container elementor-column-gap-default\">\n\t\t\t\t\t<div class=\"elementor-column elementor-col-100 elementor-top-column elementor-element elementor-element-649da2c2\" data-id=\"649da2c2\" data-element_type=\"column\" data-e-type=\"column\">\n\t\t\t<div class=\"elementor-widget-wrap elementor-element-populated\">\n\t\t\t\t\t\t<div class=\"elementor-element elementor-element-5808176a elementor-widget elementor-widget-heading\" data-id=\"5808176a\" data-element_type=\"widget\" data-e-type=\"widget\" data-widget_type=\"heading.default\">\n\t\t\t\t<div class=\"elementor-widget-container\">\n\t\t\t\t\t<h2 class=\"elementor-heading-title elementor-size-default\">Mapa de los mejores lugares de Portugal - Tu gu\u00eda de aventuras al aire libre<\/h2>\t\t\t\t<\/div>\n\t\t\t\t<\/div>\n\t\t\t\t<div class=\"elementor-element elementor-element-4f9d4e09 elementor-widget elementor-widget-text-editor\" data-id=\"4f9d4e09\" data-element_type=\"widget\" data-e-type=\"widget\" data-widget_type=\"text-editor.default\">\n\t\t\t\t<div class=\"elementor-widget-container\">\n\t\t\t\t\t\t\t\t\t<p>\u00bfBuscas el <strong data-start=\"545\" data-end=\"573\">mapa de los mejores lugares de Portugal<\/strong> para planificar tus pr\u00f3ximas vacaciones? <br data-start=\"604\" data-end=\"607\"\/>Aqu\u00ed encontrar\u00e1s un mapa interactivo con los mejores lugares para hacer surf, acampar, practicar senderismo y snorkel en todo Portugal, desde la salvaje costa occidental del Alentejo hasta las soleadas playas del Algarve. Tanto si viajas con tu propia furgoneta como si alquilas una autocaravana en <strong data-start=\"864\" data-end=\"880\">Ocean Camper<\/strong>, este mapa te ayudar\u00e1 a disfrutar de cada parte del viaje. <\/p>\t\t\t\t\t\t\t\t<\/div>\n\t\t\t\t<\/div>\n\t\t\t\t\t<\/div>\n\t\t<\/div>\n\t\t\t\t\t<\/div>\n\t\t<\/section>\n\t\t\t\t<section class=\"elementor-section elementor-top-section elementor-element elementor-element-f6954eb elementor-section-stretched elementor-section-boxed elementor-section-height-default elementor-section-height-default\" data-id=\"f6954eb\" data-element_type=\"section\" data-e-type=\"section\" data-settings=\"{&quot;stretch_section&quot;:&quot;section-stretched&quot;,&quot;background_background&quot;:&quot;classic&quot;}\">\n\t\t\t\t\t\t<div class=\"elementor-container elementor-column-gap-default\">\n\t\t\t\t\t<div class=\"elementor-column elementor-col-100 elementor-top-column elementor-element elementor-element-25bb0f89\" data-id=\"25bb0f89\" data-element_type=\"column\" data-e-type=\"column\">\n\t\t\t<div class=\"elementor-widget-wrap elementor-element-populated\">\n\t\t\t\t\t\t<div class=\"elementor-element elementor-element-1f7f7c02 elementor-widget elementor-widget-image\" data-id=\"1f7f7c02\" data-element_type=\"widget\" data-e-type=\"widget\" data-widget_type=\"image.default\">\n\t\t\t\t<div class=\"elementor-widget-container\">\n\t\t\t\t\t\t\t\t\t\t\t\t\t\t\t<img decoding=\"async\" src=\"https:\/\/oceancamper.com\/wp-content\/uploads\/elementor\/thumbs\/caming-rules-portugal-q88kvkemnw86mz08ywd3f2yp8pf2q34lt24u2r4700.jpg\" title=\"La acampada salvaje manda en Portugal 2026 | Campervan Travel Algarve\" alt=\"Acampada salvaje Portugal 2026 - inf\u00f3rmate sobre las normas de acampada vigentes en Algarve y Portugal para autocaravanas y caravanas.\" loading=\"lazy\" \/>\t\t\t\t\t\t\t\t\t\t\t\t\t\t\t<\/div>\n\t\t\t\t<\/div>\n\t\t\t\t<div class=\"elementor-element elementor-element-b22241d elementor-widget elementor-widget-heading\" data-id=\"b22241d\" data-element_type=\"widget\" data-e-type=\"widget\" data-widget_type=\"heading.default\">\n\t\t\t\t<div class=\"elementor-widget-container\">\n\t\t\t\t\t<h2 class=\"elementor-heading-title elementor-size-default\">Explora Portugal en nuestro mapa interactivo<\/h2>\t\t\t\t<\/div>\n\t\t\t\t<\/div>\n\t\t\t\t<div class=\"elementor-element elementor-element-fe8f395 elementor-widget elementor-widget-text-editor\" data-id=\"fe8f395\" data-element_type=\"widget\" data-e-type=\"widget\" data-widget_type=\"text-editor.default\">\n\t\t\t\t<div class=\"elementor-widget-container\">\n\t\t\t\t\t\t\t\t\t<p data-start=\"992\" data-end=\"1043\">Utiliza nuestro <strong data-start=\"1000\" data-end=\"1028\">mapa de los mejores lugares de Portugal<\/strong> para descubrirlos:<\/p><ul><li data-start=\"1046\" data-end=\"1091\">\ud83c\udfc4 Playas de surf con perfectas olas atl\u00e1nticas<\/li><li data-start=\"1094\" data-end=\"1130\">\ud83c\udfd5\ufe0f Campings rodeados de naturaleza<\/li><li data-start=\"1133\" data-end=\"1179\">\ud83e\udd7e Hermosas rutas de senderismo y senderos costeros<\/li><li data-start=\"1182\" data-end=\"1222\">\ud83c\udf0a Lagunas tranquilas para practicar SUP y snorkel<\/li><\/ul><p>Cada marcador del mapa incluye informaci\u00f3n sobre la ubicaci\u00f3n, indicaciones y consejos locales: ideal para viajeros al aire libre y amantes de las autocaravanas.<\/p>\t\t\t\t\t\t\t\t<\/div>\n\t\t\t\t<\/div>\n\t\t\t\t<div class=\"elementor-element elementor-element-52618c4 elementor-widget elementor-widget-heading\" data-id=\"52618c4\" data-element_type=\"widget\" data-e-type=\"widget\" data-widget_type=\"heading.default\">\n\t\t\t\t<div class=\"elementor-widget-container\">\n\t\t\t\t\t<h2 class=\"elementor-heading-title elementor-size-default\">Surf y Campamento por Portugal<\/h2>\t\t\t\t<\/div>\n\t\t\t\t<\/div>\n\t\t\t\t<div class=\"elementor-element elementor-element-54906a11 elementor-widget elementor-widget-text-editor\" data-id=\"54906a11\" data-element_type=\"widget\" data-e-type=\"widget\" data-widget_type=\"text-editor.default\">\n\t\t\t\t<div class=\"elementor-widget-container\">\n\t\t\t\t\t\t\t\t\t<p>La costa de Portugal ofrece unas condiciones incre\u00edbles para surfistas y campistas.<br data-start=\"1468\" data-end=\"1471\"\/>Con una <strong data-start=\"1478\" data-end=\"1491\">autocaravana<\/strong>, puedes moverte libremente entre playas: surfear al amanecer, cocinar la cena junto al mar y dormir bajo las estrellas. Nuestras furgonetas incluyen ducha exterior, utensilios de cocina y soporte para tablas de surf para que tu viaje de surf-camp sea c\u00f3modo y sencillo.<\/p>\t\t\t\t\t\t\t\t<\/div>\n\t\t\t\t<\/div>\n\t\t\t\t<div class=\"elementor-element elementor-element-0950900 elementor-widget elementor-widget-heading\" data-id=\"0950900\" data-element_type=\"widget\" data-e-type=\"widget\" data-widget_type=\"heading.default\">\n\t\t\t\t<div class=\"elementor-widget-container\">\n\t\t\t\t\t<h2 class=\"elementor-heading-title elementor-size-default\">Por qu\u00e9 utilizar nuestro mapa<\/h2>\t\t\t\t<\/div>\n\t\t\t\t<\/div>\n\t\t\t\t<div class=\"elementor-element elementor-element-252c1e3 elementor-widget elementor-widget-text-editor\" data-id=\"252c1e3\" data-element_type=\"widget\" data-e-type=\"widget\" data-widget_type=\"text-editor.default\">\n\t\t\t\t<div class=\"elementor-widget-container\">\n\t\t\t\t\t\t\t\t\t<p>Nuestro <strong data-start=\"1752\" data-end=\"1780\">mapa de los mejores lugares de Portugal<\/strong> es perfecto para:<\/p><ul><li>Planificar un viaje por carretera de Lisboa al Algarve<\/li><li>Encontrar lugares reales y probados para practicar surf y acampar<\/li><li>Filtrar lugares por actividad: surf, acampada, senderismo, snorkel<\/li><li>Explorar Portugal de forma independiente y sostenible<\/li><\/ul>\t\t\t\t\t\t\t\t<\/div>\n\t\t\t\t<\/div>\n\t\t\t\t<div class=\"elementor-element elementor-element-357b5f7 elementor-widget elementor-widget-heading\" data-id=\"357b5f7\" data-element_type=\"widget\" data-e-type=\"widget\" data-widget_type=\"heading.default\">\n\t\t\t\t<div class=\"elementor-widget-container\">\n\t\t\t\t\t<h2 class=\"elementor-heading-title elementor-size-default\">M\u00e1s gu\u00edas para tu viaje<\/h2>\t\t\t\t<\/div>\n\t\t\t\t<\/div>\n\t\t\t\t<div class=\"elementor-element elementor-element-0c89476 elementor-widget elementor-widget-text-editor\" data-id=\"0c89476\" data-element_type=\"widget\" data-e-type=\"widget\" data-widget_type=\"text-editor.default\">\n\t\t\t\t<div class=\"elementor-widget-container\">\n\t\t\t\t\t\t\t\t\t<p data-start=\"2060\" data-end=\"2112\">Para obtener consejos detallados, lee nuestros otros art\u00edculos sobre viajes:<\/p><ul><li data-start=\"2115\" data-end=\"2208\"><a class=\"decorated-link\" href=\"https:\/\/oceancamper.com\/es\/surfing-en-portugal\/\" target=\"_new\" rel=\"noopener\" data-start=\"2115\" data-end=\"2206\">Surf en Portugal &#8211; Las mejores playas y consejos<\/a><\/li><li data-start=\"2211\" data-end=\"2292\"><a class=\"decorated-link\" href=\"https:\/\/oceancamper.com\/wild-camping-portugal\/\" target=\"_new\" rel=\"noopener\" data-start=\"2211\" data-end=\"2290\">Normas de acampada en Portugal<\/a><\/li><li data-start=\"2295\" data-end=\"2373\"><a class=\"decorated-link cursor-pointer\" href=\"\/extras\/\" target=\"_new\" rel=\"noopener\" data-start=\"2295\" data-end=\"2371\">SUP y snorkel en Portugal<\/a><\/li><\/ul>\t\t\t\t\t\t\t\t<\/div>\n\t\t\t\t<\/div>\n\t\t\t\t\t<\/div>\n\t\t<\/div>\n\t\t\t\t\t<\/div>\n\t\t<\/section>\n\t\t\t\t<section class=\"elementor-section elementor-top-section elementor-element elementor-element-5ef512f9 elementor-section-stretched elementor-section-boxed elementor-section-height-default elementor-section-height-default\" data-id=\"5ef512f9\" data-element_type=\"section\" data-e-type=\"section\" data-settings=\"{&quot;stretch_section&quot;:&quot;section-stretched&quot;,&quot;background_background&quot;:&quot;classic&quot;}\">\n\t\t\t\t\t\t<div class=\"elementor-container elementor-column-gap-default\">\n\t\t\t\t\t<div class=\"elementor-column elementor-col-100 elementor-top-column elementor-element elementor-element-4b476375\" data-id=\"4b476375\" data-element_type=\"column\" data-e-type=\"column\">\n\t\t\t<div class=\"elementor-widget-wrap elementor-element-populated\">\n\t\t\t\t\t\t<section class=\"elementor-section elementor-inner-section elementor-element elementor-element-b20ee13 elementor-section-boxed elementor-section-height-default elementor-section-height-default\" data-id=\"b20ee13\" data-element_type=\"section\" data-e-type=\"section\">\n\t\t\t\t\t\t<div class=\"elementor-container elementor-column-gap-default\">\n\t\t\t\t\t<div class=\"elementor-column elementor-col-100 elementor-inner-column elementor-element elementor-element-780b135e\" data-id=\"780b135e\" data-element_type=\"column\" data-e-type=\"column\">\n\t\t\t<div class=\"elementor-widget-wrap elementor-element-populated\">\n\t\t\t\t\t\t<div class=\"elementor-element elementor-element-11fbd12a elementor-widget elementor-widget-heading\" data-id=\"11fbd12a\" data-element_type=\"widget\" data-e-type=\"widget\" data-widget_type=\"heading.default\">\n\t\t\t\t<div class=\"elementor-widget-container\">\n\t\t\t\t\t<h3 class=\"elementor-heading-title elementor-size-default\">Consulta nuestras otras publicaciones:<\/h3>\t\t\t\t<\/div>\n\t\t\t\t<\/div>\n\t\t\t\t<div class=\"elementor-element elementor-element-24106237 elementor-grid-tablet-3 elementor-grid-3 elementor-grid-mobile-1 elementor-posts--thumbnail-top elementor-posts__hover-gradient elementor-widget elementor-widget-posts\" data-id=\"24106237\" data-element_type=\"widget\" data-e-type=\"widget\" data-settings=\"{&quot;cards_row_gap&quot;:{&quot;unit&quot;:&quot;px&quot;,&quot;size&quot;:20,&quot;sizes&quot;:[]},&quot;cards_row_gap_mobile&quot;:{&quot;unit&quot;:&quot;px&quot;,&quot;size&quot;:10,&quot;sizes&quot;:[]},&quot;cards_columns_tablet&quot;:&quot;3&quot;,&quot;cards_row_gap_tablet&quot;:{&quot;unit&quot;:&quot;px&quot;,&quot;size&quot;:5,&quot;sizes&quot;:[]},&quot;cards_columns&quot;:&quot;3&quot;,&quot;cards_columns_mobile&quot;:&quot;1&quot;}\" data-widget_type=\"posts.cards\">\n\t\t\t\t<div class=\"elementor-widget-container\">\n\t\t\t\t\t\t\t<div class=\"elementor-posts-container elementor-posts elementor-posts--skin-cards elementor-grid\" role=\"list\">\n\t\t\t\t<article class=\"elementor-post elementor-grid-item post-157417 post type-post status-publish format-standard has-post-thumbnail hentry category-consejos-de-camping tag-alquila-una-autocaravana-algarve tag-alquila-una-furgoneta-algarve tag-roadtrip-algarve-es\" role=\"listitem\">\n\t\t\t<div class=\"elementor-post__card\">\n\t\t\t\t<a class=\"elementor-post__thumbnail__link\" href=\"https:\/\/oceancamper.com\/es\/alquilar-una-autocaravana-algarve-merece-la-pena\/\" tabindex=\"-1\" ><div class=\"elementor-post__thumbnail\"><img fetchpriority=\"high\" decoding=\"async\" width=\"1600\" height=\"1200\" src=\"https:\/\/oceancamper.com\/wp-content\/uploads\/2025\/02\/IMG-20241111-WA0018.jpg\" class=\"attachment-full size-full wp-image-156633\" alt=\"Pareja disfrutando de un viaje en autocaravana por el Algarve 2026\" srcset=\"https:\/\/oceancamper.com\/wp-content\/uploads\/2025\/02\/IMG-20241111-WA0018.jpg 1600w, https:\/\/oceancamper.com\/wp-content\/uploads\/2025\/02\/IMG-20241111-WA0018-300x225.jpg 300w, https:\/\/oceancamper.com\/wp-content\/uploads\/2025\/02\/IMG-20241111-WA0018-1024x768.jpg 1024w, https:\/\/oceancamper.com\/wp-content\/uploads\/2025\/02\/IMG-20241111-WA0018-768x576.jpg 768w, https:\/\/oceancamper.com\/wp-content\/uploads\/2025\/02\/IMG-20241111-WA0018-1536x1152.jpg 1536w, https:\/\/oceancamper.com\/wp-content\/uploads\/2025\/02\/IMG-20241111-WA0018-240x180.jpg 240w\" sizes=\"(max-width: 1600px) 100vw, 1600px\" \/><\/div><\/a>\n\t\t\t\t<div class=\"elementor-post__text\">\n\t\t\t\t<h2 class=\"elementor-post__title\">\n\t\t\t<a href=\"https:\/\/oceancamper.com\/es\/alquilar-una-autocaravana-algarve-merece-la-pena\/\" >\n\t\t\t\tAlquilar una autocaravana Algarve &#8211; Gu\u00eda completa para 2026\t\t\t<\/a>\n\t\t<\/h2>\n\t\t\t\t<div class=\"elementor-post__excerpt\">\n\t\t\t<p>Ventajas de alquilar una autocaravana en el Algarve. Caracter\u00edsticas regionales, libertad y viajes rentables. <\/p>\n\t\t<\/div>\n\t\t\n\t\t<a class=\"elementor-post__read-more\" href=\"https:\/\/oceancamper.com\/es\/alquilar-una-autocaravana-algarve-merece-la-pena\/\" aria-label=\"M\u00e1s informaci\u00f3n sobre Alquilar una autocaravana Algarve &#8211; Gu\u00eda completa para 2026\" tabindex=\"-1\" >\n\t\t\tLeer m\u00e1s \u00bb\t\t<\/a>\n\n\t\t\t\t<\/div>\n\t\t\t\t\t<\/div>\n\t\t<\/article>\n\t\t\t\t<article class=\"elementor-post elementor-grid-item post-82414 post type-post status-publish format-standard has-post-thumbnail hentry category-sin-categorizar\" role=\"listitem\">\n\t\t\t<div class=\"elementor-post__card\">\n\t\t\t\t<a class=\"elementor-post__thumbnail__link\" href=\"https:\/\/oceancamper.com\/es\/faro\/\" tabindex=\"-1\" ><div class=\"elementor-post__thumbnail\"><img decoding=\"async\" width=\"2560\" height=\"1919\" src=\"https:\/\/oceancamper.com\/wp-content\/uploads\/2020\/12\/AdobeStock_307404734-1-min-scaled.jpeg\" class=\"attachment-full size-full wp-image-183903\" alt=\"Vista a\u00e9rea de Faro, Algarve - tejados de tejas rojas, el casco antiguo y la laguna de Ria Formosa bajo un cielo despejado.\" srcset=\"https:\/\/oceancamper.com\/wp-content\/uploads\/2020\/12\/AdobeStock_307404734-1-min-scaled.jpeg 2560w, https:\/\/oceancamper.com\/wp-content\/uploads\/2020\/12\/AdobeStock_307404734-1-min-300x225.jpeg 300w, https:\/\/oceancamper.com\/wp-content\/uploads\/2020\/12\/AdobeStock_307404734-1-min-1024x767.jpeg 1024w, https:\/\/oceancamper.com\/wp-content\/uploads\/2020\/12\/AdobeStock_307404734-1-min-768x576.jpeg 768w, https:\/\/oceancamper.com\/wp-content\/uploads\/2020\/12\/AdobeStock_307404734-1-min-1536x1151.jpeg 1536w, https:\/\/oceancamper.com\/wp-content\/uploads\/2020\/12\/AdobeStock_307404734-1-min-2048x1535.jpeg 2048w, https:\/\/oceancamper.com\/wp-content\/uploads\/2020\/12\/AdobeStock_307404734-1-min-240x180.jpeg 240w\" sizes=\"(max-width: 2560px) 100vw, 2560px\" \/><\/div><\/a>\n\t\t\t\t<div class=\"elementor-post__text\">\n\t\t\t\t<h2 class=\"elementor-post__title\">\n\t\t\t<a href=\"https:\/\/oceancamper.com\/es\/faro\/\" >\n\t\t\t\tQu\u00e9 hacer en Faro?\t\t\t<\/a>\n\t\t<\/h2>\n\t\t\t\t<div class=\"elementor-post__excerpt\">\n\t\t\t<p>C\u00f3mo ir desde el aeropuerto al centro de Faro o a Praia de Faro? Horario de autobuses. Mejores restaurantes en Faro.  <\/p>\n\t\t<\/div>\n\t\t\n\t\t<a class=\"elementor-post__read-more\" href=\"https:\/\/oceancamper.com\/es\/faro\/\" aria-label=\"M\u00e1s informaci\u00f3n sobre Qu\u00e9 hacer en Faro?\" tabindex=\"-1\" >\n\t\t\tLeer m\u00e1s \u00bb\t\t<\/a>\n\n\t\t\t\t<\/div>\n\t\t\t\t\t<\/div>\n\t\t<\/article>\n\t\t\t\t<article class=\"elementor-post elementor-grid-item post-82378 post type-post status-publish format-standard has-post-thumbnail hentry category-consejos-de-camping category-invierno tag-acampar-en-invierno tag-consejos-de-invierno tag-que-hacer-durante-el-invierno-en-portugal\" role=\"listitem\">\n\t\t\t<div class=\"elementor-post__card\">\n\t\t\t\t<a class=\"elementor-post__thumbnail__link\" href=\"https:\/\/oceancamper.com\/es\/acampar-en-invierno-en-portugal\/\" tabindex=\"-1\" ><div class=\"elementor-post__thumbnail\"><img decoding=\"async\" width=\"1333\" height=\"1000\" src=\"https:\/\/oceancamper.com\/wp-content\/uploads\/2022\/12\/Ocean13-min.jpg\" class=\"attachment-full size-full wp-image-81453\" alt=\"Vista desde una furgoneta Ocean Camper roja al atardecer: playa, olas y un puesto de cocina enmarcado por las puertas abiertas.\" srcset=\"https:\/\/oceancamper.com\/wp-content\/uploads\/2022\/12\/Ocean13-min.jpg 1333w, https:\/\/oceancamper.com\/wp-content\/uploads\/2022\/12\/Ocean13-min-300x225.jpg 300w, https:\/\/oceancamper.com\/wp-content\/uploads\/2022\/12\/Ocean13-min-1024x768.jpg 1024w, https:\/\/oceancamper.com\/wp-content\/uploads\/2022\/12\/Ocean13-min-768x576.jpg 768w, https:\/\/oceancamper.com\/wp-content\/uploads\/2022\/12\/elementor\/thumbs\/Ocean13-min-pyt77fa015pfqljl4b1cd78a19s3le4paa0brgjrsg.jpg 800w\" sizes=\"(max-width: 1333px) 100vw, 1333px\" \/><\/div><\/a>\n\t\t\t\t<div class=\"elementor-post__text\">\n\t\t\t\t<h2 class=\"elementor-post__title\">\n\t\t\t<a href=\"https:\/\/oceancamper.com\/es\/acampar-en-invierno-en-portugal\/\" >\n\t\t\t\tAcampar en invierno en Portugal &#8211; Tiempo, ropa y actividades\t\t\t<\/a>\n\t\t<\/h2>\n\t\t\t\t<div class=\"elementor-post__excerpt\">\n\t\t\t<p>Consejos y actividades para hacer durante el invierno acampando: clima, ropa que necesitar\u00e1s, lista de actividades para hacer y visitar, y m\u00e1s sugerencias.<\/p>\n\t\t<\/div>\n\t\t\n\t\t<a class=\"elementor-post__read-more\" href=\"https:\/\/oceancamper.com\/es\/acampar-en-invierno-en-portugal\/\" aria-label=\"M\u00e1s informaci\u00f3n sobre Acampar en invierno en Portugal &#8211; Tiempo, ropa y actividades\" tabindex=\"-1\" >\n\t\t\tLeer m\u00e1s \u00bb\t\t<\/a>\n\n\t\t\t\t<\/div>\n\t\t\t\t\t<\/div>\n\t\t<\/article>\n\t\t\t\t<\/div>\n\t\t\n\t\t\t\t\t\t<\/div>\n\t\t\t\t<\/div>\n\t\t\t\t<div class=\"elementor-element elementor-element-245be530 elementor-align-left elementor-tablet-align-left elementor-mobile-align-left elementor-widget elementor-widget-button\" data-id=\"245be530\" data-element_type=\"widget\" data-e-type=\"widget\" data-widget_type=\"button.default\">\n\t\t\t\t<div class=\"elementor-widget-container\">\n\t\t\t\t\t\t\t\t\t<div class=\"elementor-button-wrapper\">\n\t\t\t\t\t<a class=\"elementor-button elementor-button-link elementor-size-sm elementor-animation-pop\" href=\"https:\/\/oceancamper.com\/es\/blog\/\">\n\t\t\t\t\t\t<span class=\"elementor-button-content-wrapper\">\n\t\t\t\t\t\t\t\t\t<span class=\"elementor-button-text\">De vuelta al blog<\/span>\n\t\t\t\t\t<\/span>\n\t\t\t\t\t<\/a>\n\t\t\t\t<\/div>\n\t\t\t\t\t\t\t\t<\/div>\n\t\t\t\t<\/div>\n\t\t\t\t\t<\/div>\n\t\t<\/div>\n\t\t\t\t\t<\/div>\n\t\t<\/section>\n\t\t\t\t\t<\/div>\n\t\t<\/div>\n\t\t\t\t\t<\/div>\n\t\t<\/section>\n\t\t\t\t<\/div>\n\t\t","protected":false},"excerpt":{"rendered":"<p>Un mapa con los mejores lugares para visitar en Portugal: Playas de surf, deportes de SUP y snorkel y campings.  <\/p>\n","protected":false},"author":1,"featured_media":83717,"comment_status":"closed","ping_status":"open","sticky":true,"template":"elementor_header_footer","format":"standard","meta":{"om_disable_all_campaigns":false,"footnotes":""},"categories":[98],"tags":[219,221,220],"class_list":["post-82521","post","type-post","status-publish","format-standard","has-post-thumbnail","hentry","category-sin-categorizar","tag-campingtips-es","tag-suptips-es","tag-surfingtips-es"],"aioseo_notices":[],"aioseo_head":"\n\t\t<!-- All in One SEO 4.9.10 - aioseo.com -->\n\t<meta name=\"description\" content=\"Acampada de invierno en Portugal: Descubre campings acogedores, clima suave y paisajes pintorescos. \u00a1Perfecto para una escapada al aire libre durante los meses m\u00e1s fr\u00edos!\" \/>\n\t<meta name=\"robots\" content=\"max-image-preview:large\" \/>\n\t<meta name=\"author\" content=\"nomadcanguru\"\/>\n\t<link rel=\"canonical\" href=\"https:\/\/oceancamper.com\/es\/acampar-en-invierno-en-portugal\/\" \/>\n\t<meta name=\"generator\" content=\"All in One SEO (AIOSEO) 4.9.10\" \/>\n\t\t<meta property=\"og:locale\" content=\"es_ES\" \/>\n\t\t<meta property=\"og:site_name\" content=\"Ocean Camper - Campervan Rental in Faro, Portugal\" \/>\n\t\t<meta property=\"og:type\" content=\"article\" \/>\n\t\t<meta property=\"og:title\" content=\"Acampar en invierno en Portugal \u2013 Tiempo, ropa y actividades en Portugal\" \/>\n\t\t<meta property=\"og:description\" content=\"En Portugal, muchos de nuestros hu\u00e9spedes de invierno nos preguntan: Qu\u00e9 tan fr\u00edo hace cuando acampamos en invierno en Portugal? Qu\u00e9 actividades podemos hacer? Aqu\u00ed les daremos algunas sugerencias y la verdad desnuda.\" \/>\n\t\t<meta property=\"og:url\" content=\"https:\/\/oceancamper.com\/es\/acampar-en-invierno-en-portugal\/\" \/>\n\t\t<meta property=\"og:image\" content=\"https:\/\/oceancamper.com\/wp-content\/uploads\/2022\/01\/Asset-5.png\" \/>\n\t\t<meta property=\"og:image:secure_url\" content=\"https:\/\/oceancamper.com\/wp-content\/uploads\/2022\/01\/Asset-5.png\" \/>\n\t\t<meta property=\"og:image:width\" content=\"662\" \/>\n\t\t<meta property=\"og:image:height\" content=\"291\" \/>\n\t\t<meta property=\"article:published_time\" content=\"2022-12-07T12:26:37+00:00\" \/>\n\t\t<meta property=\"article:modified_time\" content=\"2026-05-25T08:01:09+00:00\" \/>\n\t\t<meta property=\"article:publisher\" content=\"https:\/\/www.facebook.com\/oceancamper\/\" \/>\n\t\t<meta name=\"twitter:card\" content=\"summary\" \/>\n\t\t<meta name=\"twitter:site\" content=\"@Ocean_Camper\" \/>\n\t\t<meta name=\"twitter:title\" content=\"Acampar en invierno en Portugal \u2013 Tiempo, ropa y actividades en Portugal\" \/>\n\t\t<meta name=\"twitter:description\" content=\"En Portugal, muchos de nuestros hu\u00e9spedes de invierno nos preguntan: Qu\u00e9 tan fr\u00edo hace cuando acampamos en invierno en Portugal? Qu\u00e9 actividades podemos hacer? Aqu\u00ed les daremos algunas sugerencias y la verdad desnuda.\" \/>\n\t\t<meta name=\"twitter:creator\" content=\"@Ocean_Camper\" \/>\n\t\t<meta name=\"twitter:image\" content=\"https:\/\/oceancamper.com\/wp-content\/uploads\/2022\/01\/Asset-5.png\" \/>\n\t\t<script type=\"application\/ld+json\" class=\"aioseo-schema\">\n\t\t\t{\"@context\":\"https:\\\/\\\/schema.org\",\"@graph\":[{\"@type\":\"BlogPosting\",\"@id\":\"https:\\\/\\\/oceancamper.com\\\/es\\\/acampar-en-invierno-en-portugal\\\/#blogposting\",\"name\":\"Acampada de invierno en Portugal - Algarve: Consejos y actividades\",\"headline\":\"Acampar en invierno en Portugal &#8211; Tiempo, ropa y actividades\",\"author\":{\"@id\":\"https:\\\/\\\/oceancamper.com\\\/es\\\/author\\\/nomadcanguru\\\/#author\"},\"publisher\":{\"@id\":\"https:\\\/\\\/oceancamper.com\\\/es\\\/#organization\"},\"image\":{\"@type\":\"ImageObject\",\"url\":\"https:\\\/\\\/oceancamper.com\\\/wp-content\\\/uploads\\\/2022\\\/12\\\/Ocean13-min.jpg\",\"width\":1333,\"height\":1000,\"caption\":\"Acogedor camping de invierno con Ocean Camper: cocina la cena mientras el sol se pone en una tranquila playa portuguesa.\"},\"datePublished\":\"2022-12-07T12:26:37+00:00\",\"dateModified\":\"2026-05-25T08:01:09+00:00\",\"inLanguage\":\"es-ES\",\"mainEntityOfPage\":{\"@id\":\"https:\\\/\\\/oceancamper.com\\\/es\\\/acampar-en-invierno-en-portugal\\\/#webpage\"},\"isPartOf\":{\"@id\":\"https:\\\/\\\/oceancamper.com\\\/es\\\/acampar-en-invierno-en-portugal\\\/#webpage\"},\"articleSection\":\"Consejos de camping., invierno, Acampar en invierno, Consejos de invierno, Qu\\u00e9 hacer durante el invierno en Portugal, Opcional\"},{\"@type\":\"BreadcrumbList\",\"@id\":\"https:\\\/\\\/oceancamper.com\\\/es\\\/acampar-en-invierno-en-portugal\\\/#breadcrumblist\",\"itemListElement\":[{\"@type\":\"ListItem\",\"@id\":\"https:\\\/\\\/oceancamper.com\\\/es\\\/#listItem\",\"position\":1,\"name\":\"Home\",\"item\":\"https:\\\/\\\/oceancamper.com\\\/es\\\/\",\"nextItem\":{\"@type\":\"ListItem\",\"@id\":\"https:\\\/\\\/oceancamper.com\\\/es\\\/category\\\/sin-categorizar\\\/#listItem\",\"name\":\"Sin categorizar\"}},{\"@type\":\"ListItem\",\"@id\":\"https:\\\/\\\/oceancamper.com\\\/es\\\/category\\\/sin-categorizar\\\/#listItem\",\"position\":2,\"name\":\"Sin categorizar\",\"item\":\"https:\\\/\\\/oceancamper.com\\\/es\\\/category\\\/sin-categorizar\\\/\",\"nextItem\":{\"@type\":\"ListItem\",\"@id\":\"https:\\\/\\\/oceancamper.com\\\/es\\\/mapa-todo-para-tus-vacaciones\\\/#listItem\",\"name\":\"Mapa: Los mejores lugares de Portugal &#8211; Tu gu\\u00eda de viaje definitiva\"},\"previousItem\":{\"@type\":\"ListItem\",\"@id\":\"https:\\\/\\\/oceancamper.com\\\/es\\\/#listItem\",\"name\":\"Home\"}},{\"@type\":\"ListItem\",\"@id\":\"https:\\\/\\\/oceancamper.com\\\/es\\\/mapa-todo-para-tus-vacaciones\\\/#listItem\",\"position\":3,\"name\":\"Mapa: Los mejores lugares de Portugal &#8211; Tu gu\\u00eda de viaje definitiva\",\"previousItem\":{\"@type\":\"ListItem\",\"@id\":\"https:\\\/\\\/oceancamper.com\\\/es\\\/category\\\/sin-categorizar\\\/#listItem\",\"name\":\"Sin categorizar\"}}]},{\"@type\":\"Organization\",\"@id\":\"https:\\\/\\\/oceancamper.com\\\/es\\\/#organization\",\"name\":\"Ocean Camper\",\"description\":\"Ocean Camper provides affordable campervan rental in Portugal with fully equipped campervans for up to three people, available in Faro and Lisbon for flexible road trips.\",\"url\":\"https:\\\/\\\/oceancamper.com\\\/es\\\/\",\"email\":\"info@oceancamper.com\",\"telephone\":\"+351920301044\",\"foundingDate\":\"2017-04-19\",\"numberOfEmployees\":{\"@type\":\"QuantitativeValue\",\"minValue\":0,\"maxValue\":10},\"logo\":{\"@type\":\"ImageObject\",\"url\":\"https:\\\/\\\/oceancamper.com\\\/wp-content\\\/uploads\\\/2022\\\/01\\\/Asset-5.png\",\"@id\":\"https:\\\/\\\/oceancamper.com\\\/es\\\/acampar-en-invierno-en-portugal\\\/#organizationLogo\",\"width\":662,\"height\":291,\"caption\":\"Ocean Camper logo\"},\"image\":{\"@id\":\"https:\\\/\\\/oceancamper.com\\\/es\\\/acampar-en-invierno-en-portugal\\\/#organizationLogo\"},\"sameAs\":[\"https:\\\/\\\/www.facebook.com\\\/oceancamper\\\/\",\"https:\\\/\\\/x.com\\\/Ocean_Camper\",\"https:\\\/\\\/www.instagram.com\\\/oceancamper.vans\\\/\",\"https:\\\/\\\/www.tiktok.com\\\/@oceancamper.vans\",\"https:\\\/\\\/www.youtube.com\\\/@oceancamper\",\"https:\\\/\\\/www.linkedin.com\\\/company\\\/oceancamper\\\/\",\"https:\\\/\\\/www.trustpilot.com\\\/review\\\/oceancamper.com\"]},{\"@type\":\"Person\",\"@id\":\"https:\\\/\\\/oceancamper.com\\\/es\\\/author\\\/nomadcanguru\\\/#author\",\"url\":\"https:\\\/\\\/oceancamper.com\\\/es\\\/author\\\/nomadcanguru\\\/\",\"name\":\"nomadcanguru\",\"image\":{\"@type\":\"ImageObject\",\"@id\":\"https:\\\/\\\/oceancamper.com\\\/es\\\/acampar-en-invierno-en-portugal\\\/#authorImage\",\"url\":\"https:\\\/\\\/secure.gravatar.com\\\/avatar\\\/3a5092e8a35779f7501b5a8c315d77eae173c0705d8cfd512c06ce5460985e92?s=96&d=mm&r=g\",\"width\":96,\"height\":96,\"caption\":\"nomadcanguru\"}},{\"@type\":\"WebPage\",\"@id\":\"https:\\\/\\\/oceancamper.com\\\/es\\\/acampar-en-invierno-en-portugal\\\/#webpage\",\"url\":\"https:\\\/\\\/oceancamper.com\\\/es\\\/acampar-en-invierno-en-portugal\\\/\",\"name\":\"Acampada de invierno en Portugal - Algarve: Consejos y actividades\",\"description\":\"Acampada de invierno en Portugal: Descubre campings acogedores, clima suave y paisajes pintorescos. \\u00a1Perfecto para una escapada al aire libre durante los meses m\\u00e1s fr\\u00edos!\",\"inLanguage\":\"es-ES\",\"isPartOf\":{\"@id\":\"https:\\\/\\\/oceancamper.com\\\/es\\\/#website\"},\"breadcrumb\":{\"@id\":\"https:\\\/\\\/oceancamper.com\\\/es\\\/acampar-en-invierno-en-portugal\\\/#breadcrumblist\"},\"author\":{\"@id\":\"https:\\\/\\\/oceancamper.com\\\/es\\\/author\\\/nomadcanguru\\\/#author\"},\"creator\":{\"@id\":\"https:\\\/\\\/oceancamper.com\\\/es\\\/author\\\/nomadcanguru\\\/#author\"},\"image\":{\"@type\":\"ImageObject\",\"url\":\"https:\\\/\\\/oceancamper.com\\\/wp-content\\\/uploads\\\/2022\\\/12\\\/Ocean13-min.jpg\",\"@id\":\"https:\\\/\\\/oceancamper.com\\\/es\\\/acampar-en-invierno-en-portugal\\\/#mainImage\",\"width\":1333,\"height\":1000,\"caption\":\"Acogedor camping de invierno con Ocean Camper: cocina la cena mientras el sol se pone en una tranquila playa portuguesa.\"},\"primaryImageOfPage\":{\"@id\":\"https:\\\/\\\/oceancamper.com\\\/es\\\/acampar-en-invierno-en-portugal\\\/#mainImage\"},\"datePublished\":\"2022-12-07T12:26:37+00:00\",\"dateModified\":\"2026-05-25T08:01:09+00:00\"},{\"@type\":\"WebSite\",\"@id\":\"https:\\\/\\\/oceancamper.com\\\/es\\\/#website\",\"url\":\"https:\\\/\\\/oceancamper.com\\\/es\\\/\",\"name\":\"Ocean Camper\",\"alternateName\":\"Ocean Camper Portugal\",\"description\":\"Campervan Rental in Faro, Portugal\",\"inLanguage\":\"es-ES\",\"publisher\":{\"@id\":\"https:\\\/\\\/oceancamper.com\\\/es\\\/#organization\"}}]}\n\t\t<\/script>\n\t\t<!-- All in One SEO -->\n\n","aioseo_head_json":{"title":"Acampada de invierno en Portugal - Algarve: Consejos y actividades","description":"Acampada de invierno en Portugal: Descubre campings acogedores, clima suave y paisajes pintorescos. \u00a1Perfecto para una escapada al aire libre durante los meses m\u00e1s fr\u00edos!","canonical_url":"https:\/\/oceancamper.com\/es\/acampar-en-invierno-en-portugal\/","robots":"max-image-preview:large","keywords":"","webmasterTools":{"miscellaneous":""},"schema":{"@context":"https:\/\/schema.org","@graph":[{"@type":"BlogPosting","@id":"https:\/\/oceancamper.com\/es\/acampar-en-invierno-en-portugal\/#blogposting","name":"Acampada de invierno en Portugal - Algarve: Consejos y actividades","headline":"Acampar en invierno en Portugal &#8211; Tiempo, ropa y actividades","author":{"@id":"https:\/\/oceancamper.com\/es\/author\/nomadcanguru\/#author"},"publisher":{"@id":"https:\/\/oceancamper.com\/es\/#organization"},"image":{"@type":"ImageObject","url":"https:\/\/oceancamper.com\/wp-content\/uploads\/2022\/12\/Ocean13-min.jpg","width":1333,"height":1000,"caption":"Acogedor camping de invierno con Ocean Camper: cocina la cena mientras el sol se pone en una tranquila playa portuguesa."},"datePublished":"2022-12-07T12:26:37+00:00","dateModified":"2026-05-25T08:01:09+00:00","inLanguage":"es-ES","mainEntityOfPage":{"@id":"https:\/\/oceancamper.com\/es\/acampar-en-invierno-en-portugal\/#webpage"},"isPartOf":{"@id":"https:\/\/oceancamper.com\/es\/acampar-en-invierno-en-portugal\/#webpage"},"articleSection":"Consejos de camping., invierno, Acampar en invierno, Consejos de invierno, Qu\u00e9 hacer durante el invierno en Portugal, Opcional"},{"@type":"BreadcrumbList","@id":"https:\/\/oceancamper.com\/es\/acampar-en-invierno-en-portugal\/#breadcrumblist","itemListElement":[{"@type":"ListItem","@id":"https:\/\/oceancamper.com\/es\/#listItem","position":1,"name":"Home","item":"https:\/\/oceancamper.com\/es\/","nextItem":{"@type":"ListItem","@id":"https:\/\/oceancamper.com\/es\/category\/sin-categorizar\/#listItem","name":"Sin categorizar"}},{"@type":"ListItem","@id":"https:\/\/oceancamper.com\/es\/category\/sin-categorizar\/#listItem","position":2,"name":"Sin categorizar","item":"https:\/\/oceancamper.com\/es\/category\/sin-categorizar\/","nextItem":{"@type":"ListItem","@id":"https:\/\/oceancamper.com\/es\/mapa-todo-para-tus-vacaciones\/#listItem","name":"Mapa: Los mejores lugares de Portugal &#8211; Tu gu\u00eda de viaje definitiva"},"previousItem":{"@type":"ListItem","@id":"https:\/\/oceancamper.com\/es\/#listItem","name":"Home"}},{"@type":"ListItem","@id":"https:\/\/oceancamper.com\/es\/mapa-todo-para-tus-vacaciones\/#listItem","position":3,"name":"Mapa: Los mejores lugares de Portugal &#8211; Tu gu\u00eda de viaje definitiva","previousItem":{"@type":"ListItem","@id":"https:\/\/oceancamper.com\/es\/category\/sin-categorizar\/#listItem","name":"Sin categorizar"}}]},{"@type":"Organization","@id":"https:\/\/oceancamper.com\/es\/#organization","name":"Ocean Camper","description":"Ocean Camper provides affordable campervan rental in Portugal with fully equipped campervans for up to three people, available in Faro and Lisbon for flexible road trips.","url":"https:\/\/oceancamper.com\/es\/","email":"info@oceancamper.com","telephone":"+351920301044","foundingDate":"2017-04-19","numberOfEmployees":{"@type":"QuantitativeValue","minValue":0,"maxValue":10},"logo":{"@type":"ImageObject","url":"https:\/\/oceancamper.com\/wp-content\/uploads\/2022\/01\/Asset-5.png","@id":"https:\/\/oceancamper.com\/es\/acampar-en-invierno-en-portugal\/#organizationLogo","width":662,"height":291,"caption":"Ocean Camper logo"},"image":{"@id":"https:\/\/oceancamper.com\/es\/acampar-en-invierno-en-portugal\/#organizationLogo"},"sameAs":["https:\/\/www.facebook.com\/oceancamper\/","https:\/\/x.com\/Ocean_Camper","https:\/\/www.instagram.com\/oceancamper.vans\/","https:\/\/www.tiktok.com\/@oceancamper.vans","https:\/\/www.youtube.com\/@oceancamper","https:\/\/www.linkedin.com\/company\/oceancamper\/","https:\/\/www.trustpilot.com\/review\/oceancamper.com"]},{"@type":"Person","@id":"https:\/\/oceancamper.com\/es\/author\/nomadcanguru\/#author","url":"https:\/\/oceancamper.com\/es\/author\/nomadcanguru\/","name":"nomadcanguru","image":{"@type":"ImageObject","@id":"https:\/\/oceancamper.com\/es\/acampar-en-invierno-en-portugal\/#authorImage","url":"https:\/\/secure.gravatar.com\/avatar\/3a5092e8a35779f7501b5a8c315d77eae173c0705d8cfd512c06ce5460985e92?s=96&d=mm&r=g","width":96,"height":96,"caption":"nomadcanguru"}},{"@type":"WebPage","@id":"https:\/\/oceancamper.com\/es\/acampar-en-invierno-en-portugal\/#webpage","url":"https:\/\/oceancamper.com\/es\/acampar-en-invierno-en-portugal\/","name":"Acampada de invierno en Portugal - Algarve: Consejos y actividades","description":"Acampada de invierno en Portugal: Descubre campings acogedores, clima suave y paisajes pintorescos. \u00a1Perfecto para una escapada al aire libre durante los meses m\u00e1s fr\u00edos!","inLanguage":"es-ES","isPartOf":{"@id":"https:\/\/oceancamper.com\/es\/#website"},"breadcrumb":{"@id":"https:\/\/oceancamper.com\/es\/acampar-en-invierno-en-portugal\/#breadcrumblist"},"author":{"@id":"https:\/\/oceancamper.com\/es\/author\/nomadcanguru\/#author"},"creator":{"@id":"https:\/\/oceancamper.com\/es\/author\/nomadcanguru\/#author"},"image":{"@type":"ImageObject","url":"https:\/\/oceancamper.com\/wp-content\/uploads\/2022\/12\/Ocean13-min.jpg","@id":"https:\/\/oceancamper.com\/es\/acampar-en-invierno-en-portugal\/#mainImage","width":1333,"height":1000,"caption":"Acogedor camping de invierno con Ocean Camper: cocina la cena mientras el sol se pone en una tranquila playa portuguesa."},"primaryImageOfPage":{"@id":"https:\/\/oceancamper.com\/es\/acampar-en-invierno-en-portugal\/#mainImage"},"datePublished":"2022-12-07T12:26:37+00:00","dateModified":"2026-05-25T08:01:09+00:00"},{"@type":"WebSite","@id":"https:\/\/oceancamper.com\/es\/#website","url":"https:\/\/oceancamper.com\/es\/","name":"Ocean Camper","alternateName":"Ocean Camper Portugal","description":"Campervan Rental in Faro, Portugal","inLanguage":"es-ES","publisher":{"@id":"https:\/\/oceancamper.com\/es\/#organization"}}]},"og:locale":"es_ES","og:site_name":"Ocean Camper - Campervan Rental in Faro, Portugal","og:type":"article","og:title":"Acampar en invierno en Portugal \u2013 Tiempo, ropa y actividades en Portugal","og:description":"En Portugal, muchos de nuestros hu\u00e9spedes de invierno nos preguntan: Qu\u00e9 tan fr\u00edo hace cuando acampamos en invierno en Portugal? Qu\u00e9 actividades podemos hacer? Aqu\u00ed les daremos algunas sugerencias y la verdad desnuda.","og:url":"https:\/\/oceancamper.com\/es\/acampar-en-invierno-en-portugal\/","og:image":"https:\/\/oceancamper.com\/wp-content\/uploads\/2022\/01\/Asset-5.png","og:image:secure_url":"https:\/\/oceancamper.com\/wp-content\/uploads\/2022\/01\/Asset-5.png","og:image:width":662,"og:image:height":291,"article:published_time":"2022-12-07T12:26:37+00:00","article:modified_time":"2026-05-25T08:01:09+00:00","article:publisher":"https:\/\/www.facebook.com\/oceancamper\/","twitter:card":"summary","twitter:site":"@Ocean_Camper","twitter:title":"Acampar en invierno en Portugal \u2013 Tiempo, ropa y actividades en Portugal","twitter:description":"En Portugal, muchos de nuestros hu\u00e9spedes de invierno nos preguntan: Qu\u00e9 tan fr\u00edo hace cuando acampamos en invierno en Portugal? Qu\u00e9 actividades podemos hacer? Aqu\u00ed les daremos algunas sugerencias y la verdad desnuda.","twitter:creator":"@Ocean_Camper","twitter:image":"https:\/\/oceancamper.com\/wp-content\/uploads\/2022\/01\/Asset-5.png"},"aioseo_meta_data":{"post_id":"82521","title":"Mapa - Mapa de los mejores lugares de Portugal | Gu\u00eda de surf, camping y aire libre","description":"\u00a1Explora los mejores lugares de Portugal con nuestro mapa interactivo! Encuentra playas, lugares para hacer surf, campings y rutas de senderismo para tu pr\u00f3ximo viaje en autocaravana.","keywords":null,"keyphrases":{"focus":{"keyphrase":"Best places Portugal map","score":59,"analysis":{"keyphraseInTitle":{"score":9,"maxScore":9,"error":0},"keyphraseInDescription":{"score":3,"maxScore":9,"error":1},"keyphraseLength":{"score":9,"maxScore":9,"error":0,"length":4},"keyphraseInURL":{"score":1,"maxScore":5,"error":1},"keyphraseInIntroduction":{"score":3,"maxScore":9,"error":1},"keyphraseInSubHeadings":{"score":3,"maxScore":9,"error":1},"keyphraseInImageAlt":{"score":3,"maxScore":9,"error":1},"keywordDensity":{"type":"best","score":9,"maxScore":9,"error":0}}},"additional":[{"keyphrase":"Camping Portugal map","score":53,"analysis":{"keyphraseInDescription":{"score":3,"maxScore":9,"error":1},"keyphraseLength":{"score":9,"maxScore":9,"error":0,"length":3},"keyphraseInIntroduction":{"score":3,"maxScore":9,"error":1},"keyphraseInImageAlt":{"score":9,"maxScore":9,"error":0},"keywordDensity":{"score":0,"type":"low","maxScore":9,"error":1}}},{"keyphrase":"Surf beaches Portugal","score":40,"analysis":{"keyphraseInDescription":{"score":3,"maxScore":9,"error":1},"keyphraseLength":{"score":9,"maxScore":9,"error":0,"length":3},"keyphraseInIntroduction":{"score":3,"maxScore":9,"error":1},"keyphraseInImageAlt":{"score":3,"maxScore":9,"error":1},"keywordDensity":{"score":0,"type":"low","maxScore":9,"error":1}}},{"keyphrase":"Campervan trip Portugal","score":53,"analysis":{"keyphraseInDescription":{"score":3,"maxScore":9,"error":1},"keyphraseLength":{"score":9,"maxScore":9,"error":0,"length":3},"keyphraseInIntroduction":{"score":3,"maxScore":9,"error":1},"keyphraseInImageAlt":{"score":9,"maxScore":9,"error":0},"keywordDensity":{"score":0,"type":"low","maxScore":9,"error":1}}},{"keyphrase":"Algarve travel map","score":53,"analysis":{"keyphraseInDescription":{"score":3,"maxScore":9,"error":1},"keyphraseLength":{"score":9,"maxScore":9,"error":0,"length":3},"keyphraseInIntroduction":{"score":3,"maxScore":9,"error":1},"keyphraseInImageAlt":{"score":9,"maxScore":9,"error":0},"keywordDensity":{"score":0,"type":"low","maxScore":9,"error":1}}}]},"primary_term":null,"canonical_url":null,"og_title":null,"og_description":null,"og_object_type":"default","og_image_type":"default","og_image_url":null,"og_image_width":null,"og_image_height":null,"og_image_custom_url":null,"og_image_custom_fields":null,"og_video":"","og_custom_url":null,"og_article_section":null,"og_article_tags":null,"twitter_use_og":false,"twitter_card":"default","twitter_image_type":"default","twitter_image_url":null,"twitter_image_custom_url":null,"twitter_image_custom_fields":null,"twitter_title":null,"twitter_description":null,"schema":{"blockGraphs":[],"customGraphs":[],"default":{"data":{"Article":[],"Course":[],"Dataset":[],"FAQPage":[],"Movie":[],"Person":[],"Product":[],"ProductReview":[],"Car":[],"Recipe":[],"Service":[],"SoftwareApplication":[],"WebPage":[]},"graphName":"BlogPosting","isEnabled":true},"graphs":[]},"schema_type":"default","schema_type_options":null,"pillar_content":false,"robots_default":true,"robots_noindex":false,"robots_noarchive":false,"robots_nosnippet":false,"robots_nofollow":false,"robots_noimageindex":false,"robots_noodp":false,"robots_notranslate":false,"robots_max_snippet":"-1","robots_max_videopreview":"-1","robots_max_imagepreview":"large","priority":null,"frequency":"default","local_seo":null,"seo_analyzer_scan_date":null,"breadcrumb_settings":null,"limit_modified_date":false,"open_ai":null,"ai":{"faqs":[],"keyPoints":[],"titles":[],"descriptions":[],"socialPosts":{"email":[],"linkedin":[],"twitter":[],"facebook":[],"instagram":[]}},"created":"2023-06-27 11:14:41","updated":"2026-05-25 08:10:53"},"aioseo_breadcrumb":"<div class=\"aioseo-breadcrumbs\"><span class=\"aioseo-breadcrumb\">\n\t\t\t<a href=\"https:\/\/oceancamper.com\/es\/\" title=\"Home\">Home<\/a>\n\t\t<\/span><span class=\"aioseo-breadcrumb-separator\">\u00bb<\/span><span class=\"aioseo-breadcrumb\">\n\t\t\t<a href=\"https:\/\/oceancamper.com\/es\/category\/sin-categorizar\/\" title=\"Sin categorizar\">Sin categorizar<\/a>\n\t\t<\/span><span class=\"aioseo-breadcrumb-separator\">\u00bb<\/span><span class=\"aioseo-breadcrumb\">\n\t\t\tMapa: Los mejores lugares de Portugal \u2013 Tu gu\u00eda de viaje definitiva\n\t\t<\/span><\/div>","aioseo_breadcrumb_json":[{"label":"Home","link":"https:\/\/oceancamper.com\/es\/"},{"label":"Sin categorizar","link":"https:\/\/oceancamper.com\/es\/category\/sin-categorizar\/"},{"label":"Mapa: Los mejores lugares de Portugal &#8211; Tu gu\u00eda de viaje definitiva","link":"https:\/\/oceancamper.com\/es\/mapa-todo-para-tus-vacaciones\/"}],"_links":{"self":[{"href":"https:\/\/oceancamper.com\/es\/wp-json\/wp\/v2\/posts\/82521","targetHints":{"allow":["GET"]}}],"collection":[{"href":"https:\/\/oceancamper.com\/es\/wp-json\/wp\/v2\/posts"}],"about":[{"href":"https:\/\/oceancamper.com\/es\/wp-json\/wp\/v2\/types\/post"}],"author":[{"embeddable":true,"href":"https:\/\/oceancamper.com\/es\/wp-json\/wp\/v2\/users\/1"}],"replies":[{"embeddable":true,"href":"https:\/\/oceancamper.com\/es\/wp-json\/wp\/v2\/comments?post=82521"}],"version-history":[{"count":14,"href":"https:\/\/oceancamper.com\/es\/wp-json\/wp\/v2\/posts\/82521\/revisions"}],"predecessor-version":[{"id":254397,"href":"https:\/\/oceancamper.com\/es\/wp-json\/wp\/v2\/posts\/82521\/revisions\/254397"}],"wp:featuredmedia":[{"embeddable":true,"href":"https:\/\/oceancamper.com\/es\/wp-json\/wp\/v2\/media\/83717"}],"wp:attachment":[{"href":"https:\/\/oceancamper.com\/es\/wp-json\/wp\/v2\/media?parent=82521"}],"wp:term":[{"taxonomy":"category","embeddable":true,"href":"https:\/\/oceancamper.com\/es\/wp-json\/wp\/v2\/categories?post=82521"},{"taxonomy":"post_tag","embeddable":true,"href":"https:\/\/oceancamper.com\/es\/wp-json\/wp\/v2\/tags?post=82521"}],"curies":[{"name":"wp","href":"https:\/\/api.w.org\/{rel}","templated":true}]}}