{"id":82420,"date":"2020-12-21T20:04:28","date_gmt":"2020-12-21T20:04:28","guid":{"rendered":"https:\/\/oceancamper.com\/surfing-en-portugal\/"},"modified":"2025-11-18T15:22:08","modified_gmt":"2025-11-18T15:22:08","slug":"surfing-en-portugal","status":"publish","type":"post","link":"https:\/\/oceancamper.com\/es\/surfing-en-portugal\/","title":{"rendered":"Surf en Portugal: Las mejores playas, puntos de surf y gu\u00eda de viaje en autocaravana"},"content":{"rendered":"\t\t<div data-elementor-type=\"wp-post\" data-elementor-id=\"82420\" class=\"elementor elementor-82420 elementor-384\" data-elementor-post-type=\"post\">\n\t\t\t\t\t\t<section class=\"elementor-section elementor-top-section elementor-element elementor-element-928f519 elementor-section-height-min-height elementor-section-stretched elementor-section-content-middle elementor-section-boxed elementor-section-height-default elementor-section-items-middle\" data-id=\"928f519\" data-element_type=\"section\" data-e-type=\"section\" data-settings=\"{&quot;stretch_section&quot;:&quot;section-stretched&quot;,&quot;background_background&quot;:&quot;classic&quot;}\">\n\t\t\t\t\t\t\t<div class=\"elementor-background-overlay\"><\/div>\n\t\t\t\t\t\t\t<div class=\"elementor-container elementor-column-gap-default\">\n\t\t\t\t\t<div class=\"elementor-column elementor-col-100 elementor-top-column elementor-element elementor-element-309ffea\" data-id=\"309ffea\" data-element_type=\"column\" data-e-type=\"column\">\n\t\t\t<div class=\"elementor-widget-wrap elementor-element-populated\">\n\t\t\t\t\t\t<div class=\"elementor-element elementor-element-8f79145 elementor-widget elementor-widget-theme-post-title elementor-page-title elementor-widget-heading\" data-id=\"8f79145\" data-element_type=\"widget\" data-e-type=\"widget\" data-widget_type=\"theme-post-title.default\">\n\t\t\t\t<div class=\"elementor-widget-container\">\n\t\t\t\t\t<h1 class=\"elementor-heading-title elementor-size-default\">Surf en Portugal: Las mejores playas, puntos de surf y gu\u00eda de viaje en autocaravana<\/h1>\t\t\t\t<\/div>\n\t\t\t\t<\/div>\n\t\t\t\t<section class=\"elementor-section elementor-inner-section elementor-element elementor-element-8b0eec6 elementor-section-boxed elementor-section-height-default elementor-section-height-default\" data-id=\"8b0eec6\" data-element_type=\"section\" data-e-type=\"section\">\n\t\t\t\t\t\t<div class=\"elementor-container elementor-column-gap-default\">\n\t\t\t\t\t<div class=\"elementor-column elementor-col-33 elementor-inner-column elementor-element elementor-element-05e39e0\" data-id=\"05e39e0\" data-element_type=\"column\" data-e-type=\"column\">\n\t\t\t<div class=\"elementor-widget-wrap\">\n\t\t\t\t\t\t\t<\/div>\n\t\t<\/div>\n\t\t\t\t<div class=\"elementor-column elementor-col-33 elementor-inner-column elementor-element elementor-element-f08ffcf\" data-id=\"f08ffcf\" data-element_type=\"column\" data-e-type=\"column\">\n\t\t\t<div class=\"elementor-widget-wrap elementor-element-populated\">\n\t\t\t\t\t\t<div class=\"elementor-element elementor-element-5c77975 elementor-author-box--align-center elementor-author-box--layout-image-above elementor-widget elementor-widget-author-box\" data-id=\"5c77975\" data-element_type=\"widget\" data-e-type=\"widget\" data-widget_type=\"author-box.default\">\n\t\t\t\t<div class=\"elementor-widget-container\">\n\t\t\t\t\t\t\t<div class=\"elementor-author-box\">\n\t\t\t\t\t\t\t<div  class=\"elementor-author-box__avatar\">\n\t\t\t\t\t<img decoding=\"async\" src=\"https:\/\/oceancamper.com\/wp-content\/uploads\/2022\/02\/Nina-min-1-300x300.jpg\" alt=\"Imagen de Nina\" loading=\"lazy\">\n\t\t\t\t<\/div>\n\t\t\t\n\t\t\t<div class=\"elementor-author-box__text\">\n\t\t\t\t\t\t\t\t\t<div >\n\t\t\t\t\t\t<h4 class=\"elementor-author-box__name\">\n\t\t\t\t\t\t\tNina\t\t\t\t\t\t<\/h4>\n\t\t\t\t\t<\/div>\n\t\t\t\t\n\t\t\t\t\t\t\t\t\t<div class=\"elementor-author-box__bio\">\n\t\t\t\t\t\t<p>Ocean Camper CEO<\/p>\n\t\t\t\t\t<\/div>\n\t\t\t\t\n\t\t\t\t\t\t\t<\/div>\n\t\t<\/div>\n\t\t\t\t\t\t<\/div>\n\t\t\t\t<\/div>\n\t\t\t\t\t<\/div>\n\t\t<\/div>\n\t\t\t\t<div class=\"elementor-column elementor-col-33 elementor-inner-column elementor-element elementor-element-e607f89\" data-id=\"e607f89\" data-element_type=\"column\" data-e-type=\"column\">\n\t\t\t<div class=\"elementor-widget-wrap\">\n\t\t\t\t\t\t\t<\/div>\n\t\t<\/div>\n\t\t\t\t\t<\/div>\n\t\t<\/section>\n\t\t\t\t\t<\/div>\n\t\t<\/div>\n\t\t\t\t\t<\/div>\n\t\t<\/section>\n\t\t\t\t<section class=\"elementor-section elementor-top-section elementor-element elementor-element-e1ec7b3 elementor-section-stretched elementor-section-boxed elementor-section-height-default elementor-section-height-default\" data-id=\"e1ec7b3\" data-element_type=\"section\" data-e-type=\"section\" data-settings=\"{&quot;stretch_section&quot;:&quot;section-stretched&quot;,&quot;background_background&quot;:&quot;classic&quot;}\">\n\t\t\t\t\t\t<div class=\"elementor-container elementor-column-gap-default\">\n\t\t\t\t\t<div class=\"elementor-column elementor-col-100 elementor-top-column elementor-element elementor-element-2a07edb elementor-invisible\" data-id=\"2a07edb\" data-element_type=\"column\" data-e-type=\"column\" data-settings=\"{&quot;background_background&quot;:&quot;classic&quot;,&quot;animation&quot;:&quot;fadeIn&quot;}\">\n\t\t\t<div class=\"elementor-widget-wrap elementor-element-populated\">\n\t\t\t\t\t<div class=\"elementor-background-overlay\"><\/div>\n\t\t\t\t\t\t<div class=\"elementor-element elementor-element-f523e87 elementor-widget elementor-widget-heading\" data-id=\"f523e87\" data-element_type=\"widget\" data-e-type=\"widget\" data-widget_type=\"heading.default\">\n\t\t\t\t<div class=\"elementor-widget-container\">\n\t\t\t\t\t<h2 class=\"elementor-heading-title elementor-size-default\">Index<\/h2>\t\t\t\t<\/div>\n\t\t\t\t<\/div>\n\t\t\t\t<div class=\"elementor-element elementor-element-28a819e elementor-widget elementor-widget-text-editor\" data-id=\"28a819e\" data-element_type=\"widget\" data-e-type=\"widget\" data-widget_type=\"text-editor.default\">\n\t\t\t\t<div class=\"elementor-widget-container\">\n\t\t\t\t\t\t\t\t\t<ol><li><h6><a href=\"#surfing\">Surf en Portugal: Las mejores playas del Algarve y el Alentejo para un viaje en autocaravana<\/a><\/h6><\/li><li><h6><a href=\"#camper\">Viaje de surf con nuestras autocaravanas<\/a><\/h6><\/li><li><h6><a href=\"#guide\">Gu\u00eda de temporadas de surf y trajes de neopreno<\/a><\/h6><\/li><li><h6><a href=\"#wind\">Conceptos b\u00e1sicos sobre viento y mareas<\/a><\/h6><\/li><li><h6><a href=\"#bestbeaches\">Las mejores playas para hacer surf en el Algarve<\/a><\/h6><ol><li><a href=\"#zavial\">Playa de Zavial<\/a><\/li><li><a href=\"#mareta\">Playa de la Mareta (Sagres)<\/a><\/li><li><a href=\"#tonel\">Playa de Tonel (Sagres)<\/a><\/li><li><a href=\"#beliche\">Playa de Beliche (Sagres)<\/a><\/li><li><a href=\"#ponta\">Ponta Ruiva<\/a><\/li><li><a href=\"#amado\">Playa de Amado<\/a><\/li><li><a href=\"#arrifana\">Playa de Arrifana<\/a><\/li><li><a href=\"#faro\">Playa de Faro<\/a><\/li><\/ol><\/li><li><h6><a href=\"#alentejo\">Las mejores playas para hacer surf en Alentejo<\/a><\/h6><ol><li><a href=\"#Odeceixe\">Odeceixe<\/a><\/li><li><a href=\"#zambujeira\">Zambujeira do Mar<\/a><\/li><li><a href=\"#malh%C3%A3o\">Playa de Malh\u00e3o<\/a><\/li><li><a href=\"#tropes\">Playa de S\u00e3o Torpes (Sines)<\/a><\/li><\/ol><\/li><li><a href=\"#spots\">Algarve y Alentejo &#8211; Resumen r\u00e1pido<\/a><\/li><li><a href=\"#forecast\">Herramientas de previsi\u00f3n para tu viajePonta Ruiva<\/a><\/li><li><a href=\"#campervan\">Etiqueta y seguridad en autocaravana<\/a><\/li><li><a href=\"#faq\">Preguntas m\u00e1s frecuentes (FAQ)<\/a><\/li><li><a href=\"#surftrip\">Planifica tu viaje de surf por carretera<\/a><\/li><\/ol>\t\t\t\t\t\t\t\t<\/div>\n\t\t\t\t<\/div>\n\t\t\t\t\t<\/div>\n\t\t<\/div>\n\t\t\t\t\t<\/div>\n\t\t<\/section>\n\t\t\t\t<section class=\"elementor-section elementor-top-section elementor-element elementor-element-3ae6dc3 elementor-section-stretched elementor-section-boxed elementor-section-height-default elementor-section-height-default\" data-id=\"3ae6dc3\" data-element_type=\"section\" data-e-type=\"section\" data-settings=\"{&quot;stretch_section&quot;:&quot;section-stretched&quot;,&quot;background_background&quot;:&quot;classic&quot;}\">\n\t\t\t\t\t\t<div class=\"elementor-container elementor-column-gap-default\">\n\t\t\t\t\t<div class=\"elementor-column elementor-col-100 elementor-top-column elementor-element elementor-element-e00067a\" data-id=\"e00067a\" data-element_type=\"column\" data-e-type=\"column\">\n\t\t\t<div class=\"elementor-widget-wrap elementor-element-populated\">\n\t\t\t\t\t\t<div class=\"elementor-element elementor-element-a08d62e elementor-widget elementor-widget-heading\" data-id=\"a08d62e\" data-element_type=\"widget\" data-e-type=\"widget\" id=\"surfing\" data-widget_type=\"heading.default\">\n\t\t\t\t<div class=\"elementor-widget-container\">\n\t\t\t\t\t<h2 class=\"elementor-heading-title elementor-size-default\">Surf en Portugal: Las mejores playas del Algarve y el Alentejo para un viaje en autocaravana<\/h2>\t\t\t\t<\/div>\n\t\t\t\t<\/div>\n\t\t\t\t<div class=\"elementor-element elementor-element-b39402d elementor-widget elementor-widget-text-editor\" data-id=\"b39402d\" data-element_type=\"widget\" data-e-type=\"widget\" data-widget_type=\"text-editor.default\">\n\t\t\t\t<div class=\"elementor-widget-container\">\n\t\t\t\t\t\t\t\t\t<p data-start=\"149\" data-end=\"211\">Practicar surf en Portugal es un sue\u00f1o hecho realidad para cualquier surfista. Con m\u00e1s de 900 km de costa, un clima suave y olas para todos los niveles, ofrece condiciones para surfear durante todo el a\u00f1o. Las regiones del Algarve y el Alentejo, en el sur y el suroeste, son especialmente atractivas, donde los escarpados acantilados se encuentran con playas doradas y el oleaje del Atl\u00e1ntico con el sol. Tanto si persigues tus primeras olas como si planeas un viaje de surf por carretera fuera de la red, esta gu\u00eda te ayudar\u00e1 a encontrar las mejores playas de surf de Portugal, todas accesibles con una autocaravana de surf Ocean Camper.   <\/p>\t\t\t\t\t\t\t\t<\/div>\n\t\t\t\t<\/div>\n\t\t\t\t\t<\/div>\n\t\t<\/div>\n\t\t\t\t\t<\/div>\n\t\t<\/section>\n\t\t\t\t<section class=\"elementor-section elementor-top-section elementor-element elementor-element-1f8ebcb elementor-section-stretched elementor-section-boxed elementor-section-height-default elementor-section-height-default\" data-id=\"1f8ebcb\" data-element_type=\"section\" data-e-type=\"section\" id=\"surftrip\" data-settings=\"{&quot;stretch_section&quot;:&quot;section-stretched&quot;,&quot;background_background&quot;:&quot;classic&quot;}\">\n\t\t\t\t\t\t<div class=\"elementor-container elementor-column-gap-default\">\n\t\t\t\t\t<div class=\"elementor-column elementor-col-100 elementor-top-column elementor-element elementor-element-ae1eeb1\" data-id=\"ae1eeb1\" data-element_type=\"column\" data-e-type=\"column\">\n\t\t\t<div class=\"elementor-widget-wrap elementor-element-populated\">\n\t\t\t\t\t\t<div class=\"elementor-element elementor-element-f7c483d elementor-widget elementor-widget-heading\" data-id=\"f7c483d\" data-element_type=\"widget\" data-e-type=\"widget\" id=\"camper\" data-widget_type=\"heading.default\">\n\t\t\t\t<div class=\"elementor-widget-container\">\n\t\t\t\t\t<h2 class=\"elementor-heading-title elementor-size-default\">Viaje de surf con nuestras autocaravanas<\/h2>\t\t\t\t<\/div>\n\t\t\t\t<\/div>\n\t\t\t\t<div class=\"elementor-element elementor-element-bd0d2c1 elementor-widget elementor-widget-text-editor\" data-id=\"bd0d2c1\" data-element_type=\"widget\" data-e-type=\"widget\" data-widget_type=\"text-editor.default\">\n\t\t\t\t<div class=\"elementor-widget-container\">\n\t\t\t\t\t\t\t\t\t<p>Haz que tu aventura de surf sea sencilla, flexible y asequible con <strong data-start=\"887\" data-end=\"903\">Ocean Camper<\/strong>. <a href=\"https:\/\/oceancamper.com\/es\/campervans\/\">Nuestras autocaravanas<\/a> son compactas, asequibles y est\u00e1n totalmente equipadas para viajes de surf:<\/p><ul><li data-start=\"1259\" data-end=\"1297\"><img decoding=\"async\" class=\"emoji\" role=\"img\" draggable=\"false\" src=\"https:\/\/s.w.org\/images\/core\/emoji\/16.0.1\/svg\/1f6bf.svg\" alt=\"\ud83d\udebf\">  Ducha exterior y dep\u00f3sito de agua de 80 L<\/li><li data-start=\"1300\" data-end=\"1364\"><img decoding=\"async\" class=\"emoji\" role=\"img\" draggable=\"false\" src=\"https:\/\/s.w.org\/images\/core\/emoji\/16.0.1\/svg\/1f3c4-200d-2642-fe0f.svg\" alt=\"\ud83c\udfc4\u200d\u2642\ufe0f\">  Portaequipajes con correas de fijaci\u00f3n para tablas de surf de cualquier tama\u00f1o<\/li><li data-start=\"1367\" data-end=\"1409\"><img decoding=\"async\" class=\"emoji\" role=\"img\" draggable=\"false\" src=\"https:\/\/s.w.org\/images\/core\/emoji\/16.0.1\/svg\/1f4a6.svg\" alt=\"\ud83d\udca6\">  Alquiler opcional de tablas de surf y trajes de neopreno<\/li><li data-start=\"1412\" data-end=\"1457\"><img decoding=\"async\" class=\"emoji\" role=\"img\" draggable=\"false\" src=\"https:\/\/s.w.org\/images\/core\/emoji\/16.0.1\/svg\/1f4a4.svg\" alt=\"\ud83d\udca4\">  C\u00f3moda cama doble y cocina<\/li><li data-start=\"1460\" data-end=\"1512\"><img decoding=\"async\" class=\"emoji\" role=\"img\" draggable=\"false\" src=\"https:\/\/s.w.org\/images\/core\/emoji\/16.0.1\/svg\/26a1.svg\" alt=\"\u26a1\">  Sistema solar (en algunos modelos) para estancias sin conexi\u00f3n a la red el\u00e9ctrica<\/li><\/ul><p data-start=\"1514\" data-end=\"1619\">Nuestras furgonetas son compactas, eficientes y perfectas para perseguir olas desde <strong data-start=\"1582\" data-end=\"1592\">Sagres<\/strong> hasta <strong data-start=\"1596\" data-end=\"1605\">Sines<\/strong> y m\u00e1s all\u00e1.<\/p>\t\t\t\t\t\t\t\t<\/div>\n\t\t\t\t<\/div>\n\t\t\t\t\t<\/div>\n\t\t<\/div>\n\t\t\t\t\t<\/div>\n\t\t<\/section>\n\t\t\t\t<section class=\"elementor-section elementor-top-section elementor-element elementor-element-181eb16 elementor-section-stretched elementor-section-boxed elementor-section-height-default elementor-section-height-default\" data-id=\"181eb16\" data-element_type=\"section\" data-e-type=\"section\" id=\"surfing\" data-settings=\"{&quot;stretch_section&quot;:&quot;section-stretched&quot;,&quot;background_background&quot;:&quot;classic&quot;}\">\n\t\t\t\t\t\t<div class=\"elementor-container elementor-column-gap-default\">\n\t\t\t\t\t<div class=\"elementor-column elementor-col-100 elementor-top-column elementor-element elementor-element-0c2efa8\" data-id=\"0c2efa8\" data-element_type=\"column\" data-e-type=\"column\">\n\t\t\t<div class=\"elementor-widget-wrap elementor-element-populated\">\n\t\t\t\t\t\t<div class=\"elementor-element elementor-element-6af0300 elementor-widget elementor-widget-heading\" data-id=\"6af0300\" data-element_type=\"widget\" data-e-type=\"widget\" id=\"guide\" data-widget_type=\"heading.default\">\n\t\t\t\t<div class=\"elementor-widget-container\">\n\t\t\t\t\t<h2 class=\"elementor-heading-title elementor-size-default\">Gu\u00eda de temporadas de surf y trajes de neopreno<\/h2>\t\t\t\t<\/div>\n\t\t\t\t<\/div>\n\t\t\t\t<div class=\"elementor-element elementor-element-d9552fd elementor-widget elementor-widget-text-editor\" data-id=\"d9552fd\" data-element_type=\"widget\" data-e-type=\"widget\" data-widget_type=\"text-editor.default\">\n\t\t\t\t<div class=\"elementor-widget-container\">\n\t\t\t\t\t\t\t\t\t<table><thead><tr><th>Temporada<\/th><th>Costa Oeste (Vicentina y Alentejo)<\/th><th>Costa Sur (Algarve)<\/th><th>Viento t\u00edpico<\/th><th>Temperatura del agua<\/th><th>Gu\u00eda de trajes de neopreno<\/th><\/tr><\/thead><tbody><tr><td>Oct-Dic<\/td><td>Marejadas atl\u00e1nticas constantes<\/td><td>Olas protegidas y divertidas<\/td><td>Vientos NW\/W<\/td><td>16-19 \u00b0C<\/td><td>4\/3 mm<\/td><\/tr><tr><td>Enero-Marzo<\/td><td>Fuerte oleaje invernal<\/td><td>Olas limpias en d\u00edas peque\u00f1os<\/td><td>Variable, mejor vientos del E<\/td><td>15-17 \u00b0C<\/td><td>4\/3 + botas<\/td><\/tr><tr><td>Abr-Mayo<\/td><td>Olas suaves, menos multitudes<\/td><td>D\u00edas de diversi\u00f3n frecuentes<\/td><td>Ma\u00f1anas E viento<\/td><td>16-18 \u00b0C<\/td><td>3\/2-4\/3<\/td><\/tr><tr><td>Jun-Sep<\/td><td>Olas m\u00e1s peque\u00f1as, PM con viento<\/td><td>Genial para estudiantes<\/td><td>Brisa marina del NO<\/td><td>18-22 \u00b0C<\/td><td>3\/2 cortito<\/td><\/tr><\/tbody><\/table>\t\t\t\t\t\t\t\t<\/div>\n\t\t\t\t<\/div>\n\t\t\t\t<div class=\"elementor-element elementor-element-1cf6121 elementor-widget elementor-widget-text-editor\" data-id=\"1cf6121\" data-element_type=\"widget\" data-e-type=\"widget\" data-widget_type=\"text-editor.default\">\n\t\t\t\t<div class=\"elementor-widget-container\">\n\t\t\t\t\t\t\t\t\t<p data-start=\"2311\" data-end=\"2431\">\ud83d\udca1 <strong data-start=\"2314\" data-end=\"2322\">Consejo:<\/strong> Cuando la <strong data-start=\"2332\" data-end=\"2346\">costa oeste<\/strong> es demasiado grande, la <strong data-start=\"2363\" data-end=\"2378\">costa sur<\/strong> (Sagres, Zavial, Faro) ofrece un oleaje limpio y m\u00e1s peque\u00f1o.<\/p>\t\t\t\t\t\t\t\t<\/div>\n\t\t\t\t<\/div>\n\t\t\t\t<div class=\"elementor-element elementor-element-a8a2ec3 elementor-widget elementor-widget-heading\" data-id=\"a8a2ec3\" data-element_type=\"widget\" data-e-type=\"widget\" id=\"wind\" data-widget_type=\"heading.default\">\n\t\t\t\t<div class=\"elementor-widget-container\">\n\t\t\t\t\t<h2 class=\"elementor-heading-title elementor-size-default\">\ud83c\udfc4\u200d\u2640\ufe0f Conceptos b\u00e1sicos sobre viento y mareas<\/h2>\t\t\t\t<\/div>\n\t\t\t\t<\/div>\n\t\t\t\t<div class=\"elementor-element elementor-element-40d0791 elementor-widget elementor-widget-text-editor\" data-id=\"40d0791\" data-element_type=\"widget\" data-e-type=\"widget\" data-widget_type=\"text-editor.default\">\n\t\t\t\t<div class=\"elementor-widget-container\">\n\t\t\t\t\t\t\t\t\t<ul><li><strong data-start=\"2471\" data-end=\"2494\">Viento del este (Levante)<\/strong> \u2192 Offshore en la costa oeste \u2192 Olas limpias<\/li><li><strong data-start=\"2542\" data-end=\"2570\">Viento del noroeste (Nortada)<\/strong> \u2192 Mar adentro en la costa sur \u2192 Genial para los d\u00edas de aprendizaje<\/li><li>La <strong data-start=\"2631\" data-end=\"2651\">marea media y alta<\/strong> suele ofrecer mejor forma en la mayor\u00eda de las playas<\/li><li>Consulta las previsiones locales en <a class=\"decorated-link\" href=\"https:\/\/www.surf-forecast.com\" target=\"_new\" rel=\"noopener\" data-start=\"2725\" data-end=\"2771\">Surf-Forecast<\/a> y <a class=\"decorated-link\" href=\"https:\/\/www.windy.com\" target=\"_new\" rel=\"noopener\" data-start=\"2776\" data-end=\"2806\">Windy<\/a> antes de conducir<\/li><\/ul>\t\t\t\t\t\t\t\t<\/div>\n\t\t\t\t<\/div>\n\t\t\t\t\t<\/div>\n\t\t<\/div>\n\t\t\t\t\t<\/div>\n\t\t<\/section>\n\t\t\t\t<section class=\"elementor-section elementor-top-section elementor-element elementor-element-d56b7c7 elementor-section-stretched elementor-section-boxed elementor-section-height-default elementor-section-height-default\" data-id=\"d56b7c7\" data-element_type=\"section\" data-e-type=\"section\" data-settings=\"{&quot;stretch_section&quot;:&quot;section-stretched&quot;,&quot;background_background&quot;:&quot;classic&quot;}\">\n\t\t\t\t\t\t<div class=\"elementor-container elementor-column-gap-default\">\n\t\t\t\t\t<div class=\"elementor-column elementor-col-100 elementor-top-column elementor-element elementor-element-67a2edf\" data-id=\"67a2edf\" data-element_type=\"column\" data-e-type=\"column\">\n\t\t\t<div class=\"elementor-widget-wrap elementor-element-populated\">\n\t\t\t\t\t\t<div class=\"elementor-element elementor-element-62413ad elementor-widget elementor-widget-heading\" data-id=\"62413ad\" data-element_type=\"widget\" data-e-type=\"widget\" id=\"bestbeaches\" data-widget_type=\"heading.default\">\n\t\t\t\t<div class=\"elementor-widget-container\">\n\t\t\t\t\t<h2 class=\"elementor-heading-title elementor-size-default\">\ud83c\udf34 Las mejores playas para hacer surf en el Algarve<\/h2>\t\t\t\t<\/div>\n\t\t\t\t<\/div>\n\t\t\t\t\t<\/div>\n\t\t<\/div>\n\t\t\t\t\t<\/div>\n\t\t<\/section>\n\t\t\t\t<section class=\"elementor-section elementor-top-section elementor-element elementor-element-051798b elementor-section-stretched elementor-section-boxed elementor-section-height-default elementor-section-height-default\" data-id=\"051798b\" data-element_type=\"section\" data-e-type=\"section\" id=\"Zavial\" data-settings=\"{&quot;stretch_section&quot;:&quot;section-stretched&quot;,&quot;background_background&quot;:&quot;classic&quot;}\">\n\t\t\t\t\t\t<div class=\"elementor-container elementor-column-gap-default\">\n\t\t\t\t\t<div class=\"elementor-column elementor-col-100 elementor-top-column elementor-element elementor-element-866a99b\" data-id=\"866a99b\" data-element_type=\"column\" data-e-type=\"column\">\n\t\t\t<div class=\"elementor-widget-wrap elementor-element-populated\">\n\t\t\t\t\t\t<div class=\"elementor-element elementor-element-6e8c85d elementor-widget elementor-widget-heading\" data-id=\"6e8c85d\" data-element_type=\"widget\" data-e-type=\"widget\" id=\"zavial\" data-widget_type=\"heading.default\">\n\t\t\t\t<div class=\"elementor-widget-container\">\n\t\t\t\t\t<h2 class=\"elementor-heading-title elementor-size-default\">1. Playa de Zavial<\/h2>\t\t\t\t<\/div>\n\t\t\t\t<\/div>\n\t\t\t\t<div class=\"elementor-element elementor-element-ad13dc8 elementor-widget elementor-widget-text-editor\" data-id=\"ad13dc8\" data-element_type=\"widget\" data-e-type=\"widget\" data-widget_type=\"text-editor.default\">\n\t\t\t\t<div class=\"elementor-widget-container\">\n\t\t\t\t\t\t\t\t\t<p data-start=\"60\" data-end=\"360\">Zavial es uno de los <strong data-start=\"93\" data-end=\"119\">puntos de surf<\/strong> m\u00e1s emblem\u00e1ticos de la <strong data-start=\"93\" data-end=\"119\">costa sur<\/strong> del Algarve, conocido por sus olas limpias, su arena dorada y su tranquilo entorno natural. Escondido en un estrecho valle cerca de Raposeira, permanece resguardado cuando la <strong data-start=\"274\" data-end=\"308\">costa oeste es demasiado grande o ventosa<\/strong>, lo que lo convierte en una de las opciones invernales m\u00e1s fiables. <\/p><p data-start=\"362\" data-end=\"720\">Con oleaje peque\u00f1o o medio, Zavial ofrece paredes largas y divertidas para principiantes e intermedios. Con oleaje s\u00f3lido del oeste o suroeste, la ola se vuelve r\u00e1pida y potente, ideal para surfistas avanzados. La playa es ancha, tranquila y de f\u00e1cil acceso, con aguas claras y acantilados espectaculares. Para los viajeros en autocaravana, es una gran parada en un <strong data-start=\"684\" data-end=\"719\">viaje de surf en autocaravana por Portugal<\/strong>.   <\/p><p data-start=\"1287\" data-end=\"1651\">\ud83d\udccd <strong data-start=\"1290\" data-end=\"1303\">Mejor para:<\/strong> principiantes en d\u00edas peque\u00f1os, intermedios y avanzados con oleaje medio a fuerte<br data-start=\"1381\" data-end=\"1384\">\ud83c\udf0a <strong data-start=\"1387\" data-end=\"1401\">Tipo de ola:<\/strong> beach break con secciones puntuales<br data-start=\"1449\" data-end=\"1452\">\ud83d\udca8 <strong data-start=\"1455\" data-end=\"1464\">Viento<\/strong>: los vientos del NW soplan mar adentro; los vientos del este crean paredes limpias<br data-start=\"1517\" data-end=\"1520\">\u23f0 <strong data-start=\"1522\" data-end=\"1536\" data-is-only-node=\"\">Mejor marea:<\/strong> de media a alta<br data-start=\"1548\" data-end=\"1551\">\u2714\ufe0f <strong data-start=\"1554\" data-end=\"1578\">Por qu\u00e9 les encanta a los surfistas:<\/strong> agua limpia, hermosos paisajes, olas fiables en invierno, ambiente poco masificado<\/p>\t\t\t\t\t\t\t\t<\/div>\n\t\t\t\t<\/div>\n\t\t\t\t<div class=\"elementor-element elementor-element-20d6906 elementor-widget elementor-widget-image\" data-id=\"20d6906\" data-element_type=\"widget\" data-e-type=\"widget\" data-widget_type=\"image.default\">\n\t\t\t\t<div class=\"elementor-widget-container\">\n\t\t\t\t\t\t\t\t\t\t\t\t\t\t\t<img decoding=\"async\" src=\"https:\/\/oceancamper.com\/wp-content\/uploads\/elementor\/thumbs\/zavial-beach-algarve-surfing-in-portugal-reu0w5gr6j54w845f128x3jw5yx1omdfbheagdhnqo.jpg\" title=\"Playa de Zavial Algarve &#8211; Surf en Portugal\" alt=\"Playa de Zavial Punto de surf de la costa sur del Algarve con aguas transparentes, cala de arena y olas suaves - lugar ideal para practicar surf en Portugal.\" loading=\"lazy\" \/>\t\t\t\t\t\t\t\t\t\t\t\t\t\t\t<\/div>\n\t\t\t\t<\/div>\n\t\t\t\t<div class=\"elementor-element elementor-element-89be162 elementor-widget elementor-widget-text-editor\" data-id=\"89be162\" data-element_type=\"widget\" data-e-type=\"widget\" data-widget_type=\"text-editor.default\">\n\t\t\t\t<div class=\"elementor-widget-container\">\n\t\t\t\t\t\t\t\t\t<article class=\"text-token-text-primary w-full focus:outline-none [--shadow-height:45px] has-data-writing-block:pointer-events-none has-data-writing-block:-mt-(--shadow-height) has-data-writing-block:pt-(--shadow-height) [&amp;:has([data-writing-block])&gt;*]:pointer-events-auto [content-visibility:auto] supports-[content-visibility:auto]:[contain-intrinsic-size:auto_100lvh] scroll-mt-[calc(var(--header-height)+min(200px,max(70px,20svh)))]\" dir=\"auto\" tabindex=\"-1\" data-turn-id=\"request-690b80b8-681c-8328-a668-6f1632121521-9\" data-testid=\"conversation-turn-20\" data-scroll-anchor=\"true\" data-turn=\"assistant\"><div class=\"text-base my-auto mx-auto pb-10 [--thread-content-margin:--spacing(4)] thread-sm:[--thread-content-margin:--spacing(6)] thread-lg:[--thread-content-margin:--spacing(16)] px-(--thread-content-margin)\"><div class=\"[--thread-content-max-width:40rem] thread-lg:[--thread-content-max-width:48rem] mx-auto max-w-(--thread-content-max-width) flex-1 group\/turn-messages focus-visible:outline-hidden relative flex w-full min-w-0 flex-col agent-turn\" tabindex=\"-1\"><div class=\"flex max-w-full flex-col grow\"><div class=\"min-h-8 text-message relative flex w-full flex-col items-end gap-2 text-start break-words whitespace-normal [.text-message+&amp;]:mt-1\" dir=\"auto\" data-message-author-role=\"assistant\" data-message-id=\"a1783eff-211e-4f98-9e0d-bab357f1c873\" data-message-model-slug=\"gpt-5\"><div class=\"flex w-full flex-col gap-1 empty:hidden first:pt-[1px]\"><div class=\"markdown prose dark:prose-invert w-full break-words dark markdown-new-styling\"><p data-start=\"75\" data-end=\"156\">Foto \u00abPlaya de Xavial (3576216657).jpg\u00bb de <a class=\"external text\" href=\"https:\/\/www.flickr.com\/people\/66691654@N00\" rel=\"nofollow\">Sheila Thomson<\/a>, bajo licencia <a href=\"https:\/\/commons.wikimedia.org\/wiki\/File:Xavial_Beach_(3576216657).jpg\" target=\"_blank\" rel=\"noopener\">CC BY 3.0<\/a>.<\/p><\/div><\/div><\/div><\/div><\/div><\/div><\/article>\t\t\t\t\t\t\t\t<\/div>\n\t\t\t\t<\/div>\n\t\t\t\t<div class=\"elementor-element elementor-element-0b3678c elementor-align-left elementor-tablet-align-left elementor-mobile-align-left elementor-widget elementor-widget-button\" data-id=\"0b3678c\" data-element_type=\"widget\" data-e-type=\"widget\" data-widget_type=\"button.default\">\n\t\t\t\t<div class=\"elementor-widget-container\">\n\t\t\t\t\t\t\t\t\t<div class=\"elementor-button-wrapper\">\n\t\t\t\t\t<a class=\"elementor-button elementor-button-link elementor-size-sm elementor-animation-pop\" href=\"https:\/\/www.google.pt\/maps\/place\/Praia+do+Zavial\/@37.0450163,-8.8768104,15z\/data=!3m1!4b1!4m5!3m4!1s0xd1b4a25e79eda4d:0x22cbfdb4958b27a9!8m2!3d37.045!4d-8.8680556\" target=\"_blank\">\n\t\t\t\t\t\t<span class=\"elementor-button-content-wrapper\">\n\t\t\t\t\t\t\t\t\t<span class=\"elementor-button-text\">Mapa aqu\u00ed.<\/span>\n\t\t\t\t\t<\/span>\n\t\t\t\t\t<\/a>\n\t\t\t\t<\/div>\n\t\t\t\t\t\t\t\t<\/div>\n\t\t\t\t<\/div>\n\t\t\t\t\t<\/div>\n\t\t<\/div>\n\t\t\t\t\t<\/div>\n\t\t<\/section>\n\t\t\t\t<section class=\"elementor-section elementor-top-section elementor-element elementor-element-a4d348a elementor-section-stretched elementor-section-boxed elementor-section-height-default elementor-section-height-default\" data-id=\"a4d348a\" data-element_type=\"section\" data-e-type=\"section\" id=\"Mareta\" data-settings=\"{&quot;stretch_section&quot;:&quot;section-stretched&quot;,&quot;background_background&quot;:&quot;classic&quot;}\">\n\t\t\t\t\t\t<div class=\"elementor-container elementor-column-gap-default\">\n\t\t\t\t\t<div class=\"elementor-column elementor-col-100 elementor-top-column elementor-element elementor-element-98ac20c\" data-id=\"98ac20c\" data-element_type=\"column\" data-e-type=\"column\">\n\t\t\t<div class=\"elementor-widget-wrap elementor-element-populated\">\n\t\t\t\t\t\t<div class=\"elementor-element elementor-element-3a06fed elementor-widget elementor-widget-heading\" data-id=\"3a06fed\" data-element_type=\"widget\" data-e-type=\"widget\" id=\"mareta\" data-widget_type=\"heading.default\">\n\t\t\t\t<div class=\"elementor-widget-container\">\n\t\t\t\t\t<h2 class=\"elementor-heading-title elementor-size-default\">2. Playa de la Mareta (Sagres)<\/h2>\t\t\t\t<\/div>\n\t\t\t\t<\/div>\n\t\t\t\t<div class=\"elementor-element elementor-element-274bb7a elementor-widget elementor-widget-text-editor\" data-id=\"274bb7a\" data-element_type=\"widget\" data-e-type=\"widget\" data-widget_type=\"text-editor.default\">\n\t\t\t\t<div class=\"elementor-widget-container\">\n\t\t\t\t\t\t\t\t\t<p data-start=\"146\" data-end=\"663\">Mareta es la playa de surf m\u00e1s resguardada de Sagres, protegida por altos acantilados que bloquean el viento y el fuerte oleaje. Esto la convierte en uno de los <strong data-start=\"307\" data-end=\"349\">puntos de surf para principiantes<\/strong> m\u00e1s seguros y consistentes de <strong data-start=\"307\" data-end=\"349\">la costa sur<\/strong>. Las olas suelen ser suaves y amistosas, ideales para primeras sesiones, clases de surf o d\u00edas relajados cuando la costa oeste es demasiado potente. En las marejadas invernales m\u00e1s grandes, Mareta puede producir picos divertidos y juguetones que disfrutan los intermedios. La playa est\u00e1 cerca de cafeter\u00edas y escuelas de surf, lo que la hace pr\u00e1ctica para un d\u00eda completo de surf.    <\/p><p data-start=\"665\" data-end=\"1012\">\ud83d\udccd <strong data-start=\"668\" data-end=\"681\">Mejor para:<\/strong> principiantes la mayor\u00eda de los d\u00edas; intermedios con oleaje invernal m\u00e1s grande<br data-start=\"743\" data-end=\"746\">\ud83c\udf0a <strong data-start=\"749\" data-end=\"763\">Tipo de ola:<\/strong> beach break suave con olas suaves y onduladas<br data-start=\"807\" data-end=\"810\">\ud83d\udca8 <strong data-start=\"813\" data-end=\"822\">Viento:<\/strong> este o sureste para las condiciones m\u00e1s limpias<br data-start=\"868\" data-end=\"871\">\u23f0 <strong data-start=\"873\" data-end=\"887\">Mejor marea:<\/strong> marea media<br data-start=\"896\" data-end=\"899\">\u2714\ufe0f <strong data-start=\"902\" data-end=\"926\">Por qu\u00e9 les gusta a los surfistas:<\/strong> al abrigo del oleaje, ideal para dar clases, f\u00e1cil acceso, caf\u00e9s y escuelas de surf cerca<\/p>\t\t\t\t\t\t\t\t<\/div>\n\t\t\t\t<\/div>\n\t\t\t\t<div class=\"elementor-element elementor-element-cc22e7e elementor-widget elementor-widget-image\" data-id=\"cc22e7e\" data-element_type=\"widget\" data-e-type=\"widget\" data-widget_type=\"image.default\">\n\t\t\t\t<div class=\"elementor-widget-container\">\n\t\t\t\t\t\t\t\t\t\t\t\t\t\t\t<img decoding=\"async\" src=\"https:\/\/oceancamper.com\/wp-content\/uploads\/elementor\/thumbs\/mareta-beach-sagres-surfing-inportugal-reu1mml3ojdvwtnoth1y5f1aiof8hph8yiwn2y8ghc.jpg\" title=\"Playa de la Mareta Sagres &#8211; Surf en Portugal\" alt=\"Playa de Mareta Sagres, con aguas tranquilas, litoral arenoso y acantilados: lugar protegido para practicar surf en la costa sur del Algarve.\" loading=\"lazy\" \/>\t\t\t\t\t\t\t\t\t\t\t\t\t\t\t<\/div>\n\t\t\t\t<\/div>\n\t\t\t\t<div class=\"elementor-element elementor-element-c6a33b0 elementor-widget elementor-widget-text-editor\" data-id=\"c6a33b0\" data-element_type=\"widget\" data-e-type=\"widget\" data-widget_type=\"text-editor.default\">\n\t\t\t\t<div class=\"elementor-widget-container\">\n\t\t\t\t\t\t\t\t\t<article class=\"text-token-text-primary w-full focus:outline-none [--shadow-height:45px] has-data-writing-block:pointer-events-none has-data-writing-block:-mt-(--shadow-height) has-data-writing-block:pt-(--shadow-height) [&amp;:has([data-writing-block])&gt;*]:pointer-events-auto [content-visibility:auto] supports-[content-visibility:auto]:[contain-intrinsic-size:auto_100lvh] scroll-mt-[calc(var(--header-height)+min(200px,max(70px,20svh)))]\" dir=\"auto\" tabindex=\"-1\" data-turn-id=\"request-690b80b8-681c-8328-a668-6f1632121521-9\" data-testid=\"conversation-turn-20\" data-scroll-anchor=\"true\" data-turn=\"assistant\"><div class=\"text-base my-auto mx-auto pb-10 [--thread-content-margin:--spacing(4)] thread-sm:[--thread-content-margin:--spacing(6)] thread-lg:[--thread-content-margin:--spacing(16)] px-(--thread-content-margin)\"><div class=\"[--thread-content-max-width:40rem] thread-lg:[--thread-content-max-width:48rem] mx-auto max-w-(--thread-content-max-width) flex-1 group\/turn-messages focus-visible:outline-hidden relative flex w-full min-w-0 flex-col agent-turn\" tabindex=\"-1\"><div class=\"flex max-w-full flex-col grow\"><div class=\"min-h-8 text-message relative flex w-full flex-col items-end gap-2 text-start break-words whitespace-normal [.text-message+&amp;]:mt-1\" dir=\"auto\" data-message-author-role=\"assistant\" data-message-id=\"a1783eff-211e-4f98-9e0d-bab357f1c873\" data-message-model-slug=\"gpt-5\"><div class=\"flex w-full flex-col gap-1 empty:hidden first:pt-[1px]\"><div class=\"markdown prose dark:prose-invert w-full break-words dark markdown-new-styling\"><p data-start=\"75\" data-end=\"156\">Foto \u00abCaba\u00f1a en la playa de Mareta &#8211; Sagres &#8211; El Algarve, Portugal (1388511228).jpg\u00bb de <a class=\"external text\" href=\"https:\/\/www.flickr.com\/people\/10978503@N00\" rel=\"nofollow\">Glen Bowman<\/a>, bajo licencia <a href=\"https:\/\/commons.wikimedia.org\/wiki\/File:Tonel_Beach_Beach_hut_at_The_end_of_the_world_-_Sagres_-_The_Algarve,_Portugal_(1388511228).jpg\" target=\"_blank\" rel=\"noopener\">CC BY 3.0<\/a>.<\/p><\/div><\/div><\/div><\/div><\/div><\/div><\/article>\t\t\t\t\t\t\t\t<\/div>\n\t\t\t\t<\/div>\n\t\t\t\t<div class=\"elementor-element elementor-element-fbfcf7c elementor-align-left elementor-tablet-align-left elementor-mobile-align-left elementor-widget elementor-widget-button\" data-id=\"fbfcf7c\" data-element_type=\"widget\" data-e-type=\"widget\" data-widget_type=\"button.default\">\n\t\t\t\t<div class=\"elementor-widget-container\">\n\t\t\t\t\t\t\t\t\t<div class=\"elementor-button-wrapper\">\n\t\t\t\t\t<a class=\"elementor-button elementor-button-link elementor-size-sm elementor-animation-pop\" href=\"https:\/\/www.google.pt\/maps\/place\/Praia+da+Mareta\/@37.004926,-8.9408295,17z\/data=!3m1!4b1!4m5!3m4!1s0xd1b4c6259fcdd95:0x44a552dc45fd7c2a!8m2!3d37.0053993!4d-8.9388513?shorturl=1\" target=\"_blank\">\n\t\t\t\t\t\t<span class=\"elementor-button-content-wrapper\">\n\t\t\t\t\t\t\t\t\t<span class=\"elementor-button-text\">Mapa aqu\u00ed.<\/span>\n\t\t\t\t\t<\/span>\n\t\t\t\t\t<\/a>\n\t\t\t\t<\/div>\n\t\t\t\t\t\t\t\t<\/div>\n\t\t\t\t<\/div>\n\t\t\t\t\t<\/div>\n\t\t<\/div>\n\t\t\t\t\t<\/div>\n\t\t<\/section>\n\t\t\t\t<section class=\"elementor-section elementor-top-section elementor-element elementor-element-d08384d elementor-section-stretched elementor-section-boxed elementor-section-height-default elementor-section-height-default\" data-id=\"d08384d\" data-element_type=\"section\" data-e-type=\"section\" id=\"Tonel\" data-settings=\"{&quot;stretch_section&quot;:&quot;section-stretched&quot;,&quot;background_background&quot;:&quot;classic&quot;}\">\n\t\t\t\t\t\t<div class=\"elementor-container elementor-column-gap-default\">\n\t\t\t\t\t<div class=\"elementor-column elementor-col-100 elementor-top-column elementor-element elementor-element-bbc47f0\" data-id=\"bbc47f0\" data-element_type=\"column\" data-e-type=\"column\">\n\t\t\t<div class=\"elementor-widget-wrap elementor-element-populated\">\n\t\t\t\t\t\t<div class=\"elementor-element elementor-element-1b32932 elementor-widget elementor-widget-heading\" data-id=\"1b32932\" data-element_type=\"widget\" data-e-type=\"widget\" id=\"tonel\" data-widget_type=\"heading.default\">\n\t\t\t\t<div class=\"elementor-widget-container\">\n\t\t\t\t\t<h2 class=\"elementor-heading-title elementor-size-default\">3. Playa de Tonel (Sagres)<\/h2>\t\t\t\t<\/div>\n\t\t\t\t<\/div>\n\t\t\t\t<div class=\"elementor-element elementor-element-a157d71 elementor-widget elementor-widget-text-editor\" data-id=\"a157d71\" data-element_type=\"widget\" data-e-type=\"widget\" data-widget_type=\"text-editor.default\">\n\t\t\t\t<div class=\"elementor-widget-container\">\n\t\t\t\t\t\t\t\t\t<p data-start=\"144\" data-end=\"715\">Tonel es uno de los <strong data-start=\"190\" data-end=\"215\">puntos de surf<\/strong> m\u00e1s expuestos y potentes de <strong data-start=\"190\" data-end=\"215\">la costa oeste<\/strong> de Sagres, situado directamente en la trayectoria de las marejadas del Atl\u00e1ntico. Rodeado de espectaculares acantilados y abierto al oc\u00e9ano, ofrece olas consistentes y contundentes con gran energ\u00eda, especialmente en oto\u00f1o e invierno. Aunque las condiciones pueden ser ocasionalmente favorables para los <strong data-start=\"525\" data-end=\"550\">surfistas<\/strong> intermedios, Tonel es conocida sobre todo como una <strong data-start=\"525\" data-end=\"550\">playa para surfistas avanzados<\/strong>, que ofrece despegues pronunciados, fuertes olas y series m\u00e1s intensas. Es una de las favoritas de los surfistas experimentados que buscan condiciones de olas potentes y crudas cerca de la ciudad de Sagres.   <\/p><p data-start=\"717\" data-end=\"1051\">\ud83d\udccd <strong data-start=\"720\" data-end=\"733\">Mejor para:<\/strong> surfistas avanzados; intermedios s\u00f3lo en d\u00edas peque\u00f1os<br data-start=\"786\" data-end=\"789\">\ud83c\udf0a <strong data-start=\"792\" data-end=\"806\">Tipo de ola:<\/strong> fuerte beach break con potentes picos<br data-start=\"844\" data-end=\"847\">\ud83d\udca8 <strong data-start=\"850\" data-end=\"859\">Viento:<\/strong> el viento del este es offshore y crea caras limpias<br data-start=\"905\" data-end=\"908\">\u23f0 <strong data-start=\"910\" data-end=\"924\">Mejor marea:<\/strong> marea media<br data-start=\"933\" data-end=\"936\">\u2714\ufe0f <strong data-start=\"939\" data-end=\"963\">Por qu\u00e9 les encanta a los surfistas:<\/strong> fuerte y constante oleaje, olas desafiantes, hermosos acantilados, ubicaci\u00f3n c\u00e9ntrica en Sagres<\/p>\t\t\t\t\t\t\t\t<\/div>\n\t\t\t\t<\/div>\n\t\t\t\t<div class=\"elementor-element elementor-element-3756ccb elementor-widget elementor-widget-image\" data-id=\"3756ccb\" data-element_type=\"widget\" data-e-type=\"widget\" data-widget_type=\"image.default\">\n\t\t\t\t<div class=\"elementor-widget-container\">\n\t\t\t\t\t\t\t\t\t\t\t\t\t\t\t<img decoding=\"async\" src=\"https:\/\/oceancamper.com\/wp-content\/uploads\/elementor\/thumbs\/tonel-beach-sagres-algarve-surf-spot-reu22cfxyswi22tr19ncug8s4my77hvnsbmxzixgfk.jpeg\" title=\"Playa de Tonel Sagres &#8211; Algarve Surf Spot\" alt=\"Playa de Tonel Sagres con potentes olas, acantilados y surfistas - punto de surf expuesto de la costa oeste del Algarve.\" loading=\"lazy\" \/>\t\t\t\t\t\t\t\t\t\t\t\t\t\t\t<\/div>\n\t\t\t\t<\/div>\n\t\t\t\t<div class=\"elementor-element elementor-element-4b6a4f7 elementor-widget elementor-widget-text-editor\" data-id=\"4b6a4f7\" data-element_type=\"widget\" data-e-type=\"widget\" data-widget_type=\"text-editor.default\">\n\t\t\t\t<div class=\"elementor-widget-container\">\n\t\t\t\t\t\t\t\t\t<article class=\"text-token-text-primary w-full focus:outline-none [--shadow-height:45px] has-data-writing-block:pointer-events-none has-data-writing-block:-mt-(--shadow-height) has-data-writing-block:pt-(--shadow-height) [&amp;:has([data-writing-block])&gt;*]:pointer-events-auto [content-visibility:auto] supports-[content-visibility:auto]:[contain-intrinsic-size:auto_100lvh] scroll-mt-[calc(var(--header-height)+min(200px,max(70px,20svh)))]\" dir=\"auto\" tabindex=\"-1\" data-turn-id=\"request-690b80b8-681c-8328-a668-6f1632121521-9\" data-testid=\"conversation-turn-20\" data-scroll-anchor=\"true\" data-turn=\"assistant\"><div class=\"text-base my-auto mx-auto pb-10 [--thread-content-margin:--spacing(4)] thread-sm:[--thread-content-margin:--spacing(6)] thread-lg:[--thread-content-margin:--spacing(16)] px-(--thread-content-margin)\"><div class=\"[--thread-content-max-width:40rem] thread-lg:[--thread-content-max-width:48rem] mx-auto max-w-(--thread-content-max-width) flex-1 group\/turn-messages focus-visible:outline-hidden relative flex w-full min-w-0 flex-col agent-turn\" tabindex=\"-1\"><div class=\"flex max-w-full flex-col grow\"><div class=\"min-h-8 text-message relative flex w-full flex-col items-end gap-2 text-start break-words whitespace-normal [.text-message+&amp;]:mt-1\" dir=\"auto\" data-message-author-role=\"assistant\" data-message-id=\"a1783eff-211e-4f98-9e0d-bab357f1c873\" data-message-model-slug=\"gpt-5\"><div class=\"flex w-full flex-col gap-1 empty:hidden first:pt-[1px]\"><div class=\"markdown prose dark:prose-invert w-full break-words dark markdown-new-styling\"><p data-start=\"75\" data-end=\"156\">Foto \u00abStrand In Sagres (158927813).jpeg\u00bb del <a class=\"external text\" href=\"https:\/\/www.archiveteam.org\/index.php?title=500px\" rel=\"nofollow\">Equipo de Archivo<\/a>, bajo licencia <a href=\"https:\/\/commons.wikimedia.org\/wiki\/File:Strand_In_Sagres_(158927813).jpeg\" target=\"_blank\" rel=\"noopener\">CC BY 3.0<\/a>.<\/p><\/div><\/div><\/div><\/div><\/div><\/div><\/article>\t\t\t\t\t\t\t\t<\/div>\n\t\t\t\t<\/div>\n\t\t\t\t<div class=\"elementor-element elementor-element-3480fd0 elementor-align-left elementor-tablet-align-left elementor-mobile-align-left elementor-widget elementor-widget-button\" data-id=\"3480fd0\" data-element_type=\"widget\" data-e-type=\"widget\" data-widget_type=\"button.default\">\n\t\t\t\t<div class=\"elementor-widget-container\">\n\t\t\t\t\t\t\t\t\t<div class=\"elementor-button-wrapper\">\n\t\t\t\t\t<a class=\"elementor-button elementor-button-link elementor-size-sm elementor-animation-pop\" href=\"https:\/\/www.google.pt\/maps\/place\/Praia+do+Tonel\/@37.0049247,-8.9561505,14z\/data=!4m5!3m4!1s0xd1b4c5e471ab0df:0xa2616d172a3436a!8m2!3d37.00573!4d-8.9477904?shorturl=1\" target=\"_blank\">\n\t\t\t\t\t\t<span class=\"elementor-button-content-wrapper\">\n\t\t\t\t\t\t\t\t\t<span class=\"elementor-button-text\">Mapa aqu\u00ed.<\/span>\n\t\t\t\t\t<\/span>\n\t\t\t\t\t<\/a>\n\t\t\t\t<\/div>\n\t\t\t\t\t\t\t\t<\/div>\n\t\t\t\t<\/div>\n\t\t\t\t\t<\/div>\n\t\t<\/div>\n\t\t\t\t\t<\/div>\n\t\t<\/section>\n\t\t\t\t<section class=\"elementor-section elementor-top-section elementor-element elementor-element-b4b3325 elementor-section-stretched elementor-section-boxed elementor-section-height-default elementor-section-height-default\" data-id=\"b4b3325\" data-element_type=\"section\" data-e-type=\"section\" id=\"Beliche\" data-settings=\"{&quot;stretch_section&quot;:&quot;section-stretched&quot;,&quot;background_background&quot;:&quot;classic&quot;}\">\n\t\t\t\t\t\t<div class=\"elementor-container elementor-column-gap-default\">\n\t\t\t\t\t<div class=\"elementor-column elementor-col-100 elementor-top-column elementor-element elementor-element-f4989df\" data-id=\"f4989df\" data-element_type=\"column\" data-e-type=\"column\">\n\t\t\t<div class=\"elementor-widget-wrap elementor-element-populated\">\n\t\t\t\t\t\t<div class=\"elementor-element elementor-element-bbb5280 elementor-widget elementor-widget-heading\" data-id=\"bbb5280\" data-element_type=\"widget\" data-e-type=\"widget\" id=\"beliche\" data-widget_type=\"heading.default\">\n\t\t\t\t<div class=\"elementor-widget-container\">\n\t\t\t\t\t<h2 class=\"elementor-heading-title elementor-size-default\">4. Playa de Beliche (Sagres)<\/h2>\t\t\t\t<\/div>\n\t\t\t\t<\/div>\n\t\t\t\t<div class=\"elementor-element elementor-element-e597e82 elementor-widget elementor-widget-text-editor\" data-id=\"e597e82\" data-element_type=\"widget\" data-e-type=\"widget\" data-widget_type=\"text-editor.default\">\n\t\t\t\t<div class=\"elementor-widget-container\">\n\t\t\t\t\t\t\t\t\t<p data-start=\"153\" data-end=\"694\">Beliche es una impresionante playa de surf protegida por acantilados a las afueras de Sagres, conocida por sus aguas turquesas, su empinado acceso en forma de ca\u00f1\u00f3n y sus olas r\u00e1pidas y contundentes. Los altos acantilados crean un anfiteatro \u00fanico que a menudo protege la playa del viento, haciendo que las condiciones sean m\u00e1s limpias que en los puntos cercanos orientados al oeste. Con el oleaje adecuado, Beliche ofrece picos r\u00e1pidos y huecos y divertidas rampas, especialmente apreciadas por los intermedios y los bodyboarders. Es uno de los puntos de surf m\u00e1s pintorescos de la regi\u00f3n, con una espectacular bah\u00eda de arena dorada enmarcada por imponentes paredes de piedra caliza.   <\/p><p data-start=\"696\" data-end=\"1034\">\ud83d\udccd <strong data-start=\"699\" data-end=\"712\">Mejor para:<\/strong> intermedios; surfistas avanzados en marejadas m\u00e1s fuertes<br data-start=\"762\" data-end=\"765\">\ud83c\udf0a <strong data-start=\"768\" data-end=\"782\">Tipo de ola:<\/strong> rompiente de playa r\u00e1pida y con garra, con secciones huecas ocasionales<br data-start=\"839\" data-end=\"842\">\ud83d\udca8 <strong data-start=\"845\" data-end=\"854\">Viento:<\/strong> los vientos del NE o E proporcionan condiciones limpias<br data-start=\"893\" data-end=\"896\">\u23f0 <strong data-start=\"898\" data-end=\"912\">Mejor marea:<\/strong> marea media<br data-start=\"921\" data-end=\"924\">\u2714\ufe0f <strong data-start=\"927\" data-end=\"951\">Por qu\u00e9 les encanta a los surfistas:<\/strong> protegida del viento, agua cristalina, picos potentes, paisaje de acantilados dram\u00e1ticos<\/p>\t\t\t\t\t\t\t\t<\/div>\n\t\t\t\t<\/div>\n\t\t\t\t<div class=\"elementor-element elementor-element-4f33e41 elementor-widget elementor-widget-image\" data-id=\"4f33e41\" data-element_type=\"widget\" data-e-type=\"widget\" data-widget_type=\"image.default\">\n\t\t\t\t<div class=\"elementor-widget-container\">\n\t\t\t\t\t\t\t\t\t\t\t\t\t\t\t<img decoding=\"async\" src=\"https:\/\/oceancamper.com\/wp-content\/uploads\/elementor\/thumbs\/beliche-beach-sagres-algarve-surf-spot-reu2i6zz78ljtdszhm9wdy9kpitzzrsqarmoahfhio.jpg\" title=\"Playa de Beliche Sagres &#8211; Algarve Surf Spot\" alt=\"Playa de Beliche Sagres con arena dorada, acantilados y l\u00edneas de surf limpias - punto de surf protegido del Algarve.\" loading=\"lazy\" \/>\t\t\t\t\t\t\t\t\t\t\t\t\t\t\t<\/div>\n\t\t\t\t<\/div>\n\t\t\t\t<div class=\"elementor-element elementor-element-dd20704 elementor-widget elementor-widget-text-editor\" data-id=\"dd20704\" data-element_type=\"widget\" data-e-type=\"widget\" data-widget_type=\"text-editor.default\">\n\t\t\t\t<div class=\"elementor-widget-container\">\n\t\t\t\t\t\t\t\t\t<article class=\"text-token-text-primary w-full focus:outline-none [--shadow-height:45px] has-data-writing-block:pointer-events-none has-data-writing-block:-mt-(--shadow-height) has-data-writing-block:pt-(--shadow-height) [&amp;:has([data-writing-block])&gt;*]:pointer-events-auto [content-visibility:auto] supports-[content-visibility:auto]:[contain-intrinsic-size:auto_100lvh] scroll-mt-[calc(var(--header-height)+min(200px,max(70px,20svh)))]\" dir=\"auto\" tabindex=\"-1\" data-turn-id=\"request-690b80b8-681c-8328-a668-6f1632121521-9\" data-testid=\"conversation-turn-20\" data-scroll-anchor=\"true\" data-turn=\"assistant\"><div class=\"text-base my-auto mx-auto pb-10 [--thread-content-margin:--spacing(4)] thread-sm:[--thread-content-margin:--spacing(6)] thread-lg:[--thread-content-margin:--spacing(16)] px-(--thread-content-margin)\"><div class=\"[--thread-content-max-width:40rem] thread-lg:[--thread-content-max-width:48rem] mx-auto max-w-(--thread-content-max-width) flex-1 group\/turn-messages focus-visible:outline-hidden relative flex w-full min-w-0 flex-col agent-turn\" tabindex=\"-1\"><div class=\"flex max-w-full flex-col grow\"><div class=\"min-h-8 text-message relative flex w-full flex-col items-end gap-2 text-start break-words whitespace-normal [.text-message+&amp;]:mt-1\" dir=\"auto\" data-message-author-role=\"assistant\" data-message-id=\"a1783eff-211e-4f98-9e0d-bab357f1c873\" data-message-model-slug=\"gpt-5\"><div class=\"flex w-full flex-col gap-1 empty:hidden first:pt-[1px]\"><div class=\"markdown prose dark:prose-invert w-full break-words dark markdown-new-styling\"><p data-start=\"75\" data-end=\"156\">Foto \u00abPraia do Beliche (52652773726).jpg\u00bb de <a class=\"external text\" href=\"https:\/\/www.flickr.com\/people\/16564965@N04\" rel=\"nofollow\">Michael Gaylard<\/a>, bajo licencia <a href=\"https:\/\/commons.wikimedia.org\/wiki\/File:Praia_do_Beliche_(52652773726).jpg\" target=\"_blank\" rel=\"noopener\">CC BY 3.0<\/a>.<\/p><\/div><\/div><\/div><\/div><\/div><\/div><\/article>\t\t\t\t\t\t\t\t<\/div>\n\t\t\t\t<\/div>\n\t\t\t\t<div class=\"elementor-element elementor-element-f0f2ed1 elementor-align-left elementor-tablet-align-left elementor-mobile-align-left elementor-widget elementor-widget-button\" data-id=\"f0f2ed1\" data-element_type=\"widget\" data-e-type=\"widget\" data-widget_type=\"button.default\">\n\t\t\t\t<div class=\"elementor-widget-container\">\n\t\t\t\t\t\t\t\t\t<div class=\"elementor-button-wrapper\">\n\t\t\t\t\t<a class=\"elementor-button elementor-button-link elementor-size-sm elementor-animation-pop\" href=\"https:\/\/www.google.pt\/maps\/place\/Praia+do+Beliche\/@37.025631,-8.9663027,17z\/data=!3m1!4b1!4m5!3m4!1s0xd1b4c343a75bb03:0x9ebddda3398898bf!8m2!3d37.025631!4d-8.964114?shorturl=1\" target=\"_blank\">\n\t\t\t\t\t\t<span class=\"elementor-button-content-wrapper\">\n\t\t\t\t\t\t\t\t\t<span class=\"elementor-button-text\">Mapa aqu\u00ed.<\/span>\n\t\t\t\t\t<\/span>\n\t\t\t\t\t<\/a>\n\t\t\t\t<\/div>\n\t\t\t\t\t\t\t\t<\/div>\n\t\t\t\t<\/div>\n\t\t\t\t\t<\/div>\n\t\t<\/div>\n\t\t\t\t\t<\/div>\n\t\t<\/section>\n\t\t\t\t<section class=\"elementor-section elementor-top-section elementor-element elementor-element-18f371b elementor-section-stretched elementor-section-boxed elementor-section-height-default elementor-section-height-default\" data-id=\"18f371b\" data-element_type=\"section\" data-e-type=\"section\" id=\"ruiva\" data-settings=\"{&quot;stretch_section&quot;:&quot;section-stretched&quot;,&quot;background_background&quot;:&quot;classic&quot;}\">\n\t\t\t\t\t\t<div class=\"elementor-container elementor-column-gap-default\">\n\t\t\t\t\t<div class=\"elementor-column elementor-col-100 elementor-top-column elementor-element elementor-element-68e2b6e\" data-id=\"68e2b6e\" data-element_type=\"column\" data-e-type=\"column\">\n\t\t\t<div class=\"elementor-widget-wrap elementor-element-populated\">\n\t\t\t\t\t\t<div class=\"elementor-element elementor-element-be52afe elementor-widget elementor-widget-heading\" data-id=\"be52afe\" data-element_type=\"widget\" data-e-type=\"widget\" id=\"ponta\" data-widget_type=\"heading.default\">\n\t\t\t\t<div class=\"elementor-widget-container\">\n\t\t\t\t\t<h2 class=\"elementor-heading-title elementor-size-default\">5. Ponta Ruiva<\/h2>\t\t\t\t<\/div>\n\t\t\t\t<\/div>\n\t\t\t\t<div class=\"elementor-element elementor-element-9037c01 elementor-widget elementor-widget-text-editor\" data-id=\"9037c01\" data-element_type=\"widget\" data-e-type=\"widget\" data-widget_type=\"text-editor.default\">\n\t\t\t\t<div class=\"elementor-widget-container\">\n\t\t\t\t\t\t\t\t\t<p data-start=\"158\" data-end=\"682\">Ponta Ruiva es uno de los puntos de surf m\u00e1s salvajes y remotos del Algarve, conocido por sus espectaculares acantilados rojos, su naturaleza virgen y sus potentes olas. S\u00f3lo se puede llegar a \u00e9l por un largo camino de tierra, y ofrece una aut\u00e9ntica experiencia de surf fuera de lo com\u00fan, lejos de las multitudes. Cuando las condiciones se alinean, Ponta Ruiva ofrece largas y peladas izquierdas y fuertes picos que atraen a los surfistas experimentados que buscan la fuerza bruta del Atl\u00e1ntico. Su ubicaci\u00f3n expuesta significa que recoge mucho oleaje y puede convertirse en un reto, con fuertes olas y r\u00e1pidos despegues.   <\/p><p data-start=\"684\" data-end=\"1031\">\ud83d\udccd <strong data-start=\"687\" data-end=\"700\">Ideal para:<\/strong> surfistas avanzados con experiencia en el oc\u00e9ano<br data-start=\"746\" data-end=\"749\">\ud83c\udf0a <strong data-start=\"752\" data-end=\"766\">Tipo de ola:<\/strong> olas potentes de izquierdas tipo point y secciones de fuerte beach break<br data-start=\"834\" data-end=\"837\">\ud83d\udca8 <strong data-start=\"840\" data-end=\"849\">Viento:<\/strong> del este o nordeste para condiciones limpias<br data-start=\"888\" data-end=\"891\">\u23f0 <strong data-start=\"893\" data-end=\"907\">Mejor marea:<\/strong> marea media<br data-start=\"916\" data-end=\"919\">\u2714\ufe0f <strong data-start=\"922\" data-end=\"946\">Por qu\u00e9 les gusta a los surfistas:<\/strong> paisaje salvaje, largos y potentes paseos, sensaci\u00f3n de no estar abarrotado, ideal para surfistas aventureros<\/p>\t\t\t\t\t\t\t\t<\/div>\n\t\t\t\t<\/div>\n\t\t\t\t<div class=\"elementor-element elementor-element-22ebf8a elementor-widget elementor-widget-image\" data-id=\"22ebf8a\" data-element_type=\"widget\" data-e-type=\"widget\" data-widget_type=\"image.default\">\n\t\t\t\t<div class=\"elementor-widget-container\">\n\t\t\t\t\t\t\t\t\t\t\t\t\t\t\t<img decoding=\"async\" src=\"https:\/\/oceancamper.com\/wp-content\/uploads\/elementor\/thumbs\/ponta-ruiva-beach-min-q88kck44gi7fuum7yokozvn4s73v2fo0iz7cpbasts.jpg\" title=\"Playa de Ponta Ruiva Algarve surf en Portugal\" alt=\"Surf en Portugal Playa de Ponta Ruiva Algarve costa oeste spot de surf\" loading=\"lazy\" \/>\t\t\t\t\t\t\t\t\t\t\t\t\t\t\t<\/div>\n\t\t\t\t<\/div>\n\t\t\t\t<div class=\"elementor-element elementor-element-3618572 elementor-align-left elementor-tablet-align-left elementor-mobile-align-left elementor-widget elementor-widget-button\" data-id=\"3618572\" data-element_type=\"widget\" data-e-type=\"widget\" data-widget_type=\"button.default\">\n\t\t\t\t<div class=\"elementor-widget-container\">\n\t\t\t\t\t\t\t\t\t<div class=\"elementor-button-wrapper\">\n\t\t\t\t\t<a class=\"elementor-button elementor-button-link elementor-size-sm elementor-animation-pop\" href=\"https:\/\/www.google.pt\/maps\/place\/Praia+da+Ponta+Ruiva\/@37.0686557,-8.9671357,17z\/data=!3m1!4b1!4m5!3m4!1s0xd1b4ef47c49e323:0x4d4d65afea598313!8m2!3d37.0682867!4d-8.9643754?shorturl=1\" target=\"_blank\">\n\t\t\t\t\t\t<span class=\"elementor-button-content-wrapper\">\n\t\t\t\t\t\t\t\t\t<span class=\"elementor-button-text\">Mapa aqu\u00ed.<\/span>\n\t\t\t\t\t<\/span>\n\t\t\t\t\t<\/a>\n\t\t\t\t<\/div>\n\t\t\t\t\t\t\t\t<\/div>\n\t\t\t\t<\/div>\n\t\t\t\t\t<\/div>\n\t\t<\/div>\n\t\t\t\t\t<\/div>\n\t\t<\/section>\n\t\t\t\t<section class=\"elementor-section elementor-top-section elementor-element elementor-element-4294b86 elementor-section-stretched elementor-section-boxed elementor-section-height-default elementor-section-height-default\" data-id=\"4294b86\" data-element_type=\"section\" data-e-type=\"section\" id=\"Amado\" data-settings=\"{&quot;stretch_section&quot;:&quot;section-stretched&quot;,&quot;background_background&quot;:&quot;classic&quot;}\">\n\t\t\t\t\t\t<div class=\"elementor-container elementor-column-gap-default\">\n\t\t\t\t\t<div class=\"elementor-column elementor-col-100 elementor-top-column elementor-element elementor-element-2ea483c\" data-id=\"2ea483c\" data-element_type=\"column\" data-e-type=\"column\">\n\t\t\t<div class=\"elementor-widget-wrap elementor-element-populated\">\n\t\t\t\t\t\t<div class=\"elementor-element elementor-element-2b9e133 elementor-widget elementor-widget-heading\" data-id=\"2b9e133\" data-element_type=\"widget\" data-e-type=\"widget\" id=\"amado\" data-widget_type=\"heading.default\">\n\t\t\t\t<div class=\"elementor-widget-container\">\n\t\t\t\t\t<h2 class=\"elementor-heading-title elementor-size-default\">6. Playa de Amado<\/h2>\t\t\t\t<\/div>\n\t\t\t\t<\/div>\n\t\t\t\t<div class=\"elementor-element elementor-element-d3e9f8c elementor-widget elementor-widget-text-editor\" data-id=\"d3e9f8c\" data-element_type=\"widget\" data-e-type=\"widget\" data-widget_type=\"text-editor.default\">\n\t\t\t\t<div class=\"elementor-widget-container\">\n\t\t\t\t\t\t\t\t\t<p data-start=\"149\" data-end=\"681\">Amado es una de las <strong data-start=\"196\" data-end=\"223\">playas de surf<\/strong> m\u00e1s emblem\u00e1ticas y constantes de <strong data-start=\"196\" data-end=\"223\">la costa oeste<\/strong> del Algarve, famosa por su oleaje fiable, sus escuelas de surf y su amplia bah\u00eda de arena. Recoge casi cualquier oleaje entrante, lo que la hace surfeable la mayor\u00eda de los d\u00edas del a\u00f1o. La playa ofrece m\u00faltiples picos repartidos a lo largo de la costa, creando opciones para todos los niveles: desde principiantes que toman clases hasta surfistas avanzados a la caza de potentes olas invernales. Con f\u00e1cil aparcamiento, alquiler de material de surf y un impresionante entorno natural, Amado es una parada obligatoria en cualquier viaje de surf por carretera por el Algarve.   <\/p><p data-start=\"683\" data-end=\"991\">\ud83d\udccd <strong data-start=\"686\" data-end=\"699\">Mejor para:<\/strong> todos los niveles<br data-start=\"710\" data-end=\"713\">\ud83c\udf0a <strong data-start=\"716\" data-end=\"730\">Tipo de ola:<\/strong> m\u00faltiples picos de beach break a lo largo de una amplia bah\u00eda<br data-start=\"775\" data-end=\"778\">\ud83d\udca8 <strong data-start=\"781\" data-end=\"790\">Viento:<\/strong> el viento del este es offshore y proporciona las olas m\u00e1s limpias<br data-start=\"844\" data-end=\"847\">\u23f0 <strong data-start=\"849\" data-end=\"863\">Mejor marea:<\/strong> marea media<br data-start=\"872\" data-end=\"875\">\u2714\ufe0f <strong data-start=\"878\" data-end=\"902\">Por qu\u00e9 les encanta a los surfistas:<\/strong> olas muy consistentes, escuelas de surf, hermosos paisajes, mucho espacio a lo largo de la bah\u00eda<\/p>\t\t\t\t\t\t\t\t<\/div>\n\t\t\t\t<\/div>\n\t\t\t\t<div class=\"elementor-element elementor-element-98b3a5e elementor-widget elementor-widget-image\" data-id=\"98b3a5e\" data-element_type=\"widget\" data-e-type=\"widget\" data-widget_type=\"image.default\">\n\t\t\t\t<div class=\"elementor-widget-container\">\n\t\t\t\t\t\t\t\t\t\t\t\t\t\t\t<img decoding=\"async\" src=\"https:\/\/oceancamper.com\/wp-content\/uploads\/elementor\/thumbs\/amado-beach-carrapateira-algarve-surf-spot-reu3bzhtt7dpsgj4izv7wxmii5zsyf2gq7zov79ab4.jpg\" title=\"Playa de Amado Algarve &#8211; Punto de Surf en Carrapateira\" alt=\"Playa de Amado Carrapateira con amplia bah\u00eda de arena, m\u00faltiples picos de surf y escarpados acantilados - consistente spot de surf del Algarve.\" loading=\"lazy\" \/>\t\t\t\t\t\t\t\t\t\t\t\t\t\t\t<\/div>\n\t\t\t\t<\/div>\n\t\t\t\t<div class=\"elementor-element elementor-element-74b3b01 elementor-widget elementor-widget-text-editor\" data-id=\"74b3b01\" data-element_type=\"widget\" data-e-type=\"widget\" data-widget_type=\"text-editor.default\">\n\t\t\t\t<div class=\"elementor-widget-container\">\n\t\t\t\t\t\t\t\t\t<article class=\"text-token-text-primary w-full focus:outline-none [--shadow-height:45px] has-data-writing-block:pointer-events-none has-data-writing-block:-mt-(--shadow-height) has-data-writing-block:pt-(--shadow-height) [&amp;:has([data-writing-block])&gt;*]:pointer-events-auto [content-visibility:auto] supports-[content-visibility:auto]:[contain-intrinsic-size:auto_100lvh] scroll-mt-[calc(var(--header-height)+min(200px,max(70px,20svh)))]\" dir=\"auto\" tabindex=\"-1\" data-turn-id=\"request-690b80b8-681c-8328-a668-6f1632121521-9\" data-testid=\"conversation-turn-20\" data-scroll-anchor=\"true\" data-turn=\"assistant\"><div class=\"text-base my-auto mx-auto pb-10 [--thread-content-margin:--spacing(4)] thread-sm:[--thread-content-margin:--spacing(6)] thread-lg:[--thread-content-margin:--spacing(16)] px-(--thread-content-margin)\"><div class=\"[--thread-content-max-width:40rem] thread-lg:[--thread-content-max-width:48rem] mx-auto max-w-(--thread-content-max-width) flex-1 group\/turn-messages focus-visible:outline-hidden relative flex w-full min-w-0 flex-col agent-turn\" tabindex=\"-1\"><div class=\"flex max-w-full flex-col grow\"><div class=\"min-h-8 text-message relative flex w-full flex-col items-end gap-2 text-start break-words whitespace-normal [.text-message+&amp;]:mt-1\" dir=\"auto\" data-message-author-role=\"assistant\" data-message-id=\"a1783eff-211e-4f98-9e0d-bab357f1c873\" data-message-model-slug=\"gpt-5\"><div class=\"flex w-full flex-col gap-1 empty:hidden first:pt-[1px]\"><div class=\"markdown prose dark:prose-invert w-full break-words dark markdown-new-styling\"><p data-start=\"75\" data-end=\"156\">Foto \u00abMirando al sur a trav\u00e9s de Praia de Amado.jpg\u00bb de <a class=\"external text\" href=\"https:\/\/www.flickr.com\/people\/95672737@N00\" rel=\"nofollow\">Kyle Taylor<\/a>, bajo licencia <a href=\"https:\/\/commons.wikimedia.org\/wiki\/File:Looking_south_across_Praia_de_Amado.jpg\" target=\"_blank\" rel=\"noopener\">CC BY 3.0<\/a>.<\/p><\/div><\/div><\/div><\/div><\/div><\/div><\/article>\t\t\t\t\t\t\t\t<\/div>\n\t\t\t\t<\/div>\n\t\t\t\t<div class=\"elementor-element elementor-element-a565ca7 elementor-align-left elementor-tablet-align-left elementor-mobile-align-left elementor-widget elementor-widget-button\" data-id=\"a565ca7\" data-element_type=\"widget\" data-e-type=\"widget\" data-widget_type=\"button.default\">\n\t\t\t\t<div class=\"elementor-widget-container\">\n\t\t\t\t\t\t\t\t\t<div class=\"elementor-button-wrapper\">\n\t\t\t\t\t<a class=\"elementor-button elementor-button-link elementor-size-sm elementor-animation-pop\" href=\"https:\/\/www.google.pt\/maps\/place\/Praia+do+Amado\/@37.1672588,-8.9045155,17z\/data=!3m1!4b1!4m5!3m4!1s0xd1b465da363a859:0x774e1a3521766a38!8m2!3d37.1672588!4d-8.9023268?shorturl=1\" target=\"_blank\">\n\t\t\t\t\t\t<span class=\"elementor-button-content-wrapper\">\n\t\t\t\t\t\t\t\t\t<span class=\"elementor-button-text\">Mapa aqu\u00ed.<\/span>\n\t\t\t\t\t<\/span>\n\t\t\t\t\t<\/a>\n\t\t\t\t<\/div>\n\t\t\t\t\t\t\t\t<\/div>\n\t\t\t\t<\/div>\n\t\t\t\t\t<\/div>\n\t\t<\/div>\n\t\t\t\t\t<\/div>\n\t\t<\/section>\n\t\t\t\t<section class=\"elementor-section elementor-top-section elementor-element elementor-element-4430196 elementor-section-stretched elementor-section-boxed elementor-section-height-default elementor-section-height-default\" data-id=\"4430196\" data-element_type=\"section\" data-e-type=\"section\" id=\"Arrifana\" data-settings=\"{&quot;stretch_section&quot;:&quot;section-stretched&quot;,&quot;background_background&quot;:&quot;classic&quot;}\">\n\t\t\t\t\t\t<div class=\"elementor-container elementor-column-gap-default\">\n\t\t\t\t\t<div class=\"elementor-column elementor-col-100 elementor-top-column elementor-element elementor-element-82eedc6\" data-id=\"82eedc6\" data-element_type=\"column\" data-e-type=\"column\">\n\t\t\t<div class=\"elementor-widget-wrap elementor-element-populated\">\n\t\t\t\t\t\t<div class=\"elementor-element elementor-element-49c610b elementor-widget elementor-widget-heading\" data-id=\"49c610b\" data-element_type=\"widget\" data-e-type=\"widget\" id=\"arrifana\" data-widget_type=\"heading.default\">\n\t\t\t\t<div class=\"elementor-widget-container\">\n\t\t\t\t\t<h2 class=\"elementor-heading-title elementor-size-default\">7. Playa de Arrifana<\/h2>\t\t\t\t<\/div>\n\t\t\t\t<\/div>\n\t\t\t\t<div class=\"elementor-element elementor-element-f22c8c5 elementor-widget elementor-widget-text-editor\" data-id=\"f22c8c5\" data-element_type=\"widget\" data-e-type=\"widget\" data-widget_type=\"text-editor.default\">\n\t\t\t\t<div class=\"elementor-widget-container\">\n\t\t\t\t\t\t\t\t\t<p data-start=\"159\" data-end=\"742\">Arrifana es una de las playas de surf m\u00e1s famosas de Portugal, situada dentro de una impresionante bah\u00eda bordeada de acantilados en la costa oeste. Su larga ola derecha de estilo point la hace especialmente popular entre los surfistas intermedios y avanzados, mientras que la esquina sur ofrece condiciones m\u00e1s suaves para los principiantes en los d\u00edas m\u00e1s flojos. La playa recoge oleaje constante y a menudo tiene condiciones m\u00e1s limpias que los puntos cercanos orientados al oeste, gracias a su forma curva y protegida. Con un pueblo surfero en lo alto de los acantilados y unas vistas impresionantes desde arriba, Arrifana es una parada obligada en cualquier viaje de surf por carretera por el Algarve.   <\/p><p data-start=\"744\" data-end=\"1059\">\ud83d\udccd <strong data-start=\"747\" data-end=\"760\">Lo mejor para:<\/strong> todos los niveles, dependiendo del oleaje<br data-start=\"795\" data-end=\"798\">\ud83c\udf0a <strong data-start=\"801\" data-end=\"815\">Tipo de ola:<\/strong> derechas largas m\u00e1s m\u00faltiples picos de beach break<br data-start=\"866\" data-end=\"869\">\ud83d\udca8 <strong data-start=\"872\" data-end=\"881\">Viento:<\/strong> el viento del este es offshore e ideal<br data-start=\"913\" data-end=\"916\">\u23f0 <strong data-start=\"918\" data-end=\"932\">Mejor marea:<\/strong> media marea<br data-start=\"941\" data-end=\"944\">\u2714\ufe0f <strong data-start=\"947\" data-end=\"971\">Por qu\u00e9 les encanta a los surfistas:<\/strong> ic\u00f3nica ola derecha larga, impresionantes acantilados, pueblo acogedor para el surf, condiciones constantes<\/p>\t\t\t\t\t\t\t\t<\/div>\n\t\t\t\t<\/div>\n\t\t\t\t<div class=\"elementor-element elementor-element-97be1ca elementor-widget elementor-widget-image\" data-id=\"97be1ca\" data-element_type=\"widget\" data-e-type=\"widget\" data-widget_type=\"image.default\">\n\t\t\t\t<div class=\"elementor-widget-container\">\n\t\t\t\t\t\t\t\t\t\t\t\t\t\t\t<img decoding=\"async\" src=\"https:\/\/oceancamper.com\/wp-content\/uploads\/elementor\/thumbs\/arrifana-beach-aljezur-algarve-surf-spot-reu41of0m6jv4r7mi3o42g831bczcl2c9dxh3h5w8g.jpg\" title=\"Arrifana playa aljezur algarve surf spot\" alt=\"Playa de Arrifana Aljezur con larga bah\u00eda, l\u00edneas de surf y altos acantilados - ic\u00f3nico lugar de surf de la costa oeste de Portugal.\" loading=\"lazy\" \/>\t\t\t\t\t\t\t\t\t\t\t\t\t\t\t<\/div>\n\t\t\t\t<\/div>\n\t\t\t\t<div class=\"elementor-element elementor-element-6fe08b4 elementor-widget elementor-widget-text-editor\" data-id=\"6fe08b4\" data-element_type=\"widget\" data-e-type=\"widget\" data-widget_type=\"text-editor.default\">\n\t\t\t\t<div class=\"elementor-widget-container\">\n\t\t\t\t\t\t\t\t\t<article class=\"text-token-text-primary w-full focus:outline-none [--shadow-height:45px] has-data-writing-block:pointer-events-none has-data-writing-block:-mt-(--shadow-height) has-data-writing-block:pt-(--shadow-height) [&amp;:has([data-writing-block])&gt;*]:pointer-events-auto [content-visibility:auto] supports-[content-visibility:auto]:[contain-intrinsic-size:auto_100lvh] scroll-mt-[calc(var(--header-height)+min(200px,max(70px,20svh)))]\" dir=\"auto\" tabindex=\"-1\" data-turn-id=\"request-690b80b8-681c-8328-a668-6f1632121521-9\" data-testid=\"conversation-turn-20\" data-scroll-anchor=\"true\" data-turn=\"assistant\"><div class=\"text-base my-auto mx-auto pb-10 [--thread-content-margin:--spacing(4)] thread-sm:[--thread-content-margin:--spacing(6)] thread-lg:[--thread-content-margin:--spacing(16)] px-(--thread-content-margin)\"><div class=\"[--thread-content-max-width:40rem] thread-lg:[--thread-content-max-width:48rem] mx-auto max-w-(--thread-content-max-width) flex-1 group\/turn-messages focus-visible:outline-hidden relative flex w-full min-w-0 flex-col agent-turn\" tabindex=\"-1\"><div class=\"flex max-w-full flex-col grow\"><div class=\"min-h-8 text-message relative flex w-full flex-col items-end gap-2 text-start break-words whitespace-normal [.text-message+&amp;]:mt-1\" dir=\"auto\" data-message-author-role=\"assistant\" data-message-id=\"a1783eff-211e-4f98-9e0d-bab357f1c873\" data-message-model-slug=\"gpt-5\"><div class=\"flex w-full flex-col gap-1 empty:hidden first:pt-[1px]\"><div class=\"markdown prose dark:prose-invert w-full break-words dark markdown-new-styling\"><p data-start=\"75\" data-end=\"156\">Foto \u00abPraia da Arrifana.jpg\u00bb de <a title=\"Usuario:Patrice78500\" href=\"https:\/\/commons.wikimedia.org\/wiki\/User:Patrice78500\">Patrice78500<\/a>, bajo licencia <a href=\"https:\/\/commons.wikimedia.org\/wiki\/File:Praia_da_Arrifana.jpg\" target=\"_blank\" rel=\"noopener\">CC BY 3.0<\/a>.<\/p><\/div><\/div><\/div><\/div><\/div><\/div><\/article>\t\t\t\t\t\t\t\t<\/div>\n\t\t\t\t<\/div>\n\t\t\t\t<div class=\"elementor-element elementor-element-b99cd75 elementor-align-left elementor-tablet-align-left elementor-mobile-align-left elementor-widget elementor-widget-button\" data-id=\"b99cd75\" data-element_type=\"widget\" data-e-type=\"widget\" data-widget_type=\"button.default\">\n\t\t\t\t<div class=\"elementor-widget-container\">\n\t\t\t\t\t\t\t\t\t<div class=\"elementor-button-wrapper\">\n\t\t\t\t\t<a class=\"elementor-button elementor-button-link elementor-size-sm elementor-animation-pop\" href=\"https:\/\/www.google.pt\/maps\/place\/Praia+da+Arrifana\/@37.2919477,-8.8700988,16z\/data=!3m1!4b1!4m5!3m4!1s0xd1b403bbbcbfb71:0xd650f1517eadfb17!8m2!3d37.2921779!4d-8.8648484?shorturl=1\" target=\"_blank\">\n\t\t\t\t\t\t<span class=\"elementor-button-content-wrapper\">\n\t\t\t\t\t\t\t\t\t<span class=\"elementor-button-text\">Mapa aqu\u00ed.<\/span>\n\t\t\t\t\t<\/span>\n\t\t\t\t\t<\/a>\n\t\t\t\t<\/div>\n\t\t\t\t\t\t\t\t<\/div>\n\t\t\t\t<\/div>\n\t\t\t\t\t<\/div>\n\t\t<\/div>\n\t\t\t\t\t<\/div>\n\t\t<\/section>\n\t\t\t\t<section class=\"elementor-section elementor-top-section elementor-element elementor-element-cac32bb elementor-section-stretched elementor-section-boxed elementor-section-height-default elementor-section-height-default\" data-id=\"cac32bb\" data-element_type=\"section\" data-e-type=\"section\" id=\"Faro\" data-settings=\"{&quot;stretch_section&quot;:&quot;section-stretched&quot;,&quot;background_background&quot;:&quot;classic&quot;}\">\n\t\t\t\t\t\t<div class=\"elementor-container elementor-column-gap-default\">\n\t\t\t\t\t<div class=\"elementor-column elementor-col-100 elementor-top-column elementor-element elementor-element-af202d4\" data-id=\"af202d4\" data-element_type=\"column\" data-e-type=\"column\">\n\t\t\t<div class=\"elementor-widget-wrap elementor-element-populated\">\n\t\t\t\t\t\t<div class=\"elementor-element elementor-element-8865470 elementor-widget elementor-widget-heading\" data-id=\"8865470\" data-element_type=\"widget\" data-e-type=\"widget\" id=\"faro\" data-widget_type=\"heading.default\">\n\t\t\t\t<div class=\"elementor-widget-container\">\n\t\t\t\t\t<h2 class=\"elementor-heading-title elementor-size-default\">8. Praia de Faro<\/h2>\t\t\t\t<\/div>\n\t\t\t\t<\/div>\n\t\t\t\t<div class=\"elementor-element elementor-element-13d3527 elementor-widget elementor-widget-text-editor\" data-id=\"13d3527\" data-element_type=\"widget\" data-e-type=\"widget\" data-widget_type=\"text-editor.default\">\n\t\t\t\t<div class=\"elementor-widget-container\">\n\t\t\t\t\t\t\t\t\t<p data-start=\"155\" data-end=\"638\">Praia de Faro es una larga playa de arena situada en la isla barrera frente a la ciudad de Faro, que ofrece olas suaves y un ambiente local relajado. Es uno de los puntos de surf de m\u00e1s f\u00e1cil acceso del Algarve, por lo que es ideal para sesiones de principiantes, d\u00edas de surf informal y paseos r\u00e1pidos al atardecer. De oto\u00f1o a primavera, la playa recibe peque\u00f1as pero divertidas marejadas que crean picos limpios y juguetones. En verano, es mayoritariamente llana, lo que la convierte en un lugar estupendo para nadar, pasear o relajarse durante un viaje en autocaravana.   <\/p><p data-start=\"640\" data-end=\"958\">\ud83d\udccd <strong data-start=\"643\" data-end=\"656\">Mejor para:<\/strong> principiantes y surfistas ocasionales<br data-start=\"683\" data-end=\"686\">\ud83c\udf0a <strong data-start=\"689\" data-end=\"703\">Tipo de ola:<\/strong> beach break suave con olas peque\u00f1as y amistosas<br data-start=\"749\" data-end=\"752\">\ud83d\udca8 <strong data-start=\"755\" data-end=\"764\">Viento:<\/strong> el viento del noroeste sopla mar adentro y ofrece las condiciones m\u00e1s limpias<br data-start=\"822\" data-end=\"825\">\u23f0 <strong data-start=\"827\" data-end=\"841\">Mejor marea:<\/strong> marea media<br data-start=\"850\" data-end=\"853\">\u2714\ufe0f <strong data-start=\"856\" data-end=\"880\">Por qu\u00e9 les encanta a los surfistas:<\/strong> cerca de la ciudad de Faro, ambiente relajado, larga playa de arena, ideal para sesiones f\u00e1ciles<\/p>\t\t\t\t\t\t\t\t<\/div>\n\t\t\t\t<\/div>\n\t\t\t\t<div class=\"elementor-element elementor-element-a205158 elementor-widget elementor-widget-image\" data-id=\"a205158\" data-element_type=\"widget\" data-e-type=\"widget\" data-widget_type=\"image.default\">\n\t\t\t\t<div class=\"elementor-widget-container\">\n\t\t\t\t\t\t\t\t\t\t\t\t\t\t\t<img fetchpriority=\"high\" decoding=\"async\" width=\"800\" height=\"533\" src=\"https:\/\/oceancamper.com\/wp-content\/uploads\/2020\/12\/praia-de-faro-algarve-surf-spot.jpg\" class=\"attachment-large size-large wp-image-211693\" alt=\"Praia de Faro, con dunas de arena, agua azul y casitas de playa: relajado lugar de surf de la costa sur, cerca de Faro.\" srcset=\"https:\/\/oceancamper.com\/wp-content\/uploads\/2020\/12\/praia-de-faro-algarve-surf-spot.jpg 960w, https:\/\/oceancamper.com\/wp-content\/uploads\/2020\/12\/praia-de-faro-algarve-surf-spot-300x200.jpg 300w, https:\/\/oceancamper.com\/wp-content\/uploads\/2020\/12\/praia-de-faro-algarve-surf-spot-768x512.jpg 768w, https:\/\/oceancamper.com\/wp-content\/uploads\/2020\/12\/praia-de-faro-algarve-surf-spot-240x160.jpg 240w\" sizes=\"(max-width: 800px) 100vw, 800px\" \/>\t\t\t\t\t\t\t\t\t\t\t\t\t\t\t<\/div>\n\t\t\t\t<\/div>\n\t\t\t\t<div class=\"elementor-element elementor-element-f1373b4 elementor-widget elementor-widget-text-editor\" data-id=\"f1373b4\" data-element_type=\"widget\" data-e-type=\"widget\" data-widget_type=\"text-editor.default\">\n\t\t\t\t<div class=\"elementor-widget-container\">\n\t\t\t\t\t\t\t\t\t<article class=\"text-token-text-primary w-full focus:outline-none [--shadow-height:45px] has-data-writing-block:pointer-events-none has-data-writing-block:-mt-(--shadow-height) has-data-writing-block:pt-(--shadow-height) [&amp;:has([data-writing-block])&gt;*]:pointer-events-auto [content-visibility:auto] supports-[content-visibility:auto]:[contain-intrinsic-size:auto_100lvh] scroll-mt-[calc(var(--header-height)+min(200px,max(70px,20svh)))]\" dir=\"auto\" tabindex=\"-1\" data-turn-id=\"request-690b80b8-681c-8328-a668-6f1632121521-9\" data-testid=\"conversation-turn-20\" data-scroll-anchor=\"true\" data-turn=\"assistant\"><div class=\"text-base my-auto mx-auto pb-10 [--thread-content-margin:--spacing(4)] thread-sm:[--thread-content-margin:--spacing(6)] thread-lg:[--thread-content-margin:--spacing(16)] px-(--thread-content-margin)\"><div class=\"[--thread-content-max-width:40rem] thread-lg:[--thread-content-max-width:48rem] mx-auto max-w-(--thread-content-max-width) flex-1 group\/turn-messages focus-visible:outline-hidden relative flex w-full min-w-0 flex-col agent-turn\" tabindex=\"-1\"><div class=\"flex max-w-full flex-col grow\"><div class=\"min-h-8 text-message relative flex w-full flex-col items-end gap-2 text-start break-words whitespace-normal [.text-message+&amp;]:mt-1\" dir=\"auto\" data-message-author-role=\"assistant\" data-message-id=\"a1783eff-211e-4f98-9e0d-bab357f1c873\" data-message-model-slug=\"gpt-5\"><div class=\"flex w-full flex-col gap-1 empty:hidden first:pt-[1px]\"><div class=\"markdown prose dark:prose-invert w-full break-words dark markdown-new-styling\"><p data-start=\"75\" data-end=\"156\">Foto \u00abPraia de Faro &#8211; Portugal (6697971433).jpg\u00bb de <a class=\"external text\" href=\"https:\/\/www.flickr.com\/people\/21446942@N00\" rel=\"nofollow\">Vitor Oliveira<\/a>, bajo licencia <a href=\"https:\/\/commons.wikimedia.org\/wiki\/File:Praia_de_Faro_-_Portugal_(6697971433).jpg\" target=\"_blank\" rel=\"noopener\">CC BY 3.0<\/a>.<\/p><\/div><\/div><\/div><\/div><\/div><\/div><\/article>\t\t\t\t\t\t\t\t<\/div>\n\t\t\t\t<\/div>\n\t\t\t\t<div class=\"elementor-element elementor-element-acce31d elementor-align-left elementor-tablet-align-left elementor-mobile-align-left elementor-widget elementor-widget-button\" data-id=\"acce31d\" data-element_type=\"widget\" data-e-type=\"widget\" data-widget_type=\"button.default\">\n\t\t\t\t<div class=\"elementor-widget-container\">\n\t\t\t\t\t\t\t\t\t<div class=\"elementor-button-wrapper\">\n\t\t\t\t\t<a class=\"elementor-button elementor-button-link elementor-size-sm elementor-animation-pop\" href=\"https:\/\/www.google.pt\/maps\/place\/Praia+de+Faro,+Faro\/@37.0065086,-8.0028585,14.5z\/data=!4m5!3m4!1s0xd054d17b6c6a4b1:0x9dc0486c9387786e!8m2!3d37.0082108!4d-7.9947287?shorturl=1\" target=\"_blank\">\n\t\t\t\t\t\t<span class=\"elementor-button-content-wrapper\">\n\t\t\t\t\t\t\t\t\t<span class=\"elementor-button-text\">Mapa aqu\u00ed.<\/span>\n\t\t\t\t\t<\/span>\n\t\t\t\t\t<\/a>\n\t\t\t\t<\/div>\n\t\t\t\t\t\t\t\t<\/div>\n\t\t\t\t<\/div>\n\t\t\t\t\t<\/div>\n\t\t<\/div>\n\t\t\t\t\t<\/div>\n\t\t<\/section>\n\t\t\t\t<section class=\"elementor-section elementor-top-section elementor-element elementor-element-ff150f7 elementor-section-stretched elementor-section-boxed elementor-section-height-default elementor-section-height-default\" data-id=\"ff150f7\" data-element_type=\"section\" data-e-type=\"section\" data-settings=\"{&quot;stretch_section&quot;:&quot;section-stretched&quot;,&quot;background_background&quot;:&quot;classic&quot;}\">\n\t\t\t\t\t\t<div class=\"elementor-container elementor-column-gap-default\">\n\t\t\t\t\t<div class=\"elementor-column elementor-col-100 elementor-top-column elementor-element elementor-element-6d50de5\" data-id=\"6d50de5\" data-element_type=\"column\" data-e-type=\"column\">\n\t\t\t<div class=\"elementor-widget-wrap elementor-element-populated\">\n\t\t\t\t\t\t<div class=\"elementor-element elementor-element-cf34c6b elementor-widget elementor-widget-heading\" data-id=\"cf34c6b\" data-element_type=\"widget\" data-e-type=\"widget\" id=\"alentejo\" data-widget_type=\"heading.default\">\n\t\t\t\t<div class=\"elementor-widget-container\">\n\t\t\t\t\t<h2 class=\"elementor-heading-title elementor-size-default\">\ud83c\udf05 Las mejores playas para hacer surf en Alentejo<\/h2>\t\t\t\t<\/div>\n\t\t\t\t<\/div>\n\t\t\t\t\t<\/div>\n\t\t<\/div>\n\t\t\t\t\t<\/div>\n\t\t<\/section>\n\t\t\t\t<section class=\"elementor-section elementor-top-section elementor-element elementor-element-de08e95 elementor-section-stretched elementor-section-boxed elementor-section-height-default elementor-section-height-default\" data-id=\"de08e95\" data-element_type=\"section\" data-e-type=\"section\" data-settings=\"{&quot;stretch_section&quot;:&quot;section-stretched&quot;,&quot;background_background&quot;:&quot;classic&quot;}\">\n\t\t\t\t\t\t<div class=\"elementor-container elementor-column-gap-default\">\n\t\t\t\t\t<div class=\"elementor-column elementor-col-100 elementor-top-column elementor-element elementor-element-d39004c\" data-id=\"d39004c\" data-element_type=\"column\" data-e-type=\"column\">\n\t\t\t<div class=\"elementor-widget-wrap elementor-element-populated\">\n\t\t\t\t\t\t<div class=\"elementor-element elementor-element-e3da95d elementor-widget elementor-widget-heading\" data-id=\"e3da95d\" data-element_type=\"widget\" data-e-type=\"widget\" id=\"Odeceixe\" data-widget_type=\"heading.default\">\n\t\t\t\t<div class=\"elementor-widget-container\">\n\t\t\t\t\t<h2 class=\"elementor-heading-title elementor-size-default\">1. Playa de Odeceixe<\/h2>\t\t\t\t<\/div>\n\t\t\t\t<\/div>\n\t\t\t\t<div class=\"elementor-element elementor-element-0ac0f47 elementor-widget elementor-widget-text-editor\" data-id=\"0ac0f47\" data-element_type=\"widget\" data-e-type=\"widget\" data-widget_type=\"text-editor.default\">\n\t\t\t\t<div class=\"elementor-widget-container\">\n\t\t\t\t\t\t\t\t\t<p data-start=\"172\" data-end=\"700\">Odeceixe es una de las playas de surf m\u00e1s singulares de Portugal, situada en la desembocadura del r\u00edo Seixe, donde el Algarve se encuentra con el Alentejo. El r\u00edo crea una hermosa y amplia bah\u00eda con picos suaves que son perfectos para principiantes en oleajes peque\u00f1os, mientras que los d\u00edas m\u00e1s grandes ofrecen olas divertidas y ripables para los intermedios. Su pintoresca mezcla de acantilados, dunas y r\u00edo la convierte en una de las paradas favoritas de los excursionistas que exploran la Costa Vicentina. La playa tiene mucho espacio, f\u00e1cil aparcamiento y un ambiente tranquilo y natural, ideal para d\u00edas de surf relajados.   <\/p><p data-start=\"702\" data-end=\"1032\">\ud83d\udccd <strong data-start=\"705\" data-end=\"718\">Mejor para:<\/strong> principiantes a intermedios<br data-start=\"745\" data-end=\"748\">\ud83c\udf0a <strong data-start=\"751\" data-end=\"765\">Tipo de ola:<\/strong> beach break suave con influencia de la desembocadura del r\u00edo<br data-start=\"811\" data-end=\"814\">\ud83d\udca8 <strong data-start=\"817\" data-end=\"826\">Viento:<\/strong> los vientos del este o noreste ofrecen las condiciones m\u00e1s limpias<br data-start=\"876\" data-end=\"879\">\u23f0 <strong data-start=\"881\" data-end=\"895\">Mejor marea:<\/strong> marea media<br data-start=\"904\" data-end=\"907\">\u2714\ufe0f <strong data-start=\"910\" data-end=\"934\">Por qu\u00e9 les gusta a los surfistas:<\/strong> entorno pintoresco de desembocadura de r\u00edo, olas amistosas y divertidas, bah\u00eda espaciosa, perfecta para sesiones de surf relajadas<\/p>\t\t\t\t\t\t\t\t<\/div>\n\t\t\t\t<\/div>\n\t\t\t\t<div class=\"elementor-element elementor-element-f5b74c4 elementor-widget elementor-widget-image\" data-id=\"f5b74c4\" data-element_type=\"widget\" data-e-type=\"widget\" data-widget_type=\"image.default\">\n\t\t\t\t<div class=\"elementor-widget-container\">\n\t\t\t\t\t\t\t\t\t\t\t\t\t\t\t<img decoding=\"async\" width=\"800\" height=\"533\" src=\"https:\/\/oceancamper.com\/wp-content\/uploads\/2020\/12\/odeceixe-beach-alentejo-algarve-surf-spot.jpg\" class=\"attachment-large size-large wp-image-211694\" alt=\"Playa de Odeceixe con desembocadura de r\u00edo, amplia bah\u00eda arenosa y suaves l\u00edneas de surf - pintoresco spot de surf Algarve-Alentejo.\" srcset=\"https:\/\/oceancamper.com\/wp-content\/uploads\/2020\/12\/odeceixe-beach-alentejo-algarve-surf-spot.jpg 960w, https:\/\/oceancamper.com\/wp-content\/uploads\/2020\/12\/odeceixe-beach-alentejo-algarve-surf-spot-300x200.jpg 300w, https:\/\/oceancamper.com\/wp-content\/uploads\/2020\/12\/odeceixe-beach-alentejo-algarve-surf-spot-768x512.jpg 768w, https:\/\/oceancamper.com\/wp-content\/uploads\/2020\/12\/odeceixe-beach-alentejo-algarve-surf-spot-240x160.jpg 240w\" sizes=\"(max-width: 800px) 100vw, 800px\" \/>\t\t\t\t\t\t\t\t\t\t\t\t\t\t\t<\/div>\n\t\t\t\t<\/div>\n\t\t\t\t<div class=\"elementor-element elementor-element-78bb875 elementor-widget elementor-widget-text-editor\" data-id=\"78bb875\" data-element_type=\"widget\" data-e-type=\"widget\" data-widget_type=\"text-editor.default\">\n\t\t\t\t<div class=\"elementor-widget-container\">\n\t\t\t\t\t\t\t\t\t<article class=\"text-token-text-primary w-full focus:outline-none [--shadow-height:45px] has-data-writing-block:pointer-events-none has-data-writing-block:-mt-(--shadow-height) has-data-writing-block:pt-(--shadow-height) [&amp;:has([data-writing-block])&gt;*]:pointer-events-auto [content-visibility:auto] supports-[content-visibility:auto]:[contain-intrinsic-size:auto_100lvh] scroll-mt-[calc(var(--header-height)+min(200px,max(70px,20svh)))]\" dir=\"auto\" tabindex=\"-1\" data-turn-id=\"request-690b80b8-681c-8328-a668-6f1632121521-9\" data-testid=\"conversation-turn-20\" data-scroll-anchor=\"true\" data-turn=\"assistant\"><div class=\"text-base my-auto mx-auto pb-10 [--thread-content-margin:--spacing(4)] thread-sm:[--thread-content-margin:--spacing(6)] thread-lg:[--thread-content-margin:--spacing(16)] px-(--thread-content-margin)\"><div class=\"[--thread-content-max-width:40rem] thread-lg:[--thread-content-max-width:48rem] mx-auto max-w-(--thread-content-max-width) flex-1 group\/turn-messages focus-visible:outline-hidden relative flex w-full min-w-0 flex-col agent-turn\" tabindex=\"-1\"><div class=\"flex max-w-full flex-col grow\"><div class=\"min-h-8 text-message relative flex w-full flex-col items-end gap-2 text-start break-words whitespace-normal [.text-message+&amp;]:mt-1\" dir=\"auto\" data-message-author-role=\"assistant\" data-message-id=\"a1783eff-211e-4f98-9e0d-bab357f1c873\" data-message-model-slug=\"gpt-5\"><div class=\"flex w-full flex-col gap-1 empty:hidden first:pt-[1px]\"><div class=\"markdown prose dark:prose-invert w-full break-words dark markdown-new-styling\"><p data-start=\"75\" data-end=\"156\">Foto \u00abAljezur &#8211; Odeceixe-3 (48890405646).jpg\u00bb de <a class=\"external text\" href=\"https:\/\/www.flickr.com\/people\/55953988@N00\" rel=\"nofollow\">Ot\u00e1vio Nogueira<\/a>, bajo licencia <a href=\"https:\/\/commons.wikimedia.org\/wiki\/File:Aljezur_-_Odeceixe-3_(48890405646).jpg\" target=\"_blank\" rel=\"noopener\">CC BY 3.0<\/a>.<\/p><\/div><\/div><\/div><\/div><\/div><\/div><\/article>\t\t\t\t\t\t\t\t<\/div>\n\t\t\t\t<\/div>\n\t\t\t\t<div class=\"elementor-element elementor-element-1afc78b elementor-align-left elementor-tablet-align-left elementor-mobile-align-left elementor-widget elementor-widget-button\" data-id=\"1afc78b\" data-element_type=\"widget\" data-e-type=\"widget\" data-widget_type=\"button.default\">\n\t\t\t\t<div class=\"elementor-widget-container\">\n\t\t\t\t\t\t\t\t\t<div class=\"elementor-button-wrapper\">\n\t\t\t\t\t<a class=\"elementor-button elementor-button-link elementor-size-sm elementor-animation-pop\" href=\"https:\/\/maps.app.goo.gl\/kbS1RV7VcwyyLAjn9\" target=\"_blank\">\n\t\t\t\t\t\t<span class=\"elementor-button-content-wrapper\">\n\t\t\t\t\t\t\t\t\t<span class=\"elementor-button-text\">Mapa aqu\u00ed.<\/span>\n\t\t\t\t\t<\/span>\n\t\t\t\t\t<\/a>\n\t\t\t\t<\/div>\n\t\t\t\t\t\t\t\t<\/div>\n\t\t\t\t<\/div>\n\t\t\t\t\t<\/div>\n\t\t<\/div>\n\t\t\t\t\t<\/div>\n\t\t<\/section>\n\t\t\t\t<section class=\"elementor-section elementor-top-section elementor-element elementor-element-7ecea5d elementor-section-stretched elementor-section-boxed elementor-section-height-default elementor-section-height-default\" data-id=\"7ecea5d\" data-element_type=\"section\" data-e-type=\"section\" data-settings=\"{&quot;stretch_section&quot;:&quot;section-stretched&quot;,&quot;background_background&quot;:&quot;classic&quot;}\">\n\t\t\t\t\t\t<div class=\"elementor-container elementor-column-gap-default\">\n\t\t\t\t\t<div class=\"elementor-column elementor-col-100 elementor-top-column elementor-element elementor-element-d77b13d\" data-id=\"d77b13d\" data-element_type=\"column\" data-e-type=\"column\">\n\t\t\t<div class=\"elementor-widget-wrap elementor-element-populated\">\n\t\t\t\t\t\t<div class=\"elementor-element elementor-element-5e9c669 elementor-widget elementor-widget-heading\" data-id=\"5e9c669\" data-element_type=\"widget\" data-e-type=\"widget\" id=\"Zambujeira\" data-widget_type=\"heading.default\">\n\t\t\t\t<div class=\"elementor-widget-container\">\n\t\t\t\t\t<h2 class=\"elementor-heading-title elementor-size-default\">2. Zambujeira do Mar<\/h2>\t\t\t\t<\/div>\n\t\t\t\t<\/div>\n\t\t\t\t<div class=\"elementor-element elementor-element-adc7331 elementor-widget elementor-widget-text-editor\" data-id=\"adc7331\" data-element_type=\"widget\" data-e-type=\"widget\" data-widget_type=\"text-editor.default\">\n\t\t\t\t<div class=\"elementor-widget-container\">\n\t\t\t\t\t\t\t\t\t<p data-start=\"170\" data-end=\"735\">Zambujeira do Mar es una pintoresca playa de surf situada bajo espectaculares acantilados, que ofrece un tranquilo ambiente de pueblo y olas limpias y consistentes. La playa se extiende por una amplia bah\u00eda de arena con varios picos que funcionan mejor con olas peque\u00f1as y medianas, lo que la convierte en un lugar ideal para principiantes e intermedios con confianza. Su entorno pintoresco y su ambiente relajado la convierten en una de las favoritas de los viajeros que exploran la costa del Alentejo. Aunque no recoge tanto oleaje como las playas expuestas de la costa oeste al sur, a menudo proporciona olas divertidas y juguetonas con menos gente.   <\/p><p data-start=\"737\" data-end=\"1053\">\ud83d\udccd <strong data-start=\"740\" data-end=\"753\">Mejor para:<\/strong> intermedios; principiantes con oleaje peque\u00f1o<br data-start=\"794\" data-end=\"797\">\ud83c\udf0a <strong data-start=\"800\" data-end=\"814\">Tipo de ola:<\/strong> beach break con m\u00faltiples picos cambiantes<br data-start=\"855\" data-end=\"858\">\ud83d\udca8 <strong data-start=\"861\" data-end=\"870\">Viento:<\/strong> este o noreste proporciona condiciones limpias<br data-start=\"914\" data-end=\"917\">\u23f0 <strong data-start=\"919\" data-end=\"933\">Mejor marea:<\/strong> media marea<br data-start=\"942\" data-end=\"945\">\u2714\ufe0f <strong data-start=\"948\" data-end=\"972\">Por qu\u00e9 les encanta a los surfistas:<\/strong> acantilados pintorescos, pueblo relajado, picos divertidos, m\u00e1s tranquilo que los lugares del sur del Algarve<\/p>\t\t\t\t\t\t\t\t<\/div>\n\t\t\t\t<\/div>\n\t\t\t\t<div class=\"elementor-element elementor-element-ffae7a6 elementor-widget elementor-widget-image\" data-id=\"ffae7a6\" data-element_type=\"widget\" data-e-type=\"widget\" data-widget_type=\"image.default\">\n\t\t\t\t<div class=\"elementor-widget-container\">\n\t\t\t\t\t\t\t\t\t\t\t\t\t\t\t<img decoding=\"async\" width=\"800\" height=\"533\" src=\"https:\/\/oceancamper.com\/wp-content\/uploads\/2020\/12\/zambujeira-do-mar-alentejo-surf-spot.jpg\" class=\"attachment-large size-large wp-image-211696\" alt=\"Playa de Zambujeira do Mar con acantilados, peque\u00f1a bah\u00eda y limpias l\u00edneas de surf - pintoresco spot de surf del Alentejo en Portugal.\" srcset=\"https:\/\/oceancamper.com\/wp-content\/uploads\/2020\/12\/zambujeira-do-mar-alentejo-surf-spot.jpg 960w, https:\/\/oceancamper.com\/wp-content\/uploads\/2020\/12\/zambujeira-do-mar-alentejo-surf-spot-300x200.jpg 300w, https:\/\/oceancamper.com\/wp-content\/uploads\/2020\/12\/zambujeira-do-mar-alentejo-surf-spot-768x512.jpg 768w, https:\/\/oceancamper.com\/wp-content\/uploads\/2020\/12\/zambujeira-do-mar-alentejo-surf-spot-240x160.jpg 240w\" sizes=\"(max-width: 800px) 100vw, 800px\" \/>\t\t\t\t\t\t\t\t\t\t\t\t\t\t\t<\/div>\n\t\t\t\t<\/div>\n\t\t\t\t<div class=\"elementor-element elementor-element-46693cc elementor-widget elementor-widget-text-editor\" data-id=\"46693cc\" data-element_type=\"widget\" data-e-type=\"widget\" data-widget_type=\"text-editor.default\">\n\t\t\t\t<div class=\"elementor-widget-container\">\n\t\t\t\t\t\t\t\t\t<article class=\"text-token-text-primary w-full focus:outline-none [--shadow-height:45px] has-data-writing-block:pointer-events-none has-data-writing-block:-mt-(--shadow-height) has-data-writing-block:pt-(--shadow-height) [&amp;:has([data-writing-block])&gt;*]:pointer-events-auto [content-visibility:auto] supports-[content-visibility:auto]:[contain-intrinsic-size:auto_100lvh] scroll-mt-[calc(var(--header-height)+min(200px,max(70px,20svh)))]\" dir=\"auto\" tabindex=\"-1\" data-turn-id=\"request-690b80b8-681c-8328-a668-6f1632121521-9\" data-testid=\"conversation-turn-20\" data-scroll-anchor=\"true\" data-turn=\"assistant\"><div class=\"text-base my-auto mx-auto pb-10 [--thread-content-margin:--spacing(4)] thread-sm:[--thread-content-margin:--spacing(6)] thread-lg:[--thread-content-margin:--spacing(16)] px-(--thread-content-margin)\"><div class=\"[--thread-content-max-width:40rem] thread-lg:[--thread-content-max-width:48rem] mx-auto max-w-(--thread-content-max-width) flex-1 group\/turn-messages focus-visible:outline-hidden relative flex w-full min-w-0 flex-col agent-turn\" tabindex=\"-1\"><div class=\"flex max-w-full flex-col grow\"><div class=\"min-h-8 text-message relative flex w-full flex-col items-end gap-2 text-start break-words whitespace-normal [.text-message+&amp;]:mt-1\" dir=\"auto\" data-message-author-role=\"assistant\" data-message-id=\"a1783eff-211e-4f98-9e0d-bab357f1c873\" data-message-model-slug=\"gpt-5\"><div class=\"flex w-full flex-col gap-1 empty:hidden first:pt-[1px]\"><div class=\"markdown prose dark:prose-invert w-full break-words dark markdown-new-styling\"><p data-start=\"75\" data-end=\"156\">Foto \u00abOdemira &#8211; Zambujeira do Mar (48885308782).jpg\u00bb de <a class=\"external text\" href=\"https:\/\/www.flickr.com\/people\/55953988@N00\" rel=\"nofollow\">Ot\u00e1vio Nogueira<\/a>, bajo licencia <a href=\"https:\/\/commons.wikimedia.org\/wiki\/File:Odemira_-_Zambujeira_do_Mar_(48885308782).jpg\" target=\"_blank\" rel=\"noopener\">CC BY 3.0<\/a>.<\/p><\/div><\/div><\/div><\/div><\/div><\/div><\/article>\t\t\t\t\t\t\t\t<\/div>\n\t\t\t\t<\/div>\n\t\t\t\t<div class=\"elementor-element elementor-element-a629417 elementor-align-left elementor-tablet-align-left elementor-mobile-align-left elementor-widget elementor-widget-button\" data-id=\"a629417\" data-element_type=\"widget\" data-e-type=\"widget\" data-widget_type=\"button.default\">\n\t\t\t\t<div class=\"elementor-widget-container\">\n\t\t\t\t\t\t\t\t\t<div class=\"elementor-button-wrapper\">\n\t\t\t\t\t<a class=\"elementor-button elementor-button-link elementor-size-sm elementor-animation-pop\" href=\"https:\/\/maps.app.goo.gl\/1z7ajhsNwdVe429S9\" target=\"_blank\">\n\t\t\t\t\t\t<span class=\"elementor-button-content-wrapper\">\n\t\t\t\t\t\t\t\t\t<span class=\"elementor-button-text\">Mapa aqu\u00ed.<\/span>\n\t\t\t\t\t<\/span>\n\t\t\t\t\t<\/a>\n\t\t\t\t<\/div>\n\t\t\t\t\t\t\t\t<\/div>\n\t\t\t\t<\/div>\n\t\t\t\t\t<\/div>\n\t\t<\/div>\n\t\t\t\t\t<\/div>\n\t\t<\/section>\n\t\t\t\t<section class=\"elementor-section elementor-top-section elementor-element elementor-element-9132c44 elementor-section-stretched elementor-section-boxed elementor-section-height-default elementor-section-height-default\" data-id=\"9132c44\" data-element_type=\"section\" data-e-type=\"section\" data-settings=\"{&quot;stretch_section&quot;:&quot;section-stretched&quot;,&quot;background_background&quot;:&quot;classic&quot;}\">\n\t\t\t\t\t\t<div class=\"elementor-container elementor-column-gap-default\">\n\t\t\t\t\t<div class=\"elementor-column elementor-col-100 elementor-top-column elementor-element elementor-element-aa9bbea\" data-id=\"aa9bbea\" data-element_type=\"column\" data-e-type=\"column\">\n\t\t\t<div class=\"elementor-widget-wrap elementor-element-populated\">\n\t\t\t\t\t\t<div class=\"elementor-element elementor-element-0d97899 elementor-widget elementor-widget-heading\" data-id=\"0d97899\" data-element_type=\"widget\" data-e-type=\"widget\" id=\"Malh\u00e3o\" data-widget_type=\"heading.default\">\n\t\t\t\t<div class=\"elementor-widget-container\">\n\t\t\t\t\t<h2 class=\"elementor-heading-title elementor-size-default\">3. Playa de Malh\u00e3o (Vila Nova de Milfontes)<\/h2>\t\t\t\t<\/div>\n\t\t\t\t<\/div>\n\t\t\t\t<div class=\"elementor-element elementor-element-5ef8c9b elementor-widget elementor-widget-text-editor\" data-id=\"5ef8c9b\" data-element_type=\"widget\" data-e-type=\"widget\" data-widget_type=\"text-editor.default\">\n\t\t\t\t<div class=\"elementor-widget-container\">\n\t\t\t\t\t\t\t\t\t<p data-start=\"168\" data-end=\"687\">Malh\u00e3o es una de las playas de surf m\u00e1s salvajes y extensas del Alentejo, conocida por sus escarpadas dunas, su amplia bah\u00eda arenosa y su potente exposici\u00f3n atl\u00e1ntica. La playa recoge mucho oleaje y ofrece m\u00faltiples picos cambiantes, creando olas r\u00e1pidas y desafiantes que son m\u00e1s adecuadas para surfistas avanzados. Su car\u00e1cter remoto y su belleza natural atraen a los amantes de las furgonetas y de los viajes por carretera en busca de espacio, soledad y energ\u00eda oce\u00e1nica en estado puro. En los d\u00edas menos calurosos, Malh\u00e3o tambi\u00e9n puede ofrecer condiciones divertidas y ripables para surfistas intermedios con confianza.   <\/p><p data-start=\"689\" data-end=\"1034\">\ud83d\udccd <strong data-start=\"692\" data-end=\"705\">Mejor para:<\/strong> surfistas avanzados; intermedios con olas m\u00e1s peque\u00f1as<br data-start=\"755\" data-end=\"758\">\ud83c\udf0a <strong data-start=\"761\" data-end=\"775\">Tipo de ola:<\/strong> potente beach break con m\u00faltiples picos cambiantes<br data-start=\"825\" data-end=\"828\">\ud83d\udca8 <strong data-start=\"831\" data-end=\"840\">Viento:<\/strong> el este o noreste proporciona las condiciones m\u00e1s limpias<br data-start=\"884\" data-end=\"887\">\u23f0 <strong data-start=\"889\" data-end=\"903\">Mejor marea:<\/strong> marea media<br data-start=\"912\" data-end=\"915\">\u2714\ufe0f <strong data-start=\"918\" data-end=\"942\">Por qu\u00e9 les encanta a los surfistas:<\/strong> ambiente remoto, fuerte exposici\u00f3n al oleaje, hermosas dunas, mucho espacio al otro lado de la bah\u00eda<\/p>\t\t\t\t\t\t\t\t<\/div>\n\t\t\t\t<\/div>\n\t\t\t\t<div class=\"elementor-element elementor-element-47ce17e elementor-widget elementor-widget-image\" data-id=\"47ce17e\" data-element_type=\"widget\" data-e-type=\"widget\" data-widget_type=\"image.default\">\n\t\t\t\t<div class=\"elementor-widget-container\">\n\t\t\t\t\t\t\t\t\t\t\t\t\t\t\t<img loading=\"lazy\" decoding=\"async\" width=\"800\" height=\"533\" src=\"https:\/\/oceancamper.com\/wp-content\/uploads\/2020\/12\/malhao-beach-alentejo-surf-spot.jpg\" class=\"attachment-large size-large wp-image-211695\" alt=\"Paseo mar\u00edtimo de madera de la playa de Malh\u00e3o, con vistas a la amplia costa de arena y a las limpias l\u00edneas de surf: un lugar salvaje para practicar surf en el Alentejo.\" srcset=\"https:\/\/oceancamper.com\/wp-content\/uploads\/2020\/12\/malhao-beach-alentejo-surf-spot.jpg 960w, https:\/\/oceancamper.com\/wp-content\/uploads\/2020\/12\/malhao-beach-alentejo-surf-spot-300x200.jpg 300w, https:\/\/oceancamper.com\/wp-content\/uploads\/2020\/12\/malhao-beach-alentejo-surf-spot-768x511.jpg 768w, https:\/\/oceancamper.com\/wp-content\/uploads\/2020\/12\/malhao-beach-alentejo-surf-spot-240x160.jpg 240w\" sizes=\"(max-width: 800px) 100vw, 800px\" \/>\t\t\t\t\t\t\t\t\t\t\t\t\t\t\t<\/div>\n\t\t\t\t<\/div>\n\t\t\t\t<div class=\"elementor-element elementor-element-3a1c5cd elementor-widget elementor-widget-text-editor\" data-id=\"3a1c5cd\" data-element_type=\"widget\" data-e-type=\"widget\" data-widget_type=\"text-editor.default\">\n\t\t\t\t<div class=\"elementor-widget-container\">\n\t\t\t\t\t\t\t\t\t<article class=\"text-token-text-primary w-full focus:outline-none [--shadow-height:45px] has-data-writing-block:pointer-events-none has-data-writing-block:-mt-(--shadow-height) has-data-writing-block:pt-(--shadow-height) [&amp;:has([data-writing-block])&gt;*]:pointer-events-auto [content-visibility:auto] supports-[content-visibility:auto]:[contain-intrinsic-size:auto_100lvh] scroll-mt-[calc(var(--header-height)+min(200px,max(70px,20svh)))]\" dir=\"auto\" tabindex=\"-1\" data-turn-id=\"request-690b80b8-681c-8328-a668-6f1632121521-9\" data-testid=\"conversation-turn-20\" data-scroll-anchor=\"true\" data-turn=\"assistant\"><div class=\"text-base my-auto mx-auto pb-10 [--thread-content-margin:--spacing(4)] thread-sm:[--thread-content-margin:--spacing(6)] thread-lg:[--thread-content-margin:--spacing(16)] px-(--thread-content-margin)\"><div class=\"[--thread-content-max-width:40rem] thread-lg:[--thread-content-max-width:48rem] mx-auto max-w-(--thread-content-max-width) flex-1 group\/turn-messages focus-visible:outline-hidden relative flex w-full min-w-0 flex-col agent-turn\" tabindex=\"-1\"><div class=\"flex max-w-full flex-col grow\"><div class=\"min-h-8 text-message relative flex w-full flex-col items-end gap-2 text-start break-words whitespace-normal [.text-message+&amp;]:mt-1\" dir=\"auto\" data-message-author-role=\"assistant\" data-message-id=\"a1783eff-211e-4f98-9e0d-bab357f1c873\" data-message-model-slug=\"gpt-5\"><div class=\"flex w-full flex-col gap-1 empty:hidden first:pt-[1px]\"><div class=\"markdown prose dark:prose-invert w-full break-words dark markdown-new-styling\"><p data-start=\"75\" data-end=\"156\">Foto: Julio Verne Veces Dos \/ <a href=\"www.julesvernex2.com\" target=\"_blank\" rel=\"noopener\">julesvernex2.com<\/a> \/ <a href=\"https:\/\/commons.wikimedia.org\/wiki\/File:Malh%C3%A3o_Beach,_Fishermen%27s_Trail,_Vila_Nova_de_Milfontes_Portugal_julesvernex2.jpg\">CC-BY-SA-4.0<\/a>.<\/p><\/div><\/div><\/div><\/div><\/div><\/div><\/article>\t\t\t\t\t\t\t\t<\/div>\n\t\t\t\t<\/div>\n\t\t\t\t<div class=\"elementor-element elementor-element-d565b8c elementor-align-left elementor-tablet-align-left elementor-mobile-align-left elementor-widget elementor-widget-button\" data-id=\"d565b8c\" data-element_type=\"widget\" data-e-type=\"widget\" data-widget_type=\"button.default\">\n\t\t\t\t<div class=\"elementor-widget-container\">\n\t\t\t\t\t\t\t\t\t<div class=\"elementor-button-wrapper\">\n\t\t\t\t\t<a class=\"elementor-button elementor-button-link elementor-size-sm elementor-animation-pop\" href=\"https:\/\/maps.app.goo.gl\/hY1jqD8JrU7thWgb8\" target=\"_blank\">\n\t\t\t\t\t\t<span class=\"elementor-button-content-wrapper\">\n\t\t\t\t\t\t\t\t\t<span class=\"elementor-button-text\">Mapa aqu\u00ed.<\/span>\n\t\t\t\t\t<\/span>\n\t\t\t\t\t<\/a>\n\t\t\t\t<\/div>\n\t\t\t\t\t\t\t\t<\/div>\n\t\t\t\t<\/div>\n\t\t\t\t\t<\/div>\n\t\t<\/div>\n\t\t\t\t\t<\/div>\n\t\t<\/section>\n\t\t\t\t<section class=\"elementor-section elementor-top-section elementor-element elementor-element-b05de82 elementor-section-stretched elementor-section-boxed elementor-section-height-default elementor-section-height-default\" data-id=\"b05de82\" data-element_type=\"section\" data-e-type=\"section\" data-settings=\"{&quot;stretch_section&quot;:&quot;section-stretched&quot;,&quot;background_background&quot;:&quot;classic&quot;}\">\n\t\t\t\t\t\t<div class=\"elementor-container elementor-column-gap-default\">\n\t\t\t\t\t<div class=\"elementor-column elementor-col-100 elementor-top-column elementor-element elementor-element-3f96ed1\" data-id=\"3f96ed1\" data-element_type=\"column\" data-e-type=\"column\">\n\t\t\t<div class=\"elementor-widget-wrap elementor-element-populated\">\n\t\t\t\t\t\t<div class=\"elementor-element elementor-element-b0dd744 elementor-widget elementor-widget-heading\" data-id=\"b0dd744\" data-element_type=\"widget\" data-e-type=\"widget\" id=\"tropes\" data-widget_type=\"heading.default\">\n\t\t\t\t<div class=\"elementor-widget-container\">\n\t\t\t\t\t<h2 class=\"elementor-heading-title elementor-size-default\">4. Playa de S\u00e3o Torpes (Sines)<\/h2>\t\t\t\t<\/div>\n\t\t\t\t<\/div>\n\t\t\t\t<div class=\"elementor-element elementor-element-9acbe0f elementor-widget elementor-widget-text-editor\" data-id=\"9acbe0f\" data-element_type=\"widget\" data-e-type=\"widget\" data-widget_type=\"text-editor.default\">\n\t\t\t\t<div class=\"elementor-widget-container\">\n\t\t\t\t\t\t\t\t\t<p data-start=\"159\" data-end=\"627\">S\u00e3o Torpes es un conocido spot de surf del Alentejo, famoso por sus olas largas y suaves y por sus aguas ligeramente m\u00e1s c\u00e1lidas que las de la costa circundante. La playa es ancha y arenosa, con m\u00faltiples picos suaves que son perfectos para principiantes, longboarders y sesiones relajadas. Gracias a sus condiciones constantes pero indulgentes, S\u00e3o Torpes suele ser uno de los lugares m\u00e1s f\u00e1ciles para aprender o perfeccionar los fundamentos del surf en la regi\u00f3n. Con marejadas m\u00e1s grandes, puede ofrecer paredes limpias y tranquilas para los intermedios.   <\/p><p data-start=\"629\" data-end=\"957\">\ud83d\udccd <strong data-start=\"632\" data-end=\"645\">Mejor para:<\/strong> principiantes y longboarders; intermedios en d\u00edas grandes<br data-start=\"700\" data-end=\"703\">\ud83c\udf0a <strong data-start=\"706\" data-end=\"720\">Tipo de ola:<\/strong> olas largas y suaves de beach break<br data-start=\"749\" data-end=\"752\">\ud83d\udca8 <strong data-start=\"755\" data-end=\"764\">Viento:<\/strong> el viento del este o noreste crea l\u00edneas limpias<br data-start=\"807\" data-end=\"810\">\u23f0 <strong data-start=\"812\" data-end=\"826\">Mejor marea:<\/strong> marea media<br data-start=\"835\" data-end=\"838\">\u2714\ufe0f <strong data-start=\"841\" data-end=\"865\">Por qu\u00e9 les gusta a los surfistas:<\/strong> agua c\u00e1lida, largos paseos agradables, playa ancha, ideal para principiantes y d\u00edas de surf crucero<\/p>\t\t\t\t\t\t\t\t<\/div>\n\t\t\t\t<\/div>\n\t\t\t\t<div class=\"elementor-element elementor-element-e21fa3b elementor-widget elementor-widget-image\" data-id=\"e21fa3b\" data-element_type=\"widget\" data-e-type=\"widget\" data-widget_type=\"image.default\">\n\t\t\t\t<div class=\"elementor-widget-container\">\n\t\t\t\t\t\t\t\t\t\t\t\t\t\t\t<img loading=\"lazy\" decoding=\"async\" width=\"800\" height=\"533\" src=\"https:\/\/oceancamper.com\/wp-content\/uploads\/2020\/12\/malhao-beach-alentejo-surf-spot.jpg\" class=\"attachment-large size-large wp-image-211695\" alt=\"Paseo mar\u00edtimo de madera de la playa de Malh\u00e3o, con vistas a la amplia costa de arena y a las limpias l\u00edneas de surf: un lugar salvaje para practicar surf en el Alentejo.\" srcset=\"https:\/\/oceancamper.com\/wp-content\/uploads\/2020\/12\/malhao-beach-alentejo-surf-spot.jpg 960w, https:\/\/oceancamper.com\/wp-content\/uploads\/2020\/12\/malhao-beach-alentejo-surf-spot-300x200.jpg 300w, https:\/\/oceancamper.com\/wp-content\/uploads\/2020\/12\/malhao-beach-alentejo-surf-spot-768x511.jpg 768w, https:\/\/oceancamper.com\/wp-content\/uploads\/2020\/12\/malhao-beach-alentejo-surf-spot-240x160.jpg 240w\" sizes=\"(max-width: 800px) 100vw, 800px\" \/>\t\t\t\t\t\t\t\t\t\t\t\t\t\t\t<\/div>\n\t\t\t\t<\/div>\n\t\t\t\t<div class=\"elementor-element elementor-element-a08d8c4 elementor-widget elementor-widget-text-editor\" data-id=\"a08d8c4\" data-element_type=\"widget\" data-e-type=\"widget\" data-widget_type=\"text-editor.default\">\n\t\t\t\t<div class=\"elementor-widget-container\">\n\t\t\t\t\t\t\t\t\t<article class=\"text-token-text-primary w-full focus:outline-none [--shadow-height:45px] has-data-writing-block:pointer-events-none has-data-writing-block:-mt-(--shadow-height) has-data-writing-block:pt-(--shadow-height) [&amp;:has([data-writing-block])&gt;*]:pointer-events-auto [content-visibility:auto] supports-[content-visibility:auto]:[contain-intrinsic-size:auto_100lvh] scroll-mt-[calc(var(--header-height)+min(200px,max(70px,20svh)))]\" dir=\"auto\" tabindex=\"-1\" data-turn-id=\"request-690b80b8-681c-8328-a668-6f1632121521-9\" data-testid=\"conversation-turn-20\" data-scroll-anchor=\"true\" data-turn=\"assistant\"><div class=\"text-base my-auto mx-auto pb-10 [--thread-content-margin:--spacing(4)] thread-sm:[--thread-content-margin:--spacing(6)] thread-lg:[--thread-content-margin:--spacing(16)] px-(--thread-content-margin)\"><div class=\"[--thread-content-max-width:40rem] thread-lg:[--thread-content-max-width:48rem] mx-auto max-w-(--thread-content-max-width) flex-1 group\/turn-messages focus-visible:outline-hidden relative flex w-full min-w-0 flex-col agent-turn\" tabindex=\"-1\"><div class=\"flex max-w-full flex-col grow\"><div class=\"min-h-8 text-message relative flex w-full flex-col items-end gap-2 text-start break-words whitespace-normal [.text-message+&amp;]:mt-1\" dir=\"auto\" data-message-author-role=\"assistant\" data-message-id=\"a1783eff-211e-4f98-9e0d-bab357f1c873\" data-message-model-slug=\"gpt-5\"><div class=\"flex w-full flex-col gap-1 empty:hidden first:pt-[1px]\"><div class=\"markdown prose dark:prose-invert w-full break-words dark markdown-new-styling\"><p data-start=\"75\" data-end=\"156\">Foto \u00abPraia de S\u00e3o Torpes &#8211; Portugal (53858261194).jpg\u00bb de <a class=\"external text\" href=\"https:\/\/www.flickr.com\/people\/21446942@N00\" rel=\"nofollow\">Vitor Oliveira<\/a>, bajo licencia <a href=\"https:\/\/commons.wikimedia.org\/wiki\/File:Praia_de_S%C3%A3o_Torpes_-_Portugal_%F0%9F%87%B5%F0%9F%87%B9_(53858261194).jpg\" target=\"_blank\" rel=\"noopener\">CC BY 3.0<\/a>.<\/p><\/div><\/div><\/div><\/div><\/div><\/div><\/article>\t\t\t\t\t\t\t\t<\/div>\n\t\t\t\t<\/div>\n\t\t\t\t<div class=\"elementor-element elementor-element-8baf611 elementor-align-left elementor-tablet-align-left elementor-mobile-align-left elementor-widget elementor-widget-button\" data-id=\"8baf611\" data-element_type=\"widget\" data-e-type=\"widget\" data-widget_type=\"button.default\">\n\t\t\t\t<div class=\"elementor-widget-container\">\n\t\t\t\t\t\t\t\t\t<div class=\"elementor-button-wrapper\">\n\t\t\t\t\t<a class=\"elementor-button elementor-button-link elementor-size-sm elementor-animation-pop\" href=\"https:\/\/maps.app.goo.gl\/HAkACp5YHybACXXu8\" target=\"_blank\">\n\t\t\t\t\t\t<span class=\"elementor-button-content-wrapper\">\n\t\t\t\t\t\t\t\t\t<span class=\"elementor-button-text\">Mapa aqu\u00ed.<\/span>\n\t\t\t\t\t<\/span>\n\t\t\t\t\t<\/a>\n\t\t\t\t<\/div>\n\t\t\t\t\t\t\t\t<\/div>\n\t\t\t\t<\/div>\n\t\t\t\t\t<\/div>\n\t\t<\/div>\n\t\t\t\t\t<\/div>\n\t\t<\/section>\n\t\t\t\t<section class=\"elementor-section elementor-top-section elementor-element elementor-element-3d13f73 elementor-section-stretched elementor-section-boxed elementor-section-height-default elementor-section-height-default\" data-id=\"3d13f73\" data-element_type=\"section\" data-e-type=\"section\" data-settings=\"{&quot;stretch_section&quot;:&quot;section-stretched&quot;,&quot;background_background&quot;:&quot;classic&quot;}\">\n\t\t\t\t\t\t<div class=\"elementor-container elementor-column-gap-default\">\n\t\t\t\t\t<div class=\"elementor-column elementor-col-100 elementor-top-column elementor-element elementor-element-3d1d115\" data-id=\"3d1d115\" data-element_type=\"column\" data-e-type=\"column\">\n\t\t\t<div class=\"elementor-widget-wrap elementor-element-populated\">\n\t\t\t\t\t\t<div class=\"elementor-element elementor-element-756f6d6 elementor-widget elementor-widget-heading\" data-id=\"756f6d6\" data-element_type=\"widget\" data-e-type=\"widget\" id=\"spots\" data-widget_type=\"heading.default\">\n\t\t\t\t<div class=\"elementor-widget-container\">\n\t\t\t\t\t<h2 class=\"elementor-heading-title elementor-size-default\">\ud83c\udf0a Puntos de Surf del Algarve y el Alentejo - Resumen r\u00e1pido<\/h2>\t\t\t\t<\/div>\n\t\t\t\t<\/div>\n\t\t\t\t<div class=\"elementor-element elementor-element-841b514 elementor-widget elementor-widget-text-editor\" data-id=\"841b514\" data-element_type=\"widget\" data-e-type=\"widget\" data-widget_type=\"text-editor.default\">\n\t\t\t\t<div class=\"elementor-widget-container\">\n\t\t\t\t\t\t\t\t\t<table><thead><tr><th><strong>Playa<\/strong><\/th><th><strong>Regi\u00f3n<\/strong><\/th><th><strong>Nivel de oleaje<\/strong><\/th><th><strong>Mejor para<\/strong><\/th><th><strong>Condiciones<\/strong><\/th><\/tr><\/thead><tbody><tr><td>Zavial<\/td><td>Algarve (S)<\/td><td>Medio<\/td><td>Todos los niveles<\/td><td>Genial cuando el oeste es demasiado grande<\/td><\/tr><tr><td>Mareta<\/td><td>Algarve (S)<\/td><td>Peque\u00f1o<\/td><td>Principiantes<\/td><td>Viento flojo del este<\/td><\/tr><tr><td>Tonel<\/td><td>Algarve (W)<\/td><td>Grande<\/td><td>Avanzado<\/td><td>Marejada limpia del NO, viento del E<\/td><\/tr><tr><td>Beliche<\/td><td>Algarve (SO)<\/td><td>Medio<\/td><td>Intermedio<\/td><td>Protegido del viento<\/td><\/tr><tr><td>Ponta Ruiva<\/td><td>Algarve (W)<\/td><td>Grande<\/td><td>Avanzada<\/td><td>Marea media, NW limpio<\/td><\/tr><tr><td>Amado<\/td><td>Algarve (W)<\/td><td>Medio<\/td><td>Todos los niveles<\/td><td>Constante todo el a\u00f1o<\/td><\/tr><tr><td>Arrifana<\/td><td>Algarve (W)<\/td><td>Medio<\/td><td>Todos los niveles<\/td><td>Derechos largos, marea media<\/td><\/tr><tr><td>Playa de Faro<\/td><td>Algarve (S)<\/td><td>Peque\u00f1o<\/td><td>Casual<\/td><td>Pulsaciones oto\u00f1o-primavera<\/td><\/tr><tr><td>Odeceixe<\/td><td>Alentejo<\/td><td>Medio<\/td><td>Todos los niveles<\/td><td>Picos de la desembocadura del r\u00edo<\/td><\/tr><tr><td>Zambujeira<\/td><td>Alentejo<\/td><td>Medio<\/td><td>Intermedio<\/td><td>Acantilados esc\u00e9nicos<\/td><\/tr><tr><td>Malh\u00e3o<\/td><td>Alentejo<\/td><td>Grande<\/td><td>Avanzado<\/td><td>Fuerte oleaje del NO<\/td><\/tr><tr><td>S\u00e3o Torpes<\/td><td>Alentejo<\/td><td>Peque\u00f1o<\/td><td>Principiantes<\/td><td>Paseos largos y suaves<\/td><\/tr><\/tbody><\/table>\t\t\t\t\t\t\t\t<\/div>\n\t\t\t\t<\/div>\n\t\t\t\t<div class=\"elementor-element elementor-element-6191df4 elementor-widget elementor-widget-heading\" data-id=\"6191df4\" data-element_type=\"widget\" data-e-type=\"widget\" id=\"forecast\" data-widget_type=\"heading.default\">\n\t\t\t\t<div class=\"elementor-widget-container\">\n\t\t\t\t\t<h2 class=\"elementor-heading-title elementor-size-default\">\ud83c\udf26\ufe0f Herramientas de previsi\u00f3n para tu viaje<\/h2>\t\t\t\t<\/div>\n\t\t\t\t<\/div>\n\t\t\t\t<div class=\"elementor-element elementor-element-b5cb73d elementor-widget elementor-widget-text-editor\" data-id=\"b5cb73d\" data-element_type=\"widget\" data-e-type=\"widget\" data-widget_type=\"text-editor.default\">\n\t\t\t\t<div class=\"elementor-widget-container\">\n\t\t\t\t\t\t\t\t\t<ul><li data-start=\"6360\" data-end=\"6435\"><a class=\"decorated-link\" href=\"https:\/\/www.surf-forecast.com\" target=\"_new\" rel=\"noopener\" data-start=\"6360\" data-end=\"6410\">Surf-Forecast.com<\/a> &#8211; altura y periodo de las olas<\/li><li data-start=\"6438\" data-end=\"6499\"><a class=\"decorated-link\" href=\"https:\/\/www.windy.com\" target=\"_new\" rel=\"noopener\" data-start=\"6438\" data-end=\"6472\">Windy.com<\/a> &#8211; velocidad y direcci\u00f3n del viento<\/li><li data-start=\"6502\" data-end=\"6570\"><a class=\"decorated-link cursor-pointer\" target=\"_new\" rel=\"noopener\" data-start=\"6502\" data-end=\"6548\">Tides4Fishing<\/a> &#8211; tablas de mareas locales<\/li><li data-start=\"6573\" data-end=\"6641\"><a class=\"decorated-link\" href=\"https:\/\/www.ipma.pt\/en\/\" target=\"_new\" rel=\"noopener\" data-start=\"6573\" data-end=\"6604\">IPMA<\/a> &#8211; alertas meteorol\u00f3gicas oficiales de Portugal<\/li><li data-start=\"6643\" data-end=\"6730\"><em data-start=\"6643\" data-end=\"6730\">(Consulta tambi\u00e9n nuestro post: <a class=\"decorated-link\" href=\"https:\/\/oceancamper.com\/top10campingapps\/\" target=\"_new\" rel=\"noopener\" data-start=\"6664\" data-end=\"6728\">Las 10 mejores aplicaciones para acampar<\/a>)<\/em><\/li><\/ul>\t\t\t\t\t\t\t\t<\/div>\n\t\t\t\t<\/div>\n\t\t\t\t<div class=\"elementor-element elementor-element-c778dd1 elementor-widget elementor-widget-heading\" data-id=\"c778dd1\" data-element_type=\"widget\" data-e-type=\"widget\" id=\"campervan\" data-widget_type=\"heading.default\">\n\t\t\t\t<div class=\"elementor-widget-container\">\n\t\t\t\t\t<h2 class=\"elementor-heading-title elementor-size-default\">\ud83d\ude90 Etiqueta y seguridad en autocaravana<\/h2>\t\t\t\t<\/div>\n\t\t\t\t<\/div>\n\t\t\t\t<div class=\"elementor-element elementor-element-deee8cc elementor-widget elementor-widget-text-editor\" data-id=\"deee8cc\" data-element_type=\"widget\" data-e-type=\"widget\" data-widget_type=\"text-editor.default\">\n\t\t\t\t<div class=\"elementor-widget-container\">\n\t\t\t\t\t\t\t\t\t<ul><li data-start=\"6777\" data-end=\"6824\">Permanece en aparcamientos oficiales o zonas para autocaravanas<\/li><li data-start=\"6827\" data-end=\"6898\">Respeta a los lugare\u00f1os y el medio ambiente &#8211; <strong data-start=\"6858\" data-end=\"6877\">no acampes<\/strong> en dunas protegidas<\/li><li>No dejes basura; utiliza las papeleras p\u00fablicas<\/li><li data-start=\"6937\" data-end=\"6980\">Evita bloquear las v\u00edas de acceso u otras furgonetas<\/li><li data-start=\"6983\" data-end=\"7030\">Sigue <a href=\"https:\/\/surfing-waves.com\/wave_priority.htm\" target=\"_blank\" rel=\"noopener\"><strong data-start=\"6990\" data-end=\"7013\">reglas de prioridad del surf<\/strong><\/a>nunca te dejes caer<\/li><li data-start=\"7033\" data-end=\"7069\">En caso de emergencia, marca el <strong data-start=\"7060\" data-end=\"7067\">112<\/strong><\/li><\/ul>\t\t\t\t\t\t\t\t<\/div>\n\t\t\t\t<\/div>\n\t\t\t\t<div class=\"elementor-element elementor-element-53133cf elementor-widget elementor-widget-image\" data-id=\"53133cf\" data-element_type=\"widget\" data-e-type=\"widget\" data-widget_type=\"image.default\">\n\t\t\t\t<div class=\"elementor-widget-container\">\n\t\t\t\t\t\t\t\t\t\t\t\t\t\t\t<img loading=\"lazy\" decoding=\"async\" width=\"800\" height=\"534\" src=\"https:\/\/oceancamper.com\/wp-content\/uploads\/2025\/08\/off-grid-surf-campervan-portugal-1024x683.jpg\" class=\"attachment-large size-large wp-image-193323\" alt=\"Camper de surf Ocean Camper aparcada junto a la costa atl\u00e1ntica en Portugal con tablas de surf en el techo y un viajero relaj\u00e1ndose junto a las olas.\" srcset=\"https:\/\/oceancamper.com\/wp-content\/uploads\/2025\/08\/off-grid-surf-campervan-portugal-1024x683.jpg 1024w, https:\/\/oceancamper.com\/wp-content\/uploads\/2025\/08\/off-grid-surf-campervan-portugal-300x200.jpg 300w, https:\/\/oceancamper.com\/wp-content\/uploads\/2025\/08\/off-grid-surf-campervan-portugal-768x512.jpg 768w, https:\/\/oceancamper.com\/wp-content\/uploads\/2025\/08\/off-grid-surf-campervan-portugal-1536x1024.jpg 1536w, https:\/\/oceancamper.com\/wp-content\/uploads\/2025\/08\/off-grid-surf-campervan-portugal-2048x1366.jpg 2048w, https:\/\/oceancamper.com\/wp-content\/uploads\/2025\/08\/off-grid-surf-campervan-portugal-240x160.jpg 240w\" sizes=\"(max-width: 800px) 100vw, 800px\" \/>\t\t\t\t\t\t\t\t\t\t\t\t\t\t\t<\/div>\n\t\t\t\t<\/div>\n\t\t\t\t<div class=\"elementor-element elementor-element-589656e elementor-widget elementor-widget-heading\" data-id=\"589656e\" data-element_type=\"widget\" data-e-type=\"widget\" id=\"faq\" data-widget_type=\"heading.default\">\n\t\t\t\t<div class=\"elementor-widget-container\">\n\t\t\t\t\t<h2 class=\"elementor-heading-title elementor-size-default\">\u2753 Preguntas frecuentes (FAQ)<\/h2>\t\t\t\t<\/div>\n\t\t\t\t<\/div>\n\t\t\t\t<div class=\"elementor-element elementor-element-bbc8683 elementor-widget elementor-widget-text-editor\" data-id=\"bbc8683\" data-element_type=\"widget\" data-e-type=\"widget\" data-widget_type=\"text-editor.default\">\n\t\t\t\t<div class=\"elementor-widget-container\">\n\t\t\t\t\t\t\t\t\t<p><strong data-start=\"7115\" data-end=\"7173\">\u00bfCu\u00e1l es la mejor \u00e9poca para surfear en el Algarve y el Alentejo?<\/strong><br data-start=\"7173\" data-end=\"7176\">De octubre a mayo ofrece el oleaje m\u00e1s constante. De junio a septiembre hay olas m\u00e1s peque\u00f1as y limpias, ideales para los principiantes. <\/p><p><strong data-start=\"7299\" data-end=\"7337\">\u00bfPueden surfear los principiantes en el Algarve?<\/strong><br data-start=\"7337\" data-end=\"7340\">S\u00ed. Playas como <strong data-start=\"7358\" data-end=\"7368\">Mareta<\/strong>, <strong data-start=\"7370\" data-end=\"7379\">Amado<\/strong> y <strong data-start=\"7385\" data-end=\"7402\">Praia de Faro<\/strong> ofrecen olas suaves y amistosas y escuelas de surf. <\/p><p><strong data-start=\"7451\" data-end=\"7475\">\u00bfNecesito un traje de neopreno?<\/strong><br data-start=\"7475\" data-end=\"7478\">S\u00ed, sobre todo fuera del verano. Un <strong data-start=\"7512\" data-end=\"7522\">4\/3<\/strong> <strong data-start=\"7554\" data-end=\"7564\">mm<\/strong> funciona de oto\u00f1o a primavera; un <strong data-start=\"7554\" data-end=\"7564\">3\/2 mm<\/strong> est\u00e1 bien para el verano. <\/p><p><strong data-start=\"7588\" data-end=\"7642\">\u00bfQu\u00e9 es mejor para surfear: la costa oeste o la costa sur?<\/strong><br data-start=\"7642\" data-end=\"7645\">La <strong data-start=\"7649\" data-end=\"7663\">costa oeste<\/strong> tiene un oleaje m\u00e1s fuerte y constante. La <strong data-start=\"7706\" data-end=\"7721\">costa sur<\/strong> est\u00e1 m\u00e1s resguardada, ideal para los d\u00edas m\u00e1s peque\u00f1os o ventosos.<\/p><p><strong data-start=\"7788\" data-end=\"7833\">\u00bfEs pr\u00e1ctica una autocaravana para un viaje de surf?<\/strong><br data-start=\"7833\" data-end=\"7836\">Absolutamente. Una <strong data-start=\"7850\" data-end=\"7868\">autocaravana de surf<\/strong> te da total libertad para perseguir las condiciones y pasar la noche cerca de tus rompientes favoritos. <\/p>\t\t\t\t\t\t\t\t<\/div>\n\t\t\t\t<\/div>\n\t\t\t\t<div class=\"elementor-element elementor-element-62e97db elementor-widget elementor-widget-heading\" data-id=\"62e97db\" data-element_type=\"widget\" data-e-type=\"widget\" id=\"surftrip\" data-widget_type=\"heading.default\">\n\t\t\t\t<div class=\"elementor-widget-container\">\n\t\t\t\t\t<h2 class=\"elementor-heading-title elementor-size-default\">\ud83e\udded Planifica tu viaje de surf por carretera<\/h2>\t\t\t\t<\/div>\n\t\t\t\t<\/div>\n\t\t\t\t<div class=\"elementor-element elementor-element-3a2f1a2 elementor-widget elementor-widget-text-editor\" data-id=\"3a2f1a2\" data-element_type=\"widget\" data-e-type=\"widget\" data-widget_type=\"text-editor.default\">\n\t\t\t\t<div class=\"elementor-widget-container\">\n\t\t\t\t\t\t\t\t\t<p data-start=\"8000\" data-end=\"8215\">Desde <strong data-start=\"8005\" data-end=\"8035\">los dram\u00e1ticos acantilados de Arrifana<\/strong> hasta <strong data-start=\"8039\" data-end=\"8065\">la desembocadura del r\u00edo en Odeceixe<\/strong> y <strong data-start=\"8070\" data-end=\"8096\">los largos paseos de S\u00e3o Torpes<\/strong>, el sur de Portugal es un para\u00edso para los surfistas.<br data-start=\"8139\" data-end=\"8142\">Despi\u00e9rtate junto al oc\u00e9ano, prepara el desayuno al amanecer y surfea hasta el atardecer.<\/p><p data-start=\"8217\" data-end=\"8397\">\ud83d\ude90 <strong data-start=\"8220\" data-end=\"8256\">\u00bfPreparado para el viaje de surf perfecto?<\/strong><br data-start=\"8256\" data-end=\"8259\">Alquila tu <strong data-start=\"8269\" data-end=\"8293\">autocaravana lista para el surf<\/strong> con <a class=\"decorated-link\" href=\"https:\/\/oceancamper.com\/es\/\" target=\"_new\" rel=\"noopener\" data-start=\"8299\" data-end=\"8342\"><strong data-start=\"8300\" data-end=\"8316\">Ocean Camper<\/strong><\/a> y sigue las olas por <strong data-start=\"8372\" data-end=\"8394\">Algarve y Alentejo<\/strong>.<\/p>\t\t\t\t\t\t\t\t<\/div>\n\t\t\t\t<\/div>\n\t\t\t\t\t<\/div>\n\t\t<\/div>\n\t\t\t\t\t<\/div>\n\t\t<\/section>\n\t\t\t\t<section class=\"elementor-section elementor-inner-section elementor-element elementor-element-40c3a26d elementor-section-boxed elementor-section-height-default elementor-section-height-default\" data-id=\"40c3a26d\" data-element_type=\"section\" data-e-type=\"section\" data-settings=\"{&quot;background_background&quot;:&quot;classic&quot;}\">\n\t\t\t\t\t\t<div class=\"elementor-container elementor-column-gap-default\">\n\t\t\t\t\t<div class=\"elementor-column elementor-col-100 elementor-inner-column elementor-element elementor-element-7ee1a60d\" data-id=\"7ee1a60d\" data-element_type=\"column\" data-e-type=\"column\">\n\t\t\t<div class=\"elementor-widget-wrap elementor-element-populated\">\n\t\t\t\t\t\t<div class=\"elementor-element elementor-element-3b0f35e5 elementor-widget elementor-widget-html\" data-id=\"3b0f35e5\" data-element_type=\"widget\" data-e-type=\"widget\" data-widget_type=\"html.default\">\n\t\t\t\t<div class=\"elementor-widget-container\">\n\t\t\t\t\t<script src=\"https:\/\/oceancamper1.oceancamper.com\/public\/car-rental\/integrations\/assets\/integrator\"><\/script><div class=\"hq-rental-software-integration\" data-integrator_link=\"https:\/\/oceancamper1.oceancamper.com\/public\/car-rental\/integrations\" data-brand=\"45359cec-fef8-4a46-9782-487216d45398\" data-snippet=\"reservations\" data-skip_language=\"\" data-rate_type_uuid=\"\" data-referral=\"\" data-forced_locale=\"en\"><\/div>\t\t\t\t<\/div>\n\t\t\t\t<\/div>\n\t\t\t\t\t<\/div>\n\t\t<\/div>\n\t\t\t\t\t<\/div>\n\t\t<\/section>\n\t\t\t\t<section class=\"elementor-section elementor-top-section elementor-element elementor-element-79f5c13 elementor-section-stretched elementor-section-boxed elementor-section-height-default elementor-section-height-default\" data-id=\"79f5c13\" data-element_type=\"section\" data-e-type=\"section\" data-settings=\"{&quot;stretch_section&quot;:&quot;section-stretched&quot;,&quot;background_background&quot;:&quot;classic&quot;}\">\n\t\t\t\t\t\t<div class=\"elementor-container elementor-column-gap-default\">\n\t\t\t\t\t<div class=\"elementor-column elementor-col-100 elementor-top-column elementor-element elementor-element-be67f25\" data-id=\"be67f25\" data-element_type=\"column\" data-e-type=\"column\">\n\t\t\t<div class=\"elementor-widget-wrap elementor-element-populated\">\n\t\t\t\t\t\t<section class=\"elementor-section elementor-inner-section elementor-element elementor-element-4f447f1 elementor-section-boxed elementor-section-height-default elementor-section-height-default\" data-id=\"4f447f1\" data-element_type=\"section\" data-e-type=\"section\">\n\t\t\t\t\t\t<div class=\"elementor-container elementor-column-gap-default\">\n\t\t\t\t\t<div class=\"elementor-column elementor-col-100 elementor-inner-column elementor-element elementor-element-999262d\" data-id=\"999262d\" data-element_type=\"column\" data-e-type=\"column\">\n\t\t\t<div class=\"elementor-widget-wrap elementor-element-populated\">\n\t\t\t\t\t\t<div class=\"elementor-element elementor-element-817f650 elementor-widget elementor-widget-heading\" data-id=\"817f650\" data-element_type=\"widget\" data-e-type=\"widget\" data-widget_type=\"heading.default\">\n\t\t\t\t<div class=\"elementor-widget-container\">\n\t\t\t\t\t<h3 class=\"elementor-heading-title elementor-size-default\">Consulta nuestras otras publicaciones:<\/h3>\t\t\t\t<\/div>\n\t\t\t\t<\/div>\n\t\t\t\t<div class=\"elementor-element elementor-element-4ce7a13 elementor-grid-tablet-3 elementor-grid-3 elementor-grid-mobile-1 elementor-posts--thumbnail-top elementor-posts__hover-gradient elementor-widget elementor-widget-posts\" data-id=\"4ce7a13\" data-element_type=\"widget\" data-e-type=\"widget\" data-settings=\"{&quot;cards_row_gap&quot;:{&quot;unit&quot;:&quot;px&quot;,&quot;size&quot;:20,&quot;sizes&quot;:[]},&quot;cards_row_gap_mobile&quot;:{&quot;unit&quot;:&quot;px&quot;,&quot;size&quot;:10,&quot;sizes&quot;:[]},&quot;cards_columns_tablet&quot;:&quot;3&quot;,&quot;cards_row_gap_tablet&quot;:{&quot;unit&quot;:&quot;px&quot;,&quot;size&quot;:5,&quot;sizes&quot;:[]},&quot;cards_columns&quot;:&quot;3&quot;,&quot;cards_columns_mobile&quot;:&quot;1&quot;}\" data-widget_type=\"posts.cards\">\n\t\t\t\t<div class=\"elementor-widget-container\">\n\t\t\t\t\t\t\t<div class=\"elementor-posts-container elementor-posts elementor-posts--skin-cards elementor-grid\" role=\"list\">\n\t\t\t\t<article class=\"elementor-post elementor-grid-item post-82523 post type-post status-publish format-standard has-post-thumbnail hentry category-aspectos-destacados\" role=\"listitem\">\n\t\t\t<div class=\"elementor-post__card\">\n\t\t\t\t<a class=\"elementor-post__thumbnail__link\" href=\"https:\/\/oceancamper.com\/es\/campings-en-algarve\/\" tabindex=\"-1\" ><div class=\"elementor-post__thumbnail\"><img loading=\"lazy\" decoding=\"async\" width=\"1200\" height=\"800\" src=\"https:\/\/oceancamper.com\/wp-content\/uploads\/2021\/05\/Girl-camping-at-the-Algarve-\u2013-Ocean-Camper-Portugal-2026.jpg\" class=\"attachment-full size-full wp-image-219485\" alt=\"Indigo mini camper \u2014 campervan rental Faro Portugal\" srcset=\"https:\/\/oceancamper.com\/wp-content\/uploads\/2021\/05\/Girl-camping-at-the-Algarve-\u2013-Ocean-Camper-Portugal-2026.jpg 1200w, https:\/\/oceancamper.com\/wp-content\/uploads\/2021\/05\/Girl-camping-at-the-Algarve-\u2013-Ocean-Camper-Portugal-2026-300x200.jpg 300w, https:\/\/oceancamper.com\/wp-content\/uploads\/2021\/05\/Girl-camping-at-the-Algarve-\u2013-Ocean-Camper-Portugal-2026-1024x683.jpg 1024w, https:\/\/oceancamper.com\/wp-content\/uploads\/2021\/05\/Girl-camping-at-the-Algarve-\u2013-Ocean-Camper-Portugal-2026-768x512.jpg 768w, https:\/\/oceancamper.com\/wp-content\/uploads\/2021\/05\/Girl-camping-at-the-Algarve-\u2013-Ocean-Camper-Portugal-2026-240x160.jpg 240w\" sizes=\"(max-width: 1200px) 100vw, 1200px\" \/><\/div><\/a>\n\t\t\t\t<div class=\"elementor-post__text\">\n\t\t\t\t<h2 class=\"elementor-post__title\">\n\t\t\t<a href=\"https:\/\/oceancamper.com\/es\/campings-en-algarve\/\" >\n\t\t\t\tLos mejores campings Algarve Portugal (2026) &#8211; Gu\u00eda de campings para autocaravanas y tiendas de campa\u00f1a\t\t\t<\/a>\n\t\t<\/h2>\n\t\t\t\t<div class=\"elementor-post__excerpt\">\n\t\t\t<p>Mejores campings en el Algarve y Portugal: en el interior, cerca del mar, con vistas al agua, sitios baratos y caros.<\/p>\n\t\t<\/div>\n\t\t\n\t\t<a class=\"elementor-post__read-more\" href=\"https:\/\/oceancamper.com\/es\/campings-en-algarve\/\" aria-label=\"M\u00e1s informaci\u00f3n sobre Los mejores campings Algarve Portugal (2026) &#8211; Gu\u00eda de campings para autocaravanas y tiendas de campa\u00f1a\" tabindex=\"-1\" >\n\t\t\tLeer m\u00e1s \u00bb\t\t<\/a>\n\n\t\t\t\t<\/div>\n\t\t\t\t\t<\/div>\n\t\t<\/article>\n\t\t\t\t<article class=\"elementor-post elementor-grid-item post-82416 post type-post status-publish format-standard has-post-thumbnail hentry category-sin-categorizar\" role=\"listitem\">\n\t\t\t<div class=\"elementor-post__card\">\n\t\t\t\t<a class=\"elementor-post__thumbnail__link\" href=\"https:\/\/oceancamper.com\/es\/normas-de-camping-en-portugal\/\" tabindex=\"-1\" ><div class=\"elementor-post__thumbnail\"><img loading=\"lazy\" decoding=\"async\" width=\"2560\" height=\"1706\" src=\"https:\/\/oceancamper.com\/wp-content\/uploads\/2025\/03\/wild-camping-portugal-ocean-camper-cliff-view-scaled.jpg\" class=\"attachment-full size-full wp-image-210435\" alt=\"Furgoneta Camper Oc\u00e9ano Rojo aparcada en un acantilado costero de Portugal durante una acampada salvaje por carretera.\" srcset=\"https:\/\/oceancamper.com\/wp-content\/uploads\/2025\/03\/wild-camping-portugal-ocean-camper-cliff-view-scaled.jpg 2560w, https:\/\/oceancamper.com\/wp-content\/uploads\/2025\/03\/wild-camping-portugal-ocean-camper-cliff-view-300x200.jpg 300w, https:\/\/oceancamper.com\/wp-content\/uploads\/2025\/03\/wild-camping-portugal-ocean-camper-cliff-view-1024x683.jpg 1024w, https:\/\/oceancamper.com\/wp-content\/uploads\/2025\/03\/wild-camping-portugal-ocean-camper-cliff-view-768x512.jpg 768w, https:\/\/oceancamper.com\/wp-content\/uploads\/2025\/03\/wild-camping-portugal-ocean-camper-cliff-view-1536x1024.jpg 1536w, https:\/\/oceancamper.com\/wp-content\/uploads\/2025\/03\/wild-camping-portugal-ocean-camper-cliff-view-2048x1365.jpg 2048w, https:\/\/oceancamper.com\/wp-content\/uploads\/2025\/03\/wild-camping-portugal-ocean-camper-cliff-view-240x160.jpg 240w\" sizes=\"(max-width: 2560px) 100vw, 2560px\" \/><\/div><\/a>\n\t\t\t\t<div class=\"elementor-post__text\">\n\t\t\t\t<h2 class=\"elementor-post__title\">\n\t\t\t<a href=\"https:\/\/oceancamper.com\/es\/normas-de-camping-en-portugal\/\" >\n\t\t\t\tAcampada salvaje en Portugal 2026: normas, multas y pernoctaciones legales\t\t\t<\/a>\n\t\t<\/h2>\n\t\t\t\t<div class=\"elementor-post__excerpt\">\n\t\t\t<p>Consejos para un viaje por carretera exitoso. Las mejores aplicaciones de camping. Camping libre, fuego, mosquitos, seguro de salud.  <\/p>\n\t\t<\/div>\n\t\t\n\t\t<a class=\"elementor-post__read-more\" href=\"https:\/\/oceancamper.com\/es\/normas-de-camping-en-portugal\/\" aria-label=\"M\u00e1s informaci\u00f3n sobre Acampada salvaje en Portugal 2026: normas, multas y pernoctaciones legales\" tabindex=\"-1\" >\n\t\t\tLeer m\u00e1s \u00bb\t\t<\/a>\n\n\t\t\t\t<\/div>\n\t\t\t\t\t<\/div>\n\t\t<\/article>\n\t\t\t\t<article class=\"elementor-post elementor-grid-item post-82376 post type-post status-publish format-standard has-post-thumbnail hentry category-consejos-de-camping tag-acampar-en-una-furgoneta-pequena tag-bano tag-donde-esta-el-bano-publico tag-wc-es\" role=\"listitem\">\n\t\t\t<div class=\"elementor-post__card\">\n\t\t\t\t<a class=\"elementor-post__thumbnail__link\" href=\"https:\/\/oceancamper.com\/es\/encontra-una-bano-al-acampar\/\" tabindex=\"-1\" ><div class=\"elementor-post__thumbnail\"><img loading=\"lazy\" decoding=\"async\" width=\"2560\" height=\"1707\" src=\"https:\/\/oceancamper.com\/wp-content\/uploads\/2025\/10\/image00031-scaled.jpeg\" class=\"attachment-full size-full wp-image-204421\" alt=\"Oc\u00e9ano Furgoneta Camper aparcada en los acantilados del Algarve al atardecer - vista panor\u00e1mica para acampar y viajar por carretera en Portugal.\" srcset=\"https:\/\/oceancamper.com\/wp-content\/uploads\/2025\/10\/image00031-scaled.jpeg 2560w, https:\/\/oceancamper.com\/wp-content\/uploads\/2025\/10\/image00031-300x200.jpeg 300w, https:\/\/oceancamper.com\/wp-content\/uploads\/2025\/10\/image00031-1024x683.jpeg 1024w, https:\/\/oceancamper.com\/wp-content\/uploads\/2025\/10\/image00031-768x512.jpeg 768w, https:\/\/oceancamper.com\/wp-content\/uploads\/2025\/10\/image00031-1536x1024.jpeg 1536w, https:\/\/oceancamper.com\/wp-content\/uploads\/2025\/10\/image00031-2048x1365.jpeg 2048w, https:\/\/oceancamper.com\/wp-content\/uploads\/2025\/10\/image00031-240x160.jpeg 240w\" sizes=\"(max-width: 2560px) 100vw, 2560px\" \/><\/div><\/a>\n\t\t\t\t<div class=\"elementor-post__text\">\n\t\t\t\t<h2 class=\"elementor-post__title\">\n\t\t\t<a href=\"https:\/\/oceancamper.com\/es\/encontra-una-bano-al-acampar\/\" >\n\t\t\t\tEncontra una ba\u00f1o al acampar\t\t\t<\/a>\n\t\t<\/h2>\n\t\t\t\t<div class=\"elementor-post__excerpt\">\n\t\t\t<p>C\u00f3mo encontrar aseos en Portugal Cuando viajas en una minifurgoneta camper sin WC incorporado, averiguar ad\u00f3nde ir puede ser estresante. Por suerte, Portugal ofrece muchas opciones, desde campings con todos<\/p>\n\t\t<\/div>\n\t\t\n\t\t<a class=\"elementor-post__read-more\" href=\"https:\/\/oceancamper.com\/es\/encontra-una-bano-al-acampar\/\" aria-label=\"M\u00e1s informaci\u00f3n sobre Encontra una ba\u00f1o al acampar\" tabindex=\"-1\" >\n\t\t\tLeer m\u00e1s \u00bb\t\t<\/a>\n\n\t\t\t\t<\/div>\n\t\t\t\t\t<\/div>\n\t\t<\/article>\n\t\t\t\t<\/div>\n\t\t\n\t\t\t\t\t\t<\/div>\n\t\t\t\t<\/div>\n\t\t\t\t<div class=\"elementor-element elementor-element-899d7e9 elementor-align-left elementor-tablet-align-left elementor-mobile-align-left elementor-widget elementor-widget-button\" data-id=\"899d7e9\" data-element_type=\"widget\" data-e-type=\"widget\" data-widget_type=\"button.default\">\n\t\t\t\t<div class=\"elementor-widget-container\">\n\t\t\t\t\t\t\t\t\t<div class=\"elementor-button-wrapper\">\n\t\t\t\t\t<a class=\"elementor-button elementor-button-link elementor-size-sm elementor-animation-pop\" href=\"https:\/\/oceancamper.com\/es\/blog\/\">\n\t\t\t\t\t\t<span class=\"elementor-button-content-wrapper\">\n\t\t\t\t\t\t\t\t\t<span class=\"elementor-button-text\">De vuelta al blog<\/span>\n\t\t\t\t\t<\/span>\n\t\t\t\t\t<\/a>\n\t\t\t\t<\/div>\n\t\t\t\t\t\t\t\t<\/div>\n\t\t\t\t<\/div>\n\t\t\t\t\t<\/div>\n\t\t<\/div>\n\t\t\t\t\t<\/div>\n\t\t<\/section>\n\t\t\t\t\t<\/div>\n\t\t<\/div>\n\t\t\t\t\t<\/div>\n\t\t<\/section>\n\t\t\t\t<\/div>\n\t\t","protected":false},"excerpt":{"rendered":"<p>Las mejores playas para hacer surf en el Algarve y la Costa Vicentina. Mapa e informaci\u00f3n sobre qu\u00e9 esperar en cada playa.  <\/p>\n","protected":false},"author":1,"featured_media":206778,"comment_status":"closed","ping_status":"open","sticky":false,"template":"elementor_header_footer","format":"standard","meta":{"om_disable_all_campaigns":false,"footnotes":""},"categories":[128],"tags":[],"class_list":["post-82420","post","type-post","status-publish","format-standard","has-post-thumbnail","hentry","category-aspectos-destacados"],"aioseo_notices":[],"_links":{"self":[{"href":"https:\/\/oceancamper.com\/es\/wp-json\/wp\/v2\/posts\/82420","targetHints":{"allow":["GET"]}}],"collection":[{"href":"https:\/\/oceancamper.com\/es\/wp-json\/wp\/v2\/posts"}],"about":[{"href":"https:\/\/oceancamper.com\/es\/wp-json\/wp\/v2\/types\/post"}],"author":[{"embeddable":true,"href":"https:\/\/oceancamper.com\/es\/wp-json\/wp\/v2\/users\/1"}],"replies":[{"embeddable":true,"href":"https:\/\/oceancamper.com\/es\/wp-json\/wp\/v2\/comments?post=82420"}],"version-history":[{"count":12,"href":"https:\/\/oceancamper.com\/es\/wp-json\/wp\/v2\/posts\/82420\/revisions"}],"predecessor-version":[{"id":211707,"href":"https:\/\/oceancamper.com\/es\/wp-json\/wp\/v2\/posts\/82420\/revisions\/211707"}],"wp:featuredmedia":[{"embeddable":true,"href":"https:\/\/oceancamper.com\/es\/wp-json\/wp\/v2\/media\/206778"}],"wp:attachment":[{"href":"https:\/\/oceancamper.com\/es\/wp-json\/wp\/v2\/media?parent=82420"}],"wp:term":[{"taxonomy":"category","embeddable":true,"href":"https:\/\/oceancamper.com\/es\/wp-json\/wp\/v2\/categories?post=82420"},{"taxonomy":"post_tag","embeddable":true,"href":"https:\/\/oceancamper.com\/es\/wp-json\/wp\/v2\/tags?post=82420"}],"curies":[{"name":"wp","href":"https:\/\/api.w.org\/{rel}","templated":true}]}}