{"id":82414,"date":"2020-12-24T18:59:36","date_gmt":"2020-12-24T18:59:36","guid":{"rendered":"https:\/\/oceancamper.com\/faro\/"},"modified":"2026-09-01T16:49:10","modified_gmt":"2026-09-01T16:49:10","slug":"cosas-que-hacer-en-faro","status":"publish","type":"post","link":"https:\/\/oceancamper.com\/es\/cosas-que-hacer-en-faro\/","title":{"rendered":"Qu\u00e9 hacer en Faro?"},"content":{"rendered":"\t\t<div data-elementor-type=\"wp-post\" data-elementor-id=\"82414\" class=\"elementor elementor-82414 elementor-3204\" data-elementor-post-type=\"post\">\n\t\t\t\t\t\t<section class=\"elementor-section elementor-top-section elementor-element elementor-element-f9d203d elementor-section-height-min-height elementor-section-stretched elementor-section-content-middle elementor-section-boxed elementor-section-height-default elementor-section-items-middle\" data-id=\"f9d203d\" data-element_type=\"section\" data-e-type=\"section\" data-settings=\"{&quot;stretch_section&quot;:&quot;section-stretched&quot;,&quot;background_background&quot;:&quot;classic&quot;}\">\n\t\t\t\t\t\t\t<div class=\"elementor-background-overlay\"><\/div>\n\t\t\t\t\t\t\t<div class=\"elementor-container elementor-column-gap-default\">\n\t\t\t\t\t<div class=\"elementor-column elementor-col-100 elementor-top-column elementor-element elementor-element-eb9caec\" data-id=\"eb9caec\" data-element_type=\"column\" data-e-type=\"column\">\n\t\t\t<div class=\"elementor-widget-wrap elementor-element-populated\">\n\t\t\t\t\t\t<div class=\"elementor-element elementor-element-a089e16 elementor-widget elementor-widget-theme-post-title elementor-page-title elementor-widget-heading\" data-id=\"a089e16\" data-element_type=\"widget\" data-e-type=\"widget\" data-widget_type=\"theme-post-title.default\">\n\t\t\t\t<div class=\"elementor-widget-container\">\n\t\t\t\t\t<h1 class=\"elementor-heading-title elementor-size-default\">Qu\u00e9 hacer en Faro?<\/h1>\t\t\t\t<\/div>\n\t\t\t\t<\/div>\n\t\t\t\t<section class=\"elementor-section elementor-inner-section elementor-element elementor-element-e355815 elementor-section-boxed elementor-section-height-default elementor-section-height-default\" data-id=\"e355815\" data-element_type=\"section\" data-e-type=\"section\">\n\t\t\t\t\t\t<div class=\"elementor-container elementor-column-gap-default\">\n\t\t\t\t\t<div class=\"elementor-column elementor-col-33 elementor-inner-column elementor-element elementor-element-c01ee70\" data-id=\"c01ee70\" data-element_type=\"column\" data-e-type=\"column\">\n\t\t\t<div class=\"elementor-widget-wrap\">\n\t\t\t\t\t\t\t<\/div>\n\t\t<\/div>\n\t\t\t\t<div class=\"elementor-column elementor-col-33 elementor-inner-column elementor-element elementor-element-3a9dd63\" data-id=\"3a9dd63\" data-element_type=\"column\" data-e-type=\"column\">\n\t\t\t<div class=\"elementor-widget-wrap elementor-element-populated\">\n\t\t\t\t\t\t<div class=\"elementor-element elementor-element-4bb0ef6 elementor-author-box--align-center elementor-author-box--layout-image-above elementor-widget elementor-widget-author-box\" data-id=\"4bb0ef6\" data-element_type=\"widget\" data-e-type=\"widget\" data-widget_type=\"author-box.default\">\n\t\t\t\t<div class=\"elementor-widget-container\">\n\t\t\t\t\t\t\t<div class=\"elementor-author-box\">\n\t\t\t\t\t\t\t<div  class=\"elementor-author-box__avatar\">\n\t\t\t\t\t<img decoding=\"async\" src=\"https:\/\/oceancamper.com\/wp-content\/uploads\/2022\/02\/Nina-min-1-300x300.jpg\" alt=\"Imagen de Nina\" loading=\"lazy\">\n\t\t\t\t<\/div>\n\t\t\t\n\t\t\t<div class=\"elementor-author-box__text\">\n\t\t\t\t\t\t\t\t\t<div >\n\t\t\t\t\t\t<h4 class=\"elementor-author-box__name\">\n\t\t\t\t\t\t\tNina\t\t\t\t\t\t<\/h4>\n\t\t\t\t\t<\/div>\n\t\t\t\t\n\t\t\t\t\t\t\t\t\t<div class=\"elementor-author-box__bio\">\n\t\t\t\t\t\t<p>CEO de Ocean Camper<\/p>\n\t\t\t\t\t<\/div>\n\t\t\t\t\n\t\t\t\t\t\t\t<\/div>\n\t\t<\/div>\n\t\t\t\t\t\t<\/div>\n\t\t\t\t<\/div>\n\t\t\t\t\t<\/div>\n\t\t<\/div>\n\t\t\t\t<div class=\"elementor-column elementor-col-33 elementor-inner-column elementor-element elementor-element-ad2f6bb\" data-id=\"ad2f6bb\" data-element_type=\"column\" data-e-type=\"column\">\n\t\t\t<div class=\"elementor-widget-wrap\">\n\t\t\t\t\t\t\t<\/div>\n\t\t<\/div>\n\t\t\t\t\t<\/div>\n\t\t<\/section>\n\t\t\t\t\t<\/div>\n\t\t<\/div>\n\t\t\t\t\t<\/div>\n\t\t<\/section>\n\t\t\t\t<section class=\"elementor-section elementor-top-section elementor-element elementor-element-ca40981 elementor-section-stretched elementor-section-boxed elementor-section-height-default elementor-section-height-default\" data-id=\"ca40981\" data-element_type=\"section\" data-e-type=\"section\" data-settings=\"{&quot;stretch_section&quot;:&quot;section-stretched&quot;,&quot;background_background&quot;:&quot;classic&quot;}\">\n\t\t\t\t\t\t<div class=\"elementor-container elementor-column-gap-default\">\n\t\t\t\t\t<div class=\"elementor-column elementor-col-100 elementor-top-column elementor-element elementor-element-3f1c136 elementor-invisible\" data-id=\"3f1c136\" data-element_type=\"column\" data-e-type=\"column\" data-settings=\"{&quot;background_background&quot;:&quot;classic&quot;,&quot;animation&quot;:&quot;fadeIn&quot;}\">\n\t\t\t<div class=\"elementor-widget-wrap elementor-element-populated\">\n\t\t\t\t\t<div class=\"elementor-background-overlay\"><\/div>\n\t\t\t\t\t\t<div class=\"elementor-element elementor-element-3403ef8 elementor-widget elementor-widget-heading\" data-id=\"3403ef8\" data-element_type=\"widget\" data-e-type=\"widget\" data-widget_type=\"heading.default\">\n\t\t\t\t<div class=\"elementor-widget-container\">\n\t\t\t\t\t<h2 class=\"elementor-heading-title elementor-size-default\">Index<\/h2>\t\t\t\t<\/div>\n\t\t\t\t<\/div>\n\t\t\t\t<div class=\"elementor-element elementor-element-11caf63 elementor-widget elementor-widget-text-editor\" data-id=\"11caf63\" data-element_type=\"widget\" data-e-type=\"widget\" data-widget_type=\"text-editor.default\">\n\t\t\t\t<div class=\"elementor-widget-container\">\n\t\t\t\t\t\t\t\t\t<ol><li><a href=\"#discover\">Los mejores sitios para visitar en Faro<\/a><\/li><li><a href=\"#history\">Una mezcla de historia y encanto<\/a><\/li><li><a href=\"#nature\">La naturaleza a un paso de casa<\/a><\/li><li><a href=\"#beaches\">Playas, islas y sol sin fin<\/a><\/li><li><a href=\"#airport\">Tu partida desde el aeropuerto.<\/a><\/li><li><a href=\"#transport\">C\u00f3mo salir del aeropuerto de Faro: opciones de transporte<\/a><\/li><li><a href=\"#restaurants\">Los mejores restaurantes de Faro<\/a><\/li><li><a href=\"#activities\">Qu\u00e9 hacer en Faro: las mejores actividades<\/a><\/li><li><a href=\"#campervan\">Por qu\u00e9 Faro es el punto de partida perfecto<\/a><\/li><\/ol>\t\t\t\t\t\t\t\t<\/div>\n\t\t\t\t<\/div>\n\t\t\t\t\t<\/div>\n\t\t<\/div>\n\t\t\t\t\t<\/div>\n\t\t<\/section>\n\t\t\t\t<section class=\"elementor-section elementor-top-section elementor-element elementor-element-5bf65ed7 elementor-section-stretched elementor-section-boxed elementor-section-height-default elementor-section-height-default\" data-id=\"5bf65ed7\" data-element_type=\"section\" data-e-type=\"section\" id=\"discover\" data-settings=\"{&quot;stretch_section&quot;:&quot;section-stretched&quot;,&quot;background_background&quot;:&quot;classic&quot;}\">\n\t\t\t\t\t\t<div class=\"elementor-container elementor-column-gap-default\">\n\t\t\t\t\t<div class=\"elementor-column elementor-col-100 elementor-top-column elementor-element elementor-element-6bd49279\" data-id=\"6bd49279\" data-element_type=\"column\" data-e-type=\"column\">\n\t\t\t<div class=\"elementor-widget-wrap elementor-element-populated\">\n\t\t\t\t\t\t<div class=\"elementor-element elementor-element-14ee1797 elementor-widget elementor-widget-heading\" data-id=\"14ee1797\" data-element_type=\"widget\" data-e-type=\"widget\" data-widget_type=\"heading.default\">\n\t\t\t\t<div class=\"elementor-widget-container\">\n\t\t\t\t\t<h2 class=\"elementor-heading-title elementor-size-default\">Faro: la puerta de entrada a tu aventura en el Algarve<\/h2>\t\t\t\t<\/div>\n\t\t\t\t<\/div>\n\t\t\t\t<div class=\"elementor-element elementor-element-77816862 elementor-widget__width-initial elementor-widget elementor-widget-text-editor\" data-id=\"77816862\" data-element_type=\"widget\" data-e-type=\"widget\" data-widget_type=\"text-editor.default\">\n\t\t\t\t<div class=\"elementor-widget-container\">\n\t\t\t\t\t\t\t\t\t<p data-pm-slice=\"1 1 []\">Enclavada en la regi\u00f3n m\u00e1s meridional de Portugal, Faro es algo m\u00e1s que la capital del Algarve. Es una ciudad vibrante y el punto de partida perfecto para tu viaje por carretera por Portugal. Tanto si viajas en Mini-Campervan como si la exploras a pie, hay mucho que ver. <em>\u00bfQu\u00e9 hacer en Faro?<\/em> \u00a1Vamos a ello!   <\/p>\t\t\t\t\t\t\t\t<\/div>\n\t\t\t\t<\/div>\n\t\t\t\t\t<\/div>\n\t\t<\/div>\n\t\t\t\t\t<\/div>\n\t\t<\/section>\n\t\t<div class=\"elementor-element elementor-element-d51b0e3 e-flex e-con-boxed e-con e-parent\" data-id=\"d51b0e3\" data-element_type=\"container\" data-e-type=\"container\">\n\t\t\t\t\t<div class=\"e-con-inner\">\n\t\t\t\t<div class=\"elementor-element elementor-element-ad3097e elementor-widget elementor-widget-image\" data-id=\"ad3097e\" data-element_type=\"widget\" data-e-type=\"widget\" data-widget_type=\"image.default\">\n\t\t\t\t<div class=\"elementor-widget-container\">\n\t\t\t\t\t\t\t\t\t\t\t\t\t\t\t<img fetchpriority=\"high\" decoding=\"async\" width=\"1536\" height=\"1024\" src=\"https:\/\/oceancamper.com\/wp-content\/uploads\/2020\/12\/AdobeStock_52247054-1-min-1536x1024.jpeg\" class=\"attachment-1536x1536 size-1536x1536 wp-image-183891\" alt=\"El Ayuntamiento de Faro, en el Algarve, un lugar emblem\u00e1tico que aparece en nuestra gu\u00eda \u00abQu\u00e9 hacer en Faro\u00bb.\" srcset=\"https:\/\/oceancamper.com\/wp-content\/uploads\/2020\/12\/AdobeStock_52247054-1-min-1536x1024.jpeg 1536w, https:\/\/oceancamper.com\/wp-content\/uploads\/2020\/12\/AdobeStock_52247054-1-min-300x200.jpeg 300w, https:\/\/oceancamper.com\/wp-content\/uploads\/2020\/12\/AdobeStock_52247054-1-min-1024x683.jpeg 1024w, https:\/\/oceancamper.com\/wp-content\/uploads\/2020\/12\/AdobeStock_52247054-1-min-768x512.jpeg 768w, https:\/\/oceancamper.com\/wp-content\/uploads\/2020\/12\/AdobeStock_52247054-1-min-2048x1365.jpeg 2048w, https:\/\/oceancamper.com\/wp-content\/uploads\/2020\/12\/AdobeStock_52247054-1-min-240x160.jpeg 240w\" sizes=\"(max-width: 1536px) 100vw, 1536px\" \/>\t\t\t\t\t\t\t\t\t\t\t\t\t\t\t<\/div>\n\t\t\t\t<\/div>\n\t\t\t\t\t<\/div>\n\t\t\t\t<\/div>\n\t\t\t\t<section class=\"elementor-section elementor-top-section elementor-element elementor-element-9dd7084 elementor-section-stretched elementor-section-boxed elementor-section-height-default elementor-section-height-default\" data-id=\"9dd7084\" data-element_type=\"section\" data-e-type=\"section\" id=\"history\" data-settings=\"{&quot;stretch_section&quot;:&quot;section-stretched&quot;,&quot;background_background&quot;:&quot;classic&quot;}\">\n\t\t\t\t\t\t<div class=\"elementor-container elementor-column-gap-default\">\n\t\t\t\t\t<div class=\"elementor-column elementor-col-100 elementor-top-column elementor-element elementor-element-6ec6969d\" data-id=\"6ec6969d\" data-element_type=\"column\" data-e-type=\"column\">\n\t\t\t<div class=\"elementor-widget-wrap elementor-element-populated\">\n\t\t\t\t\t\t<div class=\"elementor-element elementor-element-1a195d0e elementor-widget elementor-widget-heading\" data-id=\"1a195d0e\" data-element_type=\"widget\" data-e-type=\"widget\" data-widget_type=\"heading.default\">\n\t\t\t\t<div class=\"elementor-widget-container\">\n\t\t\t\t\t<h2 class=\"elementor-heading-title elementor-size-default\">Una mezcla de historia y encanto<\/h2>\t\t\t\t<\/div>\n\t\t\t\t<\/div>\n\t\t\t\t<div class=\"elementor-element elementor-element-6c757fa0 elementor-widget elementor-widget-text-editor\" data-id=\"6c757fa0\" data-element_type=\"widget\" data-e-type=\"widget\" data-widget_type=\"text-editor.default\">\n\t\t\t\t<div class=\"elementor-widget-container\">\n\t\t\t\t\t\t\t\t\t<p>Faro es una ciudad llena de historia y cultura. Su encantador casco antiguo, conocido como Cidade Velha, est\u00e1 rodeado por antiguas murallas. Las calles empedradas te transportan al pasado. Empieza por el Arco da Vila, una impresionante puerta de entrada al barrio hist\u00f3rico. A continuaci\u00f3n, dir\u00edgete a la catedral de S\u00e9. Sube hasta lo alto para disfrutar de unas vistas impresionantes de la ciudad y del Parque Natural de la R\u00eda Formosa. \u00bfTe preguntas qu\u00e9 m\u00e1s hacer en Faro? \u00a1Sigue leyendo!       <\/p>\t\t\t\t\t\t\t\t<\/div>\n\t\t\t\t<\/div>\n\t\t\t\t\t<\/div>\n\t\t<\/div>\n\t\t\t\t\t<\/div>\n\t\t<\/section>\n\t\t\t\t<section class=\"elementor-section elementor-top-section elementor-element elementor-element-475d6 elementor-section-stretched elementor-section-boxed elementor-section-height-default elementor-section-height-default\" data-id=\"475d6\" data-element_type=\"section\" data-e-type=\"section\" id=\"nature\" data-settings=\"{&quot;stretch_section&quot;:&quot;section-stretched&quot;,&quot;background_background&quot;:&quot;classic&quot;}\">\n\t\t\t\t\t\t<div class=\"elementor-container elementor-column-gap-default\">\n\t\t\t\t\t<div class=\"elementor-column elementor-col-100 elementor-top-column elementor-element elementor-element-34f7a336\" data-id=\"34f7a336\" data-element_type=\"column\" data-e-type=\"column\">\n\t\t\t<div class=\"elementor-widget-wrap elementor-element-populated\">\n\t\t\t\t\t\t<div class=\"elementor-element elementor-element-4daed2c8 elementor-widget elementor-widget-heading\" data-id=\"4daed2c8\" data-element_type=\"widget\" data-e-type=\"widget\" data-widget_type=\"heading.default\">\n\t\t\t\t<div class=\"elementor-widget-container\">\n\t\t\t\t\t<h2 class=\"elementor-heading-title elementor-size-default\">La naturaleza a tu alcance<\/h2>\t\t\t\t<\/div>\n\t\t\t\t<\/div>\n\t\t\t\t<div class=\"elementor-element elementor-element-2e4d1d20 elementor-widget elementor-widget-text-editor\" data-id=\"2e4d1d20\" data-element_type=\"widget\" data-e-type=\"widget\" data-widget_type=\"text-editor.default\">\n\t\t\t\t<div class=\"elementor-widget-container\">\n\t\t\t\t\t\t\t\t\t<p>El Parque Natural de Ria Formosa est\u00e1 a s\u00f3lo unos minutos de Faro. Este impresionante ecosistema de lagunas, humedales e islas es un para\u00edso para los amantes de la naturaleza. Haz una excursi\u00f3n en barco, alquila un kayak o camina por senderos panor\u00e1micos. \u00bfBuscas cosas que hacer en Faro? \u00a1Esta escapada a la naturaleza es imprescindible!    <\/p>\t\t\t\t\t\t\t\t<\/div>\n\t\t\t\t<\/div>\n\t\t\t\t\t<\/div>\n\t\t<\/div>\n\t\t\t\t\t<\/div>\n\t\t<\/section>\n\t\t\t\t<section class=\"elementor-section elementor-top-section elementor-element elementor-element-9343908 elementor-section-stretched elementor-section-boxed elementor-section-height-default elementor-section-height-default\" data-id=\"9343908\" data-element_type=\"section\" data-e-type=\"section\" id=\"beaches\" data-settings=\"{&quot;stretch_section&quot;:&quot;section-stretched&quot;,&quot;background_background&quot;:&quot;classic&quot;}\">\n\t\t\t\t\t\t<div class=\"elementor-container elementor-column-gap-default\">\n\t\t\t\t\t<div class=\"elementor-column elementor-col-100 elementor-top-column elementor-element elementor-element-8fa20dd\" data-id=\"8fa20dd\" data-element_type=\"column\" data-e-type=\"column\">\n\t\t\t<div class=\"elementor-widget-wrap elementor-element-populated\">\n\t\t\t\t\t\t<div class=\"elementor-element elementor-element-2feb3c6 elementor-widget elementor-widget-heading\" data-id=\"2feb3c6\" data-element_type=\"widget\" data-e-type=\"widget\" data-widget_type=\"heading.default\">\n\t\t\t\t<div class=\"elementor-widget-container\">\n\t\t\t\t\t<h2 class=\"elementor-heading-title elementor-size-default\">Playas, islas y sol sin fin<\/h2>\t\t\t\t<\/div>\n\t\t\t\t<\/div>\n\t\t\t\t<div class=\"elementor-element elementor-element-ccacb6d elementor-widget elementor-widget-text-editor\" data-id=\"ccacb6d\" data-element_type=\"widget\" data-e-type=\"widget\" data-widget_type=\"text-editor.default\">\n\t\t\t\t<div class=\"elementor-widget-container\">\n\t\t\t\t\t\t\t\t\t<p data-pm-slice=\"1 1 []\">Faro es la puerta de entrada a playas impresionantes. Coge un ferry a Ilha de Faro para tomar el sol y practicar deportes acu\u00e1ticos. \u00bfPrefieres un lugar apartado? Dir\u00edgete a Ilha Deserta o Ilha da Culatra para disfrutar de una belleza natural intacta. Si buscas los mejores lugares que visitar en Faro, \u00a1estas son las mejores opciones!    <\/p>\t\t\t\t\t\t\t\t<\/div>\n\t\t\t\t<\/div>\n\t\t\t\t\t<\/div>\n\t\t<\/div>\n\t\t\t\t\t<\/div>\n\t\t<\/section>\n\t\t\t\t<section class=\"elementor-section elementor-top-section elementor-element elementor-element-71bfa2a elementor-section-stretched elementor-section-boxed elementor-section-height-default elementor-section-height-default\" data-id=\"71bfa2a\" data-element_type=\"section\" data-e-type=\"section\" id=\"airport\" data-settings=\"{&quot;stretch_section&quot;:&quot;section-stretched&quot;,&quot;background_background&quot;:&quot;classic&quot;}\">\n\t\t\t\t\t\t<div class=\"elementor-container elementor-column-gap-default\">\n\t\t\t\t\t<div class=\"elementor-column elementor-col-100 elementor-top-column elementor-element elementor-element-7b2ff7c\" data-id=\"7b2ff7c\" data-element_type=\"column\" data-e-type=\"column\">\n\t\t\t<div class=\"elementor-widget-wrap elementor-element-populated\">\n\t\t\t\t\t\t<div class=\"elementor-element elementor-element-89937f0 elementor-widget elementor-widget-heading\" data-id=\"89937f0\" data-element_type=\"widget\" data-e-type=\"widget\" data-widget_type=\"heading.default\">\n\t\t\t\t<div class=\"elementor-widget-container\">\n\t\t\t\t\t<h2 class=\"elementor-heading-title elementor-size-default\">Tu salida del aeropuerto<\/h2>\t\t\t\t<\/div>\n\t\t\t\t<\/div>\n\t\t\t\t<div class=\"elementor-element elementor-element-78f5991 elementor-widget elementor-widget-text-editor\" data-id=\"78f5991\" data-element_type=\"widget\" data-e-type=\"widget\" data-widget_type=\"text-editor.default\">\n\t\t\t\t<div class=\"elementor-widget-container\">\n\t\t\t\t\t\t\t\t\t<p data-pm-slice=\"1 1 []\">El aeropuerto de Faro est\u00e1 a solo 3 km de la playa de Faro y a 6 km del centro de la ciudad. Si acabas de llegar y te preguntas <em>qu\u00e9 hacer en Faro,<\/em> aqu\u00ed tienes por d\u00f3nde empezar. <\/p>\t\t\t\t\t\t\t\t<\/div>\n\t\t\t\t<\/div>\n\t\t\t\t\t<\/div>\n\t\t<\/div>\n\t\t\t\t\t<\/div>\n\t\t<\/section>\n\t\t\t\t<section class=\"elementor-section elementor-top-section elementor-element elementor-element-c6f448f elementor-section-stretched elementor-section-boxed elementor-section-height-default elementor-section-height-default\" data-id=\"c6f448f\" data-element_type=\"section\" data-e-type=\"section\" id=\"transport\" data-settings=\"{&quot;stretch_section&quot;:&quot;section-stretched&quot;,&quot;background_background&quot;:&quot;classic&quot;}\">\n\t\t\t\t\t\t<div class=\"elementor-container elementor-column-gap-default\">\n\t\t\t\t\t<div class=\"elementor-column elementor-col-100 elementor-top-column elementor-element elementor-element-b9e58f4\" data-id=\"b9e58f4\" data-element_type=\"column\" data-e-type=\"column\">\n\t\t\t<div class=\"elementor-widget-wrap elementor-element-populated\">\n\t\t\t\t\t\t<div class=\"elementor-element elementor-element-f6652d1 elementor-widget elementor-widget-heading\" data-id=\"f6652d1\" data-element_type=\"widget\" data-e-type=\"widget\" data-widget_type=\"heading.default\">\n\t\t\t\t<div class=\"elementor-widget-container\">\n\t\t\t\t\t<h2 class=\"elementor-heading-title elementor-size-default\">Salir del Aeropuerto de Faro: Opciones de transporte<\/h2>\t\t\t\t<\/div>\n\t\t\t\t<\/div>\n\t\t\t\t<div class=\"elementor-element elementor-element-306722f elementor-widget elementor-widget-text-editor\" data-id=\"306722f\" data-element_type=\"widget\" data-e-type=\"widget\" data-widget_type=\"text-editor.default\">\n\t\t\t\t<div class=\"elementor-widget-container\">\n\t\t\t\t\t\t\t\t\t<ul data-spread=\"false\" data-pm-slice=\"3 3 []\"><li><p><strong style=\"background-color: transparent; color: var( --e-global-color-text );\">Opci\u00f3n A:<\/strong><span style=\"background-color: transparent; color: var( --e-global-color-text );\">  Coge un autob\u00fas al centro de Faro o a la playa de Faro. Ver la   <\/span><a href=\"https:\/\/www.proximo.pt\/\" target=\"_blank\" rel=\"noopener\">horario de autobuses aqu\u00ed<\/a><span style=\"background-color: transparent; color: var( --e-global-color-text );\">.<\/span><\/p><\/li><li><p><strong>Opci\u00f3n B:<\/strong> Coge un taxi en la parada de taxis designada<a href=\"https:\/\/maps.app.goo.gl\/s1Vot9RToZArHXB6A\" target=\"_blank\" rel=\"noopener\">(mapa aqu\u00ed<\/a>).<\/p><\/li><li><p><strong>Opci\u00f3n C:<\/strong> Utiliza servicios de transporte como Uber o Bolt (zonas de espera <a href=\"https:\/\/maps.app.goo.gl\/rzwnH9fA5xsHmS8T6\" target=\"_blank\" rel=\"noopener\">aqu\u00ed<\/a>).<\/p><\/li><\/ul>\t\t\t\t\t\t\t\t<\/div>\n\t\t\t\t<\/div>\n\t\t\t\t\t<\/div>\n\t\t<\/div>\n\t\t\t\t\t<\/div>\n\t\t<\/section>\n\t\t\t\t<section class=\"elementor-section elementor-top-section elementor-element elementor-element-05385c0 elementor-section-stretched elementor-section-boxed elementor-section-height-default elementor-section-height-default\" data-id=\"05385c0\" data-element_type=\"section\" data-e-type=\"section\" id=\"restaurants\" data-settings=\"{&quot;stretch_section&quot;:&quot;section-stretched&quot;,&quot;background_background&quot;:&quot;classic&quot;}\">\n\t\t\t\t\t\t<div class=\"elementor-container elementor-column-gap-default\">\n\t\t\t\t\t<div class=\"elementor-column elementor-col-100 elementor-top-column elementor-element elementor-element-e90c8e1\" data-id=\"e90c8e1\" data-element_type=\"column\" data-e-type=\"column\">\n\t\t\t<div class=\"elementor-widget-wrap elementor-element-populated\">\n\t\t\t\t\t\t<div class=\"elementor-element elementor-element-6c0e4d0 elementor-widget elementor-widget-heading\" data-id=\"6c0e4d0\" data-element_type=\"widget\" data-e-type=\"widget\" data-widget_type=\"heading.default\">\n\t\t\t\t<div class=\"elementor-widget-container\">\n\t\t\t\t\t<h2 class=\"elementor-heading-title elementor-size-default\">Los mejores restaurantes de Faro: d\u00f3nde comer<\/h2>\t\t\t\t<\/div>\n\t\t\t\t<\/div>\n\t\t\t\t<div class=\"elementor-element elementor-element-b382706 elementor-widget elementor-widget-text-editor\" data-id=\"b382706\" data-element_type=\"widget\" data-e-type=\"widget\" data-widget_type=\"text-editor.default\">\n\t\t\t\t<div class=\"elementor-widget-container\">\n\t\t\t\t\t\t\t\t\t<ul><li>\u00bfTienes hambre despu\u00e9s del vuelo? Prueba estos magn\u00edficos lugares antes de explorar <em>qu\u00e9 hacer en Faro<\/em>: <\/li><\/ul><h3><b>Restaurantes a poca distancia del aeropuerto de Faro<\/b><\/h3><ul data-spread=\"false\"><li><p><strong>A Tapita<\/strong>: tapas portuguesas y platos del d\u00eda, a 1,2 km del aeropuerto. Mira <a href=\"https:\/\/goo.gl\/maps\/iGcznBdr5avgdr8q7\" target=\"_blank\" rel=\"noopener\">el mapa aqu\u00ed<\/a>.<\/p><\/li><li><p><strong style=\"background-color: transparent; color: var( --e-global-color-text );\">Os Manos<\/strong><span style=\"background-color: transparent; color: var( --e-global-color-text );\">: Pescado fresco a la plancha, precios medios, a 1,2 km. <\/span><a href=\"https:\/\/goo.gl\/maps\/cLjcrjXPuVogiKMC7\" target=\"_blank\" rel=\"noopener\">Mapa aqu\u00ed<\/a><span style=\"background-color: transparent; color: var( --e-global-color-text );\">.<\/span><\/p><\/li><li><p><strong>Sr. Frango <\/strong>: un pollo a la parrilla riqu\u00edsimo a precios asequibles, a 1,9 km. Mira <a href=\"https:\/\/goo.gl\/maps\/eR4Fhd5nWT6ppX7Z7\" target=\"_blank\" rel=\"noopener\">el mapa aqu\u00ed<\/a>.<\/p><\/li><\/ul><p><span style=\"color: inherit; font-size: 1.75rem; background-color: transparent;\"><b>Restaurantes cerca de las estaciones de autob\u00fas y tren<\/b><\/span><\/p><p><span style=\"background-color: transparent; color: var( --e-global-color-text );\">\u00bfLlegas en autob\u00fas o en tren? P\u00e1rate a comer algo antes de irte   <\/span><em style=\"background-color: transparent; color: var( --e-global-color-text );\">qu\u00e9 hacer en Faro<\/em><span style=\"background-color: transparent; color: var( --e-global-color-text );\">:<\/span><\/p><ul data-spread=\"false\"><li><p><span style=\"background-color: transparent; color: var( --e-global-color-text ); font-weight: bolder;\">O Chalavar<\/span><span style=\"background-color: transparent; color: var( --e-global-color-text );\">: pescado a la parrilla, marisco y carne; comida tradicional y a buen precio. <\/span><a href=\"https:\/\/goo.gl\/maps\/pxFsM4VQhcxQzr7p9\" target=\"_blank\" rel=\"noopener\">Mapa aqu\u00ed<\/a><span style=\"background-color: transparent; color: var( --e-global-color-text );\">.<\/span><\/p><\/li><li><p><span style=\"background-color: transparent; color: var( --e-global-color-text ); font-weight: bolder;\">A Tasca do Jo\u00e3o<\/span><span style=\"background-color: transparent; color: var( --e-global-color-text );\">: Tapas portuguesas de primera a precios razonables. <\/span><a href=\"https:\/\/goo.gl\/maps\/RyUbDHq25F1imbqC9\" target=\"_blank\" rel=\"noopener\">Mapa aqu\u00ed<\/a><span style=\"background-color: transparent; color: var( --e-global-color-text );\">.<\/span><\/p><\/li><li><p><span style=\"background-color: transparent; color: var( --e-global-color-text );\"><strong>O Castelo<\/strong>: una cocina portuguesa incre\u00edble con m\u00fasica en directo.<\/span><a href=\"https:\/\/maps.app.goo.gl\/2wWER8yKTH6mZJ328\" target=\"_blank\" rel=\"noopener\">Mapa aqu\u00ed.<\/a><\/p><\/li><li><p><span style=\"background-color: transparent; color: var( --e-global-color-text ); font-weight: bolder;\">A Venda<\/span><span style=\"background-color: transparent; color: var( --e-global-color-text );\">: una experiencia \u00fanica de tapas portuguesas. <\/span><a href=\"https:\/\/maps.app.goo.gl\/vBZeVjrTvL9vQbws5\" target=\"_blank\" rel=\"noopener\">Mapa aqu\u00ed<\/a><span style=\"background-color: transparent; color: var( --e-global-color-text );\">.<\/span><\/p><\/li><li><p><span style=\"background-color: transparent; color: var( --e-global-color-text ); font-weight: bolder;\">O Cruzeiro<\/span><span style=\"background-color: transparent; color: var( --e-global-color-text );\">: Platos tradicionales de pescado y carne (solo para cenar). <\/span><a href=\"https:\/\/goo.gl\/maps\/KaPN8RbZ6Np8ANoCA\" target=\"_blank\" rel=\"noopener\">Mapa aqu\u00ed<\/a><span style=\"background-color: transparent; color: var( --e-global-color-text );\">.<\/span><\/p><\/li><\/ul><p><span style=\"color: inherit; font-size: 1.75rem; background-color: transparent;\"><span style=\"font-weight: bold;\">Restaurantes en la Playa de Faro (Praia do Faro)<\/span><\/span><\/p><ul data-spread=\"false\"><li><p><span style=\"background-color: transparent; color: var( --e-global-color-text ); font-weight: bolder;\">Elementos<\/span><span style=\"background-color: transparent; color: var( --e-global-color-text );\">: Tapas y comida portuguesa con vistas al r\u00edo. <\/span><a href=\"https:\/\/maps.app.goo.gl\/LucNoK3d1tUgCaFo8\" target=\"_blank\" rel=\"noopener\">Mapa aqu\u00ed<\/a><span style=\"background-color: transparent; color: var( --e-global-color-text );\">.<\/span><\/p><\/li><li><p><span style=\"background-color: transparent; color: var( --e-global-color-text ); font-weight: bolder;\">O Rui<\/span><span style=\"background-color: transparent; color: var( --e-global-color-text );\">: Un restaurante tradicional de pescado de gran calidad. <\/span><a href=\"https:\/\/maps.app.goo.gl\/eH4KrzQiJhf1vBrV9\" target=\"_blank\" rel=\"noopener\">Mapa aqu\u00ed<\/a><span style=\"background-color: transparent; color: var( --e-global-color-text );\">.<\/span><\/p><\/li><li><p><span style=\"background-color: transparent; color: var( --e-global-color-text ); font-weight: bolder;\">Hotel Aeromar<\/span><span style=\"background-color: transparent; color: var( --e-global-color-text );\">: el mejor sitio para desayunar a un precio razonable. <\/span><a href=\"https:\/\/maps.app.goo.gl\/8o45g18a3KyFkUvh7\" target=\"_blank\" rel=\"noopener\">Mapa aqu\u00ed<\/a><span style=\"background-color: transparent; color: var( --e-global-color-text );\">.<\/span><\/p><\/li><li><span style=\"background-color: transparent; color: var( --e-global-color-text ); font-weight: bolder;\">WAX<\/span><span style=\"background-color: transparent; color: var( --e-global-color-text );\">:Un buen sitio para picar algo o tomarte una copa al atardecer. <\/span><a href=\"https:\/\/maps.app.goo.gl\/bRLYU3nXpgC3jU7D7\" target=\"_blank\" rel=\"noopener\">Mapa aqu\u00ed<\/a><span style=\"background-color: transparent; color: var( --e-global-color-text );\">.<\/span><\/li><\/ul>\t\t\t\t\t\t\t\t<\/div>\n\t\t\t\t<\/div>\n\t\t\t\t\t<\/div>\n\t\t<\/div>\n\t\t\t\t\t<\/div>\n\t\t<\/section>\n\t\t\t\t<section class=\"elementor-section elementor-top-section elementor-element elementor-element-239a752 elementor-section-stretched elementor-section-boxed elementor-section-height-default elementor-section-height-default\" data-id=\"239a752\" data-element_type=\"section\" data-e-type=\"section\" id=\"activities\" data-settings=\"{&quot;stretch_section&quot;:&quot;section-stretched&quot;,&quot;background_background&quot;:&quot;classic&quot;}\">\n\t\t\t\t\t\t<div class=\"elementor-container elementor-column-gap-default\">\n\t\t\t\t\t<div class=\"elementor-column elementor-col-100 elementor-top-column elementor-element elementor-element-78df90b\" data-id=\"78df90b\" data-element_type=\"column\" data-e-type=\"column\">\n\t\t\t<div class=\"elementor-widget-wrap elementor-element-populated\">\n\t\t\t\t\t\t<div class=\"elementor-element elementor-element-6197d87 elementor-widget elementor-widget-heading\" data-id=\"6197d87\" data-element_type=\"widget\" data-e-type=\"widget\" data-widget_type=\"heading.default\">\n\t\t\t\t<div class=\"elementor-widget-container\">\n\t\t\t\t\t<h2 class=\"elementor-heading-title elementor-size-default\">Qu\u00e9 hacer en Faro: las mejores actividades<\/h2>\t\t\t\t<\/div>\n\t\t\t\t<\/div>\n\t\t\t\t<div class=\"elementor-element elementor-element-957b211 elementor-widget elementor-widget-text-editor\" data-id=\"957b211\" data-element_type=\"widget\" data-e-type=\"widget\" data-widget_type=\"text-editor.default\">\n\t\t\t\t<div class=\"elementor-widget-container\">\n\t\t\t\t\t\t\t\t\t<p data-pm-slice=\"1 3 []\">Ahora que ya est\u00e1s instalado, exploremos qu\u00e9 cosas hacer en Faro. Echa un vistazo a estas actividades imprescindibles: <\/p><p><strong>Explora la naturaleza y la vida salvaje<\/strong><\/p><ul><li>Excursi\u00f3n en barco para observar aves: descubre especies de aves incre\u00edbles en la R\u00eda Formosa.<\/li><li>Excursi\u00f3n en barco por la R\u00eda Formosa: disfruta de esta impresionante laguna y de su belleza natural.<\/li><\/ul><p><strong>Aventuras en la isla<\/strong><\/p><ul><li>Visita las islas cercanas a Faro:<a href=\"https:\/\/www.ilhadeserta.com\/en\" target=\"_blank\" rel=\"noopener\">descubre Ilha Deserta<\/a>, Ilha do Farol y Culatra.<\/li><li>Coge un barco a Ilha Deserta: empieza tu viaje desde <a href=\"https:\/\/maps.app.goo.gl\/c7Q5Mcv6AEYTAgRJA\" target=\"_blank\" rel=\"noopener\">aqu\u00ed<\/a>.<\/li><\/ul><p><strong>Experiencias en la ciudad<\/strong><\/p><ul><li>Tren tur\u00edstico urbano: una forma divertida y sencilla de conocer lo m\u00e1s destacado de Faro.<\/li><li>Mercado local de pescado y fruta, abierto todos los d\u00edas de 7:00 a 13:00. Lo encontrar\u00e1s <a href=\"https:\/\/goo.gl\/maps\/k21q9Bv9LbRnXknR7\" target=\"_blank\" rel=\"noopener\">aqu\u00ed<\/a>. <\/li><\/ul>\t\t\t\t\t\t\t\t<\/div>\n\t\t\t\t<\/div>\n\t\t\t\t\t<\/div>\n\t\t<\/div>\n\t\t\t\t\t<\/div>\n\t\t<\/section>\n\t\t\t\t<section class=\"elementor-section elementor-top-section elementor-element elementor-element-021c4b5 elementor-section-stretched elementor-section-boxed elementor-section-height-default elementor-section-height-default\" data-id=\"021c4b5\" data-element_type=\"section\" data-e-type=\"section\" id=\"campervan\" data-settings=\"{&quot;stretch_section&quot;:&quot;section-stretched&quot;,&quot;background_background&quot;:&quot;classic&quot;}\">\n\t\t\t\t\t\t<div class=\"elementor-container elementor-column-gap-default\">\n\t\t\t\t\t<div class=\"elementor-column elementor-col-100 elementor-top-column elementor-element elementor-element-6c6472a\" data-id=\"6c6472a\" data-element_type=\"column\" data-e-type=\"column\">\n\t\t\t<div class=\"elementor-widget-wrap elementor-element-populated\">\n\t\t\t\t\t\t<div class=\"elementor-element elementor-element-8d022dc elementor-widget elementor-widget-heading\" data-id=\"8d022dc\" data-element_type=\"widget\" data-e-type=\"widget\" data-widget_type=\"heading.default\">\n\t\t\t\t<div class=\"elementor-widget-container\">\n\t\t\t\t\t<h2 class=\"elementor-heading-title elementor-size-default\">Por qu\u00e9 Faro es el punto de partida perfecto para tu aventura en Autocaravana<\/h2>\t\t\t\t<\/div>\n\t\t\t\t<\/div>\n\t\t\t\t<div class=\"elementor-element elementor-element-b1000ea elementor-widget elementor-widget-text-editor\" data-id=\"b1000ea\" data-element_type=\"widget\" data-e-type=\"widget\" data-widget_type=\"text-editor.default\">\n\t\t\t\t<div class=\"elementor-widget-container\">\n\t\t\t\t\t\t\t\t\t<p>La c\u00e9ntrica ubicaci\u00f3n de Faro la convierte en el punto de partida ideal para un viaje inolvidable en autocaravana por el Algarve. Con sus carreteras bien comunicadas, sus impresionantes rutas costeras y el f\u00e1cil acceso tanto a rincones rec\u00f3nditos como a lugares de moda, podr\u00e1s explorar a tu propio ritmo. Nuestra <a href=\"https:\/\/oceancamper.com\/es\/alquiler-de-campervan\/ocean-camper-maxima-valoracion-en-trustpilot\/\">oficina de alquiler de camper en Faro<\/a> est\u00e1 a 2 km del aeropuerto y te da la libertad de despertarte junto a la playa, perseguir la puesta de sol por acantilados pintorescos o descubrir encantadores pueblos del interior. Desde aqu\u00ed, puedes hacer viajes por carretera impresionantes a Albufeira, Tavira o Lagos, cada una con su propio car\u00e1cter y belleza. Tanto si te apetece aventura, relajaci\u00f3n o sumergirte en la cultura, Faro es el lugar perfecto para empezar tu viaje sobre cuatro ruedas.    <\/p>\t\t\t\t\t\t\t\t<\/div>\n\t\t\t\t<\/div>\n\t\t\t\t\t<\/div>\n\t\t<\/div>\n\t\t\t\t\t<\/div>\n\t\t<\/section>\n\t\t\t\t<section class=\"elementor-section elementor-top-section elementor-element elementor-element-7cdc99ca elementor-section-stretched elementor-section-boxed elementor-section-height-default elementor-section-height-default\" data-id=\"7cdc99ca\" data-element_type=\"section\" data-e-type=\"section\" data-settings=\"{&quot;stretch_section&quot;:&quot;section-stretched&quot;,&quot;background_background&quot;:&quot;classic&quot;}\">\n\t\t\t\t\t\t<div class=\"elementor-container elementor-column-gap-default\">\n\t\t\t\t\t<div class=\"elementor-column elementor-col-100 elementor-top-column elementor-element elementor-element-3d69cc99\" data-id=\"3d69cc99\" data-element_type=\"column\" data-e-type=\"column\">\n\t\t\t<div class=\"elementor-widget-wrap elementor-element-populated\">\n\t\t\t\t\t\t<section class=\"elementor-section elementor-inner-section elementor-element elementor-element-7c80d32b elementor-section-boxed elementor-section-height-default elementor-section-height-default\" data-id=\"7c80d32b\" data-element_type=\"section\" data-e-type=\"section\">\n\t\t\t\t\t\t<div class=\"elementor-container elementor-column-gap-default\">\n\t\t\t\t\t<div class=\"elementor-column elementor-col-100 elementor-inner-column elementor-element elementor-element-7faca857\" data-id=\"7faca857\" data-element_type=\"column\" data-e-type=\"column\">\n\t\t\t<div class=\"elementor-widget-wrap elementor-element-populated\">\n\t\t\t\t\t\t<div class=\"elementor-element elementor-element-22d7963 elementor-widget elementor-widget-heading\" data-id=\"22d7963\" data-element_type=\"widget\" data-e-type=\"widget\" data-widget_type=\"heading.default\">\n\t\t\t\t<div class=\"elementor-widget-container\">\n\t\t\t\t\t<h3 class=\"elementor-heading-title elementor-size-default\">Consulta nuestras otras publicaciones:<\/h3>\t\t\t\t<\/div>\n\t\t\t\t<\/div>\n\t\t\t\t<div class=\"elementor-element elementor-element-1d0414e6 elementor-grid-tablet-3 elementor-grid-3 elementor-grid-mobile-1 elementor-posts--thumbnail-top elementor-posts__hover-gradient elementor-widget elementor-widget-posts\" data-id=\"1d0414e6\" data-element_type=\"widget\" data-e-type=\"widget\" data-settings=\"{&quot;cards_row_gap&quot;:{&quot;unit&quot;:&quot;px&quot;,&quot;size&quot;:20,&quot;sizes&quot;:[]},&quot;cards_row_gap_mobile&quot;:{&quot;unit&quot;:&quot;px&quot;,&quot;size&quot;:10,&quot;sizes&quot;:[]},&quot;cards_columns_tablet&quot;:&quot;3&quot;,&quot;cards_row_gap_tablet&quot;:{&quot;unit&quot;:&quot;px&quot;,&quot;size&quot;:5,&quot;sizes&quot;:[]},&quot;cards_columns&quot;:&quot;3&quot;,&quot;cards_columns_mobile&quot;:&quot;1&quot;}\" data-widget_type=\"posts.cards\">\n\t\t\t\t<div class=\"elementor-widget-container\">\n\t\t\t\t\t\t\t<div class=\"elementor-posts-container elementor-posts elementor-posts--skin-cards elementor-grid\" role=\"list\">\n\t\t\t\t<article class=\"elementor-post elementor-grid-item post-82414 post type-post status-publish format-standard has-post-thumbnail hentry category-sin-categorizar\" role=\"listitem\">\n\t\t\t<div class=\"elementor-post__card\">\n\t\t\t\t<a class=\"elementor-post__thumbnail__link\" href=\"https:\/\/oceancamper.com\/es\/cosas-que-hacer-en-faro\/\" tabindex=\"-1\" ><div class=\"elementor-post__thumbnail\"><img decoding=\"async\" width=\"300\" height=\"225\" src=\"https:\/\/oceancamper.com\/wp-content\/uploads\/2020\/12\/AdobeStock_307404734-1-min-300x225.jpeg\" class=\"attachment-medium size-medium wp-image-183903\" alt=\"Vista a\u00e9rea de Faro, en el Algarve: tejados de tejas rojas, el casco antiguo y la laguna de Ria Formosa bajo un cielo despejado.\" srcset=\"https:\/\/oceancamper.com\/wp-content\/uploads\/2020\/12\/AdobeStock_307404734-1-min-300x225.jpeg 300w, https:\/\/oceancamper.com\/wp-content\/uploads\/2020\/12\/AdobeStock_307404734-1-min-1024x767.jpeg 1024w, https:\/\/oceancamper.com\/wp-content\/uploads\/2020\/12\/AdobeStock_307404734-1-min-768x576.jpeg 768w, https:\/\/oceancamper.com\/wp-content\/uploads\/2020\/12\/AdobeStock_307404734-1-min-1536x1151.jpeg 1536w, https:\/\/oceancamper.com\/wp-content\/uploads\/2020\/12\/AdobeStock_307404734-1-min-2048x1535.jpeg 2048w, https:\/\/oceancamper.com\/wp-content\/uploads\/2020\/12\/AdobeStock_307404734-1-min-240x180.jpeg 240w\" sizes=\"(max-width: 300px) 100vw, 300px\" \/><\/div><\/a>\n\t\t\t\t<div class=\"elementor-post__text\">\n\t\t\t\t<h2 class=\"elementor-post__title\">\n\t\t\t<a href=\"https:\/\/oceancamper.com\/es\/cosas-que-hacer-en-faro\/\" >\n\t\t\t\tQu\u00e9 hacer en Faro?\t\t\t<\/a>\n\t\t<\/h2>\n\t\t\t\t<div class=\"elementor-post__excerpt\">\n\t\t\t<p>C\u00f3mo ir desde el aeropuerto al centro de Faro o a Praia de Faro? Horario de autobuses. Mejores restaurantes en Faro.  <\/p>\n\t\t<\/div>\n\t\t\n\t\t<a class=\"elementor-post__read-more\" href=\"https:\/\/oceancamper.com\/es\/cosas-que-hacer-en-faro\/\" aria-label=\"M\u00e1s informaci\u00f3n sobre Qu\u00e9 hacer en Faro?\" tabindex=\"-1\" >\n\t\t\tLeer m\u00e1s \u00bb\t\t<\/a>\n\n\t\t\t\t<\/div>\n\t\t\t\t\t<\/div>\n\t\t<\/article>\n\t\t\t\t<article class=\"elementor-post elementor-grid-item post-82521 post type-post status-publish format-standard has-post-thumbnail hentry category-sin-categorizar tag-campingtips-es tag-suptips-es tag-surfingtips-es\" role=\"listitem\">\n\t\t\t<div class=\"elementor-post__card\">\n\t\t\t\t<a class=\"elementor-post__thumbnail__link\" href=\"https:\/\/oceancamper.com\/es\/los-mejores-lugares-de-portugal\/\" tabindex=\"-1\" ><div class=\"elementor-post__thumbnail\"><img decoding=\"async\" width=\"300\" height=\"200\" src=\"https:\/\/oceancamper.com\/wp-content\/uploads\/2023\/07\/arrifess-300x200.jpg\" class=\"attachment-medium size-medium wp-image-83717\" alt=\"\" srcset=\"https:\/\/oceancamper.com\/wp-content\/uploads\/2023\/07\/arrifess-300x200.jpg 300w, https:\/\/oceancamper.com\/wp-content\/uploads\/2023\/07\/arrifess-768x512.jpg 768w, https:\/\/oceancamper.com\/wp-content\/uploads\/2023\/07\/arrifess-240x160.jpg 240w, https:\/\/oceancamper.com\/wp-content\/uploads\/2023\/07\/arrifess.jpg 960w\" sizes=\"(max-width: 300px) 100vw, 300px\" \/><\/div><\/a>\n\t\t\t\t<div class=\"elementor-post__text\">\n\t\t\t\t<h2 class=\"elementor-post__title\">\n\t\t\t<a href=\"https:\/\/oceancamper.com\/es\/los-mejores-lugares-de-portugal\/\" >\n\t\t\t\tMapa: Los mejores lugares de Portugal, tu gu\u00eda de viaje definitiva\t\t\t<\/a>\n\t\t<\/h2>\n\t\t\t\t<div class=\"elementor-post__excerpt\">\n\t\t\t<p>Un mapa con los mejores lugares para visitar en Portugal: Playas de surf, deportes de SUP y snorkel y campings.  <\/p>\n\t\t<\/div>\n\t\t\n\t\t<a class=\"elementor-post__read-more\" href=\"https:\/\/oceancamper.com\/es\/los-mejores-lugares-de-portugal\/\" aria-label=\"M\u00e1s informaci\u00f3n sobre Mapa: Los mejores lugares de Portugal, tu gu\u00eda de viaje definitiva\" tabindex=\"-1\" >\n\t\t\tLeer m\u00e1s \u00bb\t\t<\/a>\n\n\t\t\t\t<\/div>\n\t\t\t\t\t<\/div>\n\t\t<\/article>\n\t\t\t\t<article class=\"elementor-post elementor-grid-item post-82365 post type-post status-publish format-standard has-post-thumbnail hentry category-consejos-de-camping tag-consejosdecamping-campingapps-camping-es\" role=\"listitem\">\n\t\t\t<div class=\"elementor-post__card\">\n\t\t\t\t<a class=\"elementor-post__thumbnail__link\" href=\"https:\/\/oceancamper.com\/es\/top-10-apps-y-sitios-web-de-camping\/\" tabindex=\"-1\" ><div class=\"elementor-post__thumbnail\"><img loading=\"lazy\" decoding=\"async\" width=\"300\" height=\"200\" src=\"https:\/\/oceancamper.com\/wp-content\/uploads\/2023\/05\/campervan-view-portugal-nature-ocean-camper-300x200.jpg\" class=\"attachment-medium size-medium wp-image-210353\" alt=\"mejores apps camping Portugal. Relaj\u00e1ndote en el interior de una autocaravana con las puertas abiertas y vistas a las colinas rurales de Portugal durante un viaje de acampada por carretera.\" srcset=\"https:\/\/oceancamper.com\/wp-content\/uploads\/2023\/05\/campervan-view-portugal-nature-ocean-camper-300x200.jpg 300w, https:\/\/oceancamper.com\/wp-content\/uploads\/2023\/05\/campervan-view-portugal-nature-ocean-camper-1024x683.jpg 1024w, https:\/\/oceancamper.com\/wp-content\/uploads\/2023\/05\/campervan-view-portugal-nature-ocean-camper-768x512.jpg 768w, https:\/\/oceancamper.com\/wp-content\/uploads\/2023\/05\/campervan-view-portugal-nature-ocean-camper-1536x1024.jpg 1536w, https:\/\/oceancamper.com\/wp-content\/uploads\/2023\/05\/campervan-view-portugal-nature-ocean-camper-2048x1365.jpg 2048w, https:\/\/oceancamper.com\/wp-content\/uploads\/2023\/05\/campervan-view-portugal-nature-ocean-camper-240x160.jpg 240w\" sizes=\"(max-width: 300px) 100vw, 300px\" \/><\/div><\/a>\n\t\t\t\t<div class=\"elementor-post__text\">\n\t\t\t\t<h2 class=\"elementor-post__title\">\n\t\t\t<a href=\"https:\/\/oceancamper.com\/es\/top-10-apps-y-sitios-web-de-camping\/\" >\n\t\t\t\tLas mejores aplicaciones para acampar en Portugal y Europa (Gu\u00eda 2026)\t\t\t<\/a>\n\t\t<\/h2>\n\t\t\t\t<div class=\"elementor-post__excerpt\">\n\t\t\t<p>Las mejores herramientas m\u00f3viles que necesitar\u00e1s para acampar en Portugal. Acampar se trata de flexibilidad. Pero prep\u00e1rate para ser flexible.  <\/p>\n\t\t<\/div>\n\t\t\n\t\t<a class=\"elementor-post__read-more\" href=\"https:\/\/oceancamper.com\/es\/top-10-apps-y-sitios-web-de-camping\/\" aria-label=\"M\u00e1s informaci\u00f3n sobre Las mejores aplicaciones para acampar en Portugal y Europa (Gu\u00eda 2026)\" tabindex=\"-1\" >\n\t\t\tLeer m\u00e1s \u00bb\t\t<\/a>\n\n\t\t\t\t<\/div>\n\t\t\t\t\t<\/div>\n\t\t<\/article>\n\t\t\t\t<\/div>\n\t\t\n\t\t\t\t\t\t<\/div>\n\t\t\t\t<\/div>\n\t\t\t\t<div class=\"elementor-element elementor-element-180a3e0 elementor-align-left elementor-tablet-align-left elementor-mobile-align-left elementor-widget elementor-widget-button\" data-id=\"180a3e0\" data-element_type=\"widget\" data-e-type=\"widget\" data-widget_type=\"button.default\">\n\t\t\t\t<div class=\"elementor-widget-container\">\n\t\t\t\t\t\t\t\t\t<div class=\"elementor-button-wrapper\">\n\t\t\t\t\t<a class=\"elementor-button elementor-button-link elementor-size-sm elementor-animation-pop\" href=\"https:\/\/oceancamper.com\/es\/blog\/\">\n\t\t\t\t\t\t<span class=\"elementor-button-content-wrapper\">\n\t\t\t\t\t\t\t\t\t<span class=\"elementor-button-text\">De vuelta al blog<\/span>\n\t\t\t\t\t<\/span>\n\t\t\t\t\t<\/a>\n\t\t\t\t<\/div>\n\t\t\t\t\t\t\t\t<\/div>\n\t\t\t\t<\/div>\n\t\t\t\t\t<\/div>\n\t\t<\/div>\n\t\t\t\t\t<\/div>\n\t\t<\/section>\n\t\t\t\t\t<\/div>\n\t\t<\/div>\n\t\t\t\t\t<\/div>\n\t\t<\/section>\n\t\t\t\t<\/div>\n\t\t","protected":false},"excerpt":{"rendered":"<p>C\u00f3mo ir desde el aeropuerto al centro de Faro o a Praia de Faro? Horario de autobuses. Mejores restaurantes en Faro.  <\/p>\n","protected":false},"author":1,"featured_media":183903,"comment_status":"closed","ping_status":"open","sticky":false,"template":"elementor_header_footer","format":"standard","meta":{"om_disable_all_campaigns":false,"footnotes":""},"categories":[98],"tags":[],"class_list":["post-82414","post","type-post","status-publish","format-standard","has-post-thumbnail","hentry","category-sin-categorizar"],"aioseo_notices":[],"aioseo_head":"\n\t\t<!-- All in One SEO 4.9.10 - aioseo.com -->\n\t<meta name=\"description\" content=\"Descubre las mejores aplicaciones para acampar en Portugal y Europa: mapas en l\u00ednea, buscadores de campings, alertas de incendios forestales, previsiones de surf y webcams de playas. Viaja seguro y con inteligencia.\" \/>\n\t<meta name=\"robots\" content=\"max-image-preview:large\" \/>\n\t<meta name=\"author\" content=\"nomadcanguru\"\/>\n\t<link rel=\"canonical\" href=\"https:\/\/oceancamper.com\/es\/top-10-apps-y-sitios-web-de-camping\/\" \/>\n\t<meta name=\"generator\" content=\"All in One SEO (AIOSEO) 4.9.10\" \/>\n\t\t<meta property=\"og:locale\" content=\"es_ES\" \/>\n\t\t<meta property=\"og:site_name\" content=\"Ocean Camper - Campervan Rental in Faro, Portugal\" \/>\n\t\t<meta property=\"og:type\" content=\"article\" \/>\n\t\t<meta property=\"og:title\" content=\"Best Camping Apps Portugal &amp; Europe 2026 - Ocean Camper\" \/>\n\t\t<meta property=\"og:description\" content=\"Descubre las mejores aplicaciones para acampar en Portugal y Europa: mapas en l\u00ednea, buscadores de campings, alertas de incendios forestales, previsiones de surf y webcams de playas. Viaja seguro y con inteligencia.\" \/>\n\t\t<meta property=\"og:url\" content=\"https:\/\/oceancamper.com\/es\/top-10-apps-y-sitios-web-de-camping\/\" \/>\n\t\t<meta property=\"og:image\" content=\"https:\/\/oceancamper.com\/wp-content\/uploads\/2022\/01\/Asset-5.png\" \/>\n\t\t<meta property=\"og:image:secure_url\" content=\"https:\/\/oceancamper.com\/wp-content\/uploads\/2022\/01\/Asset-5.png\" \/>\n\t\t<meta property=\"og:image:width\" content=\"662\" \/>\n\t\t<meta property=\"og:image:height\" content=\"291\" \/>\n\t\t<meta property=\"article:published_time\" content=\"2023-05-25T15:30:25+00:00\" \/>\n\t\t<meta property=\"article:modified_time\" content=\"2026-08-14T16:32:48+00:00\" \/>\n\t\t<meta property=\"article:publisher\" content=\"https:\/\/www.facebook.com\/oceancamper\/\" \/>\n\t\t<meta name=\"twitter:card\" content=\"summary\" \/>\n\t\t<meta name=\"twitter:site\" content=\"@Ocean_Camper\" \/>\n\t\t<meta name=\"twitter:title\" content=\"Best Camping Apps Portugal &amp; Europe 2026 - Ocean Camper\" \/>\n\t\t<meta name=\"twitter:description\" content=\"Descubre las mejores aplicaciones para acampar en Portugal y Europa: mapas en l\u00ednea, buscadores de campings, alertas de incendios forestales, previsiones de surf y webcams de playas. Viaja seguro y con inteligencia.\" \/>\n\t\t<meta name=\"twitter:creator\" content=\"@Ocean_Camper\" \/>\n\t\t<meta name=\"twitter:image\" content=\"https:\/\/oceancamper.com\/wp-content\/uploads\/2022\/01\/Asset-5.png\" \/>\n\t\t<script type=\"application\/ld+json\" class=\"aioseo-schema\">\n\t\t\t{\"@context\":\"https:\\\/\\\/schema.org\",\"@graph\":[{\"@type\":\"BlogPosting\",\"@id\":\"https:\\\/\\\/oceancamper.com\\\/es\\\/top-10-apps-y-sitios-web-de-camping\\\/#blogposting\",\"name\":\"Best Camping Apps Portugal & Europe 2026 - Ocean Camper\",\"headline\":\"Las mejores aplicaciones para acampar en Portugal y Europa (Gu\\u00eda 2026)\",\"author\":{\"@id\":\"https:\\\/\\\/oceancamper.com\\\/es\\\/author\\\/nomadcanguru\\\/#author\"},\"publisher\":{\"@id\":\"https:\\\/\\\/oceancamper.com\\\/es\\\/#organization\"},\"image\":{\"@type\":\"ImageObject\",\"url\":\"https:\\\/\\\/oceancamper.com\\\/wp-content\\\/uploads\\\/2023\\\/05\\\/campervan-view-portugal-nature-ocean-camper-scaled.jpg\",\"width\":2560,\"height\":1707,\"caption\":\"Despertar con una vista en autocaravana de las tranquilas colinas de Portugal: la libertad de un viaje por carretera con Ocean Camper.\"},\"datePublished\":\"2023-05-25T15:30:25+00:00\",\"dateModified\":\"2026-08-14T16:32:48+00:00\",\"inLanguage\":\"es-ES\",\"mainEntityOfPage\":{\"@id\":\"https:\\\/\\\/oceancamper.com\\\/es\\\/top-10-apps-y-sitios-web-de-camping\\\/#webpage\"},\"isPartOf\":{\"@id\":\"https:\\\/\\\/oceancamper.com\\\/es\\\/top-10-apps-y-sitios-web-de-camping\\\/#webpage\"},\"articleSection\":\"Consejos de camping., #Consejosdecamping #campingapps #camping, Opcional\"},{\"@type\":\"BreadcrumbList\",\"@id\":\"https:\\\/\\\/oceancamper.com\\\/es\\\/top-10-apps-y-sitios-web-de-camping\\\/#breadcrumblist\",\"itemListElement\":[{\"@type\":\"ListItem\",\"@id\":\"https:\\\/\\\/oceancamper.com\\\/es\\\/#listItem\",\"position\":1,\"name\":\"Home\",\"item\":\"https:\\\/\\\/oceancamper.com\\\/es\\\/\",\"nextItem\":{\"@type\":\"ListItem\",\"@id\":\"https:\\\/\\\/oceancamper.com\\\/es\\\/category\\\/sin-categorizar\\\/#listItem\",\"name\":\"Sin categorizar\"}},{\"@type\":\"ListItem\",\"@id\":\"https:\\\/\\\/oceancamper.com\\\/es\\\/category\\\/sin-categorizar\\\/#listItem\",\"position\":2,\"name\":\"Sin categorizar\",\"item\":\"https:\\\/\\\/oceancamper.com\\\/es\\\/category\\\/sin-categorizar\\\/\",\"nextItem\":{\"@type\":\"ListItem\",\"@id\":\"https:\\\/\\\/oceancamper.com\\\/es\\\/cosas-que-hacer-en-faro\\\/#listItem\",\"name\":\"Qu\\u00e9 hacer en Faro?\"},\"previousItem\":{\"@type\":\"ListItem\",\"@id\":\"https:\\\/\\\/oceancamper.com\\\/es\\\/#listItem\",\"name\":\"Home\"}},{\"@type\":\"ListItem\",\"@id\":\"https:\\\/\\\/oceancamper.com\\\/es\\\/cosas-que-hacer-en-faro\\\/#listItem\",\"position\":3,\"name\":\"Qu\\u00e9 hacer en Faro?\",\"previousItem\":{\"@type\":\"ListItem\",\"@id\":\"https:\\\/\\\/oceancamper.com\\\/es\\\/category\\\/sin-categorizar\\\/#listItem\",\"name\":\"Sin categorizar\"}}]},{\"@type\":\"Organization\",\"@id\":\"https:\\\/\\\/oceancamper.com\\\/es\\\/#organization\",\"name\":\"Ocean Camper\",\"description\":\"Ocean Camper provides affordable campervan rental in Portugal with fully equipped campervans for up to three people, available in Faro and Lisbon for flexible road trips.\",\"url\":\"https:\\\/\\\/oceancamper.com\\\/es\\\/\",\"email\":\"info@oceancamper.com\",\"telephone\":\"+351920301044\",\"foundingDate\":\"2017-04-19\",\"numberOfEmployees\":{\"@type\":\"QuantitativeValue\",\"minValue\":0,\"maxValue\":10},\"logo\":{\"@type\":\"ImageObject\",\"url\":\"https:\\\/\\\/oceancamper.com\\\/wp-content\\\/uploads\\\/2022\\\/01\\\/Asset-5.png\",\"@id\":\"https:\\\/\\\/oceancamper.com\\\/es\\\/top-10-apps-y-sitios-web-de-camping\\\/#organizationLogo\",\"width\":662,\"height\":291,\"caption\":\"Ocean Camper logo\"},\"image\":{\"@id\":\"https:\\\/\\\/oceancamper.com\\\/es\\\/top-10-apps-y-sitios-web-de-camping\\\/#organizationLogo\"},\"sameAs\":[\"https:\\\/\\\/www.facebook.com\\\/oceancamper\\\/\",\"https:\\\/\\\/x.com\\\/Ocean_Camper\",\"https:\\\/\\\/www.instagram.com\\\/oceancamper.vans\\\/\",\"https:\\\/\\\/www.tiktok.com\\\/@oceancamper.vans\",\"https:\\\/\\\/www.youtube.com\\\/@oceancamper\",\"https:\\\/\\\/www.linkedin.com\\\/company\\\/oceancamper\\\/\",\"https:\\\/\\\/www.trustpilot.com\\\/review\\\/oceancamper.com\"]},{\"@type\":\"Person\",\"@id\":\"https:\\\/\\\/oceancamper.com\\\/es\\\/author\\\/nomadcanguru\\\/#author\",\"url\":\"https:\\\/\\\/oceancamper.com\\\/es\\\/author\\\/nomadcanguru\\\/\",\"name\":\"nomadcanguru\",\"image\":{\"@type\":\"ImageObject\",\"@id\":\"https:\\\/\\\/oceancamper.com\\\/es\\\/top-10-apps-y-sitios-web-de-camping\\\/#authorImage\",\"url\":\"https:\\\/\\\/secure.gravatar.com\\\/avatar\\\/3a5092e8a35779f7501b5a8c315d77eae173c0705d8cfd512c06ce5460985e92?s=96&d=mm&r=g\",\"width\":96,\"height\":96,\"caption\":\"nomadcanguru\"}},{\"@type\":\"WebPage\",\"@id\":\"https:\\\/\\\/oceancamper.com\\\/es\\\/top-10-apps-y-sitios-web-de-camping\\\/#webpage\",\"url\":\"https:\\\/\\\/oceancamper.com\\\/es\\\/top-10-apps-y-sitios-web-de-camping\\\/\",\"name\":\"Best Camping Apps Portugal & Europe 2026 - Ocean Camper\",\"description\":\"Descubre las mejores aplicaciones para acampar en Portugal y Europa: mapas en l\\u00ednea, buscadores de campings, alertas de incendios forestales, previsiones de surf y webcams de playas. Viaja seguro y con inteligencia.\",\"inLanguage\":\"es-ES\",\"isPartOf\":{\"@id\":\"https:\\\/\\\/oceancamper.com\\\/es\\\/#website\"},\"breadcrumb\":{\"@id\":\"https:\\\/\\\/oceancamper.com\\\/es\\\/top-10-apps-y-sitios-web-de-camping\\\/#breadcrumblist\"},\"author\":{\"@id\":\"https:\\\/\\\/oceancamper.com\\\/es\\\/author\\\/nomadcanguru\\\/#author\"},\"creator\":{\"@id\":\"https:\\\/\\\/oceancamper.com\\\/es\\\/author\\\/nomadcanguru\\\/#author\"},\"image\":{\"@type\":\"ImageObject\",\"url\":\"https:\\\/\\\/oceancamper.com\\\/wp-content\\\/uploads\\\/2023\\\/05\\\/campervan-view-portugal-nature-ocean-camper-scaled.jpg\",\"@id\":\"https:\\\/\\\/oceancamper.com\\\/es\\\/top-10-apps-y-sitios-web-de-camping\\\/#mainImage\",\"width\":2560,\"height\":1707,\"caption\":\"Despertar con una vista en autocaravana de las tranquilas colinas de Portugal: la libertad de un viaje por carretera con Ocean Camper.\"},\"primaryImageOfPage\":{\"@id\":\"https:\\\/\\\/oceancamper.com\\\/es\\\/top-10-apps-y-sitios-web-de-camping\\\/#mainImage\"},\"datePublished\":\"2023-05-25T15:30:25+00:00\",\"dateModified\":\"2026-08-14T16:32:48+00:00\"},{\"@type\":\"WebSite\",\"@id\":\"https:\\\/\\\/oceancamper.com\\\/es\\\/#website\",\"url\":\"https:\\\/\\\/oceancamper.com\\\/es\\\/\",\"name\":\"Ocean Camper\",\"alternateName\":\"Ocean Camper Portugal\",\"description\":\"Campervan Rental in Faro, Portugal\",\"inLanguage\":\"es-ES\",\"publisher\":{\"@id\":\"https:\\\/\\\/oceancamper.com\\\/es\\\/#organization\"}}]}\n\t\t<\/script>\n\t\t<!-- All in One SEO -->\n\n","aioseo_head_json":{"title":"Best Camping Apps Portugal & Europe 2026 - Ocean Camper","description":"Descubre las mejores aplicaciones para acampar en Portugal y Europa: mapas en l\u00ednea, buscadores de campings, alertas de incendios forestales, previsiones de surf y webcams de playas. Viaja seguro y con inteligencia.","canonical_url":"https:\/\/oceancamper.com\/es\/top-10-apps-y-sitios-web-de-camping\/","robots":"max-image-preview:large","keywords":"","webmasterTools":{"miscellaneous":""},"schema":{"@context":"https:\/\/schema.org","@graph":[{"@type":"BlogPosting","@id":"https:\/\/oceancamper.com\/es\/top-10-apps-y-sitios-web-de-camping\/#blogposting","name":"Best Camping Apps Portugal & Europe 2026 - Ocean Camper","headline":"Las mejores aplicaciones para acampar en Portugal y Europa (Gu\u00eda 2026)","author":{"@id":"https:\/\/oceancamper.com\/es\/author\/nomadcanguru\/#author"},"publisher":{"@id":"https:\/\/oceancamper.com\/es\/#organization"},"image":{"@type":"ImageObject","url":"https:\/\/oceancamper.com\/wp-content\/uploads\/2023\/05\/campervan-view-portugal-nature-ocean-camper-scaled.jpg","width":2560,"height":1707,"caption":"Despertar con una vista en autocaravana de las tranquilas colinas de Portugal: la libertad de un viaje por carretera con Ocean Camper."},"datePublished":"2023-05-25T15:30:25+00:00","dateModified":"2026-08-14T16:32:48+00:00","inLanguage":"es-ES","mainEntityOfPage":{"@id":"https:\/\/oceancamper.com\/es\/top-10-apps-y-sitios-web-de-camping\/#webpage"},"isPartOf":{"@id":"https:\/\/oceancamper.com\/es\/top-10-apps-y-sitios-web-de-camping\/#webpage"},"articleSection":"Consejos de camping., #Consejosdecamping #campingapps #camping, Opcional"},{"@type":"BreadcrumbList","@id":"https:\/\/oceancamper.com\/es\/top-10-apps-y-sitios-web-de-camping\/#breadcrumblist","itemListElement":[{"@type":"ListItem","@id":"https:\/\/oceancamper.com\/es\/#listItem","position":1,"name":"Home","item":"https:\/\/oceancamper.com\/es\/","nextItem":{"@type":"ListItem","@id":"https:\/\/oceancamper.com\/es\/category\/sin-categorizar\/#listItem","name":"Sin categorizar"}},{"@type":"ListItem","@id":"https:\/\/oceancamper.com\/es\/category\/sin-categorizar\/#listItem","position":2,"name":"Sin categorizar","item":"https:\/\/oceancamper.com\/es\/category\/sin-categorizar\/","nextItem":{"@type":"ListItem","@id":"https:\/\/oceancamper.com\/es\/cosas-que-hacer-en-faro\/#listItem","name":"Qu\u00e9 hacer en Faro?"},"previousItem":{"@type":"ListItem","@id":"https:\/\/oceancamper.com\/es\/#listItem","name":"Home"}},{"@type":"ListItem","@id":"https:\/\/oceancamper.com\/es\/cosas-que-hacer-en-faro\/#listItem","position":3,"name":"Qu\u00e9 hacer en Faro?","previousItem":{"@type":"ListItem","@id":"https:\/\/oceancamper.com\/es\/category\/sin-categorizar\/#listItem","name":"Sin categorizar"}}]},{"@type":"Organization","@id":"https:\/\/oceancamper.com\/es\/#organization","name":"Ocean Camper","description":"Ocean Camper provides affordable campervan rental in Portugal with fully equipped campervans for up to three people, available in Faro and Lisbon for flexible road trips.","url":"https:\/\/oceancamper.com\/es\/","email":"info@oceancamper.com","telephone":"+351920301044","foundingDate":"2017-04-19","numberOfEmployees":{"@type":"QuantitativeValue","minValue":0,"maxValue":10},"logo":{"@type":"ImageObject","url":"https:\/\/oceancamper.com\/wp-content\/uploads\/2022\/01\/Asset-5.png","@id":"https:\/\/oceancamper.com\/es\/top-10-apps-y-sitios-web-de-camping\/#organizationLogo","width":662,"height":291,"caption":"Ocean Camper logo"},"image":{"@id":"https:\/\/oceancamper.com\/es\/top-10-apps-y-sitios-web-de-camping\/#organizationLogo"},"sameAs":["https:\/\/www.facebook.com\/oceancamper\/","https:\/\/x.com\/Ocean_Camper","https:\/\/www.instagram.com\/oceancamper.vans\/","https:\/\/www.tiktok.com\/@oceancamper.vans","https:\/\/www.youtube.com\/@oceancamper","https:\/\/www.linkedin.com\/company\/oceancamper\/","https:\/\/www.trustpilot.com\/review\/oceancamper.com"]},{"@type":"Person","@id":"https:\/\/oceancamper.com\/es\/author\/nomadcanguru\/#author","url":"https:\/\/oceancamper.com\/es\/author\/nomadcanguru\/","name":"nomadcanguru","image":{"@type":"ImageObject","@id":"https:\/\/oceancamper.com\/es\/top-10-apps-y-sitios-web-de-camping\/#authorImage","url":"https:\/\/secure.gravatar.com\/avatar\/3a5092e8a35779f7501b5a8c315d77eae173c0705d8cfd512c06ce5460985e92?s=96&d=mm&r=g","width":96,"height":96,"caption":"nomadcanguru"}},{"@type":"WebPage","@id":"https:\/\/oceancamper.com\/es\/top-10-apps-y-sitios-web-de-camping\/#webpage","url":"https:\/\/oceancamper.com\/es\/top-10-apps-y-sitios-web-de-camping\/","name":"Best Camping Apps Portugal & Europe 2026 - Ocean Camper","description":"Descubre las mejores aplicaciones para acampar en Portugal y Europa: mapas en l\u00ednea, buscadores de campings, alertas de incendios forestales, previsiones de surf y webcams de playas. Viaja seguro y con inteligencia.","inLanguage":"es-ES","isPartOf":{"@id":"https:\/\/oceancamper.com\/es\/#website"},"breadcrumb":{"@id":"https:\/\/oceancamper.com\/es\/top-10-apps-y-sitios-web-de-camping\/#breadcrumblist"},"author":{"@id":"https:\/\/oceancamper.com\/es\/author\/nomadcanguru\/#author"},"creator":{"@id":"https:\/\/oceancamper.com\/es\/author\/nomadcanguru\/#author"},"image":{"@type":"ImageObject","url":"https:\/\/oceancamper.com\/wp-content\/uploads\/2023\/05\/campervan-view-portugal-nature-ocean-camper-scaled.jpg","@id":"https:\/\/oceancamper.com\/es\/top-10-apps-y-sitios-web-de-camping\/#mainImage","width":2560,"height":1707,"caption":"Despertar con una vista en autocaravana de las tranquilas colinas de Portugal: la libertad de un viaje por carretera con Ocean Camper."},"primaryImageOfPage":{"@id":"https:\/\/oceancamper.com\/es\/top-10-apps-y-sitios-web-de-camping\/#mainImage"},"datePublished":"2023-05-25T15:30:25+00:00","dateModified":"2026-08-14T16:32:48+00:00"},{"@type":"WebSite","@id":"https:\/\/oceancamper.com\/es\/#website","url":"https:\/\/oceancamper.com\/es\/","name":"Ocean Camper","alternateName":"Ocean Camper Portugal","description":"Campervan Rental in Faro, Portugal","inLanguage":"es-ES","publisher":{"@id":"https:\/\/oceancamper.com\/es\/#organization"}}]},"og:locale":"es_ES","og:site_name":"Ocean Camper - Campervan Rental in Faro, Portugal","og:type":"article","og:title":"Best Camping Apps Portugal &amp; Europe 2026 - Ocean Camper","og:description":"Descubre las mejores aplicaciones para acampar en Portugal y Europa: mapas en l\u00ednea, buscadores de campings, alertas de incendios forestales, previsiones de surf y webcams de playas. Viaja seguro y con inteligencia.","og:url":"https:\/\/oceancamper.com\/es\/top-10-apps-y-sitios-web-de-camping\/","og:image":"https:\/\/oceancamper.com\/wp-content\/uploads\/2022\/01\/Asset-5.png","og:image:secure_url":"https:\/\/oceancamper.com\/wp-content\/uploads\/2022\/01\/Asset-5.png","og:image:width":662,"og:image:height":291,"article:published_time":"2023-05-25T15:30:25+00:00","article:modified_time":"2026-08-14T16:32:48+00:00","article:publisher":"https:\/\/www.facebook.com\/oceancamper\/","twitter:card":"summary","twitter:site":"@Ocean_Camper","twitter:title":"Best Camping Apps Portugal &amp; Europe 2026 - Ocean Camper","twitter:description":"Descubre las mejores aplicaciones para acampar en Portugal y Europa: mapas en l\u00ednea, buscadores de campings, alertas de incendios forestales, previsiones de surf y webcams de playas. Viaja seguro y con inteligencia.","twitter:creator":"@Ocean_Camper","twitter:image":"https:\/\/oceancamper.com\/wp-content\/uploads\/2022\/01\/Asset-5.png"},"aioseo_meta_data":{"post_id":"82414","title":"Cosas que hacer Faro #separator_sa \u00bfQu\u00e9 hacer en Faro? 2025","description":"Cosas que hacer en Faro. Qu\u00e9 hacer en Faro? \u00a1Explora restaurantes, actividades, joyas locales y aventuras para un viaje inolvidable al sur de Portugal!  ","keywords":null,"keyphrases":{"focus":{"keyphrase":"Things to do Faro","score":60,"analysis":{"keyphraseInTitle":{"score":9,"maxScore":9,"error":0},"keyphraseInDescription":{"score":9,"maxScore":9,"error":0},"keyphraseLength":{"score":9,"maxScore":9,"error":0,"length":4},"keyphraseInURL":{"score":5,"maxScore":5,"error":0},"keyphraseInIntroduction":{"score":3,"maxScore":9,"error":1},"keyphraseInSubHeadings":{"score":3,"maxScore":9,"error":1},"keyphraseInImageAlt":{"score":3,"maxScore":9,"error":1},"keywordDensity":{"score":0,"type":"low","maxScore":9,"error":1}}},"additional":[{"keyphrase":"What to do in Faro?","score":60,"analysis":{"keyphraseInDescription":{"score":9,"maxScore":9,"error":0},"keyphraseLength":{"score":6,"maxScore":9,"error":1,"length":5},"keyphraseInIntroduction":{"score":9,"maxScore":9,"error":0},"keyphraseInImageAlt":{"score":3,"maxScore":9,"error":1},"keywordDensity":{"score":0,"type":"low","maxScore":9,"error":1}}}]},"primary_term":null,"canonical_url":null,"og_title":null,"og_description":null,"og_object_type":"default","og_image_type":"default","og_image_url":null,"og_image_width":null,"og_image_height":null,"og_image_custom_url":null,"og_image_custom_fields":null,"og_video":"","og_custom_url":null,"og_article_section":null,"og_article_tags":null,"twitter_use_og":false,"twitter_card":"default","twitter_image_type":"default","twitter_image_url":null,"twitter_image_custom_url":null,"twitter_image_custom_fields":null,"twitter_title":null,"twitter_description":null,"schema":{"blockGraphs":[],"customGraphs":[],"default":{"data":{"Article":{"id":"aioseo-article-6394f6999096b","slug":"article","graphName":"Article","label":"Article","properties":{"type":"BlogPosting","name":"#post_title","headline":"#post_title","description":"#post_excerpt","image":"","keywords":"","author":{"name":"#author_name","url":"#author_url"},"dates":{"include":true,"datePublished":"","dateModified":""}}},"Course":[],"Dataset":[],"FAQPage":[],"Movie":[],"Person":[],"Product":[],"ProductReview":[],"Car":[],"Recipe":[],"Service":[],"SoftwareApplication":[],"WebPage":[]},"graphName":"BlogPosting","isEnabled":true},"graphs":[]},"schema_type":"default","schema_type_options":"{\"article\":{\"articleType\":\"BlogPosting\"},\"course\":{\"name\":\"\",\"description\":\"\",\"provider\":\"\"},\"faq\":{\"pages\":[]},\"product\":{\"reviews\":[]},\"recipe\":{\"ingredients\":[],\"instructions\":[],\"keywords\":[]},\"software\":{\"reviews\":[],\"operatingSystems\":[]},\"webPage\":{\"webPageType\":\"WebPage\"}}","pillar_content":false,"robots_default":true,"robots_noindex":false,"robots_noarchive":false,"robots_nosnippet":false,"robots_nofollow":false,"robots_noimageindex":false,"robots_noodp":false,"robots_notranslate":false,"robots_max_snippet":"-1","robots_max_videopreview":"-1","robots_max_imagepreview":"large","priority":null,"frequency":"default","local_seo":null,"seo_analyzer_scan_date":"2025-12-13 10:38:36","breadcrumb_settings":null,"limit_modified_date":false,"open_ai":"{\"title\":{\"suggestions\":[],\"usage\":0},\"description\":{\"suggestions\":[],\"usage\":0}}","ai":{"faqs":[],"keyPoints":[],"titles":[],"descriptions":[],"socialPosts":{"email":[],"linkedin":[],"twitter":[],"facebook":[],"instagram":[]}},"created":"2023-06-26 16:22:19","updated":"2026-09-01 22:18:21"},"aioseo_breadcrumb":"<div class=\"aioseo-breadcrumbs\"><span class=\"aioseo-breadcrumb\">\n\t\t\t<a href=\"https:\/\/oceancamper.com\/es\/\" title=\"Home\">Home<\/a>\n\t\t<\/span><span class=\"aioseo-breadcrumb-separator\">\u00bb<\/span><span class=\"aioseo-breadcrumb\">\n\t\t\t<a href=\"https:\/\/oceancamper.com\/es\/category\/sin-categorizar\/\" title=\"Sin categorizar\">Sin categorizar<\/a>\n\t\t<\/span><span class=\"aioseo-breadcrumb-separator\">\u00bb<\/span><span class=\"aioseo-breadcrumb\">\n\t\t\tQu\u00e9 hacer en Faro?\n\t\t<\/span><\/div>","aioseo_breadcrumb_json":[{"label":"Home","link":"https:\/\/oceancamper.com\/es\/"},{"label":"Sin categorizar","link":"https:\/\/oceancamper.com\/es\/category\/sin-categorizar\/"},{"label":"Qu\u00e9 hacer en Faro?","link":"https:\/\/oceancamper.com\/es\/cosas-que-hacer-en-faro\/"}],"_links":{"self":[{"href":"https:\/\/oceancamper.com\/es\/wp-json\/wp\/v2\/posts\/82414","targetHints":{"allow":["GET"]}}],"collection":[{"href":"https:\/\/oceancamper.com\/es\/wp-json\/wp\/v2\/posts"}],"about":[{"href":"https:\/\/oceancamper.com\/es\/wp-json\/wp\/v2\/types\/post"}],"author":[{"embeddable":true,"href":"https:\/\/oceancamper.com\/es\/wp-json\/wp\/v2\/users\/1"}],"replies":[{"embeddable":true,"href":"https:\/\/oceancamper.com\/es\/wp-json\/wp\/v2\/comments?post=82414"}],"version-history":[{"count":12,"href":"https:\/\/oceancamper.com\/es\/wp-json\/wp\/v2\/posts\/82414\/revisions"}],"predecessor-version":[{"id":275291,"href":"https:\/\/oceancamper.com\/es\/wp-json\/wp\/v2\/posts\/82414\/revisions\/275291"}],"wp:featuredmedia":[{"embeddable":true,"href":"https:\/\/oceancamper.com\/es\/wp-json\/wp\/v2\/media\/183903"}],"wp:attachment":[{"href":"https:\/\/oceancamper.com\/es\/wp-json\/wp\/v2\/media?parent=82414"}],"wp:term":[{"taxonomy":"category","embeddable":true,"href":"https:\/\/oceancamper.com\/es\/wp-json\/wp\/v2\/categories?post=82414"},{"taxonomy":"post_tag","embeddable":true,"href":"https:\/\/oceancamper.com\/es\/wp-json\/wp\/v2\/tags?post=82414"}],"curies":[{"name":"wp","href":"https:\/\/api.w.org\/{rel}","templated":true}]}}