{"id":82376,"date":"2023-02-10T16:42:54","date_gmt":"2023-02-10T16:42:54","guid":{"rendered":"https:\/\/oceancamper.com\/encontra-una-bano-al-acampar\/"},"modified":"2026-09-01T16:51:05","modified_gmt":"2026-09-01T16:51:05","slug":"el-bano-cuando-vas-de-acampada","status":"publish","type":"post","link":"https:\/\/oceancamper.com\/es\/el-bano-cuando-vas-de-acampada\/","title":{"rendered":"Encontra una ba\u00f1o al acampar"},"content":{"rendered":"\t\t<div data-elementor-type=\"wp-post\" data-elementor-id=\"82376\" class=\"elementor elementor-82376 elementor-60207\" data-elementor-post-type=\"post\">\n\t\t\t\t\t\t<section class=\"elementor-section elementor-top-section elementor-element elementor-element-28493283 elementor-section-height-min-height elementor-section-stretched elementor-section-content-middle elementor-section-boxed elementor-section-height-default elementor-section-items-middle\" data-id=\"28493283\" data-element_type=\"section\" data-e-type=\"section\" data-settings=\"{&quot;stretch_section&quot;:&quot;section-stretched&quot;,&quot;background_background&quot;:&quot;classic&quot;}\">\n\t\t\t\t\t\t\t<div class=\"elementor-background-overlay\"><\/div>\n\t\t\t\t\t\t\t<div class=\"elementor-container elementor-column-gap-default\">\n\t\t\t\t\t<div class=\"elementor-column elementor-col-100 elementor-top-column elementor-element elementor-element-49752f3e\" data-id=\"49752f3e\" data-element_type=\"column\" data-e-type=\"column\">\n\t\t\t<div class=\"elementor-widget-wrap elementor-element-populated\">\n\t\t\t\t\t\t<div class=\"elementor-element elementor-element-2d5ee1ed elementor-widget elementor-widget-theme-post-title elementor-page-title elementor-widget-heading\" data-id=\"2d5ee1ed\" data-element_type=\"widget\" data-e-type=\"widget\" data-widget_type=\"theme-post-title.default\">\n\t\t\t\t<div class=\"elementor-widget-container\">\n\t\t\t\t\t<h1 class=\"elementor-heading-title elementor-size-default\">Encontra una ba\u00f1o al acampar<\/h1>\t\t\t\t<\/div>\n\t\t\t\t<\/div>\n\t\t\t\t<section class=\"elementor-section elementor-inner-section elementor-element elementor-element-7109b3ed elementor-section-boxed elementor-section-height-default elementor-section-height-default\" data-id=\"7109b3ed\" data-element_type=\"section\" data-e-type=\"section\">\n\t\t\t\t\t\t<div class=\"elementor-container elementor-column-gap-default\">\n\t\t\t\t\t<div class=\"elementor-column elementor-col-33 elementor-inner-column elementor-element elementor-element-1d46b348\" data-id=\"1d46b348\" data-element_type=\"column\" data-e-type=\"column\">\n\t\t\t<div class=\"elementor-widget-wrap\">\n\t\t\t\t\t\t\t<\/div>\n\t\t<\/div>\n\t\t\t\t<div class=\"elementor-column elementor-col-33 elementor-inner-column elementor-element elementor-element-27a9b51f\" data-id=\"27a9b51f\" data-element_type=\"column\" data-e-type=\"column\">\n\t\t\t<div class=\"elementor-widget-wrap elementor-element-populated\">\n\t\t\t\t\t\t<div class=\"elementor-element elementor-element-60c16ea1 elementor-author-box--align-center elementor-author-box--layout-image-above elementor-widget elementor-widget-author-box\" data-id=\"60c16ea1\" data-element_type=\"widget\" data-e-type=\"widget\" data-widget_type=\"author-box.default\">\n\t\t\t\t<div class=\"elementor-widget-container\">\n\t\t\t\t\t\t\t<div class=\"elementor-author-box\">\n\t\t\t\t\t\t\t<div  class=\"elementor-author-box__avatar\">\n\t\t\t\t\t<img decoding=\"async\" src=\"https:\/\/oceancamper.com\/wp-content\/uploads\/2022\/02\/Nina-min-1-300x300.jpg\" alt=\"Imagen de Nina\" loading=\"lazy\">\n\t\t\t\t<\/div>\n\t\t\t\n\t\t\t<div class=\"elementor-author-box__text\">\n\t\t\t\t\t\t\t\t\t<div >\n\t\t\t\t\t\t<h4 class=\"elementor-author-box__name\">\n\t\t\t\t\t\t\tNina\t\t\t\t\t\t<\/h4>\n\t\t\t\t\t<\/div>\n\t\t\t\t\n\t\t\t\t\t\t\t\t\t<div class=\"elementor-author-box__bio\">\n\t\t\t\t\t\t<p>CEO de Ocean Camper<\/p>\n\t\t\t\t\t<\/div>\n\t\t\t\t\n\t\t\t\t\t\t\t<\/div>\n\t\t<\/div>\n\t\t\t\t\t\t<\/div>\n\t\t\t\t<\/div>\n\t\t\t\t\t<\/div>\n\t\t<\/div>\n\t\t\t\t<div class=\"elementor-column elementor-col-33 elementor-inner-column elementor-element elementor-element-ad625d6\" data-id=\"ad625d6\" data-element_type=\"column\" data-e-type=\"column\">\n\t\t\t<div class=\"elementor-widget-wrap\">\n\t\t\t\t\t\t\t<\/div>\n\t\t<\/div>\n\t\t\t\t\t<\/div>\n\t\t<\/section>\n\t\t\t\t\t<\/div>\n\t\t<\/div>\n\t\t\t\t\t<\/div>\n\t\t<\/section>\n\t\t\t\t<section class=\"elementor-section elementor-top-section elementor-element elementor-element-6e2f3f3e elementor-section-stretched elementor-section-boxed elementor-section-height-default elementor-section-height-default\" data-id=\"6e2f3f3e\" data-element_type=\"section\" data-e-type=\"section\" data-settings=\"{&quot;stretch_section&quot;:&quot;section-stretched&quot;,&quot;background_background&quot;:&quot;classic&quot;}\">\n\t\t\t\t\t\t<div class=\"elementor-container elementor-column-gap-default\">\n\t\t\t\t\t<div class=\"elementor-column elementor-col-100 elementor-top-column elementor-element elementor-element-6a7b38d9\" data-id=\"6a7b38d9\" data-element_type=\"column\" data-e-type=\"column\">\n\t\t\t<div class=\"elementor-widget-wrap elementor-element-populated\">\n\t\t\t\t\t\t<div class=\"elementor-element elementor-element-1c3809f6 elementor-widget elementor-widget-heading\" data-id=\"1c3809f6\" data-element_type=\"widget\" data-e-type=\"widget\" data-widget_type=\"heading.default\">\n\t\t\t\t<div class=\"elementor-widget-container\">\n\t\t\t\t\t<h2 class=\"elementor-heading-title elementor-size-default\">C\u00f3mo encontrar aseos en Portugal<\/h2>\t\t\t\t<\/div>\n\t\t\t\t<\/div>\n\t\t\t\t<div class=\"elementor-element elementor-element-731a7186 elementor-widget elementor-widget-text-editor\" data-id=\"731a7186\" data-element_type=\"widget\" data-e-type=\"widget\" data-widget_type=\"text-editor.default\">\n\t\t\t\t<div class=\"elementor-widget-container\">\n\t\t\t\t\t\t\t\t\t<p>Cuando viajas en una autocaravana sin ba\u00f1o integrado, decidir d\u00f3nde ir puede resultar estresante. Por suerte, Portugal te ofrece un mont\u00f3n de opciones, desde campings con todos los servicios hasta apps que te indican d\u00f3nde est\u00e1n los ba\u00f1os p\u00fablicos. Usa esta gu\u00eda para ir c\u00f3modo y mantener limpia la naturaleza durante tu viaje por carretera.  <\/p>\t\t\t\t\t\t\t\t<\/div>\n\t\t\t\t<\/div>\n\t\t\t\t<div class=\"elementor-element elementor-element-62514b0 elementor-widget elementor-widget-heading\" data-id=\"62514b0\" data-element_type=\"widget\" data-e-type=\"widget\" data-widget_type=\"heading.default\">\n\t\t\t\t<div class=\"elementor-widget-container\">\n\t\t\t\t\t<h2 class=\"elementor-heading-title elementor-size-default\">Campings: tu mejor opci\u00f3n<\/h2>\t\t\t\t<\/div>\n\t\t\t\t<\/div>\n\t\t\t\t<div class=\"elementor-element elementor-element-1e3c91d elementor-widget elementor-widget-text-editor\" data-id=\"1e3c91d\" data-element_type=\"widget\" data-e-type=\"widget\" data-widget_type=\"text-editor.default\">\n\t\t\t\t<div class=\"elementor-widget-container\">\n\t\t\t\t\t\t\t\t\t<p>Para pasar la noche, los campings son la opci\u00f3n ideal. Cuentan con aseos limpios, duchas con agua caliente, zonas para fregar los platos y papeleras: todo lo que necesitas para mantenerte a gusto y cuidar el medio ambiente en el camping. Por eso te recomendamos que reserves plaza en un camping siempre que puedas.  <\/p>\t\t\t\t\t\t\t\t<\/div>\n\t\t\t\t<\/div>\n\t\t\t\t<div class=\"elementor-element elementor-element-ff15feb elementor-widget elementor-widget-heading\" data-id=\"ff15feb\" data-element_type=\"widget\" data-e-type=\"widget\" data-widget_type=\"heading.default\">\n\t\t\t\t<div class=\"elementor-widget-container\">\n\t\t\t\t\t<h2 class=\"elementor-heading-title elementor-size-default\">Playas con ba\u00f1os p\u00fablicos<\/h2>\t\t\t\t<\/div>\n\t\t\t\t<\/div>\n\t\t\t\t<div class=\"elementor-element elementor-element-3fb8686 elementor-widget elementor-widget-text-editor\" data-id=\"3fb8686\" data-element_type=\"widget\" data-e-type=\"widget\" data-widget_type=\"text-editor.default\">\n\t\t\t\t<div class=\"elementor-widget-container\">\n\t\t\t\t\t\t\t\t\t<p>En verano, la mayor\u00eda de las playas de la costa portuguesa cuentan con aseos p\u00fablicos gratuitos. Estas instalaciones suelen estar situadas detr\u00e1s de los chiringuitos o integradas en el propio edificio del chiringuito. F\u00edjate en las se\u00f1ales o pregunta a un socorrista si no las encuentras a la primera.  <\/p>\t\t\t\t\t\t\t\t<\/div>\n\t\t\t\t<\/div>\n\t\t\t\t<div class=\"elementor-element elementor-element-22e1df7 elementor-widget elementor-widget-heading\" data-id=\"22e1df7\" data-element_type=\"widget\" data-e-type=\"widget\" data-widget_type=\"heading.default\">\n\t\t\t\t<div class=\"elementor-widget-container\">\n\t\t\t\t\t<h2 class=\"elementor-heading-title elementor-size-default\">Caf\u00e9s y Restaurantes<\/h2>\t\t\t\t<\/div>\n\t\t\t\t<\/div>\n\t\t\t\t<div class=\"elementor-element elementor-element-aa1f748 elementor-widget elementor-widget-text-editor\" data-id=\"aa1f748\" data-element_type=\"widget\" data-e-type=\"widget\" data-widget_type=\"text-editor.default\">\n\t\t\t\t<div class=\"elementor-widget-container\">\n\t\t\t\t\t\t\t\t\t<p>Si necesitas ir al ba\u00f1o entre destinos, detente en una cafeter\u00eda o restaurante y disfruta de un caf\u00e9, un pastel o una comida mientras est\u00e1s all\u00ed. Muchos lugares de Portugal y el Algarve ofrecen vistas al oc\u00e9ano o encantadoras plazas, por lo que una pausa para ir al ba\u00f1o se convierte en una experiencia en s\u00ed misma. <\/p>\t\t\t\t\t\t\t\t<\/div>\n\t\t\t\t<\/div>\n\t\t\t\t<div class=\"elementor-element elementor-element-6df1c40 elementor-widget elementor-widget-heading\" data-id=\"6df1c40\" data-element_type=\"widget\" data-e-type=\"widget\" data-widget_type=\"heading.default\">\n\t\t\t\t<div class=\"elementor-widget-container\">\n\t\t\t\t\t<h2 class=\"elementor-heading-title elementor-size-default\">Supermercados y otros aseos p\u00fablicos<\/h2>\t\t\t\t<\/div>\n\t\t\t\t<\/div>\n\t\t\t\t<div class=\"elementor-element elementor-element-3b29197 elementor-widget elementor-widget-text-editor\" data-id=\"3b29197\" data-element_type=\"widget\" data-e-type=\"widget\" data-widget_type=\"text-editor.default\">\n\t\t\t\t<div class=\"elementor-widget-container\">\n\t\t\t\t\t\t\t\t\t<p>Los grandes supermercados casi siempre tienen aseos. Planifica tus compras en funci\u00f3n de tus necesidades de aseo para ahorrar tiempo. Los centros urbanos tambi\u00e9n tienen aseos municipales; puede que no sean obvios, pero las aplicaciones m\u00f3viles (ver m\u00e1s abajo) te ayudan a encontrarlos.  <\/p>\t\t\t\t\t\t\t\t<\/div>\n\t\t\t\t<\/div>\n\t\t\t\t<div class=\"elementor-element elementor-element-826d91d elementor-widget elementor-widget-heading\" data-id=\"826d91d\" data-element_type=\"widget\" data-e-type=\"widget\" data-widget_type=\"heading.default\">\n\t\t\t\t<div class=\"elementor-widget-container\">\n\t\t\t\t\t<h2 class=\"elementor-heading-title elementor-size-default\">Apps para encontrar ba\u00f1os<\/h2>\t\t\t\t<\/div>\n\t\t\t\t<\/div>\n\t\t\t\t<div class=\"elementor-element elementor-element-043b777 elementor-widget elementor-widget-text-editor\" data-id=\"043b777\" data-element_type=\"widget\" data-e-type=\"widget\" data-widget_type=\"text-editor.default\">\n\t\t\t\t<div class=\"elementor-widget-container\">\n\t\t\t\t\t\t\t\t\t<p>Para que te resulte m\u00e1s f\u00e1cil buscar, desc\u00e1rgate <a href=\"https:\/\/play.google.com\/store\/apps\/details?id=sfcapital.publictoiletinsouthaustralia&#038;hl=pt_PT\" target=\"_blank\" rel=\"noopener\">\u00abWHERE IS PUBLIC TOILET\u00bb<\/a> (Android) y <a href=\"https:\/\/play.google.com\/store\/apps\/details?id=com.bto.toilet&#038;hl=pt_PT\" target=\"_blank\" rel=\"noopener\">\u00abToilet Finder\u00bb<\/a> (Android\/iOS). Estas apps recopilan de forma colaborativa la ubicaci\u00f3n de los ba\u00f1os p\u00fablicos de todo el mundo y suelen incluir valoraciones de los usuarios y comentarios sobre la limpieza. Desc\u00e1rgate los mapas sin conexi\u00f3n antes de viajar por zonas remotas.  <\/p>\t\t\t\t\t\t\t\t<\/div>\n\t\t\t\t<\/div>\n\t\t\t\t\t<\/div>\n\t\t<\/div>\n\t\t\t\t\t<\/div>\n\t\t<\/section>\n\t\t\t\t<section class=\"elementor-section elementor-top-section elementor-element elementor-element-518f6223 elementor-section-stretched elementor-section-boxed elementor-section-height-default elementor-section-height-default\" data-id=\"518f6223\" data-element_type=\"section\" data-e-type=\"section\" data-settings=\"{&quot;stretch_section&quot;:&quot;section-stretched&quot;,&quot;background_background&quot;:&quot;classic&quot;}\">\n\t\t\t\t\t\t<div class=\"elementor-container elementor-column-gap-default\">\n\t\t\t\t\t<div class=\"elementor-column elementor-col-100 elementor-top-column elementor-element elementor-element-57e295ce\" data-id=\"57e295ce\" data-element_type=\"column\" data-e-type=\"column\">\n\t\t\t<div class=\"elementor-widget-wrap elementor-element-populated\">\n\t\t\t\t\t\t<div class=\"elementor-element elementor-element-2790a2fb elementor-widget elementor-widget-image\" data-id=\"2790a2fb\" data-element_type=\"widget\" data-e-type=\"widget\" data-widget_type=\"image.default\">\n\t\t\t\t<div class=\"elementor-widget-container\">\n\t\t\t\t\t\t\t\t\t\t\t\t\t\t\t<img decoding=\"async\" src=\"https:\/\/oceancamper.com\/wp-content\/uploads\/elementor\/thumbs\/gordon-hudson-uvKGtMSrrD8-unsplash-q88mdzaaampqqbyv8f3lrcnb7p80bb57ydoq7efqsw.jpg\" title=\"Se\u00f1al de aseo en la playa \u2013 Camping en Portugal\" alt=\"Cartel de ba\u00f1o junto a la playa en el Algarve, Portugal, que sirve para encontrar ba\u00f1os p\u00fablicos cuando vas de acampada.\" loading=\"lazy\" \/>\t\t\t\t\t\t\t\t\t\t\t\t\t\t\t<\/div>\n\t\t\t\t<\/div>\n\t\t\t\t<div class=\"elementor-element elementor-element-01e9d0e elementor-widget elementor-widget-heading\" data-id=\"01e9d0e\" data-element_type=\"widget\" data-e-type=\"widget\" data-widget_type=\"heading.default\">\n\t\t\t\t<div class=\"elementor-widget-container\">\n\t\t\t\t\t<h2 class=\"elementor-heading-title elementor-size-default\">No dejes rastro: Respeta la Naturaleza<\/h2>\t\t\t\t<\/div>\n\t\t\t\t<\/div>\n\t\t\t\t<div class=\"elementor-element elementor-element-26127870 elementor-widget elementor-widget-text-editor\" data-id=\"26127870\" data-element_type=\"widget\" data-e-type=\"widget\" data-widget_type=\"text-editor.default\">\n\t\t\t\t<div class=\"elementor-widget-container\">\n\t\t\t\t\t\t\t\t\t<p>Unos sencillos h\u00e1bitos protegen la belleza natural de Portugal:<\/p><ul><li>Empaqueta todo el papel higi\u00e9nico usado. En el clima seco del Algarve, puede tardar a\u00f1os en descomponerse. <\/li><li>Cierra bien las bolsas de basura. Se sabe que los animales salvajes (desde p\u00e1jaros y zorros hasta jabal\u00edes) abren las bolsas y esparcen los residuos. <\/li><li>Utiliza productos biodegradables siempre que sea posible.<\/li><\/ul>\t\t\t\t\t\t\t\t<\/div>\n\t\t\t\t<\/div>\n\t\t\t\t\t<\/div>\n\t\t<\/div>\n\t\t\t\t\t<\/div>\n\t\t<\/section>\n\t\t\t\t<section class=\"elementor-section elementor-top-section elementor-element elementor-element-3f140ee1 elementor-section-stretched elementor-section-boxed elementor-section-height-default elementor-section-height-default\" data-id=\"3f140ee1\" data-element_type=\"section\" data-e-type=\"section\" data-settings=\"{&quot;stretch_section&quot;:&quot;section-stretched&quot;,&quot;background_background&quot;:&quot;classic&quot;}\">\n\t\t\t\t\t\t<div class=\"elementor-container elementor-column-gap-default\">\n\t\t\t\t\t<div class=\"elementor-column elementor-col-100 elementor-top-column elementor-element elementor-element-7d346a65\" data-id=\"7d346a65\" data-element_type=\"column\" data-e-type=\"column\">\n\t\t\t<div class=\"elementor-widget-wrap elementor-element-populated\">\n\t\t\t\t\t\t<div class=\"elementor-element elementor-element-b195c7 elementor-widget elementor-widget-image\" data-id=\"b195c7\" data-element_type=\"widget\" data-e-type=\"widget\" data-widget_type=\"image.default\">\n\t\t\t\t<div class=\"elementor-widget-container\">\n\t\t\t\t\t\t\t\t\t\t\t\t\t\t\t<img decoding=\"async\" src=\"https:\/\/oceancamper.com\/wp-content\/uploads\/elementor\/thumbs\/WhatsApp-Image-2022-10-27-at-16.08.37-1-q88me6sztb01b7ny0icmbaqzys6y0vz2newm1m4lf4.jpeg\" title=\"Vista de dron \u2013 Ocean Camper Costa del Algarve\" alt=\"Vista a\u00e9rea de una furgoneta Ocean Camper aparcada cerca de la costa del Algarve, acampando en plena naturaleza en Portugal.\" loading=\"lazy\" \/>\t\t\t\t\t\t\t\t\t\t\t\t\t\t\t<\/div>\n\t\t\t\t<\/div>\n\t\t\t\t<div class=\"elementor-element elementor-element-e4a71c9 elementor-widget elementor-widget-heading\" data-id=\"e4a71c9\" data-element_type=\"widget\" data-e-type=\"widget\" id=\"faq\" data-widget_type=\"heading.default\">\n\t\t\t\t<div class=\"elementor-widget-container\">\n\t\t\t\t\t<h2 class=\"elementor-heading-title elementor-size-default\">Preguntas frecuentes<\/h2>\t\t\t\t<\/div>\n\t\t\t\t<\/div>\n\t\t\t\t<div class=\"elementor-element elementor-element-b6f22d4 elementor-widget elementor-widget-text-editor\" data-id=\"b6f22d4\" data-element_type=\"widget\" data-e-type=\"widget\" data-widget_type=\"text-editor.default\">\n\t\t\t\t<div class=\"elementor-widget-container\">\n\t\t\t\t\t\t\t\t\t<p><strong>\u00bfHay ba\u00f1os p\u00fablicos en Portugal?<\/strong><br>S\u00ed. La mayor\u00eda de las playas tienen aseos p\u00fablicos gratuitos durante el verano, y en los centros de las ciudades suele haber aseos municipales. Las cafeter\u00edas, los restaurantes, los supermercados y las estaciones de servicio son la opci\u00f3n m\u00e1s segura durante todo el a\u00f1o.  <\/p><p><strong>\u00bfHay que pagar para usar los ba\u00f1os p\u00fablicos en Portugal?<\/strong><br>Los ba\u00f1os de la playa y los municipales suelen ser gratis. Algunas estaciones de servicio y unas pocas instalaciones del centro de la ciudad cobran una peque\u00f1a cantidad, normalmente menos de un euro. En una cafeter\u00eda, lo normal es que te tomes un caf\u00e9 en lugar de pagar por usar el ba\u00f1o.  <\/p><p><strong>\u00bfEst\u00e1n abiertos los ba\u00f1os p\u00fablicos en Portugal en invierno?<\/strong><br>Muchos ba\u00f1os de playa cierran fuera de la temporada de verano. De noviembre a marzo, mejor planifica tus salidas en torno a cafeter\u00edas, supermercados y campings. <\/p><p><strong>\u00bfQu\u00e9 significa \u00abWC\u00bb en Portugal? \u00bfQu\u00e9 significa \u00abWC\u00bb en Portugal?<\/strong><br>\u00abWC\u00bb es el s\u00edmbolo que se suele usar para referirse al ba\u00f1o y lo ver\u00e1s mucho m\u00e1s a menudo que la palabra en ingl\u00e9s. En portugu\u00e9s se dice \u00abcasa de banho\u00bb, y en la se\u00f1alizaci\u00f3n p\u00fablica aparece \u00absanitarios\u00bb. <\/p><p><strong>\u00bfD\u00f3nde puedo vaciar el inodoro de la Camper en Portugal?<\/strong><br>Solo en las estaciones de vaciado oficiales, que hay en los campings y en las \u00e1reas de servicio para autocaravanas, conocidas como \u00ab\u00e1reas de servicio\u00bb. Nunca vac\u00edes aguas grises ni negras en desag\u00fces, r\u00edos o dunas. <\/p>\t\t\t\t\t\t\t\t<\/div>\n\t\t\t\t<\/div>\n\t\t\t\t<div class=\"elementor-element elementor-element-680d90f elementor-widget elementor-widget-heading\" data-id=\"680d90f\" data-element_type=\"widget\" data-e-type=\"widget\" data-widget_type=\"heading.default\">\n\t\t\t\t<div class=\"elementor-widget-container\">\n\t\t\t\t\t<h2 class=\"elementor-heading-title elementor-size-default\">Explora m\u00e1s y planifica con antelaci\u00f3n<\/h2>\t\t\t\t<\/div>\n\t\t\t\t<\/div>\n\t\t\t\t<div class=\"elementor-element elementor-element-06b1ef2 elementor-widget elementor-widget-text-editor\" data-id=\"06b1ef2\" data-element_type=\"widget\" data-e-type=\"widget\" data-widget_type=\"text-editor.default\">\n\t\t\t\t<div class=\"elementor-widget-container\">\n\t\t\t\t\t\t\t\t\t<p>Este art\u00edculo es uno de los muchos recursos de nuestro blog. Si quieres m\u00e1s inspiraci\u00f3n para acampar, consulta <\/p><p><a href=\"https:\/\/oceancamper.com\/es\/acampada-libre-en-portugal-no-oficial\/\">Acampada libre en Portugal<\/a>: normativa actualizada, consejos de seguridad contra incendios y los mejores lugares.<\/p><p><a href=\"https:\/\/oceancamper.com\/es\/surf-en-portugal\/\">Surf en Portugal<\/a>: una gu\u00eda de las mejores playas y de d\u00f3nde alquilar el equipo.<\/p><p><a href=\"https:\/\/oceancamper.com\/es\/consejos-para-viajar-solo-por-portugal\/\">Consejos para viajar solo por Portugal<\/a>: recomendaciones de seguridad y actividades recomendadas.<\/p><p>\u00bfNecesitas una furgoneta para el viaje? Nuestra <a href=\"https:\/\/oceancamper.com\/es\/alquiler-de-campervan\/ocean-camper-maxima-valoracion-en-trustpilot\/\">oficina de alquiler de autocaravanas en Faro<\/a> est\u00e1 a 2 km del aeropuerto, y tambi\u00e9n ofrecemos recogida en <a href=\"https:\/\/oceancamper.com\/es\/alquiler-de-campervan\/lisboa\/\">Lisboa<\/a>. Todas las autocaravanas vienen equipadas con una ducha exterior y un dep\u00f3sito de agua, as\u00ed que nunca estar\u00e1s lejos de un sitio donde darte un refresco.  <\/p><p>\u00bfTienes alguna duda sobre tu ruta? Env\u00edanos un correo <a href=\"mailto:info@oceancamper.com\">a info@oceancamper.com<\/a> o ll\u00e1manos o env\u00edanos un mensaje por WhatsApp al <a href=\"tel:+351920301044\">+351 920 301 044<\/a>. <\/p>\t\t\t\t\t\t\t\t<\/div>\n\t\t\t\t<\/div>\n\t\t\t\t\t<\/div>\n\t\t<\/div>\n\t\t\t\t\t<\/div>\n\t\t<\/section>\n\t\t\t\t<section class=\"elementor-section elementor-top-section elementor-element elementor-element-5ef359c9 elementor-section-stretched elementor-section-boxed elementor-section-height-default elementor-section-height-default\" data-id=\"5ef359c9\" data-element_type=\"section\" data-e-type=\"section\" data-settings=\"{&quot;stretch_section&quot;:&quot;section-stretched&quot;,&quot;background_background&quot;:&quot;classic&quot;}\">\n\t\t\t\t\t\t<div class=\"elementor-container elementor-column-gap-default\">\n\t\t\t\t\t<div class=\"elementor-column elementor-col-100 elementor-top-column elementor-element elementor-element-3d773539\" data-id=\"3d773539\" data-element_type=\"column\" data-e-type=\"column\">\n\t\t\t<div class=\"elementor-widget-wrap elementor-element-populated\">\n\t\t\t\t\t\t<section class=\"elementor-section elementor-inner-section elementor-element elementor-element-41327df5 elementor-section-boxed elementor-section-height-default elementor-section-height-default\" data-id=\"41327df5\" data-element_type=\"section\" data-e-type=\"section\">\n\t\t\t\t\t\t<div class=\"elementor-container elementor-column-gap-default\">\n\t\t\t\t\t<div class=\"elementor-column elementor-col-100 elementor-inner-column elementor-element elementor-element-1102a590\" data-id=\"1102a590\" data-element_type=\"column\" data-e-type=\"column\">\n\t\t\t<div class=\"elementor-widget-wrap elementor-element-populated\">\n\t\t\t\t\t\t<div class=\"elementor-element elementor-element-2ae847ce elementor-widget elementor-widget-heading\" data-id=\"2ae847ce\" data-element_type=\"widget\" data-e-type=\"widget\" data-widget_type=\"heading.default\">\n\t\t\t\t<div class=\"elementor-widget-container\">\n\t\t\t\t\t<h3 class=\"elementor-heading-title elementor-size-default\">Consulta nuestras otras publicaciones:<\/h3>\t\t\t\t<\/div>\n\t\t\t\t<\/div>\n\t\t\t\t<div class=\"elementor-element elementor-element-43ebf086 elementor-grid-tablet-3 elementor-grid-3 elementor-grid-mobile-1 elementor-posts--thumbnail-top elementor-posts__hover-gradient elementor-widget elementor-widget-posts\" data-id=\"43ebf086\" data-element_type=\"widget\" data-e-type=\"widget\" data-settings=\"{&quot;cards_row_gap&quot;:{&quot;unit&quot;:&quot;px&quot;,&quot;size&quot;:20,&quot;sizes&quot;:[]},&quot;cards_row_gap_mobile&quot;:{&quot;unit&quot;:&quot;px&quot;,&quot;size&quot;:10,&quot;sizes&quot;:[]},&quot;cards_columns_tablet&quot;:&quot;3&quot;,&quot;cards_row_gap_tablet&quot;:{&quot;unit&quot;:&quot;px&quot;,&quot;size&quot;:5,&quot;sizes&quot;:[]},&quot;cards_columns&quot;:&quot;3&quot;,&quot;cards_columns_mobile&quot;:&quot;1&quot;}\" data-widget_type=\"posts.cards\">\n\t\t\t\t<div class=\"elementor-widget-container\">\n\t\t\t\t\t\t\t<div class=\"elementor-posts-container elementor-posts elementor-posts--skin-cards elementor-grid\" role=\"list\">\n\t\t\t\t<article class=\"elementor-post elementor-grid-item post-82369 post type-post status-publish format-standard has-post-thumbnail hentry category-consejos-de-camping tag-solocamping-solotraveller-campingtips-es\" role=\"listitem\">\n\t\t\t<div class=\"elementor-post__card\">\n\t\t\t\t<a class=\"elementor-post__thumbnail__link\" href=\"https:\/\/oceancamper.com\/es\/consejos-para-viajar-solo-por-portugal\/\" tabindex=\"-1\" ><div class=\"elementor-post__thumbnail\"><img fetchpriority=\"high\" decoding=\"async\" width=\"300\" height=\"225\" src=\"https:\/\/oceancamper.com\/wp-content\/uploads\/2023\/05\/edited-1-340-min-300x225.jpg\" class=\"attachment-medium size-medium wp-image-81481\" alt=\"Una mujer sentada en la parte trasera de una autocaravana contemplando la puesta de sol: la libertad de viajar sola en el Algarve, Portugal.\" srcset=\"https:\/\/oceancamper.com\/wp-content\/uploads\/2023\/05\/edited-1-340-min-300x225.jpg 300w, https:\/\/oceancamper.com\/wp-content\/uploads\/2023\/05\/edited-1-340-min-1024x768.jpg 1024w, https:\/\/oceancamper.com\/wp-content\/uploads\/2023\/05\/edited-1-340-min-768x576.jpg 768w, https:\/\/oceancamper.com\/wp-content\/uploads\/2023\/05\/edited-1-340-min-1536x1152.jpg 1536w, https:\/\/oceancamper.com\/wp-content\/uploads\/2023\/05\/edited-1-340-min-240x180.jpg 240w, https:\/\/oceancamper.com\/wp-content\/uploads\/2023\/05\/edited-1-340-min.jpg 1707w\" sizes=\"(max-width: 300px) 100vw, 300px\" \/><\/div><\/a>\n\t\t\t\t<div class=\"elementor-post__text\">\n\t\t\t\t<h2 class=\"elementor-post__title\">\n\t\t\t<a href=\"https:\/\/oceancamper.com\/es\/consejos-para-viajar-solo-por-portugal\/\" >\n\t\t\t\tConsejos para viajar solo a portugal\t\t\t<\/a>\n\t\t<\/h2>\n\t\t\t\t<div class=\"elementor-post__excerpt\">\n\t\t\t<p>  \u00bfPor qu\u00e9 viajar solo?<br \/>\n Ventajas de viajar en solitario<br \/>\n Seguridad y entorno social<br \/>\n Sugerencia de actividades  <\/p>\n\t\t<\/div>\n\t\t\n\t\t<a class=\"elementor-post__read-more\" href=\"https:\/\/oceancamper.com\/es\/consejos-para-viajar-solo-por-portugal\/\" aria-label=\"M\u00e1s informaci\u00f3n sobre Consejos para viajar solo a portugal\" tabindex=\"-1\" >\n\t\t\tLeer m\u00e1s \u00bb\t\t<\/a>\n\n\t\t\t\t<\/div>\n\t\t\t\t\t<\/div>\n\t\t<\/article>\n\t\t\t\t<article class=\"elementor-post elementor-grid-item post-82521 post type-post status-publish format-standard has-post-thumbnail hentry category-sin-categorizar tag-campingtips-es tag-suptips-es tag-surfingtips-es\" role=\"listitem\">\n\t\t\t<div class=\"elementor-post__card\">\n\t\t\t\t<a class=\"elementor-post__thumbnail__link\" href=\"https:\/\/oceancamper.com\/es\/los-mejores-lugares-de-portugal\/\" tabindex=\"-1\" ><div class=\"elementor-post__thumbnail\"><img decoding=\"async\" width=\"300\" height=\"200\" src=\"https:\/\/oceancamper.com\/wp-content\/uploads\/2023\/07\/arrifess-300x200.jpg\" class=\"attachment-medium size-medium wp-image-83717\" alt=\"\" srcset=\"https:\/\/oceancamper.com\/wp-content\/uploads\/2023\/07\/arrifess-300x200.jpg 300w, https:\/\/oceancamper.com\/wp-content\/uploads\/2023\/07\/arrifess-768x512.jpg 768w, https:\/\/oceancamper.com\/wp-content\/uploads\/2023\/07\/arrifess-240x160.jpg 240w, https:\/\/oceancamper.com\/wp-content\/uploads\/2023\/07\/arrifess.jpg 960w\" sizes=\"(max-width: 300px) 100vw, 300px\" \/><\/div><\/a>\n\t\t\t\t<div class=\"elementor-post__text\">\n\t\t\t\t<h2 class=\"elementor-post__title\">\n\t\t\t<a href=\"https:\/\/oceancamper.com\/es\/los-mejores-lugares-de-portugal\/\" >\n\t\t\t\tMapa: Los mejores lugares de Portugal, tu gu\u00eda de viaje definitiva\t\t\t<\/a>\n\t\t<\/h2>\n\t\t\t\t<div class=\"elementor-post__excerpt\">\n\t\t\t<p>Un mapa con los mejores lugares para visitar en Portugal: Playas de surf, deportes de SUP y snorkel y campings.  <\/p>\n\t\t<\/div>\n\t\t\n\t\t<a class=\"elementor-post__read-more\" href=\"https:\/\/oceancamper.com\/es\/los-mejores-lugares-de-portugal\/\" aria-label=\"M\u00e1s informaci\u00f3n sobre Mapa: Los mejores lugares de Portugal, tu gu\u00eda de viaje definitiva\" tabindex=\"-1\" >\n\t\t\tLeer m\u00e1s \u00bb\t\t<\/a>\n\n\t\t\t\t<\/div>\n\t\t\t\t\t<\/div>\n\t\t<\/article>\n\t\t\t\t<article class=\"elementor-post elementor-grid-item post-82529 post type-post status-publish format-standard has-post-thumbnail hentry category-sin-categorizar\" role=\"listitem\">\n\t\t\t<div class=\"elementor-post__card\">\n\t\t\t\t<a class=\"elementor-post__thumbnail__link\" href=\"https:\/\/oceancamper.com\/es\/comida-portuguesa\/\" tabindex=\"-1\" ><div class=\"elementor-post__thumbnail\"><img decoding=\"async\" width=\"300\" height=\"300\" src=\"https:\/\/oceancamper.com\/wp-content\/uploads\/2025\/03\/IMG-20250318-WA0022-300x300.jpg\" class=\"attachment-medium size-medium wp-image-164013\" alt=\"Comida portuguesa: pulpo (polvo) con patatas, un plato tradicional a base de marisco.\" srcset=\"https:\/\/oceancamper.com\/wp-content\/uploads\/2025\/03\/IMG-20250318-WA0022-300x300.jpg 300w, https:\/\/oceancamper.com\/wp-content\/uploads\/2025\/03\/IMG-20250318-WA0022-1024x1024.jpg 1024w, https:\/\/oceancamper.com\/wp-content\/uploads\/2025\/03\/IMG-20250318-WA0022-150x150.jpg 150w, https:\/\/oceancamper.com\/wp-content\/uploads\/2025\/03\/IMG-20250318-WA0022-768x768.jpg 768w, https:\/\/oceancamper.com\/wp-content\/uploads\/2025\/03\/IMG-20250318-WA0022-1536x1536.jpg 1536w, https:\/\/oceancamper.com\/wp-content\/uploads\/2025\/03\/IMG-20250318-WA0022-32x32.jpg 32w, https:\/\/oceancamper.com\/wp-content\/uploads\/2025\/03\/IMG-20250318-WA0022-48x48.jpg 48w, https:\/\/oceancamper.com\/wp-content\/uploads\/2025\/03\/IMG-20250318-WA0022-80x80.jpg 80w, https:\/\/oceancamper.com\/wp-content\/uploads\/2025\/03\/IMG-20250318-WA0022-180x180.jpg 180w, https:\/\/oceancamper.com\/wp-content\/uploads\/2025\/03\/IMG-20250318-WA0022.jpg 2048w\" sizes=\"(max-width: 300px) 100vw, 300px\" \/><\/div><\/a>\n\t\t\t\t<div class=\"elementor-post__text\">\n\t\t\t\t<h2 class=\"elementor-post__title\">\n\t\t\t<a href=\"https:\/\/oceancamper.com\/es\/comida-portuguesa\/\" >\n\t\t\t\tGastronom\u00eda portuguesa: pescados, mariscos, carnes y delicias locales que no te puedes perder\t\t\t<\/a>\n\t\t<\/h2>\n\t\t\t\t<div class=\"elementor-post__excerpt\">\n\t\t\t<p>Comida imperdible en Portugal. Recomendaciones para platos t\u00edpicos: pescado, carne, aceite de oliva y vino son los m\u00e1s sabrosos. <\/p>\n\t\t<\/div>\n\t\t\n\t\t<a class=\"elementor-post__read-more\" href=\"https:\/\/oceancamper.com\/es\/comida-portuguesa\/\" aria-label=\"M\u00e1s informaci\u00f3n sobre Gastronom\u00eda portuguesa: pescados, mariscos, carnes y delicias locales que no te puedes perder\" tabindex=\"-1\" >\n\t\t\tLeer m\u00e1s \u00bb\t\t<\/a>\n\n\t\t\t\t<\/div>\n\t\t\t\t\t<\/div>\n\t\t<\/article>\n\t\t\t\t<\/div>\n\t\t\n\t\t\t\t\t\t<\/div>\n\t\t\t\t<\/div>\n\t\t\t\t<div class=\"elementor-element elementor-element-30854eab elementor-align-left elementor-tablet-align-left elementor-mobile-align-left elementor-widget elementor-widget-button\" data-id=\"30854eab\" data-element_type=\"widget\" data-e-type=\"widget\" data-widget_type=\"button.default\">\n\t\t\t\t<div class=\"elementor-widget-container\">\n\t\t\t\t\t\t\t\t\t<div class=\"elementor-button-wrapper\">\n\t\t\t\t\t<a class=\"elementor-button elementor-button-link elementor-size-sm elementor-animation-pop\" href=\"https:\/\/oceancamper.com\/es\/blog\/\">\n\t\t\t\t\t\t<span class=\"elementor-button-content-wrapper\">\n\t\t\t\t\t\t\t\t\t<span class=\"elementor-button-text\">De vuelta al blog<\/span>\n\t\t\t\t\t<\/span>\n\t\t\t\t\t<\/a>\n\t\t\t\t<\/div>\n\t\t\t\t\t\t\t\t<\/div>\n\t\t\t\t<\/div>\n\t\t\t\t\t<\/div>\n\t\t<\/div>\n\t\t\t\t\t<\/div>\n\t\t<\/section>\n\t\t\t\t\t<\/div>\n\t\t<\/div>\n\t\t\t\t\t<\/div>\n\t\t<\/section>\n\t\t\t\t<\/div>\n\t\t","protected":false},"excerpt":{"rendered":"<p>C\u00f3mo encontrar aseos en Portugal Cuando viajas en una autocaravana sin ba\u00f1o integrado, decidir d\u00f3nde ir puede resultar estresante. Por suerte, Portugal te ofrece un mont\u00f3n de opciones, desde campings con todos los servicios hasta apps que te indican d\u00f3nde est\u00e1n los ba\u00f1os p\u00fablicos. Usa esta gu\u00eda para ir c\u00f3modo y mantener limpia la naturaleza [&hellip;]<\/p>\n","protected":false},"author":1,"featured_media":204421,"comment_status":"closed","ping_status":"open","sticky":false,"template":"elementor_header_footer","format":"standard","meta":{"om_disable_all_campaigns":false,"footnotes":""},"categories":[108],"tags":[120,118,119,117],"class_list":["post-82376","post","type-post","status-publish","format-standard","has-post-thumbnail","hentry","category-consejos-de-camping","tag-acampar-en-una-furgoneta-pequena","tag-bano","tag-donde-esta-el-bano-publico","tag-wc-es"],"aioseo_notices":[],"aioseo_head":"\n\t\t<!-- All in One SEO 4.9.10 - aioseo.com -->\n\t<meta name=\"description\" content=\"Descubre la gastronom\u00eda portuguesa con Ocean Camper: sardinas a la parrilla, cataplana de marisco, chouri\u00e7o asado, fruta de temporada y vino del Alentejo. Qu\u00e9 comer en Portugal.\" \/>\n\t<meta name=\"robots\" content=\"max-image-preview:large\" \/>\n\t<meta name=\"author\" content=\"nomadcanguru\"\/>\n\t<link rel=\"canonical\" href=\"https:\/\/oceancamper.com\/es\/comida-portuguesa\/\" \/>\n\t<meta name=\"generator\" content=\"All in One SEO (AIOSEO) 4.9.10\" \/>\n\t\t<meta property=\"og:locale\" content=\"es_ES\" \/>\n\t\t<meta property=\"og:site_name\" content=\"Ocean Camper - Campervan Rental in Faro, Portugal\" \/>\n\t\t<meta property=\"og:type\" content=\"article\" \/>\n\t\t<meta property=\"og:title\" content=\"Gu\u00eda gastron\u00f3mica de Portugal: platos y especialidades que no te puedes perder\" \/>\n\t\t<meta property=\"og:description\" content=\"Descubre la gastronom\u00eda portuguesa con Ocean Camper: sardinas a la parrilla, cataplana de marisco, chouri\u00e7o asado, fruta de temporada y vino del Alentejo. Qu\u00e9 comer en Portugal.\" \/>\n\t\t<meta property=\"og:url\" content=\"https:\/\/oceancamper.com\/es\/comida-portuguesa\/\" \/>\n\t\t<meta property=\"og:image\" content=\"https:\/\/oceancamper.com\/wp-content\/uploads\/2022\/01\/Asset-5.png\" \/>\n\t\t<meta property=\"og:image:secure_url\" content=\"https:\/\/oceancamper.com\/wp-content\/uploads\/2022\/01\/Asset-5.png\" \/>\n\t\t<meta property=\"og:image:width\" content=\"662\" \/>\n\t\t<meta property=\"og:image:height\" content=\"291\" \/>\n\t\t<meta property=\"article:published_time\" content=\"2020-12-22T19:22:49+00:00\" \/>\n\t\t<meta property=\"article:modified_time\" content=\"2026-09-01T16:49:23+00:00\" \/>\n\t\t<meta property=\"article:publisher\" content=\"https:\/\/www.facebook.com\/oceancamper\/\" \/>\n\t\t<meta name=\"twitter:card\" content=\"summary\" \/>\n\t\t<meta name=\"twitter:site\" content=\"@Ocean_Camper\" \/>\n\t\t<meta name=\"twitter:title\" content=\"Gu\u00eda gastron\u00f3mica de Portugal: platos y especialidades que no te puedes perder\" \/>\n\t\t<meta name=\"twitter:description\" content=\"Descubre la gastronom\u00eda portuguesa con Ocean Camper: sardinas a la parrilla, cataplana de marisco, chouri\u00e7o asado, fruta de temporada y vino del Alentejo. Qu\u00e9 comer en Portugal.\" \/>\n\t\t<meta name=\"twitter:creator\" content=\"@Ocean_Camper\" \/>\n\t\t<meta name=\"twitter:image\" content=\"https:\/\/oceancamper.com\/wp-content\/uploads\/2022\/01\/Asset-5.png\" \/>\n\t\t<script type=\"application\/ld+json\" class=\"aioseo-schema\">\n\t\t\t{\"@context\":\"https:\\\/\\\/schema.org\",\"@graph\":[{\"@type\":\"BlogPosting\",\"@id\":\"https:\\\/\\\/oceancamper.com\\\/es\\\/comida-portuguesa\\\/#blogposting\",\"name\":\"Gu\\u00eda gastron\\u00f3mica de Portugal: platos y especialidades que no te puedes perder\",\"headline\":\"Gastronom\\u00eda portuguesa: pescados, mariscos, carnes y delicias locales que no te puedes perder\",\"author\":{\"@id\":\"https:\\\/\\\/oceancamper.com\\\/es\\\/author\\\/nomadcanguru\\\/#author\"},\"publisher\":{\"@id\":\"https:\\\/\\\/oceancamper.com\\\/es\\\/#organization\"},\"image\":{\"@type\":\"ImageObject\",\"url\":\"https:\\\/\\\/oceancamper.com\\\/wp-content\\\/uploads\\\/2025\\\/03\\\/IMG-20250318-WA0022.jpg\",\"width\":2048,\"height\":2048,\"caption\":\"Polvo \\u00e0 Lagareiro - pulpo al horno con patatas y ajo - una especialidad cl\\u00e1sica de la comida portuguesa.\"},\"datePublished\":\"2020-12-22T19:22:49+00:00\",\"dateModified\":\"2026-09-01T16:49:23+00:00\",\"inLanguage\":\"es-ES\",\"mainEntityOfPage\":{\"@id\":\"https:\\\/\\\/oceancamper.com\\\/es\\\/comida-portuguesa\\\/#webpage\"},\"isPartOf\":{\"@id\":\"https:\\\/\\\/oceancamper.com\\\/es\\\/comida-portuguesa\\\/#webpage\"},\"articleSection\":\"Sin categorizar, Opcional\"},{\"@type\":\"BreadcrumbList\",\"@id\":\"https:\\\/\\\/oceancamper.com\\\/es\\\/comida-portuguesa\\\/#breadcrumblist\",\"itemListElement\":[{\"@type\":\"ListItem\",\"@id\":\"https:\\\/\\\/oceancamper.com\\\/es\\\/#listItem\",\"position\":1,\"name\":\"Home\",\"item\":\"https:\\\/\\\/oceancamper.com\\\/es\\\/\",\"nextItem\":{\"@type\":\"ListItem\",\"@id\":\"https:\\\/\\\/oceancamper.com\\\/es\\\/category\\\/consejos-de-camping\\\/#listItem\",\"name\":\"Consejos de camping.\"}},{\"@type\":\"ListItem\",\"@id\":\"https:\\\/\\\/oceancamper.com\\\/es\\\/category\\\/consejos-de-camping\\\/#listItem\",\"position\":2,\"name\":\"Consejos de camping.\",\"item\":\"https:\\\/\\\/oceancamper.com\\\/es\\\/category\\\/consejos-de-camping\\\/\",\"nextItem\":{\"@type\":\"ListItem\",\"@id\":\"https:\\\/\\\/oceancamper.com\\\/es\\\/el-bano-cuando-vas-de-acampada\\\/#listItem\",\"name\":\"Encontra una ba\\u00f1o al acampar\"},\"previousItem\":{\"@type\":\"ListItem\",\"@id\":\"https:\\\/\\\/oceancamper.com\\\/es\\\/#listItem\",\"name\":\"Home\"}},{\"@type\":\"ListItem\",\"@id\":\"https:\\\/\\\/oceancamper.com\\\/es\\\/el-bano-cuando-vas-de-acampada\\\/#listItem\",\"position\":3,\"name\":\"Encontra una ba\\u00f1o al acampar\",\"previousItem\":{\"@type\":\"ListItem\",\"@id\":\"https:\\\/\\\/oceancamper.com\\\/es\\\/category\\\/consejos-de-camping\\\/#listItem\",\"name\":\"Consejos de camping.\"}}]},{\"@type\":\"Organization\",\"@id\":\"https:\\\/\\\/oceancamper.com\\\/es\\\/#organization\",\"name\":\"Ocean Camper\",\"description\":\"Ocean Camper provides affordable campervan rental in Portugal with fully equipped campervans for up to three people, available in Faro and Lisbon for flexible road trips.\",\"url\":\"https:\\\/\\\/oceancamper.com\\\/es\\\/\",\"email\":\"info@oceancamper.com\",\"telephone\":\"+351920301044\",\"foundingDate\":\"2017-04-19\",\"numberOfEmployees\":{\"@type\":\"QuantitativeValue\",\"minValue\":0,\"maxValue\":10},\"logo\":{\"@type\":\"ImageObject\",\"url\":\"https:\\\/\\\/oceancamper.com\\\/wp-content\\\/uploads\\\/2022\\\/01\\\/Asset-5.png\",\"@id\":\"https:\\\/\\\/oceancamper.com\\\/es\\\/comida-portuguesa\\\/#organizationLogo\",\"width\":662,\"height\":291,\"caption\":\"Ocean Camper logo\"},\"image\":{\"@id\":\"https:\\\/\\\/oceancamper.com\\\/es\\\/comida-portuguesa\\\/#organizationLogo\"},\"sameAs\":[\"https:\\\/\\\/www.facebook.com\\\/oceancamper\\\/\",\"https:\\\/\\\/x.com\\\/Ocean_Camper\",\"https:\\\/\\\/www.instagram.com\\\/oceancamper.vans\\\/\",\"https:\\\/\\\/www.tiktok.com\\\/@oceancamper.vans\",\"https:\\\/\\\/www.youtube.com\\\/@oceancamper\",\"https:\\\/\\\/www.linkedin.com\\\/company\\\/oceancamper\\\/\",\"https:\\\/\\\/www.trustpilot.com\\\/review\\\/oceancamper.com\"]},{\"@type\":\"Person\",\"@id\":\"https:\\\/\\\/oceancamper.com\\\/es\\\/author\\\/nomadcanguru\\\/#author\",\"url\":\"https:\\\/\\\/oceancamper.com\\\/es\\\/author\\\/nomadcanguru\\\/\",\"name\":\"nomadcanguru\",\"image\":{\"@type\":\"ImageObject\",\"@id\":\"https:\\\/\\\/oceancamper.com\\\/es\\\/comida-portuguesa\\\/#authorImage\",\"url\":\"https:\\\/\\\/secure.gravatar.com\\\/avatar\\\/3a5092e8a35779f7501b5a8c315d77eae173c0705d8cfd512c06ce5460985e92?s=96&d=mm&r=g\",\"width\":96,\"height\":96,\"caption\":\"nomadcanguru\"}},{\"@type\":\"WebPage\",\"@id\":\"https:\\\/\\\/oceancamper.com\\\/es\\\/comida-portuguesa\\\/#webpage\",\"url\":\"https:\\\/\\\/oceancamper.com\\\/es\\\/comida-portuguesa\\\/\",\"name\":\"Gu\\u00eda gastron\\u00f3mica de Portugal: platos y especialidades que no te puedes perder\",\"description\":\"Descubre la gastronom\\u00eda portuguesa con Ocean Camper: sardinas a la parrilla, cataplana de marisco, chouri\\u00e7o asado, fruta de temporada y vino del Alentejo. Qu\\u00e9 comer en Portugal.\",\"inLanguage\":\"es-ES\",\"isPartOf\":{\"@id\":\"https:\\\/\\\/oceancamper.com\\\/es\\\/#website\"},\"breadcrumb\":{\"@id\":\"https:\\\/\\\/oceancamper.com\\\/es\\\/comida-portuguesa\\\/#breadcrumblist\"},\"author\":{\"@id\":\"https:\\\/\\\/oceancamper.com\\\/es\\\/author\\\/nomadcanguru\\\/#author\"},\"creator\":{\"@id\":\"https:\\\/\\\/oceancamper.com\\\/es\\\/author\\\/nomadcanguru\\\/#author\"},\"image\":{\"@type\":\"ImageObject\",\"url\":\"https:\\\/\\\/oceancamper.com\\\/wp-content\\\/uploads\\\/2025\\\/03\\\/IMG-20250318-WA0022.jpg\",\"@id\":\"https:\\\/\\\/oceancamper.com\\\/es\\\/comida-portuguesa\\\/#mainImage\",\"width\":2048,\"height\":2048,\"caption\":\"Polvo \\u00e0 Lagareiro - pulpo al horno con patatas y ajo - una especialidad cl\\u00e1sica de la comida portuguesa.\"},\"primaryImageOfPage\":{\"@id\":\"https:\\\/\\\/oceancamper.com\\\/es\\\/comida-portuguesa\\\/#mainImage\"},\"datePublished\":\"2020-12-22T19:22:49+00:00\",\"dateModified\":\"2026-09-01T16:49:23+00:00\"},{\"@type\":\"WebSite\",\"@id\":\"https:\\\/\\\/oceancamper.com\\\/es\\\/#website\",\"url\":\"https:\\\/\\\/oceancamper.com\\\/es\\\/\",\"name\":\"Ocean Camper\",\"alternateName\":\"Ocean Camper Portugal\",\"description\":\"Campervan Rental in Faro, Portugal\",\"inLanguage\":\"es-ES\",\"publisher\":{\"@id\":\"https:\\\/\\\/oceancamper.com\\\/es\\\/#organization\"}}]}\n\t\t<\/script>\n\t\t<!-- All in One SEO -->\n\n","aioseo_head_json":{"title":"Gu\u00eda gastron\u00f3mica de Portugal: platos y especialidades que no te puedes perder","description":"Descubre la gastronom\u00eda portuguesa con Ocean Camper: sardinas a la parrilla, cataplana de marisco, chouri\u00e7o asado, fruta de temporada y vino del Alentejo. Qu\u00e9 comer en Portugal.","canonical_url":"https:\/\/oceancamper.com\/es\/comida-portuguesa\/","robots":"max-image-preview:large","keywords":"","webmasterTools":{"miscellaneous":""},"schema":{"@context":"https:\/\/schema.org","@graph":[{"@type":"BlogPosting","@id":"https:\/\/oceancamper.com\/es\/comida-portuguesa\/#blogposting","name":"Gu\u00eda gastron\u00f3mica de Portugal: platos y especialidades que no te puedes perder","headline":"Gastronom\u00eda portuguesa: pescados, mariscos, carnes y delicias locales que no te puedes perder","author":{"@id":"https:\/\/oceancamper.com\/es\/author\/nomadcanguru\/#author"},"publisher":{"@id":"https:\/\/oceancamper.com\/es\/#organization"},"image":{"@type":"ImageObject","url":"https:\/\/oceancamper.com\/wp-content\/uploads\/2025\/03\/IMG-20250318-WA0022.jpg","width":2048,"height":2048,"caption":"Polvo \u00e0 Lagareiro - pulpo al horno con patatas y ajo - una especialidad cl\u00e1sica de la comida portuguesa."},"datePublished":"2020-12-22T19:22:49+00:00","dateModified":"2026-09-01T16:49:23+00:00","inLanguage":"es-ES","mainEntityOfPage":{"@id":"https:\/\/oceancamper.com\/es\/comida-portuguesa\/#webpage"},"isPartOf":{"@id":"https:\/\/oceancamper.com\/es\/comida-portuguesa\/#webpage"},"articleSection":"Sin categorizar, Opcional"},{"@type":"BreadcrumbList","@id":"https:\/\/oceancamper.com\/es\/comida-portuguesa\/#breadcrumblist","itemListElement":[{"@type":"ListItem","@id":"https:\/\/oceancamper.com\/es\/#listItem","position":1,"name":"Home","item":"https:\/\/oceancamper.com\/es\/","nextItem":{"@type":"ListItem","@id":"https:\/\/oceancamper.com\/es\/category\/consejos-de-camping\/#listItem","name":"Consejos de camping."}},{"@type":"ListItem","@id":"https:\/\/oceancamper.com\/es\/category\/consejos-de-camping\/#listItem","position":2,"name":"Consejos de camping.","item":"https:\/\/oceancamper.com\/es\/category\/consejos-de-camping\/","nextItem":{"@type":"ListItem","@id":"https:\/\/oceancamper.com\/es\/el-bano-cuando-vas-de-acampada\/#listItem","name":"Encontra una ba\u00f1o al acampar"},"previousItem":{"@type":"ListItem","@id":"https:\/\/oceancamper.com\/es\/#listItem","name":"Home"}},{"@type":"ListItem","@id":"https:\/\/oceancamper.com\/es\/el-bano-cuando-vas-de-acampada\/#listItem","position":3,"name":"Encontra una ba\u00f1o al acampar","previousItem":{"@type":"ListItem","@id":"https:\/\/oceancamper.com\/es\/category\/consejos-de-camping\/#listItem","name":"Consejos de camping."}}]},{"@type":"Organization","@id":"https:\/\/oceancamper.com\/es\/#organization","name":"Ocean Camper","description":"Ocean Camper provides affordable campervan rental in Portugal with fully equipped campervans for up to three people, available in Faro and Lisbon for flexible road trips.","url":"https:\/\/oceancamper.com\/es\/","email":"info@oceancamper.com","telephone":"+351920301044","foundingDate":"2017-04-19","numberOfEmployees":{"@type":"QuantitativeValue","minValue":0,"maxValue":10},"logo":{"@type":"ImageObject","url":"https:\/\/oceancamper.com\/wp-content\/uploads\/2022\/01\/Asset-5.png","@id":"https:\/\/oceancamper.com\/es\/comida-portuguesa\/#organizationLogo","width":662,"height":291,"caption":"Ocean Camper logo"},"image":{"@id":"https:\/\/oceancamper.com\/es\/comida-portuguesa\/#organizationLogo"},"sameAs":["https:\/\/www.facebook.com\/oceancamper\/","https:\/\/x.com\/Ocean_Camper","https:\/\/www.instagram.com\/oceancamper.vans\/","https:\/\/www.tiktok.com\/@oceancamper.vans","https:\/\/www.youtube.com\/@oceancamper","https:\/\/www.linkedin.com\/company\/oceancamper\/","https:\/\/www.trustpilot.com\/review\/oceancamper.com"]},{"@type":"Person","@id":"https:\/\/oceancamper.com\/es\/author\/nomadcanguru\/#author","url":"https:\/\/oceancamper.com\/es\/author\/nomadcanguru\/","name":"nomadcanguru","image":{"@type":"ImageObject","@id":"https:\/\/oceancamper.com\/es\/comida-portuguesa\/#authorImage","url":"https:\/\/secure.gravatar.com\/avatar\/3a5092e8a35779f7501b5a8c315d77eae173c0705d8cfd512c06ce5460985e92?s=96&d=mm&r=g","width":96,"height":96,"caption":"nomadcanguru"}},{"@type":"WebPage","@id":"https:\/\/oceancamper.com\/es\/comida-portuguesa\/#webpage","url":"https:\/\/oceancamper.com\/es\/comida-portuguesa\/","name":"Gu\u00eda gastron\u00f3mica de Portugal: platos y especialidades que no te puedes perder","description":"Descubre la gastronom\u00eda portuguesa con Ocean Camper: sardinas a la parrilla, cataplana de marisco, chouri\u00e7o asado, fruta de temporada y vino del Alentejo. Qu\u00e9 comer en Portugal.","inLanguage":"es-ES","isPartOf":{"@id":"https:\/\/oceancamper.com\/es\/#website"},"breadcrumb":{"@id":"https:\/\/oceancamper.com\/es\/comida-portuguesa\/#breadcrumblist"},"author":{"@id":"https:\/\/oceancamper.com\/es\/author\/nomadcanguru\/#author"},"creator":{"@id":"https:\/\/oceancamper.com\/es\/author\/nomadcanguru\/#author"},"image":{"@type":"ImageObject","url":"https:\/\/oceancamper.com\/wp-content\/uploads\/2025\/03\/IMG-20250318-WA0022.jpg","@id":"https:\/\/oceancamper.com\/es\/comida-portuguesa\/#mainImage","width":2048,"height":2048,"caption":"Polvo \u00e0 Lagareiro - pulpo al horno con patatas y ajo - una especialidad cl\u00e1sica de la comida portuguesa."},"primaryImageOfPage":{"@id":"https:\/\/oceancamper.com\/es\/comida-portuguesa\/#mainImage"},"datePublished":"2020-12-22T19:22:49+00:00","dateModified":"2026-09-01T16:49:23+00:00"},{"@type":"WebSite","@id":"https:\/\/oceancamper.com\/es\/#website","url":"https:\/\/oceancamper.com\/es\/","name":"Ocean Camper","alternateName":"Ocean Camper Portugal","description":"Campervan Rental in Faro, Portugal","inLanguage":"es-ES","publisher":{"@id":"https:\/\/oceancamper.com\/es\/#organization"}}]},"og:locale":"es_ES","og:site_name":"Ocean Camper - Campervan Rental in Faro, Portugal","og:type":"article","og:title":"Gu\u00eda gastron\u00f3mica de Portugal: platos y especialidades que no te puedes perder","og:description":"Descubre la gastronom\u00eda portuguesa con Ocean Camper: sardinas a la parrilla, cataplana de marisco, chouri\u00e7o asado, fruta de temporada y vino del Alentejo. Qu\u00e9 comer en Portugal.","og:url":"https:\/\/oceancamper.com\/es\/comida-portuguesa\/","og:image":"https:\/\/oceancamper.com\/wp-content\/uploads\/2022\/01\/Asset-5.png","og:image:secure_url":"https:\/\/oceancamper.com\/wp-content\/uploads\/2022\/01\/Asset-5.png","og:image:width":662,"og:image:height":291,"article:published_time":"2020-12-22T19:22:49+00:00","article:modified_time":"2026-09-01T16:49:23+00:00","article:publisher":"https:\/\/www.facebook.com\/oceancamper\/","twitter:card":"summary","twitter:site":"@Ocean_Camper","twitter:title":"Gu\u00eda gastron\u00f3mica de Portugal: platos y especialidades que no te puedes perder","twitter:description":"Descubre la gastronom\u00eda portuguesa con Ocean Camper: sardinas a la parrilla, cataplana de marisco, chouri\u00e7o asado, fruta de temporada y vino del Alentejo. Qu\u00e9 comer en Portugal.","twitter:creator":"@Ocean_Camper","twitter:image":"https:\/\/oceancamper.com\/wp-content\/uploads\/2022\/01\/Asset-5.png"},"aioseo_meta_data":{"post_id":"82376","title":"Aseos p\u00fablicos en Portugal: d\u00f3nde encontrarlos","description":"D\u00f3nde encontrar ba\u00f1os p\u00fablicos en Portugal: campings, playas, cafeter\u00edas, supermercados y \u00e1reas de servicio, adem\u00e1s de qu\u00e9 puedes esperar y cu\u00e1nto cuestan.","keywords":null,"keyphrases":{"focus":{"keyphrase":"toilets in portugal","score":37,"analysis":{"keyphraseInTitle":{"score":3,"maxScore":9,"error":1},"keyphraseInDescription":{"score":3,"maxScore":9,"error":1},"keyphraseLength":{"score":9,"maxScore":9,"error":0,"length":4},"keyphraseInURL":{"score":1,"maxScore":5,"error":1},"keyphraseInIntroduction":{"score":3,"maxScore":9,"error":1},"keyphraseInSubHeadings":{"score":3,"maxScore":9,"error":1},"keyphraseInImageAlt":{"score":3,"maxScore":9,"error":1},"keywordDensity":{"score":0,"type":"low","maxScore":9,"error":1}}},"additional":[{"keyphrase":"public toilets in portugal"},{"keyphrase":"wc in portugal"},{"keyphrase":"portugal toilets"},{"keyphrase":"toilets when camping portugal"}]},"primary_term":null,"canonical_url":null,"og_title":"Aseos p\u00fablicos en Portugal: d\u00f3nde encontrarlos","og_description":"D\u00f3nde encontrar ba\u00f1os p\u00fablicos en Portugal: campings, playas, cafeter\u00edas, supermercados y \u00e1reas de servicio, adem\u00e1s de qu\u00e9 puedes esperar y cu\u00e1nto cuestan.","og_object_type":"default","og_image_type":"default","og_image_url":null,"og_image_width":null,"og_image_height":null,"og_image_custom_url":null,"og_image_custom_fields":null,"og_video":"","og_custom_url":null,"og_article_section":null,"og_article_tags":null,"twitter_use_og":false,"twitter_card":"default","twitter_image_type":"default","twitter_image_url":null,"twitter_image_custom_url":null,"twitter_image_custom_fields":null,"twitter_title":"Aseos p\u00fablicos en Portugal: d\u00f3nde encontrarlos","twitter_description":"D\u00f3nde encontrar ba\u00f1os p\u00fablicos en Portugal: campings, playas, cafeter\u00edas, supermercados y \u00e1reas de servicio, adem\u00e1s de qu\u00e9 puedes esperar y cu\u00e1nto cuestan.","schema":{"blockGraphs":[],"customGraphs":[],"default":{"data":{"Article":[],"Course":[],"Dataset":[],"FAQPage":[],"Movie":[],"Person":[],"Product":[],"ProductReview":[],"Car":[],"Recipe":[],"Service":[],"SoftwareApplication":[],"WebPage":[]},"graphName":"BlogPosting","isEnabled":true},"graphs":[]},"schema_type":"default","schema_type_options":null,"pillar_content":false,"robots_default":true,"robots_noindex":false,"robots_noarchive":false,"robots_nosnippet":false,"robots_nofollow":false,"robots_noimageindex":false,"robots_noodp":false,"robots_notranslate":false,"robots_max_snippet":"-1","robots_max_videopreview":"-1","robots_max_imagepreview":"large","priority":null,"frequency":"default","local_seo":null,"seo_analyzer_scan_date":"2026-01-29 13:30:07","breadcrumb_settings":null,"limit_modified_date":false,"open_ai":null,"ai":{"faqs":[],"keyPoints":[],"titles":[],"descriptions":[],"socialPosts":{"email":[],"linkedin":[],"twitter":[],"facebook":[],"instagram":[]}},"created":"2023-06-26 13:45:55","updated":"2026-09-01 16:50:32"},"aioseo_breadcrumb":"<div class=\"aioseo-breadcrumbs\"><span class=\"aioseo-breadcrumb\">\n\t\t\t<a href=\"https:\/\/oceancamper.com\/es\/\" title=\"Home\">Home<\/a>\n\t\t<\/span><span class=\"aioseo-breadcrumb-separator\">\u00bb<\/span><span class=\"aioseo-breadcrumb\">\n\t\t\t<a href=\"https:\/\/oceancamper.com\/es\/category\/consejos-de-camping\/\" title=\"Consejos de camping.\">Consejos de camping.<\/a>\n\t\t<\/span><span class=\"aioseo-breadcrumb-separator\">\u00bb<\/span><span class=\"aioseo-breadcrumb\">\n\t\t\tEncontra una ba\u00f1o al acampar\n\t\t<\/span><\/div>","aioseo_breadcrumb_json":[{"label":"Home","link":"https:\/\/oceancamper.com\/es\/"},{"label":"Consejos de camping.","link":"https:\/\/oceancamper.com\/es\/category\/consejos-de-camping\/"},{"label":"Encontra una ba\u00f1o al acampar","link":"https:\/\/oceancamper.com\/es\/el-bano-cuando-vas-de-acampada\/"}],"_links":{"self":[{"href":"https:\/\/oceancamper.com\/es\/wp-json\/wp\/v2\/posts\/82376","targetHints":{"allow":["GET"]}}],"collection":[{"href":"https:\/\/oceancamper.com\/es\/wp-json\/wp\/v2\/posts"}],"about":[{"href":"https:\/\/oceancamper.com\/es\/wp-json\/wp\/v2\/types\/post"}],"author":[{"embeddable":true,"href":"https:\/\/oceancamper.com\/es\/wp-json\/wp\/v2\/users\/1"}],"replies":[{"embeddable":true,"href":"https:\/\/oceancamper.com\/es\/wp-json\/wp\/v2\/comments?post=82376"}],"version-history":[{"count":6,"href":"https:\/\/oceancamper.com\/es\/wp-json\/wp\/v2\/posts\/82376\/revisions"}],"predecessor-version":[{"id":275427,"href":"https:\/\/oceancamper.com\/es\/wp-json\/wp\/v2\/posts\/82376\/revisions\/275427"}],"wp:featuredmedia":[{"embeddable":true,"href":"https:\/\/oceancamper.com\/es\/wp-json\/wp\/v2\/media\/204421"}],"wp:attachment":[{"href":"https:\/\/oceancamper.com\/es\/wp-json\/wp\/v2\/media?parent=82376"}],"wp:term":[{"taxonomy":"category","embeddable":true,"href":"https:\/\/oceancamper.com\/es\/wp-json\/wp\/v2\/categories?post=82376"},{"taxonomy":"post_tag","embeddable":true,"href":"https:\/\/oceancamper.com\/es\/wp-json\/wp\/v2\/tags?post=82376"}],"curies":[{"name":"wp","href":"https:\/\/api.w.org\/{rel}","templated":true}]}}