{"id":5814,"date":"2020-12-21T20:04:28","date_gmt":"2020-12-21T20:04:28","guid":{"rendered":"https:\/\/oceancamper.com\/surfen-in-portugal\/"},"modified":"2026-09-01T16:48:46","modified_gmt":"2026-09-01T16:48:46","slug":"surfen-in-portugal","status":"publish","type":"post","link":"https:\/\/oceancamper.com\/de\/surfen-in-portugal\/","title":{"rendered":"Surfen in Portugal: Die besten Str\u00e4nde, Surfspots und Wohnmobil-Reisef\u00fchrer"},"content":{"rendered":"\t\t<div data-elementor-type=\"wp-post\" data-elementor-id=\"5814\" class=\"elementor elementor-5814 elementor-384\" data-elementor-post-type=\"post\">\n\t\t\t\t\t\t<section class=\"elementor-section elementor-top-section elementor-element elementor-element-928f519 elementor-section-height-min-height elementor-section-stretched elementor-section-content-middle elementor-section-boxed elementor-section-height-default elementor-section-items-middle\" data-id=\"928f519\" data-element_type=\"section\" data-e-type=\"section\" data-settings=\"{&quot;stretch_section&quot;:&quot;section-stretched&quot;,&quot;background_background&quot;:&quot;classic&quot;}\">\n\t\t\t\t\t\t\t<div class=\"elementor-background-overlay\"><\/div>\n\t\t\t\t\t\t\t<div class=\"elementor-container elementor-column-gap-default\">\n\t\t\t\t\t<div class=\"elementor-column elementor-col-100 elementor-top-column elementor-element elementor-element-309ffea\" data-id=\"309ffea\" data-element_type=\"column\" data-e-type=\"column\">\n\t\t\t<div class=\"elementor-widget-wrap elementor-element-populated\">\n\t\t\t\t\t\t<div class=\"elementor-element elementor-element-8f79145 elementor-widget elementor-widget-theme-post-title elementor-page-title elementor-widget-heading\" data-id=\"8f79145\" data-element_type=\"widget\" data-e-type=\"widget\" data-widget_type=\"theme-post-title.default\">\n\t\t\t\t<div class=\"elementor-widget-container\">\n\t\t\t\t\t<h1 class=\"elementor-heading-title elementor-size-default\">Surfen in Portugal: Die besten Str\u00e4nde, Surfspots und Wohnmobil-Reisef\u00fchrer<\/h1>\t\t\t\t<\/div>\n\t\t\t\t<\/div>\n\t\t\t\t<section class=\"elementor-section elementor-inner-section elementor-element elementor-element-8b0eec6 elementor-section-boxed elementor-section-height-default elementor-section-height-default\" data-id=\"8b0eec6\" data-element_type=\"section\" data-e-type=\"section\">\n\t\t\t\t\t\t<div class=\"elementor-container elementor-column-gap-default\">\n\t\t\t\t\t<div class=\"elementor-column elementor-col-33 elementor-inner-column elementor-element elementor-element-05e39e0\" data-id=\"05e39e0\" data-element_type=\"column\" data-e-type=\"column\">\n\t\t\t<div class=\"elementor-widget-wrap\">\n\t\t\t\t\t\t\t<\/div>\n\t\t<\/div>\n\t\t\t\t<div class=\"elementor-column elementor-col-33 elementor-inner-column elementor-element elementor-element-f08ffcf\" data-id=\"f08ffcf\" data-element_type=\"column\" data-e-type=\"column\">\n\t\t\t<div class=\"elementor-widget-wrap elementor-element-populated\">\n\t\t\t\t\t\t<div class=\"elementor-element elementor-element-5c77975 elementor-author-box--align-center elementor-author-box--layout-image-above elementor-widget elementor-widget-author-box\" data-id=\"5c77975\" data-element_type=\"widget\" data-e-type=\"widget\" data-widget_type=\"author-box.default\">\n\t\t\t\t<div class=\"elementor-widget-container\">\n\t\t\t\t\t\t\t<div class=\"elementor-author-box\">\n\t\t\t\t\t\t\t<div  class=\"elementor-author-box__avatar\">\n\t\t\t\t\t<img decoding=\"async\" src=\"https:\/\/oceancamper.com\/wp-content\/uploads\/2022\/02\/Nina-min-1-300x300.jpg\" alt=\"Bild von Nina\" loading=\"lazy\">\n\t\t\t\t<\/div>\n\t\t\t\n\t\t\t<div class=\"elementor-author-box__text\">\n\t\t\t\t\t\t\t\t\t<div >\n\t\t\t\t\t\t<h4 class=\"elementor-author-box__name\">\n\t\t\t\t\t\t\tNina\t\t\t\t\t\t<\/h4>\n\t\t\t\t\t<\/div>\n\t\t\t\t\n\t\t\t\t\t\t\t\t\t<div class=\"elementor-author-box__bio\">\n\t\t\t\t\t\t<p>Ocean Camper CEO<\/p>\n\t\t\t\t\t<\/div>\n\t\t\t\t\n\t\t\t\t\t\t\t<\/div>\n\t\t<\/div>\n\t\t\t\t\t\t<\/div>\n\t\t\t\t<\/div>\n\t\t\t\t\t<\/div>\n\t\t<\/div>\n\t\t\t\t<div class=\"elementor-column elementor-col-33 elementor-inner-column elementor-element elementor-element-e607f89\" data-id=\"e607f89\" data-element_type=\"column\" data-e-type=\"column\">\n\t\t\t<div class=\"elementor-widget-wrap\">\n\t\t\t\t\t\t\t<\/div>\n\t\t<\/div>\n\t\t\t\t\t<\/div>\n\t\t<\/section>\n\t\t\t\t\t<\/div>\n\t\t<\/div>\n\t\t\t\t\t<\/div>\n\t\t<\/section>\n\t\t\t\t<section class=\"elementor-section elementor-top-section elementor-element elementor-element-e1ec7b3 elementor-section-stretched elementor-section-boxed elementor-section-height-default elementor-section-height-default\" data-id=\"e1ec7b3\" data-element_type=\"section\" data-e-type=\"section\" data-settings=\"{&quot;stretch_section&quot;:&quot;section-stretched&quot;,&quot;background_background&quot;:&quot;classic&quot;}\">\n\t\t\t\t\t\t<div class=\"elementor-container elementor-column-gap-default\">\n\t\t\t\t\t<div class=\"elementor-column elementor-col-100 elementor-top-column elementor-element elementor-element-2a07edb elementor-invisible\" data-id=\"2a07edb\" data-element_type=\"column\" data-e-type=\"column\" data-settings=\"{&quot;background_background&quot;:&quot;classic&quot;,&quot;animation&quot;:&quot;fadeIn&quot;}\">\n\t\t\t<div class=\"elementor-widget-wrap elementor-element-populated\">\n\t\t\t\t\t<div class=\"elementor-background-overlay\"><\/div>\n\t\t\t\t\t\t<div class=\"elementor-element elementor-element-f523e87 elementor-widget elementor-widget-heading\" data-id=\"f523e87\" data-element_type=\"widget\" data-e-type=\"widget\" data-widget_type=\"heading.default\">\n\t\t\t\t<div class=\"elementor-widget-container\">\n\t\t\t\t\t<h2 class=\"elementor-heading-title elementor-size-default\">Index<\/h2>\t\t\t\t<\/div>\n\t\t\t\t<\/div>\n\t\t\t\t<div class=\"elementor-element elementor-element-28a819e elementor-widget elementor-widget-text-editor\" data-id=\"28a819e\" data-element_type=\"widget\" data-e-type=\"widget\" data-widget_type=\"text-editor.default\">\n\t\t\t\t<div class=\"elementor-widget-container\">\n\t\t\t\t\t\t\t\t\t<ol><li><h6><a href=\"#surfing\">Surfen in Portugal: Die besten Str\u00e4nde an der Algarve und im Alentejo f\u00fcr eine Reise mit dem Wohnmobil<\/a><\/h6><\/li><li><h6><a href=\"#camper\">Surftrip mit unseren Campervans<\/a><\/h6><\/li><li><h6><a href=\"#guide\">Surf Jahreszeiten &#038; Wetsuit Guide<\/a><\/h6><\/li><li><h6><a href=\"#wind\">Grundlagen zu Wind und Gezeiten<\/a><\/h6><\/li><li><h6><a href=\"#bestbeaches\">Die besten Surfstr\u00e4nde an der Algarve<\/a><\/h6><ol><li><a href=\"#zavial\">Zavial Strand<\/a><\/li><li><a href=\"#mareta\">Strand Mareta (Sagres)<\/a><\/li><li><a href=\"#tonel\">Strand Tonel (Sagres)<\/a><\/li><li><a href=\"#beliche\">Strand Beliche (Sagres)<\/a><\/li><li><a href=\"#ponta\">Ponta Ruiva<\/a><\/li><li><a href=\"#amado\">Amado Strand<\/a><\/li><li><a href=\"#arrifana\">Arrifana Strand<\/a><\/li><li><a href=\"#faro\">Praia de Faro<\/a><\/li><\/ol><\/li><li><h6><a href=\"#alentejo\">Beste Surfstr\u00e4nde im Alentejo<\/a><\/h6><ol><li><a href=\"#Odeceixe\">Odeceixe<\/a><\/li><li><a href=\"#zambujeira\">Zambujeira do Mar<\/a><\/li><li><a href=\"#malhao\">Strand von Malh\u00e3o<\/a><\/li><li><a href=\"#tropes\">S\u00e3o Torpes Strand (Sines)<\/a><\/li><\/ol><\/li><li><a href=\"#spots\">Surfspots an der Algarve und im Alentejo &#8211; Kurz\u00fcbersicht<\/a><\/li><li><a href=\"#forecast\">Prognosetools f\u00fcr deine ReisePonta Ruiva<\/a><\/li><li><a href=\"#campervan\">Campervan-Knigge &#038; Sicherheit<\/a><\/li><li><a href=\"#faq\">H\u00e4ufig gestellte Fragen (FAQ)<\/a><\/li><li><a href=\"#surftrip\">Plane deinen Surf Road Trip<\/a><\/li><\/ol>\t\t\t\t\t\t\t\t<\/div>\n\t\t\t\t<\/div>\n\t\t\t\t\t<\/div>\n\t\t<\/div>\n\t\t\t\t\t<\/div>\n\t\t<\/section>\n\t\t\t\t<section class=\"elementor-section elementor-top-section elementor-element elementor-element-3ae6dc3 elementor-section-stretched elementor-section-boxed elementor-section-height-default elementor-section-height-default\" data-id=\"3ae6dc3\" data-element_type=\"section\" data-e-type=\"section\" data-settings=\"{&quot;stretch_section&quot;:&quot;section-stretched&quot;,&quot;background_background&quot;:&quot;classic&quot;}\">\n\t\t\t\t\t\t<div class=\"elementor-container elementor-column-gap-default\">\n\t\t\t\t\t<div class=\"elementor-column elementor-col-100 elementor-top-column elementor-element elementor-element-e00067a\" data-id=\"e00067a\" data-element_type=\"column\" data-e-type=\"column\">\n\t\t\t<div class=\"elementor-widget-wrap elementor-element-populated\">\n\t\t\t\t\t\t<div class=\"elementor-element elementor-element-a08d62e elementor-widget elementor-widget-heading\" data-id=\"a08d62e\" data-element_type=\"widget\" data-e-type=\"widget\" id=\"surfing\" data-widget_type=\"heading.default\">\n\t\t\t\t<div class=\"elementor-widget-container\">\n\t\t\t\t\t<h2 class=\"elementor-heading-title elementor-size-default\">Surfen in Portugal: Die besten Str\u00e4nde an der Algarve und im Alentejo f\u00fcr eine Reise mit dem Wohnmobil<\/h2>\t\t\t\t<\/div>\n\t\t\t\t<\/div>\n\t\t\t\t<div class=\"elementor-element elementor-element-b39402d elementor-widget elementor-widget-text-editor\" data-id=\"b39402d\" data-element_type=\"widget\" data-e-type=\"widget\" data-widget_type=\"text-editor.default\">\n\t\t\t\t<div class=\"elementor-widget-container\">\n\t\t\t\t\t\t\t\t\t<p data-start=\"149\" data-end=\"211\">Surfen in Portugal ist f\u00fcr jeden Surfer ein wahr gewordener Traum. Mit mehr als 900 km K\u00fcste, mildem Wetter und Wellen f\u00fcr jedes Niveau bietet es das ganze Jahr \u00fcber ideale Surfbedingungen. Besonders attraktiv sind die Regionen Algarve und Alentejo im S\u00fcden und S\u00fcdwesten \u2013 dort, wo schroffe Klippen auf goldene Str\u00e4nde treffen und der Atlantic-Wellengang auf Sonnenschein trifft. Egal, ob du deine ersten Wellen jagen willst oder einen abenteuerlichen Surf-Roadtrip planst: Dieser Reisef\u00fchrer hilft dir dabei, die besten Surfstr\u00e4nde Portugals zu finden \u2013 alle erreichbar mit einem Ocean Camper Surf-Campervan.   <\/p>\t\t\t\t\t\t\t\t<\/div>\n\t\t\t\t<\/div>\n\t\t\t\t\t<\/div>\n\t\t<\/div>\n\t\t\t\t\t<\/div>\n\t\t<\/section>\n\t\t\t\t<section class=\"elementor-section elementor-top-section elementor-element elementor-element-1f8ebcb elementor-section-stretched elementor-section-boxed elementor-section-height-default elementor-section-height-default\" data-id=\"1f8ebcb\" data-element_type=\"section\" data-e-type=\"section\" id=\"surftrip\" data-settings=\"{&quot;stretch_section&quot;:&quot;section-stretched&quot;,&quot;background_background&quot;:&quot;classic&quot;}\">\n\t\t\t\t\t\t<div class=\"elementor-container elementor-column-gap-default\">\n\t\t\t\t\t<div class=\"elementor-column elementor-col-100 elementor-top-column elementor-element elementor-element-ae1eeb1\" data-id=\"ae1eeb1\" data-element_type=\"column\" data-e-type=\"column\">\n\t\t\t<div class=\"elementor-widget-wrap elementor-element-populated\">\n\t\t\t\t\t\t<div class=\"elementor-element elementor-element-f7c483d elementor-widget elementor-widget-heading\" data-id=\"f7c483d\" data-element_type=\"widget\" data-e-type=\"widget\" id=\"camper\" data-widget_type=\"heading.default\">\n\t\t\t\t<div class=\"elementor-widget-container\">\n\t\t\t\t\t<h2 class=\"elementor-heading-title elementor-size-default\">Surftrip mit unseren Campervans<\/h2>\t\t\t\t<\/div>\n\t\t\t\t<\/div>\n\t\t\t\t<div class=\"elementor-element elementor-element-bd0d2c1 elementor-widget elementor-widget-text-editor\" data-id=\"bd0d2c1\" data-element_type=\"widget\" data-e-type=\"widget\" data-widget_type=\"text-editor.default\">\n\t\t\t\t<div class=\"elementor-widget-container\">\n\t\t\t\t\t\t\t\t\t<p>Mit <strong data-start=\"887\" data-end=\"903\">Ocean Camper<\/strong> wird dein Surf-Abenteuer einfach, flexibel und erschwinglich. Unsere <a href=\"https:\/\/oceancamper.com\/de\/campervermietung\/trustpilot-ocean-camper-top-bewertung\/\">Campervans in Faro<\/a> und <a href=\"https:\/\/oceancamper.com\/de\/campervermietung\/lisbon\/\">Lissabon<\/a> sind kompakt, preiswert und f\u00fcr Surftrips bestens ausgestattet: <\/p><ul><li data-start=\"1259\" data-end=\"1297\"><img decoding=\"async\" class=\"emoji\" role=\"img\" draggable=\"false\" src=\"https:\/\/s.w.org\/images\/core\/emoji\/16.0.1\/svg\/1f6bf.svg\" alt=\"\ud83d\udebf\">  Au\u00dfendusche und 80L Wassertank<\/li><li data-start=\"1300\" data-end=\"1364\"><img decoding=\"async\" class=\"emoji\" role=\"img\" draggable=\"false\" src=\"https:\/\/s.w.org\/images\/core\/emoji\/16.0.1\/svg\/1f3c4-200d-2642-fe0f.svg\" alt=\"\ud83c\udfc4\u200d\u2642\ufe0f\">  Dachtr\u00e4ger mit Befestigungsgurten f\u00fcr Surfbretter jeder Gr\u00f6\u00dfe<\/li><li data-start=\"1367\" data-end=\"1409\"><img decoding=\"async\" class=\"emoji\" role=\"img\" draggable=\"false\" src=\"https:\/\/s.w.org\/images\/core\/emoji\/16.0.1\/svg\/1f4a6.svg\" alt=\"\ud83d\udca6\">  Optionaler Verleih von Surfbrett und Neoprenanzug<\/li><li data-start=\"1412\" data-end=\"1457\"><img decoding=\"async\" class=\"emoji\" role=\"img\" draggable=\"false\" src=\"https:\/\/s.w.org\/images\/core\/emoji\/16.0.1\/svg\/1f4a4.svg\" alt=\"\ud83d\udca4\">  Bequemes Doppelbett und Kochgelegenheit<\/li><li data-start=\"1460\" data-end=\"1512\"><img decoding=\"async\" class=\"emoji\" role=\"img\" draggable=\"false\" src=\"https:\/\/s.w.org\/images\/core\/emoji\/16.0.1\/svg\/26a1.svg\" alt=\"\u26a1\">  Solaranlage (in einigen Modellen) f\u00fcr netzunabh\u00e4ngige Aufenthalte<\/li><\/ul><p data-start=\"1514\" data-end=\"1619\">Unsere Vans sind kompakt, effizient und perfekt geeignet, um die Wellen von <strong data-start=\"1582\" data-end=\"1592\">Sagres<\/strong> bis <strong data-start=\"1596\" data-end=\"1605\">Sines<\/strong> und dar\u00fcber hinaus zu jagen.<\/p>\t\t\t\t\t\t\t\t<\/div>\n\t\t\t\t<\/div>\n\t\t\t\t\t<\/div>\n\t\t<\/div>\n\t\t\t\t\t<\/div>\n\t\t<\/section>\n\t\t\t\t<section class=\"elementor-section elementor-top-section elementor-element elementor-element-181eb16 elementor-section-stretched elementor-section-boxed elementor-section-height-default elementor-section-height-default\" data-id=\"181eb16\" data-element_type=\"section\" data-e-type=\"section\" id=\"surfing\" data-settings=\"{&quot;stretch_section&quot;:&quot;section-stretched&quot;,&quot;background_background&quot;:&quot;classic&quot;}\">\n\t\t\t\t\t\t<div class=\"elementor-container elementor-column-gap-default\">\n\t\t\t\t\t<div class=\"elementor-column elementor-col-100 elementor-top-column elementor-element elementor-element-0c2efa8\" data-id=\"0c2efa8\" data-element_type=\"column\" data-e-type=\"column\">\n\t\t\t<div class=\"elementor-widget-wrap elementor-element-populated\">\n\t\t\t\t\t\t<div class=\"elementor-element elementor-element-6af0300 elementor-widget elementor-widget-heading\" data-id=\"6af0300\" data-element_type=\"widget\" data-e-type=\"widget\" id=\"guide\" data-widget_type=\"heading.default\">\n\t\t\t\t<div class=\"elementor-widget-container\">\n\t\t\t\t\t<h2 class=\"elementor-heading-title elementor-size-default\">Surf Jahreszeiten &amp; Wetsuit Guide<\/h2>\t\t\t\t<\/div>\n\t\t\t\t<\/div>\n\t\t\t\t<div class=\"elementor-element elementor-element-d9552fd elementor-widget elementor-widget-text-editor\" data-id=\"d9552fd\" data-element_type=\"widget\" data-e-type=\"widget\" data-widget_type=\"text-editor.default\">\n\t\t\t\t<div class=\"elementor-widget-container\">\n\t\t\t\t\t\t\t\t\t<table><thead><tr><th>Saison<\/th><th>Westk\u00fcste (Vicentina &#038; Alentejo)<\/th><th>S\u00fcdk\u00fcste (Algarve)<\/th><th>Typischer Wind<\/th><th>Wassertemperatur<\/th><th>Neoprenanzug Guide<\/th><\/tr><\/thead><tbody><tr><td>Okt-Dez<\/td><td>Stetiger Atlantic-Wellengang<\/td><td>Gesch\u00fctzte, lustige Wellen<\/td><td>NW\/W Winde<\/td><td>16-19 \u00b0C<\/td><td>4\/3 mm<\/td><\/tr><tr><td>Jan-M\u00e4r<\/td><td>Starker winterlicher Wellengang<\/td><td>Saubere Brandung an kleinen Tagen<\/td><td>Variabel, am besten E-Winde<\/td><td>15-17 \u00b0C<\/td><td>4\/3 + Stiefel<\/td><\/tr><tr><td>Apr-Mai<\/td><td>Sanfte Brandung, weniger Menschenmassen<\/td><td>H\u00e4ufige Spa\u00dftage<\/td><td>Morgens E wind<\/td><td>16-18 \u00b0C<\/td><td>3\/2-4\/3<\/td><\/tr><tr><td>Jun-Sep<\/td><td>Kleinere Wellen, windige PMs<\/td><td>Gro\u00dfartig f\u00fcr Lernende<\/td><td>NW-Meeresbrise<\/td><td>18-22 \u00b0C<\/td><td>3\/2 Shortie<\/td><\/tr><\/tbody><\/table>\t\t\t\t\t\t\t\t<\/div>\n\t\t\t\t<\/div>\n\t\t\t\t<div class=\"elementor-element elementor-element-1cf6121 elementor-widget elementor-widget-text-editor\" data-id=\"1cf6121\" data-element_type=\"widget\" data-e-type=\"widget\" data-widget_type=\"text-editor.default\">\n\t\t\t\t<div class=\"elementor-widget-container\">\n\t\t\t\t\t\t\t\t\t<p data-start=\"2311\" data-end=\"2431\">\ud83d\udca1 <strong data-start=\"2314\" data-end=\"2322\">Tipp:<\/strong> Wenn die <strong data-start=\"2332\" data-end=\"2346\">Westk\u00fcste<\/strong> zu gro\u00df ist, bietet die <strong data-start=\"2363\" data-end=\"2378\">S\u00fcdk\u00fcste<\/strong> (Sagres, Zavial, Faro) saubere, kleinere Wellen.<\/p>\t\t\t\t\t\t\t\t<\/div>\n\t\t\t\t<\/div>\n\t\t\t\t<div class=\"elementor-element elementor-element-a8a2ec3 elementor-widget elementor-widget-heading\" data-id=\"a8a2ec3\" data-element_type=\"widget\" data-e-type=\"widget\" id=\"wind\" data-widget_type=\"heading.default\">\n\t\t\t\t<div class=\"elementor-widget-container\">\n\t\t\t\t\t<h2 class=\"elementor-heading-title elementor-size-default\">\ud83c\udfc4\u200d\u2640\ufe0f Grundlagen zu Wind und Gezeiten<\/h2>\t\t\t\t<\/div>\n\t\t\t\t<\/div>\n\t\t\t\t<div class=\"elementor-element elementor-element-40d0791 elementor-widget elementor-widget-text-editor\" data-id=\"40d0791\" data-element_type=\"widget\" data-e-type=\"widget\" data-widget_type=\"text-editor.default\">\n\t\t\t\t<div class=\"elementor-widget-container\">\n\t\t\t\t\t\t\t\t\t<ul><li><strong data-start=\"2471\" data-end=\"2494\">Ostwind (Levante)<\/strong> \u2192 Offshore an der Westk\u00fcste \u2192 Saubere Wellen<\/li><li><strong data-start=\"2542\" data-end=\"2570\">Nordwestwind (Nortada)<\/strong> \u2192 Offshore an der S\u00fcdk\u00fcste \u2192 Gut f\u00fcr Lerntage<\/li><li><strong data-start=\"2631\" data-end=\"2651\">Bei mittlerer bis hoher Flut<\/strong> ist die Form an den meisten Str\u00e4nden besser<\/li><li>\u00dcberpr\u00fcfe die lokalen Vorhersagen auf <a class=\"decorated-link\" href=\"https:\/\/www.surf-forecast.com\" target=\"_new\" rel=\"noopener\" data-start=\"2725\" data-end=\"2771\">Surf-Forecast<\/a> und <a class=\"decorated-link\" href=\"https:\/\/www.windy.com\" target=\"_new\" rel=\"noopener\" data-start=\"2776\" data-end=\"2806\">Windy<\/a>, bevor du losf\u00e4hrst.<\/li><\/ul>\t\t\t\t\t\t\t\t<\/div>\n\t\t\t\t<\/div>\n\t\t\t\t\t<\/div>\n\t\t<\/div>\n\t\t\t\t\t<\/div>\n\t\t<\/section>\n\t\t\t\t<section class=\"elementor-section elementor-top-section elementor-element elementor-element-d56b7c7 elementor-section-stretched elementor-section-boxed elementor-section-height-default elementor-section-height-default\" data-id=\"d56b7c7\" data-element_type=\"section\" data-e-type=\"section\" data-settings=\"{&quot;stretch_section&quot;:&quot;section-stretched&quot;,&quot;background_background&quot;:&quot;classic&quot;}\">\n\t\t\t\t\t\t<div class=\"elementor-container elementor-column-gap-default\">\n\t\t\t\t\t<div class=\"elementor-column elementor-col-100 elementor-top-column elementor-element elementor-element-67a2edf\" data-id=\"67a2edf\" data-element_type=\"column\" data-e-type=\"column\">\n\t\t\t<div class=\"elementor-widget-wrap elementor-element-populated\">\n\t\t\t\t\t\t<div class=\"elementor-element elementor-element-62413ad elementor-widget elementor-widget-heading\" data-id=\"62413ad\" data-element_type=\"widget\" data-e-type=\"widget\" id=\"bestbeaches\" data-widget_type=\"heading.default\">\n\t\t\t\t<div class=\"elementor-widget-container\">\n\t\t\t\t\t<h2 class=\"elementor-heading-title elementor-size-default\">\ud83c\udf34 Die besten Surfstr\u00e4nde an der Algarve<\/h2>\t\t\t\t<\/div>\n\t\t\t\t<\/div>\n\t\t\t\t\t<\/div>\n\t\t<\/div>\n\t\t\t\t\t<\/div>\n\t\t<\/section>\n\t\t\t\t<section class=\"elementor-section elementor-top-section elementor-element elementor-element-051798b elementor-section-stretched elementor-section-boxed elementor-section-height-default elementor-section-height-default\" data-id=\"051798b\" data-element_type=\"section\" data-e-type=\"section\" id=\"Zavial\" data-settings=\"{&quot;stretch_section&quot;:&quot;section-stretched&quot;,&quot;background_background&quot;:&quot;classic&quot;}\">\n\t\t\t\t\t\t<div class=\"elementor-container elementor-column-gap-default\">\n\t\t\t\t\t<div class=\"elementor-column elementor-col-100 elementor-top-column elementor-element elementor-element-866a99b\" data-id=\"866a99b\" data-element_type=\"column\" data-e-type=\"column\">\n\t\t\t<div class=\"elementor-widget-wrap elementor-element-populated\">\n\t\t\t\t\t\t<div class=\"elementor-element elementor-element-6e8c85d elementor-widget elementor-widget-heading\" data-id=\"6e8c85d\" data-element_type=\"widget\" data-e-type=\"widget\" id=\"zavial\" data-widget_type=\"heading.default\">\n\t\t\t\t<div class=\"elementor-widget-container\">\n\t\t\t\t\t<h2 class=\"elementor-heading-title elementor-size-default\">1. Zavial Strand<\/h2>\t\t\t\t<\/div>\n\t\t\t\t<\/div>\n\t\t\t\t<div class=\"elementor-element elementor-element-ad13dc8 elementor-widget elementor-widget-text-editor\" data-id=\"ad13dc8\" data-element_type=\"widget\" data-e-type=\"widget\" data-widget_type=\"text-editor.default\">\n\t\t\t\t<div class=\"elementor-widget-container\">\n\t\t\t\t\t\t\t\t\t<p data-start=\"60\" data-end=\"360\">Zavial ist einer der kultigsten <strong data-start=\"93\" data-end=\"119\">Surfspots an der S\u00fcdk\u00fcste<\/strong> der Algarve, bekannt f\u00fcr saubere Wellen, goldenen Sand und eine friedliche nat\u00fcrliche Umgebung. Er liegt in einem engen Tal in der N\u00e4he von Raposeira und bleibt gesch\u00fctzt, wenn die <strong data-start=\"274\" data-end=\"308\">Westk\u00fcste zu gro\u00df oder zu windig ist<\/strong>, was ihn zu einer der zuverl\u00e4ssigsten Optionen im Winter macht. <\/p><p data-start=\"362\" data-end=\"720\">Bei kleinem bis mittlerem Wellengang bietet Zavial lange, spa\u00dfige Walls f\u00fcr Anf\u00e4nger und Fortgeschrittene. Bei starkem West- oder S\u00fcdwest-Swell wird die Welle schnell und kraftvoll, ideal f\u00fcr fortgeschrittene Surfer. Der Strand ist breit, ruhig und einfach zu erreichen, mit klarem Wasser und dramatischen Klippen. F\u00fcr Wohnmobilreisende ist er ein toller Zwischenstopp auf einer <strong data-start=\"684\" data-end=\"719\">Wohnmobil-Surfreise in Portugal<\/strong>.   <\/p><p data-start=\"1287\" data-end=\"1651\">\ud83d\udccd <strong data-start=\"1290\" data-end=\"1303\">Am besten geeignet f\u00fcr:<\/strong> Anf\u00e4nger bei kleinem Wellengang, Fortgeschrittene und Profis bei mittlerem bis starkem Wellengang<br data-start=\"1381\" data-end=\"1384\"\/>\ud83c\udf0a <strong data-start=\"1387\" data-end=\"1401\">Wellentyp:<\/strong> Beachbreak mit gelegentlichen pointartigen Abschnitten<br data-start=\"1449\" data-end=\"1452\"\/>\ud83d\udca8 <strong data-start=\"1455\" data-end=\"1464\">Wind:<\/strong> Nordwestwinde wehen ablandig; Ostwinde sorgen f\u00fcr saubere Wellenw\u00e4nde<br data-start=\"1517\" data-end=\"1520\"\/>\u23f0 <strong data-start=\"1522\" data-end=\"1536\" data-is-only-node=\"\">Beste Gezeiten:<\/strong> mittlere bis hohe <strong data-start=\"1522\" data-end=\"1536\" data-is-only-node=\"\">Gezeiten<\/strong><br data-start=\"1548\" data-end=\"1551\"\/>\u2714\ufe0f <strong data-start=\"1554\" data-end=\"1578\">Warum Surfer diesen Spot lieben:<\/strong> sauberes Wasser, wundersch\u00f6ne Landschaft, zuverl\u00e4ssige Winterwellen, entspannte Atmosph\u00e4re ohne \u00dcberf\u00fcllung<\/p>\t\t\t\t\t\t\t\t<\/div>\n\t\t\t\t<\/div>\n\t\t\t\t<div class=\"elementor-element elementor-element-20d6906 elementor-widget elementor-widget-image\" data-id=\"20d6906\" data-element_type=\"widget\" data-e-type=\"widget\" data-widget_type=\"image.default\">\n\t\t\t\t<div class=\"elementor-widget-container\">\n\t\t\t\t\t\t\t\t\t\t\t\t\t\t\t<img decoding=\"async\" src=\"https:\/\/oceancamper.com\/wp-content\/uploads\/elementor\/thumbs\/zavial-beach-algarve-surfing-in-portugal-reu0w5gr6j54w845f128x3jw5yx1omdfbheagdhnqo.jpg\" title=\"Zavial Beach Algarve \u2013 Surfen in Portugal\" alt=\"Zavial Beach \u2013 ein Surfspot an der S\u00fcdk\u00fcste der Algarve mit klarem Wasser, einer sandigen Bucht und sanften Wellen \u2013 der ideale Ort zum Surfen in Portugal.\" loading=\"lazy\" \/>\t\t\t\t\t\t\t\t\t\t\t\t\t\t\t<\/div>\n\t\t\t\t<\/div>\n\t\t\t\t<div class=\"elementor-element elementor-element-89be162 elementor-widget elementor-widget-text-editor\" data-id=\"89be162\" data-element_type=\"widget\" data-e-type=\"widget\" data-widget_type=\"text-editor.default\">\n\t\t\t\t<div class=\"elementor-widget-container\">\n\t\t\t\t\t\t\t\t\t<div class=\"photo-credit\" data-id=\"a1783eff-211e-4f98-9e0d-bab357f1c873\"><p data-start=\"75\" data-end=\"156\">Foto &#8222;Xavial Beach (3576216657).jpg&#8220; von <a class=\"external text\" href=\"https:\/\/www.flickr.com\/people\/66691654@N00\" rel=\"nofollow\">Sheila Thomson<\/a>, lizenziert unter <a href=\"https:\/\/commons.wikimedia.org\/wiki\/File:Xavial_Beach_(3576216657).jpg\" target=\"_blank\" rel=\"noopener\">CC BY 3.0<\/a>.<\/p><\/div>\t\t\t\t\t\t\t\t<\/div>\n\t\t\t\t<\/div>\n\t\t\t\t<div class=\"elementor-element elementor-element-0b3678c elementor-align-left elementor-tablet-align-left elementor-mobile-align-left elementor-widget elementor-widget-button\" data-id=\"0b3678c\" data-element_type=\"widget\" data-e-type=\"widget\" data-widget_type=\"button.default\">\n\t\t\t\t<div class=\"elementor-widget-container\">\n\t\t\t\t\t\t\t\t\t<div class=\"elementor-button-wrapper\">\n\t\t\t\t\t<a class=\"elementor-button elementor-button-link elementor-size-sm elementor-animation-pop\" href=\"https:\/\/www.google.pt\/maps\/place\/Praia+do+Zavial\/@37.0450163,-8.8768104,15z\/data=!3m1!4b1!4m5!3m4!1s0xd1b4a25e79eda4d:0x22cbfdb4958b27a9!8m2!3d37.045!4d-8.8680556\" target=\"_blank\">\n\t\t\t\t\t\t<span class=\"elementor-button-content-wrapper\">\n\t\t\t\t\t\t\t\t\t<span class=\"elementor-button-text\">Karte hier<\/span>\n\t\t\t\t\t<\/span>\n\t\t\t\t\t<\/a>\n\t\t\t\t<\/div>\n\t\t\t\t\t\t\t\t<\/div>\n\t\t\t\t<\/div>\n\t\t\t\t\t<\/div>\n\t\t<\/div>\n\t\t\t\t\t<\/div>\n\t\t<\/section>\n\t\t\t\t<section class=\"elementor-section elementor-top-section elementor-element elementor-element-a4d348a elementor-section-stretched elementor-section-boxed elementor-section-height-default elementor-section-height-default\" data-id=\"a4d348a\" data-element_type=\"section\" data-e-type=\"section\" id=\"Mareta\" data-settings=\"{&quot;stretch_section&quot;:&quot;section-stretched&quot;,&quot;background_background&quot;:&quot;classic&quot;}\">\n\t\t\t\t\t\t<div class=\"elementor-container elementor-column-gap-default\">\n\t\t\t\t\t<div class=\"elementor-column elementor-col-100 elementor-top-column elementor-element elementor-element-98ac20c\" data-id=\"98ac20c\" data-element_type=\"column\" data-e-type=\"column\">\n\t\t\t<div class=\"elementor-widget-wrap elementor-element-populated\">\n\t\t\t\t\t\t<div class=\"elementor-element elementor-element-3a06fed elementor-widget elementor-widget-heading\" data-id=\"3a06fed\" data-element_type=\"widget\" data-e-type=\"widget\" id=\"mareta\" data-widget_type=\"heading.default\">\n\t\t\t\t<div class=\"elementor-widget-container\">\n\t\t\t\t\t<h2 class=\"elementor-heading-title elementor-size-default\">2. Strand Mareta (Sagres)<\/h2>\t\t\t\t<\/div>\n\t\t\t\t<\/div>\n\t\t\t\t<div class=\"elementor-element elementor-element-274bb7a elementor-widget elementor-widget-text-editor\" data-id=\"274bb7a\" data-element_type=\"widget\" data-e-type=\"widget\" data-widget_type=\"text-editor.default\">\n\t\t\t\t<div class=\"elementor-widget-container\">\n\t\t\t\t\t\t\t\t\t<p data-start=\"146\" data-end=\"663\">Mareta ist der am besten gesch\u00fctzte Surfstrand in Sagres, gesch\u00fctzt durch hohe Klippen, die Wind und starken Wellengang abhalten. Das macht ihn zu einem der sichersten und best\u00e4ndigsten <strong data-start=\"307\" data-end=\"349\">Surfreviere f\u00fcr Anf\u00e4nger an der S\u00fcdk\u00fcste<\/strong>. Die Wellen sind in der Regel weich und freundlich, ideal f\u00fcr erste Sessions, Surfkurse oder entspannte Tage, wenn die Westk\u00fcste zu stark ist. Bei gr\u00f6\u00dferen Winterswells kann Mareta lustige, verspielte Peaks hervorbringen, die auch Fortgeschrittene genie\u00dfen. Der Strand liegt in der N\u00e4he von Caf\u00e9s und Surfschulen und ist somit ideal f\u00fcr einen ganzen Surftag.    <\/p><p data-start=\"665\" data-end=\"1012\">\ud83d\udccd <strong data-start=\"668\" data-end=\"681\">Am besten geeignet f\u00fcr:<\/strong> Anf\u00e4nger an den meisten Tagen; Fortgeschrittene bei gr\u00f6\u00dferen Winterwellen<br data-start=\"743\" data-end=\"746\"\/>\ud83c\udf0a <strong data-start=\"749\" data-end=\"763\">Wellentyp:<\/strong> sanfter Beachbreak mit sanften, rollenden Wellen<br data-start=\"807\" data-end=\"810\"\/>\ud83d\udca8 <strong data-start=\"813\" data-end=\"822\">Wind:<\/strong> Ost oder S\u00fcdost f\u00fcr die besten Bedingungen<br data-start=\"868\" data-end=\"871\"\/>\u23f0 <strong data-start=\"873\" data-end=\"887\">Beste Gezeiten:<\/strong> mittlere Gezeiten<br data-start=\"896\" data-end=\"899\"\/>\u2714\ufe0f <strong data-start=\"902\" data-end=\"926\">Warum Surfer diesen Spot lieben:<\/strong> gesch\u00fctzt vor Wellengang, super f\u00fcr Surfunterricht, leicht erreichbar, Caf\u00e9s und Surfschulen in der N\u00e4he<\/p>\t\t\t\t\t\t\t\t<\/div>\n\t\t\t\t<\/div>\n\t\t\t\t<div class=\"elementor-element elementor-element-cc22e7e elementor-widget elementor-widget-image\" data-id=\"cc22e7e\" data-element_type=\"widget\" data-e-type=\"widget\" data-widget_type=\"image.default\">\n\t\t\t\t<div class=\"elementor-widget-container\">\n\t\t\t\t\t\t\t\t\t\t\t\t\t\t\t<img decoding=\"async\" src=\"https:\/\/oceancamper.com\/wp-content\/uploads\/elementor\/thumbs\/mareta-beach-sagres-surfing-inportugal-reu1mml3ojdvwtnoth1y5f1aiof8hph8yiwn2y8ghc.jpg\" title=\"Mareta Beach Sagres \u2013 Surfen in Portugal\" alt=\"Der Mareta-Strand in Sagres mit ruhigem Wasser, Sandstrand und Klippen \u2013 ein gesch\u00fctzter Surfspot an der S\u00fcdk\u00fcste der Algarve.\" loading=\"lazy\" \/>\t\t\t\t\t\t\t\t\t\t\t\t\t\t\t<\/div>\n\t\t\t\t<\/div>\n\t\t\t\t<div class=\"elementor-element elementor-element-c6a33b0 elementor-widget elementor-widget-text-editor\" data-id=\"c6a33b0\" data-element_type=\"widget\" data-e-type=\"widget\" data-widget_type=\"text-editor.default\">\n\t\t\t\t<div class=\"elementor-widget-container\">\n\t\t\t\t\t\t\t\t\t<div class=\"photo-credit\" data-id=\"a1783eff-211e-4f98-9e0d-bab357f1c873\"><p data-start=\"75\" data-end=\"156\">Foto &#8222;Mareta Beach Beach hut &#8211; Sagres &#8211; The Algarve, Portugal (1388511228).jpg&#8220; von <a class=\"external text\" href=\"https:\/\/www.flickr.com\/people\/10978503@N00\" rel=\"nofollow\">Glen Bowman<\/a>, lizenziert unter <a href=\"https:\/\/commons.wikimedia.org\/wiki\/File:Tonel_Beach_Beach_hut_at_The_end_of_the_world_-_Sagres_-_The_Algarve,_Portugal_(1388511228).jpg\" target=\"_blank\" rel=\"noopener\">CC BY 3.0<\/a>.<\/p><\/div>\t\t\t\t\t\t\t\t<\/div>\n\t\t\t\t<\/div>\n\t\t\t\t<div class=\"elementor-element elementor-element-fbfcf7c elementor-align-left elementor-tablet-align-left elementor-mobile-align-left elementor-widget elementor-widget-button\" data-id=\"fbfcf7c\" data-element_type=\"widget\" data-e-type=\"widget\" data-widget_type=\"button.default\">\n\t\t\t\t<div class=\"elementor-widget-container\">\n\t\t\t\t\t\t\t\t\t<div class=\"elementor-button-wrapper\">\n\t\t\t\t\t<a class=\"elementor-button elementor-button-link elementor-size-sm elementor-animation-pop\" href=\"https:\/\/www.google.pt\/maps\/place\/Praia+da+Mareta\/@37.004926,-8.9408295,17z\/data=!3m1!4b1!4m5!3m4!1s0xd1b4c6259fcdd95:0x44a552dc45fd7c2a!8m2!3d37.0053993!4d-8.9388513?shorturl=1\" target=\"_blank\">\n\t\t\t\t\t\t<span class=\"elementor-button-content-wrapper\">\n\t\t\t\t\t\t\t\t\t<span class=\"elementor-button-text\">Karte hier<\/span>\n\t\t\t\t\t<\/span>\n\t\t\t\t\t<\/a>\n\t\t\t\t<\/div>\n\t\t\t\t\t\t\t\t<\/div>\n\t\t\t\t<\/div>\n\t\t\t\t\t<\/div>\n\t\t<\/div>\n\t\t\t\t\t<\/div>\n\t\t<\/section>\n\t\t\t\t<section class=\"elementor-section elementor-top-section elementor-element elementor-element-d08384d elementor-section-stretched elementor-section-boxed elementor-section-height-default elementor-section-height-default\" data-id=\"d08384d\" data-element_type=\"section\" data-e-type=\"section\" id=\"Tonel\" data-settings=\"{&quot;stretch_section&quot;:&quot;section-stretched&quot;,&quot;background_background&quot;:&quot;classic&quot;}\">\n\t\t\t\t\t\t<div class=\"elementor-container elementor-column-gap-default\">\n\t\t\t\t\t<div class=\"elementor-column elementor-col-100 elementor-top-column elementor-element elementor-element-bbc47f0\" data-id=\"bbc47f0\" data-element_type=\"column\" data-e-type=\"column\">\n\t\t\t<div class=\"elementor-widget-wrap elementor-element-populated\">\n\t\t\t\t\t\t<div class=\"elementor-element elementor-element-1b32932 elementor-widget elementor-widget-heading\" data-id=\"1b32932\" data-element_type=\"widget\" data-e-type=\"widget\" id=\"tonel\" data-widget_type=\"heading.default\">\n\t\t\t\t<div class=\"elementor-widget-container\">\n\t\t\t\t\t<h2 class=\"elementor-heading-title elementor-size-default\">3. Strand Tonel (Sagres)<\/h2>\t\t\t\t<\/div>\n\t\t\t\t<\/div>\n\t\t\t\t<div class=\"elementor-element elementor-element-a157d71 elementor-widget elementor-widget-text-editor\" data-id=\"a157d71\" data-element_type=\"widget\" data-e-type=\"widget\" data-widget_type=\"text-editor.default\">\n\t\t\t\t<div class=\"elementor-widget-container\">\n\t\t\t\t\t\t\t\t\t<p data-start=\"144\" data-end=\"715\">Tonel ist einer der exponiertesten und kraftvollsten <strong data-start=\"190\" data-end=\"215\">Surfspots an der Westk\u00fcste von<\/strong> Sagres und liegt direkt in der Bahn der Atlantic-D\u00fcnungen. Umgeben von dramatischen Klippen und offen zum Meer hin bietet er best\u00e4ndige, kraftvolle Wellen mit starker Energie, besonders im Herbst und Winter. Auch wenn die Bedingungen gelegentlich f\u00fcr selbstbewusste Fortgeschrittene geeignet sein k\u00f6nnen, ist Tonel in erster Linie als <strong data-start=\"525\" data-end=\"550\">Strand f\u00fcr fortgeschrittene Surfer<\/strong> bekannt und bietet steile Take-offs, starke Str\u00f6mungen und kr\u00e4ftigere Wellenz\u00fcge. Er ist ein Favorit unter erfahrenen Surfern, die in der N\u00e4he der Stadt Sagres nach kraftvollen, ungez\u00e4hmten Wellenbedingungen suchen.   <\/p><p data-start=\"717\" data-end=\"1051\">\ud83d\udccd <strong data-start=\"720\" data-end=\"733\">Am besten geeignet f\u00fcr:<\/strong> fortgeschrittene Surfer; Fortgeschrittene nur bei kleineren Wellen<br data-start=\"786\" data-end=\"789\"\/>\ud83c\udf0a <strong data-start=\"792\" data-end=\"806\">Wellentyp:<\/strong> heftiger Beach Break mit kraftvollen Peaks<br data-start=\"844\" data-end=\"847\"\/>\ud83d\udca8 <strong data-start=\"850\" data-end=\"859\">Wind:<\/strong> Ostwind weht vom Land weg und sorgt f\u00fcr saubere Wellenfronten<br data-start=\"905\" data-end=\"908\"\/>\u23f0 <strong data-start=\"910\" data-end=\"924\">Beste Gezeiten:<\/strong> mittlere Gezeiten<br data-start=\"933\" data-end=\"936\"\/>\u2714\ufe0f <strong data-start=\"939\" data-end=\"963\">Warum Surfer diesen Spot lieben:<\/strong> starker, best\u00e4ndiger Swell, anspruchsvolle Wellen, wundersch\u00f6ne Klippen, zentrale Lage in Sagres<\/p>\t\t\t\t\t\t\t\t<\/div>\n\t\t\t\t<\/div>\n\t\t\t\t<div class=\"elementor-element elementor-element-3756ccb elementor-widget elementor-widget-image\" data-id=\"3756ccb\" data-element_type=\"widget\" data-e-type=\"widget\" data-widget_type=\"image.default\">\n\t\t\t\t<div class=\"elementor-widget-container\">\n\t\t\t\t\t\t\t\t\t\t\t\t\t\t\t<img decoding=\"async\" src=\"https:\/\/oceancamper.com\/wp-content\/uploads\/elementor\/thumbs\/tonel-beach-sagres-algarve-surf-spot-reu22cfxyswi22tr19ncug8s4my77hvnsbmxzixgfk.jpeg\" title=\"Tonel Beach Sagres \u2013 Algarve Surfspot\" alt=\"Der Tonel-Strand in Sagres mit seinen m\u00e4chtigen Wellen, Klippen und Surfern \u2013 ein exponierter Surfspot an der Westk\u00fcste der Algarve.\" loading=\"lazy\" \/>\t\t\t\t\t\t\t\t\t\t\t\t\t\t\t<\/div>\n\t\t\t\t<\/div>\n\t\t\t\t<div class=\"elementor-element elementor-element-4b6a4f7 elementor-widget elementor-widget-text-editor\" data-id=\"4b6a4f7\" data-element_type=\"widget\" data-e-type=\"widget\" data-widget_type=\"text-editor.default\">\n\t\t\t\t<div class=\"elementor-widget-container\">\n\t\t\t\t\t\t\t\t\t<div class=\"photo-credit\" data-id=\"a1783eff-211e-4f98-9e0d-bab357f1c873\"><p data-start=\"75\" data-end=\"156\">Foto &#8222;Strand In Sagres (158927813).jpeg&#8220; vom <a class=\"external text\" href=\"https:\/\/www.archiveteam.org\/index.php?title=500px\" rel=\"nofollow\">Archiv-Team<\/a>, lizenziert unter <a href=\"https:\/\/commons.wikimedia.org\/wiki\/File:Strand_In_Sagres_(158927813).jpeg\" target=\"_blank\" rel=\"noopener\">CC BY 3.0<\/a>.<\/p><\/div>\t\t\t\t\t\t\t\t<\/div>\n\t\t\t\t<\/div>\n\t\t\t\t<div class=\"elementor-element elementor-element-3480fd0 elementor-align-left elementor-tablet-align-left elementor-mobile-align-left elementor-widget elementor-widget-button\" data-id=\"3480fd0\" data-element_type=\"widget\" data-e-type=\"widget\" data-widget_type=\"button.default\">\n\t\t\t\t<div class=\"elementor-widget-container\">\n\t\t\t\t\t\t\t\t\t<div class=\"elementor-button-wrapper\">\n\t\t\t\t\t<a class=\"elementor-button elementor-button-link elementor-size-sm elementor-animation-pop\" href=\"https:\/\/www.google.pt\/maps\/place\/Praia+do+Tonel\/@37.0049247,-8.9561505,14z\/data=!4m5!3m4!1s0xd1b4c5e471ab0df:0xa2616d172a3436a!8m2!3d37.00573!4d-8.9477904?shorturl=1\" target=\"_blank\">\n\t\t\t\t\t\t<span class=\"elementor-button-content-wrapper\">\n\t\t\t\t\t\t\t\t\t<span class=\"elementor-button-text\">Karte hier<\/span>\n\t\t\t\t\t<\/span>\n\t\t\t\t\t<\/a>\n\t\t\t\t<\/div>\n\t\t\t\t\t\t\t\t<\/div>\n\t\t\t\t<\/div>\n\t\t\t\t\t<\/div>\n\t\t<\/div>\n\t\t\t\t\t<\/div>\n\t\t<\/section>\n\t\t\t\t<section class=\"elementor-section elementor-top-section elementor-element elementor-element-b4b3325 elementor-section-stretched elementor-section-boxed elementor-section-height-default elementor-section-height-default\" data-id=\"b4b3325\" data-element_type=\"section\" data-e-type=\"section\" id=\"Beliche\" data-settings=\"{&quot;stretch_section&quot;:&quot;section-stretched&quot;,&quot;background_background&quot;:&quot;classic&quot;}\">\n\t\t\t\t\t\t<div class=\"elementor-container elementor-column-gap-default\">\n\t\t\t\t\t<div class=\"elementor-column elementor-col-100 elementor-top-column elementor-element elementor-element-f4989df\" data-id=\"f4989df\" data-element_type=\"column\" data-e-type=\"column\">\n\t\t\t<div class=\"elementor-widget-wrap elementor-element-populated\">\n\t\t\t\t\t\t<div class=\"elementor-element elementor-element-bbb5280 elementor-widget elementor-widget-heading\" data-id=\"bbb5280\" data-element_type=\"widget\" data-e-type=\"widget\" id=\"beliche\" data-widget_type=\"heading.default\">\n\t\t\t\t<div class=\"elementor-widget-container\">\n\t\t\t\t\t<h2 class=\"elementor-heading-title elementor-size-default\">4. Strand Beliche (Sagres)<\/h2>\t\t\t\t<\/div>\n\t\t\t\t<\/div>\n\t\t\t\t<div class=\"elementor-element elementor-element-e597e82 elementor-widget elementor-widget-text-editor\" data-id=\"e597e82\" data-element_type=\"widget\" data-e-type=\"widget\" data-widget_type=\"text-editor.default\">\n\t\t\t\t<div class=\"elementor-widget-container\">\n\t\t\t\t\t\t\t\t\t<p data-start=\"153\" data-end=\"694\">Beliche ist ein atemberaubender, von Klippen gesch\u00fctzter Surfstrand etwas au\u00dferhalb von Sagres, der f\u00fcr sein t\u00fcrkisfarbenes Wasser, den steilen, schluchtartigen Zugang und die schnellen, kraftvollen Wellen bekannt ist. Die hohen Klippen bilden ein einzigartiges Amphitheater, das den Strand oft vom Wind abschirmt, sodass die Bedingungen sauberer sind als an den nahe gelegenen Spots im Westen. Bei richtigem Wellengang bietet Beliche schnelle, hohle Peaks und lustige Rampen &#8211; besonders beliebt bei Aufsteigern und Bodyboardern. Mit seiner dramatischen Bucht mit goldenem Sand, die von hohen Kalksteinw\u00e4nden eingerahmt wird, ist Beliche einer der sch\u00f6nsten Surfspots in der Region.   <\/p><p data-start=\"696\" data-end=\"1034\">\ud83d\udccd <strong data-start=\"699\" data-end=\"712\">Am besten geeignet f\u00fcr:<\/strong> Fortgeschrittene; erfahrene Surfer bei st\u00e4rkerem Wellengang<br data-start=\"762\" data-end=\"765\"\/>\ud83c\udf0a <strong data-start=\"768\" data-end=\"782\">Wellentyp:<\/strong> schneller, kraftvoller Beachbreak mit gelegentlichen hohlen Abschnitten<br data-start=\"839\" data-end=\"842\"\/>\ud83d\udca8 <strong data-start=\"845\" data-end=\"854\">Wind:<\/strong> Nordost- oder Ostwinde sorgen f\u00fcr saubere Bedingungen<br data-start=\"893\" data-end=\"896\"\/>\u23f0 <strong data-start=\"898\" data-end=\"912\">Beste Gezeiten:<\/strong> mittlere Gezeiten<br data-start=\"921\" data-end=\"924\"\/>\u2714\ufe0f <strong data-start=\"927\" data-end=\"951\">Warum Surfer diesen Spot lieben:<\/strong> windgesch\u00fctzt, kristallklares Wasser, kraftvolle Peaks, dramatische Klippenlandschaft<\/p>\t\t\t\t\t\t\t\t<\/div>\n\t\t\t\t<\/div>\n\t\t\t\t<div class=\"elementor-element elementor-element-4f33e41 elementor-widget elementor-widget-image\" data-id=\"4f33e41\" data-element_type=\"widget\" data-e-type=\"widget\" data-widget_type=\"image.default\">\n\t\t\t\t<div class=\"elementor-widget-container\">\n\t\t\t\t\t\t\t\t\t\t\t\t\t\t\t<img decoding=\"async\" src=\"https:\/\/oceancamper.com\/wp-content\/uploads\/elementor\/thumbs\/beliche-beach-sagres-algarve-surf-spot-reu2i6zz78ljtdszhm9wdy9kpitzzrsqarmoahfhio.jpg\" title=\"Beliche Beach Sagres \u2013 Algarve Surfspot\" alt=\"Der Beliche-Strand in Sagres mit goldenem Sand, Klippen und klaren Wellenlinien \u2013 ein gesch\u00fctzter Surfspot an der Algarve.\" loading=\"lazy\" \/>\t\t\t\t\t\t\t\t\t\t\t\t\t\t\t<\/div>\n\t\t\t\t<\/div>\n\t\t\t\t<div class=\"elementor-element elementor-element-dd20704 elementor-widget elementor-widget-text-editor\" data-id=\"dd20704\" data-element_type=\"widget\" data-e-type=\"widget\" data-widget_type=\"text-editor.default\">\n\t\t\t\t<div class=\"elementor-widget-container\">\n\t\t\t\t\t\t\t\t\t<div class=\"photo-credit\" data-id=\"a1783eff-211e-4f98-9e0d-bab357f1c873\"><p data-start=\"75\" data-end=\"156\">Foto &#8222;Praia do Beliche (52652773726).jpg&#8220; von <a class=\"external text\" href=\"https:\/\/www.flickr.com\/people\/16564965@N04\" rel=\"nofollow\">Michael Gaylard<\/a>, lizenziert unter <a href=\"https:\/\/commons.wikimedia.org\/wiki\/File:Praia_do_Beliche_(52652773726).jpg\" target=\"_blank\" rel=\"noopener\">CC BY 3.0<\/a>.<\/p><\/div>\t\t\t\t\t\t\t\t<\/div>\n\t\t\t\t<\/div>\n\t\t\t\t<div class=\"elementor-element elementor-element-f0f2ed1 elementor-align-left elementor-tablet-align-left elementor-mobile-align-left elementor-widget elementor-widget-button\" data-id=\"f0f2ed1\" data-element_type=\"widget\" data-e-type=\"widget\" data-widget_type=\"button.default\">\n\t\t\t\t<div class=\"elementor-widget-container\">\n\t\t\t\t\t\t\t\t\t<div class=\"elementor-button-wrapper\">\n\t\t\t\t\t<a class=\"elementor-button elementor-button-link elementor-size-sm elementor-animation-pop\" href=\"https:\/\/www.google.pt\/maps\/place\/Praia+do+Beliche\/@37.025631,-8.9663027,17z\/data=!3m1!4b1!4m5!3m4!1s0xd1b4c343a75bb03:0x9ebddda3398898bf!8m2!3d37.025631!4d-8.964114?shorturl=1\" target=\"_blank\">\n\t\t\t\t\t\t<span class=\"elementor-button-content-wrapper\">\n\t\t\t\t\t\t\t\t\t<span class=\"elementor-button-text\">Karte hier<\/span>\n\t\t\t\t\t<\/span>\n\t\t\t\t\t<\/a>\n\t\t\t\t<\/div>\n\t\t\t\t\t\t\t\t<\/div>\n\t\t\t\t<\/div>\n\t\t\t\t\t<\/div>\n\t\t<\/div>\n\t\t\t\t\t<\/div>\n\t\t<\/section>\n\t\t\t\t<section class=\"elementor-section elementor-top-section elementor-element elementor-element-18f371b elementor-section-stretched elementor-section-boxed elementor-section-height-default elementor-section-height-default\" data-id=\"18f371b\" data-element_type=\"section\" data-e-type=\"section\" id=\"ruiva\" data-settings=\"{&quot;stretch_section&quot;:&quot;section-stretched&quot;,&quot;background_background&quot;:&quot;classic&quot;}\">\n\t\t\t\t\t\t<div class=\"elementor-container elementor-column-gap-default\">\n\t\t\t\t\t<div class=\"elementor-column elementor-col-100 elementor-top-column elementor-element elementor-element-68e2b6e\" data-id=\"68e2b6e\" data-element_type=\"column\" data-e-type=\"column\">\n\t\t\t<div class=\"elementor-widget-wrap elementor-element-populated\">\n\t\t\t\t\t\t<div class=\"elementor-element elementor-element-be52afe elementor-widget elementor-widget-heading\" data-id=\"be52afe\" data-element_type=\"widget\" data-e-type=\"widget\" id=\"ponta\" data-widget_type=\"heading.default\">\n\t\t\t\t<div class=\"elementor-widget-container\">\n\t\t\t\t\t<h2 class=\"elementor-heading-title elementor-size-default\">5. Ponta Ruiva<\/h2>\t\t\t\t<\/div>\n\t\t\t\t<\/div>\n\t\t\t\t<div class=\"elementor-element elementor-element-9037c01 elementor-widget elementor-widget-text-editor\" data-id=\"9037c01\" data-element_type=\"widget\" data-e-type=\"widget\" data-widget_type=\"text-editor.default\">\n\t\t\t\t<div class=\"elementor-widget-container\">\n\t\t\t\t\t\t\t\t\t<p data-start=\"158\" data-end=\"682\">Ponta Ruiva ist einer der wildesten und abgelegensten Surfspots an der Algarve, bekannt f\u00fcr seine dramatischen roten Klippen, die unber\u00fchrte Natur und die kraftvollen Wellen. Da man ihn nur \u00fcber einen langen Feldweg erreicht, bietet er ein echtes Surferlebnis abseits der ausgetretenen Pfade, weit weg von den Menschenmassen. Wenn die Bedingungen stimmen, liefert Ponta Ruiva lange, sich abrollende Linkswellen und kr\u00e4ftige Peaks, die erfahrene Surfer anziehen, die auf der Suche nach der rohen Kraft des Atlantics sind. Durch seine exponierte Lage nimmt der Spot viel Swell auf und kann anspruchsvoll werden \u2013 mit starken Str\u00f6mungen und schnellen Take-offs.   <\/p><p data-start=\"684\" data-end=\"1031\">\ud83d\udccd <strong data-start=\"687\" data-end=\"700\">Am besten geeignet f\u00fcr:<\/strong> fortgeschrittene Surfer mit viel Erfahrung im Meer<br data-start=\"746\" data-end=\"749\"\/>\ud83c\udf0a <strong data-start=\"752\" data-end=\"766\">Wellentyp:<\/strong> kraftvolle Linkswellen im Point-Style und heftige Beach-Break-Abschnitte<br data-start=\"834\" data-end=\"837\"\/>\ud83d\udca8 <strong data-start=\"840\" data-end=\"849\">Wind:<\/strong> Ost oder Nordost f\u00fcr saubere Bedingungen<br data-start=\"888\" data-end=\"891\"\/>\u23f0 <strong data-start=\"893\" data-end=\"907\">Beste Gezeiten:<\/strong> mittlere Gezeiten<br data-start=\"916\" data-end=\"919\"\/>\u2714\ufe0f <strong data-start=\"922\" data-end=\"946\">Warum Surfer diesen Spot lieben:<\/strong> wilde Landschaft, lange, kraftvolle Rides, wenig Trubel, ideal f\u00fcr abenteuerlustige Surfer<\/p>\t\t\t\t\t\t\t\t<\/div>\n\t\t\t\t<\/div>\n\t\t\t\t<div class=\"elementor-element elementor-element-22ebf8a elementor-widget elementor-widget-image\" data-id=\"22ebf8a\" data-element_type=\"widget\" data-e-type=\"widget\" data-widget_type=\"image.default\">\n\t\t\t\t<div class=\"elementor-widget-container\">\n\t\t\t\t\t\t\t\t\t\t\t\t\t\t\t<img decoding=\"async\" src=\"https:\/\/oceancamper.com\/wp-content\/uploads\/elementor\/thumbs\/ponta-ruiva-beach-min-q88kck44gi7fuum7yokozvn4s73v2fo0iz7cpbasts.jpg\" title=\"Ponta Ruiva Strand Algarve Surfen in Portugal\" alt=\"Surfen in Portugal Ponta Ruiva Strand Algarve Westk\u00fcste Surfspot\" loading=\"lazy\" \/>\t\t\t\t\t\t\t\t\t\t\t\t\t\t\t<\/div>\n\t\t\t\t<\/div>\n\t\t\t\t<div class=\"elementor-element elementor-element-3618572 elementor-align-left elementor-tablet-align-left elementor-mobile-align-left elementor-widget elementor-widget-button\" data-id=\"3618572\" data-element_type=\"widget\" data-e-type=\"widget\" data-widget_type=\"button.default\">\n\t\t\t\t<div class=\"elementor-widget-container\">\n\t\t\t\t\t\t\t\t\t<div class=\"elementor-button-wrapper\">\n\t\t\t\t\t<a class=\"elementor-button elementor-button-link elementor-size-sm elementor-animation-pop\" href=\"https:\/\/www.google.pt\/maps\/place\/Praia+da+Ponta+Ruiva\/@37.0686557,-8.9671357,17z\/data=!3m1!4b1!4m5!3m4!1s0xd1b4ef47c49e323:0x4d4d65afea598313!8m2!3d37.0682867!4d-8.9643754?shorturl=1\" target=\"_blank\">\n\t\t\t\t\t\t<span class=\"elementor-button-content-wrapper\">\n\t\t\t\t\t\t\t\t\t<span class=\"elementor-button-text\">Karte hier<\/span>\n\t\t\t\t\t<\/span>\n\t\t\t\t\t<\/a>\n\t\t\t\t<\/div>\n\t\t\t\t\t\t\t\t<\/div>\n\t\t\t\t<\/div>\n\t\t\t\t\t<\/div>\n\t\t<\/div>\n\t\t\t\t\t<\/div>\n\t\t<\/section>\n\t\t\t\t<section class=\"elementor-section elementor-top-section elementor-element elementor-element-4294b86 elementor-section-stretched elementor-section-boxed elementor-section-height-default elementor-section-height-default\" data-id=\"4294b86\" data-element_type=\"section\" data-e-type=\"section\" id=\"Amado\" data-settings=\"{&quot;stretch_section&quot;:&quot;section-stretched&quot;,&quot;background_background&quot;:&quot;classic&quot;}\">\n\t\t\t\t\t\t<div class=\"elementor-container elementor-column-gap-default\">\n\t\t\t\t\t<div class=\"elementor-column elementor-col-100 elementor-top-column elementor-element elementor-element-2ea483c\" data-id=\"2ea483c\" data-element_type=\"column\" data-e-type=\"column\">\n\t\t\t<div class=\"elementor-widget-wrap elementor-element-populated\">\n\t\t\t\t\t\t<div class=\"elementor-element elementor-element-2b9e133 elementor-widget elementor-widget-heading\" data-id=\"2b9e133\" data-element_type=\"widget\" data-e-type=\"widget\" id=\"amado\" data-widget_type=\"heading.default\">\n\t\t\t\t<div class=\"elementor-widget-container\">\n\t\t\t\t\t<h2 class=\"elementor-heading-title elementor-size-default\">6. Amado Strand<\/h2>\t\t\t\t<\/div>\n\t\t\t\t<\/div>\n\t\t\t\t<div class=\"elementor-element elementor-element-d3e9f8c elementor-widget elementor-widget-text-editor\" data-id=\"d3e9f8c\" data-element_type=\"widget\" data-e-type=\"widget\" data-widget_type=\"text-editor.default\">\n\t\t\t\t<div class=\"elementor-widget-container\">\n\t\t\t\t\t\t\t\t\t<p data-start=\"149\" data-end=\"681\">Amado ist einer der bekanntesten und best\u00e4ndigsten <strong data-start=\"196\" data-end=\"223\">Surfstr\u00e4nde an der Westk\u00fcste<\/strong> der Algarve. Er ist ber\u00fchmt f\u00fcr seinen zuverl\u00e4ssigen Swell, seine Surfschulen und seine breite Sandbucht. Er nimmt fast jeden ankommenden Swell auf und ist daher an den meisten Tagen des Jahres surfbar. Der Strand bietet mehrere Peaks, die sich entlang der K\u00fcstenlinie verteilen, und damit Optionen f\u00fcr alle Niveaus &#8211; vom Anf\u00e4nger, der Unterricht nimmt, bis zum fortgeschrittenen Surfer, der auf der Jagd nach starken Winterwellen ist. Mit einfachen Parkm\u00f6glichkeiten, Surfverleih und einer atemberaubenden nat\u00fcrlichen Umgebung ist Amado ein Muss f\u00fcr jeden Surftrip an der Algarve.   <\/p><p data-start=\"683\" data-end=\"991\">\ud83d\udccd <strong data-start=\"686\" data-end=\"699\">Am besten geeignet f\u00fcr:<\/strong> alle Niveaus<br data-start=\"710\" data-end=\"713\"\/>\ud83c\udf0a <strong data-start=\"716\" data-end=\"730\">Wellentyp:<\/strong> mehrere Beach-Break-Peaks in einer weitl\u00e4ufigen Bucht<br data-start=\"775\" data-end=\"778\"\/>\ud83d\udca8 <strong data-start=\"781\" data-end=\"790\">Wind:<\/strong> Ostwind weht ablandig und sorgt f\u00fcr die saubersten Wellen<br data-start=\"844\" data-end=\"847\"\/>\u23f0 <strong data-start=\"849\" data-end=\"863\">Beste Gezeiten:<\/strong> mittlere Gezeiten<br data-start=\"872\" data-end=\"875\"\/>\u2714\ufe0f <strong data-start=\"878\" data-end=\"902\">Warum Surfer diesen Spot lieben:<\/strong> sehr best\u00e4ndige Wellen, Surfschulen, wundersch\u00f6ne Landschaft, viel Platz in der ganzen Bucht<\/p>\t\t\t\t\t\t\t\t<\/div>\n\t\t\t\t<\/div>\n\t\t\t\t<div class=\"elementor-element elementor-element-98b3a5e elementor-widget elementor-widget-image\" data-id=\"98b3a5e\" data-element_type=\"widget\" data-e-type=\"widget\" data-widget_type=\"image.default\">\n\t\t\t\t<div class=\"elementor-widget-container\">\n\t\t\t\t\t\t\t\t\t\t\t\t\t\t\t<img decoding=\"async\" src=\"https:\/\/oceancamper.com\/wp-content\/uploads\/elementor\/thumbs\/amado-beach-carrapateira-algarve-surf-spot-reu3bzhtt7dpsgj4izv7wxmii5zsyf2gq7zov79ab4.jpg\" title=\"Amado Beach Algarve \u2013 Surfspot in Carrapateira\" alt=\"Amado Beach Carrapateira mit einer breiten Sandbucht, zahlreichen Surfspots und schroffen Klippen \u2013 ein zuverl\u00e4ssiger Surfspot an der Algarve.\" loading=\"lazy\" \/>\t\t\t\t\t\t\t\t\t\t\t\t\t\t\t<\/div>\n\t\t\t\t<\/div>\n\t\t\t\t<div class=\"elementor-element elementor-element-74b3b01 elementor-widget elementor-widget-text-editor\" data-id=\"74b3b01\" data-element_type=\"widget\" data-e-type=\"widget\" data-widget_type=\"text-editor.default\">\n\t\t\t\t<div class=\"elementor-widget-container\">\n\t\t\t\t\t\t\t\t\t<div class=\"photo-credit\" data-id=\"a1783eff-211e-4f98-9e0d-bab357f1c873\"><p data-start=\"75\" data-end=\"156\">Foto &#8222;Looking south across Praia de Amado.jpg&#8220; von <a class=\"external text\" href=\"https:\/\/www.flickr.com\/people\/95672737@N00\" rel=\"nofollow\">Kyle Taylor<\/a>, lizenziert unter <a href=\"https:\/\/commons.wikimedia.org\/wiki\/File:Looking_south_across_Praia_de_Amado.jpg\" target=\"_blank\" rel=\"noopener\">CC BY 3.0<\/a>.<\/p><\/div>\t\t\t\t\t\t\t\t<\/div>\n\t\t\t\t<\/div>\n\t\t\t\t<div class=\"elementor-element elementor-element-a565ca7 elementor-align-left elementor-tablet-align-left elementor-mobile-align-left elementor-widget elementor-widget-button\" data-id=\"a565ca7\" data-element_type=\"widget\" data-e-type=\"widget\" data-widget_type=\"button.default\">\n\t\t\t\t<div class=\"elementor-widget-container\">\n\t\t\t\t\t\t\t\t\t<div class=\"elementor-button-wrapper\">\n\t\t\t\t\t<a class=\"elementor-button elementor-button-link elementor-size-sm elementor-animation-pop\" href=\"https:\/\/www.google.pt\/maps\/place\/Praia+do+Amado\/@37.1672588,-8.9045155,17z\/data=!3m1!4b1!4m5!3m4!1s0xd1b465da363a859:0x774e1a3521766a38!8m2!3d37.1672588!4d-8.9023268?shorturl=1\" target=\"_blank\">\n\t\t\t\t\t\t<span class=\"elementor-button-content-wrapper\">\n\t\t\t\t\t\t\t\t\t<span class=\"elementor-button-text\">Karte hier<\/span>\n\t\t\t\t\t<\/span>\n\t\t\t\t\t<\/a>\n\t\t\t\t<\/div>\n\t\t\t\t\t\t\t\t<\/div>\n\t\t\t\t<\/div>\n\t\t\t\t\t<\/div>\n\t\t<\/div>\n\t\t\t\t\t<\/div>\n\t\t<\/section>\n\t\t\t\t<section class=\"elementor-section elementor-top-section elementor-element elementor-element-4430196 elementor-section-stretched elementor-section-boxed elementor-section-height-default elementor-section-height-default\" data-id=\"4430196\" data-element_type=\"section\" data-e-type=\"section\" id=\"Arrifana\" data-settings=\"{&quot;stretch_section&quot;:&quot;section-stretched&quot;,&quot;background_background&quot;:&quot;classic&quot;}\">\n\t\t\t\t\t\t<div class=\"elementor-container elementor-column-gap-default\">\n\t\t\t\t\t<div class=\"elementor-column elementor-col-100 elementor-top-column elementor-element elementor-element-82eedc6\" data-id=\"82eedc6\" data-element_type=\"column\" data-e-type=\"column\">\n\t\t\t<div class=\"elementor-widget-wrap elementor-element-populated\">\n\t\t\t\t\t\t<div class=\"elementor-element elementor-element-49c610b elementor-widget elementor-widget-heading\" data-id=\"49c610b\" data-element_type=\"widget\" data-e-type=\"widget\" id=\"arrifana\" data-widget_type=\"heading.default\">\n\t\t\t\t<div class=\"elementor-widget-container\">\n\t\t\t\t\t<h2 class=\"elementor-heading-title elementor-size-default\">7. Arrifana Strand<\/h2>\t\t\t\t<\/div>\n\t\t\t\t<\/div>\n\t\t\t\t<div class=\"elementor-element elementor-element-f22c8c5 elementor-widget elementor-widget-text-editor\" data-id=\"f22c8c5\" data-element_type=\"widget\" data-e-type=\"widget\" data-widget_type=\"text-editor.default\">\n\t\t\t\t<div class=\"elementor-widget-container\">\n\t\t\t\t\t\t\t\t\t<p data-start=\"159\" data-end=\"742\">Arrifana ist einer der bekanntesten Surfstr\u00e4nde Portugals und liegt in einer atemberaubenden, von Klippen ges\u00e4umten Bucht an der Westk\u00fcste. Seine lange, rechte Point-Style-Welle macht ihn besonders bei Intermediates und fortgeschrittenen Surfern beliebt, w\u00e4hrend die s\u00fcdliche Ecke an kleineren Tagen sanftere Bedingungen f\u00fcr Anf\u00e4nger bietet. Der Strand nimmt konstanten Swell auf und hat dank seiner geschwungenen, gesch\u00fctzten Form oft sauberere Bedingungen als die nahe gelegenen Spots an der Westk\u00fcste. Mit einem Surferdorf auf den Klippen und einem atemberaubenden Blick von oben ist Arrifana ein Muss f\u00fcr jeden Surfer-Roadtrip an der Algarve.   <\/p><p data-start=\"744\" data-end=\"1059\">\ud83d\udccd <strong data-start=\"747\" data-end=\"760\">Am besten geeignet f\u00fcr:<\/strong> alle Niveaus, je nach Wellengang<br data-start=\"795\" data-end=\"798\"\/>\ud83c\udf0a <strong data-start=\"801\" data-end=\"815\">Wellentyp:<\/strong> lange Rechtswellen sowie mehrere Beach-Break-Peaks<br data-start=\"866\" data-end=\"869\"\/>\ud83d\udca8 <strong data-start=\"872\" data-end=\"881\">Wind:<\/strong> Ostwind weht ablandig und ist ideal<br data-start=\"913\" data-end=\"916\"\/>\u23f0 <strong data-start=\"918\" data-end=\"932\">Beste Gezeiten:<\/strong> mittlere Gezeiten<br data-start=\"941\" data-end=\"944\"\/>\u2714\ufe0f <strong data-start=\"947\" data-end=\"971\">Warum Surfer diesen Spot lieben:<\/strong> legend\u00e4re lange Rechtswelle, atemberaubende Klippen, surferfreundliches Dorf, best\u00e4ndige Bedingungen<\/p>\t\t\t\t\t\t\t\t<\/div>\n\t\t\t\t<\/div>\n\t\t\t\t<div class=\"elementor-element elementor-element-97be1ca elementor-widget elementor-widget-image\" data-id=\"97be1ca\" data-element_type=\"widget\" data-e-type=\"widget\" data-widget_type=\"image.default\">\n\t\t\t\t<div class=\"elementor-widget-container\">\n\t\t\t\t\t\t\t\t\t\t\t\t\t\t\t<img decoding=\"async\" src=\"https:\/\/oceancamper.com\/wp-content\/uploads\/elementor\/thumbs\/arrifana-beach-aljezur-algarve-surf-spot-reu41of0m6jv4r7mi3o42g831bczcl2c9dxh3h5w8g.jpg\" title=\"Arrifana Strand Aljezur Algarve Surfspot\" alt=\"Der Arrifana-Strand in Aljezur mit seiner langen Bucht, den Surfwellen und den hohen Klippen \u2013 ein legend\u00e4rer Surfspot an der Westk\u00fcste Portugals.\" loading=\"lazy\" \/>\t\t\t\t\t\t\t\t\t\t\t\t\t\t\t<\/div>\n\t\t\t\t<\/div>\n\t\t\t\t<div class=\"elementor-element elementor-element-6fe08b4 elementor-widget elementor-widget-text-editor\" data-id=\"6fe08b4\" data-element_type=\"widget\" data-e-type=\"widget\" data-widget_type=\"text-editor.default\">\n\t\t\t\t<div class=\"elementor-widget-container\">\n\t\t\t\t\t\t\t\t\t<div class=\"photo-credit\" data-id=\"a1783eff-211e-4f98-9e0d-bab357f1c873\"><p data-start=\"75\" data-end=\"156\">Foto &#8222;Praia da Arrifana.jpg&#8220; von <a title=\"Benutzer:Patrice78500\" href=\"https:\/\/commons.wikimedia.org\/wiki\/User:Patrice78500\">Patrice78500<\/a>, lizenziert unter <a href=\"https:\/\/commons.wikimedia.org\/wiki\/File:Praia_da_Arrifana.jpg\" target=\"_blank\" rel=\"noopener\">CC BY 3.0<\/a>.<\/p><\/div>\t\t\t\t\t\t\t\t<\/div>\n\t\t\t\t<\/div>\n\t\t\t\t<div class=\"elementor-element elementor-element-b99cd75 elementor-align-left elementor-tablet-align-left elementor-mobile-align-left elementor-widget elementor-widget-button\" data-id=\"b99cd75\" data-element_type=\"widget\" data-e-type=\"widget\" data-widget_type=\"button.default\">\n\t\t\t\t<div class=\"elementor-widget-container\">\n\t\t\t\t\t\t\t\t\t<div class=\"elementor-button-wrapper\">\n\t\t\t\t\t<a class=\"elementor-button elementor-button-link elementor-size-sm elementor-animation-pop\" href=\"https:\/\/www.google.pt\/maps\/place\/Praia+da+Arrifana\/@37.2919477,-8.8700988,16z\/data=!3m1!4b1!4m5!3m4!1s0xd1b403bbbcbfb71:0xd650f1517eadfb17!8m2!3d37.2921779!4d-8.8648484?shorturl=1\" target=\"_blank\">\n\t\t\t\t\t\t<span class=\"elementor-button-content-wrapper\">\n\t\t\t\t\t\t\t\t\t<span class=\"elementor-button-text\">Karte hier<\/span>\n\t\t\t\t\t<\/span>\n\t\t\t\t\t<\/a>\n\t\t\t\t<\/div>\n\t\t\t\t\t\t\t\t<\/div>\n\t\t\t\t<\/div>\n\t\t\t\t\t<\/div>\n\t\t<\/div>\n\t\t\t\t\t<\/div>\n\t\t<\/section>\n\t\t\t\t<section class=\"elementor-section elementor-top-section elementor-element elementor-element-cac32bb elementor-section-stretched elementor-section-boxed elementor-section-height-default elementor-section-height-default\" data-id=\"cac32bb\" data-element_type=\"section\" data-e-type=\"section\" id=\"Faro\" data-settings=\"{&quot;stretch_section&quot;:&quot;section-stretched&quot;,&quot;background_background&quot;:&quot;classic&quot;}\">\n\t\t\t\t\t\t<div class=\"elementor-container elementor-column-gap-default\">\n\t\t\t\t\t<div class=\"elementor-column elementor-col-100 elementor-top-column elementor-element elementor-element-af202d4\" data-id=\"af202d4\" data-element_type=\"column\" data-e-type=\"column\">\n\t\t\t<div class=\"elementor-widget-wrap elementor-element-populated\">\n\t\t\t\t\t\t<div class=\"elementor-element elementor-element-8865470 elementor-widget elementor-widget-heading\" data-id=\"8865470\" data-element_type=\"widget\" data-e-type=\"widget\" id=\"faro\" data-widget_type=\"heading.default\">\n\t\t\t\t<div class=\"elementor-widget-container\">\n\t\t\t\t\t<h2 class=\"elementor-heading-title elementor-size-default\">8. Praia de Faro<\/h2>\t\t\t\t<\/div>\n\t\t\t\t<\/div>\n\t\t\t\t<div class=\"elementor-element elementor-element-13d3527 elementor-widget elementor-widget-text-editor\" data-id=\"13d3527\" data-element_type=\"widget\" data-e-type=\"widget\" data-widget_type=\"text-editor.default\">\n\t\t\t\t<div class=\"elementor-widget-container\">\n\t\t\t\t\t\t\t\t\t<p data-start=\"155\" data-end=\"638\">Der Praia de Faro ist ein langer Sandstrand auf der Barriereinsel gegen\u00fcber der Stadt Faro, der sanfte Wellen und eine entspannte lokale Atmosph\u00e4re bietet. Er ist einer der am einfachsten zu erreichenden Surfspots an der Algarve und damit ideal f\u00fcr Anf\u00e4nger, lockere Surftage und schnelle Ritte in den Sonnenuntergang. Vom Herbst bis zum Fr\u00fchling erh\u00e4lt der Strand kleine, aber lustige Swells, die f\u00fcr saubere, verspielte Peaks sorgen. Im Sommer ist er meist flach und eignet sich hervorragend zum Schwimmen, Spazierengehen oder Entspannen w\u00e4hrend einer Wohnmobilreise.   <\/p><p data-start=\"640\" data-end=\"958\">\ud83d\udccd <strong data-start=\"643\" data-end=\"656\">Am besten geeignet f\u00fcr:<\/strong> Anf\u00e4nger &#038; Gelegenheitssurfer<br data-start=\"683\" data-end=\"686\"\/>\ud83c\udf0a <strong data-start=\"689\" data-end=\"703\">Wellentyp:<\/strong> sanfter Beachbreak mit kleinen, einladenden Wellen<br data-start=\"749\" data-end=\"752\"\/>\ud83d\udca8 <strong data-start=\"755\" data-end=\"764\">Wind:<\/strong> Nordwestwind weht ablandig und sorgt f\u00fcr die saubersten Bedingungen<br data-start=\"822\" data-end=\"825\"\/>\u23f0 <strong data-start=\"827\" data-end=\"841\">Beste Gezeiten:<\/strong> mittlere Gezeiten<br data-start=\"850\" data-end=\"853\"\/>\u2714\ufe0f <strong data-start=\"856\" data-end=\"880\">Warum Surfer diesen Spot lieben:<\/strong> in der N\u00e4he von Faro, entspannte Atmosph\u00e4re, langer Sandstrand, ideal f\u00fcr lockere Sessions<\/p>\t\t\t\t\t\t\t\t<\/div>\n\t\t\t\t<\/div>\n\t\t\t\t<div class=\"elementor-element elementor-element-a205158 elementor-widget elementor-widget-image\" data-id=\"a205158\" data-element_type=\"widget\" data-e-type=\"widget\" data-widget_type=\"image.default\">\n\t\t\t\t<div class=\"elementor-widget-container\">\n\t\t\t\t\t\t\t\t\t\t\t\t\t\t\t<img fetchpriority=\"high\" decoding=\"async\" width=\"800\" height=\"533\" src=\"https:\/\/oceancamper.com\/wp-content\/uploads\/2020\/12\/praia-de-faro-algarve-surf-spot.jpg\" class=\"attachment-large size-large wp-image-211703\" alt=\"Praia de Faro mit Sandd\u00fcnen, blauem Wasser und kleinen Strandh\u00e4uschen \u2013 ein entspannter Surfspot an der S\u00fcdk\u00fcste in der N\u00e4he von Faro.\" srcset=\"https:\/\/oceancamper.com\/wp-content\/uploads\/2020\/12\/praia-de-faro-algarve-surf-spot.jpg 960w, https:\/\/oceancamper.com\/wp-content\/uploads\/2020\/12\/praia-de-faro-algarve-surf-spot-300x200.jpg 300w, https:\/\/oceancamper.com\/wp-content\/uploads\/2020\/12\/praia-de-faro-algarve-surf-spot-768x512.jpg 768w, https:\/\/oceancamper.com\/wp-content\/uploads\/2020\/12\/praia-de-faro-algarve-surf-spot-240x160.jpg 240w\" sizes=\"(max-width: 800px) 100vw, 800px\" \/>\t\t\t\t\t\t\t\t\t\t\t\t\t\t\t<\/div>\n\t\t\t\t<\/div>\n\t\t\t\t<div class=\"elementor-element elementor-element-f1373b4 elementor-widget elementor-widget-text-editor\" data-id=\"f1373b4\" data-element_type=\"widget\" data-e-type=\"widget\" data-widget_type=\"text-editor.default\">\n\t\t\t\t<div class=\"elementor-widget-container\">\n\t\t\t\t\t\t\t\t\t<div class=\"photo-credit\" data-id=\"a1783eff-211e-4f98-9e0d-bab357f1c873\"><p data-start=\"75\" data-end=\"156\">Foto &#8222;Praia de Faro &#8211; Portugal (6697971433).jpg&#8220; von <a class=\"external text\" href=\"https:\/\/www.flickr.com\/people\/21446942@N00\" rel=\"nofollow\">Vitor Oliveira<\/a>, lizenziert unter <a href=\"https:\/\/commons.wikimedia.org\/wiki\/File:Praia_de_Faro_-_Portugal_(6697971433).jpg\" target=\"_blank\" rel=\"noopener\">CC BY 3.0<\/a>.<\/p><\/div>\t\t\t\t\t\t\t\t<\/div>\n\t\t\t\t<\/div>\n\t\t\t\t<div class=\"elementor-element elementor-element-acce31d elementor-align-left elementor-tablet-align-left elementor-mobile-align-left elementor-widget elementor-widget-button\" data-id=\"acce31d\" data-element_type=\"widget\" data-e-type=\"widget\" data-widget_type=\"button.default\">\n\t\t\t\t<div class=\"elementor-widget-container\">\n\t\t\t\t\t\t\t\t\t<div class=\"elementor-button-wrapper\">\n\t\t\t\t\t<a class=\"elementor-button elementor-button-link elementor-size-sm elementor-animation-pop\" href=\"https:\/\/www.google.pt\/maps\/place\/Praia+de+Faro,+Faro\/@37.0065086,-8.0028585,14.5z\/data=!4m5!3m4!1s0xd054d17b6c6a4b1:0x9dc0486c9387786e!8m2!3d37.0082108!4d-7.9947287?shorturl=1\" target=\"_blank\">\n\t\t\t\t\t\t<span class=\"elementor-button-content-wrapper\">\n\t\t\t\t\t\t\t\t\t<span class=\"elementor-button-text\">Karte hier<\/span>\n\t\t\t\t\t<\/span>\n\t\t\t\t\t<\/a>\n\t\t\t\t<\/div>\n\t\t\t\t\t\t\t\t<\/div>\n\t\t\t\t<\/div>\n\t\t\t\t\t<\/div>\n\t\t<\/div>\n\t\t\t\t\t<\/div>\n\t\t<\/section>\n\t\t\t\t<section class=\"elementor-section elementor-top-section elementor-element elementor-element-ff150f7 elementor-section-stretched elementor-section-boxed elementor-section-height-default elementor-section-height-default\" data-id=\"ff150f7\" data-element_type=\"section\" data-e-type=\"section\" data-settings=\"{&quot;stretch_section&quot;:&quot;section-stretched&quot;,&quot;background_background&quot;:&quot;classic&quot;}\">\n\t\t\t\t\t\t<div class=\"elementor-container elementor-column-gap-default\">\n\t\t\t\t\t<div class=\"elementor-column elementor-col-100 elementor-top-column elementor-element elementor-element-6d50de5\" data-id=\"6d50de5\" data-element_type=\"column\" data-e-type=\"column\">\n\t\t\t<div class=\"elementor-widget-wrap elementor-element-populated\">\n\t\t\t\t\t\t<div class=\"elementor-element elementor-element-cf34c6b elementor-widget elementor-widget-heading\" data-id=\"cf34c6b\" data-element_type=\"widget\" data-e-type=\"widget\" id=\"alentejo\" data-widget_type=\"heading.default\">\n\t\t\t\t<div class=\"elementor-widget-container\">\n\t\t\t\t\t<h2 class=\"elementor-heading-title elementor-size-default\">\ud83c\udf05 Die besten Surfstr\u00e4nde im Alentejo<\/h2>\t\t\t\t<\/div>\n\t\t\t\t<\/div>\n\t\t\t\t\t<\/div>\n\t\t<\/div>\n\t\t\t\t\t<\/div>\n\t\t<\/section>\n\t\t\t\t<section class=\"elementor-section elementor-top-section elementor-element elementor-element-de08e95 elementor-section-stretched elementor-section-boxed elementor-section-height-default elementor-section-height-default\" data-id=\"de08e95\" data-element_type=\"section\" data-e-type=\"section\" data-settings=\"{&quot;stretch_section&quot;:&quot;section-stretched&quot;,&quot;background_background&quot;:&quot;classic&quot;}\">\n\t\t\t\t\t\t<div class=\"elementor-container elementor-column-gap-default\">\n\t\t\t\t\t<div class=\"elementor-column elementor-col-100 elementor-top-column elementor-element elementor-element-d39004c\" data-id=\"d39004c\" data-element_type=\"column\" data-e-type=\"column\">\n\t\t\t<div class=\"elementor-widget-wrap elementor-element-populated\">\n\t\t\t\t\t\t<div class=\"elementor-element elementor-element-e3da95d elementor-widget elementor-widget-heading\" data-id=\"e3da95d\" data-element_type=\"widget\" data-e-type=\"widget\" id=\"Odeceixe\" data-widget_type=\"heading.default\">\n\t\t\t\t<div class=\"elementor-widget-container\">\n\t\t\t\t\t<h2 class=\"elementor-heading-title elementor-size-default\">1. Odeceixe Strand<\/h2>\t\t\t\t<\/div>\n\t\t\t\t<\/div>\n\t\t\t\t<div class=\"elementor-element elementor-element-0ac0f47 elementor-widget elementor-widget-text-editor\" data-id=\"0ac0f47\" data-element_type=\"widget\" data-e-type=\"widget\" data-widget_type=\"text-editor.default\">\n\t\t\t\t<div class=\"elementor-widget-container\">\n\t\t\t\t\t\t\t\t\t<p data-start=\"172\" data-end=\"700\">Odeceixe ist einer der einzigartigsten Surfstr\u00e4nde Portugals und liegt an der M\u00fcndung des Flusses Seixe, wo die Algarve auf den Alentejo trifft. Der Fluss bildet eine wundersch\u00f6ne, weite Bucht mit sanften Wellenbergen, die sich perfekt f\u00fcr Anf\u00e4nger eignen, w\u00e4hrend gr\u00f6\u00dfere Tage spa\u00dfige, rippbare Wellen f\u00fcr Fortgeschrittene bieten. Die malerische Mischung aus Klippen, D\u00fcnen und Fluss macht die Bucht zu einem beliebten Ziel f\u00fcr Roadtripper, die die Vicentina-K\u00fcste erkunden. Der Strand bietet viel Platz, einfache Parkm\u00f6glichkeiten und eine friedliche, nat\u00fcrliche Atmosph\u00e4re &#8211; ideal f\u00fcr entspannte Surftage.   <\/p><p data-start=\"702\" data-end=\"1032\">\ud83d\udccd <strong data-start=\"705\" data-end=\"718\">Am besten geeignet f\u00fcr:<\/strong> Anf\u00e4nger bis Fortgeschrittene<br data-start=\"745\" data-end=\"748\"\/>\ud83c\udf0a <strong data-start=\"751\" data-end=\"765\">Wellentyp:<\/strong> sanfter Beach Break mit Einfluss der Flussm\u00fcndung<br data-start=\"811\" data-end=\"814\"\/>\ud83d\udca8 <strong data-start=\"817\" data-end=\"826\">Wind:<\/strong> Ost- oder Nordostwind sorgen f\u00fcr die besten Bedingungen<br data-start=\"876\" data-end=\"879\"\/>\u23f0 <strong data-start=\"881\" data-end=\"895\">Beste Tide:<\/strong> mittlere Tide<br data-start=\"904\" data-end=\"907\"\/>\u2714\ufe0f <strong data-start=\"910\" data-end=\"934\">Warum Surfer diesen Spot lieben:<\/strong> malerische Lage an der Flussm\u00fcndung, spa\u00dfige, freundliche Wellen, weitl\u00e4ufige Bucht \u2013 perfekt f\u00fcr entspannte Surf-Sessions<\/p>\t\t\t\t\t\t\t\t<\/div>\n\t\t\t\t<\/div>\n\t\t\t\t<div class=\"elementor-element elementor-element-f5b74c4 elementor-widget elementor-widget-image\" data-id=\"f5b74c4\" data-element_type=\"widget\" data-e-type=\"widget\" data-widget_type=\"image.default\">\n\t\t\t\t<div class=\"elementor-widget-container\">\n\t\t\t\t\t\t\t\t\t\t\t\t\t\t\t<img decoding=\"async\" width=\"800\" height=\"533\" src=\"https:\/\/oceancamper.com\/wp-content\/uploads\/2020\/12\/odeceixe-beach-alentejo-algarve-surf-spot.jpg\" class=\"attachment-large size-large wp-image-211704\" alt=\"Der Strand von Odeceixe mit Flussm\u00fcndung, breiter Sandbucht und sanften Brandungswellen \u2013 ein malerischer Surfspot an der Algarve und im Alentejo.\" srcset=\"https:\/\/oceancamper.com\/wp-content\/uploads\/2020\/12\/odeceixe-beach-alentejo-algarve-surf-spot.jpg 960w, https:\/\/oceancamper.com\/wp-content\/uploads\/2020\/12\/odeceixe-beach-alentejo-algarve-surf-spot-300x200.jpg 300w, https:\/\/oceancamper.com\/wp-content\/uploads\/2020\/12\/odeceixe-beach-alentejo-algarve-surf-spot-768x512.jpg 768w, https:\/\/oceancamper.com\/wp-content\/uploads\/2020\/12\/odeceixe-beach-alentejo-algarve-surf-spot-240x160.jpg 240w\" sizes=\"(max-width: 800px) 100vw, 800px\" \/>\t\t\t\t\t\t\t\t\t\t\t\t\t\t\t<\/div>\n\t\t\t\t<\/div>\n\t\t\t\t<div class=\"elementor-element elementor-element-78bb875 elementor-widget elementor-widget-text-editor\" data-id=\"78bb875\" data-element_type=\"widget\" data-e-type=\"widget\" data-widget_type=\"text-editor.default\">\n\t\t\t\t<div class=\"elementor-widget-container\">\n\t\t\t\t\t\t\t\t\t<div class=\"photo-credit\" data-id=\"a1783eff-211e-4f98-9e0d-bab357f1c873\"><p data-start=\"75\" data-end=\"156\">Foto &#8222;Aljezur &#8211; Odeceixe-3 (48890405646).jpg&#8220; von <a class=\"external text\" href=\"https:\/\/www.flickr.com\/people\/55953988@N00\" rel=\"nofollow\">Ot\u00e1vio Nogueira<\/a>, lizenziert unter <a href=\"https:\/\/commons.wikimedia.org\/wiki\/File:Aljezur_-_Odeceixe-3_(48890405646).jpg\" target=\"_blank\" rel=\"noopener\">CC BY 3.0<\/a>.<\/p><\/div>\t\t\t\t\t\t\t\t<\/div>\n\t\t\t\t<\/div>\n\t\t\t\t<div class=\"elementor-element elementor-element-1afc78b elementor-align-left elementor-tablet-align-left elementor-mobile-align-left elementor-widget elementor-widget-button\" data-id=\"1afc78b\" data-element_type=\"widget\" data-e-type=\"widget\" data-widget_type=\"button.default\">\n\t\t\t\t<div class=\"elementor-widget-container\">\n\t\t\t\t\t\t\t\t\t<div class=\"elementor-button-wrapper\">\n\t\t\t\t\t<a class=\"elementor-button elementor-button-link elementor-size-sm elementor-animation-pop\" href=\"https:\/\/maps.app.goo.gl\/kbS1RV7VcwyyLAjn9\" target=\"_blank\">\n\t\t\t\t\t\t<span class=\"elementor-button-content-wrapper\">\n\t\t\t\t\t\t\t\t\t<span class=\"elementor-button-text\">Karte hier<\/span>\n\t\t\t\t\t<\/span>\n\t\t\t\t\t<\/a>\n\t\t\t\t<\/div>\n\t\t\t\t\t\t\t\t<\/div>\n\t\t\t\t<\/div>\n\t\t\t\t\t<\/div>\n\t\t<\/div>\n\t\t\t\t\t<\/div>\n\t\t<\/section>\n\t\t\t\t<section class=\"elementor-section elementor-top-section elementor-element elementor-element-7ecea5d elementor-section-stretched elementor-section-boxed elementor-section-height-default elementor-section-height-default\" data-id=\"7ecea5d\" data-element_type=\"section\" data-e-type=\"section\" data-settings=\"{&quot;stretch_section&quot;:&quot;section-stretched&quot;,&quot;background_background&quot;:&quot;classic&quot;}\">\n\t\t\t\t\t\t<div class=\"elementor-container elementor-column-gap-default\">\n\t\t\t\t\t<div class=\"elementor-column elementor-col-100 elementor-top-column elementor-element elementor-element-d77b13d\" data-id=\"d77b13d\" data-element_type=\"column\" data-e-type=\"column\">\n\t\t\t<div class=\"elementor-widget-wrap elementor-element-populated\">\n\t\t\t\t\t\t<div class=\"elementor-element elementor-element-5e9c669 elementor-widget elementor-widget-heading\" data-id=\"5e9c669\" data-element_type=\"widget\" data-e-type=\"widget\" id=\"zambujeira\" data-widget_type=\"heading.default\">\n\t\t\t\t<div class=\"elementor-widget-container\">\n\t\t\t\t\t<h2 class=\"elementor-heading-title elementor-size-default\">2. Zambujeira do Mar<\/h2>\t\t\t\t<\/div>\n\t\t\t\t<\/div>\n\t\t\t\t<div class=\"elementor-element elementor-element-adc7331 elementor-widget elementor-widget-text-editor\" data-id=\"adc7331\" data-element_type=\"widget\" data-e-type=\"widget\" data-widget_type=\"text-editor.default\">\n\t\t\t\t<div class=\"elementor-widget-container\">\n\t\t\t\t\t\t\t\t\t<p data-start=\"170\" data-end=\"735\">Zambujeira do Mar ist ein malerischer Surfstrand, der unterhalb dramatischer Klippen liegt und eine friedliche Dorfatmosph\u00e4re sowie saubere, konstante Wellen bietet. Der Strand erstreckt sich \u00fcber eine weite Sandbucht mit mehreren Gipfeln, die am besten bei kleinem bis mittlerem Wellengang funktionieren, was ihn zu einem gro\u00dfartigen Spot f\u00fcr Anf\u00e4nger und Fortgeschrittene macht. Die malerische Lage und die entspannte Atmosph\u00e4re machen ihn zu einem beliebten Ort f\u00fcr Surftrips an der K\u00fcste des Alentejo. Obwohl er nicht so viel Swell aufnimmt wie die exponierten Str\u00e4nde an der Westk\u00fcste im S\u00fcden, bietet er oft lustige, verspielte Wellen mit weniger Menschenmassen.   <\/p><p data-start=\"737\" data-end=\"1053\">\ud83d\udccd <strong data-start=\"740\" data-end=\"753\">Am besten geeignet f\u00fcr:<\/strong> Fortgeschrittene; Anf\u00e4nger bei kleinem Wellengang<br data-start=\"794\" data-end=\"797\"\/>\ud83c\udf0a <strong data-start=\"800\" data-end=\"814\">Wellentyp:<\/strong> Beach Break mit mehreren wechselnden Peaks<br data-start=\"855\" data-end=\"858\"\/>\ud83d\udca8 <strong data-start=\"861\" data-end=\"870\">Wind:<\/strong> Ost- oder Nordostwind sorgt f\u00fcr saubere Bedingungen<br data-start=\"914\" data-end=\"917\"\/>\u23f0 <strong data-start=\"919\" data-end=\"933\">Beste Gezeiten:<\/strong> mittlere Gezeiten<br data-start=\"942\" data-end=\"945\"\/>\u2714\ufe0f <strong data-start=\"948\" data-end=\"972\">Warum Surfer diesen Spot lieben:<\/strong> malerische Klippen, entspanntes Dorf, spa\u00dfige Peaks, ruhiger als die Spots an der s\u00fcdlichen Algarve<\/p>\t\t\t\t\t\t\t\t<\/div>\n\t\t\t\t<\/div>\n\t\t\t\t<div class=\"elementor-element elementor-element-ffae7a6 elementor-widget elementor-widget-image\" data-id=\"ffae7a6\" data-element_type=\"widget\" data-e-type=\"widget\" data-widget_type=\"image.default\">\n\t\t\t\t<div class=\"elementor-widget-container\">\n\t\t\t\t\t\t\t\t\t\t\t\t\t\t\t<img decoding=\"async\" width=\"800\" height=\"533\" src=\"https:\/\/oceancamper.com\/wp-content\/uploads\/2020\/12\/zambujeira-do-mar-alentejo-surf-spot.jpg\" class=\"attachment-large size-large wp-image-211706\" alt=\"Der Strand von Zambujeira do Mar mit seinen Klippen, der kleinen Bucht und den sauberen Brandungswellen \u2013 ein malerischer Surfspot im Alentejo in Portugal.\" srcset=\"https:\/\/oceancamper.com\/wp-content\/uploads\/2020\/12\/zambujeira-do-mar-alentejo-surf-spot.jpg 960w, https:\/\/oceancamper.com\/wp-content\/uploads\/2020\/12\/zambujeira-do-mar-alentejo-surf-spot-300x200.jpg 300w, https:\/\/oceancamper.com\/wp-content\/uploads\/2020\/12\/zambujeira-do-mar-alentejo-surf-spot-768x512.jpg 768w, https:\/\/oceancamper.com\/wp-content\/uploads\/2020\/12\/zambujeira-do-mar-alentejo-surf-spot-240x160.jpg 240w\" sizes=\"(max-width: 800px) 100vw, 800px\" \/>\t\t\t\t\t\t\t\t\t\t\t\t\t\t\t<\/div>\n\t\t\t\t<\/div>\n\t\t\t\t<div class=\"elementor-element elementor-element-46693cc elementor-widget elementor-widget-text-editor\" data-id=\"46693cc\" data-element_type=\"widget\" data-e-type=\"widget\" data-widget_type=\"text-editor.default\">\n\t\t\t\t<div class=\"elementor-widget-container\">\n\t\t\t\t\t\t\t\t\t<div class=\"photo-credit\" data-id=\"a1783eff-211e-4f98-9e0d-bab357f1c873\"><p data-start=\"75\" data-end=\"156\">Foto &#8222;Odemira &#8211; Zambujeira do Mar (48885308782).jpg&#8220; von <a class=\"external text\" href=\"https:\/\/www.flickr.com\/people\/55953988@N00\" rel=\"nofollow\">Ot\u00e1vio Nogueira<\/a>, lizenziert unter <a href=\"https:\/\/commons.wikimedia.org\/wiki\/File:Odemira_-_Zambujeira_do_Mar_(48885308782).jpg\" target=\"_blank\" rel=\"noopener\">CC BY 3.0<\/a>.<\/p><\/div>\t\t\t\t\t\t\t\t<\/div>\n\t\t\t\t<\/div>\n\t\t\t\t<div class=\"elementor-element elementor-element-a629417 elementor-align-left elementor-tablet-align-left elementor-mobile-align-left elementor-widget elementor-widget-button\" data-id=\"a629417\" data-element_type=\"widget\" data-e-type=\"widget\" data-widget_type=\"button.default\">\n\t\t\t\t<div class=\"elementor-widget-container\">\n\t\t\t\t\t\t\t\t\t<div class=\"elementor-button-wrapper\">\n\t\t\t\t\t<a class=\"elementor-button elementor-button-link elementor-size-sm elementor-animation-pop\" href=\"https:\/\/maps.app.goo.gl\/1z7ajhsNwdVe429S9\" target=\"_blank\">\n\t\t\t\t\t\t<span class=\"elementor-button-content-wrapper\">\n\t\t\t\t\t\t\t\t\t<span class=\"elementor-button-text\">Karte hier<\/span>\n\t\t\t\t\t<\/span>\n\t\t\t\t\t<\/a>\n\t\t\t\t<\/div>\n\t\t\t\t\t\t\t\t<\/div>\n\t\t\t\t<\/div>\n\t\t\t\t\t<\/div>\n\t\t<\/div>\n\t\t\t\t\t<\/div>\n\t\t<\/section>\n\t\t\t\t<section class=\"elementor-section elementor-top-section elementor-element elementor-element-9132c44 elementor-section-stretched elementor-section-boxed elementor-section-height-default elementor-section-height-default\" data-id=\"9132c44\" data-element_type=\"section\" data-e-type=\"section\" data-settings=\"{&quot;stretch_section&quot;:&quot;section-stretched&quot;,&quot;background_background&quot;:&quot;classic&quot;}\">\n\t\t\t\t\t\t<div class=\"elementor-container elementor-column-gap-default\">\n\t\t\t\t\t<div class=\"elementor-column elementor-col-100 elementor-top-column elementor-element elementor-element-aa9bbea\" data-id=\"aa9bbea\" data-element_type=\"column\" data-e-type=\"column\">\n\t\t\t<div class=\"elementor-widget-wrap elementor-element-populated\">\n\t\t\t\t\t\t<div class=\"elementor-element elementor-element-0d97899 elementor-widget elementor-widget-heading\" data-id=\"0d97899\" data-element_type=\"widget\" data-e-type=\"widget\" id=\"malhao\" data-widget_type=\"heading.default\">\n\t\t\t\t<div class=\"elementor-widget-container\">\n\t\t\t\t\t<h2 class=\"elementor-heading-title elementor-size-default\">3. Strand von Malh\u00e3o (Vila Nova de Milfontes)<\/h2>\t\t\t\t<\/div>\n\t\t\t\t<\/div>\n\t\t\t\t<div class=\"elementor-element elementor-element-5ef8c9b elementor-widget elementor-widget-text-editor\" data-id=\"5ef8c9b\" data-element_type=\"widget\" data-e-type=\"widget\" data-widget_type=\"text-editor.default\">\n\t\t\t\t<div class=\"elementor-widget-container\">\n\t\t\t\t\t\t\t\t\t<p data-start=\"168\" data-end=\"687\">Malh\u00e3o ist einer der wildesten und weitl\u00e4ufigsten Surfstr\u00e4nde im Alentejo, bekannt f\u00fcr seine schroffen D\u00fcnen, die breite Sandbucht und die kraftvolle Atlantic-Brise. Der Strand f\u00e4ngt viel Swell ein und bietet mehrere wechselnde Peaks, wodurch schnelle, anspruchsvolle Wellen entstehen, die am besten f\u00fcr fortgeschrittene Surfer geeignet sind. Seine Abgeschiedenheit und nat\u00fcrliche Sch\u00f6nheit ziehen Vanlifer und Surf-Roadtripper an, die auf der Suche nach Weite, Einsamkeit und der rohen Energie des Ozeans sind. An Tagen mit kleinerem Wellengang bietet Malh\u00e3o auch Spa\u00df und gute Bedingungen f\u00fcr selbstbewusste Fortgeschrittene.   <\/p><p data-start=\"689\" data-end=\"1034\">\ud83d\udccd <strong data-start=\"692\" data-end=\"705\">Am besten geeignet f\u00fcr:<\/strong> fortgeschrittene Surfer; Surfer mit mittlerem Niveau bei kleinerem Wellengang<br data-start=\"755\" data-end=\"758\"\/>\ud83c\udf0a <strong data-start=\"761\" data-end=\"775\">Wellentyp:<\/strong> kraftvoller Beachbreak mit mehreren wechselnden Peaks<br data-start=\"825\" data-end=\"828\"\/>\ud83d\udca8 <strong data-start=\"831\" data-end=\"840\">Wind:<\/strong> Ost- oder Nordostwind sorgt f\u00fcr die saubersten Bedingungen<br data-start=\"884\" data-end=\"887\"\/>\u23f0 <strong data-start=\"889\" data-end=\"903\">Beste Gezeiten:<\/strong> mittlere Gezeiten<br data-start=\"912\" data-end=\"915\"\/>\u2714\ufe0f <strong data-start=\"918\" data-end=\"942\">Warum Surfer diesen Spot lieben:<\/strong> abgeschiedene Atmosph\u00e4re, starke D\u00fcnenexposition, wundersch\u00f6ne D\u00fcnen, viel Platz rund um die Bucht<\/p>\t\t\t\t\t\t\t\t<\/div>\n\t\t\t\t<\/div>\n\t\t\t\t<div class=\"elementor-element elementor-element-47ce17e elementor-widget elementor-widget-image\" data-id=\"47ce17e\" data-element_type=\"widget\" data-e-type=\"widget\" data-widget_type=\"image.default\">\n\t\t\t\t<div class=\"elementor-widget-container\">\n\t\t\t\t\t\t\t\t\t\t\t\t\t\t\t<img loading=\"lazy\" decoding=\"async\" width=\"800\" height=\"533\" src=\"https:\/\/oceancamper.com\/wp-content\/uploads\/2020\/12\/malhao-beach-alentejo-surf-spot.jpg\" class=\"attachment-large size-large wp-image-211705\" alt=\"Die Holzpromenade am Strand von Malh\u00e3o mit Blick auf die weitl\u00e4ufige Sandk\u00fcste und die klaren Wellenlinien \u2013 ein wilder Surfspot im Alentejo.\" srcset=\"https:\/\/oceancamper.com\/wp-content\/uploads\/2020\/12\/malhao-beach-alentejo-surf-spot.jpg 960w, https:\/\/oceancamper.com\/wp-content\/uploads\/2020\/12\/malhao-beach-alentejo-surf-spot-300x200.jpg 300w, https:\/\/oceancamper.com\/wp-content\/uploads\/2020\/12\/malhao-beach-alentejo-surf-spot-768x511.jpg 768w, https:\/\/oceancamper.com\/wp-content\/uploads\/2020\/12\/malhao-beach-alentejo-surf-spot-240x160.jpg 240w\" sizes=\"(max-width: 800px) 100vw, 800px\" \/>\t\t\t\t\t\t\t\t\t\t\t\t\t\t\t<\/div>\n\t\t\t\t<\/div>\n\t\t\t\t<div class=\"elementor-element elementor-element-3a1c5cd elementor-widget elementor-widget-text-editor\" data-id=\"3a1c5cd\" data-element_type=\"widget\" data-e-type=\"widget\" data-widget_type=\"text-editor.default\">\n\t\t\t\t<div class=\"elementor-widget-container\">\n\t\t\t\t\t\t\t\t\t<div class=\"photo-credit\" data-id=\"a1783eff-211e-4f98-9e0d-bab357f1c873\"><p data-start=\"75\" data-end=\"156\">Foto: Jules Verne Times Two \/ <a href=\"https:\/\/www.julesvernex2.com\" target=\"_blank\" rel=\"noopener\">julesvernex2.com<\/a> \/ <a href=\"https:\/\/commons.wikimedia.org\/wiki\/File:Malh%C3%A3o_Beach,_Fishermen%27s_Trail,_Vila_Nova_de_Milfontes_Portugal_julesvernex2.jpg\">CC-BY-SA-4.0<\/a>.<\/p><\/div>\t\t\t\t\t\t\t\t<\/div>\n\t\t\t\t<\/div>\n\t\t\t\t<div class=\"elementor-element elementor-element-d565b8c elementor-align-left elementor-tablet-align-left elementor-mobile-align-left elementor-widget elementor-widget-button\" data-id=\"d565b8c\" data-element_type=\"widget\" data-e-type=\"widget\" data-widget_type=\"button.default\">\n\t\t\t\t<div class=\"elementor-widget-container\">\n\t\t\t\t\t\t\t\t\t<div class=\"elementor-button-wrapper\">\n\t\t\t\t\t<a class=\"elementor-button elementor-button-link elementor-size-sm elementor-animation-pop\" href=\"https:\/\/maps.app.goo.gl\/hY1jqD8JrU7thWgb8\" target=\"_blank\">\n\t\t\t\t\t\t<span class=\"elementor-button-content-wrapper\">\n\t\t\t\t\t\t\t\t\t<span class=\"elementor-button-text\">Karte hier<\/span>\n\t\t\t\t\t<\/span>\n\t\t\t\t\t<\/a>\n\t\t\t\t<\/div>\n\t\t\t\t\t\t\t\t<\/div>\n\t\t\t\t<\/div>\n\t\t\t\t\t<\/div>\n\t\t<\/div>\n\t\t\t\t\t<\/div>\n\t\t<\/section>\n\t\t\t\t<section class=\"elementor-section elementor-top-section elementor-element elementor-element-b05de82 elementor-section-stretched elementor-section-boxed elementor-section-height-default elementor-section-height-default\" data-id=\"b05de82\" data-element_type=\"section\" data-e-type=\"section\" data-settings=\"{&quot;stretch_section&quot;:&quot;section-stretched&quot;,&quot;background_background&quot;:&quot;classic&quot;}\">\n\t\t\t\t\t\t<div class=\"elementor-container elementor-column-gap-default\">\n\t\t\t\t\t<div class=\"elementor-column elementor-col-100 elementor-top-column elementor-element elementor-element-3f96ed1\" data-id=\"3f96ed1\" data-element_type=\"column\" data-e-type=\"column\">\n\t\t\t<div class=\"elementor-widget-wrap elementor-element-populated\">\n\t\t\t\t\t\t<div class=\"elementor-element elementor-element-b0dd744 elementor-widget elementor-widget-heading\" data-id=\"b0dd744\" data-element_type=\"widget\" data-e-type=\"widget\" id=\"tropes\" data-widget_type=\"heading.default\">\n\t\t\t\t<div class=\"elementor-widget-container\">\n\t\t\t\t\t<h2 class=\"elementor-heading-title elementor-size-default\">4. S\u00e3o Torpes Strand (Sines)<\/h2>\t\t\t\t<\/div>\n\t\t\t\t<\/div>\n\t\t\t\t<div class=\"elementor-element elementor-element-9acbe0f elementor-widget elementor-widget-text-editor\" data-id=\"9acbe0f\" data-element_type=\"widget\" data-e-type=\"widget\" data-widget_type=\"text-editor.default\">\n\t\t\t\t<div class=\"elementor-widget-container\">\n\t\t\t\t\t\t\t\t\t<p data-start=\"159\" data-end=\"627\">S\u00e3o Torpes ist ein bekannter Surfspot im Alentejo, der f\u00fcr seine langen, weichen Wellen und das etwas w\u00e4rmere Wasser als an der umliegenden K\u00fcste bekannt ist. Der Strand ist breit und sandig und hat mehrere sanfte Peaks, die perfekt f\u00fcr Anf\u00e4nger, Longboarder und entspannte Sessions sind. Dank seiner konstanten, aber fehlerverzeihenden Bedingungen ist S\u00e3o Torpes oft einer der einfachsten Orte in der Region, um das Surfen zu lernen oder seine Grundlagen zu verfeinern. Bei gr\u00f6\u00dferen Swells bietet er saubere, cruisige Walls f\u00fcr Intermediates.   <\/p><p data-start=\"629\" data-end=\"957\">\ud83d\udccd <strong data-start=\"632\" data-end=\"645\">Am besten geeignet f\u00fcr:<\/strong> Anf\u00e4nger &#038; Longboarder; Fortgeschrittene an Tagen mit gr\u00f6\u00dferen Wellen<br data-start=\"700\" data-end=\"703\"\/>\ud83c\udf0a <strong data-start=\"706\" data-end=\"720\">Wellentyp:<\/strong> lange, sanfte Beach-Break-Wellen<br data-start=\"749\" data-end=\"752\"\/>\ud83d\udca8 <strong data-start=\"755\" data-end=\"764\">Wind:<\/strong> Ost- oder Nordostwind sorgt f\u00fcr saubere Linien<br data-start=\"807\" data-end=\"810\"\/>\u23f0 <strong data-start=\"812\" data-end=\"826\">Beste Gezeiten:<\/strong> mittlere Gezeiten<br data-start=\"835\" data-end=\"838\"\/>\u2714\ufe0f <strong data-start=\"841\" data-end=\"865\">Warum Surfer diesen Spot lieben:<\/strong> relativ warmes Wasser, lange, angenehme Rides, breiter Strand, ideal f\u00fcr Anf\u00e4nger und entspannte Surftage<\/p>\t\t\t\t\t\t\t\t<\/div>\n\t\t\t\t<\/div>\n\t\t\t\t<div class=\"elementor-element elementor-element-e21fa3b elementor-widget elementor-widget-image\" data-id=\"e21fa3b\" data-element_type=\"widget\" data-e-type=\"widget\" data-widget_type=\"image.default\">\n\t\t\t\t<div class=\"elementor-widget-container\">\n\t\t\t\t\t\t\t\t\t\t\t\t\t\t\t<img loading=\"lazy\" decoding=\"async\" width=\"800\" height=\"533\" src=\"https:\/\/oceancamper.com\/wp-content\/uploads\/2020\/12\/malhao-beach-alentejo-surf-spot.jpg\" class=\"attachment-large size-large wp-image-211705\" alt=\"Die Holzpromenade am Strand von Malh\u00e3o mit Blick auf die weitl\u00e4ufige Sandk\u00fcste und die klaren Wellenlinien \u2013 ein wilder Surfspot im Alentejo.\" srcset=\"https:\/\/oceancamper.com\/wp-content\/uploads\/2020\/12\/malhao-beach-alentejo-surf-spot.jpg 960w, https:\/\/oceancamper.com\/wp-content\/uploads\/2020\/12\/malhao-beach-alentejo-surf-spot-300x200.jpg 300w, https:\/\/oceancamper.com\/wp-content\/uploads\/2020\/12\/malhao-beach-alentejo-surf-spot-768x511.jpg 768w, https:\/\/oceancamper.com\/wp-content\/uploads\/2020\/12\/malhao-beach-alentejo-surf-spot-240x160.jpg 240w\" sizes=\"(max-width: 800px) 100vw, 800px\" \/>\t\t\t\t\t\t\t\t\t\t\t\t\t\t\t<\/div>\n\t\t\t\t<\/div>\n\t\t\t\t<div class=\"elementor-element elementor-element-a08d8c4 elementor-widget elementor-widget-text-editor\" data-id=\"a08d8c4\" data-element_type=\"widget\" data-e-type=\"widget\" data-widget_type=\"text-editor.default\">\n\t\t\t\t<div class=\"elementor-widget-container\">\n\t\t\t\t\t\t\t\t\t<div class=\"photo-credit\" data-id=\"a1783eff-211e-4f98-9e0d-bab357f1c873\"><p data-start=\"75\" data-end=\"156\">Foto &#8222;Praia de S\u00e3o Torpes &#8211; Portugal (53858261194).jpg&#8220; von <a class=\"external text\" href=\"https:\/\/www.flickr.com\/people\/21446942@N00\" rel=\"nofollow\">Vitor Oliveira<\/a>, lizenziert unter <a href=\"https:\/\/commons.wikimedia.org\/wiki\/File:Praia_de_S%C3%A3o_Torpes_-_Portugal_%F0%9F%87%B5%F0%9F%87%B9_(53858261194).jpg\" target=\"_blank\" rel=\"noopener\">CC BY 3.0<\/a>.<\/p><\/div>\t\t\t\t\t\t\t\t<\/div>\n\t\t\t\t<\/div>\n\t\t\t\t<div class=\"elementor-element elementor-element-8baf611 elementor-align-left elementor-tablet-align-left elementor-mobile-align-left elementor-widget elementor-widget-button\" data-id=\"8baf611\" data-element_type=\"widget\" data-e-type=\"widget\" data-widget_type=\"button.default\">\n\t\t\t\t<div class=\"elementor-widget-container\">\n\t\t\t\t\t\t\t\t\t<div class=\"elementor-button-wrapper\">\n\t\t\t\t\t<a class=\"elementor-button elementor-button-link elementor-size-sm elementor-animation-pop\" href=\"https:\/\/maps.app.goo.gl\/HAkACp5YHybACXXu8\" target=\"_blank\">\n\t\t\t\t\t\t<span class=\"elementor-button-content-wrapper\">\n\t\t\t\t\t\t\t\t\t<span class=\"elementor-button-text\">Karte hier<\/span>\n\t\t\t\t\t<\/span>\n\t\t\t\t\t<\/a>\n\t\t\t\t<\/div>\n\t\t\t\t\t\t\t\t<\/div>\n\t\t\t\t<\/div>\n\t\t\t\t\t<\/div>\n\t\t<\/div>\n\t\t\t\t\t<\/div>\n\t\t<\/section>\n\t\t\t\t<section class=\"elementor-section elementor-top-section elementor-element elementor-element-3d13f73 elementor-section-stretched elementor-section-boxed elementor-section-height-default elementor-section-height-default\" data-id=\"3d13f73\" data-element_type=\"section\" data-e-type=\"section\" data-settings=\"{&quot;stretch_section&quot;:&quot;section-stretched&quot;,&quot;background_background&quot;:&quot;classic&quot;}\">\n\t\t\t\t\t\t<div class=\"elementor-container elementor-column-gap-default\">\n\t\t\t\t\t<div class=\"elementor-column elementor-col-100 elementor-top-column elementor-element elementor-element-3d1d115\" data-id=\"3d1d115\" data-element_type=\"column\" data-e-type=\"column\">\n\t\t\t<div class=\"elementor-widget-wrap elementor-element-populated\">\n\t\t\t\t\t\t<div class=\"elementor-element elementor-element-756f6d6 elementor-widget elementor-widget-heading\" data-id=\"756f6d6\" data-element_type=\"widget\" data-e-type=\"widget\" id=\"spots\" data-widget_type=\"heading.default\">\n\t\t\t\t<div class=\"elementor-widget-container\">\n\t\t\t\t\t<h2 class=\"elementor-heading-title elementor-size-default\">\ud83c\udf0a Algarve &amp; Alentejo Surfspots - Kurz\u00fcbersicht<\/h2>\t\t\t\t<\/div>\n\t\t\t\t<\/div>\n\t\t\t\t<div class=\"elementor-element elementor-element-841b514 elementor-widget elementor-widget-text-editor\" data-id=\"841b514\" data-element_type=\"widget\" data-e-type=\"widget\" data-widget_type=\"text-editor.default\">\n\t\t\t\t<div class=\"elementor-widget-container\">\n\t\t\t\t\t\t\t\t\t<table><thead><tr><th><strong>Strand<\/strong><\/th><th><strong>Region<\/strong><\/th><th><strong>Wellenh\u00f6he<\/strong><\/th><th><strong>Am besten f\u00fcr<\/strong><\/th><th><strong>Bedingungen<\/strong><\/th><\/tr><\/thead><tbody><tr><td>Zavial<\/td><td>Algarve (S)<\/td><td>Mittel<\/td><td>Alle Ebenen<\/td><td>Toll, wenn der Westen zu gro\u00df ist<\/td><\/tr><tr><td>Mareta<\/td><td>Algarve (S)<\/td><td>Klein<\/td><td>Anf\u00e4nger<\/td><td>Leichter Ostwind<\/td><\/tr><tr><td>Tonel<\/td><td>Algarve (W)<\/td><td>Gro\u00df<\/td><td>Fortgeschrittene<\/td><td>Saubere NW D\u00fcnung, E Wind<\/td><\/tr><tr><td>Beliche<\/td><td>Algarve (SW)<\/td><td>Mittel<\/td><td>Mittel<\/td><td>Gesch\u00fctzt vor Wind<\/td><\/tr><tr><td>Ponta Ruiva<\/td><td>Algarve (W)<\/td><td>Gro\u00df<\/td><td>Fortgeschrittene<\/td><td>Mittlere Tide, sauberer NW<\/td><\/tr><tr><td>Amado<\/td><td>Algarve (W)<\/td><td>Mittel<\/td><td>Alle Ebenen<\/td><td>Ganzj\u00e4hrig konstant<\/td><\/tr><tr><td>Arrifana<\/td><td>Algarve (W)<\/td><td>Mittel<\/td><td>Alle Stufen<\/td><td>Lange Rechte, mittlere Tide<\/td><\/tr><tr><td>Praia de Faro<\/td><td>Algarve (S)<\/td><td>Klein<\/td><td>L\u00e4ssig<\/td><td>Herbst-Fr\u00fchlings-Impulse<\/td><\/tr><tr><td>Odeceixe<\/td><td>Alentejo<\/td><td>Medium<\/td><td>Alle Ebenen<\/td><td>Gipfel der Flussm\u00fcndung<\/td><\/tr><tr><td>Zambujeira<\/td><td>Alentejo<\/td><td>Mittel<\/td><td>Mittel<\/td><td>Landschaftlich reizvolle Klippen<\/td><\/tr><tr><td>Malh\u00e3o<\/td><td>Alentejo<\/td><td>Gro\u00df<\/td><td>Fortgeschrittene<\/td><td>Starke NW-Wellen<\/td><\/tr><tr><td>S\u00e3o Torpes<\/td><td>Alentejo<\/td><td>Klein<\/td><td>Anf\u00e4nger<\/td><td>Sanfte lange Ausritte<\/td><\/tr><\/tbody><\/table>\t\t\t\t\t\t\t\t<\/div>\n\t\t\t\t<\/div>\n\t\t\t\t<div class=\"elementor-element elementor-element-6191df4 elementor-widget elementor-widget-heading\" data-id=\"6191df4\" data-element_type=\"widget\" data-e-type=\"widget\" id=\"forecast\" data-widget_type=\"heading.default\">\n\t\t\t\t<div class=\"elementor-widget-container\">\n\t\t\t\t\t<h2 class=\"elementor-heading-title elementor-size-default\">\ud83c\udf26\ufe0f Vorhersage-Tools f\u00fcr deine Reise<\/h2>\t\t\t\t<\/div>\n\t\t\t\t<\/div>\n\t\t\t\t<div class=\"elementor-element elementor-element-b5cb73d elementor-widget elementor-widget-text-editor\" data-id=\"b5cb73d\" data-element_type=\"widget\" data-e-type=\"widget\" data-widget_type=\"text-editor.default\">\n\t\t\t\t<div class=\"elementor-widget-container\">\n\t\t\t\t\t\t\t\t\t<ul><li data-start=\"6360\" data-end=\"6435\"><a class=\"decorated-link\" href=\"https:\/\/www.surf-forecast.com\" target=\"_new\" rel=\"noopener\" data-start=\"6360\" data-end=\"6410\">Surf-Forecast.com<\/a> &#8211; Wellenh\u00f6he &#038; Periode<\/li><li data-start=\"6438\" data-end=\"6499\"><a class=\"decorated-link\" href=\"https:\/\/www.windy.com\" target=\"_new\" rel=\"noopener\" data-start=\"6438\" data-end=\"6472\">Windy.com<\/a> &#8211; Windgeschwindigkeit und -richtung<\/li><li data-start=\"6502\" data-end=\"6570\"><a class=\"decorated-link cursor-pointer\" target=\"_new\" rel=\"noopener\" data-start=\"6502\" data-end=\"6548\">Tides4Fishing<\/a> &#8211; lokale Gezeitentabellen<\/li><li data-start=\"6573\" data-end=\"6641\"><a class=\"decorated-link\" href=\"https:\/\/www.ipma.pt\/en\/\" target=\"_new\" rel=\"noopener\" data-start=\"6573\" data-end=\"6604\">IPMA<\/a> &#8211; offizielle Wetterwarnungen f\u00fcr Portugal<\/li><li data-start=\"6643\" data-end=\"6730\"><em data-start=\"6643\" data-end=\"6730\">(Siehe auch unseren Beitrag: <a class=\"decorated-link\" href=\"https:\/\/oceancamper.com\/de\/top-10-camping-apps-und-websites\/\" target=\"_new\" rel=\"noopener\" data-start=\"6664\" data-end=\"6728\">Top 10 Camping Apps<\/a>)<\/em><\/li><\/ul>\t\t\t\t\t\t\t\t<\/div>\n\t\t\t\t<\/div>\n\t\t\t\t<div class=\"elementor-element elementor-element-c778dd1 elementor-widget elementor-widget-heading\" data-id=\"c778dd1\" data-element_type=\"widget\" data-e-type=\"widget\" id=\"campervan\" data-widget_type=\"heading.default\">\n\t\t\t\t<div class=\"elementor-widget-container\">\n\t\t\t\t\t<h2 class=\"elementor-heading-title elementor-size-default\">\ud83d\ude90 Campervan-Knigge &amp; Sicherheit<\/h2>\t\t\t\t<\/div>\n\t\t\t\t<\/div>\n\t\t\t\t<div class=\"elementor-element elementor-element-deee8cc elementor-widget elementor-widget-text-editor\" data-id=\"deee8cc\" data-element_type=\"widget\" data-e-type=\"widget\" data-widget_type=\"text-editor.default\">\n\t\t\t\t<div class=\"elementor-widget-container\">\n\t\t\t\t\t\t\t\t\t<ul><li data-start=\"6777\" data-end=\"6824\">Bleibe auf offiziellen Parkpl\u00e4tzen oder Wohnmobilzonen<\/li><li data-start=\"6827\" data-end=\"6898\">Respektiere die Einheimischen und die Umwelt &#8211; <strong data-start=\"6858\" data-end=\"6877\">kein wildes Zelten<\/strong> auf gesch\u00fctzten D\u00fcnen<\/li><li>Keinen M\u00fcll hinterlassen; \u00f6ffentliche M\u00fclleimer benutzen<\/li><li data-start=\"6937\" data-end=\"6980\">Vermeide es, Zufahrtsstra\u00dfen oder andere Transporter zu blockieren<\/li><li data-start=\"6983\" data-end=\"7030\">Folge <a href=\"https:\/\/surfing-waves.com\/wave_priority.htm\" target=\"_blank\" rel=\"noopener\"><strong data-start=\"6990\" data-end=\"7013\">Surf-Priorit\u00e4tsregeln<\/strong><\/a>; nie eintauchen<\/li><li data-start=\"7033\" data-end=\"7069\">Im Notfall w\u00e4hlst du die <strong data-start=\"7060\" data-end=\"7067\">112<\/strong><\/li><\/ul>\t\t\t\t\t\t\t\t<\/div>\n\t\t\t\t<\/div>\n\t\t\t\t<div class=\"elementor-element elementor-element-53133cf elementor-widget elementor-widget-image\" data-id=\"53133cf\" data-element_type=\"widget\" data-e-type=\"widget\" data-widget_type=\"image.default\">\n\t\t\t\t<div class=\"elementor-widget-container\">\n\t\t\t\t\t\t\t\t\t\t\t\t\t\t\t<img loading=\"lazy\" decoding=\"async\" width=\"800\" height=\"534\" src=\"https:\/\/oceancamper.com\/wp-content\/uploads\/2025\/08\/off-grid-surf-campervan-portugal-1024x683.jpg\" class=\"attachment-large size-large wp-image-193318\" alt=\"Ein Surf-Campervan von Ocean Camper, geparkt an der Atlantikk\u00fcste in Portugal, mit Surfbrettern auf dem Dach und einem Reisenden, der sich an den Wellen entspannt.\" srcset=\"https:\/\/oceancamper.com\/wp-content\/uploads\/2025\/08\/off-grid-surf-campervan-portugal-1024x683.jpg 1024w, https:\/\/oceancamper.com\/wp-content\/uploads\/2025\/08\/off-grid-surf-campervan-portugal-300x200.jpg 300w, https:\/\/oceancamper.com\/wp-content\/uploads\/2025\/08\/off-grid-surf-campervan-portugal-768x512.jpg 768w, https:\/\/oceancamper.com\/wp-content\/uploads\/2025\/08\/off-grid-surf-campervan-portugal-1536x1024.jpg 1536w, https:\/\/oceancamper.com\/wp-content\/uploads\/2025\/08\/off-grid-surf-campervan-portugal-2048x1366.jpg 2048w, https:\/\/oceancamper.com\/wp-content\/uploads\/2025\/08\/off-grid-surf-campervan-portugal-240x160.jpg 240w\" sizes=\"(max-width: 800px) 100vw, 800px\" \/>\t\t\t\t\t\t\t\t\t\t\t\t\t\t\t<\/div>\n\t\t\t\t<\/div>\n\t\t\t\t<div class=\"elementor-element elementor-element-589656e elementor-widget elementor-widget-heading\" data-id=\"589656e\" data-element_type=\"widget\" data-e-type=\"widget\" id=\"faq\" data-widget_type=\"heading.default\">\n\t\t\t\t<div class=\"elementor-widget-container\">\n\t\t\t\t\t<h2 class=\"elementor-heading-title elementor-size-default\">\u2753 H\u00e4ufig gestellte Fragen (FAQ)<\/h2>\t\t\t\t<\/div>\n\t\t\t\t<\/div>\n\t\t\t\t<div class=\"elementor-element elementor-element-bbc8683 elementor-widget elementor-widget-text-editor\" data-id=\"bbc8683\" data-element_type=\"widget\" data-e-type=\"widget\" data-widget_type=\"text-editor.default\">\n\t\t\t\t<div class=\"elementor-widget-container\">\n\t\t\t\t\t\t\t\t\t<p><strong data-start=\"7115\" data-end=\"7173\">Wann ist die beste Zeit zum Surfen an der Algarve und im Alentejo?<\/strong><br data-start=\"7173\" data-end=\"7176\">Von Oktober bis Mai sind die Wellen am best\u00e4ndigsten. Von Juni bis September sind die Wellen kleiner und sauberer &#8211; ideal f\u00fcr Lernende. <\/p><p><strong data-start=\"7299\" data-end=\"7337\">K\u00f6nnen Anf\u00e4nger an der Algarve surfen?<\/strong><br data-start=\"7337\" data-end=\"7340\">Ja. Str\u00e4nde wie <strong data-start=\"7358\" data-end=\"7368\">Mareta<\/strong>, <strong data-start=\"7370\" data-end=\"7379\">Amado<\/strong> und <strong data-start=\"7385\" data-end=\"7402\">Praia de Faro<\/strong> bieten weiche, freundliche Wellen und Surfschulen. <\/p><p><strong data-start=\"7451\" data-end=\"7475\">Brauche ich einen Neoprenanzug?<\/strong><br data-start=\"7475\" data-end=\"7478\">Ja, vor allem au\u00dferhalb des Sommers. Ein <strong data-start=\"7512\" data-end=\"7522\">4\/3 mm<\/strong> funktioniert von Herbst bis Fr\u00fchling; ein <strong data-start=\"7554\" data-end=\"7564\">3\/2 mm<\/strong> ist gut f\u00fcr den Sommer. <\/p><p><strong data-start=\"7588\" data-end=\"7642\">Was eignet sich besser zum Surfen \u2013<\/strong> <strong data-start=\"7649\" data-end=\"7663\">die West-<\/strong> <strong data-start=\"7588\" data-end=\"7642\">oder<\/strong> <strong data-start=\"7706\" data-end=\"7721\">die<\/strong> <strong data-start=\"7588\" data-end=\"7642\">S\u00fcd<\/strong> <strong data-start=\"7706\" data-end=\"7721\">k\u00fcste<\/strong> <strong data-start=\"7588\" data-end=\"7642\">?<\/strong><br data-start=\"7642\" data-end=\"7645\"\/>An der <strong data-start=\"7649\" data-end=\"7663\">Westk\u00fcste<\/strong> gibt es st\u00e4rkere, best\u00e4ndigere Wellen. Die <strong data-start=\"7706\" data-end=\"7721\">S\u00fcdk\u00fcste<\/strong> ist gesch\u00fctzter und eignet sich ideal f\u00fcr Tage mit kleinerem Wellengang oder bei windigen Bedingungen. <\/p><p><strong data-start=\"7788\" data-end=\"7833\">Ist ein Wohnmobil praktisch f\u00fcr einen Surftrip?<\/strong><br data-start=\"7833\" data-end=\"7836\">Auf jeden Fall. Ein <strong data-start=\"7850\" data-end=\"7868\">Surfcampervan<\/strong> gibt dir die totale Freiheit, den Bedingungen nachzujagen und in der N\u00e4he deiner Lieblingsbreaks zu \u00fcbernachten. <\/p>\t\t\t\t\t\t\t\t<\/div>\n\t\t\t\t<\/div>\n\t\t\t\t<div class=\"elementor-element elementor-element-62e97db elementor-widget elementor-widget-heading\" data-id=\"62e97db\" data-element_type=\"widget\" data-e-type=\"widget\" id=\"surftrip\" data-widget_type=\"heading.default\">\n\t\t\t\t<div class=\"elementor-widget-container\">\n\t\t\t\t\t<h2 class=\"elementor-heading-title elementor-size-default\">\ud83e\udded Plane deinen Surf Road Trip<\/h2>\t\t\t\t<\/div>\n\t\t\t\t<\/div>\n\t\t\t\t<div class=\"elementor-element elementor-element-3a2f1a2 elementor-widget elementor-widget-text-editor\" data-id=\"3a2f1a2\" data-element_type=\"widget\" data-e-type=\"widget\" data-widget_type=\"text-editor.default\">\n\t\t\t\t<div class=\"elementor-widget-container\">\n\t\t\t\t\t\t\t\t\t<p data-start=\"8000\" data-end=\"8215\">Von <strong data-start=\"8005\" data-end=\"8035\">den dramatischen Klippen bei Arrifana<\/strong> \u00fcber <strong data-start=\"8039\" data-end=\"8065\">die Flussm\u00fcndung bei Odeceixe<\/strong> bis hin zu <strong data-start=\"8070\" data-end=\"8096\">den langen Wellen bei S\u00e3o Torpes<\/strong> \u2013 S\u00fcdportugal ist ein Paradies f\u00fcr Surfer.<br data-start=\"8139\" data-end=\"8142\"\/>Wach am Meer auf, koch dir bei Sonnenaufgang dein Fr\u00fchst\u00fcck und surf bis zum Sonnenuntergang.<\/p><p data-start=\"8217\" data-end=\"8397\">\ud83d\ude90 <strong data-start=\"8220\" data-end=\"8256\">Bereit f\u00fcr den perfekten Surf-Trip?<\/strong><br data-start=\"8256\" data-end=\"8259\"\/>Miete deinen <strong data-start=\"8269\" data-end=\"8293\">surftauglichen Campervan<\/strong> bei <a class=\"decorated-link\" href=\"https:\/\/oceancamper.com\/de\/\" target=\"_new\" rel=\"noopener\" data-start=\"8299\" data-end=\"8342\"><strong data-start=\"8300\" data-end=\"8316\">Ocean Camper<\/strong><\/a> und folge den Wellen durch <strong data-start=\"8372\" data-end=\"8394\">die Algarve und das Alentejo<\/strong>.<\/p>\t\t\t\t\t\t\t\t<\/div>\n\t\t\t\t<\/div>\n\t\t\t\t\t<\/div>\n\t\t<\/div>\n\t\t\t\t\t<\/div>\n\t\t<\/section>\n\t\t\t\t<section class=\"elementor-section elementor-inner-section elementor-element elementor-element-40c3a26d elementor-section-boxed elementor-section-height-default elementor-section-height-default\" data-id=\"40c3a26d\" data-element_type=\"section\" data-e-type=\"section\" data-settings=\"{&quot;background_background&quot;:&quot;classic&quot;}\">\n\t\t\t\t\t\t<div class=\"elementor-container elementor-column-gap-default\">\n\t\t\t\t\t<div class=\"elementor-column elementor-col-100 elementor-inner-column elementor-element elementor-element-7ee1a60d\" data-id=\"7ee1a60d\" data-element_type=\"column\" data-e-type=\"column\">\n\t\t\t<div class=\"elementor-widget-wrap elementor-element-populated\">\n\t\t\t\t\t\t<div class=\"elementor-element elementor-element-3b0f35e5 elementor-widget elementor-widget-html\" data-id=\"3b0f35e5\" data-element_type=\"widget\" data-e-type=\"widget\" data-widget_type=\"html.default\">\n\t\t\t\t<div class=\"elementor-widget-container\">\n\t\t\t\t\t<script src=\"https:\/\/oceancamper1.oceancamper.com\/public\/car-rental\/integrations\/assets\/integrator\"><\/script><div class=\"hq-rental-software-integration\" data-integrator_link=\"https:\/\/oceancamper1.oceancamper.com\/public\/car-rental\/integrations\" data-brand=\"45359cec-fef8-4a46-9782-487216d45398\" data-snippet=\"reservations\" data-skip_language=\"\" data-rate_type_uuid=\"\" data-referral=\"\" data-forced_locale=\"en\"><\/div>\t\t\t\t<\/div>\n\t\t\t\t<\/div>\n\t\t\t\t\t<\/div>\n\t\t<\/div>\n\t\t\t\t\t<\/div>\n\t\t<\/section>\n\t\t\t\t<section class=\"elementor-section elementor-top-section elementor-element elementor-element-79f5c13 elementor-section-stretched elementor-section-boxed elementor-section-height-default elementor-section-height-default\" data-id=\"79f5c13\" data-element_type=\"section\" data-e-type=\"section\" data-settings=\"{&quot;stretch_section&quot;:&quot;section-stretched&quot;,&quot;background_background&quot;:&quot;classic&quot;}\">\n\t\t\t\t\t\t<div class=\"elementor-container elementor-column-gap-default\">\n\t\t\t\t\t<div class=\"elementor-column elementor-col-100 elementor-top-column elementor-element elementor-element-be67f25\" data-id=\"be67f25\" data-element_type=\"column\" data-e-type=\"column\">\n\t\t\t<div class=\"elementor-widget-wrap elementor-element-populated\">\n\t\t\t\t\t\t<section class=\"elementor-section elementor-inner-section elementor-element elementor-element-4f447f1 elementor-section-boxed elementor-section-height-default elementor-section-height-default\" data-id=\"4f447f1\" data-element_type=\"section\" data-e-type=\"section\">\n\t\t\t\t\t\t<div class=\"elementor-container elementor-column-gap-default\">\n\t\t\t\t\t<div class=\"elementor-column elementor-col-100 elementor-inner-column elementor-element elementor-element-999262d\" data-id=\"999262d\" data-element_type=\"column\" data-e-type=\"column\">\n\t\t\t<div class=\"elementor-widget-wrap elementor-element-populated\">\n\t\t\t\t\t\t<div class=\"elementor-element elementor-element-817f650 elementor-widget elementor-widget-heading\" data-id=\"817f650\" data-element_type=\"widget\" data-e-type=\"widget\" data-widget_type=\"heading.default\">\n\t\t\t\t<div class=\"elementor-widget-container\">\n\t\t\t\t\t<h3 class=\"elementor-heading-title elementor-size-default\">\u00dcberpr\u00fcfen Sie unsere anderen Beitr\u00e4ge:<\/h3>\t\t\t\t<\/div>\n\t\t\t\t<\/div>\n\t\t\t\t<div class=\"elementor-element elementor-element-4ce7a13 elementor-grid-tablet-3 elementor-grid-3 elementor-grid-mobile-1 elementor-posts--thumbnail-top elementor-posts__hover-gradient elementor-widget elementor-widget-posts\" data-id=\"4ce7a13\" data-element_type=\"widget\" data-e-type=\"widget\" data-settings=\"{&quot;cards_row_gap&quot;:{&quot;unit&quot;:&quot;px&quot;,&quot;size&quot;:20,&quot;sizes&quot;:[]},&quot;cards_row_gap_mobile&quot;:{&quot;unit&quot;:&quot;px&quot;,&quot;size&quot;:10,&quot;sizes&quot;:[]},&quot;cards_columns_tablet&quot;:&quot;3&quot;,&quot;cards_row_gap_tablet&quot;:{&quot;unit&quot;:&quot;px&quot;,&quot;size&quot;:5,&quot;sizes&quot;:[]},&quot;cards_columns&quot;:&quot;3&quot;,&quot;cards_columns_mobile&quot;:&quot;1&quot;}\" data-widget_type=\"posts.cards\">\n\t\t\t\t<div class=\"elementor-widget-container\">\n\t\t\t\t\t\t\t<div class=\"elementor-posts-container elementor-posts elementor-posts--skin-cards elementor-grid\" role=\"list\">\n\t\t\t\t<article class=\"elementor-post elementor-grid-item post-172246 post type-post status-publish format-standard has-post-thumbnail hentry category-camping-tipps category-highlights-home-de tag-hotel-de tag-mietauto tag-roadtrip-algarve-de tag-wohnmobil-oder-hotel\" role=\"listitem\">\n\t\t\t<div class=\"elementor-post__card\">\n\t\t\t\t<a class=\"elementor-post__thumbnail__link\" href=\"https:\/\/oceancamper.com\/de\/campervan-oder-hotelaufenthalt\/\" tabindex=\"-1\" ><div class=\"elementor-post__thumbnail\"><img loading=\"lazy\" decoding=\"async\" width=\"300\" height=\"133\" src=\"https:\/\/oceancamper.com\/wp-content\/uploads\/2025\/03\/Campervan-vs-Hotel-Stay-The-Ultimate-Travel-Comparison-1-300x133.jpg\" class=\"attachment-medium size-medium wp-image-219446\" alt=\"Roter Wohnwagen in der N\u00e4he eines historischen Schlosses - ein Beispiel f\u00fcr die Freiheit des Reisens mit dem Wohnmobil im Vergleich zu herk\u00f6mmlichen Hotelaufenthalten.\" srcset=\"https:\/\/oceancamper.com\/wp-content\/uploads\/2025\/03\/Campervan-vs-Hotel-Stay-The-Ultimate-Travel-Comparison-1-300x133.jpg 300w, https:\/\/oceancamper.com\/wp-content\/uploads\/2025\/03\/Campervan-vs-Hotel-Stay-The-Ultimate-Travel-Comparison-1-1024x455.jpg 1024w, https:\/\/oceancamper.com\/wp-content\/uploads\/2025\/03\/Campervan-vs-Hotel-Stay-The-Ultimate-Travel-Comparison-1-768x341.jpg 768w, https:\/\/oceancamper.com\/wp-content\/uploads\/2025\/03\/Campervan-vs-Hotel-Stay-The-Ultimate-Travel-Comparison-1-240x107.jpg 240w, https:\/\/oceancamper.com\/wp-content\/uploads\/2025\/03\/Campervan-vs-Hotel-Stay-The-Ultimate-Travel-Comparison-1.jpg 1500w\" sizes=\"(max-width: 300px) 100vw, 300px\" \/><\/div><\/a>\n\t\t\t\t<div class=\"elementor-post__text\">\n\t\t\t\t<h2 class=\"elementor-post__title\">\n\t\t\t<a href=\"https:\/\/oceancamper.com\/de\/campervan-oder-hotelaufenthalt\/\" >\n\t\t\t\tCampervan oder Hotelaufenthalt\t\t\t<\/a>\n\t\t<\/h2>\n\t\t\t\t<div class=\"elementor-post__excerpt\">\n\t\t\t<p>Campervan oder Hotelaufenthalt? Der ultimative Reisevergleich Wohnmobil oder Hotelaufenthalt?<\/p>\n\t\t<\/div>\n\t\t\n\t\t<a class=\"elementor-post__read-more\" href=\"https:\/\/oceancamper.com\/de\/campervan-oder-hotelaufenthalt\/\" aria-label=\"Mehr \u00fcber Campervan oder Hotelaufenthalt\" tabindex=\"-1\" >\n\t\t\tWeiterlesen \u00bb\t\t<\/a>\n\n\t\t\t\t<\/div>\n\t\t\t\t\t<\/div>\n\t\t<\/article>\n\t\t\t\t<article class=\"elementor-post elementor-grid-item post-78855 post type-post status-publish format-standard has-post-thumbnail hentry category-unkategorisiert tag-campingtips-de tag-suptips-de tag-surfingtips-de\" role=\"listitem\">\n\t\t\t<div class=\"elementor-post__card\">\n\t\t\t\t<a class=\"elementor-post__thumbnail__link\" href=\"https:\/\/oceancamper.com\/de\/portugal-die-schonsten-orte\/\" tabindex=\"-1\" ><div class=\"elementor-post__thumbnail\"><img loading=\"lazy\" decoding=\"async\" width=\"300\" height=\"200\" src=\"https:\/\/oceancamper.com\/wp-content\/uploads\/2023\/07\/arrifess-300x200.jpg\" class=\"attachment-medium size-medium wp-image-83714\" alt=\"\" srcset=\"https:\/\/oceancamper.com\/wp-content\/uploads\/2023\/07\/arrifess-300x200.jpg 300w, https:\/\/oceancamper.com\/wp-content\/uploads\/2023\/07\/arrifess-768x512.jpg 768w, https:\/\/oceancamper.com\/wp-content\/uploads\/2023\/07\/arrifess-240x160.jpg 240w, https:\/\/oceancamper.com\/wp-content\/uploads\/2023\/07\/arrifess.jpg 960w\" sizes=\"(max-width: 300px) 100vw, 300px\" \/><\/div><\/a>\n\t\t\t\t<div class=\"elementor-post__text\">\n\t\t\t\t<h2 class=\"elementor-post__title\">\n\t\t\t<a href=\"https:\/\/oceancamper.com\/de\/portugal-die-schonsten-orte\/\" >\n\t\t\t\tKarte: Die besten Orte in Portugal \u2013 Dein ultimativer Reisef\u00fchrer\t\t\t<\/a>\n\t\t<\/h2>\n\t\t\t\t<div class=\"elementor-post__excerpt\">\n\t\t\t<p>Eine Karte mit den besten Orten, die du in Portugal besuchen kannst: Surfstr\u00e4nde, SUP &#038; Schnorchelsport und Campingpl\u00e4tze.  <\/p>\n\t\t<\/div>\n\t\t\n\t\t<a class=\"elementor-post__read-more\" href=\"https:\/\/oceancamper.com\/de\/portugal-die-schonsten-orte\/\" aria-label=\"Mehr \u00fcber Karte: Die besten Orte in Portugal \u2013 Dein ultimativer Reisef\u00fchrer\" tabindex=\"-1\" >\n\t\t\tWeiterlesen \u00bb\t\t<\/a>\n\n\t\t\t\t<\/div>\n\t\t\t\t\t<\/div>\n\t\t<\/article>\n\t\t\t\t<article class=\"elementor-post elementor-grid-item post-5804 post type-post status-publish format-standard has-post-thumbnail hentry category-unkategorisiert\" role=\"listitem\">\n\t\t\t<div class=\"elementor-post__card\">\n\t\t\t\t<a class=\"elementor-post__thumbnail__link\" href=\"https:\/\/oceancamper.com\/de\/aktivitaten-in-faro\/\" tabindex=\"-1\" ><div class=\"elementor-post__thumbnail\"><img loading=\"lazy\" decoding=\"async\" width=\"300\" height=\"225\" src=\"https:\/\/oceancamper.com\/wp-content\/uploads\/2020\/12\/AdobeStock_307404734-1-min-300x225.jpeg\" class=\"attachment-medium size-medium wp-image-183898\" alt=\"Luftaufnahme von Faro an der Algarve: rote Ziegeld\u00e4cher, die Altstadt und die Lagune Ria Formosa unter strahlend blauem Himmel.\" srcset=\"https:\/\/oceancamper.com\/wp-content\/uploads\/2020\/12\/AdobeStock_307404734-1-min-300x225.jpeg 300w, https:\/\/oceancamper.com\/wp-content\/uploads\/2020\/12\/AdobeStock_307404734-1-min-1024x767.jpeg 1024w, https:\/\/oceancamper.com\/wp-content\/uploads\/2020\/12\/AdobeStock_307404734-1-min-768x576.jpeg 768w, https:\/\/oceancamper.com\/wp-content\/uploads\/2020\/12\/AdobeStock_307404734-1-min-1536x1151.jpeg 1536w, https:\/\/oceancamper.com\/wp-content\/uploads\/2020\/12\/AdobeStock_307404734-1-min-2048x1535.jpeg 2048w, https:\/\/oceancamper.com\/wp-content\/uploads\/2020\/12\/AdobeStock_307404734-1-min-240x180.jpeg 240w\" sizes=\"(max-width: 300px) 100vw, 300px\" \/><\/div><\/a>\n\t\t\t\t<div class=\"elementor-post__text\">\n\t\t\t\t<h2 class=\"elementor-post__title\">\n\t\t\t<a href=\"https:\/\/oceancamper.com\/de\/aktivitaten-in-faro\/\" >\n\t\t\t\tWas tun in Faro?\t\t\t<\/a>\n\t\t<\/h2>\n\t\t\t\t<div class=\"elementor-post__excerpt\">\n\t\t\t<p>Was tun am Flughafen in Faro? Etwas essen gehen? Den Bus zum Strand oder in die Innenstadt nehmen?  <\/p>\n\t\t<\/div>\n\t\t\n\t\t<a class=\"elementor-post__read-more\" href=\"https:\/\/oceancamper.com\/de\/aktivitaten-in-faro\/\" aria-label=\"Mehr \u00fcber Was tun in Faro?\" tabindex=\"-1\" >\n\t\t\tWeiterlesen \u00bb\t\t<\/a>\n\n\t\t\t\t<\/div>\n\t\t\t\t\t<\/div>\n\t\t<\/article>\n\t\t\t\t<\/div>\n\t\t\n\t\t\t\t\t\t<\/div>\n\t\t\t\t<\/div>\n\t\t\t\t<div class=\"elementor-element elementor-element-899d7e9 elementor-align-left elementor-tablet-align-left elementor-mobile-align-left elementor-widget elementor-widget-button\" data-id=\"899d7e9\" data-element_type=\"widget\" data-e-type=\"widget\" data-widget_type=\"button.default\">\n\t\t\t\t<div class=\"elementor-widget-container\">\n\t\t\t\t\t\t\t\t\t<div class=\"elementor-button-wrapper\">\n\t\t\t\t\t<a class=\"elementor-button elementor-button-link elementor-size-sm elementor-animation-pop\" href=\"https:\/\/oceancamper.com\/de\/blog\/\">\n\t\t\t\t\t\t<span class=\"elementor-button-content-wrapper\">\n\t\t\t\t\t\t\t\t\t<span class=\"elementor-button-text\">Zur\u00fcck zum Blog<\/span>\n\t\t\t\t\t<\/span>\n\t\t\t\t\t<\/a>\n\t\t\t\t<\/div>\n\t\t\t\t\t\t\t\t<\/div>\n\t\t\t\t<\/div>\n\t\t\t\t\t<\/div>\n\t\t<\/div>\n\t\t\t\t\t<\/div>\n\t\t<\/section>\n\t\t\t\t\t<\/div>\n\t\t<\/div>\n\t\t\t\t\t<\/div>\n\t\t<\/section>\n\t\t\t\t<\/div>\n\t\t","protected":false},"excerpt":{"rendered":"<p>Wo sind die besten St\u00e4nde zum Surfen in der Algarve und Westk\u00fcste? Wir geben dir Tips wo die Wellen am besten sind.  <\/p>\n","protected":false},"author":1,"featured_media":206777,"comment_status":"closed","ping_status":"open","sticky":false,"template":"elementor_header_footer","format":"standard","meta":{"om_disable_all_campaigns":false,"footnotes":""},"categories":[23],"tags":[],"class_list":["post-5814","post","type-post","status-publish","format-standard","has-post-thumbnail","hentry","category-highlights-home-de"],"aioseo_notices":[],"aioseo_head":"\n\t\t<!-- All in One SEO 4.9.10 - aioseo.com -->\n\t<meta name=\"description\" content=\"Dinge, die man in Faro tun kann. Was tun in Faro? Entdecke Restaurants, Aktivit\u00e4ten, lokale Juwelen und Abenteuer f\u00fcr eine unvergessliche Reise in den S\u00fcden Portugals!\" \/>\n\t<meta name=\"robots\" content=\"max-image-preview:large\" \/>\n\t<meta name=\"author\" content=\"nomadcanguru\"\/>\n\t<link rel=\"canonical\" href=\"https:\/\/oceancamper.com\/de\/aktivitaten-in-faro\/\" \/>\n\t<meta name=\"generator\" content=\"All in One SEO (AIOSEO) 4.9.10\" \/>\n\t\t<meta property=\"og:locale\" content=\"de_DE\" \/>\n\t\t<meta property=\"og:site_name\" content=\"Ocean Camper - Campervan Rental in Faro, Portugal\" \/>\n\t\t<meta property=\"og:type\" content=\"article\" \/>\n\t\t<meta property=\"og:title\" content=\"Freizeitaktivit\u00e4ten in Faro - Was kann man in Faro unternehmen? 2025\" \/>\n\t\t<meta property=\"og:description\" content=\"Dinge, die man in Faro tun kann. Was tun in Faro? Entdecke Restaurants, Aktivit\u00e4ten, lokale Juwelen und Abenteuer f\u00fcr eine unvergessliche Reise in den S\u00fcden Portugals!\" \/>\n\t\t<meta property=\"og:url\" content=\"https:\/\/oceancamper.com\/de\/aktivitaten-in-faro\/\" \/>\n\t\t<meta property=\"og:image\" content=\"https:\/\/oceancamper.com\/wp-content\/uploads\/2022\/01\/Asset-5.png\" \/>\n\t\t<meta property=\"og:image:secure_url\" content=\"https:\/\/oceancamper.com\/wp-content\/uploads\/2022\/01\/Asset-5.png\" \/>\n\t\t<meta property=\"og:image:width\" content=\"662\" \/>\n\t\t<meta property=\"og:image:height\" content=\"291\" \/>\n\t\t<meta property=\"article:published_time\" content=\"2020-12-24T18:59:36+00:00\" \/>\n\t\t<meta property=\"article:modified_time\" content=\"2026-09-01T16:49:10+00:00\" \/>\n\t\t<meta property=\"article:publisher\" content=\"https:\/\/www.facebook.com\/oceancamper\/\" \/>\n\t\t<meta name=\"twitter:card\" content=\"summary\" \/>\n\t\t<meta name=\"twitter:site\" content=\"@Ocean_Camper\" \/>\n\t\t<meta name=\"twitter:title\" content=\"Freizeitaktivit\u00e4ten in Faro - Was kann man in Faro unternehmen? 2025\" \/>\n\t\t<meta name=\"twitter:description\" content=\"Dinge, die man in Faro tun kann. Was tun in Faro? Entdecke Restaurants, Aktivit\u00e4ten, lokale Juwelen und Abenteuer f\u00fcr eine unvergessliche Reise in den S\u00fcden Portugals!\" \/>\n\t\t<meta name=\"twitter:creator\" content=\"@Ocean_Camper\" \/>\n\t\t<meta name=\"twitter:image\" content=\"https:\/\/oceancamper.com\/wp-content\/uploads\/2022\/01\/Asset-5.png\" \/>\n\t\t<script type=\"application\/ld+json\" class=\"aioseo-schema\">\n\t\t\t{\"@context\":\"https:\\\/\\\/schema.org\",\"@graph\":[{\"@type\":\"BlogPosting\",\"@id\":\"https:\\\/\\\/oceancamper.com\\\/de\\\/aktivitaten-in-faro\\\/#blogposting\",\"name\":\"Freizeitaktivit\\u00e4ten in Faro - Was kann man in Faro unternehmen? 2025\",\"headline\":\"Was tun in Faro?\",\"author\":{\"@id\":\"https:\\\/\\\/oceancamper.com\\\/de\\\/author\\\/nomadcanguru\\\/#author\"},\"publisher\":{\"@id\":\"https:\\\/\\\/oceancamper.com\\\/de\\\/#organization\"},\"image\":{\"@type\":\"ImageObject\",\"url\":\"https:\\\/\\\/oceancamper.com\\\/wp-content\\\/uploads\\\/2020\\\/12\\\/AdobeStock_307404734-1-min-scaled.jpeg\",\"width\":2560,\"height\":1919,\"caption\":\"Panorama-Stadtbild von Faro mit seiner Altstadt, dem Yachthafen und der Lagune Ria Formosa - entdecke Geschichte und Natur in Portugals sonnigem S\\u00fcden.\"},\"datePublished\":\"2020-12-24T18:59:36+00:00\",\"dateModified\":\"2026-09-01T16:49:10+00:00\",\"inLanguage\":\"de-DE\",\"mainEntityOfPage\":{\"@id\":\"https:\\\/\\\/oceancamper.com\\\/de\\\/aktivitaten-in-faro\\\/#webpage\"},\"isPartOf\":{\"@id\":\"https:\\\/\\\/oceancamper.com\\\/de\\\/aktivitaten-in-faro\\\/#webpage\"},\"articleSection\":\"Unkategorisiert, Optional\"},{\"@type\":\"BreadcrumbList\",\"@id\":\"https:\\\/\\\/oceancamper.com\\\/de\\\/aktivitaten-in-faro\\\/#breadcrumblist\",\"itemListElement\":[{\"@type\":\"ListItem\",\"@id\":\"https:\\\/\\\/oceancamper.com\\\/de\\\/#listItem\",\"position\":1,\"name\":\"Home\",\"item\":\"https:\\\/\\\/oceancamper.com\\\/de\\\/\",\"nextItem\":{\"@type\":\"ListItem\",\"@id\":\"https:\\\/\\\/oceancamper.com\\\/de\\\/category\\\/highlights-home-de\\\/#listItem\",\"name\":\"highlights home\"}},{\"@type\":\"ListItem\",\"@id\":\"https:\\\/\\\/oceancamper.com\\\/de\\\/category\\\/highlights-home-de\\\/#listItem\",\"position\":2,\"name\":\"highlights home\",\"item\":\"https:\\\/\\\/oceancamper.com\\\/de\\\/category\\\/highlights-home-de\\\/\",\"nextItem\":{\"@type\":\"ListItem\",\"@id\":\"https:\\\/\\\/oceancamper.com\\\/de\\\/surfen-in-portugal\\\/#listItem\",\"name\":\"Surfen in Portugal: Die besten Str\\u00e4nde, Surfspots und Wohnmobil-Reisef\\u00fchrer\"},\"previousItem\":{\"@type\":\"ListItem\",\"@id\":\"https:\\\/\\\/oceancamper.com\\\/de\\\/#listItem\",\"name\":\"Home\"}},{\"@type\":\"ListItem\",\"@id\":\"https:\\\/\\\/oceancamper.com\\\/de\\\/surfen-in-portugal\\\/#listItem\",\"position\":3,\"name\":\"Surfen in Portugal: Die besten Str\\u00e4nde, Surfspots und Wohnmobil-Reisef\\u00fchrer\",\"previousItem\":{\"@type\":\"ListItem\",\"@id\":\"https:\\\/\\\/oceancamper.com\\\/de\\\/category\\\/highlights-home-de\\\/#listItem\",\"name\":\"highlights home\"}}]},{\"@type\":\"Organization\",\"@id\":\"https:\\\/\\\/oceancamper.com\\\/de\\\/#organization\",\"name\":\"Ocean Camper\",\"description\":\"Ocean Camper provides affordable campervan rental in Portugal with fully equipped campervans for up to three people, available in Faro and Lisbon for flexible road trips.\",\"url\":\"https:\\\/\\\/oceancamper.com\\\/de\\\/\",\"email\":\"info@oceancamper.com\",\"telephone\":\"+351920301044\",\"foundingDate\":\"2017-04-19\",\"numberOfEmployees\":{\"@type\":\"QuantitativeValue\",\"minValue\":0,\"maxValue\":10},\"logo\":{\"@type\":\"ImageObject\",\"url\":\"https:\\\/\\\/oceancamper.com\\\/wp-content\\\/uploads\\\/2022\\\/01\\\/Asset-5.png\",\"@id\":\"https:\\\/\\\/oceancamper.com\\\/de\\\/aktivitaten-in-faro\\\/#organizationLogo\",\"width\":662,\"height\":291,\"caption\":\"Ocean Camper logo\"},\"image\":{\"@id\":\"https:\\\/\\\/oceancamper.com\\\/de\\\/aktivitaten-in-faro\\\/#organizationLogo\"},\"sameAs\":[\"https:\\\/\\\/www.facebook.com\\\/oceancamper\\\/\",\"https:\\\/\\\/x.com\\\/Ocean_Camper\",\"https:\\\/\\\/www.instagram.com\\\/oceancamper.vans\\\/\",\"https:\\\/\\\/www.tiktok.com\\\/@oceancamper.vans\",\"https:\\\/\\\/www.youtube.com\\\/@oceancamper\",\"https:\\\/\\\/www.linkedin.com\\\/company\\\/oceancamper\\\/\",\"https:\\\/\\\/www.trustpilot.com\\\/review\\\/oceancamper.com\"]},{\"@type\":\"Person\",\"@id\":\"https:\\\/\\\/oceancamper.com\\\/de\\\/author\\\/nomadcanguru\\\/#author\",\"url\":\"https:\\\/\\\/oceancamper.com\\\/de\\\/author\\\/nomadcanguru\\\/\",\"name\":\"nomadcanguru\",\"image\":{\"@type\":\"ImageObject\",\"@id\":\"https:\\\/\\\/oceancamper.com\\\/de\\\/aktivitaten-in-faro\\\/#authorImage\",\"url\":\"https:\\\/\\\/secure.gravatar.com\\\/avatar\\\/3a5092e8a35779f7501b5a8c315d77eae173c0705d8cfd512c06ce5460985e92?s=96&d=mm&r=g\",\"width\":96,\"height\":96,\"caption\":\"nomadcanguru\"}},{\"@type\":\"WebPage\",\"@id\":\"https:\\\/\\\/oceancamper.com\\\/de\\\/aktivitaten-in-faro\\\/#webpage\",\"url\":\"https:\\\/\\\/oceancamper.com\\\/de\\\/aktivitaten-in-faro\\\/\",\"name\":\"Freizeitaktivit\\u00e4ten in Faro - Was kann man in Faro unternehmen? 2025\",\"description\":\"Dinge, die man in Faro tun kann. Was tun in Faro? Entdecke Restaurants, Aktivit\\u00e4ten, lokale Juwelen und Abenteuer f\\u00fcr eine unvergessliche Reise in den S\\u00fcden Portugals!\",\"inLanguage\":\"de-DE\",\"isPartOf\":{\"@id\":\"https:\\\/\\\/oceancamper.com\\\/de\\\/#website\"},\"breadcrumb\":{\"@id\":\"https:\\\/\\\/oceancamper.com\\\/de\\\/aktivitaten-in-faro\\\/#breadcrumblist\"},\"author\":{\"@id\":\"https:\\\/\\\/oceancamper.com\\\/de\\\/author\\\/nomadcanguru\\\/#author\"},\"creator\":{\"@id\":\"https:\\\/\\\/oceancamper.com\\\/de\\\/author\\\/nomadcanguru\\\/#author\"},\"image\":{\"@type\":\"ImageObject\",\"url\":\"https:\\\/\\\/oceancamper.com\\\/wp-content\\\/uploads\\\/2020\\\/12\\\/AdobeStock_307404734-1-min-scaled.jpeg\",\"@id\":\"https:\\\/\\\/oceancamper.com\\\/de\\\/aktivitaten-in-faro\\\/#mainImage\",\"width\":2560,\"height\":1919,\"caption\":\"Panorama-Stadtbild von Faro mit seiner Altstadt, dem Yachthafen und der Lagune Ria Formosa - entdecke Geschichte und Natur in Portugals sonnigem S\\u00fcden.\"},\"primaryImageOfPage\":{\"@id\":\"https:\\\/\\\/oceancamper.com\\\/de\\\/aktivitaten-in-faro\\\/#mainImage\"},\"datePublished\":\"2020-12-24T18:59:36+00:00\",\"dateModified\":\"2026-09-01T16:49:10+00:00\"},{\"@type\":\"WebSite\",\"@id\":\"https:\\\/\\\/oceancamper.com\\\/de\\\/#website\",\"url\":\"https:\\\/\\\/oceancamper.com\\\/de\\\/\",\"name\":\"Ocean Camper\",\"alternateName\":\"Ocean Camper Portugal\",\"description\":\"Campervan Rental in Faro, Portugal\",\"inLanguage\":\"de-DE\",\"publisher\":{\"@id\":\"https:\\\/\\\/oceancamper.com\\\/de\\\/#organization\"}}]}\n\t\t<\/script>\n\t\t<!-- All in One SEO -->\n\n","aioseo_head_json":{"title":"Freizeitaktivit\u00e4ten in Faro - Was kann man in Faro unternehmen? 2025","description":"Dinge, die man in Faro tun kann. Was tun in Faro? Entdecke Restaurants, Aktivit\u00e4ten, lokale Juwelen und Abenteuer f\u00fcr eine unvergessliche Reise in den S\u00fcden Portugals!","canonical_url":"https:\/\/oceancamper.com\/de\/aktivitaten-in-faro\/","robots":"max-image-preview:large","keywords":"","webmasterTools":{"miscellaneous":""},"schema":{"@context":"https:\/\/schema.org","@graph":[{"@type":"BlogPosting","@id":"https:\/\/oceancamper.com\/de\/aktivitaten-in-faro\/#blogposting","name":"Freizeitaktivit\u00e4ten in Faro - Was kann man in Faro unternehmen? 2025","headline":"Was tun in Faro?","author":{"@id":"https:\/\/oceancamper.com\/de\/author\/nomadcanguru\/#author"},"publisher":{"@id":"https:\/\/oceancamper.com\/de\/#organization"},"image":{"@type":"ImageObject","url":"https:\/\/oceancamper.com\/wp-content\/uploads\/2020\/12\/AdobeStock_307404734-1-min-scaled.jpeg","width":2560,"height":1919,"caption":"Panorama-Stadtbild von Faro mit seiner Altstadt, dem Yachthafen und der Lagune Ria Formosa - entdecke Geschichte und Natur in Portugals sonnigem S\u00fcden."},"datePublished":"2020-12-24T18:59:36+00:00","dateModified":"2026-09-01T16:49:10+00:00","inLanguage":"de-DE","mainEntityOfPage":{"@id":"https:\/\/oceancamper.com\/de\/aktivitaten-in-faro\/#webpage"},"isPartOf":{"@id":"https:\/\/oceancamper.com\/de\/aktivitaten-in-faro\/#webpage"},"articleSection":"Unkategorisiert, Optional"},{"@type":"BreadcrumbList","@id":"https:\/\/oceancamper.com\/de\/aktivitaten-in-faro\/#breadcrumblist","itemListElement":[{"@type":"ListItem","@id":"https:\/\/oceancamper.com\/de\/#listItem","position":1,"name":"Home","item":"https:\/\/oceancamper.com\/de\/","nextItem":{"@type":"ListItem","@id":"https:\/\/oceancamper.com\/de\/category\/highlights-home-de\/#listItem","name":"highlights home"}},{"@type":"ListItem","@id":"https:\/\/oceancamper.com\/de\/category\/highlights-home-de\/#listItem","position":2,"name":"highlights home","item":"https:\/\/oceancamper.com\/de\/category\/highlights-home-de\/","nextItem":{"@type":"ListItem","@id":"https:\/\/oceancamper.com\/de\/surfen-in-portugal\/#listItem","name":"Surfen in Portugal: Die besten Str\u00e4nde, Surfspots und Wohnmobil-Reisef\u00fchrer"},"previousItem":{"@type":"ListItem","@id":"https:\/\/oceancamper.com\/de\/#listItem","name":"Home"}},{"@type":"ListItem","@id":"https:\/\/oceancamper.com\/de\/surfen-in-portugal\/#listItem","position":3,"name":"Surfen in Portugal: Die besten Str\u00e4nde, Surfspots und Wohnmobil-Reisef\u00fchrer","previousItem":{"@type":"ListItem","@id":"https:\/\/oceancamper.com\/de\/category\/highlights-home-de\/#listItem","name":"highlights home"}}]},{"@type":"Organization","@id":"https:\/\/oceancamper.com\/de\/#organization","name":"Ocean Camper","description":"Ocean Camper provides affordable campervan rental in Portugal with fully equipped campervans for up to three people, available in Faro and Lisbon for flexible road trips.","url":"https:\/\/oceancamper.com\/de\/","email":"info@oceancamper.com","telephone":"+351920301044","foundingDate":"2017-04-19","numberOfEmployees":{"@type":"QuantitativeValue","minValue":0,"maxValue":10},"logo":{"@type":"ImageObject","url":"https:\/\/oceancamper.com\/wp-content\/uploads\/2022\/01\/Asset-5.png","@id":"https:\/\/oceancamper.com\/de\/aktivitaten-in-faro\/#organizationLogo","width":662,"height":291,"caption":"Ocean Camper logo"},"image":{"@id":"https:\/\/oceancamper.com\/de\/aktivitaten-in-faro\/#organizationLogo"},"sameAs":["https:\/\/www.facebook.com\/oceancamper\/","https:\/\/x.com\/Ocean_Camper","https:\/\/www.instagram.com\/oceancamper.vans\/","https:\/\/www.tiktok.com\/@oceancamper.vans","https:\/\/www.youtube.com\/@oceancamper","https:\/\/www.linkedin.com\/company\/oceancamper\/","https:\/\/www.trustpilot.com\/review\/oceancamper.com"]},{"@type":"Person","@id":"https:\/\/oceancamper.com\/de\/author\/nomadcanguru\/#author","url":"https:\/\/oceancamper.com\/de\/author\/nomadcanguru\/","name":"nomadcanguru","image":{"@type":"ImageObject","@id":"https:\/\/oceancamper.com\/de\/aktivitaten-in-faro\/#authorImage","url":"https:\/\/secure.gravatar.com\/avatar\/3a5092e8a35779f7501b5a8c315d77eae173c0705d8cfd512c06ce5460985e92?s=96&d=mm&r=g","width":96,"height":96,"caption":"nomadcanguru"}},{"@type":"WebPage","@id":"https:\/\/oceancamper.com\/de\/aktivitaten-in-faro\/#webpage","url":"https:\/\/oceancamper.com\/de\/aktivitaten-in-faro\/","name":"Freizeitaktivit\u00e4ten in Faro - Was kann man in Faro unternehmen? 2025","description":"Dinge, die man in Faro tun kann. Was tun in Faro? Entdecke Restaurants, Aktivit\u00e4ten, lokale Juwelen und Abenteuer f\u00fcr eine unvergessliche Reise in den S\u00fcden Portugals!","inLanguage":"de-DE","isPartOf":{"@id":"https:\/\/oceancamper.com\/de\/#website"},"breadcrumb":{"@id":"https:\/\/oceancamper.com\/de\/aktivitaten-in-faro\/#breadcrumblist"},"author":{"@id":"https:\/\/oceancamper.com\/de\/author\/nomadcanguru\/#author"},"creator":{"@id":"https:\/\/oceancamper.com\/de\/author\/nomadcanguru\/#author"},"image":{"@type":"ImageObject","url":"https:\/\/oceancamper.com\/wp-content\/uploads\/2020\/12\/AdobeStock_307404734-1-min-scaled.jpeg","@id":"https:\/\/oceancamper.com\/de\/aktivitaten-in-faro\/#mainImage","width":2560,"height":1919,"caption":"Panorama-Stadtbild von Faro mit seiner Altstadt, dem Yachthafen und der Lagune Ria Formosa - entdecke Geschichte und Natur in Portugals sonnigem S\u00fcden."},"primaryImageOfPage":{"@id":"https:\/\/oceancamper.com\/de\/aktivitaten-in-faro\/#mainImage"},"datePublished":"2020-12-24T18:59:36+00:00","dateModified":"2026-09-01T16:49:10+00:00"},{"@type":"WebSite","@id":"https:\/\/oceancamper.com\/de\/#website","url":"https:\/\/oceancamper.com\/de\/","name":"Ocean Camper","alternateName":"Ocean Camper Portugal","description":"Campervan Rental in Faro, Portugal","inLanguage":"de-DE","publisher":{"@id":"https:\/\/oceancamper.com\/de\/#organization"}}]},"og:locale":"de_DE","og:site_name":"Ocean Camper - Campervan Rental in Faro, Portugal","og:type":"article","og:title":"Freizeitaktivit\u00e4ten in Faro - Was kann man in Faro unternehmen? 2025","og:description":"Dinge, die man in Faro tun kann. Was tun in Faro? Entdecke Restaurants, Aktivit\u00e4ten, lokale Juwelen und Abenteuer f\u00fcr eine unvergessliche Reise in den S\u00fcden Portugals!","og:url":"https:\/\/oceancamper.com\/de\/aktivitaten-in-faro\/","og:image":"https:\/\/oceancamper.com\/wp-content\/uploads\/2022\/01\/Asset-5.png","og:image:secure_url":"https:\/\/oceancamper.com\/wp-content\/uploads\/2022\/01\/Asset-5.png","og:image:width":662,"og:image:height":291,"article:published_time":"2020-12-24T18:59:36+00:00","article:modified_time":"2026-09-01T16:49:10+00:00","article:publisher":"https:\/\/www.facebook.com\/oceancamper\/","twitter:card":"summary","twitter:site":"@Ocean_Camper","twitter:title":"Freizeitaktivit\u00e4ten in Faro - Was kann man in Faro unternehmen? 2025","twitter:description":"Dinge, die man in Faro tun kann. Was tun in Faro? Entdecke Restaurants, Aktivit\u00e4ten, lokale Juwelen und Abenteuer f\u00fcr eine unvergessliche Reise in den S\u00fcden Portugals!","twitter:creator":"@Ocean_Camper","twitter:image":"https:\/\/oceancamper.com\/wp-content\/uploads\/2022\/01\/Asset-5.png"},"aioseo_meta_data":{"post_id":"5814","title":"Die besten Surfspots in Portugal: Algarve und Alentejo","description":"Die besten Surfspots in Portugal, von den Beach Breaks an der Algarve bis zur Westk\u00fcste des Alentejo. Wo man je nach Jahreszeit, Wind und K\u00f6nnen am besten hinf\u00e4hrt und wo man mit dem Camper parken kann. ","keywords":null,"keyphrases":{"focus":{"keyphrase":"best surfing spots in portugal","score":78,"analysis":{"keyphraseInTitle":{"score":9,"maxScore":9,"error":0},"keyphraseInDescription":{"score":9,"maxScore":9,"error":0},"keyphraseLength":{"score":9,"maxScore":9,"error":0,"length":3},"keyphraseInURL":{"score":5,"maxScore":5,"error":0},"keyphraseInIntroduction":{"score":9,"maxScore":9,"error":0},"keyphraseInSubHeadings":{"score":3,"maxScore":9,"error":1},"keyphraseInImageAlt":{"score":9,"maxScore":9,"error":0},"keywordDensity":{"score":0,"type":"low","maxScore":9,"error":1}}},"additional":[{"keyphrase":"best portugal surf spots"},{"keyphrase":"portugal surf spots"},{"keyphrase":"surf beaches portugal"},{"keyphrase":"surfing alentejo"}]},"primary_term":null,"canonical_url":null,"og_title":"Die besten Surfspots in Portugal: Algarve und Alentejo","og_description":"Die besten Surfspots in Portugal, von den Beach Breaks an der Algarve bis zur Westk\u00fcste des Alentejo. Wo du je nach Jahreszeit, Wind und K\u00f6nnen am besten hinf\u00e4hrst und wo du deinen Camper parken kannst. ","og_object_type":"default","og_image_type":"default","og_image_url":null,"og_image_width":null,"og_image_height":null,"og_image_custom_url":null,"og_image_custom_fields":null,"og_video":"","og_custom_url":null,"og_article_section":null,"og_article_tags":null,"twitter_use_og":false,"twitter_card":"default","twitter_image_type":"default","twitter_image_url":null,"twitter_image_custom_url":null,"twitter_image_custom_fields":null,"twitter_title":"Die besten Surfspots in Portugal: Algarve und Alentejo","twitter_description":"Die besten Surfspots in Portugal, von den Beach Breaks an der Algarve bis zur Westk\u00fcste des Alentejo. Wo du je nach Jahreszeit, Wind und K\u00f6nnen am besten hinf\u00e4hrst und wo du deinen Camper parken kannst. ","schema":{"blockGraphs":[],"customGraphs":[],"default":{"data":{"Article":{"id":"aioseo-article-6394f62b27099","slug":"article","graphName":"Article","label":"Article","properties":{"type":"BlogPosting","name":"#post_title","headline":"#post_title","description":"#post_excerpt","image":"","keywords":"","author":{"name":"#author_name","url":"#author_url"},"dates":{"include":true,"datePublished":"","dateModified":""}}},"Course":[],"Dataset":[],"FAQPage":[],"Movie":[],"Person":[],"Product":[],"ProductReview":[],"Car":[],"Recipe":[],"Service":[],"SoftwareApplication":[],"WebPage":[]},"graphName":"BlogPosting","isEnabled":true},"graphs":[]},"schema_type":"default","schema_type_options":"{\"article\":{\"articleType\":\"BlogPosting\"},\"course\":{\"name\":\"\",\"description\":\"\",\"provider\":\"\"},\"faq\":{\"pages\":[]},\"product\":{\"reviews\":[]},\"recipe\":{\"ingredients\":[],\"instructions\":[],\"keywords\":[]},\"software\":{\"reviews\":[],\"operatingSystems\":[]},\"webPage\":{\"webPageType\":\"WebPage\"}}","pillar_content":false,"robots_default":true,"robots_noindex":false,"robots_noarchive":false,"robots_nosnippet":false,"robots_nofollow":false,"robots_noimageindex":false,"robots_noodp":false,"robots_notranslate":false,"robots_max_snippet":"-1","robots_max_videopreview":"-1","robots_max_imagepreview":"large","priority":null,"frequency":"default","local_seo":null,"seo_analyzer_scan_date":"2025-11-17 14:13:33","breadcrumb_settings":null,"limit_modified_date":false,"open_ai":null,"ai":{"faqs":[],"keyPoints":[],"titles":[],"descriptions":[],"socialPosts":{"email":[],"linkedin":[],"twitter":[],"facebook":[],"instagram":[]}},"created":"2022-02-26 19:38:28","updated":"2026-09-01 21:52:26"},"aioseo_breadcrumb":"<div class=\"aioseo-breadcrumbs\"><span class=\"aioseo-breadcrumb\">\n\t\t\t<a href=\"https:\/\/oceancamper.com\/de\/\" title=\"Home\">Home<\/a>\n\t\t<\/span><span class=\"aioseo-breadcrumb-separator\">\u00bb<\/span><span class=\"aioseo-breadcrumb\">\n\t\t\t<a href=\"https:\/\/oceancamper.com\/de\/category\/highlights-home-de\/\" title=\"highlights home\">highlights home<\/a>\n\t\t<\/span><span class=\"aioseo-breadcrumb-separator\">\u00bb<\/span><span class=\"aioseo-breadcrumb\">\n\t\t\tSurfen in Portugal: Die besten Str\u00e4nde, Surfspots und Wohnmobil-Reisef\u00fchrer\n\t\t<\/span><\/div>","aioseo_breadcrumb_json":[{"label":"Home","link":"https:\/\/oceancamper.com\/de\/"},{"label":"highlights home","link":"https:\/\/oceancamper.com\/de\/category\/highlights-home-de\/"},{"label":"Surfen in Portugal: Die besten Str\u00e4nde, Surfspots und Wohnmobil-Reisef\u00fchrer","link":"https:\/\/oceancamper.com\/de\/surfen-in-portugal\/"}],"_links":{"self":[{"href":"https:\/\/oceancamper.com\/de\/wp-json\/wp\/v2\/posts\/5814","targetHints":{"allow":["GET"]}}],"collection":[{"href":"https:\/\/oceancamper.com\/de\/wp-json\/wp\/v2\/posts"}],"about":[{"href":"https:\/\/oceancamper.com\/de\/wp-json\/wp\/v2\/types\/post"}],"author":[{"embeddable":true,"href":"https:\/\/oceancamper.com\/de\/wp-json\/wp\/v2\/users\/1"}],"replies":[{"embeddable":true,"href":"https:\/\/oceancamper.com\/de\/wp-json\/wp\/v2\/comments?post=5814"}],"version-history":[{"count":21,"href":"https:\/\/oceancamper.com\/de\/wp-json\/wp\/v2\/posts\/5814\/revisions"}],"predecessor-version":[{"id":275269,"href":"https:\/\/oceancamper.com\/de\/wp-json\/wp\/v2\/posts\/5814\/revisions\/275269"}],"wp:featuredmedia":[{"embeddable":true,"href":"https:\/\/oceancamper.com\/de\/wp-json\/wp\/v2\/media\/206777"}],"wp:attachment":[{"href":"https:\/\/oceancamper.com\/de\/wp-json\/wp\/v2\/media?parent=5814"}],"wp:term":[{"taxonomy":"category","embeddable":true,"href":"https:\/\/oceancamper.com\/de\/wp-json\/wp\/v2\/categories?post=5814"},{"taxonomy":"post_tag","embeddable":true,"href":"https:\/\/oceancamper.com\/de\/wp-json\/wp\/v2\/tags?post=5814"}],"curies":[{"name":"wp","href":"https:\/\/api.w.org\/{rel}","templated":true}]}}