{"id":162183,"date":"2020-12-24T18:59:36","date_gmt":"2020-12-24T18:59:36","guid":{"rendered":"https:\/\/oceancamper.com\/faro\/"},"modified":"2026-09-01T16:49:10","modified_gmt":"2026-09-01T16:49:10","slug":"ting-at-gore-i-faro","status":"publish","type":"post","link":"https:\/\/oceancamper.com\/da\/ting-at-gore-i-faro\/","title":{"rendered":"Hvad skal man lave i Faro?"},"content":{"rendered":"\t\t<div data-elementor-type=\"wp-post\" data-elementor-id=\"162183\" class=\"elementor elementor-162183 elementor-3204\" data-elementor-post-type=\"post\">\n\t\t\t\t\t\t<section class=\"elementor-section elementor-top-section elementor-element elementor-element-f9d203d elementor-section-height-min-height elementor-section-stretched elementor-section-content-middle elementor-section-boxed elementor-section-height-default elementor-section-items-middle\" data-id=\"f9d203d\" data-element_type=\"section\" data-e-type=\"section\" data-settings=\"{&quot;stretch_section&quot;:&quot;section-stretched&quot;,&quot;background_background&quot;:&quot;classic&quot;}\">\n\t\t\t\t\t\t\t<div class=\"elementor-background-overlay\"><\/div>\n\t\t\t\t\t\t\t<div class=\"elementor-container elementor-column-gap-default\">\n\t\t\t\t\t<div class=\"elementor-column elementor-col-100 elementor-top-column elementor-element elementor-element-eb9caec\" data-id=\"eb9caec\" data-element_type=\"column\" data-e-type=\"column\">\n\t\t\t<div class=\"elementor-widget-wrap elementor-element-populated\">\n\t\t\t\t\t\t<div class=\"elementor-element elementor-element-a089e16 elementor-widget elementor-widget-theme-post-title elementor-page-title elementor-widget-heading\" data-id=\"a089e16\" data-element_type=\"widget\" data-e-type=\"widget\" data-widget_type=\"theme-post-title.default\">\n\t\t\t\t<div class=\"elementor-widget-container\">\n\t\t\t\t\t<h1 class=\"elementor-heading-title elementor-size-default\">Hvad skal man lave i Faro?<\/h1>\t\t\t\t<\/div>\n\t\t\t\t<\/div>\n\t\t\t\t<section class=\"elementor-section elementor-inner-section elementor-element elementor-element-e355815 elementor-section-boxed elementor-section-height-default elementor-section-height-default\" data-id=\"e355815\" data-element_type=\"section\" data-e-type=\"section\">\n\t\t\t\t\t\t<div class=\"elementor-container elementor-column-gap-default\">\n\t\t\t\t\t<div class=\"elementor-column elementor-col-33 elementor-inner-column elementor-element elementor-element-c01ee70\" data-id=\"c01ee70\" data-element_type=\"column\" data-e-type=\"column\">\n\t\t\t<div class=\"elementor-widget-wrap\">\n\t\t\t\t\t\t\t<\/div>\n\t\t<\/div>\n\t\t\t\t<div class=\"elementor-column elementor-col-33 elementor-inner-column elementor-element elementor-element-3a9dd63\" data-id=\"3a9dd63\" data-element_type=\"column\" data-e-type=\"column\">\n\t\t\t<div class=\"elementor-widget-wrap elementor-element-populated\">\n\t\t\t\t\t\t<div class=\"elementor-element elementor-element-4bb0ef6 elementor-author-box--align-center elementor-author-box--layout-image-above elementor-widget elementor-widget-author-box\" data-id=\"4bb0ef6\" data-element_type=\"widget\" data-e-type=\"widget\" data-widget_type=\"author-box.default\">\n\t\t\t\t<div class=\"elementor-widget-container\">\n\t\t\t\t\t\t\t<div class=\"elementor-author-box\">\n\t\t\t\t\t\t\t<div  class=\"elementor-author-box__avatar\">\n\t\t\t\t\t<img decoding=\"async\" src=\"https:\/\/oceancamper.com\/wp-content\/uploads\/2022\/02\/Nina-min-1-300x300.jpg\" alt=\"Picture of Nina\" loading=\"lazy\">\n\t\t\t\t<\/div>\n\t\t\t\n\t\t\t<div class=\"elementor-author-box__text\">\n\t\t\t\t\t\t\t\t\t<div >\n\t\t\t\t\t\t<h4 class=\"elementor-author-box__name\">\n\t\t\t\t\t\t\tNina\t\t\t\t\t\t<\/h4>\n\t\t\t\t\t<\/div>\n\t\t\t\t\n\t\t\t\t\t\t\t\t\t<div class=\"elementor-author-box__bio\">\n\t\t\t\t\t\t<p>Ocean Camper CEO<\/p>\n\t\t\t\t\t<\/div>\n\t\t\t\t\n\t\t\t\t\t\t\t<\/div>\n\t\t<\/div>\n\t\t\t\t\t\t<\/div>\n\t\t\t\t<\/div>\n\t\t\t\t\t<\/div>\n\t\t<\/div>\n\t\t\t\t<div class=\"elementor-column elementor-col-33 elementor-inner-column elementor-element elementor-element-ad2f6bb\" data-id=\"ad2f6bb\" data-element_type=\"column\" data-e-type=\"column\">\n\t\t\t<div class=\"elementor-widget-wrap\">\n\t\t\t\t\t\t\t<\/div>\n\t\t<\/div>\n\t\t\t\t\t<\/div>\n\t\t<\/section>\n\t\t\t\t\t<\/div>\n\t\t<\/div>\n\t\t\t\t\t<\/div>\n\t\t<\/section>\n\t\t\t\t<section class=\"elementor-section elementor-top-section elementor-element elementor-element-ca40981 elementor-section-stretched elementor-section-boxed elementor-section-height-default elementor-section-height-default\" data-id=\"ca40981\" data-element_type=\"section\" data-e-type=\"section\" data-settings=\"{&quot;stretch_section&quot;:&quot;section-stretched&quot;,&quot;background_background&quot;:&quot;classic&quot;}\">\n\t\t\t\t\t\t<div class=\"elementor-container elementor-column-gap-default\">\n\t\t\t\t\t<div class=\"elementor-column elementor-col-100 elementor-top-column elementor-element elementor-element-3f1c136 elementor-invisible\" data-id=\"3f1c136\" data-element_type=\"column\" data-e-type=\"column\" data-settings=\"{&quot;background_background&quot;:&quot;classic&quot;,&quot;animation&quot;:&quot;fadeIn&quot;}\">\n\t\t\t<div class=\"elementor-widget-wrap elementor-element-populated\">\n\t\t\t\t\t<div class=\"elementor-background-overlay\"><\/div>\n\t\t\t\t\t\t<div class=\"elementor-element elementor-element-3403ef8 elementor-widget elementor-widget-heading\" data-id=\"3403ef8\" data-element_type=\"widget\" data-e-type=\"widget\" data-widget_type=\"heading.default\">\n\t\t\t\t<div class=\"elementor-widget-container\">\n\t\t\t\t\t<h2 class=\"elementor-heading-title elementor-size-default\">Indeks<\/h2>\t\t\t\t<\/div>\n\t\t\t\t<\/div>\n\t\t\t\t<div class=\"elementor-element elementor-element-11caf63 elementor-widget elementor-widget-text-editor\" data-id=\"11caf63\" data-element_type=\"widget\" data-e-type=\"widget\" data-widget_type=\"text-editor.default\">\n\t\t\t\t<div class=\"elementor-widget-container\">\n\t\t\t\t\t\t\t\t\t<ol><li><a href=\"#discover\">De bedste sev\u00e6rdigheder i Faro<\/a><\/li><li><a href=\"#history\">En blanding af historie og charme<\/a><\/li><li><a href=\"#nature\">Naturen lige uden for d\u00f8ren<\/a><\/li><li><a href=\"#beaches\">Strande, \u00f8er og uendelig solskin<\/a><\/li><li><a href=\"#airport\">Din start fra lufthavnen<\/a><\/li><li><a href=\"#transport\">At komme v\u00e6k fra Faro Lufthavn: transportmuligheder<\/a><\/li><li><a href=\"#restaurants\">De bedste restauranter i Faro<\/a><\/li><li><a href=\"#activities\">Hvad kan man lave i Faro: de bedste aktiviteter<\/a><\/li><li><a href=\"#campervan\">Hvorfor Faro er det perfekte udgangspunkt<\/a><\/li><\/ol>\t\t\t\t\t\t\t\t<\/div>\n\t\t\t\t<\/div>\n\t\t\t\t\t<\/div>\n\t\t<\/div>\n\t\t\t\t\t<\/div>\n\t\t<\/section>\n\t\t\t\t<section class=\"elementor-section elementor-top-section elementor-element elementor-element-5bf65ed7 elementor-section-stretched elementor-section-boxed elementor-section-height-default elementor-section-height-default\" data-id=\"5bf65ed7\" data-element_type=\"section\" data-e-type=\"section\" id=\"discover\" data-settings=\"{&quot;stretch_section&quot;:&quot;section-stretched&quot;,&quot;background_background&quot;:&quot;classic&quot;}\">\n\t\t\t\t\t\t<div class=\"elementor-container elementor-column-gap-default\">\n\t\t\t\t\t<div class=\"elementor-column elementor-col-100 elementor-top-column elementor-element elementor-element-6bd49279\" data-id=\"6bd49279\" data-element_type=\"column\" data-e-type=\"column\">\n\t\t\t<div class=\"elementor-widget-wrap elementor-element-populated\">\n\t\t\t\t\t\t<div class=\"elementor-element elementor-element-14ee1797 elementor-widget elementor-widget-heading\" data-id=\"14ee1797\" data-element_type=\"widget\" data-e-type=\"widget\" data-widget_type=\"heading.default\">\n\t\t\t\t<div class=\"elementor-widget-container\">\n\t\t\t\t\t<h2 class=\"elementor-heading-title elementor-size-default\">Faro: indgangen til dit eventyr i Algarve<\/h2>\t\t\t\t<\/div>\n\t\t\t\t<\/div>\n\t\t\t\t<div class=\"elementor-element elementor-element-77816862 elementor-widget__width-initial elementor-widget elementor-widget-text-editor\" data-id=\"77816862\" data-element_type=\"widget\" data-e-type=\"widget\" data-widget_type=\"text-editor.default\">\n\t\t\t\t<div class=\"elementor-widget-container\">\n\t\t\t\t\t\t\t\t\t<p data-pm-slice=\"1 1 []\">Faro ligger i den sydligste del af Portugal og er mere end bare Algarves hovedstad. Det er en livlig by og det perfekte udgangspunkt for din portugisiske roadtrip. Uanset om du k\u00f8rer i en Mini-Campervan eller g\u00e5r p\u00e5 opdagelse til fods, er der masser at se. S\u00e5 <em>hvad skal man lave i Faro?<\/em> Lad os dykke ned i det!   <\/p>\t\t\t\t\t\t\t\t<\/div>\n\t\t\t\t<\/div>\n\t\t\t\t\t<\/div>\n\t\t<\/div>\n\t\t\t\t\t<\/div>\n\t\t<\/section>\n\t\t<div class=\"elementor-element elementor-element-d51b0e3 e-flex e-con-boxed e-con e-parent\" data-id=\"d51b0e3\" data-element_type=\"container\" data-e-type=\"container\">\n\t\t\t\t\t<div class=\"e-con-inner\">\n\t\t\t\t<div class=\"elementor-element elementor-element-ad3097e elementor-widget elementor-widget-image\" data-id=\"ad3097e\" data-element_type=\"widget\" data-e-type=\"widget\" data-widget_type=\"image.default\">\n\t\t\t\t<div class=\"elementor-widget-container\">\n\t\t\t\t\t\t\t\t\t\t\t\t\t\t\t<img fetchpriority=\"high\" decoding=\"async\" width=\"1536\" height=\"1024\" src=\"https:\/\/oceancamper.com\/wp-content\/uploads\/2020\/12\/AdobeStock_52247054-1-min-1536x1024.jpeg\" class=\"attachment-1536x1536 size-1536x1536 wp-image-183883\" alt=\"Faros r\u00e5dhus i Algarve, et vartegn, der er omtalt i vores guide \u00bbOplevelser i Faro\u00ab.\" srcset=\"https:\/\/oceancamper.com\/wp-content\/uploads\/2020\/12\/AdobeStock_52247054-1-min-1536x1024.jpeg 1536w, https:\/\/oceancamper.com\/wp-content\/uploads\/2020\/12\/AdobeStock_52247054-1-min-300x200.jpeg 300w, https:\/\/oceancamper.com\/wp-content\/uploads\/2020\/12\/AdobeStock_52247054-1-min-1024x683.jpeg 1024w, https:\/\/oceancamper.com\/wp-content\/uploads\/2020\/12\/AdobeStock_52247054-1-min-768x512.jpeg 768w, https:\/\/oceancamper.com\/wp-content\/uploads\/2020\/12\/AdobeStock_52247054-1-min-2048x1365.jpeg 2048w, https:\/\/oceancamper.com\/wp-content\/uploads\/2020\/12\/AdobeStock_52247054-1-min-240x160.jpeg 240w\" sizes=\"(max-width: 1536px) 100vw, 1536px\" \/>\t\t\t\t\t\t\t\t\t\t\t\t\t\t\t<\/div>\n\t\t\t\t<\/div>\n\t\t\t\t\t<\/div>\n\t\t\t\t<\/div>\n\t\t\t\t<section class=\"elementor-section elementor-top-section elementor-element elementor-element-9dd7084 elementor-section-stretched elementor-section-boxed elementor-section-height-default elementor-section-height-default\" data-id=\"9dd7084\" data-element_type=\"section\" data-e-type=\"section\" id=\"history\" data-settings=\"{&quot;stretch_section&quot;:&quot;section-stretched&quot;,&quot;background_background&quot;:&quot;classic&quot;}\">\n\t\t\t\t\t\t<div class=\"elementor-container elementor-column-gap-default\">\n\t\t\t\t\t<div class=\"elementor-column elementor-col-100 elementor-top-column elementor-element elementor-element-6ec6969d\" data-id=\"6ec6969d\" data-element_type=\"column\" data-e-type=\"column\">\n\t\t\t<div class=\"elementor-widget-wrap elementor-element-populated\">\n\t\t\t\t\t\t<div class=\"elementor-element elementor-element-1a195d0e elementor-widget elementor-widget-heading\" data-id=\"1a195d0e\" data-element_type=\"widget\" data-e-type=\"widget\" data-widget_type=\"heading.default\">\n\t\t\t\t<div class=\"elementor-widget-container\">\n\t\t\t\t\t<h2 class=\"elementor-heading-title elementor-size-default\">En blanding af historie og charme<\/h2>\t\t\t\t<\/div>\n\t\t\t\t<\/div>\n\t\t\t\t<div class=\"elementor-element elementor-element-6c757fa0 elementor-widget elementor-widget-text-editor\" data-id=\"6c757fa0\" data-element_type=\"widget\" data-e-type=\"widget\" data-widget_type=\"text-editor.default\">\n\t\t\t\t<div class=\"elementor-widget-container\">\n\t\t\t\t\t\t\t\t\t<p>Faro er rig p\u00e5 historie og kultur. Den charmerende gamle bydel, kendt som Cidade Velha, er omgivet af gamle bymure. Brostensbelagte gader tager dig med tilbage i tiden. Start ved Arco da Vila, en smuk indgang til det historiske kvarter. Derefter kan du tage til S\u00e9-katedralen. Klatr op til toppen for at nyde den betagende udsigt over byen og naturparken Ria Formosa. Undrer du dig over, hvad du skal lave i Faro herefter? L\u00e6s videre!       <\/p>\t\t\t\t\t\t\t\t<\/div>\n\t\t\t\t<\/div>\n\t\t\t\t\t<\/div>\n\t\t<\/div>\n\t\t\t\t\t<\/div>\n\t\t<\/section>\n\t\t\t\t<section class=\"elementor-section elementor-top-section elementor-element elementor-element-475d6 elementor-section-stretched elementor-section-boxed elementor-section-height-default elementor-section-height-default\" data-id=\"475d6\" data-element_type=\"section\" data-e-type=\"section\" id=\"nature\" data-settings=\"{&quot;stretch_section&quot;:&quot;section-stretched&quot;,&quot;background_background&quot;:&quot;classic&quot;}\">\n\t\t\t\t\t\t<div class=\"elementor-container elementor-column-gap-default\">\n\t\t\t\t\t<div class=\"elementor-column elementor-col-100 elementor-top-column elementor-element elementor-element-34f7a336\" data-id=\"34f7a336\" data-element_type=\"column\" data-e-type=\"column\">\n\t\t\t<div class=\"elementor-widget-wrap elementor-element-populated\">\n\t\t\t\t\t\t<div class=\"elementor-element elementor-element-4daed2c8 elementor-widget elementor-widget-heading\" data-id=\"4daed2c8\" data-element_type=\"widget\" data-e-type=\"widget\" data-widget_type=\"heading.default\">\n\t\t\t\t<div class=\"elementor-widget-container\">\n\t\t\t\t\t<h2 class=\"elementor-heading-title elementor-size-default\">Naturen lige uden for d\u00f8ren<\/h2>\t\t\t\t<\/div>\n\t\t\t\t<\/div>\n\t\t\t\t<div class=\"elementor-element elementor-element-2e4d1d20 elementor-widget elementor-widget-text-editor\" data-id=\"2e4d1d20\" data-element_type=\"widget\" data-e-type=\"widget\" data-widget_type=\"text-editor.default\">\n\t\t\t\t<div class=\"elementor-widget-container\">\n\t\t\t\t\t\t\t\t\t<p>Naturparken Ria Formosa ligger kun f\u00e5 minutter fra Faro. Dette fantastiske \u00f8kosystem af laguner, v\u00e5domr\u00e5der og \u00f8er er et paradis for naturelskere. Tag en b\u00e5dtur, lej en kajak, eller tag p\u00e5 vandretur langs natursk\u00f8nne stier. Leder du efter ting at lave i Faro? Denne naturudflugt er et must!    <\/p>\t\t\t\t\t\t\t\t<\/div>\n\t\t\t\t<\/div>\n\t\t\t\t\t<\/div>\n\t\t<\/div>\n\t\t\t\t\t<\/div>\n\t\t<\/section>\n\t\t\t\t<section class=\"elementor-section elementor-top-section elementor-element elementor-element-9343908 elementor-section-stretched elementor-section-boxed elementor-section-height-default elementor-section-height-default\" data-id=\"9343908\" data-element_type=\"section\" data-e-type=\"section\" id=\"beaches\" data-settings=\"{&quot;stretch_section&quot;:&quot;section-stretched&quot;,&quot;background_background&quot;:&quot;classic&quot;}\">\n\t\t\t\t\t\t<div class=\"elementor-container elementor-column-gap-default\">\n\t\t\t\t\t<div class=\"elementor-column elementor-col-100 elementor-top-column elementor-element elementor-element-8fa20dd\" data-id=\"8fa20dd\" data-element_type=\"column\" data-e-type=\"column\">\n\t\t\t<div class=\"elementor-widget-wrap elementor-element-populated\">\n\t\t\t\t\t\t<div class=\"elementor-element elementor-element-2feb3c6 elementor-widget elementor-widget-heading\" data-id=\"2feb3c6\" data-element_type=\"widget\" data-e-type=\"widget\" data-widget_type=\"heading.default\">\n\t\t\t\t<div class=\"elementor-widget-container\">\n\t\t\t\t\t<h2 class=\"elementor-heading-title elementor-size-default\">Strande, \u00f8er og endel\u00f8st solskin<\/h2>\t\t\t\t<\/div>\n\t\t\t\t<\/div>\n\t\t\t\t<div class=\"elementor-element elementor-element-ccacb6d elementor-widget elementor-widget-text-editor\" data-id=\"ccacb6d\" data-element_type=\"widget\" data-e-type=\"widget\" data-widget_type=\"text-editor.default\">\n\t\t\t\t<div class=\"elementor-widget-container\">\n\t\t\t\t\t\t\t\t\t<p data-pm-slice=\"1 1 []\">Faro er porten til fantastiske strande. Tag en f\u00e6rge til Ilha de Faro for at nyde solen og dyrke vandsport. Foretr\u00e6kker du et afsondret sted? Tag til Ilha Deserta eller Ilha da Culatra for uber\u00f8rt natursk\u00f8nhed. Hvis du leder efter de bedste steder at bes\u00f8ge i Faro, er dette de bedste valg!    <\/p>\t\t\t\t\t\t\t\t<\/div>\n\t\t\t\t<\/div>\n\t\t\t\t\t<\/div>\n\t\t<\/div>\n\t\t\t\t\t<\/div>\n\t\t<\/section>\n\t\t\t\t<section class=\"elementor-section elementor-top-section elementor-element elementor-element-71bfa2a elementor-section-stretched elementor-section-boxed elementor-section-height-default elementor-section-height-default\" data-id=\"71bfa2a\" data-element_type=\"section\" data-e-type=\"section\" id=\"airport\" data-settings=\"{&quot;stretch_section&quot;:&quot;section-stretched&quot;,&quot;background_background&quot;:&quot;classic&quot;}\">\n\t\t\t\t\t\t<div class=\"elementor-container elementor-column-gap-default\">\n\t\t\t\t\t<div class=\"elementor-column elementor-col-100 elementor-top-column elementor-element elementor-element-7b2ff7c\" data-id=\"7b2ff7c\" data-element_type=\"column\" data-e-type=\"column\">\n\t\t\t<div class=\"elementor-widget-wrap elementor-element-populated\">\n\t\t\t\t\t\t<div class=\"elementor-element elementor-element-89937f0 elementor-widget elementor-widget-heading\" data-id=\"89937f0\" data-element_type=\"widget\" data-e-type=\"widget\" data-widget_type=\"heading.default\">\n\t\t\t\t<div class=\"elementor-widget-container\">\n\t\t\t\t\t<h2 class=\"elementor-heading-title elementor-size-default\">Din start fra lufthavnen<\/h2>\t\t\t\t<\/div>\n\t\t\t\t<\/div>\n\t\t\t\t<div class=\"elementor-element elementor-element-78f5991 elementor-widget elementor-widget-text-editor\" data-id=\"78f5991\" data-element_type=\"widget\" data-e-type=\"widget\" data-widget_type=\"text-editor.default\">\n\t\t\t\t<div class=\"elementor-widget-container\">\n\t\t\t\t\t\t\t\t\t<p data-pm-slice=\"1 1 []\">Faro Lufthavn ligger kun 3 km fra Faro-stranden og 6 km fra byens centrum. Hvis du lige er ankommet og undrer dig over <em>, hvad du skal lave i Faro,<\/em> kan du starte her. <\/p>\t\t\t\t\t\t\t\t<\/div>\n\t\t\t\t<\/div>\n\t\t\t\t\t<\/div>\n\t\t<\/div>\n\t\t\t\t\t<\/div>\n\t\t<\/section>\n\t\t\t\t<section class=\"elementor-section elementor-top-section elementor-element elementor-element-c6f448f elementor-section-stretched elementor-section-boxed elementor-section-height-default elementor-section-height-default\" data-id=\"c6f448f\" data-element_type=\"section\" data-e-type=\"section\" id=\"transport\" data-settings=\"{&quot;stretch_section&quot;:&quot;section-stretched&quot;,&quot;background_background&quot;:&quot;classic&quot;}\">\n\t\t\t\t\t\t<div class=\"elementor-container elementor-column-gap-default\">\n\t\t\t\t\t<div class=\"elementor-column elementor-col-100 elementor-top-column elementor-element elementor-element-b9e58f4\" data-id=\"b9e58f4\" data-element_type=\"column\" data-e-type=\"column\">\n\t\t\t<div class=\"elementor-widget-wrap elementor-element-populated\">\n\t\t\t\t\t\t<div class=\"elementor-element elementor-element-f6652d1 elementor-widget elementor-widget-heading\" data-id=\"f6652d1\" data-element_type=\"widget\" data-e-type=\"widget\" data-widget_type=\"heading.default\">\n\t\t\t\t<div class=\"elementor-widget-container\">\n\t\t\t\t\t<h2 class=\"elementor-heading-title elementor-size-default\">At komme ud af Faro Lufthavn: Transportmuligheder<\/h2>\t\t\t\t<\/div>\n\t\t\t\t<\/div>\n\t\t\t\t<div class=\"elementor-element elementor-element-306722f elementor-widget elementor-widget-text-editor\" data-id=\"306722f\" data-element_type=\"widget\" data-e-type=\"widget\" data-widget_type=\"text-editor.default\">\n\t\t\t\t<div class=\"elementor-widget-container\">\n\t\t\t\t\t\t\t\t\t<ul data-spread=\"false\" data-pm-slice=\"3 3 []\"><li><p><strong style=\"background-color: transparent; color: var( --e-global-color-text );\">Mulighed A:<\/strong><span style=\"background-color: transparent; color: var( --e-global-color-text );\">  Tag en bus til Faro centrum eller Faro Strand. Se ogs\u00e5   <\/span><a href=\"https:\/\/www.proximo.pt\/\" target=\"_blank\" rel=\"noopener\">Busplan her<\/a><span style=\"background-color: transparent; color: var( --e-global-color-text );\">.<\/span><\/p><\/li><li><p><strong>Mulighed B:<\/strong> Tag en taxa fra den anviste taxaholdeplads<a href=\"https:\/\/maps.app.goo.gl\/s1Vot9RToZArHXB6A\" target=\"_blank\" rel=\"noopener\">(kort her).<\/a><\/p><\/li><li><p><strong>Mulighed C:<\/strong> Brug k\u00f8rselstjenester som Uber eller Bolt (venteomr\u00e5der <a href=\"https:\/\/maps.app.goo.gl\/rzwnH9fA5xsHmS8T6\" target=\"_blank\" rel=\"noopener\">her<\/a>).<\/p><\/li><\/ul>\t\t\t\t\t\t\t\t<\/div>\n\t\t\t\t<\/div>\n\t\t\t\t\t<\/div>\n\t\t<\/div>\n\t\t\t\t\t<\/div>\n\t\t<\/section>\n\t\t\t\t<section class=\"elementor-section elementor-top-section elementor-element elementor-element-05385c0 elementor-section-stretched elementor-section-boxed elementor-section-height-default elementor-section-height-default\" data-id=\"05385c0\" data-element_type=\"section\" data-e-type=\"section\" id=\"restaurants\" data-settings=\"{&quot;stretch_section&quot;:&quot;section-stretched&quot;,&quot;background_background&quot;:&quot;classic&quot;}\">\n\t\t\t\t\t\t<div class=\"elementor-container elementor-column-gap-default\">\n\t\t\t\t\t<div class=\"elementor-column elementor-col-100 elementor-top-column elementor-element elementor-element-e90c8e1\" data-id=\"e90c8e1\" data-element_type=\"column\" data-e-type=\"column\">\n\t\t\t<div class=\"elementor-widget-wrap elementor-element-populated\">\n\t\t\t\t\t\t<div class=\"elementor-element elementor-element-6c0e4d0 elementor-widget elementor-widget-heading\" data-id=\"6c0e4d0\" data-element_type=\"widget\" data-e-type=\"widget\" data-widget_type=\"heading.default\">\n\t\t\t\t<div class=\"elementor-widget-container\">\n\t\t\t\t\t<h2 class=\"elementor-heading-title elementor-size-default\">De bedste restauranter i Faro: hvor skal man spise?<\/h2>\t\t\t\t<\/div>\n\t\t\t\t<\/div>\n\t\t\t\t<div class=\"elementor-element elementor-element-b382706 elementor-widget elementor-widget-text-editor\" data-id=\"b382706\" data-element_type=\"widget\" data-e-type=\"widget\" data-widget_type=\"text-editor.default\">\n\t\t\t\t<div class=\"elementor-widget-container\">\n\t\t\t\t\t\t\t\t\t<ul><li>Er du sulten efter din flyvetur? Pr\u00f8v disse gode steder, f\u00f8r du udforsker <em>, hvad du kan lave i Faro<\/em>: <\/li><\/ul><h3><b>Restauranter i g\u00e5afstand fra Faro Lufthavn<\/b><\/h3><ul data-spread=\"false\"><li><p><strong>A Tapita<\/strong>: Portugisiske tapas og dagens retter, 1,2 km fra lufthavnen. Se <a href=\"https:\/\/goo.gl\/maps\/iGcznBdr5avgdr8q7\" target=\"_blank\" rel=\"noopener\">kort her<\/a>.<\/p><\/li><li><p><strong style=\"background-color: transparent; color: var( --e-global-color-text );\">Os Manos<\/strong><span style=\"background-color: transparent; color: var( --e-global-color-text );\">:Friskgrillet fisk, priser i mellemklassen, 1,2 km v\u00e6k. <\/span><a href=\"https:\/\/goo.gl\/maps\/cLjcrjXPuVogiKMC7\" target=\"_blank\" rel=\"noopener\">Se kort her<\/a><span style=\"background-color: transparent; color: var( --e-global-color-text );\">.<\/span><\/p><\/li><li><p><strong>Sr. Frango <\/strong>: l\u00e6kker grillet kylling til overkommelige priser, 1,9 km v\u00e6k. <a href=\"https:\/\/goo.gl\/maps\/eR4Fhd5nWT6ppX7Z7\" target=\"_blank\" rel=\"noopener\">Se kort her<\/a>.<\/p><\/li><\/ul><p><span style=\"color: inherit; font-size: 1.75rem; background-color: transparent;\"><b>Restauranter i n\u00e6rheden af bus- og togstationer<\/b><\/span><\/p><p><span style=\"background-color: transparent; color: var( --e-global-color-text );\">Ankommer du med bus eller tog? Stop og f\u00e5 en bid mad, f\u00f8r du tjekker ud   <\/span><em style=\"background-color: transparent; color: var( --e-global-color-text );\">hvad man kan lave i Faro<\/em><span style=\"background-color: transparent; color: var( --e-global-color-text );\">:<\/span><\/p><ul data-spread=\"false\"><li><p><span style=\"background-color: transparent; color: var( --e-global-color-text ); font-weight: bolder;\">O Chalavar<\/span><span style=\"background-color: transparent; color: var( --e-global-color-text );\">: grillet fisk, skaldyr og k\u00f8d; traditionelt og prisvenligt. <\/span><a href=\"https:\/\/goo.gl\/maps\/pxFsM4VQhcxQzr7p9\" target=\"_blank\" rel=\"noopener\">Se kort her<\/a><span style=\"background-color: transparent; color: var( --e-global-color-text );\">.<\/span><\/p><\/li><li><p><span style=\"background-color: transparent; color: var( --e-global-color-text ); font-weight: bolder;\">A Tasca do Jo\u00e3o<\/span><span style=\"background-color: transparent; color: var( --e-global-color-text );\">:F\u00f8rsteklasses portugisiske tapas til rimelige priser. <\/span><a href=\"https:\/\/goo.gl\/maps\/RyUbDHq25F1imbqC9\" target=\"_blank\" rel=\"noopener\">Se kort her<\/a><span style=\"background-color: transparent; color: var( --e-global-color-text );\">.<\/span><\/p><\/li><li><p><span style=\"background-color: transparent; color: var( --e-global-color-text );\"><strong>O Castelo<\/strong>: fantastisk portugisisk mad med livemusik.<\/span><a href=\"https:\/\/maps.app.goo.gl\/2wWER8yKTH6mZJ328\" target=\"_blank\" rel=\"noopener\">Se kort her.<\/a><\/p><\/li><li><p><span style=\"background-color: transparent; color: var( --e-global-color-text ); font-weight: bolder;\">A Venda<\/span><span style=\"background-color: transparent; color: var( --e-global-color-text );\">: en unik portugisisk tapas-oplevelse. <\/span><a href=\"https:\/\/maps.app.goo.gl\/vBZeVjrTvL9vQbws5\" target=\"_blank\" rel=\"noopener\">Se kort her<\/a><span style=\"background-color: transparent; color: var( --e-global-color-text );\">.<\/span><\/p><\/li><li><p><span style=\"background-color: transparent; color: var( --e-global-color-text ); font-weight: bolder;\">O Cruzeiro<\/span><span style=\"background-color: transparent; color: var( --e-global-color-text );\">:Traditionelle fisk- og k\u00f8dretter (kun til aftensmad). <\/span><a href=\"https:\/\/goo.gl\/maps\/KaPN8RbZ6Np8ANoCA\" target=\"_blank\" rel=\"noopener\">Se kort her<\/a><span style=\"background-color: transparent; color: var( --e-global-color-text );\">.<\/span><\/p><\/li><\/ul><p><span style=\"color: inherit; font-size: 1.75rem; background-color: transparent;\"><span style=\"font-weight: bold;\">Restauranter p\u00e5 Faro-stranden (Praia do Faro)<\/span><\/span><\/p><ul data-spread=\"false\"><li><p><span style=\"background-color: transparent; color: var( --e-global-color-text ); font-weight: bolder;\">Elementos<\/span><span style=\"background-color: transparent; color: var( --e-global-color-text );\">:Portugisiske tapas og mad med udsigt over floden. <\/span><a href=\"https:\/\/maps.app.goo.gl\/LucNoK3d1tUgCaFo8\" target=\"_blank\" rel=\"noopener\">Se kort her<\/a><span style=\"background-color: transparent; color: var( --e-global-color-text );\">.<\/span><\/p><\/li><li><p><span style=\"background-color: transparent; color: var( --e-global-color-text ); font-weight: bolder;\">O Rui<\/span><span style=\"background-color: transparent; color: var( --e-global-color-text );\">:Traditionel fiskerestaurant med h\u00f8j kvalitet. <\/span><a href=\"https:\/\/maps.app.goo.gl\/eH4KrzQiJhf1vBrV9\" target=\"_blank\" rel=\"noopener\">Se kort her<\/a><span style=\"background-color: transparent; color: var( --e-global-color-text );\">.<\/span><\/p><\/li><li><p><span style=\"background-color: transparent; color: var( --e-global-color-text ); font-weight: bolder;\">Hotel Aeromar<\/span><span style=\"background-color: transparent; color: var( --e-global-color-text );\">: det bedste sted at spise morgenmad til en rimelig pris. <\/span><a href=\"https:\/\/maps.app.goo.gl\/8o45g18a3KyFkUvh7\" target=\"_blank\" rel=\"noopener\">Se kort her<\/a><span style=\"background-color: transparent; color: var( --e-global-color-text );\">.<\/span><\/p><\/li><li><span style=\"background-color: transparent; color: var( --e-global-color-text ); font-weight: bolder;\">WAX<\/span><span style=\"background-color: transparent; color: var( --e-global-color-text );\">:Et godt sted at nyde en snack eller en drink ved solnedgang. <\/span><a href=\"https:\/\/maps.app.goo.gl\/bRLYU3nXpgC3jU7D7\" target=\"_blank\" rel=\"noopener\">Se kort her<\/a><span style=\"background-color: transparent; color: var( --e-global-color-text );\">.<\/span><\/li><\/ul>\t\t\t\t\t\t\t\t<\/div>\n\t\t\t\t<\/div>\n\t\t\t\t\t<\/div>\n\t\t<\/div>\n\t\t\t\t\t<\/div>\n\t\t<\/section>\n\t\t\t\t<section class=\"elementor-section elementor-top-section elementor-element elementor-element-239a752 elementor-section-stretched elementor-section-boxed elementor-section-height-default elementor-section-height-default\" data-id=\"239a752\" data-element_type=\"section\" data-e-type=\"section\" id=\"activities\" data-settings=\"{&quot;stretch_section&quot;:&quot;section-stretched&quot;,&quot;background_background&quot;:&quot;classic&quot;}\">\n\t\t\t\t\t\t<div class=\"elementor-container elementor-column-gap-default\">\n\t\t\t\t\t<div class=\"elementor-column elementor-col-100 elementor-top-column elementor-element elementor-element-78df90b\" data-id=\"78df90b\" data-element_type=\"column\" data-e-type=\"column\">\n\t\t\t<div class=\"elementor-widget-wrap elementor-element-populated\">\n\t\t\t\t\t\t<div class=\"elementor-element elementor-element-6197d87 elementor-widget elementor-widget-heading\" data-id=\"6197d87\" data-element_type=\"widget\" data-e-type=\"widget\" data-widget_type=\"heading.default\">\n\t\t\t\t<div class=\"elementor-widget-container\">\n\t\t\t\t\t<h2 class=\"elementor-heading-title elementor-size-default\">Hvad kan man lave i Faro: de bedste aktiviteter<\/h2>\t\t\t\t<\/div>\n\t\t\t\t<\/div>\n\t\t\t\t<div class=\"elementor-element elementor-element-957b211 elementor-widget elementor-widget-text-editor\" data-id=\"957b211\" data-element_type=\"widget\" data-e-type=\"widget\" data-widget_type=\"text-editor.default\">\n\t\t\t\t<div class=\"elementor-widget-container\">\n\t\t\t\t\t\t\t\t\t<p data-pm-slice=\"1 3 []\">Nu hvor du er kommet p\u00e5 plads, kan vi udforske, hvad man kan lave i Faro. Tjek disse aktiviteter, du bare m\u00e5 pr\u00f8ve: <\/p><p><strong>Udforsk naturen og dyrelivet<\/strong><\/p><ul><li>Fugletur med b\u00e5d: Oplev fantastiske fuglearter i Ria Formosa.<\/li><li>B\u00e5dtur i Ria Formosa: Nyd den fantastiske lagune og dens naturlige sk\u00f8nhed.<\/li><\/ul><p><strong>Eventyr p\u00e5 \u00f8en<\/strong><\/p><ul><li>Bes\u00f8g \u00f8erne i n\u00e6rheden af Faro:<a href=\"https:\/\/www.ilhadeserta.com\/en\" target=\"_blank\" rel=\"noopener\">Oplev Ilha Deserta<\/a>, Ilha do Farol og Culatra.<\/li><li>Tag en b\u00e5d til Ilha Deserta: Start din rejse <a href=\"https:\/\/maps.app.goo.gl\/c7Q5Mcv6AEYTAgRJA\" target=\"_blank\" rel=\"noopener\">herfra<\/a>.<\/li><\/ul><p><strong>Oplevelser i byen<\/strong><\/p><ul><li>Turisttog: En sjov og nem m\u00e5de at opleve Faros sev\u00e6rdigheder p\u00e5.<\/li><li>Det lokale fisk- og frugtmarked, \u00e5bent hver dag fra kl. 7.00 til 13.00. Find det <a href=\"https:\/\/goo.gl\/maps\/k21q9Bv9LbRnXknR7\" target=\"_blank\" rel=\"noopener\">her<\/a>. <\/li><\/ul>\t\t\t\t\t\t\t\t<\/div>\n\t\t\t\t<\/div>\n\t\t\t\t\t<\/div>\n\t\t<\/div>\n\t\t\t\t\t<\/div>\n\t\t<\/section>\n\t\t\t\t<section class=\"elementor-section elementor-top-section elementor-element elementor-element-021c4b5 elementor-section-stretched elementor-section-boxed elementor-section-height-default elementor-section-height-default\" data-id=\"021c4b5\" data-element_type=\"section\" data-e-type=\"section\" id=\"campervan\" data-settings=\"{&quot;stretch_section&quot;:&quot;section-stretched&quot;,&quot;background_background&quot;:&quot;classic&quot;}\">\n\t\t\t\t\t\t<div class=\"elementor-container elementor-column-gap-default\">\n\t\t\t\t\t<div class=\"elementor-column elementor-col-100 elementor-top-column elementor-element elementor-element-6c6472a\" data-id=\"6c6472a\" data-element_type=\"column\" data-e-type=\"column\">\n\t\t\t<div class=\"elementor-widget-wrap elementor-element-populated\">\n\t\t\t\t\t\t<div class=\"elementor-element elementor-element-8d022dc elementor-widget elementor-widget-heading\" data-id=\"8d022dc\" data-element_type=\"widget\" data-e-type=\"widget\" data-widget_type=\"heading.default\">\n\t\t\t\t<div class=\"elementor-widget-container\">\n\t\t\t\t\t<h2 class=\"elementor-heading-title elementor-size-default\">Hvorfor Faro er det perfekte udgangspunkt for dit Campervan-eventyr<\/h2>\t\t\t\t<\/div>\n\t\t\t\t<\/div>\n\t\t\t\t<div class=\"elementor-element elementor-element-b1000ea elementor-widget elementor-widget-text-editor\" data-id=\"b1000ea\" data-element_type=\"widget\" data-e-type=\"widget\" data-widget_type=\"text-editor.default\">\n\t\t\t\t<div class=\"elementor-widget-container\">\n\t\t\t\t\t\t\t\t\t<p>Faros centrale beliggenhed g\u00f8r byen til det ideelle udgangspunkt for en uforglemmelig Campervan-rejse gennem Algarve. Med de velforbundne veje, de smukke kystveje og nem adgang til b\u00e5de skjulte perler og popul\u00e6re sev\u00e6rdigheder kan du udforske omr\u00e5det i dit eget tempo. Vores <a href=\"https:\/\/oceancamper.com\/da\/udlejning-af-autocamper\/trustpilot-ocean-camper-topbedommelse\/\">Campervan leje i Faro<\/a> ligger 2 km fra lufthavnen og giver dig friheden til at v\u00e5gne op ved stranden, jage solnedgangen langs maleriske klipper eller opdage charmerende landsbyer inde i landet. Herfra kan du tage p\u00e5 betagende bilture til Albufeira, Tavira eller Lagos, der hver is\u00e6r har sin egen karakter og sk\u00f8nhed. Uanset om du l\u00e6nges efter eventyr, afslapning eller kulturelle oplevelser, er Faro det perfekte sted at starte din rejse p\u00e5 fire hjul.    <\/p>\t\t\t\t\t\t\t\t<\/div>\n\t\t\t\t<\/div>\n\t\t\t\t\t<\/div>\n\t\t<\/div>\n\t\t\t\t\t<\/div>\n\t\t<\/section>\n\t\t\t\t<section class=\"elementor-section elementor-top-section elementor-element elementor-element-7cdc99ca elementor-section-stretched elementor-section-boxed elementor-section-height-default elementor-section-height-default\" data-id=\"7cdc99ca\" data-element_type=\"section\" data-e-type=\"section\" data-settings=\"{&quot;stretch_section&quot;:&quot;section-stretched&quot;,&quot;background_background&quot;:&quot;classic&quot;}\">\n\t\t\t\t\t\t<div class=\"elementor-container elementor-column-gap-default\">\n\t\t\t\t\t<div class=\"elementor-column elementor-col-100 elementor-top-column elementor-element elementor-element-3d69cc99\" data-id=\"3d69cc99\" data-element_type=\"column\" data-e-type=\"column\">\n\t\t\t<div class=\"elementor-widget-wrap elementor-element-populated\">\n\t\t\t\t\t\t<section class=\"elementor-section elementor-inner-section elementor-element elementor-element-7c80d32b elementor-section-boxed elementor-section-height-default elementor-section-height-default\" data-id=\"7c80d32b\" data-element_type=\"section\" data-e-type=\"section\">\n\t\t\t\t\t\t<div class=\"elementor-container elementor-column-gap-default\">\n\t\t\t\t\t<div class=\"elementor-column elementor-col-100 elementor-inner-column elementor-element elementor-element-7faca857\" data-id=\"7faca857\" data-element_type=\"column\" data-e-type=\"column\">\n\t\t\t<div class=\"elementor-widget-wrap elementor-element-populated\">\n\t\t\t\t\t\t<div class=\"elementor-element elementor-element-22d7963 elementor-widget elementor-widget-heading\" data-id=\"22d7963\" data-element_type=\"widget\" data-e-type=\"widget\" data-widget_type=\"heading.default\">\n\t\t\t\t<div class=\"elementor-widget-container\">\n\t\t\t\t\t<h3 class=\"elementor-heading-title elementor-size-default\">Tjek vores andre indl\u00e6g:<\/h3>\t\t\t\t<\/div>\n\t\t\t\t<\/div>\n\t\t\t\t<div class=\"elementor-element elementor-element-1d0414e6 elementor-grid-tablet-3 elementor-grid-3 elementor-grid-mobile-1 elementor-posts--thumbnail-top elementor-posts__hover-gradient elementor-widget elementor-widget-posts\" data-id=\"1d0414e6\" data-element_type=\"widget\" data-e-type=\"widget\" data-settings=\"{&quot;cards_row_gap&quot;:{&quot;unit&quot;:&quot;px&quot;,&quot;size&quot;:20,&quot;sizes&quot;:[]},&quot;cards_row_gap_mobile&quot;:{&quot;unit&quot;:&quot;px&quot;,&quot;size&quot;:10,&quot;sizes&quot;:[]},&quot;cards_columns_tablet&quot;:&quot;3&quot;,&quot;cards_row_gap_tablet&quot;:{&quot;unit&quot;:&quot;px&quot;,&quot;size&quot;:5,&quot;sizes&quot;:[]},&quot;cards_columns&quot;:&quot;3&quot;,&quot;cards_columns_mobile&quot;:&quot;1&quot;}\" data-widget_type=\"posts.cards\">\n\t\t\t\t<div class=\"elementor-widget-container\">\n\t\t\t\t\t\t\t<div class=\"elementor-posts-container elementor-posts elementor-posts--skin-cards elementor-grid\" role=\"list\">\n\t\t\t\t<article class=\"elementor-post elementor-grid-item post-162180 post type-post status-publish format-standard has-post-thumbnail hentry category-hojdepunkter\" role=\"listitem\">\n\t\t\t<div class=\"elementor-post__card\">\n\t\t\t\t<a class=\"elementor-post__thumbnail__link\" href=\"https:\/\/oceancamper.com\/da\/paddleboarding-algarve-de-bedste-sup-steder-huler-soer\/\" tabindex=\"-1\" ><div class=\"elementor-post__thumbnail\"><img decoding=\"async\" width=\"300\" height=\"200\" src=\"https:\/\/oceancamper.com\/wp-content\/uploads\/2020\/12\/paddleboarding-algarve-sup-ocean-camper-300x200.jpg\" class=\"attachment-medium size-medium wp-image-208147\" alt=\"Et paddleboard og en r\u00f8d Campervan, der holder parkeret ved Algarve-kysten \u2013 udstyr fra Ocean Camper til paddleboard-eventyr i Portugal.\" srcset=\"https:\/\/oceancamper.com\/wp-content\/uploads\/2020\/12\/paddleboarding-algarve-sup-ocean-camper-300x200.jpg 300w, https:\/\/oceancamper.com\/wp-content\/uploads\/2020\/12\/paddleboarding-algarve-sup-ocean-camper-1024x683.jpg 1024w, https:\/\/oceancamper.com\/wp-content\/uploads\/2020\/12\/paddleboarding-algarve-sup-ocean-camper-768x512.jpg 768w, https:\/\/oceancamper.com\/wp-content\/uploads\/2020\/12\/paddleboarding-algarve-sup-ocean-camper-1536x1024.jpg 1536w, https:\/\/oceancamper.com\/wp-content\/uploads\/2020\/12\/paddleboarding-algarve-sup-ocean-camper-2048x1365.jpg 2048w, https:\/\/oceancamper.com\/wp-content\/uploads\/2020\/12\/paddleboarding-algarve-sup-ocean-camper-240x160.jpg 240w\" sizes=\"(max-width: 300px) 100vw, 300px\" \/><\/div><\/a>\n\t\t\t\t<div class=\"elementor-post__text\">\n\t\t\t\t<h2 class=\"elementor-post__title\">\n\t\t\t<a href=\"https:\/\/oceancamper.com\/da\/paddleboarding-algarve-de-bedste-sup-steder-huler-soer\/\" >\n\t\t\t\tPaddleboarding i Algarve: De bedste SUP-steder\t\t\t<\/a>\n\t\t<\/h2>\n\t\t\t\t<div class=\"elementor-post__excerpt\">\n\t\t\t<p>De bedste steder at lave SUP i Algarve! Grotter, floder og s\u00f8er. Lej vores boards og padl, hvor andre turister ikke kan komme.  <\/p>\n\t\t<\/div>\n\t\t\n\t\t<a class=\"elementor-post__read-more\" href=\"https:\/\/oceancamper.com\/da\/paddleboarding-algarve-de-bedste-sup-steder-huler-soer\/\" aria-label=\"Read more about Paddleboarding i Algarve: De bedste SUP-steder\" tabindex=\"-1\" >\n\t\t\tL\u00e6s mere \"\t\t<\/a>\n\n\t\t\t\t<\/div>\n\t\t\t\t\t<\/div>\n\t\t<\/article>\n\t\t\t\t<article class=\"elementor-post elementor-grid-item post-161951 post type-post status-publish format-standard has-post-thumbnail hentry category-tips-til-camping tag-lej-en-autocamper-algarve tag-lej-en-autocamper-algarve-da tag-roadtrip-algarve-da\" role=\"listitem\">\n\t\t\t<div class=\"elementor-post__card\">\n\t\t\t\t<a class=\"elementor-post__thumbnail__link\" href=\"https:\/\/oceancamper.com\/da\/lej-en-campervan-algarve\/\" tabindex=\"-1\" ><div class=\"elementor-post__thumbnail\"><img decoding=\"async\" width=\"300\" height=\"225\" src=\"https:\/\/oceancamper.com\/wp-content\/uploads\/2025\/02\/IMG-20241111-WA0018-300x225.jpg\" class=\"attachment-medium size-medium wp-image-161952\" alt=\"Par nyder en roadtrip i autocamper i Algarve 2026\" srcset=\"https:\/\/oceancamper.com\/wp-content\/uploads\/2025\/02\/IMG-20241111-WA0018-300x225.jpg 300w, https:\/\/oceancamper.com\/wp-content\/uploads\/2025\/02\/IMG-20241111-WA0018-1024x768.jpg 1024w, https:\/\/oceancamper.com\/wp-content\/uploads\/2025\/02\/IMG-20241111-WA0018-768x576.jpg 768w, https:\/\/oceancamper.com\/wp-content\/uploads\/2025\/02\/IMG-20241111-WA0018-1536x1152.jpg 1536w, https:\/\/oceancamper.com\/wp-content\/uploads\/2025\/02\/IMG-20241111-WA0018-240x180.jpg 240w, https:\/\/oceancamper.com\/wp-content\/uploads\/2025\/02\/IMG-20241111-WA0018.jpg 1600w\" sizes=\"(max-width: 300px) 100vw, 300px\" \/><\/div><\/a>\n\t\t\t\t<div class=\"elementor-post__text\">\n\t\t\t\t<h2 class=\"elementor-post__title\">\n\t\t\t<a href=\"https:\/\/oceancamper.com\/da\/lej-en-campervan-algarve\/\" >\n\t\t\t\tLej en Campervan i Algarve: Den komplette guide til 2026\t\t\t<\/a>\n\t\t<\/h2>\n\t\t\t\t<div class=\"elementor-post__excerpt\">\n\t\t\t<p>Fordele ved at leje en autocamper i Algarve. Regionale karakteristika, frihed og omkostningseffektive rejser. <\/p>\n\t\t<\/div>\n\t\t\n\t\t<a class=\"elementor-post__read-more\" href=\"https:\/\/oceancamper.com\/da\/lej-en-campervan-algarve\/\" aria-label=\"Read more about Lej en Campervan i Algarve: Den komplette guide til 2026\" tabindex=\"-1\" >\n\t\t\tL\u00e6s mere \"\t\t<\/a>\n\n\t\t\t\t<\/div>\n\t\t\t\t\t<\/div>\n\t\t<\/article>\n\t\t\t\t<article class=\"elementor-post elementor-grid-item post-172234 post type-post status-publish format-standard has-post-thumbnail hentry category-hojdepunkter category-tips-til-camping tag-autocamper-eller-hotel tag-hotel-da tag-lejebil tag-roadtrip-algarve-da\" role=\"listitem\">\n\t\t\t<div class=\"elementor-post__card\">\n\t\t\t\t<a class=\"elementor-post__thumbnail__link\" href=\"https:\/\/oceancamper.com\/da\/campingvogn-eller-hotelophold\/\" tabindex=\"-1\" ><div class=\"elementor-post__thumbnail\"><img loading=\"lazy\" decoding=\"async\" width=\"300\" height=\"133\" src=\"https:\/\/oceancamper.com\/wp-content\/uploads\/2025\/03\/Campervan-vs-Hotel-Stay-The-Ultimate-Travel-Comparison-1-300x133.jpg\" class=\"attachment-medium size-medium wp-image-219444\" alt=\"R\u00f8d campervan parkeret n\u00e6r et historisk slot - illustrerer friheden ved at rejse i campervan sammenlignet med traditionelle hotelophold.\" srcset=\"https:\/\/oceancamper.com\/wp-content\/uploads\/2025\/03\/Campervan-vs-Hotel-Stay-The-Ultimate-Travel-Comparison-1-300x133.jpg 300w, https:\/\/oceancamper.com\/wp-content\/uploads\/2025\/03\/Campervan-vs-Hotel-Stay-The-Ultimate-Travel-Comparison-1-1024x455.jpg 1024w, https:\/\/oceancamper.com\/wp-content\/uploads\/2025\/03\/Campervan-vs-Hotel-Stay-The-Ultimate-Travel-Comparison-1-768x341.jpg 768w, https:\/\/oceancamper.com\/wp-content\/uploads\/2025\/03\/Campervan-vs-Hotel-Stay-The-Ultimate-Travel-Comparison-1-240x107.jpg 240w, https:\/\/oceancamper.com\/wp-content\/uploads\/2025\/03\/Campervan-vs-Hotel-Stay-The-Ultimate-Travel-Comparison-1.jpg 1500w\" sizes=\"(max-width: 300px) 100vw, 300px\" \/><\/div><\/a>\n\t\t\t\t<div class=\"elementor-post__text\">\n\t\t\t\t<h2 class=\"elementor-post__title\">\n\t\t\t<a href=\"https:\/\/oceancamper.com\/da\/campingvogn-eller-hotelophold\/\" >\n\t\t\t\tCampervan eller hotelophold\t\t\t<\/a>\n\t\t<\/h2>\n\t\t\t\t<div class=\"elementor-post__excerpt\">\n\t\t\t<p>Campervan eller hotelophold? Den ultimative rejsesammenligning Campervan eller hotelophold?<\/p>\n\t\t<\/div>\n\t\t\n\t\t<a class=\"elementor-post__read-more\" href=\"https:\/\/oceancamper.com\/da\/campingvogn-eller-hotelophold\/\" aria-label=\"Read more about Campervan eller hotelophold\" tabindex=\"-1\" >\n\t\t\tL\u00e6s mere \"\t\t<\/a>\n\n\t\t\t\t<\/div>\n\t\t\t\t\t<\/div>\n\t\t<\/article>\n\t\t\t\t<\/div>\n\t\t\n\t\t\t\t\t\t<\/div>\n\t\t\t\t<\/div>\n\t\t\t\t<div class=\"elementor-element elementor-element-180a3e0 elementor-align-left elementor-tablet-align-left elementor-mobile-align-left elementor-widget elementor-widget-button\" data-id=\"180a3e0\" data-element_type=\"widget\" data-e-type=\"widget\" data-widget_type=\"button.default\">\n\t\t\t\t<div class=\"elementor-widget-container\">\n\t\t\t\t\t\t\t\t\t<div class=\"elementor-button-wrapper\">\n\t\t\t\t\t<a class=\"elementor-button elementor-button-link elementor-size-sm elementor-animation-pop\" href=\"https:\/\/oceancamper.com\/da\/blog\/\">\n\t\t\t\t\t\t<span class=\"elementor-button-content-wrapper\">\n\t\t\t\t\t\t\t\t\t<span class=\"elementor-button-text\">Tilbage til bloggen<\/span>\n\t\t\t\t\t<\/span>\n\t\t\t\t\t<\/a>\n\t\t\t\t<\/div>\n\t\t\t\t\t\t\t\t<\/div>\n\t\t\t\t<\/div>\n\t\t\t\t\t<\/div>\n\t\t<\/div>\n\t\t\t\t\t<\/div>\n\t\t<\/section>\n\t\t\t\t\t<\/div>\n\t\t<\/div>\n\t\t\t\t\t<\/div>\n\t\t<\/section>\n\t\t\t\t<\/div>\n\t\t","protected":false},"excerpt":{"rendered":"<p>Hvordan kommer man fra lufthavnen til Faro centrum eller Praia de Faro? Tidsplan for busser. De bedste restauranter i Faro.  <\/p>\n","protected":false},"author":1,"featured_media":183895,"comment_status":"closed","ping_status":"open","sticky":false,"template":"elementor_header_footer","format":"standard","meta":{"om_disable_all_campaigns":false,"footnotes":""},"categories":[159],"tags":[],"class_list":["post-162183","post","type-post","status-publish","format-standard","has-post-thumbnail","hentry","category-uncategorized-da"],"aioseo_notices":[],"aioseo_head":"\n\t\t<!-- All in One SEO 4.9.10 - aioseo.com -->\n\t<meta name=\"description\" content=\"Campervan eller hotelophold? Udforsk fordele og ulemper for at hj\u00e6lpe dig med at v\u00e6lge den bedste l\u00f8sning til dit n\u00e6ste eventyr. Nyd fleksibilitet, komfort og unikke oplevelser!\" \/>\n\t<meta name=\"robots\" content=\"max-image-preview:large\" \/>\n\t<meta name=\"author\" content=\"nomadcanguru\"\/>\n\t<link rel=\"canonical\" href=\"https:\/\/oceancamper.com\/da\/campingvogn-eller-hotelophold\/\" \/>\n\t<meta name=\"generator\" content=\"All in One SEO (AIOSEO) 4.9.10\" \/>\n\t\t<meta property=\"og:locale\" content=\"da_DK\" \/>\n\t\t<meta property=\"og:site_name\" content=\"Ocean Camper - Campervan Rental in Faro, Portugal\" \/>\n\t\t<meta property=\"og:type\" content=\"article\" \/>\n\t\t<meta property=\"og:title\" content=\"Campervan eller hotelophold? - Fordele, ulemper og det bedste valg\" \/>\n\t\t<meta property=\"og:description\" content=\"Campervan eller hotelophold? Udforsk fordele og ulemper for at hj\u00e6lpe dig med at v\u00e6lge den bedste l\u00f8sning til dit n\u00e6ste eventyr. Nyd fleksibilitet, komfort og unikke oplevelser!\" \/>\n\t\t<meta property=\"og:url\" content=\"https:\/\/oceancamper.com\/da\/campingvogn-eller-hotelophold\/\" \/>\n\t\t<meta property=\"og:image\" content=\"https:\/\/oceancamper.com\/wp-content\/uploads\/2022\/01\/Asset-5.png\" \/>\n\t\t<meta property=\"og:image:secure_url\" content=\"https:\/\/oceancamper.com\/wp-content\/uploads\/2022\/01\/Asset-5.png\" \/>\n\t\t<meta property=\"og:image:width\" content=\"662\" \/>\n\t\t<meta property=\"og:image:height\" content=\"291\" \/>\n\t\t<meta property=\"article:published_time\" content=\"2025-03-25T11:27:38+00:00\" \/>\n\t\t<meta property=\"article:modified_time\" content=\"2026-08-14T16:50:51+00:00\" \/>\n\t\t<meta property=\"article:publisher\" content=\"https:\/\/www.facebook.com\/oceancamper\/\" \/>\n\t\t<meta name=\"twitter:card\" content=\"summary\" \/>\n\t\t<meta name=\"twitter:site\" content=\"@Ocean_Camper\" \/>\n\t\t<meta name=\"twitter:title\" content=\"Campervan eller hotelophold? - Fordele, ulemper og det bedste valg\" \/>\n\t\t<meta name=\"twitter:description\" content=\"Campervan eller hotelophold? Udforsk fordele og ulemper for at hj\u00e6lpe dig med at v\u00e6lge den bedste l\u00f8sning til dit n\u00e6ste eventyr. Nyd fleksibilitet, komfort og unikke oplevelser!\" \/>\n\t\t<meta name=\"twitter:creator\" content=\"@Ocean_Camper\" \/>\n\t\t<meta name=\"twitter:image\" content=\"https:\/\/oceancamper.com\/wp-content\/uploads\/2022\/01\/Asset-5.png\" \/>\n\t\t<script type=\"application\/ld+json\" class=\"aioseo-schema\">\n\t\t\t{\"@context\":\"https:\\\/\\\/schema.org\",\"@graph\":[{\"@type\":\"BlogPosting\",\"@id\":\"https:\\\/\\\/oceancamper.com\\\/da\\\/campingvogn-eller-hotelophold\\\/#blogposting\",\"name\":\"Campervan eller hotelophold? - Fordele, ulemper og det bedste valg\",\"headline\":\"Campervan eller hotelophold\",\"author\":{\"@id\":\"https:\\\/\\\/oceancamper.com\\\/da\\\/author\\\/nomadcanguru\\\/#author\"},\"publisher\":{\"@id\":\"https:\\\/\\\/oceancamper.com\\\/da\\\/#organization\"},\"image\":{\"@type\":\"ImageObject\",\"url\":\"https:\\\/\\\/oceancamper.com\\\/wp-content\\\/uploads\\\/2025\\\/03\\\/Campervan-vs-Hotel-Stay-The-Ultimate-Travel-Comparison-1.jpg\",\"width\":1500,\"height\":666,\"caption\":\"Opdag fordele og ulemper ved at bo i en autocamper eller p\\u00e5 et hotel p\\u00e5 dit n\\u00e6ste eventyr i Portugal.\"},\"datePublished\":\"2025-03-25T11:27:38+00:00\",\"dateModified\":\"2026-08-14T16:50:51+00:00\",\"inLanguage\":\"da-DK\",\"mainEntityOfPage\":{\"@id\":\"https:\\\/\\\/oceancamper.com\\\/da\\\/campingvogn-eller-hotelophold\\\/#webpage\"},\"isPartOf\":{\"@id\":\"https:\\\/\\\/oceancamper.com\\\/da\\\/campingvogn-eller-hotelophold\\\/#webpage\"},\"articleSection\":\"H\\u00f8jdepunkter, Tips til camping, autocamper eller hotel, Hotel, Lejebil, roadtrip algarve, Optional\"},{\"@type\":\"BreadcrumbList\",\"@id\":\"https:\\\/\\\/oceancamper.com\\\/da\\\/campingvogn-eller-hotelophold\\\/#breadcrumblist\",\"itemListElement\":[{\"@type\":\"ListItem\",\"@id\":\"https:\\\/\\\/oceancamper.com\\\/da\\\/#listItem\",\"position\":1,\"name\":\"Home\",\"item\":\"https:\\\/\\\/oceancamper.com\\\/da\\\/\",\"nextItem\":{\"@type\":\"ListItem\",\"@id\":\"https:\\\/\\\/oceancamper.com\\\/da\\\/category\\\/uncategorized-da\\\/#listItem\",\"name\":\"Uncategorized @da\"}},{\"@type\":\"ListItem\",\"@id\":\"https:\\\/\\\/oceancamper.com\\\/da\\\/category\\\/uncategorized-da\\\/#listItem\",\"position\":2,\"name\":\"Uncategorized @da\",\"item\":\"https:\\\/\\\/oceancamper.com\\\/da\\\/category\\\/uncategorized-da\\\/\",\"nextItem\":{\"@type\":\"ListItem\",\"@id\":\"https:\\\/\\\/oceancamper.com\\\/da\\\/ting-at-gore-i-faro\\\/#listItem\",\"name\":\"Hvad skal man lave i Faro?\"},\"previousItem\":{\"@type\":\"ListItem\",\"@id\":\"https:\\\/\\\/oceancamper.com\\\/da\\\/#listItem\",\"name\":\"Home\"}},{\"@type\":\"ListItem\",\"@id\":\"https:\\\/\\\/oceancamper.com\\\/da\\\/ting-at-gore-i-faro\\\/#listItem\",\"position\":3,\"name\":\"Hvad skal man lave i Faro?\",\"previousItem\":{\"@type\":\"ListItem\",\"@id\":\"https:\\\/\\\/oceancamper.com\\\/da\\\/category\\\/uncategorized-da\\\/#listItem\",\"name\":\"Uncategorized @da\"}}]},{\"@type\":\"Organization\",\"@id\":\"https:\\\/\\\/oceancamper.com\\\/da\\\/#organization\",\"name\":\"Ocean Camper\",\"description\":\"Ocean Camper provides affordable campervan rental in Portugal with fully equipped campervans for up to three people, available in Faro and Lisbon for flexible road trips.\",\"url\":\"https:\\\/\\\/oceancamper.com\\\/da\\\/\",\"email\":\"info@oceancamper.com\",\"telephone\":\"+351920301044\",\"foundingDate\":\"2017-04-19\",\"numberOfEmployees\":{\"@type\":\"QuantitativeValue\",\"minValue\":0,\"maxValue\":10},\"logo\":{\"@type\":\"ImageObject\",\"url\":\"https:\\\/\\\/oceancamper.com\\\/wp-content\\\/uploads\\\/2022\\\/01\\\/Asset-5.png\",\"@id\":\"https:\\\/\\\/oceancamper.com\\\/da\\\/campingvogn-eller-hotelophold\\\/#organizationLogo\",\"width\":662,\"height\":291,\"caption\":\"Ocean Camper logo\"},\"image\":{\"@id\":\"https:\\\/\\\/oceancamper.com\\\/da\\\/campingvogn-eller-hotelophold\\\/#organizationLogo\"},\"sameAs\":[\"https:\\\/\\\/www.facebook.com\\\/oceancamper\\\/\",\"https:\\\/\\\/x.com\\\/Ocean_Camper\",\"https:\\\/\\\/www.instagram.com\\\/oceancamper.vans\\\/\",\"https:\\\/\\\/www.tiktok.com\\\/@oceancamper.vans\",\"https:\\\/\\\/www.youtube.com\\\/@oceancamper\",\"https:\\\/\\\/www.linkedin.com\\\/company\\\/oceancamper\\\/\",\"https:\\\/\\\/www.trustpilot.com\\\/review\\\/oceancamper.com\"]},{\"@type\":\"Person\",\"@id\":\"https:\\\/\\\/oceancamper.com\\\/da\\\/author\\\/nomadcanguru\\\/#author\",\"url\":\"https:\\\/\\\/oceancamper.com\\\/da\\\/author\\\/nomadcanguru\\\/\",\"name\":\"nomadcanguru\",\"image\":{\"@type\":\"ImageObject\",\"@id\":\"https:\\\/\\\/oceancamper.com\\\/da\\\/campingvogn-eller-hotelophold\\\/#authorImage\",\"url\":\"https:\\\/\\\/secure.gravatar.com\\\/avatar\\\/3a5092e8a35779f7501b5a8c315d77eae173c0705d8cfd512c06ce5460985e92?s=96&d=mm&r=g\",\"width\":96,\"height\":96,\"caption\":\"nomadcanguru\"}},{\"@type\":\"WebPage\",\"@id\":\"https:\\\/\\\/oceancamper.com\\\/da\\\/campingvogn-eller-hotelophold\\\/#webpage\",\"url\":\"https:\\\/\\\/oceancamper.com\\\/da\\\/campingvogn-eller-hotelophold\\\/\",\"name\":\"Campervan eller hotelophold? - Fordele, ulemper og det bedste valg\",\"description\":\"Campervan eller hotelophold? Udforsk fordele og ulemper for at hj\\u00e6lpe dig med at v\\u00e6lge den bedste l\\u00f8sning til dit n\\u00e6ste eventyr. Nyd fleksibilitet, komfort og unikke oplevelser!\",\"inLanguage\":\"da-DK\",\"isPartOf\":{\"@id\":\"https:\\\/\\\/oceancamper.com\\\/da\\\/#website\"},\"breadcrumb\":{\"@id\":\"https:\\\/\\\/oceancamper.com\\\/da\\\/campingvogn-eller-hotelophold\\\/#breadcrumblist\"},\"author\":{\"@id\":\"https:\\\/\\\/oceancamper.com\\\/da\\\/author\\\/nomadcanguru\\\/#author\"},\"creator\":{\"@id\":\"https:\\\/\\\/oceancamper.com\\\/da\\\/author\\\/nomadcanguru\\\/#author\"},\"image\":{\"@type\":\"ImageObject\",\"url\":\"https:\\\/\\\/oceancamper.com\\\/wp-content\\\/uploads\\\/2025\\\/03\\\/Campervan-vs-Hotel-Stay-The-Ultimate-Travel-Comparison-1.jpg\",\"@id\":\"https:\\\/\\\/oceancamper.com\\\/da\\\/campingvogn-eller-hotelophold\\\/#mainImage\",\"width\":1500,\"height\":666,\"caption\":\"Opdag fordele og ulemper ved at bo i en autocamper eller p\\u00e5 et hotel p\\u00e5 dit n\\u00e6ste eventyr i Portugal.\"},\"primaryImageOfPage\":{\"@id\":\"https:\\\/\\\/oceancamper.com\\\/da\\\/campingvogn-eller-hotelophold\\\/#mainImage\"},\"datePublished\":\"2025-03-25T11:27:38+00:00\",\"dateModified\":\"2026-08-14T16:50:51+00:00\"},{\"@type\":\"WebSite\",\"@id\":\"https:\\\/\\\/oceancamper.com\\\/da\\\/#website\",\"url\":\"https:\\\/\\\/oceancamper.com\\\/da\\\/\",\"name\":\"Ocean Camper\",\"alternateName\":\"Ocean Camper Portugal\",\"description\":\"Campervan Rental in Faro, Portugal\",\"inLanguage\":\"da-DK\",\"publisher\":{\"@id\":\"https:\\\/\\\/oceancamper.com\\\/da\\\/#organization\"}}]}\n\t\t<\/script>\n\t\t<!-- All in One SEO -->\n\n","aioseo_head_json":{"title":"Campervan eller hotelophold? - Fordele, ulemper og det bedste valg","description":"Campervan eller hotelophold? Udforsk fordele og ulemper for at hj\u00e6lpe dig med at v\u00e6lge den bedste l\u00f8sning til dit n\u00e6ste eventyr. Nyd fleksibilitet, komfort og unikke oplevelser!","canonical_url":"https:\/\/oceancamper.com\/da\/campingvogn-eller-hotelophold\/","robots":"max-image-preview:large","keywords":"","webmasterTools":{"miscellaneous":""},"schema":{"@context":"https:\/\/schema.org","@graph":[{"@type":"BlogPosting","@id":"https:\/\/oceancamper.com\/da\/campingvogn-eller-hotelophold\/#blogposting","name":"Campervan eller hotelophold? - Fordele, ulemper og det bedste valg","headline":"Campervan eller hotelophold","author":{"@id":"https:\/\/oceancamper.com\/da\/author\/nomadcanguru\/#author"},"publisher":{"@id":"https:\/\/oceancamper.com\/da\/#organization"},"image":{"@type":"ImageObject","url":"https:\/\/oceancamper.com\/wp-content\/uploads\/2025\/03\/Campervan-vs-Hotel-Stay-The-Ultimate-Travel-Comparison-1.jpg","width":1500,"height":666,"caption":"Opdag fordele og ulemper ved at bo i en autocamper eller p\u00e5 et hotel p\u00e5 dit n\u00e6ste eventyr i Portugal."},"datePublished":"2025-03-25T11:27:38+00:00","dateModified":"2026-08-14T16:50:51+00:00","inLanguage":"da-DK","mainEntityOfPage":{"@id":"https:\/\/oceancamper.com\/da\/campingvogn-eller-hotelophold\/#webpage"},"isPartOf":{"@id":"https:\/\/oceancamper.com\/da\/campingvogn-eller-hotelophold\/#webpage"},"articleSection":"H\u00f8jdepunkter, Tips til camping, autocamper eller hotel, Hotel, Lejebil, roadtrip algarve, Optional"},{"@type":"BreadcrumbList","@id":"https:\/\/oceancamper.com\/da\/campingvogn-eller-hotelophold\/#breadcrumblist","itemListElement":[{"@type":"ListItem","@id":"https:\/\/oceancamper.com\/da\/#listItem","position":1,"name":"Home","item":"https:\/\/oceancamper.com\/da\/","nextItem":{"@type":"ListItem","@id":"https:\/\/oceancamper.com\/da\/category\/uncategorized-da\/#listItem","name":"Uncategorized @da"}},{"@type":"ListItem","@id":"https:\/\/oceancamper.com\/da\/category\/uncategorized-da\/#listItem","position":2,"name":"Uncategorized @da","item":"https:\/\/oceancamper.com\/da\/category\/uncategorized-da\/","nextItem":{"@type":"ListItem","@id":"https:\/\/oceancamper.com\/da\/ting-at-gore-i-faro\/#listItem","name":"Hvad skal man lave i Faro?"},"previousItem":{"@type":"ListItem","@id":"https:\/\/oceancamper.com\/da\/#listItem","name":"Home"}},{"@type":"ListItem","@id":"https:\/\/oceancamper.com\/da\/ting-at-gore-i-faro\/#listItem","position":3,"name":"Hvad skal man lave i Faro?","previousItem":{"@type":"ListItem","@id":"https:\/\/oceancamper.com\/da\/category\/uncategorized-da\/#listItem","name":"Uncategorized @da"}}]},{"@type":"Organization","@id":"https:\/\/oceancamper.com\/da\/#organization","name":"Ocean Camper","description":"Ocean Camper provides affordable campervan rental in Portugal with fully equipped campervans for up to three people, available in Faro and Lisbon for flexible road trips.","url":"https:\/\/oceancamper.com\/da\/","email":"info@oceancamper.com","telephone":"+351920301044","foundingDate":"2017-04-19","numberOfEmployees":{"@type":"QuantitativeValue","minValue":0,"maxValue":10},"logo":{"@type":"ImageObject","url":"https:\/\/oceancamper.com\/wp-content\/uploads\/2022\/01\/Asset-5.png","@id":"https:\/\/oceancamper.com\/da\/campingvogn-eller-hotelophold\/#organizationLogo","width":662,"height":291,"caption":"Ocean Camper logo"},"image":{"@id":"https:\/\/oceancamper.com\/da\/campingvogn-eller-hotelophold\/#organizationLogo"},"sameAs":["https:\/\/www.facebook.com\/oceancamper\/","https:\/\/x.com\/Ocean_Camper","https:\/\/www.instagram.com\/oceancamper.vans\/","https:\/\/www.tiktok.com\/@oceancamper.vans","https:\/\/www.youtube.com\/@oceancamper","https:\/\/www.linkedin.com\/company\/oceancamper\/","https:\/\/www.trustpilot.com\/review\/oceancamper.com"]},{"@type":"Person","@id":"https:\/\/oceancamper.com\/da\/author\/nomadcanguru\/#author","url":"https:\/\/oceancamper.com\/da\/author\/nomadcanguru\/","name":"nomadcanguru","image":{"@type":"ImageObject","@id":"https:\/\/oceancamper.com\/da\/campingvogn-eller-hotelophold\/#authorImage","url":"https:\/\/secure.gravatar.com\/avatar\/3a5092e8a35779f7501b5a8c315d77eae173c0705d8cfd512c06ce5460985e92?s=96&d=mm&r=g","width":96,"height":96,"caption":"nomadcanguru"}},{"@type":"WebPage","@id":"https:\/\/oceancamper.com\/da\/campingvogn-eller-hotelophold\/#webpage","url":"https:\/\/oceancamper.com\/da\/campingvogn-eller-hotelophold\/","name":"Campervan eller hotelophold? - Fordele, ulemper og det bedste valg","description":"Campervan eller hotelophold? Udforsk fordele og ulemper for at hj\u00e6lpe dig med at v\u00e6lge den bedste l\u00f8sning til dit n\u00e6ste eventyr. Nyd fleksibilitet, komfort og unikke oplevelser!","inLanguage":"da-DK","isPartOf":{"@id":"https:\/\/oceancamper.com\/da\/#website"},"breadcrumb":{"@id":"https:\/\/oceancamper.com\/da\/campingvogn-eller-hotelophold\/#breadcrumblist"},"author":{"@id":"https:\/\/oceancamper.com\/da\/author\/nomadcanguru\/#author"},"creator":{"@id":"https:\/\/oceancamper.com\/da\/author\/nomadcanguru\/#author"},"image":{"@type":"ImageObject","url":"https:\/\/oceancamper.com\/wp-content\/uploads\/2025\/03\/Campervan-vs-Hotel-Stay-The-Ultimate-Travel-Comparison-1.jpg","@id":"https:\/\/oceancamper.com\/da\/campingvogn-eller-hotelophold\/#mainImage","width":1500,"height":666,"caption":"Opdag fordele og ulemper ved at bo i en autocamper eller p\u00e5 et hotel p\u00e5 dit n\u00e6ste eventyr i Portugal."},"primaryImageOfPage":{"@id":"https:\/\/oceancamper.com\/da\/campingvogn-eller-hotelophold\/#mainImage"},"datePublished":"2025-03-25T11:27:38+00:00","dateModified":"2026-08-14T16:50:51+00:00"},{"@type":"WebSite","@id":"https:\/\/oceancamper.com\/da\/#website","url":"https:\/\/oceancamper.com\/da\/","name":"Ocean Camper","alternateName":"Ocean Camper Portugal","description":"Campervan Rental in Faro, Portugal","inLanguage":"da-DK","publisher":{"@id":"https:\/\/oceancamper.com\/da\/#organization"}}]},"og:locale":"da_DK","og:site_name":"Ocean Camper - Campervan Rental in Faro, Portugal","og:type":"article","og:title":"Campervan eller hotelophold? - Fordele, ulemper og det bedste valg","og:description":"Campervan eller hotelophold? Udforsk fordele og ulemper for at hj\u00e6lpe dig med at v\u00e6lge den bedste l\u00f8sning til dit n\u00e6ste eventyr. Nyd fleksibilitet, komfort og unikke oplevelser!","og:url":"https:\/\/oceancamper.com\/da\/campingvogn-eller-hotelophold\/","og:image":"https:\/\/oceancamper.com\/wp-content\/uploads\/2022\/01\/Asset-5.png","og:image:secure_url":"https:\/\/oceancamper.com\/wp-content\/uploads\/2022\/01\/Asset-5.png","og:image:width":662,"og:image:height":291,"article:published_time":"2025-03-25T11:27:38+00:00","article:modified_time":"2026-08-14T16:50:51+00:00","article:publisher":"https:\/\/www.facebook.com\/oceancamper\/","twitter:card":"summary","twitter:site":"@Ocean_Camper","twitter:title":"Campervan eller hotelophold? - Fordele, ulemper og det bedste valg","twitter:description":"Campervan eller hotelophold? Udforsk fordele og ulemper for at hj\u00e6lpe dig med at v\u00e6lge den bedste l\u00f8sning til dit n\u00e6ste eventyr. Nyd fleksibilitet, komfort og unikke oplevelser!","twitter:creator":"@Ocean_Camper","twitter:image":"https:\/\/oceancamper.com\/wp-content\/uploads\/2022\/01\/Asset-5.png"},"aioseo_meta_data":{"post_id":"162183","title":"Ting at lave Faro #separator_sa Hvad skal man lave i Faro? 2025","description":"Ting at lave i Faro. Hvad skal man lave i Faro? Udforsk restauranter, aktiviteter, lokale perler og eventyr for at f\u00e5 en uforglemmelig rejse til det sydlige Portugal!  ","keywords":null,"keyphrases":{"focus":{"keyphrase":"Things to do Faro","score":60,"analysis":{"keyphraseInTitle":{"score":9,"maxScore":9,"error":0},"keyphraseInDescription":{"score":9,"maxScore":9,"error":0},"keyphraseLength":{"score":9,"maxScore":9,"error":0,"length":4},"keyphraseInURL":{"score":5,"maxScore":5,"error":0},"keyphraseInIntroduction":{"score":3,"maxScore":9,"error":1},"keyphraseInSubHeadings":{"score":3,"maxScore":9,"error":1},"keyphraseInImageAlt":{"score":3,"maxScore":9,"error":1},"keywordDensity":{"score":0,"type":"low","maxScore":9,"error":1}}},"additional":[{"keyphrase":"What to do in Faro?","score":60,"analysis":{"keyphraseInDescription":{"score":9,"maxScore":9,"error":0},"keyphraseLength":{"score":6,"maxScore":9,"error":1,"length":5},"keyphraseInIntroduction":{"score":9,"maxScore":9,"error":0},"keyphraseInImageAlt":{"score":3,"maxScore":9,"error":1},"keywordDensity":{"score":0,"type":"low","maxScore":9,"error":1}}}]},"primary_term":null,"canonical_url":null,"og_title":null,"og_description":null,"og_object_type":"default","og_image_type":"default","og_image_url":null,"og_image_width":null,"og_image_height":null,"og_image_custom_url":null,"og_image_custom_fields":null,"og_video":"","og_custom_url":null,"og_article_section":null,"og_article_tags":null,"twitter_use_og":false,"twitter_card":"default","twitter_image_type":"default","twitter_image_url":null,"twitter_image_custom_url":null,"twitter_image_custom_fields":null,"twitter_title":null,"twitter_description":null,"schema":{"blockGraphs":[],"customGraphs":[],"default":{"data":{"Article":{"id":"aioseo-article-6394f6999096b","slug":"article","graphName":"Article","label":"Article","properties":{"type":"BlogPosting","name":"#post_title","headline":"#post_title","description":"#post_excerpt","image":"","keywords":"","author":{"name":"#author_name","url":"#author_url"},"dates":{"include":true,"datePublished":"","dateModified":""}}},"Course":[],"Dataset":[],"FAQPage":[],"Movie":[],"Person":[],"Product":[],"ProductReview":[],"Car":[],"Recipe":[],"Service":[],"SoftwareApplication":[],"WebPage":[]},"graphName":"BlogPosting","isEnabled":true},"graphs":[]},"schema_type":"default","schema_type_options":"{\"article\":{\"articleType\":\"BlogPosting\"},\"course\":{\"name\":\"\",\"description\":\"\",\"provider\":\"\"},\"faq\":{\"pages\":[]},\"product\":{\"reviews\":[]},\"recipe\":{\"ingredients\":[],\"instructions\":[],\"keywords\":[]},\"software\":{\"reviews\":[],\"operatingSystems\":[]},\"webPage\":{\"webPageType\":\"WebPage\"}}","pillar_content":false,"robots_default":true,"robots_noindex":false,"robots_noarchive":false,"robots_nosnippet":false,"robots_nofollow":false,"robots_noimageindex":false,"robots_noodp":false,"robots_notranslate":false,"robots_max_snippet":"-1","robots_max_videopreview":"-1","robots_max_imagepreview":"large","priority":null,"frequency":"default","local_seo":null,"seo_analyzer_scan_date":"2025-12-13 10:38:36","breadcrumb_settings":null,"limit_modified_date":false,"open_ai":"{\"title\":{\"suggestions\":[],\"usage\":0},\"description\":{\"suggestions\":[],\"usage\":0}}","ai":{"faqs":[],"keyPoints":[],"titles":[],"descriptions":[],"socialPosts":{"email":[],"linkedin":[],"twitter":[],"facebook":[],"instagram":[]}},"created":"2025-03-14 10:03:21","updated":"2026-09-01 22:20:06"},"aioseo_breadcrumb":"<div class=\"aioseo-breadcrumbs\"><span class=\"aioseo-breadcrumb\">\n\t\t\t<a href=\"https:\/\/oceancamper.com\/da\/\" title=\"Home\">Home<\/a>\n\t\t<\/span><span class=\"aioseo-breadcrumb-separator\">\u00bb<\/span><span class=\"aioseo-breadcrumb\">\n\t\t\t<a href=\"https:\/\/oceancamper.com\/da\/category\/uncategorized-da\/\" title=\"Uncategorized @da\">Uncategorized @da<\/a>\n\t\t<\/span><span class=\"aioseo-breadcrumb-separator\">\u00bb<\/span><span class=\"aioseo-breadcrumb\">\n\t\t\tHvad skal man lave i Faro?\n\t\t<\/span><\/div>","aioseo_breadcrumb_json":[{"label":"Home","link":"https:\/\/oceancamper.com\/da\/"},{"label":"Uncategorized @da","link":"https:\/\/oceancamper.com\/da\/category\/uncategorized-da\/"},{"label":"Hvad skal man lave i Faro?","link":"https:\/\/oceancamper.com\/da\/ting-at-gore-i-faro\/"}],"_links":{"self":[{"href":"https:\/\/oceancamper.com\/da\/wp-json\/wp\/v2\/posts\/162183","targetHints":{"allow":["GET"]}}],"collection":[{"href":"https:\/\/oceancamper.com\/da\/wp-json\/wp\/v2\/posts"}],"about":[{"href":"https:\/\/oceancamper.com\/da\/wp-json\/wp\/v2\/types\/post"}],"author":[{"embeddable":true,"href":"https:\/\/oceancamper.com\/da\/wp-json\/wp\/v2\/users\/1"}],"replies":[{"embeddable":true,"href":"https:\/\/oceancamper.com\/da\/wp-json\/wp\/v2\/comments?post=162183"}],"version-history":[{"count":12,"href":"https:\/\/oceancamper.com\/da\/wp-json\/wp\/v2\/posts\/162183\/revisions"}],"predecessor-version":[{"id":275283,"href":"https:\/\/oceancamper.com\/da\/wp-json\/wp\/v2\/posts\/162183\/revisions\/275283"}],"wp:featuredmedia":[{"embeddable":true,"href":"https:\/\/oceancamper.com\/da\/wp-json\/wp\/v2\/media\/183895"}],"wp:attachment":[{"href":"https:\/\/oceancamper.com\/da\/wp-json\/wp\/v2\/media?parent=162183"}],"wp:term":[{"taxonomy":"category","embeddable":true,"href":"https:\/\/oceancamper.com\/da\/wp-json\/wp\/v2\/categories?post=162183"},{"taxonomy":"post_tag","embeddable":true,"href":"https:\/\/oceancamper.com\/da\/wp-json\/wp\/v2\/tags?post=162183"}],"curies":[{"name":"wp","href":"https:\/\/api.w.org\/{rel}","templated":true}]}}