{"id":162204,"date":"2020-12-22T19:22:49","date_gmt":"2020-12-22T19:22:49","guid":{"rendered":"https:\/\/oceancamper.com\/portugalske-potraviny\/"},"modified":"2026-09-01T16:49:10","modified_gmt":"2026-09-01T16:49:10","slug":"portugalska-kuchyne","status":"publish","type":"post","link":"https:\/\/oceancamper.com\/cs\/portugalska-kuchyne\/","title":{"rendered":"Portugalsk\u00e1 kuchyn\u011b: Ryby, mo\u0159sk\u00e9 plody, maso a m\u00edstn\u00ed speciality, kter\u00e9 rozhodn\u011b mus\u00edte ochutnat"},"content":{"rendered":"\t\t<div data-elementor-type=\"wp-post\" data-elementor-id=\"162204\" class=\"elementor elementor-162204 elementor-3218\" data-elementor-post-type=\"post\">\n\t\t\t\t\t\t<section class=\"elementor-section elementor-top-section elementor-element elementor-element-8ef4f37 elementor-section-height-min-height elementor-section-stretched elementor-section-content-middle elementor-section-boxed elementor-section-height-default elementor-section-items-middle\" data-id=\"8ef4f37\" data-element_type=\"section\" data-e-type=\"section\" data-settings=\"{&quot;stretch_section&quot;:&quot;section-stretched&quot;,&quot;background_background&quot;:&quot;classic&quot;}\">\n\t\t\t\t\t\t\t<div class=\"elementor-background-overlay\"><\/div>\n\t\t\t\t\t\t\t<div class=\"elementor-container elementor-column-gap-default\">\n\t\t\t\t\t<div class=\"elementor-column elementor-col-100 elementor-top-column elementor-element elementor-element-76e9371\" data-id=\"76e9371\" data-element_type=\"column\" data-e-type=\"column\">\n\t\t\t<div class=\"elementor-widget-wrap elementor-element-populated\">\n\t\t\t\t\t\t<div class=\"elementor-element elementor-element-0225cbf elementor-widget elementor-widget-theme-post-title elementor-page-title elementor-widget-heading\" data-id=\"0225cbf\" data-element_type=\"widget\" data-e-type=\"widget\" data-widget_type=\"theme-post-title.default\">\n\t\t\t\t<div class=\"elementor-widget-container\">\n\t\t\t\t\t<h1 class=\"elementor-heading-title elementor-size-default\">Portugalsk\u00e1 kuchyn\u011b: Ryby, mo\u0159sk\u00e9 plody, maso a m\u00edstn\u00ed speciality, kter\u00e9 rozhodn\u011b mus\u00edte ochutnat<\/h1>\t\t\t\t<\/div>\n\t\t\t\t<\/div>\n\t\t\t\t<section class=\"elementor-section elementor-inner-section elementor-element elementor-element-1da4c4d elementor-section-boxed elementor-section-height-default elementor-section-height-default\" data-id=\"1da4c4d\" data-element_type=\"section\" data-e-type=\"section\">\n\t\t\t\t\t\t<div class=\"elementor-container elementor-column-gap-default\">\n\t\t\t\t\t<div class=\"elementor-column elementor-col-33 elementor-inner-column elementor-element elementor-element-e1a911f\" data-id=\"e1a911f\" data-element_type=\"column\" data-e-type=\"column\">\n\t\t\t<div class=\"elementor-widget-wrap\">\n\t\t\t\t\t\t\t<\/div>\n\t\t<\/div>\n\t\t\t\t<div class=\"elementor-column elementor-col-33 elementor-inner-column elementor-element elementor-element-cdc7de6\" data-id=\"cdc7de6\" data-element_type=\"column\" data-e-type=\"column\">\n\t\t\t<div class=\"elementor-widget-wrap elementor-element-populated\">\n\t\t\t\t\t\t<div class=\"elementor-element elementor-element-4bdc60c elementor-author-box--align-center elementor-author-box--layout-image-above elementor-widget elementor-widget-author-box\" data-id=\"4bdc60c\" data-element_type=\"widget\" data-e-type=\"widget\" data-widget_type=\"author-box.default\">\n\t\t\t\t<div class=\"elementor-widget-container\">\n\t\t\t\t\t\t\t<div class=\"elementor-author-box\">\n\t\t\t\t\t\t\t<div  class=\"elementor-author-box__avatar\">\n\t\t\t\t\t<img decoding=\"async\" src=\"https:\/\/oceancamper.com\/wp-content\/uploads\/2022\/02\/Nina-min-1-300x300.jpg\" alt=\"Picture of Nina\" loading=\"lazy\">\n\t\t\t\t<\/div>\n\t\t\t\n\t\t\t<div class=\"elementor-author-box__text\">\n\t\t\t\t\t\t\t\t\t<div >\n\t\t\t\t\t\t<h4 class=\"elementor-author-box__name\">\n\t\t\t\t\t\t\tNina\t\t\t\t\t\t<\/h4>\n\t\t\t\t\t<\/div>\n\t\t\t\t\n\t\t\t\t\t\t\t\t\t<div class=\"elementor-author-box__bio\">\n\t\t\t\t\t\t<p>Gener\u00e1ln\u00ed \u0159editel spole\u010dnosti Ocean Camper<\/p>\n\t\t\t\t\t<\/div>\n\t\t\t\t\n\t\t\t\t\t\t\t<\/div>\n\t\t<\/div>\n\t\t\t\t\t\t<\/div>\n\t\t\t\t<\/div>\n\t\t\t\t\t<\/div>\n\t\t<\/div>\n\t\t\t\t<div class=\"elementor-column elementor-col-33 elementor-inner-column elementor-element elementor-element-3f91517\" data-id=\"3f91517\" data-element_type=\"column\" data-e-type=\"column\">\n\t\t\t<div class=\"elementor-widget-wrap\">\n\t\t\t\t\t\t\t<\/div>\n\t\t<\/div>\n\t\t\t\t\t<\/div>\n\t\t<\/section>\n\t\t\t\t\t<\/div>\n\t\t<\/div>\n\t\t\t\t\t<\/div>\n\t\t<\/section>\n\t\t\t\t<section class=\"elementor-section elementor-top-section elementor-element elementor-element-974da50 elementor-section-stretched elementor-section-boxed elementor-section-height-default elementor-section-height-default\" data-id=\"974da50\" data-element_type=\"section\" data-e-type=\"section\" data-settings=\"{&quot;stretch_section&quot;:&quot;section-stretched&quot;,&quot;background_background&quot;:&quot;classic&quot;}\">\n\t\t\t\t\t\t<div class=\"elementor-container elementor-column-gap-default\">\n\t\t\t\t\t<div class=\"elementor-column elementor-col-100 elementor-top-column elementor-element elementor-element-42db94f elementor-invisible\" data-id=\"42db94f\" data-element_type=\"column\" data-e-type=\"column\" data-settings=\"{&quot;background_background&quot;:&quot;classic&quot;,&quot;animation&quot;:&quot;fadeIn&quot;}\">\n\t\t\t<div class=\"elementor-widget-wrap elementor-element-populated\">\n\t\t\t\t\t<div class=\"elementor-background-overlay\"><\/div>\n\t\t\t\t\t\t<div class=\"elementor-element elementor-element-32c521c elementor-widget elementor-widget-heading\" data-id=\"32c521c\" data-element_type=\"widget\" data-e-type=\"widget\" data-widget_type=\"heading.default\">\n\t\t\t\t<div class=\"elementor-widget-container\">\n\t\t\t\t\t<h2 class=\"elementor-heading-title elementor-size-default\">Index<\/h2>\t\t\t\t<\/div>\n\t\t\t\t<\/div>\n\t\t\t\t<div class=\"elementor-element elementor-element-39cae09 elementor-widget elementor-widget-text-editor\" data-id=\"39cae09\" data-element_type=\"widget\" data-e-type=\"widget\" data-widget_type=\"text-editor.default\">\n\t\t\t\t<div class=\"elementor-widget-container\">\n\t\t\t\t\t\t\t\t\t<ol><li><h6><span style=\"color: #696969;\"><a style=\"color: #696969;\" href=\"#fish\">M\u00edstn\u00ed ryby \u2013 podstata portugalsk\u00e9 kuchyn\u011b<\/a><\/span><\/h6><\/li><li><h6><span style=\"color: #696969;\"><a style=\"color: #696969;\" href=\"#shellfish\">M\u011bkk\u00fd\u0161i Portugalska<\/a><\/span><\/h6><\/li><li><h6><span style=\"color: #696969;\"><a style=\"color: #696969;\" href=\"#meat\">Typick\u00e9 masov\u00e9 pokrmy<\/a><\/span><\/h6><\/li><li><h6><span style=\"color: #696969;\"><a style=\"color: #696969;\" href=\"#fruits\">M\u00edstn\u00ed ovoce a zelenina<\/a><\/span><\/h6><\/li><li><h6><span style=\"color: #696969;\"><a style=\"color: #696969;\" href=\"#other\">Dal\u0161\u00ed m\u00edstn\u00ed speciality<\/a><\/span><\/h6><\/li><li><h6><span style=\"color: #696969;\"><a style=\"color: #696969;\" href=\"#faq\">\u010casto kladen\u00e9 ot\u00e1zky<\/a><\/span><\/h6><\/li><\/ol>\t\t\t\t\t\t\t\t<\/div>\n\t\t\t\t<\/div>\n\t\t\t\t\t<\/div>\n\t\t<\/div>\n\t\t\t\t\t<\/div>\n\t\t<\/section>\n\t\t\t\t<section class=\"elementor-section elementor-top-section elementor-element elementor-element-3a9d1a5f elementor-section-stretched elementor-section-boxed elementor-section-height-default elementor-section-height-default\" data-id=\"3a9d1a5f\" data-element_type=\"section\" data-e-type=\"section\" id=\"fish\" data-settings=\"{&quot;stretch_section&quot;:&quot;section-stretched&quot;,&quot;background_background&quot;:&quot;classic&quot;}\">\n\t\t\t\t\t\t<div class=\"elementor-container elementor-column-gap-default\">\n\t\t\t\t\t<div class=\"elementor-column elementor-col-100 elementor-top-column elementor-element elementor-element-68f81ff1\" data-id=\"68f81ff1\" data-element_type=\"column\" data-e-type=\"column\">\n\t\t\t<div class=\"elementor-widget-wrap elementor-element-populated\">\n\t\t\t\t\t\t<div class=\"elementor-element elementor-element-0f52b3c elementor-widget elementor-widget-heading\" data-id=\"0f52b3c\" data-element_type=\"widget\" data-e-type=\"widget\" data-widget_type=\"heading.default\">\n\t\t\t\t<div class=\"elementor-widget-container\">\n\t\t\t\t\t<h2 class=\"elementor-heading-title elementor-size-default\">Portugalsk\u00e1 kuchyn\u011b, ryby, mo\u0159sk\u00e9 plody, maso a m\u00edstn\u00ed speciality, kter\u00e9 rozhodn\u011b mus\u00edte ochutnat<\/h2>\t\t\t\t<\/div>\n\t\t\t\t<\/div>\n\t\t\t\t<div class=\"elementor-element elementor-element-1658783d elementor-widget elementor-widget-text-editor\" data-id=\"1658783d\" data-element_type=\"widget\" data-e-type=\"widget\" data-widget_type=\"text-editor.default\">\n\t\t\t\t<div class=\"elementor-widget-container\">\n\t\t\t\t\t\t\t\t\t<p>Portugalsk\u00e1 kuchyn\u011b pat\u0159\u00ed k nejlep\u0161\u00edm z\u00e1\u017eitk\u016fm z cestov\u00e1n\u00ed po t\u00e9to kr\u00e1sn\u00e9 zemi. A\u0165 u\u017e jde o \u010derstv\u00e9 mo\u0159sk\u00e9 plody z Atlantiku, vydatn\u00e1 masov\u00e1 j\u00eddla, sez\u00f3nn\u00ed ovoce nebo m\u00edstn\u00ed speciality \u2013 chut\u011b Portugalska rozmazl\u00ed va\u0161e chu\u0165ov\u00e9 bu\u0148ky. Sestavili jsme pro v\u00e1s tohoto pr\u016fvodce, abyste mohli objevit, co v Portugalsku ochutnat a kde to naj\u00edt, a\u0165 u\u017e si va\u0159\u00edte v Campervanu, nebo j\u00edte v restauraci.  <\/p>\t\t\t\t\t\t\t\t<\/div>\n\t\t\t\t<\/div>\n\t\t\t\t<div class=\"elementor-element elementor-element-1b329d1 elementor-arrows-position-inside elementor-widget elementor-widget-image-carousel\" data-id=\"1b329d1\" data-element_type=\"widget\" data-e-type=\"widget\" data-settings=\"{&quot;slides_to_show&quot;:&quot;1&quot;,&quot;navigation&quot;:&quot;arrows&quot;,&quot;autoplay&quot;:&quot;yes&quot;,&quot;pause_on_hover&quot;:&quot;yes&quot;,&quot;pause_on_interaction&quot;:&quot;yes&quot;,&quot;autoplay_speed&quot;:5000,&quot;infinite&quot;:&quot;yes&quot;,&quot;effect&quot;:&quot;slide&quot;,&quot;speed&quot;:500}\" data-widget_type=\"image-carousel.default\">\n\t\t\t\t<div class=\"elementor-widget-container\">\n\t\t\t\t\t\t\t<div class=\"elementor-image-carousel-wrapper swiper\" role=\"region\" aria-roledescription=\"carousel\" aria-label=\"Image Carousel\" dir=\"ltr\">\n\t\t\t<div class=\"elementor-image-carousel swiper-wrapper\" aria-live=\"off\">\n\t\t\t\t\t\t\t\t<div class=\"swiper-slide\" role=\"group\" aria-roledescription=\"slide\" aria-label=\"1 z 7\"><figure class=\"swiper-slide-inner\"><img decoding=\"async\" class=\"swiper-slide-image\" src=\"https:\/\/oceancamper.com\/wp-content\/uploads\/elementor\/thumbs\/IMG-20250318-WA0016-r31uvcj8nosyx094t6rcn88d9qsdbkvye4j92y07e8.jpg\" alt=\"Portugalsk\u00e1 kuchyn\u011b, grilovan\u00e9 krevety na grilu \u2013 pokrm z mo\u0159sk\u00fdch plod\u016f, kter\u00fd rozhodn\u011b mus\u00edte ochutnat.\" \/><\/figure><\/div><div class=\"swiper-slide\" role=\"group\" aria-roledescription=\"slide\" aria-label=\"2 z 7\"><figure class=\"swiper-slide-inner\"><img decoding=\"async\" class=\"swiper-slide-image\" src=\"https:\/\/oceancamper.com\/wp-content\/uploads\/elementor\/thumbs\/IMG-20250318-WA0019-r31uvmvgqv74gpu44t88wnmfszdeo9103jplczkvhs.jpg\" alt=\"Portugalsk\u00e9 j\u00eddlo, grilovan\u00e1 ryba s pe\u010den\u00fdmi paprikami a citronem \u2013 j\u00eddlo, kter\u00e9 rozhodn\u011b mus\u00edte ochutnat.\" \/><\/figure><\/div><div class=\"swiper-slide\" role=\"group\" aria-roledescription=\"slide\" aria-label=\"3 z 7\"><figure class=\"swiper-slide-inner\"><img decoding=\"async\" class=\"swiper-slide-image\" src=\"https:\/\/oceancamper.com\/wp-content\/uploads\/elementor\/thumbs\/IMG-20250318-WA0022-r31uvw9un7jzotgglxaill91qu32t82bgu8g5r6xrk.jpg\" alt=\"Portugalsk\u00e9 j\u00eddlo, chobotnice (polvo) s bramborami, tradi\u010dn\u00ed pokrm z mo\u0159sk\u00fdch plod\u016f.\" \/><\/figure><\/div><div class=\"swiper-slide\" role=\"group\" aria-roledescription=\"slide\" aria-label=\"4 z 7\"><figure class=\"swiper-slide-inner\"><img decoding=\"async\" class=\"swiper-slide-image\" src=\"https:\/\/oceancamper.com\/wp-content\/uploads\/elementor\/thumbs\/IMG-20250318-WA0021-r31vb57ligfg13b3kikn1qq8nuxfoglk8b80fcl0ts.jpg\" alt=\"Du\u0161en\u00e9 mo\u0159sk\u00e9 plody v m\u011bd\u011bn\u00e9 p\u00e1nvi \u201ecataplana\u201c \u2013 portugalsk\u00e9 j\u00eddlo a tradi\u010dn\u00ed pokrm z Algarve.\" \/><\/figure><\/div><div class=\"swiper-slide\" role=\"group\" aria-roledescription=\"slide\" aria-label=\"5 z 7\"><figure class=\"swiper-slide-inner\"><img decoding=\"async\" class=\"swiper-slide-image\" src=\"https:\/\/oceancamper.com\/wp-content\/uploads\/elementor\/thumbs\/IMG-20250318-WA0023-r31vbelzessb96xg1mmwqoculpn3tfmvllqv84733k.jpg\" alt=\"Lulas, portugalsk\u00e9 grilovan\u00e9 kalam\u00e1ry s paprikou a citronem \u2013 portugalsk\u00e9 j\u00eddlo, kter\u00e9 rozhodn\u011b mus\u00edte ochutnat.\" \/><\/figure><\/div><div class=\"swiper-slide\" role=\"group\" aria-roledescription=\"slide\" aria-label=\"6 z 7\"><figure class=\"swiper-slide-inner\"><img decoding=\"async\" class=\"swiper-slide-image\" src=\"https:\/\/oceancamper.com\/wp-content\/uploads\/elementor\/thumbs\/IMG-20250318-WA0024-r31vqw09zjzchyfsmtkob9p6v7brly3pe8lst78mls.jpg\" alt=\"Caldeirada de peixe, portugalsk\u00fd ryb\u00ed gul\u00e1\u0161 s bramborami a paprikami, tradi\u010dn\u00ed portugalsk\u00e9 j\u00eddlo.\" \/><\/figure><\/div><div class=\"swiper-slide\" role=\"group\" aria-roledescription=\"slide\" aria-label=\"7 z 7\"><figure class=\"swiper-slide-inner\"><img decoding=\"async\" class=\"swiper-slide-image\" src=\"https:\/\/oceancamper.com\/wp-content\/uploads\/elementor\/thumbs\/IMG-20250318-WA0020-r31vr6ci2qdi1o0ryg1kkp39efwsym8r3ns538tapc.jpg\" alt=\"Portugalsk\u00e9 j\u00eddlo, grilovan\u00e9 sardinky (sardinhas) pod\u00e1van\u00e9 s citronem a bylinkami.\" \/><\/figure><\/div>\t\t\t<\/div>\n\t\t\t\t\t\t\t\t\t\t\t\t<div class=\"elementor-swiper-button elementor-swiper-button-prev\" role=\"button\" tabindex=\"0\">\n\t\t\t\t\t\t<i aria-hidden=\"true\" class=\"eicon-chevron-left\"><\/i>\t\t\t\t\t<\/div>\n\t\t\t\t\t<div class=\"elementor-swiper-button elementor-swiper-button-next\" role=\"button\" tabindex=\"0\">\n\t\t\t\t\t\t<i aria-hidden=\"true\" class=\"eicon-chevron-right\"><\/i>\t\t\t\t\t<\/div>\n\t\t\t\t\n\t\t\t\t\t\t\t\t\t<\/div>\n\t\t\t\t\t\t<\/div>\n\t\t\t\t<\/div>\n\t\t\t\t<div class=\"elementor-element elementor-element-fc47e49 elementor-widget elementor-widget-heading\" data-id=\"fc47e49\" data-element_type=\"widget\" data-e-type=\"widget\" data-widget_type=\"heading.default\">\n\t\t\t\t<div class=\"elementor-widget-container\">\n\t\t\t\t\t<h2 class=\"elementor-heading-title elementor-size-default\">M\u00edstn\u00ed ryby \u2013 podstata portugalsk\u00e9 kuchyn\u011b<\/h2>\t\t\t\t<\/div>\n\t\t\t\t<\/div>\n\t\t\t\t<div class=\"elementor-element elementor-element-585784b elementor-widget elementor-widget-text-editor\" data-id=\"585784b\" data-element_type=\"widget\" data-e-type=\"widget\" data-widget_type=\"text-editor.default\">\n\t\t\t\t<div class=\"elementor-widget-container\">\n\t\t\t\t\t\t\t\t\t<p>Portugalsk\u00e1 kuchyn\u011b je neodmysliteln\u011b spjata s mo\u0159em. Grilovan\u00e9 ryby jsou \u010dasto ozdobou ka\u017ed\u00e9ho j\u00eddla. Zde jsou n\u011bkter\u00e9 z na\u0161ich obl\u00edben\u00fdch:  <\/p><ul><li><strong>Sardinky (Sardinhas):<\/strong> Sardinky: typick\u00e9 letn\u00ed portugalsk\u00e9 j\u00eddlo. Griluj\u00ed se vcelku a pod\u00e1vaj\u00ed se s chlebem nebo bramborami. <\/li><li><strong>mo\u0159sk\u00fd vlk (Dourada) a mo\u0159sk\u00fd vlk (Robalo):<\/strong> Oba druhy se \u010dasto p\u0159ipravuj\u00ed na grilu. Jednoduch\u00e1 p\u0159\u00edprava umo\u017e\u0148uje vyniknout jejich jemn\u00e9 chuti. <\/li><li><strong>Chobotnice (Lulas):<\/strong> V nab\u00eddce jsou bu\u010f grilovan\u00e9, nebo sma\u017een\u00e9.<\/li><li><strong>Krevety (Camar\u00e3o):<\/strong> Obvykle grilovan\u00e9 nebo sma\u017een\u00e9.<\/li><li><strong>Chobotnice (Polvo):<\/strong> V Portugalsku velmi obl\u00edben\u00e9 j\u00eddlo. Ochutnejte Polvo \u00e0 Lagareiro, pe\u010denou chobotnici s olivov\u00fdm olejem a \u010desnekem. <\/li><li><strong>Cataplana a ryb\u00ed gul\u00e1\u0161 (Caldeirada de Peixe):<\/strong> Pomalu va\u0159en\u00e1 j\u00eddla z mo\u0159sk\u00fdch plod\u016f pln\u00e1 intenzivn\u00edch chut\u00ed.<\/li><\/ul><p>\u010cerstv\u00e9 ryby se \u010dasto pod\u00e1vaj\u00ed s \u010desnekem, koriandrem a olivov\u00fdm olejem. Pokud v\u00e1m n\u011bkter\u00e1 z t\u011bchto ingredienc\u00ed nechutn\u00e1, po\u017e\u00e1dejte obsluhu, aby ji vynechala nebo pod\u00e1vala odd\u011blen\u011b. <\/p>\t\t\t\t\t\t\t\t<\/div>\n\t\t\t\t<\/div>\n\t\t\t\t\t<\/div>\n\t\t<\/div>\n\t\t\t\t\t<\/div>\n\t\t<\/section>\n\t\t\t\t<section class=\"elementor-section elementor-top-section elementor-element elementor-element-5892d0d7 elementor-section-stretched elementor-section-boxed elementor-section-height-default elementor-section-height-default\" data-id=\"5892d0d7\" data-element_type=\"section\" data-e-type=\"section\" id=\"shellfish\" data-settings=\"{&quot;stretch_section&quot;:&quot;section-stretched&quot;,&quot;background_background&quot;:&quot;classic&quot;}\">\n\t\t\t\t\t\t<div class=\"elementor-container elementor-column-gap-default\">\n\t\t\t\t\t<div class=\"elementor-column elementor-col-100 elementor-top-column elementor-element elementor-element-60bb4669\" data-id=\"60bb4669\" data-element_type=\"column\" data-e-type=\"column\">\n\t\t\t<div class=\"elementor-widget-wrap elementor-element-populated\">\n\t\t\t\t\t\t<div class=\"elementor-element elementor-element-95aa85f elementor-arrows-position-inside elementor-widget elementor-widget-image-carousel\" data-id=\"95aa85f\" data-element_type=\"widget\" data-e-type=\"widget\" data-settings=\"{&quot;slides_to_show&quot;:&quot;1&quot;,&quot;navigation&quot;:&quot;arrows&quot;,&quot;autoplay&quot;:&quot;yes&quot;,&quot;pause_on_hover&quot;:&quot;yes&quot;,&quot;pause_on_interaction&quot;:&quot;yes&quot;,&quot;autoplay_speed&quot;:5000,&quot;infinite&quot;:&quot;yes&quot;,&quot;effect&quot;:&quot;slide&quot;,&quot;speed&quot;:500}\" data-widget_type=\"image-carousel.default\">\n\t\t\t\t<div class=\"elementor-widget-container\">\n\t\t\t\t\t\t\t<div class=\"elementor-image-carousel-wrapper swiper\" role=\"region\" aria-roledescription=\"carousel\" aria-label=\"Image Carousel\" dir=\"ltr\">\n\t\t\t<div class=\"elementor-image-carousel swiper-wrapper\" aria-live=\"off\">\n\t\t\t\t\t\t\t\t<div class=\"swiper-slide\" role=\"group\" aria-roledescription=\"slide\" aria-label=\"1 z 3\"><figure class=\"swiper-slide-inner\"><img decoding=\"async\" class=\"swiper-slide-image\" src=\"https:\/\/oceancamper.com\/wp-content\/uploads\/elementor\/thumbs\/conquilhas-rent-a-tent-q88kv0o0odh5v5sx65txgpy0rm4d8fy8qcfmzxxgmo.jpg\" alt=\"Conquilhas (kl\u00ednovit\u00e9 mu\u0161le) du\u0161en\u00e9 v om\u00e1\u010dce z \u010desneku a v\u00edna \u2013 portugalsk\u00e9 j\u00eddlo a delikatesa z mo\u0159sk\u00fdch plod\u016f.\" \/><\/figure><\/div><div class=\"swiper-slide\" role=\"group\" aria-roledescription=\"slide\" aria-label=\"2 z 3\"><figure class=\"swiper-slide-inner\"><img decoding=\"async\" class=\"swiper-slide-image\" src=\"https:\/\/oceancamper.com\/wp-content\/uploads\/elementor\/thumbs\/lingueirao-rent-a-tent-q88kv2jp21jqidq6v6n6lpgxydv3nu5pelqlyhuoa8.jpg\" alt=\"Lingueir\u00e3o (no\u017eovit\u00e9 mu\u0161le) du\u0161en\u00e9 na \u010desneku a v\u00edn\u011b \u2013 portugalsk\u00e9 j\u00eddlo z mo\u0159sk\u00fdch plod\u016f z Algarve.\" \/><\/figure><\/div><div class=\"swiper-slide\" role=\"group\" aria-roledescription=\"slide\" aria-label=\"3 z 3\"><figure class=\"swiper-slide-inner\"><img decoding=\"async\" class=\"swiper-slide-image\" src=\"https:\/\/oceancamper.com\/wp-content\/uploads\/elementor\/thumbs\/Ostra-rent-a-tent-in-portugal-low-cost-1024x576-1-q88kv3hj8vl0tzotpp1t678ejrqgvj9fqqe3frta40.jpg\" alt=\"Ostras (\u00fast\u0159ice) v polovin\u011b lastury s citronem, portugalsk\u00e1 delikatesa z mo\u0159sk\u00fdch plod\u016f.\" \/><\/figure><\/div>\t\t\t<\/div>\n\t\t\t\t\t\t\t\t\t\t\t\t<div class=\"elementor-swiper-button elementor-swiper-button-prev\" role=\"button\" tabindex=\"0\">\n\t\t\t\t\t\t<i aria-hidden=\"true\" class=\"eicon-chevron-left\"><\/i>\t\t\t\t\t<\/div>\n\t\t\t\t\t<div class=\"elementor-swiper-button elementor-swiper-button-next\" role=\"button\" tabindex=\"0\">\n\t\t\t\t\t\t<i aria-hidden=\"true\" class=\"eicon-chevron-right\"><\/i>\t\t\t\t\t<\/div>\n\t\t\t\t\n\t\t\t\t\t\t\t\t\t<\/div>\n\t\t\t\t\t\t<\/div>\n\t\t\t\t<\/div>\n\t\t\t\t<div class=\"elementor-element elementor-element-47c428 elementor-widget elementor-widget-heading\" data-id=\"47c428\" data-element_type=\"widget\" data-e-type=\"widget\" data-widget_type=\"heading.default\">\n\t\t\t\t<div class=\"elementor-widget-container\">\n\t\t\t\t\t<h2 class=\"elementor-heading-title elementor-size-default\">M\u011bkk\u00fd\u0161i Portugalska<\/h2>\t\t\t\t<\/div>\n\t\t\t\t<\/div>\n\t\t\t\t<div class=\"elementor-element elementor-element-78ceb404 elementor-widget elementor-widget-text-editor\" data-id=\"78ceb404\" data-element_type=\"widget\" data-e-type=\"widget\" data-widget_type=\"text-editor.default\">\n\t\t\t\t<div class=\"elementor-widget-container\">\n\t\t\t\t\t\t\t\t\t<p>Portugalsk\u00e9 pob\u0159e\u017e\u00ed tak\u00e9 nab\u00edz\u00ed bohatou \u00farodu m\u011bkk\u00fd\u0161\u016f. V\u011bt\u0161ina z nich se pod\u00e1v\u00e1 jako p\u0159edkrm v pikantn\u00ed om\u00e1\u010dce z b\u00edl\u00e9ho v\u00edna, \u010desneku, olivov\u00e9ho oleje a koriandru, kter\u00e1 se skv\u011ble hod\u00ed k nam\u00e1\u010den\u00ed chleba. M\u011bkk\u00fd\u0161i se tak\u00e9 pou\u017e\u00edvaj\u00ed v r\u00fd\u017eov\u00fdch pokrmech, v cataplan\u00e1ch a v du\u0161en\u00fdch pokrmech.  <\/p><ul><li><strong>Am\u00eaijoa (<a href=\"https:\/\/en.wikipedia.org\/wiki\/Clam\" target=\"_blank\" rel=\"noopener\">mu\u0161le<\/a>)<\/strong> \u2013 klasick\u00e1 obl\u00edben\u00e1 pochoutka.<\/li><li><strong>Lingueir\u00e3o (<a href=\"https:\/\/en.wikipedia.org\/wiki\/Razor_clam\" target=\"_blank\" rel=\"noopener\">no\u017eovky<\/a>)<\/strong>, lahodn\u00e9 a jemn\u00e9.<\/li><li><strong>Conquilhas (<a href=\"https:\/\/en.wikipedia.org\/wiki\/Donax_trunculus\" target=\"_blank\" rel=\"noopener\">kl\u00ednovit\u00e9 mu\u0161le<\/a>)<\/strong> \u2013 mal\u00e9, ale chutn\u00e9.<\/li><li><strong>Berbig\u00e3o (<a href=\"https:\/\/en.wikipedia.org\/wiki\/Cockle_(bivalve)\" target=\"_blank\" rel=\"noopener\">sl\u00e1vky<\/a>)<\/strong>, obvykle nejlevn\u011bj\u0161\u00ed druh mu\u0161l\u00ed.<\/li><li><strong>Ostry (<a href=\"https:\/\/en.wikipedia.org\/wiki\/Oyster\" target=\"_blank\" rel=\"noopener\">\u00fast\u0159ice):<\/a><\/strong> \u00dast\u0159ice: nejl\u00e9pe syrov\u00e9 nebo otev\u0159en\u00e9 na grilu s vyma\u010dkan\u00fdm citronem.<\/li><\/ul>\t\t\t\t\t\t\t\t<\/div>\n\t\t\t\t<\/div>\n\t\t\t\t\t<\/div>\n\t\t<\/div>\n\t\t\t\t\t<\/div>\n\t\t<\/section>\n\t\t\t\t<section class=\"elementor-section elementor-top-section elementor-element elementor-element-6a3ceac3 elementor-section-stretched elementor-section-boxed elementor-section-height-default elementor-section-height-default\" data-id=\"6a3ceac3\" data-element_type=\"section\" data-e-type=\"section\" id=\"meat\" data-settings=\"{&quot;stretch_section&quot;:&quot;section-stretched&quot;,&quot;background_background&quot;:&quot;classic&quot;}\">\n\t\t\t\t\t\t<div class=\"elementor-container elementor-column-gap-default\">\n\t\t\t\t\t<div class=\"elementor-column elementor-col-100 elementor-top-column elementor-element elementor-element-1aafa65\" data-id=\"1aafa65\" data-element_type=\"column\" data-e-type=\"column\">\n\t\t\t<div class=\"elementor-widget-wrap elementor-element-populated\">\n\t\t\t\t\t\t<div class=\"elementor-element elementor-element-d7553ca elementor-arrows-position-inside elementor-widget elementor-widget-image-carousel\" data-id=\"d7553ca\" data-element_type=\"widget\" data-e-type=\"widget\" data-settings=\"{&quot;slides_to_show&quot;:&quot;1&quot;,&quot;navigation&quot;:&quot;arrows&quot;,&quot;autoplay&quot;:&quot;yes&quot;,&quot;pause_on_hover&quot;:&quot;yes&quot;,&quot;pause_on_interaction&quot;:&quot;yes&quot;,&quot;autoplay_speed&quot;:5000,&quot;infinite&quot;:&quot;yes&quot;,&quot;effect&quot;:&quot;slide&quot;,&quot;speed&quot;:500}\" data-widget_type=\"image-carousel.default\">\n\t\t\t\t<div class=\"elementor-widget-container\">\n\t\t\t\t\t\t\t<div class=\"elementor-image-carousel-wrapper swiper\" role=\"region\" aria-roledescription=\"carousel\" aria-label=\"Image Carousel\" dir=\"ltr\">\n\t\t\t<div class=\"elementor-image-carousel swiper-wrapper\" aria-live=\"off\">\n\t\t\t\t\t\t\t\t<div class=\"swiper-slide\" role=\"group\" aria-roledescription=\"slide\" aria-label=\"1 z 3\"><figure class=\"swiper-slide-inner\"><img decoding=\"async\" class=\"swiper-slide-image\" src=\"https:\/\/oceancamper.com\/wp-content\/uploads\/elementor\/thumbs\/chourico-assado-rent-a-campervan-in-portugal-q88kv5d7mjnlh7m3epv2b6rbqjh7axgwezp2ebqhrk.jpg\" alt=\"Chouri\u00e7o assado, portugalsk\u00e1 pe\u010den\u00e1 klob\u00e1sa p\u0159ipravovan\u00e1 nad ohn\u011bm, klasick\u00e1 portugalsk\u00e1 p\u0159edkrmov\u00e1 pochoutka.\" \/><\/figure><\/div><div class=\"swiper-slide\" role=\"group\" aria-roledescription=\"slide\" aria-label=\"2 z 3\"><figure class=\"swiper-slide-inner\"><img decoding=\"async\" class=\"swiper-slide-image\" src=\"https:\/\/oceancamper.com\/wp-content\/uploads\/elementor\/thumbs\/portuguesa-rent-a-CAMPERVAN-IN-FARO-q88kv5d7mjnlh7m3epv2b6rbqjh7axgwezp2ebqhrk.jpg\" alt=\"Carne \u00e0 Portuguesa, tradi\u010dn\u00ed portugalsk\u00e9 j\u00eddlo z vep\u0159ov\u00e9ho masa a brambor, pod\u00e1van\u00e9 s nakl\u00e1danou zeleninou a olivami.\" \/><\/figure><\/div><div class=\"swiper-slide\" role=\"group\" aria-roledescription=\"slide\" aria-label=\"3 z 3\"><figure class=\"swiper-slide-inner\"><img decoding=\"async\" class=\"swiper-slide-image\" src=\"https:\/\/oceancamper.com\/wp-content\/uploads\/elementor\/thumbs\/rent-a-van-port-vine-q88kv6b1tdovstkq989ovoisbxckimkmr4cjvlp3lc.jpg\" alt=\"Portugalsk\u00e9 j\u00eddlo \u2013 jemn\u00e9 maso v om\u00e1\u010dce z portsk\u00e9ho v\u00edna pod\u00e1van\u00e9 se zeleninou.\" \/><\/figure><\/div>\t\t\t<\/div>\n\t\t\t\t\t\t\t\t\t\t\t\t<div class=\"elementor-swiper-button elementor-swiper-button-prev\" role=\"button\" tabindex=\"0\">\n\t\t\t\t\t\t<i aria-hidden=\"true\" class=\"eicon-chevron-left\"><\/i>\t\t\t\t\t<\/div>\n\t\t\t\t\t<div class=\"elementor-swiper-button elementor-swiper-button-next\" role=\"button\" tabindex=\"0\">\n\t\t\t\t\t\t<i aria-hidden=\"true\" class=\"eicon-chevron-right\"><\/i>\t\t\t\t\t<\/div>\n\t\t\t\t\n\t\t\t\t\t\t\t\t\t<\/div>\n\t\t\t\t\t\t<\/div>\n\t\t\t\t<\/div>\n\t\t\t\t<div class=\"elementor-element elementor-element-3a52406f elementor-widget elementor-widget-heading\" data-id=\"3a52406f\" data-element_type=\"widget\" data-e-type=\"widget\" data-widget_type=\"heading.default\">\n\t\t\t\t<div class=\"elementor-widget-container\">\n\t\t\t\t\t<h2 class=\"elementor-heading-title elementor-size-default\">Typick\u00e9 masov\u00e9 pokrmy<\/h2>\t\t\t\t<\/div>\n\t\t\t\t<\/div>\n\t\t\t\t<div class=\"elementor-element elementor-element-1bef99b2 elementor-widget elementor-widget-text-editor\" data-id=\"1bef99b2\" data-element_type=\"widget\" data-e-type=\"widget\" data-widget_type=\"text-editor.default\">\n\t\t\t\t<div class=\"elementor-widget-container\">\n\t\t\t\t\t\t\t\t\t<p data-start=\"2835\" data-end=\"3049\">A\u010dkoli jsou mo\u0159sk\u00e9 plody hlavn\u00ed atrakc\u00ed, Portugalsko nab\u00edz\u00ed tak\u00e9 spoustu pokrm\u016f pro milovn\u00edky masa. Tradi\u010dn\u00ed recepty \u010dasto obsahuj\u00ed vep\u0159ov\u00e9 maso, \u010desnek a v\u00edno. Zde je n\u011bkolik j\u00eddel, na kter\u00e1 si dejte pozor:  <\/p><ul><li data-start=\"3053\" data-end=\"3178\"><strong data-start=\"3053\" data-end=\"3073\">Chouri\u00e7o Assado:<\/strong> Portugalsk\u00e1 pe\u010den\u00e1 klob\u00e1sa pod\u00e1van\u00e1 jako p\u0159edkrm s k\u0159upav\u00fdm chlebem.<\/li><li data-start=\"3181\" data-end=\"3332\"><strong data-start=\"3181\" data-end=\"3204\">Carne \u00e0 Alentejana:<\/strong> Kostky vep\u0159ov\u00e9ho masa va\u0159en\u00e9 v om\u00e1\u010dce z b\u00edl\u00e9ho v\u00edna a \u010desneku, zdoben\u00e9 nakl\u00e1dan\u00fdmi okurkami a mu\u0161lemi.<\/li><li data-start=\"3335\" data-end=\"3450\"><strong data-start=\"3335\" data-end=\"3358\">Carne \u00e0 Portuguesa:<\/strong> Podobn\u00e1 verze jako v Alentejan\u011b, ale bez mu\u0161l\u00ed.<\/li><li data-start=\"3453\" data-end=\"3586\"><strong data-start=\"3453\" data-end=\"3481\">Maso v om\u00e1\u010dce z portsk\u00e9ho v\u00edna:<\/strong> Tradi\u010dn\u00ed zp\u016fsob p\u0159\u00edpravy, p\u0159i kter\u00e9m se maso pomalu dus\u00ed v portsk\u00e9m v\u00edn\u011b.<\/li><li data-start=\"3589\" data-end=\"3755\"><strong data-start=\"3589\" data-end=\"3618\">Grilovan\u00e9 ku\u0159e a maso:<\/strong> V mnoha restaurac\u00edch <strong data-start=\"3589\" data-end=\"3618\">najdete<\/strong> jednoduch\u00e9 grilovan\u00e9 ku\u0159e nebo maso v\u00fdjime\u010dn\u00e9 kvality.<\/li><\/ul>\t\t\t\t\t\t\t\t<\/div>\n\t\t\t\t<\/div>\n\t\t\t\t\t<\/div>\n\t\t<\/div>\n\t\t\t\t\t<\/div>\n\t\t<\/section>\n\t\t\t\t<section class=\"elementor-section elementor-top-section elementor-element elementor-element-15e8caed elementor-section-stretched elementor-section-boxed elementor-section-height-default elementor-section-height-default\" data-id=\"15e8caed\" data-element_type=\"section\" data-e-type=\"section\" id=\"fruits\" data-settings=\"{&quot;stretch_section&quot;:&quot;section-stretched&quot;,&quot;background_background&quot;:&quot;classic&quot;}\">\n\t\t\t\t\t\t<div class=\"elementor-container elementor-column-gap-default\">\n\t\t\t\t\t<div class=\"elementor-column elementor-col-100 elementor-top-column elementor-element elementor-element-7f88a424\" data-id=\"7f88a424\" data-element_type=\"column\" data-e-type=\"column\">\n\t\t\t<div class=\"elementor-widget-wrap elementor-element-populated\">\n\t\t\t\t\t\t<div class=\"elementor-element elementor-element-32d6887 elementor-arrows-position-inside elementor-widget elementor-widget-image-carousel\" data-id=\"32d6887\" data-element_type=\"widget\" data-e-type=\"widget\" data-settings=\"{&quot;slides_to_show&quot;:&quot;1&quot;,&quot;navigation&quot;:&quot;arrows&quot;,&quot;autoplay&quot;:&quot;yes&quot;,&quot;pause_on_hover&quot;:&quot;yes&quot;,&quot;pause_on_interaction&quot;:&quot;yes&quot;,&quot;autoplay_speed&quot;:5000,&quot;infinite&quot;:&quot;yes&quot;,&quot;effect&quot;:&quot;slide&quot;,&quot;speed&quot;:500}\" data-widget_type=\"image-carousel.default\">\n\t\t\t\t<div class=\"elementor-widget-container\">\n\t\t\t\t\t\t\t<div class=\"elementor-image-carousel-wrapper swiper\" role=\"region\" aria-roledescription=\"carousel\" aria-label=\"Image Carousel\" dir=\"ltr\">\n\t\t\t<div class=\"elementor-image-carousel swiper-wrapper\" aria-live=\"off\">\n\t\t\t\t\t\t\t\t<div class=\"swiper-slide\" role=\"group\" aria-roledescription=\"slide\" aria-label=\"1 z 3\"><figure class=\"swiper-slide-inner\"><img decoding=\"async\" class=\"swiper-slide-image\" src=\"https:\/\/oceancamper.com\/wp-content\/uploads\/elementor\/thumbs\/mangas-rent-a-van-q88kv94kdvsqrngmsrhkl5t642yo5pvtrib0bfkx2o.png\" alt=\"\u010cerstv\u00e9 mango na portugalsk\u00e9m trhu v Algarve, pestr\u00e1 m\u00edstn\u00ed produkce.\" \/><\/figure><\/div><div class=\"swiper-slide\" role=\"group\" aria-roledescription=\"slide\" aria-label=\"2 z 3\"><figure class=\"swiper-slide-inner\"><img decoding=\"async\" class=\"swiper-slide-image\" src=\"https:\/\/oceancamper.com\/wp-content\/uploads\/elementor\/thumbs\/mercadinho-rent-a-campervan-in-Faro-q88kvby2ydwlqhcjcapgan3jw8krst70rw9gr9gqk0.jpg\" alt=\"\u010cerstv\u00e1 zelenina na portugalsk\u00e9m trhu v Algarve, pestr\u00e9 m\u00edstn\u00ed plody.\" \/><\/figure><\/div><div class=\"swiper-slide\" role=\"group\" aria-roledescription=\"slide\" aria-label=\"3 z 3\"><figure class=\"swiper-slide-inner\"><img decoding=\"async\" class=\"swiper-slide-image\" src=\"https:\/\/oceancamper.com\/wp-content\/uploads\/elementor\/thumbs\/mercadinho-rent-a-tent-q88kvdtrc1z6dp9t1bipfmmh30bi87ehg5kfptdy7k.jpg\" alt=\"\u010cerstv\u00e1 zelenina a ovoce v portugalsk\u00e9m mercadinho v Algarve.\" \/><\/figure><\/div>\t\t\t<\/div>\n\t\t\t\t\t\t\t\t\t\t\t\t<div class=\"elementor-swiper-button elementor-swiper-button-prev\" role=\"button\" tabindex=\"0\">\n\t\t\t\t\t\t<i aria-hidden=\"true\" class=\"eicon-chevron-left\"><\/i>\t\t\t\t\t<\/div>\n\t\t\t\t\t<div class=\"elementor-swiper-button elementor-swiper-button-next\" role=\"button\" tabindex=\"0\">\n\t\t\t\t\t\t<i aria-hidden=\"true\" class=\"eicon-chevron-right\"><\/i>\t\t\t\t\t<\/div>\n\t\t\t\t\n\t\t\t\t\t\t\t\t\t<\/div>\n\t\t\t\t\t\t<\/div>\n\t\t\t\t<\/div>\n\t\t\t\t<div class=\"elementor-element elementor-element-5a4c81d7 elementor-widget elementor-widget-heading\" data-id=\"5a4c81d7\" data-element_type=\"widget\" data-e-type=\"widget\" data-widget_type=\"heading.default\">\n\t\t\t\t<div class=\"elementor-widget-container\">\n\t\t\t\t\t<h2 class=\"elementor-heading-title elementor-size-default\">M\u00edstn\u00ed ovoce a zelenina<\/h2>\t\t\t\t<\/div>\n\t\t\t\t<\/div>\n\t\t\t\t<div class=\"elementor-element elementor-element-419898c elementor-widget elementor-widget-text-editor\" data-id=\"419898c\" data-element_type=\"widget\" data-e-type=\"widget\" data-widget_type=\"text-editor.default\">\n\t\t\t\t<div class=\"elementor-widget-container\">\n\t\t\t\t\t\t\t\t\t<p data-start=\"3789\" data-end=\"4033\">D\u00edky m\u00edrn\u00e9mu podneb\u00ed Portugalska si m\u016f\u017eete \u010derstv\u00e9 ovoce a zeleninu vychutn\u00e1vat po cel\u00fd rok. V\u011bt\u0161ina m\u00edstn\u00edch produkt\u016f je sez\u00f3nn\u00ed a prod\u00e1v\u00e1 se zral\u00e1 na t\u00fddenn\u00edch trz\u00edch nebo v <strong data-start=\"3946\" data-end=\"3967\">Mercado Municipal<\/strong>. Tady je p\u00e1r tip\u016f, na co se zam\u011b\u0159it:  <\/p><ul><li data-start=\"4037\" data-end=\"4105\"><strong data-start=\"4037\" data-end=\"4049\">Avok\u00e1do:<\/strong> Podzim a zima.<\/li><li data-start=\"4108\" data-end=\"4191\"><strong data-start=\"4108\" data-end=\"4126\">Citrusov\u00e9 plody:<\/strong> Pomeran\u010de, citrony a dal\u0161\u00ed.<\/li><li data-start=\"4194\" data-end=\"4269\"><strong data-start=\"4194\" data-end=\"4213\">Mango a pap\u00e1ja:<\/strong> V l\u00e9t\u011b a na podzim.<\/li><li data-start=\"4272\" data-end=\"4340\"><strong data-start=\"4272\" data-end=\"4284\">Broskve:<\/strong> Letn\u00ed a podzimn\u00ed.<\/li><li data-start=\"4343\" data-end=\"4407\"><strong data-start=\"4343\" data-end=\"4360\">Gran\u00e1tov\u00e1 jablka:<\/strong> Podzim.<\/li><li data-start=\"4410\" data-end=\"4511\"><strong data-start=\"4410\" data-end=\"4459\">Jablko Custard, Mu\u010denka (Maracuj\u00e1), F\u00edky:<\/strong> F\u00edky: pozdn\u00ed l\u00e9to.<\/li><li data-start=\"4514\" data-end=\"4659\"><strong data-start=\"4514\" data-end=\"4570\">Ban\u00e1ny z Madeiry a ananasy z Azor:<\/strong> Sladk\u00e9 tropick\u00e9 ovoce p\u011bstovan\u00e9 na portugalsk\u00fdch ostrovech.<\/li><li data-start=\"4662\" data-end=\"4757\"><strong data-start=\"4662\" data-end=\"4684\">B\u011b\u017en\u00e1 zelenina:<\/strong> \u010cerstv\u00e1, m\u00edstn\u00ed a pln\u00e1 chuti.<\/li><\/ul><p data-start=\"4759\" data-end=\"4860\">Kdy\u017e nav\u0161t\u00edv\u00edte m\u00edstn\u00ed trh, zeptejte se prodava\u010d\u016f na nejlep\u0161\u00ed sez\u00f3nn\u00ed produkty a vyzkou\u0161ejte n\u011bco nov\u00e9ho.<\/p>\t\t\t\t\t\t\t\t<\/div>\n\t\t\t\t<\/div>\n\t\t\t\t\t<\/div>\n\t\t<\/div>\n\t\t\t\t\t<\/div>\n\t\t<\/section>\n\t\t\t\t<section class=\"elementor-section elementor-top-section elementor-element elementor-element-567d3fac elementor-section-stretched elementor-section-boxed elementor-section-height-default elementor-section-height-default\" data-id=\"567d3fac\" data-element_type=\"section\" data-e-type=\"section\" id=\"other\" data-settings=\"{&quot;stretch_section&quot;:&quot;section-stretched&quot;,&quot;background_background&quot;:&quot;classic&quot;}\">\n\t\t\t\t\t\t<div class=\"elementor-container elementor-column-gap-default\">\n\t\t\t\t\t<div class=\"elementor-column elementor-col-100 elementor-top-column elementor-element elementor-element-13d1d9a4\" data-id=\"13d1d9a4\" data-element_type=\"column\" data-e-type=\"column\">\n\t\t\t<div class=\"elementor-widget-wrap elementor-element-populated\">\n\t\t\t\t\t\t<div class=\"elementor-element elementor-element-80c07a1 elementor-widget elementor-widget-heading\" data-id=\"80c07a1\" data-element_type=\"widget\" data-e-type=\"widget\" data-widget_type=\"heading.default\">\n\t\t\t\t<div class=\"elementor-widget-container\">\n\t\t\t\t\t<h2 class=\"elementor-heading-title elementor-size-default\">Dal\u0161\u00ed m\u00edstn\u00ed speciality<\/h2>\t\t\t\t<\/div>\n\t\t\t\t<\/div>\n\t\t\t\t<div class=\"elementor-element elementor-element-23ed233d elementor-widget elementor-widget-text-editor\" data-id=\"23ed233d\" data-element_type=\"widget\" data-e-type=\"widget\" data-widget_type=\"text-editor.default\">\n\t\t\t\t<div class=\"elementor-widget-container\">\n\t\t\t\t\t\t\t\t\t<p data-start=\"4891\" data-end=\"4989\">\u017d\u00e1dn\u00fd portugalsk\u00fd pr\u016fvodce j\u00eddlem by nebyl \u00fapln\u00fd, kdyby nezm\u00ednil v\u00edno <strong data-start=\"4962\" data-end=\"4970\">a olivov\u00fd<\/strong> <strong data-start=\"4975\" data-end=\"4988\">olej.<\/strong><\/p><ul><li data-start=\"4993\" data-end=\"5286\"><strong data-start=\"4993\" data-end=\"5002\">V\u00edno:<\/strong> S portugalsk\u00fdm v\u00ednem se m\u00e1lokdy \u0161l\u00e1pne vedle. Levn\u011bj\u0161\u00ed l\u00e1hve mohou b\u00fdt dokonce stejn\u011b dobr\u00e9 jako ty dra\u017e\u0161\u00ed. Pokud si nejste jisti, vyberte si l\u00e1hev z regionu Alentejo \u2013 mlad\u0161\u00ed v\u00edna jsou \u010dasto ta nejlep\u0161\u00ed.  <\/li><li data-start=\"5289\" data-end=\"5728\"><strong data-start=\"5289\" data-end=\"5303\">Olivov\u00fd olej:<\/strong> P\u0159i v\u00fdb\u011bru olivov\u00e9ho oleje hledejte ozna\u010den\u00ed <strong data-start=\"5338\" data-end=\"5354\">\u201eextra panensk\u00fd\u201c<\/strong>, kter\u00fd se vyr\u00e1b\u00ed prvn\u00edm lisov\u00e1n\u00edm oliv za studena. <strong data-start=\"5454\" data-end=\"5474\">Panensk\u00fd olivov\u00fd olej<\/strong> poch\u00e1z\u00ed z druh\u00e9ho lisov\u00e1n\u00ed, zat\u00edmco oby\u010dejn\u00fd <strong data-start=\"5558\" data-end=\"5571\">olivov\u00fd olej<\/strong> je v\u00fdsledkem t\u0159et\u00edho lisov\u00e1n\u00ed. Kvalitn\u00ed olej m\u00e1 kyselost 0,80 % nebo m\u00e9n\u011b. <\/li><\/ul>\t\t\t\t\t\t\t\t<\/div>\n\t\t\t\t<\/div>\n\t\t\t\t<div class=\"elementor-element elementor-element-f9a2b31 elementor-widget elementor-widget-heading\" data-id=\"f9a2b31\" data-element_type=\"widget\" data-e-type=\"widget\" id=\"faq\" data-widget_type=\"heading.default\">\n\t\t\t\t<div class=\"elementor-widget-container\">\n\t\t\t\t\t<h2 class=\"elementor-heading-title elementor-size-default\">\u010casto kladen\u00e9 ot\u00e1zky<\/h2>\t\t\t\t<\/div>\n\t\t\t\t<\/div>\n\t\t\t\t<div class=\"elementor-element elementor-element-c7d41a8 elementor-widget elementor-widget-text-editor\" data-id=\"c7d41a8\" data-element_type=\"widget\" data-e-type=\"widget\" data-widget_type=\"text-editor.default\">\n\t\t\t\t<div class=\"elementor-widget-container\">\n\t\t\t\t\t\t\t\t\t<p><strong>Jak\u00e9 je n\u00e1rodn\u00ed j\u00eddlo Portugalska?<\/strong><br>Bacalhau, tedy solen\u00e1 treska, se tomu nejv\u00edce bl\u00ed\u017e\u00ed, a \u0159\u00edk\u00e1 se, \u017ee existuje 365 zp\u016fsob\u016f, jak ji p\u0159ipravit. Dal\u0161\u00edm siln\u00fdm konkurentem jsou grilovan\u00e9 sardinky, zejm\u00e9na v l\u00e9t\u011b. <\/p><p><strong>Co bych si m\u011bl v Algarve konkr\u00e9tn\u011b d\u00e1t k j\u00eddlu?<\/strong><br>Grilovan\u00e1 ryba p\u0159\u00edmo z lodi, mo\u0159sk\u00fd gul\u00e1\u0161 \u201ecataplana\u201c, no\u017eovky a percebes. Ve vnitrozem\u00ed ochutnejte \u010dern\u00e9 vep\u0159ov\u00e9 maso z Alenteja a ku\u0159e piri piri. <\/p><p><strong>Je portugalsk\u00e9 j\u00eddlo drah\u00e9?<\/strong><br>Ne podle z\u00e1padoevropsk\u00fdch m\u011b\u0159\u00edtek. \u201ePrato do dia\u201c, tedy denn\u00ed poledn\u00ed menu, je obvykle nejv\u00fdhodn\u011bj\u0161\u00ed j\u00eddlo dne. Je\u0161t\u011b levn\u011bj\u0161\u00ed je si rybu z trhu uva\u0159it s\u00e1m.  <\/p><p><strong>Je v Portugalsku snadn\u00e9 stravovat se vegetari\u00e1nsky?<\/strong><br>Ve m\u011bstech je to snaz\u0161\u00ed ne\u017e v mal\u00fdch vesnic\u00edch. Trhy nab\u00edzej\u00ed vynikaj\u00edc\u00ed \u010derstv\u00e9 produkty a pol\u00e9vky, chl\u00e9b, s\u00fdry a grilovanou zeleninu lze sehnat t\u00e9m\u011b\u0159 v\u0161ude, ale v\u011bt\u0161ina tradi\u010dn\u00edch pokrm\u016f je zalo\u017eena na ryb\u00e1ch nebo mase. <\/p><p><strong>Co se d\u00e1 snadno uva\u0159it v Campervanu?<\/strong><br>\u010cerstv\u00e9 ryby nebo sardinky na jedin\u00e9m plynov\u00e9m ho\u0159\u00e1ku, mu\u0161le s \u010desnekem a b\u00edl\u00fdm v\u00ednem, nebo prost\u011b chl\u00e9b, s\u00fdr, olivy a ovoce z trhu. V\u0161e se d\u00e1 dob\u0159e p\u0159epravovat a vy\u017eaduje jen minimum vybaven\u00ed. <\/p>\t\t\t\t\t\t\t\t<\/div>\n\t\t\t\t<\/div>\n\t\t\t\t<div class=\"elementor-element elementor-element-c4bc376 elementor-widget elementor-widget-heading\" data-id=\"c4bc376\" data-element_type=\"widget\" data-e-type=\"widget\" data-widget_type=\"heading.default\">\n\t\t\t\t<div class=\"elementor-widget-container\">\n\t\t\t\t\t<h2 class=\"elementor-heading-title elementor-size-default\">Z\u00e1v\u011bre\u010dn\u00e9 tipy a kam d\u00e1l<\/h2>\t\t\t\t<\/div>\n\t\t\t\t<\/div>\n\t\t\t\t<div class=\"elementor-element elementor-element-77a92c1 elementor-widget elementor-widget-text-editor\" data-id=\"77a92c1\" data-element_type=\"widget\" data-e-type=\"widget\" data-widget_type=\"text-editor.default\">\n\t\t\t\t<div class=\"elementor-widget-container\">\n\t\t\t\t\t\t\t\t\t<p data-start=\"5764\" data-end=\"5983\">Portugalsk\u00e1 kuchyn\u011b s\u00e1z\u00ed na jednoduch\u00e9, kvalitn\u00ed suroviny a osv\u011bd\u010den\u00e9 recepty. A\u0165 u\u017e grilujete sardinky na pl\u00e1\u017ei nebo ochutn\u00e1v\u00e1te v\u00edno z Alenteja v m\u00edstn\u00ed restauraci, dejte si na \u010das a vychutnejte si ka\u017ed\u00fd sousto. <\/p><p data-start=\"5985\" data-end=\"6312\" data-is-last-node=\"\" data-is-only-node=\"\">Hled\u00e1te dal\u0161\u00ed inspiraci? Prohl\u00e9dn\u011bte si na\u0161e pr\u016fvodce k <a href=\"https:\/\/oceancamper.com\/cs\/pronajem-obytnych-vozu\/trustpilot-ocean-camper-nejlepsi-hodnoceni\/\"><strong>pron\u00e1jmu Campervanu v Algarve<\/strong><\/a>, <a href=\"https:\/\/oceancamper.com\/cs\/faro\/\"><strong data-start=\"6080\" data-end=\"6104\">aktivit\u00e1ch ve Faru<\/strong><\/a>a <a href=\"https:\/\/oceancamper.com\/cs\/blog\/\">dal\u0161\u00ed tipy pro cestov\u00e1n\u00ed po Portugalsku<\/a>. M\u00e1te-li n\u011bjak\u00e9 dotazy, napi\u0161te n\u00e1m na e-mail <strong data-start=\"6181\" data-end=\"6205\"><a href=\"mailto:info@oceancamper.com\">info@oceancamper.com<\/a><\/strong> nebo zavolejte\/napi\u0161te na WhatsApp na \u010d\u00edslo <strong data-start=\"6223\" data-end=\"6243\">+351 920 301 044<\/strong>, r\u00e1di v\u00e1m kdykoli pom\u016f\u017eeme  <\/p>\t\t\t\t\t\t\t\t<\/div>\n\t\t\t\t<\/div>\n\t\t\t\t\t<\/div>\n\t\t<\/div>\n\t\t\t\t\t<\/div>\n\t\t<\/section>\n\t\t\t\t<section class=\"elementor-section elementor-top-section elementor-element elementor-element-3f85b71d elementor-section-stretched elementor-section-boxed elementor-section-height-default elementor-section-height-default\" data-id=\"3f85b71d\" data-element_type=\"section\" data-e-type=\"section\" data-settings=\"{&quot;stretch_section&quot;:&quot;section-stretched&quot;,&quot;background_background&quot;:&quot;classic&quot;}\">\n\t\t\t\t\t\t<div class=\"elementor-container elementor-column-gap-default\">\n\t\t\t\t\t<div class=\"elementor-column elementor-col-100 elementor-top-column elementor-element elementor-element-60b50a2f\" data-id=\"60b50a2f\" data-element_type=\"column\" data-e-type=\"column\">\n\t\t\t<div class=\"elementor-widget-wrap elementor-element-populated\">\n\t\t\t\t\t\t<section class=\"elementor-section elementor-inner-section elementor-element elementor-element-22005879 elementor-section-boxed elementor-section-height-default elementor-section-height-default\" data-id=\"22005879\" data-element_type=\"section\" data-e-type=\"section\">\n\t\t\t\t\t\t<div class=\"elementor-container elementor-column-gap-default\">\n\t\t\t\t\t<div class=\"elementor-column elementor-col-100 elementor-inner-column elementor-element elementor-element-3a0da7fc\" data-id=\"3a0da7fc\" data-element_type=\"column\" data-e-type=\"column\">\n\t\t\t<div class=\"elementor-widget-wrap elementor-element-populated\">\n\t\t\t\t\t\t<div class=\"elementor-element elementor-element-0c136db elementor-widget elementor-widget-heading\" data-id=\"0c136db\" data-element_type=\"widget\" data-e-type=\"widget\" data-widget_type=\"heading.default\">\n\t\t\t\t<div class=\"elementor-widget-container\">\n\t\t\t\t\t<h3 class=\"elementor-heading-title elementor-size-default\">Pod\u00edvejte se na na\u0161e dal\u0161\u00ed p\u0159\u00edsp\u011bvky:<\/h3>\t\t\t\t<\/div>\n\t\t\t\t<\/div>\n\t\t\t\t<div class=\"elementor-element elementor-element-77d91a59 elementor-grid-tablet-3 elementor-grid-3 elementor-grid-mobile-1 elementor-posts--thumbnail-top elementor-posts__hover-gradient elementor-widget elementor-widget-posts\" data-id=\"77d91a59\" data-element_type=\"widget\" data-e-type=\"widget\" data-settings=\"{&quot;cards_row_gap&quot;:{&quot;unit&quot;:&quot;px&quot;,&quot;size&quot;:20,&quot;sizes&quot;:[]},&quot;cards_row_gap_mobile&quot;:{&quot;unit&quot;:&quot;px&quot;,&quot;size&quot;:10,&quot;sizes&quot;:[]},&quot;cards_columns_tablet&quot;:&quot;3&quot;,&quot;cards_row_gap_tablet&quot;:{&quot;unit&quot;:&quot;px&quot;,&quot;size&quot;:5,&quot;sizes&quot;:[]},&quot;cards_columns&quot;:&quot;3&quot;,&quot;cards_columns_mobile&quot;:&quot;1&quot;}\" data-widget_type=\"posts.cards\">\n\t\t\t\t<div class=\"elementor-widget-container\">\n\t\t\t\t\t\t\t<div class=\"elementor-posts-container elementor-posts elementor-posts--skin-cards elementor-grid\" role=\"list\">\n\t\t\t\t<article class=\"elementor-post elementor-grid-item post-162159 post type-post status-publish format-standard has-post-thumbnail hentry category-upozorneni\" role=\"listitem\">\n\t\t\t<div class=\"elementor-post__card\">\n\t\t\t\t<a class=\"elementor-post__thumbnail__link\" href=\"https:\/\/oceancamper.com\/cs\/paddleboarding-algarve-nejlepsi-mista-pro-sup-jeskyne-jezer\/\" tabindex=\"-1\" ><div class=\"elementor-post__thumbnail\"><img fetchpriority=\"high\" decoding=\"async\" width=\"300\" height=\"200\" src=\"https:\/\/oceancamper.com\/wp-content\/uploads\/2020\/12\/paddleboarding-algarve-sup-ocean-camper-300x200.jpg\" class=\"attachment-medium size-medium wp-image-208146\" alt=\"Paddleboard a \u010derven\u00fd Campervan zaparkovan\u00e9 u pob\u0159e\u017e\u00ed Algarve \u2013 vybaven\u00ed Ocean Camper pro dobrodru\u017estv\u00ed na paddleboardu v Portugalsku.\" srcset=\"https:\/\/oceancamper.com\/wp-content\/uploads\/2020\/12\/paddleboarding-algarve-sup-ocean-camper-300x200.jpg 300w, https:\/\/oceancamper.com\/wp-content\/uploads\/2020\/12\/paddleboarding-algarve-sup-ocean-camper-1024x683.jpg 1024w, https:\/\/oceancamper.com\/wp-content\/uploads\/2020\/12\/paddleboarding-algarve-sup-ocean-camper-768x512.jpg 768w, https:\/\/oceancamper.com\/wp-content\/uploads\/2020\/12\/paddleboarding-algarve-sup-ocean-camper-1536x1024.jpg 1536w, https:\/\/oceancamper.com\/wp-content\/uploads\/2020\/12\/paddleboarding-algarve-sup-ocean-camper-2048x1365.jpg 2048w, https:\/\/oceancamper.com\/wp-content\/uploads\/2020\/12\/paddleboarding-algarve-sup-ocean-camper-240x160.jpg 240w\" sizes=\"(max-width: 300px) 100vw, 300px\" \/><\/div><\/a>\n\t\t\t\t<div class=\"elementor-post__text\">\n\t\t\t\t<h2 class=\"elementor-post__title\">\n\t\t\t<a href=\"https:\/\/oceancamper.com\/cs\/paddleboarding-algarve-nejlepsi-mista-pro-sup-jeskyne-jezer\/\" >\n\t\t\t\tPaddleboarding na Algarve: Nejlep\u0161\u00ed m\u00edsta pro SUP\t\t\t<\/a>\n\t\t<\/h2>\n\t\t\t\t<div class=\"elementor-post__excerpt\">\n\t\t\t<p>Nejlep\u0161\u00ed m\u00edsta pro SUP v Algarve! Jeskyn\u011b, \u0159eky a jezera. P\u016fj\u010dte si na\u0161e prkna a p\u00e1dlujte tam, kam se ostatn\u00ed turist\u00e9 nedostanou.  <\/p>\n\t\t<\/div>\n\t\t\n\t\t<a class=\"elementor-post__read-more\" href=\"https:\/\/oceancamper.com\/cs\/paddleboarding-algarve-nejlepsi-mista-pro-sup-jeskyne-jezer\/\" aria-label=\"Read more about Paddleboarding na Algarve: Nejlep\u0161\u00ed m\u00edsta pro SUP\" tabindex=\"-1\" >\n\t\t\tP\u0159e\u010dt\u011bte si v\u00edce \"\t\t<\/a>\n\n\t\t\t\t<\/div>\n\t\t\t\t\t<\/div>\n\t\t<\/article>\n\t\t\t\t<article class=\"elementor-post elementor-grid-item post-161985 post type-post status-publish format-standard has-post-thumbnail hentry category-tipy-pro-kempovani tag-campingtips-campingapps-camping-cs\" role=\"listitem\">\n\t\t\t<div class=\"elementor-post__card\">\n\t\t\t\t<a class=\"elementor-post__thumbnail__link\" href=\"https:\/\/oceancamper.com\/cs\/10-nejlepsich-kempinkovych-aplikaci-a-webovych-stranek\/\" tabindex=\"-1\" ><div class=\"elementor-post__thumbnail\"><img decoding=\"async\" width=\"300\" height=\"200\" src=\"https:\/\/oceancamper.com\/wp-content\/uploads\/2023\/05\/campervan-view-portugal-nature-ocean-camper-300x200.jpg\" class=\"attachment-medium size-medium wp-image-210350\" alt=\"nejlep\u0161\u00ed aplikace pro kempov\u00e1n\u00ed Portugalsko. Odpo\u010dinek v obytn\u00e9m voze s otev\u0159en\u00fdmi dve\u0159mi a v\u00fdhledem na kopce v Portugalsku b\u011bhem kempov\u00e1n\u00ed.\" srcset=\"https:\/\/oceancamper.com\/wp-content\/uploads\/2023\/05\/campervan-view-portugal-nature-ocean-camper-300x200.jpg 300w, https:\/\/oceancamper.com\/wp-content\/uploads\/2023\/05\/campervan-view-portugal-nature-ocean-camper-1024x683.jpg 1024w, https:\/\/oceancamper.com\/wp-content\/uploads\/2023\/05\/campervan-view-portugal-nature-ocean-camper-768x512.jpg 768w, https:\/\/oceancamper.com\/wp-content\/uploads\/2023\/05\/campervan-view-portugal-nature-ocean-camper-1536x1024.jpg 1536w, https:\/\/oceancamper.com\/wp-content\/uploads\/2023\/05\/campervan-view-portugal-nature-ocean-camper-2048x1365.jpg 2048w, https:\/\/oceancamper.com\/wp-content\/uploads\/2023\/05\/campervan-view-portugal-nature-ocean-camper-240x160.jpg 240w\" sizes=\"(max-width: 300px) 100vw, 300px\" \/><\/div><\/a>\n\t\t\t\t<div class=\"elementor-post__text\">\n\t\t\t\t<h2 class=\"elementor-post__title\">\n\t\t\t<a href=\"https:\/\/oceancamper.com\/cs\/10-nejlepsich-kempinkovych-aplikaci-a-webovych-stranek\/\" >\n\t\t\t\tNejlep\u0161\u00ed aplikace pro kempov\u00e1n\u00ed v Portugalsku a Evrop\u011b (pr\u016fvodce pro rok 2026)\t\t\t<\/a>\n\t\t<\/h2>\n\t\t\t\t<div class=\"elementor-post__excerpt\">\n\t\t\t<p>Nejlep\u0161\u00ed mobiln\u00ed n\u00e1\u0159ad\u00ed, kter\u00e9 budete pot\u0159ebovat p\u0159i kempov\u00e1n\u00ed v Portugalsku. Kempov\u00e1n\u00ed je o flexibilit\u011b. Ale bu\u010fte p\u0159ipraveni b\u00fdt flexibiln\u00ed.  <\/p>\n\t\t<\/div>\n\t\t\n\t\t<a class=\"elementor-post__read-more\" href=\"https:\/\/oceancamper.com\/cs\/10-nejlepsich-kempinkovych-aplikaci-a-webovych-stranek\/\" aria-label=\"Read more about Nejlep\u0161\u00ed aplikace pro kempov\u00e1n\u00ed v Portugalsku a Evrop\u011b (pr\u016fvodce pro rok 2026)\" tabindex=\"-1\" >\n\t\t\tP\u0159e\u010dt\u011bte si v\u00edce \"\t\t<\/a>\n\n\t\t\t\t<\/div>\n\t\t\t\t\t<\/div>\n\t\t<\/article>\n\t\t\t\t<article class=\"elementor-post elementor-grid-item post-172226 post type-post status-publish format-standard has-post-thumbnail hentry category-tipy-pro-kempovani category-upozorneni tag-hotel-cs tag-obytny-vuz-nebo-hotel tag-pronajem-vozu tag-roadtrip-algarve-cs\" role=\"listitem\">\n\t\t\t<div class=\"elementor-post__card\">\n\t\t\t\t<a class=\"elementor-post__thumbnail__link\" href=\"https:\/\/oceancamper.com\/cs\/pobyt-v-karavanu-nebo-v-hotelu\/\" tabindex=\"-1\" ><div class=\"elementor-post__thumbnail\"><img decoding=\"async\" width=\"300\" height=\"133\" src=\"https:\/\/oceancamper.com\/wp-content\/uploads\/2025\/03\/Campervan-vs-Hotel-Stay-The-Ultimate-Travel-Comparison-1-300x133.jpg\" class=\"attachment-medium size-medium wp-image-219442\" alt=\"\u010cerven\u00fd obytn\u00fd v\u016fz zaparkovan\u00fd u historick\u00e9ho hradu - uk\u00e1zka svobody cestov\u00e1n\u00ed obytn\u00fdm vozem ve srovn\u00e1n\u00ed s tradi\u010dn\u00edm pobytem v hotelu.\" srcset=\"https:\/\/oceancamper.com\/wp-content\/uploads\/2025\/03\/Campervan-vs-Hotel-Stay-The-Ultimate-Travel-Comparison-1-300x133.jpg 300w, https:\/\/oceancamper.com\/wp-content\/uploads\/2025\/03\/Campervan-vs-Hotel-Stay-The-Ultimate-Travel-Comparison-1-1024x455.jpg 1024w, https:\/\/oceancamper.com\/wp-content\/uploads\/2025\/03\/Campervan-vs-Hotel-Stay-The-Ultimate-Travel-Comparison-1-768x341.jpg 768w, https:\/\/oceancamper.com\/wp-content\/uploads\/2025\/03\/Campervan-vs-Hotel-Stay-The-Ultimate-Travel-Comparison-1-240x107.jpg 240w, https:\/\/oceancamper.com\/wp-content\/uploads\/2025\/03\/Campervan-vs-Hotel-Stay-The-Ultimate-Travel-Comparison-1.jpg 1500w\" sizes=\"(max-width: 300px) 100vw, 300px\" \/><\/div><\/a>\n\t\t\t\t<div class=\"elementor-post__text\">\n\t\t\t\t<h2 class=\"elementor-post__title\">\n\t\t\t<a href=\"https:\/\/oceancamper.com\/cs\/pobyt-v-karavanu-nebo-v-hotelu\/\" >\n\t\t\t\tPobyt v Campervanu nebo v hotelu\t\t\t<\/a>\n\t\t<\/h2>\n\t\t\t\t<div class=\"elementor-post__excerpt\">\n\t\t\t<p>Campervan nebo hotel? Nejd\u016fle\u017eit\u011bj\u0161\u00ed srovn\u00e1n\u00ed cestov\u00e1n\u00ed Obytn\u00fd v\u016fz, nebo pobyt v hotelu?<\/p>\n\t\t<\/div>\n\t\t\n\t\t<a class=\"elementor-post__read-more\" href=\"https:\/\/oceancamper.com\/cs\/pobyt-v-karavanu-nebo-v-hotelu\/\" aria-label=\"Read more about Pobyt v Campervanu nebo v hotelu\" tabindex=\"-1\" >\n\t\t\tP\u0159e\u010dt\u011bte si v\u00edce \"\t\t<\/a>\n\n\t\t\t\t<\/div>\n\t\t\t\t\t<\/div>\n\t\t<\/article>\n\t\t\t\t<\/div>\n\t\t\n\t\t\t\t\t\t<\/div>\n\t\t\t\t<\/div>\n\t\t\t\t<div class=\"elementor-element elementor-element-5806667 elementor-align-left elementor-tablet-align-left elementor-mobile-align-left elementor-widget elementor-widget-button\" data-id=\"5806667\" data-element_type=\"widget\" data-e-type=\"widget\" data-widget_type=\"button.default\">\n\t\t\t\t<div class=\"elementor-widget-container\">\n\t\t\t\t\t\t\t\t\t<div class=\"elementor-button-wrapper\">\n\t\t\t\t\t<a class=\"elementor-button elementor-button-link elementor-size-sm elementor-animation-pop\" href=\"https:\/\/oceancamper.com\/cs\/blog\/\">\n\t\t\t\t\t\t<span class=\"elementor-button-content-wrapper\">\n\t\t\t\t\t\t\t\t\t<span class=\"elementor-button-text\">Zp\u011bt na blog<\/span>\n\t\t\t\t\t<\/span>\n\t\t\t\t\t<\/a>\n\t\t\t\t<\/div>\n\t\t\t\t\t\t\t\t<\/div>\n\t\t\t\t<\/div>\n\t\t\t\t\t<\/div>\n\t\t<\/div>\n\t\t\t\t\t<\/div>\n\t\t<\/section>\n\t\t\t\t\t<\/div>\n\t\t<\/div>\n\t\t\t\t\t<\/div>\n\t\t<\/section>\n\t\t\t\t<\/div>\n\t\t","protected":false},"excerpt":{"rendered":"<p>J\u00eddlo, kter\u00e9 mus\u00edte v Portugalsku ochutnat. Doporu\u010den\u00ed typick\u00fdch j\u00eddel: ryby, maso, olivov\u00fd olej a v\u00edno jsou nejchutn\u011bj\u0161\u00ed. <\/p>\n","protected":false},"author":1,"featured_media":164004,"comment_status":"closed","ping_status":"open","sticky":false,"template":"elementor_header_footer","format":"standard","meta":{"om_disable_all_campaigns":false,"footnotes":""},"categories":[158],"tags":[],"class_list":["post-162204","post","type-post","status-publish","format-standard","has-post-thumbnail","hentry","category-uncategorized-cs"],"aioseo_notices":[],"aioseo_head":"\n\t\t<!-- All in One SEO 4.9.10 - aioseo.com -->\n\t<meta name=\"description\" content=\"Campervan nebo hotel? Prozkoumejte v\u00fdhody a nev\u00fdhody, kter\u00e9 v\u00e1m pomohou vybrat nejlep\u0161\u00ed variantu pro va\u0161e dal\u0161\u00ed dobrodru\u017estv\u00ed. U\u017eijte si flexibilitu, pohodl\u00ed a jedine\u010dn\u00e9 z\u00e1\u017eitky!\" \/>\n\t<meta name=\"robots\" content=\"max-image-preview:large\" \/>\n\t<meta name=\"author\" content=\"nomadcanguru\"\/>\n\t<link rel=\"canonical\" href=\"https:\/\/oceancamper.com\/cs\/pobyt-v-karavanu-nebo-v-hotelu\/\" \/>\n\t<meta name=\"generator\" content=\"All in One SEO (AIOSEO) 4.9.10\" \/>\n\t\t<meta property=\"og:locale\" content=\"cs_CZ\" \/>\n\t\t<meta property=\"og:site_name\" content=\"Ocean Camper - Campervan Rental in Faro, Portugal\" \/>\n\t\t<meta property=\"og:type\" content=\"article\" \/>\n\t\t<meta property=\"og:title\" content=\"Campervan nebo hotel? - V\u00fdhody, nev\u00fdhody a nejlep\u0161\u00ed volba\" \/>\n\t\t<meta property=\"og:description\" content=\"Campervan nebo hotel? Prozkoumejte v\u00fdhody a nev\u00fdhody, kter\u00e9 v\u00e1m pomohou vybrat nejlep\u0161\u00ed variantu pro va\u0161e dal\u0161\u00ed dobrodru\u017estv\u00ed. U\u017eijte si flexibilitu, pohodl\u00ed a jedine\u010dn\u00e9 z\u00e1\u017eitky!\" \/>\n\t\t<meta property=\"og:url\" content=\"https:\/\/oceancamper.com\/cs\/pobyt-v-karavanu-nebo-v-hotelu\/\" \/>\n\t\t<meta property=\"og:image\" content=\"https:\/\/oceancamper.com\/wp-content\/uploads\/2022\/01\/Asset-5.png\" \/>\n\t\t<meta property=\"og:image:secure_url\" content=\"https:\/\/oceancamper.com\/wp-content\/uploads\/2022\/01\/Asset-5.png\" \/>\n\t\t<meta property=\"og:image:width\" content=\"662\" \/>\n\t\t<meta property=\"og:image:height\" content=\"291\" \/>\n\t\t<meta property=\"article:published_time\" content=\"2025-03-25T11:27:38+00:00\" \/>\n\t\t<meta property=\"article:modified_time\" content=\"2026-08-14T16:47:35+00:00\" \/>\n\t\t<meta property=\"article:publisher\" content=\"https:\/\/www.facebook.com\/oceancamper\/\" \/>\n\t\t<meta name=\"twitter:card\" content=\"summary\" \/>\n\t\t<meta name=\"twitter:site\" content=\"@Ocean_Camper\" \/>\n\t\t<meta name=\"twitter:title\" content=\"Campervan nebo hotel? - V\u00fdhody, nev\u00fdhody a nejlep\u0161\u00ed volba\" \/>\n\t\t<meta name=\"twitter:description\" content=\"Campervan nebo hotel? Prozkoumejte v\u00fdhody a nev\u00fdhody, kter\u00e9 v\u00e1m pomohou vybrat nejlep\u0161\u00ed variantu pro va\u0161e dal\u0161\u00ed dobrodru\u017estv\u00ed. U\u017eijte si flexibilitu, pohodl\u00ed a jedine\u010dn\u00e9 z\u00e1\u017eitky!\" \/>\n\t\t<meta name=\"twitter:creator\" content=\"@Ocean_Camper\" \/>\n\t\t<meta name=\"twitter:image\" content=\"https:\/\/oceancamper.com\/wp-content\/uploads\/2022\/01\/Asset-5.png\" \/>\n\t\t<script type=\"application\/ld+json\" class=\"aioseo-schema\">\n\t\t\t{\"@context\":\"https:\\\/\\\/schema.org\",\"@graph\":[{\"@type\":\"BlogPosting\",\"@id\":\"https:\\\/\\\/oceancamper.com\\\/cs\\\/pobyt-v-karavanu-nebo-v-hotelu\\\/#blogposting\",\"name\":\"Campervan nebo hotel? - V\\u00fdhody, nev\\u00fdhody a nejlep\\u0161\\u00ed volba\",\"headline\":\"Pobyt v Campervanu nebo v hotelu\",\"author\":{\"@id\":\"https:\\\/\\\/oceancamper.com\\\/cs\\\/author\\\/nomadcanguru\\\/#author\"},\"publisher\":{\"@id\":\"https:\\\/\\\/oceancamper.com\\\/cs\\\/#organization\"},\"image\":{\"@type\":\"ImageObject\",\"url\":\"https:\\\/\\\/oceancamper.com\\\/wp-content\\\/uploads\\\/2025\\\/03\\\/Campervan-vs-Hotel-Stay-The-Ultimate-Travel-Comparison-1.jpg\",\"width\":1500,\"height\":666,\"caption\":\"Zjist\\u011bte, jak\\u00e9 v\\u00fdhody a nev\\u00fdhody m\\u00e1 ubytov\\u00e1n\\u00ed v karavanu nebo v hotelu p\\u0159i va\\u0161em dal\\u0161\\u00edm dobrodru\\u017estv\\u00ed v Portugalsku.\"},\"datePublished\":\"2025-03-25T11:27:38+00:00\",\"dateModified\":\"2026-08-14T16:47:35+00:00\",\"inLanguage\":\"cs-CZ\",\"mainEntityOfPage\":{\"@id\":\"https:\\\/\\\/oceancamper.com\\\/cs\\\/pobyt-v-karavanu-nebo-v-hotelu\\\/#webpage\"},\"isPartOf\":{\"@id\":\"https:\\\/\\\/oceancamper.com\\\/cs\\\/pobyt-v-karavanu-nebo-v-hotelu\\\/#webpage\"},\"articleSection\":\"Tipy pro kempov\\u00e1n\\u00ed, upozorn\\u011bn\\u00ed, hotel, obytn\\u00fd v\\u016fz nebo hotel, pron\\u00e1jem vozu, roadtrip algarve, Optional\"},{\"@type\":\"BreadcrumbList\",\"@id\":\"https:\\\/\\\/oceancamper.com\\\/cs\\\/pobyt-v-karavanu-nebo-v-hotelu\\\/#breadcrumblist\",\"itemListElement\":[{\"@type\":\"ListItem\",\"@id\":\"https:\\\/\\\/oceancamper.com\\\/cs\\\/#listItem\",\"position\":1,\"name\":\"Home\",\"item\":\"https:\\\/\\\/oceancamper.com\\\/cs\\\/\",\"nextItem\":{\"@type\":\"ListItem\",\"@id\":\"https:\\\/\\\/oceancamper.com\\\/cs\\\/category\\\/uncategorized-cs\\\/#listItem\",\"name\":\"Uncategorized @cs\"}},{\"@type\":\"ListItem\",\"@id\":\"https:\\\/\\\/oceancamper.com\\\/cs\\\/category\\\/uncategorized-cs\\\/#listItem\",\"position\":2,\"name\":\"Uncategorized @cs\",\"item\":\"https:\\\/\\\/oceancamper.com\\\/cs\\\/category\\\/uncategorized-cs\\\/\",\"nextItem\":{\"@type\":\"ListItem\",\"@id\":\"https:\\\/\\\/oceancamper.com\\\/cs\\\/portugalska-kuchyne\\\/#listItem\",\"name\":\"Portugalsk\\u00e1 kuchyn\\u011b: Ryby, mo\\u0159sk\\u00e9 plody, maso a m\\u00edstn\\u00ed speciality, kter\\u00e9 rozhodn\\u011b mus\\u00edte ochutnat\"},\"previousItem\":{\"@type\":\"ListItem\",\"@id\":\"https:\\\/\\\/oceancamper.com\\\/cs\\\/#listItem\",\"name\":\"Home\"}},{\"@type\":\"ListItem\",\"@id\":\"https:\\\/\\\/oceancamper.com\\\/cs\\\/portugalska-kuchyne\\\/#listItem\",\"position\":3,\"name\":\"Portugalsk\\u00e1 kuchyn\\u011b: Ryby, mo\\u0159sk\\u00e9 plody, maso a m\\u00edstn\\u00ed speciality, kter\\u00e9 rozhodn\\u011b mus\\u00edte ochutnat\",\"previousItem\":{\"@type\":\"ListItem\",\"@id\":\"https:\\\/\\\/oceancamper.com\\\/cs\\\/category\\\/uncategorized-cs\\\/#listItem\",\"name\":\"Uncategorized @cs\"}}]},{\"@type\":\"Organization\",\"@id\":\"https:\\\/\\\/oceancamper.com\\\/cs\\\/#organization\",\"name\":\"Ocean Camper\",\"description\":\"Ocean Camper provides affordable campervan rental in Portugal with fully equipped campervans for up to three people, available in Faro and Lisbon for flexible road trips.\",\"url\":\"https:\\\/\\\/oceancamper.com\\\/cs\\\/\",\"email\":\"info@oceancamper.com\",\"telephone\":\"+351920301044\",\"foundingDate\":\"2017-04-19\",\"numberOfEmployees\":{\"@type\":\"QuantitativeValue\",\"minValue\":0,\"maxValue\":10},\"logo\":{\"@type\":\"ImageObject\",\"url\":\"https:\\\/\\\/oceancamper.com\\\/wp-content\\\/uploads\\\/2022\\\/01\\\/Asset-5.png\",\"@id\":\"https:\\\/\\\/oceancamper.com\\\/cs\\\/pobyt-v-karavanu-nebo-v-hotelu\\\/#organizationLogo\",\"width\":662,\"height\":291,\"caption\":\"Ocean Camper logo\"},\"image\":{\"@id\":\"https:\\\/\\\/oceancamper.com\\\/cs\\\/pobyt-v-karavanu-nebo-v-hotelu\\\/#organizationLogo\"},\"sameAs\":[\"https:\\\/\\\/www.facebook.com\\\/oceancamper\\\/\",\"https:\\\/\\\/x.com\\\/Ocean_Camper\",\"https:\\\/\\\/www.instagram.com\\\/oceancamper.vans\\\/\",\"https:\\\/\\\/www.tiktok.com\\\/@oceancamper.vans\",\"https:\\\/\\\/www.youtube.com\\\/@oceancamper\",\"https:\\\/\\\/www.linkedin.com\\\/company\\\/oceancamper\\\/\",\"https:\\\/\\\/www.trustpilot.com\\\/review\\\/oceancamper.com\"]},{\"@type\":\"Person\",\"@id\":\"https:\\\/\\\/oceancamper.com\\\/cs\\\/author\\\/nomadcanguru\\\/#author\",\"url\":\"https:\\\/\\\/oceancamper.com\\\/cs\\\/author\\\/nomadcanguru\\\/\",\"name\":\"nomadcanguru\",\"image\":{\"@type\":\"ImageObject\",\"@id\":\"https:\\\/\\\/oceancamper.com\\\/cs\\\/pobyt-v-karavanu-nebo-v-hotelu\\\/#authorImage\",\"url\":\"https:\\\/\\\/secure.gravatar.com\\\/avatar\\\/3a5092e8a35779f7501b5a8c315d77eae173c0705d8cfd512c06ce5460985e92?s=96&d=mm&r=g\",\"width\":96,\"height\":96,\"caption\":\"nomadcanguru\"}},{\"@type\":\"WebPage\",\"@id\":\"https:\\\/\\\/oceancamper.com\\\/cs\\\/pobyt-v-karavanu-nebo-v-hotelu\\\/#webpage\",\"url\":\"https:\\\/\\\/oceancamper.com\\\/cs\\\/pobyt-v-karavanu-nebo-v-hotelu\\\/\",\"name\":\"Campervan nebo hotel? - V\\u00fdhody, nev\\u00fdhody a nejlep\\u0161\\u00ed volba\",\"description\":\"Campervan nebo hotel? Prozkoumejte v\\u00fdhody a nev\\u00fdhody, kter\\u00e9 v\\u00e1m pomohou vybrat nejlep\\u0161\\u00ed variantu pro va\\u0161e dal\\u0161\\u00ed dobrodru\\u017estv\\u00ed. U\\u017eijte si flexibilitu, pohodl\\u00ed a jedine\\u010dn\\u00e9 z\\u00e1\\u017eitky!\",\"inLanguage\":\"cs-CZ\",\"isPartOf\":{\"@id\":\"https:\\\/\\\/oceancamper.com\\\/cs\\\/#website\"},\"breadcrumb\":{\"@id\":\"https:\\\/\\\/oceancamper.com\\\/cs\\\/pobyt-v-karavanu-nebo-v-hotelu\\\/#breadcrumblist\"},\"author\":{\"@id\":\"https:\\\/\\\/oceancamper.com\\\/cs\\\/author\\\/nomadcanguru\\\/#author\"},\"creator\":{\"@id\":\"https:\\\/\\\/oceancamper.com\\\/cs\\\/author\\\/nomadcanguru\\\/#author\"},\"image\":{\"@type\":\"ImageObject\",\"url\":\"https:\\\/\\\/oceancamper.com\\\/wp-content\\\/uploads\\\/2025\\\/03\\\/Campervan-vs-Hotel-Stay-The-Ultimate-Travel-Comparison-1.jpg\",\"@id\":\"https:\\\/\\\/oceancamper.com\\\/cs\\\/pobyt-v-karavanu-nebo-v-hotelu\\\/#mainImage\",\"width\":1500,\"height\":666,\"caption\":\"Zjist\\u011bte, jak\\u00e9 v\\u00fdhody a nev\\u00fdhody m\\u00e1 ubytov\\u00e1n\\u00ed v karavanu nebo v hotelu p\\u0159i va\\u0161em dal\\u0161\\u00edm dobrodru\\u017estv\\u00ed v Portugalsku.\"},\"primaryImageOfPage\":{\"@id\":\"https:\\\/\\\/oceancamper.com\\\/cs\\\/pobyt-v-karavanu-nebo-v-hotelu\\\/#mainImage\"},\"datePublished\":\"2025-03-25T11:27:38+00:00\",\"dateModified\":\"2026-08-14T16:47:35+00:00\"},{\"@type\":\"WebSite\",\"@id\":\"https:\\\/\\\/oceancamper.com\\\/cs\\\/#website\",\"url\":\"https:\\\/\\\/oceancamper.com\\\/cs\\\/\",\"name\":\"Ocean Camper\",\"alternateName\":\"Ocean Camper Portugal\",\"description\":\"Campervan Rental in Faro, Portugal\",\"inLanguage\":\"cs-CZ\",\"publisher\":{\"@id\":\"https:\\\/\\\/oceancamper.com\\\/cs\\\/#organization\"}}]}\n\t\t<\/script>\n\t\t<!-- All in One SEO -->\n\n","aioseo_head_json":{"title":"Campervan nebo hotel? - V\u00fdhody, nev\u00fdhody a nejlep\u0161\u00ed volba","description":"Campervan nebo hotel? Prozkoumejte v\u00fdhody a nev\u00fdhody, kter\u00e9 v\u00e1m pomohou vybrat nejlep\u0161\u00ed variantu pro va\u0161e dal\u0161\u00ed dobrodru\u017estv\u00ed. U\u017eijte si flexibilitu, pohodl\u00ed a jedine\u010dn\u00e9 z\u00e1\u017eitky!","canonical_url":"https:\/\/oceancamper.com\/cs\/pobyt-v-karavanu-nebo-v-hotelu\/","robots":"max-image-preview:large","keywords":"","webmasterTools":{"miscellaneous":""},"schema":{"@context":"https:\/\/schema.org","@graph":[{"@type":"BlogPosting","@id":"https:\/\/oceancamper.com\/cs\/pobyt-v-karavanu-nebo-v-hotelu\/#blogposting","name":"Campervan nebo hotel? - V\u00fdhody, nev\u00fdhody a nejlep\u0161\u00ed volba","headline":"Pobyt v Campervanu nebo v hotelu","author":{"@id":"https:\/\/oceancamper.com\/cs\/author\/nomadcanguru\/#author"},"publisher":{"@id":"https:\/\/oceancamper.com\/cs\/#organization"},"image":{"@type":"ImageObject","url":"https:\/\/oceancamper.com\/wp-content\/uploads\/2025\/03\/Campervan-vs-Hotel-Stay-The-Ultimate-Travel-Comparison-1.jpg","width":1500,"height":666,"caption":"Zjist\u011bte, jak\u00e9 v\u00fdhody a nev\u00fdhody m\u00e1 ubytov\u00e1n\u00ed v karavanu nebo v hotelu p\u0159i va\u0161em dal\u0161\u00edm dobrodru\u017estv\u00ed v Portugalsku."},"datePublished":"2025-03-25T11:27:38+00:00","dateModified":"2026-08-14T16:47:35+00:00","inLanguage":"cs-CZ","mainEntityOfPage":{"@id":"https:\/\/oceancamper.com\/cs\/pobyt-v-karavanu-nebo-v-hotelu\/#webpage"},"isPartOf":{"@id":"https:\/\/oceancamper.com\/cs\/pobyt-v-karavanu-nebo-v-hotelu\/#webpage"},"articleSection":"Tipy pro kempov\u00e1n\u00ed, upozorn\u011bn\u00ed, hotel, obytn\u00fd v\u016fz nebo hotel, pron\u00e1jem vozu, roadtrip algarve, Optional"},{"@type":"BreadcrumbList","@id":"https:\/\/oceancamper.com\/cs\/pobyt-v-karavanu-nebo-v-hotelu\/#breadcrumblist","itemListElement":[{"@type":"ListItem","@id":"https:\/\/oceancamper.com\/cs\/#listItem","position":1,"name":"Home","item":"https:\/\/oceancamper.com\/cs\/","nextItem":{"@type":"ListItem","@id":"https:\/\/oceancamper.com\/cs\/category\/uncategorized-cs\/#listItem","name":"Uncategorized @cs"}},{"@type":"ListItem","@id":"https:\/\/oceancamper.com\/cs\/category\/uncategorized-cs\/#listItem","position":2,"name":"Uncategorized @cs","item":"https:\/\/oceancamper.com\/cs\/category\/uncategorized-cs\/","nextItem":{"@type":"ListItem","@id":"https:\/\/oceancamper.com\/cs\/portugalska-kuchyne\/#listItem","name":"Portugalsk\u00e1 kuchyn\u011b: Ryby, mo\u0159sk\u00e9 plody, maso a m\u00edstn\u00ed speciality, kter\u00e9 rozhodn\u011b mus\u00edte ochutnat"},"previousItem":{"@type":"ListItem","@id":"https:\/\/oceancamper.com\/cs\/#listItem","name":"Home"}},{"@type":"ListItem","@id":"https:\/\/oceancamper.com\/cs\/portugalska-kuchyne\/#listItem","position":3,"name":"Portugalsk\u00e1 kuchyn\u011b: Ryby, mo\u0159sk\u00e9 plody, maso a m\u00edstn\u00ed speciality, kter\u00e9 rozhodn\u011b mus\u00edte ochutnat","previousItem":{"@type":"ListItem","@id":"https:\/\/oceancamper.com\/cs\/category\/uncategorized-cs\/#listItem","name":"Uncategorized @cs"}}]},{"@type":"Organization","@id":"https:\/\/oceancamper.com\/cs\/#organization","name":"Ocean Camper","description":"Ocean Camper provides affordable campervan rental in Portugal with fully equipped campervans for up to three people, available in Faro and Lisbon for flexible road trips.","url":"https:\/\/oceancamper.com\/cs\/","email":"info@oceancamper.com","telephone":"+351920301044","foundingDate":"2017-04-19","numberOfEmployees":{"@type":"QuantitativeValue","minValue":0,"maxValue":10},"logo":{"@type":"ImageObject","url":"https:\/\/oceancamper.com\/wp-content\/uploads\/2022\/01\/Asset-5.png","@id":"https:\/\/oceancamper.com\/cs\/pobyt-v-karavanu-nebo-v-hotelu\/#organizationLogo","width":662,"height":291,"caption":"Ocean Camper logo"},"image":{"@id":"https:\/\/oceancamper.com\/cs\/pobyt-v-karavanu-nebo-v-hotelu\/#organizationLogo"},"sameAs":["https:\/\/www.facebook.com\/oceancamper\/","https:\/\/x.com\/Ocean_Camper","https:\/\/www.instagram.com\/oceancamper.vans\/","https:\/\/www.tiktok.com\/@oceancamper.vans","https:\/\/www.youtube.com\/@oceancamper","https:\/\/www.linkedin.com\/company\/oceancamper\/","https:\/\/www.trustpilot.com\/review\/oceancamper.com"]},{"@type":"Person","@id":"https:\/\/oceancamper.com\/cs\/author\/nomadcanguru\/#author","url":"https:\/\/oceancamper.com\/cs\/author\/nomadcanguru\/","name":"nomadcanguru","image":{"@type":"ImageObject","@id":"https:\/\/oceancamper.com\/cs\/pobyt-v-karavanu-nebo-v-hotelu\/#authorImage","url":"https:\/\/secure.gravatar.com\/avatar\/3a5092e8a35779f7501b5a8c315d77eae173c0705d8cfd512c06ce5460985e92?s=96&d=mm&r=g","width":96,"height":96,"caption":"nomadcanguru"}},{"@type":"WebPage","@id":"https:\/\/oceancamper.com\/cs\/pobyt-v-karavanu-nebo-v-hotelu\/#webpage","url":"https:\/\/oceancamper.com\/cs\/pobyt-v-karavanu-nebo-v-hotelu\/","name":"Campervan nebo hotel? - V\u00fdhody, nev\u00fdhody a nejlep\u0161\u00ed volba","description":"Campervan nebo hotel? Prozkoumejte v\u00fdhody a nev\u00fdhody, kter\u00e9 v\u00e1m pomohou vybrat nejlep\u0161\u00ed variantu pro va\u0161e dal\u0161\u00ed dobrodru\u017estv\u00ed. U\u017eijte si flexibilitu, pohodl\u00ed a jedine\u010dn\u00e9 z\u00e1\u017eitky!","inLanguage":"cs-CZ","isPartOf":{"@id":"https:\/\/oceancamper.com\/cs\/#website"},"breadcrumb":{"@id":"https:\/\/oceancamper.com\/cs\/pobyt-v-karavanu-nebo-v-hotelu\/#breadcrumblist"},"author":{"@id":"https:\/\/oceancamper.com\/cs\/author\/nomadcanguru\/#author"},"creator":{"@id":"https:\/\/oceancamper.com\/cs\/author\/nomadcanguru\/#author"},"image":{"@type":"ImageObject","url":"https:\/\/oceancamper.com\/wp-content\/uploads\/2025\/03\/Campervan-vs-Hotel-Stay-The-Ultimate-Travel-Comparison-1.jpg","@id":"https:\/\/oceancamper.com\/cs\/pobyt-v-karavanu-nebo-v-hotelu\/#mainImage","width":1500,"height":666,"caption":"Zjist\u011bte, jak\u00e9 v\u00fdhody a nev\u00fdhody m\u00e1 ubytov\u00e1n\u00ed v karavanu nebo v hotelu p\u0159i va\u0161em dal\u0161\u00edm dobrodru\u017estv\u00ed v Portugalsku."},"primaryImageOfPage":{"@id":"https:\/\/oceancamper.com\/cs\/pobyt-v-karavanu-nebo-v-hotelu\/#mainImage"},"datePublished":"2025-03-25T11:27:38+00:00","dateModified":"2026-08-14T16:47:35+00:00"},{"@type":"WebSite","@id":"https:\/\/oceancamper.com\/cs\/#website","url":"https:\/\/oceancamper.com\/cs\/","name":"Ocean Camper","alternateName":"Ocean Camper Portugal","description":"Campervan Rental in Faro, Portugal","inLanguage":"cs-CZ","publisher":{"@id":"https:\/\/oceancamper.com\/cs\/#organization"}}]},"og:locale":"cs_CZ","og:site_name":"Ocean Camper - Campervan Rental in Faro, Portugal","og:type":"article","og:title":"Campervan nebo hotel? - V\u00fdhody, nev\u00fdhody a nejlep\u0161\u00ed volba","og:description":"Campervan nebo hotel? Prozkoumejte v\u00fdhody a nev\u00fdhody, kter\u00e9 v\u00e1m pomohou vybrat nejlep\u0161\u00ed variantu pro va\u0161e dal\u0161\u00ed dobrodru\u017estv\u00ed. U\u017eijte si flexibilitu, pohodl\u00ed a jedine\u010dn\u00e9 z\u00e1\u017eitky!","og:url":"https:\/\/oceancamper.com\/cs\/pobyt-v-karavanu-nebo-v-hotelu\/","og:image":"https:\/\/oceancamper.com\/wp-content\/uploads\/2022\/01\/Asset-5.png","og:image:secure_url":"https:\/\/oceancamper.com\/wp-content\/uploads\/2022\/01\/Asset-5.png","og:image:width":662,"og:image:height":291,"article:published_time":"2025-03-25T11:27:38+00:00","article:modified_time":"2026-08-14T16:47:35+00:00","article:publisher":"https:\/\/www.facebook.com\/oceancamper\/","twitter:card":"summary","twitter:site":"@Ocean_Camper","twitter:title":"Campervan nebo hotel? - V\u00fdhody, nev\u00fdhody a nejlep\u0161\u00ed volba","twitter:description":"Campervan nebo hotel? Prozkoumejte v\u00fdhody a nev\u00fdhody, kter\u00e9 v\u00e1m pomohou vybrat nejlep\u0161\u00ed variantu pro va\u0161e dal\u0161\u00ed dobrodru\u017estv\u00ed. U\u017eijte si flexibilitu, pohodl\u00ed a jedine\u010dn\u00e9 z\u00e1\u017eitky!","twitter:creator":"@Ocean_Camper","twitter:image":"https:\/\/oceancamper.com\/wp-content\/uploads\/2022\/01\/Asset-5.png"},"aioseo_meta_data":{"post_id":"162204","title":"Pr\u016fvodce portugalskou kuchyn\u00ed: J\u00eddla a speciality, kter\u00e9 mus\u00edte ochutnat","description":"Objevte portugalskou kuchyni s Ocean Camper: grilovan\u00e9 sardinky, mo\u0159sk\u00e9 plody v kataplan\u011b, pe\u010den\u00fd chouri\u00e7o, sez\u00f3nn\u00ed ovoce a v\u00edno z Alenteja. Co ochutnat v Portugalsku. ","keywords":null,"keyphrases":{"focus":{"keyphrase":"Portuguese food","score":91,"analysis":{"keyphraseInTitle":{"score":9,"maxScore":9,"error":0},"keyphraseInDescription":{"score":9,"maxScore":9,"error":0},"keyphraseLength":{"score":9,"maxScore":9,"error":0,"length":2},"keyphraseInURL":{"score":5,"maxScore":5,"error":0},"keyphraseInIntroduction":{"score":9,"maxScore":9,"error":0},"keyphraseInSubHeadings":{"score":3,"maxScore":9,"error":1},"keyphraseInImageAlt":{"score":9,"maxScore":9,"error":0},"keywordDensity":{"type":"best","score":9,"maxScore":9,"error":0}}},"additional":[{"keyphrase":"Portuguese cuisine","score":53,"analysis":{"keyphraseInDescription":{"score":3,"maxScore":9,"error":1},"keyphraseLength":{"score":9,"maxScore":9,"error":0,"length":2},"keyphraseInIntroduction":{"score":3,"maxScore":9,"error":1},"keyphraseInImageAlt":{"score":9,"maxScore":9,"error":0},"keywordDensity":{"score":0,"type":"low","maxScore":9,"error":1}}},{"keyphrase":"what to eat in Portugal","score":60,"analysis":{"keyphraseInDescription":{"score":9,"maxScore":9,"error":0},"keyphraseLength":{"score":6,"maxScore":9,"error":1,"length":5},"keyphraseInIntroduction":{"score":9,"maxScore":9,"error":0},"keyphraseInImageAlt":{"score":3,"maxScore":9,"error":1},"keywordDensity":{"score":0,"type":"low","maxScore":9,"error":1}}},{"keyphrase":"typical Portuguese dishes","score":40,"analysis":{"keyphraseInDescription":{"score":3,"maxScore":9,"error":1},"keyphraseLength":{"score":9,"maxScore":9,"error":0,"length":3},"keyphraseInIntroduction":{"score":3,"maxScore":9,"error":1},"keyphraseInImageAlt":{"score":3,"maxScore":9,"error":1},"keywordDensity":{"score":0,"type":"low","maxScore":9,"error":1}}},{"keyphrase":"Algarve food","score":53,"analysis":{"keyphraseInDescription":{"score":3,"maxScore":9,"error":1},"keyphraseLength":{"score":9,"maxScore":9,"error":0,"length":2},"keyphraseInIntroduction":{"score":3,"maxScore":9,"error":1},"keyphraseInImageAlt":{"score":9,"maxScore":9,"error":0},"keywordDensity":{"score":0,"type":"low","maxScore":9,"error":1}}},{"keyphrase":"Portuguese fish dishes","score":53,"analysis":{"keyphraseInDescription":{"score":3,"maxScore":9,"error":1},"keyphraseLength":{"score":9,"maxScore":9,"error":0,"length":3},"keyphraseInIntroduction":{"score":3,"maxScore":9,"error":1},"keyphraseInImageAlt":{"score":9,"maxScore":9,"error":0},"keywordDensity":{"score":0,"type":"low","maxScore":9,"error":1}}},{"keyphrase":"shellfish Portugal","score":53,"analysis":{"keyphraseInDescription":{"score":3,"maxScore":9,"error":1},"keyphraseLength":{"score":9,"maxScore":9,"error":0,"length":2},"keyphraseInIntroduction":{"score":3,"maxScore":9,"error":1},"keyphraseInImageAlt":{"score":9,"maxScore":9,"error":0},"keywordDensity":{"score":0,"type":"low","maxScore":9,"error":1}}},{"keyphrase":"Portuguese meat dishes","score":53,"analysis":{"keyphraseInDescription":{"score":3,"maxScore":9,"error":1},"keyphraseLength":{"score":9,"maxScore":9,"error":0,"length":3},"keyphraseInIntroduction":{"score":3,"maxScore":9,"error":1},"keyphraseInImageAlt":{"score":9,"maxScore":9,"error":0},"keywordDensity":{"score":0,"type":"low","maxScore":9,"error":1}}}]},"primary_term":null,"canonical_url":null,"og_title":null,"og_description":null,"og_object_type":"default","og_image_type":"default","og_image_url":null,"og_image_width":null,"og_image_height":null,"og_image_custom_url":null,"og_image_custom_fields":null,"og_video":"","og_custom_url":null,"og_article_section":null,"og_article_tags":null,"twitter_use_og":false,"twitter_card":"default","twitter_image_type":"default","twitter_image_url":null,"twitter_image_custom_url":null,"twitter_image_custom_fields":null,"twitter_title":null,"twitter_description":null,"schema":{"blockGraphs":[],"customGraphs":[],"default":{"data":{"Article":{"id":"aioseo-article-6394f6998c616","slug":"article","graphName":"Article","label":"Article","properties":{"type":"BlogPosting","name":"#post_title","headline":"#post_title","description":"#post_excerpt","image":"","keywords":"","author":{"name":"#author_name","url":"#author_url"},"dates":{"include":true,"datePublished":"","dateModified":""}}},"Course":[],"Dataset":[],"FAQPage":[],"Movie":[],"Person":[],"Product":[],"ProductReview":[],"Car":[],"Recipe":[],"Service":[],"SoftwareApplication":[],"WebPage":[]},"graphName":"BlogPosting","isEnabled":true},"graphs":[]},"schema_type":"default","schema_type_options":"{\"article\":{\"articleType\":\"BlogPosting\"},\"course\":{\"name\":\"\",\"description\":\"\",\"provider\":\"\"},\"faq\":{\"pages\":[]},\"product\":{\"reviews\":[]},\"recipe\":{\"ingredients\":[],\"instructions\":[],\"keywords\":[]},\"software\":{\"reviews\":[],\"operatingSystems\":[]},\"webPage\":{\"webPageType\":\"WebPage\"}}","pillar_content":false,"robots_default":true,"robots_noindex":false,"robots_noarchive":false,"robots_nosnippet":false,"robots_nofollow":false,"robots_noimageindex":false,"robots_noodp":false,"robots_notranslate":false,"robots_max_snippet":"-1","robots_max_videopreview":"-1","robots_max_imagepreview":"large","priority":null,"frequency":"default","local_seo":null,"seo_analyzer_scan_date":"2025-10-31 11:19:25","breadcrumb_settings":null,"limit_modified_date":false,"open_ai":null,"ai":{"faqs":[],"keyPoints":[],"titles":[],"descriptions":[],"socialPosts":{"email":[],"linkedin":[],"twitter":[],"facebook":[],"instagram":[]}},"created":"2025-03-14 10:03:48","updated":"2026-09-01 22:12:44"},"aioseo_breadcrumb":"<div class=\"aioseo-breadcrumbs\"><span class=\"aioseo-breadcrumb\">\n\t\t\t<a href=\"https:\/\/oceancamper.com\/cs\/\" title=\"Home\">Home<\/a>\n\t\t<\/span><span class=\"aioseo-breadcrumb-separator\">\u00bb<\/span><span class=\"aioseo-breadcrumb\">\n\t\t\t<a href=\"https:\/\/oceancamper.com\/cs\/category\/uncategorized-cs\/\" title=\"Uncategorized @cs\">Uncategorized @cs<\/a>\n\t\t<\/span><span class=\"aioseo-breadcrumb-separator\">\u00bb<\/span><span class=\"aioseo-breadcrumb\">\n\t\t\tPortugalsk\u00e1 kuchyn\u011b: Ryby, mo\u0159sk\u00e9 plody, maso a m\u00edstn\u00ed speciality, kter\u00e9 rozhodn\u011b mus\u00edte ochutnat\n\t\t<\/span><\/div>","aioseo_breadcrumb_json":[{"label":"Home","link":"https:\/\/oceancamper.com\/cs\/"},{"label":"Uncategorized @cs","link":"https:\/\/oceancamper.com\/cs\/category\/uncategorized-cs\/"},{"label":"Portugalsk\u00e1 kuchyn\u011b: Ryby, mo\u0159sk\u00e9 plody, maso a m\u00edstn\u00ed speciality, kter\u00e9 rozhodn\u011b mus\u00edte ochutnat","link":"https:\/\/oceancamper.com\/cs\/portugalska-kuchyne\/"}],"_links":{"self":[{"href":"https:\/\/oceancamper.com\/cs\/wp-json\/wp\/v2\/posts\/162204","targetHints":{"allow":["GET"]}}],"collection":[{"href":"https:\/\/oceancamper.com\/cs\/wp-json\/wp\/v2\/posts"}],"about":[{"href":"https:\/\/oceancamper.com\/cs\/wp-json\/wp\/v2\/types\/post"}],"author":[{"embeddable":true,"href":"https:\/\/oceancamper.com\/cs\/wp-json\/wp\/v2\/users\/1"}],"replies":[{"embeddable":true,"href":"https:\/\/oceancamper.com\/cs\/wp-json\/wp\/v2\/comments?post=162204"}],"version-history":[{"count":12,"href":"https:\/\/oceancamper.com\/cs\/wp-json\/wp\/v2\/posts\/162204\/revisions"}],"predecessor-version":[{"id":275275,"href":"https:\/\/oceancamper.com\/cs\/wp-json\/wp\/v2\/posts\/162204\/revisions\/275275"}],"wp:featuredmedia":[{"embeddable":true,"href":"https:\/\/oceancamper.com\/cs\/wp-json\/wp\/v2\/media\/164004"}],"wp:attachment":[{"href":"https:\/\/oceancamper.com\/cs\/wp-json\/wp\/v2\/media?parent=162204"}],"wp:term":[{"taxonomy":"category","embeddable":true,"href":"https:\/\/oceancamper.com\/cs\/wp-json\/wp\/v2\/categories?post=162204"},{"taxonomy":"post_tag","embeddable":true,"href":"https:\/\/oceancamper.com\/cs\/wp-json\/wp\/v2\/tags?post=162204"}],"curies":[{"name":"wp","href":"https:\/\/api.w.org\/{rel}","templated":true}]}}