{"id":162186,"date":"2020-12-24T18:59:36","date_gmt":"2020-12-24T18:59:36","guid":{"rendered":"https:\/\/oceancamper.com\/faro\/"},"modified":"2026-09-01T16:49:10","modified_gmt":"2026-09-01T16:49:10","slug":"co-podniknout-ve-faro","status":"publish","type":"post","link":"https:\/\/oceancamper.com\/cs\/co-podniknout-ve-faro\/","title":{"rendered":"Co d\u011blat ve m\u011bst\u011b Faro?"},"content":{"rendered":"\t\t<div data-elementor-type=\"wp-post\" data-elementor-id=\"162186\" class=\"elementor elementor-162186 elementor-3204\" data-elementor-post-type=\"post\">\n\t\t\t\t\t\t<section class=\"elementor-section elementor-top-section elementor-element elementor-element-f9d203d elementor-section-height-min-height elementor-section-stretched elementor-section-content-middle elementor-section-boxed elementor-section-height-default elementor-section-items-middle\" data-id=\"f9d203d\" data-element_type=\"section\" data-e-type=\"section\" data-settings=\"{&quot;stretch_section&quot;:&quot;section-stretched&quot;,&quot;background_background&quot;:&quot;classic&quot;}\">\n\t\t\t\t\t\t\t<div class=\"elementor-background-overlay\"><\/div>\n\t\t\t\t\t\t\t<div class=\"elementor-container elementor-column-gap-default\">\n\t\t\t\t\t<div class=\"elementor-column elementor-col-100 elementor-top-column elementor-element elementor-element-eb9caec\" data-id=\"eb9caec\" data-element_type=\"column\" data-e-type=\"column\">\n\t\t\t<div class=\"elementor-widget-wrap elementor-element-populated\">\n\t\t\t\t\t\t<div class=\"elementor-element elementor-element-a089e16 elementor-widget elementor-widget-theme-post-title elementor-page-title elementor-widget-heading\" data-id=\"a089e16\" data-element_type=\"widget\" data-e-type=\"widget\" data-widget_type=\"theme-post-title.default\">\n\t\t\t\t<div class=\"elementor-widget-container\">\n\t\t\t\t\t<h1 class=\"elementor-heading-title elementor-size-default\">Co d\u011blat ve m\u011bst\u011b Faro?<\/h1>\t\t\t\t<\/div>\n\t\t\t\t<\/div>\n\t\t\t\t<section class=\"elementor-section elementor-inner-section elementor-element elementor-element-e355815 elementor-section-boxed elementor-section-height-default elementor-section-height-default\" data-id=\"e355815\" data-element_type=\"section\" data-e-type=\"section\">\n\t\t\t\t\t\t<div class=\"elementor-container elementor-column-gap-default\">\n\t\t\t\t\t<div class=\"elementor-column elementor-col-33 elementor-inner-column elementor-element elementor-element-c01ee70\" data-id=\"c01ee70\" data-element_type=\"column\" data-e-type=\"column\">\n\t\t\t<div class=\"elementor-widget-wrap\">\n\t\t\t\t\t\t\t<\/div>\n\t\t<\/div>\n\t\t\t\t<div class=\"elementor-column elementor-col-33 elementor-inner-column elementor-element elementor-element-3a9dd63\" data-id=\"3a9dd63\" data-element_type=\"column\" data-e-type=\"column\">\n\t\t\t<div class=\"elementor-widget-wrap elementor-element-populated\">\n\t\t\t\t\t\t<div class=\"elementor-element elementor-element-4bb0ef6 elementor-author-box--align-center elementor-author-box--layout-image-above elementor-widget elementor-widget-author-box\" data-id=\"4bb0ef6\" data-element_type=\"widget\" data-e-type=\"widget\" data-widget_type=\"author-box.default\">\n\t\t\t\t<div class=\"elementor-widget-container\">\n\t\t\t\t\t\t\t<div class=\"elementor-author-box\">\n\t\t\t\t\t\t\t<div  class=\"elementor-author-box__avatar\">\n\t\t\t\t\t<img decoding=\"async\" src=\"https:\/\/oceancamper.com\/wp-content\/uploads\/2022\/02\/Nina-min-1-300x300.jpg\" alt=\"Picture of Nina\" loading=\"lazy\">\n\t\t\t\t<\/div>\n\t\t\t\n\t\t\t<div class=\"elementor-author-box__text\">\n\t\t\t\t\t\t\t\t\t<div >\n\t\t\t\t\t\t<h4 class=\"elementor-author-box__name\">\n\t\t\t\t\t\t\tNina\t\t\t\t\t\t<\/h4>\n\t\t\t\t\t<\/div>\n\t\t\t\t\n\t\t\t\t\t\t\t\t\t<div class=\"elementor-author-box__bio\">\n\t\t\t\t\t\t<p>Gener\u00e1ln\u00ed \u0159editel spole\u010dnosti Ocean Camper<\/p>\n\t\t\t\t\t<\/div>\n\t\t\t\t\n\t\t\t\t\t\t\t<\/div>\n\t\t<\/div>\n\t\t\t\t\t\t<\/div>\n\t\t\t\t<\/div>\n\t\t\t\t\t<\/div>\n\t\t<\/div>\n\t\t\t\t<div class=\"elementor-column elementor-col-33 elementor-inner-column elementor-element elementor-element-ad2f6bb\" data-id=\"ad2f6bb\" data-element_type=\"column\" data-e-type=\"column\">\n\t\t\t<div class=\"elementor-widget-wrap\">\n\t\t\t\t\t\t\t<\/div>\n\t\t<\/div>\n\t\t\t\t\t<\/div>\n\t\t<\/section>\n\t\t\t\t\t<\/div>\n\t\t<\/div>\n\t\t\t\t\t<\/div>\n\t\t<\/section>\n\t\t\t\t<section class=\"elementor-section elementor-top-section elementor-element elementor-element-ca40981 elementor-section-stretched elementor-section-boxed elementor-section-height-default elementor-section-height-default\" data-id=\"ca40981\" data-element_type=\"section\" data-e-type=\"section\" data-settings=\"{&quot;stretch_section&quot;:&quot;section-stretched&quot;,&quot;background_background&quot;:&quot;classic&quot;}\">\n\t\t\t\t\t\t<div class=\"elementor-container elementor-column-gap-default\">\n\t\t\t\t\t<div class=\"elementor-column elementor-col-100 elementor-top-column elementor-element elementor-element-3f1c136 elementor-invisible\" data-id=\"3f1c136\" data-element_type=\"column\" data-e-type=\"column\" data-settings=\"{&quot;background_background&quot;:&quot;classic&quot;,&quot;animation&quot;:&quot;fadeIn&quot;}\">\n\t\t\t<div class=\"elementor-widget-wrap elementor-element-populated\">\n\t\t\t\t\t<div class=\"elementor-background-overlay\"><\/div>\n\t\t\t\t\t\t<div class=\"elementor-element elementor-element-3403ef8 elementor-widget elementor-widget-heading\" data-id=\"3403ef8\" data-element_type=\"widget\" data-e-type=\"widget\" data-widget_type=\"heading.default\">\n\t\t\t\t<div class=\"elementor-widget-container\">\n\t\t\t\t\t<h2 class=\"elementor-heading-title elementor-size-default\">Index<\/h2>\t\t\t\t<\/div>\n\t\t\t\t<\/div>\n\t\t\t\t<div class=\"elementor-element elementor-element-11caf63 elementor-widget elementor-widget-text-editor\" data-id=\"11caf63\" data-element_type=\"widget\" data-e-type=\"widget\" data-widget_type=\"text-editor.default\">\n\t\t\t\t<div class=\"elementor-widget-container\">\n\t\t\t\t\t\t\t\t\t<ol><li><a href=\"#discover\">Nejlep\u0161\u00ed m\u00edsta k n\u00e1v\u0161t\u011bv\u011b ve Faru<\/a><\/li><li><a href=\"#history\">Spojen\u00ed historie a kouzla<\/a><\/li><li><a href=\"#nature\">P\u0159\u00edroda na dosah ruky<\/a><\/li><li><a href=\"#beaches\">Pl\u00e1\u017ee, ostrovy a nekone\u010dn\u00e9 slune\u010dn\u00ed paprsky<\/a><\/li><li><a href=\"#airport\">V\u00e1\u0161 start z leti\u0161t\u011b<\/a><\/li><li><a href=\"#transport\">Odjezd z leti\u0161t\u011b ve Faru: mo\u017enosti dopravy<\/a><\/li><li><a href=\"#restaurants\">Nejlep\u0161\u00ed restaurace ve Faru<\/a><\/li><li><a href=\"#activities\">Co d\u011blat ve Faru: nejlep\u0161\u00ed aktivity<\/a><\/li><li><a href=\"#campervan\">Pro\u010d je Faro ide\u00e1ln\u00edm v\u00fdchoz\u00edm bodem<\/a><\/li><\/ol>\t\t\t\t\t\t\t\t<\/div>\n\t\t\t\t<\/div>\n\t\t\t\t\t<\/div>\n\t\t<\/div>\n\t\t\t\t\t<\/div>\n\t\t<\/section>\n\t\t\t\t<section class=\"elementor-section elementor-top-section elementor-element elementor-element-5bf65ed7 elementor-section-stretched elementor-section-boxed elementor-section-height-default elementor-section-height-default\" data-id=\"5bf65ed7\" data-element_type=\"section\" data-e-type=\"section\" id=\"discover\" data-settings=\"{&quot;stretch_section&quot;:&quot;section-stretched&quot;,&quot;background_background&quot;:&quot;classic&quot;}\">\n\t\t\t\t\t\t<div class=\"elementor-container elementor-column-gap-default\">\n\t\t\t\t\t<div class=\"elementor-column elementor-col-100 elementor-top-column elementor-element elementor-element-6bd49279\" data-id=\"6bd49279\" data-element_type=\"column\" data-e-type=\"column\">\n\t\t\t<div class=\"elementor-widget-wrap elementor-element-populated\">\n\t\t\t\t\t\t<div class=\"elementor-element elementor-element-14ee1797 elementor-widget elementor-widget-heading\" data-id=\"14ee1797\" data-element_type=\"widget\" data-e-type=\"widget\" data-widget_type=\"heading.default\">\n\t\t\t\t<div class=\"elementor-widget-container\">\n\t\t\t\t\t<h2 class=\"elementor-heading-title elementor-size-default\">Faro: br\u00e1na k va\u0161emu dobrodru\u017estv\u00ed na Algarve<\/h2>\t\t\t\t<\/div>\n\t\t\t\t<\/div>\n\t\t\t\t<div class=\"elementor-element elementor-element-77816862 elementor-widget__width-initial elementor-widget elementor-widget-text-editor\" data-id=\"77816862\" data-element_type=\"widget\" data-e-type=\"widget\" data-widget_type=\"text-editor.default\">\n\t\t\t\t<div class=\"elementor-widget-container\">\n\t\t\t\t\t\t\t\t\t<p data-pm-slice=\"1 1 []\">Faro se nach\u00e1z\u00ed v nejji\u017en\u011bj\u0161\u00edm regionu Portugalska a je v\u00edce ne\u017e jen hlavn\u00edm m\u011bstem Algarve. Je to \u017eiv\u00e9 m\u011bsto a ide\u00e1ln\u00ed v\u00fdchoz\u00ed bod pro v\u00e1\u0161 portugalsk\u00fd v\u00fdlet. A\u0165 u\u017e se vyd\u00e1te na cestu v minikampervanu, nebo na p\u011b\u0161\u00ed prohl\u00eddku, je tu toho spousta k vid\u011bn\u00ed. Co tedy <em>d\u011blat ve Faru?<\/em> Poj\u010fme se do toho pono\u0159it!   <\/p>\t\t\t\t\t\t\t\t<\/div>\n\t\t\t\t<\/div>\n\t\t\t\t\t<\/div>\n\t\t<\/div>\n\t\t\t\t\t<\/div>\n\t\t<\/section>\n\t\t<div class=\"elementor-element elementor-element-d51b0e3 e-flex e-con-boxed e-con e-parent\" data-id=\"d51b0e3\" data-element_type=\"container\" data-e-type=\"container\">\n\t\t\t\t\t<div class=\"e-con-inner\">\n\t\t\t\t<div class=\"elementor-element elementor-element-ad3097e elementor-widget elementor-widget-image\" data-id=\"ad3097e\" data-element_type=\"widget\" data-e-type=\"widget\" data-widget_type=\"image.default\">\n\t\t\t\t<div class=\"elementor-widget-container\">\n\t\t\t\t\t\t\t\t\t\t\t\t\t\t\t<img fetchpriority=\"high\" decoding=\"async\" width=\"1536\" height=\"1024\" src=\"https:\/\/oceancamper.com\/wp-content\/uploads\/2020\/12\/AdobeStock_52247054-1-min-1536x1024.jpeg\" class=\"attachment-1536x1536 size-1536x1536 wp-image-183882\" alt=\"Radnice ve m\u011bst\u011b Faro v Algarve, pam\u00e1tka uveden\u00e1 v na\u0161em pr\u016fvodci \u201eCo podniknout ve Faru\u201c.\" srcset=\"https:\/\/oceancamper.com\/wp-content\/uploads\/2020\/12\/AdobeStock_52247054-1-min-1536x1024.jpeg 1536w, https:\/\/oceancamper.com\/wp-content\/uploads\/2020\/12\/AdobeStock_52247054-1-min-300x200.jpeg 300w, https:\/\/oceancamper.com\/wp-content\/uploads\/2020\/12\/AdobeStock_52247054-1-min-1024x683.jpeg 1024w, https:\/\/oceancamper.com\/wp-content\/uploads\/2020\/12\/AdobeStock_52247054-1-min-768x512.jpeg 768w, https:\/\/oceancamper.com\/wp-content\/uploads\/2020\/12\/AdobeStock_52247054-1-min-2048x1365.jpeg 2048w, https:\/\/oceancamper.com\/wp-content\/uploads\/2020\/12\/AdobeStock_52247054-1-min-240x160.jpeg 240w\" sizes=\"(max-width: 1536px) 100vw, 1536px\" \/>\t\t\t\t\t\t\t\t\t\t\t\t\t\t\t<\/div>\n\t\t\t\t<\/div>\n\t\t\t\t\t<\/div>\n\t\t\t\t<\/div>\n\t\t\t\t<section class=\"elementor-section elementor-top-section elementor-element elementor-element-9dd7084 elementor-section-stretched elementor-section-boxed elementor-section-height-default elementor-section-height-default\" data-id=\"9dd7084\" data-element_type=\"section\" data-e-type=\"section\" id=\"history\" data-settings=\"{&quot;stretch_section&quot;:&quot;section-stretched&quot;,&quot;background_background&quot;:&quot;classic&quot;}\">\n\t\t\t\t\t\t<div class=\"elementor-container elementor-column-gap-default\">\n\t\t\t\t\t<div class=\"elementor-column elementor-col-100 elementor-top-column elementor-element elementor-element-6ec6969d\" data-id=\"6ec6969d\" data-element_type=\"column\" data-e-type=\"column\">\n\t\t\t<div class=\"elementor-widget-wrap elementor-element-populated\">\n\t\t\t\t\t\t<div class=\"elementor-element elementor-element-1a195d0e elementor-widget elementor-widget-heading\" data-id=\"1a195d0e\" data-element_type=\"widget\" data-e-type=\"widget\" data-widget_type=\"heading.default\">\n\t\t\t\t<div class=\"elementor-widget-container\">\n\t\t\t\t\t<h2 class=\"elementor-heading-title elementor-size-default\">Sm\u011bs historie a p\u016fvabu<\/h2>\t\t\t\t<\/div>\n\t\t\t\t<\/div>\n\t\t\t\t<div class=\"elementor-element elementor-element-6c757fa0 elementor-widget elementor-widget-text-editor\" data-id=\"6c757fa0\" data-element_type=\"widget\" data-e-type=\"widget\" data-widget_type=\"text-editor.default\">\n\t\t\t\t<div class=\"elementor-widget-container\">\n\t\t\t\t\t\t\t\t\t<p>Faro m\u00e1 bohatou historii a kulturu. Jeho okouzluj\u00edc\u00ed star\u00e9 m\u011bsto, zn\u00e1m\u00e9 jako Cidade Velha, obklopuj\u00ed starobyl\u00e9 m\u011bstsk\u00e9 hradby. Dl\u00e1\u017ed\u011bn\u00e9 uli\u010dky v\u00e1s p\u0159enesou zp\u011bt v \u010dase. Za\u010dn\u011bte u Arco da Vila, n\u00e1dhern\u00e9 br\u00e1ny do historick\u00e9 \u010dtvrti. Pot\u00e9 se vydejte ke katedr\u00e1le S\u00e9. Vystoupejte a\u017e na vrchol a u\u017eijte si dechberouc\u00ed v\u00fdhledy na m\u011bsto a p\u0159\u00edrodn\u00ed park Ria Formosa. P\u0159em\u00fd\u0161l\u00edte, co podniknout ve Faru d\u00e1l? \u010ct\u011bte d\u00e1l!       <\/p>\t\t\t\t\t\t\t\t<\/div>\n\t\t\t\t<\/div>\n\t\t\t\t\t<\/div>\n\t\t<\/div>\n\t\t\t\t\t<\/div>\n\t\t<\/section>\n\t\t\t\t<section class=\"elementor-section elementor-top-section elementor-element elementor-element-475d6 elementor-section-stretched elementor-section-boxed elementor-section-height-default elementor-section-height-default\" data-id=\"475d6\" data-element_type=\"section\" data-e-type=\"section\" id=\"nature\" data-settings=\"{&quot;stretch_section&quot;:&quot;section-stretched&quot;,&quot;background_background&quot;:&quot;classic&quot;}\">\n\t\t\t\t\t\t<div class=\"elementor-container elementor-column-gap-default\">\n\t\t\t\t\t<div class=\"elementor-column elementor-col-100 elementor-top-column elementor-element elementor-element-34f7a336\" data-id=\"34f7a336\" data-element_type=\"column\" data-e-type=\"column\">\n\t\t\t<div class=\"elementor-widget-wrap elementor-element-populated\">\n\t\t\t\t\t\t<div class=\"elementor-element elementor-element-4daed2c8 elementor-widget elementor-widget-heading\" data-id=\"4daed2c8\" data-element_type=\"widget\" data-e-type=\"widget\" data-widget_type=\"heading.default\">\n\t\t\t\t<div class=\"elementor-widget-container\">\n\t\t\t\t\t<h2 class=\"elementor-heading-title elementor-size-default\">P\u0159\u00edroda na dosah ruky<\/h2>\t\t\t\t<\/div>\n\t\t\t\t<\/div>\n\t\t\t\t<div class=\"elementor-element elementor-element-2e4d1d20 elementor-widget elementor-widget-text-editor\" data-id=\"2e4d1d20\" data-element_type=\"widget\" data-e-type=\"widget\" data-widget_type=\"text-editor.default\">\n\t\t\t\t<div class=\"elementor-widget-container\">\n\t\t\t\t\t\t\t\t\t<p>P\u0159\u00edrodn\u00ed park Ria Formosa se nach\u00e1z\u00ed jen n\u011bkolik minut od m\u011bsta Faro. Tento \u00fa\u017easn\u00fd ekosyst\u00e9m lagun, mok\u0159ad\u016f a ostrov\u016f je r\u00e1jem pro milovn\u00edky p\u0159\u00edrody. Vydejte se na v\u00fdlet lod\u00ed, p\u016fj\u010dte si kajak nebo se vydejte na p\u011b\u0161\u00ed t\u00faru po malebn\u00fdch stezk\u00e1ch. Hled\u00e1te, co d\u011blat ve Faru? Tento \u00fat\u011bk do p\u0159\u00edrody si rozhodn\u011b nenechte uj\u00edt!    <\/p>\t\t\t\t\t\t\t\t<\/div>\n\t\t\t\t<\/div>\n\t\t\t\t\t<\/div>\n\t\t<\/div>\n\t\t\t\t\t<\/div>\n\t\t<\/section>\n\t\t\t\t<section class=\"elementor-section elementor-top-section elementor-element elementor-element-9343908 elementor-section-stretched elementor-section-boxed elementor-section-height-default elementor-section-height-default\" data-id=\"9343908\" data-element_type=\"section\" data-e-type=\"section\" id=\"beaches\" data-settings=\"{&quot;stretch_section&quot;:&quot;section-stretched&quot;,&quot;background_background&quot;:&quot;classic&quot;}\">\n\t\t\t\t\t\t<div class=\"elementor-container elementor-column-gap-default\">\n\t\t\t\t\t<div class=\"elementor-column elementor-col-100 elementor-top-column elementor-element elementor-element-8fa20dd\" data-id=\"8fa20dd\" data-element_type=\"column\" data-e-type=\"column\">\n\t\t\t<div class=\"elementor-widget-wrap elementor-element-populated\">\n\t\t\t\t\t\t<div class=\"elementor-element elementor-element-2feb3c6 elementor-widget elementor-widget-heading\" data-id=\"2feb3c6\" data-element_type=\"widget\" data-e-type=\"widget\" data-widget_type=\"heading.default\">\n\t\t\t\t<div class=\"elementor-widget-container\">\n\t\t\t\t\t<h2 class=\"elementor-heading-title elementor-size-default\">Pl\u00e1\u017ee, ostrovy a nekone\u010dn\u00e9 slunce<\/h2>\t\t\t\t<\/div>\n\t\t\t\t<\/div>\n\t\t\t\t<div class=\"elementor-element elementor-element-ccacb6d elementor-widget elementor-widget-text-editor\" data-id=\"ccacb6d\" data-element_type=\"widget\" data-e-type=\"widget\" data-widget_type=\"text-editor.default\">\n\t\t\t\t<div class=\"elementor-widget-container\">\n\t\t\t\t\t\t\t\t\t<p data-pm-slice=\"1 1 []\">Faro je vstupn\u00ed branou k n\u00e1dhern\u00fdm pl\u00e1\u017e\u00edm. Za sluncem a vodn\u00edmi sporty se m\u016f\u017eete vydat trajektem na ostrov Ilha de Faro. D\u00e1v\u00e1te p\u0159ednost odlehl\u00e9mu m\u00edstu? Vydejte se na Ilha Deserta nebo Ilha da Culatra za nedot\u010denou p\u0159\u00edrodou. Pokud hled\u00e1te nejlep\u0161\u00ed m\u00edsta, kter\u00e1 ve Faru nav\u0161t\u00edvit, tohle jsou nejlep\u0161\u00ed volby!    <\/p>\t\t\t\t\t\t\t\t<\/div>\n\t\t\t\t<\/div>\n\t\t\t\t\t<\/div>\n\t\t<\/div>\n\t\t\t\t\t<\/div>\n\t\t<\/section>\n\t\t\t\t<section class=\"elementor-section elementor-top-section elementor-element elementor-element-71bfa2a elementor-section-stretched elementor-section-boxed elementor-section-height-default elementor-section-height-default\" data-id=\"71bfa2a\" data-element_type=\"section\" data-e-type=\"section\" id=\"airport\" data-settings=\"{&quot;stretch_section&quot;:&quot;section-stretched&quot;,&quot;background_background&quot;:&quot;classic&quot;}\">\n\t\t\t\t\t\t<div class=\"elementor-container elementor-column-gap-default\">\n\t\t\t\t\t<div class=\"elementor-column elementor-col-100 elementor-top-column elementor-element elementor-element-7b2ff7c\" data-id=\"7b2ff7c\" data-element_type=\"column\" data-e-type=\"column\">\n\t\t\t<div class=\"elementor-widget-wrap elementor-element-populated\">\n\t\t\t\t\t\t<div class=\"elementor-element elementor-element-89937f0 elementor-widget elementor-widget-heading\" data-id=\"89937f0\" data-element_type=\"widget\" data-e-type=\"widget\" data-widget_type=\"heading.default\">\n\t\t\t\t<div class=\"elementor-widget-container\">\n\t\t\t\t\t<h2 class=\"elementor-heading-title elementor-size-default\">V\u00e1\u0161 start z leti\u0161t\u011b<\/h2>\t\t\t\t<\/div>\n\t\t\t\t<\/div>\n\t\t\t\t<div class=\"elementor-element elementor-element-78f5991 elementor-widget elementor-widget-text-editor\" data-id=\"78f5991\" data-element_type=\"widget\" data-e-type=\"widget\" data-widget_type=\"text-editor.default\">\n\t\t\t\t<div class=\"elementor-widget-container\">\n\t\t\t\t\t\t\t\t\t<p data-pm-slice=\"1 1 []\">Leti\u0161t\u011b Faro se nach\u00e1z\u00ed pouh\u00e9 3 km od pl\u00e1\u017ee Faro a 6 km od centra m\u011bsta. Pokud pr\u00e1v\u011b p\u0159ij\u00ed\u017ed\u00edte a p\u0159em\u00fd\u0161l\u00edte <em>, co v Faru podniknout,<\/em> tady je n\u011bkolik tip\u016f, kde za\u010d\u00edt. <\/p>\t\t\t\t\t\t\t\t<\/div>\n\t\t\t\t<\/div>\n\t\t\t\t\t<\/div>\n\t\t<\/div>\n\t\t\t\t\t<\/div>\n\t\t<\/section>\n\t\t\t\t<section class=\"elementor-section elementor-top-section elementor-element elementor-element-c6f448f elementor-section-stretched elementor-section-boxed elementor-section-height-default elementor-section-height-default\" data-id=\"c6f448f\" data-element_type=\"section\" data-e-type=\"section\" id=\"transport\" data-settings=\"{&quot;stretch_section&quot;:&quot;section-stretched&quot;,&quot;background_background&quot;:&quot;classic&quot;}\">\n\t\t\t\t\t\t<div class=\"elementor-container elementor-column-gap-default\">\n\t\t\t\t\t<div class=\"elementor-column elementor-col-100 elementor-top-column elementor-element elementor-element-b9e58f4\" data-id=\"b9e58f4\" data-element_type=\"column\" data-e-type=\"column\">\n\t\t\t<div class=\"elementor-widget-wrap elementor-element-populated\">\n\t\t\t\t\t\t<div class=\"elementor-element elementor-element-f6652d1 elementor-widget elementor-widget-heading\" data-id=\"f6652d1\" data-element_type=\"widget\" data-e-type=\"widget\" data-widget_type=\"heading.default\">\n\t\t\t\t<div class=\"elementor-widget-container\">\n\t\t\t\t\t<h2 class=\"elementor-heading-title elementor-size-default\">Odlet z leti\u0161t\u011b Faro: Dopravn\u00ed mo\u017enosti<\/h2>\t\t\t\t<\/div>\n\t\t\t\t<\/div>\n\t\t\t\t<div class=\"elementor-element elementor-element-306722f elementor-widget elementor-widget-text-editor\" data-id=\"306722f\" data-element_type=\"widget\" data-e-type=\"widget\" data-widget_type=\"text-editor.default\">\n\t\t\t\t<div class=\"elementor-widget-container\">\n\t\t\t\t\t\t\t\t\t<ul data-spread=\"false\" data-pm-slice=\"3 3 []\"><li><p><strong style=\"background-color: transparent; color: var( --e-global-color-text );\">Mo\u017enost A:<\/strong><span style=\"background-color: transparent; color: var( --e-global-color-text );\">  Autobusem do centra m\u011bsta Faro nebo na pl\u00e1\u017e Faro. Pod\u00edvejte se na   <\/span><a href=\"https:\/\/www.proximo.pt\/\" target=\"_blank\" rel=\"noopener\">j\u00edzdn\u00ed \u0159\u00e1d autobus\u016f zde<\/a><span style=\"background-color: transparent; color: var( --e-global-color-text );\">.<\/span><\/p><\/li><li><p><strong>Mo\u017enost B:<\/strong> Vezm\u011bte si taxi na ur\u010den\u00e9m stanovi\u0161ti<a href=\"https:\/\/maps.app.goo.gl\/s1Vot9RToZArHXB6A\" target=\"_blank\" rel=\"noopener\">(mapa zde)<\/a>.<\/p><\/li><li><p><strong>Mo\u017enost C:<\/strong> Vyu\u017eij slu\u017eeb spoluj\u00edzdy, jako je Uber nebo Bolt ( <a href=\"https:\/\/maps.app.goo.gl\/rzwnH9fA5xsHmS8T6\" target=\"_blank\" rel=\"noopener\">zde<\/a> \u010dekac\u00ed z\u00f3ny).<\/p><\/li><\/ul>\t\t\t\t\t\t\t\t<\/div>\n\t\t\t\t<\/div>\n\t\t\t\t\t<\/div>\n\t\t<\/div>\n\t\t\t\t\t<\/div>\n\t\t<\/section>\n\t\t\t\t<section class=\"elementor-section elementor-top-section elementor-element elementor-element-05385c0 elementor-section-stretched elementor-section-boxed elementor-section-height-default elementor-section-height-default\" data-id=\"05385c0\" data-element_type=\"section\" data-e-type=\"section\" id=\"restaurants\" data-settings=\"{&quot;stretch_section&quot;:&quot;section-stretched&quot;,&quot;background_background&quot;:&quot;classic&quot;}\">\n\t\t\t\t\t\t<div class=\"elementor-container elementor-column-gap-default\">\n\t\t\t\t\t<div class=\"elementor-column elementor-col-100 elementor-top-column elementor-element elementor-element-e90c8e1\" data-id=\"e90c8e1\" data-element_type=\"column\" data-e-type=\"column\">\n\t\t\t<div class=\"elementor-widget-wrap elementor-element-populated\">\n\t\t\t\t\t\t<div class=\"elementor-element elementor-element-6c0e4d0 elementor-widget elementor-widget-heading\" data-id=\"6c0e4d0\" data-element_type=\"widget\" data-e-type=\"widget\" data-widget_type=\"heading.default\">\n\t\t\t\t<div class=\"elementor-widget-container\">\n\t\t\t\t\t<h2 class=\"elementor-heading-title elementor-size-default\">Nejlep\u0161\u00ed restaurace ve Faru: kam na j\u00eddlo<\/h2>\t\t\t\t<\/div>\n\t\t\t\t<\/div>\n\t\t\t\t<div class=\"elementor-element elementor-element-b382706 elementor-widget elementor-widget-text-editor\" data-id=\"b382706\" data-element_type=\"widget\" data-e-type=\"widget\" data-widget_type=\"text-editor.default\">\n\t\t\t\t<div class=\"elementor-widget-container\">\n\t\t\t\t\t\t\t\t\t<ul><li>M\u00e1te po letu hlad? Ne\u017e za\u010dnete zkoumat, <em>co d\u011blat ve Faru<\/em>, vyzkou\u0161ejte tato skv\u011bl\u00e1 m\u00edsta: <\/li><\/ul><h3><b>Restaurace v doch\u00e1zkov\u00e9 vzd\u00e1lenosti od leti\u0161t\u011b Faro<\/b><\/h3><ul data-spread=\"false\"><li><p><strong>A Tapita<\/strong>: portugalsk\u00e9 tapas a denn\u00ed speciality, 1,2 km od leti\u0161t\u011b. <a href=\"https:\/\/goo.gl\/maps\/iGcznBdr5avgdr8q7\" target=\"_blank\" rel=\"noopener\">Mapa zde<\/a>.<\/p><\/li><li><p><strong style=\"background-color: transparent; color: var( --e-global-color-text );\">Os Manos<\/strong><span style=\"background-color: transparent; color: var( --e-global-color-text );\">: \u010cerstv\u011b grilovan\u00e9 ryby, st\u0159edn\u00ed cenov\u00e1 kategorie, vzd\u00e1lenost 1,2 km. <\/span><a href=\"https:\/\/goo.gl\/maps\/cLjcrjXPuVogiKMC7\" target=\"_blank\" rel=\"noopener\">Mapa zde<\/a><span style=\"background-color: transparent; color: var( --e-global-color-text );\">.<\/span><\/p><\/li><li><p><strong>Sestra Frango <\/strong>: vynikaj\u00edc\u00ed grilovan\u00e9 ku\u0159e za p\u0159\u00edzniv\u00e9 ceny, 1,9 km odtud. <a href=\"https:\/\/goo.gl\/maps\/eR4Fhd5nWT6ppX7Z7\" target=\"_blank\" rel=\"noopener\">Mapa zde<\/a>.<\/p><\/li><\/ul><p><span style=\"color: inherit; font-size: 1.75rem; background-color: transparent;\"><b>Restaurace v bl\u00edzkosti autobusov\u00e9ho a vlakov\u00e9ho n\u00e1dra\u017e\u00ed<\/b><\/span><\/p><p><span style=\"background-color: transparent; color: var( --e-global-color-text );\">P\u0159ij\u00ed\u017ed\u00edte autobusem nebo vlakem? Zastavte se p\u0159ed odjezdem na j\u00eddlo   <\/span><em style=\"background-color: transparent; color: var( --e-global-color-text );\">co d\u011blat ve m\u011bst\u011b Faro<\/em><span style=\"background-color: transparent; color: var( --e-global-color-text );\">:<\/span><\/p><ul data-spread=\"false\"><li><p><span style=\"background-color: transparent; color: var( --e-global-color-text ); font-weight: bolder;\">O Chalavar<\/span><span style=\"background-color: transparent; color: var( --e-global-color-text );\">: grilovan\u00e9 ryby, mo\u0159sk\u00e9 plody a maso; tradi\u010dn\u00ed a cenov\u011b dostupn\u00e9. <\/span><a href=\"https:\/\/goo.gl\/maps\/pxFsM4VQhcxQzr7p9\" target=\"_blank\" rel=\"noopener\">Mapa zde<\/a><span style=\"background-color: transparent; color: var( --e-global-color-text );\">.<\/span><\/p><\/li><li><p><span style=\"background-color: transparent; color: var( --e-global-color-text ); font-weight: bolder;\">A Tasca do Jo\u00e3o<\/span><span style=\"background-color: transparent; color: var( --e-global-color-text );\">: \u0160pi\u010dkov\u00e9 portugalsk\u00e9 tapas za rozumn\u00e9 ceny. <\/span><a href=\"https:\/\/goo.gl\/maps\/RyUbDHq25F1imbqC9\" target=\"_blank\" rel=\"noopener\">Mapa zde<\/a><span style=\"background-color: transparent; color: var( --e-global-color-text );\">.<\/span><\/p><\/li><li><p><span style=\"background-color: transparent; color: var( --e-global-color-text );\"><strong>O Castelo<\/strong>: vynikaj\u00edc\u00ed portugalsk\u00e1 kuchyn\u011b s \u017eivou hudbou.<\/span><a href=\"https:\/\/maps.app.goo.gl\/2wWER8yKTH6mZJ328\" target=\"_blank\" rel=\"noopener\">Mapa zde.<\/a><\/p><\/li><li><p><span style=\"background-color: transparent; color: var( --e-global-color-text ); font-weight: bolder;\">A Venda<\/span><span style=\"background-color: transparent; color: var( --e-global-color-text );\">: jedine\u010dn\u00fd z\u00e1\u017eitek z portugalsk\u00fdch tapas. <\/span><a href=\"https:\/\/maps.app.goo.gl\/vBZeVjrTvL9vQbws5\" target=\"_blank\" rel=\"noopener\">Mapa zde<\/a><span style=\"background-color: transparent; color: var( --e-global-color-text );\">.<\/span><\/p><\/li><li><p><span style=\"background-color: transparent; color: var( --e-global-color-text ); font-weight: bolder;\">O Cruzeiro<\/span><span style=\"background-color: transparent; color: var( --e-global-color-text );\">: Tradi\u010dn\u00ed ryb\u00ed a masov\u00e9 pokrmy (pouze ve\u010de\u0159e). <\/span><a href=\"https:\/\/goo.gl\/maps\/KaPN8RbZ6Np8ANoCA\" target=\"_blank\" rel=\"noopener\">Mapa zde<\/a><span style=\"background-color: transparent; color: var( --e-global-color-text );\">.<\/span><\/p><\/li><\/ul><p><span style=\"color: inherit; font-size: 1.75rem; background-color: transparent;\"><span style=\"font-weight: bold;\">Restaurace na pl\u00e1\u017ei Faro (Praia do Faro)<\/span><\/span><\/p><ul data-spread=\"false\"><li><p><span style=\"background-color: transparent; color: var( --e-global-color-text ); font-weight: bolder;\">Elementos<\/span><span style=\"background-color: transparent; color: var( --e-global-color-text );\">:Portugalsk\u00e9 tapas a j\u00eddlo s v\u00fdhledem na \u0159eku. <\/span><a href=\"https:\/\/maps.app.goo.gl\/LucNoK3d1tUgCaFo8\" target=\"_blank\" rel=\"noopener\">Mapa zde<\/a><span style=\"background-color: transparent; color: var( --e-global-color-text );\">.<\/span><\/p><\/li><li><p><span style=\"background-color: transparent; color: var( --e-global-color-text ); font-weight: bolder;\">O Rui<\/span><span style=\"background-color: transparent; color: var( --e-global-color-text );\">: Tradi\u010dn\u00ed ryb\u00ed restaurace s vysokou kvalitou. <\/span><a href=\"https:\/\/maps.app.goo.gl\/eH4KrzQiJhf1vBrV9\" target=\"_blank\" rel=\"noopener\">Mapa zde<\/a><span style=\"background-color: transparent; color: var( --e-global-color-text );\">.<\/span><\/p><\/li><li><p><span style=\"background-color: transparent; color: var( --e-global-color-text ); font-weight: bolder;\">Hotel Aeromar<\/span><span style=\"background-color: transparent; color: var( --e-global-color-text );\">: nejlep\u0161\u00ed m\u00edsto, kde si d\u00e1t sn\u00eddani za rozumnou cenu. <\/span><a href=\"https:\/\/maps.app.goo.gl\/8o45g18a3KyFkUvh7\" target=\"_blank\" rel=\"noopener\">Mapa zde<\/a><span style=\"background-color: transparent; color: var( --e-global-color-text );\">.<\/span><\/p><\/li><li><span style=\"background-color: transparent; color: var( --e-global-color-text ); font-weight: bolder;\">WAX<\/span><span style=\"background-color: transparent; color: var( --e-global-color-text );\">:Skv\u011bl\u00e9 m\u00edsto na sva\u010dinu nebo drink p\u0159i z\u00e1padu slunce. <\/span><a href=\"https:\/\/maps.app.goo.gl\/bRLYU3nXpgC3jU7D7\" target=\"_blank\" rel=\"noopener\">Mapa zde<\/a><span style=\"background-color: transparent; color: var( --e-global-color-text );\">.<\/span><\/li><\/ul>\t\t\t\t\t\t\t\t<\/div>\n\t\t\t\t<\/div>\n\t\t\t\t\t<\/div>\n\t\t<\/div>\n\t\t\t\t\t<\/div>\n\t\t<\/section>\n\t\t\t\t<section class=\"elementor-section elementor-top-section elementor-element elementor-element-239a752 elementor-section-stretched elementor-section-boxed elementor-section-height-default elementor-section-height-default\" data-id=\"239a752\" data-element_type=\"section\" data-e-type=\"section\" id=\"activities\" data-settings=\"{&quot;stretch_section&quot;:&quot;section-stretched&quot;,&quot;background_background&quot;:&quot;classic&quot;}\">\n\t\t\t\t\t\t<div class=\"elementor-container elementor-column-gap-default\">\n\t\t\t\t\t<div class=\"elementor-column elementor-col-100 elementor-top-column elementor-element elementor-element-78df90b\" data-id=\"78df90b\" data-element_type=\"column\" data-e-type=\"column\">\n\t\t\t<div class=\"elementor-widget-wrap elementor-element-populated\">\n\t\t\t\t\t\t<div class=\"elementor-element elementor-element-6197d87 elementor-widget elementor-widget-heading\" data-id=\"6197d87\" data-element_type=\"widget\" data-e-type=\"widget\" data-widget_type=\"heading.default\">\n\t\t\t\t<div class=\"elementor-widget-container\">\n\t\t\t\t\t<h2 class=\"elementor-heading-title elementor-size-default\">Co d\u011blat ve Faru: nejlep\u0161\u00ed aktivity<\/h2>\t\t\t\t<\/div>\n\t\t\t\t<\/div>\n\t\t\t\t<div class=\"elementor-element elementor-element-957b211 elementor-widget elementor-widget-text-editor\" data-id=\"957b211\" data-element_type=\"widget\" data-e-type=\"widget\" data-widget_type=\"text-editor.default\">\n\t\t\t\t<div class=\"elementor-widget-container\">\n\t\t\t\t\t\t\t\t\t<p data-pm-slice=\"1 3 []\">Te\u010f, kdy\u017e jste se usadili, poj\u010fme prozkoumat, co d\u011blat Faro? Pod\u00edvejte se na tyto aktivity, kter\u00e9 mus\u00edte vyzkou\u0161et: <\/p><p><strong>Pozn\u00e1v\u00e1n\u00ed p\u0159\u00edrody a divok\u00e9 zv\u011b\u0159e<\/strong><\/p><ul><li>V\u00fdlet lod\u00ed za pozorov\u00e1n\u00edm pt\u00e1k\u016f: pozorujte \u00fa\u017easn\u00e9 druhy pt\u00e1k\u016f v Ria Formosa.<\/li><li>Prohl\u00eddka lod\u00ed v Ria Formosa: vychutnejte si \u00fachvatnou lagunu a jej\u00ed p\u0159\u00edrodn\u00ed kr\u00e1sy.<\/li><\/ul><p><strong>Ostrovn\u00ed dobrodru\u017estv\u00ed<\/strong><\/p><ul><li>Nav\u0161tivte ostrovy v okol\u00ed Fara:<a href=\"https:\/\/www.ilhadeserta.com\/en\" target=\"_blank\" rel=\"noopener\">Objevte Ilha Deserta<\/a>, Ilha do Farol a Culatra.<\/li><li>Vydejte se lod\u00ed na ostrov Ilha Deserta: Svou cestu za\u010dn\u011bte pr\u00e1v\u011b <a href=\"https:\/\/maps.app.goo.gl\/c7Q5Mcv6AEYTAgRJA\" target=\"_blank\" rel=\"noopener\">tady<\/a>.<\/li><\/ul><p><strong>Z\u00e1\u017eitky z m\u011bsta<\/strong><\/p><ul><li>Turistick\u00fd m\u011bstsk\u00fd vl\u00e1\u010dek: Z\u00e1bavn\u00fd a pohodln\u00fd zp\u016fsob, jak si prohl\u00e9dnout nejzaj\u00edmav\u011bj\u0161\u00ed m\u00edsta ve Faru.<\/li><li>M\u00edstn\u00ed trh s rybami a ovocem, otev\u0159eno denn\u011b od 7:00 do 13:00. Najdete ho <a href=\"https:\/\/goo.gl\/maps\/k21q9Bv9LbRnXknR7\" target=\"_blank\" rel=\"noopener\">zde<\/a>. <\/li><\/ul>\t\t\t\t\t\t\t\t<\/div>\n\t\t\t\t<\/div>\n\t\t\t\t\t<\/div>\n\t\t<\/div>\n\t\t\t\t\t<\/div>\n\t\t<\/section>\n\t\t\t\t<section class=\"elementor-section elementor-top-section elementor-element elementor-element-021c4b5 elementor-section-stretched elementor-section-boxed elementor-section-height-default elementor-section-height-default\" data-id=\"021c4b5\" data-element_type=\"section\" data-e-type=\"section\" id=\"campervan\" data-settings=\"{&quot;stretch_section&quot;:&quot;section-stretched&quot;,&quot;background_background&quot;:&quot;classic&quot;}\">\n\t\t\t\t\t\t<div class=\"elementor-container elementor-column-gap-default\">\n\t\t\t\t\t<div class=\"elementor-column elementor-col-100 elementor-top-column elementor-element elementor-element-6c6472a\" data-id=\"6c6472a\" data-element_type=\"column\" data-e-type=\"column\">\n\t\t\t<div class=\"elementor-widget-wrap elementor-element-populated\">\n\t\t\t\t\t\t<div class=\"elementor-element elementor-element-8d022dc elementor-widget elementor-widget-heading\" data-id=\"8d022dc\" data-element_type=\"widget\" data-e-type=\"widget\" data-widget_type=\"heading.default\">\n\t\t\t\t<div class=\"elementor-widget-container\">\n\t\t\t\t\t<h2 class=\"elementor-heading-title elementor-size-default\">Pro\u010d je Faro ide\u00e1ln\u00edm v\u00fdchoz\u00edm bodem pro va\u0161e dobrodru\u017estv\u00ed s Campervanem<\/h2>\t\t\t\t<\/div>\n\t\t\t\t<\/div>\n\t\t\t\t<div class=\"elementor-element elementor-element-b1000ea elementor-widget elementor-widget-text-editor\" data-id=\"b1000ea\" data-element_type=\"widget\" data-e-type=\"widget\" data-widget_type=\"text-editor.default\">\n\t\t\t\t<div class=\"elementor-widget-container\">\n\t\t\t\t\t\t\t\t\t<p>D\u00edky sv\u00e9 centr\u00e1ln\u00ed poloze je Faro ide\u00e1ln\u00edm v\u00fdchoz\u00edm bodem pro nezapomenutelnou cestu Campervanem po Algarve. D\u00edky dob\u0159e propojen\u00e9 silni\u010dn\u00ed s\u00edti, \u00fachvatn\u00fdm pob\u0159e\u017en\u00edm tras\u00e1m a snadn\u00e9mu p\u0159\u00edstupu jak k skryt\u00fdm poklad\u016fm, tak k obl\u00edben\u00fdm turistick\u00fdm atrakc\u00edm m\u016f\u017eete objevovat okol\u00ed sv\u00fdm vlastn\u00edm tempem. Na\u0161e <a href=\"https:\/\/oceancamper.com\/cs\/pronajem-obytnych-vozu\/trustpilot-ocean-camper-nejlepsi-hodnoceni\/\">Campervan p\u016fj\u010den\u00ed ve Faru<\/a> se nach\u00e1z\u00ed 2 km od leti\u0161t\u011b a nab\u00edz\u00ed v\u00e1m svobodu probudit se na pl\u00e1\u017ei, sledovat z\u00e1pad slunce pod\u00e9l malebn\u00fdch \u00fates\u016f nebo objevovat okouzluj\u00edc\u00ed vesni\u010dky ve vnitrozem\u00ed. Odtud se m\u016f\u017eete vydat na dechberouc\u00ed v\u00fdlety do Albufeiry, Taviry nebo Lagosu, z nich\u017e ka\u017ed\u00e9 m\u00e1 sv\u016fj vlastn\u00ed charakter a kr\u00e1su. A\u0165 u\u017e tou\u017e\u00edte po dobrodru\u017estv\u00ed, odpo\u010dinku nebo pono\u0159en\u00ed se do m\u00edstn\u00ed kultury, Faro je ide\u00e1ln\u00edm m\u00edstem, kde za\u010d\u00edt svou cestu na \u010dty\u0159ech kolech.    <\/p>\t\t\t\t\t\t\t\t<\/div>\n\t\t\t\t<\/div>\n\t\t\t\t\t<\/div>\n\t\t<\/div>\n\t\t\t\t\t<\/div>\n\t\t<\/section>\n\t\t\t\t<section class=\"elementor-section elementor-top-section elementor-element elementor-element-7cdc99ca elementor-section-stretched elementor-section-boxed elementor-section-height-default elementor-section-height-default\" data-id=\"7cdc99ca\" data-element_type=\"section\" data-e-type=\"section\" data-settings=\"{&quot;stretch_section&quot;:&quot;section-stretched&quot;,&quot;background_background&quot;:&quot;classic&quot;}\">\n\t\t\t\t\t\t<div class=\"elementor-container elementor-column-gap-default\">\n\t\t\t\t\t<div class=\"elementor-column elementor-col-100 elementor-top-column elementor-element elementor-element-3d69cc99\" data-id=\"3d69cc99\" data-element_type=\"column\" data-e-type=\"column\">\n\t\t\t<div class=\"elementor-widget-wrap elementor-element-populated\">\n\t\t\t\t\t\t<section class=\"elementor-section elementor-inner-section elementor-element elementor-element-7c80d32b elementor-section-boxed elementor-section-height-default elementor-section-height-default\" data-id=\"7c80d32b\" data-element_type=\"section\" data-e-type=\"section\">\n\t\t\t\t\t\t<div class=\"elementor-container elementor-column-gap-default\">\n\t\t\t\t\t<div class=\"elementor-column elementor-col-100 elementor-inner-column elementor-element elementor-element-7faca857\" data-id=\"7faca857\" data-element_type=\"column\" data-e-type=\"column\">\n\t\t\t<div class=\"elementor-widget-wrap elementor-element-populated\">\n\t\t\t\t\t\t<div class=\"elementor-element elementor-element-22d7963 elementor-widget elementor-widget-heading\" data-id=\"22d7963\" data-element_type=\"widget\" data-e-type=\"widget\" data-widget_type=\"heading.default\">\n\t\t\t\t<div class=\"elementor-widget-container\">\n\t\t\t\t\t<h3 class=\"elementor-heading-title elementor-size-default\">Pod\u00edvejte se na na\u0161e dal\u0161\u00ed p\u0159\u00edsp\u011bvky:<\/h3>\t\t\t\t<\/div>\n\t\t\t\t<\/div>\n\t\t\t\t<div class=\"elementor-element elementor-element-1d0414e6 elementor-grid-tablet-3 elementor-grid-3 elementor-grid-mobile-1 elementor-posts--thumbnail-top elementor-posts__hover-gradient elementor-widget elementor-widget-posts\" data-id=\"1d0414e6\" data-element_type=\"widget\" data-e-type=\"widget\" data-settings=\"{&quot;cards_row_gap&quot;:{&quot;unit&quot;:&quot;px&quot;,&quot;size&quot;:20,&quot;sizes&quot;:[]},&quot;cards_row_gap_mobile&quot;:{&quot;unit&quot;:&quot;px&quot;,&quot;size&quot;:10,&quot;sizes&quot;:[]},&quot;cards_columns_tablet&quot;:&quot;3&quot;,&quot;cards_row_gap_tablet&quot;:{&quot;unit&quot;:&quot;px&quot;,&quot;size&quot;:5,&quot;sizes&quot;:[]},&quot;cards_columns&quot;:&quot;3&quot;,&quot;cards_columns_mobile&quot;:&quot;1&quot;}\" data-widget_type=\"posts.cards\">\n\t\t\t\t<div class=\"elementor-widget-container\">\n\t\t\t\t\t\t\t<div class=\"elementor-posts-container elementor-posts elementor-posts--skin-cards elementor-grid\" role=\"list\">\n\t\t\t\t<article class=\"elementor-post elementor-grid-item post-161993 post type-post status-publish format-standard has-post-thumbnail hentry category-tipy-pro-kempovani tag-solocamping-solotraveller-campingtips-cs\" role=\"listitem\">\n\t\t\t<div class=\"elementor-post__card\">\n\t\t\t\t<a class=\"elementor-post__thumbnail__link\" href=\"https:\/\/oceancamper.com\/cs\/tipy-pro-samostatne-cestovani-v-portugalsku\/\" tabindex=\"-1\" ><div class=\"elementor-post__thumbnail\"><img decoding=\"async\" width=\"300\" height=\"225\" src=\"https:\/\/oceancamper.com\/wp-content\/uploads\/2023\/05\/edited-1-340-min-300x225.jpg\" class=\"attachment-medium size-medium wp-image-161994\" alt=\"\u017dena sed\u00edc\u00ed v zadn\u00ed \u010d\u00e1sti Campervanu a sleduj\u00edc\u00ed z\u00e1pad slunce \u2013 svoboda cestov\u00e1n\u00ed na vlastn\u00ed p\u011bst v Algarve v Portugalsku.\" srcset=\"https:\/\/oceancamper.com\/wp-content\/uploads\/2023\/05\/edited-1-340-min-300x225.jpg 300w, https:\/\/oceancamper.com\/wp-content\/uploads\/2023\/05\/edited-1-340-min-1024x768.jpg 1024w, https:\/\/oceancamper.com\/wp-content\/uploads\/2023\/05\/edited-1-340-min-768x576.jpg 768w, https:\/\/oceancamper.com\/wp-content\/uploads\/2023\/05\/edited-1-340-min-1536x1152.jpg 1536w, https:\/\/oceancamper.com\/wp-content\/uploads\/2023\/05\/edited-1-340-min-240x180.jpg 240w, https:\/\/oceancamper.com\/wp-content\/uploads\/2023\/05\/edited-1-340-min.jpg 1707w\" sizes=\"(max-width: 300px) 100vw, 300px\" \/><\/div><\/a>\n\t\t\t\t<div class=\"elementor-post__text\">\n\t\t\t\t<h2 class=\"elementor-post__title\">\n\t\t\t<a href=\"https:\/\/oceancamper.com\/cs\/tipy-pro-samostatne-cestovani-v-portugalsku\/\" >\n\t\t\t\tTipy pro s\u00f3lo cestov\u00e1n\u00ed portugalsko\t\t\t<\/a>\n\t\t<\/h2>\n\t\t\t\t<div class=\"elementor-post__excerpt\">\n\t\t\t<p>  Pro\u010d cestovat s\u00f3lo?<br \/>\n V\u00fdhody s\u00f3lov\u00e9ho cestov\u00e1n\u00ed<br \/>\n Bezpe\u010dnost a soci\u00e1ln\u00ed prost\u0159ed\u00ed<br \/>\n N\u00e1vrh aktivit  <\/p>\n\t\t<\/div>\n\t\t\n\t\t<a class=\"elementor-post__read-more\" href=\"https:\/\/oceancamper.com\/cs\/tipy-pro-samostatne-cestovani-v-portugalsku\/\" aria-label=\"Read more about Tipy pro s\u00f3lo cestov\u00e1n\u00ed portugalsko\" tabindex=\"-1\" >\n\t\t\tP\u0159e\u010dt\u011bte si v\u00edce \"\t\t<\/a>\n\n\t\t\t\t<\/div>\n\t\t\t\t\t<\/div>\n\t\t<\/article>\n\t\t\t\t<article class=\"elementor-post elementor-grid-item post-162034 post type-post status-publish format-standard has-post-thumbnail hentry category-tipy-pro-kempovani category-zimni tag-co-delat-v-zime-v-portugalsku tag-zimni-kempovani tag-zimni-tipy\" role=\"listitem\">\n\t\t\t<div class=\"elementor-post__card\">\n\t\t\t\t<a class=\"elementor-post__thumbnail__link\" href=\"https:\/\/oceancamper.com\/cs\/zimni-kempovani-v-portugalsku\/\" tabindex=\"-1\" ><div class=\"elementor-post__thumbnail\"><img decoding=\"async\" width=\"300\" height=\"225\" src=\"https:\/\/oceancamper.com\/wp-content\/uploads\/2022\/12\/Ocean13-min-300x225.jpg\" class=\"attachment-medium size-medium wp-image-162035\" alt=\"Pohled z \u010derven\u00e9ho karavanu zna\u010dky Camper p\u0159i z\u00e1padu slunce: pl\u00e1\u017e, vlny a kuchy\u0148sk\u00fd kout, kter\u00fd r\u00e1muj\u00ed otev\u0159en\u00e9 dve\u0159e.\" srcset=\"https:\/\/oceancamper.com\/wp-content\/uploads\/2022\/12\/Ocean13-min-300x225.jpg 300w, https:\/\/oceancamper.com\/wp-content\/uploads\/2022\/12\/Ocean13-min-1024x768.jpg 1024w, https:\/\/oceancamper.com\/wp-content\/uploads\/2022\/12\/Ocean13-min-768x576.jpg 768w, https:\/\/oceancamper.com\/wp-content\/uploads\/2022\/12\/elementor\/thumbs\/Ocean13-min-q88m6gkrmcf5umw35631t8yk4qaaqhaix5svzpl4kw.jpg 800w, https:\/\/oceancamper.com\/wp-content\/uploads\/2022\/12\/Ocean13-min.jpg 1333w\" sizes=\"(max-width: 300px) 100vw, 300px\" \/><\/div><\/a>\n\t\t\t\t<div class=\"elementor-post__text\">\n\t\t\t\t<h2 class=\"elementor-post__title\">\n\t\t\t<a href=\"https:\/\/oceancamper.com\/cs\/zimni-kempovani-v-portugalsku\/\" >\n\t\t\t\tZimn\u00ed kempov\u00e1n\u00ed v Portugalsku: Po\u010das\u00ed, oble\u010den\u00ed a aktivity\t\t\t<\/a>\n\t\t<\/h2>\n\t\t\t\t<div class=\"elementor-post__excerpt\">\n\t\t\t<p>Tipy a aktivity pro zimn\u00ed kempov\u00e1n\u00ed: po\u010das\u00ed, oble\u010den\u00ed, kter\u00e9 budete pot\u0159ebovat, seznam aktivit, kter\u00e9 m\u016f\u017eete podniknout a nav\u0161t\u00edvit, a dal\u0161\u00ed n\u00e1vrhy.<\/p>\n\t\t<\/div>\n\t\t\n\t\t<a class=\"elementor-post__read-more\" href=\"https:\/\/oceancamper.com\/cs\/zimni-kempovani-v-portugalsku\/\" aria-label=\"Read more about Zimn\u00ed kempov\u00e1n\u00ed v Portugalsku: Po\u010das\u00ed, oble\u010den\u00ed a aktivity\" tabindex=\"-1\" >\n\t\t\tP\u0159e\u010dt\u011bte si v\u00edce \"\t\t<\/a>\n\n\t\t\t\t<\/div>\n\t\t\t\t\t<\/div>\n\t\t<\/article>\n\t\t\t\t<article class=\"elementor-post elementor-grid-item post-162186 post type-post status-publish format-standard has-post-thumbnail hentry category-uncategorized-cs\" role=\"listitem\">\n\t\t\t<div class=\"elementor-post__card\">\n\t\t\t\t<a class=\"elementor-post__thumbnail__link\" href=\"https:\/\/oceancamper.com\/cs\/co-podniknout-ve-faro\/\" tabindex=\"-1\" ><div class=\"elementor-post__thumbnail\"><img loading=\"lazy\" decoding=\"async\" width=\"300\" height=\"225\" src=\"https:\/\/oceancamper.com\/wp-content\/uploads\/2020\/12\/AdobeStock_307404734-1-min-300x225.jpeg\" class=\"attachment-medium size-medium wp-image-183894\" alt=\"Leteck\u00fd pohled na Faro v Algarve, st\u0159echy s \u010derven\u00fdmi ta\u0161kami, historick\u00e9 centrum a lagunu Ria Formosa pod jasnou oblohou.\" srcset=\"https:\/\/oceancamper.com\/wp-content\/uploads\/2020\/12\/AdobeStock_307404734-1-min-300x225.jpeg 300w, https:\/\/oceancamper.com\/wp-content\/uploads\/2020\/12\/AdobeStock_307404734-1-min-1024x767.jpeg 1024w, https:\/\/oceancamper.com\/wp-content\/uploads\/2020\/12\/AdobeStock_307404734-1-min-768x576.jpeg 768w, https:\/\/oceancamper.com\/wp-content\/uploads\/2020\/12\/AdobeStock_307404734-1-min-1536x1151.jpeg 1536w, https:\/\/oceancamper.com\/wp-content\/uploads\/2020\/12\/AdobeStock_307404734-1-min-2048x1535.jpeg 2048w, https:\/\/oceancamper.com\/wp-content\/uploads\/2020\/12\/AdobeStock_307404734-1-min-240x180.jpeg 240w\" sizes=\"(max-width: 300px) 100vw, 300px\" \/><\/div><\/a>\n\t\t\t\t<div class=\"elementor-post__text\">\n\t\t\t\t<h2 class=\"elementor-post__title\">\n\t\t\t<a href=\"https:\/\/oceancamper.com\/cs\/co-podniknout-ve-faro\/\" >\n\t\t\t\tCo d\u011blat ve m\u011bst\u011b Faro?\t\t\t<\/a>\n\t\t<\/h2>\n\t\t\t\t<div class=\"elementor-post__excerpt\">\n\t\t\t<p>Jak se dostat z leti\u0161t\u011b do centra m\u011bsta Faro nebo na Praia de Faro? J\u00edzdn\u00ed \u0159\u00e1d autobus\u016f. Nejlep\u0161\u00ed restaurace ve Faro.  <\/p>\n\t\t<\/div>\n\t\t\n\t\t<a class=\"elementor-post__read-more\" href=\"https:\/\/oceancamper.com\/cs\/co-podniknout-ve-faro\/\" aria-label=\"Read more about Co d\u011blat ve m\u011bst\u011b Faro?\" tabindex=\"-1\" >\n\t\t\tP\u0159e\u010dt\u011bte si v\u00edce \"\t\t<\/a>\n\n\t\t\t\t<\/div>\n\t\t\t\t\t<\/div>\n\t\t<\/article>\n\t\t\t\t<\/div>\n\t\t\n\t\t\t\t\t\t<\/div>\n\t\t\t\t<\/div>\n\t\t\t\t<div class=\"elementor-element elementor-element-180a3e0 elementor-align-left elementor-tablet-align-left elementor-mobile-align-left elementor-widget elementor-widget-button\" data-id=\"180a3e0\" data-element_type=\"widget\" data-e-type=\"widget\" data-widget_type=\"button.default\">\n\t\t\t\t<div class=\"elementor-widget-container\">\n\t\t\t\t\t\t\t\t\t<div class=\"elementor-button-wrapper\">\n\t\t\t\t\t<a class=\"elementor-button elementor-button-link elementor-size-sm elementor-animation-pop\" href=\"https:\/\/oceancamper.com\/cs\/blog\/\">\n\t\t\t\t\t\t<span class=\"elementor-button-content-wrapper\">\n\t\t\t\t\t\t\t\t\t<span class=\"elementor-button-text\">Zp\u011bt na blog<\/span>\n\t\t\t\t\t<\/span>\n\t\t\t\t\t<\/a>\n\t\t\t\t<\/div>\n\t\t\t\t\t\t\t\t<\/div>\n\t\t\t\t<\/div>\n\t\t\t\t\t<\/div>\n\t\t<\/div>\n\t\t\t\t\t<\/div>\n\t\t<\/section>\n\t\t\t\t\t<\/div>\n\t\t<\/div>\n\t\t\t\t\t<\/div>\n\t\t<\/section>\n\t\t\t\t<\/div>\n\t\t","protected":false},"excerpt":{"rendered":"<p>Jak se dostat z leti\u0161t\u011b do centra m\u011bsta Faro nebo na Praia de Faro? J\u00edzdn\u00ed \u0159\u00e1d autobus\u016f. Nejlep\u0161\u00ed restaurace ve Faro.  <\/p>\n","protected":false},"author":1,"featured_media":183894,"comment_status":"closed","ping_status":"open","sticky":false,"template":"elementor_header_footer","format":"standard","meta":{"om_disable_all_campaigns":false,"footnotes":""},"categories":[158],"tags":[],"class_list":["post-162186","post","type-post","status-publish","format-standard","has-post-thumbnail","hentry","category-uncategorized-cs"],"aioseo_notices":[],"aioseo_head":"\n\t\t<!-- All in One SEO 4.9.10 - aioseo.com -->\n\t<meta name=\"description\" content=\"Co d\u011blat Faro. Co d\u011blat ve Faro? Prozkoumejte restaurace, aktivity, m\u00edstn\u00ed skvosty a dobrodru\u017estv\u00ed a pro\u017eijte nezapomenuteln\u00fd v\u00fdlet do ji\u017en\u00edho Portugalska!\" \/>\n\t<meta name=\"robots\" content=\"max-image-preview:large\" \/>\n\t<meta name=\"author\" content=\"nomadcanguru\"\/>\n\t<link rel=\"canonical\" href=\"https:\/\/oceancamper.com\/cs\/co-podniknout-ve-faro\/\" \/>\n\t<meta name=\"generator\" content=\"All in One SEO (AIOSEO) 4.9.10\" \/>\n\t\t<meta property=\"og:locale\" content=\"cs_CZ\" \/>\n\t\t<meta property=\"og:site_name\" content=\"Ocean Camper - Campervan Rental in Faro, Portugal\" \/>\n\t\t<meta property=\"og:type\" content=\"article\" \/>\n\t\t<meta property=\"og:title\" content=\"Co d\u011blat Faro - Co d\u011blat ve Faru? 2025\" \/>\n\t\t<meta property=\"og:description\" content=\"Co d\u011blat Faro. Co d\u011blat ve Faro? Prozkoumejte restaurace, aktivity, m\u00edstn\u00ed skvosty a dobrodru\u017estv\u00ed a pro\u017eijte nezapomenuteln\u00fd v\u00fdlet do ji\u017en\u00edho Portugalska!\" \/>\n\t\t<meta property=\"og:url\" content=\"https:\/\/oceancamper.com\/cs\/co-podniknout-ve-faro\/\" \/>\n\t\t<meta property=\"og:image\" content=\"https:\/\/oceancamper.com\/wp-content\/uploads\/2022\/01\/Asset-5.png\" \/>\n\t\t<meta property=\"og:image:secure_url\" content=\"https:\/\/oceancamper.com\/wp-content\/uploads\/2022\/01\/Asset-5.png\" \/>\n\t\t<meta property=\"og:image:width\" content=\"662\" \/>\n\t\t<meta property=\"og:image:height\" content=\"291\" \/>\n\t\t<meta property=\"article:published_time\" content=\"2020-12-24T18:59:36+00:00\" \/>\n\t\t<meta property=\"article:modified_time\" content=\"2026-09-01T16:49:10+00:00\" \/>\n\t\t<meta property=\"article:publisher\" content=\"https:\/\/www.facebook.com\/oceancamper\/\" \/>\n\t\t<meta name=\"twitter:card\" content=\"summary\" \/>\n\t\t<meta name=\"twitter:site\" content=\"@Ocean_Camper\" \/>\n\t\t<meta name=\"twitter:title\" content=\"Co d\u011blat Faro - Co d\u011blat ve Faru? 2025\" \/>\n\t\t<meta name=\"twitter:description\" content=\"Co d\u011blat Faro. Co d\u011blat ve Faro? Prozkoumejte restaurace, aktivity, m\u00edstn\u00ed skvosty a dobrodru\u017estv\u00ed a pro\u017eijte nezapomenuteln\u00fd v\u00fdlet do ji\u017en\u00edho Portugalska!\" \/>\n\t\t<meta name=\"twitter:creator\" content=\"@Ocean_Camper\" \/>\n\t\t<meta name=\"twitter:image\" content=\"https:\/\/oceancamper.com\/wp-content\/uploads\/2022\/01\/Asset-5.png\" \/>\n\t\t<script type=\"application\/ld+json\" class=\"aioseo-schema\">\n\t\t\t{\"@context\":\"https:\\\/\\\/schema.org\",\"@graph\":[{\"@type\":\"BlogPosting\",\"@id\":\"https:\\\/\\\/oceancamper.com\\\/cs\\\/co-podniknout-ve-faro\\\/#blogposting\",\"name\":\"Co d\\u011blat Faro - Co d\\u011blat ve Faru? 2025\",\"headline\":\"Co d\\u011blat ve m\\u011bst\\u011b Faro?\",\"author\":{\"@id\":\"https:\\\/\\\/oceancamper.com\\\/cs\\\/author\\\/nomadcanguru\\\/#author\"},\"publisher\":{\"@id\":\"https:\\\/\\\/oceancamper.com\\\/cs\\\/#organization\"},\"image\":{\"@type\":\"ImageObject\",\"url\":\"https:\\\/\\\/oceancamper.com\\\/wp-content\\\/uploads\\\/2020\\\/12\\\/AdobeStock_307404734-1-min-scaled.jpeg\",\"width\":2560,\"height\":1919,\"caption\":\"Panoramatick\\u00e9 panorama m\\u011bsta Faro se star\\u00fdm m\\u011bstem, p\\u0159\\u00edstavem a lagunou Ria Formosa - poznejte historii a p\\u0159\\u00edrodu na slunn\\u00e9m jihu Portugalska.\"},\"datePublished\":\"2020-12-24T18:59:36+00:00\",\"dateModified\":\"2026-09-01T16:49:10+00:00\",\"inLanguage\":\"cs-CZ\",\"mainEntityOfPage\":{\"@id\":\"https:\\\/\\\/oceancamper.com\\\/cs\\\/co-podniknout-ve-faro\\\/#webpage\"},\"isPartOf\":{\"@id\":\"https:\\\/\\\/oceancamper.com\\\/cs\\\/co-podniknout-ve-faro\\\/#webpage\"},\"articleSection\":\"Uncategorized @cs, Optional\"},{\"@type\":\"BreadcrumbList\",\"@id\":\"https:\\\/\\\/oceancamper.com\\\/cs\\\/co-podniknout-ve-faro\\\/#breadcrumblist\",\"itemListElement\":[{\"@type\":\"ListItem\",\"@id\":\"https:\\\/\\\/oceancamper.com\\\/cs\\\/#listItem\",\"position\":1,\"name\":\"Home\",\"item\":\"https:\\\/\\\/oceancamper.com\\\/cs\\\/\",\"nextItem\":{\"@type\":\"ListItem\",\"@id\":\"https:\\\/\\\/oceancamper.com\\\/cs\\\/category\\\/uncategorized-cs\\\/#listItem\",\"name\":\"Uncategorized @cs\"}},{\"@type\":\"ListItem\",\"@id\":\"https:\\\/\\\/oceancamper.com\\\/cs\\\/category\\\/uncategorized-cs\\\/#listItem\",\"position\":2,\"name\":\"Uncategorized @cs\",\"item\":\"https:\\\/\\\/oceancamper.com\\\/cs\\\/category\\\/uncategorized-cs\\\/\",\"nextItem\":{\"@type\":\"ListItem\",\"@id\":\"https:\\\/\\\/oceancamper.com\\\/cs\\\/co-podniknout-ve-faro\\\/#listItem\",\"name\":\"Co d\\u011blat ve m\\u011bst\\u011b Faro?\"},\"previousItem\":{\"@type\":\"ListItem\",\"@id\":\"https:\\\/\\\/oceancamper.com\\\/cs\\\/#listItem\",\"name\":\"Home\"}},{\"@type\":\"ListItem\",\"@id\":\"https:\\\/\\\/oceancamper.com\\\/cs\\\/co-podniknout-ve-faro\\\/#listItem\",\"position\":3,\"name\":\"Co d\\u011blat ve m\\u011bst\\u011b Faro?\",\"previousItem\":{\"@type\":\"ListItem\",\"@id\":\"https:\\\/\\\/oceancamper.com\\\/cs\\\/category\\\/uncategorized-cs\\\/#listItem\",\"name\":\"Uncategorized @cs\"}}]},{\"@type\":\"Organization\",\"@id\":\"https:\\\/\\\/oceancamper.com\\\/cs\\\/#organization\",\"name\":\"Ocean Camper\",\"description\":\"Ocean Camper provides affordable campervan rental in Portugal with fully equipped campervans for up to three people, available in Faro and Lisbon for flexible road trips.\",\"url\":\"https:\\\/\\\/oceancamper.com\\\/cs\\\/\",\"email\":\"info@oceancamper.com\",\"telephone\":\"+351920301044\",\"foundingDate\":\"2017-04-19\",\"numberOfEmployees\":{\"@type\":\"QuantitativeValue\",\"minValue\":0,\"maxValue\":10},\"logo\":{\"@type\":\"ImageObject\",\"url\":\"https:\\\/\\\/oceancamper.com\\\/wp-content\\\/uploads\\\/2022\\\/01\\\/Asset-5.png\",\"@id\":\"https:\\\/\\\/oceancamper.com\\\/cs\\\/co-podniknout-ve-faro\\\/#organizationLogo\",\"width\":662,\"height\":291,\"caption\":\"Ocean Camper logo\"},\"image\":{\"@id\":\"https:\\\/\\\/oceancamper.com\\\/cs\\\/co-podniknout-ve-faro\\\/#organizationLogo\"},\"sameAs\":[\"https:\\\/\\\/www.facebook.com\\\/oceancamper\\\/\",\"https:\\\/\\\/x.com\\\/Ocean_Camper\",\"https:\\\/\\\/www.instagram.com\\\/oceancamper.vans\\\/\",\"https:\\\/\\\/www.tiktok.com\\\/@oceancamper.vans\",\"https:\\\/\\\/www.youtube.com\\\/@oceancamper\",\"https:\\\/\\\/www.linkedin.com\\\/company\\\/oceancamper\\\/\",\"https:\\\/\\\/www.trustpilot.com\\\/review\\\/oceancamper.com\"]},{\"@type\":\"Person\",\"@id\":\"https:\\\/\\\/oceancamper.com\\\/cs\\\/author\\\/nomadcanguru\\\/#author\",\"url\":\"https:\\\/\\\/oceancamper.com\\\/cs\\\/author\\\/nomadcanguru\\\/\",\"name\":\"nomadcanguru\",\"image\":{\"@type\":\"ImageObject\",\"@id\":\"https:\\\/\\\/oceancamper.com\\\/cs\\\/co-podniknout-ve-faro\\\/#authorImage\",\"url\":\"https:\\\/\\\/secure.gravatar.com\\\/avatar\\\/3a5092e8a35779f7501b5a8c315d77eae173c0705d8cfd512c06ce5460985e92?s=96&d=mm&r=g\",\"width\":96,\"height\":96,\"caption\":\"nomadcanguru\"}},{\"@type\":\"WebPage\",\"@id\":\"https:\\\/\\\/oceancamper.com\\\/cs\\\/co-podniknout-ve-faro\\\/#webpage\",\"url\":\"https:\\\/\\\/oceancamper.com\\\/cs\\\/co-podniknout-ve-faro\\\/\",\"name\":\"Co d\\u011blat Faro - Co d\\u011blat ve Faru? 2025\",\"description\":\"Co d\\u011blat Faro. Co d\\u011blat ve Faro? Prozkoumejte restaurace, aktivity, m\\u00edstn\\u00ed skvosty a dobrodru\\u017estv\\u00ed a pro\\u017eijte nezapomenuteln\\u00fd v\\u00fdlet do ji\\u017en\\u00edho Portugalska!\",\"inLanguage\":\"cs-CZ\",\"isPartOf\":{\"@id\":\"https:\\\/\\\/oceancamper.com\\\/cs\\\/#website\"},\"breadcrumb\":{\"@id\":\"https:\\\/\\\/oceancamper.com\\\/cs\\\/co-podniknout-ve-faro\\\/#breadcrumblist\"},\"author\":{\"@id\":\"https:\\\/\\\/oceancamper.com\\\/cs\\\/author\\\/nomadcanguru\\\/#author\"},\"creator\":{\"@id\":\"https:\\\/\\\/oceancamper.com\\\/cs\\\/author\\\/nomadcanguru\\\/#author\"},\"image\":{\"@type\":\"ImageObject\",\"url\":\"https:\\\/\\\/oceancamper.com\\\/wp-content\\\/uploads\\\/2020\\\/12\\\/AdobeStock_307404734-1-min-scaled.jpeg\",\"@id\":\"https:\\\/\\\/oceancamper.com\\\/cs\\\/co-podniknout-ve-faro\\\/#mainImage\",\"width\":2560,\"height\":1919,\"caption\":\"Panoramatick\\u00e9 panorama m\\u011bsta Faro se star\\u00fdm m\\u011bstem, p\\u0159\\u00edstavem a lagunou Ria Formosa - poznejte historii a p\\u0159\\u00edrodu na slunn\\u00e9m jihu Portugalska.\"},\"primaryImageOfPage\":{\"@id\":\"https:\\\/\\\/oceancamper.com\\\/cs\\\/co-podniknout-ve-faro\\\/#mainImage\"},\"datePublished\":\"2020-12-24T18:59:36+00:00\",\"dateModified\":\"2026-09-01T16:49:10+00:00\"},{\"@type\":\"WebSite\",\"@id\":\"https:\\\/\\\/oceancamper.com\\\/cs\\\/#website\",\"url\":\"https:\\\/\\\/oceancamper.com\\\/cs\\\/\",\"name\":\"Ocean Camper\",\"alternateName\":\"Ocean Camper Portugal\",\"description\":\"Campervan Rental in Faro, Portugal\",\"inLanguage\":\"cs-CZ\",\"publisher\":{\"@id\":\"https:\\\/\\\/oceancamper.com\\\/cs\\\/#organization\"}}]}\n\t\t<\/script>\n\t\t<!-- All in One SEO -->\n\n","aioseo_head_json":{"title":"Co d\u011blat Faro - Co d\u011blat ve Faru? 2025","description":"Co d\u011blat Faro. Co d\u011blat ve Faro? Prozkoumejte restaurace, aktivity, m\u00edstn\u00ed skvosty a dobrodru\u017estv\u00ed a pro\u017eijte nezapomenuteln\u00fd v\u00fdlet do ji\u017en\u00edho Portugalska!","canonical_url":"https:\/\/oceancamper.com\/cs\/co-podniknout-ve-faro\/","robots":"max-image-preview:large","keywords":"","webmasterTools":{"miscellaneous":""},"schema":{"@context":"https:\/\/schema.org","@graph":[{"@type":"BlogPosting","@id":"https:\/\/oceancamper.com\/cs\/co-podniknout-ve-faro\/#blogposting","name":"Co d\u011blat Faro - Co d\u011blat ve Faru? 2025","headline":"Co d\u011blat ve m\u011bst\u011b Faro?","author":{"@id":"https:\/\/oceancamper.com\/cs\/author\/nomadcanguru\/#author"},"publisher":{"@id":"https:\/\/oceancamper.com\/cs\/#organization"},"image":{"@type":"ImageObject","url":"https:\/\/oceancamper.com\/wp-content\/uploads\/2020\/12\/AdobeStock_307404734-1-min-scaled.jpeg","width":2560,"height":1919,"caption":"Panoramatick\u00e9 panorama m\u011bsta Faro se star\u00fdm m\u011bstem, p\u0159\u00edstavem a lagunou Ria Formosa - poznejte historii a p\u0159\u00edrodu na slunn\u00e9m jihu Portugalska."},"datePublished":"2020-12-24T18:59:36+00:00","dateModified":"2026-09-01T16:49:10+00:00","inLanguage":"cs-CZ","mainEntityOfPage":{"@id":"https:\/\/oceancamper.com\/cs\/co-podniknout-ve-faro\/#webpage"},"isPartOf":{"@id":"https:\/\/oceancamper.com\/cs\/co-podniknout-ve-faro\/#webpage"},"articleSection":"Uncategorized @cs, Optional"},{"@type":"BreadcrumbList","@id":"https:\/\/oceancamper.com\/cs\/co-podniknout-ve-faro\/#breadcrumblist","itemListElement":[{"@type":"ListItem","@id":"https:\/\/oceancamper.com\/cs\/#listItem","position":1,"name":"Home","item":"https:\/\/oceancamper.com\/cs\/","nextItem":{"@type":"ListItem","@id":"https:\/\/oceancamper.com\/cs\/category\/uncategorized-cs\/#listItem","name":"Uncategorized @cs"}},{"@type":"ListItem","@id":"https:\/\/oceancamper.com\/cs\/category\/uncategorized-cs\/#listItem","position":2,"name":"Uncategorized @cs","item":"https:\/\/oceancamper.com\/cs\/category\/uncategorized-cs\/","nextItem":{"@type":"ListItem","@id":"https:\/\/oceancamper.com\/cs\/co-podniknout-ve-faro\/#listItem","name":"Co d\u011blat ve m\u011bst\u011b Faro?"},"previousItem":{"@type":"ListItem","@id":"https:\/\/oceancamper.com\/cs\/#listItem","name":"Home"}},{"@type":"ListItem","@id":"https:\/\/oceancamper.com\/cs\/co-podniknout-ve-faro\/#listItem","position":3,"name":"Co d\u011blat ve m\u011bst\u011b Faro?","previousItem":{"@type":"ListItem","@id":"https:\/\/oceancamper.com\/cs\/category\/uncategorized-cs\/#listItem","name":"Uncategorized @cs"}}]},{"@type":"Organization","@id":"https:\/\/oceancamper.com\/cs\/#organization","name":"Ocean Camper","description":"Ocean Camper provides affordable campervan rental in Portugal with fully equipped campervans for up to three people, available in Faro and Lisbon for flexible road trips.","url":"https:\/\/oceancamper.com\/cs\/","email":"info@oceancamper.com","telephone":"+351920301044","foundingDate":"2017-04-19","numberOfEmployees":{"@type":"QuantitativeValue","minValue":0,"maxValue":10},"logo":{"@type":"ImageObject","url":"https:\/\/oceancamper.com\/wp-content\/uploads\/2022\/01\/Asset-5.png","@id":"https:\/\/oceancamper.com\/cs\/co-podniknout-ve-faro\/#organizationLogo","width":662,"height":291,"caption":"Ocean Camper logo"},"image":{"@id":"https:\/\/oceancamper.com\/cs\/co-podniknout-ve-faro\/#organizationLogo"},"sameAs":["https:\/\/www.facebook.com\/oceancamper\/","https:\/\/x.com\/Ocean_Camper","https:\/\/www.instagram.com\/oceancamper.vans\/","https:\/\/www.tiktok.com\/@oceancamper.vans","https:\/\/www.youtube.com\/@oceancamper","https:\/\/www.linkedin.com\/company\/oceancamper\/","https:\/\/www.trustpilot.com\/review\/oceancamper.com"]},{"@type":"Person","@id":"https:\/\/oceancamper.com\/cs\/author\/nomadcanguru\/#author","url":"https:\/\/oceancamper.com\/cs\/author\/nomadcanguru\/","name":"nomadcanguru","image":{"@type":"ImageObject","@id":"https:\/\/oceancamper.com\/cs\/co-podniknout-ve-faro\/#authorImage","url":"https:\/\/secure.gravatar.com\/avatar\/3a5092e8a35779f7501b5a8c315d77eae173c0705d8cfd512c06ce5460985e92?s=96&d=mm&r=g","width":96,"height":96,"caption":"nomadcanguru"}},{"@type":"WebPage","@id":"https:\/\/oceancamper.com\/cs\/co-podniknout-ve-faro\/#webpage","url":"https:\/\/oceancamper.com\/cs\/co-podniknout-ve-faro\/","name":"Co d\u011blat Faro - Co d\u011blat ve Faru? 2025","description":"Co d\u011blat Faro. Co d\u011blat ve Faro? Prozkoumejte restaurace, aktivity, m\u00edstn\u00ed skvosty a dobrodru\u017estv\u00ed a pro\u017eijte nezapomenuteln\u00fd v\u00fdlet do ji\u017en\u00edho Portugalska!","inLanguage":"cs-CZ","isPartOf":{"@id":"https:\/\/oceancamper.com\/cs\/#website"},"breadcrumb":{"@id":"https:\/\/oceancamper.com\/cs\/co-podniknout-ve-faro\/#breadcrumblist"},"author":{"@id":"https:\/\/oceancamper.com\/cs\/author\/nomadcanguru\/#author"},"creator":{"@id":"https:\/\/oceancamper.com\/cs\/author\/nomadcanguru\/#author"},"image":{"@type":"ImageObject","url":"https:\/\/oceancamper.com\/wp-content\/uploads\/2020\/12\/AdobeStock_307404734-1-min-scaled.jpeg","@id":"https:\/\/oceancamper.com\/cs\/co-podniknout-ve-faro\/#mainImage","width":2560,"height":1919,"caption":"Panoramatick\u00e9 panorama m\u011bsta Faro se star\u00fdm m\u011bstem, p\u0159\u00edstavem a lagunou Ria Formosa - poznejte historii a p\u0159\u00edrodu na slunn\u00e9m jihu Portugalska."},"primaryImageOfPage":{"@id":"https:\/\/oceancamper.com\/cs\/co-podniknout-ve-faro\/#mainImage"},"datePublished":"2020-12-24T18:59:36+00:00","dateModified":"2026-09-01T16:49:10+00:00"},{"@type":"WebSite","@id":"https:\/\/oceancamper.com\/cs\/#website","url":"https:\/\/oceancamper.com\/cs\/","name":"Ocean Camper","alternateName":"Ocean Camper Portugal","description":"Campervan Rental in Faro, Portugal","inLanguage":"cs-CZ","publisher":{"@id":"https:\/\/oceancamper.com\/cs\/#organization"}}]},"og:locale":"cs_CZ","og:site_name":"Ocean Camper - Campervan Rental in Faro, Portugal","og:type":"article","og:title":"Co d\u011blat Faro - Co d\u011blat ve Faru? 2025","og:description":"Co d\u011blat Faro. Co d\u011blat ve Faro? Prozkoumejte restaurace, aktivity, m\u00edstn\u00ed skvosty a dobrodru\u017estv\u00ed a pro\u017eijte nezapomenuteln\u00fd v\u00fdlet do ji\u017en\u00edho Portugalska!","og:url":"https:\/\/oceancamper.com\/cs\/co-podniknout-ve-faro\/","og:image":"https:\/\/oceancamper.com\/wp-content\/uploads\/2022\/01\/Asset-5.png","og:image:secure_url":"https:\/\/oceancamper.com\/wp-content\/uploads\/2022\/01\/Asset-5.png","og:image:width":662,"og:image:height":291,"article:published_time":"2020-12-24T18:59:36+00:00","article:modified_time":"2026-09-01T16:49:10+00:00","article:publisher":"https:\/\/www.facebook.com\/oceancamper\/","twitter:card":"summary","twitter:site":"@Ocean_Camper","twitter:title":"Co d\u011blat Faro - Co d\u011blat ve Faru? 2025","twitter:description":"Co d\u011blat Faro. Co d\u011blat ve Faro? Prozkoumejte restaurace, aktivity, m\u00edstn\u00ed skvosty a dobrodru\u017estv\u00ed a pro\u017eijte nezapomenuteln\u00fd v\u00fdlet do ji\u017en\u00edho Portugalska!","twitter:creator":"@Ocean_Camper","twitter:image":"https:\/\/oceancamper.com\/wp-content\/uploads\/2022\/01\/Asset-5.png"},"aioseo_meta_data":{"post_id":"162186","title":"Co d\u011blat Faro #separator_sa Co d\u011blat ve Faru? 2025","description":"Co d\u011blat Faro. Co d\u011blat ve Faro? Prozkoumejte restaurace, aktivity, m\u00edstn\u00ed skvosty a dobrodru\u017estv\u00ed a pro\u017eijte nezapomenuteln\u00fd v\u00fdlet do ji\u017en\u00edho Portugalska!  ","keywords":null,"keyphrases":{"focus":{"keyphrase":"Things to do Faro","score":60,"analysis":{"keyphraseInTitle":{"score":9,"maxScore":9,"error":0},"keyphraseInDescription":{"score":9,"maxScore":9,"error":0},"keyphraseLength":{"score":9,"maxScore":9,"error":0,"length":4},"keyphraseInURL":{"score":5,"maxScore":5,"error":0},"keyphraseInIntroduction":{"score":3,"maxScore":9,"error":1},"keyphraseInSubHeadings":{"score":3,"maxScore":9,"error":1},"keyphraseInImageAlt":{"score":3,"maxScore":9,"error":1},"keywordDensity":{"score":0,"type":"low","maxScore":9,"error":1}}},"additional":[{"keyphrase":"What to do in Faro?","score":60,"analysis":{"keyphraseInDescription":{"score":9,"maxScore":9,"error":0},"keyphraseLength":{"score":6,"maxScore":9,"error":1,"length":5},"keyphraseInIntroduction":{"score":9,"maxScore":9,"error":0},"keyphraseInImageAlt":{"score":3,"maxScore":9,"error":1},"keywordDensity":{"score":0,"type":"low","maxScore":9,"error":1}}}]},"primary_term":null,"canonical_url":null,"og_title":null,"og_description":null,"og_object_type":"default","og_image_type":"default","og_image_url":null,"og_image_width":null,"og_image_height":null,"og_image_custom_url":null,"og_image_custom_fields":null,"og_video":"","og_custom_url":null,"og_article_section":null,"og_article_tags":null,"twitter_use_og":false,"twitter_card":"default","twitter_image_type":"default","twitter_image_url":null,"twitter_image_custom_url":null,"twitter_image_custom_fields":null,"twitter_title":null,"twitter_description":null,"schema":{"blockGraphs":[],"customGraphs":[],"default":{"data":{"Article":{"id":"aioseo-article-6394f6999096b","slug":"article","graphName":"Article","label":"Article","properties":{"type":"BlogPosting","name":"#post_title","headline":"#post_title","description":"#post_excerpt","image":"","keywords":"","author":{"name":"#author_name","url":"#author_url"},"dates":{"include":true,"datePublished":"","dateModified":""}}},"Course":[],"Dataset":[],"FAQPage":[],"Movie":[],"Person":[],"Product":[],"ProductReview":[],"Car":[],"Recipe":[],"Service":[],"SoftwareApplication":[],"WebPage":[]},"graphName":"BlogPosting","isEnabled":true},"graphs":[]},"schema_type":"default","schema_type_options":"{\"article\":{\"articleType\":\"BlogPosting\"},\"course\":{\"name\":\"\",\"description\":\"\",\"provider\":\"\"},\"faq\":{\"pages\":[]},\"product\":{\"reviews\":[]},\"recipe\":{\"ingredients\":[],\"instructions\":[],\"keywords\":[]},\"software\":{\"reviews\":[],\"operatingSystems\":[]},\"webPage\":{\"webPageType\":\"WebPage\"}}","pillar_content":false,"robots_default":true,"robots_noindex":false,"robots_noarchive":false,"robots_nosnippet":false,"robots_nofollow":false,"robots_noimageindex":false,"robots_noodp":false,"robots_notranslate":false,"robots_max_snippet":"-1","robots_max_videopreview":"-1","robots_max_imagepreview":"large","priority":null,"frequency":"default","local_seo":null,"seo_analyzer_scan_date":"2025-12-13 10:38:36","breadcrumb_settings":null,"limit_modified_date":false,"open_ai":"{\"title\":{\"suggestions\":[],\"usage\":0},\"description\":{\"suggestions\":[],\"usage\":0}}","ai":{"faqs":[],"keyPoints":[],"titles":[],"descriptions":[],"socialPosts":{"email":[],"linkedin":[],"twitter":[],"facebook":[],"instagram":[]}},"created":"2025-03-14 10:03:22","updated":"2026-09-01 22:20:06"},"aioseo_breadcrumb":"<div class=\"aioseo-breadcrumbs\"><span class=\"aioseo-breadcrumb\">\n\t\t\t<a href=\"https:\/\/oceancamper.com\/cs\/\" title=\"Home\">Home<\/a>\n\t\t<\/span><span class=\"aioseo-breadcrumb-separator\">\u00bb<\/span><span class=\"aioseo-breadcrumb\">\n\t\t\t<a href=\"https:\/\/oceancamper.com\/cs\/category\/uncategorized-cs\/\" title=\"Uncategorized @cs\">Uncategorized @cs<\/a>\n\t\t<\/span><span class=\"aioseo-breadcrumb-separator\">\u00bb<\/span><span class=\"aioseo-breadcrumb\">\n\t\t\tCo d\u011blat ve m\u011bst\u011b Faro?\n\t\t<\/span><\/div>","aioseo_breadcrumb_json":[{"label":"Home","link":"https:\/\/oceancamper.com\/cs\/"},{"label":"Uncategorized @cs","link":"https:\/\/oceancamper.com\/cs\/category\/uncategorized-cs\/"},{"label":"Co d\u011blat ve m\u011bst\u011b Faro?","link":"https:\/\/oceancamper.com\/cs\/co-podniknout-ve-faro\/"}],"_links":{"self":[{"href":"https:\/\/oceancamper.com\/cs\/wp-json\/wp\/v2\/posts\/162186","targetHints":{"allow":["GET"]}}],"collection":[{"href":"https:\/\/oceancamper.com\/cs\/wp-json\/wp\/v2\/posts"}],"about":[{"href":"https:\/\/oceancamper.com\/cs\/wp-json\/wp\/v2\/types\/post"}],"author":[{"embeddable":true,"href":"https:\/\/oceancamper.com\/cs\/wp-json\/wp\/v2\/users\/1"}],"replies":[{"embeddable":true,"href":"https:\/\/oceancamper.com\/cs\/wp-json\/wp\/v2\/comments?post=162186"}],"version-history":[{"count":11,"href":"https:\/\/oceancamper.com\/cs\/wp-json\/wp\/v2\/posts\/162186\/revisions"}],"predecessor-version":[{"id":275279,"href":"https:\/\/oceancamper.com\/cs\/wp-json\/wp\/v2\/posts\/162186\/revisions\/275279"}],"wp:featuredmedia":[{"embeddable":true,"href":"https:\/\/oceancamper.com\/cs\/wp-json\/wp\/v2\/media\/183894"}],"wp:attachment":[{"href":"https:\/\/oceancamper.com\/cs\/wp-json\/wp\/v2\/media?parent=162186"}],"wp:term":[{"taxonomy":"category","embeddable":true,"href":"https:\/\/oceancamper.com\/cs\/wp-json\/wp\/v2\/categories?post=162186"},{"taxonomy":"post_tag","embeddable":true,"href":"https:\/\/oceancamper.com\/cs\/wp-json\/wp\/v2\/tags?post=162186"}],"curies":[{"name":"wp","href":"https:\/\/api.w.org\/{rel}","templated":true}]}}