{"id":162159,"date":"2020-12-24T20:02:16","date_gmt":"2020-12-24T20:02:16","guid":{"rendered":"https:\/\/oceancamper.com\/paddleboarding-algarve\/"},"modified":"2026-09-01T16:49:44","modified_gmt":"2026-09-01T16:49:44","slug":"paddleboarding-algarve-nejlepsi-mista-pro-sup-jeskyne-jezer","status":"publish","type":"post","link":"https:\/\/oceancamper.com\/cs\/paddleboarding-algarve-nejlepsi-mista-pro-sup-jeskyne-jezer\/","title":{"rendered":"Paddleboarding na Algarve: Nejlep\u0161\u00ed m\u00edsta pro SUP"},"content":{"rendered":"\t\t<div data-elementor-type=\"wp-post\" data-elementor-id=\"162159\" class=\"elementor elementor-162159 elementor-382\" data-elementor-post-type=\"post\">\n\t\t\t\t\t\t<section class=\"elementor-section elementor-top-section elementor-element elementor-element-c63f89c elementor-section-height-min-height elementor-section-stretched elementor-section-content-middle elementor-section-boxed elementor-section-height-default elementor-section-items-middle\" data-id=\"c63f89c\" data-element_type=\"section\" data-e-type=\"section\" data-settings=\"{&quot;stretch_section&quot;:&quot;section-stretched&quot;,&quot;background_background&quot;:&quot;classic&quot;}\">\n\t\t\t\t\t\t\t<div class=\"elementor-background-overlay\"><\/div>\n\t\t\t\t\t\t\t<div class=\"elementor-container elementor-column-gap-default\">\n\t\t\t\t\t<div class=\"elementor-column elementor-col-100 elementor-top-column elementor-element elementor-element-63730d8\" data-id=\"63730d8\" data-element_type=\"column\" data-e-type=\"column\">\n\t\t\t<div class=\"elementor-widget-wrap elementor-element-populated\">\n\t\t\t\t\t\t<div class=\"elementor-element elementor-element-8828005 elementor-widget elementor-widget-theme-post-title elementor-page-title elementor-widget-heading\" data-id=\"8828005\" data-element_type=\"widget\" data-e-type=\"widget\" data-widget_type=\"theme-post-title.default\">\n\t\t\t\t<div class=\"elementor-widget-container\">\n\t\t\t\t\t<h1 class=\"elementor-heading-title elementor-size-default\">Paddleboarding na Algarve: Nejlep\u0161\u00ed m\u00edsta pro SUP<\/h1>\t\t\t\t<\/div>\n\t\t\t\t<\/div>\n\t\t\t\t<section class=\"elementor-section elementor-inner-section elementor-element elementor-element-4996ed4 elementor-section-boxed elementor-section-height-default elementor-section-height-default\" data-id=\"4996ed4\" data-element_type=\"section\" data-e-type=\"section\">\n\t\t\t\t\t\t<div class=\"elementor-container elementor-column-gap-default\">\n\t\t\t\t\t<div class=\"elementor-column elementor-col-33 elementor-inner-column elementor-element elementor-element-6a10a75\" data-id=\"6a10a75\" data-element_type=\"column\" data-e-type=\"column\">\n\t\t\t<div class=\"elementor-widget-wrap\">\n\t\t\t\t\t\t\t<\/div>\n\t\t<\/div>\n\t\t\t\t<div class=\"elementor-column elementor-col-33 elementor-inner-column elementor-element elementor-element-17d7426\" data-id=\"17d7426\" data-element_type=\"column\" data-e-type=\"column\">\n\t\t\t<div class=\"elementor-widget-wrap elementor-element-populated\">\n\t\t\t\t\t\t<div class=\"elementor-element elementor-element-180536c elementor-author-box--align-center elementor-author-box--layout-image-above elementor-widget elementor-widget-author-box\" data-id=\"180536c\" data-element_type=\"widget\" data-e-type=\"widget\" data-widget_type=\"author-box.default\">\n\t\t\t\t<div class=\"elementor-widget-container\">\n\t\t\t\t\t\t\t<div class=\"elementor-author-box\">\n\t\t\t\t\t\t\t<div  class=\"elementor-author-box__avatar\">\n\t\t\t\t\t<img decoding=\"async\" src=\"https:\/\/oceancamper.com\/wp-content\/uploads\/2022\/02\/Nina-min-1-300x300.jpg\" alt=\"Picture of Nina\" loading=\"lazy\">\n\t\t\t\t<\/div>\n\t\t\t\n\t\t\t<div class=\"elementor-author-box__text\">\n\t\t\t\t\t\t\t\t\t<div >\n\t\t\t\t\t\t<h4 class=\"elementor-author-box__name\">\n\t\t\t\t\t\t\tNina\t\t\t\t\t\t<\/h4>\n\t\t\t\t\t<\/div>\n\t\t\t\t\n\t\t\t\t\t\t\t\t\t<div class=\"elementor-author-box__bio\">\n\t\t\t\t\t\t<p>Gener\u00e1ln\u00ed \u0159editel spole\u010dnosti Ocean Camper<\/p>\n\t\t\t\t\t<\/div>\n\t\t\t\t\n\t\t\t\t\t\t\t<\/div>\n\t\t<\/div>\n\t\t\t\t\t\t<\/div>\n\t\t\t\t<\/div>\n\t\t\t\t\t<\/div>\n\t\t<\/div>\n\t\t\t\t<div class=\"elementor-column elementor-col-33 elementor-inner-column elementor-element elementor-element-1e52722\" data-id=\"1e52722\" data-element_type=\"column\" data-e-type=\"column\">\n\t\t\t<div class=\"elementor-widget-wrap\">\n\t\t\t\t\t\t\t<\/div>\n\t\t<\/div>\n\t\t\t\t\t<\/div>\n\t\t<\/section>\n\t\t\t\t\t<\/div>\n\t\t<\/div>\n\t\t\t\t\t<\/div>\n\t\t<\/section>\n\t\t\t\t<section class=\"elementor-section elementor-top-section elementor-element elementor-element-ae5977a elementor-section-stretched elementor-section-boxed elementor-section-height-default elementor-section-height-default\" data-id=\"ae5977a\" data-element_type=\"section\" data-e-type=\"section\" data-settings=\"{&quot;stretch_section&quot;:&quot;section-stretched&quot;,&quot;background_background&quot;:&quot;classic&quot;}\">\n\t\t\t\t\t\t<div class=\"elementor-container elementor-column-gap-default\">\n\t\t\t\t\t<div class=\"elementor-column elementor-col-100 elementor-top-column elementor-element elementor-element-1823f57 elementor-invisible\" data-id=\"1823f57\" data-element_type=\"column\" data-e-type=\"column\" data-settings=\"{&quot;background_background&quot;:&quot;classic&quot;,&quot;animation&quot;:&quot;fadeIn&quot;}\">\n\t\t\t<div class=\"elementor-widget-wrap elementor-element-populated\">\n\t\t\t\t\t<div class=\"elementor-background-overlay\"><\/div>\n\t\t\t\t\t\t<div class=\"elementor-element elementor-element-4a76b7f elementor-widget elementor-widget-heading\" data-id=\"4a76b7f\" data-element_type=\"widget\" data-e-type=\"widget\" data-widget_type=\"heading.default\">\n\t\t\t\t<div class=\"elementor-widget-container\">\n\t\t\t\t\t<h2 class=\"elementor-heading-title elementor-size-default\">Index<\/h2>\t\t\t\t<\/div>\n\t\t\t\t<\/div>\n\t\t\t\t<div class=\"elementor-element elementor-element-9e6ae19 elementor-widget elementor-widget-text-editor\" data-id=\"9e6ae19\" data-element_type=\"widget\" data-e-type=\"widget\" data-widget_type=\"text-editor.default\">\n\t\t\t\t<div class=\"elementor-widget-container\">\n\t\t\t\t\t\t\t\t\t<p> <\/p><ol><li><a href=\"#faro\"><span style=\"color: #696969;\">Praia de Faro<\/span><\/a><\/li><li><span style=\"color: #696969;\"><a style=\"color: #696969;\" href=\"#arrifes\">Praia dos Arrifes<\/a><\/span><\/li><li><span style=\"color: #696969;\"><a style=\"color: #696969;\" href=\"#Albandeira\">Praia da Albandeira<\/a><\/span><\/li><li><span style=\"color: #696969;\"><a style=\"color: #696969;\" href=\"#benagil\">Jeskyn\u011b Benagil<\/a><\/span><\/li><li><span style=\"color: #696969;\"><a style=\"color: #696969;\" href=\"#alvor\">Alvor<\/a><\/span><\/li><li><span style=\"color: #696969;\"><a style=\"color: #696969;\" href=\"#piedade\">Ponta da Piedade<\/a><\/span><\/li><li><span style=\"color: #696969;\"><a style=\"color: #696969;\" href=\"#milfontes\">Vila Nova de Milfontes<\/a><\/span><\/li><li><span style=\"color: #696969;\"><a style=\"color: #696969;\" href=\"#arade\">Jezero Barragem do Arade<\/a><\/span><\/li><li><span style=\"color: #696969;\"><a style=\"color: #696969;\" href=\"#funcho\">Jezero Barragem do Funcho<\/a><\/span><\/li><li><span style=\"color: #696969;\"><a style=\"color: #696969;\" href=\"#clara\">Jezero Barragem de Santa Clara<\/a><\/span><\/li><li><span style=\"color: #696969;\"><a style=\"color: #696969;\" href=\"#tips\">Bezpe\u010dnostn\u00ed tipy<\/a><\/span><\/li><\/ol>\t\t\t\t\t\t\t\t<\/div>\n\t\t\t\t<\/div>\n\t\t\t\t\t<\/div>\n\t\t<\/div>\n\t\t\t\t\t<\/div>\n\t\t<\/section>\n\t\t\t\t<section class=\"elementor-section elementor-top-section elementor-element elementor-element-3fd613c0 elementor-section-stretched elementor-section-boxed elementor-section-height-default elementor-section-height-default\" data-id=\"3fd613c0\" data-element_type=\"section\" data-e-type=\"section\" data-settings=\"{&quot;stretch_section&quot;:&quot;section-stretched&quot;,&quot;background_background&quot;:&quot;classic&quot;}\">\n\t\t\t\t\t\t<div class=\"elementor-container elementor-column-gap-default\">\n\t\t\t\t\t<div class=\"elementor-column elementor-col-100 elementor-top-column elementor-element elementor-element-4b2a4caf\" data-id=\"4b2a4caf\" data-element_type=\"column\" data-e-type=\"column\">\n\t\t\t<div class=\"elementor-widget-wrap elementor-element-populated\">\n\t\t\t\t\t\t<div class=\"elementor-element elementor-element-0a4718c elementor-widget elementor-widget-menu-anchor\" data-id=\"0a4718c\" data-element_type=\"widget\" data-e-type=\"widget\" data-widget_type=\"menu-anchor.default\">\n\t\t\t\t<div class=\"elementor-widget-container\">\n\t\t\t\t\t\t\t<div class=\"elementor-menu-anchor\" id=\"Paddleboarding-Algarve\"><\/div>\n\t\t\t\t\t\t<\/div>\n\t\t\t\t<\/div>\n\t\t\t\t<div class=\"elementor-element elementor-element-18cec5b3 elementor-widget elementor-widget-heading\" data-id=\"18cec5b3\" data-element_type=\"widget\" data-e-type=\"widget\" data-widget_type=\"heading.default\">\n\t\t\t\t<div class=\"elementor-widget-container\">\n\t\t\t\t\t<h2 class=\"elementor-heading-title elementor-size-default\">Paddleboarding Algarve - nejlep\u0161\u00ed m\u00edsta pro SUP, jeskyn\u011b a jezera<\/h2>\t\t\t\t<\/div>\n\t\t\t\t<\/div>\n\t\t\t\t<div class=\"elementor-element elementor-element-6e12e8f2 elementor-widget elementor-widget-text-editor\" data-id=\"6e12e8f2\" data-element_type=\"widget\" data-e-type=\"widget\" data-widget_type=\"text-editor.default\">\n\t\t\t\t<div class=\"elementor-widget-container\">\n\t\t\t\t\t\t\t\t\t<p data-start=\"1675\" data-end=\"1963\"><strong data-start=\"1675\" data-end=\"1701\">Paddleboarding Algarve znamen\u00e1<\/strong> tyrkysovou vodu, mo\u0159sk\u00e9 jeskyn\u011b, zlat\u00e9 \u00fatesy a klidn\u00fd v\u00fdchod slunce. P\u016fj\u010dujeme <strong data-start=\"1785\" data-end=\"1810\">nafukovac\u00ed SUP prkna, kter\u00e1<\/strong> se snadno vejdou do va\u0161eho karavanu nebo auta &#8211; rychle se nafouknou, jsou stabiln\u00ed a v pohod\u011b se na n\u011b vejdou <strong data-start=\"1883\" data-end=\"1908\">a\u017e 2 osoby.<\/strong> Po\u017e\u00e1dejte n\u00e1s o cenovou nab\u00eddku a trasy \u0161it\u00e9 na m\u00edru va\u0161emu term\u00ednu.  <\/p><h3 data-start=\"1965\" data-end=\"1990\"> <\/h3>\t\t\t\t\t\t\t\t<\/div>\n\t\t\t\t<\/div>\n\t\t\t\t<div class=\"elementor-element elementor-element-873befd elementor-widget elementor-widget-heading\" data-id=\"873befd\" data-element_type=\"widget\" data-e-type=\"widget\" data-widget_type=\"heading.default\">\n\t\t\t\t<div class=\"elementor-widget-container\">\n\t\t\t\t\t<h2 class=\"elementor-heading-title elementor-size-default\">Rychl\u00e9 pl\u00e1nov\u00e1n\u00ed<\/h2>\t\t\t\t<\/div>\n\t\t\t\t<\/div>\n\t\t\t\t<div class=\"elementor-element elementor-element-b0f8369 elementor-widget elementor-widget-text-editor\" data-id=\"b0f8369\" data-element_type=\"widget\" data-e-type=\"widget\" data-widget_type=\"text-editor.default\">\n\t\t\t\t<div class=\"elementor-widget-container\">\n\t\t\t\t\t\t\t\t\t<ul><li data-start=\"2498\" data-end=\"2590\"><strong data-start=\"2498\" data-end=\"2514\">Nejlep\u0161\u00ed m\u011bs\u00edce:<\/strong> (r\u00e1na jsou sklovit\u00e1). Zima m\u00e1 tak\u00e9 skv\u011bl\u00e9 klidn\u00e9 dny &#8211; pozor na v\u00edtr. <\/li><li data-start=\"2593\" data-end=\"2758\"><strong data-start=\"2593\" data-end=\"2607\">Pravidlo v\u011btru: \u2264 12-14<\/strong> kn pro za\u010d\u00e1te\u010dn\u00edky; brzy r\u00e1no je obvykle klidn\u011bj\u0161\u00ed. Pod\u00edvejte se na <a class=\"decorated-link\" href=\"https:\/\/www.windy.com\/\" target=\"_new\" rel=\"noopener\" data-start=\"2673\" data-end=\"2704\">Windy a<\/a> <a class=\"decorated-link\" href=\"https:\/\/www.ipma.pt\/en\/maritima\/\" target=\"_new\" rel=\"noopener\" data-start=\"2709\" data-end=\"2755\">IPMA Tides.<\/a> <\/li><li data-start=\"2761\" data-end=\"2889\"><strong data-start=\"2761\" data-end=\"2771\">P\u0159\u00edlivy a odlivy:<\/strong> Jeskyn\u011b\/oblouky (Benagil, Albandeira) jsou bezpe\u010dn\u011bj\u0161\u00ed uprost\u0159ed p\u0159\u00edlivu a na <strong data-start=\"2817\" data-end=\"2840\">klidn\u00e9m mo\u0159i.<\/strong> <strong data-start=\"2842\" data-end=\"2857\">Ria Formosa je<\/strong> nejlep\u0161\u00ed <strong data-start=\"2869\" data-end=\"2886\">uprost\u0159ed p\u0159\u00edlivu a odlivu.<\/strong><\/li><li data-start=\"2892\" data-end=\"2952\"><strong data-start=\"2892\" data-end=\"2907\">Teplota vody: ~16-20<\/strong> \u00b0C jaro\/podzim; ~20-23 \u00b0C l\u00e9to.<\/li><li data-start=\"2955\" data-end=\"3024\"><strong data-start=\"2955\" data-end=\"2967\">Oblek:<\/strong> 3\/2 na ja\u0159e\/podzim; kr\u00e1tk\u00e9 plavky nebo plavky uprost\u0159ed l\u00e9ta.<\/li><li data-start=\"3027\" data-end=\"3149\"><strong data-start=\"3027\" data-end=\"3038\">Bezpe\u010dnost:<\/strong> Vyh\u00fdbejte se \u00fast\u00ed \u0159ek p\u0159i odlivu; nikdy nevstupujte do jeskyn\u00ed p\u0159i vlnobit\u00ed nebo n\u00e1poru lodn\u00ed dopravy; noste vod\u00edtko + plovac\u00ed pom\u016fcky.<\/li><\/ul>\t\t\t\t\t\t\t\t<\/div>\n\t\t\t\t<\/div>\n\t\t\t\t\t<\/div>\n\t\t<\/div>\n\t\t\t\t\t<\/div>\n\t\t<\/section>\n\t\t\t\t<section class=\"elementor-section elementor-top-section elementor-element elementor-element-4ee0c0ba elementor-section-stretched elementor-section-boxed elementor-section-height-default elementor-section-height-default\" data-id=\"4ee0c0ba\" data-element_type=\"section\" data-e-type=\"section\" data-settings=\"{&quot;stretch_section&quot;:&quot;section-stretched&quot;,&quot;background_background&quot;:&quot;classic&quot;}\">\n\t\t\t\t\t\t<div class=\"elementor-container elementor-column-gap-default\">\n\t\t\t\t\t<div class=\"elementor-column elementor-col-100 elementor-top-column elementor-element elementor-element-6f8a7118\" data-id=\"6f8a7118\" data-element_type=\"column\" data-e-type=\"column\">\n\t\t\t<div class=\"elementor-widget-wrap elementor-element-populated\">\n\t\t\t\t\t\t<div class=\"elementor-element elementor-element-798fcd36 elementor-widget elementor-widget-image\" data-id=\"798fcd36\" data-element_type=\"widget\" data-e-type=\"widget\" data-widget_type=\"image.default\">\n\t\t\t\t<div class=\"elementor-widget-container\">\n\t\t\t\t\t\t\t\t\t\t\t\t\t\t\t<img fetchpriority=\"high\" decoding=\"async\" width=\"800\" height=\"534\" src=\"https:\/\/oceancamper.com\/wp-content\/uploads\/2025\/06\/AdobeStock_622037714-min-1024x683.jpeg\" class=\"attachment-large size-large wp-image-183388\" alt=\"Lid\u00e9 jezd\u00edc\u00ed na paddleboardu v mo\u0159sk\u00e9 jeskyni v Portugalsku s tyrkysovou vodou a slune\u010dn\u00edm sv\u011btlem prosv\u00edtaj\u00edc\u00edm skrz vchod do jeskyn\u011b.\" srcset=\"https:\/\/oceancamper.com\/wp-content\/uploads\/2025\/06\/AdobeStock_622037714-min-1024x683.jpeg 1024w, https:\/\/oceancamper.com\/wp-content\/uploads\/2025\/06\/AdobeStock_622037714-min-300x200.jpeg 300w, https:\/\/oceancamper.com\/wp-content\/uploads\/2025\/06\/AdobeStock_622037714-min-768x512.jpeg 768w, https:\/\/oceancamper.com\/wp-content\/uploads\/2025\/06\/AdobeStock_622037714-min-1536x1024.jpeg 1536w, https:\/\/oceancamper.com\/wp-content\/uploads\/2025\/06\/AdobeStock_622037714-min-2048x1365.jpeg 2048w, https:\/\/oceancamper.com\/wp-content\/uploads\/2025\/06\/AdobeStock_622037714-min-240x160.jpeg 240w\" sizes=\"(max-width: 800px) 100vw, 800px\" \/>\t\t\t\t\t\t\t\t\t\t\t\t\t\t\t<\/div>\n\t\t\t\t<\/div>\n\t\t\t\t<div class=\"elementor-element elementor-element-591e064 elementor-widget elementor-widget-text-editor\" data-id=\"591e064\" data-element_type=\"widget\" data-e-type=\"widget\" data-widget_type=\"text-editor.default\">\n\t\t\t\t<div class=\"elementor-widget-container\">\n\t\t\t\t\t\t\t\t\t<p data-start=\"1551\" data-end=\"1629\">Benagil Cave, July 2012&#8243; od Beeston, licencov\u00e1no pod CC BY 3.0.<\/p>\t\t\t\t\t\t\t\t<\/div>\n\t\t\t\t<\/div>\n\t\t\t\t<div class=\"elementor-element elementor-element-2f3d103 elementor-widget elementor-widget-heading\" data-id=\"2f3d103\" data-element_type=\"widget\" data-e-type=\"widget\" data-widget_type=\"heading.default\">\n\t\t\t\t<div class=\"elementor-widget-container\">\n\t\t\t\t\t<h2 class=\"elementor-heading-title elementor-size-default\">Pron\u00e1jem SUP s Ocean Camper<\/h2>\t\t\t\t<\/div>\n\t\t\t\t<\/div>\n\t\t\t\t<div class=\"elementor-element elementor-element-67583dd elementor-widget elementor-widget-text-editor\" data-id=\"67583dd\" data-element_type=\"widget\" data-e-type=\"widget\" data-widget_type=\"text-editor.default\">\n\t\t\t\t<div class=\"elementor-widget-container\">\n\t\t\t\t\t\t\t\t\t<ul><li data-start=\"3191\" data-end=\"3266\"><strong data-start=\"3191\" data-end=\"3212\">Nafukovac\u00ed prkna (<\/strong> vejdou se do ka\u017ed\u00e9ho auta\/obytn\u00e9ho p\u0159\u00edv\u011bsu), stabiln\u00ed pro 1-2 osoby<\/li><li data-start=\"3269\" data-end=\"3334\">V\u010detn\u011b p\u00e1dla, pumpy, vod\u00edtka, voliteln\u00e9ho PFD, popruh\u016f na st\u0159echu, pokud je pot\u0159eba.<\/li><li data-start=\"3337\" data-end=\"3400\">Vyzvednut\u00ed ve Faru; ide\u00e1ln\u00ed dopln\u011bk k v\u00fdletu <strong data-start=\"3377\" data-end=\"3390\">obytn\u00fdm vozem<\/strong> <\/li><\/ul>\t\t\t\t\t\t\t\t<\/div>\n\t\t\t\t<\/div>\n\t\t\t\t\t<\/div>\n\t\t<\/div>\n\t\t\t\t\t<\/div>\n\t\t<\/section>\n\t\t\t\t<section class=\"elementor-section elementor-top-section elementor-element elementor-element-19bae0f4 elementor-section-stretched elementor-section-boxed elementor-section-height-default elementor-section-height-default\" data-id=\"19bae0f4\" data-element_type=\"section\" data-e-type=\"section\" id=\"faro\" data-settings=\"{&quot;stretch_section&quot;:&quot;section-stretched&quot;,&quot;background_background&quot;:&quot;classic&quot;}\">\n\t\t\t\t\t\t<div class=\"elementor-container elementor-column-gap-default\">\n\t\t\t\t\t<div class=\"elementor-column elementor-col-100 elementor-top-column elementor-element elementor-element-a353874\" data-id=\"a353874\" data-element_type=\"column\" data-e-type=\"column\">\n\t\t\t<div class=\"elementor-widget-wrap elementor-element-populated\">\n\t\t\t\t\t\t<div class=\"elementor-element elementor-element-d836726 elementor-widget elementor-widget-heading\" data-id=\"d836726\" data-element_type=\"widget\" data-e-type=\"widget\" data-widget_type=\"heading.default\">\n\t\t\t\t<div class=\"elementor-widget-container\">\n\t\t\t\t\t<h2 class=\"elementor-heading-title elementor-size-default\">Jak pou\u017e\u00edvat tuto p\u0159\u00edru\u010dku<\/h2>\t\t\t\t<\/div>\n\t\t\t\t<\/div>\n\t\t\t\t<div class=\"elementor-element elementor-element-a2da57a elementor-widget elementor-widget-text-editor\" data-id=\"a2da57a\" data-element_type=\"widget\" data-e-type=\"widget\" data-widget_type=\"text-editor.default\">\n\t\t\t\t<div class=\"elementor-widget-container\">\n\t\t\t\t\t\t\t\t\t<p data-start=\"1991\" data-end=\"2077\">Ka\u017ed\u00e9 n\u00ed\u017ee uveden\u00e9 m\u00edsto obsahuje: <strong data-start=\"2017\" data-end=\"2076\">\u00darove\u0148 &#8211; Nejd\u016fle\u017eit\u011bj\u0161\u00ed body &#8211; Spu\u0161t\u011bn\u00ed &#8211; P\u0159\u00edliv\/v\u00edtr &#8211; Parkov\u00e1n\u00ed\/pozn\u00e1mky<\/strong>.<\/p>\t\t\t\t\t\t\t\t<\/div>\n\t\t\t\t<\/div>\n\t\t\t\t<div class=\"elementor-element elementor-element-1bb9209 elementor-widget elementor-widget-text-editor\" data-id=\"1bb9209\" data-element_type=\"widget\" data-e-type=\"widget\" data-widget_type=\"text-editor.default\">\n\t\t\t\t<div class=\"elementor-widget-container\">\n\t\t\t\t\t\t\t\t\t<table><thead><tr><th>Sez\u00f3na<\/th><th>Stav mo\u0159e a davy lid\u00ed<\/th><th>Nejlep\u0161\u00ed denn\u00ed doba<\/th><th>Pozn\u00e1mka k neopr\u00e9nu<\/th><\/tr><\/thead><tbody><tr><td>Duben-\u010derven<\/td><td>Obecn\u011b klidn\u00e1 r\u00e1na, m\u00edrn\u00e9 davy lid\u00ed<\/td><td>V\u00fdchod slunce &#8211; pozdn\u00ed r\u00e1no<\/td><td>3\/2 nebo kr\u00e1tk\u00fd v teplej\u0161\u00edch dnech<\/td><\/tr><tr><td>\u010cervenec-z\u00e1\u0159\u00ed<\/td><td>Klidn\u00e9 \u010dasn\u00e9, v\u011btrn\u00e9 odpoledne (SZ)<\/td><td>Nejlep\u0161\u00ed<strong>sezen\u00ed p\u0159i v\u00fdchodu slunce<\/strong> <\/td><td>Kr\u00e1tk\u00e9 kalhoty nebo chr\u00e1ni\u010de proti slunci<\/td><\/tr><tr><td>\u0158\u00edjen-listopad<\/td><td>M\u00e9n\u011b lid\u00ed, prom\u011bnliv\u00fd v\u00edtr<\/td><td>Rann\u00ed okna<\/td><td>3\/2 pln\u00fd oblek<\/td><\/tr><tr><td>Prosinec-b\u0159ezen<\/td><td>Chladn\u011bj\u0161\u00ed voda, klid<\/td><td>Pouze dny se slab\u00fdm v\u011btrem<\/td><td>4\/3 p\u0159i del\u0161\u00edm pobytu<\/td><\/tr><\/tbody><\/table>\t\t\t\t\t\t\t\t<\/div>\n\t\t\t\t<\/div>\n\t\t\t\t<div class=\"elementor-element elementor-element-4403bae elementor-widget elementor-widget-text-editor\" data-id=\"4403bae\" data-element_type=\"widget\" data-e-type=\"widget\" data-widget_type=\"text-editor.default\">\n\t\t\t\t<div class=\"elementor-widget-container\">\n\t\t\t\t\t\t\t\t\t<p data-start=\"2570\" data-end=\"2703\"><strong data-start=\"2570\" data-end=\"2593\">Pravidlo p\u0159\u00edlivu a odlivu: v\u011bt\u0161ina<\/strong> lagun\/estu\u00e1ri\u00ed = st\u0159edn\u00ed <strong data-start=\"2619\" data-end=\"2639\">a\u017e vysok\u00fd p\u0159\u00edliv.<\/strong> Jeskyn\u011b\/\u00fatesy = <strong data-start=\"2656\" data-end=\"2682\">\u010dasn\u00e9, sklovit\u00e9 r\u00e1no se<\/strong> slab\u00fdm <strong data-start=\"2688\" data-end=\"2702\">v\u011btrem.<\/strong> <\/p>\t\t\t\t\t\t\t\t<\/div>\n\t\t\t\t<\/div>\n\t\t\t\t<div class=\"elementor-element elementor-element-6bc5855 elementor-widget elementor-widget-menu-anchor\" data-id=\"6bc5855\" data-element_type=\"widget\" data-e-type=\"widget\" data-widget_type=\"menu-anchor.default\">\n\t\t\t\t<div class=\"elementor-widget-container\">\n\t\t\t\t\t\t\t<div class=\"elementor-menu-anchor\" id=\"Faro\"><\/div>\n\t\t\t\t\t\t<\/div>\n\t\t\t\t<\/div>\n\t\t\t\t<div class=\"elementor-element elementor-element-1081da3e elementor-widget elementor-widget-heading\" data-id=\"1081da3e\" data-element_type=\"widget\" data-e-type=\"widget\" data-widget_type=\"heading.default\">\n\t\t\t\t<div class=\"elementor-widget-container\">\n\t\t\t\t\t<h2 class=\"elementor-heading-title elementor-size-default\">\ud83c\udfd6\ufe0f 1. Praia de Faro - \u00fast\u00ed \u0159eky Ria Formosa <\/h2>\t\t\t\t<\/div>\n\t\t\t\t<\/div>\n\t\t\t\t<div class=\"elementor-element elementor-element-42b738fb elementor-widget elementor-widget-text-editor\" data-id=\"42b738fb\" data-element_type=\"widget\" data-e-type=\"widget\" data-widget_type=\"text-editor.default\">\n\t\t\t\t<div class=\"elementor-widget-container\">\n\t\t\t\t\t\t\t\t\t<p><strong data-start=\"1888\" data-end=\"1898\">\u00darove\u0148:<\/strong> Za\u010d\u00e1te\u010dn\u00edci+<br data-start=\"1908\" data-end=\"1911\"\/><strong data-start=\"1911\" data-end=\"1926\">Hlavn\u00ed atrakce:<\/strong> Poklidn\u00e9 p\u00e1dlov\u00e1n\u00ed v lagun\u011b s plame\u0148\u00e1ky a p\u00eds\u010dit\u00fdmi m\u011bl\u010dinami.<br data-start=\"1977\" data-end=\"1980\"\/><strong data-start=\"1980\" data-end=\"1991\">Vstup do vody:<\/strong> Severn\u00ed strana pl\u00e1\u017ee Faro do p\u0159\u00edrodn\u00edho parku Ria Formosa.<br data-start=\"2047\" data-end=\"2050\"\/><strong data-start=\"2050\" data-end=\"2064\">P\u0159\u00edliv\/v\u00edtr:<\/strong> St\u0159edn\u00ed a\u017e vysok\u00fd p\u0159\u00edliv, slab\u00fd v\u00edtr.<br data-start=\"2091\" data-end=\"2094\"\/><strong data-start=\"2094\" data-end=\"2106\">Parkov\u00e1n\u00ed:<\/strong> Parkovi\u0161t\u011b u pl\u00e1\u017ee; d\u00e1vejte pozor na plavebn\u00ed dr\u00e1hy lod\u00ed.<br data-start=\"2139\" data-end=\"2142\"\/>\ud83d\udc49 <a class=\"decorated-link\" href=\"https:\/\/maps.app.goo.gl\/WrAcLaV5ePaYSnwu7\" target=\"_blank\" rel=\"noopener\" data-start=\"2145\" data-end=\"2188\">Poloha na map\u011b<\/a><\/p>\t\t\t\t\t\t\t\t<\/div>\n\t\t\t\t<\/div>\n\t\t\t\t<div class=\"elementor-element elementor-element-684abef elementor-widget elementor-widget-image\" data-id=\"684abef\" data-element_type=\"widget\" data-e-type=\"widget\" data-widget_type=\"image.default\">\n\t\t\t\t<div class=\"elementor-widget-container\">\n\t\t\t\t\t\t\t\t\t\t\t\t\t\t\t<img decoding=\"async\" width=\"800\" height=\"600\" src=\"https:\/\/oceancamper.com\/wp-content\/uploads\/2020\/12\/Anchored_small_boats_Ria_Formosa_Faro_Portugal_julesvernex2-2.jpg\" class=\"attachment-large size-large wp-image-208059\" alt=\"Zakotven\u00e9 mal\u00e9 lod\u011b v lagun\u011b Ria Formosa, Faro, Algarve, Portugalsko, odr\u00e1\u017eej\u00edc\u00ed se v klidn\u00e9 tyrkysov\u00e9 vod\u011b pod jasn\u011b modrou oblohou.\" srcset=\"https:\/\/oceancamper.com\/wp-content\/uploads\/2020\/12\/Anchored_small_boats_Ria_Formosa_Faro_Portugal_julesvernex2-2.jpg 960w, https:\/\/oceancamper.com\/wp-content\/uploads\/2020\/12\/Anchored_small_boats_Ria_Formosa_Faro_Portugal_julesvernex2-2-300x225.jpg 300w, https:\/\/oceancamper.com\/wp-content\/uploads\/2020\/12\/Anchored_small_boats_Ria_Formosa_Faro_Portugal_julesvernex2-2-768x576.jpg 768w, https:\/\/oceancamper.com\/wp-content\/uploads\/2020\/12\/Anchored_small_boats_Ria_Formosa_Faro_Portugal_julesvernex2-2-240x180.jpg 240w\" sizes=\"(max-width: 800px) 100vw, 800px\" \/>\t\t\t\t\t\t\t\t\t\t\t\t\t\t\t<\/div>\n\t\t\t\t<\/div>\n\t\t\t\t<div class=\"elementor-element elementor-element-e07c498 elementor-widget elementor-widget-text-editor\" data-id=\"e07c498\" data-element_type=\"widget\" data-e-type=\"widget\" data-widget_type=\"text-editor.default\">\n\t\t\t\t<div class=\"elementor-widget-container\">\n\t\t\t\t\t\t\t\t\t<p data-start=\"1551\" data-end=\"1629\"><b>Jules Verne Times Two \/ <a href=\"https:\/\/www.julesvernex2.com\" target=\"_blank\" rel=\"noopener\">julesvernex2.com \/ CC-BY-SA-4<\/a>.0<\/b><\/p>\t\t\t\t\t\t\t\t<\/div>\n\t\t\t\t<\/div>\n\t\t\t\t\t<\/div>\n\t\t<\/div>\n\t\t\t\t\t<\/div>\n\t\t<\/section>\n\t\t\t\t<section class=\"elementor-section elementor-top-section elementor-element elementor-element-2635f6d8 elementor-section-stretched elementor-section-boxed elementor-section-height-default elementor-section-height-default\" data-id=\"2635f6d8\" data-element_type=\"section\" data-e-type=\"section\" id=\"arrifes\" data-settings=\"{&quot;stretch_section&quot;:&quot;section-stretched&quot;,&quot;background_background&quot;:&quot;classic&quot;}\">\n\t\t\t\t\t\t<div class=\"elementor-container elementor-column-gap-default\">\n\t\t\t\t\t<div class=\"elementor-column elementor-col-100 elementor-top-column elementor-element elementor-element-61e1182a\" data-id=\"61e1182a\" data-element_type=\"column\" data-e-type=\"column\">\n\t\t\t<div class=\"elementor-widget-wrap elementor-element-populated\">\n\t\t\t\t\t\t<div class=\"elementor-element elementor-element-ae78a4d elementor-widget elementor-widget-menu-anchor\" data-id=\"ae78a4d\" data-element_type=\"widget\" data-e-type=\"widget\" data-widget_type=\"menu-anchor.default\">\n\t\t\t\t<div class=\"elementor-widget-container\">\n\t\t\t\t\t\t\t<div class=\"elementor-menu-anchor\" id=\"arifes\"><\/div>\n\t\t\t\t\t\t<\/div>\n\t\t\t\t<\/div>\n\t\t\t\t<div class=\"elementor-element elementor-element-768b133a elementor-widget elementor-widget-heading\" data-id=\"768b133a\" data-element_type=\"widget\" data-e-type=\"widget\" data-widget_type=\"heading.default\">\n\t\t\t\t<div class=\"elementor-widget-container\">\n\t\t\t\t\t<h2 class=\"elementor-heading-title elementor-size-default\">\ud83c\udfd6\ufe0f 2. Praia dos Arrifes \u2192 Praia da Coelha <\/h2>\t\t\t\t<\/div>\n\t\t\t\t<\/div>\n\t\t\t\t<div class=\"elementor-element elementor-element-3cacee1d elementor-widget elementor-widget-text-editor\" data-id=\"3cacee1d\" data-element_type=\"widget\" data-e-type=\"widget\" data-widget_type=\"text-editor.default\">\n\t\t\t\t<div class=\"elementor-widget-container\">\n\t\t\t\t\t\t\t\t\t<p><strong data-start=\"2246\" data-end=\"2256\">\u00darove\u0148:<\/strong> Za\u010d\u00e1te\u010dn\u00edci\u2013m\u00edrn\u011b pokro\u010dil\u00ed<br data-start=\"2278\" data-end=\"2281\"\/><strong data-start=\"2281\" data-end=\"2296\">Hlavn\u00ed atrakce:<\/strong> \u00datesov\u00e9 oblouky a mal\u00e9 jeskyn\u011b pod\u00e9l pob\u0159e\u017e\u00ed nedaleko Albufeiry.<br data-start=\"2357\" data-end=\"2360\"\/><strong data-start=\"2360\" data-end=\"2371\">Start:<\/strong> Vyrazte z pl\u00e1\u017ee Arrifes a p\u00e1dlujte doprava (na z\u00e1pad) sm\u011brem k Coelha.<br data-start=\"2434\" data-end=\"2437\"\/><strong data-start=\"2437\" data-end=\"2451\">Nejvhodn\u011bj\u0161\u00ed doba:<\/strong> V\u00fdchod slunce nebo brzy r\u00e1no, pouze p\u0159i mal\u00e9m vlnobit\u00ed.<br data-start=\"2495\" data-end=\"2498\"\/>\ud83d\udc49 <a class=\"decorated-link\" href=\"https:\/\/maps.app.goo.gl\/7Brwkhs5KBSqHF3N8\" target=\"_blank\" rel=\"noopener\" data-start=\"2501\" data-end=\"2544\">Poloha na map\u011b<\/a><\/p>\t\t\t\t\t\t\t\t<\/div>\n\t\t\t\t<\/div>\n\t\t\t\t<div class=\"elementor-element elementor-element-854e40e elementor-widget elementor-widget-image\" data-id=\"854e40e\" data-element_type=\"widget\" data-e-type=\"widget\" data-widget_type=\"image.default\">\n\t\t\t\t<div class=\"elementor-widget-container\">\n\t\t\t\t\t\t\t\t\t\t\t\t\t\t\t<img decoding=\"async\" width=\"800\" height=\"600\" src=\"https:\/\/oceancamper.com\/wp-content\/uploads\/2020\/12\/Praia-dos-Arrifes-Albufeira-1024x768.jpg\" class=\"attachment-large size-large wp-image-207556\" alt=\"Praia dos Arrifes v Albufei\u0159e, Algarve, Portugalsko \u2013 mal\u00e1 odlehl\u00e1 pl\u00e1\u017e se zlatav\u00fdmi \u00fatesy, skaln\u00edmi oblouky a tyrkysovou vodou Atlantsk\u00e9ho oce\u00e1nu.\" srcset=\"https:\/\/oceancamper.com\/wp-content\/uploads\/2020\/12\/Praia-dos-Arrifes-Albufeira-1024x768.jpg 1024w, https:\/\/oceancamper.com\/wp-content\/uploads\/2020\/12\/Praia-dos-Arrifes-Albufeira-300x225.jpg 300w, https:\/\/oceancamper.com\/wp-content\/uploads\/2020\/12\/Praia-dos-Arrifes-Albufeira-768x576.jpg 768w, https:\/\/oceancamper.com\/wp-content\/uploads\/2020\/12\/Praia-dos-Arrifes-Albufeira-1536x1152.jpg 1536w, https:\/\/oceancamper.com\/wp-content\/uploads\/2020\/12\/Praia-dos-Arrifes-Albufeira-2048x1536.jpg 2048w, https:\/\/oceancamper.com\/wp-content\/uploads\/2020\/12\/Praia-dos-Arrifes-Albufeira-240x180.jpg 240w\" sizes=\"(max-width: 800px) 100vw, 800px\" \/>\t\t\t\t\t\t\t\t\t\t\t\t\t\t\t<\/div>\n\t\t\t\t<\/div>\n\t\t\t\t<div class=\"elementor-element elementor-element-10a21266 elementor-widget elementor-widget-text-editor\" data-id=\"10a21266\" data-element_type=\"widget\" data-e-type=\"widget\" data-widget_type=\"text-editor.default\">\n\t\t\t\t<div class=\"elementor-widget-container\">\n\t\t\t\t\t\t\t\t\t<p data-start=\"1551\" data-end=\"1629\"><em data-start=\"1551\" data-end=\"1629\">Fotografie &#8222;Praia dos Arrifes, 13. listopadu 2013&#8220; od Beeston, licencov\u00e1no <a href=\"https:\/\/commons.wikimedia.org\/wiki\/File:137PT_13_November_2013_Praia_dos_Arrifes.JPG\" target=\"_blank\" rel=\"noopener\">pod CC BY 3.0.<\/a><\/em><\/p>\t\t\t\t\t\t\t\t<\/div>\n\t\t\t\t<\/div>\n\t\t\t\t\t<\/div>\n\t\t<\/div>\n\t\t\t\t\t<\/div>\n\t\t<\/section>\n\t\t\t\t<section class=\"elementor-section elementor-top-section elementor-element elementor-element-769adaa7 elementor-section-stretched elementor-section-boxed elementor-section-height-default elementor-section-height-default\" data-id=\"769adaa7\" data-element_type=\"section\" data-e-type=\"section\" id=\"Albandeira\" data-settings=\"{&quot;stretch_section&quot;:&quot;section-stretched&quot;,&quot;background_background&quot;:&quot;classic&quot;}\">\n\t\t\t\t\t\t<div class=\"elementor-container elementor-column-gap-default\">\n\t\t\t\t\t<div class=\"elementor-column elementor-col-100 elementor-top-column elementor-element elementor-element-7ccb364b\" data-id=\"7ccb364b\" data-element_type=\"column\" data-e-type=\"column\">\n\t\t\t<div class=\"elementor-widget-wrap elementor-element-populated\">\n\t\t\t\t\t\t<div class=\"elementor-element elementor-element-ef274dc elementor-widget elementor-widget-menu-anchor\" data-id=\"ef274dc\" data-element_type=\"widget\" data-e-type=\"widget\" data-widget_type=\"menu-anchor.default\">\n\t\t\t\t<div class=\"elementor-widget-container\">\n\t\t\t\t\t\t\t<div class=\"elementor-menu-anchor\" id=\"Albandeira\"><\/div>\n\t\t\t\t\t\t<\/div>\n\t\t\t\t<\/div>\n\t\t\t\t<div class=\"elementor-element elementor-element-7b900c23 elementor-widget elementor-widget-heading\" data-id=\"7b900c23\" data-element_type=\"widget\" data-e-type=\"widget\" data-widget_type=\"heading.default\">\n\t\t\t\t<div class=\"elementor-widget-container\">\n\t\t\t\t\t<h2 class=\"elementor-heading-title elementor-size-default\">\ud83c\udfd6\ufe0f 3. Praia da Albandeira - Oblouk a skryt\u00e9 z\u00e1toky <\/h2>\t\t\t\t<\/div>\n\t\t\t\t<\/div>\n\t\t\t\t<div class=\"elementor-element elementor-element-8bc4f75 elementor-widget elementor-widget-text-editor\" data-id=\"8bc4f75\" data-element_type=\"widget\" data-e-type=\"widget\" data-widget_type=\"text-editor.default\">\n\t\t\t\t<div class=\"elementor-widget-container\">\n\t\t\t\t\t\t\t\t\t<p data-start=\"2612\" data-end=\"2901\"><strong data-start=\"2612\" data-end=\"2622\">\u00darove\u0148:<\/strong> St\u0159edn\u011b<strong data-start=\"2638\" data-end=\"2653\">pokro\u010dil\u00ed<\/strong><br data-start=\"2635\" data-end=\"2638\"\/><strong data-start=\"2638\" data-end=\"2653\">Hlavn\u00ed atrakce:<\/strong> P\u0159\u00edrodn\u00ed oblouk Albandeira a mal\u00e9 mo\u0159sk\u00e9 jeskyn\u011b.<br data-start=\"2702\" data-end=\"2705\"\/><strong data-start=\"2705\" data-end=\"2716\">Start:<\/strong> Pl\u00e1\u017e Albandeira.<br data-start=\"2734\" data-end=\"2737\"\/><strong data-start=\"2737\" data-end=\"2751\">P\u0159\u00edliv\/v\u00edtr:<\/strong> St\u0159edn\u00ed p\u0159\u00edliv, mal\u00fd vlnobit\u00ed, bezv\u011bt\u0159\u00ed.<br data-start=\"2783\" data-end=\"2786\"\/><strong data-start=\"2786\" data-end=\"2795\">Pozn\u00e1mka:<\/strong> Vezm\u011bte si vodot\u011bsn\u00fd fotoapar\u00e1t \u2013 \u00fa\u017easn\u00e9 odrazy p\u0159i v\u00fdchodu slunce.<br data-start=\"2852\" data-end=\"2855\"\/>\ud83d\udc49 <a class=\"decorated-link\" href=\"https:\/\/maps.app.goo.gl\/o5pDzc79Ejtk3TwB7\" target=\"_blank\" rel=\"noopener\" data-start=\"2858\" data-end=\"2901\">Poloha na map\u011b<\/a><\/p>\t\t\t\t\t\t\t\t<\/div>\n\t\t\t\t<\/div>\n\t\t\t\t<div class=\"elementor-element elementor-element-726a0656 elementor-widget elementor-widget-image\" data-id=\"726a0656\" data-element_type=\"widget\" data-e-type=\"widget\" data-widget_type=\"image.default\">\n\t\t\t\t<div class=\"elementor-widget-container\">\n\t\t\t\t\t\t\t\t\t\t\t\t\t\t\t<img loading=\"lazy\" decoding=\"async\" width=\"800\" height=\"533\" src=\"https:\/\/oceancamper.com\/wp-content\/uploads\/2020\/12\/Arco_da_Albandeira_Lagoa_Algarve.jpg\" class=\"attachment-large size-large wp-image-208060\" alt=\"P\u0159\u00edrodn\u00ed kamenn\u00fd oblouk na pl\u00e1\u017ei Albandeira v Lagoa v portugalsk\u00e9m Algarve s tyrkysovou vodou a zlat\u00fdmi \u00fatesy.\" srcset=\"https:\/\/oceancamper.com\/wp-content\/uploads\/2020\/12\/Arco_da_Albandeira_Lagoa_Algarve.jpg 960w, https:\/\/oceancamper.com\/wp-content\/uploads\/2020\/12\/Arco_da_Albandeira_Lagoa_Algarve-300x200.jpg 300w, https:\/\/oceancamper.com\/wp-content\/uploads\/2020\/12\/Arco_da_Albandeira_Lagoa_Algarve-768x512.jpg 768w, https:\/\/oceancamper.com\/wp-content\/uploads\/2020\/12\/Arco_da_Albandeira_Lagoa_Algarve-240x160.jpg 240w\" sizes=\"(max-width: 800px) 100vw, 800px\" \/>\t\t\t\t\t\t\t\t\t\t\t\t\t\t\t<\/div>\n\t\t\t\t<\/div>\n\t\t\t\t<div class=\"elementor-element elementor-element-56b3fbd elementor-widget elementor-widget-text-editor\" data-id=\"56b3fbd\" data-element_type=\"widget\" data-e-type=\"widget\" data-widget_type=\"text-editor.default\">\n\t\t\t\t<div class=\"elementor-widget-container\">\n\t\t\t\t\t\t\t\t\t<p data-start=\"1551\" data-end=\"1629\">Fotografie \u201eArco da Albandeira, Lagoa (Algarve)\u201c od Alvesgaspar, licencovan\u00e1 pod licenc\u00ed<a href=\"https:\/\/commons.wikimedia.org\/wiki\/File:Arco_da_Albandeira,_Lagoa_(Algarve).jpg\" target=\"_blank\" rel=\"noopener\"> CC BY-SA 4.0<\/a>.<\/p>\t\t\t\t\t\t\t\t<\/div>\n\t\t\t\t<\/div>\n\t\t\t\t\t<\/div>\n\t\t<\/div>\n\t\t\t\t\t<\/div>\n\t\t<\/section>\n\t\t\t\t<section class=\"elementor-section elementor-top-section elementor-element elementor-element-6781a86c elementor-section-stretched elementor-section-boxed elementor-section-height-default elementor-section-height-default\" data-id=\"6781a86c\" data-element_type=\"section\" data-e-type=\"section\" id=\"benagil\" data-settings=\"{&quot;stretch_section&quot;:&quot;section-stretched&quot;,&quot;background_background&quot;:&quot;classic&quot;}\">\n\t\t\t\t\t\t<div class=\"elementor-container elementor-column-gap-default\">\n\t\t\t\t\t<div class=\"elementor-column elementor-col-100 elementor-top-column elementor-element elementor-element-33ffc835\" data-id=\"33ffc835\" data-element_type=\"column\" data-e-type=\"column\">\n\t\t\t<div class=\"elementor-widget-wrap elementor-element-populated\">\n\t\t\t\t\t\t<div class=\"elementor-element elementor-element-19ab0747 elementor-widget elementor-widget-heading\" data-id=\"19ab0747\" data-element_type=\"widget\" data-e-type=\"widget\" data-widget_type=\"heading.default\">\n\t\t\t\t<div class=\"elementor-widget-container\">\n\t\t\t\t\t<h2 class=\"elementor-heading-title elementor-size-default\">\ud83c\udfd6\ufe0f 4. Jeskyn\u011b Benagil - pouze prohl\u00eddky s pr\u016fvodcem <\/h2>\t\t\t\t<\/div>\n\t\t\t\t<\/div>\n\t\t\t\t<div class=\"elementor-element elementor-element-2961a86 elementor-widget elementor-widget-text-editor\" data-id=\"2961a86\" data-element_type=\"widget\" data-e-type=\"widget\" data-widget_type=\"text-editor.default\">\n\t\t\t\t<div class=\"elementor-widget-container\">\n\t\t\t\t\t\t\t\t\t<p><strong data-start=\"2956\" data-end=\"2966\">\u00darove\u0148:<\/strong> St\u0159edn\u011b<strong data-start=\"2982\" data-end=\"2997\">pokro\u010dil\u00ed<\/strong><br data-start=\"2979\" data-end=\"2982\"\/><strong data-start=\"2982\" data-end=\"2997\">Hlavn\u00ed atrakce:<\/strong> Slavn\u00e1 mo\u0159sk\u00e1 jeskyn\u011b Benagil s kopulovit\u00fdm stropem a tyrkysovou vodou.<br data-start=\"3069\" data-end=\"3072\"\/><strong data-start=\"3072\" data-end=\"3083\">Start:<\/strong> Z pl\u00e1\u017ee Benagil nebo z bl\u00edzk\u00fdch pob\u0159e\u017en\u00edch v\u00fdchoz\u00edch bod\u016f.<br data-start=\"3138\" data-end=\"3141\"\/><strong data-start=\"3141\" data-end=\"3155\">D\u016fle\u017eit\u00e9:<\/strong> \ud83d\uded1 <strong data-start=\"3159\" data-end=\"3228\">Samostatn\u00e9 p\u00e1dlov\u00e1n\u00ed uvnit\u0159 jeskyn\u011b Benagil ji\u017e nen\u00ed povoleno.<\/strong><br data-start=\"3228\" data-end=\"3231\"\/>Z bezpe\u010dnostn\u00edch d\u016fvod\u016f a kv\u016fli ochran\u011b \u017eivotn\u00edho prost\u0159ed\u00ed je p\u0159\u00edstup nyn\u00ed <strong data-start=\"3245\" data-end=\"3280\">omezen pouze na prohl\u00eddky s pr\u016fvodcem<\/strong>.<br data-start=\"3322\" data-end=\"3325\"\/><strong data-start=\"3325\" data-end=\"3341\">Alternativa:<\/strong> P\u0159ipojte se k m\u00edstn\u00ed prohl\u00eddce na SUPu nebo kajaku s pr\u016fvodcem \u2013 je to bezpe\u010dn\u011bj\u0161\u00ed a st\u00e1le stejn\u011b kouzeln\u00e9!<br data-start=\"3411\" data-end=\"3414\"\/>\ud83d\udc49 <a class=\"decorated-link\" href=\"https:\/\/maps.app.goo.gl\/H2ahEQ96aaBMnsZ89\" target=\"_blank\" rel=\"noopener\" data-start=\"3417\" data-end=\"3460\">Poloha na map\u011b<\/a><\/p>\t\t\t\t\t\t\t\t<\/div>\n\t\t\t\t<\/div>\n\t\t\t\t<div class=\"elementor-element elementor-element-38be785 elementor-widget elementor-widget-image\" data-id=\"38be785\" data-element_type=\"widget\" data-e-type=\"widget\" data-widget_type=\"image.default\">\n\t\t\t\t<div class=\"elementor-widget-container\">\n\t\t\t\t\t\t\t\t\t\t\t\t\t\t\t<img loading=\"lazy\" decoding=\"async\" width=\"800\" height=\"533\" src=\"https:\/\/oceancamper.com\/wp-content\/uploads\/2020\/12\/benagil-cave-algarve-portugal-sea-cave-SUP-1.jpg-1.jpg\" class=\"attachment-large size-large wp-image-208067\" alt=\"J\u00edzda na paddleboardu u jeskyn\u011b Benagil v portugalsk\u00e9m Algarve, tyrkysov\u00e1 voda, slune\u010dn\u00ed sv\u011btlo v jeskynn\u00edm d\u00f3mu a mal\u00e1 lo\u010fka uvnit\u0159.\" srcset=\"https:\/\/oceancamper.com\/wp-content\/uploads\/2020\/12\/benagil-cave-algarve-portugal-sea-cave-SUP-1.jpg-1.jpg 960w, https:\/\/oceancamper.com\/wp-content\/uploads\/2020\/12\/benagil-cave-algarve-portugal-sea-cave-SUP-1.jpg-1-300x200.jpg 300w, https:\/\/oceancamper.com\/wp-content\/uploads\/2020\/12\/benagil-cave-algarve-portugal-sea-cave-SUP-1.jpg-1-768x512.jpg 768w, https:\/\/oceancamper.com\/wp-content\/uploads\/2020\/12\/benagil-cave-algarve-portugal-sea-cave-SUP-1.jpg-1-240x160.jpg 240w\" sizes=\"(max-width: 800px) 100vw, 800px\" \/>\t\t\t\t\t\t\t\t\t\t\t\t\t\t\t<\/div>\n\t\t\t\t<\/div>\n\t\t\t\t<div class=\"elementor-element elementor-element-ebf42be elementor-widget elementor-widget-text-editor\" data-id=\"ebf42be\" data-element_type=\"widget\" data-e-type=\"widget\" data-widget_type=\"text-editor.default\">\n\t\t\t\t<div class=\"elementor-widget-container\">\n\t\t\t\t\t\t\t\t\t<p data-start=\"1551\" data-end=\"1629\">Fotografie \u201eMo\u0159sk\u00e1 jeskyn\u011b pobl\u00ed\u017e Carvoeira (52859676063).jpg\u201c od <a class=\"external text\" href=\"https:\/\/www.flickr.com\/people\/27637794@N05\" rel=\"nofollow\">Martyho B<\/a>, pod licenc\u00ed <a href=\"https:\/\/commons.wikimedia.org\/wiki\/File:Sea_cave_near_Carvoeiro_(52859676063).jpg\" target=\"_blank\" rel=\"noopener\">CC BY 3.0<\/a>.<\/p>\t\t\t\t\t\t\t\t<\/div>\n\t\t\t\t<\/div>\n\t\t\t\t\t<\/div>\n\t\t<\/div>\n\t\t\t\t\t<\/div>\n\t\t<\/section>\n\t\t\t\t<section class=\"elementor-section elementor-top-section elementor-element elementor-element-348298d2 elementor-section-stretched elementor-section-boxed elementor-section-height-default elementor-section-height-default\" data-id=\"348298d2\" data-element_type=\"section\" data-e-type=\"section\" id=\"alvor\" data-settings=\"{&quot;stretch_section&quot;:&quot;section-stretched&quot;,&quot;background_background&quot;:&quot;classic&quot;}\">\n\t\t\t\t\t\t<div class=\"elementor-container elementor-column-gap-default\">\n\t\t\t\t\t<div class=\"elementor-column elementor-col-100 elementor-top-column elementor-element elementor-element-c16e1af\" data-id=\"c16e1af\" data-element_type=\"column\" data-e-type=\"column\">\n\t\t\t<div class=\"elementor-widget-wrap elementor-element-populated\">\n\t\t\t\t\t\t<div class=\"elementor-element elementor-element-3fc2fb47 elementor-widget elementor-widget-heading\" data-id=\"3fc2fb47\" data-element_type=\"widget\" data-e-type=\"widget\" data-widget_type=\"heading.default\">\n\t\t\t\t<div class=\"elementor-widget-container\">\n\t\t\t\t\t<h2 class=\"elementor-heading-title elementor-size-default\">\ud83c\udfd6\ufe0f 5. Alvor (z Praia do Alem\u00e3o do Prainha) <\/h2>\t\t\t\t<\/div>\n\t\t\t\t<\/div>\n\t\t\t\t<div class=\"elementor-element elementor-element-2d7f8e20 elementor-widget elementor-widget-text-editor\" data-id=\"2d7f8e20\" data-element_type=\"widget\" data-e-type=\"widget\" data-widget_type=\"text-editor.default\">\n\t\t\t\t<div class=\"elementor-widget-container\">\n\t\t\t\t\t\t\t\t\t<p data-start=\"3517\" data-end=\"3755\"><strong data-start=\"3517\" data-end=\"3527\">\u00darove\u0148:<\/strong> Za\u010d\u00e1te\u010dn\u00edci\u2013m\u00edrn\u011b pokro\u010dil\u00ed<br data-start=\"3549\" data-end=\"3552\"\/><strong data-start=\"3552\" data-end=\"3567\">Hlavn\u00ed atrakce:<\/strong> Mal\u00e9 z\u00e1toky a klidn\u00e9 pl\u00e1\u017ee p\u0159\u00edstupn\u00e9 pouze z mo\u0159e.<br data-start=\"3627\" data-end=\"3630\"\/><strong data-start=\"3630\" data-end=\"3641\">V\u00fdchod:<\/strong> Praia do Alem\u00e3o.<br data-start=\"3658\" data-end=\"3661\"\/><strong data-start=\"3661\" data-end=\"3675\">P\u0159\u00edliv\/v\u00edtr:<\/strong> N\u00edzk\u00e9 vlny, nejlep\u0161\u00ed podm\u00ednky brzy r\u00e1no.<br data-start=\"3706\" data-end=\"3709\"\/>\ud83d\udc49 <a class=\"decorated-link\" href=\"https:\/\/maps.app.goo.gl\/2rUg6C2SdkLRR1Qz9\" target=\"_blank\" rel=\"noopener\" data-start=\"3712\" data-end=\"3755\">Poloha na map\u011b<\/a><\/p>\t\t\t\t\t\t\t\t<\/div>\n\t\t\t\t<\/div>\n\t\t\t\t<div class=\"elementor-element elementor-element-7105e9a8 elementor-widget elementor-widget-image\" data-id=\"7105e9a8\" data-element_type=\"widget\" data-e-type=\"widget\" data-widget_type=\"image.default\">\n\t\t\t\t<div class=\"elementor-widget-container\">\n\t\t\t\t\t\t\t\t\t\t\t\t\t\t\t<img loading=\"lazy\" decoding=\"async\" width=\"800\" height=\"533\" src=\"https:\/\/oceancamper.com\/wp-content\/uploads\/2020\/12\/praia-do-alemao-sup-algarve.jpg\" class=\"attachment-large size-large wp-image-208062\" alt=\"Pl\u00e1\u017e Praia do Alem\u00e3o v Alvoru v Algarve v Portugalsku, zlatav\u00e9 \u00fatesy, tyrkysov\u00e1 voda a skaln\u00ed \u00fatvary s plachetnic\u00ed na mo\u0159i.\" srcset=\"https:\/\/oceancamper.com\/wp-content\/uploads\/2020\/12\/praia-do-alemao-sup-algarve.jpg 960w, https:\/\/oceancamper.com\/wp-content\/uploads\/2020\/12\/praia-do-alemao-sup-algarve-300x200.jpg 300w, https:\/\/oceancamper.com\/wp-content\/uploads\/2020\/12\/praia-do-alemao-sup-algarve-768x512.jpg 768w, https:\/\/oceancamper.com\/wp-content\/uploads\/2020\/12\/praia-do-alemao-sup-algarve-240x160.jpg 240w\" sizes=\"(max-width: 800px) 100vw, 800px\" \/>\t\t\t\t\t\t\t\t\t\t\t\t\t\t\t<\/div>\n\t\t\t\t<\/div>\n\t\t\t\t<div class=\"elementor-element elementor-element-e5fdd20 elementor-widget elementor-widget-text-editor\" data-id=\"e5fdd20\" data-element_type=\"widget\" data-e-type=\"widget\" data-widget_type=\"text-editor.default\">\n\t\t\t\t<div class=\"elementor-widget-container\">\n\t\t\t\t\t\t\t\t\t<p data-start=\"1551\" data-end=\"1629\">\u201ePraia do Alem\u00e3o 2017 09.jpg\u201c od Jos\u00e9olgon, pod licenc\u00ed <a href=\"https:\/\/commons.wikimedia.org\/wiki\/File:Praia_do_Alem%C3%A3o_2017_09.jpg\" target=\"_blank\" rel=\"noopener\">CC BY-SA 4.0<\/a><\/p>\t\t\t\t\t\t\t\t<\/div>\n\t\t\t\t<\/div>\n\t\t\t\t\t<\/div>\n\t\t<\/div>\n\t\t\t\t\t<\/div>\n\t\t<\/section>\n\t\t\t\t<section class=\"elementor-section elementor-top-section elementor-element elementor-element-2a52a3f9 elementor-section-stretched elementor-section-boxed elementor-section-height-default elementor-section-height-default\" data-id=\"2a52a3f9\" data-element_type=\"section\" data-e-type=\"section\" id=\"piedade\" data-settings=\"{&quot;stretch_section&quot;:&quot;section-stretched&quot;,&quot;background_background&quot;:&quot;classic&quot;}\">\n\t\t\t\t\t\t<div class=\"elementor-container elementor-column-gap-default\">\n\t\t\t\t\t<div class=\"elementor-column elementor-col-100 elementor-top-column elementor-element elementor-element-2ee09fba\" data-id=\"2ee09fba\" data-element_type=\"column\" data-e-type=\"column\">\n\t\t\t<div class=\"elementor-widget-wrap elementor-element-populated\">\n\t\t\t\t\t\t<div class=\"elementor-element elementor-element-16f9f885 elementor-widget elementor-widget-heading\" data-id=\"16f9f885\" data-element_type=\"widget\" data-e-type=\"widget\" data-widget_type=\"heading.default\">\n\t\t\t\t<div class=\"elementor-widget-container\">\n\t\t\t\t\t<h2 class=\"elementor-heading-title elementor-size-default\">\ud83c\udfd6\ufe0f 6. Ponta da Piedade - \u00fatesy Lagosu <\/h2>\t\t\t\t<\/div>\n\t\t\t\t<\/div>\n\t\t\t\t<div class=\"elementor-element elementor-element-559e961c elementor-widget elementor-widget-text-editor\" data-id=\"559e961c\" data-element_type=\"widget\" data-e-type=\"widget\" data-widget_type=\"text-editor.default\">\n\t\t\t\t<div class=\"elementor-widget-container\">\n\t\t\t\t\t\t\t\t\t<p><strong data-start=\"3809\" data-end=\"3819\">\u00darove\u0148:<\/strong> St\u0159edn\u011b pokro\u010dil<strong data-start=\"3835\" data-end=\"3850\">\u00ed<\/strong><br data-start=\"3832\" data-end=\"3835\"\/><strong data-start=\"3835\" data-end=\"3850\">Hlavn\u00ed atrakce:<\/strong> Zlat\u00e9 \u00fatesy, skaln\u00ed oblouky a k\u0159i\u0161\u0165\u00e1lov\u011b \u010dist\u00e1 voda.<br data-start=\"3903\" data-end=\"3906\"\/><strong data-start=\"3906\" data-end=\"3917\">V\u00fdchoz\u00ed bod:<\/strong> Praia do Camilo nebo Praia Dona Ana.<br data-start=\"3952\" data-end=\"3955\"\/><strong data-start=\"3955\" data-end=\"3969\">P\u0159\u00edliv\/v\u00edtr:<\/strong> Vyrazte za \u00fasvitu, kdy panuj\u00ed klidn\u00e9 podm\u00ednky a kr\u00e1sn\u00e9 sv\u011btlo.<br data-start=\"4021\" data-end=\"4024\"\/>\ud83d\udc49 <a class=\"decorated-link\" href=\"https:\/\/maps.app.goo.gl\/ZbfPs1HAYNddooh26\" target=\"_blank\" rel=\"noopener\" data-start=\"4027\" data-end=\"4070\">Poloha na map\u011b<\/a><\/p>\t\t\t\t\t\t\t\t<\/div>\n\t\t\t\t<\/div>\n\t\t\t\t<div class=\"elementor-element elementor-element-41ecdeff elementor-widget elementor-widget-image\" data-id=\"41ecdeff\" data-element_type=\"widget\" data-e-type=\"widget\" data-widget_type=\"image.default\">\n\t\t\t\t<div class=\"elementor-widget-container\">\n\t\t\t\t\t\t\t\t\t\t\t\t\t\t\t<img loading=\"lazy\" decoding=\"async\" width=\"800\" height=\"223\" src=\"https:\/\/oceancamper.com\/wp-content\/uploads\/2020\/12\/ponta-da-piedade-sup-algarve-1.jpg\" class=\"attachment-large size-large wp-image-208068\" alt=\"Paddleboarding a v\u00fdlety lod\u00ed v Ponta da Piedade, Lagos, Algarve \u2013 zlatav\u00e9 \u00fatesy, skaln\u00ed oblouky a tyrkysov\u00e1 voda.\" srcset=\"https:\/\/oceancamper.com\/wp-content\/uploads\/2020\/12\/ponta-da-piedade-sup-algarve-1.jpg 960w, https:\/\/oceancamper.com\/wp-content\/uploads\/2020\/12\/ponta-da-piedade-sup-algarve-1-300x83.jpg 300w, https:\/\/oceancamper.com\/wp-content\/uploads\/2020\/12\/ponta-da-piedade-sup-algarve-1-768x214.jpg 768w, https:\/\/oceancamper.com\/wp-content\/uploads\/2020\/12\/ponta-da-piedade-sup-algarve-1-240x67.jpg 240w\" sizes=\"(max-width: 800px) 100vw, 800px\" \/>\t\t\t\t\t\t\t\t\t\t\t\t\t\t\t<\/div>\n\t\t\t\t<\/div>\n\t\t\t\t<div class=\"elementor-element elementor-element-78d74af elementor-widget elementor-widget-text-editor\" data-id=\"78d74af\" data-element_type=\"widget\" data-e-type=\"widget\" data-widget_type=\"text-editor.default\">\n\t\t\t\t<div class=\"elementor-widget-container\">\n\t\t\t\t\t\t\t\t\t<p>Fotografie <em data-start=\"55\" data-end=\"104\">\u201ePonta da Piedade pano.jpg\u201c<\/em> od <a class=\"mw-redirect\" title=\"U\u017eivatel:Dicklyon\" href=\"https:\/\/commons.wikimedia.org\/wiki\/User:Dicklyon\">Dicklyona<\/a>, licencovan\u00e1 pod licenc\u00ed <a class=\"decorated-link\" href=\"https:\/\/commons.wikimedia.org\/wiki\/File:Ponta_da_Piedade_pano.jpg\" target=\"_blank\" rel=\"noopener\" data-start=\"136\" data-end=\"193\">CC BY 2.0<\/a>.<\/p>\t\t\t\t\t\t\t\t<\/div>\n\t\t\t\t<\/div>\n\t\t\t\t\t<\/div>\n\t\t<\/div>\n\t\t\t\t\t<\/div>\n\t\t<\/section>\n\t\t\t\t<section class=\"elementor-section elementor-top-section elementor-element elementor-element-7e4a9cbe elementor-section-stretched elementor-section-boxed elementor-section-height-default elementor-section-height-default\" data-id=\"7e4a9cbe\" data-element_type=\"section\" data-e-type=\"section\" id=\"milfontes\" data-settings=\"{&quot;stretch_section&quot;:&quot;section-stretched&quot;,&quot;background_background&quot;:&quot;classic&quot;}\">\n\t\t\t\t\t\t<div class=\"elementor-container elementor-column-gap-default\">\n\t\t\t\t\t<div class=\"elementor-column elementor-col-100 elementor-top-column elementor-element elementor-element-4427078b\" data-id=\"4427078b\" data-element_type=\"column\" data-e-type=\"column\">\n\t\t\t<div class=\"elementor-widget-wrap elementor-element-populated\">\n\t\t\t\t\t\t<div class=\"elementor-element elementor-element-48c9fd0e elementor-widget elementor-widget-heading\" data-id=\"48c9fd0e\" data-element_type=\"widget\" data-e-type=\"widget\" data-widget_type=\"heading.default\">\n\t\t\t\t<div class=\"elementor-widget-container\">\n\t\t\t\t\t<h2 class=\"elementor-heading-title elementor-size-default\">\ud83c\udfde\ufe0f 7. Vila Nova de Milfontes - \u0159eka Mira (Alentejo) <\/h2>\t\t\t\t<\/div>\n\t\t\t\t<\/div>\n\t\t\t\t<div class=\"elementor-element elementor-element-7eb7ad3c elementor-widget elementor-widget-text-editor\" data-id=\"7eb7ad3c\" data-element_type=\"widget\" data-e-type=\"widget\" data-widget_type=\"text-editor.default\">\n\t\t\t\t<div class=\"elementor-widget-container\">\n\t\t\t\t\t\t\t\t\t<p><strong data-start=\"4139\" data-end=\"4149\">\u00darove\u0148:<\/strong> Za\u010d\u00e1te\u010dn\u00edci+<br data-start=\"4159\" data-end=\"4162\"\/><strong data-start=\"4162\" data-end=\"4177\">Hlavn\u00ed atrakce:<\/strong> Klidn\u00e1 plavba po \u0159ece s v\u00fdhledem na duny a m\u011bsto.<br data-start=\"4224\" data-end=\"4227\"\/><strong data-start=\"4227\" data-end=\"4238\">Start:<\/strong> \u0158\u00ed\u010dn\u00ed pl\u00e1\u017e pobl\u00ed\u017e vesnice.<br data-start=\"4268\" data-end=\"4271\"\/><strong data-start=\"4271\" data-end=\"4281\">Vyhn\u011bte se:<\/strong> \u00dast\u00ed \u0159eky \u2014 siln\u00e9 proudy.<br data-start=\"4320\" data-end=\"4323\"\/>\ud83d\udc49 <a class=\"decorated-link\" href=\"https:\/\/maps.app.goo.gl\/fw6mrCUfYTXXV1aw8\" target=\"_blank\" rel=\"noopener\" data-start=\"4326\" data-end=\"4369\">Poloha na map\u011b<\/a><\/p>\t\t\t\t\t\t\t\t<\/div>\n\t\t\t\t<\/div>\n\t\t\t\t<div class=\"elementor-element elementor-element-6c53d04c elementor-widget elementor-widget-image\" data-id=\"6c53d04c\" data-element_type=\"widget\" data-e-type=\"widget\" data-widget_type=\"image.default\">\n\t\t\t\t<div class=\"elementor-widget-container\">\n\t\t\t\t\t\t\t\t\t\t\t\t\t\t\t<img loading=\"lazy\" decoding=\"async\" width=\"800\" height=\"600\" src=\"https:\/\/oceancamper.com\/wp-content\/uploads\/2020\/12\/vila-nova-de-milfontes-sup-portugal.jpg\" class=\"attachment-large size-large wp-image-208064\" alt=\"Pohled na Vila Nova de Milfontes v regionu Alentejo v Portugalsku \u2013 \u0159\u00ed\u010dn\u00ed pl\u00e1\u017e s tyrkysovou vodou, \u00fatesy a b\u00edl\u00e9 domy nad n\u00ed.\" srcset=\"https:\/\/oceancamper.com\/wp-content\/uploads\/2020\/12\/vila-nova-de-milfontes-sup-portugal.jpg 800w, https:\/\/oceancamper.com\/wp-content\/uploads\/2020\/12\/vila-nova-de-milfontes-sup-portugal-300x225.jpg 300w, https:\/\/oceancamper.com\/wp-content\/uploads\/2020\/12\/vila-nova-de-milfontes-sup-portugal-768x576.jpg 768w, https:\/\/oceancamper.com\/wp-content\/uploads\/2020\/12\/vila-nova-de-milfontes-sup-portugal-240x180.jpg 240w\" sizes=\"(max-width: 800px) 100vw, 800px\" \/>\t\t\t\t\t\t\t\t\t\t\t\t\t\t\t<\/div>\n\t\t\t\t<\/div>\n\t\t\t\t<div class=\"elementor-element elementor-element-1bb929c elementor-widget elementor-widget-text-editor\" data-id=\"1bb929c\" data-element_type=\"widget\" data-e-type=\"widget\" data-widget_type=\"text-editor.default\">\n\t\t\t\t<div class=\"elementor-widget-container\">\n\t\t\t\t\t\t\t\t\t<p>Fotografie \u201eVila Nova de Milfontes.jpg\u201c od Francisca Santose (Xuaxo), licencovan\u00e1 pod licenc\u00ed <a class=\"decorated-link cursor-pointer\" href=\"https:\/\/commons.wikimedia.org\/wiki\/File:Vila_Nova_de_Milfontes.jpg\" target=\"_blank\" rel=\"noopener\" data-start=\"81\" data-end=\"144\">CC BY-SA 3.0<\/a><\/p>\t\t\t\t\t\t\t\t<\/div>\n\t\t\t\t<\/div>\n\t\t\t\t\t<\/div>\n\t\t<\/div>\n\t\t\t\t\t<\/div>\n\t\t<\/section>\n\t\t\t\t<section class=\"elementor-section elementor-top-section elementor-element elementor-element-19ee9ca1 elementor-section-stretched elementor-section-boxed elementor-section-height-default elementor-section-height-default\" data-id=\"19ee9ca1\" data-element_type=\"section\" data-e-type=\"section\" id=\"arade\" data-settings=\"{&quot;stretch_section&quot;:&quot;section-stretched&quot;,&quot;background_background&quot;:&quot;classic&quot;}\">\n\t\t\t\t\t\t<div class=\"elementor-container elementor-column-gap-default\">\n\t\t\t\t\t<div class=\"elementor-column elementor-col-100 elementor-top-column elementor-element elementor-element-317e2be1\" data-id=\"317e2be1\" data-element_type=\"column\" data-e-type=\"column\">\n\t\t\t<div class=\"elementor-widget-wrap elementor-element-populated\">\n\t\t\t\t\t\t<div class=\"elementor-element elementor-element-705ec91b elementor-widget elementor-widget-heading\" data-id=\"705ec91b\" data-element_type=\"widget\" data-e-type=\"widget\" data-widget_type=\"heading.default\">\n\t\t\t\t<div class=\"elementor-widget-container\">\n\t\t\t\t\t<h2 class=\"elementor-heading-title elementor-size-default\">\ud83c\udf3f 8. Barragem do Arade - Lesn\u00ed jezero <\/h2>\t\t\t\t<\/div>\n\t\t\t\t<\/div>\n\t\t\t\t<div class=\"elementor-element elementor-element-26902f37 elementor-widget elementor-widget-text-editor\" data-id=\"26902f37\" data-element_type=\"widget\" data-e-type=\"widget\" data-widget_type=\"text-editor.default\">\n\t\t\t\t<div class=\"elementor-widget-container\">\n\t\t\t\t\t\t\t\t\t<p><strong data-start=\"4422\" data-end=\"4432\">\u00darove\u0148:<\/strong> Za\u010d\u00e1te\u010dn\u00edci<br data-start=\"4441\" data-end=\"4444\"\/><strong data-start=\"4444\" data-end=\"4459\">Hlavn\u00ed p\u0159ednosti:<\/strong> Klidn\u00e9 p\u00e1dlov\u00e1n\u00ed po klidn\u00e9 vod\u011b uprost\u0159ed borovicov\u00e9ho lesa.<br data-start=\"4514\" data-end=\"4517\"\/><strong data-start=\"4517\" data-end=\"4528\">P\u0159\u00edstup:<\/strong> Spu\u0161t\u011bn\u00ed na vodu z b\u0159ehu pobl\u00ed\u017e hlavn\u00edho p\u0159\u00edstupu k p\u0159ehrad\u011b.<br data-start=\"4567\" data-end=\"4570\"\/><strong data-start=\"4570\" data-end=\"4580\">Pozn\u00e1mky:<\/strong> Vezm\u011bte si s sebou vodu a sva\u010dinu \u2013 v okol\u00ed nejsou \u017e\u00e1dn\u00e9 slu\u017eby.<br data-start=\"4625\" data-end=\"4628\"\/>\ud83d\udc49 <a class=\"decorated-link\" href=\"https:\/\/goo.gl\/maps\/W1rKMB2PJqvU1rJaA\" target=\"_blank\" rel=\"noopener\" data-start=\"4631\" data-end=\"4674\">Um\u00edst\u011bn\u00ed na map\u011b<\/a><\/p>\t\t\t\t\t\t\t\t<\/div>\n\t\t\t\t<\/div>\n\t\t\t\t<div class=\"elementor-element elementor-element-eac133b elementor-widget elementor-widget-image\" data-id=\"eac133b\" data-element_type=\"widget\" data-e-type=\"widget\" data-widget_type=\"image.default\">\n\t\t\t\t<div class=\"elementor-widget-container\">\n\t\t\t\t\t\t\t\t\t\t\t\t\t\t\t<img loading=\"lazy\" decoding=\"async\" width=\"800\" height=\"600\" src=\"https:\/\/oceancamper.com\/wp-content\/uploads\/2020\/12\/algarve-lakes-sup.jpg\" class=\"attachment-large size-large wp-image-207487\" alt=\"Paddleboarding Algarve jezera SUP Algarve Barragem do Arade\" srcset=\"https:\/\/oceancamper.com\/wp-content\/uploads\/2020\/12\/algarve-lakes-sup.jpg 1024w, https:\/\/oceancamper.com\/wp-content\/uploads\/2020\/12\/algarve-lakes-sup-300x225.jpg 300w, https:\/\/oceancamper.com\/wp-content\/uploads\/2020\/12\/algarve-lakes-sup-768x576.jpg 768w\" sizes=\"(max-width: 800px) 100vw, 800px\" \/>\t\t\t\t\t\t\t\t\t\t\t\t\t\t\t<\/div>\n\t\t\t\t<\/div>\n\t\t\t\t\t<\/div>\n\t\t<\/div>\n\t\t\t\t\t<\/div>\n\t\t<\/section>\n\t\t\t\t<section class=\"elementor-section elementor-top-section elementor-element elementor-element-4752571 elementor-section-stretched elementor-section-boxed elementor-section-height-default elementor-section-height-default\" data-id=\"4752571\" data-element_type=\"section\" data-e-type=\"section\" id=\"funcho\" data-settings=\"{&quot;stretch_section&quot;:&quot;section-stretched&quot;,&quot;background_background&quot;:&quot;classic&quot;}\">\n\t\t\t\t\t\t<div class=\"elementor-container elementor-column-gap-default\">\n\t\t\t\t\t<div class=\"elementor-column elementor-col-100 elementor-top-column elementor-element elementor-element-cfe1336\" data-id=\"cfe1336\" data-element_type=\"column\" data-e-type=\"column\">\n\t\t\t<div class=\"elementor-widget-wrap elementor-element-populated\">\n\t\t\t\t\t\t<div class=\"elementor-element elementor-element-47c36e0 elementor-widget elementor-widget-heading\" data-id=\"47c36e0\" data-element_type=\"widget\" data-e-type=\"widget\" data-widget_type=\"heading.default\">\n\t\t\t\t<div class=\"elementor-widget-container\">\n\t\t\t\t\t<h2 class=\"elementor-heading-title elementor-size-default\">\ud83c\udf3f 9. Barragem do Funcho - Tich\u00e1 n\u00e1dr\u017e <\/h2>\t\t\t\t<\/div>\n\t\t\t\t<\/div>\n\t\t\t\t<div class=\"elementor-element elementor-element-9b9bbaa elementor-widget elementor-widget-text-editor\" data-id=\"9b9bbaa\" data-element_type=\"widget\" data-e-type=\"widget\" data-widget_type=\"text-editor.default\">\n\t\t\t\t<div class=\"elementor-widget-container\">\n\t\t\t\t\t\t\t\t\t<p><strong data-start=\"5218\" data-end=\"5228\">\u00darove\u0148:<\/strong> Za\u010d\u00e1te\u010dn\u00edci<br data-start=\"5237\" data-end=\"5240\"\/><strong data-start=\"5240\" data-end=\"5255\">Hlavn\u00ed atrakce:<\/strong> Dlouh\u00e9, klidn\u00e9 v\u00fdpravy na kajaku; pta\u010d\u00ed fauna.<br data-start=\"5289\" data-end=\"5292\"\/><strong data-start=\"5292\" data-end=\"5303\">Vstup do vody:<\/strong> Ve\u0159ejn\u00e1 p\u0159\u00edstupov\u00e1 m\u00edsta na b\u0159ehu.<br data-start=\"5338\" data-end=\"5341\"\/><strong data-start=\"5341\" data-end=\"5355\">P\u0159\u00edliv\/v\u00edtr:<\/strong> Nevztahuje se; vyhn\u011bte se v\u011btrn\u00fdm odpoledn\u00edm hodin\u00e1m.<br data-start=\"5384\" data-end=\"5387\"\/><strong data-start=\"5387\" data-end=\"5405\">Parkov\u00e1n\u00ed\/pozn\u00e1mky:<\/strong> Odlehl\u00e1 lokalita; vezm\u011bte si s sebou vodu a sva\u010dinu.\ud83d\udc49 <a class=\"decorated-link\" href=\"https:\/\/goo.gl\/maps\/bu2wzmr4zLgRwMq96\" target=\"_blank\" rel=\"noopener\" data-start=\"4884\" data-end=\"4927\">Poloha na map\u011b<\/a><\/p>\t\t\t\t\t\t\t\t<\/div>\n\t\t\t\t<\/div>\n\t\t\t\t<div class=\"elementor-element elementor-element-bfcc950 elementor-widget elementor-widget-image\" data-id=\"bfcc950\" data-element_type=\"widget\" data-e-type=\"widget\" data-widget_type=\"image.default\">\n\t\t\t\t<div class=\"elementor-widget-container\">\n\t\t\t\t\t\t\t\t\t\t\t\t\t\t\t<img loading=\"lazy\" decoding=\"async\" width=\"800\" height=\"528\" src=\"https:\/\/oceancamper.com\/wp-content\/uploads\/2020\/12\/barragem-do-funcho-sup-algarve.jpg\" class=\"attachment-large size-large wp-image-208065\" alt=\"P\u0159ehrada Barragem do Funcho v Silves na Algarve v Portugalsku \u2013 klidn\u00e9 jezero obklopen\u00e9 kopci a modrou oblohou, ide\u00e1ln\u00ed pro paddleboarding.\" srcset=\"https:\/\/oceancamper.com\/wp-content\/uploads\/2020\/12\/barragem-do-funcho-sup-algarve.jpg 960w, https:\/\/oceancamper.com\/wp-content\/uploads\/2020\/12\/barragem-do-funcho-sup-algarve-300x198.jpg 300w, https:\/\/oceancamper.com\/wp-content\/uploads\/2020\/12\/barragem-do-funcho-sup-algarve-768x507.jpg 768w, https:\/\/oceancamper.com\/wp-content\/uploads\/2020\/12\/barragem-do-funcho-sup-algarve-240x159.jpg 240w\" sizes=\"(max-width: 800px) 100vw, 800px\" \/>\t\t\t\t\t\t\t\t\t\t\t\t\t\t\t<\/div>\n\t\t\t\t<\/div>\n\t\t\t\t<div class=\"elementor-element elementor-element-a6c1378 elementor-widget elementor-widget-text-editor\" data-id=\"a6c1378\" data-element_type=\"widget\" data-e-type=\"widget\" data-widget_type=\"text-editor.default\">\n\t\t\t\t<div class=\"elementor-widget-container\">\n\t\t\t\t\t\t\t\t\t<p>Fotografie \u201eP\u0159ehrada Funcho na \u0159ece Arade, Silves, Portugalsko (PPL1-Corrected) julesvernex2.jpg\u201c od Jules Verne Times Two \/ <a href=\"https:\/\/www.julesvernex2.com\" target=\"_blank\" rel=\"noopener\">julesvernex2.com<\/a>, licencovan\u00e1 pod <a class=\"decorated-link cursor-pointer\" href=\"https:\/\/commons.wikimedia.org\/wiki\/File%3AFuncho_dam_on_the_Arade_river%2C_Silves%2C_Portugal_%28PPL1-Corrected%29_julesvernex2.jpg?utm_source=chatgpt.com\" target=\"_blank\" rel=\"noopener\" data-start=\"152\" data-end=\"215\">licenc\u00ed CC BY-SA 4.0<\/a>.<\/p>\t\t\t\t\t\t\t\t<\/div>\n\t\t\t\t<\/div>\n\t\t\t\t\t<\/div>\n\t\t<\/div>\n\t\t\t\t\t<\/div>\n\t\t<\/section>\n\t\t\t\t<section class=\"elementor-section elementor-top-section elementor-element elementor-element-c86ba99 elementor-section-stretched elementor-section-boxed elementor-section-height-default elementor-section-height-default\" data-id=\"c86ba99\" data-element_type=\"section\" data-e-type=\"section\" id=\"clara\" data-settings=\"{&quot;stretch_section&quot;:&quot;section-stretched&quot;,&quot;background_background&quot;:&quot;classic&quot;}\">\n\t\t\t\t\t\t<div class=\"elementor-container elementor-column-gap-default\">\n\t\t\t\t\t<div class=\"elementor-column elementor-col-100 elementor-top-column elementor-element elementor-element-331984c\" data-id=\"331984c\" data-element_type=\"column\" data-e-type=\"column\">\n\t\t\t<div class=\"elementor-widget-wrap elementor-element-populated\">\n\t\t\t\t\t\t<div class=\"elementor-element elementor-element-03b5675 elementor-widget elementor-widget-heading\" data-id=\"03b5675\" data-element_type=\"widget\" data-e-type=\"widget\" data-widget_type=\"heading.default\">\n\t\t\t\t<div class=\"elementor-widget-container\">\n\t\t\t\t\t<h2 class=\"elementor-heading-title elementor-size-default\">\ud83c\udf3f 10. Barragem de Santa Clara - skryt\u00fd klenot <\/h2>\t\t\t\t<\/div>\n\t\t\t\t<\/div>\n\t\t\t\t<div class=\"elementor-element elementor-element-0f5cb52 elementor-widget elementor-widget-text-editor\" data-id=\"0f5cb52\" data-element_type=\"widget\" data-e-type=\"widget\" data-widget_type=\"text-editor.default\">\n\t\t\t\t<div class=\"elementor-widget-container\">\n\t\t\t\t\t\t\t\t\t<p><strong data-start=\"5478\" data-end=\"5488\">\u00darove\u0148:<\/strong> Za\u010d\u00e1te\u010dn\u00edk<br data-start=\"5497\" data-end=\"5500\"><strong data-start=\"5500\" data-end=\"5515\">Nejd\u016fle\u017eit\u011bj\u0161\u00ed informace:<\/strong> Jedno z nejv\u011bt\u0161\u00edch jezer v regionu; rozlehl\u00e1, klidn\u00e1 voda.<br data-start=\"5573\" data-end=\"5576\"><strong data-start=\"5576\" data-end=\"5587\">Spu\u0161t\u011bn\u00ed:<\/strong> V\u00edce ramp\/v\u00fdklenk\u016f.<br data-start=\"5609\" data-end=\"5612\"><strong data-start=\"5612\" data-end=\"5626\">P\u0159\u00edliv a v\u00edtr: Neplat\u00ed;<\/strong> nejl\u00e9pe v klidn\u00fdch dnech.<br data-start=\"5650\" data-end=\"5653\"><strong data-start=\"5653\" data-end=\"5671\">Parkov\u00e1n\u00ed\/pozn\u00e1mky:<\/strong> Vhodn\u00e9 pro celodenn\u00ed p\u00e1dlov\u00e1n\u00ed s piknikem. \ud83d\udc49 <a class=\"decorated-link\" href=\"https:\/\/goo.gl\/maps\/SKPqn8U6nQXm7tX66\" target=\"_blank\" rel=\"noopener\" data-start=\"5155\" data-end=\"5198\">Um\u00edst\u011bn\u00ed<\/a> na map\u011b <\/p>\t\t\t\t\t\t\t\t<\/div>\n\t\t\t\t<\/div>\n\t\t\t\t<div class=\"elementor-element elementor-element-0d3a8a0 elementor-widget elementor-widget-image\" data-id=\"0d3a8a0\" data-element_type=\"widget\" data-e-type=\"widget\" data-widget_type=\"image.default\">\n\t\t\t\t<div class=\"elementor-widget-container\">\n\t\t\t\t\t\t\t\t\t\t\t\t\t\t\t<img loading=\"lazy\" decoding=\"async\" width=\"800\" height=\"353\" src=\"https:\/\/oceancamper.com\/wp-content\/uploads\/2020\/12\/barragem-de-santa-clara-sup-alentejo.jpg\" class=\"attachment-large size-large wp-image-208066\" alt=\"P\u0159ehrada Santa Clara v portugalsk\u00e9m Alenteju \u2013 klidn\u00e9 modr\u00e9 jezero obklopen\u00e9 zvln\u011bn\u00fdmi zelen\u00fdmi kopci a venkovskou krajinou.\" srcset=\"https:\/\/oceancamper.com\/wp-content\/uploads\/2020\/12\/barragem-de-santa-clara-sup-alentejo.jpg 960w, https:\/\/oceancamper.com\/wp-content\/uploads\/2020\/12\/barragem-de-santa-clara-sup-alentejo-300x132.jpg 300w, https:\/\/oceancamper.com\/wp-content\/uploads\/2020\/12\/barragem-de-santa-clara-sup-alentejo-768x338.jpg 768w, https:\/\/oceancamper.com\/wp-content\/uploads\/2020\/12\/barragem-de-santa-clara-sup-alentejo-240x106.jpg 240w\" sizes=\"(max-width: 800px) 100vw, 800px\" \/>\t\t\t\t\t\t\t\t\t\t\t\t\t\t\t<\/div>\n\t\t\t\t<\/div>\n\t\t\t\t<div class=\"elementor-element elementor-element-ec8deaa elementor-widget elementor-widget-text-editor\" data-id=\"ec8deaa\" data-element_type=\"widget\" data-e-type=\"widget\" data-widget_type=\"text-editor.default\">\n\t\t\t\t<div class=\"elementor-widget-container\">\n\t\t\t\t\t\t\t\t\t<p>Fotografie \u201eBarragem de Santa Clara Alentejo (2264826229).jpg\u201c od Guy MOLL, pod licenc\u00ed <a class=\"decorated-link\" href=\"https:\/\/commons.wikimedia.org\/wiki\/File:Barragem_de_Santa_Clara_Alentejo_(2264826229).jpg\" target=\"_blank\" rel=\"noopener\" data-start=\"88\" data-end=\"145\">CC BY 2.0<\/a><\/p>\t\t\t\t\t\t\t\t<\/div>\n\t\t\t\t<\/div>\n\t\t\t\t\t<\/div>\n\t\t<\/div>\n\t\t\t\t\t<\/div>\n\t\t<\/section>\n\t\t\t\t<section class=\"elementor-section elementor-top-section elementor-element elementor-element-ed51ce5 elementor-section-stretched elementor-section-boxed elementor-section-height-default elementor-section-height-default\" data-id=\"ed51ce5\" data-element_type=\"section\" data-e-type=\"section\" id=\"tips\" data-settings=\"{&quot;stretch_section&quot;:&quot;section-stretched&quot;,&quot;background_background&quot;:&quot;classic&quot;}\">\n\t\t\t\t\t\t<div class=\"elementor-container elementor-column-gap-default\">\n\t\t\t\t\t<div class=\"elementor-column elementor-col-100 elementor-top-column elementor-element elementor-element-c41125f\" data-id=\"c41125f\" data-element_type=\"column\" data-e-type=\"column\">\n\t\t\t<div class=\"elementor-widget-wrap elementor-element-populated\">\n\t\t\t\t\t\t<div class=\"elementor-element elementor-element-78e5e760 elementor-widget elementor-widget-heading\" data-id=\"78e5e760\" data-element_type=\"widget\" data-e-type=\"widget\" data-widget_type=\"heading.default\">\n\t\t\t\t<div class=\"elementor-widget-container\">\n\t\t\t\t\t<h2 class=\"elementor-heading-title elementor-size-default\">Co si zabalit (stru\u010dn\u00fd kontroln\u00ed seznam)<\/h2>\t\t\t\t<\/div>\n\t\t\t\t<\/div>\n\t\t\t\t<div class=\"elementor-element elementor-element-ba2b1fa elementor-widget elementor-widget-text-editor\" data-id=\"ba2b1fa\" data-element_type=\"widget\" data-e-type=\"widget\" data-widget_type=\"text-editor.default\">\n\t\t\t\t<div class=\"elementor-widget-container\">\n\t\t\t\t\t\t\t\t\t<ul><li data-start=\"6106\" data-end=\"6146\">Nafukovac\u00ed SUP + vod\u00edtko + p\u00e1dlo + pumpa<\/li><li data-start=\"6149\" data-end=\"6199\">Doporu\u010den\u00e1 z\u00e1chrann\u00e1 vesta (PFD), zejm\u00e9na pro d\u011bti<\/li><li data-start=\"6202\" data-end=\"6244\">opalovac\u00ed kr\u00e9m bezpe\u010dn\u00fd pro \u00fatesy, klobouk, voda, such\u00fd vak<\/li><li data-start=\"6247\" data-end=\"6295\">Telefon ve vodot\u011bsn\u00e9m pouzd\u0159e; mal\u00e1 l\u00e9k\u00e1rni\u010dka<\/li><li data-start=\"6298\" data-end=\"6338\">Oblek (v z\u00e1vislosti na ro\u010dn\u00edm obdob\u00ed) \/ rashguard<\/li><li data-start=\"6341\" data-end=\"6373\">\u010celovka, pokud za\u010d\u00edn\u00e1te p\u0159ed v\u00fdchodem slunce<\/li><\/ul>\t\t\t\t\t\t\t\t<\/div>\n\t\t\t\t<\/div>\n\t\t\t\t<div class=\"elementor-element elementor-element-2aadde1 elementor-widget elementor-widget-heading\" data-id=\"2aadde1\" data-element_type=\"widget\" data-e-type=\"widget\" data-widget_type=\"heading.default\">\n\t\t\t\t<div class=\"elementor-widget-container\">\n\t\t\t\t\t<h2 class=\"elementor-heading-title elementor-size-default\">\u26a0\ufe0f Bezpe\u010dnostn\u00ed tipy pro paddleboarding v Portugalsku<\/h2>\t\t\t\t<\/div>\n\t\t\t\t<\/div>\n\t\t\t\t<div class=\"elementor-element elementor-element-e651918 elementor-widget elementor-widget-text-editor\" data-id=\"e651918\" data-element_type=\"widget\" data-e-type=\"widget\" data-widget_type=\"text-editor.default\">\n\t\t\t\t<div class=\"elementor-widget-container\">\n\t\t\t\t\t\t\t\t\t<ul><li data-start=\"5261\" data-end=\"5325\"><strong data-start=\"5264\" data-end=\"5274\">\ud83c\udf0a Oce\u00e1n:<\/strong> Vyhn\u011bte se p\u00e1dlov\u00e1n\u00ed p\u0159i siln\u00e9m v\u011btru nebo siln\u00e9m vlnobit\u00ed.<\/li><li data-start=\"5328\" data-end=\"5419\">\ud83c\udf2c\ufe0f <strong data-start=\"5332\" data-end=\"5343\">Rivers:<\/strong> Nikdy nevstupujte do m\u00edst, kde se \u0159eka st\u00fdk\u00e1 s oce\u00e1nem &#8211; proudy jsou nebezpe\u010dn\u00e9.<\/li><li data-start=\"5422\" data-end=\"5490\">\ud83d\udca6 P\u0159evodovka: V\u017edy noste vod\u00edtko a nejl\u00e9pe z\u00e1chrannou vestu.<\/li><li data-start=\"5493\" data-end=\"5558\">\ud83c\udf24\ufe0f <strong data-start=\"5497\" data-end=\"5508\">Na\u010dasov\u00e1n\u00ed:<\/strong> R\u00e1no je nejklidn\u011bj\u0161\u00ed, odpoledne m\u016f\u017ee b\u00fdt v\u011btrn\u00e9.<\/li><li data-start=\"5561\" data-end=\"5641\"><strong data-start=\"5564\" data-end=\"5583\">\ud83d\udd06 Ochrana proti slunci:<\/strong> Klobouk, opalovac\u00ed kr\u00e9m, slune\u010dn\u00ed br\u00fdle s p\u00e1skem, dostatek vody.<\/li><\/ul>\t\t\t\t\t\t\t\t<\/div>\n\t\t\t\t<\/div>\n\t\t\t\t<div class=\"elementor-element elementor-element-b9c72b1 elementor-widget elementor-widget-heading\" data-id=\"b9c72b1\" data-element_type=\"widget\" data-e-type=\"widget\" data-widget_type=\"heading.default\">\n\t\t\t\t<div class=\"elementor-widget-container\">\n\t\t\t\t\t<h2 class=\"elementor-heading-title elementor-size-default\">\ud83c\udfc4\u200d\u2642\ufe0f FAQ - Paddleboarding v Algarve<\/h2>\t\t\t\t<\/div>\n\t\t\t\t<\/div>\n\t\t\t\t<div class=\"elementor-element elementor-element-6d8397b elementor-widget elementor-widget-text-editor\" data-id=\"6d8397b\" data-element_type=\"widget\" data-e-type=\"widget\" data-widget_type=\"text-editor.default\">\n\t\t\t\t<div class=\"elementor-widget-container\">\n\t\t\t\t\t\t\t\t\t<h4 data-start=\"331\" data-end=\"375\">\u2753 Mohu v jeskyni Benagil jezdit na paddleboardu?<\/h4><p data-start=\"376\" data-end=\"604\">Ne. Z d\u016fvodu bezpe\u010dnosti a ochrany \u017eivotn\u00edho prost\u0159ed\u00ed <strong data-start=\"421\" data-end=\"503\">ji\u017e nen\u00ed povoleno individu\u00e1ln\u00ed p\u00e1dlov\u00e1n\u00ed nebo j\u00edzda na kajaku v jeskyni Benagil.<\/strong> St\u00e1le ji v\u0161ak m\u016f\u017eete nav\u0161t\u00edvit v r\u00e1mci <strong data-start=\"531\" data-end=\"560\">v\u00fdlet\u016f na SUP nebo kajaku s pr\u016fvodcem,<\/strong> co\u017e jsou jedin\u00e9 leg\u00e1ln\u00ed a bezpe\u010dn\u00e9 mo\u017enosti.  <\/p>\t\t\t\t\t\t\t\t<\/div>\n\t\t\t\t<\/div>\n\t\t\t\t<div class=\"elementor-element elementor-element-58dcab1 elementor-widget elementor-widget-text-editor\" data-id=\"58dcab1\" data-element_type=\"widget\" data-e-type=\"widget\" data-widget_type=\"text-editor.default\">\n\t\t\t\t<div class=\"elementor-widget-container\">\n\t\t\t\t\t\t\t\t\t<h4 data-start=\"611\" data-end=\"675\">\u2753 V kterou denn\u00ed dobu je nejlep\u0161\u00ed jezdit na paddleboardu v Algarve?<\/h4><p data-start=\"676\" data-end=\"882\">Nejlep\u0161\u00ed je <strong data-start=\"676\" data-end=\"713\">brzy r\u00e1no (od v\u00fdchodu slunce do 10:00)<\/strong> \u2013 v\u00edtr je klidn\u00fd, hladina je zrcadlov\u011b hladk\u00e1 a lodn\u00ed provoz je minim\u00e1ln\u00ed.<br data-start=\"792\" data-end=\"795\"\/>Odpoledne \u010dasto fouk\u00e1 siln\u011bj\u0161\u00ed severoz\u00e1padn\u00ed v\u00edtr, zejm\u00e9na od <strong data-start=\"860\" data-end=\"881\">\u010dervna do z\u00e1\u0159\u00ed<\/strong>.<\/p>\t\t\t\t\t\t\t\t<\/div>\n\t\t\t\t<\/div>\n\t\t\t\t<div class=\"elementor-element elementor-element-5215423 elementor-widget elementor-widget-text-editor\" data-id=\"5215423\" data-element_type=\"widget\" data-e-type=\"widget\" data-widget_type=\"text-editor.default\">\n\t\t\t\t<div class=\"elementor-widget-container\">\n\t\t\t\t\t\t\t\t\t<h4 data-start=\"889\" data-end=\"946\">\u2753 Pot\u0159ebuji na paddleboarding v Portugalsku neopren?<\/h4><p data-start=\"947\" data-end=\"974\">Z\u00e1le\u017e\u00ed na ro\u010dn\u00edm obdob\u00ed:<\/p><ul><li data-start=\"977\" data-end=\"1026\"><strong data-start=\"977\" data-end=\"997\">Jaro \/ podzim:<\/strong> Doporu\u010den\u00e1 velikost neopr\u00e9nu 3\/2 mm<\/li><li data-start=\"1029\" data-end=\"1061\"><strong data-start=\"1029\" data-end=\"1040\">L\u00e9to: kra\u0165asy<\/strong> nebo plavky<\/li><li data-start=\"1064\" data-end=\"1186\"><strong data-start=\"1064\" data-end=\"1075\">V zim\u011b:<\/strong> 4\/3 mm, pokud z\u016fst\u00e1v\u00e1te ve vod\u011b d\u00e9le<br data-start=\"1114\" data-end=\"1117\"\/>Teplota vody se pohybuje od <strong data-start=\"1147\" data-end=\"1185\">16 \u00b0C na ja\u0159e do 23 \u00b0C v l\u00e9t\u011b<\/strong><\/li><\/ul>\t\t\t\t\t\t\t\t<\/div>\n\t\t\t\t<\/div>\n\t\t\t\t<div class=\"elementor-element elementor-element-b491614 elementor-widget elementor-widget-text-editor\" data-id=\"b491614\" data-element_type=\"widget\" data-e-type=\"widget\" data-widget_type=\"text-editor.default\">\n\t\t\t\t<div class=\"elementor-widget-container\">\n\t\t\t\t\t\t\t\t\t<h4 data-start=\"1193\" data-end=\"1246\">\u2753 Kde jsou nejklidn\u011bj\u0161\u00ed m\u00edsta pro SUP v Algarve?<\/h4><p data-start=\"1247\" data-end=\"1298\">Klidn\u00e9 a chr\u00e1n\u011bn\u00e9 vody pro za\u010d\u00e1te\u010dn\u00edky:<\/p><ul><li data-start=\"1301\" data-end=\"1345\"><strong data-start=\"1301\" data-end=\"1316\">Ria Formosa (<\/strong> Faro &#8211; ostrovy a laguny)<\/li><li data-start=\"1348\" data-end=\"1423\"><strong data-start=\"1348\" data-end=\"1370\">Barragem do Funcho a<\/strong> <strong data-start=\"1375\" data-end=\"1402\">Barragem de Santa Clara (<\/strong> sladkovodn\u00ed jezera)<\/li><li data-start=\"1426\" data-end=\"1483\"><strong data-start=\"1426\" data-end=\"1452\">Vila Nova de Milfontes (<\/strong> \u00fast\u00ed \u0159eky Mira, Alentejo)<\/li><\/ul>\t\t\t\t\t\t\t\t<\/div>\n\t\t\t\t<\/div>\n\t\t\t\t<div class=\"elementor-element elementor-element-5219366 elementor-widget elementor-widget-text-editor\" data-id=\"5219366\" data-element_type=\"widget\" data-e-type=\"widget\" data-widget_type=\"text-editor.default\">\n\t\t\t\t<div class=\"elementor-widget-container\">\n\t\t\t\t\t\t\t\t\t<h4 data-start=\"1490\" data-end=\"1550\">\u2753 Jak\u00e9 bezpe\u010dnostn\u00ed pokyny bych m\u011bl dodr\u017eovat p\u0159i j\u00edzd\u011b na paddleboardu?<\/h4><ul><li data-start=\"1553\" data-end=\"1601\">V\u017edy m\u011bjte na sob\u011b <strong data-start=\"1567\" data-end=\"1599\">vod\u00edtko a plovac\u00ed vestu (PFD)<\/strong>.<\/li><li data-start=\"1604\" data-end=\"1654\">Vyhn\u011bte se jeskyn\u00edm, kdy\u017e je vlnobit\u00ed <strong data-start=\"1629\" data-end=\"1652\">nebo p\u0159\u00edliv lod\u00ed<\/strong><\/li><li data-start=\"1657\" data-end=\"1703\">Nevstupujte <strong data-start=\"1669\" data-end=\"1685\">do \u00fast\u00ed<\/strong> \u0159ek <strong data-start=\"1669\" data-end=\"1685\">b\u011bhem<\/strong> p\u0159\u00edlivu a odlivu.<\/li><li data-start=\"1706\" data-end=\"1773\">P\u0159ed odjezdem zkontrolujte <strong data-start=\"1712\" data-end=\"1744\">v\u00edtr (&lt; 12 kn pro<\/strong> <strong data-start=\"1749\" data-end=\"1758\">za\u010d\u00e1te\u010dn\u00edky<\/strong> ) a p\u0159\u00edliv a odliv.<\/li><li data-start=\"1776\" data-end=\"1832\">Vezm\u011bte si s sebou <strong data-start=\"1782\" data-end=\"1832\">vodu, opalovac\u00ed kr\u00e9m a telefon ve vodot\u011bsn\u00e9m pouzd\u0159e<\/strong>.<\/li><\/ul>\t\t\t\t\t\t\t\t<\/div>\n\t\t\t\t<\/div>\n\t\t\t\t<div class=\"elementor-element elementor-element-e2e76c0 elementor-widget elementor-widget-text-editor\" data-id=\"e2e76c0\" data-element_type=\"widget\" data-e-type=\"widget\" data-widget_type=\"text-editor.default\">\n\t\t\t\t<div class=\"elementor-widget-container\">\n\t\t\t\t\t\t\t\t\t<h4 data-start=\"1839\" data-end=\"1878\">\u2753 Mohu si ve Faru p\u016fj\u010dit paddleboard?<\/h4><p data-start=\"1879\" data-end=\"2096\">Ano! <strong data-start=\"1884\" data-end=\"1908\">Spole\u010dnost Ocean Camper ve Faru<\/strong> pronaj\u00edm\u00e1 <strong data-start=\"1915\" data-end=\"1934\">nafukovac\u00ed SUPy<\/strong>, kter\u00e9 se vejdou do jak\u00e9hokoli auta nebo Campervana.<br data-start=\"1968\" data-end=\"1971\"\/>Ka\u017ed\u00e1 sada obsahuje <strong data-start=\"1991\" data-end=\"2043\">pumpu, p\u00e1dlo, bezpe\u010dnostn\u00ed \u0161\u0148\u016fru, mo\u017enost zap\u016fj\u010den\u00ed z\u00e1chrann\u00e9 vesty a st\u0159e\u0161n\u00ed popruhy<\/strong> \u2013 ide\u00e1ln\u00ed pro objevov\u00e1n\u00ed pob\u0159e\u017e\u00ed Algarve a m\u00edstn\u00edch jezer.<\/p>\t\t\t\t\t\t\t\t<\/div>\n\t\t\t\t<\/div>\n\t\t\t\t<div class=\"elementor-element elementor-element-f825eb5 elementor-widget elementor-widget-heading\" data-id=\"f825eb5\" data-element_type=\"widget\" data-e-type=\"widget\" data-widget_type=\"heading.default\">\n\t\t\t\t<div class=\"elementor-widget-container\">\n\t\t\t\t\t<h2 class=\"elementor-heading-title elementor-size-default\">Ud\u011blejte si z toho dobrodru\u017estv\u00ed v karavanu<\/h2>\t\t\t\t<\/div>\n\t\t\t\t<\/div>\n\t\t\t\t<div class=\"elementor-element elementor-element-e8a61ac elementor-widget elementor-widget-text-editor\" data-id=\"e8a61ac\" data-element_type=\"widget\" data-e-type=\"widget\" data-widget_type=\"text-editor.default\">\n\t\t\t\t<div class=\"elementor-widget-container\">\n\t\t\t\t\t\t\t\t\t<p>Vydejte se na voln\u00fd v\u00fdlet s Campervanem vybaven\u00fdm pro vodn\u00ed sporty!<br data-start=\"5744\" data-end=\"5747\"\/>V\u0161echny na\u0161e vozy, od <a href=\"https:\/\/oceancamper.com\/cs\/pronajem-obytnych-vozu\/trustpilot-ocean-camper-nejlepsi-hodnoceni\/\"><strong>Faro<\/strong><\/a> nebo <a href=\"https:\/\/oceancamper.com\/cs\/pronajem-obytnych-vozu\/lisabon\/\"><strong>Lisabonu<\/strong><\/a>, zahrnuj\u00ed:<\/p><ul><li data-start=\"5786\" data-end=\"5817\">Venkovn\u00ed sprcha a n\u00e1dr\u017e na vodu<\/li><li data-start=\"5820\" data-end=\"5854\">St\u0159e\u0161n\u00ed nosi\u010d pro surfov\u00e1 prkna nebo SUPy<\/li><li data-start=\"5857\" data-end=\"5886\">Vybaven\u00ed na va\u0159en\u00ed a man\u017eelsk\u00e1 postel<\/li><li data-start=\"5889\" data-end=\"5923\">Voliteln\u00fd pron\u00e1jem SUP nebo surfov\u00e9ho prkna<\/li><li>Napl\u00e1nujte si okruh <strong data-start=\"5942\" data-end=\"5979\">Faro \u2192 Lagos \u2192 Aljezur \u2192 Alentejo,<\/strong> kter\u00fd kombinuje SUP a kempov\u00e1n\u00ed (viz n\u00e1\u0161 <a class=\"decorated-link\" href=\"https:\/\/oceancamper.com\/cs\/kempovani-v-prirode-v-portugalsku\/\" target=\"_new\" rel=\"noopener\" data-start=\"6028\" data-end=\"6107\">pr\u016fvodce Pravidla kempov\u00e1n\u00ed v Portugalsku).<\/a> <\/li><\/ul>\t\t\t\t\t\t\t\t<\/div>\n\t\t\t\t<\/div>\n\t\t\t\t\t<\/div>\n\t\t<\/div>\n\t\t\t\t\t<\/div>\n\t\t<\/section>\n\t\t\t\t<section class=\"elementor-section elementor-top-section elementor-element elementor-element-11a7b2db elementor-section-stretched elementor-section-boxed elementor-section-height-default elementor-section-height-default\" data-id=\"11a7b2db\" data-element_type=\"section\" data-e-type=\"section\" data-settings=\"{&quot;stretch_section&quot;:&quot;section-stretched&quot;,&quot;background_background&quot;:&quot;classic&quot;}\">\n\t\t\t\t\t\t<div class=\"elementor-container elementor-column-gap-default\">\n\t\t\t\t\t<div class=\"elementor-column elementor-col-100 elementor-top-column elementor-element elementor-element-218f0346\" data-id=\"218f0346\" data-element_type=\"column\" data-e-type=\"column\">\n\t\t\t<div class=\"elementor-widget-wrap elementor-element-populated\">\n\t\t\t\t\t\t<section class=\"elementor-section elementor-inner-section elementor-element elementor-element-4d9fb23a elementor-section-boxed elementor-section-height-default elementor-section-height-default\" data-id=\"4d9fb23a\" data-element_type=\"section\" data-e-type=\"section\">\n\t\t\t\t\t\t<div class=\"elementor-container elementor-column-gap-default\">\n\t\t\t\t\t<div class=\"elementor-column elementor-col-100 elementor-inner-column elementor-element elementor-element-5d848830\" data-id=\"5d848830\" data-element_type=\"column\" data-e-type=\"column\">\n\t\t\t<div class=\"elementor-widget-wrap elementor-element-populated\">\n\t\t\t\t\t\t<div class=\"elementor-element elementor-element-8d95261 elementor-widget elementor-widget-heading\" data-id=\"8d95261\" data-element_type=\"widget\" data-e-type=\"widget\" data-widget_type=\"heading.default\">\n\t\t\t\t<div class=\"elementor-widget-container\">\n\t\t\t\t\t<h3 class=\"elementor-heading-title elementor-size-default\">Pod\u00edvejte se na na\u0161e dal\u0161\u00ed p\u0159\u00edsp\u011bvky:<\/h3>\t\t\t\t<\/div>\n\t\t\t\t<\/div>\n\t\t\t\t<div class=\"elementor-element elementor-element-13ed2104 elementor-grid-tablet-3 elementor-grid-3 elementor-grid-mobile-1 elementor-posts--thumbnail-top elementor-posts__hover-gradient elementor-widget elementor-widget-posts\" data-id=\"13ed2104\" data-element_type=\"widget\" data-e-type=\"widget\" data-settings=\"{&quot;cards_row_gap&quot;:{&quot;unit&quot;:&quot;px&quot;,&quot;size&quot;:20,&quot;sizes&quot;:[]},&quot;cards_row_gap_mobile&quot;:{&quot;unit&quot;:&quot;px&quot;,&quot;size&quot;:10,&quot;sizes&quot;:[]},&quot;cards_columns_tablet&quot;:&quot;3&quot;,&quot;cards_row_gap_tablet&quot;:{&quot;unit&quot;:&quot;px&quot;,&quot;size&quot;:5,&quot;sizes&quot;:[]},&quot;cards_columns&quot;:&quot;3&quot;,&quot;cards_columns_mobile&quot;:&quot;1&quot;}\" data-widget_type=\"posts.cards\">\n\t\t\t\t<div class=\"elementor-widget-container\">\n\t\t\t\t\t\t\t<div class=\"elementor-posts-container elementor-posts elementor-posts--skin-cards elementor-grid\" role=\"list\">\n\t\t\t\t<article class=\"elementor-post elementor-grid-item post-162186 post type-post status-publish format-standard has-post-thumbnail hentry category-uncategorized-cs\" role=\"listitem\">\n\t\t\t<div class=\"elementor-post__card\">\n\t\t\t\t<a class=\"elementor-post__thumbnail__link\" href=\"https:\/\/oceancamper.com\/cs\/co-podniknout-ve-faro\/\" tabindex=\"-1\" ><div class=\"elementor-post__thumbnail\"><img loading=\"lazy\" decoding=\"async\" width=\"300\" height=\"225\" src=\"https:\/\/oceancamper.com\/wp-content\/uploads\/2020\/12\/AdobeStock_307404734-1-min-300x225.jpeg\" class=\"attachment-medium size-medium wp-image-183894\" alt=\"Leteck\u00fd pohled na Faro v Algarve, st\u0159echy s \u010derven\u00fdmi ta\u0161kami, historick\u00e9 centrum a lagunu Ria Formosa pod jasnou oblohou.\" srcset=\"https:\/\/oceancamper.com\/wp-content\/uploads\/2020\/12\/AdobeStock_307404734-1-min-300x225.jpeg 300w, https:\/\/oceancamper.com\/wp-content\/uploads\/2020\/12\/AdobeStock_307404734-1-min-1024x767.jpeg 1024w, https:\/\/oceancamper.com\/wp-content\/uploads\/2020\/12\/AdobeStock_307404734-1-min-768x576.jpeg 768w, https:\/\/oceancamper.com\/wp-content\/uploads\/2020\/12\/AdobeStock_307404734-1-min-1536x1151.jpeg 1536w, https:\/\/oceancamper.com\/wp-content\/uploads\/2020\/12\/AdobeStock_307404734-1-min-2048x1535.jpeg 2048w, https:\/\/oceancamper.com\/wp-content\/uploads\/2020\/12\/AdobeStock_307404734-1-min-240x180.jpeg 240w\" sizes=\"(max-width: 300px) 100vw, 300px\" \/><\/div><\/a>\n\t\t\t\t<div class=\"elementor-post__text\">\n\t\t\t\t<h2 class=\"elementor-post__title\">\n\t\t\t<a href=\"https:\/\/oceancamper.com\/cs\/co-podniknout-ve-faro\/\" >\n\t\t\t\tCo d\u011blat ve m\u011bst\u011b Faro?\t\t\t<\/a>\n\t\t<\/h2>\n\t\t\t\t<div class=\"elementor-post__excerpt\">\n\t\t\t<p>Jak se dostat z leti\u0161t\u011b do centra m\u011bsta Faro nebo na Praia de Faro? J\u00edzdn\u00ed \u0159\u00e1d autobus\u016f. Nejlep\u0161\u00ed restaurace ve Faro.  <\/p>\n\t\t<\/div>\n\t\t\n\t\t<a class=\"elementor-post__read-more\" href=\"https:\/\/oceancamper.com\/cs\/co-podniknout-ve-faro\/\" aria-label=\"Read more about Co d\u011blat ve m\u011bst\u011b Faro?\" tabindex=\"-1\" >\n\t\t\tP\u0159e\u010dt\u011bte si v\u00edce \"\t\t<\/a>\n\n\t\t\t\t<\/div>\n\t\t\t\t\t<\/div>\n\t\t<\/article>\n\t\t\t\t<article class=\"elementor-post elementor-grid-item post-162207 post type-post status-publish format-standard has-post-thumbnail hentry category-upozorneni\" role=\"listitem\">\n\t\t\t<div class=\"elementor-post__card\">\n\t\t\t\t<a class=\"elementor-post__thumbnail__link\" href=\"https:\/\/oceancamper.com\/cs\/surfovani-v-portugalsku\/\" tabindex=\"-1\" ><div class=\"elementor-post__thumbnail\"><img loading=\"lazy\" decoding=\"async\" width=\"300\" height=\"200\" src=\"https:\/\/oceancamper.com\/wp-content\/uploads\/2020\/12\/surfing-in-portugal-ocean-camper-van-300x200.jpg\" class=\"attachment-medium size-medium wp-image-206775\" alt=\"Surfov\u00e1n\u00ed v Portugalsku s dod\u00e1vkou Ocean Camper zaparkovanou u pl\u00e1\u017ee p\u0159i z\u00e1padu slunce\" srcset=\"https:\/\/oceancamper.com\/wp-content\/uploads\/2020\/12\/surfing-in-portugal-ocean-camper-van-300x200.jpg 300w, https:\/\/oceancamper.com\/wp-content\/uploads\/2020\/12\/surfing-in-portugal-ocean-camper-van-1024x683.jpg 1024w, https:\/\/oceancamper.com\/wp-content\/uploads\/2020\/12\/surfing-in-portugal-ocean-camper-van-768x512.jpg 768w, https:\/\/oceancamper.com\/wp-content\/uploads\/2020\/12\/surfing-in-portugal-ocean-camper-van-1536x1024.jpg 1536w, https:\/\/oceancamper.com\/wp-content\/uploads\/2020\/12\/surfing-in-portugal-ocean-camper-van-2048x1365.jpg 2048w, https:\/\/oceancamper.com\/wp-content\/uploads\/2020\/12\/surfing-in-portugal-ocean-camper-van-240x160.jpg 240w\" sizes=\"(max-width: 300px) 100vw, 300px\" \/><\/div><\/a>\n\t\t\t\t<div class=\"elementor-post__text\">\n\t\t\t\t<h2 class=\"elementor-post__title\">\n\t\t\t<a href=\"https:\/\/oceancamper.com\/cs\/surfovani-v-portugalsku\/\" >\n\t\t\t\tSurfov\u00e1n\u00ed v Portugalsku: Pr\u016fvodce pro v\u00fdlety karavanem: nejlep\u0161\u00ed pl\u00e1\u017ee, surfa\u0159sk\u00e1 m\u00edsta a pr\u016fvodce po Portugalsku.\t\t\t<\/a>\n\t\t<\/h2>\n\t\t\t\t<div class=\"elementor-post__excerpt\">\n\t\t\t<p>Nejlep\u0161\u00ed pl\u00e1\u017ee pro surfov\u00e1n\u00ed v Algarve a Costa Vicentina. Mapa a informace o tom, co m\u016f\u017eete na jednotliv\u00fdch pl\u00e1\u017e\u00edch o\u010dek\u00e1vat.   <\/p>\n\t\t<\/div>\n\t\t\n\t\t<a class=\"elementor-post__read-more\" href=\"https:\/\/oceancamper.com\/cs\/surfovani-v-portugalsku\/\" aria-label=\"Read more about Surfov\u00e1n\u00ed v Portugalsku: Pr\u016fvodce pro v\u00fdlety karavanem: nejlep\u0161\u00ed pl\u00e1\u017ee, surfa\u0159sk\u00e1 m\u00edsta a pr\u016fvodce po Portugalsku.\" tabindex=\"-1\" >\n\t\t\tP\u0159e\u010dt\u011bte si v\u00edce \"\t\t<\/a>\n\n\t\t\t\t<\/div>\n\t\t\t\t\t<\/div>\n\t\t<\/article>\n\t\t\t\t<article class=\"elementor-post elementor-grid-item post-161930 post type-post status-publish format-standard has-post-thumbnail hentry category-tipy-pro-kempovani tag-pronajem-karavanu-algarve tag-pronajem-obytneho-vozu-algarve tag-roadtrip-algarve-cs\" role=\"listitem\">\n\t\t\t<div class=\"elementor-post__card\">\n\t\t\t\t<a class=\"elementor-post__thumbnail__link\" href=\"https:\/\/oceancamper.com\/cs\/pronajem-campervanu-na-algarve\/\" tabindex=\"-1\" ><div class=\"elementor-post__thumbnail\"><img loading=\"lazy\" decoding=\"async\" width=\"300\" height=\"225\" src=\"https:\/\/oceancamper.com\/wp-content\/uploads\/2025\/02\/IMG-20241111-WA0018-300x225.jpg\" class=\"attachment-medium size-medium wp-image-161931\" alt=\"P\u00e1r si u\u017e\u00edv\u00e1 v\u00fdlet obytn\u00fdm vozem v Algarve 2026\" srcset=\"https:\/\/oceancamper.com\/wp-content\/uploads\/2025\/02\/IMG-20241111-WA0018-300x225.jpg 300w, https:\/\/oceancamper.com\/wp-content\/uploads\/2025\/02\/IMG-20241111-WA0018-1024x768.jpg 1024w, https:\/\/oceancamper.com\/wp-content\/uploads\/2025\/02\/IMG-20241111-WA0018-768x576.jpg 768w, https:\/\/oceancamper.com\/wp-content\/uploads\/2025\/02\/IMG-20241111-WA0018-1536x1152.jpg 1536w, https:\/\/oceancamper.com\/wp-content\/uploads\/2025\/02\/IMG-20241111-WA0018-240x180.jpg 240w, https:\/\/oceancamper.com\/wp-content\/uploads\/2025\/02\/IMG-20241111-WA0018.jpg 1600w\" sizes=\"(max-width: 300px) 100vw, 300px\" \/><\/div><\/a>\n\t\t\t\t<div class=\"elementor-post__text\">\n\t\t\t\t<h2 class=\"elementor-post__title\">\n\t\t\t<a href=\"https:\/\/oceancamper.com\/cs\/pronajem-campervanu-na-algarve\/\" >\n\t\t\t\tPron\u00e1jem Campervanu na Algarve: Kompletn\u00ed pr\u016fvodce pro rok 2026\t\t\t<\/a>\n\t\t<\/h2>\n\t\t\t\t<div class=\"elementor-post__excerpt\">\n\t\t\t<p>V\u00fdhody pron\u00e1jmu karavanu v Algarve. Charakteristika regionu, svoboda a cenov\u011b v\u00fdhodn\u00e9 cestov\u00e1n\u00ed. <\/p>\n\t\t<\/div>\n\t\t\n\t\t<a class=\"elementor-post__read-more\" href=\"https:\/\/oceancamper.com\/cs\/pronajem-campervanu-na-algarve\/\" aria-label=\"Read more about Pron\u00e1jem Campervanu na Algarve: Kompletn\u00ed pr\u016fvodce pro rok 2026\" tabindex=\"-1\" >\n\t\t\tP\u0159e\u010dt\u011bte si v\u00edce \"\t\t<\/a>\n\n\t\t\t\t<\/div>\n\t\t\t\t\t<\/div>\n\t\t<\/article>\n\t\t\t\t<\/div>\n\t\t\n\t\t\t\t\t\t<\/div>\n\t\t\t\t<\/div>\n\t\t\t\t<div class=\"elementor-element elementor-element-18229b5 elementor-align-left elementor-tablet-align-left elementor-mobile-align-left elementor-widget elementor-widget-button\" data-id=\"18229b5\" data-element_type=\"widget\" data-e-type=\"widget\" data-widget_type=\"button.default\">\n\t\t\t\t<div class=\"elementor-widget-container\">\n\t\t\t\t\t\t\t\t\t<div class=\"elementor-button-wrapper\">\n\t\t\t\t\t<a class=\"elementor-button elementor-button-link elementor-size-sm elementor-animation-pop\" href=\"https:\/\/oceancamper.com\/cs\/blog\/\">\n\t\t\t\t\t\t<span class=\"elementor-button-content-wrapper\">\n\t\t\t\t\t\t\t\t\t<span class=\"elementor-button-text\">Zp\u011bt na blog<\/span>\n\t\t\t\t\t<\/span>\n\t\t\t\t\t<\/a>\n\t\t\t\t<\/div>\n\t\t\t\t\t\t\t\t<\/div>\n\t\t\t\t<\/div>\n\t\t\t\t\t<\/div>\n\t\t<\/div>\n\t\t\t\t\t<\/div>\n\t\t<\/section>\n\t\t\t\t\t<\/div>\n\t\t<\/div>\n\t\t\t\t\t<\/div>\n\t\t<\/section>\n\t\t\t\t<\/div>\n\t\t","protected":false},"excerpt":{"rendered":"<p>Nejlep\u0161\u00ed m\u00edsta pro SUP v Algarve! Jeskyn\u011b, \u0159eky a jezera. P\u016fj\u010dte si na\u0161e prkna a p\u00e1dlujte tam, kam se ostatn\u00ed turist\u00e9 nedostanou.  <\/p>\n","protected":false},"author":1,"featured_media":208146,"comment_status":"closed","ping_status":"open","sticky":false,"template":"elementor_header_footer","format":"standard","meta":{"om_disable_all_campaigns":false,"footnotes":""},"categories":[284],"tags":[],"class_list":["post-162159","post","type-post","status-publish","format-standard","has-post-thumbnail","hentry","category-upozorneni"],"aioseo_notices":[],"aioseo_head":"\n\t\t<!-- All in One SEO 4.9.10 - aioseo.com -->\n\t<meta name=\"description\" content=\"Jak napl\u00e1novat v\u00fdlet Campervanem po Algarve: pob\u0159e\u017en\u00ed trasa z Fara do Sagresu, kde se zastavit, pravidla pro p\u0159enocov\u00e1n\u00ed, n\u00e1klady a jak\u00e9 to vlastn\u011b je \u0159\u00eddit po t\u00e9to trase.\" \/>\n\t<meta name=\"robots\" content=\"max-image-preview:large\" \/>\n\t<meta name=\"author\" content=\"nomadcanguru\"\/>\n\t<link rel=\"canonical\" href=\"https:\/\/oceancamper.com\/cs\/pronajem-campervanu-na-algarve\/\" \/>\n\t<meta name=\"generator\" content=\"All in One SEO (AIOSEO) 4.9.10\" \/>\n\t\t<meta property=\"og:locale\" content=\"cs_CZ\" \/>\n\t\t<meta property=\"og:site_name\" content=\"Ocean Camper - Campervan Rental in Faro, Portugal\" \/>\n\t\t<meta property=\"og:type\" content=\"article\" \/>\n\t\t<meta property=\"og:title\" content=\"Cesta Campervanem po Algarve: trasy, zast\u00e1vky a tipy\" \/>\n\t\t<meta property=\"og:description\" content=\"Jak napl\u00e1novat v\u00fdlet Campervanem po Algarve: pob\u0159e\u017en\u00ed trasa z Fara do Sagresu, kde se zastavit, pravidla pro p\u0159enocov\u00e1n\u00ed, n\u00e1klady a jak\u00e9 to vlastn\u011b je \u0159\u00eddit po t\u00e9to trase.\" \/>\n\t\t<meta property=\"og:url\" content=\"https:\/\/oceancamper.com\/cs\/pronajem-campervanu-na-algarve\/\" \/>\n\t\t<meta property=\"og:image\" content=\"https:\/\/oceancamper.com\/wp-content\/uploads\/2022\/01\/Asset-5.png\" \/>\n\t\t<meta property=\"og:image:secure_url\" content=\"https:\/\/oceancamper.com\/wp-content\/uploads\/2022\/01\/Asset-5.png\" \/>\n\t\t<meta property=\"og:image:width\" content=\"662\" \/>\n\t\t<meta property=\"og:image:height\" content=\"291\" \/>\n\t\t<meta property=\"article:published_time\" content=\"2025-02-14T15:30:55+00:00\" \/>\n\t\t<meta property=\"article:modified_time\" content=\"2026-09-01T16:51:19+00:00\" \/>\n\t\t<meta property=\"article:publisher\" content=\"https:\/\/www.facebook.com\/oceancamper\/\" \/>\n\t\t<meta name=\"twitter:card\" content=\"summary\" \/>\n\t\t<meta name=\"twitter:site\" content=\"@Ocean_Camper\" \/>\n\t\t<meta name=\"twitter:title\" content=\"Cesta Campervanem po Algarve: trasy, zast\u00e1vky a tipy\" \/>\n\t\t<meta name=\"twitter:description\" content=\"Jak napl\u00e1novat v\u00fdlet Campervanem po Algarve: pob\u0159e\u017en\u00ed trasa z Fara do Sagresu, kde se zastavit, pravidla pro p\u0159enocov\u00e1n\u00ed, n\u00e1klady a jak\u00e9 to vlastn\u011b je \u0159\u00eddit po t\u00e9to trase.\" \/>\n\t\t<meta name=\"twitter:creator\" content=\"@Ocean_Camper\" \/>\n\t\t<meta name=\"twitter:image\" content=\"https:\/\/oceancamper.com\/wp-content\/uploads\/2022\/01\/Asset-5.png\" \/>\n\t\t<script type=\"application\/ld+json\" class=\"aioseo-schema\">\n\t\t\t{\"@context\":\"https:\\\/\\\/schema.org\",\"@graph\":[{\"@type\":\"BlogPosting\",\"@id\":\"https:\\\/\\\/oceancamper.com\\\/cs\\\/pronajem-campervanu-na-algarve\\\/#blogposting\",\"name\":\"Cesta Campervanem po Algarve: trasy, zast\\u00e1vky a tipy\",\"headline\":\"Pron\\u00e1jem Campervanu na Algarve: Kompletn\\u00ed pr\\u016fvodce pro rok 2026\",\"author\":{\"@id\":\"https:\\\/\\\/oceancamper.com\\\/cs\\\/author\\\/nomadcanguru\\\/#author\"},\"publisher\":{\"@id\":\"https:\\\/\\\/oceancamper.com\\\/cs\\\/#organization\"},\"image\":{\"@type\":\"ImageObject\",\"url\":\"https:\\\/\\\/oceancamper.com\\\/wp-content\\\/uploads\\\/2025\\\/02\\\/IMG-20241111-WA0018.jpg\",\"width\":1600,\"height\":1200,\"caption\":\"Prozkoumejte pob\\u0159e\\u017e\\u00ed Algarve s Ocean Camper - cenov\\u011b dostupn\\u00fdm pron\\u00e1jmem obytn\\u00fdch voz\\u016f pro nezapomenuteln\\u00e1 dobrodru\\u017estv\\u00ed v Portugalsku.\"},\"datePublished\":\"2025-02-14T15:30:55+00:00\",\"dateModified\":\"2026-09-01T16:51:19+00:00\",\"inLanguage\":\"cs-CZ\",\"mainEntityOfPage\":{\"@id\":\"https:\\\/\\\/oceancamper.com\\\/cs\\\/pronajem-campervanu-na-algarve\\\/#webpage\"},\"isPartOf\":{\"@id\":\"https:\\\/\\\/oceancamper.com\\\/cs\\\/pronajem-campervanu-na-algarve\\\/#webpage\"},\"articleSection\":\"Tipy pro kempov\\u00e1n\\u00ed, pron\\u00e1jem karavanu algarve, pron\\u00e1jem obytn\\u00e9ho vozu algarve, roadtrip algarve, Optional\"},{\"@type\":\"BreadcrumbList\",\"@id\":\"https:\\\/\\\/oceancamper.com\\\/cs\\\/pronajem-campervanu-na-algarve\\\/#breadcrumblist\",\"itemListElement\":[{\"@type\":\"ListItem\",\"@id\":\"https:\\\/\\\/oceancamper.com\\\/cs\\\/#listItem\",\"position\":1,\"name\":\"Home\",\"item\":\"https:\\\/\\\/oceancamper.com\\\/cs\\\/\",\"nextItem\":{\"@type\":\"ListItem\",\"@id\":\"https:\\\/\\\/oceancamper.com\\\/cs\\\/category\\\/upozorneni\\\/#listItem\",\"name\":\"upozorn\\u011bn\\u00ed\"}},{\"@type\":\"ListItem\",\"@id\":\"https:\\\/\\\/oceancamper.com\\\/cs\\\/category\\\/upozorneni\\\/#listItem\",\"position\":2,\"name\":\"upozorn\\u011bn\\u00ed\",\"item\":\"https:\\\/\\\/oceancamper.com\\\/cs\\\/category\\\/upozorneni\\\/\",\"nextItem\":{\"@type\":\"ListItem\",\"@id\":\"https:\\\/\\\/oceancamper.com\\\/cs\\\/paddleboarding-algarve-nejlepsi-mista-pro-sup-jeskyne-jezer\\\/#listItem\",\"name\":\"Paddleboarding na Algarve: Nejlep\\u0161\\u00ed m\\u00edsta pro SUP\"},\"previousItem\":{\"@type\":\"ListItem\",\"@id\":\"https:\\\/\\\/oceancamper.com\\\/cs\\\/#listItem\",\"name\":\"Home\"}},{\"@type\":\"ListItem\",\"@id\":\"https:\\\/\\\/oceancamper.com\\\/cs\\\/paddleboarding-algarve-nejlepsi-mista-pro-sup-jeskyne-jezer\\\/#listItem\",\"position\":3,\"name\":\"Paddleboarding na Algarve: Nejlep\\u0161\\u00ed m\\u00edsta pro SUP\",\"previousItem\":{\"@type\":\"ListItem\",\"@id\":\"https:\\\/\\\/oceancamper.com\\\/cs\\\/category\\\/upozorneni\\\/#listItem\",\"name\":\"upozorn\\u011bn\\u00ed\"}}]},{\"@type\":\"Organization\",\"@id\":\"https:\\\/\\\/oceancamper.com\\\/cs\\\/#organization\",\"name\":\"Ocean Camper\",\"description\":\"Ocean Camper provides affordable campervan rental in Portugal with fully equipped campervans for up to three people, available in Faro and Lisbon for flexible road trips.\",\"url\":\"https:\\\/\\\/oceancamper.com\\\/cs\\\/\",\"email\":\"info@oceancamper.com\",\"telephone\":\"+351920301044\",\"foundingDate\":\"2017-04-19\",\"numberOfEmployees\":{\"@type\":\"QuantitativeValue\",\"minValue\":0,\"maxValue\":10},\"logo\":{\"@type\":\"ImageObject\",\"url\":\"https:\\\/\\\/oceancamper.com\\\/wp-content\\\/uploads\\\/2022\\\/01\\\/Asset-5.png\",\"@id\":\"https:\\\/\\\/oceancamper.com\\\/cs\\\/pronajem-campervanu-na-algarve\\\/#organizationLogo\",\"width\":662,\"height\":291,\"caption\":\"Ocean Camper logo\"},\"image\":{\"@id\":\"https:\\\/\\\/oceancamper.com\\\/cs\\\/pronajem-campervanu-na-algarve\\\/#organizationLogo\"},\"sameAs\":[\"https:\\\/\\\/www.facebook.com\\\/oceancamper\\\/\",\"https:\\\/\\\/x.com\\\/Ocean_Camper\",\"https:\\\/\\\/www.instagram.com\\\/oceancamper.vans\\\/\",\"https:\\\/\\\/www.tiktok.com\\\/@oceancamper.vans\",\"https:\\\/\\\/www.youtube.com\\\/@oceancamper\",\"https:\\\/\\\/www.linkedin.com\\\/company\\\/oceancamper\\\/\",\"https:\\\/\\\/www.trustpilot.com\\\/review\\\/oceancamper.com\"]},{\"@type\":\"Person\",\"@id\":\"https:\\\/\\\/oceancamper.com\\\/cs\\\/author\\\/nomadcanguru\\\/#author\",\"url\":\"https:\\\/\\\/oceancamper.com\\\/cs\\\/author\\\/nomadcanguru\\\/\",\"name\":\"nomadcanguru\",\"image\":{\"@type\":\"ImageObject\",\"@id\":\"https:\\\/\\\/oceancamper.com\\\/cs\\\/pronajem-campervanu-na-algarve\\\/#authorImage\",\"url\":\"https:\\\/\\\/secure.gravatar.com\\\/avatar\\\/3a5092e8a35779f7501b5a8c315d77eae173c0705d8cfd512c06ce5460985e92?s=96&d=mm&r=g\",\"width\":96,\"height\":96,\"caption\":\"nomadcanguru\"}},{\"@type\":\"WebPage\",\"@id\":\"https:\\\/\\\/oceancamper.com\\\/cs\\\/pronajem-campervanu-na-algarve\\\/#webpage\",\"url\":\"https:\\\/\\\/oceancamper.com\\\/cs\\\/pronajem-campervanu-na-algarve\\\/\",\"name\":\"Cesta Campervanem po Algarve: trasy, zast\\u00e1vky a tipy\",\"description\":\"Jak napl\\u00e1novat v\\u00fdlet Campervanem po Algarve: pob\\u0159e\\u017en\\u00ed trasa z Fara do Sagresu, kde se zastavit, pravidla pro p\\u0159enocov\\u00e1n\\u00ed, n\\u00e1klady a jak\\u00e9 to vlastn\\u011b je \\u0159\\u00eddit po t\\u00e9to trase.\",\"inLanguage\":\"cs-CZ\",\"isPartOf\":{\"@id\":\"https:\\\/\\\/oceancamper.com\\\/cs\\\/#website\"},\"breadcrumb\":{\"@id\":\"https:\\\/\\\/oceancamper.com\\\/cs\\\/pronajem-campervanu-na-algarve\\\/#breadcrumblist\"},\"author\":{\"@id\":\"https:\\\/\\\/oceancamper.com\\\/cs\\\/author\\\/nomadcanguru\\\/#author\"},\"creator\":{\"@id\":\"https:\\\/\\\/oceancamper.com\\\/cs\\\/author\\\/nomadcanguru\\\/#author\"},\"image\":{\"@type\":\"ImageObject\",\"url\":\"https:\\\/\\\/oceancamper.com\\\/wp-content\\\/uploads\\\/2025\\\/02\\\/IMG-20241111-WA0018.jpg\",\"@id\":\"https:\\\/\\\/oceancamper.com\\\/cs\\\/pronajem-campervanu-na-algarve\\\/#mainImage\",\"width\":1600,\"height\":1200,\"caption\":\"Prozkoumejte pob\\u0159e\\u017e\\u00ed Algarve s Ocean Camper - cenov\\u011b dostupn\\u00fdm pron\\u00e1jmem obytn\\u00fdch voz\\u016f pro nezapomenuteln\\u00e1 dobrodru\\u017estv\\u00ed v Portugalsku.\"},\"primaryImageOfPage\":{\"@id\":\"https:\\\/\\\/oceancamper.com\\\/cs\\\/pronajem-campervanu-na-algarve\\\/#mainImage\"},\"datePublished\":\"2025-02-14T15:30:55+00:00\",\"dateModified\":\"2026-09-01T16:51:19+00:00\"},{\"@type\":\"WebSite\",\"@id\":\"https:\\\/\\\/oceancamper.com\\\/cs\\\/#website\",\"url\":\"https:\\\/\\\/oceancamper.com\\\/cs\\\/\",\"name\":\"Ocean Camper\",\"alternateName\":\"Ocean Camper Portugal\",\"description\":\"Campervan Rental in Faro, Portugal\",\"inLanguage\":\"cs-CZ\",\"publisher\":{\"@id\":\"https:\\\/\\\/oceancamper.com\\\/cs\\\/#organization\"}}]}\n\t\t<\/script>\n\t\t<!-- All in One SEO -->\n\n","aioseo_head_json":{"title":"Cesta Campervanem po Algarve: trasy, zast\u00e1vky a tipy","description":"Jak napl\u00e1novat v\u00fdlet Campervanem po Algarve: pob\u0159e\u017en\u00ed trasa z Fara do Sagresu, kde se zastavit, pravidla pro p\u0159enocov\u00e1n\u00ed, n\u00e1klady a jak\u00e9 to vlastn\u011b je \u0159\u00eddit po t\u00e9to trase.","canonical_url":"https:\/\/oceancamper.com\/cs\/pronajem-campervanu-na-algarve\/","robots":"max-image-preview:large","keywords":"","webmasterTools":{"miscellaneous":""},"schema":{"@context":"https:\/\/schema.org","@graph":[{"@type":"BlogPosting","@id":"https:\/\/oceancamper.com\/cs\/pronajem-campervanu-na-algarve\/#blogposting","name":"Cesta Campervanem po Algarve: trasy, zast\u00e1vky a tipy","headline":"Pron\u00e1jem Campervanu na Algarve: Kompletn\u00ed pr\u016fvodce pro rok 2026","author":{"@id":"https:\/\/oceancamper.com\/cs\/author\/nomadcanguru\/#author"},"publisher":{"@id":"https:\/\/oceancamper.com\/cs\/#organization"},"image":{"@type":"ImageObject","url":"https:\/\/oceancamper.com\/wp-content\/uploads\/2025\/02\/IMG-20241111-WA0018.jpg","width":1600,"height":1200,"caption":"Prozkoumejte pob\u0159e\u017e\u00ed Algarve s Ocean Camper - cenov\u011b dostupn\u00fdm pron\u00e1jmem obytn\u00fdch voz\u016f pro nezapomenuteln\u00e1 dobrodru\u017estv\u00ed v Portugalsku."},"datePublished":"2025-02-14T15:30:55+00:00","dateModified":"2026-09-01T16:51:19+00:00","inLanguage":"cs-CZ","mainEntityOfPage":{"@id":"https:\/\/oceancamper.com\/cs\/pronajem-campervanu-na-algarve\/#webpage"},"isPartOf":{"@id":"https:\/\/oceancamper.com\/cs\/pronajem-campervanu-na-algarve\/#webpage"},"articleSection":"Tipy pro kempov\u00e1n\u00ed, pron\u00e1jem karavanu algarve, pron\u00e1jem obytn\u00e9ho vozu algarve, roadtrip algarve, Optional"},{"@type":"BreadcrumbList","@id":"https:\/\/oceancamper.com\/cs\/pronajem-campervanu-na-algarve\/#breadcrumblist","itemListElement":[{"@type":"ListItem","@id":"https:\/\/oceancamper.com\/cs\/#listItem","position":1,"name":"Home","item":"https:\/\/oceancamper.com\/cs\/","nextItem":{"@type":"ListItem","@id":"https:\/\/oceancamper.com\/cs\/category\/upozorneni\/#listItem","name":"upozorn\u011bn\u00ed"}},{"@type":"ListItem","@id":"https:\/\/oceancamper.com\/cs\/category\/upozorneni\/#listItem","position":2,"name":"upozorn\u011bn\u00ed","item":"https:\/\/oceancamper.com\/cs\/category\/upozorneni\/","nextItem":{"@type":"ListItem","@id":"https:\/\/oceancamper.com\/cs\/paddleboarding-algarve-nejlepsi-mista-pro-sup-jeskyne-jezer\/#listItem","name":"Paddleboarding na Algarve: Nejlep\u0161\u00ed m\u00edsta pro SUP"},"previousItem":{"@type":"ListItem","@id":"https:\/\/oceancamper.com\/cs\/#listItem","name":"Home"}},{"@type":"ListItem","@id":"https:\/\/oceancamper.com\/cs\/paddleboarding-algarve-nejlepsi-mista-pro-sup-jeskyne-jezer\/#listItem","position":3,"name":"Paddleboarding na Algarve: Nejlep\u0161\u00ed m\u00edsta pro SUP","previousItem":{"@type":"ListItem","@id":"https:\/\/oceancamper.com\/cs\/category\/upozorneni\/#listItem","name":"upozorn\u011bn\u00ed"}}]},{"@type":"Organization","@id":"https:\/\/oceancamper.com\/cs\/#organization","name":"Ocean Camper","description":"Ocean Camper provides affordable campervan rental in Portugal with fully equipped campervans for up to three people, available in Faro and Lisbon for flexible road trips.","url":"https:\/\/oceancamper.com\/cs\/","email":"info@oceancamper.com","telephone":"+351920301044","foundingDate":"2017-04-19","numberOfEmployees":{"@type":"QuantitativeValue","minValue":0,"maxValue":10},"logo":{"@type":"ImageObject","url":"https:\/\/oceancamper.com\/wp-content\/uploads\/2022\/01\/Asset-5.png","@id":"https:\/\/oceancamper.com\/cs\/pronajem-campervanu-na-algarve\/#organizationLogo","width":662,"height":291,"caption":"Ocean Camper logo"},"image":{"@id":"https:\/\/oceancamper.com\/cs\/pronajem-campervanu-na-algarve\/#organizationLogo"},"sameAs":["https:\/\/www.facebook.com\/oceancamper\/","https:\/\/x.com\/Ocean_Camper","https:\/\/www.instagram.com\/oceancamper.vans\/","https:\/\/www.tiktok.com\/@oceancamper.vans","https:\/\/www.youtube.com\/@oceancamper","https:\/\/www.linkedin.com\/company\/oceancamper\/","https:\/\/www.trustpilot.com\/review\/oceancamper.com"]},{"@type":"Person","@id":"https:\/\/oceancamper.com\/cs\/author\/nomadcanguru\/#author","url":"https:\/\/oceancamper.com\/cs\/author\/nomadcanguru\/","name":"nomadcanguru","image":{"@type":"ImageObject","@id":"https:\/\/oceancamper.com\/cs\/pronajem-campervanu-na-algarve\/#authorImage","url":"https:\/\/secure.gravatar.com\/avatar\/3a5092e8a35779f7501b5a8c315d77eae173c0705d8cfd512c06ce5460985e92?s=96&d=mm&r=g","width":96,"height":96,"caption":"nomadcanguru"}},{"@type":"WebPage","@id":"https:\/\/oceancamper.com\/cs\/pronajem-campervanu-na-algarve\/#webpage","url":"https:\/\/oceancamper.com\/cs\/pronajem-campervanu-na-algarve\/","name":"Cesta Campervanem po Algarve: trasy, zast\u00e1vky a tipy","description":"Jak napl\u00e1novat v\u00fdlet Campervanem po Algarve: pob\u0159e\u017en\u00ed trasa z Fara do Sagresu, kde se zastavit, pravidla pro p\u0159enocov\u00e1n\u00ed, n\u00e1klady a jak\u00e9 to vlastn\u011b je \u0159\u00eddit po t\u00e9to trase.","inLanguage":"cs-CZ","isPartOf":{"@id":"https:\/\/oceancamper.com\/cs\/#website"},"breadcrumb":{"@id":"https:\/\/oceancamper.com\/cs\/pronajem-campervanu-na-algarve\/#breadcrumblist"},"author":{"@id":"https:\/\/oceancamper.com\/cs\/author\/nomadcanguru\/#author"},"creator":{"@id":"https:\/\/oceancamper.com\/cs\/author\/nomadcanguru\/#author"},"image":{"@type":"ImageObject","url":"https:\/\/oceancamper.com\/wp-content\/uploads\/2025\/02\/IMG-20241111-WA0018.jpg","@id":"https:\/\/oceancamper.com\/cs\/pronajem-campervanu-na-algarve\/#mainImage","width":1600,"height":1200,"caption":"Prozkoumejte pob\u0159e\u017e\u00ed Algarve s Ocean Camper - cenov\u011b dostupn\u00fdm pron\u00e1jmem obytn\u00fdch voz\u016f pro nezapomenuteln\u00e1 dobrodru\u017estv\u00ed v Portugalsku."},"primaryImageOfPage":{"@id":"https:\/\/oceancamper.com\/cs\/pronajem-campervanu-na-algarve\/#mainImage"},"datePublished":"2025-02-14T15:30:55+00:00","dateModified":"2026-09-01T16:51:19+00:00"},{"@type":"WebSite","@id":"https:\/\/oceancamper.com\/cs\/#website","url":"https:\/\/oceancamper.com\/cs\/","name":"Ocean Camper","alternateName":"Ocean Camper Portugal","description":"Campervan Rental in Faro, Portugal","inLanguage":"cs-CZ","publisher":{"@id":"https:\/\/oceancamper.com\/cs\/#organization"}}]},"og:locale":"cs_CZ","og:site_name":"Ocean Camper - Campervan Rental in Faro, Portugal","og:type":"article","og:title":"Cesta Campervanem po Algarve: trasy, zast\u00e1vky a tipy","og:description":"Jak napl\u00e1novat v\u00fdlet Campervanem po Algarve: pob\u0159e\u017en\u00ed trasa z Fara do Sagresu, kde se zastavit, pravidla pro p\u0159enocov\u00e1n\u00ed, n\u00e1klady a jak\u00e9 to vlastn\u011b je \u0159\u00eddit po t\u00e9to trase.","og:url":"https:\/\/oceancamper.com\/cs\/pronajem-campervanu-na-algarve\/","og:image":"https:\/\/oceancamper.com\/wp-content\/uploads\/2022\/01\/Asset-5.png","og:image:secure_url":"https:\/\/oceancamper.com\/wp-content\/uploads\/2022\/01\/Asset-5.png","og:image:width":662,"og:image:height":291,"article:published_time":"2025-02-14T15:30:55+00:00","article:modified_time":"2026-09-01T16:51:19+00:00","article:publisher":"https:\/\/www.facebook.com\/oceancamper\/","twitter:card":"summary","twitter:site":"@Ocean_Camper","twitter:title":"Cesta Campervanem po Algarve: trasy, zast\u00e1vky a tipy","twitter:description":"Jak napl\u00e1novat v\u00fdlet Campervanem po Algarve: pob\u0159e\u017en\u00ed trasa z Fara do Sagresu, kde se zastavit, pravidla pro p\u0159enocov\u00e1n\u00ed, n\u00e1klady a jak\u00e9 to vlastn\u011b je \u0159\u00eddit po t\u00e9to trase.","twitter:creator":"@Ocean_Camper","twitter:image":"https:\/\/oceancamper.com\/wp-content\/uploads\/2022\/01\/Asset-5.png"},"aioseo_meta_data":{"post_id":"162159","title":"Paddleboarding na Algarve: Nejlep\u0161\u00ed m\u00edsta pro SUP | Ocean Camper","description":"Paddleboarding na Algarve: prozkoumejte jeskyn\u011b, \u00fatesy a klidn\u00e1 jezera v Benagilu, Lagosu a Ria Formosa. P\u016fj\u010dte si SUP u spole\u010dnosti Ocean Camper ve Faru. ","keywords":null,"keyphrases":{"focus":{"keyphrase":"paddleboarding algarve","score":78,"analysis":{"keyphraseInTitle":{"score":9,"maxScore":9,"error":0},"keyphraseInDescription":{"score":9,"maxScore":9,"error":0},"keyphraseLength":{"score":9,"maxScore":9,"error":0,"length":2},"keyphraseInURL":{"score":5,"maxScore":5,"error":0},"keyphraseInIntroduction":{"score":9,"maxScore":9,"error":0},"keyphraseInSubHeadings":{"score":3,"maxScore":9,"error":1},"keyphraseInImageAlt":{"score":9,"maxScore":9,"error":0},"keywordDensity":{"score":0,"type":"low","maxScore":9,"error":1}}},"additional":[{"keyphrase":"sup algarve","score":53,"analysis":{"keyphraseInDescription":{"score":3,"maxScore":9,"error":1},"keyphraseLength":{"score":9,"maxScore":9,"error":0,"length":2},"keyphraseInIntroduction":{"score":3,"maxScore":9,"error":1},"keyphraseInImageAlt":{"score":9,"maxScore":9,"error":0},"keywordDensity":{"score":0,"type":"low","maxScore":9,"error":1}}},{"keyphrase":"paddleboarding portugal","score":53,"analysis":{"keyphraseInDescription":{"score":3,"maxScore":9,"error":1},"keyphraseLength":{"score":9,"maxScore":9,"error":0,"length":2},"keyphraseInIntroduction":{"score":3,"maxScore":9,"error":1},"keyphraseInImageAlt":{"score":9,"maxScore":9,"error":0},"keywordDensity":{"score":0,"type":"low","maxScore":9,"error":1}}},{"keyphrase":"benagil cave sup","score":53,"analysis":{"keyphraseInDescription":{"score":3,"maxScore":9,"error":1},"keyphraseLength":{"score":9,"maxScore":9,"error":0,"length":3},"keyphraseInIntroduction":{"score":3,"maxScore":9,"error":1},"keyphraseInImageAlt":{"score":9,"maxScore":9,"error":0},"keywordDensity":{"score":0,"type":"low","maxScore":9,"error":1}}},{"keyphrase":"algarve sup rental","score":53,"analysis":{"keyphraseInDescription":{"score":3,"maxScore":9,"error":1},"keyphraseLength":{"score":9,"maxScore":9,"error":0,"length":3},"keyphraseInIntroduction":{"score":3,"maxScore":9,"error":1},"keyphraseInImageAlt":{"score":9,"maxScore":9,"error":0},"keywordDensity":{"score":0,"type":"low","maxScore":9,"error":1}}},{"keyphrase":"faro paddleboard rental","score":53,"analysis":{"keyphraseInDescription":{"score":3,"maxScore":9,"error":1},"keyphraseLength":{"score":9,"maxScore":9,"error":0,"length":3},"keyphraseInIntroduction":{"score":3,"maxScore":9,"error":1},"keyphraseInImageAlt":{"score":9,"maxScore":9,"error":0},"keywordDensity":{"score":0,"type":"low","maxScore":9,"error":1}}},{"keyphrase":"algarve lakes paddleboarding","score":53,"analysis":{"keyphraseInDescription":{"score":3,"maxScore":9,"error":1},"keyphraseLength":{"score":9,"maxScore":9,"error":0,"length":3},"keyphraseInIntroduction":{"score":3,"maxScore":9,"error":1},"keyphraseInImageAlt":{"score":9,"maxScore":9,"error":0},"keywordDensity":{"score":0,"type":"low","maxScore":9,"error":1}}},{"keyphrase":"paddleboard tours algarve","score":53,"analysis":{"keyphraseInDescription":{"score":3,"maxScore":9,"error":1},"keyphraseLength":{"score":9,"maxScore":9,"error":0,"length":3},"keyphraseInIntroduction":{"score":3,"maxScore":9,"error":1},"keyphraseInImageAlt":{"score":9,"maxScore":9,"error":0},"keywordDensity":{"score":0,"type":"low","maxScore":9,"error":1}}}]},"primary_term":null,"canonical_url":null,"og_title":null,"og_description":null,"og_object_type":"default","og_image_type":"default","og_image_url":null,"og_image_width":null,"og_image_height":null,"og_image_custom_url":null,"og_image_custom_fields":null,"og_video":"","og_custom_url":null,"og_article_section":null,"og_article_tags":null,"twitter_use_og":false,"twitter_card":"default","twitter_image_type":"default","twitter_image_url":null,"twitter_image_custom_url":null,"twitter_image_custom_fields":null,"twitter_title":null,"twitter_description":null,"schema":{"blockGraphs":[],"customGraphs":[],"default":{"data":{"Article":{"id":"aioseo-article-6394f62b26064","slug":"article","graphName":"Article","label":"Article","properties":{"type":"BlogPosting","name":"#post_title","headline":"#post_title","description":"#post_excerpt","image":"","keywords":"","author":{"name":"#author_name","url":"#author_url"},"dates":{"include":true,"datePublished":"","dateModified":""}}},"Course":[],"Dataset":[],"FAQPage":[],"Movie":[],"Person":[],"Product":[],"ProductReview":[],"Car":[],"Recipe":[],"Service":[],"SoftwareApplication":[],"WebPage":[]},"graphName":"BlogPosting","isEnabled":true},"graphs":[]},"schema_type":"default","schema_type_options":"{\"article\":{\"articleType\":\"BlogPosting\"},\"course\":{\"name\":\"\",\"description\":\"\",\"provider\":\"\"},\"faq\":{\"pages\":[]},\"product\":{\"reviews\":[]},\"recipe\":{\"ingredients\":[],\"instructions\":[],\"keywords\":[]},\"software\":{\"reviews\":[],\"operatingSystems\":[]},\"webPage\":{\"webPageType\":\"WebPage\"}}","pillar_content":false,"robots_default":true,"robots_noindex":false,"robots_noarchive":false,"robots_nosnippet":false,"robots_nofollow":false,"robots_noimageindex":false,"robots_noodp":false,"robots_notranslate":false,"robots_max_snippet":"-1","robots_max_videopreview":"-1","robots_max_imagepreview":"large","priority":null,"frequency":"default","local_seo":null,"seo_analyzer_scan_date":"2025-12-13 10:44:28","breadcrumb_settings":null,"limit_modified_date":false,"open_ai":null,"ai":{"faqs":[],"keyPoints":[],"titles":[],"descriptions":[],"socialPosts":{"email":[],"linkedin":[],"twitter":[],"facebook":[],"instagram":[]}},"created":"2025-03-14 10:03:05","updated":"2026-09-01 22:31:51"},"aioseo_breadcrumb":"<div class=\"aioseo-breadcrumbs\"><span class=\"aioseo-breadcrumb\">\n\t\t\t<a href=\"https:\/\/oceancamper.com\/cs\/\" title=\"Home\">Home<\/a>\n\t\t<\/span><span class=\"aioseo-breadcrumb-separator\">\u00bb<\/span><span class=\"aioseo-breadcrumb\">\n\t\t\t<a href=\"https:\/\/oceancamper.com\/cs\/category\/upozorneni\/\" title=\"upozorn\u011bn\u00ed\">upozorn\u011bn\u00ed<\/a>\n\t\t<\/span><span class=\"aioseo-breadcrumb-separator\">\u00bb<\/span><span class=\"aioseo-breadcrumb\">\n\t\t\tPaddleboarding na Algarve: Nejlep\u0161\u00ed m\u00edsta pro SUP\n\t\t<\/span><\/div>","aioseo_breadcrumb_json":[{"label":"Home","link":"https:\/\/oceancamper.com\/cs\/"},{"label":"upozorn\u011bn\u00ed","link":"https:\/\/oceancamper.com\/cs\/category\/upozorneni\/"},{"label":"Paddleboarding na Algarve: Nejlep\u0161\u00ed m\u00edsta pro SUP","link":"https:\/\/oceancamper.com\/cs\/paddleboarding-algarve-nejlepsi-mista-pro-sup-jeskyne-jezer\/"}],"_links":{"self":[{"href":"https:\/\/oceancamper.com\/cs\/wp-json\/wp\/v2\/posts\/162159","targetHints":{"allow":["GET"]}}],"collection":[{"href":"https:\/\/oceancamper.com\/cs\/wp-json\/wp\/v2\/posts"}],"about":[{"href":"https:\/\/oceancamper.com\/cs\/wp-json\/wp\/v2\/types\/post"}],"author":[{"embeddable":true,"href":"https:\/\/oceancamper.com\/cs\/wp-json\/wp\/v2\/users\/1"}],"replies":[{"embeddable":true,"href":"https:\/\/oceancamper.com\/cs\/wp-json\/wp\/v2\/comments?post=162159"}],"version-history":[{"count":14,"href":"https:\/\/oceancamper.com\/cs\/wp-json\/wp\/v2\/posts\/162159\/revisions"}],"predecessor-version":[{"id":275332,"href":"https:\/\/oceancamper.com\/cs\/wp-json\/wp\/v2\/posts\/162159\/revisions\/275332"}],"wp:featuredmedia":[{"embeddable":true,"href":"https:\/\/oceancamper.com\/cs\/wp-json\/wp\/v2\/media\/208146"}],"wp:attachment":[{"href":"https:\/\/oceancamper.com\/cs\/wp-json\/wp\/v2\/media?parent=162159"}],"wp:term":[{"taxonomy":"category","embeddable":true,"href":"https:\/\/oceancamper.com\/cs\/wp-json\/wp\/v2\/categories?post=162159"},{"taxonomy":"post_tag","embeddable":true,"href":"https:\/\/oceancamper.com\/cs\/wp-json\/wp\/v2\/tags?post=162159"}],"curies":[{"name":"wp","href":"https:\/\/api.w.org\/{rel}","templated":true}]}}